{"id":63534,"date":"2020-10-06T08:04:34","date_gmt":"2020-10-06T06:04:34","guid":{"rendered":"https:\/\/www.sonnenseite.com\/?p=63534"},"modified":"2020-10-06T08:04:34","modified_gmt":"2020-10-06T06:04:34","slug":"emissionsfreier-zugverkehr","status":"publish","type":"post","link":"https:\/\/www.sonnenseite.com\/de\/mobilitaet\/emissionsfreier-zugverkehr\/","title":{"rendered":"Emissionsfreier Zugverkehr"},"content":{"rendered":"\n<p>In den Niederlanden rollen bald Wasserstoffz\u00fcge<\/p>\n\n\n\n<p>In Deutschland gibt es sie schon, in den Niederlanden waren die letzten Tests erfolgreich: Der Wasserstoffzug ist eine nachhaltige und emissionsfreie Alternative zu den derzeit verkehrenden Dieselz\u00fcgen. Bald k\u00f6nnte er den Regelbetrieb aufnehmen.<\/p>\n\n\n\n<p>05.10.2020 \u2013 Im M\u00e4rz wurden auf der 65 Kilometer langen Strecke zwischen Groningen und Leeuwarden im Norden der Niederlande Tests mit einem Wasserstoffzug des franz\u00f6sischen TGV-Herstellers Alstom durchgef\u00fchrt. Bisher waren dort noch klimasch\u00e4dliche Dieselz\u00fcge unterwegs. Es wurde untersucht, ob Wasserstoffz\u00fcge eine vollst\u00e4ndige Alternative zu den herk\u00f6mmlichen Loks darstellen k\u00f6nnen.<\/p>\n\n\n\n<p>In der letzten Woche erschien nun der Bericht, der die <a href=\"https:\/\/www.alstom.com\/press-releases-news\/2020\/9\/trial-runs-alstoms-hydrogen-train-netherlands-deemed-officially\" target=\"_blank\" rel=\"noreferrer noopener\">Ergebnisse der Testphase<\/a> zusammenfasst. Insgesamt hat der Wasserstoffzug demnach alle Ziele erf\u00fcllt, damit er auch zuk\u00fcnftig den Regelbetrieb mit Fahrg\u00e4sten aufnehmen kann. Einerseits brauchte er eine Genehmigung durch die niederl\u00e4ndische NSA (National Safety Assessor), um auf dem Schienennetz unterwegs sein zu d\u00fcrfen. Andererseits sollte der Betrieb vollst\u00e4ndig emissionsfrei ablaufen und optimal auf den kommerziellen Fahrgasteinsatz abgestimmt sein. Wichtig war auch die M\u00f6glichkeit einer schnellen und einfachen Betankung mit Wasserstoff.<\/p>\n\n\n\n<p>Getestet wurde der Wasserstoffzug vom Hersteller Alstom zusammen mit dem Betreiber Arriva in der Provinz Groningen, dem niederl\u00e4ndischen Eisenbahninfrastrukturmanager ProRail und dem Energieunternehmen Engie. Das unabh\u00e4ngiges Pr\u00fcf-, Inspektions- und Zertifizierungsunternehmen DEKRA hat dabei als Testleiter fungiert.<\/p>\n\n\n\n<h5 class=\"wp-block-heading\">Erster Wasserstoffzug rollt seit zwei Jahren durch Deutschland<\/h5>\n\n\n\n<p>In Deutschland rollen bereits <a href=\"https:\/\/www.energiezukunft.eu\/mobilitaet\/wasserstoffzuege-rollen-jetzt-durch-deutschland\/\" target=\"_blank\" rel=\"noreferrer noopener\">seit \u00fcber zwei Jahren zwei mit Wasserstoff betriebene Z\u00fcge der Marke Alstom<\/a> durch Niedersachsen. Auf der rund 100 Kilometer langen Strecke zwischen den St\u00e4dten Cuxhaven, Bremerhaven, Bremerv\u00f6rde und Buxtehude fuhren vorher ebenfalls Dieselz\u00fcge. Die Inbetriebnahme galt damals als Startschuss f\u00fcr den kommerziellen Betrieb von Wasserstoffz\u00fcgen in Europa.<\/p>\n\n\n\n<p>Auf dem Dach des blauen \u201eCoradia iLint\u201c befindet sich sowohl ein&nbsp;Wasserstofftank als auch eine Brennstoffzelle, die den Wasserstoff direkt in elektrische Energie umwandelt. Der Zug schafft immerhin eine H\u00f6chstgeschwindigkeit von 140 Stundenkilometern, ist also vergleichbar mit einem Dieselzug. Mit einer Tankf\u00fcllung kommt der Wasserstoffzug rund 1.000 Kilometer weit.<\/p>\n\n\n\n<p>\u201eNach Deutschland sind die Niederlande das zweite Land in Europa, in dem sich der Wasserstoffzug von Alstom als einzigartige emissionsfreie L\u00f6sung f\u00fcr nicht elektrifizierte Strecken bew\u00e4hrt hat\u201c, sagt Bernard Belvaux, Managing Director von Alstom Benelux. Die Tests h\u00e4tten gezeigt, dass der Zug hinsichtlich Verf\u00fcgbarkeit und Zuverl\u00e4ssigkeit marktreif ist, \u201edie gleiche Leistung wie Dieselz\u00fcge bietet und den Vorteil geringer L\u00e4rmbelastung und null Emissionen hat.\u201c Damit unterst\u00fctze der Wasserstoffzug \u201eCoradia iLint\u201c den \u00dcbergang zu einem nachhaltigen Verkehrssystemen.<\/p>\n\n\n\n<h5 class=\"wp-block-heading\">Positive Bilanz nach Testbetrieb<\/h5>\n\n\n\n<p>Beim Testbetrieb in den Niederlanden hat der Zug alle Erwartungen f\u00fcr den kommerziellen Betrieb erf\u00fcllt, sowohl f\u00fcr den Aushangfahrplan als auch den Expressfahrplan. Zudem verliefen alle weiteren Tests positiv: Wasserstoffverbrauch, Infrastruktur-Kompatibilit\u00e4t, Beschleunigung, Bremsen, Andocken, H\u00f6chstgeschwindigkeit, Leistung der Hilfsbetriebe \u2013 bei allen Operationen gab es keinerlei Probleme.<\/p>\n\n\n\n<p>Auch empfanden die niederl\u00e4ndischen Lokf\u00fchrer das Verhalten des Zuges als sehr komfortabel, geschmeidig und leicht zu fahren, wie aus dem <a href=\"https:\/\/www.alstom.com\/sites\/alstom.com\/files\/2020\/09\/30\/Rapport%20Waterstoftrein%20Groningen_EN.pdf\" target=\"_blank\" rel=\"noreferrer noopener\">Abschlussbericht<\/a> von Alstom hervorgeht. Die Betankung mit gr\u00fcnem Wasserstoff verlief zudem schneller als erwartet und konnte sicher durchgef\u00fchrt werden. Dar\u00fcber hinaus ist der emissionsfreie Wasserstoffzug viel leiser als die Dieselz\u00fcge, die derzeit noch auf der Strecke unterwegs sind, was ein bedeutender Vorteil f\u00fcr die Fahrg\u00e4ste und die Anwohner an der Strecke ist.<\/p>\n\n\n<h5 class=\"green\">Quelle<\/h5>\r\n\n\n\n<p>Der Bericht wurde von der\u00a0<a href=\"https:\/\/www.energiezukunft.eu\/mobilitaet\/in-den-niederlanden-rollen-bald-wasserstoffzuege\/\">Redaktion \u201cenergiezukunft\u201c (jk) 2020<\/a>\u00a0verfasst \u2013 der Artikel darf\u00a0<a href=\"mailto:portal@energiezukunft.eu\" target=\"_blank\" rel=\"noreferrer noopener\">nicht ohne Genehmigung<\/a>\u00a0weiterverbreitet werden!\u00a0|\u00a0<strong>energiezukunft<\/strong>\u00a0| Heft 28 \/ 2019 | &#8222;Urbane Energiewende&#8220;\u00a0|\u00a0 <a href=\"https:\/\/www.energiezukunft.eu\/service\/magazine\/\">Jetzt lesen<\/a>\u00a0|\u00a0<a href=\"https:\/\/www.energiezukunft.eu\/fileadmin\/user_upload\/Magazin-PDFs\/energiezukunft\/energiezukunft_2020-28.pdf\">Download<\/a><\/p>\n<div class=\"shariff shariff-align-flex-start shariff-widget-align-flex-start\"><div class=\"ShariffHeadline\">Diese Meldung teilen<\/div><ul class=\"shariff-buttons theme-round orientation-horizontal buttonsize-medium\"><li class=\"shariff-button facebook shariff-nocustomcolor\" style=\"background-color:#4273c8;border-radius:1%\"><a href=\"https:\/\/www.facebook.com\/sharer\/sharer.php?u=https%3A%2F%2Fwww.sonnenseite.com%2Fde%2Fmobilitaet%2Femissionsfreier-zugverkehr%2F\" title=\"Bei Facebook teilen\" aria-label=\"Bei Facebook teilen\" role=\"button\" rel=\"nofollow\" class=\"shariff-link\" style=\";border-radius:1%; background-color:#3b5998; color:#fff\" target=\"_blank\"><span class=\"shariff-icon\" style=\"\"><svg width=\"32px\" height=\"20px\" xmlns=\"http:\/\/www.w3.org\/2000\/svg\" viewBox=\"0 0 18 32\"><path fill=\"#3b5998\" d=\"M17.1 0.2v4.7h-2.8q-1.5 0-2.1 0.6t-0.5 1.9v3.4h5.2l-0.7 5.3h-4.5v13.6h-5.5v-13.6h-4.5v-5.3h4.5v-3.9q0-3.3 1.9-5.2t5-1.8q2.6 0 4.1 0.2z\"\/><\/svg><\/span><\/a><\/li><li class=\"shariff-button twitter shariff-nocustomcolor\" style=\"background-color:#595959;border-radius:1%\"><a href=\"https:\/\/twitter.com\/share?url=https%3A%2F%2Fwww.sonnenseite.com%2Fde%2Fmobilitaet%2Femissionsfreier-zugverkehr%2F&text=Emissionsfreier%20Zugverkehr\" title=\"Bei X teilen\" aria-label=\"Bei X teilen\" role=\"button\" rel=\"noopener nofollow\" class=\"shariff-link\" style=\";border-radius:1%; background-color:#000; color:#fff\" target=\"_blank\"><span class=\"shariff-icon\" style=\"\"><svg width=\"32px\" height=\"20px\" xmlns=\"http:\/\/www.w3.org\/2000\/svg\" viewBox=\"0 0 24 24\"><path fill=\"#000\" d=\"M14.258 10.152L23.176 0h-2.113l-7.747 8.813L7.133 0H0l9.352 13.328L0 23.973h2.113l8.176-9.309 6.531 9.309h7.133zm-2.895 3.293l-.949-1.328L2.875 1.56h3.246l6.086 8.523.945 1.328 7.91 11.078h-3.246zm0 0\"\/><\/svg><\/span><\/a><\/li><li class=\"shariff-button xing shariff-nocustomcolor\" style=\"background-color:#29888a;border-radius:1%\"><a href=\"https:\/\/www.xing.com\/spi\/shares\/new?url=https%3A%2F%2Fwww.sonnenseite.com%2Fde%2Fmobilitaet%2Femissionsfreier-zugverkehr%2F\" title=\"Bei XING teilen\" aria-label=\"Bei XING teilen\" role=\"button\" rel=\"noopener nofollow\" class=\"shariff-link\" style=\";border-radius:1%; background-color:#126567; color:#fff\" target=\"_blank\"><span class=\"shariff-icon\" style=\"\"><svg width=\"32px\" height=\"20px\" xmlns=\"http:\/\/www.w3.org\/2000\/svg\" viewBox=\"0 0 25 32\"><path fill=\"#126567\" d=\"M10.7 11.9q-0.2 0.3-4.6 8.2-0.5 0.8-1.2 0.8h-4.3q-0.4 0-0.5-0.3t0-0.6l4.5-8q0 0 0 0l-2.9-5q-0.2-0.4 0-0.7 0.2-0.3 0.5-0.3h4.3q0.7 0 1.2 0.8zM25.1 0.4q0.2 0.3 0 0.7l-9.4 16.7 6 11q0.2 0.4 0 0.6-0.2 0.3-0.6 0.3h-4.3q-0.7 0-1.2-0.8l-6-11.1q0.3-0.6 9.5-16.8 0.4-0.8 1.2-0.8h4.3q0.4 0 0.5 0.3z\"\/><\/svg><\/span><\/a><\/li><li class=\"shariff-button linkedin shariff-nocustomcolor\" style=\"background-color:#1488bf;border-radius:1%\"><a href=\"https:\/\/www.linkedin.com\/sharing\/share-offsite\/?url=https%3A%2F%2Fwww.sonnenseite.com%2Fde%2Fmobilitaet%2Femissionsfreier-zugverkehr%2F\" title=\"Bei LinkedIn teilen\" aria-label=\"Bei LinkedIn teilen\" role=\"button\" rel=\"noopener nofollow\" class=\"shariff-link\" style=\";border-radius:1%; background-color:#0077b5; color:#fff\" target=\"_blank\"><span class=\"shariff-icon\" style=\"\"><svg width=\"32px\" height=\"20px\" xmlns=\"http:\/\/www.w3.org\/2000\/svg\" viewBox=\"0 0 27 32\"><path fill=\"#0077b5\" d=\"M6.2 11.2v17.7h-5.9v-17.7h5.9zM6.6 5.7q0 1.3-0.9 2.2t-2.4 0.9h0q-1.5 0-2.4-0.9t-0.9-2.2 0.9-2.2 2.4-0.9 2.4 0.9 0.9 2.2zM27.4 18.7v10.1h-5.9v-9.5q0-1.9-0.7-2.9t-2.3-1.1q-1.1 0-1.9 0.6t-1.2 1.5q-0.2 0.5-0.2 1.4v9.9h-5.9q0-7.1 0-11.6t0-5.3l0-0.9h5.9v2.6h0q0.4-0.6 0.7-1t1-0.9 1.6-0.8 2-0.3q3 0 4.9 2t1.9 6z\"\/><\/svg><\/span><\/a><\/li><li class=\"shariff-button printer shariff-nocustomcolor\" style=\"background-color:#a8a8a8;border-radius:1%\"><a href=\"javascript:window.print()\" title=\"drucken\" aria-label=\"drucken\" role=\"button\" rel=\"noopener nofollow\" class=\"shariff-link\" style=\";border-radius:1%; background-color:#999; color:#fff\"><span class=\"shariff-icon\" style=\"\"><svg width=\"32px\" height=\"20px\" xmlns=\"http:\/\/www.w3.org\/2000\/svg\" viewBox=\"0 0 30 32\"><path fill=\"#999\" d=\"M6.8 27.4h16v-4.6h-16v4.6zM6.8 16h16v-6.8h-2.8q-0.7 0-1.2-0.5t-0.5-1.2v-2.8h-11.4v11.4zM27.4 17.2q0-0.5-0.3-0.8t-0.8-0.4-0.8 0.4-0.3 0.8 0.3 0.8 0.8 0.3 0.8-0.3 0.3-0.8zM29.7 17.2v7.4q0 0.2-0.2 0.4t-0.4 0.2h-4v2.8q0 0.7-0.5 1.2t-1.2 0.5h-17.2q-0.7 0-1.2-0.5t-0.5-1.2v-2.8h-4q-0.2 0-0.4-0.2t-0.2-0.4v-7.4q0-1.4 1-2.4t2.4-1h1.2v-9.7q0-0.7 0.5-1.2t1.2-0.5h12q0.7 0 1.6 0.4t1.3 0.8l2.7 2.7q0.5 0.5 0.9 1.4t0.4 1.6v4.6h1.1q1.4 0 2.4 1t1 2.4z\"\/><\/svg><\/span><\/a><\/li><li class=\"shariff-button mailto shariff-nocustomcolor\" style=\"background-color:#a8a8a8;border-radius:1%\"><a href=\"mailto:?body=https%3A%2F%2Fwww.sonnenseite.com%2Fde%2Fmobilitaet%2Femissionsfreier-zugverkehr%2F&subject=Emissionsfreier%20Zugverkehr\" title=\"Per E-Mail versenden\" aria-label=\"Per E-Mail versenden\" role=\"button\" rel=\"noopener nofollow\" class=\"shariff-link\" style=\";border-radius:1%; background-color:#999; color:#fff\"><span class=\"shariff-icon\" style=\"\"><svg width=\"32px\" height=\"20px\" xmlns=\"http:\/\/www.w3.org\/2000\/svg\" viewBox=\"0 0 32 32\"><path fill=\"#999\" d=\"M32 12.7v14.2q0 1.2-0.8 2t-2 0.9h-26.3q-1.2 0-2-0.9t-0.8-2v-14.2q0.8 0.9 1.8 1.6 6.5 4.4 8.9 6.1 1 0.8 1.6 1.2t1.7 0.9 2 0.4h0.1q0.9 0 2-0.4t1.7-0.9 1.6-1.2q3-2.2 8.9-6.1 1-0.7 1.8-1.6zM32 7.4q0 1.4-0.9 2.7t-2.2 2.2q-6.7 4.7-8.4 5.8-0.2 0.1-0.7 0.5t-1 0.7-0.9 0.6-1.1 0.5-0.9 0.2h-0.1q-0.4 0-0.9-0.2t-1.1-0.5-0.9-0.6-1-0.7-0.7-0.5q-1.6-1.1-4.7-3.2t-3.6-2.6q-1.1-0.7-2.1-2t-1-2.5q0-1.4 0.7-2.3t2.1-0.9h26.3q1.2 0 2 0.8t0.9 2z\"\/><\/svg><\/span><\/a><\/li><\/ul><\/div>","protected":false},"excerpt":{"rendered":"<p>In den Niederlanden rollen bald Wasserstoffz\u00fcge In Deutschland gibt es sie schon, in den Niederlanden waren [&hellip;]<\/p>\n","protected":false},"author":3,"featured_media":63536,"comment_status":"closed","ping_status":"closed","sticky":false,"template":"","format":"standard","meta":{"inline_featured_image":false,"footnotes":""},"categories":[25],"tags":[],"class_list":["post-63534","post","type-post","status-publish","format-standard","has-post-thumbnail","hentry","category-mobilitaet"],"yoast_head":"<!-- This site is optimized with the Yoast SEO plugin v26.5 - https:\/\/yoast.com\/wordpress\/plugins\/seo\/ -->\n<title>Emissionsfreier Zugverkehr - Sonnenseite - \u00d6kologische Kommunikation mit Franz Alt<\/title>\n<meta name=\"description\" content=\"In den Niederlanden rollen bald Wasserstoffz\u00fcge In Deutschland gibt es sie schon, in den Niederlanden waren die letzten Tests erfolgreich: Der\" \/>\n<meta name=\"robots\" content=\"index, follow, max-snippet:-1, max-image-preview:large, max-video-preview:-1\" \/>\n<link rel=\"canonical\" href=\"https:\/\/www.sonnenseite.com\/de\/mobilitaet\/emissionsfreier-zugverkehr\/\" \/>\n<meta property=\"og:locale\" content=\"de_DE\" \/>\n<meta property=\"og:type\" content=\"article\" \/>\n<meta property=\"og:title\" content=\"Emissionsfreier Zugverkehr - Sonnenseite - \u00d6kologische Kommunikation mit Franz Alt\" \/>\n<meta property=\"og:description\" content=\"In den Niederlanden rollen bald Wasserstoffz\u00fcge In Deutschland gibt es sie schon, in den Niederlanden waren die letzten Tests erfolgreich: Der\" \/>\n<meta property=\"og:url\" content=\"https:\/\/www.sonnenseite.com\/de\/mobilitaet\/emissionsfreier-zugverkehr\/\" \/>\n<meta property=\"og:site_name\" content=\"Sonnenseite\" \/>\n<meta property=\"article:publisher\" content=\"https:\/\/www.facebook.com\/pages\/Franz-Alt-SONNENSEITECOM\/221072987903953?fref=ts\" \/>\n<meta property=\"article:published_time\" content=\"2020-10-06T06:04:34+00:00\" \/>\n<meta property=\"og:image\" content=\"https:\/\/www.sonnenseite.com\/wp-content\/uploads\/2020\/10\/ProRail_Stefan-Verkerk_WasserstoffzugNiederland.jpg\" \/>\n\t<meta property=\"og:image:width\" content=\"770\" \/>\n\t<meta property=\"og:image:height\" content=\"420\" \/>\n\t<meta property=\"og:image:type\" content=\"image\/jpeg\" \/>\n<meta name=\"author\" content=\"Bigi Alt\" \/>\n<meta name=\"twitter:card\" content=\"summary_large_image\" \/>\n<meta name=\"twitter:creator\" content=\"@franzalt\" \/>\n<meta name=\"twitter:site\" content=\"@franzalt\" \/>\n<meta name=\"twitter:label1\" content=\"Verfasst von\" \/>\n\t<meta name=\"twitter:data1\" content=\"Bigi Alt\" \/>\n\t<meta name=\"twitter:label2\" content=\"Gesch\u00e4tzte Lesezeit\" \/>\n\t<meta name=\"twitter:data2\" content=\"3\u00a0Minuten\" \/>\n<script type=\"application\/ld+json\" class=\"yoast-schema-graph\">{\"@context\":\"https:\/\/schema.org\",\"@graph\":[{\"@type\":\"Article\",\"@id\":\"https:\/\/www.sonnenseite.com\/de\/mobilitaet\/emissionsfreier-zugverkehr\/#article\",\"isPartOf\":{\"@id\":\"https:\/\/www.sonnenseite.com\/de\/mobilitaet\/emissionsfreier-zugverkehr\/\"},\"author\":{\"name\":\"Bigi Alt\",\"@id\":\"https:\/\/www.sonnenseite.com\/de\/#\/schema\/person\/50fda0e926597684c7cc6695238a4eb9\"},\"headline\":\"Emissionsfreier Zugverkehr\",\"datePublished\":\"2020-10-06T06:04:34+00:00\",\"mainEntityOfPage\":{\"@id\":\"https:\/\/www.sonnenseite.com\/de\/mobilitaet\/emissionsfreier-zugverkehr\/\"},\"wordCount\":580,\"publisher\":{\"@id\":\"https:\/\/www.sonnenseite.com\/de\/#organization\"},\"image\":{\"@id\":\"https:\/\/www.sonnenseite.com\/de\/mobilitaet\/emissionsfreier-zugverkehr\/#primaryimage\"},\"thumbnailUrl\":\"https:\/\/www.sonnenseite.com\/wp-content\/uploads\/2020\/10\/ProRail_Stefan-Verkerk_WasserstoffzugNiederland.jpg\",\"articleSection\":[\"Mobilit\u00e4t\"],\"inLanguage\":\"de\"},{\"@type\":\"WebPage\",\"@id\":\"https:\/\/www.sonnenseite.com\/de\/mobilitaet\/emissionsfreier-zugverkehr\/\",\"url\":\"https:\/\/www.sonnenseite.com\/de\/mobilitaet\/emissionsfreier-zugverkehr\/\",\"name\":\"Emissionsfreier Zugverkehr - Sonnenseite - \u00d6kologische Kommunikation mit Franz Alt\",\"isPartOf\":{\"@id\":\"https:\/\/www.sonnenseite.com\/de\/#website\"},\"primaryImageOfPage\":{\"@id\":\"https:\/\/www.sonnenseite.com\/de\/mobilitaet\/emissionsfreier-zugverkehr\/#primaryimage\"},\"image\":{\"@id\":\"https:\/\/www.sonnenseite.com\/de\/mobilitaet\/emissionsfreier-zugverkehr\/#primaryimage\"},\"thumbnailUrl\":\"https:\/\/www.sonnenseite.com\/wp-content\/uploads\/2020\/10\/ProRail_Stefan-Verkerk_WasserstoffzugNiederland.jpg\",\"datePublished\":\"2020-10-06T06:04:34+00:00\",\"description\":\"In den Niederlanden rollen bald Wasserstoffz\u00fcge In Deutschland gibt es sie schon, in den Niederlanden waren die letzten Tests erfolgreich: Der\",\"breadcrumb\":{\"@id\":\"https:\/\/www.sonnenseite.com\/de\/mobilitaet\/emissionsfreier-zugverkehr\/#breadcrumb\"},\"inLanguage\":\"de\",\"potentialAction\":[{\"@type\":\"ReadAction\",\"target\":[\"https:\/\/www.sonnenseite.com\/de\/mobilitaet\/emissionsfreier-zugverkehr\/\"]}]},{\"@type\":\"ImageObject\",\"inLanguage\":\"de\",\"@id\":\"https:\/\/www.sonnenseite.com\/de\/mobilitaet\/emissionsfreier-zugverkehr\/#primaryimage\",\"url\":\"https:\/\/www.sonnenseite.com\/wp-content\/uploads\/2020\/10\/ProRail_Stefan-Verkerk_WasserstoffzugNiederland.jpg\",\"contentUrl\":\"https:\/\/www.sonnenseite.com\/wp-content\/uploads\/2020\/10\/ProRail_Stefan-Verkerk_WasserstoffzugNiederland.jpg\",\"width\":770,\"height\":420,\"caption\":\"ProRail | Stefan Verkerk | Der Wasserstoffzug Coradia iLint vom Hersteller Alstom in den Niederlanden bei seinem Testbetrieb.\"},{\"@type\":\"BreadcrumbList\",\"@id\":\"https:\/\/www.sonnenseite.com\/de\/mobilitaet\/emissionsfreier-zugverkehr\/#breadcrumb\",\"itemListElement\":[{\"@type\":\"ListItem\",\"position\":1,\"name\":\"Startseite\",\"item\":\"https:\/\/www.sonnenseite.com\/de\/\"},{\"@type\":\"ListItem\",\"position\":2,\"name\":\"Emissionsfreier Zugverkehr\"}]},{\"@type\":\"WebSite\",\"@id\":\"https:\/\/www.sonnenseite.com\/de\/#website\",\"url\":\"https:\/\/www.sonnenseite.com\/de\/\",\"name\":\"Sonnenseite\",\"description\":\"\u00d6kologische Kommunikation mit Franz Alt\",\"publisher\":{\"@id\":\"https:\/\/www.sonnenseite.com\/de\/#organization\"},\"potentialAction\":[{\"@type\":\"SearchAction\",\"target\":{\"@type\":\"EntryPoint\",\"urlTemplate\":\"https:\/\/www.sonnenseite.com\/de\/?s={search_term_string}\"},\"query-input\":{\"@type\":\"PropertyValueSpecification\",\"valueRequired\":true,\"valueName\":\"search_term_string\"}}],\"inLanguage\":\"de\"},{\"@type\":\"Organization\",\"@id\":\"https:\/\/www.sonnenseite.com\/de\/#organization\",\"name\":\"Sonnenseite\",\"url\":\"https:\/\/www.sonnenseite.com\/de\/\",\"logo\":{\"@type\":\"ImageObject\",\"inLanguage\":\"de\",\"@id\":\"https:\/\/www.sonnenseite.com\/de\/#\/schema\/logo\/image\/\",\"url\":\"https:\/\/www.sonnenseite.com\/wp-content\/uploads\/2020\/05\/Sonnenseite_Logo.png\",\"contentUrl\":\"https:\/\/www.sonnenseite.com\/wp-content\/uploads\/2020\/05\/Sonnenseite_Logo.png\",\"width\":377,\"height\":90,\"caption\":\"Sonnenseite\"},\"image\":{\"@id\":\"https:\/\/www.sonnenseite.com\/de\/#\/schema\/logo\/image\/\"},\"sameAs\":[\"https:\/\/www.facebook.com\/pages\/Franz-Alt-SONNENSEITECOM\/221072987903953?fref=ts\",\"https:\/\/x.com\/franzalt\",\"http:\/\/www.youtube.com\/results?search_query&amp;amp;quot;franz_alt&amp;amp;quot;&amp;amp;amp;amp;search_type&amp;amp;amp;amp;aq=f\"]},{\"@type\":\"Person\",\"@id\":\"https:\/\/www.sonnenseite.com\/de\/#\/schema\/person\/50fda0e926597684c7cc6695238a4eb9\",\"name\":\"Bigi Alt\"}]}<\/script>\n<!-- \/ Yoast SEO plugin. -->","yoast_head_json":{"title":"Emissionsfreier Zugverkehr - Sonnenseite - \u00d6kologische Kommunikation mit Franz Alt","description":"In den Niederlanden rollen bald Wasserstoffz\u00fcge In Deutschland gibt es sie schon, in den Niederlanden waren die letzten Tests erfolgreich: Der","robots":{"index":"index","follow":"follow","max-snippet":"max-snippet:-1","max-image-preview":"max-image-preview:large","max-video-preview":"max-video-preview:-1"},"canonical":"https:\/\/www.sonnenseite.com\/de\/mobilitaet\/emissionsfreier-zugverkehr\/","og_locale":"de_DE","og_type":"article","og_title":"Emissionsfreier Zugverkehr - Sonnenseite - \u00d6kologische Kommunikation mit Franz Alt","og_description":"In den Niederlanden rollen bald Wasserstoffz\u00fcge In Deutschland gibt es sie schon, in den Niederlanden waren die letzten Tests erfolgreich: Der","og_url":"https:\/\/www.sonnenseite.com\/de\/mobilitaet\/emissionsfreier-zugverkehr\/","og_site_name":"Sonnenseite","article_publisher":"https:\/\/www.facebook.com\/pages\/Franz-Alt-SONNENSEITECOM\/221072987903953?fref=ts","article_published_time":"2020-10-06T06:04:34+00:00","og_image":[{"width":770,"height":420,"url":"https:\/\/www.sonnenseite.com\/wp-content\/uploads\/2020\/10\/ProRail_Stefan-Verkerk_WasserstoffzugNiederland.jpg","type":"image\/jpeg"}],"author":"Bigi Alt","twitter_card":"summary_large_image","twitter_creator":"@franzalt","twitter_site":"@franzalt","twitter_misc":{"Verfasst von":"Bigi Alt","Gesch\u00e4tzte Lesezeit":"3\u00a0Minuten"},"schema":{"@context":"https:\/\/schema.org","@graph":[{"@type":"Article","@id":"https:\/\/www.sonnenseite.com\/de\/mobilitaet\/emissionsfreier-zugverkehr\/#article","isPartOf":{"@id":"https:\/\/www.sonnenseite.com\/de\/mobilitaet\/emissionsfreier-zugverkehr\/"},"author":{"name":"Bigi Alt","@id":"https:\/\/www.sonnenseite.com\/de\/#\/schema\/person\/50fda0e926597684c7cc6695238a4eb9"},"headline":"Emissionsfreier Zugverkehr","datePublished":"2020-10-06T06:04:34+00:00","mainEntityOfPage":{"@id":"https:\/\/www.sonnenseite.com\/de\/mobilitaet\/emissionsfreier-zugverkehr\/"},"wordCount":580,"publisher":{"@id":"https:\/\/www.sonnenseite.com\/de\/#organization"},"image":{"@id":"https:\/\/www.sonnenseite.com\/de\/mobilitaet\/emissionsfreier-zugverkehr\/#primaryimage"},"thumbnailUrl":"https:\/\/www.sonnenseite.com\/wp-content\/uploads\/2020\/10\/ProRail_Stefan-Verkerk_WasserstoffzugNiederland.jpg","articleSection":["Mobilit\u00e4t"],"inLanguage":"de"},{"@type":"WebPage","@id":"https:\/\/www.sonnenseite.com\/de\/mobilitaet\/emissionsfreier-zugverkehr\/","url":"https:\/\/www.sonnenseite.com\/de\/mobilitaet\/emissionsfreier-zugverkehr\/","name":"Emissionsfreier Zugverkehr - Sonnenseite - \u00d6kologische Kommunikation mit Franz Alt","isPartOf":{"@id":"https:\/\/www.sonnenseite.com\/de\/#website"},"primaryImageOfPage":{"@id":"https:\/\/www.sonnenseite.com\/de\/mobilitaet\/emissionsfreier-zugverkehr\/#primaryimage"},"image":{"@id":"https:\/\/www.sonnenseite.com\/de\/mobilitaet\/emissionsfreier-zugverkehr\/#primaryimage"},"thumbnailUrl":"https:\/\/www.sonnenseite.com\/wp-content\/uploads\/2020\/10\/ProRail_Stefan-Verkerk_WasserstoffzugNiederland.jpg","datePublished":"2020-10-06T06:04:34+00:00","description":"In den Niederlanden rollen bald Wasserstoffz\u00fcge In Deutschland gibt es sie schon, in den Niederlanden waren die letzten Tests erfolgreich: Der","breadcrumb":{"@id":"https:\/\/www.sonnenseite.com\/de\/mobilitaet\/emissionsfreier-zugverkehr\/#breadcrumb"},"inLanguage":"de","potentialAction":[{"@type":"ReadAction","target":["https:\/\/www.sonnenseite.com\/de\/mobilitaet\/emissionsfreier-zugverkehr\/"]}]},{"@type":"ImageObject","inLanguage":"de","@id":"https:\/\/www.sonnenseite.com\/de\/mobilitaet\/emissionsfreier-zugverkehr\/#primaryimage","url":"https:\/\/www.sonnenseite.com\/wp-content\/uploads\/2020\/10\/ProRail_Stefan-Verkerk_WasserstoffzugNiederland.jpg","contentUrl":"https:\/\/www.sonnenseite.com\/wp-content\/uploads\/2020\/10\/ProRail_Stefan-Verkerk_WasserstoffzugNiederland.jpg","width":770,"height":420,"caption":"ProRail | Stefan Verkerk | Der Wasserstoffzug Coradia iLint vom Hersteller Alstom in den Niederlanden bei seinem Testbetrieb."},{"@type":"BreadcrumbList","@id":"https:\/\/www.sonnenseite.com\/de\/mobilitaet\/emissionsfreier-zugverkehr\/#breadcrumb","itemListElement":[{"@type":"ListItem","position":1,"name":"Startseite","item":"https:\/\/www.sonnenseite.com\/de\/"},{"@type":"ListItem","position":2,"name":"Emissionsfreier Zugverkehr"}]},{"@type":"WebSite","@id":"https:\/\/www.sonnenseite.com\/de\/#website","url":"https:\/\/www.sonnenseite.com\/de\/","name":"Sonnenseite","description":"\u00d6kologische Kommunikation mit Franz Alt","publisher":{"@id":"https:\/\/www.sonnenseite.com\/de\/#organization"},"potentialAction":[{"@type":"SearchAction","target":{"@type":"EntryPoint","urlTemplate":"https:\/\/www.sonnenseite.com\/de\/?s={search_term_string}"},"query-input":{"@type":"PropertyValueSpecification","valueRequired":true,"valueName":"search_term_string"}}],"inLanguage":"de"},{"@type":"Organization","@id":"https:\/\/www.sonnenseite.com\/de\/#organization","name":"Sonnenseite","url":"https:\/\/www.sonnenseite.com\/de\/","logo":{"@type":"ImageObject","inLanguage":"de","@id":"https:\/\/www.sonnenseite.com\/de\/#\/schema\/logo\/image\/","url":"https:\/\/www.sonnenseite.com\/wp-content\/uploads\/2020\/05\/Sonnenseite_Logo.png","contentUrl":"https:\/\/www.sonnenseite.com\/wp-content\/uploads\/2020\/05\/Sonnenseite_Logo.png","width":377,"height":90,"caption":"Sonnenseite"},"image":{"@id":"https:\/\/www.sonnenseite.com\/de\/#\/schema\/logo\/image\/"},"sameAs":["https:\/\/www.facebook.com\/pages\/Franz-Alt-SONNENSEITECOM\/221072987903953?fref=ts","https:\/\/x.com\/franzalt","http:\/\/www.youtube.com\/results?search_query&amp;amp;quot;franz_alt&amp;amp;quot;&amp;amp;amp;amp;search_type&amp;amp;amp;amp;aq=f"]},{"@type":"Person","@id":"https:\/\/www.sonnenseite.com\/de\/#\/schema\/person\/50fda0e926597684c7cc6695238a4eb9","name":"Bigi Alt"}]}},"_links":{"self":[{"href":"https:\/\/www.sonnenseite.com\/de\/wp-json\/wp\/v2\/posts\/63534","targetHints":{"allow":["GET"]}}],"collection":[{"href":"https:\/\/www.sonnenseite.com\/de\/wp-json\/wp\/v2\/posts"}],"about":[{"href":"https:\/\/www.sonnenseite.com\/de\/wp-json\/wp\/v2\/types\/post"}],"author":[{"embeddable":true,"href":"https:\/\/www.sonnenseite.com\/de\/wp-json\/wp\/v2\/users\/3"}],"replies":[{"embeddable":true,"href":"https:\/\/www.sonnenseite.com\/de\/wp-json\/wp\/v2\/comments?post=63534"}],"version-history":[{"count":1,"href":"https:\/\/www.sonnenseite.com\/de\/wp-json\/wp\/v2\/posts\/63534\/revisions"}],"predecessor-version":[{"id":63535,"href":"https:\/\/www.sonnenseite.com\/de\/wp-json\/wp\/v2\/posts\/63534\/revisions\/63535"}],"wp:featuredmedia":[{"embeddable":true,"href":"https:\/\/www.sonnenseite.com\/de\/wp-json\/wp\/v2\/media\/63536"}],"wp:attachment":[{"href":"https:\/\/www.sonnenseite.com\/de\/wp-json\/wp\/v2\/media?parent=63534"}],"wp:term":[{"taxonomy":"category","embeddable":true,"href":"https:\/\/www.sonnenseite.com\/de\/wp-json\/wp\/v2\/categories?post=63534"},{"taxonomy":"post_tag","embeddable":true,"href":"https:\/\/www.sonnenseite.com\/de\/wp-json\/wp\/v2\/tags?post=63534"}],"curies":[{"name":"wp","href":"https:\/\/api.w.org\/{rel}","templated":true}]}}