{"id":63933,"date":"2020-10-16T10:42:05","date_gmt":"2020-10-16T08:42:05","guid":{"rendered":"https:\/\/www.sonnenseite.com\/?p=63933"},"modified":"2020-10-31T08:28:48","modified_gmt":"2020-10-31T07:28:48","slug":"entfremdung-von-mensch-und-natur-zentraler-faktor-fuer-hunger-und-umweltkrisen","status":"publish","type":"post","link":"https:\/\/www.sonnenseite.com\/de\/zukunft\/entfremdung-von-mensch-und-natur-zentraler-faktor-fuer-hunger-und-umweltkrisen\/","title":{"rendered":"Entfremdung von Mensch und Natur: zentraler Faktor f\u00fcr Hunger- und Umweltkrisen"},"content":{"rendered":"\n<p>Brot f\u00fcr die Welt und FIAN legen Jahrbuch zum Recht auf Nahrung vor<\/p>\n\n\n\n<p>Weltern\u00e4hrung, Klimagerechtigkeit, Menschenrechte und der Schutz der Biodiversit\u00e4t geh\u00f6ren zusammen. Das evangelische Hilfswerk Brot f\u00fcr die Welt und die Menschenrechtsorganisation FIAN legen zum Weltern\u00e4hrungstag (16.10.) das \u201e<a href=\"https:\/\/www.righttofoodandnutrition.org\/files\/rtfn_watch12-2020_eng.pdf\" target=\"_blank\" rel=\"noreferrer noopener\">Jahrbuch zum Recht auf Nahrung<\/a>\u201c vor. Darin beleuchten sie die Ursachen von Umweltzerst\u00f6rung, Hunger und Ausbeutung und stellen Handlungsalternativen vor. Gleichzeitig fordern sie von der Bundesregierung, ihre Anstrengungen bei der Bek\u00e4mpfung von Hunger und Mangelern\u00e4hrung zu intensivieren.<\/p>\n\n\n\n<p>\u201eDie industrielle Landwirtschaft ist mit dem Versprechen angetreten, den Hunger zu besiegen. Doch die Zahl der Menschen, die an Hunger leiden, steigt seit f\u00fcnf Jahren kontinuierlich an \u2013 trotz stark wachsender Agrarproduktion\u201c, sagt Bernhard Walter, Agrarexperte bei Brot f\u00fcr die Welt. \u201eParallel dazu wird unsere Ern\u00e4hrung immer einseitiger. Nur drei Pflanzen \u2013 Mais, Reis und Weizen \u2013 sichern heute 60 Prozent der weltweiten pflanzlichen Kalorien und Proteine.\u201c Das neue Jahrbuch legt dar, wie dies zusammenh\u00e4ngt: die Zunahme des Hungers mit dem Klimawandel, mit dem Verlust der Biodiversit\u00e4t, mit der Verbreitung von Infektionskrankheiten wie Zoonosen \u2013 und dies wiederum mit der Verdr\u00e4ngung der b\u00e4uerlichen Landwirtschaft durch die industrielle Agrarproduktion.<\/p>\n\n\n\n<p><strong>Getrennte Regulierungssysteme f\u00fcr Mensch und Natur blockieren ganzheitliche L\u00f6sungsans\u00e4tze<\/strong><br>Ein gro\u00dfes Problem bei der Bew\u00e4ltigung der globalen Herausforderungen: Mensch und Natur werden immer weniger zusammen gedacht. Die Menschenrechtspakte schweigen sich weitgehend \u00fcber Umweltfragen aus, und die UN-Umweltabkommen zu Biodiversit\u00e4t und Klima \u00e4u\u00dfern sich nicht zu Menschenrechten. \u201eMit Blick auf die 2021 anstehenden UN-Konferenzen zu Ern\u00e4hrung, Biodiversit\u00e4t und Klima besteht die Chance, diese Kluft zu \u00fcberwinden. Die Bundesregierung muss sich an den Bed\u00fcrfnissen marginalisierter Bev\u00f6lkerungsgruppen in den L\u00e4ndern des S\u00fcdens orientieren und diese bei der Vorbereitung der Gipfel substantiell einbinden\u201c, so Philipp Mimkes, Gesch\u00e4ftsf\u00fchrer von FIAN Deutschland.<\/p>\n\n\n\n<p>\u201eWenn wir das Recht auf Nahrung umsetzen wollen und Ern\u00e4hrung ausgewogen gestalten wollen, m\u00fcssen wir die Ern\u00e4hrungssysteme in Richtung Agrar\u00f6kologie entwickeln. So erhalten wir die Vielfalt der Sorten, und die Landwirtschaft kann sich besser an die Folgen des Klimawandels anpassen\u201c, sagt Walter. \u201eHierf\u00fcr m\u00fcssen die Rechte von Bauern, indigenen V\u00f6lkern und all jenen Gemeinschaften, die sich um lokale \u00d6kosysteme k\u00fcmmern und mittels der Agrar\u00f6kologie nachhaltig Nahrungsmittel produzieren, im Mittelpunkt stehen\u201c, erg\u00e4nzt Mimkes.&nbsp; Kleinbauern und Indigene sind Vorreiter eines solchen Wandels, denn sie produzieren jetzt schon bis zu 80 Prozent der Lebensmittel im globalen S\u00fcden, obwohl sie nur \u00fcber 25 Prozent der Agrarfl\u00e4che verf\u00fcgen.<\/p>\n\n\n\n<p>Das Jahrbuch fordert eine grunds\u00e4tzliche Umgestaltung der Art und Weise, wie wir Lebensmittel produzieren, verteilen und konsumieren \u2013 aber auch, wie wir uns kollektiv gegen die Ausbeutung der Natur wehren. Notwendig ist eine viel engere Zusammenarbeit der Bewegungen f\u00fcr Klimagerechtigkeit, Ern\u00e4hrungssouver\u00e4nit\u00e4t und Menschenrechte.<\/p>\n\n\n\n<div class=\"wp-block-image\"><figure class=\"alignright size-large is-resized\"><img loading=\"lazy\" decoding=\"async\" src=\"https:\/\/www.sonnenseite.com\/wp-content\/uploads\/2020\/10\/FIAN_RightdoFoodandNutritionWatch.jpg\" alt=\"\" class=\"wp-image-63935\" width=\"292\" height=\"415\" srcset=\"https:\/\/www.sonnenseite.com\/wp-content\/uploads\/2020\/10\/FIAN_RightdoFoodandNutritionWatch.jpg 422w, https:\/\/www.sonnenseite.com\/wp-content\/uploads\/2020\/10\/FIAN_RightdoFoodandNutritionWatch-211x300.jpg 211w\" sizes=\"auto, (max-width: 292px) 100vw, 292px\" \/><figcaption>\u00a9 FIAN.de | righttofoodandnutrition.org<\/figcaption><\/figure><\/div>\n\n\n\n<p><em>Konkrete Forderungen, wie diese Umgestaltung aussehen kann, haben beide Organisation mit dem Papier<a href=\"https:\/\/www.brot-fuer-die-welt.de\/fileadmin\/mediapool\/downloads\/fachpublikationen\/sonstige\/Positionspapier_welternaehrung2030.pdf\" target=\"_blank\" rel=\"noreferrer noopener\"> \u201eWeltern\u00e4hrung 2030 \u2013 11 Schritte f\u00fcr eine Zukunft ohne Hunger\u201c<\/a> vorgelegt. Positionspapier_Weltern\u00e4hrung_2030<\/em><\/p>\n\n\n\n<h5 class=\"wp-block-heading\">Hintergrund<\/h5>\n\n\n\n<ul class=\"wp-block-list\"><li>23 % des globalen Aussto\u00dfes von Treibhausgasen sind auf die Landwirtschaft zur\u00fcckzuf\u00fchren.<\/li><li>Nach Angaben der UN k\u00f6nnte sich durch die COVID-Pandemie die Zahl der Menschen, die an Hunger leiden, von 690 Millionen in einem Jahr um 121 Millionen Menschen erh\u00f6hen.<\/li><li>Unsere Ern\u00e4hrung wird immer einseitiger und st\u00e4rker der industriellen Produktion angepasst: Nur drei Pflanzen \u2013 Mais, Reis und Weizen \u2013 bilden heute die Grundlage f\u00fcr 60% der pflanzlichen Kalorien und Proteine.<\/li><li>Nur noch 4 % der etwa 300.000 essbaren Pflanzen nutzt der Mensch tats\u00e4chlich f\u00fcr die Ern\u00e4hrung.<\/li><li>Kleinbauern und Kleinb\u00e4uerinnen bewirtschaften nur etwa 25% des Agrarlandes weltweit. Sie produzieren jedoch im Globalen S\u00fcden bis zu 80 % der Nahrungsmittel.<\/li><\/ul>\n\n\n<h5 class=\"green\">Quelle<\/h5>\r\n\n\n\n<p><a href=\"https:\/\/www.fian.de\/artikelansicht\/2020-10-15-entfremdung-von-mensch-und-natur-zentraler-faktor-fuer-hunger-und-umweltkrisen\/\">FIAN Deutschland 2020<\/a><\/p>\n<div class=\"shariff shariff-align-flex-start shariff-widget-align-flex-start\"><div class=\"ShariffHeadline\">Diese Meldung teilen<\/div><ul class=\"shariff-buttons theme-round orientation-horizontal buttonsize-medium\"><li class=\"shariff-button facebook shariff-nocustomcolor\" style=\"background-color:#4273c8;border-radius:1%\"><a href=\"https:\/\/www.facebook.com\/sharer\/sharer.php?u=https%3A%2F%2Fwww.sonnenseite.com%2Fde%2Fzukunft%2Fentfremdung-von-mensch-und-natur-zentraler-faktor-fuer-hunger-und-umweltkrisen%2F\" title=\"Bei Facebook teilen\" aria-label=\"Bei Facebook teilen\" role=\"button\" rel=\"nofollow\" class=\"shariff-link\" style=\";border-radius:1%; background-color:#3b5998; color:#fff\" target=\"_blank\"><span class=\"shariff-icon\" style=\"\"><svg width=\"32px\" height=\"20px\" xmlns=\"http:\/\/www.w3.org\/2000\/svg\" viewBox=\"0 0 18 32\"><path fill=\"#3b5998\" d=\"M17.1 0.2v4.7h-2.8q-1.5 0-2.1 0.6t-0.5 1.9v3.4h5.2l-0.7 5.3h-4.5v13.6h-5.5v-13.6h-4.5v-5.3h4.5v-3.9q0-3.3 1.9-5.2t5-1.8q2.6 0 4.1 0.2z\"\/><\/svg><\/span><\/a><\/li><li class=\"shariff-button twitter shariff-nocustomcolor\" style=\"background-color:#595959;border-radius:1%\"><a href=\"https:\/\/twitter.com\/share?url=https%3A%2F%2Fwww.sonnenseite.com%2Fde%2Fzukunft%2Fentfremdung-von-mensch-und-natur-zentraler-faktor-fuer-hunger-und-umweltkrisen%2F&text=Entfremdung%20von%20Mensch%20und%20Natur%3A%20zentraler%20Faktor%20f%C3%BCr%20Hunger-%20und%20Umweltkrisen\" title=\"Bei X teilen\" aria-label=\"Bei X teilen\" role=\"button\" rel=\"noopener nofollow\" class=\"shariff-link\" style=\";border-radius:1%; background-color:#000; color:#fff\" target=\"_blank\"><span class=\"shariff-icon\" style=\"\"><svg width=\"32px\" height=\"20px\" xmlns=\"http:\/\/www.w3.org\/2000\/svg\" viewBox=\"0 0 24 24\"><path fill=\"#000\" d=\"M14.258 10.152L23.176 0h-2.113l-7.747 8.813L7.133 0H0l9.352 13.328L0 23.973h2.113l8.176-9.309 6.531 9.309h7.133zm-2.895 3.293l-.949-1.328L2.875 1.56h3.246l6.086 8.523.945 1.328 7.91 11.078h-3.246zm0 0\"\/><\/svg><\/span><\/a><\/li><li class=\"shariff-button xing shariff-nocustomcolor\" style=\"background-color:#29888a;border-radius:1%\"><a href=\"https:\/\/www.xing.com\/spi\/shares\/new?url=https%3A%2F%2Fwww.sonnenseite.com%2Fde%2Fzukunft%2Fentfremdung-von-mensch-und-natur-zentraler-faktor-fuer-hunger-und-umweltkrisen%2F\" title=\"Bei XING teilen\" aria-label=\"Bei XING teilen\" role=\"button\" rel=\"noopener nofollow\" class=\"shariff-link\" style=\";border-radius:1%; background-color:#126567; color:#fff\" target=\"_blank\"><span class=\"shariff-icon\" style=\"\"><svg width=\"32px\" height=\"20px\" xmlns=\"http:\/\/www.w3.org\/2000\/svg\" viewBox=\"0 0 25 32\"><path fill=\"#126567\" d=\"M10.7 11.9q-0.2 0.3-4.6 8.2-0.5 0.8-1.2 0.8h-4.3q-0.4 0-0.5-0.3t0-0.6l4.5-8q0 0 0 0l-2.9-5q-0.2-0.4 0-0.7 0.2-0.3 0.5-0.3h4.3q0.7 0 1.2 0.8zM25.1 0.4q0.2 0.3 0 0.7l-9.4 16.7 6 11q0.2 0.4 0 0.6-0.2 0.3-0.6 0.3h-4.3q-0.7 0-1.2-0.8l-6-11.1q0.3-0.6 9.5-16.8 0.4-0.8 1.2-0.8h4.3q0.4 0 0.5 0.3z\"\/><\/svg><\/span><\/a><\/li><li class=\"shariff-button linkedin shariff-nocustomcolor\" style=\"background-color:#1488bf;border-radius:1%\"><a href=\"https:\/\/www.linkedin.com\/sharing\/share-offsite\/?url=https%3A%2F%2Fwww.sonnenseite.com%2Fde%2Fzukunft%2Fentfremdung-von-mensch-und-natur-zentraler-faktor-fuer-hunger-und-umweltkrisen%2F\" title=\"Bei LinkedIn teilen\" aria-label=\"Bei LinkedIn teilen\" role=\"button\" rel=\"noopener nofollow\" class=\"shariff-link\" style=\";border-radius:1%; background-color:#0077b5; color:#fff\" target=\"_blank\"><span class=\"shariff-icon\" style=\"\"><svg width=\"32px\" height=\"20px\" xmlns=\"http:\/\/www.w3.org\/2000\/svg\" viewBox=\"0 0 27 32\"><path fill=\"#0077b5\" d=\"M6.2 11.2v17.7h-5.9v-17.7h5.9zM6.6 5.7q0 1.3-0.9 2.2t-2.4 0.9h0q-1.5 0-2.4-0.9t-0.9-2.2 0.9-2.2 2.4-0.9 2.4 0.9 0.9 2.2zM27.4 18.7v10.1h-5.9v-9.5q0-1.9-0.7-2.9t-2.3-1.1q-1.1 0-1.9 0.6t-1.2 1.5q-0.2 0.5-0.2 1.4v9.9h-5.9q0-7.1 0-11.6t0-5.3l0-0.9h5.9v2.6h0q0.4-0.6 0.7-1t1-0.9 1.6-0.8 2-0.3q3 0 4.9 2t1.9 6z\"\/><\/svg><\/span><\/a><\/li><li class=\"shariff-button printer shariff-nocustomcolor\" style=\"background-color:#a8a8a8;border-radius:1%\"><a href=\"javascript:window.print()\" title=\"drucken\" aria-label=\"drucken\" role=\"button\" rel=\"noopener nofollow\" class=\"shariff-link\" style=\";border-radius:1%; background-color:#999; color:#fff\"><span class=\"shariff-icon\" style=\"\"><svg width=\"32px\" height=\"20px\" xmlns=\"http:\/\/www.w3.org\/2000\/svg\" viewBox=\"0 0 30 32\"><path fill=\"#999\" d=\"M6.8 27.4h16v-4.6h-16v4.6zM6.8 16h16v-6.8h-2.8q-0.7 0-1.2-0.5t-0.5-1.2v-2.8h-11.4v11.4zM27.4 17.2q0-0.5-0.3-0.8t-0.8-0.4-0.8 0.4-0.3 0.8 0.3 0.8 0.8 0.3 0.8-0.3 0.3-0.8zM29.7 17.2v7.4q0 0.2-0.2 0.4t-0.4 0.2h-4v2.8q0 0.7-0.5 1.2t-1.2 0.5h-17.2q-0.7 0-1.2-0.5t-0.5-1.2v-2.8h-4q-0.2 0-0.4-0.2t-0.2-0.4v-7.4q0-1.4 1-2.4t2.4-1h1.2v-9.7q0-0.7 0.5-1.2t1.2-0.5h12q0.7 0 1.6 0.4t1.3 0.8l2.7 2.7q0.5 0.5 0.9 1.4t0.4 1.6v4.6h1.1q1.4 0 2.4 1t1 2.4z\"\/><\/svg><\/span><\/a><\/li><li class=\"shariff-button mailto shariff-nocustomcolor\" style=\"background-color:#a8a8a8;border-radius:1%\"><a href=\"mailto:?body=https%3A%2F%2Fwww.sonnenseite.com%2Fde%2Fzukunft%2Fentfremdung-von-mensch-und-natur-zentraler-faktor-fuer-hunger-und-umweltkrisen%2F&subject=Entfremdung%20von%20Mensch%20und%20Natur%3A%20zentraler%20Faktor%20f%C3%BCr%20Hunger-%20und%20Umweltkrisen\" title=\"Per E-Mail versenden\" aria-label=\"Per E-Mail versenden\" role=\"button\" rel=\"noopener nofollow\" class=\"shariff-link\" style=\";border-radius:1%; background-color:#999; color:#fff\"><span class=\"shariff-icon\" style=\"\"><svg width=\"32px\" height=\"20px\" xmlns=\"http:\/\/www.w3.org\/2000\/svg\" viewBox=\"0 0 32 32\"><path fill=\"#999\" d=\"M32 12.7v14.2q0 1.2-0.8 2t-2 0.9h-26.3q-1.2 0-2-0.9t-0.8-2v-14.2q0.8 0.9 1.8 1.6 6.5 4.4 8.9 6.1 1 0.8 1.6 1.2t1.7 0.9 2 0.4h0.1q0.9 0 2-0.4t1.7-0.9 1.6-1.2q3-2.2 8.9-6.1 1-0.7 1.8-1.6zM32 7.4q0 1.4-0.9 2.7t-2.2 2.2q-6.7 4.7-8.4 5.8-0.2 0.1-0.7 0.5t-1 0.7-0.9 0.6-1.1 0.5-0.9 0.2h-0.1q-0.4 0-0.9-0.2t-1.1-0.5-0.9-0.6-1-0.7-0.7-0.5q-1.6-1.1-4.7-3.2t-3.6-2.6q-1.1-0.7-2.1-2t-1-2.5q0-1.4 0.7-2.3t2.1-0.9h26.3q1.2 0 2 0.8t0.9 2z\"\/><\/svg><\/span><\/a><\/li><\/ul><\/div>","protected":false},"excerpt":{"rendered":"<p>Brot f\u00fcr die Welt und FIAN legen Jahrbuch zum Recht auf Nahrung vor Weltern\u00e4hrung, Klimagerechtigkeit, Menschenrechte [&hellip;]<\/p>\n","protected":false},"author":3,"featured_media":27510,"comment_status":"closed","ping_status":"closed","sticky":false,"template":"","format":"standard","meta":{"inline_featured_image":false,"footnotes":""},"categories":[27],"tags":[],"class_list":["post-63933","post","type-post","status-publish","format-standard","has-post-thumbnail","hentry","category-zukunft"],"yoast_head":"<!-- This site is optimized with the Yoast SEO plugin v26.5 - https:\/\/yoast.com\/wordpress\/plugins\/seo\/ -->\n<title>Entfremdung von Mensch und Natur: zentraler Faktor f\u00fcr Hunger- und Umweltkrisen - Sonnenseite - \u00d6kologische Kommunikation mit Franz Alt<\/title>\n<meta name=\"description\" content=\"Brot f\u00fcr die Welt und FIAN legen Jahrbuch zum Recht auf Nahrung vor Weltern\u00e4hrung, Klimagerechtigkeit, Menschenrechte und der Schutz der Biodiversit\u00e4t\" \/>\n<meta name=\"robots\" content=\"index, follow, max-snippet:-1, max-image-preview:large, max-video-preview:-1\" \/>\n<link rel=\"canonical\" href=\"https:\/\/www.sonnenseite.com\/de\/zukunft\/entfremdung-von-mensch-und-natur-zentraler-faktor-fuer-hunger-und-umweltkrisen\/\" \/>\n<meta property=\"og:locale\" content=\"de_DE\" \/>\n<meta property=\"og:type\" content=\"article\" \/>\n<meta property=\"og:title\" content=\"Entfremdung von Mensch und Natur: zentraler Faktor f\u00fcr Hunger- und Umweltkrisen - Sonnenseite - \u00d6kologische Kommunikation mit Franz Alt\" \/>\n<meta property=\"og:description\" content=\"Brot f\u00fcr die Welt und FIAN legen Jahrbuch zum Recht auf Nahrung vor Weltern\u00e4hrung, Klimagerechtigkeit, Menschenrechte und der Schutz der Biodiversit\u00e4t\" \/>\n<meta property=\"og:url\" content=\"https:\/\/www.sonnenseite.com\/de\/zukunft\/entfremdung-von-mensch-und-natur-zentraler-faktor-fuer-hunger-und-umweltkrisen\/\" \/>\n<meta property=\"og:site_name\" content=\"Sonnenseite\" \/>\n<meta property=\"article:publisher\" content=\"https:\/\/www.facebook.com\/pages\/Franz-Alt-SONNENSEITECOM\/221072987903953?fref=ts\" \/>\n<meta property=\"article:published_time\" content=\"2020-10-16T08:42:05+00:00\" \/>\n<meta property=\"article:modified_time\" content=\"2020-10-31T07:28:48+00:00\" \/>\n<meta property=\"og:image\" content=\"https:\/\/www.sonnenseite.com\/wp-content\/uploads\/2017\/06\/gemuese_monticello.jpg\" \/>\n\t<meta property=\"og:image:width\" content=\"770\" \/>\n\t<meta property=\"og:image:height\" content=\"420\" \/>\n\t<meta property=\"og:image:type\" content=\"image\/jpeg\" \/>\n<meta name=\"author\" content=\"Bigi Alt\" \/>\n<meta name=\"twitter:card\" content=\"summary_large_image\" \/>\n<meta name=\"twitter:creator\" content=\"@franzalt\" \/>\n<meta name=\"twitter:site\" content=\"@franzalt\" \/>\n<meta name=\"twitter:label1\" content=\"Verfasst von\" \/>\n\t<meta name=\"twitter:data1\" content=\"Bigi Alt\" \/>\n\t<meta name=\"twitter:label2\" content=\"Gesch\u00e4tzte Lesezeit\" \/>\n\t<meta name=\"twitter:data2\" content=\"3\u00a0Minuten\" \/>\n<script type=\"application\/ld+json\" class=\"yoast-schema-graph\">{\"@context\":\"https:\/\/schema.org\",\"@graph\":[{\"@type\":\"Article\",\"@id\":\"https:\/\/www.sonnenseite.com\/de\/zukunft\/entfremdung-von-mensch-und-natur-zentraler-faktor-fuer-hunger-und-umweltkrisen\/#article\",\"isPartOf\":{\"@id\":\"https:\/\/www.sonnenseite.com\/de\/zukunft\/entfremdung-von-mensch-und-natur-zentraler-faktor-fuer-hunger-und-umweltkrisen\/\"},\"author\":{\"name\":\"Bigi Alt\",\"@id\":\"https:\/\/www.sonnenseite.com\/de\/#\/schema\/person\/50fda0e926597684c7cc6695238a4eb9\"},\"headline\":\"Entfremdung von Mensch und Natur: zentraler Faktor f\u00fcr Hunger- und Umweltkrisen\",\"datePublished\":\"2020-10-16T08:42:05+00:00\",\"dateModified\":\"2020-10-31T07:28:48+00:00\",\"mainEntityOfPage\":{\"@id\":\"https:\/\/www.sonnenseite.com\/de\/zukunft\/entfremdung-von-mensch-und-natur-zentraler-faktor-fuer-hunger-und-umweltkrisen\/\"},\"wordCount\":620,\"publisher\":{\"@id\":\"https:\/\/www.sonnenseite.com\/de\/#organization\"},\"image\":{\"@id\":\"https:\/\/www.sonnenseite.com\/de\/zukunft\/entfremdung-von-mensch-und-natur-zentraler-faktor-fuer-hunger-und-umweltkrisen\/#primaryimage\"},\"thumbnailUrl\":\"https:\/\/www.sonnenseite.com\/wp-content\/uploads\/2017\/06\/gemuese_monticello.jpg\",\"articleSection\":[\"Zukunft\"],\"inLanguage\":\"de\"},{\"@type\":\"WebPage\",\"@id\":\"https:\/\/www.sonnenseite.com\/de\/zukunft\/entfremdung-von-mensch-und-natur-zentraler-faktor-fuer-hunger-und-umweltkrisen\/\",\"url\":\"https:\/\/www.sonnenseite.com\/de\/zukunft\/entfremdung-von-mensch-und-natur-zentraler-faktor-fuer-hunger-und-umweltkrisen\/\",\"name\":\"Entfremdung von Mensch und Natur: zentraler Faktor f\u00fcr Hunger- und Umweltkrisen - Sonnenseite - \u00d6kologische Kommunikation mit Franz Alt\",\"isPartOf\":{\"@id\":\"https:\/\/www.sonnenseite.com\/de\/#website\"},\"primaryImageOfPage\":{\"@id\":\"https:\/\/www.sonnenseite.com\/de\/zukunft\/entfremdung-von-mensch-und-natur-zentraler-faktor-fuer-hunger-und-umweltkrisen\/#primaryimage\"},\"image\":{\"@id\":\"https:\/\/www.sonnenseite.com\/de\/zukunft\/entfremdung-von-mensch-und-natur-zentraler-faktor-fuer-hunger-und-umweltkrisen\/#primaryimage\"},\"thumbnailUrl\":\"https:\/\/www.sonnenseite.com\/wp-content\/uploads\/2017\/06\/gemuese_monticello.jpg\",\"datePublished\":\"2020-10-16T08:42:05+00:00\",\"dateModified\":\"2020-10-31T07:28:48+00:00\",\"description\":\"Brot f\u00fcr die Welt und FIAN legen Jahrbuch zum Recht auf Nahrung vor Weltern\u00e4hrung, Klimagerechtigkeit, Menschenrechte und der Schutz der Biodiversit\u00e4t\",\"breadcrumb\":{\"@id\":\"https:\/\/www.sonnenseite.com\/de\/zukunft\/entfremdung-von-mensch-und-natur-zentraler-faktor-fuer-hunger-und-umweltkrisen\/#breadcrumb\"},\"inLanguage\":\"de\",\"potentialAction\":[{\"@type\":\"ReadAction\",\"target\":[\"https:\/\/www.sonnenseite.com\/de\/zukunft\/entfremdung-von-mensch-und-natur-zentraler-faktor-fuer-hunger-und-umweltkrisen\/\"]}]},{\"@type\":\"ImageObject\",\"inLanguage\":\"de\",\"@id\":\"https:\/\/www.sonnenseite.com\/de\/zukunft\/entfremdung-von-mensch-und-natur-zentraler-faktor-fuer-hunger-und-umweltkrisen\/#primaryimage\",\"url\":\"https:\/\/www.sonnenseite.com\/wp-content\/uploads\/2017\/06\/gemuese_monticello.jpg\",\"contentUrl\":\"https:\/\/www.sonnenseite.com\/wp-content\/uploads\/2017\/06\/gemuese_monticello.jpg\",\"width\":770,\"height\":420,\"caption\":\"bigstock | monticello | \u201eWenn wir das Recht auf Nahrung umsetzen wollen und Ern\u00e4hrung ausgewogen gestalten wollen, m\u00fcssen wir die Ern\u00e4hrungssysteme in Richtung Agrar\u00f6kologie entwickeln. So erhalten wir die Vielfalt der Sorten, und die Landwirtschaft kann sich besser an die Folgen des Klimawandels anpassen\u201c, sagt Walter.\"},{\"@type\":\"BreadcrumbList\",\"@id\":\"https:\/\/www.sonnenseite.com\/de\/zukunft\/entfremdung-von-mensch-und-natur-zentraler-faktor-fuer-hunger-und-umweltkrisen\/#breadcrumb\",\"itemListElement\":[{\"@type\":\"ListItem\",\"position\":1,\"name\":\"Startseite\",\"item\":\"https:\/\/www.sonnenseite.com\/de\/\"},{\"@type\":\"ListItem\",\"position\":2,\"name\":\"Entfremdung von Mensch und Natur: zentraler Faktor f\u00fcr Hunger- und Umweltkrisen\"}]},{\"@type\":\"WebSite\",\"@id\":\"https:\/\/www.sonnenseite.com\/de\/#website\",\"url\":\"https:\/\/www.sonnenseite.com\/de\/\",\"name\":\"Sonnenseite\",\"description\":\"\u00d6kologische Kommunikation mit Franz Alt\",\"publisher\":{\"@id\":\"https:\/\/www.sonnenseite.com\/de\/#organization\"},\"potentialAction\":[{\"@type\":\"SearchAction\",\"target\":{\"@type\":\"EntryPoint\",\"urlTemplate\":\"https:\/\/www.sonnenseite.com\/de\/?s={search_term_string}\"},\"query-input\":{\"@type\":\"PropertyValueSpecification\",\"valueRequired\":true,\"valueName\":\"search_term_string\"}}],\"inLanguage\":\"de\"},{\"@type\":\"Organization\",\"@id\":\"https:\/\/www.sonnenseite.com\/de\/#organization\",\"name\":\"Sonnenseite\",\"url\":\"https:\/\/www.sonnenseite.com\/de\/\",\"logo\":{\"@type\":\"ImageObject\",\"inLanguage\":\"de\",\"@id\":\"https:\/\/www.sonnenseite.com\/de\/#\/schema\/logo\/image\/\",\"url\":\"https:\/\/www.sonnenseite.com\/wp-content\/uploads\/2020\/05\/Sonnenseite_Logo.png\",\"contentUrl\":\"https:\/\/www.sonnenseite.com\/wp-content\/uploads\/2020\/05\/Sonnenseite_Logo.png\",\"width\":377,\"height\":90,\"caption\":\"Sonnenseite\"},\"image\":{\"@id\":\"https:\/\/www.sonnenseite.com\/de\/#\/schema\/logo\/image\/\"},\"sameAs\":[\"https:\/\/www.facebook.com\/pages\/Franz-Alt-SONNENSEITECOM\/221072987903953?fref=ts\",\"https:\/\/x.com\/franzalt\",\"http:\/\/www.youtube.com\/results?search_query&amp;amp;quot;franz_alt&amp;amp;quot;&amp;amp;amp;amp;search_type&amp;amp;amp;amp;aq=f\"]},{\"@type\":\"Person\",\"@id\":\"https:\/\/www.sonnenseite.com\/de\/#\/schema\/person\/50fda0e926597684c7cc6695238a4eb9\",\"name\":\"Bigi Alt\"}]}<\/script>\n<!-- \/ Yoast SEO plugin. -->","yoast_head_json":{"title":"Entfremdung von Mensch und Natur: zentraler Faktor f\u00fcr Hunger- und Umweltkrisen - Sonnenseite - \u00d6kologische Kommunikation mit Franz Alt","description":"Brot f\u00fcr die Welt und FIAN legen Jahrbuch zum Recht auf Nahrung vor Weltern\u00e4hrung, Klimagerechtigkeit, Menschenrechte und der Schutz der Biodiversit\u00e4t","robots":{"index":"index","follow":"follow","max-snippet":"max-snippet:-1","max-image-preview":"max-image-preview:large","max-video-preview":"max-video-preview:-1"},"canonical":"https:\/\/www.sonnenseite.com\/de\/zukunft\/entfremdung-von-mensch-und-natur-zentraler-faktor-fuer-hunger-und-umweltkrisen\/","og_locale":"de_DE","og_type":"article","og_title":"Entfremdung von Mensch und Natur: zentraler Faktor f\u00fcr Hunger- und Umweltkrisen - Sonnenseite - \u00d6kologische Kommunikation mit Franz Alt","og_description":"Brot f\u00fcr die Welt und FIAN legen Jahrbuch zum Recht auf Nahrung vor Weltern\u00e4hrung, Klimagerechtigkeit, Menschenrechte und der Schutz der Biodiversit\u00e4t","og_url":"https:\/\/www.sonnenseite.com\/de\/zukunft\/entfremdung-von-mensch-und-natur-zentraler-faktor-fuer-hunger-und-umweltkrisen\/","og_site_name":"Sonnenseite","article_publisher":"https:\/\/www.facebook.com\/pages\/Franz-Alt-SONNENSEITECOM\/221072987903953?fref=ts","article_published_time":"2020-10-16T08:42:05+00:00","article_modified_time":"2020-10-31T07:28:48+00:00","og_image":[{"width":770,"height":420,"url":"https:\/\/www.sonnenseite.com\/wp-content\/uploads\/2017\/06\/gemuese_monticello.jpg","type":"image\/jpeg"}],"author":"Bigi Alt","twitter_card":"summary_large_image","twitter_creator":"@franzalt","twitter_site":"@franzalt","twitter_misc":{"Verfasst von":"Bigi Alt","Gesch\u00e4tzte Lesezeit":"3\u00a0Minuten"},"schema":{"@context":"https:\/\/schema.org","@graph":[{"@type":"Article","@id":"https:\/\/www.sonnenseite.com\/de\/zukunft\/entfremdung-von-mensch-und-natur-zentraler-faktor-fuer-hunger-und-umweltkrisen\/#article","isPartOf":{"@id":"https:\/\/www.sonnenseite.com\/de\/zukunft\/entfremdung-von-mensch-und-natur-zentraler-faktor-fuer-hunger-und-umweltkrisen\/"},"author":{"name":"Bigi Alt","@id":"https:\/\/www.sonnenseite.com\/de\/#\/schema\/person\/50fda0e926597684c7cc6695238a4eb9"},"headline":"Entfremdung von Mensch und Natur: zentraler Faktor f\u00fcr Hunger- und Umweltkrisen","datePublished":"2020-10-16T08:42:05+00:00","dateModified":"2020-10-31T07:28:48+00:00","mainEntityOfPage":{"@id":"https:\/\/www.sonnenseite.com\/de\/zukunft\/entfremdung-von-mensch-und-natur-zentraler-faktor-fuer-hunger-und-umweltkrisen\/"},"wordCount":620,"publisher":{"@id":"https:\/\/www.sonnenseite.com\/de\/#organization"},"image":{"@id":"https:\/\/www.sonnenseite.com\/de\/zukunft\/entfremdung-von-mensch-und-natur-zentraler-faktor-fuer-hunger-und-umweltkrisen\/#primaryimage"},"thumbnailUrl":"https:\/\/www.sonnenseite.com\/wp-content\/uploads\/2017\/06\/gemuese_monticello.jpg","articleSection":["Zukunft"],"inLanguage":"de"},{"@type":"WebPage","@id":"https:\/\/www.sonnenseite.com\/de\/zukunft\/entfremdung-von-mensch-und-natur-zentraler-faktor-fuer-hunger-und-umweltkrisen\/","url":"https:\/\/www.sonnenseite.com\/de\/zukunft\/entfremdung-von-mensch-und-natur-zentraler-faktor-fuer-hunger-und-umweltkrisen\/","name":"Entfremdung von Mensch und Natur: zentraler Faktor f\u00fcr Hunger- und Umweltkrisen - Sonnenseite - \u00d6kologische Kommunikation mit Franz Alt","isPartOf":{"@id":"https:\/\/www.sonnenseite.com\/de\/#website"},"primaryImageOfPage":{"@id":"https:\/\/www.sonnenseite.com\/de\/zukunft\/entfremdung-von-mensch-und-natur-zentraler-faktor-fuer-hunger-und-umweltkrisen\/#primaryimage"},"image":{"@id":"https:\/\/www.sonnenseite.com\/de\/zukunft\/entfremdung-von-mensch-und-natur-zentraler-faktor-fuer-hunger-und-umweltkrisen\/#primaryimage"},"thumbnailUrl":"https:\/\/www.sonnenseite.com\/wp-content\/uploads\/2017\/06\/gemuese_monticello.jpg","datePublished":"2020-10-16T08:42:05+00:00","dateModified":"2020-10-31T07:28:48+00:00","description":"Brot f\u00fcr die Welt und FIAN legen Jahrbuch zum Recht auf Nahrung vor Weltern\u00e4hrung, Klimagerechtigkeit, Menschenrechte und der Schutz der Biodiversit\u00e4t","breadcrumb":{"@id":"https:\/\/www.sonnenseite.com\/de\/zukunft\/entfremdung-von-mensch-und-natur-zentraler-faktor-fuer-hunger-und-umweltkrisen\/#breadcrumb"},"inLanguage":"de","potentialAction":[{"@type":"ReadAction","target":["https:\/\/www.sonnenseite.com\/de\/zukunft\/entfremdung-von-mensch-und-natur-zentraler-faktor-fuer-hunger-und-umweltkrisen\/"]}]},{"@type":"ImageObject","inLanguage":"de","@id":"https:\/\/www.sonnenseite.com\/de\/zukunft\/entfremdung-von-mensch-und-natur-zentraler-faktor-fuer-hunger-und-umweltkrisen\/#primaryimage","url":"https:\/\/www.sonnenseite.com\/wp-content\/uploads\/2017\/06\/gemuese_monticello.jpg","contentUrl":"https:\/\/www.sonnenseite.com\/wp-content\/uploads\/2017\/06\/gemuese_monticello.jpg","width":770,"height":420,"caption":"bigstock | monticello | \u201eWenn wir das Recht auf Nahrung umsetzen wollen und Ern\u00e4hrung ausgewogen gestalten wollen, m\u00fcssen wir die Ern\u00e4hrungssysteme in Richtung Agrar\u00f6kologie entwickeln. So erhalten wir die Vielfalt der Sorten, und die Landwirtschaft kann sich besser an die Folgen des Klimawandels anpassen\u201c, sagt Walter."},{"@type":"BreadcrumbList","@id":"https:\/\/www.sonnenseite.com\/de\/zukunft\/entfremdung-von-mensch-und-natur-zentraler-faktor-fuer-hunger-und-umweltkrisen\/#breadcrumb","itemListElement":[{"@type":"ListItem","position":1,"name":"Startseite","item":"https:\/\/www.sonnenseite.com\/de\/"},{"@type":"ListItem","position":2,"name":"Entfremdung von Mensch und Natur: zentraler Faktor f\u00fcr Hunger- und Umweltkrisen"}]},{"@type":"WebSite","@id":"https:\/\/www.sonnenseite.com\/de\/#website","url":"https:\/\/www.sonnenseite.com\/de\/","name":"Sonnenseite","description":"\u00d6kologische Kommunikation mit Franz Alt","publisher":{"@id":"https:\/\/www.sonnenseite.com\/de\/#organization"},"potentialAction":[{"@type":"SearchAction","target":{"@type":"EntryPoint","urlTemplate":"https:\/\/www.sonnenseite.com\/de\/?s={search_term_string}"},"query-input":{"@type":"PropertyValueSpecification","valueRequired":true,"valueName":"search_term_string"}}],"inLanguage":"de"},{"@type":"Organization","@id":"https:\/\/www.sonnenseite.com\/de\/#organization","name":"Sonnenseite","url":"https:\/\/www.sonnenseite.com\/de\/","logo":{"@type":"ImageObject","inLanguage":"de","@id":"https:\/\/www.sonnenseite.com\/de\/#\/schema\/logo\/image\/","url":"https:\/\/www.sonnenseite.com\/wp-content\/uploads\/2020\/05\/Sonnenseite_Logo.png","contentUrl":"https:\/\/www.sonnenseite.com\/wp-content\/uploads\/2020\/05\/Sonnenseite_Logo.png","width":377,"height":90,"caption":"Sonnenseite"},"image":{"@id":"https:\/\/www.sonnenseite.com\/de\/#\/schema\/logo\/image\/"},"sameAs":["https:\/\/www.facebook.com\/pages\/Franz-Alt-SONNENSEITECOM\/221072987903953?fref=ts","https:\/\/x.com\/franzalt","http:\/\/www.youtube.com\/results?search_query&amp;amp;quot;franz_alt&amp;amp;quot;&amp;amp;amp;amp;search_type&amp;amp;amp;amp;aq=f"]},{"@type":"Person","@id":"https:\/\/www.sonnenseite.com\/de\/#\/schema\/person\/50fda0e926597684c7cc6695238a4eb9","name":"Bigi Alt"}]}},"_links":{"self":[{"href":"https:\/\/www.sonnenseite.com\/de\/wp-json\/wp\/v2\/posts\/63933","targetHints":{"allow":["GET"]}}],"collection":[{"href":"https:\/\/www.sonnenseite.com\/de\/wp-json\/wp\/v2\/posts"}],"about":[{"href":"https:\/\/www.sonnenseite.com\/de\/wp-json\/wp\/v2\/types\/post"}],"author":[{"embeddable":true,"href":"https:\/\/www.sonnenseite.com\/de\/wp-json\/wp\/v2\/users\/3"}],"replies":[{"embeddable":true,"href":"https:\/\/www.sonnenseite.com\/de\/wp-json\/wp\/v2\/comments?post=63933"}],"version-history":[{"count":3,"href":"https:\/\/www.sonnenseite.com\/de\/wp-json\/wp\/v2\/posts\/63933\/revisions"}],"predecessor-version":[{"id":63938,"href":"https:\/\/www.sonnenseite.com\/de\/wp-json\/wp\/v2\/posts\/63933\/revisions\/63938"}],"wp:featuredmedia":[{"embeddable":true,"href":"https:\/\/www.sonnenseite.com\/de\/wp-json\/wp\/v2\/media\/27510"}],"wp:attachment":[{"href":"https:\/\/www.sonnenseite.com\/de\/wp-json\/wp\/v2\/media?parent=63933"}],"wp:term":[{"taxonomy":"category","embeddable":true,"href":"https:\/\/www.sonnenseite.com\/de\/wp-json\/wp\/v2\/categories?post=63933"},{"taxonomy":"post_tag","embeddable":true,"href":"https:\/\/www.sonnenseite.com\/de\/wp-json\/wp\/v2\/tags?post=63933"}],"curies":[{"name":"wp","href":"https:\/\/api.w.org\/{rel}","templated":true}]}}