{"id":64816,"date":"2020-11-07T12:08:39","date_gmt":"2020-11-07T11:08:39","guid":{"rendered":"https:\/\/www.sonnenseite.com\/?p=64816"},"modified":"2020-11-20T15:59:45","modified_gmt":"2020-11-20T14:59:45","slug":"biden-und-harris-fuer-einen-gruenen-kapitalismus","status":"publish","type":"post","link":"https:\/\/www.sonnenseite.com\/de\/franz-alt\/kommentare-interviews\/biden-und-harris-fuer-einen-gruenen-kapitalismus\/","title":{"rendered":"Biden und  Harris f\u00fcr einen gr\u00fcnen Kapitalismus"},"content":{"rendered":"\n<p>Nach allem, was wir um die Mittagszeit des 7. November 2020 wissen, wird Joe Biden der n\u00e4chste US-Pr\u00e4sident und \u2013 was vielleicht noch wichtiger ist &#8211; Kamala Harris seine Vizepr\u00e4sidentin. Denn sie k\u00f6nnte die \u00fcbern\u00e4chste und erste US-Pr\u00e4sidentin werden.<\/p>\n\n\n\n<p><strong>Was hei\u00dft das f\u00fcr die globale Umwelt- und Klimapolitik?<\/strong><\/p>\n\n\n\n<ol class=\"wp-block-list\" type=\"1\"><li>Die USA werden wieder dem Pariser Klimaschutz-Abkommen beitreten. Das bedeutet: Die gesamte Welt ist jetzt wieder verpflichtet, das Klima nicht weiter als h\u00f6chstens um zwei Grad gegen\u00fcber 1880 ansteigen zu lassen.<\/li><li>Die US-Demokraten haben im Wahlkampf \u2013 vor allem durch Bidens Vize \u2013 versprochen, bis 2035 klimaneutral zu werden. Das hei\u00dft: Die Energiewende und die erneuerbaren Energien werden einen gro\u00dfen Schub bekommen. Deutschland und die EU wollen ja erst 2050 dieses Ziel erreichen. Sie m\u00fcssen jetzt dar\u00fcber nachdenken, die bisherigen Klimaschutzziele zu versch\u00e4rfen und auch endlich Klimaschutz ernst zu nehmen.<\/li><li>Europa und Deutschland k\u00f6nnen sich jetzt bei ihrem Nichtstun f\u00fcrs Klima nicht mehr hinter den USA verstecken mit dem billigen Argument: Die tun ja noch weniger. In den USA wird k\u00fcnftig der fr\u00fchere Vizepr\u00e4sident und Demokrat Al Gore eine gro\u00dfe Rolle spielen. Al Gore ist schlie\u00dflich f\u00fcr seine Klimaschutz-Aktivit\u00e4ten mit dem Friedensnobelpreis ausgezeichnet worden und spielt in der US-Umweltszene und weit dar\u00fcber hinaus noch immer eine gro\u00dfe Rolle. Der wahre Al Gore, der im Jahr 2000 bei der Pr\u00e4sidentenwahl eine halbe Million mehr Stimmen bekam als sein Gegenspieler George W. Bush, aber leider nicht Pr\u00e4sident wurde, wird jetzt erst richtig zur Geltung kommen k\u00f6nnen.<\/li><li>Al Gores Vision eines gr\u00fcnen Kapitalismus kann jetzt endlich Realit\u00e4t werden. Bidens Vize und vielleicht die erste Pr\u00e4sidentin der USA, Kamala Harris, wird sich f\u00fcr einen \u201eGreen New Deal\u201c, also wie Al Gore f\u00fcr einen gr\u00fcnen Kapitalismus engagieren. Das wird die US-Wirtschaft in die gr\u00fcnen Zukunftsm\u00e4rkte treiben. Die Zukunft geh\u00f6rt auch in den USA nicht dem \u00d6l oder der Kohle \u2013 wie unter Trump, sondern den erneuerbaren Energien. Jetzt kann das Solarzeitalter beginnen.<\/li><li>Das Solarzeitalter beginnt und die Sonne gewinnt. Das bringt Millionen neue Jobs. Es hilft dem Klima, kann die Hungerkrise \u00fcberwinden und die Fl\u00fcchtlingskrise ebenso stoppen wie das Artensterben. Endlich stehen die \u00dcberlebensprobleme der Menschheit auf dem Programm der Weltpolitik.<\/li><li>Die neue US-Politik h\u00f6rt auf die Wissenschaft wie es die Fridays-for-Future-Bewegung fordert. Die Zwanziger Jahre werden eine Dekade des gr\u00fcnen Wachstums. Der n\u00e4chste Welt-Klimagipfel wird ein Erfolg. Es gibt also noch eine Chance, das 1.5-Grad-Ziel zu erreichen. Die reichen Industriestaaten helfen den Entwicklungsl\u00e4ndern finanziell, auf eine nachhaltige Wirtschaft zu setzen.<\/li><\/ol>\n\n\n\n<div class=\"wp-block-image\"><figure class=\"alignleft size-large is-resized\"><img loading=\"lazy\" decoding=\"async\" src=\"https:\/\/www.sonnenseite.com\/wp-content\/uploads\/2017\/03\/AlGore_DieZukunft770.jpg\" alt=\"algore.com | Pantheon Verlag | Al Gore &quot;Die Zukunft&quot;\" class=\"wp-image-29134\" width=\"333\" height=\"180\"\/><figcaption>algore.com | Pantheon Verlag | Al Gore &#8222;Die Zukunft&#8220;<\/figcaption><\/figure><\/div>\n\n\n\n<p>Die Visionen von heute sind die Realit\u00e4ten von morgen.<\/p>\n\n\n\n<p><\/p>\n\n\n\n<hr class=\"wp-block-separator\"\/>\n\n\n\n<ul class=\"wp-block-list\"><li><a href=\"https:\/\/www.sonnenseite.com\/de\/politik\/gore-attackiert-klimawandel-leugner-trump\/\">Gore attackiert Klimawandel-Leugner Trump<\/a> &#8211; Mit seinem Film <a href=\"https:\/\/www.youtube.com\/watch?v=eejL3vsQ3sk\">\u201eAn Inconvenient Sequel\u201c (Eine unbequeme Fortsetzung)<\/a> ruft Friedensnobelpreistr\u00e4ger Al Gore zum Handeln f\u00fcr den Klimaschutz auf. Ein Interview von Klimaretter.info mit Al Gore (2017).<\/li><li><a href=\"https:\/\/www.amazon.de\/gp\/product\/3570552837\/ref=as_li_tl?ie=UTF8&amp;camp=1638&amp;creative=6742&amp;creativeASIN=3570552837&amp;linkCode=as2&amp;tag=drfranzaltferns\" target=\"_blank\" rel=\"noreferrer noopener\">Al Gore \u201eDie Zukunft \u2013 Sechs Kr\u00e4fte, die unsere Welt ver\u00e4ndern\u201c<\/a><\/li><\/ul>\n\n\n<h5 class=\"green\">Quelle<\/h5>\r\n\n\n\n<p><a href=\"franz_alt@web.de\">Franz Alt 2020<\/a><\/p>\n<div class=\"shariff shariff-align-flex-start shariff-widget-align-flex-start\"><div class=\"ShariffHeadline\">Diese Meldung teilen<\/div><ul class=\"shariff-buttons theme-round orientation-horizontal buttonsize-medium\"><li class=\"shariff-button facebook shariff-nocustomcolor\" style=\"background-color:#4273c8;border-radius:1%\"><a href=\"https:\/\/www.facebook.com\/sharer\/sharer.php?u=https%3A%2F%2Fwww.sonnenseite.com%2Fde%2Ffranz-alt%2Fkommentare-interviews%2Fbiden-und-harris-fuer-einen-gruenen-kapitalismus%2F\" title=\"Bei Facebook teilen\" aria-label=\"Bei Facebook teilen\" role=\"button\" rel=\"nofollow\" class=\"shariff-link\" style=\";border-radius:1%; background-color:#3b5998; color:#fff\" target=\"_blank\"><span class=\"shariff-icon\" style=\"\"><svg width=\"32px\" height=\"20px\" xmlns=\"http:\/\/www.w3.org\/2000\/svg\" viewBox=\"0 0 18 32\"><path fill=\"#3b5998\" d=\"M17.1 0.2v4.7h-2.8q-1.5 0-2.1 0.6t-0.5 1.9v3.4h5.2l-0.7 5.3h-4.5v13.6h-5.5v-13.6h-4.5v-5.3h4.5v-3.9q0-3.3 1.9-5.2t5-1.8q2.6 0 4.1 0.2z\"\/><\/svg><\/span><\/a><\/li><li class=\"shariff-button twitter shariff-nocustomcolor\" style=\"background-color:#595959;border-radius:1%\"><a href=\"https:\/\/twitter.com\/share?url=https%3A%2F%2Fwww.sonnenseite.com%2Fde%2Ffranz-alt%2Fkommentare-interviews%2Fbiden-und-harris-fuer-einen-gruenen-kapitalismus%2F&text=Biden%20und%20%20Harris%20f%C3%BCr%20einen%20gr%C3%BCnen%20Kapitalismus\" title=\"Bei X teilen\" aria-label=\"Bei X teilen\" role=\"button\" rel=\"noopener nofollow\" class=\"shariff-link\" style=\";border-radius:1%; background-color:#000; color:#fff\" target=\"_blank\"><span class=\"shariff-icon\" style=\"\"><svg width=\"32px\" height=\"20px\" xmlns=\"http:\/\/www.w3.org\/2000\/svg\" viewBox=\"0 0 24 24\"><path fill=\"#000\" d=\"M14.258 10.152L23.176 0h-2.113l-7.747 8.813L7.133 0H0l9.352 13.328L0 23.973h2.113l8.176-9.309 6.531 9.309h7.133zm-2.895 3.293l-.949-1.328L2.875 1.56h3.246l6.086 8.523.945 1.328 7.91 11.078h-3.246zm0 0\"\/><\/svg><\/span><\/a><\/li><li class=\"shariff-button xing shariff-nocustomcolor\" style=\"background-color:#29888a;border-radius:1%\"><a href=\"https:\/\/www.xing.com\/spi\/shares\/new?url=https%3A%2F%2Fwww.sonnenseite.com%2Fde%2Ffranz-alt%2Fkommentare-interviews%2Fbiden-und-harris-fuer-einen-gruenen-kapitalismus%2F\" title=\"Bei XING teilen\" aria-label=\"Bei XING teilen\" role=\"button\" rel=\"noopener nofollow\" class=\"shariff-link\" style=\";border-radius:1%; background-color:#126567; color:#fff\" target=\"_blank\"><span class=\"shariff-icon\" style=\"\"><svg width=\"32px\" height=\"20px\" xmlns=\"http:\/\/www.w3.org\/2000\/svg\" viewBox=\"0 0 25 32\"><path fill=\"#126567\" d=\"M10.7 11.9q-0.2 0.3-4.6 8.2-0.5 0.8-1.2 0.8h-4.3q-0.4 0-0.5-0.3t0-0.6l4.5-8q0 0 0 0l-2.9-5q-0.2-0.4 0-0.7 0.2-0.3 0.5-0.3h4.3q0.7 0 1.2 0.8zM25.1 0.4q0.2 0.3 0 0.7l-9.4 16.7 6 11q0.2 0.4 0 0.6-0.2 0.3-0.6 0.3h-4.3q-0.7 0-1.2-0.8l-6-11.1q0.3-0.6 9.5-16.8 0.4-0.8 1.2-0.8h4.3q0.4 0 0.5 0.3z\"\/><\/svg><\/span><\/a><\/li><li class=\"shariff-button linkedin shariff-nocustomcolor\" style=\"background-color:#1488bf;border-radius:1%\"><a href=\"https:\/\/www.linkedin.com\/sharing\/share-offsite\/?url=https%3A%2F%2Fwww.sonnenseite.com%2Fde%2Ffranz-alt%2Fkommentare-interviews%2Fbiden-und-harris-fuer-einen-gruenen-kapitalismus%2F\" title=\"Bei LinkedIn teilen\" aria-label=\"Bei LinkedIn teilen\" role=\"button\" rel=\"noopener nofollow\" class=\"shariff-link\" style=\";border-radius:1%; background-color:#0077b5; color:#fff\" target=\"_blank\"><span class=\"shariff-icon\" style=\"\"><svg width=\"32px\" height=\"20px\" xmlns=\"http:\/\/www.w3.org\/2000\/svg\" viewBox=\"0 0 27 32\"><path fill=\"#0077b5\" d=\"M6.2 11.2v17.7h-5.9v-17.7h5.9zM6.6 5.7q0 1.3-0.9 2.2t-2.4 0.9h0q-1.5 0-2.4-0.9t-0.9-2.2 0.9-2.2 2.4-0.9 2.4 0.9 0.9 2.2zM27.4 18.7v10.1h-5.9v-9.5q0-1.9-0.7-2.9t-2.3-1.1q-1.1 0-1.9 0.6t-1.2 1.5q-0.2 0.5-0.2 1.4v9.9h-5.9q0-7.1 0-11.6t0-5.3l0-0.9h5.9v2.6h0q0.4-0.6 0.7-1t1-0.9 1.6-0.8 2-0.3q3 0 4.9 2t1.9 6z\"\/><\/svg><\/span><\/a><\/li><li class=\"shariff-button printer shariff-nocustomcolor\" style=\"background-color:#a8a8a8;border-radius:1%\"><a href=\"javascript:window.print()\" title=\"drucken\" aria-label=\"drucken\" role=\"button\" rel=\"noopener nofollow\" class=\"shariff-link\" style=\";border-radius:1%; background-color:#999; color:#fff\"><span class=\"shariff-icon\" style=\"\"><svg width=\"32px\" height=\"20px\" xmlns=\"http:\/\/www.w3.org\/2000\/svg\" viewBox=\"0 0 30 32\"><path fill=\"#999\" d=\"M6.8 27.4h16v-4.6h-16v4.6zM6.8 16h16v-6.8h-2.8q-0.7 0-1.2-0.5t-0.5-1.2v-2.8h-11.4v11.4zM27.4 17.2q0-0.5-0.3-0.8t-0.8-0.4-0.8 0.4-0.3 0.8 0.3 0.8 0.8 0.3 0.8-0.3 0.3-0.8zM29.7 17.2v7.4q0 0.2-0.2 0.4t-0.4 0.2h-4v2.8q0 0.7-0.5 1.2t-1.2 0.5h-17.2q-0.7 0-1.2-0.5t-0.5-1.2v-2.8h-4q-0.2 0-0.4-0.2t-0.2-0.4v-7.4q0-1.4 1-2.4t2.4-1h1.2v-9.7q0-0.7 0.5-1.2t1.2-0.5h12q0.7 0 1.6 0.4t1.3 0.8l2.7 2.7q0.5 0.5 0.9 1.4t0.4 1.6v4.6h1.1q1.4 0 2.4 1t1 2.4z\"\/><\/svg><\/span><\/a><\/li><li class=\"shariff-button mailto shariff-nocustomcolor\" style=\"background-color:#a8a8a8;border-radius:1%\"><a href=\"mailto:?body=https%3A%2F%2Fwww.sonnenseite.com%2Fde%2Ffranz-alt%2Fkommentare-interviews%2Fbiden-und-harris-fuer-einen-gruenen-kapitalismus%2F&subject=Biden%20und%20%20Harris%20f%C3%BCr%20einen%20gr%C3%BCnen%20Kapitalismus\" title=\"Per E-Mail versenden\" aria-label=\"Per E-Mail versenden\" role=\"button\" rel=\"noopener nofollow\" class=\"shariff-link\" style=\";border-radius:1%; background-color:#999; color:#fff\"><span class=\"shariff-icon\" style=\"\"><svg width=\"32px\" height=\"20px\" xmlns=\"http:\/\/www.w3.org\/2000\/svg\" viewBox=\"0 0 32 32\"><path fill=\"#999\" d=\"M32 12.7v14.2q0 1.2-0.8 2t-2 0.9h-26.3q-1.2 0-2-0.9t-0.8-2v-14.2q0.8 0.9 1.8 1.6 6.5 4.4 8.9 6.1 1 0.8 1.6 1.2t1.7 0.9 2 0.4h0.1q0.9 0 2-0.4t1.7-0.9 1.6-1.2q3-2.2 8.9-6.1 1-0.7 1.8-1.6zM32 7.4q0 1.4-0.9 2.7t-2.2 2.2q-6.7 4.7-8.4 5.8-0.2 0.1-0.7 0.5t-1 0.7-0.9 0.6-1.1 0.5-0.9 0.2h-0.1q-0.4 0-0.9-0.2t-1.1-0.5-0.9-0.6-1-0.7-0.7-0.5q-1.6-1.1-4.7-3.2t-3.6-2.6q-1.1-0.7-2.1-2t-1-2.5q0-1.4 0.7-2.3t2.1-0.9h26.3q1.2 0 2 0.8t0.9 2z\"\/><\/svg><\/span><\/a><\/li><\/ul><\/div>","protected":false},"excerpt":{"rendered":"<p>Nach allem, was wir um die Mittagszeit des 7. November 2020 wissen, wird Joe Biden der [&hellip;]<\/p>\n","protected":false},"author":3,"featured_media":64819,"comment_status":"closed","ping_status":"closed","sticky":false,"template":"","format":"standard","meta":{"inline_featured_image":false,"footnotes":""},"categories":[29],"tags":[],"class_list":["post-64816","post","type-post","status-publish","format-standard","has-post-thumbnail","hentry","category-kommentare-interviews"],"yoast_head":"<!-- This site is optimized with the Yoast SEO plugin v26.5 - https:\/\/yoast.com\/wordpress\/plugins\/seo\/ -->\n<title>Biden und Harris f\u00fcr einen gr\u00fcnen Kapitalismus - Sonnenseite - \u00d6kologische Kommunikation mit Franz Alt<\/title>\n<meta name=\"description\" content=\"Nach allem, was wir um die Mittagszeit des 7. November 2020 wissen, wird Joe Biden der n\u00e4chste US-Pr\u00e4sident und \u2013 was vielleicht noch wichtiger ist -\" \/>\n<meta name=\"robots\" content=\"index, follow, max-snippet:-1, max-image-preview:large, max-video-preview:-1\" \/>\n<link rel=\"canonical\" href=\"https:\/\/www.sonnenseite.com\/de\/franz-alt\/kommentare-interviews\/biden-und-harris-fuer-einen-gruenen-kapitalismus\/\" \/>\n<meta property=\"og:locale\" content=\"de_DE\" \/>\n<meta property=\"og:type\" content=\"article\" \/>\n<meta property=\"og:title\" content=\"Biden und Harris f\u00fcr einen gr\u00fcnen Kapitalismus - Sonnenseite - \u00d6kologische Kommunikation mit Franz Alt\" \/>\n<meta property=\"og:description\" content=\"Nach allem, was wir um die Mittagszeit des 7. November 2020 wissen, wird Joe Biden der n\u00e4chste US-Pr\u00e4sident und \u2013 was vielleicht noch wichtiger ist -\" \/>\n<meta property=\"og:url\" content=\"https:\/\/www.sonnenseite.com\/de\/franz-alt\/kommentare-interviews\/biden-und-harris-fuer-einen-gruenen-kapitalismus\/\" \/>\n<meta property=\"og:site_name\" content=\"Sonnenseite\" \/>\n<meta property=\"article:publisher\" content=\"https:\/\/www.facebook.com\/pages\/Franz-Alt-SONNENSEITECOM\/221072987903953?fref=ts\" \/>\n<meta property=\"article:published_time\" content=\"2020-11-07T11:08:39+00:00\" \/>\n<meta property=\"article:modified_time\" content=\"2020-11-20T14:59:45+00:00\" \/>\n<meta property=\"og:image\" content=\"https:\/\/www.sonnenseite.com\/wp-content\/uploads\/2020\/11\/Biden_Harris_zhukovsky.jpg\" \/>\n\t<meta property=\"og:image:width\" content=\"770\" \/>\n\t<meta property=\"og:image:height\" content=\"420\" \/>\n\t<meta property=\"og:image:type\" content=\"image\/jpeg\" \/>\n<meta name=\"author\" content=\"Bigi Alt\" \/>\n<meta name=\"twitter:card\" content=\"summary_large_image\" \/>\n<meta name=\"twitter:creator\" content=\"@franzalt\" \/>\n<meta name=\"twitter:site\" content=\"@franzalt\" \/>\n<meta name=\"twitter:label1\" content=\"Verfasst von\" \/>\n\t<meta name=\"twitter:data1\" content=\"Bigi Alt\" \/>\n\t<meta name=\"twitter:label2\" content=\"Gesch\u00e4tzte Lesezeit\" \/>\n\t<meta name=\"twitter:data2\" content=\"3\u00a0Minuten\" \/>\n<script type=\"application\/ld+json\" class=\"yoast-schema-graph\">{\"@context\":\"https:\/\/schema.org\",\"@graph\":[{\"@type\":\"Article\",\"@id\":\"https:\/\/www.sonnenseite.com\/de\/franz-alt\/kommentare-interviews\/biden-und-harris-fuer-einen-gruenen-kapitalismus\/#article\",\"isPartOf\":{\"@id\":\"https:\/\/www.sonnenseite.com\/de\/franz-alt\/kommentare-interviews\/biden-und-harris-fuer-einen-gruenen-kapitalismus\/\"},\"author\":{\"name\":\"Bigi Alt\",\"@id\":\"https:\/\/www.sonnenseite.com\/de\/#\/schema\/person\/50fda0e926597684c7cc6695238a4eb9\"},\"headline\":\"Biden und Harris f\u00fcr einen gr\u00fcnen Kapitalismus\",\"datePublished\":\"2020-11-07T11:08:39+00:00\",\"dateModified\":\"2020-11-20T14:59:45+00:00\",\"mainEntityOfPage\":{\"@id\":\"https:\/\/www.sonnenseite.com\/de\/franz-alt\/kommentare-interviews\/biden-und-harris-fuer-einen-gruenen-kapitalismus\/\"},\"wordCount\":512,\"publisher\":{\"@id\":\"https:\/\/www.sonnenseite.com\/de\/#organization\"},\"image\":{\"@id\":\"https:\/\/www.sonnenseite.com\/de\/franz-alt\/kommentare-interviews\/biden-und-harris-fuer-einen-gruenen-kapitalismus\/#primaryimage\"},\"thumbnailUrl\":\"https:\/\/www.sonnenseite.com\/wp-content\/uploads\/2020\/11\/Biden_Harris_zhukovsky.jpg\",\"articleSection\":[\"Kommentare &amp; Interviews\"],\"inLanguage\":\"de\"},{\"@type\":\"WebPage\",\"@id\":\"https:\/\/www.sonnenseite.com\/de\/franz-alt\/kommentare-interviews\/biden-und-harris-fuer-einen-gruenen-kapitalismus\/\",\"url\":\"https:\/\/www.sonnenseite.com\/de\/franz-alt\/kommentare-interviews\/biden-und-harris-fuer-einen-gruenen-kapitalismus\/\",\"name\":\"Biden und Harris f\u00fcr einen gr\u00fcnen Kapitalismus - Sonnenseite - \u00d6kologische Kommunikation mit Franz Alt\",\"isPartOf\":{\"@id\":\"https:\/\/www.sonnenseite.com\/de\/#website\"},\"primaryImageOfPage\":{\"@id\":\"https:\/\/www.sonnenseite.com\/de\/franz-alt\/kommentare-interviews\/biden-und-harris-fuer-einen-gruenen-kapitalismus\/#primaryimage\"},\"image\":{\"@id\":\"https:\/\/www.sonnenseite.com\/de\/franz-alt\/kommentare-interviews\/biden-und-harris-fuer-einen-gruenen-kapitalismus\/#primaryimage\"},\"thumbnailUrl\":\"https:\/\/www.sonnenseite.com\/wp-content\/uploads\/2020\/11\/Biden_Harris_zhukovsky.jpg\",\"datePublished\":\"2020-11-07T11:08:39+00:00\",\"dateModified\":\"2020-11-20T14:59:45+00:00\",\"description\":\"Nach allem, was wir um die Mittagszeit des 7. November 2020 wissen, wird Joe Biden der n\u00e4chste US-Pr\u00e4sident und \u2013 was vielleicht noch wichtiger ist -\",\"breadcrumb\":{\"@id\":\"https:\/\/www.sonnenseite.com\/de\/franz-alt\/kommentare-interviews\/biden-und-harris-fuer-einen-gruenen-kapitalismus\/#breadcrumb\"},\"inLanguage\":\"de\",\"potentialAction\":[{\"@type\":\"ReadAction\",\"target\":[\"https:\/\/www.sonnenseite.com\/de\/franz-alt\/kommentare-interviews\/biden-und-harris-fuer-einen-gruenen-kapitalismus\/\"]}]},{\"@type\":\"ImageObject\",\"inLanguage\":\"de\",\"@id\":\"https:\/\/www.sonnenseite.com\/de\/franz-alt\/kommentare-interviews\/biden-und-harris-fuer-einen-gruenen-kapitalismus\/#primaryimage\",\"url\":\"https:\/\/www.sonnenseite.com\/wp-content\/uploads\/2020\/11\/Biden_Harris_zhukovsky.jpg\",\"contentUrl\":\"https:\/\/www.sonnenseite.com\/wp-content\/uploads\/2020\/11\/Biden_Harris_zhukovsky.jpg\",\"width\":770,\"height\":420,\"caption\":\"Clipdealer: com | zhukovsky | Joe Biden der neue US-Pr\u00e4sident und Kamala Harris seine Vizepr\u00e4sidentin\"},{\"@type\":\"BreadcrumbList\",\"@id\":\"https:\/\/www.sonnenseite.com\/de\/franz-alt\/kommentare-interviews\/biden-und-harris-fuer-einen-gruenen-kapitalismus\/#breadcrumb\",\"itemListElement\":[{\"@type\":\"ListItem\",\"position\":1,\"name\":\"Startseite\",\"item\":\"https:\/\/www.sonnenseite.com\/de\/\"},{\"@type\":\"ListItem\",\"position\":2,\"name\":\"Biden und Harris f\u00fcr einen gr\u00fcnen Kapitalismus\"}]},{\"@type\":\"WebSite\",\"@id\":\"https:\/\/www.sonnenseite.com\/de\/#website\",\"url\":\"https:\/\/www.sonnenseite.com\/de\/\",\"name\":\"Sonnenseite\",\"description\":\"\u00d6kologische Kommunikation mit Franz Alt\",\"publisher\":{\"@id\":\"https:\/\/www.sonnenseite.com\/de\/#organization\"},\"potentialAction\":[{\"@type\":\"SearchAction\",\"target\":{\"@type\":\"EntryPoint\",\"urlTemplate\":\"https:\/\/www.sonnenseite.com\/de\/?s={search_term_string}\"},\"query-input\":{\"@type\":\"PropertyValueSpecification\",\"valueRequired\":true,\"valueName\":\"search_term_string\"}}],\"inLanguage\":\"de\"},{\"@type\":\"Organization\",\"@id\":\"https:\/\/www.sonnenseite.com\/de\/#organization\",\"name\":\"Sonnenseite\",\"url\":\"https:\/\/www.sonnenseite.com\/de\/\",\"logo\":{\"@type\":\"ImageObject\",\"inLanguage\":\"de\",\"@id\":\"https:\/\/www.sonnenseite.com\/de\/#\/schema\/logo\/image\/\",\"url\":\"https:\/\/www.sonnenseite.com\/wp-content\/uploads\/2020\/05\/Sonnenseite_Logo.png\",\"contentUrl\":\"https:\/\/www.sonnenseite.com\/wp-content\/uploads\/2020\/05\/Sonnenseite_Logo.png\",\"width\":377,\"height\":90,\"caption\":\"Sonnenseite\"},\"image\":{\"@id\":\"https:\/\/www.sonnenseite.com\/de\/#\/schema\/logo\/image\/\"},\"sameAs\":[\"https:\/\/www.facebook.com\/pages\/Franz-Alt-SONNENSEITECOM\/221072987903953?fref=ts\",\"https:\/\/x.com\/franzalt\",\"http:\/\/www.youtube.com\/results?search_query&amp;amp;quot;franz_alt&amp;amp;quot;&amp;amp;amp;amp;search_type&amp;amp;amp;amp;aq=f\"]},{\"@type\":\"Person\",\"@id\":\"https:\/\/www.sonnenseite.com\/de\/#\/schema\/person\/50fda0e926597684c7cc6695238a4eb9\",\"name\":\"Bigi Alt\"}]}<\/script>\n<!-- \/ Yoast SEO plugin. -->","yoast_head_json":{"title":"Biden und Harris f\u00fcr einen gr\u00fcnen Kapitalismus - Sonnenseite - \u00d6kologische Kommunikation mit Franz Alt","description":"Nach allem, was wir um die Mittagszeit des 7. November 2020 wissen, wird Joe Biden der n\u00e4chste US-Pr\u00e4sident und \u2013 was vielleicht noch wichtiger ist -","robots":{"index":"index","follow":"follow","max-snippet":"max-snippet:-1","max-image-preview":"max-image-preview:large","max-video-preview":"max-video-preview:-1"},"canonical":"https:\/\/www.sonnenseite.com\/de\/franz-alt\/kommentare-interviews\/biden-und-harris-fuer-einen-gruenen-kapitalismus\/","og_locale":"de_DE","og_type":"article","og_title":"Biden und Harris f\u00fcr einen gr\u00fcnen Kapitalismus - Sonnenseite - \u00d6kologische Kommunikation mit Franz Alt","og_description":"Nach allem, was wir um die Mittagszeit des 7. November 2020 wissen, wird Joe Biden der n\u00e4chste US-Pr\u00e4sident und \u2013 was vielleicht noch wichtiger ist -","og_url":"https:\/\/www.sonnenseite.com\/de\/franz-alt\/kommentare-interviews\/biden-und-harris-fuer-einen-gruenen-kapitalismus\/","og_site_name":"Sonnenseite","article_publisher":"https:\/\/www.facebook.com\/pages\/Franz-Alt-SONNENSEITECOM\/221072987903953?fref=ts","article_published_time":"2020-11-07T11:08:39+00:00","article_modified_time":"2020-11-20T14:59:45+00:00","og_image":[{"width":770,"height":420,"url":"https:\/\/www.sonnenseite.com\/wp-content\/uploads\/2020\/11\/Biden_Harris_zhukovsky.jpg","type":"image\/jpeg"}],"author":"Bigi Alt","twitter_card":"summary_large_image","twitter_creator":"@franzalt","twitter_site":"@franzalt","twitter_misc":{"Verfasst von":"Bigi Alt","Gesch\u00e4tzte Lesezeit":"3\u00a0Minuten"},"schema":{"@context":"https:\/\/schema.org","@graph":[{"@type":"Article","@id":"https:\/\/www.sonnenseite.com\/de\/franz-alt\/kommentare-interviews\/biden-und-harris-fuer-einen-gruenen-kapitalismus\/#article","isPartOf":{"@id":"https:\/\/www.sonnenseite.com\/de\/franz-alt\/kommentare-interviews\/biden-und-harris-fuer-einen-gruenen-kapitalismus\/"},"author":{"name":"Bigi Alt","@id":"https:\/\/www.sonnenseite.com\/de\/#\/schema\/person\/50fda0e926597684c7cc6695238a4eb9"},"headline":"Biden und Harris f\u00fcr einen gr\u00fcnen Kapitalismus","datePublished":"2020-11-07T11:08:39+00:00","dateModified":"2020-11-20T14:59:45+00:00","mainEntityOfPage":{"@id":"https:\/\/www.sonnenseite.com\/de\/franz-alt\/kommentare-interviews\/biden-und-harris-fuer-einen-gruenen-kapitalismus\/"},"wordCount":512,"publisher":{"@id":"https:\/\/www.sonnenseite.com\/de\/#organization"},"image":{"@id":"https:\/\/www.sonnenseite.com\/de\/franz-alt\/kommentare-interviews\/biden-und-harris-fuer-einen-gruenen-kapitalismus\/#primaryimage"},"thumbnailUrl":"https:\/\/www.sonnenseite.com\/wp-content\/uploads\/2020\/11\/Biden_Harris_zhukovsky.jpg","articleSection":["Kommentare &amp; Interviews"],"inLanguage":"de"},{"@type":"WebPage","@id":"https:\/\/www.sonnenseite.com\/de\/franz-alt\/kommentare-interviews\/biden-und-harris-fuer-einen-gruenen-kapitalismus\/","url":"https:\/\/www.sonnenseite.com\/de\/franz-alt\/kommentare-interviews\/biden-und-harris-fuer-einen-gruenen-kapitalismus\/","name":"Biden und Harris f\u00fcr einen gr\u00fcnen Kapitalismus - Sonnenseite - \u00d6kologische Kommunikation mit Franz Alt","isPartOf":{"@id":"https:\/\/www.sonnenseite.com\/de\/#website"},"primaryImageOfPage":{"@id":"https:\/\/www.sonnenseite.com\/de\/franz-alt\/kommentare-interviews\/biden-und-harris-fuer-einen-gruenen-kapitalismus\/#primaryimage"},"image":{"@id":"https:\/\/www.sonnenseite.com\/de\/franz-alt\/kommentare-interviews\/biden-und-harris-fuer-einen-gruenen-kapitalismus\/#primaryimage"},"thumbnailUrl":"https:\/\/www.sonnenseite.com\/wp-content\/uploads\/2020\/11\/Biden_Harris_zhukovsky.jpg","datePublished":"2020-11-07T11:08:39+00:00","dateModified":"2020-11-20T14:59:45+00:00","description":"Nach allem, was wir um die Mittagszeit des 7. November 2020 wissen, wird Joe Biden der n\u00e4chste US-Pr\u00e4sident und \u2013 was vielleicht noch wichtiger ist -","breadcrumb":{"@id":"https:\/\/www.sonnenseite.com\/de\/franz-alt\/kommentare-interviews\/biden-und-harris-fuer-einen-gruenen-kapitalismus\/#breadcrumb"},"inLanguage":"de","potentialAction":[{"@type":"ReadAction","target":["https:\/\/www.sonnenseite.com\/de\/franz-alt\/kommentare-interviews\/biden-und-harris-fuer-einen-gruenen-kapitalismus\/"]}]},{"@type":"ImageObject","inLanguage":"de","@id":"https:\/\/www.sonnenseite.com\/de\/franz-alt\/kommentare-interviews\/biden-und-harris-fuer-einen-gruenen-kapitalismus\/#primaryimage","url":"https:\/\/www.sonnenseite.com\/wp-content\/uploads\/2020\/11\/Biden_Harris_zhukovsky.jpg","contentUrl":"https:\/\/www.sonnenseite.com\/wp-content\/uploads\/2020\/11\/Biden_Harris_zhukovsky.jpg","width":770,"height":420,"caption":"Clipdealer: com | zhukovsky | Joe Biden der neue US-Pr\u00e4sident und Kamala Harris seine Vizepr\u00e4sidentin"},{"@type":"BreadcrumbList","@id":"https:\/\/www.sonnenseite.com\/de\/franz-alt\/kommentare-interviews\/biden-und-harris-fuer-einen-gruenen-kapitalismus\/#breadcrumb","itemListElement":[{"@type":"ListItem","position":1,"name":"Startseite","item":"https:\/\/www.sonnenseite.com\/de\/"},{"@type":"ListItem","position":2,"name":"Biden und Harris f\u00fcr einen gr\u00fcnen Kapitalismus"}]},{"@type":"WebSite","@id":"https:\/\/www.sonnenseite.com\/de\/#website","url":"https:\/\/www.sonnenseite.com\/de\/","name":"Sonnenseite","description":"\u00d6kologische Kommunikation mit Franz Alt","publisher":{"@id":"https:\/\/www.sonnenseite.com\/de\/#organization"},"potentialAction":[{"@type":"SearchAction","target":{"@type":"EntryPoint","urlTemplate":"https:\/\/www.sonnenseite.com\/de\/?s={search_term_string}"},"query-input":{"@type":"PropertyValueSpecification","valueRequired":true,"valueName":"search_term_string"}}],"inLanguage":"de"},{"@type":"Organization","@id":"https:\/\/www.sonnenseite.com\/de\/#organization","name":"Sonnenseite","url":"https:\/\/www.sonnenseite.com\/de\/","logo":{"@type":"ImageObject","inLanguage":"de","@id":"https:\/\/www.sonnenseite.com\/de\/#\/schema\/logo\/image\/","url":"https:\/\/www.sonnenseite.com\/wp-content\/uploads\/2020\/05\/Sonnenseite_Logo.png","contentUrl":"https:\/\/www.sonnenseite.com\/wp-content\/uploads\/2020\/05\/Sonnenseite_Logo.png","width":377,"height":90,"caption":"Sonnenseite"},"image":{"@id":"https:\/\/www.sonnenseite.com\/de\/#\/schema\/logo\/image\/"},"sameAs":["https:\/\/www.facebook.com\/pages\/Franz-Alt-SONNENSEITECOM\/221072987903953?fref=ts","https:\/\/x.com\/franzalt","http:\/\/www.youtube.com\/results?search_query&amp;amp;quot;franz_alt&amp;amp;quot;&amp;amp;amp;amp;search_type&amp;amp;amp;amp;aq=f"]},{"@type":"Person","@id":"https:\/\/www.sonnenseite.com\/de\/#\/schema\/person\/50fda0e926597684c7cc6695238a4eb9","name":"Bigi Alt"}]}},"_links":{"self":[{"href":"https:\/\/www.sonnenseite.com\/de\/wp-json\/wp\/v2\/posts\/64816","targetHints":{"allow":["GET"]}}],"collection":[{"href":"https:\/\/www.sonnenseite.com\/de\/wp-json\/wp\/v2\/posts"}],"about":[{"href":"https:\/\/www.sonnenseite.com\/de\/wp-json\/wp\/v2\/types\/post"}],"author":[{"embeddable":true,"href":"https:\/\/www.sonnenseite.com\/de\/wp-json\/wp\/v2\/users\/3"}],"replies":[{"embeddable":true,"href":"https:\/\/www.sonnenseite.com\/de\/wp-json\/wp\/v2\/comments?post=64816"}],"version-history":[{"count":6,"href":"https:\/\/www.sonnenseite.com\/de\/wp-json\/wp\/v2\/posts\/64816\/revisions"}],"predecessor-version":[{"id":64826,"href":"https:\/\/www.sonnenseite.com\/de\/wp-json\/wp\/v2\/posts\/64816\/revisions\/64826"}],"wp:featuredmedia":[{"embeddable":true,"href":"https:\/\/www.sonnenseite.com\/de\/wp-json\/wp\/v2\/media\/64819"}],"wp:attachment":[{"href":"https:\/\/www.sonnenseite.com\/de\/wp-json\/wp\/v2\/media?parent=64816"}],"wp:term":[{"taxonomy":"category","embeddable":true,"href":"https:\/\/www.sonnenseite.com\/de\/wp-json\/wp\/v2\/categories?post=64816"},{"taxonomy":"post_tag","embeddable":true,"href":"https:\/\/www.sonnenseite.com\/de\/wp-json\/wp\/v2\/tags?post=64816"}],"curies":[{"name":"wp","href":"https:\/\/api.w.org\/{rel}","templated":true}]}}