{"id":66128,"date":"2020-12-12T12:41:40","date_gmt":"2020-12-12T11:41:40","guid":{"rendered":"https:\/\/www.sonnenseite.com\/?p=66128"},"modified":"2020-12-12T12:41:42","modified_gmt":"2020-12-12T11:41:42","slug":"rekord-rueckgang-der-globalen-co2-emissionen","status":"publish","type":"post","link":"https:\/\/www.sonnenseite.com\/de\/wissenschaft\/rekord-rueckgang-der-globalen-co2-emissionen\/","title":{"rendered":"Rekord-R\u00fcckgang der globalen CO2-Emissionen"},"content":{"rendered":"\n<p>Die neue Bilanz des Global Carbon Projects, an dem LMU-Wissenschaftlerinnen ma\u00dfgeblich beteiligt sind, zeigt dank der Corona-Pandemie einen noch nie erreichten R\u00fcckgang der fossilen CO2-Emissionen. Die atmosph\u00e4rische CO2-Konzentration steigt weiter an.<\/p>\n\n\n\n<p>Die Corona-Pandemie hat zu einem deutlichen R\u00fcckgang der globalen Kohlendioxid-Emissionen gef\u00fchrt. Dies zeigt die j\u00e4hrliche Bilanz des Global Carbon Projects (GCP), eines weltweiten Zusammenschlusses von Klimaforschern, an dem die LMU-Geografin <a href=\"https:\/\/www.geographie.uni-muenchen.de\/department\/fiona\/personen\/index.php?personen_details=1&amp;user_id=307\" target=\"_blank\" rel=\"noreferrer noopener\">Julia Pongratz<\/a> mit ihren Kolleginnen Selma Bultan und Kerstin Hartung ma\u00dfgeblich beteiligt ist. Die Wissenschaftler analysieren, welche Mengen an Treibhausgasen j\u00e4hrlich freigesetzt beziehungsweise der Atmosph\u00e4re durch Aufnahme in Landvegetation und Ozeane entzogen werden.<br><br>Der neueste Bericht des GCP zeigt, dass es f\u00fcnf Jahre nach dem Pariser Klimaabkommen gelungen ist, die Zunahme der globalen CO<sub>2<\/sub>-Emissionen zu verlangsamen: In der Dekade von 2010\u20132019 gingen die fossilen CO<sub>2<\/sub>-Emissionen bereits in 24 L\u00e4ndern mit wachsenden Volkswirtschaften deutlich zur\u00fcck, was auch auf ein Greifen von Klimapolitik zur\u00fcckzuf\u00fchren sein k\u00f6nnte. Im Jahr 2020 sanken die weltweiten fossilen Emissionen auch aufgrund der Einschr\u00e4nkungen durch die Corona-Pandemie um den Rekordwert von 7 Prozent oder umgerechnet etwa 2,4 Milliarden Tonnen CO<sub>2<\/sub> auf 34 Milliarden Tonnen CO<sub>2<\/sub>. Dieser R\u00fcckgang ist erheblich gr\u00f6\u00dfer als fr\u00fchere signifikante R\u00fcckg\u00e4nge von 0,5 (1981 und 2009), 0,7 (1992) und 0,9 (1945) Milliarden Tonnen CO<sub>2<\/sub>. Um die Pariser Klimaziele nicht zu \u00fcberschreiten, m\u00fcssen zwischen 2020 und 2030 im Durchschnitt j\u00e4hrlich 1\u20132 Milliarden Tonnen CO<sub>2<\/sub> eingespart werden.<br><br>Besonders deutlich war der R\u00fcckgang der Emissionen in den USA (-12%) und in den EU-Mitgliedsstaaten (-11%). \u201eHier trafen verringerte Emissionen aus der Kohlenutzung und die Auswirkungen der pandemiebedingten Beschr\u00e4nkungen zusammen\u201c, erkl\u00e4rt Pongratz. \u201eSchon 2019 stiegen die CO<sub>2<\/sub>-Emissionen langsamer als in den Vorjahren. Mit der Corona-Pandemie sanken die Emissionen nun deutlich, deshalb ist 2020 ein zentrales Jahr. Ob dies einen Trend einl\u00e4utet, h\u00e4ngt allerdings stark davon ab, wie sich die Ma\u00dfnahmen in den Covid-19-Stimuluspaketen weltweit ausgestalten. Wir beobachten bereits, dass die Emissionen sich langsam wieder dem Niveau von 2019 ann\u00e4hern.\u201c<\/p>\n\n\n\n<h5 class=\"wp-block-heading\">Transportsektor bringt die gr\u00f6\u00dften Einsparungen<\/h5>\n\n\n\n<p>F\u00fcr den gr\u00f6\u00dften Teil des R\u00fcckgangs der Emissionen im Jahr 2020 war der Transportsektor verantwortlich. Auch im Dezember 2020 lagen die Emissionen aus dem Stra\u00dfen- und Luftverkehr aufgrund der anhaltenden Beschr\u00e4nkungen immer noch um etwa 10% bzw. 40% unter den Werten von 2019. Ob der 2020 auch Corona-bedingte R\u00fcckgang der Emissionen sich in der Zukunft fortsetzen wird, kann derzeit noch nicht abgesch\u00e4tzt werden, warnen die Forscher. Nach dem R\u00fcckgang der Emissionen aufgrund der globalen Finanzkrise 2008 stiegen die Emissionen im Jahr 2010 sprungartig um 5% an, als sich die Wirtschaft erholte. Es besteht die Bef\u00fcrchtung, dass ein sprunghafter Anstieg der CO<sub>2<\/sub>-Emissionen auch 2021 passiert.<\/p>\n\n\n\n<p>Die CO<sub>2<\/sub>-Emissionen insgesamt\u00a0\u2013 aus fossilem CO<sub>2<\/sub> und aus Landnutzung\u00a0\u2013 liegen 2020 bei etwa 39 Milliarden Tonnen CO<sub>2<\/sub>, trotz des R\u00fcckgangs also immer noch auf einem Niveau wie etwa 2012. Dies lie\u00df den CO<sub>2<\/sub>-Gehalt in der Atmosph\u00e4re weiter ansteigen. Im Jahresmittel wird er voraussichtlich einen neuen Rekordwert von 412 ppm (parts per million) erreichen. Das entspricht einer Zunahme von 48 Prozent gegen\u00fcber dem vorindustriellen Wert. Stabilisieren wird sich der atmosph\u00e4rische CO<sub>2<\/sub>-Gehalt und damit das Weltklima erst, wenn die globalen CO<sub>2<\/sub>-Emissionen sehr nahe bei Null liegen, so die Forscher.<\/p>\n\n\n\n<p>Die Land- und Ozeansenken nehmen den Emissionen entsprechend kontinuierlich zu und haben im Jahr 2020 etwa 54% der gesamten anthropogenen CO<sub>2<\/sub>-Emissionen aufgenommen.<\/p>\n\n\n\n<h5 class=\"wp-block-heading\">Emissionen aus der Landnutzung bleiben unver\u00e4ndert<\/h5>\n\n\n\n<p>Julia Pongratz untersucht insbesondere, welchen Einfluss die Landnutzung durch den Menschen auf die globale Kohlenstoffbilanz \u2013 und damit auch das Klima \u2013 hat. Im Vergleich zu den ungew\u00f6hnlich hohen Emissionen durch Landnutzungs\u00e4nderungen im Jahr 2019, die unter anderem durch au\u00dferordentlich trockene Bedingungen in Indonesien und die h\u00f6chsten Entwaldungsraten im Amazonasgebiet seit 2008 verursacht waren, lagen die Werte 2020 niedriger und entsprachen dem Durchschnitt des letzten Jahrzehnts.<br><br>\u201eErstmals konnten wir f\u00fcr 2020 zudem auch Brutto-Werte f\u00fcr die Auswirkung von Landnutzungs\u00e4nderungen auf das globale Kohlenstoffbudget absch\u00e4tzen\u201c, sagt die Geografin. Dabei fanden die Wissenschaftler, dass durch Landnutzungs\u00e4nderungen \u2013 haupts\u00e4chlich durch Entwaldung \u2013 ungef\u00e4hr 16 Milliarden Tonnen CO<sub>2<\/sub> freigesetzt wurden. Dem gegen\u00fcber stehen knapp 11 Milliarden Tonnen, die haupts\u00e4chlich durch die Aufgabe landwirtschaftlicher Nutzfl\u00e4chen wieder aufgenommen wurden. Netto waren die Emissionen aus Landnutzungs\u00e4nderungen mit etwa 6 Milliarden Tonnen CO<sub>2<\/sub> \u00e4hnlich hoch wie im vergangenen Jahrzehnt. \u201eWir sehen also in diesem Bereich noch keine Reduktion. Die Entwaldung schreitet vor allem in tropischen Regionen immer noch stark fort, und im Schatten von Covid sind die Emissionen aus der Landnutzung in der \u00f6ffentlichen Wahrnehmung zur\u00fcckgetreten\u201c, stellt Pongratz fest. \u201eMa\u00dfnahmen zum besseren Landmanagement k\u00f6nnten sowohl der Entwaldung Einhalt gebieten als auch dazu beitragen, die CO<sub>2<\/sub>-Senke durch Nachwachsen nat\u00fcrlicher Vegetation zu vergr\u00f6\u00dfern.\u201c<br><br>Das Team von 86 Klimaforschern aus aller Welt ver\u00f6ffentlicht die <a href=\"https:\/\/essd.copernicus.org\/articles\/12\/3269\/2020\/\" target=\"_blank\" rel=\"noreferrer noopener\">CO<sub>2<\/sub>-Bilanz 2020 in der Fachzeitschrift Earth System Science Data<\/a>. Das Global Carbon Budget 2020 ist die 15. Ausgabe der j\u00e4hrlichen Gutachten. Aus Deutschland sind neben Julia Pongratz, Selma Bultan und Kerstin Hartung auch Wissenschaftlerinnen und Wissenschaftler des Alfred-Wegener-Instituts (Bremerhaven), des Max-Planck-Instituts f\u00fcr Meteorologie (Hamburg), des Max-Planck-Instituts f\u00fcr Biogeochemie (Jena), des Karlsruhe Institute of Technology, des GEOMAR Helmholtz-Zentrums f\u00fcr Ozeanforschung (Kiel) und des Leibniz-Instituts f\u00fcr Ostseeforschung (Warnem\u00fcnde) beteiligt.<\/p>\n\n\n\n<ul class=\"wp-block-list\"><li><a href=\"http:\/\/www.globalcarbonproject.org\/carbonbudget\" target=\"_blank\" rel=\"noreferrer noopener\">Daten und Abbildungen<\/a><\/li><li><a href=\"http:\/\/www.globalcarbonatlas.org\" target=\"_blank\" rel=\"noreferrer noopener\">Datenatlas<\/a><\/li><li><a href=\"https:\/\/carbonmonitor.org\/\" target=\"_blank\" rel=\"noreferrer noopener\">T\u00e4gliche Emissionen (Carbon Monitor)<\/a><\/li><\/ul>\n\n\n<h5 class=\"green\">Quelle<\/h5>\r\n\n\n\n<p><a href=\"https:\/\/www.uni-muenchen.de\/forschung\/news\/2020\/pongratz_globalcarbonprojekt.html\">Ludwig-Maximilians-Universit\u00e4t M\u00fcnchen 2020<\/a><\/p>\n<div class=\"shariff shariff-align-flex-start shariff-widget-align-flex-start\"><div class=\"ShariffHeadline\">Diese Meldung teilen<\/div><ul class=\"shariff-buttons theme-round orientation-horizontal buttonsize-medium\"><li class=\"shariff-button facebook shariff-nocustomcolor\" style=\"background-color:#4273c8;border-radius:1%\"><a href=\"https:\/\/www.facebook.com\/sharer\/sharer.php?u=https%3A%2F%2Fwww.sonnenseite.com%2Fde%2Fwissenschaft%2Frekord-rueckgang-der-globalen-co2-emissionen%2F\" title=\"Bei Facebook teilen\" aria-label=\"Bei Facebook teilen\" role=\"button\" rel=\"nofollow\" class=\"shariff-link\" style=\";border-radius:1%; background-color:#3b5998; color:#fff\" target=\"_blank\"><span class=\"shariff-icon\" style=\"\"><svg width=\"32px\" height=\"20px\" xmlns=\"http:\/\/www.w3.org\/2000\/svg\" viewBox=\"0 0 18 32\"><path fill=\"#3b5998\" d=\"M17.1 0.2v4.7h-2.8q-1.5 0-2.1 0.6t-0.5 1.9v3.4h5.2l-0.7 5.3h-4.5v13.6h-5.5v-13.6h-4.5v-5.3h4.5v-3.9q0-3.3 1.9-5.2t5-1.8q2.6 0 4.1 0.2z\"\/><\/svg><\/span><\/a><\/li><li class=\"shariff-button twitter shariff-nocustomcolor\" style=\"background-color:#595959;border-radius:1%\"><a href=\"https:\/\/twitter.com\/share?url=https%3A%2F%2Fwww.sonnenseite.com%2Fde%2Fwissenschaft%2Frekord-rueckgang-der-globalen-co2-emissionen%2F&text=Rekord-R%C3%BCckgang%20der%20globalen%20CO2-Emissionen\" title=\"Bei X teilen\" aria-label=\"Bei X teilen\" role=\"button\" rel=\"noopener nofollow\" class=\"shariff-link\" style=\";border-radius:1%; background-color:#000; color:#fff\" target=\"_blank\"><span class=\"shariff-icon\" style=\"\"><svg width=\"32px\" height=\"20px\" xmlns=\"http:\/\/www.w3.org\/2000\/svg\" viewBox=\"0 0 24 24\"><path fill=\"#000\" d=\"M14.258 10.152L23.176 0h-2.113l-7.747 8.813L7.133 0H0l9.352 13.328L0 23.973h2.113l8.176-9.309 6.531 9.309h7.133zm-2.895 3.293l-.949-1.328L2.875 1.56h3.246l6.086 8.523.945 1.328 7.91 11.078h-3.246zm0 0\"\/><\/svg><\/span><\/a><\/li><li class=\"shariff-button xing shariff-nocustomcolor\" style=\"background-color:#29888a;border-radius:1%\"><a href=\"https:\/\/www.xing.com\/spi\/shares\/new?url=https%3A%2F%2Fwww.sonnenseite.com%2Fde%2Fwissenschaft%2Frekord-rueckgang-der-globalen-co2-emissionen%2F\" title=\"Bei XING teilen\" aria-label=\"Bei XING teilen\" role=\"button\" rel=\"noopener nofollow\" class=\"shariff-link\" style=\";border-radius:1%; background-color:#126567; color:#fff\" target=\"_blank\"><span class=\"shariff-icon\" style=\"\"><svg width=\"32px\" height=\"20px\" xmlns=\"http:\/\/www.w3.org\/2000\/svg\" viewBox=\"0 0 25 32\"><path fill=\"#126567\" d=\"M10.7 11.9q-0.2 0.3-4.6 8.2-0.5 0.8-1.2 0.8h-4.3q-0.4 0-0.5-0.3t0-0.6l4.5-8q0 0 0 0l-2.9-5q-0.2-0.4 0-0.7 0.2-0.3 0.5-0.3h4.3q0.7 0 1.2 0.8zM25.1 0.4q0.2 0.3 0 0.7l-9.4 16.7 6 11q0.2 0.4 0 0.6-0.2 0.3-0.6 0.3h-4.3q-0.7 0-1.2-0.8l-6-11.1q0.3-0.6 9.5-16.8 0.4-0.8 1.2-0.8h4.3q0.4 0 0.5 0.3z\"\/><\/svg><\/span><\/a><\/li><li class=\"shariff-button linkedin shariff-nocustomcolor\" style=\"background-color:#1488bf;border-radius:1%\"><a href=\"https:\/\/www.linkedin.com\/sharing\/share-offsite\/?url=https%3A%2F%2Fwww.sonnenseite.com%2Fde%2Fwissenschaft%2Frekord-rueckgang-der-globalen-co2-emissionen%2F\" title=\"Bei LinkedIn teilen\" aria-label=\"Bei LinkedIn teilen\" role=\"button\" rel=\"noopener nofollow\" class=\"shariff-link\" style=\";border-radius:1%; background-color:#0077b5; color:#fff\" target=\"_blank\"><span class=\"shariff-icon\" style=\"\"><svg width=\"32px\" height=\"20px\" xmlns=\"http:\/\/www.w3.org\/2000\/svg\" viewBox=\"0 0 27 32\"><path fill=\"#0077b5\" d=\"M6.2 11.2v17.7h-5.9v-17.7h5.9zM6.6 5.7q0 1.3-0.9 2.2t-2.4 0.9h0q-1.5 0-2.4-0.9t-0.9-2.2 0.9-2.2 2.4-0.9 2.4 0.9 0.9 2.2zM27.4 18.7v10.1h-5.9v-9.5q0-1.9-0.7-2.9t-2.3-1.1q-1.1 0-1.9 0.6t-1.2 1.5q-0.2 0.5-0.2 1.4v9.9h-5.9q0-7.1 0-11.6t0-5.3l0-0.9h5.9v2.6h0q0.4-0.6 0.7-1t1-0.9 1.6-0.8 2-0.3q3 0 4.9 2t1.9 6z\"\/><\/svg><\/span><\/a><\/li><li class=\"shariff-button printer shariff-nocustomcolor\" style=\"background-color:#a8a8a8;border-radius:1%\"><a href=\"javascript:window.print()\" title=\"drucken\" aria-label=\"drucken\" role=\"button\" rel=\"noopener nofollow\" class=\"shariff-link\" style=\";border-radius:1%; background-color:#999; color:#fff\"><span class=\"shariff-icon\" style=\"\"><svg width=\"32px\" height=\"20px\" xmlns=\"http:\/\/www.w3.org\/2000\/svg\" viewBox=\"0 0 30 32\"><path fill=\"#999\" d=\"M6.8 27.4h16v-4.6h-16v4.6zM6.8 16h16v-6.8h-2.8q-0.7 0-1.2-0.5t-0.5-1.2v-2.8h-11.4v11.4zM27.4 17.2q0-0.5-0.3-0.8t-0.8-0.4-0.8 0.4-0.3 0.8 0.3 0.8 0.8 0.3 0.8-0.3 0.3-0.8zM29.7 17.2v7.4q0 0.2-0.2 0.4t-0.4 0.2h-4v2.8q0 0.7-0.5 1.2t-1.2 0.5h-17.2q-0.7 0-1.2-0.5t-0.5-1.2v-2.8h-4q-0.2 0-0.4-0.2t-0.2-0.4v-7.4q0-1.4 1-2.4t2.4-1h1.2v-9.7q0-0.7 0.5-1.2t1.2-0.5h12q0.7 0 1.6 0.4t1.3 0.8l2.7 2.7q0.5 0.5 0.9 1.4t0.4 1.6v4.6h1.1q1.4 0 2.4 1t1 2.4z\"\/><\/svg><\/span><\/a><\/li><li class=\"shariff-button mailto shariff-nocustomcolor\" style=\"background-color:#a8a8a8;border-radius:1%\"><a href=\"mailto:?body=https%3A%2F%2Fwww.sonnenseite.com%2Fde%2Fwissenschaft%2Frekord-rueckgang-der-globalen-co2-emissionen%2F&subject=Rekord-R%C3%BCckgang%20der%20globalen%20CO2-Emissionen\" title=\"Per E-Mail versenden\" aria-label=\"Per E-Mail versenden\" role=\"button\" rel=\"noopener nofollow\" class=\"shariff-link\" style=\";border-radius:1%; background-color:#999; color:#fff\"><span class=\"shariff-icon\" style=\"\"><svg width=\"32px\" height=\"20px\" xmlns=\"http:\/\/www.w3.org\/2000\/svg\" viewBox=\"0 0 32 32\"><path fill=\"#999\" d=\"M32 12.7v14.2q0 1.2-0.8 2t-2 0.9h-26.3q-1.2 0-2-0.9t-0.8-2v-14.2q0.8 0.9 1.8 1.6 6.5 4.4 8.9 6.1 1 0.8 1.6 1.2t1.7 0.9 2 0.4h0.1q0.9 0 2-0.4t1.7-0.9 1.6-1.2q3-2.2 8.9-6.1 1-0.7 1.8-1.6zM32 7.4q0 1.4-0.9 2.7t-2.2 2.2q-6.7 4.7-8.4 5.8-0.2 0.1-0.7 0.5t-1 0.7-0.9 0.6-1.1 0.5-0.9 0.2h-0.1q-0.4 0-0.9-0.2t-1.1-0.5-0.9-0.6-1-0.7-0.7-0.5q-1.6-1.1-4.7-3.2t-3.6-2.6q-1.1-0.7-2.1-2t-1-2.5q0-1.4 0.7-2.3t2.1-0.9h26.3q1.2 0 2 0.8t0.9 2z\"\/><\/svg><\/span><\/a><\/li><\/ul><\/div>","protected":false},"excerpt":{"rendered":"<p>Die neue Bilanz des Global Carbon Projects, an dem LMU-Wissenschaftlerinnen ma\u00dfgeblich beteiligt sind, zeigt dank der [&hellip;]<\/p>\n","protected":false},"author":3,"featured_media":49264,"comment_status":"closed","ping_status":"closed","sticky":false,"template":"","format":"standard","meta":{"inline_featured_image":false,"footnotes":""},"categories":[26],"tags":[],"class_list":["post-66128","post","type-post","status-publish","format-standard","has-post-thumbnail","hentry","category-wissenschaft"],"yoast_head":"<!-- This site is optimized with the Yoast SEO plugin v26.5 - https:\/\/yoast.com\/wordpress\/plugins\/seo\/ -->\n<title>Rekord-R\u00fcckgang der globalen CO2-Emissionen - Sonnenseite - \u00d6kologische Kommunikation mit Franz Alt<\/title>\n<meta name=\"description\" content=\"Die neue Bilanz des Global Carbon Projects, an dem LMU-Wissenschaftlerinnen ma\u00dfgeblich beteiligt sind, zeigt dank der Corona-Pandemie einen noch nie\" \/>\n<meta name=\"robots\" content=\"index, follow, max-snippet:-1, max-image-preview:large, max-video-preview:-1\" \/>\n<link rel=\"canonical\" href=\"https:\/\/www.sonnenseite.com\/de\/wissenschaft\/rekord-rueckgang-der-globalen-co2-emissionen\/\" \/>\n<meta property=\"og:locale\" content=\"de_DE\" \/>\n<meta property=\"og:type\" content=\"article\" \/>\n<meta property=\"og:title\" content=\"Rekord-R\u00fcckgang der globalen CO2-Emissionen - Sonnenseite - \u00d6kologische Kommunikation mit Franz Alt\" \/>\n<meta property=\"og:description\" content=\"Die neue Bilanz des Global Carbon Projects, an dem LMU-Wissenschaftlerinnen ma\u00dfgeblich beteiligt sind, zeigt dank der Corona-Pandemie einen noch nie\" \/>\n<meta property=\"og:url\" content=\"https:\/\/www.sonnenseite.com\/de\/wissenschaft\/rekord-rueckgang-der-globalen-co2-emissionen\/\" \/>\n<meta property=\"og:site_name\" content=\"Sonnenseite\" \/>\n<meta property=\"article:publisher\" content=\"https:\/\/www.facebook.com\/pages\/Franz-Alt-SONNENSEITECOM\/221072987903953?fref=ts\" \/>\n<meta property=\"article:published_time\" content=\"2020-12-12T11:41:40+00:00\" \/>\n<meta property=\"article:modified_time\" content=\"2020-12-12T11:41:42+00:00\" \/>\n<meta property=\"og:image\" content=\"https:\/\/www.sonnenseite.com\/wp-content\/uploads\/2014\/11\/industrie_rauch_Hans.jpg\" \/>\n\t<meta property=\"og:image:width\" content=\"770\" \/>\n\t<meta property=\"og:image:height\" content=\"420\" \/>\n\t<meta property=\"og:image:type\" content=\"image\/jpeg\" \/>\n<meta name=\"author\" content=\"Bigi Alt\" \/>\n<meta name=\"twitter:card\" content=\"summary_large_image\" \/>\n<meta name=\"twitter:creator\" content=\"@franzalt\" \/>\n<meta name=\"twitter:site\" content=\"@franzalt\" \/>\n<meta name=\"twitter:label1\" content=\"Verfasst von\" \/>\n\t<meta name=\"twitter:data1\" content=\"Bigi Alt\" \/>\n\t<meta name=\"twitter:label2\" content=\"Gesch\u00e4tzte Lesezeit\" \/>\n\t<meta name=\"twitter:data2\" content=\"4\u00a0Minuten\" \/>\n<script type=\"application\/ld+json\" class=\"yoast-schema-graph\">{\"@context\":\"https:\/\/schema.org\",\"@graph\":[{\"@type\":\"Article\",\"@id\":\"https:\/\/www.sonnenseite.com\/de\/wissenschaft\/rekord-rueckgang-der-globalen-co2-emissionen\/#article\",\"isPartOf\":{\"@id\":\"https:\/\/www.sonnenseite.com\/de\/wissenschaft\/rekord-rueckgang-der-globalen-co2-emissionen\/\"},\"author\":{\"name\":\"Bigi Alt\",\"@id\":\"https:\/\/www.sonnenseite.com\/de\/#\/schema\/person\/50fda0e926597684c7cc6695238a4eb9\"},\"headline\":\"Rekord-R\u00fcckgang der globalen CO2-Emissionen\",\"datePublished\":\"2020-12-12T11:41:40+00:00\",\"dateModified\":\"2020-12-12T11:41:42+00:00\",\"mainEntityOfPage\":{\"@id\":\"https:\/\/www.sonnenseite.com\/de\/wissenschaft\/rekord-rueckgang-der-globalen-co2-emissionen\/\"},\"wordCount\":868,\"publisher\":{\"@id\":\"https:\/\/www.sonnenseite.com\/de\/#organization\"},\"image\":{\"@id\":\"https:\/\/www.sonnenseite.com\/de\/wissenschaft\/rekord-rueckgang-der-globalen-co2-emissionen\/#primaryimage\"},\"thumbnailUrl\":\"https:\/\/www.sonnenseite.com\/wp-content\/uploads\/2014\/11\/industrie_rauch_Hans.jpg\",\"articleSection\":[\"Wissenschaft\"],\"inLanguage\":\"de\"},{\"@type\":\"WebPage\",\"@id\":\"https:\/\/www.sonnenseite.com\/de\/wissenschaft\/rekord-rueckgang-der-globalen-co2-emissionen\/\",\"url\":\"https:\/\/www.sonnenseite.com\/de\/wissenschaft\/rekord-rueckgang-der-globalen-co2-emissionen\/\",\"name\":\"Rekord-R\u00fcckgang der globalen CO2-Emissionen - Sonnenseite - \u00d6kologische Kommunikation mit Franz Alt\",\"isPartOf\":{\"@id\":\"https:\/\/www.sonnenseite.com\/de\/#website\"},\"primaryImageOfPage\":{\"@id\":\"https:\/\/www.sonnenseite.com\/de\/wissenschaft\/rekord-rueckgang-der-globalen-co2-emissionen\/#primaryimage\"},\"image\":{\"@id\":\"https:\/\/www.sonnenseite.com\/de\/wissenschaft\/rekord-rueckgang-der-globalen-co2-emissionen\/#primaryimage\"},\"thumbnailUrl\":\"https:\/\/www.sonnenseite.com\/wp-content\/uploads\/2014\/11\/industrie_rauch_Hans.jpg\",\"datePublished\":\"2020-12-12T11:41:40+00:00\",\"dateModified\":\"2020-12-12T11:41:42+00:00\",\"description\":\"Die neue Bilanz des Global Carbon Projects, an dem LMU-Wissenschaftlerinnen ma\u00dfgeblich beteiligt sind, zeigt dank der Corona-Pandemie einen noch nie\",\"breadcrumb\":{\"@id\":\"https:\/\/www.sonnenseite.com\/de\/wissenschaft\/rekord-rueckgang-der-globalen-co2-emissionen\/#breadcrumb\"},\"inLanguage\":\"de\",\"potentialAction\":[{\"@type\":\"ReadAction\",\"target\":[\"https:\/\/www.sonnenseite.com\/de\/wissenschaft\/rekord-rueckgang-der-globalen-co2-emissionen\/\"]}]},{\"@type\":\"ImageObject\",\"inLanguage\":\"de\",\"@id\":\"https:\/\/www.sonnenseite.com\/de\/wissenschaft\/rekord-rueckgang-der-globalen-co2-emissionen\/#primaryimage\",\"url\":\"https:\/\/www.sonnenseite.com\/wp-content\/uploads\/2014\/11\/industrie_rauch_Hans.jpg\",\"contentUrl\":\"https:\/\/www.sonnenseite.com\/wp-content\/uploads\/2014\/11\/industrie_rauch_Hans.jpg\",\"width\":770,\"height\":420,\"caption\":\"pixabay.com | Hans | 2020 gingen in den USA und der EU auch die Emissionen aus der Kohlenutzung zur\u00fcck.\"},{\"@type\":\"BreadcrumbList\",\"@id\":\"https:\/\/www.sonnenseite.com\/de\/wissenschaft\/rekord-rueckgang-der-globalen-co2-emissionen\/#breadcrumb\",\"itemListElement\":[{\"@type\":\"ListItem\",\"position\":1,\"name\":\"Startseite\",\"item\":\"https:\/\/www.sonnenseite.com\/de\/\"},{\"@type\":\"ListItem\",\"position\":2,\"name\":\"Rekord-R\u00fcckgang der globalen CO2-Emissionen\"}]},{\"@type\":\"WebSite\",\"@id\":\"https:\/\/www.sonnenseite.com\/de\/#website\",\"url\":\"https:\/\/www.sonnenseite.com\/de\/\",\"name\":\"Sonnenseite\",\"description\":\"\u00d6kologische Kommunikation mit Franz Alt\",\"publisher\":{\"@id\":\"https:\/\/www.sonnenseite.com\/de\/#organization\"},\"potentialAction\":[{\"@type\":\"SearchAction\",\"target\":{\"@type\":\"EntryPoint\",\"urlTemplate\":\"https:\/\/www.sonnenseite.com\/de\/?s={search_term_string}\"},\"query-input\":{\"@type\":\"PropertyValueSpecification\",\"valueRequired\":true,\"valueName\":\"search_term_string\"}}],\"inLanguage\":\"de\"},{\"@type\":\"Organization\",\"@id\":\"https:\/\/www.sonnenseite.com\/de\/#organization\",\"name\":\"Sonnenseite\",\"url\":\"https:\/\/www.sonnenseite.com\/de\/\",\"logo\":{\"@type\":\"ImageObject\",\"inLanguage\":\"de\",\"@id\":\"https:\/\/www.sonnenseite.com\/de\/#\/schema\/logo\/image\/\",\"url\":\"https:\/\/www.sonnenseite.com\/wp-content\/uploads\/2020\/05\/Sonnenseite_Logo.png\",\"contentUrl\":\"https:\/\/www.sonnenseite.com\/wp-content\/uploads\/2020\/05\/Sonnenseite_Logo.png\",\"width\":377,\"height\":90,\"caption\":\"Sonnenseite\"},\"image\":{\"@id\":\"https:\/\/www.sonnenseite.com\/de\/#\/schema\/logo\/image\/\"},\"sameAs\":[\"https:\/\/www.facebook.com\/pages\/Franz-Alt-SONNENSEITECOM\/221072987903953?fref=ts\",\"https:\/\/x.com\/franzalt\",\"http:\/\/www.youtube.com\/results?search_query&amp;amp;quot;franz_alt&amp;amp;quot;&amp;amp;amp;amp;search_type&amp;amp;amp;amp;aq=f\"]},{\"@type\":\"Person\",\"@id\":\"https:\/\/www.sonnenseite.com\/de\/#\/schema\/person\/50fda0e926597684c7cc6695238a4eb9\",\"name\":\"Bigi Alt\"}]}<\/script>\n<!-- \/ Yoast SEO plugin. -->","yoast_head_json":{"title":"Rekord-R\u00fcckgang der globalen CO2-Emissionen - Sonnenseite - \u00d6kologische Kommunikation mit Franz Alt","description":"Die neue Bilanz des Global Carbon Projects, an dem LMU-Wissenschaftlerinnen ma\u00dfgeblich beteiligt sind, zeigt dank der Corona-Pandemie einen noch nie","robots":{"index":"index","follow":"follow","max-snippet":"max-snippet:-1","max-image-preview":"max-image-preview:large","max-video-preview":"max-video-preview:-1"},"canonical":"https:\/\/www.sonnenseite.com\/de\/wissenschaft\/rekord-rueckgang-der-globalen-co2-emissionen\/","og_locale":"de_DE","og_type":"article","og_title":"Rekord-R\u00fcckgang der globalen CO2-Emissionen - Sonnenseite - \u00d6kologische Kommunikation mit Franz Alt","og_description":"Die neue Bilanz des Global Carbon Projects, an dem LMU-Wissenschaftlerinnen ma\u00dfgeblich beteiligt sind, zeigt dank der Corona-Pandemie einen noch nie","og_url":"https:\/\/www.sonnenseite.com\/de\/wissenschaft\/rekord-rueckgang-der-globalen-co2-emissionen\/","og_site_name":"Sonnenseite","article_publisher":"https:\/\/www.facebook.com\/pages\/Franz-Alt-SONNENSEITECOM\/221072987903953?fref=ts","article_published_time":"2020-12-12T11:41:40+00:00","article_modified_time":"2020-12-12T11:41:42+00:00","og_image":[{"width":770,"height":420,"url":"https:\/\/www.sonnenseite.com\/wp-content\/uploads\/2014\/11\/industrie_rauch_Hans.jpg","type":"image\/jpeg"}],"author":"Bigi Alt","twitter_card":"summary_large_image","twitter_creator":"@franzalt","twitter_site":"@franzalt","twitter_misc":{"Verfasst von":"Bigi Alt","Gesch\u00e4tzte Lesezeit":"4\u00a0Minuten"},"schema":{"@context":"https:\/\/schema.org","@graph":[{"@type":"Article","@id":"https:\/\/www.sonnenseite.com\/de\/wissenschaft\/rekord-rueckgang-der-globalen-co2-emissionen\/#article","isPartOf":{"@id":"https:\/\/www.sonnenseite.com\/de\/wissenschaft\/rekord-rueckgang-der-globalen-co2-emissionen\/"},"author":{"name":"Bigi Alt","@id":"https:\/\/www.sonnenseite.com\/de\/#\/schema\/person\/50fda0e926597684c7cc6695238a4eb9"},"headline":"Rekord-R\u00fcckgang der globalen CO2-Emissionen","datePublished":"2020-12-12T11:41:40+00:00","dateModified":"2020-12-12T11:41:42+00:00","mainEntityOfPage":{"@id":"https:\/\/www.sonnenseite.com\/de\/wissenschaft\/rekord-rueckgang-der-globalen-co2-emissionen\/"},"wordCount":868,"publisher":{"@id":"https:\/\/www.sonnenseite.com\/de\/#organization"},"image":{"@id":"https:\/\/www.sonnenseite.com\/de\/wissenschaft\/rekord-rueckgang-der-globalen-co2-emissionen\/#primaryimage"},"thumbnailUrl":"https:\/\/www.sonnenseite.com\/wp-content\/uploads\/2014\/11\/industrie_rauch_Hans.jpg","articleSection":["Wissenschaft"],"inLanguage":"de"},{"@type":"WebPage","@id":"https:\/\/www.sonnenseite.com\/de\/wissenschaft\/rekord-rueckgang-der-globalen-co2-emissionen\/","url":"https:\/\/www.sonnenseite.com\/de\/wissenschaft\/rekord-rueckgang-der-globalen-co2-emissionen\/","name":"Rekord-R\u00fcckgang der globalen CO2-Emissionen - Sonnenseite - \u00d6kologische Kommunikation mit Franz Alt","isPartOf":{"@id":"https:\/\/www.sonnenseite.com\/de\/#website"},"primaryImageOfPage":{"@id":"https:\/\/www.sonnenseite.com\/de\/wissenschaft\/rekord-rueckgang-der-globalen-co2-emissionen\/#primaryimage"},"image":{"@id":"https:\/\/www.sonnenseite.com\/de\/wissenschaft\/rekord-rueckgang-der-globalen-co2-emissionen\/#primaryimage"},"thumbnailUrl":"https:\/\/www.sonnenseite.com\/wp-content\/uploads\/2014\/11\/industrie_rauch_Hans.jpg","datePublished":"2020-12-12T11:41:40+00:00","dateModified":"2020-12-12T11:41:42+00:00","description":"Die neue Bilanz des Global Carbon Projects, an dem LMU-Wissenschaftlerinnen ma\u00dfgeblich beteiligt sind, zeigt dank der Corona-Pandemie einen noch nie","breadcrumb":{"@id":"https:\/\/www.sonnenseite.com\/de\/wissenschaft\/rekord-rueckgang-der-globalen-co2-emissionen\/#breadcrumb"},"inLanguage":"de","potentialAction":[{"@type":"ReadAction","target":["https:\/\/www.sonnenseite.com\/de\/wissenschaft\/rekord-rueckgang-der-globalen-co2-emissionen\/"]}]},{"@type":"ImageObject","inLanguage":"de","@id":"https:\/\/www.sonnenseite.com\/de\/wissenschaft\/rekord-rueckgang-der-globalen-co2-emissionen\/#primaryimage","url":"https:\/\/www.sonnenseite.com\/wp-content\/uploads\/2014\/11\/industrie_rauch_Hans.jpg","contentUrl":"https:\/\/www.sonnenseite.com\/wp-content\/uploads\/2014\/11\/industrie_rauch_Hans.jpg","width":770,"height":420,"caption":"pixabay.com | Hans | 2020 gingen in den USA und der EU auch die Emissionen aus der Kohlenutzung zur\u00fcck."},{"@type":"BreadcrumbList","@id":"https:\/\/www.sonnenseite.com\/de\/wissenschaft\/rekord-rueckgang-der-globalen-co2-emissionen\/#breadcrumb","itemListElement":[{"@type":"ListItem","position":1,"name":"Startseite","item":"https:\/\/www.sonnenseite.com\/de\/"},{"@type":"ListItem","position":2,"name":"Rekord-R\u00fcckgang der globalen CO2-Emissionen"}]},{"@type":"WebSite","@id":"https:\/\/www.sonnenseite.com\/de\/#website","url":"https:\/\/www.sonnenseite.com\/de\/","name":"Sonnenseite","description":"\u00d6kologische Kommunikation mit Franz Alt","publisher":{"@id":"https:\/\/www.sonnenseite.com\/de\/#organization"},"potentialAction":[{"@type":"SearchAction","target":{"@type":"EntryPoint","urlTemplate":"https:\/\/www.sonnenseite.com\/de\/?s={search_term_string}"},"query-input":{"@type":"PropertyValueSpecification","valueRequired":true,"valueName":"search_term_string"}}],"inLanguage":"de"},{"@type":"Organization","@id":"https:\/\/www.sonnenseite.com\/de\/#organization","name":"Sonnenseite","url":"https:\/\/www.sonnenseite.com\/de\/","logo":{"@type":"ImageObject","inLanguage":"de","@id":"https:\/\/www.sonnenseite.com\/de\/#\/schema\/logo\/image\/","url":"https:\/\/www.sonnenseite.com\/wp-content\/uploads\/2020\/05\/Sonnenseite_Logo.png","contentUrl":"https:\/\/www.sonnenseite.com\/wp-content\/uploads\/2020\/05\/Sonnenseite_Logo.png","width":377,"height":90,"caption":"Sonnenseite"},"image":{"@id":"https:\/\/www.sonnenseite.com\/de\/#\/schema\/logo\/image\/"},"sameAs":["https:\/\/www.facebook.com\/pages\/Franz-Alt-SONNENSEITECOM\/221072987903953?fref=ts","https:\/\/x.com\/franzalt","http:\/\/www.youtube.com\/results?search_query&amp;amp;quot;franz_alt&amp;amp;quot;&amp;amp;amp;amp;search_type&amp;amp;amp;amp;aq=f"]},{"@type":"Person","@id":"https:\/\/www.sonnenseite.com\/de\/#\/schema\/person\/50fda0e926597684c7cc6695238a4eb9","name":"Bigi Alt"}]}},"_links":{"self":[{"href":"https:\/\/www.sonnenseite.com\/de\/wp-json\/wp\/v2\/posts\/66128","targetHints":{"allow":["GET"]}}],"collection":[{"href":"https:\/\/www.sonnenseite.com\/de\/wp-json\/wp\/v2\/posts"}],"about":[{"href":"https:\/\/www.sonnenseite.com\/de\/wp-json\/wp\/v2\/types\/post"}],"author":[{"embeddable":true,"href":"https:\/\/www.sonnenseite.com\/de\/wp-json\/wp\/v2\/users\/3"}],"replies":[{"embeddable":true,"href":"https:\/\/www.sonnenseite.com\/de\/wp-json\/wp\/v2\/comments?post=66128"}],"version-history":[{"count":2,"href":"https:\/\/www.sonnenseite.com\/de\/wp-json\/wp\/v2\/posts\/66128\/revisions"}],"predecessor-version":[{"id":66130,"href":"https:\/\/www.sonnenseite.com\/de\/wp-json\/wp\/v2\/posts\/66128\/revisions\/66130"}],"wp:featuredmedia":[{"embeddable":true,"href":"https:\/\/www.sonnenseite.com\/de\/wp-json\/wp\/v2\/media\/49264"}],"wp:attachment":[{"href":"https:\/\/www.sonnenseite.com\/de\/wp-json\/wp\/v2\/media?parent=66128"}],"wp:term":[{"taxonomy":"category","embeddable":true,"href":"https:\/\/www.sonnenseite.com\/de\/wp-json\/wp\/v2\/categories?post=66128"},{"taxonomy":"post_tag","embeddable":true,"href":"https:\/\/www.sonnenseite.com\/de\/wp-json\/wp\/v2\/tags?post=66128"}],"curies":[{"name":"wp","href":"https:\/\/api.w.org\/{rel}","templated":true}]}}