{"id":66416,"date":"2020-12-23T02:15:00","date_gmt":"2020-12-23T01:15:00","guid":{"rendered":"https:\/\/www.sonnenseite.com\/?p=66416"},"modified":"2020-12-22T09:10:04","modified_gmt":"2020-12-22T08:10:04","slug":"weniger-meeresmuell-in-der-karibik","status":"publish","type":"post","link":"https:\/\/www.sonnenseite.com\/de\/umwelt\/weniger-meeresmuell-in-der-karibik\/","title":{"rendered":"Weniger Meeresm\u00fcll in der Karibik"},"content":{"rendered":"\n<p>Bundesumweltministerin Svenja Schulze: &#8222;Plastikm\u00fcll in den Meeren gelangt in die Nahrungskette, beeintr\u00e4chtigt die marinen \u00d6kosysteme und wird damit zum globalen Problem.&#8220;<\/p>\n\n\n\n<p>Das Bundesumweltministerium (BMU) unterst\u00fctzt die &#8222;Pr\u00e4vention von Meeresverschmutzungen in der Karibik&#8220; (PROMAR) mit 4,9 Millionen Euro. Das Projekt geh\u00f6rt zu den ersten Bewilligungen des BMU-F\u00f6rderprogramms gegen Meeresm\u00fcll &#8222;Marine Debris Framework \u2013 Regional hubs around the globe&#8220; (Marine:DeFRAG). Es soll in den kommenden drei Jahren zur Reduzierung von Kunststoffabf\u00e4llen im Karibischen Meer beitragen.<\/p>\n\n\n\n<p>Bundesumweltministerin Svenja Schulze: &#8222;Plastikm\u00fcll in den Meeren gelangt in die Nahrungskette, beeintr\u00e4chtigt die marinen \u00d6kosysteme und wird damit zum globalen Problem. Die Abfallmenge sollte direkt an der Quelle vermieden werden, damit der M\u00fcll m\u00f6glichst gar nicht erst ins Meer gelangt. Dabei ist ein nachhaltiges Abfallmanagement unverzichtbar. Mit unserem F\u00f6rderprogramm nimmt Deutschland seine besondere Verantwortung in der Welt wahr: Einerseits sind wir bei Umwelttechnologien und -verfahren f\u00fchrend, gleichzeitig sind wir auch Industrie- und Sitzstaat internationaler Unternehmen der Plastik\u00f6konomie. Mit unserer Unterst\u00fctzung l\u00f6sen wir einige unserer Zusagen zu den G7- und G20-Aktionspl\u00e4nen gegen Meeresm\u00fcll ein.&#8220;<\/p>\n\n\n\n<p>Hinter dem Projekt PROMAR steht das Berliner Unternehmen adelphi research gemeinn\u00fctzige GmbH. Mit verschiedenen Ma\u00dfnahmen soll der Eintrag von Kunststoffabf\u00e4llen aus der Dominikanischen Republik, Costa Rica und Kolumbien in das Karibische Meer reduziert werden. Dabei sollen Mengen und Verbreitungsrichtungen von Plastikm\u00fcll \u00fcberwacht und kartiert werden. Mithilfe dieser Messungen werden dann kreislaufwirtschaftliche Pilotl\u00f6sungen umgesetzt. Dazu geh\u00f6ren unter anderem der Einsatz von solarbetriebenen M\u00fcllsammelstellen und -beh\u00e4ltern, elektrischen M\u00fcllsammelfahrzeugen sowie technischen Hilfsmitteln zur Berechnung von Abfallgeb\u00fchren. Au\u00dferdem werden die politischen Partner in den L\u00e4ndern bei der Bewertung von Technologieoptionen und Konzepten zur Politikgestaltung beraten.<\/p>\n\n\n\n<p>Die erarbeiteten L\u00f6sungsans\u00e4tze sollen auch in anderen L\u00e4ndern der Karibik und Lateinamerikas zur Anwendung kommen. Das Projekt erzielt damit eine Multiplikatorwirkung und fungiert als Leuchtturmprojekt in der Region. Dazu wird PROMAR unter anderem mit dem Umweltprogramm der Vereinten Nationen (UNEP), insbesondere der Cartagena-Konvention (Convention for the Protection and Development of the Marine Environment in the Wider Caribbean Region) und ihren Vertragsstaaten zusammenarbeiten.<\/p>\n\n\n\n<h5 class=\"wp-block-heading\">F\u00f6rderprogramm &#8222;Marine Debris Framework&#8220;<\/h5>\n\n\n\n<p>Das BMU f\u00f6rdert mit seinem Programm Marine: DeFRAG Projekte zur Reduzierung von Meeresm\u00fcll. Die Projekte sollen dabei helfen, die Abfallmenge direkt an der Quelle zu vermeiden, so dass Plastikm\u00fcll gar nicht erst in die Meere gelangt. Gef\u00f6rdert werden daher Kooperationen, die mit erprobten oder innovativen L\u00f6sungen die Menge an produziertem Plastikm\u00fcll reduzieren oder Abfall- und Kreislaufmanagementsysteme zur Erfassung des M\u00fclls aufbauen. Neben flussb\u00fcrtigen Eintr\u00e4ge liegt der Fokus auch auf k\u00fcstennahen Regionen und Inselstaaten, die Plastikm\u00fcll in das Meer eintragen.<\/p>\n\n\n\n<p>Das Programm unterst\u00fctzt unter anderem Projekte zu Politikberatung, Kapazit\u00e4tsaufbau, Technologiekooperation und Investitionen sowie zur Implementierung von Politiken und Strategien. Es richtet sich an Durchf\u00fchrungsorganisationen des Bundes, Nichtregierungsorganisationen, Wirtschaftsunternehmen, Hochschulen und Forschungseinrichtungen, deutsche Ableger internationaler und multilateraler Organisationen und Einrichtungen, die einen Sitz in Deutschland haben. Mit seiner Betreuung ist die bundeseigene Projekttr\u00e4gerin Zukunft \u2013 Umwelt \u2013 Gesellschaft (ZUG) gGmbH beauftragt.<\/p>\n\n\n<h5 class=\"green\">Quelle<\/h5>\r\n\n\n\n<p><a href=\"https:\/\/www.bmu.de\/pressemitteilung\/weniger-meeresmuell-in-der-karibik\/\">Bundesumweltministerium 2020<\/a><\/p>\n<div class=\"shariff shariff-align-flex-start shariff-widget-align-flex-start\"><div class=\"ShariffHeadline\">Diese Meldung teilen<\/div><ul class=\"shariff-buttons theme-round orientation-horizontal buttonsize-medium\"><li class=\"shariff-button facebook shariff-nocustomcolor\" style=\"background-color:#4273c8;border-radius:1%\"><a href=\"https:\/\/www.facebook.com\/sharer\/sharer.php?u=https%3A%2F%2Fwww.sonnenseite.com%2Fde%2Fumwelt%2Fweniger-meeresmuell-in-der-karibik%2F\" title=\"Bei Facebook teilen\" aria-label=\"Bei Facebook teilen\" role=\"button\" rel=\"nofollow\" class=\"shariff-link\" style=\";border-radius:1%; background-color:#3b5998; color:#fff\" target=\"_blank\"><span class=\"shariff-icon\" style=\"\"><svg width=\"32px\" height=\"20px\" xmlns=\"http:\/\/www.w3.org\/2000\/svg\" viewBox=\"0 0 18 32\"><path fill=\"#3b5998\" d=\"M17.1 0.2v4.7h-2.8q-1.5 0-2.1 0.6t-0.5 1.9v3.4h5.2l-0.7 5.3h-4.5v13.6h-5.5v-13.6h-4.5v-5.3h4.5v-3.9q0-3.3 1.9-5.2t5-1.8q2.6 0 4.1 0.2z\"\/><\/svg><\/span><\/a><\/li><li class=\"shariff-button twitter shariff-nocustomcolor\" style=\"background-color:#595959;border-radius:1%\"><a href=\"https:\/\/twitter.com\/share?url=https%3A%2F%2Fwww.sonnenseite.com%2Fde%2Fumwelt%2Fweniger-meeresmuell-in-der-karibik%2F&text=Weniger%20Meeresm%C3%BCll%20in%20der%20Karibik\" title=\"Bei X teilen\" aria-label=\"Bei X teilen\" role=\"button\" rel=\"noopener nofollow\" class=\"shariff-link\" style=\";border-radius:1%; background-color:#000; color:#fff\" target=\"_blank\"><span class=\"shariff-icon\" style=\"\"><svg width=\"32px\" height=\"20px\" xmlns=\"http:\/\/www.w3.org\/2000\/svg\" viewBox=\"0 0 24 24\"><path fill=\"#000\" d=\"M14.258 10.152L23.176 0h-2.113l-7.747 8.813L7.133 0H0l9.352 13.328L0 23.973h2.113l8.176-9.309 6.531 9.309h7.133zm-2.895 3.293l-.949-1.328L2.875 1.56h3.246l6.086 8.523.945 1.328 7.91 11.078h-3.246zm0 0\"\/><\/svg><\/span><\/a><\/li><li class=\"shariff-button xing shariff-nocustomcolor\" style=\"background-color:#29888a;border-radius:1%\"><a href=\"https:\/\/www.xing.com\/spi\/shares\/new?url=https%3A%2F%2Fwww.sonnenseite.com%2Fde%2Fumwelt%2Fweniger-meeresmuell-in-der-karibik%2F\" title=\"Bei XING teilen\" aria-label=\"Bei XING teilen\" role=\"button\" rel=\"noopener nofollow\" class=\"shariff-link\" style=\";border-radius:1%; background-color:#126567; color:#fff\" target=\"_blank\"><span class=\"shariff-icon\" style=\"\"><svg width=\"32px\" height=\"20px\" xmlns=\"http:\/\/www.w3.org\/2000\/svg\" viewBox=\"0 0 25 32\"><path fill=\"#126567\" d=\"M10.7 11.9q-0.2 0.3-4.6 8.2-0.5 0.8-1.2 0.8h-4.3q-0.4 0-0.5-0.3t0-0.6l4.5-8q0 0 0 0l-2.9-5q-0.2-0.4 0-0.7 0.2-0.3 0.5-0.3h4.3q0.7 0 1.2 0.8zM25.1 0.4q0.2 0.3 0 0.7l-9.4 16.7 6 11q0.2 0.4 0 0.6-0.2 0.3-0.6 0.3h-4.3q-0.7 0-1.2-0.8l-6-11.1q0.3-0.6 9.5-16.8 0.4-0.8 1.2-0.8h4.3q0.4 0 0.5 0.3z\"\/><\/svg><\/span><\/a><\/li><li class=\"shariff-button linkedin shariff-nocustomcolor\" style=\"background-color:#1488bf;border-radius:1%\"><a href=\"https:\/\/www.linkedin.com\/sharing\/share-offsite\/?url=https%3A%2F%2Fwww.sonnenseite.com%2Fde%2Fumwelt%2Fweniger-meeresmuell-in-der-karibik%2F\" title=\"Bei LinkedIn teilen\" aria-label=\"Bei LinkedIn teilen\" role=\"button\" rel=\"noopener nofollow\" class=\"shariff-link\" style=\";border-radius:1%; background-color:#0077b5; color:#fff\" target=\"_blank\"><span class=\"shariff-icon\" style=\"\"><svg width=\"32px\" height=\"20px\" xmlns=\"http:\/\/www.w3.org\/2000\/svg\" viewBox=\"0 0 27 32\"><path fill=\"#0077b5\" d=\"M6.2 11.2v17.7h-5.9v-17.7h5.9zM6.6 5.7q0 1.3-0.9 2.2t-2.4 0.9h0q-1.5 0-2.4-0.9t-0.9-2.2 0.9-2.2 2.4-0.9 2.4 0.9 0.9 2.2zM27.4 18.7v10.1h-5.9v-9.5q0-1.9-0.7-2.9t-2.3-1.1q-1.1 0-1.9 0.6t-1.2 1.5q-0.2 0.5-0.2 1.4v9.9h-5.9q0-7.1 0-11.6t0-5.3l0-0.9h5.9v2.6h0q0.4-0.6 0.7-1t1-0.9 1.6-0.8 2-0.3q3 0 4.9 2t1.9 6z\"\/><\/svg><\/span><\/a><\/li><li class=\"shariff-button printer shariff-nocustomcolor\" style=\"background-color:#a8a8a8;border-radius:1%\"><a href=\"javascript:window.print()\" title=\"drucken\" aria-label=\"drucken\" role=\"button\" rel=\"noopener nofollow\" class=\"shariff-link\" style=\";border-radius:1%; background-color:#999; color:#fff\"><span class=\"shariff-icon\" style=\"\"><svg width=\"32px\" height=\"20px\" xmlns=\"http:\/\/www.w3.org\/2000\/svg\" viewBox=\"0 0 30 32\"><path fill=\"#999\" d=\"M6.8 27.4h16v-4.6h-16v4.6zM6.8 16h16v-6.8h-2.8q-0.7 0-1.2-0.5t-0.5-1.2v-2.8h-11.4v11.4zM27.4 17.2q0-0.5-0.3-0.8t-0.8-0.4-0.8 0.4-0.3 0.8 0.3 0.8 0.8 0.3 0.8-0.3 0.3-0.8zM29.7 17.2v7.4q0 0.2-0.2 0.4t-0.4 0.2h-4v2.8q0 0.7-0.5 1.2t-1.2 0.5h-17.2q-0.7 0-1.2-0.5t-0.5-1.2v-2.8h-4q-0.2 0-0.4-0.2t-0.2-0.4v-7.4q0-1.4 1-2.4t2.4-1h1.2v-9.7q0-0.7 0.5-1.2t1.2-0.5h12q0.7 0 1.6 0.4t1.3 0.8l2.7 2.7q0.5 0.5 0.9 1.4t0.4 1.6v4.6h1.1q1.4 0 2.4 1t1 2.4z\"\/><\/svg><\/span><\/a><\/li><li class=\"shariff-button mailto shariff-nocustomcolor\" style=\"background-color:#a8a8a8;border-radius:1%\"><a href=\"mailto:?body=https%3A%2F%2Fwww.sonnenseite.com%2Fde%2Fumwelt%2Fweniger-meeresmuell-in-der-karibik%2F&subject=Weniger%20Meeresm%C3%BCll%20in%20der%20Karibik\" title=\"Per E-Mail versenden\" aria-label=\"Per E-Mail versenden\" role=\"button\" rel=\"noopener nofollow\" class=\"shariff-link\" style=\";border-radius:1%; background-color:#999; color:#fff\"><span class=\"shariff-icon\" style=\"\"><svg width=\"32px\" height=\"20px\" xmlns=\"http:\/\/www.w3.org\/2000\/svg\" viewBox=\"0 0 32 32\"><path fill=\"#999\" d=\"M32 12.7v14.2q0 1.2-0.8 2t-2 0.9h-26.3q-1.2 0-2-0.9t-0.8-2v-14.2q0.8 0.9 1.8 1.6 6.5 4.4 8.9 6.1 1 0.8 1.6 1.2t1.7 0.9 2 0.4h0.1q0.9 0 2-0.4t1.7-0.9 1.6-1.2q3-2.2 8.9-6.1 1-0.7 1.8-1.6zM32 7.4q0 1.4-0.9 2.7t-2.2 2.2q-6.7 4.7-8.4 5.8-0.2 0.1-0.7 0.5t-1 0.7-0.9 0.6-1.1 0.5-0.9 0.2h-0.1q-0.4 0-0.9-0.2t-1.1-0.5-0.9-0.6-1-0.7-0.7-0.5q-1.6-1.1-4.7-3.2t-3.6-2.6q-1.1-0.7-2.1-2t-1-2.5q0-1.4 0.7-2.3t2.1-0.9h26.3q1.2 0 2 0.8t0.9 2z\"\/><\/svg><\/span><\/a><\/li><\/ul><\/div>","protected":false},"excerpt":{"rendered":"<p>Bundesumweltministerin Svenja Schulze: &#8222;Plastikm\u00fcll in den Meeren gelangt in die Nahrungskette, beeintr\u00e4chtigt die marinen \u00d6kosysteme und [&hellip;]<\/p>\n","protected":false},"author":3,"featured_media":59971,"comment_status":"closed","ping_status":"closed","sticky":false,"template":"","format":"standard","meta":{"inline_featured_image":false,"footnotes":""},"categories":[23],"tags":[],"class_list":["post-66416","post","type-post","status-publish","format-standard","has-post-thumbnail","hentry","category-umwelt"],"yoast_head":"<!-- This site is optimized with the Yoast SEO plugin v26.5 - https:\/\/yoast.com\/wordpress\/plugins\/seo\/ -->\n<title>Weniger Meeresm\u00fcll in der Karibik - Sonnenseite - \u00d6kologische Kommunikation mit Franz Alt<\/title>\n<meta name=\"description\" content=\"Bundesumweltministerin Svenja Schulze: &quot;Plastikm\u00fcll in den Meeren gelangt in die Nahrungskette, beeintr\u00e4chtigt die marinen \u00d6kosysteme und wird damit zum\" \/>\n<meta name=\"robots\" content=\"index, follow, max-snippet:-1, max-image-preview:large, max-video-preview:-1\" \/>\n<link rel=\"canonical\" href=\"https:\/\/www.sonnenseite.com\/de\/umwelt\/weniger-meeresmuell-in-der-karibik\/\" \/>\n<meta property=\"og:locale\" content=\"de_DE\" \/>\n<meta property=\"og:type\" content=\"article\" \/>\n<meta property=\"og:title\" content=\"Weniger Meeresm\u00fcll in der Karibik - Sonnenseite - \u00d6kologische Kommunikation mit Franz Alt\" \/>\n<meta property=\"og:description\" content=\"Bundesumweltministerin Svenja Schulze: &quot;Plastikm\u00fcll in den Meeren gelangt in die Nahrungskette, beeintr\u00e4chtigt die marinen \u00d6kosysteme und wird damit zum\" \/>\n<meta property=\"og:url\" content=\"https:\/\/www.sonnenseite.com\/de\/umwelt\/weniger-meeresmuell-in-der-karibik\/\" \/>\n<meta property=\"og:site_name\" content=\"Sonnenseite\" \/>\n<meta property=\"article:publisher\" content=\"https:\/\/www.facebook.com\/pages\/Franz-Alt-SONNENSEITECOM\/221072987903953?fref=ts\" \/>\n<meta property=\"article:published_time\" content=\"2020-12-23T01:15:00+00:00\" \/>\n<meta property=\"og:image\" content=\"https:\/\/www.sonnenseite.com\/wp-content\/uploads\/2020\/07\/Plastik_RichardCarey.jpg\" \/>\n\t<meta property=\"og:image:width\" content=\"770\" \/>\n\t<meta property=\"og:image:height\" content=\"420\" \/>\n\t<meta property=\"og:image:type\" content=\"image\/jpeg\" \/>\n<meta name=\"author\" content=\"Bigi Alt\" \/>\n<meta name=\"twitter:card\" content=\"summary_large_image\" \/>\n<meta name=\"twitter:creator\" content=\"@franzalt\" \/>\n<meta name=\"twitter:site\" content=\"@franzalt\" \/>\n<meta name=\"twitter:label1\" content=\"Verfasst von\" \/>\n\t<meta name=\"twitter:data1\" content=\"Bigi Alt\" \/>\n\t<meta name=\"twitter:label2\" content=\"Gesch\u00e4tzte Lesezeit\" \/>\n\t<meta name=\"twitter:data2\" content=\"3\u00a0Minuten\" \/>\n<script type=\"application\/ld+json\" class=\"yoast-schema-graph\">{\"@context\":\"https:\/\/schema.org\",\"@graph\":[{\"@type\":\"Article\",\"@id\":\"https:\/\/www.sonnenseite.com\/de\/umwelt\/weniger-meeresmuell-in-der-karibik\/#article\",\"isPartOf\":{\"@id\":\"https:\/\/www.sonnenseite.com\/de\/umwelt\/weniger-meeresmuell-in-der-karibik\/\"},\"author\":{\"name\":\"Bigi Alt\",\"@id\":\"https:\/\/www.sonnenseite.com\/de\/#\/schema\/person\/50fda0e926597684c7cc6695238a4eb9\"},\"headline\":\"Weniger Meeresm\u00fcll in der Karibik\",\"datePublished\":\"2020-12-23T01:15:00+00:00\",\"mainEntityOfPage\":{\"@id\":\"https:\/\/www.sonnenseite.com\/de\/umwelt\/weniger-meeresmuell-in-der-karibik\/\"},\"wordCount\":518,\"publisher\":{\"@id\":\"https:\/\/www.sonnenseite.com\/de\/#organization\"},\"image\":{\"@id\":\"https:\/\/www.sonnenseite.com\/de\/umwelt\/weniger-meeresmuell-in-der-karibik\/#primaryimage\"},\"thumbnailUrl\":\"https:\/\/www.sonnenseite.com\/wp-content\/uploads\/2020\/07\/Plastik_RichardCarey.jpg\",\"articleSection\":[\"Umwelt\"],\"inLanguage\":\"de\"},{\"@type\":\"WebPage\",\"@id\":\"https:\/\/www.sonnenseite.com\/de\/umwelt\/weniger-meeresmuell-in-der-karibik\/\",\"url\":\"https:\/\/www.sonnenseite.com\/de\/umwelt\/weniger-meeresmuell-in-der-karibik\/\",\"name\":\"Weniger Meeresm\u00fcll in der Karibik - Sonnenseite - \u00d6kologische Kommunikation mit Franz Alt\",\"isPartOf\":{\"@id\":\"https:\/\/www.sonnenseite.com\/de\/#website\"},\"primaryImageOfPage\":{\"@id\":\"https:\/\/www.sonnenseite.com\/de\/umwelt\/weniger-meeresmuell-in-der-karibik\/#primaryimage\"},\"image\":{\"@id\":\"https:\/\/www.sonnenseite.com\/de\/umwelt\/weniger-meeresmuell-in-der-karibik\/#primaryimage\"},\"thumbnailUrl\":\"https:\/\/www.sonnenseite.com\/wp-content\/uploads\/2020\/07\/Plastik_RichardCarey.jpg\",\"datePublished\":\"2020-12-23T01:15:00+00:00\",\"description\":\"Bundesumweltministerin Svenja Schulze: \\\"Plastikm\u00fcll in den Meeren gelangt in die Nahrungskette, beeintr\u00e4chtigt die marinen \u00d6kosysteme und wird damit zum\",\"breadcrumb\":{\"@id\":\"https:\/\/www.sonnenseite.com\/de\/umwelt\/weniger-meeresmuell-in-der-karibik\/#breadcrumb\"},\"inLanguage\":\"de\",\"potentialAction\":[{\"@type\":\"ReadAction\",\"target\":[\"https:\/\/www.sonnenseite.com\/de\/umwelt\/weniger-meeresmuell-in-der-karibik\/\"]}]},{\"@type\":\"ImageObject\",\"inLanguage\":\"de\",\"@id\":\"https:\/\/www.sonnenseite.com\/de\/umwelt\/weniger-meeresmuell-in-der-karibik\/#primaryimage\",\"url\":\"https:\/\/www.sonnenseite.com\/wp-content\/uploads\/2020\/07\/Plastik_RichardCarey.jpg\",\"contentUrl\":\"https:\/\/www.sonnenseite.com\/wp-content\/uploads\/2020\/07\/Plastik_RichardCarey.jpg\",\"width\":770,\"height\":420,\"caption\":\"Fotolia.com | RichardCarey\"},{\"@type\":\"BreadcrumbList\",\"@id\":\"https:\/\/www.sonnenseite.com\/de\/umwelt\/weniger-meeresmuell-in-der-karibik\/#breadcrumb\",\"itemListElement\":[{\"@type\":\"ListItem\",\"position\":1,\"name\":\"Startseite\",\"item\":\"https:\/\/www.sonnenseite.com\/de\/\"},{\"@type\":\"ListItem\",\"position\":2,\"name\":\"Weniger Meeresm\u00fcll in der Karibik\"}]},{\"@type\":\"WebSite\",\"@id\":\"https:\/\/www.sonnenseite.com\/de\/#website\",\"url\":\"https:\/\/www.sonnenseite.com\/de\/\",\"name\":\"Sonnenseite\",\"description\":\"\u00d6kologische Kommunikation mit Franz Alt\",\"publisher\":{\"@id\":\"https:\/\/www.sonnenseite.com\/de\/#organization\"},\"potentialAction\":[{\"@type\":\"SearchAction\",\"target\":{\"@type\":\"EntryPoint\",\"urlTemplate\":\"https:\/\/www.sonnenseite.com\/de\/?s={search_term_string}\"},\"query-input\":{\"@type\":\"PropertyValueSpecification\",\"valueRequired\":true,\"valueName\":\"search_term_string\"}}],\"inLanguage\":\"de\"},{\"@type\":\"Organization\",\"@id\":\"https:\/\/www.sonnenseite.com\/de\/#organization\",\"name\":\"Sonnenseite\",\"url\":\"https:\/\/www.sonnenseite.com\/de\/\",\"logo\":{\"@type\":\"ImageObject\",\"inLanguage\":\"de\",\"@id\":\"https:\/\/www.sonnenseite.com\/de\/#\/schema\/logo\/image\/\",\"url\":\"https:\/\/www.sonnenseite.com\/wp-content\/uploads\/2020\/05\/Sonnenseite_Logo.png\",\"contentUrl\":\"https:\/\/www.sonnenseite.com\/wp-content\/uploads\/2020\/05\/Sonnenseite_Logo.png\",\"width\":377,\"height\":90,\"caption\":\"Sonnenseite\"},\"image\":{\"@id\":\"https:\/\/www.sonnenseite.com\/de\/#\/schema\/logo\/image\/\"},\"sameAs\":[\"https:\/\/www.facebook.com\/pages\/Franz-Alt-SONNENSEITECOM\/221072987903953?fref=ts\",\"https:\/\/x.com\/franzalt\",\"http:\/\/www.youtube.com\/results?search_query&amp;amp;quot;franz_alt&amp;amp;quot;&amp;amp;amp;amp;search_type&amp;amp;amp;amp;aq=f\"]},{\"@type\":\"Person\",\"@id\":\"https:\/\/www.sonnenseite.com\/de\/#\/schema\/person\/50fda0e926597684c7cc6695238a4eb9\",\"name\":\"Bigi Alt\"}]}<\/script>\n<!-- \/ Yoast SEO plugin. -->","yoast_head_json":{"title":"Weniger Meeresm\u00fcll in der Karibik - Sonnenseite - \u00d6kologische Kommunikation mit Franz Alt","description":"Bundesumweltministerin Svenja Schulze: \"Plastikm\u00fcll in den Meeren gelangt in die Nahrungskette, beeintr\u00e4chtigt die marinen \u00d6kosysteme und wird damit zum","robots":{"index":"index","follow":"follow","max-snippet":"max-snippet:-1","max-image-preview":"max-image-preview:large","max-video-preview":"max-video-preview:-1"},"canonical":"https:\/\/www.sonnenseite.com\/de\/umwelt\/weniger-meeresmuell-in-der-karibik\/","og_locale":"de_DE","og_type":"article","og_title":"Weniger Meeresm\u00fcll in der Karibik - Sonnenseite - \u00d6kologische Kommunikation mit Franz Alt","og_description":"Bundesumweltministerin Svenja Schulze: \"Plastikm\u00fcll in den Meeren gelangt in die Nahrungskette, beeintr\u00e4chtigt die marinen \u00d6kosysteme und wird damit zum","og_url":"https:\/\/www.sonnenseite.com\/de\/umwelt\/weniger-meeresmuell-in-der-karibik\/","og_site_name":"Sonnenseite","article_publisher":"https:\/\/www.facebook.com\/pages\/Franz-Alt-SONNENSEITECOM\/221072987903953?fref=ts","article_published_time":"2020-12-23T01:15:00+00:00","og_image":[{"width":770,"height":420,"url":"https:\/\/www.sonnenseite.com\/wp-content\/uploads\/2020\/07\/Plastik_RichardCarey.jpg","type":"image\/jpeg"}],"author":"Bigi Alt","twitter_card":"summary_large_image","twitter_creator":"@franzalt","twitter_site":"@franzalt","twitter_misc":{"Verfasst von":"Bigi Alt","Gesch\u00e4tzte Lesezeit":"3\u00a0Minuten"},"schema":{"@context":"https:\/\/schema.org","@graph":[{"@type":"Article","@id":"https:\/\/www.sonnenseite.com\/de\/umwelt\/weniger-meeresmuell-in-der-karibik\/#article","isPartOf":{"@id":"https:\/\/www.sonnenseite.com\/de\/umwelt\/weniger-meeresmuell-in-der-karibik\/"},"author":{"name":"Bigi Alt","@id":"https:\/\/www.sonnenseite.com\/de\/#\/schema\/person\/50fda0e926597684c7cc6695238a4eb9"},"headline":"Weniger Meeresm\u00fcll in der Karibik","datePublished":"2020-12-23T01:15:00+00:00","mainEntityOfPage":{"@id":"https:\/\/www.sonnenseite.com\/de\/umwelt\/weniger-meeresmuell-in-der-karibik\/"},"wordCount":518,"publisher":{"@id":"https:\/\/www.sonnenseite.com\/de\/#organization"},"image":{"@id":"https:\/\/www.sonnenseite.com\/de\/umwelt\/weniger-meeresmuell-in-der-karibik\/#primaryimage"},"thumbnailUrl":"https:\/\/www.sonnenseite.com\/wp-content\/uploads\/2020\/07\/Plastik_RichardCarey.jpg","articleSection":["Umwelt"],"inLanguage":"de"},{"@type":"WebPage","@id":"https:\/\/www.sonnenseite.com\/de\/umwelt\/weniger-meeresmuell-in-der-karibik\/","url":"https:\/\/www.sonnenseite.com\/de\/umwelt\/weniger-meeresmuell-in-der-karibik\/","name":"Weniger Meeresm\u00fcll in der Karibik - Sonnenseite - \u00d6kologische Kommunikation mit Franz Alt","isPartOf":{"@id":"https:\/\/www.sonnenseite.com\/de\/#website"},"primaryImageOfPage":{"@id":"https:\/\/www.sonnenseite.com\/de\/umwelt\/weniger-meeresmuell-in-der-karibik\/#primaryimage"},"image":{"@id":"https:\/\/www.sonnenseite.com\/de\/umwelt\/weniger-meeresmuell-in-der-karibik\/#primaryimage"},"thumbnailUrl":"https:\/\/www.sonnenseite.com\/wp-content\/uploads\/2020\/07\/Plastik_RichardCarey.jpg","datePublished":"2020-12-23T01:15:00+00:00","description":"Bundesumweltministerin Svenja Schulze: \"Plastikm\u00fcll in den Meeren gelangt in die Nahrungskette, beeintr\u00e4chtigt die marinen \u00d6kosysteme und wird damit zum","breadcrumb":{"@id":"https:\/\/www.sonnenseite.com\/de\/umwelt\/weniger-meeresmuell-in-der-karibik\/#breadcrumb"},"inLanguage":"de","potentialAction":[{"@type":"ReadAction","target":["https:\/\/www.sonnenseite.com\/de\/umwelt\/weniger-meeresmuell-in-der-karibik\/"]}]},{"@type":"ImageObject","inLanguage":"de","@id":"https:\/\/www.sonnenseite.com\/de\/umwelt\/weniger-meeresmuell-in-der-karibik\/#primaryimage","url":"https:\/\/www.sonnenseite.com\/wp-content\/uploads\/2020\/07\/Plastik_RichardCarey.jpg","contentUrl":"https:\/\/www.sonnenseite.com\/wp-content\/uploads\/2020\/07\/Plastik_RichardCarey.jpg","width":770,"height":420,"caption":"Fotolia.com | RichardCarey"},{"@type":"BreadcrumbList","@id":"https:\/\/www.sonnenseite.com\/de\/umwelt\/weniger-meeresmuell-in-der-karibik\/#breadcrumb","itemListElement":[{"@type":"ListItem","position":1,"name":"Startseite","item":"https:\/\/www.sonnenseite.com\/de\/"},{"@type":"ListItem","position":2,"name":"Weniger Meeresm\u00fcll in der Karibik"}]},{"@type":"WebSite","@id":"https:\/\/www.sonnenseite.com\/de\/#website","url":"https:\/\/www.sonnenseite.com\/de\/","name":"Sonnenseite","description":"\u00d6kologische Kommunikation mit Franz Alt","publisher":{"@id":"https:\/\/www.sonnenseite.com\/de\/#organization"},"potentialAction":[{"@type":"SearchAction","target":{"@type":"EntryPoint","urlTemplate":"https:\/\/www.sonnenseite.com\/de\/?s={search_term_string}"},"query-input":{"@type":"PropertyValueSpecification","valueRequired":true,"valueName":"search_term_string"}}],"inLanguage":"de"},{"@type":"Organization","@id":"https:\/\/www.sonnenseite.com\/de\/#organization","name":"Sonnenseite","url":"https:\/\/www.sonnenseite.com\/de\/","logo":{"@type":"ImageObject","inLanguage":"de","@id":"https:\/\/www.sonnenseite.com\/de\/#\/schema\/logo\/image\/","url":"https:\/\/www.sonnenseite.com\/wp-content\/uploads\/2020\/05\/Sonnenseite_Logo.png","contentUrl":"https:\/\/www.sonnenseite.com\/wp-content\/uploads\/2020\/05\/Sonnenseite_Logo.png","width":377,"height":90,"caption":"Sonnenseite"},"image":{"@id":"https:\/\/www.sonnenseite.com\/de\/#\/schema\/logo\/image\/"},"sameAs":["https:\/\/www.facebook.com\/pages\/Franz-Alt-SONNENSEITECOM\/221072987903953?fref=ts","https:\/\/x.com\/franzalt","http:\/\/www.youtube.com\/results?search_query&amp;amp;quot;franz_alt&amp;amp;quot;&amp;amp;amp;amp;search_type&amp;amp;amp;amp;aq=f"]},{"@type":"Person","@id":"https:\/\/www.sonnenseite.com\/de\/#\/schema\/person\/50fda0e926597684c7cc6695238a4eb9","name":"Bigi Alt"}]}},"_links":{"self":[{"href":"https:\/\/www.sonnenseite.com\/de\/wp-json\/wp\/v2\/posts\/66416","targetHints":{"allow":["GET"]}}],"collection":[{"href":"https:\/\/www.sonnenseite.com\/de\/wp-json\/wp\/v2\/posts"}],"about":[{"href":"https:\/\/www.sonnenseite.com\/de\/wp-json\/wp\/v2\/types\/post"}],"author":[{"embeddable":true,"href":"https:\/\/www.sonnenseite.com\/de\/wp-json\/wp\/v2\/users\/3"}],"replies":[{"embeddable":true,"href":"https:\/\/www.sonnenseite.com\/de\/wp-json\/wp\/v2\/comments?post=66416"}],"version-history":[{"count":1,"href":"https:\/\/www.sonnenseite.com\/de\/wp-json\/wp\/v2\/posts\/66416\/revisions"}],"predecessor-version":[{"id":66417,"href":"https:\/\/www.sonnenseite.com\/de\/wp-json\/wp\/v2\/posts\/66416\/revisions\/66417"}],"wp:featuredmedia":[{"embeddable":true,"href":"https:\/\/www.sonnenseite.com\/de\/wp-json\/wp\/v2\/media\/59971"}],"wp:attachment":[{"href":"https:\/\/www.sonnenseite.com\/de\/wp-json\/wp\/v2\/media?parent=66416"}],"wp:term":[{"taxonomy":"category","embeddable":true,"href":"https:\/\/www.sonnenseite.com\/de\/wp-json\/wp\/v2\/categories?post=66416"},{"taxonomy":"post_tag","embeddable":true,"href":"https:\/\/www.sonnenseite.com\/de\/wp-json\/wp\/v2\/tags?post=66416"}],"curies":[{"name":"wp","href":"https:\/\/api.w.org\/{rel}","templated":true}]}}