{"id":66431,"date":"2020-12-22T10:28:57","date_gmt":"2020-12-22T09:28:57","guid":{"rendered":"https:\/\/www.sonnenseite.com\/?p=66431"},"modified":"2020-12-22T10:28:58","modified_gmt":"2020-12-22T09:28:58","slug":"neue-genossenschaft-ladegruen-fuer-oekologisch-sinnvolle-e-mobilitaet","status":"publish","type":"post","link":"https:\/\/www.sonnenseite.com\/de\/mobilitaet\/neue-genossenschaft-ladegruen-fuer-oekologisch-sinnvolle-e-mobilitaet\/","title":{"rendered":"Neue Genossenschaft \u201eLadegr\u00fcn!\u201c f\u00fcr \u00f6kologisch sinnvolle E-Mobilit\u00e4t"},"content":{"rendered":"\n<p>Mit der Genossenschaft \u201eLadegr\u00fcn!\u201c gr\u00fcnden die \u00d6koenergieanbieter <a href=\"http:\/\/www.ews-schoenau.de\">Elektrizit\u00e4tswerke Sch\u00f6nau<\/a>, <a href=\"https:\/\/www.greenpeace-energy.de\">Greenpeace Energy<\/a>, <a href=\"http:\/\/www.inselwerke.de\">Inselwerke<\/a> und <a href=\"http:\/\/www.naturstrom.de\">NATURSTROM<\/a> sowie die <a href=\"http:\/\/www.gls.de\">GLS Bank<\/a> ein Gemeinschaftsunternehmen zum Aufbau und Betrieb einer gr\u00fcnen Ladeinfrastruktur f\u00fcr E-Mobile. <\/p>\n\n\n\n<p>Die neue Genossenschaft, die ihren Sitz in Berlin haben wird, soll schon 2021 mehr als 100 Ladepunkte errichten. F\u00fcr das Jahr 2025 sind bundesweit bis zu 4.000 Ladepunkte insgesamt geplant, die mit hochwertigem \u00d6kostrom der beteiligten Energieversorger beliefert werden.<\/p>\n\n\n\n<p> <\/p>\n\n\n\n<div class=\"wp-block-image\"><figure class=\"alignright size-large is-resized\"><img loading=\"lazy\" decoding=\"async\" src=\"https:\/\/www.sonnenseite.com\/wp-content\/uploads\/2020\/12\/logos-ladegruen-composing.jpg\" alt=\"\" class=\"wp-image-66433\" width=\"304\" height=\"228\" srcset=\"https:\/\/www.sonnenseite.com\/wp-content\/uploads\/2020\/12\/logos-ladegruen-composing.jpg 400w, https:\/\/www.sonnenseite.com\/wp-content\/uploads\/2020\/12\/logos-ladegruen-composing-300x225.jpg 300w\" sizes=\"auto, (max-width: 304px) 100vw, 304px\" \/><figcaption>\u00a9 ews-schoenau.de<\/figcaption><\/figure><\/div>\n\n\n\n<p>Ladegr\u00fcn! wird zum einen \u00f6ffentliche S\u00e4ulen errichten, die f\u00fcr alle E-Mobilisten nutzbar sind. Zum anderen sollen aber auch nicht- oder teil-\u00f6ffentliche Ladepunkte entstehen, etwa f\u00fcr Gewerbekunden, Wohnbauprojekte und \u00f6kologisch orientierte Betreiber von E-Auto-Flotten. \u201eWirklich sinnvoll f\u00fcr die Energiewende und den Klimaschutz ist E-Mobilit\u00e4t nur dann, wenn die Fahrzeuge mit erneuerbaren Energien geladen werden\u201c, sagt Armin Komenda, Ladegr\u00fcn!-Aufsichtsratsvorsitzender und Vorstand der EWS. \u201eDeshalb braucht es dringend eine gr\u00fcne Ladeinfrastruktur, die wir jetzt konsequent aufbauen.\u201c<\/p>\n\n\n\n<p>Im stark wachsenden Markt f\u00fcr Ladeinfrastruktur sind derzeit vor allem konventionelle Energieversorger und die Autoindustrie aktiv. Die Gr\u00fcndungspartner von Ladegr\u00fcn!, die zusammen rund eine Million Kundinnen und Kunden haben, wollen mit ihrer neuen Genossenschaft eine \u00f6kologische Alternative dazu anbieten. \u201eAls glaubw\u00fcrdige gr\u00fcne Energieversorger schlie\u00dfen wir hier eine wichtige Marktl\u00fccke\u201c, sagt Nils M\u00fcller, Vorstand von Greenpeace Energy. <\/p>\n\n\n\n<p>\u201eDenn umweltbewegte E-Mobilisten wollen wirklich nachhaltigen und energiewendedienlichen Strom h\u00f6chster Qualit\u00e4t laden. Und den bekommen sie bei uns.\u201c Der \u00d6kostrom aus den Ladegr\u00fcn!-S\u00e4ulen soll dabei nicht teurer sein als an den mit klimasch\u00e4dlichem Graustrom gespeisten Lades\u00e4ulen der konventionellen Konkurrenz.<\/p>\n\n\n\n<p>Als B\u00fcrgerenergiegenossenschaft mit mehrj\u00e4hriger Erfahrung beim Aufbau von \u00f6kologischen Ladel\u00f6sungen und dem Betrieb von derzeit rund 200 Ladepunkten f\u00fcr Elektroautos beteiligen sich auch die Inselwerke an der Gesellschaft. \u201eF\u00fcr jeden Standort und jeden Kunden braucht es ma\u00dfgeschneiderte L\u00f6sungen\u201c, sagt Frank Haney, Vorstand der Inselwerke und Gr\u00fcndungsvorstand der neuen Genossenschaft, \u201eund die k\u00f6nnen wir mit Ladegr\u00fcn! allumfassend anbieten.\u201c<\/p>\n\n\n\n<p>Die Genossenschaft wird nicht nur eigene Lades\u00e4ulen betreiben und f\u00fcr Gesch\u00e4ftspartner schl\u00fcsselfertige Ladeinfrastruktur errichten, sondern ihren Kunden auch Dienstleistungen wie die technische und kaufm\u00e4nnische Betriebsf\u00fchrung von Ladepunkten anbieten. \u201eZusammen bringen wir umfassende Expertise in allen Bereichen des Energiemarkts mit\u201c, sagt Oliver Hummel, Vorstand von NATURSTROM. \u201eLadegr\u00fcn! wird deshalb ein verl\u00e4sslicher Partner f\u00fcr alle sein, die f\u00fcr die eigenen Mobilit\u00e4tsbed\u00fcrfnisse und die ihrer Kundschaft klimafreundliche L\u00f6sungen suchen.\u201c<\/p>\n\n\n\n<p>Ihren Betrieb soll die in Gr\u00fcndung befindliche und f\u00fcr weitere Partner offene Genossenschaft im Februar oder M\u00e4rz 2021 aufnehmen, sobald die Eintragung in das Genossenschaftsregister erfolgt ist. \u201eWir haben uns bewusst f\u00fcr die Rechtsform einer eingetragenen Genossenschaft entschieden\u201c, sagt Mirko Schulte, Leiter Mobilit\u00e4t bei der GLS Bank. \u201eMit der Ladegr\u00fcn! eG treiben wir die Mobilit\u00e4tswende in Deutschland und damit letztlich auch das Erreichen der Klimaziele voran!\u201c<\/p>\n\n\n<h5 class=\"green\">Quelle<\/h5>\r\n\n\n\n<p><a href=\"https:\/\/www.greenpeace-energy.de\/presse\/artikel\/fuehrende-oekoenergieanbieter-und-gls-bank-bauen-bundesweite-gruene-ladeinfrastruktur-auf.html\">Greenpeace Energy 2020<\/a><\/p>\n<div class=\"shariff shariff-align-flex-start shariff-widget-align-flex-start\"><div class=\"ShariffHeadline\">Diese Meldung teilen<\/div><ul class=\"shariff-buttons theme-round orientation-horizontal buttonsize-medium\"><li class=\"shariff-button facebook shariff-nocustomcolor\" style=\"background-color:#4273c8;border-radius:1%\"><a href=\"https:\/\/www.facebook.com\/sharer\/sharer.php?u=https%3A%2F%2Fwww.sonnenseite.com%2Fde%2Fmobilitaet%2Fneue-genossenschaft-ladegruen-fuer-oekologisch-sinnvolle-e-mobilitaet%2F\" title=\"Bei Facebook teilen\" aria-label=\"Bei Facebook teilen\" role=\"button\" rel=\"nofollow\" class=\"shariff-link\" style=\";border-radius:1%; background-color:#3b5998; color:#fff\" target=\"_blank\"><span class=\"shariff-icon\" style=\"\"><svg width=\"32px\" height=\"20px\" xmlns=\"http:\/\/www.w3.org\/2000\/svg\" viewBox=\"0 0 18 32\"><path fill=\"#3b5998\" d=\"M17.1 0.2v4.7h-2.8q-1.5 0-2.1 0.6t-0.5 1.9v3.4h5.2l-0.7 5.3h-4.5v13.6h-5.5v-13.6h-4.5v-5.3h4.5v-3.9q0-3.3 1.9-5.2t5-1.8q2.6 0 4.1 0.2z\"\/><\/svg><\/span><\/a><\/li><li class=\"shariff-button twitter shariff-nocustomcolor\" style=\"background-color:#595959;border-radius:1%\"><a href=\"https:\/\/twitter.com\/share?url=https%3A%2F%2Fwww.sonnenseite.com%2Fde%2Fmobilitaet%2Fneue-genossenschaft-ladegruen-fuer-oekologisch-sinnvolle-e-mobilitaet%2F&text=Neue%20Genossenschaft%20%E2%80%9ELadegr%C3%BCn%21%E2%80%9C%20f%C3%BCr%20%C3%B6kologisch%20sinnvolle%20E-Mobilit%C3%A4t\" title=\"Bei X teilen\" aria-label=\"Bei X teilen\" role=\"button\" rel=\"noopener nofollow\" class=\"shariff-link\" style=\";border-radius:1%; background-color:#000; color:#fff\" target=\"_blank\"><span class=\"shariff-icon\" style=\"\"><svg width=\"32px\" height=\"20px\" xmlns=\"http:\/\/www.w3.org\/2000\/svg\" viewBox=\"0 0 24 24\"><path fill=\"#000\" d=\"M14.258 10.152L23.176 0h-2.113l-7.747 8.813L7.133 0H0l9.352 13.328L0 23.973h2.113l8.176-9.309 6.531 9.309h7.133zm-2.895 3.293l-.949-1.328L2.875 1.56h3.246l6.086 8.523.945 1.328 7.91 11.078h-3.246zm0 0\"\/><\/svg><\/span><\/a><\/li><li class=\"shariff-button xing shariff-nocustomcolor\" style=\"background-color:#29888a;border-radius:1%\"><a href=\"https:\/\/www.xing.com\/spi\/shares\/new?url=https%3A%2F%2Fwww.sonnenseite.com%2Fde%2Fmobilitaet%2Fneue-genossenschaft-ladegruen-fuer-oekologisch-sinnvolle-e-mobilitaet%2F\" title=\"Bei XING teilen\" aria-label=\"Bei XING teilen\" role=\"button\" rel=\"noopener nofollow\" class=\"shariff-link\" style=\";border-radius:1%; background-color:#126567; color:#fff\" target=\"_blank\"><span class=\"shariff-icon\" style=\"\"><svg width=\"32px\" height=\"20px\" xmlns=\"http:\/\/www.w3.org\/2000\/svg\" viewBox=\"0 0 25 32\"><path fill=\"#126567\" d=\"M10.7 11.9q-0.2 0.3-4.6 8.2-0.5 0.8-1.2 0.8h-4.3q-0.4 0-0.5-0.3t0-0.6l4.5-8q0 0 0 0l-2.9-5q-0.2-0.4 0-0.7 0.2-0.3 0.5-0.3h4.3q0.7 0 1.2 0.8zM25.1 0.4q0.2 0.3 0 0.7l-9.4 16.7 6 11q0.2 0.4 0 0.6-0.2 0.3-0.6 0.3h-4.3q-0.7 0-1.2-0.8l-6-11.1q0.3-0.6 9.5-16.8 0.4-0.8 1.2-0.8h4.3q0.4 0 0.5 0.3z\"\/><\/svg><\/span><\/a><\/li><li class=\"shariff-button linkedin shariff-nocustomcolor\" style=\"background-color:#1488bf;border-radius:1%\"><a href=\"https:\/\/www.linkedin.com\/sharing\/share-offsite\/?url=https%3A%2F%2Fwww.sonnenseite.com%2Fde%2Fmobilitaet%2Fneue-genossenschaft-ladegruen-fuer-oekologisch-sinnvolle-e-mobilitaet%2F\" title=\"Bei LinkedIn teilen\" aria-label=\"Bei LinkedIn teilen\" role=\"button\" rel=\"noopener nofollow\" class=\"shariff-link\" style=\";border-radius:1%; background-color:#0077b5; color:#fff\" target=\"_blank\"><span class=\"shariff-icon\" style=\"\"><svg width=\"32px\" height=\"20px\" xmlns=\"http:\/\/www.w3.org\/2000\/svg\" viewBox=\"0 0 27 32\"><path fill=\"#0077b5\" d=\"M6.2 11.2v17.7h-5.9v-17.7h5.9zM6.6 5.7q0 1.3-0.9 2.2t-2.4 0.9h0q-1.5 0-2.4-0.9t-0.9-2.2 0.9-2.2 2.4-0.9 2.4 0.9 0.9 2.2zM27.4 18.7v10.1h-5.9v-9.5q0-1.9-0.7-2.9t-2.3-1.1q-1.1 0-1.9 0.6t-1.2 1.5q-0.2 0.5-0.2 1.4v9.9h-5.9q0-7.1 0-11.6t0-5.3l0-0.9h5.9v2.6h0q0.4-0.6 0.7-1t1-0.9 1.6-0.8 2-0.3q3 0 4.9 2t1.9 6z\"\/><\/svg><\/span><\/a><\/li><li class=\"shariff-button printer shariff-nocustomcolor\" style=\"background-color:#a8a8a8;border-radius:1%\"><a href=\"javascript:window.print()\" title=\"drucken\" aria-label=\"drucken\" role=\"button\" rel=\"noopener nofollow\" class=\"shariff-link\" style=\";border-radius:1%; background-color:#999; color:#fff\"><span class=\"shariff-icon\" style=\"\"><svg width=\"32px\" height=\"20px\" xmlns=\"http:\/\/www.w3.org\/2000\/svg\" viewBox=\"0 0 30 32\"><path fill=\"#999\" d=\"M6.8 27.4h16v-4.6h-16v4.6zM6.8 16h16v-6.8h-2.8q-0.7 0-1.2-0.5t-0.5-1.2v-2.8h-11.4v11.4zM27.4 17.2q0-0.5-0.3-0.8t-0.8-0.4-0.8 0.4-0.3 0.8 0.3 0.8 0.8 0.3 0.8-0.3 0.3-0.8zM29.7 17.2v7.4q0 0.2-0.2 0.4t-0.4 0.2h-4v2.8q0 0.7-0.5 1.2t-1.2 0.5h-17.2q-0.7 0-1.2-0.5t-0.5-1.2v-2.8h-4q-0.2 0-0.4-0.2t-0.2-0.4v-7.4q0-1.4 1-2.4t2.4-1h1.2v-9.7q0-0.7 0.5-1.2t1.2-0.5h12q0.7 0 1.6 0.4t1.3 0.8l2.7 2.7q0.5 0.5 0.9 1.4t0.4 1.6v4.6h1.1q1.4 0 2.4 1t1 2.4z\"\/><\/svg><\/span><\/a><\/li><li class=\"shariff-button mailto shariff-nocustomcolor\" style=\"background-color:#a8a8a8;border-radius:1%\"><a href=\"mailto:?body=https%3A%2F%2Fwww.sonnenseite.com%2Fde%2Fmobilitaet%2Fneue-genossenschaft-ladegruen-fuer-oekologisch-sinnvolle-e-mobilitaet%2F&subject=Neue%20Genossenschaft%20%E2%80%9ELadegr%C3%BCn%21%E2%80%9C%20f%C3%BCr%20%C3%B6kologisch%20sinnvolle%20E-Mobilit%C3%A4t\" title=\"Per E-Mail versenden\" aria-label=\"Per E-Mail versenden\" role=\"button\" rel=\"noopener nofollow\" class=\"shariff-link\" style=\";border-radius:1%; background-color:#999; color:#fff\"><span class=\"shariff-icon\" style=\"\"><svg width=\"32px\" height=\"20px\" xmlns=\"http:\/\/www.w3.org\/2000\/svg\" viewBox=\"0 0 32 32\"><path fill=\"#999\" d=\"M32 12.7v14.2q0 1.2-0.8 2t-2 0.9h-26.3q-1.2 0-2-0.9t-0.8-2v-14.2q0.8 0.9 1.8 1.6 6.5 4.4 8.9 6.1 1 0.8 1.6 1.2t1.7 0.9 2 0.4h0.1q0.9 0 2-0.4t1.7-0.9 1.6-1.2q3-2.2 8.9-6.1 1-0.7 1.8-1.6zM32 7.4q0 1.4-0.9 2.7t-2.2 2.2q-6.7 4.7-8.4 5.8-0.2 0.1-0.7 0.5t-1 0.7-0.9 0.6-1.1 0.5-0.9 0.2h-0.1q-0.4 0-0.9-0.2t-1.1-0.5-0.9-0.6-1-0.7-0.7-0.5q-1.6-1.1-4.7-3.2t-3.6-2.6q-1.1-0.7-2.1-2t-1-2.5q0-1.4 0.7-2.3t2.1-0.9h26.3q1.2 0 2 0.8t0.9 2z\"\/><\/svg><\/span><\/a><\/li><\/ul><\/div>","protected":false},"excerpt":{"rendered":"<p>Mit der Genossenschaft \u201eLadegr\u00fcn!\u201c gr\u00fcnden die \u00d6koenergieanbieter Elektrizit\u00e4tswerke Sch\u00f6nau, Greenpeace Energy, Inselwerke und NATURSTROM sowie die [&hellip;]<\/p>\n","protected":false},"author":3,"featured_media":59509,"comment_status":"closed","ping_status":"closed","sticky":false,"template":"","format":"standard","meta":{"inline_featured_image":false,"footnotes":""},"categories":[25],"tags":[],"class_list":["post-66431","post","type-post","status-publish","format-standard","has-post-thumbnail","hentry","category-mobilitaet"],"yoast_head":"<!-- This site is optimized with the Yoast SEO plugin v26.5 - https:\/\/yoast.com\/wordpress\/plugins\/seo\/ -->\n<title>Neue Genossenschaft \u201eLadegr\u00fcn!\u201c f\u00fcr \u00f6kologisch sinnvolle E-Mobilit\u00e4t - Sonnenseite - \u00d6kologische Kommunikation mit Franz Alt<\/title>\n<meta name=\"description\" content=\"Mit der Genossenschaft \u201eLadegr\u00fcn!\u201c gr\u00fcnden die \u00d6koenergieanbieter Elektrizit\u00e4tswerke Sch\u00f6nau, Greenpeace Energy, Inselwerke und NATURSTROM sowie die GLS\" \/>\n<meta name=\"robots\" content=\"index, follow, max-snippet:-1, max-image-preview:large, max-video-preview:-1\" \/>\n<link rel=\"canonical\" href=\"https:\/\/www.sonnenseite.com\/de\/mobilitaet\/neue-genossenschaft-ladegruen-fuer-oekologisch-sinnvolle-e-mobilitaet\/\" \/>\n<meta property=\"og:locale\" content=\"de_DE\" \/>\n<meta property=\"og:type\" content=\"article\" \/>\n<meta property=\"og:title\" content=\"Neue Genossenschaft \u201eLadegr\u00fcn!\u201c f\u00fcr \u00f6kologisch sinnvolle E-Mobilit\u00e4t - Sonnenseite - \u00d6kologische Kommunikation mit Franz Alt\" \/>\n<meta property=\"og:description\" content=\"Mit der Genossenschaft \u201eLadegr\u00fcn!\u201c gr\u00fcnden die \u00d6koenergieanbieter Elektrizit\u00e4tswerke Sch\u00f6nau, Greenpeace Energy, Inselwerke und NATURSTROM sowie die GLS\" \/>\n<meta property=\"og:url\" content=\"https:\/\/www.sonnenseite.com\/de\/mobilitaet\/neue-genossenschaft-ladegruen-fuer-oekologisch-sinnvolle-e-mobilitaet\/\" \/>\n<meta property=\"og:site_name\" content=\"Sonnenseite\" \/>\n<meta property=\"article:publisher\" content=\"https:\/\/www.facebook.com\/pages\/Franz-Alt-SONNENSEITECOM\/221072987903953?fref=ts\" \/>\n<meta property=\"article:published_time\" content=\"2020-12-22T09:28:57+00:00\" \/>\n<meta property=\"article:modified_time\" content=\"2020-12-22T09:28:58+00:00\" \/>\n<meta property=\"og:image\" content=\"https:\/\/www.sonnenseite.com\/wp-content\/uploads\/2020\/07\/Elektroauto_laden_Scharfsinn.jpg\" \/>\n\t<meta property=\"og:image:width\" content=\"770\" \/>\n\t<meta property=\"og:image:height\" content=\"420\" \/>\n\t<meta property=\"og:image:type\" content=\"image\/jpeg\" \/>\n<meta name=\"author\" content=\"Bigi Alt\" \/>\n<meta name=\"twitter:card\" content=\"summary_large_image\" \/>\n<meta name=\"twitter:creator\" content=\"@franzalt\" \/>\n<meta name=\"twitter:site\" content=\"@franzalt\" \/>\n<meta name=\"twitter:label1\" content=\"Verfasst von\" \/>\n\t<meta name=\"twitter:data1\" content=\"Bigi Alt\" \/>\n\t<meta name=\"twitter:label2\" content=\"Gesch\u00e4tzte Lesezeit\" \/>\n\t<meta name=\"twitter:data2\" content=\"2\u00a0Minuten\" \/>\n<script type=\"application\/ld+json\" class=\"yoast-schema-graph\">{\"@context\":\"https:\/\/schema.org\",\"@graph\":[{\"@type\":\"Article\",\"@id\":\"https:\/\/www.sonnenseite.com\/de\/mobilitaet\/neue-genossenschaft-ladegruen-fuer-oekologisch-sinnvolle-e-mobilitaet\/#article\",\"isPartOf\":{\"@id\":\"https:\/\/www.sonnenseite.com\/de\/mobilitaet\/neue-genossenschaft-ladegruen-fuer-oekologisch-sinnvolle-e-mobilitaet\/\"},\"author\":{\"name\":\"Bigi Alt\",\"@id\":\"https:\/\/www.sonnenseite.com\/de\/#\/schema\/person\/50fda0e926597684c7cc6695238a4eb9\"},\"headline\":\"Neue Genossenschaft \u201eLadegr\u00fcn!\u201c f\u00fcr \u00f6kologisch sinnvolle E-Mobilit\u00e4t\",\"datePublished\":\"2020-12-22T09:28:57+00:00\",\"dateModified\":\"2020-12-22T09:28:58+00:00\",\"mainEntityOfPage\":{\"@id\":\"https:\/\/www.sonnenseite.com\/de\/mobilitaet\/neue-genossenschaft-ladegruen-fuer-oekologisch-sinnvolle-e-mobilitaet\/\"},\"wordCount\":495,\"publisher\":{\"@id\":\"https:\/\/www.sonnenseite.com\/de\/#organization\"},\"image\":{\"@id\":\"https:\/\/www.sonnenseite.com\/de\/mobilitaet\/neue-genossenschaft-ladegruen-fuer-oekologisch-sinnvolle-e-mobilitaet\/#primaryimage\"},\"thumbnailUrl\":\"https:\/\/www.sonnenseite.com\/wp-content\/uploads\/2020\/07\/Elektroauto_laden_Scharfsinn.jpg\",\"articleSection\":[\"Mobilit\u00e4t\"],\"inLanguage\":\"de\"},{\"@type\":\"WebPage\",\"@id\":\"https:\/\/www.sonnenseite.com\/de\/mobilitaet\/neue-genossenschaft-ladegruen-fuer-oekologisch-sinnvolle-e-mobilitaet\/\",\"url\":\"https:\/\/www.sonnenseite.com\/de\/mobilitaet\/neue-genossenschaft-ladegruen-fuer-oekologisch-sinnvolle-e-mobilitaet\/\",\"name\":\"Neue Genossenschaft \u201eLadegr\u00fcn!\u201c f\u00fcr \u00f6kologisch sinnvolle E-Mobilit\u00e4t - Sonnenseite - \u00d6kologische Kommunikation mit Franz Alt\",\"isPartOf\":{\"@id\":\"https:\/\/www.sonnenseite.com\/de\/#website\"},\"primaryImageOfPage\":{\"@id\":\"https:\/\/www.sonnenseite.com\/de\/mobilitaet\/neue-genossenschaft-ladegruen-fuer-oekologisch-sinnvolle-e-mobilitaet\/#primaryimage\"},\"image\":{\"@id\":\"https:\/\/www.sonnenseite.com\/de\/mobilitaet\/neue-genossenschaft-ladegruen-fuer-oekologisch-sinnvolle-e-mobilitaet\/#primaryimage\"},\"thumbnailUrl\":\"https:\/\/www.sonnenseite.com\/wp-content\/uploads\/2020\/07\/Elektroauto_laden_Scharfsinn.jpg\",\"datePublished\":\"2020-12-22T09:28:57+00:00\",\"dateModified\":\"2020-12-22T09:28:58+00:00\",\"description\":\"Mit der Genossenschaft \u201eLadegr\u00fcn!\u201c gr\u00fcnden die \u00d6koenergieanbieter Elektrizit\u00e4tswerke Sch\u00f6nau, Greenpeace Energy, Inselwerke und NATURSTROM sowie die GLS\",\"breadcrumb\":{\"@id\":\"https:\/\/www.sonnenseite.com\/de\/mobilitaet\/neue-genossenschaft-ladegruen-fuer-oekologisch-sinnvolle-e-mobilitaet\/#breadcrumb\"},\"inLanguage\":\"de\",\"potentialAction\":[{\"@type\":\"ReadAction\",\"target\":[\"https:\/\/www.sonnenseite.com\/de\/mobilitaet\/neue-genossenschaft-ladegruen-fuer-oekologisch-sinnvolle-e-mobilitaet\/\"]}]},{\"@type\":\"ImageObject\",\"inLanguage\":\"de\",\"@id\":\"https:\/\/www.sonnenseite.com\/de\/mobilitaet\/neue-genossenschaft-ladegruen-fuer-oekologisch-sinnvolle-e-mobilitaet\/#primaryimage\",\"url\":\"https:\/\/www.sonnenseite.com\/wp-content\/uploads\/2020\/07\/Elektroauto_laden_Scharfsinn.jpg\",\"contentUrl\":\"https:\/\/www.sonnenseite.com\/wp-content\/uploads\/2020\/07\/Elektroauto_laden_Scharfsinn.jpg\",\"width\":770,\"height\":420,\"caption\":\"Depositphotos | Scharfsinn\"},{\"@type\":\"BreadcrumbList\",\"@id\":\"https:\/\/www.sonnenseite.com\/de\/mobilitaet\/neue-genossenschaft-ladegruen-fuer-oekologisch-sinnvolle-e-mobilitaet\/#breadcrumb\",\"itemListElement\":[{\"@type\":\"ListItem\",\"position\":1,\"name\":\"Startseite\",\"item\":\"https:\/\/www.sonnenseite.com\/de\/\"},{\"@type\":\"ListItem\",\"position\":2,\"name\":\"Neue Genossenschaft \u201eLadegr\u00fcn!\u201c f\u00fcr \u00f6kologisch sinnvolle E-Mobilit\u00e4t\"}]},{\"@type\":\"WebSite\",\"@id\":\"https:\/\/www.sonnenseite.com\/de\/#website\",\"url\":\"https:\/\/www.sonnenseite.com\/de\/\",\"name\":\"Sonnenseite\",\"description\":\"\u00d6kologische Kommunikation mit Franz Alt\",\"publisher\":{\"@id\":\"https:\/\/www.sonnenseite.com\/de\/#organization\"},\"potentialAction\":[{\"@type\":\"SearchAction\",\"target\":{\"@type\":\"EntryPoint\",\"urlTemplate\":\"https:\/\/www.sonnenseite.com\/de\/?s={search_term_string}\"},\"query-input\":{\"@type\":\"PropertyValueSpecification\",\"valueRequired\":true,\"valueName\":\"search_term_string\"}}],\"inLanguage\":\"de\"},{\"@type\":\"Organization\",\"@id\":\"https:\/\/www.sonnenseite.com\/de\/#organization\",\"name\":\"Sonnenseite\",\"url\":\"https:\/\/www.sonnenseite.com\/de\/\",\"logo\":{\"@type\":\"ImageObject\",\"inLanguage\":\"de\",\"@id\":\"https:\/\/www.sonnenseite.com\/de\/#\/schema\/logo\/image\/\",\"url\":\"https:\/\/www.sonnenseite.com\/wp-content\/uploads\/2020\/05\/Sonnenseite_Logo.png\",\"contentUrl\":\"https:\/\/www.sonnenseite.com\/wp-content\/uploads\/2020\/05\/Sonnenseite_Logo.png\",\"width\":377,\"height\":90,\"caption\":\"Sonnenseite\"},\"image\":{\"@id\":\"https:\/\/www.sonnenseite.com\/de\/#\/schema\/logo\/image\/\"},\"sameAs\":[\"https:\/\/www.facebook.com\/pages\/Franz-Alt-SONNENSEITECOM\/221072987903953?fref=ts\",\"https:\/\/x.com\/franzalt\",\"http:\/\/www.youtube.com\/results?search_query&amp;amp;quot;franz_alt&amp;amp;quot;&amp;amp;amp;amp;search_type&amp;amp;amp;amp;aq=f\"]},{\"@type\":\"Person\",\"@id\":\"https:\/\/www.sonnenseite.com\/de\/#\/schema\/person\/50fda0e926597684c7cc6695238a4eb9\",\"name\":\"Bigi Alt\"}]}<\/script>\n<!-- \/ Yoast SEO plugin. -->","yoast_head_json":{"title":"Neue Genossenschaft \u201eLadegr\u00fcn!\u201c f\u00fcr \u00f6kologisch sinnvolle E-Mobilit\u00e4t - Sonnenseite - \u00d6kologische Kommunikation mit Franz Alt","description":"Mit der Genossenschaft \u201eLadegr\u00fcn!\u201c gr\u00fcnden die \u00d6koenergieanbieter Elektrizit\u00e4tswerke Sch\u00f6nau, Greenpeace Energy, Inselwerke und NATURSTROM sowie die GLS","robots":{"index":"index","follow":"follow","max-snippet":"max-snippet:-1","max-image-preview":"max-image-preview:large","max-video-preview":"max-video-preview:-1"},"canonical":"https:\/\/www.sonnenseite.com\/de\/mobilitaet\/neue-genossenschaft-ladegruen-fuer-oekologisch-sinnvolle-e-mobilitaet\/","og_locale":"de_DE","og_type":"article","og_title":"Neue Genossenschaft \u201eLadegr\u00fcn!\u201c f\u00fcr \u00f6kologisch sinnvolle E-Mobilit\u00e4t - Sonnenseite - \u00d6kologische Kommunikation mit Franz Alt","og_description":"Mit der Genossenschaft \u201eLadegr\u00fcn!\u201c gr\u00fcnden die \u00d6koenergieanbieter Elektrizit\u00e4tswerke Sch\u00f6nau, Greenpeace Energy, Inselwerke und NATURSTROM sowie die GLS","og_url":"https:\/\/www.sonnenseite.com\/de\/mobilitaet\/neue-genossenschaft-ladegruen-fuer-oekologisch-sinnvolle-e-mobilitaet\/","og_site_name":"Sonnenseite","article_publisher":"https:\/\/www.facebook.com\/pages\/Franz-Alt-SONNENSEITECOM\/221072987903953?fref=ts","article_published_time":"2020-12-22T09:28:57+00:00","article_modified_time":"2020-12-22T09:28:58+00:00","og_image":[{"width":770,"height":420,"url":"https:\/\/www.sonnenseite.com\/wp-content\/uploads\/2020\/07\/Elektroauto_laden_Scharfsinn.jpg","type":"image\/jpeg"}],"author":"Bigi Alt","twitter_card":"summary_large_image","twitter_creator":"@franzalt","twitter_site":"@franzalt","twitter_misc":{"Verfasst von":"Bigi Alt","Gesch\u00e4tzte Lesezeit":"2\u00a0Minuten"},"schema":{"@context":"https:\/\/schema.org","@graph":[{"@type":"Article","@id":"https:\/\/www.sonnenseite.com\/de\/mobilitaet\/neue-genossenschaft-ladegruen-fuer-oekologisch-sinnvolle-e-mobilitaet\/#article","isPartOf":{"@id":"https:\/\/www.sonnenseite.com\/de\/mobilitaet\/neue-genossenschaft-ladegruen-fuer-oekologisch-sinnvolle-e-mobilitaet\/"},"author":{"name":"Bigi Alt","@id":"https:\/\/www.sonnenseite.com\/de\/#\/schema\/person\/50fda0e926597684c7cc6695238a4eb9"},"headline":"Neue Genossenschaft \u201eLadegr\u00fcn!\u201c f\u00fcr \u00f6kologisch sinnvolle E-Mobilit\u00e4t","datePublished":"2020-12-22T09:28:57+00:00","dateModified":"2020-12-22T09:28:58+00:00","mainEntityOfPage":{"@id":"https:\/\/www.sonnenseite.com\/de\/mobilitaet\/neue-genossenschaft-ladegruen-fuer-oekologisch-sinnvolle-e-mobilitaet\/"},"wordCount":495,"publisher":{"@id":"https:\/\/www.sonnenseite.com\/de\/#organization"},"image":{"@id":"https:\/\/www.sonnenseite.com\/de\/mobilitaet\/neue-genossenschaft-ladegruen-fuer-oekologisch-sinnvolle-e-mobilitaet\/#primaryimage"},"thumbnailUrl":"https:\/\/www.sonnenseite.com\/wp-content\/uploads\/2020\/07\/Elektroauto_laden_Scharfsinn.jpg","articleSection":["Mobilit\u00e4t"],"inLanguage":"de"},{"@type":"WebPage","@id":"https:\/\/www.sonnenseite.com\/de\/mobilitaet\/neue-genossenschaft-ladegruen-fuer-oekologisch-sinnvolle-e-mobilitaet\/","url":"https:\/\/www.sonnenseite.com\/de\/mobilitaet\/neue-genossenschaft-ladegruen-fuer-oekologisch-sinnvolle-e-mobilitaet\/","name":"Neue Genossenschaft \u201eLadegr\u00fcn!\u201c f\u00fcr \u00f6kologisch sinnvolle E-Mobilit\u00e4t - Sonnenseite - \u00d6kologische Kommunikation mit Franz Alt","isPartOf":{"@id":"https:\/\/www.sonnenseite.com\/de\/#website"},"primaryImageOfPage":{"@id":"https:\/\/www.sonnenseite.com\/de\/mobilitaet\/neue-genossenschaft-ladegruen-fuer-oekologisch-sinnvolle-e-mobilitaet\/#primaryimage"},"image":{"@id":"https:\/\/www.sonnenseite.com\/de\/mobilitaet\/neue-genossenschaft-ladegruen-fuer-oekologisch-sinnvolle-e-mobilitaet\/#primaryimage"},"thumbnailUrl":"https:\/\/www.sonnenseite.com\/wp-content\/uploads\/2020\/07\/Elektroauto_laden_Scharfsinn.jpg","datePublished":"2020-12-22T09:28:57+00:00","dateModified":"2020-12-22T09:28:58+00:00","description":"Mit der Genossenschaft \u201eLadegr\u00fcn!\u201c gr\u00fcnden die \u00d6koenergieanbieter Elektrizit\u00e4tswerke Sch\u00f6nau, Greenpeace Energy, Inselwerke und NATURSTROM sowie die GLS","breadcrumb":{"@id":"https:\/\/www.sonnenseite.com\/de\/mobilitaet\/neue-genossenschaft-ladegruen-fuer-oekologisch-sinnvolle-e-mobilitaet\/#breadcrumb"},"inLanguage":"de","potentialAction":[{"@type":"ReadAction","target":["https:\/\/www.sonnenseite.com\/de\/mobilitaet\/neue-genossenschaft-ladegruen-fuer-oekologisch-sinnvolle-e-mobilitaet\/"]}]},{"@type":"ImageObject","inLanguage":"de","@id":"https:\/\/www.sonnenseite.com\/de\/mobilitaet\/neue-genossenschaft-ladegruen-fuer-oekologisch-sinnvolle-e-mobilitaet\/#primaryimage","url":"https:\/\/www.sonnenseite.com\/wp-content\/uploads\/2020\/07\/Elektroauto_laden_Scharfsinn.jpg","contentUrl":"https:\/\/www.sonnenseite.com\/wp-content\/uploads\/2020\/07\/Elektroauto_laden_Scharfsinn.jpg","width":770,"height":420,"caption":"Depositphotos | Scharfsinn"},{"@type":"BreadcrumbList","@id":"https:\/\/www.sonnenseite.com\/de\/mobilitaet\/neue-genossenschaft-ladegruen-fuer-oekologisch-sinnvolle-e-mobilitaet\/#breadcrumb","itemListElement":[{"@type":"ListItem","position":1,"name":"Startseite","item":"https:\/\/www.sonnenseite.com\/de\/"},{"@type":"ListItem","position":2,"name":"Neue Genossenschaft \u201eLadegr\u00fcn!\u201c f\u00fcr \u00f6kologisch sinnvolle E-Mobilit\u00e4t"}]},{"@type":"WebSite","@id":"https:\/\/www.sonnenseite.com\/de\/#website","url":"https:\/\/www.sonnenseite.com\/de\/","name":"Sonnenseite","description":"\u00d6kologische Kommunikation mit Franz Alt","publisher":{"@id":"https:\/\/www.sonnenseite.com\/de\/#organization"},"potentialAction":[{"@type":"SearchAction","target":{"@type":"EntryPoint","urlTemplate":"https:\/\/www.sonnenseite.com\/de\/?s={search_term_string}"},"query-input":{"@type":"PropertyValueSpecification","valueRequired":true,"valueName":"search_term_string"}}],"inLanguage":"de"},{"@type":"Organization","@id":"https:\/\/www.sonnenseite.com\/de\/#organization","name":"Sonnenseite","url":"https:\/\/www.sonnenseite.com\/de\/","logo":{"@type":"ImageObject","inLanguage":"de","@id":"https:\/\/www.sonnenseite.com\/de\/#\/schema\/logo\/image\/","url":"https:\/\/www.sonnenseite.com\/wp-content\/uploads\/2020\/05\/Sonnenseite_Logo.png","contentUrl":"https:\/\/www.sonnenseite.com\/wp-content\/uploads\/2020\/05\/Sonnenseite_Logo.png","width":377,"height":90,"caption":"Sonnenseite"},"image":{"@id":"https:\/\/www.sonnenseite.com\/de\/#\/schema\/logo\/image\/"},"sameAs":["https:\/\/www.facebook.com\/pages\/Franz-Alt-SONNENSEITECOM\/221072987903953?fref=ts","https:\/\/x.com\/franzalt","http:\/\/www.youtube.com\/results?search_query&amp;amp;quot;franz_alt&amp;amp;quot;&amp;amp;amp;amp;search_type&amp;amp;amp;amp;aq=f"]},{"@type":"Person","@id":"https:\/\/www.sonnenseite.com\/de\/#\/schema\/person\/50fda0e926597684c7cc6695238a4eb9","name":"Bigi Alt"}]}},"_links":{"self":[{"href":"https:\/\/www.sonnenseite.com\/de\/wp-json\/wp\/v2\/posts\/66431","targetHints":{"allow":["GET"]}}],"collection":[{"href":"https:\/\/www.sonnenseite.com\/de\/wp-json\/wp\/v2\/posts"}],"about":[{"href":"https:\/\/www.sonnenseite.com\/de\/wp-json\/wp\/v2\/types\/post"}],"author":[{"embeddable":true,"href":"https:\/\/www.sonnenseite.com\/de\/wp-json\/wp\/v2\/users\/3"}],"replies":[{"embeddable":true,"href":"https:\/\/www.sonnenseite.com\/de\/wp-json\/wp\/v2\/comments?post=66431"}],"version-history":[{"count":2,"href":"https:\/\/www.sonnenseite.com\/de\/wp-json\/wp\/v2\/posts\/66431\/revisions"}],"predecessor-version":[{"id":66435,"href":"https:\/\/www.sonnenseite.com\/de\/wp-json\/wp\/v2\/posts\/66431\/revisions\/66435"}],"wp:featuredmedia":[{"embeddable":true,"href":"https:\/\/www.sonnenseite.com\/de\/wp-json\/wp\/v2\/media\/59509"}],"wp:attachment":[{"href":"https:\/\/www.sonnenseite.com\/de\/wp-json\/wp\/v2\/media?parent=66431"}],"wp:term":[{"taxonomy":"category","embeddable":true,"href":"https:\/\/www.sonnenseite.com\/de\/wp-json\/wp\/v2\/categories?post=66431"},{"taxonomy":"post_tag","embeddable":true,"href":"https:\/\/www.sonnenseite.com\/de\/wp-json\/wp\/v2\/tags?post=66431"}],"curies":[{"name":"wp","href":"https:\/\/api.w.org\/{rel}","templated":true}]}}