{"id":66833,"date":"2021-01-07T09:09:33","date_gmt":"2021-01-07T08:09:33","guid":{"rendered":"https:\/\/www.sonnenseite.com\/?p=66833"},"modified":"2021-01-07T09:11:10","modified_gmt":"2021-01-07T08:11:10","slug":"mobilitaetswende-im-bergsport-als-notwendigkeit","status":"publish","type":"post","link":"https:\/\/www.sonnenseite.com\/de\/umwelt\/mobilitaetswende-im-bergsport-als-notwendigkeit\/","title":{"rendered":"Mobilit\u00e4tswende im Bergsport als Notwendigkeit"},"content":{"rendered":"\n<p><em>\u201eBergsport ist Motorsport<\/em>\u201c ist ein gel\u00e4ufiger Slogan unter Bergsportlern. Alpenverein setzt sich f\u00fcr eine notwendige Mobilit\u00e4tswende im Bergsport ein.<\/p>\n\n\n\n<p>An dieser \u00fcberspitzten Formulierung ist etwas Wahres dran \u2013 um zu unseren Skitouren, Alpinklettereien und Wanderwegen zu kommen, fahren die meisten Bergsportler mit dem eigenen Auto. Wenn wir die im Regierungsprogramm verankerte Klimaneutralit\u00e4t bis 2040 erreichen wollen, braucht es auch im Freizeitbereich eine konsequente und naturvertr\u00e4gliche Mobilit\u00e4tswende.<\/p>\n\n\n\n<p>Die Zahlen sprechen f\u00fcr sich: 87% der Bergsportler reisen prim\u00e4r mit dem eigenen PWK in die Bergwelt \u2013 lediglich 33% nutzen daf\u00fcr manchmal die \u00f6ffentlichen Verkehresmittel[1]. Die mittlere Distanz f\u00fcr An- und Abreise betr\u00e4gt bei Tagestouren 144 km, ein Bergsportler emittiert durchschnittlich <strong>537,9 kg CO2 pro Jahr \u2013<\/strong> <strong>82,5% dieser Emissionen entstammen der An- und Abreise mit dem PKW<\/strong>[2]. Im Hinblick auf Klimaschutzaspekte ist bei Bergtouren die Wahl des Verkehrsmittels somit der ausschlaggebende Faktor. Die Gr\u00fcnde daf\u00fcr sind nachvollziehbar: Fahrdauer und Bequemlichkeit, der Transport von oft schwerem und sperrigem Gep\u00e4ck wie Skier sowie fehlende Verbindungen zu den Ausgangspunkten, welche oft fernab der Verkehrsknoten liegen. Und dennoch: \u201eVor dem Hintergrund des Klimaschutzes gilt es f\u00fcr uns alle, <strong>eigene Gewohnheiten zu hinterfragen<\/strong>. Denn jede*r kann und muss einen Beitrag zu dieser gesamtgesellschaftlichen Herausforderung leisten\u201c, sagt <strong>Clemens Matt, Generalsekret\u00e4r des \u00d6sterreichischen Alpenvereins<\/strong>. <\/p>\n\n\n\n<p>Und weiter: \u201eInsgesamt wird eine ambitionierte j\u00e4hrliche Reduktion der CO2-Emissionen notwendig sein. Die Abgeordneten im Umweltausschuss sind nun gefordert, an einem gemeinsamen Gesetzesantrag zu arbeiten, der auch eine durchdachte Mobilit\u00e4tswende beinhaltet und die weiteren Rahmenbedingungen f\u00fcr mutigen Klimaschutz in \u00d6sterreich schafft.\u201c Am 13.01.2021 findet die zweite Umweltausschusssitzung zum Klimavolksbegehren statt, eine fl\u00e4chendeckende Versorgung mit klimafreundlicher Mobilit\u00e4t ist eine der zentralen Forderungen, welche auch vom Alpenverein unterst\u00fctzt wird.<\/p>\n\n\n\n<p>Der \u00d6sterreichische Alpenverein f\u00f6rdert natur- und umweltfreundliche Formen des Tourismus und verschiedener Freizeitaktivit\u00e4ten. Der respektvolle Umgang mit den Ressourcen ist bereits im Grundsatzprogramm \u201eNatur-, Landschafts- und Umweltschutz, nachhaltige Entwicklung und umweltvertr\u00e4glicher Bergsport\u201c von 2013 verankert worden. Im Alpenverein werden mehrere Projekte umgesetzt, die einen Wechsel auf kunden- und umweltfreundliche Mobilit\u00e4tsmodelle erleichtern sollen. <\/p>\n\n\n\n<p>Im Rahmen der weit bekannten Initiative <strong>\u201eSanfte Mobilit\u00e4t f\u00fcr Freizeit und Tourismus\u201c <\/strong>erarbeiteten Sektionen seit 2009 eigenst\u00e4ndige Tourenangebote mit Informationen zur <strong>\u00f6ffentlichen An- und Abreise<\/strong>. Die kostenfreien Publikationen dazu wurden bereits mit mehreren Umweltpreisen ausgezeichnet. Auch die Initiative \u201e<strong>Mit Bus und Bahn zu Alpenvereinsh\u00fctten<\/strong>\u201c wurde gut angenommen, gleich dem \u201e<strong>Mobilit\u00e4tsguide Sportklettern<\/strong>[3]\u201c, der es erm\u00f6glicht, bequem und \u00f6ffentlich zu Sportkletterg\u00e4rten anzureisen.<\/p>\n\n\n\n<p>Die gr\u00f6\u00dfte Herausforderung aber bleibt die ber\u00fchmte \u201eletzte Meile\u201c zum Ausgangspunkt. Derzeit funktioniert das dort recht gut, wo die Mobilit\u00e4tsinitiativen von den Tourismusverb\u00e4nden finanziell unterst\u00fctzt werden, aber: \u201eWir brauchen den Mut, <strong>\u00f6ffentliches Geld f\u00fcr den Nahverkehr<\/strong> in die Hand zu nehmen, meint <strong>Liliana Dagostin, Leiterin der Abteilung Raumplanung und Naturschutz<\/strong> beim \u00d6sterreichischen Alpenverein. \u201eEs gibt kein Kuchenrezept, das f\u00fcr alle Regionen funktioniert, aber es gibt gute Beispiele, die man \u00fcbernehmen kann.\u201c Eines davon ist der Skitourenbus[4] in der Schweiz, der in Kooperation mit dem Schweizer Alpen-Club (SAC) initiiert wurde.<\/p>\n\n\n\n<p>Gem\u00e4\u00df seines Grundsatzprogrammes zum naturvertr\u00e4glichen Bergsport hat sich der Alpenverein dazu verpflichtet, im eigenen Wirkungskreis sowie dar\u00fcber hinaus <strong>sinnvolle Projekte im Klimaschutz zu f\u00f6rdern<\/strong> und <strong>konkrete Ma\u00dfnahmen zu setzten<\/strong>. Ein Schwerpunkt liegt in den Bereichen sanfter Tourismus und Mobilit\u00e4t. \u201eUm die angestrebte Klimaneutralit\u00e4t 2040 zu erreichen brauchen wir f\u00fcr <strong>\u00d6sterreich ein verbindliches CO2-Budget und einen klaren Reduktionsplan<\/strong>\u201c, fordert <strong>Liliana Dagostin.<\/strong><\/p>\n\n\n\n<p>Emissionsfreie Mobilit\u00e4t braucht viele L\u00f6sungen: den Ausbau und die Verg\u00fcnstigung des \u00f6ffentlichen Verkehrs, klimafreundliche Fortbewegungsmittel und <strong>leistbare Alternativen f\u00fcr alle Regionen<\/strong> <strong>sowie die Bereitschaft, sein eigenes Verhalten zu \u00fcberdenken und anzupassen.<\/strong> Klimafreundliche Fortbewegungsmittel m\u00fcssen zur ersten logischen Wahl f\u00fcr alle werden, d.h. mit leistbaren Preisen und in dichten Intervallen. Dort, wo kein Zug oder Bus hinkommt, muss es andere bedarfsorientierte L\u00f6sungen geben: Carsharing, Rufbusse, oder auch Rad oder E-Bikes f\u00fcr die letzten Kilometer zum Ausgangspunkt. Es muss schlussendlich allen Bergsportlern m\u00f6glich gemacht werden, klimafreundlich unterwegs zu sein. Oder sich eben manchmal im Verzicht \u00fcben.<\/p>\n\n\n\n<ul class=\"wp-block-list\"><li>Ein \u00dcberblick \u00fcber die Mobilit\u00e4tsinitiativen des Alpenvereins: <a href=\"https:\/\/bit.ly\/av-mobilitaet\" target=\"_blank\" rel=\"noreferrer noopener\">https:\/\/bit.ly\/av-mobilitaet<\/a><\/li><\/ul>\n\n\n\n<hr class=\"wp-block-separator\"\/>\n\n\n\n<ul class=\"wp-block-list\"><li>[1] Bergauf-Leserumfrage 2020<\/li><li>[2] <a href=\"https:\/\/www.ots.at\/redirect\/alpenverein16\" target=\"_blank\" rel=\"noreferrer noopener\">DAV-Mobilit\u00e4tsumfrage 2014<\/a><\/li><li>[3] <a href=\"https:\/\/bit.ly\/mobilit%C3%A4tsguide-klettern\" target=\"_blank\" rel=\"noreferrer noopener\">https:\/\/bit.ly\/mobilit\u00e4tsguide-klettern<\/a><\/li><li>[4] <a href=\"https:\/\/www.ots.at\/redirect\/sac-cas\" target=\"_blank\" rel=\"noreferrer noopener\">https:\/\/www.ots.at\/redirect\/sac-cas<\/a><\/li><\/ul>\n\n\n<h5 class=\"green\">Quelle<\/h5>\r\n\n\n\n<p><a href=\"http:\/\/www.alpenverein.at\">\u00d6sterreichischer Alpenverein 2021<\/a><\/p>\n<div class=\"shariff shariff-align-flex-start shariff-widget-align-flex-start\"><div class=\"ShariffHeadline\">Diese Meldung teilen<\/div><ul class=\"shariff-buttons theme-round orientation-horizontal buttonsize-medium\"><li class=\"shariff-button facebook shariff-nocustomcolor\" style=\"background-color:#4273c8;border-radius:1%\"><a href=\"https:\/\/www.facebook.com\/sharer\/sharer.php?u=https%3A%2F%2Fwww.sonnenseite.com%2Fde%2Fumwelt%2Fmobilitaetswende-im-bergsport-als-notwendigkeit%2F\" title=\"Bei Facebook teilen\" aria-label=\"Bei Facebook teilen\" role=\"button\" rel=\"nofollow\" class=\"shariff-link\" style=\";border-radius:1%; background-color:#3b5998; color:#fff\" target=\"_blank\"><span class=\"shariff-icon\" style=\"\"><svg width=\"32px\" height=\"20px\" xmlns=\"http:\/\/www.w3.org\/2000\/svg\" viewBox=\"0 0 18 32\"><path fill=\"#3b5998\" d=\"M17.1 0.2v4.7h-2.8q-1.5 0-2.1 0.6t-0.5 1.9v3.4h5.2l-0.7 5.3h-4.5v13.6h-5.5v-13.6h-4.5v-5.3h4.5v-3.9q0-3.3 1.9-5.2t5-1.8q2.6 0 4.1 0.2z\"\/><\/svg><\/span><\/a><\/li><li class=\"shariff-button twitter shariff-nocustomcolor\" style=\"background-color:#595959;border-radius:1%\"><a href=\"https:\/\/twitter.com\/share?url=https%3A%2F%2Fwww.sonnenseite.com%2Fde%2Fumwelt%2Fmobilitaetswende-im-bergsport-als-notwendigkeit%2F&text=Mobilit%C3%A4tswende%20im%20Bergsport%20als%20Notwendigkeit\" title=\"Bei X teilen\" aria-label=\"Bei X teilen\" role=\"button\" rel=\"noopener nofollow\" class=\"shariff-link\" style=\";border-radius:1%; background-color:#000; color:#fff\" target=\"_blank\"><span class=\"shariff-icon\" style=\"\"><svg width=\"32px\" height=\"20px\" xmlns=\"http:\/\/www.w3.org\/2000\/svg\" viewBox=\"0 0 24 24\"><path fill=\"#000\" d=\"M14.258 10.152L23.176 0h-2.113l-7.747 8.813L7.133 0H0l9.352 13.328L0 23.973h2.113l8.176-9.309 6.531 9.309h7.133zm-2.895 3.293l-.949-1.328L2.875 1.56h3.246l6.086 8.523.945 1.328 7.91 11.078h-3.246zm0 0\"\/><\/svg><\/span><\/a><\/li><li class=\"shariff-button xing shariff-nocustomcolor\" style=\"background-color:#29888a;border-radius:1%\"><a href=\"https:\/\/www.xing.com\/spi\/shares\/new?url=https%3A%2F%2Fwww.sonnenseite.com%2Fde%2Fumwelt%2Fmobilitaetswende-im-bergsport-als-notwendigkeit%2F\" title=\"Bei XING teilen\" aria-label=\"Bei XING teilen\" role=\"button\" rel=\"noopener nofollow\" class=\"shariff-link\" style=\";border-radius:1%; background-color:#126567; color:#fff\" target=\"_blank\"><span class=\"shariff-icon\" style=\"\"><svg width=\"32px\" height=\"20px\" xmlns=\"http:\/\/www.w3.org\/2000\/svg\" viewBox=\"0 0 25 32\"><path fill=\"#126567\" d=\"M10.7 11.9q-0.2 0.3-4.6 8.2-0.5 0.8-1.2 0.8h-4.3q-0.4 0-0.5-0.3t0-0.6l4.5-8q0 0 0 0l-2.9-5q-0.2-0.4 0-0.7 0.2-0.3 0.5-0.3h4.3q0.7 0 1.2 0.8zM25.1 0.4q0.2 0.3 0 0.7l-9.4 16.7 6 11q0.2 0.4 0 0.6-0.2 0.3-0.6 0.3h-4.3q-0.7 0-1.2-0.8l-6-11.1q0.3-0.6 9.5-16.8 0.4-0.8 1.2-0.8h4.3q0.4 0 0.5 0.3z\"\/><\/svg><\/span><\/a><\/li><li class=\"shariff-button linkedin shariff-nocustomcolor\" style=\"background-color:#1488bf;border-radius:1%\"><a href=\"https:\/\/www.linkedin.com\/sharing\/share-offsite\/?url=https%3A%2F%2Fwww.sonnenseite.com%2Fde%2Fumwelt%2Fmobilitaetswende-im-bergsport-als-notwendigkeit%2F\" title=\"Bei LinkedIn teilen\" aria-label=\"Bei LinkedIn teilen\" role=\"button\" rel=\"noopener nofollow\" class=\"shariff-link\" style=\";border-radius:1%; background-color:#0077b5; color:#fff\" target=\"_blank\"><span class=\"shariff-icon\" style=\"\"><svg width=\"32px\" height=\"20px\" xmlns=\"http:\/\/www.w3.org\/2000\/svg\" viewBox=\"0 0 27 32\"><path fill=\"#0077b5\" d=\"M6.2 11.2v17.7h-5.9v-17.7h5.9zM6.6 5.7q0 1.3-0.9 2.2t-2.4 0.9h0q-1.5 0-2.4-0.9t-0.9-2.2 0.9-2.2 2.4-0.9 2.4 0.9 0.9 2.2zM27.4 18.7v10.1h-5.9v-9.5q0-1.9-0.7-2.9t-2.3-1.1q-1.1 0-1.9 0.6t-1.2 1.5q-0.2 0.5-0.2 1.4v9.9h-5.9q0-7.1 0-11.6t0-5.3l0-0.9h5.9v2.6h0q0.4-0.6 0.7-1t1-0.9 1.6-0.8 2-0.3q3 0 4.9 2t1.9 6z\"\/><\/svg><\/span><\/a><\/li><li class=\"shariff-button printer shariff-nocustomcolor\" style=\"background-color:#a8a8a8;border-radius:1%\"><a href=\"javascript:window.print()\" title=\"drucken\" aria-label=\"drucken\" role=\"button\" rel=\"noopener nofollow\" class=\"shariff-link\" style=\";border-radius:1%; background-color:#999; color:#fff\"><span class=\"shariff-icon\" style=\"\"><svg width=\"32px\" height=\"20px\" xmlns=\"http:\/\/www.w3.org\/2000\/svg\" viewBox=\"0 0 30 32\"><path fill=\"#999\" d=\"M6.8 27.4h16v-4.6h-16v4.6zM6.8 16h16v-6.8h-2.8q-0.7 0-1.2-0.5t-0.5-1.2v-2.8h-11.4v11.4zM27.4 17.2q0-0.5-0.3-0.8t-0.8-0.4-0.8 0.4-0.3 0.8 0.3 0.8 0.8 0.3 0.8-0.3 0.3-0.8zM29.7 17.2v7.4q0 0.2-0.2 0.4t-0.4 0.2h-4v2.8q0 0.7-0.5 1.2t-1.2 0.5h-17.2q-0.7 0-1.2-0.5t-0.5-1.2v-2.8h-4q-0.2 0-0.4-0.2t-0.2-0.4v-7.4q0-1.4 1-2.4t2.4-1h1.2v-9.7q0-0.7 0.5-1.2t1.2-0.5h12q0.7 0 1.6 0.4t1.3 0.8l2.7 2.7q0.5 0.5 0.9 1.4t0.4 1.6v4.6h1.1q1.4 0 2.4 1t1 2.4z\"\/><\/svg><\/span><\/a><\/li><li class=\"shariff-button mailto shariff-nocustomcolor\" style=\"background-color:#a8a8a8;border-radius:1%\"><a href=\"mailto:?body=https%3A%2F%2Fwww.sonnenseite.com%2Fde%2Fumwelt%2Fmobilitaetswende-im-bergsport-als-notwendigkeit%2F&subject=Mobilit%C3%A4tswende%20im%20Bergsport%20als%20Notwendigkeit\" title=\"Per E-Mail versenden\" aria-label=\"Per E-Mail versenden\" role=\"button\" rel=\"noopener nofollow\" class=\"shariff-link\" style=\";border-radius:1%; background-color:#999; color:#fff\"><span class=\"shariff-icon\" style=\"\"><svg width=\"32px\" height=\"20px\" xmlns=\"http:\/\/www.w3.org\/2000\/svg\" viewBox=\"0 0 32 32\"><path fill=\"#999\" d=\"M32 12.7v14.2q0 1.2-0.8 2t-2 0.9h-26.3q-1.2 0-2-0.9t-0.8-2v-14.2q0.8 0.9 1.8 1.6 6.5 4.4 8.9 6.1 1 0.8 1.6 1.2t1.7 0.9 2 0.4h0.1q0.9 0 2-0.4t1.7-0.9 1.6-1.2q3-2.2 8.9-6.1 1-0.7 1.8-1.6zM32 7.4q0 1.4-0.9 2.7t-2.2 2.2q-6.7 4.7-8.4 5.8-0.2 0.1-0.7 0.5t-1 0.7-0.9 0.6-1.1 0.5-0.9 0.2h-0.1q-0.4 0-0.9-0.2t-1.1-0.5-0.9-0.6-1-0.7-0.7-0.5q-1.6-1.1-4.7-3.2t-3.6-2.6q-1.1-0.7-2.1-2t-1-2.5q0-1.4 0.7-2.3t2.1-0.9h26.3q1.2 0 2 0.8t0.9 2z\"\/><\/svg><\/span><\/a><\/li><\/ul><\/div>","protected":false},"excerpt":{"rendered":"<p>\u201eBergsport ist Motorsport\u201c ist ein gel\u00e4ufiger Slogan unter Bergsportlern. Alpenverein setzt sich f\u00fcr eine notwendige Mobilit\u00e4tswende [&hellip;]<\/p>\n","protected":false},"author":3,"featured_media":66837,"comment_status":"closed","ping_status":"closed","sticky":false,"template":"","format":"standard","meta":{"inline_featured_image":false,"footnotes":""},"categories":[23],"tags":[],"class_list":["post-66833","post","type-post","status-publish","format-standard","has-post-thumbnail","hentry","category-umwelt"],"yoast_head":"<!-- This site is optimized with the Yoast SEO plugin v26.5 - https:\/\/yoast.com\/wordpress\/plugins\/seo\/ -->\n<title>Mobilit\u00e4tswende im Bergsport als Notwendigkeit - Sonnenseite - \u00d6kologische Kommunikation mit Franz Alt<\/title>\n<meta name=\"description\" content=\"\u201eBergsport ist Motorsport\u201c ist ein gel\u00e4ufiger Slogan unter Bergsportlern. Alpenverein setzt sich f\u00fcr eine notwendige Mobilit\u00e4tswende im Bergsport ein. An\" \/>\n<meta name=\"robots\" content=\"index, follow, max-snippet:-1, max-image-preview:large, max-video-preview:-1\" \/>\n<link rel=\"canonical\" href=\"https:\/\/www.sonnenseite.com\/de\/umwelt\/mobilitaetswende-im-bergsport-als-notwendigkeit\/\" \/>\n<meta property=\"og:locale\" content=\"de_DE\" \/>\n<meta property=\"og:type\" content=\"article\" \/>\n<meta property=\"og:title\" content=\"Mobilit\u00e4tswende im Bergsport als Notwendigkeit - Sonnenseite - \u00d6kologische Kommunikation mit Franz Alt\" \/>\n<meta property=\"og:description\" content=\"\u201eBergsport ist Motorsport\u201c ist ein gel\u00e4ufiger Slogan unter Bergsportlern. Alpenverein setzt sich f\u00fcr eine notwendige Mobilit\u00e4tswende im Bergsport ein. An\" \/>\n<meta property=\"og:url\" content=\"https:\/\/www.sonnenseite.com\/de\/umwelt\/mobilitaetswende-im-bergsport-als-notwendigkeit\/\" \/>\n<meta property=\"og:site_name\" content=\"Sonnenseite\" \/>\n<meta property=\"article:publisher\" content=\"https:\/\/www.facebook.com\/pages\/Franz-Alt-SONNENSEITECOM\/221072987903953?fref=ts\" \/>\n<meta property=\"article:published_time\" content=\"2021-01-07T08:09:33+00:00\" \/>\n<meta property=\"article:modified_time\" content=\"2021-01-07T08:11:10+00:00\" \/>\n<meta property=\"og:image\" content=\"https:\/\/www.sonnenseite.com\/wp-content\/uploads\/2021\/01\/Alpenverein-Norbert-Freudenthaler_Europabruecke-1.jpg\" \/>\n\t<meta property=\"og:image:width\" content=\"770\" \/>\n\t<meta property=\"og:image:height\" content=\"420\" \/>\n\t<meta property=\"og:image:type\" content=\"image\/jpeg\" \/>\n<meta name=\"author\" content=\"Bigi Alt\" \/>\n<meta name=\"twitter:card\" content=\"summary_large_image\" \/>\n<meta name=\"twitter:creator\" content=\"@franzalt\" \/>\n<meta name=\"twitter:site\" content=\"@franzalt\" \/>\n<meta name=\"twitter:label1\" content=\"Verfasst von\" \/>\n\t<meta name=\"twitter:data1\" content=\"Bigi Alt\" \/>\n\t<meta name=\"twitter:label2\" content=\"Gesch\u00e4tzte Lesezeit\" \/>\n\t<meta name=\"twitter:data2\" content=\"4\u00a0Minuten\" \/>\n<script type=\"application\/ld+json\" class=\"yoast-schema-graph\">{\"@context\":\"https:\/\/schema.org\",\"@graph\":[{\"@type\":\"Article\",\"@id\":\"https:\/\/www.sonnenseite.com\/de\/umwelt\/mobilitaetswende-im-bergsport-als-notwendigkeit\/#article\",\"isPartOf\":{\"@id\":\"https:\/\/www.sonnenseite.com\/de\/umwelt\/mobilitaetswende-im-bergsport-als-notwendigkeit\/\"},\"author\":{\"name\":\"Bigi Alt\",\"@id\":\"https:\/\/www.sonnenseite.com\/de\/#\/schema\/person\/50fda0e926597684c7cc6695238a4eb9\"},\"headline\":\"Mobilit\u00e4tswende im Bergsport als Notwendigkeit\",\"datePublished\":\"2021-01-07T08:09:33+00:00\",\"dateModified\":\"2021-01-07T08:11:10+00:00\",\"mainEntityOfPage\":{\"@id\":\"https:\/\/www.sonnenseite.com\/de\/umwelt\/mobilitaetswende-im-bergsport-als-notwendigkeit\/\"},\"wordCount\":708,\"publisher\":{\"@id\":\"https:\/\/www.sonnenseite.com\/de\/#organization\"},\"image\":{\"@id\":\"https:\/\/www.sonnenseite.com\/de\/umwelt\/mobilitaetswende-im-bergsport-als-notwendigkeit\/#primaryimage\"},\"thumbnailUrl\":\"https:\/\/www.sonnenseite.com\/wp-content\/uploads\/2021\/01\/Alpenverein-Norbert-Freudenthaler_Europabruecke-1.jpg\",\"articleSection\":[\"Umwelt\"],\"inLanguage\":\"de\"},{\"@type\":\"WebPage\",\"@id\":\"https:\/\/www.sonnenseite.com\/de\/umwelt\/mobilitaetswende-im-bergsport-als-notwendigkeit\/\",\"url\":\"https:\/\/www.sonnenseite.com\/de\/umwelt\/mobilitaetswende-im-bergsport-als-notwendigkeit\/\",\"name\":\"Mobilit\u00e4tswende im Bergsport als Notwendigkeit - Sonnenseite - \u00d6kologische Kommunikation mit Franz Alt\",\"isPartOf\":{\"@id\":\"https:\/\/www.sonnenseite.com\/de\/#website\"},\"primaryImageOfPage\":{\"@id\":\"https:\/\/www.sonnenseite.com\/de\/umwelt\/mobilitaetswende-im-bergsport-als-notwendigkeit\/#primaryimage\"},\"image\":{\"@id\":\"https:\/\/www.sonnenseite.com\/de\/umwelt\/mobilitaetswende-im-bergsport-als-notwendigkeit\/#primaryimage\"},\"thumbnailUrl\":\"https:\/\/www.sonnenseite.com\/wp-content\/uploads\/2021\/01\/Alpenverein-Norbert-Freudenthaler_Europabruecke-1.jpg\",\"datePublished\":\"2021-01-07T08:09:33+00:00\",\"dateModified\":\"2021-01-07T08:11:10+00:00\",\"description\":\"\u201eBergsport ist Motorsport\u201c ist ein gel\u00e4ufiger Slogan unter Bergsportlern. Alpenverein setzt sich f\u00fcr eine notwendige Mobilit\u00e4tswende im Bergsport ein. An\",\"breadcrumb\":{\"@id\":\"https:\/\/www.sonnenseite.com\/de\/umwelt\/mobilitaetswende-im-bergsport-als-notwendigkeit\/#breadcrumb\"},\"inLanguage\":\"de\",\"potentialAction\":[{\"@type\":\"ReadAction\",\"target\":[\"https:\/\/www.sonnenseite.com\/de\/umwelt\/mobilitaetswende-im-bergsport-als-notwendigkeit\/\"]}]},{\"@type\":\"ImageObject\",\"inLanguage\":\"de\",\"@id\":\"https:\/\/www.sonnenseite.com\/de\/umwelt\/mobilitaetswende-im-bergsport-als-notwendigkeit\/#primaryimage\",\"url\":\"https:\/\/www.sonnenseite.com\/wp-content\/uploads\/2021\/01\/Alpenverein-Norbert-Freudenthaler_Europabruecke-1.jpg\",\"contentUrl\":\"https:\/\/www.sonnenseite.com\/wp-content\/uploads\/2021\/01\/Alpenverein-Norbert-Freudenthaler_Europabruecke-1.jpg\",\"width\":770,\"height\":420,\"caption\":\"Alpenverein.at |Norbert Freudenthaler | Europabr\u00fccke\"},{\"@type\":\"BreadcrumbList\",\"@id\":\"https:\/\/www.sonnenseite.com\/de\/umwelt\/mobilitaetswende-im-bergsport-als-notwendigkeit\/#breadcrumb\",\"itemListElement\":[{\"@type\":\"ListItem\",\"position\":1,\"name\":\"Startseite\",\"item\":\"https:\/\/www.sonnenseite.com\/de\/\"},{\"@type\":\"ListItem\",\"position\":2,\"name\":\"Mobilit\u00e4tswende im Bergsport als Notwendigkeit\"}]},{\"@type\":\"WebSite\",\"@id\":\"https:\/\/www.sonnenseite.com\/de\/#website\",\"url\":\"https:\/\/www.sonnenseite.com\/de\/\",\"name\":\"Sonnenseite\",\"description\":\"\u00d6kologische Kommunikation mit Franz Alt\",\"publisher\":{\"@id\":\"https:\/\/www.sonnenseite.com\/de\/#organization\"},\"potentialAction\":[{\"@type\":\"SearchAction\",\"target\":{\"@type\":\"EntryPoint\",\"urlTemplate\":\"https:\/\/www.sonnenseite.com\/de\/?s={search_term_string}\"},\"query-input\":{\"@type\":\"PropertyValueSpecification\",\"valueRequired\":true,\"valueName\":\"search_term_string\"}}],\"inLanguage\":\"de\"},{\"@type\":\"Organization\",\"@id\":\"https:\/\/www.sonnenseite.com\/de\/#organization\",\"name\":\"Sonnenseite\",\"url\":\"https:\/\/www.sonnenseite.com\/de\/\",\"logo\":{\"@type\":\"ImageObject\",\"inLanguage\":\"de\",\"@id\":\"https:\/\/www.sonnenseite.com\/de\/#\/schema\/logo\/image\/\",\"url\":\"https:\/\/www.sonnenseite.com\/wp-content\/uploads\/2020\/05\/Sonnenseite_Logo.png\",\"contentUrl\":\"https:\/\/www.sonnenseite.com\/wp-content\/uploads\/2020\/05\/Sonnenseite_Logo.png\",\"width\":377,\"height\":90,\"caption\":\"Sonnenseite\"},\"image\":{\"@id\":\"https:\/\/www.sonnenseite.com\/de\/#\/schema\/logo\/image\/\"},\"sameAs\":[\"https:\/\/www.facebook.com\/pages\/Franz-Alt-SONNENSEITECOM\/221072987903953?fref=ts\",\"https:\/\/x.com\/franzalt\",\"http:\/\/www.youtube.com\/results?search_query&amp;amp;quot;franz_alt&amp;amp;quot;&amp;amp;amp;amp;search_type&amp;amp;amp;amp;aq=f\"]},{\"@type\":\"Person\",\"@id\":\"https:\/\/www.sonnenseite.com\/de\/#\/schema\/person\/50fda0e926597684c7cc6695238a4eb9\",\"name\":\"Bigi Alt\"}]}<\/script>\n<!-- \/ Yoast SEO plugin. -->","yoast_head_json":{"title":"Mobilit\u00e4tswende im Bergsport als Notwendigkeit - Sonnenseite - \u00d6kologische Kommunikation mit Franz Alt","description":"\u201eBergsport ist Motorsport\u201c ist ein gel\u00e4ufiger Slogan unter Bergsportlern. Alpenverein setzt sich f\u00fcr eine notwendige Mobilit\u00e4tswende im Bergsport ein. An","robots":{"index":"index","follow":"follow","max-snippet":"max-snippet:-1","max-image-preview":"max-image-preview:large","max-video-preview":"max-video-preview:-1"},"canonical":"https:\/\/www.sonnenseite.com\/de\/umwelt\/mobilitaetswende-im-bergsport-als-notwendigkeit\/","og_locale":"de_DE","og_type":"article","og_title":"Mobilit\u00e4tswende im Bergsport als Notwendigkeit - Sonnenseite - \u00d6kologische Kommunikation mit Franz Alt","og_description":"\u201eBergsport ist Motorsport\u201c ist ein gel\u00e4ufiger Slogan unter Bergsportlern. Alpenverein setzt sich f\u00fcr eine notwendige Mobilit\u00e4tswende im Bergsport ein. An","og_url":"https:\/\/www.sonnenseite.com\/de\/umwelt\/mobilitaetswende-im-bergsport-als-notwendigkeit\/","og_site_name":"Sonnenseite","article_publisher":"https:\/\/www.facebook.com\/pages\/Franz-Alt-SONNENSEITECOM\/221072987903953?fref=ts","article_published_time":"2021-01-07T08:09:33+00:00","article_modified_time":"2021-01-07T08:11:10+00:00","og_image":[{"width":770,"height":420,"url":"https:\/\/www.sonnenseite.com\/wp-content\/uploads\/2021\/01\/Alpenverein-Norbert-Freudenthaler_Europabruecke-1.jpg","type":"image\/jpeg"}],"author":"Bigi Alt","twitter_card":"summary_large_image","twitter_creator":"@franzalt","twitter_site":"@franzalt","twitter_misc":{"Verfasst von":"Bigi Alt","Gesch\u00e4tzte Lesezeit":"4\u00a0Minuten"},"schema":{"@context":"https:\/\/schema.org","@graph":[{"@type":"Article","@id":"https:\/\/www.sonnenseite.com\/de\/umwelt\/mobilitaetswende-im-bergsport-als-notwendigkeit\/#article","isPartOf":{"@id":"https:\/\/www.sonnenseite.com\/de\/umwelt\/mobilitaetswende-im-bergsport-als-notwendigkeit\/"},"author":{"name":"Bigi Alt","@id":"https:\/\/www.sonnenseite.com\/de\/#\/schema\/person\/50fda0e926597684c7cc6695238a4eb9"},"headline":"Mobilit\u00e4tswende im Bergsport als Notwendigkeit","datePublished":"2021-01-07T08:09:33+00:00","dateModified":"2021-01-07T08:11:10+00:00","mainEntityOfPage":{"@id":"https:\/\/www.sonnenseite.com\/de\/umwelt\/mobilitaetswende-im-bergsport-als-notwendigkeit\/"},"wordCount":708,"publisher":{"@id":"https:\/\/www.sonnenseite.com\/de\/#organization"},"image":{"@id":"https:\/\/www.sonnenseite.com\/de\/umwelt\/mobilitaetswende-im-bergsport-als-notwendigkeit\/#primaryimage"},"thumbnailUrl":"https:\/\/www.sonnenseite.com\/wp-content\/uploads\/2021\/01\/Alpenverein-Norbert-Freudenthaler_Europabruecke-1.jpg","articleSection":["Umwelt"],"inLanguage":"de"},{"@type":"WebPage","@id":"https:\/\/www.sonnenseite.com\/de\/umwelt\/mobilitaetswende-im-bergsport-als-notwendigkeit\/","url":"https:\/\/www.sonnenseite.com\/de\/umwelt\/mobilitaetswende-im-bergsport-als-notwendigkeit\/","name":"Mobilit\u00e4tswende im Bergsport als Notwendigkeit - Sonnenseite - \u00d6kologische Kommunikation mit Franz Alt","isPartOf":{"@id":"https:\/\/www.sonnenseite.com\/de\/#website"},"primaryImageOfPage":{"@id":"https:\/\/www.sonnenseite.com\/de\/umwelt\/mobilitaetswende-im-bergsport-als-notwendigkeit\/#primaryimage"},"image":{"@id":"https:\/\/www.sonnenseite.com\/de\/umwelt\/mobilitaetswende-im-bergsport-als-notwendigkeit\/#primaryimage"},"thumbnailUrl":"https:\/\/www.sonnenseite.com\/wp-content\/uploads\/2021\/01\/Alpenverein-Norbert-Freudenthaler_Europabruecke-1.jpg","datePublished":"2021-01-07T08:09:33+00:00","dateModified":"2021-01-07T08:11:10+00:00","description":"\u201eBergsport ist Motorsport\u201c ist ein gel\u00e4ufiger Slogan unter Bergsportlern. Alpenverein setzt sich f\u00fcr eine notwendige Mobilit\u00e4tswende im Bergsport ein. An","breadcrumb":{"@id":"https:\/\/www.sonnenseite.com\/de\/umwelt\/mobilitaetswende-im-bergsport-als-notwendigkeit\/#breadcrumb"},"inLanguage":"de","potentialAction":[{"@type":"ReadAction","target":["https:\/\/www.sonnenseite.com\/de\/umwelt\/mobilitaetswende-im-bergsport-als-notwendigkeit\/"]}]},{"@type":"ImageObject","inLanguage":"de","@id":"https:\/\/www.sonnenseite.com\/de\/umwelt\/mobilitaetswende-im-bergsport-als-notwendigkeit\/#primaryimage","url":"https:\/\/www.sonnenseite.com\/wp-content\/uploads\/2021\/01\/Alpenverein-Norbert-Freudenthaler_Europabruecke-1.jpg","contentUrl":"https:\/\/www.sonnenseite.com\/wp-content\/uploads\/2021\/01\/Alpenverein-Norbert-Freudenthaler_Europabruecke-1.jpg","width":770,"height":420,"caption":"Alpenverein.at |Norbert Freudenthaler | Europabr\u00fccke"},{"@type":"BreadcrumbList","@id":"https:\/\/www.sonnenseite.com\/de\/umwelt\/mobilitaetswende-im-bergsport-als-notwendigkeit\/#breadcrumb","itemListElement":[{"@type":"ListItem","position":1,"name":"Startseite","item":"https:\/\/www.sonnenseite.com\/de\/"},{"@type":"ListItem","position":2,"name":"Mobilit\u00e4tswende im Bergsport als Notwendigkeit"}]},{"@type":"WebSite","@id":"https:\/\/www.sonnenseite.com\/de\/#website","url":"https:\/\/www.sonnenseite.com\/de\/","name":"Sonnenseite","description":"\u00d6kologische Kommunikation mit Franz Alt","publisher":{"@id":"https:\/\/www.sonnenseite.com\/de\/#organization"},"potentialAction":[{"@type":"SearchAction","target":{"@type":"EntryPoint","urlTemplate":"https:\/\/www.sonnenseite.com\/de\/?s={search_term_string}"},"query-input":{"@type":"PropertyValueSpecification","valueRequired":true,"valueName":"search_term_string"}}],"inLanguage":"de"},{"@type":"Organization","@id":"https:\/\/www.sonnenseite.com\/de\/#organization","name":"Sonnenseite","url":"https:\/\/www.sonnenseite.com\/de\/","logo":{"@type":"ImageObject","inLanguage":"de","@id":"https:\/\/www.sonnenseite.com\/de\/#\/schema\/logo\/image\/","url":"https:\/\/www.sonnenseite.com\/wp-content\/uploads\/2020\/05\/Sonnenseite_Logo.png","contentUrl":"https:\/\/www.sonnenseite.com\/wp-content\/uploads\/2020\/05\/Sonnenseite_Logo.png","width":377,"height":90,"caption":"Sonnenseite"},"image":{"@id":"https:\/\/www.sonnenseite.com\/de\/#\/schema\/logo\/image\/"},"sameAs":["https:\/\/www.facebook.com\/pages\/Franz-Alt-SONNENSEITECOM\/221072987903953?fref=ts","https:\/\/x.com\/franzalt","http:\/\/www.youtube.com\/results?search_query&amp;amp;quot;franz_alt&amp;amp;quot;&amp;amp;amp;amp;search_type&amp;amp;amp;amp;aq=f"]},{"@type":"Person","@id":"https:\/\/www.sonnenseite.com\/de\/#\/schema\/person\/50fda0e926597684c7cc6695238a4eb9","name":"Bigi Alt"}]}},"_links":{"self":[{"href":"https:\/\/www.sonnenseite.com\/de\/wp-json\/wp\/v2\/posts\/66833","targetHints":{"allow":["GET"]}}],"collection":[{"href":"https:\/\/www.sonnenseite.com\/de\/wp-json\/wp\/v2\/posts"}],"about":[{"href":"https:\/\/www.sonnenseite.com\/de\/wp-json\/wp\/v2\/types\/post"}],"author":[{"embeddable":true,"href":"https:\/\/www.sonnenseite.com\/de\/wp-json\/wp\/v2\/users\/3"}],"replies":[{"embeddable":true,"href":"https:\/\/www.sonnenseite.com\/de\/wp-json\/wp\/v2\/comments?post=66833"}],"version-history":[{"count":1,"href":"https:\/\/www.sonnenseite.com\/de\/wp-json\/wp\/v2\/posts\/66833\/revisions"}],"predecessor-version":[{"id":66834,"href":"https:\/\/www.sonnenseite.com\/de\/wp-json\/wp\/v2\/posts\/66833\/revisions\/66834"}],"wp:featuredmedia":[{"embeddable":true,"href":"https:\/\/www.sonnenseite.com\/de\/wp-json\/wp\/v2\/media\/66837"}],"wp:attachment":[{"href":"https:\/\/www.sonnenseite.com\/de\/wp-json\/wp\/v2\/media?parent=66833"}],"wp:term":[{"taxonomy":"category","embeddable":true,"href":"https:\/\/www.sonnenseite.com\/de\/wp-json\/wp\/v2\/categories?post=66833"},{"taxonomy":"post_tag","embeddable":true,"href":"https:\/\/www.sonnenseite.com\/de\/wp-json\/wp\/v2\/tags?post=66833"}],"curies":[{"name":"wp","href":"https:\/\/api.w.org\/{rel}","templated":true}]}}