{"id":66858,"date":"2021-01-08T09:39:13","date_gmt":"2021-01-08T08:39:13","guid":{"rendered":"https:\/\/www.sonnenseite.com\/?p=66858"},"modified":"2021-01-08T09:39:13","modified_gmt":"2021-01-08T08:39:13","slug":"rekordverdaechtiges-ozonloch-von-2020-schloss-sich","status":"publish","type":"post","link":"https:\/\/www.sonnenseite.com\/de\/wissenschaft\/rekordverdaechtiges-ozonloch-von-2020-schloss-sich\/","title":{"rendered":"Rekordverd\u00e4chtiges Ozonloch von 2020 schloss sich"},"content":{"rendered":"\n<p>Das Rekord-Ozonloch von 2020 in der Antarktis schloss sich nach einer au\u00dfergew\u00f6hnlichen Saison aufgrund nat\u00fcrlicher meteorologischer Bedingungen und des anhaltenden Vorhandenseins von ozonabbauenden Substanzen in der Atmosph\u00e4re schlie\u00dflich Ende Dezember wieder. Das teilte die <a href=\"https:\/\/public.wmo.int\/en\/media\/news\/record-breaking-2020-ozone-hole-closes\" target=\"_blank\" rel=\"noreferrer noopener\">Weltorganisation f\u00fcr Meteorologie (WMO)<\/a> am 06.01.2020 mit.<\/p>\n\n\n\n<p><a href=\"https:\/\/public.wmo.int\/en\/media\/news\/2020-antarctic-ozone-hole-large-and-deep\" target=\"_blank\" rel=\"noreferrer noopener\">Das 2020er Ozonloch in der Antarktis wuchs ab Mitte August schnell<\/a> an und erreichte am 20.09.2020 mit rund 24,8 Millionen Quadratkilometern seinen H\u00f6hepunkt, wobei es sich \u00fcber den gr\u00f6\u00dften Teil des antarktischen Kontinents erstreckte.<\/p>\n\n\n\n<figure class=\"wp-block-image size-large\"><a href=\"https:\/\/www.sonnenseite.com\/wp-content\/uploads\/2021\/01\/Ozonloch_Copernicus_ECMWF.jpg\"><img loading=\"lazy\" decoding=\"async\" width=\"940\" height=\"502\" src=\"https:\/\/www.sonnenseite.com\/wp-content\/uploads\/2021\/01\/Ozonloch_Copernicus_ECMWF.jpg\" alt=\"\" class=\"wp-image-66863\" srcset=\"https:\/\/www.sonnenseite.com\/wp-content\/uploads\/2021\/01\/Ozonloch_Copernicus_ECMWF.jpg 940w, https:\/\/www.sonnenseite.com\/wp-content\/uploads\/2021\/01\/Ozonloch_Copernicus_ECMWF-300x160.jpg 300w, https:\/\/www.sonnenseite.com\/wp-content\/uploads\/2021\/01\/Ozonloch_Copernicus_ECMWF-768x410.jpg 768w\" sizes=\"auto, (max-width: 940px) 100vw, 940px\" \/><\/a><figcaption><em><strong>Ozonloch-Ausdehnung 2020 S\u00fcdliche Halbkugel<\/strong> \u2013 Aufnahme \u00a9 Copernicus ECMWF<\/em><\/figcaption><\/figure>\n\n\n\n<p>Es war das am l\u00e4ngsten andauernde und eines der gr\u00f6\u00dften und tiefsten L\u00f6cher seit Beginn der \u00dcberwachung der Ozonschicht vor 40 Jahren. Es wurde durch einen starken, stabilen und kalten Polarwirbel und sehr kalte Temperaturen in der Stratosph\u00e4re (die Schicht der Atmosph\u00e4re zwischen etwa 10 km und rund 50 km H\u00f6he) angetrieben. <a href=\"https:\/\/public.wmo.int\/en\/media\/news\/arctic-ozone-depletion-reached-record-level\" target=\"_blank\" rel=\"noreferrer noopener\">Die gleichen meteorologischen Faktoren trugen auch zum Rekord-Ozonloch 2020 in der Arktis bei<\/a>. Das steht im <a href=\"https:\/\/public.wmo.int\/en\/media\/news\/antarctic-ozone-hole-smallest-record\" target=\"_blank\" rel=\"noreferrer noopener\">Gegensatz zu dem ungew\u00f6hnlich kleinen und kurzlebigen antarktischen Ozonloch 2019<\/a>.<\/p>\n\n\n\n<p>\u201cDie letzten beiden Ozonloch-Perioden zeigen die j\u00e4hrliche Variabilit\u00e4t des Ozonlochs und verbessern unser Verst\u00e4ndnis der Faktoren, die f\u00fcr seine Entstehung, sein Ausma\u00df und seine Schwere verantwortlich sind\u201d, sagte <a href=\"https:\/\/ig3is.wmo.int\/en\/who-we-are\/our-people\" target=\"_blank\" rel=\"noreferrer noopener\">Oksana Tarasova, Leiterin der WMO Atmospheric Environment Research Division<\/a>, die das WMO Global Atmosphere Watch Netzwerk von Messstationen betreut. \u201cWir brauchen weitere internationale Ma\u00dfnahmen, um das Montreal-Protokoll \u00fcber ozonabbauende Chemikalien durchzusetzen. Es befinden sich immer noch genug ozonabbauende Substanzen in der Atmosph\u00e4re, um einen j\u00e4hrlichen Ozonabbau zu verursachen\u201d, sagte Tarasova.<\/p>\n\n\n\n<p>Das Programm Global Atmosphere Watch der WMO arbeitet eng mit dem Copernicus Atmospheric Monitoring Service, der NASA, Environment and Climate Change Canada und anderen Partnern zusammen, um die Ozonschicht der Erde zu \u00fcberwachen, die uns vor den sch\u00e4dlichen ultravioletten Strahlen der Sonne sch\u00fctzt.<\/p>\n\n\n\n<div class=\"wp-block-image\"><figure class=\"alignright size-large is-resized\"><a href=\"https:\/\/www.sonnenseite.com\/wp-content\/uploads\/2021\/01\/NASA_Falschfarben-Suedpol.jpg\"><img loading=\"lazy\" decoding=\"async\" src=\"https:\/\/www.sonnenseite.com\/wp-content\/uploads\/2021\/01\/NASA_Falschfarben-Suedpol.jpg\" alt=\"\" class=\"wp-image-66870\" width=\"336\" height=\"395\" srcset=\"https:\/\/www.sonnenseite.com\/wp-content\/uploads\/2021\/01\/NASA_Falschfarben-Suedpol.jpg 640w, https:\/\/www.sonnenseite.com\/wp-content\/uploads\/2021\/01\/NASA_Falschfarben-Suedpol-255x300.jpg 255w\" sizes=\"auto, (max-width: 336px) 100vw, 336px\" \/><\/a><figcaption>\u00a9 NASA Ozone Watch | Die neueste Falschfarbenansicht des Gesamtozons \u00fcber dem antarktischen Pol. Die lila und blauen Farben sind dort, wo es am wenigsten Ozon gibt, und die gelben und roten Farben sind dort, wo es mehr Ozon gibt.<\/figcaption><\/figure><\/div>\n\n\n\n<p><strong>Starker Polarwirbel<\/strong><\/p>\n\n\n\n<p>Der Ozonabbau steht in direktem Zusammenhang mit der Temperatur in der Stratosph\u00e4re, also der Schicht der Atmosph\u00e4re zwischen etwa 10 km und rund 50 km H\u00f6he. Denn polare Stratosph\u00e4renwolken, die eine wichtige Rolle bei der chemischen Zerst\u00f6rung des Ozons spielen, bilden sich erst bei Temperaturen unter -78\u00b0C.<\/p>\n\n\n\n<p>Diese polaren Stratosph\u00e4renwolken enthalten Eiskristalle, die nicht-reaktive Verbindungen in reaktive umwandeln k\u00f6nnen, die dann schnell Ozon zerst\u00f6ren k\u00f6nnen, sobald Licht von der Sonne zur Verf\u00fcgung steht, um die chemischen Reaktionen zu starten. Diese Abh\u00e4ngigkeit von polaren Stratosph\u00e4renwolken und Sonneneinstrahlung ist der Hauptgrund daf\u00fcr, dass das Ozonloch nur im Sp\u00e4twinter\/Fr\u00fchjahr auftritt.<\/p>\n\n\n\n<p>W\u00e4hrend der Fr\u00fchjahrssaison auf der S\u00fcdhalbkugel (August \u2013 Oktober) vergr\u00f6\u00dfert sich das Ozonloch \u00fcber der Antarktis und erreicht sein Maximum zwischen Mitte September und Mitte Oktober (NASA Ozone Watch Bild des Ozonlochs 2020 an seinem H\u00f6hepunkt im September, links im Bild). Wenn die Temperaturen hoch oben in der Atmosph\u00e4re (Stratosph\u00e4re) im sp\u00e4ten Fr\u00fchling der s\u00fcdlichen Hemisph\u00e4re zu steigen beginnen, verlangsamt sich der Ozonabbau, der Polarwirbel wird schw\u00e4cher und bricht schlie\u00dflich zusammen, und Ende Dezember haben sich die Ozonwerte wieder normalisiert.<\/p>\n\n\n\n<p>Im Jahr 2020 hielt jedoch ein starker, stabiler und kalter Polarwirbel die Temperatur der Ozonschicht \u00fcber der Antarktis konstant kalt und verhinderte so die Vermischung der ozonarmen Luft \u00fcber der Antarktis mit ozonreicher Luft aus h\u00f6heren Breitengraden.<\/p>\n\n\n\n<div class=\"wp-block-image\"><figure class=\"alignright size-large is-resized\"><img loading=\"lazy\" decoding=\"async\" src=\"https:\/\/www.sonnenseite.com\/wp-content\/uploads\/2021\/01\/Ozonloch-2020-WMO.jpg\" alt=\"\" class=\"wp-image-66866\" width=\"251\" height=\"278\" srcset=\"https:\/\/www.sonnenseite.com\/wp-content\/uploads\/2021\/01\/Ozonloch-2020-WMO.jpg 451w, https:\/\/www.sonnenseite.com\/wp-content\/uploads\/2021\/01\/Ozonloch-2020-WMO-271x300.jpg 271w\" sizes=\"auto, (max-width: 251px) 100vw, 251px\" \/><figcaption>\u00a9  WMO<\/figcaption><\/figure><\/div>\n\n\n\n<p>W\u00e4hrend eines Gro\u00dfteils der Saison 2020 erreichten die Ozonkonzentrationen in der Stratosph\u00e4re in 20 bis 25 km H\u00f6he (50-100hPa) nahezu Nullwerte, wobei die Tiefe der Ozonschicht nur 94 Dobson-Einheiten (eine Ma\u00dfeinheit) betrug, also etwa ein Drittel ihres normalen Wertes.<\/p>\n\n\n\n<p>Der EU Copernicus Atmospheric Monitoring Service berichtete, dass Ozonanalysen zeigten, dass sich das Ozonloch am 28. Dezember geschlossen hatte.<\/p>\n\n\n\n<p>Jede Saison wird das Auftreten des Ozonlochs und seine Entwicklung mit Hilfe von Satelliten und bodengest\u00fctzten Beobachtungsstationen \u00fcberwacht. Charakteristika des Ozonlochs, interaktive Karten, Zeitreihen, aktueller Zustand und Vorhersagen werden von der gro\u00dfen Ozon-Gemeinschaft durch die Dienste verschiedener Organisationen wie dem Copernicus Atmosphere Monitoring Service (<a href=\"https:\/\/atmosphere.copernicus.eu\/monitoring-ozone-layer\" target=\"_blank\" rel=\"noreferrer noopener\">CAMS<\/a>), dem <a href=\"https:\/\/ozonewatch.gsfc.nasa.gov\/\" target=\"_blank\" rel=\"noreferrer noopener\">NASA-Ozonewatch-Programm<\/a>, <a href=\"https:\/\/www.cpc.ncep.noaa.gov\/products\/stratosphere\/polar\/polar.shtml\" target=\"_blank\" rel=\"noreferrer noopener\">NOAA<\/a>, <a href=\"http:\/\/www.temis.nl\/protocols\/o3hole\/o3_history.php?lang=0\" target=\"_blank\" rel=\"noreferrer noopener\">KNMI<\/a>, <a href=\"https:\/\/exp-studies.tor.ec.gc.ca\/e\/ozone\/Curr_map.htm\">ECCC<\/a> und anderen vorbereitet und \u00fcberwacht.<\/p>\n\n\n\n<p><strong>Montrealer Protokoll<\/strong><\/p>\n\n\n\n<p><a href=\"https:\/\/www.unenvironment.org\/ozonaction\/who-we-are\/about-montreal-protocol\" target=\"_blank\" rel=\"noreferrer noopener\">Das Montrealer Protokoll \u00fcber Stoffe, die zu einem Abbau der Ozonschicht f\u00fchren<\/a>, ist das wegweisende multilaterale Umweltabkommen, das die Produktion und den Verbrauch von fast 100 Chemikalien regelt, die als ozonabbauende Stoffe (ODS) bezeichnet werden. Seit dem Verbot von Halogenkohlenwasserstoffen erholt sich die Ozonschicht langsam, und die Daten zeigen eindeutig einen Trend zur Abnahme der Fl\u00e4che des Ozonlochs \u2013 mit j\u00e4hrlichen Schwankungen.<\/p>\n\n\n\n<p>Die <a href=\"https:\/\/public.wmo.int\/en\/resources\/library\/scientific-assessment-of-ozone-depletion-2018\" target=\"_blank\" rel=\"noreferrer noopener\">j\u00fcngste wissenschaftliche Bewertung des Ozonabbaus durch die WMO\/UN-Umweltprogramm<\/a>, die 2018 ver\u00f6ffentlicht wurde, kam zu dem Schluss, dass sich die Ozonschicht auf dem Weg der Erholung befindet und die Ozonwerte \u00fcber der Antarktis bis 2060 auf das Niveau von vor 1980 zur\u00fcckkehren k\u00f6nnten. Dies liegt an der langen Lebensdauer der Chemikalien in der Atmosph\u00e4re.<\/p>\n\n\n\n<ul class=\"wp-block-list\"><li><a href=\"https:\/\/public.wmo.int\/en\/media\/news\/record-breaking-2020-ozone-hole-closes\">Record-breaking 2020 ozone hole closes<\/a><\/li><li>\u00dcbersetzt mit <a href=\"https:\/\/www.deepl.com\/translator\" target=\"_blank\" rel=\"noreferrer noopener\">DeepL.com\/Translator<\/a><\/li><\/ul>\n\n\n<h5 class=\"green\">Quelle<\/h5>\r\n\n\n\n<p><a href=\"https:\/\/public.wmo.int\/en\/media\/news\/record-breaking-2020-ozone-hole-closes\" target=\"_blank\" rel=\"noreferrer noopener\">Weltorganisation f\u00fcr Meteorologie (WMO) 2021<\/a> | Der Bericht wurde von der\u00a0<a href=\"https:\/\/www.solarify.eu\/2021\/01\/07\/420-rekordverdaechtiges-ozonloch-von-2020-schliesst-sich\/\">Redaktion &#8222;SOLARIFY\u201c 2021<\/a>\u00a0\u00fcbernommen!\u00a0<\/p>\n<div class=\"shariff shariff-align-flex-start shariff-widget-align-flex-start\"><div class=\"ShariffHeadline\">Diese Meldung teilen<\/div><ul class=\"shariff-buttons theme-round orientation-horizontal buttonsize-medium\"><li class=\"shariff-button facebook shariff-nocustomcolor\" style=\"background-color:#4273c8;border-radius:1%\"><a href=\"https:\/\/www.facebook.com\/sharer\/sharer.php?u=https%3A%2F%2Fwww.sonnenseite.com%2Fde%2Fwissenschaft%2Frekordverdaechtiges-ozonloch-von-2020-schloss-sich%2F\" title=\"Bei Facebook teilen\" aria-label=\"Bei Facebook teilen\" role=\"button\" rel=\"nofollow\" class=\"shariff-link\" style=\";border-radius:1%; background-color:#3b5998; color:#fff\" target=\"_blank\"><span class=\"shariff-icon\" style=\"\"><svg width=\"32px\" height=\"20px\" xmlns=\"http:\/\/www.w3.org\/2000\/svg\" viewBox=\"0 0 18 32\"><path fill=\"#3b5998\" d=\"M17.1 0.2v4.7h-2.8q-1.5 0-2.1 0.6t-0.5 1.9v3.4h5.2l-0.7 5.3h-4.5v13.6h-5.5v-13.6h-4.5v-5.3h4.5v-3.9q0-3.3 1.9-5.2t5-1.8q2.6 0 4.1 0.2z\"\/><\/svg><\/span><\/a><\/li><li class=\"shariff-button twitter shariff-nocustomcolor\" style=\"background-color:#595959;border-radius:1%\"><a href=\"https:\/\/twitter.com\/share?url=https%3A%2F%2Fwww.sonnenseite.com%2Fde%2Fwissenschaft%2Frekordverdaechtiges-ozonloch-von-2020-schloss-sich%2F&text=Rekordverd%C3%A4chtiges%20Ozonloch%20von%202020%20schloss%20sich\" title=\"Bei X teilen\" aria-label=\"Bei X teilen\" role=\"button\" rel=\"noopener nofollow\" class=\"shariff-link\" style=\";border-radius:1%; background-color:#000; color:#fff\" target=\"_blank\"><span class=\"shariff-icon\" style=\"\"><svg width=\"32px\" height=\"20px\" xmlns=\"http:\/\/www.w3.org\/2000\/svg\" viewBox=\"0 0 24 24\"><path fill=\"#000\" d=\"M14.258 10.152L23.176 0h-2.113l-7.747 8.813L7.133 0H0l9.352 13.328L0 23.973h2.113l8.176-9.309 6.531 9.309h7.133zm-2.895 3.293l-.949-1.328L2.875 1.56h3.246l6.086 8.523.945 1.328 7.91 11.078h-3.246zm0 0\"\/><\/svg><\/span><\/a><\/li><li class=\"shariff-button xing shariff-nocustomcolor\" style=\"background-color:#29888a;border-radius:1%\"><a href=\"https:\/\/www.xing.com\/spi\/shares\/new?url=https%3A%2F%2Fwww.sonnenseite.com%2Fde%2Fwissenschaft%2Frekordverdaechtiges-ozonloch-von-2020-schloss-sich%2F\" title=\"Bei XING teilen\" aria-label=\"Bei XING teilen\" role=\"button\" rel=\"noopener nofollow\" class=\"shariff-link\" style=\";border-radius:1%; background-color:#126567; color:#fff\" target=\"_blank\"><span class=\"shariff-icon\" style=\"\"><svg width=\"32px\" height=\"20px\" xmlns=\"http:\/\/www.w3.org\/2000\/svg\" viewBox=\"0 0 25 32\"><path fill=\"#126567\" d=\"M10.7 11.9q-0.2 0.3-4.6 8.2-0.5 0.8-1.2 0.8h-4.3q-0.4 0-0.5-0.3t0-0.6l4.5-8q0 0 0 0l-2.9-5q-0.2-0.4 0-0.7 0.2-0.3 0.5-0.3h4.3q0.7 0 1.2 0.8zM25.1 0.4q0.2 0.3 0 0.7l-9.4 16.7 6 11q0.2 0.4 0 0.6-0.2 0.3-0.6 0.3h-4.3q-0.7 0-1.2-0.8l-6-11.1q0.3-0.6 9.5-16.8 0.4-0.8 1.2-0.8h4.3q0.4 0 0.5 0.3z\"\/><\/svg><\/span><\/a><\/li><li class=\"shariff-button linkedin shariff-nocustomcolor\" style=\"background-color:#1488bf;border-radius:1%\"><a href=\"https:\/\/www.linkedin.com\/sharing\/share-offsite\/?url=https%3A%2F%2Fwww.sonnenseite.com%2Fde%2Fwissenschaft%2Frekordverdaechtiges-ozonloch-von-2020-schloss-sich%2F\" title=\"Bei LinkedIn teilen\" aria-label=\"Bei LinkedIn teilen\" role=\"button\" rel=\"noopener nofollow\" class=\"shariff-link\" style=\";border-radius:1%; background-color:#0077b5; color:#fff\" target=\"_blank\"><span class=\"shariff-icon\" style=\"\"><svg width=\"32px\" height=\"20px\" xmlns=\"http:\/\/www.w3.org\/2000\/svg\" viewBox=\"0 0 27 32\"><path fill=\"#0077b5\" d=\"M6.2 11.2v17.7h-5.9v-17.7h5.9zM6.6 5.7q0 1.3-0.9 2.2t-2.4 0.9h0q-1.5 0-2.4-0.9t-0.9-2.2 0.9-2.2 2.4-0.9 2.4 0.9 0.9 2.2zM27.4 18.7v10.1h-5.9v-9.5q0-1.9-0.7-2.9t-2.3-1.1q-1.1 0-1.9 0.6t-1.2 1.5q-0.2 0.5-0.2 1.4v9.9h-5.9q0-7.1 0-11.6t0-5.3l0-0.9h5.9v2.6h0q0.4-0.6 0.7-1t1-0.9 1.6-0.8 2-0.3q3 0 4.9 2t1.9 6z\"\/><\/svg><\/span><\/a><\/li><li class=\"shariff-button printer shariff-nocustomcolor\" style=\"background-color:#a8a8a8;border-radius:1%\"><a href=\"javascript:window.print()\" title=\"drucken\" aria-label=\"drucken\" role=\"button\" rel=\"noopener nofollow\" class=\"shariff-link\" style=\";border-radius:1%; background-color:#999; color:#fff\"><span class=\"shariff-icon\" style=\"\"><svg width=\"32px\" height=\"20px\" xmlns=\"http:\/\/www.w3.org\/2000\/svg\" viewBox=\"0 0 30 32\"><path fill=\"#999\" d=\"M6.8 27.4h16v-4.6h-16v4.6zM6.8 16h16v-6.8h-2.8q-0.7 0-1.2-0.5t-0.5-1.2v-2.8h-11.4v11.4zM27.4 17.2q0-0.5-0.3-0.8t-0.8-0.4-0.8 0.4-0.3 0.8 0.3 0.8 0.8 0.3 0.8-0.3 0.3-0.8zM29.7 17.2v7.4q0 0.2-0.2 0.4t-0.4 0.2h-4v2.8q0 0.7-0.5 1.2t-1.2 0.5h-17.2q-0.7 0-1.2-0.5t-0.5-1.2v-2.8h-4q-0.2 0-0.4-0.2t-0.2-0.4v-7.4q0-1.4 1-2.4t2.4-1h1.2v-9.7q0-0.7 0.5-1.2t1.2-0.5h12q0.7 0 1.6 0.4t1.3 0.8l2.7 2.7q0.5 0.5 0.9 1.4t0.4 1.6v4.6h1.1q1.4 0 2.4 1t1 2.4z\"\/><\/svg><\/span><\/a><\/li><li class=\"shariff-button mailto shariff-nocustomcolor\" style=\"background-color:#a8a8a8;border-radius:1%\"><a href=\"mailto:?body=https%3A%2F%2Fwww.sonnenseite.com%2Fde%2Fwissenschaft%2Frekordverdaechtiges-ozonloch-von-2020-schloss-sich%2F&subject=Rekordverd%C3%A4chtiges%20Ozonloch%20von%202020%20schloss%20sich\" title=\"Per E-Mail versenden\" aria-label=\"Per E-Mail versenden\" role=\"button\" rel=\"noopener nofollow\" class=\"shariff-link\" style=\";border-radius:1%; background-color:#999; color:#fff\"><span class=\"shariff-icon\" style=\"\"><svg width=\"32px\" height=\"20px\" xmlns=\"http:\/\/www.w3.org\/2000\/svg\" viewBox=\"0 0 32 32\"><path fill=\"#999\" d=\"M32 12.7v14.2q0 1.2-0.8 2t-2 0.9h-26.3q-1.2 0-2-0.9t-0.8-2v-14.2q0.8 0.9 1.8 1.6 6.5 4.4 8.9 6.1 1 0.8 1.6 1.2t1.7 0.9 2 0.4h0.1q0.9 0 2-0.4t1.7-0.9 1.6-1.2q3-2.2 8.9-6.1 1-0.7 1.8-1.6zM32 7.4q0 1.4-0.9 2.7t-2.2 2.2q-6.7 4.7-8.4 5.8-0.2 0.1-0.7 0.5t-1 0.7-0.9 0.6-1.1 0.5-0.9 0.2h-0.1q-0.4 0-0.9-0.2t-1.1-0.5-0.9-0.6-1-0.7-0.7-0.5q-1.6-1.1-4.7-3.2t-3.6-2.6q-1.1-0.7-2.1-2t-1-2.5q0-1.4 0.7-2.3t2.1-0.9h26.3q1.2 0 2 0.8t0.9 2z\"\/><\/svg><\/span><\/a><\/li><\/ul><\/div>","protected":false},"excerpt":{"rendered":"<p>Das Rekord-Ozonloch von 2020 in der Antarktis schloss sich nach einer au\u00dfergew\u00f6hnlichen Saison aufgrund nat\u00fcrlicher meteorologischer [&hellip;]<\/p>\n","protected":false},"author":3,"featured_media":20697,"comment_status":"closed","ping_status":"closed","sticky":false,"template":"","format":"standard","meta":{"inline_featured_image":false,"footnotes":""},"categories":[26],"tags":[],"class_list":["post-66858","post","type-post","status-publish","format-standard","has-post-thumbnail","hentry","category-wissenschaft"],"yoast_head":"<!-- This site is optimized with the Yoast SEO plugin v26.5 - https:\/\/yoast.com\/wordpress\/plugins\/seo\/ -->\n<title>Rekordverd\u00e4chtiges Ozonloch von 2020 schloss sich - Sonnenseite - \u00d6kologische Kommunikation mit Franz Alt<\/title>\n<meta name=\"description\" content=\"Das Rekord-Ozonloch von 2020 in der Antarktis schloss sich nach einer au\u00dfergew\u00f6hnlichen Saison aufgrund nat\u00fcrlicher meteorologischer Bedingungen und des\" \/>\n<meta name=\"robots\" content=\"index, follow, max-snippet:-1, max-image-preview:large, max-video-preview:-1\" \/>\n<link rel=\"canonical\" href=\"https:\/\/www.sonnenseite.com\/de\/wissenschaft\/rekordverdaechtiges-ozonloch-von-2020-schloss-sich\/\" \/>\n<meta property=\"og:locale\" content=\"de_DE\" \/>\n<meta property=\"og:type\" content=\"article\" \/>\n<meta property=\"og:title\" content=\"Rekordverd\u00e4chtiges Ozonloch von 2020 schloss sich - Sonnenseite - \u00d6kologische Kommunikation mit Franz Alt\" \/>\n<meta property=\"og:description\" content=\"Das Rekord-Ozonloch von 2020 in der Antarktis schloss sich nach einer au\u00dfergew\u00f6hnlichen Saison aufgrund nat\u00fcrlicher meteorologischer Bedingungen und des\" \/>\n<meta property=\"og:url\" content=\"https:\/\/www.sonnenseite.com\/de\/wissenschaft\/rekordverdaechtiges-ozonloch-von-2020-schloss-sich\/\" \/>\n<meta property=\"og:site_name\" content=\"Sonnenseite\" \/>\n<meta property=\"article:publisher\" content=\"https:\/\/www.facebook.com\/pages\/Franz-Alt-SONNENSEITECOM\/221072987903953?fref=ts\" \/>\n<meta property=\"article:published_time\" content=\"2021-01-08T08:39:13+00:00\" \/>\n<meta property=\"og:image\" content=\"https:\/\/www.sonnenseite.com\/wp-content\/uploads\/2018\/02\/sonne_wolken_RoselEckstein.jpg\" \/>\n\t<meta property=\"og:image:width\" content=\"770\" \/>\n\t<meta property=\"og:image:height\" content=\"420\" \/>\n\t<meta property=\"og:image:type\" content=\"image\/jpeg\" \/>\n<meta name=\"author\" content=\"Bigi Alt\" \/>\n<meta name=\"twitter:card\" content=\"summary_large_image\" \/>\n<meta name=\"twitter:creator\" content=\"@franzalt\" \/>\n<meta name=\"twitter:site\" content=\"@franzalt\" \/>\n<meta name=\"twitter:label1\" content=\"Verfasst von\" \/>\n\t<meta name=\"twitter:data1\" content=\"Bigi Alt\" \/>\n\t<meta name=\"twitter:label2\" content=\"Gesch\u00e4tzte Lesezeit\" \/>\n\t<meta name=\"twitter:data2\" content=\"4\u00a0Minuten\" \/>\n<script type=\"application\/ld+json\" class=\"yoast-schema-graph\">{\"@context\":\"https:\/\/schema.org\",\"@graph\":[{\"@type\":\"Article\",\"@id\":\"https:\/\/www.sonnenseite.com\/de\/wissenschaft\/rekordverdaechtiges-ozonloch-von-2020-schloss-sich\/#article\",\"isPartOf\":{\"@id\":\"https:\/\/www.sonnenseite.com\/de\/wissenschaft\/rekordverdaechtiges-ozonloch-von-2020-schloss-sich\/\"},\"author\":{\"name\":\"Bigi Alt\",\"@id\":\"https:\/\/www.sonnenseite.com\/de\/#\/schema\/person\/50fda0e926597684c7cc6695238a4eb9\"},\"headline\":\"Rekordverd\u00e4chtiges Ozonloch von 2020 schloss sich\",\"datePublished\":\"2021-01-08T08:39:13+00:00\",\"mainEntityOfPage\":{\"@id\":\"https:\/\/www.sonnenseite.com\/de\/wissenschaft\/rekordverdaechtiges-ozonloch-von-2020-schloss-sich\/\"},\"wordCount\":843,\"publisher\":{\"@id\":\"https:\/\/www.sonnenseite.com\/de\/#organization\"},\"image\":{\"@id\":\"https:\/\/www.sonnenseite.com\/de\/wissenschaft\/rekordverdaechtiges-ozonloch-von-2020-schloss-sich\/#primaryimage\"},\"thumbnailUrl\":\"https:\/\/www.sonnenseite.com\/wp-content\/uploads\/2018\/02\/sonne_wolken_RoselEckstein.jpg\",\"articleSection\":[\"Wissenschaft\"],\"inLanguage\":\"de\"},{\"@type\":\"WebPage\",\"@id\":\"https:\/\/www.sonnenseite.com\/de\/wissenschaft\/rekordverdaechtiges-ozonloch-von-2020-schloss-sich\/\",\"url\":\"https:\/\/www.sonnenseite.com\/de\/wissenschaft\/rekordverdaechtiges-ozonloch-von-2020-schloss-sich\/\",\"name\":\"Rekordverd\u00e4chtiges Ozonloch von 2020 schloss sich - Sonnenseite - \u00d6kologische Kommunikation mit Franz Alt\",\"isPartOf\":{\"@id\":\"https:\/\/www.sonnenseite.com\/de\/#website\"},\"primaryImageOfPage\":{\"@id\":\"https:\/\/www.sonnenseite.com\/de\/wissenschaft\/rekordverdaechtiges-ozonloch-von-2020-schloss-sich\/#primaryimage\"},\"image\":{\"@id\":\"https:\/\/www.sonnenseite.com\/de\/wissenschaft\/rekordverdaechtiges-ozonloch-von-2020-schloss-sich\/#primaryimage\"},\"thumbnailUrl\":\"https:\/\/www.sonnenseite.com\/wp-content\/uploads\/2018\/02\/sonne_wolken_RoselEckstein.jpg\",\"datePublished\":\"2021-01-08T08:39:13+00:00\",\"description\":\"Das Rekord-Ozonloch von 2020 in der Antarktis schloss sich nach einer au\u00dfergew\u00f6hnlichen Saison aufgrund nat\u00fcrlicher meteorologischer Bedingungen und des\",\"breadcrumb\":{\"@id\":\"https:\/\/www.sonnenseite.com\/de\/wissenschaft\/rekordverdaechtiges-ozonloch-von-2020-schloss-sich\/#breadcrumb\"},\"inLanguage\":\"de\",\"potentialAction\":[{\"@type\":\"ReadAction\",\"target\":[\"https:\/\/www.sonnenseite.com\/de\/wissenschaft\/rekordverdaechtiges-ozonloch-von-2020-schloss-sich\/\"]}]},{\"@type\":\"ImageObject\",\"inLanguage\":\"de\",\"@id\":\"https:\/\/www.sonnenseite.com\/de\/wissenschaft\/rekordverdaechtiges-ozonloch-von-2020-schloss-sich\/#primaryimage\",\"url\":\"https:\/\/www.sonnenseite.com\/wp-content\/uploads\/2018\/02\/sonne_wolken_RoselEckstein.jpg\",\"contentUrl\":\"https:\/\/www.sonnenseite.com\/wp-content\/uploads\/2018\/02\/sonne_wolken_RoselEckstein.jpg\",\"width\":770,\"height\":420,\"caption\":\"pixelio.de | RoselEckstein\"},{\"@type\":\"BreadcrumbList\",\"@id\":\"https:\/\/www.sonnenseite.com\/de\/wissenschaft\/rekordverdaechtiges-ozonloch-von-2020-schloss-sich\/#breadcrumb\",\"itemListElement\":[{\"@type\":\"ListItem\",\"position\":1,\"name\":\"Startseite\",\"item\":\"https:\/\/www.sonnenseite.com\/de\/\"},{\"@type\":\"ListItem\",\"position\":2,\"name\":\"Rekordverd\u00e4chtiges Ozonloch von 2020 schloss sich\"}]},{\"@type\":\"WebSite\",\"@id\":\"https:\/\/www.sonnenseite.com\/de\/#website\",\"url\":\"https:\/\/www.sonnenseite.com\/de\/\",\"name\":\"Sonnenseite\",\"description\":\"\u00d6kologische Kommunikation mit Franz Alt\",\"publisher\":{\"@id\":\"https:\/\/www.sonnenseite.com\/de\/#organization\"},\"potentialAction\":[{\"@type\":\"SearchAction\",\"target\":{\"@type\":\"EntryPoint\",\"urlTemplate\":\"https:\/\/www.sonnenseite.com\/de\/?s={search_term_string}\"},\"query-input\":{\"@type\":\"PropertyValueSpecification\",\"valueRequired\":true,\"valueName\":\"search_term_string\"}}],\"inLanguage\":\"de\"},{\"@type\":\"Organization\",\"@id\":\"https:\/\/www.sonnenseite.com\/de\/#organization\",\"name\":\"Sonnenseite\",\"url\":\"https:\/\/www.sonnenseite.com\/de\/\",\"logo\":{\"@type\":\"ImageObject\",\"inLanguage\":\"de\",\"@id\":\"https:\/\/www.sonnenseite.com\/de\/#\/schema\/logo\/image\/\",\"url\":\"https:\/\/www.sonnenseite.com\/wp-content\/uploads\/2020\/05\/Sonnenseite_Logo.png\",\"contentUrl\":\"https:\/\/www.sonnenseite.com\/wp-content\/uploads\/2020\/05\/Sonnenseite_Logo.png\",\"width\":377,\"height\":90,\"caption\":\"Sonnenseite\"},\"image\":{\"@id\":\"https:\/\/www.sonnenseite.com\/de\/#\/schema\/logo\/image\/\"},\"sameAs\":[\"https:\/\/www.facebook.com\/pages\/Franz-Alt-SONNENSEITECOM\/221072987903953?fref=ts\",\"https:\/\/x.com\/franzalt\",\"http:\/\/www.youtube.com\/results?search_query&amp;amp;quot;franz_alt&amp;amp;quot;&amp;amp;amp;amp;search_type&amp;amp;amp;amp;aq=f\"]},{\"@type\":\"Person\",\"@id\":\"https:\/\/www.sonnenseite.com\/de\/#\/schema\/person\/50fda0e926597684c7cc6695238a4eb9\",\"name\":\"Bigi Alt\"}]}<\/script>\n<!-- \/ Yoast SEO plugin. -->","yoast_head_json":{"title":"Rekordverd\u00e4chtiges Ozonloch von 2020 schloss sich - Sonnenseite - \u00d6kologische Kommunikation mit Franz Alt","description":"Das Rekord-Ozonloch von 2020 in der Antarktis schloss sich nach einer au\u00dfergew\u00f6hnlichen Saison aufgrund nat\u00fcrlicher meteorologischer Bedingungen und des","robots":{"index":"index","follow":"follow","max-snippet":"max-snippet:-1","max-image-preview":"max-image-preview:large","max-video-preview":"max-video-preview:-1"},"canonical":"https:\/\/www.sonnenseite.com\/de\/wissenschaft\/rekordverdaechtiges-ozonloch-von-2020-schloss-sich\/","og_locale":"de_DE","og_type":"article","og_title":"Rekordverd\u00e4chtiges Ozonloch von 2020 schloss sich - Sonnenseite - \u00d6kologische Kommunikation mit Franz Alt","og_description":"Das Rekord-Ozonloch von 2020 in der Antarktis schloss sich nach einer au\u00dfergew\u00f6hnlichen Saison aufgrund nat\u00fcrlicher meteorologischer Bedingungen und des","og_url":"https:\/\/www.sonnenseite.com\/de\/wissenschaft\/rekordverdaechtiges-ozonloch-von-2020-schloss-sich\/","og_site_name":"Sonnenseite","article_publisher":"https:\/\/www.facebook.com\/pages\/Franz-Alt-SONNENSEITECOM\/221072987903953?fref=ts","article_published_time":"2021-01-08T08:39:13+00:00","og_image":[{"width":770,"height":420,"url":"https:\/\/www.sonnenseite.com\/wp-content\/uploads\/2018\/02\/sonne_wolken_RoselEckstein.jpg","type":"image\/jpeg"}],"author":"Bigi Alt","twitter_card":"summary_large_image","twitter_creator":"@franzalt","twitter_site":"@franzalt","twitter_misc":{"Verfasst von":"Bigi Alt","Gesch\u00e4tzte Lesezeit":"4\u00a0Minuten"},"schema":{"@context":"https:\/\/schema.org","@graph":[{"@type":"Article","@id":"https:\/\/www.sonnenseite.com\/de\/wissenschaft\/rekordverdaechtiges-ozonloch-von-2020-schloss-sich\/#article","isPartOf":{"@id":"https:\/\/www.sonnenseite.com\/de\/wissenschaft\/rekordverdaechtiges-ozonloch-von-2020-schloss-sich\/"},"author":{"name":"Bigi Alt","@id":"https:\/\/www.sonnenseite.com\/de\/#\/schema\/person\/50fda0e926597684c7cc6695238a4eb9"},"headline":"Rekordverd\u00e4chtiges Ozonloch von 2020 schloss sich","datePublished":"2021-01-08T08:39:13+00:00","mainEntityOfPage":{"@id":"https:\/\/www.sonnenseite.com\/de\/wissenschaft\/rekordverdaechtiges-ozonloch-von-2020-schloss-sich\/"},"wordCount":843,"publisher":{"@id":"https:\/\/www.sonnenseite.com\/de\/#organization"},"image":{"@id":"https:\/\/www.sonnenseite.com\/de\/wissenschaft\/rekordverdaechtiges-ozonloch-von-2020-schloss-sich\/#primaryimage"},"thumbnailUrl":"https:\/\/www.sonnenseite.com\/wp-content\/uploads\/2018\/02\/sonne_wolken_RoselEckstein.jpg","articleSection":["Wissenschaft"],"inLanguage":"de"},{"@type":"WebPage","@id":"https:\/\/www.sonnenseite.com\/de\/wissenschaft\/rekordverdaechtiges-ozonloch-von-2020-schloss-sich\/","url":"https:\/\/www.sonnenseite.com\/de\/wissenschaft\/rekordverdaechtiges-ozonloch-von-2020-schloss-sich\/","name":"Rekordverd\u00e4chtiges Ozonloch von 2020 schloss sich - Sonnenseite - \u00d6kologische Kommunikation mit Franz Alt","isPartOf":{"@id":"https:\/\/www.sonnenseite.com\/de\/#website"},"primaryImageOfPage":{"@id":"https:\/\/www.sonnenseite.com\/de\/wissenschaft\/rekordverdaechtiges-ozonloch-von-2020-schloss-sich\/#primaryimage"},"image":{"@id":"https:\/\/www.sonnenseite.com\/de\/wissenschaft\/rekordverdaechtiges-ozonloch-von-2020-schloss-sich\/#primaryimage"},"thumbnailUrl":"https:\/\/www.sonnenseite.com\/wp-content\/uploads\/2018\/02\/sonne_wolken_RoselEckstein.jpg","datePublished":"2021-01-08T08:39:13+00:00","description":"Das Rekord-Ozonloch von 2020 in der Antarktis schloss sich nach einer au\u00dfergew\u00f6hnlichen Saison aufgrund nat\u00fcrlicher meteorologischer Bedingungen und des","breadcrumb":{"@id":"https:\/\/www.sonnenseite.com\/de\/wissenschaft\/rekordverdaechtiges-ozonloch-von-2020-schloss-sich\/#breadcrumb"},"inLanguage":"de","potentialAction":[{"@type":"ReadAction","target":["https:\/\/www.sonnenseite.com\/de\/wissenschaft\/rekordverdaechtiges-ozonloch-von-2020-schloss-sich\/"]}]},{"@type":"ImageObject","inLanguage":"de","@id":"https:\/\/www.sonnenseite.com\/de\/wissenschaft\/rekordverdaechtiges-ozonloch-von-2020-schloss-sich\/#primaryimage","url":"https:\/\/www.sonnenseite.com\/wp-content\/uploads\/2018\/02\/sonne_wolken_RoselEckstein.jpg","contentUrl":"https:\/\/www.sonnenseite.com\/wp-content\/uploads\/2018\/02\/sonne_wolken_RoselEckstein.jpg","width":770,"height":420,"caption":"pixelio.de | RoselEckstein"},{"@type":"BreadcrumbList","@id":"https:\/\/www.sonnenseite.com\/de\/wissenschaft\/rekordverdaechtiges-ozonloch-von-2020-schloss-sich\/#breadcrumb","itemListElement":[{"@type":"ListItem","position":1,"name":"Startseite","item":"https:\/\/www.sonnenseite.com\/de\/"},{"@type":"ListItem","position":2,"name":"Rekordverd\u00e4chtiges Ozonloch von 2020 schloss sich"}]},{"@type":"WebSite","@id":"https:\/\/www.sonnenseite.com\/de\/#website","url":"https:\/\/www.sonnenseite.com\/de\/","name":"Sonnenseite","description":"\u00d6kologische Kommunikation mit Franz Alt","publisher":{"@id":"https:\/\/www.sonnenseite.com\/de\/#organization"},"potentialAction":[{"@type":"SearchAction","target":{"@type":"EntryPoint","urlTemplate":"https:\/\/www.sonnenseite.com\/de\/?s={search_term_string}"},"query-input":{"@type":"PropertyValueSpecification","valueRequired":true,"valueName":"search_term_string"}}],"inLanguage":"de"},{"@type":"Organization","@id":"https:\/\/www.sonnenseite.com\/de\/#organization","name":"Sonnenseite","url":"https:\/\/www.sonnenseite.com\/de\/","logo":{"@type":"ImageObject","inLanguage":"de","@id":"https:\/\/www.sonnenseite.com\/de\/#\/schema\/logo\/image\/","url":"https:\/\/www.sonnenseite.com\/wp-content\/uploads\/2020\/05\/Sonnenseite_Logo.png","contentUrl":"https:\/\/www.sonnenseite.com\/wp-content\/uploads\/2020\/05\/Sonnenseite_Logo.png","width":377,"height":90,"caption":"Sonnenseite"},"image":{"@id":"https:\/\/www.sonnenseite.com\/de\/#\/schema\/logo\/image\/"},"sameAs":["https:\/\/www.facebook.com\/pages\/Franz-Alt-SONNENSEITECOM\/221072987903953?fref=ts","https:\/\/x.com\/franzalt","http:\/\/www.youtube.com\/results?search_query&amp;amp;quot;franz_alt&amp;amp;quot;&amp;amp;amp;amp;search_type&amp;amp;amp;amp;aq=f"]},{"@type":"Person","@id":"https:\/\/www.sonnenseite.com\/de\/#\/schema\/person\/50fda0e926597684c7cc6695238a4eb9","name":"Bigi Alt"}]}},"_links":{"self":[{"href":"https:\/\/www.sonnenseite.com\/de\/wp-json\/wp\/v2\/posts\/66858","targetHints":{"allow":["GET"]}}],"collection":[{"href":"https:\/\/www.sonnenseite.com\/de\/wp-json\/wp\/v2\/posts"}],"about":[{"href":"https:\/\/www.sonnenseite.com\/de\/wp-json\/wp\/v2\/types\/post"}],"author":[{"embeddable":true,"href":"https:\/\/www.sonnenseite.com\/de\/wp-json\/wp\/v2\/users\/3"}],"replies":[{"embeddable":true,"href":"https:\/\/www.sonnenseite.com\/de\/wp-json\/wp\/v2\/comments?post=66858"}],"version-history":[{"count":9,"href":"https:\/\/www.sonnenseite.com\/de\/wp-json\/wp\/v2\/posts\/66858\/revisions"}],"predecessor-version":[{"id":66874,"href":"https:\/\/www.sonnenseite.com\/de\/wp-json\/wp\/v2\/posts\/66858\/revisions\/66874"}],"wp:featuredmedia":[{"embeddable":true,"href":"https:\/\/www.sonnenseite.com\/de\/wp-json\/wp\/v2\/media\/20697"}],"wp:attachment":[{"href":"https:\/\/www.sonnenseite.com\/de\/wp-json\/wp\/v2\/media?parent=66858"}],"wp:term":[{"taxonomy":"category","embeddable":true,"href":"https:\/\/www.sonnenseite.com\/de\/wp-json\/wp\/v2\/categories?post=66858"},{"taxonomy":"post_tag","embeddable":true,"href":"https:\/\/www.sonnenseite.com\/de\/wp-json\/wp\/v2\/tags?post=66858"}],"curies":[{"name":"wp","href":"https:\/\/api.w.org\/{rel}","templated":true}]}}