{"id":67525,"date":"2021-01-26T02:12:00","date_gmt":"2021-01-26T01:12:00","guid":{"rendered":"https:\/\/www.sonnenseite.com\/?p=67525"},"modified":"2021-01-25T10:13:27","modified_gmt":"2021-01-25T09:13:27","slug":"stress-an-den-deutschen-fluessen","status":"publish","type":"post","link":"https:\/\/www.sonnenseite.com\/de\/umwelt\/stress-an-den-deutschen-fluessen\/","title":{"rendered":"Stress an den deutschen Fl\u00fcssen"},"content":{"rendered":"\n<p>Der Klimawandel setzt Umwelt und Wirtschaft unter Druck.<\/p>\n\n\n\n<p>Ende des Jahrhunderts (2071-2100) ist mit erheblichen \u00c4nderungen der Umwelt-und Wirtschaftsbedingungen an den gro\u00dfen Fl\u00fcssen in Deutschland zu rechnen, wenn globale Klimaschutzma\u00dfnahmen nur unzureichend ergriffen werden. <\/p>\n\n\n\n<p>Aktuelle Ergebnisse der Bundesanstalt f\u00fcr Gew\u00e4sserkunde zeigen die besonders betroffenen Flussabschnitte und wo dringlicher Anpassungsbedarf besteht.<\/p>\n\n\n\n<p>Die Bundesanstalt f\u00fcr Gew\u00e4sserkunde hat in den vergangenen vier Jahren untersucht, wie sich die prognostizierten klimatischen Bedingungen auf die gro\u00dfen Fl\u00fcsse in Deutschland auswirken. Hierf\u00fcr hat sie mit den Partnerbeh\u00f6rden des BMVI-Expertennetzwerks detaillierte Modelle entwickelt und neueste Klimaszenarien genutzt. Ein untersuchtes Szenario unterstellt, dass die globalen Klimaschutzma\u00dfnahmen zu gering ausfallen, was bis zum Ende des 21. Jahrhunderts zu einem Anstieg der globalen Mitteltemperatur um bis zu f\u00fcnf Grad Celsius gegen\u00fcber dem vor-industriellen Zeitalter f\u00fchren w\u00fcrde. Die Auswertungen legen nahe, wie wichtig die angestrebte weitere Reduktion der Treibhausgasemissionen auch f\u00fcr die Fl\u00fcsse ist. Bei diesem Szenario k\u00f6nnen intensivere Hochwasserereignisse die Verkehre auf Schiene, Stra\u00dfe und Wasserstra\u00dfe beeintr\u00e4chtigen. Die Binnenschifffahrt h\u00e4tte zudem unter l\u00e4ngeren Niedrigwasserphasen zu leiden. <\/p>\n\n\n\n<p>Am Rhein-Pegel Kaub w\u00fcrden beispielsweise kritische Schwellenwerte gegen Ende des Jahrhunderts an 22 bis 48 Tagen unterschritten. Aber auch die Lebewesen in den Gew\u00e4ssern gerieten \u00f6fter in Stress. Grund daf\u00fcr sind steigende Wassertemperaturen, die ebenso erwartet werden. \u201eDie Zuspitzung von Niedrigwassersituationen am Mittel-und Niederrhein kann die Logistikbranche zuk\u00fcnftig vor betr\u00e4chtliche Herausforderungen stellen.\u201c bef\u00fcrchtet BfG-Wissenschaftler Dr. Enno Nilson. <\/p>\n\n\n\n<p>\u201eDeshalb ist die gemeinsame und einheitliche Erforschung der Klimawirkungen auf alle Verkehrstr\u00e4ger im BMVI-Expertennetzwerk so wichtig. Basierend auf den neuen Erkenntnissen, k\u00f6nnen stimmige Anpassungsma\u00dfnahmen f\u00fcr das Verkehrssystem abgeleitet werden.<\/p>\n\n\n\n<p>\u201cDie Ergebnisse wurden auf der Homepage des BMVI-Expertennetzwerks ver\u00f6ffentlicht und werden auf der interaktiven Veranstaltung \u201eBMVI-Expertennetzwerk online -Forschungsergebnisse kompakt\u201c am 19. Januar 2021 der Fach\u00f6ffentlichkeit pr\u00e4sentiert.<\/p>\n\n\n\n<p>Die Forschungsarbeiten im Rahmen des BMVI-Expertennetzwerks best\u00e4tigen, pr\u00e4zisieren und erweitern die Ergebnisse aus dem Jahr 2015, die vom Klimafolgenforschungsprogramm KLIWAS zu Auswirkungen des Klimawandels auf Wasserstra\u00dfen und Schifffahrt stammten. Diese Arbeiten werden seit 2016 im beh\u00f6rden\u00fcbergreifenden BMVI-Expertennetzwerk fortgef\u00fchrt. Neben der Verwendung von aktuellen Klimadaten und der Entwicklung von neuen Methoden erm\u00f6glicht das BMVI-Expertennetzwerk auch die gemeinsame Betrachtung von Klimawirkungen auf Stra\u00dfen, Schienen und Wasserstra\u00dfen. Die Erkenntnisse und Methoden werden k\u00fcnftig durch den DAS-Basisdienst \u201eKlima und Wasser\u201c operationalisiert. So sind die aktuellen wissenschaftlichen Erkenntnisse der \u00d6ffentlichkeit und Fachleuten dauerhaft zug\u00e4nglich und erm\u00f6glichen der Entscheidungsebene unter anderem eine Anpassung der Wasserwirtschaft und der Binnenschifffahrt an die Folgen des Klimawandels.<\/p>\n\n\n\n<ul class=\"wp-block-list\"><li><a href=\"https:\/\/www.bmvi-expertennetzwerk.de\/Syntheseberich\">Synthesebericht des BMVI-Expertennetzwerks<\/a><\/li><li><a href=\"https:\/\/www.bmvi-expertennetzwerk.de\/DE\/Publikationen\/TFSPTBerichte\/TF1_3Auflage.html\">Ergebnisbericht \u201eVerkehr und Infrastruktur an Klimawandel und extreme Wetterereignisse anpassen\u201c<\/a><\/li><li><a href=\"https:\/\/www.bmvi-expertennetzwerk.de\/DE\/Publikationen\/TFSPTBerichte\/SPT106.html\">Ergebnisbericht &#8222;Klimawirkungsanalyse Schiffbarkeit und Wasserbeschaffenheit&#8220;<\/a><\/li><\/ul>\n\n\n<h5 class=\"green\">Quelle<\/h5>\r\n\n\n\n<p><a href=\"https:\/\/www.bafg.de\/DE\/Home\/homepage_node.html\">Bundesanstalt f\u00fcr Gew\u00e4sserkunde 2021<\/a><\/p>\n<div class=\"shariff shariff-align-flex-start shariff-widget-align-flex-start\"><div class=\"ShariffHeadline\">Diese Meldung teilen<\/div><ul class=\"shariff-buttons theme-round orientation-horizontal buttonsize-medium\"><li class=\"shariff-button facebook shariff-nocustomcolor\" style=\"background-color:#4273c8;border-radius:1%\"><a href=\"https:\/\/www.facebook.com\/sharer\/sharer.php?u=https%3A%2F%2Fwww.sonnenseite.com%2Fde%2Fumwelt%2Fstress-an-den-deutschen-fluessen%2F\" title=\"Bei Facebook teilen\" aria-label=\"Bei Facebook teilen\" role=\"button\" rel=\"nofollow\" class=\"shariff-link\" style=\";border-radius:1%; background-color:#3b5998; color:#fff\" target=\"_blank\"><span class=\"shariff-icon\" style=\"\"><svg width=\"32px\" height=\"20px\" xmlns=\"http:\/\/www.w3.org\/2000\/svg\" viewBox=\"0 0 18 32\"><path fill=\"#3b5998\" d=\"M17.1 0.2v4.7h-2.8q-1.5 0-2.1 0.6t-0.5 1.9v3.4h5.2l-0.7 5.3h-4.5v13.6h-5.5v-13.6h-4.5v-5.3h4.5v-3.9q0-3.3 1.9-5.2t5-1.8q2.6 0 4.1 0.2z\"\/><\/svg><\/span><\/a><\/li><li class=\"shariff-button twitter shariff-nocustomcolor\" style=\"background-color:#595959;border-radius:1%\"><a href=\"https:\/\/twitter.com\/share?url=https%3A%2F%2Fwww.sonnenseite.com%2Fde%2Fumwelt%2Fstress-an-den-deutschen-fluessen%2F&text=Stress%20an%20den%20deutschen%20Fl%C3%BCssen\" title=\"Bei X teilen\" aria-label=\"Bei X teilen\" role=\"button\" rel=\"noopener nofollow\" class=\"shariff-link\" style=\";border-radius:1%; background-color:#000; color:#fff\" target=\"_blank\"><span class=\"shariff-icon\" style=\"\"><svg width=\"32px\" height=\"20px\" xmlns=\"http:\/\/www.w3.org\/2000\/svg\" viewBox=\"0 0 24 24\"><path fill=\"#000\" d=\"M14.258 10.152L23.176 0h-2.113l-7.747 8.813L7.133 0H0l9.352 13.328L0 23.973h2.113l8.176-9.309 6.531 9.309h7.133zm-2.895 3.293l-.949-1.328L2.875 1.56h3.246l6.086 8.523.945 1.328 7.91 11.078h-3.246zm0 0\"\/><\/svg><\/span><\/a><\/li><li class=\"shariff-button xing shariff-nocustomcolor\" style=\"background-color:#29888a;border-radius:1%\"><a href=\"https:\/\/www.xing.com\/spi\/shares\/new?url=https%3A%2F%2Fwww.sonnenseite.com%2Fde%2Fumwelt%2Fstress-an-den-deutschen-fluessen%2F\" title=\"Bei XING teilen\" aria-label=\"Bei XING teilen\" role=\"button\" rel=\"noopener nofollow\" class=\"shariff-link\" style=\";border-radius:1%; background-color:#126567; color:#fff\" target=\"_blank\"><span class=\"shariff-icon\" style=\"\"><svg width=\"32px\" height=\"20px\" xmlns=\"http:\/\/www.w3.org\/2000\/svg\" viewBox=\"0 0 25 32\"><path fill=\"#126567\" d=\"M10.7 11.9q-0.2 0.3-4.6 8.2-0.5 0.8-1.2 0.8h-4.3q-0.4 0-0.5-0.3t0-0.6l4.5-8q0 0 0 0l-2.9-5q-0.2-0.4 0-0.7 0.2-0.3 0.5-0.3h4.3q0.7 0 1.2 0.8zM25.1 0.4q0.2 0.3 0 0.7l-9.4 16.7 6 11q0.2 0.4 0 0.6-0.2 0.3-0.6 0.3h-4.3q-0.7 0-1.2-0.8l-6-11.1q0.3-0.6 9.5-16.8 0.4-0.8 1.2-0.8h4.3q0.4 0 0.5 0.3z\"\/><\/svg><\/span><\/a><\/li><li class=\"shariff-button linkedin shariff-nocustomcolor\" style=\"background-color:#1488bf;border-radius:1%\"><a href=\"https:\/\/www.linkedin.com\/sharing\/share-offsite\/?url=https%3A%2F%2Fwww.sonnenseite.com%2Fde%2Fumwelt%2Fstress-an-den-deutschen-fluessen%2F\" title=\"Bei LinkedIn teilen\" aria-label=\"Bei LinkedIn teilen\" role=\"button\" rel=\"noopener nofollow\" class=\"shariff-link\" style=\";border-radius:1%; background-color:#0077b5; color:#fff\" target=\"_blank\"><span class=\"shariff-icon\" style=\"\"><svg width=\"32px\" height=\"20px\" xmlns=\"http:\/\/www.w3.org\/2000\/svg\" viewBox=\"0 0 27 32\"><path fill=\"#0077b5\" d=\"M6.2 11.2v17.7h-5.9v-17.7h5.9zM6.6 5.7q0 1.3-0.9 2.2t-2.4 0.9h0q-1.5 0-2.4-0.9t-0.9-2.2 0.9-2.2 2.4-0.9 2.4 0.9 0.9 2.2zM27.4 18.7v10.1h-5.9v-9.5q0-1.9-0.7-2.9t-2.3-1.1q-1.1 0-1.9 0.6t-1.2 1.5q-0.2 0.5-0.2 1.4v9.9h-5.9q0-7.1 0-11.6t0-5.3l0-0.9h5.9v2.6h0q0.4-0.6 0.7-1t1-0.9 1.6-0.8 2-0.3q3 0 4.9 2t1.9 6z\"\/><\/svg><\/span><\/a><\/li><li class=\"shariff-button printer shariff-nocustomcolor\" style=\"background-color:#a8a8a8;border-radius:1%\"><a href=\"javascript:window.print()\" title=\"drucken\" aria-label=\"drucken\" role=\"button\" rel=\"noopener nofollow\" class=\"shariff-link\" style=\";border-radius:1%; background-color:#999; color:#fff\"><span class=\"shariff-icon\" style=\"\"><svg width=\"32px\" height=\"20px\" xmlns=\"http:\/\/www.w3.org\/2000\/svg\" viewBox=\"0 0 30 32\"><path fill=\"#999\" d=\"M6.8 27.4h16v-4.6h-16v4.6zM6.8 16h16v-6.8h-2.8q-0.7 0-1.2-0.5t-0.5-1.2v-2.8h-11.4v11.4zM27.4 17.2q0-0.5-0.3-0.8t-0.8-0.4-0.8 0.4-0.3 0.8 0.3 0.8 0.8 0.3 0.8-0.3 0.3-0.8zM29.7 17.2v7.4q0 0.2-0.2 0.4t-0.4 0.2h-4v2.8q0 0.7-0.5 1.2t-1.2 0.5h-17.2q-0.7 0-1.2-0.5t-0.5-1.2v-2.8h-4q-0.2 0-0.4-0.2t-0.2-0.4v-7.4q0-1.4 1-2.4t2.4-1h1.2v-9.7q0-0.7 0.5-1.2t1.2-0.5h12q0.7 0 1.6 0.4t1.3 0.8l2.7 2.7q0.5 0.5 0.9 1.4t0.4 1.6v4.6h1.1q1.4 0 2.4 1t1 2.4z\"\/><\/svg><\/span><\/a><\/li><li class=\"shariff-button mailto shariff-nocustomcolor\" style=\"background-color:#a8a8a8;border-radius:1%\"><a href=\"mailto:?body=https%3A%2F%2Fwww.sonnenseite.com%2Fde%2Fumwelt%2Fstress-an-den-deutschen-fluessen%2F&subject=Stress%20an%20den%20deutschen%20Fl%C3%BCssen\" title=\"Per E-Mail versenden\" aria-label=\"Per E-Mail versenden\" role=\"button\" rel=\"noopener nofollow\" class=\"shariff-link\" style=\";border-radius:1%; background-color:#999; color:#fff\"><span class=\"shariff-icon\" style=\"\"><svg width=\"32px\" height=\"20px\" xmlns=\"http:\/\/www.w3.org\/2000\/svg\" viewBox=\"0 0 32 32\"><path fill=\"#999\" d=\"M32 12.7v14.2q0 1.2-0.8 2t-2 0.9h-26.3q-1.2 0-2-0.9t-0.8-2v-14.2q0.8 0.9 1.8 1.6 6.5 4.4 8.9 6.1 1 0.8 1.6 1.2t1.7 0.9 2 0.4h0.1q0.9 0 2-0.4t1.7-0.9 1.6-1.2q3-2.2 8.9-6.1 1-0.7 1.8-1.6zM32 7.4q0 1.4-0.9 2.7t-2.2 2.2q-6.7 4.7-8.4 5.8-0.2 0.1-0.7 0.5t-1 0.7-0.9 0.6-1.1 0.5-0.9 0.2h-0.1q-0.4 0-0.9-0.2t-1.1-0.5-0.9-0.6-1-0.7-0.7-0.5q-1.6-1.1-4.7-3.2t-3.6-2.6q-1.1-0.7-2.1-2t-1-2.5q0-1.4 0.7-2.3t2.1-0.9h26.3q1.2 0 2 0.8t0.9 2z\"\/><\/svg><\/span><\/a><\/li><\/ul><\/div>","protected":false},"excerpt":{"rendered":"<p>Der Klimawandel setzt Umwelt und Wirtschaft unter Druck. Ende des Jahrhunderts (2071-2100) ist mit erheblichen \u00c4nderungen [&hellip;]<\/p>\n","protected":false},"author":3,"featured_media":14078,"comment_status":"closed","ping_status":"closed","sticky":false,"template":"","format":"standard","meta":{"inline_featured_image":false,"footnotes":""},"categories":[23,24],"tags":[],"class_list":["post-67525","post","type-post","status-publish","format-standard","has-post-thumbnail","hentry","category-umwelt","category-wirtschaft"],"yoast_head":"<!-- This site is optimized with the Yoast SEO plugin v26.5 - https:\/\/yoast.com\/wordpress\/plugins\/seo\/ -->\n<title>Stress an den deutschen Fl\u00fcssen - Sonnenseite - \u00d6kologische Kommunikation mit Franz Alt<\/title>\n<meta name=\"description\" content=\"Der Klimawandel setzt Umwelt und Wirtschaft unter Druck. Ende des Jahrhunderts (2071-2100) ist mit erheblichen \u00c4nderungen der Umwelt-und\" \/>\n<meta name=\"robots\" content=\"index, follow, max-snippet:-1, max-image-preview:large, max-video-preview:-1\" \/>\n<link rel=\"canonical\" href=\"https:\/\/www.sonnenseite.com\/de\/umwelt\/stress-an-den-deutschen-fluessen\/\" \/>\n<meta property=\"og:locale\" content=\"de_DE\" \/>\n<meta property=\"og:type\" content=\"article\" \/>\n<meta property=\"og:title\" content=\"Stress an den deutschen Fl\u00fcssen - Sonnenseite - \u00d6kologische Kommunikation mit Franz Alt\" \/>\n<meta property=\"og:description\" content=\"Der Klimawandel setzt Umwelt und Wirtschaft unter Druck. Ende des Jahrhunderts (2071-2100) ist mit erheblichen \u00c4nderungen der Umwelt-und\" \/>\n<meta property=\"og:url\" content=\"https:\/\/www.sonnenseite.com\/de\/umwelt\/stress-an-den-deutschen-fluessen\/\" \/>\n<meta property=\"og:site_name\" content=\"Sonnenseite\" \/>\n<meta property=\"article:publisher\" content=\"https:\/\/www.facebook.com\/pages\/Franz-Alt-SONNENSEITECOM\/221072987903953?fref=ts\" \/>\n<meta property=\"article:published_time\" content=\"2021-01-26T01:12:00+00:00\" \/>\n<meta property=\"og:image\" content=\"https:\/\/www.sonnenseite.com\/wp-content\/uploads\/2018\/11\/Fluss_Saarschleife_hpgruesen.jpg\" \/>\n\t<meta property=\"og:image:width\" content=\"770\" \/>\n\t<meta property=\"og:image:height\" content=\"420\" \/>\n\t<meta property=\"og:image:type\" content=\"image\/jpeg\" \/>\n<meta name=\"author\" content=\"Bigi Alt\" \/>\n<meta name=\"twitter:card\" content=\"summary_large_image\" \/>\n<meta name=\"twitter:creator\" content=\"@franzalt\" \/>\n<meta name=\"twitter:site\" content=\"@franzalt\" \/>\n<meta name=\"twitter:label1\" content=\"Verfasst von\" \/>\n\t<meta name=\"twitter:data1\" content=\"Bigi Alt\" \/>\n\t<meta name=\"twitter:label2\" content=\"Gesch\u00e4tzte Lesezeit\" \/>\n\t<meta name=\"twitter:data2\" content=\"2\u00a0Minuten\" \/>\n<script type=\"application\/ld+json\" class=\"yoast-schema-graph\">{\"@context\":\"https:\/\/schema.org\",\"@graph\":[{\"@type\":\"Article\",\"@id\":\"https:\/\/www.sonnenseite.com\/de\/umwelt\/stress-an-den-deutschen-fluessen\/#article\",\"isPartOf\":{\"@id\":\"https:\/\/www.sonnenseite.com\/de\/umwelt\/stress-an-den-deutschen-fluessen\/\"},\"author\":{\"name\":\"Bigi Alt\",\"@id\":\"https:\/\/www.sonnenseite.com\/de\/#\/schema\/person\/50fda0e926597684c7cc6695238a4eb9\"},\"headline\":\"Stress an den deutschen Fl\u00fcssen\",\"datePublished\":\"2021-01-26T01:12:00+00:00\",\"mainEntityOfPage\":{\"@id\":\"https:\/\/www.sonnenseite.com\/de\/umwelt\/stress-an-den-deutschen-fluessen\/\"},\"wordCount\":455,\"publisher\":{\"@id\":\"https:\/\/www.sonnenseite.com\/de\/#organization\"},\"image\":{\"@id\":\"https:\/\/www.sonnenseite.com\/de\/umwelt\/stress-an-den-deutschen-fluessen\/#primaryimage\"},\"thumbnailUrl\":\"https:\/\/www.sonnenseite.com\/wp-content\/uploads\/2018\/11\/Fluss_Saarschleife_hpgruesen.jpg\",\"articleSection\":[\"Umwelt\",\"Wirtschaft\"],\"inLanguage\":\"de\"},{\"@type\":\"WebPage\",\"@id\":\"https:\/\/www.sonnenseite.com\/de\/umwelt\/stress-an-den-deutschen-fluessen\/\",\"url\":\"https:\/\/www.sonnenseite.com\/de\/umwelt\/stress-an-den-deutschen-fluessen\/\",\"name\":\"Stress an den deutschen Fl\u00fcssen - Sonnenseite - \u00d6kologische Kommunikation mit Franz Alt\",\"isPartOf\":{\"@id\":\"https:\/\/www.sonnenseite.com\/de\/#website\"},\"primaryImageOfPage\":{\"@id\":\"https:\/\/www.sonnenseite.com\/de\/umwelt\/stress-an-den-deutschen-fluessen\/#primaryimage\"},\"image\":{\"@id\":\"https:\/\/www.sonnenseite.com\/de\/umwelt\/stress-an-den-deutschen-fluessen\/#primaryimage\"},\"thumbnailUrl\":\"https:\/\/www.sonnenseite.com\/wp-content\/uploads\/2018\/11\/Fluss_Saarschleife_hpgruesen.jpg\",\"datePublished\":\"2021-01-26T01:12:00+00:00\",\"description\":\"Der Klimawandel setzt Umwelt und Wirtschaft unter Druck. Ende des Jahrhunderts (2071-2100) ist mit erheblichen \u00c4nderungen der Umwelt-und\",\"breadcrumb\":{\"@id\":\"https:\/\/www.sonnenseite.com\/de\/umwelt\/stress-an-den-deutschen-fluessen\/#breadcrumb\"},\"inLanguage\":\"de\",\"potentialAction\":[{\"@type\":\"ReadAction\",\"target\":[\"https:\/\/www.sonnenseite.com\/de\/umwelt\/stress-an-den-deutschen-fluessen\/\"]}]},{\"@type\":\"ImageObject\",\"inLanguage\":\"de\",\"@id\":\"https:\/\/www.sonnenseite.com\/de\/umwelt\/stress-an-den-deutschen-fluessen\/#primaryimage\",\"url\":\"https:\/\/www.sonnenseite.com\/wp-content\/uploads\/2018\/11\/Fluss_Saarschleife_hpgruesen.jpg\",\"contentUrl\":\"https:\/\/www.sonnenseite.com\/wp-content\/uploads\/2018\/11\/Fluss_Saarschleife_hpgruesen.jpg\",\"width\":770,\"height\":420,\"caption\":\"pixabay.com | hpgruesen\"},{\"@type\":\"BreadcrumbList\",\"@id\":\"https:\/\/www.sonnenseite.com\/de\/umwelt\/stress-an-den-deutschen-fluessen\/#breadcrumb\",\"itemListElement\":[{\"@type\":\"ListItem\",\"position\":1,\"name\":\"Startseite\",\"item\":\"https:\/\/www.sonnenseite.com\/de\/\"},{\"@type\":\"ListItem\",\"position\":2,\"name\":\"Stress an den deutschen Fl\u00fcssen\"}]},{\"@type\":\"WebSite\",\"@id\":\"https:\/\/www.sonnenseite.com\/de\/#website\",\"url\":\"https:\/\/www.sonnenseite.com\/de\/\",\"name\":\"Sonnenseite\",\"description\":\"\u00d6kologische Kommunikation mit Franz Alt\",\"publisher\":{\"@id\":\"https:\/\/www.sonnenseite.com\/de\/#organization\"},\"potentialAction\":[{\"@type\":\"SearchAction\",\"target\":{\"@type\":\"EntryPoint\",\"urlTemplate\":\"https:\/\/www.sonnenseite.com\/de\/?s={search_term_string}\"},\"query-input\":{\"@type\":\"PropertyValueSpecification\",\"valueRequired\":true,\"valueName\":\"search_term_string\"}}],\"inLanguage\":\"de\"},{\"@type\":\"Organization\",\"@id\":\"https:\/\/www.sonnenseite.com\/de\/#organization\",\"name\":\"Sonnenseite\",\"url\":\"https:\/\/www.sonnenseite.com\/de\/\",\"logo\":{\"@type\":\"ImageObject\",\"inLanguage\":\"de\",\"@id\":\"https:\/\/www.sonnenseite.com\/de\/#\/schema\/logo\/image\/\",\"url\":\"https:\/\/www.sonnenseite.com\/wp-content\/uploads\/2020\/05\/Sonnenseite_Logo.png\",\"contentUrl\":\"https:\/\/www.sonnenseite.com\/wp-content\/uploads\/2020\/05\/Sonnenseite_Logo.png\",\"width\":377,\"height\":90,\"caption\":\"Sonnenseite\"},\"image\":{\"@id\":\"https:\/\/www.sonnenseite.com\/de\/#\/schema\/logo\/image\/\"},\"sameAs\":[\"https:\/\/www.facebook.com\/pages\/Franz-Alt-SONNENSEITECOM\/221072987903953?fref=ts\",\"https:\/\/x.com\/franzalt\",\"http:\/\/www.youtube.com\/results?search_query&amp;amp;quot;franz_alt&amp;amp;quot;&amp;amp;amp;amp;search_type&amp;amp;amp;amp;aq=f\"]},{\"@type\":\"Person\",\"@id\":\"https:\/\/www.sonnenseite.com\/de\/#\/schema\/person\/50fda0e926597684c7cc6695238a4eb9\",\"name\":\"Bigi Alt\"}]}<\/script>\n<!-- \/ Yoast SEO plugin. -->","yoast_head_json":{"title":"Stress an den deutschen Fl\u00fcssen - Sonnenseite - \u00d6kologische Kommunikation mit Franz Alt","description":"Der Klimawandel setzt Umwelt und Wirtschaft unter Druck. Ende des Jahrhunderts (2071-2100) ist mit erheblichen \u00c4nderungen der Umwelt-und","robots":{"index":"index","follow":"follow","max-snippet":"max-snippet:-1","max-image-preview":"max-image-preview:large","max-video-preview":"max-video-preview:-1"},"canonical":"https:\/\/www.sonnenseite.com\/de\/umwelt\/stress-an-den-deutschen-fluessen\/","og_locale":"de_DE","og_type":"article","og_title":"Stress an den deutschen Fl\u00fcssen - Sonnenseite - \u00d6kologische Kommunikation mit Franz Alt","og_description":"Der Klimawandel setzt Umwelt und Wirtschaft unter Druck. Ende des Jahrhunderts (2071-2100) ist mit erheblichen \u00c4nderungen der Umwelt-und","og_url":"https:\/\/www.sonnenseite.com\/de\/umwelt\/stress-an-den-deutschen-fluessen\/","og_site_name":"Sonnenseite","article_publisher":"https:\/\/www.facebook.com\/pages\/Franz-Alt-SONNENSEITECOM\/221072987903953?fref=ts","article_published_time":"2021-01-26T01:12:00+00:00","og_image":[{"width":770,"height":420,"url":"https:\/\/www.sonnenseite.com\/wp-content\/uploads\/2018\/11\/Fluss_Saarschleife_hpgruesen.jpg","type":"image\/jpeg"}],"author":"Bigi Alt","twitter_card":"summary_large_image","twitter_creator":"@franzalt","twitter_site":"@franzalt","twitter_misc":{"Verfasst von":"Bigi Alt","Gesch\u00e4tzte Lesezeit":"2\u00a0Minuten"},"schema":{"@context":"https:\/\/schema.org","@graph":[{"@type":"Article","@id":"https:\/\/www.sonnenseite.com\/de\/umwelt\/stress-an-den-deutschen-fluessen\/#article","isPartOf":{"@id":"https:\/\/www.sonnenseite.com\/de\/umwelt\/stress-an-den-deutschen-fluessen\/"},"author":{"name":"Bigi Alt","@id":"https:\/\/www.sonnenseite.com\/de\/#\/schema\/person\/50fda0e926597684c7cc6695238a4eb9"},"headline":"Stress an den deutschen Fl\u00fcssen","datePublished":"2021-01-26T01:12:00+00:00","mainEntityOfPage":{"@id":"https:\/\/www.sonnenseite.com\/de\/umwelt\/stress-an-den-deutschen-fluessen\/"},"wordCount":455,"publisher":{"@id":"https:\/\/www.sonnenseite.com\/de\/#organization"},"image":{"@id":"https:\/\/www.sonnenseite.com\/de\/umwelt\/stress-an-den-deutschen-fluessen\/#primaryimage"},"thumbnailUrl":"https:\/\/www.sonnenseite.com\/wp-content\/uploads\/2018\/11\/Fluss_Saarschleife_hpgruesen.jpg","articleSection":["Umwelt","Wirtschaft"],"inLanguage":"de"},{"@type":"WebPage","@id":"https:\/\/www.sonnenseite.com\/de\/umwelt\/stress-an-den-deutschen-fluessen\/","url":"https:\/\/www.sonnenseite.com\/de\/umwelt\/stress-an-den-deutschen-fluessen\/","name":"Stress an den deutschen Fl\u00fcssen - Sonnenseite - \u00d6kologische Kommunikation mit Franz Alt","isPartOf":{"@id":"https:\/\/www.sonnenseite.com\/de\/#website"},"primaryImageOfPage":{"@id":"https:\/\/www.sonnenseite.com\/de\/umwelt\/stress-an-den-deutschen-fluessen\/#primaryimage"},"image":{"@id":"https:\/\/www.sonnenseite.com\/de\/umwelt\/stress-an-den-deutschen-fluessen\/#primaryimage"},"thumbnailUrl":"https:\/\/www.sonnenseite.com\/wp-content\/uploads\/2018\/11\/Fluss_Saarschleife_hpgruesen.jpg","datePublished":"2021-01-26T01:12:00+00:00","description":"Der Klimawandel setzt Umwelt und Wirtschaft unter Druck. Ende des Jahrhunderts (2071-2100) ist mit erheblichen \u00c4nderungen der Umwelt-und","breadcrumb":{"@id":"https:\/\/www.sonnenseite.com\/de\/umwelt\/stress-an-den-deutschen-fluessen\/#breadcrumb"},"inLanguage":"de","potentialAction":[{"@type":"ReadAction","target":["https:\/\/www.sonnenseite.com\/de\/umwelt\/stress-an-den-deutschen-fluessen\/"]}]},{"@type":"ImageObject","inLanguage":"de","@id":"https:\/\/www.sonnenseite.com\/de\/umwelt\/stress-an-den-deutschen-fluessen\/#primaryimage","url":"https:\/\/www.sonnenseite.com\/wp-content\/uploads\/2018\/11\/Fluss_Saarschleife_hpgruesen.jpg","contentUrl":"https:\/\/www.sonnenseite.com\/wp-content\/uploads\/2018\/11\/Fluss_Saarschleife_hpgruesen.jpg","width":770,"height":420,"caption":"pixabay.com | hpgruesen"},{"@type":"BreadcrumbList","@id":"https:\/\/www.sonnenseite.com\/de\/umwelt\/stress-an-den-deutschen-fluessen\/#breadcrumb","itemListElement":[{"@type":"ListItem","position":1,"name":"Startseite","item":"https:\/\/www.sonnenseite.com\/de\/"},{"@type":"ListItem","position":2,"name":"Stress an den deutschen Fl\u00fcssen"}]},{"@type":"WebSite","@id":"https:\/\/www.sonnenseite.com\/de\/#website","url":"https:\/\/www.sonnenseite.com\/de\/","name":"Sonnenseite","description":"\u00d6kologische Kommunikation mit Franz Alt","publisher":{"@id":"https:\/\/www.sonnenseite.com\/de\/#organization"},"potentialAction":[{"@type":"SearchAction","target":{"@type":"EntryPoint","urlTemplate":"https:\/\/www.sonnenseite.com\/de\/?s={search_term_string}"},"query-input":{"@type":"PropertyValueSpecification","valueRequired":true,"valueName":"search_term_string"}}],"inLanguage":"de"},{"@type":"Organization","@id":"https:\/\/www.sonnenseite.com\/de\/#organization","name":"Sonnenseite","url":"https:\/\/www.sonnenseite.com\/de\/","logo":{"@type":"ImageObject","inLanguage":"de","@id":"https:\/\/www.sonnenseite.com\/de\/#\/schema\/logo\/image\/","url":"https:\/\/www.sonnenseite.com\/wp-content\/uploads\/2020\/05\/Sonnenseite_Logo.png","contentUrl":"https:\/\/www.sonnenseite.com\/wp-content\/uploads\/2020\/05\/Sonnenseite_Logo.png","width":377,"height":90,"caption":"Sonnenseite"},"image":{"@id":"https:\/\/www.sonnenseite.com\/de\/#\/schema\/logo\/image\/"},"sameAs":["https:\/\/www.facebook.com\/pages\/Franz-Alt-SONNENSEITECOM\/221072987903953?fref=ts","https:\/\/x.com\/franzalt","http:\/\/www.youtube.com\/results?search_query&amp;amp;quot;franz_alt&amp;amp;quot;&amp;amp;amp;amp;search_type&amp;amp;amp;amp;aq=f"]},{"@type":"Person","@id":"https:\/\/www.sonnenseite.com\/de\/#\/schema\/person\/50fda0e926597684c7cc6695238a4eb9","name":"Bigi Alt"}]}},"_links":{"self":[{"href":"https:\/\/www.sonnenseite.com\/de\/wp-json\/wp\/v2\/posts\/67525","targetHints":{"allow":["GET"]}}],"collection":[{"href":"https:\/\/www.sonnenseite.com\/de\/wp-json\/wp\/v2\/posts"}],"about":[{"href":"https:\/\/www.sonnenseite.com\/de\/wp-json\/wp\/v2\/types\/post"}],"author":[{"embeddable":true,"href":"https:\/\/www.sonnenseite.com\/de\/wp-json\/wp\/v2\/users\/3"}],"replies":[{"embeddable":true,"href":"https:\/\/www.sonnenseite.com\/de\/wp-json\/wp\/v2\/comments?post=67525"}],"version-history":[{"count":3,"href":"https:\/\/www.sonnenseite.com\/de\/wp-json\/wp\/v2\/posts\/67525\/revisions"}],"predecessor-version":[{"id":67528,"href":"https:\/\/www.sonnenseite.com\/de\/wp-json\/wp\/v2\/posts\/67525\/revisions\/67528"}],"wp:featuredmedia":[{"embeddable":true,"href":"https:\/\/www.sonnenseite.com\/de\/wp-json\/wp\/v2\/media\/14078"}],"wp:attachment":[{"href":"https:\/\/www.sonnenseite.com\/de\/wp-json\/wp\/v2\/media?parent=67525"}],"wp:term":[{"taxonomy":"category","embeddable":true,"href":"https:\/\/www.sonnenseite.com\/de\/wp-json\/wp\/v2\/categories?post=67525"},{"taxonomy":"post_tag","embeddable":true,"href":"https:\/\/www.sonnenseite.com\/de\/wp-json\/wp\/v2\/tags?post=67525"}],"curies":[{"name":"wp","href":"https:\/\/api.w.org\/{rel}","templated":true}]}}