{"id":67760,"date":"2021-02-02T03:14:00","date_gmt":"2021-02-02T02:14:00","guid":{"rendered":"https:\/\/www.sonnenseite.com\/?p=67760"},"modified":"2021-02-01T16:14:41","modified_gmt":"2021-02-01T15:14:41","slug":"ausblick-fuer-windkraft-onshore-und-offshore","status":"publish","type":"post","link":"https:\/\/www.sonnenseite.com\/de\/wirtschaft\/ausblick-fuer-windkraft-onshore-und-offshore\/","title":{"rendered":"Ausblick f\u00fcr Windkraft onshore und offshore"},"content":{"rendered":"\n<p>Windbranche \u00fcberspielt Flauten und &#8222;L\u00f6cher&#8220;<\/p>\n\n\n\n<p>Die Zeiten f\u00fcr die Windkraft bleiben schwierig. Bei <a href=\"https:\/\/www.wind-energie.de\/presse\/pressemitteilungen\/detail\/ausbauzahlen-wind-an-land-2020-genehmigungen-bleiben-nadeloehr-fuer-starken-ausbau\/\">Wind an Land macht sich vorsichtiger Optimismus breit<\/a>, Wind auf See schwimmt sehendes Auges in ein &#8222;Ausbauloch&#8220;. Hier wie dort fehlt es weniger an hehren Zielen als an Fl\u00e4chen und Genehmigungen.<\/p>\n\n\n\n<p>Bei der Windkraft zu Lande konnte es 2020 nur besser werden. Nach 2019 \u2013 mit einem Zubau von nur 1.000 Megawatt <a href=\"https:\/\/www.klimareporter.de\/strom\/wind-an-land-auf-historischem-tiefstand\" target=\"_blank\" rel=\"noreferrer noopener\">das schw\u00e4chste<\/a> aller Windkraftjahre \u2013 kamen letztes Jahr rund 1.400 Megawatt neu ans Netz. Zieht man den R\u00fcckbau ab, bleiben noch 1.200 Megawatt \u00fcbrig.<\/p>\n\n\n\n<p>Das Plus von niedrigem Niveau aus reicht, dass sich die Branche derzeit in Optimismus \u00fcbt. Grund: Nicht nur beim Ausbau, sondern auch bei den Genehmigungen gebe es ein &#8222;deutliches Plus&#8220;, sagte <a href=\"https:\/\/www.bwe-seminare.de\/referenten-wolfram-axthelm\" target=\"_blank\" rel=\"noreferrer noopener\">Wolfram Axthelm<\/a>, Gesch\u00e4ftsf\u00fchrer des Branchenverbandes BWE, am Freitag in einem Online-Forum des Verbandes.<\/p>\n\n\n\n<p>Offshore-Windkraft schloss 2020 gar mit einem Erzeugungsrekord von nahezu 30 Milliarden Kilowattstunden ab. Noch nie kam so viel Strom von der deutschen Nord- und Ostsee. Zu verdanken ist der Rekord aber gr\u00f6\u00dftenteils g\u00fcnstigen Winden. 2020 stieg die gesamte Offshore-Kapazit\u00e4t nur um ganze 250 Megawatt an. Im zweiten Halbjahr ging dabei nicht ein einziges Windrad auf See neu ans Netz.<\/p>\n\n\n\n<p>Der k\u00fcnftige Offshore-Ausbau von den derzeit 7.800 zu den f\u00fcr 2030 geplanten 20.000 Megawatt gleicht allerdings einer Fieberkurve, wie ein Chart von <a href=\"https:\/\/www.windguard.de\/politikberatung.html\" target=\"_blank\" rel=\"noreferrer noopener\">Dennis Kruse<\/a> von der Beratungsfirma Deutsche Windguard zeigte. Dieses Jahr geht voraussichtlich keine einzige Offshore-Anlage neu ans Netz. Viel mehr passiert auch bis 2024 nicht.<\/p>\n\n\n\n<p>Erst das Jahr 2025 soll einen Jahres-Zubau von gut 2.000 Megawatt bringen. Damit l\u00e4ge die Offshore-Kapazit\u00e4t bei 10.800 Megawatt. In den dann folgenden f\u00fcnf Jahren sollen die zu den 20.000 noch fehlenden 9.200 Megawatt dazukommen. In einem Jahrf\u00fcnft soll gebaut werden, wozu vorher gut 15 Jahre gebraucht wurden.<\/p>\n\n\n\n<h5 class=\"wp-block-heading\">Offshore-Branche warnt vor &#8222;Fadenriss&#8220;<\/h5>\n\n\n\n<p>Angesichts des absehbaren &#8222;Ausbaulochs&#8220; zeigen sich bei der Offshore-Branche einige Sorgenfalten. F\u00fcr <a href=\"https:\/\/www.wab.net\/aktuelles\/news\/detailseite\/heike-winkler-neue-wab-interim-geschaeftsfuehrerin\/\" target=\"_blank\" rel=\"noreferrer noopener\">Heike Winkler<\/a> von der Windkraftagentur WAB gibt es bis 2024 einfach zu wenig Bauaktivit\u00e4ten, um den eingetretenen &#8222;Fadenriss&#8220; durchzuhalten. &#8222;Wir w\u00fcnschen uns, dass schon vor 2025 mehr gebaut werden kann.&#8220;<\/p>\n\n\n\n<p>Dazu schl\u00e4gt die Branche eine zus\u00e4tzliche Ausschreibung vor. Es sei sinnvoll, jetzt einen Investitionsschub auszul\u00f6sen und die f\u00fcr 2029 und 2030 erwartete &#8222;Ausbauspitze&#8220; von&nbsp; nach vorn zu entzerren.<\/p>\n\n\n\n<p><a href=\"https:\/\/bwo-offshorewind.de\/stefan-thimm-neuer-geschaeftsfuehrer-des-bwo\/\" target=\"_blank\" rel=\"noreferrer noopener\">Stefan Thimm<\/a> vom Offshore-Verband BWO schaut schon jetzt auf die Zeit nach der <a href=\"https:\/\/www.klimareporter.de\/tag\/bundestagswahl\" target=\"_blank\" rel=\"noreferrer noopener\">Bundestagswahl<\/a> im Herbst. F\u00fcr die Monate danach hat die Branche einige W\u00fcnsche. Zun\u00e4chst m\u00fcssten die Ausbauziele in einer entsprechenden Raumplanung abgesichert werden. Thimm: &#8222;Es ist kein Geheimnis, dass der Platz f\u00fcr Offshore-Windanlagen im Meer begrenzt ist.&#8220; Es gebe Interessenkonflikte mit Artenschutz, Fischerei, Schifffahrt, Rohstoffgewinnung und Milit\u00e4r.<\/p>\n\n\n\n<p>Zwar seien im Entwurf der Raumplanung bis 2040 Offshore-Vorrangfl\u00e4chen im Umfang von 34.000 bis 41.000 Megawatt vorgesehen. Das sei aber zu wenig, betonte Thimm. Die Branche rechnet mit einigem Fl\u00e4chenschwund, wenn die Gebiete dann konkret genehmigt werden sollen. Das k\u00f6nne in eine Situation m\u00fcnden, in der Deutschland die Ausbauziele verfehle. Hier werde ein &#8222;Planungspuffer&#8220; ben\u00f6tigt, forderte Thimm.<\/p>\n\n\n\n<h5 class=\"wp-block-heading\">Ausbauflaute an Land absehbar<\/h5>\n\n\n\n<p>Die Windkraftleute, die zu Lande unterwegs sind, wollen noch vor der Wahl etwas erreichen. Im Moment sind sie dabei, das <a href=\"https:\/\/www.klimareporter.de\/strom\/spd-und-union-begnuegen-sich-mit-eeg-kosmetik\" target=\"_blank\" rel=\"noreferrer noopener\">EEG 2021<\/a> zu verdauen. Was der Paragrafenwust der Novelle f\u00fcr die Windkraft bringt, ist vielfach noch ziemlich unklar. F\u00fcr Ende Februar k\u00fcndigte BWE-Mann Axthelm am Freitag eine detaillierte Analyse des neuen EEG an.<\/p>\n\n\n\n<div class=\"wp-block-image\"><figure class=\"alignright size-large is-resized\"><img loading=\"lazy\" decoding=\"async\" src=\"https:\/\/www.sonnenseite.com\/wp-content\/uploads\/2021\/02\/BWE_repowering_jens_meier.jpg\" alt=\"\" class=\"wp-image-67762\" width=\"309\" height=\"169\" srcset=\"https:\/\/www.sonnenseite.com\/wp-content\/uploads\/2021\/02\/BWE_repowering_jens_meier.jpg 770w, https:\/\/www.sonnenseite.com\/wp-content\/uploads\/2021\/02\/BWE_repowering_jens_meier-300x164.jpg 300w, https:\/\/www.sonnenseite.com\/wp-content\/uploads\/2021\/02\/BWE_repowering_jens_meier-768x419.jpg 768w\" sizes=\"auto, (max-width: 309px) 100vw, 309px\" \/><figcaption>Repowering \u2013 hier in Schleswig-Holstein\u00a0\u2013 ist einer der Hoffnungstr\u00e4ger der Windbranche. (Foto: <a href=\"https:\/\/www.wind-energie.de\/presse\/pressematerialien\/bildmaterial\/wirtschaft-produktion-service-technik\/\" target=\"_blank\" rel=\"noreferrer noopener\">Jens Meier\/\u200bBWE<\/a>)<\/figcaption><\/figure><\/div>\n\n\n\n<p>Der inzwischen ber\u00fchmt gewordene <a href=\"https:\/\/www.klimareporter.de\/strom\/spd-und-union-begnuegen-sich-mit-eeg-kosmetik\" target=\"_blank\" rel=\"noreferrer noopener\">Entschlie\u00dfungsantrag<\/a> der gro\u00dfen Koalition, mit dem sie unter anderem das bisherige Wind-an-Land-Ziel von 71.000 Megawatt aufstocken will, hat f\u00fcr Axthelm eine eher symbolische Kraft. Wichtiger f\u00fcr die Branche sei, wie mehr Tempo in die <a href=\"https:\/\/www.klimareporter.de\/energiewende\/windkraft-sieht-sich-rechtlich-blockiert\" target=\"_blank\" rel=\"noreferrer noopener\">Genehmigungsverfahren<\/a> kommt, mehr Fl\u00e4chen ausgewiesen und mehr Genehmigungen generiert werden k\u00f6nnen, die dann wiederum mehr Projekte mit sich bringen \u2013 damit schlie\u00dflich die Ausschreibungen &#8222;ausgelastet&#8220; und nicht <a href=\"https:\/\/www.klimareporter.de\/strom\/fehler-im-system\" target=\"_blank\" rel=\"noreferrer noopener\">unterzeichnet sind<\/a>. Axthelm: &#8222;Das ist f\u00fcr uns fast wichtiger als neue Zieldefinitionen.&#8220;<\/p>\n\n\n\n<ul class=\"wp-block-list\"><li><a href=\"https:\/\/www.klimareporter.de\/strom\/windbranche-ueberspielt-flauten-und-loecher\">Hier k\u00f6nnen Sie den Bericht weiterlesen<\/a><\/li><\/ul>\n\n\n<h5 class=\"green\">Quelle<\/h5>\r\n\n\n\n<p>Der Bericht wurde von der\u00a0<a href=\"https:\/\/www.klimareporter.de\/strom\/windbranche-ueberspielt-flauten-und-loecher\">Redaktion \u201eklimareporter.de\u201c (J\u00f6rg Staude) 2021<\/a>\u00a0verfasst &#8211; der Artikel darf nicht ohne Genehmigung\u00a0(<a href=\"mailto:post@klimareporter.de\">post@klimareporter.de<\/a>) weiterverbreitet werden!\u00a0<\/p>\n<div class=\"shariff shariff-align-flex-start shariff-widget-align-flex-start\"><div class=\"ShariffHeadline\">Diese Meldung teilen<\/div><ul class=\"shariff-buttons theme-round orientation-horizontal buttonsize-medium\"><li class=\"shariff-button facebook shariff-nocustomcolor\" style=\"background-color:#4273c8;border-radius:1%\"><a href=\"https:\/\/www.facebook.com\/sharer\/sharer.php?u=https%3A%2F%2Fwww.sonnenseite.com%2Fde%2Fwirtschaft%2Fausblick-fuer-windkraft-onshore-und-offshore%2F\" title=\"Bei Facebook teilen\" aria-label=\"Bei Facebook teilen\" role=\"button\" rel=\"nofollow\" class=\"shariff-link\" style=\";border-radius:1%; background-color:#3b5998; color:#fff\" target=\"_blank\"><span class=\"shariff-icon\" style=\"\"><svg width=\"32px\" height=\"20px\" xmlns=\"http:\/\/www.w3.org\/2000\/svg\" viewBox=\"0 0 18 32\"><path fill=\"#3b5998\" d=\"M17.1 0.2v4.7h-2.8q-1.5 0-2.1 0.6t-0.5 1.9v3.4h5.2l-0.7 5.3h-4.5v13.6h-5.5v-13.6h-4.5v-5.3h4.5v-3.9q0-3.3 1.9-5.2t5-1.8q2.6 0 4.1 0.2z\"\/><\/svg><\/span><\/a><\/li><li class=\"shariff-button twitter shariff-nocustomcolor\" style=\"background-color:#595959;border-radius:1%\"><a href=\"https:\/\/twitter.com\/share?url=https%3A%2F%2Fwww.sonnenseite.com%2Fde%2Fwirtschaft%2Fausblick-fuer-windkraft-onshore-und-offshore%2F&text=Ausblick%20f%C3%BCr%20Windkraft%20onshore%20und%20offshore\" title=\"Bei X teilen\" aria-label=\"Bei X teilen\" role=\"button\" rel=\"noopener nofollow\" class=\"shariff-link\" style=\";border-radius:1%; background-color:#000; color:#fff\" target=\"_blank\"><span class=\"shariff-icon\" style=\"\"><svg width=\"32px\" height=\"20px\" xmlns=\"http:\/\/www.w3.org\/2000\/svg\" viewBox=\"0 0 24 24\"><path fill=\"#000\" d=\"M14.258 10.152L23.176 0h-2.113l-7.747 8.813L7.133 0H0l9.352 13.328L0 23.973h2.113l8.176-9.309 6.531 9.309h7.133zm-2.895 3.293l-.949-1.328L2.875 1.56h3.246l6.086 8.523.945 1.328 7.91 11.078h-3.246zm0 0\"\/><\/svg><\/span><\/a><\/li><li class=\"shariff-button xing shariff-nocustomcolor\" style=\"background-color:#29888a;border-radius:1%\"><a href=\"https:\/\/www.xing.com\/spi\/shares\/new?url=https%3A%2F%2Fwww.sonnenseite.com%2Fde%2Fwirtschaft%2Fausblick-fuer-windkraft-onshore-und-offshore%2F\" title=\"Bei XING teilen\" aria-label=\"Bei XING teilen\" role=\"button\" rel=\"noopener nofollow\" class=\"shariff-link\" style=\";border-radius:1%; background-color:#126567; color:#fff\" target=\"_blank\"><span class=\"shariff-icon\" style=\"\"><svg width=\"32px\" height=\"20px\" xmlns=\"http:\/\/www.w3.org\/2000\/svg\" viewBox=\"0 0 25 32\"><path fill=\"#126567\" d=\"M10.7 11.9q-0.2 0.3-4.6 8.2-0.5 0.8-1.2 0.8h-4.3q-0.4 0-0.5-0.3t0-0.6l4.5-8q0 0 0 0l-2.9-5q-0.2-0.4 0-0.7 0.2-0.3 0.5-0.3h4.3q0.7 0 1.2 0.8zM25.1 0.4q0.2 0.3 0 0.7l-9.4 16.7 6 11q0.2 0.4 0 0.6-0.2 0.3-0.6 0.3h-4.3q-0.7 0-1.2-0.8l-6-11.1q0.3-0.6 9.5-16.8 0.4-0.8 1.2-0.8h4.3q0.4 0 0.5 0.3z\"\/><\/svg><\/span><\/a><\/li><li class=\"shariff-button linkedin shariff-nocustomcolor\" style=\"background-color:#1488bf;border-radius:1%\"><a href=\"https:\/\/www.linkedin.com\/sharing\/share-offsite\/?url=https%3A%2F%2Fwww.sonnenseite.com%2Fde%2Fwirtschaft%2Fausblick-fuer-windkraft-onshore-und-offshore%2F\" title=\"Bei LinkedIn teilen\" aria-label=\"Bei LinkedIn teilen\" role=\"button\" rel=\"noopener nofollow\" class=\"shariff-link\" style=\";border-radius:1%; background-color:#0077b5; color:#fff\" target=\"_blank\"><span class=\"shariff-icon\" style=\"\"><svg width=\"32px\" height=\"20px\" xmlns=\"http:\/\/www.w3.org\/2000\/svg\" viewBox=\"0 0 27 32\"><path fill=\"#0077b5\" d=\"M6.2 11.2v17.7h-5.9v-17.7h5.9zM6.6 5.7q0 1.3-0.9 2.2t-2.4 0.9h0q-1.5 0-2.4-0.9t-0.9-2.2 0.9-2.2 2.4-0.9 2.4 0.9 0.9 2.2zM27.4 18.7v10.1h-5.9v-9.5q0-1.9-0.7-2.9t-2.3-1.1q-1.1 0-1.9 0.6t-1.2 1.5q-0.2 0.5-0.2 1.4v9.9h-5.9q0-7.1 0-11.6t0-5.3l0-0.9h5.9v2.6h0q0.4-0.6 0.7-1t1-0.9 1.6-0.8 2-0.3q3 0 4.9 2t1.9 6z\"\/><\/svg><\/span><\/a><\/li><li class=\"shariff-button printer shariff-nocustomcolor\" style=\"background-color:#a8a8a8;border-radius:1%\"><a href=\"javascript:window.print()\" title=\"drucken\" aria-label=\"drucken\" role=\"button\" rel=\"noopener nofollow\" class=\"shariff-link\" style=\";border-radius:1%; background-color:#999; color:#fff\"><span class=\"shariff-icon\" style=\"\"><svg width=\"32px\" height=\"20px\" xmlns=\"http:\/\/www.w3.org\/2000\/svg\" viewBox=\"0 0 30 32\"><path fill=\"#999\" d=\"M6.8 27.4h16v-4.6h-16v4.6zM6.8 16h16v-6.8h-2.8q-0.7 0-1.2-0.5t-0.5-1.2v-2.8h-11.4v11.4zM27.4 17.2q0-0.5-0.3-0.8t-0.8-0.4-0.8 0.4-0.3 0.8 0.3 0.8 0.8 0.3 0.8-0.3 0.3-0.8zM29.7 17.2v7.4q0 0.2-0.2 0.4t-0.4 0.2h-4v2.8q0 0.7-0.5 1.2t-1.2 0.5h-17.2q-0.7 0-1.2-0.5t-0.5-1.2v-2.8h-4q-0.2 0-0.4-0.2t-0.2-0.4v-7.4q0-1.4 1-2.4t2.4-1h1.2v-9.7q0-0.7 0.5-1.2t1.2-0.5h12q0.7 0 1.6 0.4t1.3 0.8l2.7 2.7q0.5 0.5 0.9 1.4t0.4 1.6v4.6h1.1q1.4 0 2.4 1t1 2.4z\"\/><\/svg><\/span><\/a><\/li><li class=\"shariff-button mailto shariff-nocustomcolor\" style=\"background-color:#a8a8a8;border-radius:1%\"><a href=\"mailto:?body=https%3A%2F%2Fwww.sonnenseite.com%2Fde%2Fwirtschaft%2Fausblick-fuer-windkraft-onshore-und-offshore%2F&subject=Ausblick%20f%C3%BCr%20Windkraft%20onshore%20und%20offshore\" title=\"Per E-Mail versenden\" aria-label=\"Per E-Mail versenden\" role=\"button\" rel=\"noopener nofollow\" class=\"shariff-link\" style=\";border-radius:1%; background-color:#999; color:#fff\"><span class=\"shariff-icon\" style=\"\"><svg width=\"32px\" height=\"20px\" xmlns=\"http:\/\/www.w3.org\/2000\/svg\" viewBox=\"0 0 32 32\"><path fill=\"#999\" d=\"M32 12.7v14.2q0 1.2-0.8 2t-2 0.9h-26.3q-1.2 0-2-0.9t-0.8-2v-14.2q0.8 0.9 1.8 1.6 6.5 4.4 8.9 6.1 1 0.8 1.6 1.2t1.7 0.9 2 0.4h0.1q0.9 0 2-0.4t1.7-0.9 1.6-1.2q3-2.2 8.9-6.1 1-0.7 1.8-1.6zM32 7.4q0 1.4-0.9 2.7t-2.2 2.2q-6.7 4.7-8.4 5.8-0.2 0.1-0.7 0.5t-1 0.7-0.9 0.6-1.1 0.5-0.9 0.2h-0.1q-0.4 0-0.9-0.2t-1.1-0.5-0.9-0.6-1-0.7-0.7-0.5q-1.6-1.1-4.7-3.2t-3.6-2.6q-1.1-0.7-2.1-2t-1-2.5q0-1.4 0.7-2.3t2.1-0.9h26.3q1.2 0 2 0.8t0.9 2z\"\/><\/svg><\/span><\/a><\/li><\/ul><\/div>","protected":false},"excerpt":{"rendered":"<p>Windbranche \u00fcberspielt Flauten und &#8222;L\u00f6cher&#8220; Die Zeiten f\u00fcr die Windkraft bleiben schwierig. Bei Wind an Land [&hellip;]<\/p>\n","protected":false},"author":3,"featured_media":9052,"comment_status":"closed","ping_status":"closed","sticky":false,"template":"","format":"standard","meta":{"inline_featured_image":false,"footnotes":""},"categories":[24],"tags":[],"class_list":["post-67760","post","type-post","status-publish","format-standard","has-post-thumbnail","hentry","category-wirtschaft"],"yoast_head":"<!-- This site is optimized with the Yoast SEO plugin v26.5 - https:\/\/yoast.com\/wordpress\/plugins\/seo\/ -->\n<title>Ausblick f\u00fcr Windkraft onshore und offshore - Sonnenseite - \u00d6kologische Kommunikation mit Franz Alt<\/title>\n<meta name=\"description\" content=\"Windbranche \u00fcberspielt Flauten und &quot;L\u00f6cher&quot; Die Zeiten f\u00fcr die Windkraft bleiben schwierig. Bei Wind an Land macht sich vorsichtiger Optimismus breit,\" \/>\n<meta name=\"robots\" content=\"index, follow, max-snippet:-1, max-image-preview:large, max-video-preview:-1\" \/>\n<link rel=\"canonical\" href=\"https:\/\/www.sonnenseite.com\/de\/wirtschaft\/ausblick-fuer-windkraft-onshore-und-offshore\/\" \/>\n<meta property=\"og:locale\" content=\"de_DE\" \/>\n<meta property=\"og:type\" content=\"article\" \/>\n<meta property=\"og:title\" content=\"Ausblick f\u00fcr Windkraft onshore und offshore - Sonnenseite - \u00d6kologische Kommunikation mit Franz Alt\" \/>\n<meta property=\"og:description\" content=\"Windbranche \u00fcberspielt Flauten und &quot;L\u00f6cher&quot; Die Zeiten f\u00fcr die Windkraft bleiben schwierig. Bei Wind an Land macht sich vorsichtiger Optimismus breit,\" \/>\n<meta property=\"og:url\" content=\"https:\/\/www.sonnenseite.com\/de\/wirtschaft\/ausblick-fuer-windkraft-onshore-und-offshore\/\" \/>\n<meta property=\"og:site_name\" content=\"Sonnenseite\" \/>\n<meta property=\"article:publisher\" content=\"https:\/\/www.facebook.com\/pages\/Franz-Alt-SONNENSEITECOM\/221072987903953?fref=ts\" \/>\n<meta property=\"article:published_time\" content=\"2021-02-02T02:14:00+00:00\" \/>\n<meta property=\"og:image\" content=\"https:\/\/www.sonnenseite.com\/wp-content\/uploads\/2019\/06\/windraeder_BarbraFord.jpg\" \/>\n\t<meta property=\"og:image:width\" content=\"770\" \/>\n\t<meta property=\"og:image:height\" content=\"420\" \/>\n\t<meta property=\"og:image:type\" content=\"image\/jpeg\" \/>\n<meta name=\"author\" content=\"Bigi Alt\" \/>\n<meta name=\"twitter:card\" content=\"summary_large_image\" \/>\n<meta name=\"twitter:creator\" content=\"@franzalt\" \/>\n<meta name=\"twitter:site\" content=\"@franzalt\" \/>\n<meta name=\"twitter:label1\" content=\"Verfasst von\" \/>\n\t<meta name=\"twitter:data1\" content=\"Bigi Alt\" \/>\n\t<meta name=\"twitter:label2\" content=\"Gesch\u00e4tzte Lesezeit\" \/>\n\t<meta name=\"twitter:data2\" content=\"4\u00a0Minuten\" \/>\n<script type=\"application\/ld+json\" class=\"yoast-schema-graph\">{\"@context\":\"https:\/\/schema.org\",\"@graph\":[{\"@type\":\"Article\",\"@id\":\"https:\/\/www.sonnenseite.com\/de\/wirtschaft\/ausblick-fuer-windkraft-onshore-und-offshore\/#article\",\"isPartOf\":{\"@id\":\"https:\/\/www.sonnenseite.com\/de\/wirtschaft\/ausblick-fuer-windkraft-onshore-und-offshore\/\"},\"author\":{\"name\":\"Bigi Alt\",\"@id\":\"https:\/\/www.sonnenseite.com\/de\/#\/schema\/person\/50fda0e926597684c7cc6695238a4eb9\"},\"headline\":\"Ausblick f\u00fcr Windkraft onshore und offshore\",\"datePublished\":\"2021-02-02T02:14:00+00:00\",\"mainEntityOfPage\":{\"@id\":\"https:\/\/www.sonnenseite.com\/de\/wirtschaft\/ausblick-fuer-windkraft-onshore-und-offshore\/\"},\"wordCount\":680,\"publisher\":{\"@id\":\"https:\/\/www.sonnenseite.com\/de\/#organization\"},\"image\":{\"@id\":\"https:\/\/www.sonnenseite.com\/de\/wirtschaft\/ausblick-fuer-windkraft-onshore-und-offshore\/#primaryimage\"},\"thumbnailUrl\":\"https:\/\/www.sonnenseite.com\/wp-content\/uploads\/2019\/06\/windraeder_BarbraFord.jpg\",\"articleSection\":[\"Wirtschaft\"],\"inLanguage\":\"de\"},{\"@type\":\"WebPage\",\"@id\":\"https:\/\/www.sonnenseite.com\/de\/wirtschaft\/ausblick-fuer-windkraft-onshore-und-offshore\/\",\"url\":\"https:\/\/www.sonnenseite.com\/de\/wirtschaft\/ausblick-fuer-windkraft-onshore-und-offshore\/\",\"name\":\"Ausblick f\u00fcr Windkraft onshore und offshore - Sonnenseite - \u00d6kologische Kommunikation mit Franz Alt\",\"isPartOf\":{\"@id\":\"https:\/\/www.sonnenseite.com\/de\/#website\"},\"primaryImageOfPage\":{\"@id\":\"https:\/\/www.sonnenseite.com\/de\/wirtschaft\/ausblick-fuer-windkraft-onshore-und-offshore\/#primaryimage\"},\"image\":{\"@id\":\"https:\/\/www.sonnenseite.com\/de\/wirtschaft\/ausblick-fuer-windkraft-onshore-und-offshore\/#primaryimage\"},\"thumbnailUrl\":\"https:\/\/www.sonnenseite.com\/wp-content\/uploads\/2019\/06\/windraeder_BarbraFord.jpg\",\"datePublished\":\"2021-02-02T02:14:00+00:00\",\"description\":\"Windbranche \u00fcberspielt Flauten und \\\"L\u00f6cher\\\" Die Zeiten f\u00fcr die Windkraft bleiben schwierig. Bei Wind an Land macht sich vorsichtiger Optimismus breit,\",\"breadcrumb\":{\"@id\":\"https:\/\/www.sonnenseite.com\/de\/wirtschaft\/ausblick-fuer-windkraft-onshore-und-offshore\/#breadcrumb\"},\"inLanguage\":\"de\",\"potentialAction\":[{\"@type\":\"ReadAction\",\"target\":[\"https:\/\/www.sonnenseite.com\/de\/wirtschaft\/ausblick-fuer-windkraft-onshore-und-offshore\/\"]}]},{\"@type\":\"ImageObject\",\"inLanguage\":\"de\",\"@id\":\"https:\/\/www.sonnenseite.com\/de\/wirtschaft\/ausblick-fuer-windkraft-onshore-und-offshore\/#primaryimage\",\"url\":\"https:\/\/www.sonnenseite.com\/wp-content\/uploads\/2019\/06\/windraeder_BarbraFord.jpg\",\"contentUrl\":\"https:\/\/www.sonnenseite.com\/wp-content\/uploads\/2019\/06\/windraeder_BarbraFord.jpg\",\"width\":770,\"height\":420,\"caption\":\"bigstock | BarbraFord | Zubau im Gesamtjahr 2020 in Deutschland ist mit 1.431 MW oder 420 Anlagen deutlich zu niedrig, obwohl die Steigerung zum Vorjahr etwa 46 Prozent betr\u00e4gt.\"},{\"@type\":\"BreadcrumbList\",\"@id\":\"https:\/\/www.sonnenseite.com\/de\/wirtschaft\/ausblick-fuer-windkraft-onshore-und-offshore\/#breadcrumb\",\"itemListElement\":[{\"@type\":\"ListItem\",\"position\":1,\"name\":\"Startseite\",\"item\":\"https:\/\/www.sonnenseite.com\/de\/\"},{\"@type\":\"ListItem\",\"position\":2,\"name\":\"Ausblick f\u00fcr Windkraft onshore und offshore\"}]},{\"@type\":\"WebSite\",\"@id\":\"https:\/\/www.sonnenseite.com\/de\/#website\",\"url\":\"https:\/\/www.sonnenseite.com\/de\/\",\"name\":\"Sonnenseite\",\"description\":\"\u00d6kologische Kommunikation mit Franz Alt\",\"publisher\":{\"@id\":\"https:\/\/www.sonnenseite.com\/de\/#organization\"},\"potentialAction\":[{\"@type\":\"SearchAction\",\"target\":{\"@type\":\"EntryPoint\",\"urlTemplate\":\"https:\/\/www.sonnenseite.com\/de\/?s={search_term_string}\"},\"query-input\":{\"@type\":\"PropertyValueSpecification\",\"valueRequired\":true,\"valueName\":\"search_term_string\"}}],\"inLanguage\":\"de\"},{\"@type\":\"Organization\",\"@id\":\"https:\/\/www.sonnenseite.com\/de\/#organization\",\"name\":\"Sonnenseite\",\"url\":\"https:\/\/www.sonnenseite.com\/de\/\",\"logo\":{\"@type\":\"ImageObject\",\"inLanguage\":\"de\",\"@id\":\"https:\/\/www.sonnenseite.com\/de\/#\/schema\/logo\/image\/\",\"url\":\"https:\/\/www.sonnenseite.com\/wp-content\/uploads\/2020\/05\/Sonnenseite_Logo.png\",\"contentUrl\":\"https:\/\/www.sonnenseite.com\/wp-content\/uploads\/2020\/05\/Sonnenseite_Logo.png\",\"width\":377,\"height\":90,\"caption\":\"Sonnenseite\"},\"image\":{\"@id\":\"https:\/\/www.sonnenseite.com\/de\/#\/schema\/logo\/image\/\"},\"sameAs\":[\"https:\/\/www.facebook.com\/pages\/Franz-Alt-SONNENSEITECOM\/221072987903953?fref=ts\",\"https:\/\/x.com\/franzalt\",\"http:\/\/www.youtube.com\/results?search_query&amp;amp;quot;franz_alt&amp;amp;quot;&amp;amp;amp;amp;search_type&amp;amp;amp;amp;aq=f\"]},{\"@type\":\"Person\",\"@id\":\"https:\/\/www.sonnenseite.com\/de\/#\/schema\/person\/50fda0e926597684c7cc6695238a4eb9\",\"name\":\"Bigi Alt\"}]}<\/script>\n<!-- \/ Yoast SEO plugin. -->","yoast_head_json":{"title":"Ausblick f\u00fcr Windkraft onshore und offshore - Sonnenseite - \u00d6kologische Kommunikation mit Franz Alt","description":"Windbranche \u00fcberspielt Flauten und \"L\u00f6cher\" Die Zeiten f\u00fcr die Windkraft bleiben schwierig. Bei Wind an Land macht sich vorsichtiger Optimismus breit,","robots":{"index":"index","follow":"follow","max-snippet":"max-snippet:-1","max-image-preview":"max-image-preview:large","max-video-preview":"max-video-preview:-1"},"canonical":"https:\/\/www.sonnenseite.com\/de\/wirtschaft\/ausblick-fuer-windkraft-onshore-und-offshore\/","og_locale":"de_DE","og_type":"article","og_title":"Ausblick f\u00fcr Windkraft onshore und offshore - Sonnenseite - \u00d6kologische Kommunikation mit Franz Alt","og_description":"Windbranche \u00fcberspielt Flauten und \"L\u00f6cher\" Die Zeiten f\u00fcr die Windkraft bleiben schwierig. Bei Wind an Land macht sich vorsichtiger Optimismus breit,","og_url":"https:\/\/www.sonnenseite.com\/de\/wirtschaft\/ausblick-fuer-windkraft-onshore-und-offshore\/","og_site_name":"Sonnenseite","article_publisher":"https:\/\/www.facebook.com\/pages\/Franz-Alt-SONNENSEITECOM\/221072987903953?fref=ts","article_published_time":"2021-02-02T02:14:00+00:00","og_image":[{"width":770,"height":420,"url":"https:\/\/www.sonnenseite.com\/wp-content\/uploads\/2019\/06\/windraeder_BarbraFord.jpg","type":"image\/jpeg"}],"author":"Bigi Alt","twitter_card":"summary_large_image","twitter_creator":"@franzalt","twitter_site":"@franzalt","twitter_misc":{"Verfasst von":"Bigi Alt","Gesch\u00e4tzte Lesezeit":"4\u00a0Minuten"},"schema":{"@context":"https:\/\/schema.org","@graph":[{"@type":"Article","@id":"https:\/\/www.sonnenseite.com\/de\/wirtschaft\/ausblick-fuer-windkraft-onshore-und-offshore\/#article","isPartOf":{"@id":"https:\/\/www.sonnenseite.com\/de\/wirtschaft\/ausblick-fuer-windkraft-onshore-und-offshore\/"},"author":{"name":"Bigi Alt","@id":"https:\/\/www.sonnenseite.com\/de\/#\/schema\/person\/50fda0e926597684c7cc6695238a4eb9"},"headline":"Ausblick f\u00fcr Windkraft onshore und offshore","datePublished":"2021-02-02T02:14:00+00:00","mainEntityOfPage":{"@id":"https:\/\/www.sonnenseite.com\/de\/wirtschaft\/ausblick-fuer-windkraft-onshore-und-offshore\/"},"wordCount":680,"publisher":{"@id":"https:\/\/www.sonnenseite.com\/de\/#organization"},"image":{"@id":"https:\/\/www.sonnenseite.com\/de\/wirtschaft\/ausblick-fuer-windkraft-onshore-und-offshore\/#primaryimage"},"thumbnailUrl":"https:\/\/www.sonnenseite.com\/wp-content\/uploads\/2019\/06\/windraeder_BarbraFord.jpg","articleSection":["Wirtschaft"],"inLanguage":"de"},{"@type":"WebPage","@id":"https:\/\/www.sonnenseite.com\/de\/wirtschaft\/ausblick-fuer-windkraft-onshore-und-offshore\/","url":"https:\/\/www.sonnenseite.com\/de\/wirtschaft\/ausblick-fuer-windkraft-onshore-und-offshore\/","name":"Ausblick f\u00fcr Windkraft onshore und offshore - Sonnenseite - \u00d6kologische Kommunikation mit Franz Alt","isPartOf":{"@id":"https:\/\/www.sonnenseite.com\/de\/#website"},"primaryImageOfPage":{"@id":"https:\/\/www.sonnenseite.com\/de\/wirtschaft\/ausblick-fuer-windkraft-onshore-und-offshore\/#primaryimage"},"image":{"@id":"https:\/\/www.sonnenseite.com\/de\/wirtschaft\/ausblick-fuer-windkraft-onshore-und-offshore\/#primaryimage"},"thumbnailUrl":"https:\/\/www.sonnenseite.com\/wp-content\/uploads\/2019\/06\/windraeder_BarbraFord.jpg","datePublished":"2021-02-02T02:14:00+00:00","description":"Windbranche \u00fcberspielt Flauten und \"L\u00f6cher\" Die Zeiten f\u00fcr die Windkraft bleiben schwierig. Bei Wind an Land macht sich vorsichtiger Optimismus breit,","breadcrumb":{"@id":"https:\/\/www.sonnenseite.com\/de\/wirtschaft\/ausblick-fuer-windkraft-onshore-und-offshore\/#breadcrumb"},"inLanguage":"de","potentialAction":[{"@type":"ReadAction","target":["https:\/\/www.sonnenseite.com\/de\/wirtschaft\/ausblick-fuer-windkraft-onshore-und-offshore\/"]}]},{"@type":"ImageObject","inLanguage":"de","@id":"https:\/\/www.sonnenseite.com\/de\/wirtschaft\/ausblick-fuer-windkraft-onshore-und-offshore\/#primaryimage","url":"https:\/\/www.sonnenseite.com\/wp-content\/uploads\/2019\/06\/windraeder_BarbraFord.jpg","contentUrl":"https:\/\/www.sonnenseite.com\/wp-content\/uploads\/2019\/06\/windraeder_BarbraFord.jpg","width":770,"height":420,"caption":"bigstock | BarbraFord | Zubau im Gesamtjahr 2020 in Deutschland ist mit 1.431 MW oder 420 Anlagen deutlich zu niedrig, obwohl die Steigerung zum Vorjahr etwa 46 Prozent betr\u00e4gt."},{"@type":"BreadcrumbList","@id":"https:\/\/www.sonnenseite.com\/de\/wirtschaft\/ausblick-fuer-windkraft-onshore-und-offshore\/#breadcrumb","itemListElement":[{"@type":"ListItem","position":1,"name":"Startseite","item":"https:\/\/www.sonnenseite.com\/de\/"},{"@type":"ListItem","position":2,"name":"Ausblick f\u00fcr Windkraft onshore und offshore"}]},{"@type":"WebSite","@id":"https:\/\/www.sonnenseite.com\/de\/#website","url":"https:\/\/www.sonnenseite.com\/de\/","name":"Sonnenseite","description":"\u00d6kologische Kommunikation mit Franz Alt","publisher":{"@id":"https:\/\/www.sonnenseite.com\/de\/#organization"},"potentialAction":[{"@type":"SearchAction","target":{"@type":"EntryPoint","urlTemplate":"https:\/\/www.sonnenseite.com\/de\/?s={search_term_string}"},"query-input":{"@type":"PropertyValueSpecification","valueRequired":true,"valueName":"search_term_string"}}],"inLanguage":"de"},{"@type":"Organization","@id":"https:\/\/www.sonnenseite.com\/de\/#organization","name":"Sonnenseite","url":"https:\/\/www.sonnenseite.com\/de\/","logo":{"@type":"ImageObject","inLanguage":"de","@id":"https:\/\/www.sonnenseite.com\/de\/#\/schema\/logo\/image\/","url":"https:\/\/www.sonnenseite.com\/wp-content\/uploads\/2020\/05\/Sonnenseite_Logo.png","contentUrl":"https:\/\/www.sonnenseite.com\/wp-content\/uploads\/2020\/05\/Sonnenseite_Logo.png","width":377,"height":90,"caption":"Sonnenseite"},"image":{"@id":"https:\/\/www.sonnenseite.com\/de\/#\/schema\/logo\/image\/"},"sameAs":["https:\/\/www.facebook.com\/pages\/Franz-Alt-SONNENSEITECOM\/221072987903953?fref=ts","https:\/\/x.com\/franzalt","http:\/\/www.youtube.com\/results?search_query&amp;amp;quot;franz_alt&amp;amp;quot;&amp;amp;amp;amp;search_type&amp;amp;amp;amp;aq=f"]},{"@type":"Person","@id":"https:\/\/www.sonnenseite.com\/de\/#\/schema\/person\/50fda0e926597684c7cc6695238a4eb9","name":"Bigi Alt"}]}},"_links":{"self":[{"href":"https:\/\/www.sonnenseite.com\/de\/wp-json\/wp\/v2\/posts\/67760","targetHints":{"allow":["GET"]}}],"collection":[{"href":"https:\/\/www.sonnenseite.com\/de\/wp-json\/wp\/v2\/posts"}],"about":[{"href":"https:\/\/www.sonnenseite.com\/de\/wp-json\/wp\/v2\/types\/post"}],"author":[{"embeddable":true,"href":"https:\/\/www.sonnenseite.com\/de\/wp-json\/wp\/v2\/users\/3"}],"replies":[{"embeddable":true,"href":"https:\/\/www.sonnenseite.com\/de\/wp-json\/wp\/v2\/comments?post=67760"}],"version-history":[{"count":4,"href":"https:\/\/www.sonnenseite.com\/de\/wp-json\/wp\/v2\/posts\/67760\/revisions"}],"predecessor-version":[{"id":67766,"href":"https:\/\/www.sonnenseite.com\/de\/wp-json\/wp\/v2\/posts\/67760\/revisions\/67766"}],"wp:featuredmedia":[{"embeddable":true,"href":"https:\/\/www.sonnenseite.com\/de\/wp-json\/wp\/v2\/media\/9052"}],"wp:attachment":[{"href":"https:\/\/www.sonnenseite.com\/de\/wp-json\/wp\/v2\/media?parent=67760"}],"wp:term":[{"taxonomy":"category","embeddable":true,"href":"https:\/\/www.sonnenseite.com\/de\/wp-json\/wp\/v2\/categories?post=67760"},{"taxonomy":"post_tag","embeddable":true,"href":"https:\/\/www.sonnenseite.com\/de\/wp-json\/wp\/v2\/tags?post=67760"}],"curies":[{"name":"wp","href":"https:\/\/api.w.org\/{rel}","templated":true}]}}