{"id":67933,"date":"2021-02-06T09:49:46","date_gmt":"2021-02-06T08:49:46","guid":{"rendered":"https:\/\/www.sonnenseite.com\/?p=67933"},"modified":"2021-02-13T09:29:05","modified_gmt":"2021-02-13T08:29:05","slug":"europa-uebernimmt-fuehrung-bei-elektrofahrzeugen-und-ueberholt-china","status":"publish","type":"post","link":"https:\/\/www.sonnenseite.com\/de\/mobilitaet\/europa-uebernimmt-fuehrung-bei-elektrofahrzeugen-und-ueberholt-china\/","title":{"rendered":"Europa \u00fcbernimmt F\u00fchrung bei Elektrofahrzeugen und \u00fcberholt China"},"content":{"rendered":"\n<p>Fast 1,4 Millionen batterieelektrische Autos (BEV) und Plug-in-Hybride (PHEV) wurden 2020 in Europa zugelassen, so die neuesten Zahlen von EV-Volumes, der Datenbank f\u00fcr Informationen rund um batterieelektrische Fahrzeuge. <\/p>\n\n\n\n<p>Das sind 137 Prozent mehr als 2019. Und das in einem Gesamtfahrzeugmarkt, der im Vergleich zum Vorjahr um 20 Prozent r\u00fcckl\u00e4ufig war. Damit hat Europa China als Wachstumsmotor der E-Mobilit\u00e4t abgel\u00f6st. Auf der Power2Drive Europe 2021 trifft sich das \u201eWho-is-Who\u201c der Branche im Bereich E-Fahrzeuge und intelligente Ladel\u00f6sungen. Unter dem Motto \u201eCharging the future of mobility\u201c findet die Fachmesse vom 21. bis 23.Juli 2021 im Rahmen von The smarter E Europe auf der Messe M\u00fcnchen statt.<\/p>\n\n\n\n<div class=\"wp-block-image\"><figure class=\"alignright size-large is-resized\"><a href=\"https:\/\/www.sonnenseite.com\/wp-content\/uploads\/2021\/02\/Power2Drive_Verkaufszahlen_E-Auto.jpg\"><img loading=\"lazy\" decoding=\"async\" src=\"https:\/\/www.sonnenseite.com\/wp-content\/uploads\/2021\/02\/Power2Drive_Verkaufszahlen_E-Auto.jpg\" alt=\"\" class=\"wp-image-67939\" width=\"233\" height=\"218\" srcset=\"https:\/\/www.sonnenseite.com\/wp-content\/uploads\/2021\/02\/Power2Drive_Verkaufszahlen_E-Auto.jpg 600w, https:\/\/www.sonnenseite.com\/wp-content\/uploads\/2021\/02\/Power2Drive_Verkaufszahlen_E-Auto-300x282.jpg 300w\" sizes=\"auto, (max-width: 233px) 100vw, 233px\" \/><\/a><figcaption>\u00a9 www.ev-volumes.com | Stand 01\/2021 | Grafik: Solar Promotion GmbH | Zum Vergr\u00f6\u00dfern anklicken!<\/figcaption><\/figure><\/div>\n\n\n\n<p>Die Geschichte der batterieelektrischen Fahrzeuge in Europa seit Anfang 2020 ist beispiellos: Was mit einem wirtschaftlichen Abschwung w\u00e4hrend der ersten Covid-19-Welle begann, wird zu einer Erfolgsgeschichte. Vor allem die Kombination aus neuen attraktiven und erschwinglichen Fahrzeugmodellen, einer h\u00f6heren Reichweite, einer sich stetig entwickelnden Ladeinfrastruktur und staatlicher F\u00f6rderung wie in Deutschland f\u00fchrte zum Aufschwung der Elektromobilit\u00e4t in Europa.<\/p>\n\n\n\n<h5 class=\"wp-block-heading\">Europa ist f\u00fchrend bei der Einf\u00fchrung von Elektrofahrzeugen<\/h5>\n\n\n\n<p>Der Markt der Elektromobilit\u00e4t boomt weltweit: In den meisten L\u00e4ndern waren die M\u00e4rkte f\u00fcr BEVs und PHEVs widerstandsf\u00e4higer gegen\u00fcber der Covid-19-Pandemie als die Automobilm\u00e4rkte im Allgemeinen. Die weltweiten Auslieferungen von BEVs und PHEVs stiegen im Jahresvergleich um 43 Prozent, w\u00e4hrend der globale Markt f\u00fcr Leichtfahrzeuge um 14 Prozent zur\u00fcckging, so <a target=\"_blank\" href=\"http:\/\/www.ev-volumes.com\/country\/total-world-plug-in-vehicle-volumes\/\" rel=\"noreferrer noopener\">EV-Volumes<\/a>.<\/p>\n\n\n\n<p>Mit fast 1,4 Millionen Neuzulassungen an BEVs und PHEVs 2020 hat Europa China als F\u00fchrer des EV-Wachstums abgel\u00f6st und positioniert sich damit an der Spitze vor China mit einem Plus von 12 Prozent und den USA (Plus von 4 Prozent).<\/p>\n\n\n\n<p>Deutschland ist dabei f\u00fchrender Markt bei batterieelektrischen Fahrzeugen in Europa. So wurden 2020 in Deutschland so viele Pkw mit reinem Elektroantrieb neu zugelassen wie nie zuvor: Mit rund 194.200 Zulassungen hat sich die Zahl im Vergleich zum Vorjahr verdreifacht.<\/p>\n\n\n\n<h5 class=\"wp-block-heading\">Der europ\u00e4ische Markt und seine Player treffen sich auf der Power2Drive Europe 2021<\/h5>\n\n\n\n<div class=\"wp-block-image\"><figure class=\"alignright size-large is-resized\"><a href=\"https:\/\/www.sonnenseite.com\/wp-content\/uploads\/2021\/02\/Power2Drive_E-Auto_Deutschland.jpg\"><img loading=\"lazy\" decoding=\"async\" src=\"https:\/\/www.sonnenseite.com\/wp-content\/uploads\/2021\/02\/Power2Drive_E-Auto_Deutschland.jpg\" alt=\"\" class=\"wp-image-67936\" width=\"320\" height=\"210\" srcset=\"https:\/\/www.sonnenseite.com\/wp-content\/uploads\/2021\/02\/Power2Drive_E-Auto_Deutschland.jpg 838w, https:\/\/www.sonnenseite.com\/wp-content\/uploads\/2021\/02\/Power2Drive_E-Auto_Deutschland-300x197.jpg 300w, https:\/\/www.sonnenseite.com\/wp-content\/uploads\/2021\/02\/Power2Drive_E-Auto_Deutschland-768x504.jpg 768w\" sizes=\"auto, (max-width: 320px) 100vw, 320px\" \/><\/a><figcaption>\u00a9 Kraftfahrt-Bundesamt (KBA) | Stand 01\/2021 | Grafik: Solar Promotion GmbH | Zum Vergr\u00f6\u00dfern anklicken!<\/figcaption><\/figure><\/div>\n\n\n\n<p>Top-Innovator der Elektromobilit\u00e4tsbranche ist \u2013 wenig \u00fcberraschend \u2013 der amerikanische Hersteller Tesla. Das zeigt der Electromobility Report 2020\/21 des <a target=\"_blank\" href=\"https:\/\/auto-institut.de\/\" rel=\"noreferrer noopener\">Center of Automotive Management<\/a> (CAM) der Fachhochschule Bergisch Gladbach. \u201eWir freuen uns, dass The smarter E Europe bereits zu \u00fcber 75 Prozent ausgebucht ist und wir die Top-Technologietr\u00e4ger aus den Bereichen Elektrofahrzeuge und intelligente Ladeinfrastruktur bis hin zu Mobilit\u00e4tsdienstleistungen vor Ort zusammenbringen\u201c, so Joel Wenske, Projektleiter der Power2Drive Europe. Auf der Power2Drive Europe, die im Rahmen der Innovationsplattform The smarter E Europe stattfindet, trifft sich 2021 die Elektromobilit\u00e4tsbranche. Neben Tesla pr\u00e4sentieren sich weitere f\u00fchrende Innovationstreiber, wie etwa Hyundai und Geely mit Polestar auf der Fachmesse f\u00fcr nachhaltige Mobilit\u00e4t.<\/p>\n\n\n<h5 class=\"green\">Quelle<\/h5>\r\n\n\n\n<p><a href=\"https:\/\/www.powertodrive.de\/news\/powertodrive-europe-2021-europa-uebernimmt-die-fuehrung-bei-elektrofahrzeugen?ref=m5f606717832e0f210019e5fd-s5fc4d6a63b0761224e7c1a13-t1612599463-cfad1bb21\">POWER2DRIVE EUROPE 2021<\/a><\/p>\n<div class=\"shariff shariff-align-flex-start shariff-widget-align-flex-start\"><div class=\"ShariffHeadline\">Diese Meldung teilen<\/div><ul class=\"shariff-buttons theme-round orientation-horizontal buttonsize-medium\"><li class=\"shariff-button facebook shariff-nocustomcolor\" style=\"background-color:#4273c8;border-radius:1%\"><a href=\"https:\/\/www.facebook.com\/sharer\/sharer.php?u=https%3A%2F%2Fwww.sonnenseite.com%2Fde%2Fmobilitaet%2Feuropa-uebernimmt-fuehrung-bei-elektrofahrzeugen-und-ueberholt-china%2F\" title=\"Bei Facebook teilen\" aria-label=\"Bei Facebook teilen\" role=\"button\" rel=\"nofollow\" class=\"shariff-link\" style=\";border-radius:1%; background-color:#3b5998; color:#fff\" target=\"_blank\"><span class=\"shariff-icon\" style=\"\"><svg width=\"32px\" height=\"20px\" xmlns=\"http:\/\/www.w3.org\/2000\/svg\" viewBox=\"0 0 18 32\"><path fill=\"#3b5998\" d=\"M17.1 0.2v4.7h-2.8q-1.5 0-2.1 0.6t-0.5 1.9v3.4h5.2l-0.7 5.3h-4.5v13.6h-5.5v-13.6h-4.5v-5.3h4.5v-3.9q0-3.3 1.9-5.2t5-1.8q2.6 0 4.1 0.2z\"\/><\/svg><\/span><\/a><\/li><li class=\"shariff-button twitter shariff-nocustomcolor\" style=\"background-color:#595959;border-radius:1%\"><a href=\"https:\/\/twitter.com\/share?url=https%3A%2F%2Fwww.sonnenseite.com%2Fde%2Fmobilitaet%2Feuropa-uebernimmt-fuehrung-bei-elektrofahrzeugen-und-ueberholt-china%2F&text=Europa%20%C3%BCbernimmt%20F%C3%BChrung%20bei%20Elektrofahrzeugen%20und%20%C3%BCberholt%20China\" title=\"Bei X teilen\" aria-label=\"Bei X teilen\" role=\"button\" rel=\"noopener nofollow\" class=\"shariff-link\" style=\";border-radius:1%; background-color:#000; color:#fff\" target=\"_blank\"><span class=\"shariff-icon\" style=\"\"><svg width=\"32px\" height=\"20px\" xmlns=\"http:\/\/www.w3.org\/2000\/svg\" viewBox=\"0 0 24 24\"><path fill=\"#000\" d=\"M14.258 10.152L23.176 0h-2.113l-7.747 8.813L7.133 0H0l9.352 13.328L0 23.973h2.113l8.176-9.309 6.531 9.309h7.133zm-2.895 3.293l-.949-1.328L2.875 1.56h3.246l6.086 8.523.945 1.328 7.91 11.078h-3.246zm0 0\"\/><\/svg><\/span><\/a><\/li><li class=\"shariff-button xing shariff-nocustomcolor\" style=\"background-color:#29888a;border-radius:1%\"><a href=\"https:\/\/www.xing.com\/spi\/shares\/new?url=https%3A%2F%2Fwww.sonnenseite.com%2Fde%2Fmobilitaet%2Feuropa-uebernimmt-fuehrung-bei-elektrofahrzeugen-und-ueberholt-china%2F\" title=\"Bei XING teilen\" aria-label=\"Bei XING teilen\" role=\"button\" rel=\"noopener nofollow\" class=\"shariff-link\" style=\";border-radius:1%; background-color:#126567; color:#fff\" target=\"_blank\"><span class=\"shariff-icon\" style=\"\"><svg width=\"32px\" height=\"20px\" xmlns=\"http:\/\/www.w3.org\/2000\/svg\" viewBox=\"0 0 25 32\"><path fill=\"#126567\" d=\"M10.7 11.9q-0.2 0.3-4.6 8.2-0.5 0.8-1.2 0.8h-4.3q-0.4 0-0.5-0.3t0-0.6l4.5-8q0 0 0 0l-2.9-5q-0.2-0.4 0-0.7 0.2-0.3 0.5-0.3h4.3q0.7 0 1.2 0.8zM25.1 0.4q0.2 0.3 0 0.7l-9.4 16.7 6 11q0.2 0.4 0 0.6-0.2 0.3-0.6 0.3h-4.3q-0.7 0-1.2-0.8l-6-11.1q0.3-0.6 9.5-16.8 0.4-0.8 1.2-0.8h4.3q0.4 0 0.5 0.3z\"\/><\/svg><\/span><\/a><\/li><li class=\"shariff-button linkedin shariff-nocustomcolor\" style=\"background-color:#1488bf;border-radius:1%\"><a href=\"https:\/\/www.linkedin.com\/sharing\/share-offsite\/?url=https%3A%2F%2Fwww.sonnenseite.com%2Fde%2Fmobilitaet%2Feuropa-uebernimmt-fuehrung-bei-elektrofahrzeugen-und-ueberholt-china%2F\" title=\"Bei LinkedIn teilen\" aria-label=\"Bei LinkedIn teilen\" role=\"button\" rel=\"noopener nofollow\" class=\"shariff-link\" style=\";border-radius:1%; background-color:#0077b5; color:#fff\" target=\"_blank\"><span class=\"shariff-icon\" style=\"\"><svg width=\"32px\" height=\"20px\" xmlns=\"http:\/\/www.w3.org\/2000\/svg\" viewBox=\"0 0 27 32\"><path fill=\"#0077b5\" d=\"M6.2 11.2v17.7h-5.9v-17.7h5.9zM6.6 5.7q0 1.3-0.9 2.2t-2.4 0.9h0q-1.5 0-2.4-0.9t-0.9-2.2 0.9-2.2 2.4-0.9 2.4 0.9 0.9 2.2zM27.4 18.7v10.1h-5.9v-9.5q0-1.9-0.7-2.9t-2.3-1.1q-1.1 0-1.9 0.6t-1.2 1.5q-0.2 0.5-0.2 1.4v9.9h-5.9q0-7.1 0-11.6t0-5.3l0-0.9h5.9v2.6h0q0.4-0.6 0.7-1t1-0.9 1.6-0.8 2-0.3q3 0 4.9 2t1.9 6z\"\/><\/svg><\/span><\/a><\/li><li class=\"shariff-button printer shariff-nocustomcolor\" style=\"background-color:#a8a8a8;border-radius:1%\"><a href=\"javascript:window.print()\" title=\"drucken\" aria-label=\"drucken\" role=\"button\" rel=\"noopener nofollow\" class=\"shariff-link\" style=\";border-radius:1%; background-color:#999; color:#fff\"><span class=\"shariff-icon\" style=\"\"><svg width=\"32px\" height=\"20px\" xmlns=\"http:\/\/www.w3.org\/2000\/svg\" viewBox=\"0 0 30 32\"><path fill=\"#999\" d=\"M6.8 27.4h16v-4.6h-16v4.6zM6.8 16h16v-6.8h-2.8q-0.7 0-1.2-0.5t-0.5-1.2v-2.8h-11.4v11.4zM27.4 17.2q0-0.5-0.3-0.8t-0.8-0.4-0.8 0.4-0.3 0.8 0.3 0.8 0.8 0.3 0.8-0.3 0.3-0.8zM29.7 17.2v7.4q0 0.2-0.2 0.4t-0.4 0.2h-4v2.8q0 0.7-0.5 1.2t-1.2 0.5h-17.2q-0.7 0-1.2-0.5t-0.5-1.2v-2.8h-4q-0.2 0-0.4-0.2t-0.2-0.4v-7.4q0-1.4 1-2.4t2.4-1h1.2v-9.7q0-0.7 0.5-1.2t1.2-0.5h12q0.7 0 1.6 0.4t1.3 0.8l2.7 2.7q0.5 0.5 0.9 1.4t0.4 1.6v4.6h1.1q1.4 0 2.4 1t1 2.4z\"\/><\/svg><\/span><\/a><\/li><li class=\"shariff-button mailto shariff-nocustomcolor\" style=\"background-color:#a8a8a8;border-radius:1%\"><a href=\"mailto:?body=https%3A%2F%2Fwww.sonnenseite.com%2Fde%2Fmobilitaet%2Feuropa-uebernimmt-fuehrung-bei-elektrofahrzeugen-und-ueberholt-china%2F&subject=Europa%20%C3%BCbernimmt%20F%C3%BChrung%20bei%20Elektrofahrzeugen%20und%20%C3%BCberholt%20China\" title=\"Per E-Mail versenden\" aria-label=\"Per E-Mail versenden\" role=\"button\" rel=\"noopener nofollow\" class=\"shariff-link\" style=\";border-radius:1%; background-color:#999; color:#fff\"><span class=\"shariff-icon\" style=\"\"><svg width=\"32px\" height=\"20px\" xmlns=\"http:\/\/www.w3.org\/2000\/svg\" viewBox=\"0 0 32 32\"><path fill=\"#999\" d=\"M32 12.7v14.2q0 1.2-0.8 2t-2 0.9h-26.3q-1.2 0-2-0.9t-0.8-2v-14.2q0.8 0.9 1.8 1.6 6.5 4.4 8.9 6.1 1 0.8 1.6 1.2t1.7 0.9 2 0.4h0.1q0.9 0 2-0.4t1.7-0.9 1.6-1.2q3-2.2 8.9-6.1 1-0.7 1.8-1.6zM32 7.4q0 1.4-0.9 2.7t-2.2 2.2q-6.7 4.7-8.4 5.8-0.2 0.1-0.7 0.5t-1 0.7-0.9 0.6-1.1 0.5-0.9 0.2h-0.1q-0.4 0-0.9-0.2t-1.1-0.5-0.9-0.6-1-0.7-0.7-0.5q-1.6-1.1-4.7-3.2t-3.6-2.6q-1.1-0.7-2.1-2t-1-2.5q0-1.4 0.7-2.3t2.1-0.9h26.3q1.2 0 2 0.8t0.9 2z\"\/><\/svg><\/span><\/a><\/li><\/ul><\/div>","protected":false},"excerpt":{"rendered":"<p>Fast 1,4 Millionen batterieelektrische Autos (BEV) und Plug-in-Hybride (PHEV) wurden 2020 in Europa zugelassen, so die [&hellip;]<\/p>\n","protected":false},"author":3,"featured_media":67949,"comment_status":"closed","ping_status":"closed","sticky":false,"template":"","format":"standard","meta":{"inline_featured_image":false,"footnotes":""},"categories":[25],"tags":[],"class_list":["post-67933","post","type-post","status-publish","format-standard","has-post-thumbnail","hentry","category-mobilitaet"],"yoast_head":"<!-- This site is optimized with the Yoast SEO plugin v26.5 - https:\/\/yoast.com\/wordpress\/plugins\/seo\/ -->\n<title>Europa \u00fcbernimmt F\u00fchrung bei Elektrofahrzeugen und \u00fcberholt China - Sonnenseite - \u00d6kologische Kommunikation mit Franz Alt<\/title>\n<meta name=\"description\" content=\"Fast 1,4 Millionen batterieelektrische Autos (BEV) und Plug-in-Hybride (PHEV) wurden 2020 in Europa zugelassen, so die neuesten Zahlen von EV-Volumes, der\" \/>\n<meta name=\"robots\" content=\"index, follow, max-snippet:-1, max-image-preview:large, max-video-preview:-1\" \/>\n<link rel=\"canonical\" href=\"https:\/\/www.sonnenseite.com\/de\/mobilitaet\/europa-uebernimmt-fuehrung-bei-elektrofahrzeugen-und-ueberholt-china\/\" \/>\n<meta property=\"og:locale\" content=\"de_DE\" \/>\n<meta property=\"og:type\" content=\"article\" \/>\n<meta property=\"og:title\" content=\"Europa \u00fcbernimmt F\u00fchrung bei Elektrofahrzeugen und \u00fcberholt China - Sonnenseite - \u00d6kologische Kommunikation mit Franz Alt\" \/>\n<meta property=\"og:description\" content=\"Fast 1,4 Millionen batterieelektrische Autos (BEV) und Plug-in-Hybride (PHEV) wurden 2020 in Europa zugelassen, so die neuesten Zahlen von EV-Volumes, der\" \/>\n<meta property=\"og:url\" content=\"https:\/\/www.sonnenseite.com\/de\/mobilitaet\/europa-uebernimmt-fuehrung-bei-elektrofahrzeugen-und-ueberholt-china\/\" \/>\n<meta property=\"og:site_name\" content=\"Sonnenseite\" \/>\n<meta property=\"article:publisher\" content=\"https:\/\/www.facebook.com\/pages\/Franz-Alt-SONNENSEITECOM\/221072987903953?fref=ts\" \/>\n<meta property=\"article:published_time\" content=\"2021-02-06T08:49:46+00:00\" \/>\n<meta property=\"article:modified_time\" content=\"2021-02-13T08:29:05+00:00\" \/>\n<meta property=\"og:image\" content=\"https:\/\/www.sonnenseite.com\/wp-content\/uploads\/2021\/02\/E-Auto_laden1_lukassek.jpg\" \/>\n\t<meta property=\"og:image:width\" content=\"770\" \/>\n\t<meta property=\"og:image:height\" content=\"420\" \/>\n\t<meta property=\"og:image:type\" content=\"image\/jpeg\" \/>\n<meta name=\"author\" content=\"Bigi Alt\" \/>\n<meta name=\"twitter:card\" content=\"summary_large_image\" \/>\n<meta name=\"twitter:creator\" content=\"@franzalt\" \/>\n<meta name=\"twitter:site\" content=\"@franzalt\" \/>\n<meta name=\"twitter:label1\" content=\"Verfasst von\" \/>\n\t<meta name=\"twitter:data1\" content=\"Bigi Alt\" \/>\n\t<meta name=\"twitter:label2\" content=\"Gesch\u00e4tzte Lesezeit\" \/>\n\t<meta name=\"twitter:data2\" content=\"3\u00a0Minuten\" \/>\n<script type=\"application\/ld+json\" class=\"yoast-schema-graph\">{\"@context\":\"https:\/\/schema.org\",\"@graph\":[{\"@type\":\"Article\",\"@id\":\"https:\/\/www.sonnenseite.com\/de\/mobilitaet\/europa-uebernimmt-fuehrung-bei-elektrofahrzeugen-und-ueberholt-china\/#article\",\"isPartOf\":{\"@id\":\"https:\/\/www.sonnenseite.com\/de\/mobilitaet\/europa-uebernimmt-fuehrung-bei-elektrofahrzeugen-und-ueberholt-china\/\"},\"author\":{\"name\":\"Bigi Alt\",\"@id\":\"https:\/\/www.sonnenseite.com\/de\/#\/schema\/person\/50fda0e926597684c7cc6695238a4eb9\"},\"headline\":\"Europa \u00fcbernimmt F\u00fchrung bei Elektrofahrzeugen und \u00fcberholt China\",\"datePublished\":\"2021-02-06T08:49:46+00:00\",\"dateModified\":\"2021-02-13T08:29:05+00:00\",\"mainEntityOfPage\":{\"@id\":\"https:\/\/www.sonnenseite.com\/de\/mobilitaet\/europa-uebernimmt-fuehrung-bei-elektrofahrzeugen-und-ueberholt-china\/\"},\"wordCount\":473,\"publisher\":{\"@id\":\"https:\/\/www.sonnenseite.com\/de\/#organization\"},\"image\":{\"@id\":\"https:\/\/www.sonnenseite.com\/de\/mobilitaet\/europa-uebernimmt-fuehrung-bei-elektrofahrzeugen-und-ueberholt-china\/#primaryimage\"},\"thumbnailUrl\":\"https:\/\/www.sonnenseite.com\/wp-content\/uploads\/2021\/02\/E-Auto_laden1_lukassek.jpg\",\"articleSection\":[\"Mobilit\u00e4t\"],\"inLanguage\":\"de\"},{\"@type\":\"WebPage\",\"@id\":\"https:\/\/www.sonnenseite.com\/de\/mobilitaet\/europa-uebernimmt-fuehrung-bei-elektrofahrzeugen-und-ueberholt-china\/\",\"url\":\"https:\/\/www.sonnenseite.com\/de\/mobilitaet\/europa-uebernimmt-fuehrung-bei-elektrofahrzeugen-und-ueberholt-china\/\",\"name\":\"Europa \u00fcbernimmt F\u00fchrung bei Elektrofahrzeugen und \u00fcberholt China - Sonnenseite - \u00d6kologische Kommunikation mit Franz Alt\",\"isPartOf\":{\"@id\":\"https:\/\/www.sonnenseite.com\/de\/#website\"},\"primaryImageOfPage\":{\"@id\":\"https:\/\/www.sonnenseite.com\/de\/mobilitaet\/europa-uebernimmt-fuehrung-bei-elektrofahrzeugen-und-ueberholt-china\/#primaryimage\"},\"image\":{\"@id\":\"https:\/\/www.sonnenseite.com\/de\/mobilitaet\/europa-uebernimmt-fuehrung-bei-elektrofahrzeugen-und-ueberholt-china\/#primaryimage\"},\"thumbnailUrl\":\"https:\/\/www.sonnenseite.com\/wp-content\/uploads\/2021\/02\/E-Auto_laden1_lukassek.jpg\",\"datePublished\":\"2021-02-06T08:49:46+00:00\",\"dateModified\":\"2021-02-13T08:29:05+00:00\",\"description\":\"Fast 1,4 Millionen batterieelektrische Autos (BEV) und Plug-in-Hybride (PHEV) wurden 2020 in Europa zugelassen, so die neuesten Zahlen von EV-Volumes, der\",\"breadcrumb\":{\"@id\":\"https:\/\/www.sonnenseite.com\/de\/mobilitaet\/europa-uebernimmt-fuehrung-bei-elektrofahrzeugen-und-ueberholt-china\/#breadcrumb\"},\"inLanguage\":\"de\",\"potentialAction\":[{\"@type\":\"ReadAction\",\"target\":[\"https:\/\/www.sonnenseite.com\/de\/mobilitaet\/europa-uebernimmt-fuehrung-bei-elektrofahrzeugen-und-ueberholt-china\/\"]}]},{\"@type\":\"ImageObject\",\"inLanguage\":\"de\",\"@id\":\"https:\/\/www.sonnenseite.com\/de\/mobilitaet\/europa-uebernimmt-fuehrung-bei-elektrofahrzeugen-und-ueberholt-china\/#primaryimage\",\"url\":\"https:\/\/www.sonnenseite.com\/wp-content\/uploads\/2021\/02\/E-Auto_laden1_lukassek.jpg\",\"contentUrl\":\"https:\/\/www.sonnenseite.com\/wp-content\/uploads\/2021\/02\/E-Auto_laden1_lukassek.jpg\",\"width\":770,\"height\":420,\"caption\":\"Clipdealer.com | lukassek |\"},{\"@type\":\"BreadcrumbList\",\"@id\":\"https:\/\/www.sonnenseite.com\/de\/mobilitaet\/europa-uebernimmt-fuehrung-bei-elektrofahrzeugen-und-ueberholt-china\/#breadcrumb\",\"itemListElement\":[{\"@type\":\"ListItem\",\"position\":1,\"name\":\"Startseite\",\"item\":\"https:\/\/www.sonnenseite.com\/de\/\"},{\"@type\":\"ListItem\",\"position\":2,\"name\":\"Europa \u00fcbernimmt F\u00fchrung bei Elektrofahrzeugen und \u00fcberholt China\"}]},{\"@type\":\"WebSite\",\"@id\":\"https:\/\/www.sonnenseite.com\/de\/#website\",\"url\":\"https:\/\/www.sonnenseite.com\/de\/\",\"name\":\"Sonnenseite\",\"description\":\"\u00d6kologische Kommunikation mit Franz Alt\",\"publisher\":{\"@id\":\"https:\/\/www.sonnenseite.com\/de\/#organization\"},\"potentialAction\":[{\"@type\":\"SearchAction\",\"target\":{\"@type\":\"EntryPoint\",\"urlTemplate\":\"https:\/\/www.sonnenseite.com\/de\/?s={search_term_string}\"},\"query-input\":{\"@type\":\"PropertyValueSpecification\",\"valueRequired\":true,\"valueName\":\"search_term_string\"}}],\"inLanguage\":\"de\"},{\"@type\":\"Organization\",\"@id\":\"https:\/\/www.sonnenseite.com\/de\/#organization\",\"name\":\"Sonnenseite\",\"url\":\"https:\/\/www.sonnenseite.com\/de\/\",\"logo\":{\"@type\":\"ImageObject\",\"inLanguage\":\"de\",\"@id\":\"https:\/\/www.sonnenseite.com\/de\/#\/schema\/logo\/image\/\",\"url\":\"https:\/\/www.sonnenseite.com\/wp-content\/uploads\/2020\/05\/Sonnenseite_Logo.png\",\"contentUrl\":\"https:\/\/www.sonnenseite.com\/wp-content\/uploads\/2020\/05\/Sonnenseite_Logo.png\",\"width\":377,\"height\":90,\"caption\":\"Sonnenseite\"},\"image\":{\"@id\":\"https:\/\/www.sonnenseite.com\/de\/#\/schema\/logo\/image\/\"},\"sameAs\":[\"https:\/\/www.facebook.com\/pages\/Franz-Alt-SONNENSEITECOM\/221072987903953?fref=ts\",\"https:\/\/x.com\/franzalt\",\"http:\/\/www.youtube.com\/results?search_query&amp;amp;quot;franz_alt&amp;amp;quot;&amp;amp;amp;amp;search_type&amp;amp;amp;amp;aq=f\"]},{\"@type\":\"Person\",\"@id\":\"https:\/\/www.sonnenseite.com\/de\/#\/schema\/person\/50fda0e926597684c7cc6695238a4eb9\",\"name\":\"Bigi Alt\"}]}<\/script>\n<!-- \/ Yoast SEO plugin. -->","yoast_head_json":{"title":"Europa \u00fcbernimmt F\u00fchrung bei Elektrofahrzeugen und \u00fcberholt China - Sonnenseite - \u00d6kologische Kommunikation mit Franz Alt","description":"Fast 1,4 Millionen batterieelektrische Autos (BEV) und Plug-in-Hybride (PHEV) wurden 2020 in Europa zugelassen, so die neuesten Zahlen von EV-Volumes, der","robots":{"index":"index","follow":"follow","max-snippet":"max-snippet:-1","max-image-preview":"max-image-preview:large","max-video-preview":"max-video-preview:-1"},"canonical":"https:\/\/www.sonnenseite.com\/de\/mobilitaet\/europa-uebernimmt-fuehrung-bei-elektrofahrzeugen-und-ueberholt-china\/","og_locale":"de_DE","og_type":"article","og_title":"Europa \u00fcbernimmt F\u00fchrung bei Elektrofahrzeugen und \u00fcberholt China - Sonnenseite - \u00d6kologische Kommunikation mit Franz Alt","og_description":"Fast 1,4 Millionen batterieelektrische Autos (BEV) und Plug-in-Hybride (PHEV) wurden 2020 in Europa zugelassen, so die neuesten Zahlen von EV-Volumes, der","og_url":"https:\/\/www.sonnenseite.com\/de\/mobilitaet\/europa-uebernimmt-fuehrung-bei-elektrofahrzeugen-und-ueberholt-china\/","og_site_name":"Sonnenseite","article_publisher":"https:\/\/www.facebook.com\/pages\/Franz-Alt-SONNENSEITECOM\/221072987903953?fref=ts","article_published_time":"2021-02-06T08:49:46+00:00","article_modified_time":"2021-02-13T08:29:05+00:00","og_image":[{"width":770,"height":420,"url":"https:\/\/www.sonnenseite.com\/wp-content\/uploads\/2021\/02\/E-Auto_laden1_lukassek.jpg","type":"image\/jpeg"}],"author":"Bigi Alt","twitter_card":"summary_large_image","twitter_creator":"@franzalt","twitter_site":"@franzalt","twitter_misc":{"Verfasst von":"Bigi Alt","Gesch\u00e4tzte Lesezeit":"3\u00a0Minuten"},"schema":{"@context":"https:\/\/schema.org","@graph":[{"@type":"Article","@id":"https:\/\/www.sonnenseite.com\/de\/mobilitaet\/europa-uebernimmt-fuehrung-bei-elektrofahrzeugen-und-ueberholt-china\/#article","isPartOf":{"@id":"https:\/\/www.sonnenseite.com\/de\/mobilitaet\/europa-uebernimmt-fuehrung-bei-elektrofahrzeugen-und-ueberholt-china\/"},"author":{"name":"Bigi Alt","@id":"https:\/\/www.sonnenseite.com\/de\/#\/schema\/person\/50fda0e926597684c7cc6695238a4eb9"},"headline":"Europa \u00fcbernimmt F\u00fchrung bei Elektrofahrzeugen und \u00fcberholt China","datePublished":"2021-02-06T08:49:46+00:00","dateModified":"2021-02-13T08:29:05+00:00","mainEntityOfPage":{"@id":"https:\/\/www.sonnenseite.com\/de\/mobilitaet\/europa-uebernimmt-fuehrung-bei-elektrofahrzeugen-und-ueberholt-china\/"},"wordCount":473,"publisher":{"@id":"https:\/\/www.sonnenseite.com\/de\/#organization"},"image":{"@id":"https:\/\/www.sonnenseite.com\/de\/mobilitaet\/europa-uebernimmt-fuehrung-bei-elektrofahrzeugen-und-ueberholt-china\/#primaryimage"},"thumbnailUrl":"https:\/\/www.sonnenseite.com\/wp-content\/uploads\/2021\/02\/E-Auto_laden1_lukassek.jpg","articleSection":["Mobilit\u00e4t"],"inLanguage":"de"},{"@type":"WebPage","@id":"https:\/\/www.sonnenseite.com\/de\/mobilitaet\/europa-uebernimmt-fuehrung-bei-elektrofahrzeugen-und-ueberholt-china\/","url":"https:\/\/www.sonnenseite.com\/de\/mobilitaet\/europa-uebernimmt-fuehrung-bei-elektrofahrzeugen-und-ueberholt-china\/","name":"Europa \u00fcbernimmt F\u00fchrung bei Elektrofahrzeugen und \u00fcberholt China - Sonnenseite - \u00d6kologische Kommunikation mit Franz Alt","isPartOf":{"@id":"https:\/\/www.sonnenseite.com\/de\/#website"},"primaryImageOfPage":{"@id":"https:\/\/www.sonnenseite.com\/de\/mobilitaet\/europa-uebernimmt-fuehrung-bei-elektrofahrzeugen-und-ueberholt-china\/#primaryimage"},"image":{"@id":"https:\/\/www.sonnenseite.com\/de\/mobilitaet\/europa-uebernimmt-fuehrung-bei-elektrofahrzeugen-und-ueberholt-china\/#primaryimage"},"thumbnailUrl":"https:\/\/www.sonnenseite.com\/wp-content\/uploads\/2021\/02\/E-Auto_laden1_lukassek.jpg","datePublished":"2021-02-06T08:49:46+00:00","dateModified":"2021-02-13T08:29:05+00:00","description":"Fast 1,4 Millionen batterieelektrische Autos (BEV) und Plug-in-Hybride (PHEV) wurden 2020 in Europa zugelassen, so die neuesten Zahlen von EV-Volumes, der","breadcrumb":{"@id":"https:\/\/www.sonnenseite.com\/de\/mobilitaet\/europa-uebernimmt-fuehrung-bei-elektrofahrzeugen-und-ueberholt-china\/#breadcrumb"},"inLanguage":"de","potentialAction":[{"@type":"ReadAction","target":["https:\/\/www.sonnenseite.com\/de\/mobilitaet\/europa-uebernimmt-fuehrung-bei-elektrofahrzeugen-und-ueberholt-china\/"]}]},{"@type":"ImageObject","inLanguage":"de","@id":"https:\/\/www.sonnenseite.com\/de\/mobilitaet\/europa-uebernimmt-fuehrung-bei-elektrofahrzeugen-und-ueberholt-china\/#primaryimage","url":"https:\/\/www.sonnenseite.com\/wp-content\/uploads\/2021\/02\/E-Auto_laden1_lukassek.jpg","contentUrl":"https:\/\/www.sonnenseite.com\/wp-content\/uploads\/2021\/02\/E-Auto_laden1_lukassek.jpg","width":770,"height":420,"caption":"Clipdealer.com | lukassek |"},{"@type":"BreadcrumbList","@id":"https:\/\/www.sonnenseite.com\/de\/mobilitaet\/europa-uebernimmt-fuehrung-bei-elektrofahrzeugen-und-ueberholt-china\/#breadcrumb","itemListElement":[{"@type":"ListItem","position":1,"name":"Startseite","item":"https:\/\/www.sonnenseite.com\/de\/"},{"@type":"ListItem","position":2,"name":"Europa \u00fcbernimmt F\u00fchrung bei Elektrofahrzeugen und \u00fcberholt China"}]},{"@type":"WebSite","@id":"https:\/\/www.sonnenseite.com\/de\/#website","url":"https:\/\/www.sonnenseite.com\/de\/","name":"Sonnenseite","description":"\u00d6kologische Kommunikation mit Franz Alt","publisher":{"@id":"https:\/\/www.sonnenseite.com\/de\/#organization"},"potentialAction":[{"@type":"SearchAction","target":{"@type":"EntryPoint","urlTemplate":"https:\/\/www.sonnenseite.com\/de\/?s={search_term_string}"},"query-input":{"@type":"PropertyValueSpecification","valueRequired":true,"valueName":"search_term_string"}}],"inLanguage":"de"},{"@type":"Organization","@id":"https:\/\/www.sonnenseite.com\/de\/#organization","name":"Sonnenseite","url":"https:\/\/www.sonnenseite.com\/de\/","logo":{"@type":"ImageObject","inLanguage":"de","@id":"https:\/\/www.sonnenseite.com\/de\/#\/schema\/logo\/image\/","url":"https:\/\/www.sonnenseite.com\/wp-content\/uploads\/2020\/05\/Sonnenseite_Logo.png","contentUrl":"https:\/\/www.sonnenseite.com\/wp-content\/uploads\/2020\/05\/Sonnenseite_Logo.png","width":377,"height":90,"caption":"Sonnenseite"},"image":{"@id":"https:\/\/www.sonnenseite.com\/de\/#\/schema\/logo\/image\/"},"sameAs":["https:\/\/www.facebook.com\/pages\/Franz-Alt-SONNENSEITECOM\/221072987903953?fref=ts","https:\/\/x.com\/franzalt","http:\/\/www.youtube.com\/results?search_query&amp;amp;quot;franz_alt&amp;amp;quot;&amp;amp;amp;amp;search_type&amp;amp;amp;amp;aq=f"]},{"@type":"Person","@id":"https:\/\/www.sonnenseite.com\/de\/#\/schema\/person\/50fda0e926597684c7cc6695238a4eb9","name":"Bigi Alt"}]}},"_links":{"self":[{"href":"https:\/\/www.sonnenseite.com\/de\/wp-json\/wp\/v2\/posts\/67933","targetHints":{"allow":["GET"]}}],"collection":[{"href":"https:\/\/www.sonnenseite.com\/de\/wp-json\/wp\/v2\/posts"}],"about":[{"href":"https:\/\/www.sonnenseite.com\/de\/wp-json\/wp\/v2\/types\/post"}],"author":[{"embeddable":true,"href":"https:\/\/www.sonnenseite.com\/de\/wp-json\/wp\/v2\/users\/3"}],"replies":[{"embeddable":true,"href":"https:\/\/www.sonnenseite.com\/de\/wp-json\/wp\/v2\/comments?post=67933"}],"version-history":[{"count":11,"href":"https:\/\/www.sonnenseite.com\/de\/wp-json\/wp\/v2\/posts\/67933\/revisions"}],"predecessor-version":[{"id":67948,"href":"https:\/\/www.sonnenseite.com\/de\/wp-json\/wp\/v2\/posts\/67933\/revisions\/67948"}],"wp:featuredmedia":[{"embeddable":true,"href":"https:\/\/www.sonnenseite.com\/de\/wp-json\/wp\/v2\/media\/67949"}],"wp:attachment":[{"href":"https:\/\/www.sonnenseite.com\/de\/wp-json\/wp\/v2\/media?parent=67933"}],"wp:term":[{"taxonomy":"category","embeddable":true,"href":"https:\/\/www.sonnenseite.com\/de\/wp-json\/wp\/v2\/categories?post=67933"},{"taxonomy":"post_tag","embeddable":true,"href":"https:\/\/www.sonnenseite.com\/de\/wp-json\/wp\/v2\/tags?post=67933"}],"curies":[{"name":"wp","href":"https:\/\/api.w.org\/{rel}","templated":true}]}}