{"id":67951,"date":"2021-02-06T14:06:46","date_gmt":"2021-02-06T13:06:46","guid":{"rendered":"https:\/\/www.sonnenseite.com\/?p=67951"},"modified":"2021-02-21T09:36:40","modified_gmt":"2021-02-21T08:36:40","slug":"eigene-stromproduktion-wichtig-und-preiswert","status":"publish","type":"post","link":"https:\/\/www.sonnenseite.com\/de\/franz-alt\/kommentare-interviews\/eigene-stromproduktion-wichtig-und-preiswert\/","title":{"rendered":"Eigene Stromproduktion: wichtig und preiswert"},"content":{"rendered":"\n<p>Eines der Hauptargumente gegen Solarenergie lautet noch immer: \u201eJa, was machen wir, wenn nachts die Sonne nicht scheint, woher soll dann unsere Energie kommen?\u201c <\/p>\n\n\n\n<p>Bitte, liebe Leserin und lieber Leser: Seien Sie wegen der Speicher unbesorgt. Wir k\u00f6nnen speichern. In den letzten Jahren haben die Speichertechnologien solche Fortschritte gemacht \u2013 auch bei den Kosten \u2013 wie die Fotovoltaik 15 Jahre zuvor. Schon im Jahr 2019 haben die deutschen Solarfreunde Speichertechnologien im Wert von sechs Milliarden Euro gekauft. Und nun kommt das Elektroauto in raschen Schritten, dessen Batterie uns nachts als Stromspeicher dienen kann. Mit Hilfe der Digitalisierung k\u00f6nnen wir k\u00fcnftig hunderttausend E-Autos zusammenschlie\u00dfen und damit nachts ein altes Kraftwerk ersetzen.<\/p>\n\n\n\n<h5 class=\"wp-block-heading\">Mit Solar und Stromspeicher Ressourcen schonen<\/h5>\n\n\n\n<div class=\"wp-block-image\"><figure class=\"alignright size-large is-resized\"><img loading=\"lazy\" decoding=\"async\" src=\"https:\/\/www.sonnenseite.com\/wp-content\/uploads\/2021\/02\/Joachim-W-EkruttDie-Sonne01.jpg\" alt=\"\" class=\"wp-image-67954\" width=\"177\" height=\"243\" srcset=\"https:\/\/www.sonnenseite.com\/wp-content\/uploads\/2021\/02\/Joachim-W-EkruttDie-Sonne01.jpg 394w, https:\/\/www.sonnenseite.com\/wp-content\/uploads\/2021\/02\/Joachim-W-EkruttDie-Sonne01-218x300.jpg 218w\" sizes=\"auto, (max-width: 177px) 100vw, 177px\" \/><figcaption>\u00a9 GEO<\/figcaption><\/figure><\/div>\n\n\n\n<p>Wer sein E-Auto und seine Solaranlage kombiniert, profitiert gleich doppelt: Die Solaranlage ist die Tankstelle f\u00fcr das E-Auto und das E-Auto ist der Speicher f\u00fcr die Solaranlage: Eigene Sonne. Hinzu kommt: Von den sechs gro\u00dfen erneuerbaren Energietr\u00e4gern sind vier von Natur aus speicherbar: Wasserkraft, Erdw\u00e4rme, Bioenergie sowie Wellen- und Meeresenergie. F\u00fcr Sonne und Wind brauchen wir technische Speicher und diese haben wir.<\/p>\n\n\n\n<p>Die Probleme mit der Sonnenenergie scheinen zun\u00e4chst kaum glaubhaft, denn unser Zentralgestirn schenkt uns ja j\u00e4hrlich unglaubliche 1.5 Trillionen Kilowattstunden&nbsp; auf die Erde. Das sind \u2013 so hat es <a href=\"https:\/\/www.amazon.de\/gp\/product\/3570017206\/ref=as_li_tl?ie=UTF8&amp;camp=1638&amp;creative=6742&amp;creativeASIN=3570017206&amp;linkCode=as2&amp;tag=altini1938-21&amp;linkId=0d0ba123d6eaf16f7622d5c32a5fd581\">Joachim W. Ekrutt in seinem Buch \u201eDie Sonne \u2013 Die Erforschung des kosmischen Feuers\u201c <\/a>errechnet \u2013 \u201eso viel wie nach dem jetzigen Verbrauch die gesamte Menschheit in 19.000 Jahren ben\u00f6tigt. Sonnenenergie ist genug da, doch man muss sie erst einmal abernten \u2013 in technisch und wirtschaftlich machbarer Weise\u201c.<\/p>\n\n\n\n<h5 class=\"wp-block-heading\">Solarstrom ist Sozialstrom<\/h5>\n\n\n\n<p>Diese Zeilen von Joachim W. Ekrutt  wurden 1981 publiziert \u2013 noch am Anfang der modernen Sonnenenergieforschung. Doch heute sind\u00a0 Sonnenforscher wie der renommierte Eicke Weber &#8211; viele Jahre Direktor des Fraunhofer-Instituts f\u00fcr Solare Energiesysteme in Freiburg &#8211; so optimistisch, dass sie davon ausgehen, dass die ganze Welt bis 2035 komplett mit Sonne, Wind, Bioenergie, Wasserkraft und Geothermie \u2013 das sind ja alles solare Energiequellen \u2013 versorgt werden kann. Die meisten Solarforscher rechnen damit, dass dieses Ziel bis sp\u00e4testens 2050 erreichbar ist. Doch die Erfahrung lehrt: Es ging in den letzten Jahrzehnten immer schneller als von vorsichtigen Wissenschaftlern vermutet.<\/p>\n\n\n\n<p>Es ist keine Prophetie, wenn man davon ausgeht, dass die technologischen Fortschritte der n\u00e4chsten zehn Jahre gr\u00f6\u00dfer sein werden als in den letzten 100 Jahren.<\/p>\n\n\n\n<h5 class=\"wp-block-heading\">Ohne Sonne kein Leben<\/h5>\n\n\n\n<div class=\"wp-block-image\"><figure class=\"alignright size-large is-resized\"><img loading=\"lazy\" decoding=\"async\" src=\"https:\/\/www.sonnenseite.com\/wp-content\/uploads\/2021\/02\/FredHoyle_schwarzeWolke.jpg\" alt=\"\" class=\"wp-image-67958\" width=\"175\" height=\"255\" srcset=\"https:\/\/www.sonnenseite.com\/wp-content\/uploads\/2021\/02\/FredHoyle_schwarzeWolke.jpg 342w, https:\/\/www.sonnenseite.com\/wp-content\/uploads\/2021\/02\/FredHoyle_schwarzeWolke-206x300.jpg 206w\" sizes=\"auto, (max-width: 175px) 100vw, 175px\" \/><figcaption>\u00a9 Ullstein Verlag<\/figcaption><\/figure><\/div>\n\n\n\n<p>Wenn die Sonne nur drei Wochen nicht schiene, w\u00e4re alles Leben tot. Es g\u00e4be keine Tiere mehr, keine Menschen, keine B\u00e4ume und keine Pflanzen. Nach drei Wochen ohne Sonne h\u00e4tten wir auf der Erde eine Temperatur von minus 170 Grad und alles Leben w\u00e4re den K\u00e4ltetod gestorben.<\/p>\n\n\n\n<p>Der britische Astrophysiker und Autor <a href=\"https:\/\/www.amazon.de\/gp\/product\/3548033555\/ref=as_li_tl?ie=UTF8&amp;camp=1638&amp;creative=6742&amp;creativeASIN=3548033555&amp;linkCode=as2&amp;tag=altini1938-21&amp;linkId=e6a29f8008fc4f07cc0f941f6acf33f5\">Fred Hoyle hat in seinem Science-Fiction-Roman \u201eDie schwarze Wolke\u201c<\/a> die Sonne nur drei Tage verschwinden lassen. Diese drei Tage reichten aus, um die Menschheit an den Rand des Untergangs zu bringen. Die Wissenschaftler st\u00fcnden vor einem R\u00e4tsel, die Temperaturen fallen rapid, der Stromverbrauch klettert deshalb rasch \u00fcber seine Leistungsgrenze, die Stromnetze fallen aus und damit auch die Nachrichtenverbindungen in aller Welt. Kein Mensch wei\u00df mehr, was wirklich geschieht. Chaos und Ende der menschlichen Zivilisation. Totenstille auf der Welt. Der K\u00e4ltetod hatte die Erde \u00fcberfallen.<\/p>\n\n\n\n<h5 class=\"wp-block-heading\">Doch keine Angst<\/h5>\n\n\n\n<p>Die Sonne, die uns die lebensspende W\u00e4rme liefert, ist f\u00fcnf Milliarden Jahre alt und scheint noch circa 4.5 Milliarden Jahre. Das ist doch&nbsp; mal eine erfreuliche Perspektive oder? Hingegen sind unsere klassischen Energiequellen Kohle, Erd\u00f6l, Erdgas, aber auch Uran, in wenigen Jahrzehnten aufgebraucht. Ich erwarte nicht, dass die alten Energiekonzerne sehr schnell aus Sorge um das Weltklima aus der Kohle aussteigen, aber ich bin davon \u00fcberzeugt, dass die Kohlekraftwerke sehr bald Investitionsruinen sind. Denn nicht subventionierte Solaranlagen sind schon heute preisg\u00fcnstiger als hoch subventionierte Kohlekraft. Solarstrom ist Sozialstrom.<\/p>\n\n\n\n<p><strong>Das hei\u00dft: <\/strong>Nicht nur aus \u00f6kologischen, sondern haupts\u00e4chlich aus \u00f6konomischen Gr\u00fcnden werden die Energiewende und das Solarzeitalter schneller Realit\u00e4t als wir uns das heute vorstellen.<\/p>\n\n\n<h5 class=\"green\">Quelle<\/h5>\r\n\n\n\n<p><a href=\"franz_alt@web.de\">Franz Alt 2021<\/a><\/p>\n<div class=\"shariff shariff-align-flex-start shariff-widget-align-flex-start\"><div class=\"ShariffHeadline\">Diese Meldung teilen<\/div><ul class=\"shariff-buttons theme-round orientation-horizontal buttonsize-medium\"><li class=\"shariff-button facebook shariff-nocustomcolor\" style=\"background-color:#4273c8;border-radius:1%\"><a href=\"https:\/\/www.facebook.com\/sharer\/sharer.php?u=https%3A%2F%2Fwww.sonnenseite.com%2Fde%2Ffranz-alt%2Fkommentare-interviews%2Feigene-stromproduktion-wichtig-und-preiswert%2F\" title=\"Bei Facebook teilen\" aria-label=\"Bei Facebook teilen\" role=\"button\" rel=\"nofollow\" class=\"shariff-link\" style=\";border-radius:1%; background-color:#3b5998; color:#fff\" target=\"_blank\"><span class=\"shariff-icon\" style=\"\"><svg width=\"32px\" height=\"20px\" xmlns=\"http:\/\/www.w3.org\/2000\/svg\" viewBox=\"0 0 18 32\"><path fill=\"#3b5998\" d=\"M17.1 0.2v4.7h-2.8q-1.5 0-2.1 0.6t-0.5 1.9v3.4h5.2l-0.7 5.3h-4.5v13.6h-5.5v-13.6h-4.5v-5.3h4.5v-3.9q0-3.3 1.9-5.2t5-1.8q2.6 0 4.1 0.2z\"\/><\/svg><\/span><\/a><\/li><li class=\"shariff-button twitter shariff-nocustomcolor\" style=\"background-color:#595959;border-radius:1%\"><a href=\"https:\/\/twitter.com\/share?url=https%3A%2F%2Fwww.sonnenseite.com%2Fde%2Ffranz-alt%2Fkommentare-interviews%2Feigene-stromproduktion-wichtig-und-preiswert%2F&text=Eigene%20Stromproduktion%3A%20wichtig%20und%20preiswert\" title=\"Bei X teilen\" aria-label=\"Bei X teilen\" role=\"button\" rel=\"noopener nofollow\" class=\"shariff-link\" style=\";border-radius:1%; background-color:#000; color:#fff\" target=\"_blank\"><span class=\"shariff-icon\" style=\"\"><svg width=\"32px\" height=\"20px\" xmlns=\"http:\/\/www.w3.org\/2000\/svg\" viewBox=\"0 0 24 24\"><path fill=\"#000\" d=\"M14.258 10.152L23.176 0h-2.113l-7.747 8.813L7.133 0H0l9.352 13.328L0 23.973h2.113l8.176-9.309 6.531 9.309h7.133zm-2.895 3.293l-.949-1.328L2.875 1.56h3.246l6.086 8.523.945 1.328 7.91 11.078h-3.246zm0 0\"\/><\/svg><\/span><\/a><\/li><li class=\"shariff-button xing shariff-nocustomcolor\" style=\"background-color:#29888a;border-radius:1%\"><a href=\"https:\/\/www.xing.com\/spi\/shares\/new?url=https%3A%2F%2Fwww.sonnenseite.com%2Fde%2Ffranz-alt%2Fkommentare-interviews%2Feigene-stromproduktion-wichtig-und-preiswert%2F\" title=\"Bei XING teilen\" aria-label=\"Bei XING teilen\" role=\"button\" rel=\"noopener nofollow\" class=\"shariff-link\" style=\";border-radius:1%; background-color:#126567; color:#fff\" target=\"_blank\"><span class=\"shariff-icon\" style=\"\"><svg width=\"32px\" height=\"20px\" xmlns=\"http:\/\/www.w3.org\/2000\/svg\" viewBox=\"0 0 25 32\"><path fill=\"#126567\" d=\"M10.7 11.9q-0.2 0.3-4.6 8.2-0.5 0.8-1.2 0.8h-4.3q-0.4 0-0.5-0.3t0-0.6l4.5-8q0 0 0 0l-2.9-5q-0.2-0.4 0-0.7 0.2-0.3 0.5-0.3h4.3q0.7 0 1.2 0.8zM25.1 0.4q0.2 0.3 0 0.7l-9.4 16.7 6 11q0.2 0.4 0 0.6-0.2 0.3-0.6 0.3h-4.3q-0.7 0-1.2-0.8l-6-11.1q0.3-0.6 9.5-16.8 0.4-0.8 1.2-0.8h4.3q0.4 0 0.5 0.3z\"\/><\/svg><\/span><\/a><\/li><li class=\"shariff-button linkedin shariff-nocustomcolor\" style=\"background-color:#1488bf;border-radius:1%\"><a href=\"https:\/\/www.linkedin.com\/sharing\/share-offsite\/?url=https%3A%2F%2Fwww.sonnenseite.com%2Fde%2Ffranz-alt%2Fkommentare-interviews%2Feigene-stromproduktion-wichtig-und-preiswert%2F\" title=\"Bei LinkedIn teilen\" aria-label=\"Bei LinkedIn teilen\" role=\"button\" rel=\"noopener nofollow\" class=\"shariff-link\" style=\";border-radius:1%; background-color:#0077b5; color:#fff\" target=\"_blank\"><span class=\"shariff-icon\" style=\"\"><svg width=\"32px\" height=\"20px\" xmlns=\"http:\/\/www.w3.org\/2000\/svg\" viewBox=\"0 0 27 32\"><path fill=\"#0077b5\" d=\"M6.2 11.2v17.7h-5.9v-17.7h5.9zM6.6 5.7q0 1.3-0.9 2.2t-2.4 0.9h0q-1.5 0-2.4-0.9t-0.9-2.2 0.9-2.2 2.4-0.9 2.4 0.9 0.9 2.2zM27.4 18.7v10.1h-5.9v-9.5q0-1.9-0.7-2.9t-2.3-1.1q-1.1 0-1.9 0.6t-1.2 1.5q-0.2 0.5-0.2 1.4v9.9h-5.9q0-7.1 0-11.6t0-5.3l0-0.9h5.9v2.6h0q0.4-0.6 0.7-1t1-0.9 1.6-0.8 2-0.3q3 0 4.9 2t1.9 6z\"\/><\/svg><\/span><\/a><\/li><li class=\"shariff-button printer shariff-nocustomcolor\" style=\"background-color:#a8a8a8;border-radius:1%\"><a href=\"javascript:window.print()\" title=\"drucken\" aria-label=\"drucken\" role=\"button\" rel=\"noopener nofollow\" class=\"shariff-link\" style=\";border-radius:1%; background-color:#999; color:#fff\"><span class=\"shariff-icon\" style=\"\"><svg width=\"32px\" height=\"20px\" xmlns=\"http:\/\/www.w3.org\/2000\/svg\" viewBox=\"0 0 30 32\"><path fill=\"#999\" d=\"M6.8 27.4h16v-4.6h-16v4.6zM6.8 16h16v-6.8h-2.8q-0.7 0-1.2-0.5t-0.5-1.2v-2.8h-11.4v11.4zM27.4 17.2q0-0.5-0.3-0.8t-0.8-0.4-0.8 0.4-0.3 0.8 0.3 0.8 0.8 0.3 0.8-0.3 0.3-0.8zM29.7 17.2v7.4q0 0.2-0.2 0.4t-0.4 0.2h-4v2.8q0 0.7-0.5 1.2t-1.2 0.5h-17.2q-0.7 0-1.2-0.5t-0.5-1.2v-2.8h-4q-0.2 0-0.4-0.2t-0.2-0.4v-7.4q0-1.4 1-2.4t2.4-1h1.2v-9.7q0-0.7 0.5-1.2t1.2-0.5h12q0.7 0 1.6 0.4t1.3 0.8l2.7 2.7q0.5 0.5 0.9 1.4t0.4 1.6v4.6h1.1q1.4 0 2.4 1t1 2.4z\"\/><\/svg><\/span><\/a><\/li><li class=\"shariff-button mailto shariff-nocustomcolor\" style=\"background-color:#a8a8a8;border-radius:1%\"><a href=\"mailto:?body=https%3A%2F%2Fwww.sonnenseite.com%2Fde%2Ffranz-alt%2Fkommentare-interviews%2Feigene-stromproduktion-wichtig-und-preiswert%2F&subject=Eigene%20Stromproduktion%3A%20wichtig%20und%20preiswert\" title=\"Per E-Mail versenden\" aria-label=\"Per E-Mail versenden\" role=\"button\" rel=\"noopener nofollow\" class=\"shariff-link\" style=\";border-radius:1%; background-color:#999; color:#fff\"><span class=\"shariff-icon\" style=\"\"><svg width=\"32px\" height=\"20px\" xmlns=\"http:\/\/www.w3.org\/2000\/svg\" viewBox=\"0 0 32 32\"><path fill=\"#999\" d=\"M32 12.7v14.2q0 1.2-0.8 2t-2 0.9h-26.3q-1.2 0-2-0.9t-0.8-2v-14.2q0.8 0.9 1.8 1.6 6.5 4.4 8.9 6.1 1 0.8 1.6 1.2t1.7 0.9 2 0.4h0.1q0.9 0 2-0.4t1.7-0.9 1.6-1.2q3-2.2 8.9-6.1 1-0.7 1.8-1.6zM32 7.4q0 1.4-0.9 2.7t-2.2 2.2q-6.7 4.7-8.4 5.8-0.2 0.1-0.7 0.5t-1 0.7-0.9 0.6-1.1 0.5-0.9 0.2h-0.1q-0.4 0-0.9-0.2t-1.1-0.5-0.9-0.6-1-0.7-0.7-0.5q-1.6-1.1-4.7-3.2t-3.6-2.6q-1.1-0.7-2.1-2t-1-2.5q0-1.4 0.7-2.3t2.1-0.9h26.3q1.2 0 2 0.8t0.9 2z\"\/><\/svg><\/span><\/a><\/li><\/ul><\/div>","protected":false},"excerpt":{"rendered":"<p>Eines der Hauptargumente gegen Solarenergie lautet noch immer: \u201eJa, was machen wir, wenn nachts die Sonne [&hellip;]<\/p>\n","protected":false},"author":3,"featured_media":8187,"comment_status":"closed","ping_status":"closed","sticky":false,"template":"","format":"standard","meta":{"inline_featured_image":false,"footnotes":""},"categories":[29],"tags":[],"class_list":["post-67951","post","type-post","status-publish","format-standard","has-post-thumbnail","hentry","category-kommentare-interviews"],"yoast_head":"<!-- This site is optimized with the Yoast SEO plugin v26.5 - https:\/\/yoast.com\/wordpress\/plugins\/seo\/ -->\n<title>Eigene Stromproduktion: wichtig und preiswert - Sonnenseite - \u00d6kologische Kommunikation mit Franz Alt<\/title>\n<meta name=\"description\" content=\"Eines der Hauptargumente gegen Solarenergie lautet noch immer: \u201eJa, was machen wir, wenn nachts die Sonne nicht scheint, woher soll dann unsere Energie\" \/>\n<meta name=\"robots\" content=\"index, follow, max-snippet:-1, max-image-preview:large, max-video-preview:-1\" \/>\n<link rel=\"canonical\" href=\"https:\/\/www.sonnenseite.com\/de\/franz-alt\/kommentare-interviews\/eigene-stromproduktion-wichtig-und-preiswert\/\" \/>\n<meta property=\"og:locale\" content=\"de_DE\" \/>\n<meta property=\"og:type\" content=\"article\" \/>\n<meta property=\"og:title\" content=\"Eigene Stromproduktion: wichtig und preiswert - Sonnenseite - \u00d6kologische Kommunikation mit Franz Alt\" \/>\n<meta property=\"og:description\" content=\"Eines der Hauptargumente gegen Solarenergie lautet noch immer: \u201eJa, was machen wir, wenn nachts die Sonne nicht scheint, woher soll dann unsere Energie\" \/>\n<meta property=\"og:url\" content=\"https:\/\/www.sonnenseite.com\/de\/franz-alt\/kommentare-interviews\/eigene-stromproduktion-wichtig-und-preiswert\/\" \/>\n<meta property=\"og:site_name\" content=\"Sonnenseite\" \/>\n<meta property=\"article:publisher\" content=\"https:\/\/www.facebook.com\/pages\/Franz-Alt-SONNENSEITECOM\/221072987903953?fref=ts\" \/>\n<meta property=\"article:published_time\" content=\"2021-02-06T13:06:46+00:00\" \/>\n<meta property=\"article:modified_time\" content=\"2021-02-21T08:36:40+00:00\" \/>\n<meta property=\"og:image\" content=\"https:\/\/www.sonnenseite.com\/wp-content\/uploads\/2019\/07\/E_Auto_Solarhaus_arsdigital.jpg\" \/>\n\t<meta property=\"og:image:width\" content=\"770\" \/>\n\t<meta property=\"og:image:height\" content=\"420\" \/>\n\t<meta property=\"og:image:type\" content=\"image\/jpeg\" \/>\n<meta name=\"author\" content=\"Bigi Alt\" \/>\n<meta name=\"twitter:card\" content=\"summary_large_image\" \/>\n<meta name=\"twitter:creator\" content=\"@franzalt\" \/>\n<meta name=\"twitter:site\" content=\"@franzalt\" \/>\n<meta name=\"twitter:label1\" content=\"Verfasst von\" \/>\n\t<meta name=\"twitter:data1\" content=\"Bigi Alt\" \/>\n\t<meta name=\"twitter:label2\" content=\"Gesch\u00e4tzte Lesezeit\" \/>\n\t<meta name=\"twitter:data2\" content=\"4\u00a0Minuten\" \/>\n<script type=\"application\/ld+json\" class=\"yoast-schema-graph\">{\"@context\":\"https:\/\/schema.org\",\"@graph\":[{\"@type\":\"Article\",\"@id\":\"https:\/\/www.sonnenseite.com\/de\/franz-alt\/kommentare-interviews\/eigene-stromproduktion-wichtig-und-preiswert\/#article\",\"isPartOf\":{\"@id\":\"https:\/\/www.sonnenseite.com\/de\/franz-alt\/kommentare-interviews\/eigene-stromproduktion-wichtig-und-preiswert\/\"},\"author\":{\"name\":\"Bigi Alt\",\"@id\":\"https:\/\/www.sonnenseite.com\/de\/#\/schema\/person\/50fda0e926597684c7cc6695238a4eb9\"},\"headline\":\"Eigene Stromproduktion: wichtig und preiswert\",\"datePublished\":\"2021-02-06T13:06:46+00:00\",\"dateModified\":\"2021-02-21T08:36:40+00:00\",\"mainEntityOfPage\":{\"@id\":\"https:\/\/www.sonnenseite.com\/de\/franz-alt\/kommentare-interviews\/eigene-stromproduktion-wichtig-und-preiswert\/\"},\"wordCount\":664,\"publisher\":{\"@id\":\"https:\/\/www.sonnenseite.com\/de\/#organization\"},\"image\":{\"@id\":\"https:\/\/www.sonnenseite.com\/de\/franz-alt\/kommentare-interviews\/eigene-stromproduktion-wichtig-und-preiswert\/#primaryimage\"},\"thumbnailUrl\":\"https:\/\/www.sonnenseite.com\/wp-content\/uploads\/2019\/07\/E_Auto_Solarhaus_arsdigital.jpg\",\"articleSection\":[\"Kommentare &amp; Interviews\"],\"inLanguage\":\"de\"},{\"@type\":\"WebPage\",\"@id\":\"https:\/\/www.sonnenseite.com\/de\/franz-alt\/kommentare-interviews\/eigene-stromproduktion-wichtig-und-preiswert\/\",\"url\":\"https:\/\/www.sonnenseite.com\/de\/franz-alt\/kommentare-interviews\/eigene-stromproduktion-wichtig-und-preiswert\/\",\"name\":\"Eigene Stromproduktion: wichtig und preiswert - Sonnenseite - \u00d6kologische Kommunikation mit Franz Alt\",\"isPartOf\":{\"@id\":\"https:\/\/www.sonnenseite.com\/de\/#website\"},\"primaryImageOfPage\":{\"@id\":\"https:\/\/www.sonnenseite.com\/de\/franz-alt\/kommentare-interviews\/eigene-stromproduktion-wichtig-und-preiswert\/#primaryimage\"},\"image\":{\"@id\":\"https:\/\/www.sonnenseite.com\/de\/franz-alt\/kommentare-interviews\/eigene-stromproduktion-wichtig-und-preiswert\/#primaryimage\"},\"thumbnailUrl\":\"https:\/\/www.sonnenseite.com\/wp-content\/uploads\/2019\/07\/E_Auto_Solarhaus_arsdigital.jpg\",\"datePublished\":\"2021-02-06T13:06:46+00:00\",\"dateModified\":\"2021-02-21T08:36:40+00:00\",\"description\":\"Eines der Hauptargumente gegen Solarenergie lautet noch immer: \u201eJa, was machen wir, wenn nachts die Sonne nicht scheint, woher soll dann unsere Energie\",\"breadcrumb\":{\"@id\":\"https:\/\/www.sonnenseite.com\/de\/franz-alt\/kommentare-interviews\/eigene-stromproduktion-wichtig-und-preiswert\/#breadcrumb\"},\"inLanguage\":\"de\",\"potentialAction\":[{\"@type\":\"ReadAction\",\"target\":[\"https:\/\/www.sonnenseite.com\/de\/franz-alt\/kommentare-interviews\/eigene-stromproduktion-wichtig-und-preiswert\/\"]}]},{\"@type\":\"ImageObject\",\"inLanguage\":\"de\",\"@id\":\"https:\/\/www.sonnenseite.com\/de\/franz-alt\/kommentare-interviews\/eigene-stromproduktion-wichtig-und-preiswert\/#primaryimage\",\"url\":\"https:\/\/www.sonnenseite.com\/wp-content\/uploads\/2019\/07\/E_Auto_Solarhaus_arsdigital.jpg\",\"contentUrl\":\"https:\/\/www.sonnenseite.com\/wp-content\/uploads\/2019\/07\/E_Auto_Solarhaus_arsdigital.jpg\",\"width\":770,\"height\":420,\"caption\":\"Fotolia.com | arsdigital F\u00fcr Solar-Prosumer mit gro\u00dfem Hausdach, E\u2011Auto, W\u00e4rmepumpe und Speicher lohnt es sich auch in Zukunft dank des gro\u00dfen Eigenverbrauchs.\"},{\"@type\":\"BreadcrumbList\",\"@id\":\"https:\/\/www.sonnenseite.com\/de\/franz-alt\/kommentare-interviews\/eigene-stromproduktion-wichtig-und-preiswert\/#breadcrumb\",\"itemListElement\":[{\"@type\":\"ListItem\",\"position\":1,\"name\":\"Startseite\",\"item\":\"https:\/\/www.sonnenseite.com\/de\/\"},{\"@type\":\"ListItem\",\"position\":2,\"name\":\"Eigene Stromproduktion: wichtig und preiswert\"}]},{\"@type\":\"WebSite\",\"@id\":\"https:\/\/www.sonnenseite.com\/de\/#website\",\"url\":\"https:\/\/www.sonnenseite.com\/de\/\",\"name\":\"Sonnenseite\",\"description\":\"\u00d6kologische Kommunikation mit Franz Alt\",\"publisher\":{\"@id\":\"https:\/\/www.sonnenseite.com\/de\/#organization\"},\"potentialAction\":[{\"@type\":\"SearchAction\",\"target\":{\"@type\":\"EntryPoint\",\"urlTemplate\":\"https:\/\/www.sonnenseite.com\/de\/?s={search_term_string}\"},\"query-input\":{\"@type\":\"PropertyValueSpecification\",\"valueRequired\":true,\"valueName\":\"search_term_string\"}}],\"inLanguage\":\"de\"},{\"@type\":\"Organization\",\"@id\":\"https:\/\/www.sonnenseite.com\/de\/#organization\",\"name\":\"Sonnenseite\",\"url\":\"https:\/\/www.sonnenseite.com\/de\/\",\"logo\":{\"@type\":\"ImageObject\",\"inLanguage\":\"de\",\"@id\":\"https:\/\/www.sonnenseite.com\/de\/#\/schema\/logo\/image\/\",\"url\":\"https:\/\/www.sonnenseite.com\/wp-content\/uploads\/2020\/05\/Sonnenseite_Logo.png\",\"contentUrl\":\"https:\/\/www.sonnenseite.com\/wp-content\/uploads\/2020\/05\/Sonnenseite_Logo.png\",\"width\":377,\"height\":90,\"caption\":\"Sonnenseite\"},\"image\":{\"@id\":\"https:\/\/www.sonnenseite.com\/de\/#\/schema\/logo\/image\/\"},\"sameAs\":[\"https:\/\/www.facebook.com\/pages\/Franz-Alt-SONNENSEITECOM\/221072987903953?fref=ts\",\"https:\/\/x.com\/franzalt\",\"http:\/\/www.youtube.com\/results?search_query&amp;amp;quot;franz_alt&amp;amp;quot;&amp;amp;amp;amp;search_type&amp;amp;amp;amp;aq=f\"]},{\"@type\":\"Person\",\"@id\":\"https:\/\/www.sonnenseite.com\/de\/#\/schema\/person\/50fda0e926597684c7cc6695238a4eb9\",\"name\":\"Bigi Alt\"}]}<\/script>\n<!-- \/ Yoast SEO plugin. -->","yoast_head_json":{"title":"Eigene Stromproduktion: wichtig und preiswert - Sonnenseite - \u00d6kologische Kommunikation mit Franz Alt","description":"Eines der Hauptargumente gegen Solarenergie lautet noch immer: \u201eJa, was machen wir, wenn nachts die Sonne nicht scheint, woher soll dann unsere Energie","robots":{"index":"index","follow":"follow","max-snippet":"max-snippet:-1","max-image-preview":"max-image-preview:large","max-video-preview":"max-video-preview:-1"},"canonical":"https:\/\/www.sonnenseite.com\/de\/franz-alt\/kommentare-interviews\/eigene-stromproduktion-wichtig-und-preiswert\/","og_locale":"de_DE","og_type":"article","og_title":"Eigene Stromproduktion: wichtig und preiswert - Sonnenseite - \u00d6kologische Kommunikation mit Franz Alt","og_description":"Eines der Hauptargumente gegen Solarenergie lautet noch immer: \u201eJa, was machen wir, wenn nachts die Sonne nicht scheint, woher soll dann unsere Energie","og_url":"https:\/\/www.sonnenseite.com\/de\/franz-alt\/kommentare-interviews\/eigene-stromproduktion-wichtig-und-preiswert\/","og_site_name":"Sonnenseite","article_publisher":"https:\/\/www.facebook.com\/pages\/Franz-Alt-SONNENSEITECOM\/221072987903953?fref=ts","article_published_time":"2021-02-06T13:06:46+00:00","article_modified_time":"2021-02-21T08:36:40+00:00","og_image":[{"width":770,"height":420,"url":"https:\/\/www.sonnenseite.com\/wp-content\/uploads\/2019\/07\/E_Auto_Solarhaus_arsdigital.jpg","type":"image\/jpeg"}],"author":"Bigi Alt","twitter_card":"summary_large_image","twitter_creator":"@franzalt","twitter_site":"@franzalt","twitter_misc":{"Verfasst von":"Bigi Alt","Gesch\u00e4tzte Lesezeit":"4\u00a0Minuten"},"schema":{"@context":"https:\/\/schema.org","@graph":[{"@type":"Article","@id":"https:\/\/www.sonnenseite.com\/de\/franz-alt\/kommentare-interviews\/eigene-stromproduktion-wichtig-und-preiswert\/#article","isPartOf":{"@id":"https:\/\/www.sonnenseite.com\/de\/franz-alt\/kommentare-interviews\/eigene-stromproduktion-wichtig-und-preiswert\/"},"author":{"name":"Bigi Alt","@id":"https:\/\/www.sonnenseite.com\/de\/#\/schema\/person\/50fda0e926597684c7cc6695238a4eb9"},"headline":"Eigene Stromproduktion: wichtig und preiswert","datePublished":"2021-02-06T13:06:46+00:00","dateModified":"2021-02-21T08:36:40+00:00","mainEntityOfPage":{"@id":"https:\/\/www.sonnenseite.com\/de\/franz-alt\/kommentare-interviews\/eigene-stromproduktion-wichtig-und-preiswert\/"},"wordCount":664,"publisher":{"@id":"https:\/\/www.sonnenseite.com\/de\/#organization"},"image":{"@id":"https:\/\/www.sonnenseite.com\/de\/franz-alt\/kommentare-interviews\/eigene-stromproduktion-wichtig-und-preiswert\/#primaryimage"},"thumbnailUrl":"https:\/\/www.sonnenseite.com\/wp-content\/uploads\/2019\/07\/E_Auto_Solarhaus_arsdigital.jpg","articleSection":["Kommentare &amp; Interviews"],"inLanguage":"de"},{"@type":"WebPage","@id":"https:\/\/www.sonnenseite.com\/de\/franz-alt\/kommentare-interviews\/eigene-stromproduktion-wichtig-und-preiswert\/","url":"https:\/\/www.sonnenseite.com\/de\/franz-alt\/kommentare-interviews\/eigene-stromproduktion-wichtig-und-preiswert\/","name":"Eigene Stromproduktion: wichtig und preiswert - Sonnenseite - \u00d6kologische Kommunikation mit Franz Alt","isPartOf":{"@id":"https:\/\/www.sonnenseite.com\/de\/#website"},"primaryImageOfPage":{"@id":"https:\/\/www.sonnenseite.com\/de\/franz-alt\/kommentare-interviews\/eigene-stromproduktion-wichtig-und-preiswert\/#primaryimage"},"image":{"@id":"https:\/\/www.sonnenseite.com\/de\/franz-alt\/kommentare-interviews\/eigene-stromproduktion-wichtig-und-preiswert\/#primaryimage"},"thumbnailUrl":"https:\/\/www.sonnenseite.com\/wp-content\/uploads\/2019\/07\/E_Auto_Solarhaus_arsdigital.jpg","datePublished":"2021-02-06T13:06:46+00:00","dateModified":"2021-02-21T08:36:40+00:00","description":"Eines der Hauptargumente gegen Solarenergie lautet noch immer: \u201eJa, was machen wir, wenn nachts die Sonne nicht scheint, woher soll dann unsere Energie","breadcrumb":{"@id":"https:\/\/www.sonnenseite.com\/de\/franz-alt\/kommentare-interviews\/eigene-stromproduktion-wichtig-und-preiswert\/#breadcrumb"},"inLanguage":"de","potentialAction":[{"@type":"ReadAction","target":["https:\/\/www.sonnenseite.com\/de\/franz-alt\/kommentare-interviews\/eigene-stromproduktion-wichtig-und-preiswert\/"]}]},{"@type":"ImageObject","inLanguage":"de","@id":"https:\/\/www.sonnenseite.com\/de\/franz-alt\/kommentare-interviews\/eigene-stromproduktion-wichtig-und-preiswert\/#primaryimage","url":"https:\/\/www.sonnenseite.com\/wp-content\/uploads\/2019\/07\/E_Auto_Solarhaus_arsdigital.jpg","contentUrl":"https:\/\/www.sonnenseite.com\/wp-content\/uploads\/2019\/07\/E_Auto_Solarhaus_arsdigital.jpg","width":770,"height":420,"caption":"Fotolia.com | arsdigital F\u00fcr Solar-Prosumer mit gro\u00dfem Hausdach, E\u2011Auto, W\u00e4rmepumpe und Speicher lohnt es sich auch in Zukunft dank des gro\u00dfen Eigenverbrauchs."},{"@type":"BreadcrumbList","@id":"https:\/\/www.sonnenseite.com\/de\/franz-alt\/kommentare-interviews\/eigene-stromproduktion-wichtig-und-preiswert\/#breadcrumb","itemListElement":[{"@type":"ListItem","position":1,"name":"Startseite","item":"https:\/\/www.sonnenseite.com\/de\/"},{"@type":"ListItem","position":2,"name":"Eigene Stromproduktion: wichtig und preiswert"}]},{"@type":"WebSite","@id":"https:\/\/www.sonnenseite.com\/de\/#website","url":"https:\/\/www.sonnenseite.com\/de\/","name":"Sonnenseite","description":"\u00d6kologische Kommunikation mit Franz Alt","publisher":{"@id":"https:\/\/www.sonnenseite.com\/de\/#organization"},"potentialAction":[{"@type":"SearchAction","target":{"@type":"EntryPoint","urlTemplate":"https:\/\/www.sonnenseite.com\/de\/?s={search_term_string}"},"query-input":{"@type":"PropertyValueSpecification","valueRequired":true,"valueName":"search_term_string"}}],"inLanguage":"de"},{"@type":"Organization","@id":"https:\/\/www.sonnenseite.com\/de\/#organization","name":"Sonnenseite","url":"https:\/\/www.sonnenseite.com\/de\/","logo":{"@type":"ImageObject","inLanguage":"de","@id":"https:\/\/www.sonnenseite.com\/de\/#\/schema\/logo\/image\/","url":"https:\/\/www.sonnenseite.com\/wp-content\/uploads\/2020\/05\/Sonnenseite_Logo.png","contentUrl":"https:\/\/www.sonnenseite.com\/wp-content\/uploads\/2020\/05\/Sonnenseite_Logo.png","width":377,"height":90,"caption":"Sonnenseite"},"image":{"@id":"https:\/\/www.sonnenseite.com\/de\/#\/schema\/logo\/image\/"},"sameAs":["https:\/\/www.facebook.com\/pages\/Franz-Alt-SONNENSEITECOM\/221072987903953?fref=ts","https:\/\/x.com\/franzalt","http:\/\/www.youtube.com\/results?search_query&amp;amp;quot;franz_alt&amp;amp;quot;&amp;amp;amp;amp;search_type&amp;amp;amp;amp;aq=f"]},{"@type":"Person","@id":"https:\/\/www.sonnenseite.com\/de\/#\/schema\/person\/50fda0e926597684c7cc6695238a4eb9","name":"Bigi Alt"}]}},"_links":{"self":[{"href":"https:\/\/www.sonnenseite.com\/de\/wp-json\/wp\/v2\/posts\/67951","targetHints":{"allow":["GET"]}}],"collection":[{"href":"https:\/\/www.sonnenseite.com\/de\/wp-json\/wp\/v2\/posts"}],"about":[{"href":"https:\/\/www.sonnenseite.com\/de\/wp-json\/wp\/v2\/types\/post"}],"author":[{"embeddable":true,"href":"https:\/\/www.sonnenseite.com\/de\/wp-json\/wp\/v2\/users\/3"}],"replies":[{"embeddable":true,"href":"https:\/\/www.sonnenseite.com\/de\/wp-json\/wp\/v2\/comments?post=67951"}],"version-history":[{"count":7,"href":"https:\/\/www.sonnenseite.com\/de\/wp-json\/wp\/v2\/posts\/67951\/revisions"}],"predecessor-version":[{"id":67962,"href":"https:\/\/www.sonnenseite.com\/de\/wp-json\/wp\/v2\/posts\/67951\/revisions\/67962"}],"wp:featuredmedia":[{"embeddable":true,"href":"https:\/\/www.sonnenseite.com\/de\/wp-json\/wp\/v2\/media\/8187"}],"wp:attachment":[{"href":"https:\/\/www.sonnenseite.com\/de\/wp-json\/wp\/v2\/media?parent=67951"}],"wp:term":[{"taxonomy":"category","embeddable":true,"href":"https:\/\/www.sonnenseite.com\/de\/wp-json\/wp\/v2\/categories?post=67951"},{"taxonomy":"post_tag","embeddable":true,"href":"https:\/\/www.sonnenseite.com\/de\/wp-json\/wp\/v2\/tags?post=67951"}],"curies":[{"name":"wp","href":"https:\/\/api.w.org\/{rel}","templated":true}]}}