{"id":68002,"date":"2021-02-08T11:30:53","date_gmt":"2021-02-08T10:30:53","guid":{"rendered":"https:\/\/www.sonnenseite.com\/?p=68002"},"modified":"2021-02-08T11:30:54","modified_gmt":"2021-02-08T10:30:54","slug":"laerm-des-ozeans","status":"publish","type":"post","link":"https:\/\/www.sonnenseite.com\/de\/wissenschaft\/laerm-des-ozeans\/","title":{"rendered":"L\u00e4rm des Ozeans"},"content":{"rendered":"\n<p>Die Meere werden immer lauter. Durch Bauarbeiten im Meer, die Schifffahrt und die Gas- und \u00d6lf\u00f6rderung werden die Ozeane immer lauter. <\/p>\n\n\n\n<p>Eine umfassende internationale Studie zeigt jetzt, dass von diesem L\u00e4rm weit mehr Tierarten in ihrem Verhalten betroffen sind, als bisher angenommen. Die Forscherinnen und Forscher fordern, genau hinzuh\u00f6ren in den Ozean und den L\u00e4rm endlich weltweit zu regulieren. Die entsprechenden technischen L\u00f6sungen gibt es bereits.<\/p>\n\n\n\n<p>Sprengungen, Knallk\u00f6rper, Rammschl\u00e4ge in den Boden f\u00fcr die \u00d6l- und Gas-Exploration und Gewinnung dr\u00f6hnen viele Kilometer weit und betreffen mittlerweile nicht nur den K\u00fcstenraum, sondern auch die Tiefsee. Hinzu kommt das Brummen von vielen Tausend Frachtschiffen, Motoryachten oder Jet-Skis. Fachleute gehen davon aus, dass der L\u00e4rm im Meer durch menschliche Aktivit\u00e4ten k\u00fcnftig noch zunehmen wird. Das ist bedenklich, weil der L\u00e4rm Meerestiere schon heute stark belastet. <\/p>\n\n\n\n<p>Er kann Meerestiere in ihrem Verhalten beeinflussen, vertreiben, bei der Nahrungssuche st\u00f6ren oder in extremen F\u00e4llen sogar das Geh\u00f6r von Robben oder Walen sch\u00e4digen. Viele Tiere verst\u00e4ndigen sich durch Ger\u00e4usche und Rufe \u2013 Delfine und andere Wale sowie auch Fische, Krebse und andere Wirbellose. Die Kommunikation des Lebens im Meer, genannt die Lautsph\u00e4re des Ozeans, wird mit hoher Wahrscheinlichkeit durch den sich in den Meeren ausbreitenden L\u00e4rmteppich mehr und mehr gest\u00f6rt. Dabei hat schon die \u00dcberjagung der Wale im letzten Jahrhundert zu einer globalen Ver\u00e4nderung der Lautsph\u00e4re gef\u00fchrt.<\/p>\n\n\n\n<h5 class=\"wp-block-heading\">Das ganze Ausma\u00df des L\u00e4rms einsch\u00e4tzen<\/h5>\n\n\n\n<p>Die Probleme liegen auf der Hand. Dennoch lie\u00df sich bislang kaum beziffern, wie stark der L\u00e4rm die Meeresorganismen tats\u00e4chlich beeintr\u00e4chtigt. Das liegt daran, dass Tiere abh\u00e4ngig von der Situation, dem Alter, dem Geschlecht oder der Jahreszeit ganz unterschiedlich auf L\u00e4rm reagieren. In einer gro\u00df angelegten \u00dcbersichtsstudie hat ein internationales Team aus 25 Forscherinnen und Forschern jetzt mehr als 500 aktuelle wissenschaftliche Studien zum Meeresl\u00e4rm ausgewertet, um erstmals genau einsch\u00e4tzen zu k\u00f6nnen, wie schlimm die L\u00e4rmverschmutzung der Meere tats\u00e4chlich ist, beziehungsweise welche Meerestiere besonders betroffen sind. <\/p>\n\n\n\n<p>\u201eDie verschiedenen Verhaltensweisen, die Tiere bei L\u00e4rm zeigen, machten es bislang schwierig, von Einzelbeobachtungen auf das Gro\u00dfe und Ganze zu schlie\u00dfen und die Gefahren des L\u00e4rms umfassend zu bewerten\u201c, sagt die Biologin Ilse van Opzeeland vom Alfred-Wegener-Institut, Helmholtz-Zentrum f\u00fcr Polar- und Meeresforschung in Bremerhaven. Sie hat an der Studie mitgearbeitet, die jetzt im Fachjournal <em>Science<\/em> erschienen ist. \u201eUnsere \u00dcbersichtsstudie ist eine Synthese wissenschaftlich relevanter Noise-Studien seit den 70er Jahren. Sie zeigt, dass der Meeresl\u00e4rm viele sehr unterschiedliche marine Tierarten beeintr\u00e4chtigt und dass der L\u00e4rm bestimmter Ger\u00e4uschquellen negative Folgen hat.\u201c<\/p>\n\n\n\n<h5 class=\"wp-block-heading\">Klangbrei \u00fcber alle Frequenzen<\/h5>\n\n\n\n<p>Die umfassende Analyse der rund 500 Fachartikel zeigt eindrucksvoll, dass die Tonh\u00f6hen des Meeresl\u00e4rms zu einem gro\u00dfen Teil ausgerechnet in jenem Bereich liegen, in dem Meerestiere kommunizieren. Manche St\u00f6rquellen l\u00e4rmen \u00fcber sehr weite Tonh\u00f6hen-Bereiche, von ganz tiefen bis zu sehr hohen T\u00f6nen. Dazu geh\u00f6ren vor allem kleine und gro\u00dfe Schiffe, das rappelnde Fanggeschirr von Trawlern oder die Arbeiten auf \u00d6l- und Gasplattformen.&nbsp; \u201eDass zum Beispiel Schweinswale in der Nordsee bei Rammarbeiten in Windparks fl\u00fcchten, wissen wir schon lange\u201c, sagt Ilse van Opzeeland. \u201eDie von uns ausgewerteten Studien zeigen jetzt aber, dass offenbar noch ganz andere Tierarten auf L\u00e4rm reagieren \u2013 etwa Nesseltiere, zu denen Quallen geh\u00f6ren, und sogar Muscheln.\u201c<\/p>\n\n\n\n<h5 class=\"wp-block-heading\">Zeit f\u00fcr internationales Handeln<\/h5>\n\n\n\n<p>Da das Wissen \u00fcber die Auswirkungen von Meeresl\u00e4rm lange l\u00fcckenhaft schien, wurde das Thema Meeresl\u00e4rm in der internationalen Meerespolitik im Vergleich zu Aspekten wie der Erw\u00e4rmung und Ozeanversauerung oder der Verschmutzung der Ozeane durch Schadstoffe und Plastik eher stiefm\u00fctterlich behandelt. \u201eZwar haben Europa und einzelne Staaten das Thema Meeresl\u00e4rm auf ihrer Agenda, internationale Schutzbem\u00fchungen aber gibt es bisher nicht\u201c, sagt Ilse van Opzeeland. <\/p>\n\n\n\n<p>Eine Ausnahme sei die Meeresstrategie-Rahmenrichtlinie der Europ\u00e4ischen Union, die die L\u00e4rmbek\u00e4mpfung klar als Ziel definiert hat. Angesichts der jetzt vorgelegten hieb- und stichfesten Analyse, fordert das Autoren-Team jetzt eine st\u00e4rkere internationale Kooperation. Dabei verweisen die Autoren auf die Notwendigkeit, die vielen Dr\u00fccke auf Meeresbewohner zusammen zu betrachten, denn Klimawandel und Verm\u00fcllung sind lokal schwer zu steuern, L\u00e4rm allerdings schon.<\/p>\n\n\n\n<p>\u201eNat\u00fcrlich lassen sich nicht alle L\u00e4rmquellen im Meer wie zum Beispiel der Ausbau der Windkraft und die Handelsschifffahrt komplett abstellen\u201c, sagt Ilse van Opzeeland. \u201eDennoch l\u00e4sst sich der Meeresl\u00e4rm durch verschiedene Ma\u00dfnahmen sehr gut reduzieren.\u201c <\/p>\n\n\n\n<p>In der Nord- und Ostsee zum Beispiel legt man seit einiger Zeit Blasenschleier um die Windradbaustellen, die das Echo der Rammschl\u00e4ge d\u00e4mpfen. Im \u00f6stlichen Mittelmeer wiederum f\u00fchrte eine Geschwindigkeitsbegrenzung f\u00fcr Schiffe um rund zwei Knoten zu einer Minderung des L\u00e4rms um rund 50 Prozent. Und die Explosionen und Sch\u00fcsse der Luftpulser (Airguns) bei der Rohstoffsuche lassen sich, so die Autorinnen und Autoren, durch Ger\u00e4te ersetzen, die vom Meeresboden aus starke Vibrationen in die Tiefe schicken. \u201eInsofern wollen wir mit unserer Studie auch Hoffnung machen. Der Trend l\u00e4sst sich umkehren. Die Meere m\u00fcssen nicht zwangsl\u00e4ufig lauter werden. Unsere Studie zeigt, wie ernst das Problem ist. Aber auch, dass man den L\u00e4rm vor allem durch internationale Zusammenarbeit bek\u00e4mpfen kann.\u201c<\/p>\n\n\n\n<ul class=\"wp-block-list\"><li>Beispiele von Ozeanger\u00e4uschen finden Sie in der \u00f6ffentlichen <a href=\"https:\/\/multimedia.awi.de\/#1612360723130_4\" target=\"_blank\" rel=\"noreferrer noopener\">Mediathek<\/a>\u00a0 (unter Themenwelten \/ Polarkl\u00e4nge).<\/li><li>Carlos M. Duarte et al: The soundscape of the Anthropocene ocean.\u00a0Science 371, 5. Februar 2021,DOI: <a href=\"https:\/\/doi.org\/10.1126\/science.aba4658\" target=\"_blank\" rel=\"noreferrer noopener\">10.1126\/science.aba4658<\/a><\/li><\/ul>\n\n\n<h5 class=\"green\">Quelle<\/h5>\r\n\n\n\n<p><a href=\"https:\/\/www.awi.de\/ueber-uns\/service\/presse\/presse-detailansicht\/die-lautsphaere-des-ozeans-und-anthropogener-laerm.html\">Alfred-Wegener-Institut (AWI) 2021<\/a><\/p>\n<div class=\"shariff shariff-align-flex-start shariff-widget-align-flex-start\"><div class=\"ShariffHeadline\">Diese Meldung teilen<\/div><ul class=\"shariff-buttons theme-round orientation-horizontal buttonsize-medium\"><li class=\"shariff-button facebook shariff-nocustomcolor\" style=\"background-color:#4273c8;border-radius:1%\"><a href=\"https:\/\/www.facebook.com\/sharer\/sharer.php?u=https%3A%2F%2Fwww.sonnenseite.com%2Fde%2Fwissenschaft%2Flaerm-des-ozeans%2F\" title=\"Bei Facebook teilen\" aria-label=\"Bei Facebook teilen\" role=\"button\" rel=\"nofollow\" class=\"shariff-link\" style=\";border-radius:1%; background-color:#3b5998; color:#fff\" target=\"_blank\"><span class=\"shariff-icon\" style=\"\"><svg width=\"32px\" height=\"20px\" xmlns=\"http:\/\/www.w3.org\/2000\/svg\" viewBox=\"0 0 18 32\"><path fill=\"#3b5998\" d=\"M17.1 0.2v4.7h-2.8q-1.5 0-2.1 0.6t-0.5 1.9v3.4h5.2l-0.7 5.3h-4.5v13.6h-5.5v-13.6h-4.5v-5.3h4.5v-3.9q0-3.3 1.9-5.2t5-1.8q2.6 0 4.1 0.2z\"\/><\/svg><\/span><\/a><\/li><li class=\"shariff-button twitter shariff-nocustomcolor\" style=\"background-color:#595959;border-radius:1%\"><a href=\"https:\/\/twitter.com\/share?url=https%3A%2F%2Fwww.sonnenseite.com%2Fde%2Fwissenschaft%2Flaerm-des-ozeans%2F&text=L%C3%A4rm%20des%20Ozeans\" title=\"Bei X teilen\" aria-label=\"Bei X teilen\" role=\"button\" rel=\"noopener nofollow\" class=\"shariff-link\" style=\";border-radius:1%; background-color:#000; color:#fff\" target=\"_blank\"><span class=\"shariff-icon\" style=\"\"><svg width=\"32px\" height=\"20px\" xmlns=\"http:\/\/www.w3.org\/2000\/svg\" viewBox=\"0 0 24 24\"><path fill=\"#000\" d=\"M14.258 10.152L23.176 0h-2.113l-7.747 8.813L7.133 0H0l9.352 13.328L0 23.973h2.113l8.176-9.309 6.531 9.309h7.133zm-2.895 3.293l-.949-1.328L2.875 1.56h3.246l6.086 8.523.945 1.328 7.91 11.078h-3.246zm0 0\"\/><\/svg><\/span><\/a><\/li><li class=\"shariff-button xing shariff-nocustomcolor\" style=\"background-color:#29888a;border-radius:1%\"><a href=\"https:\/\/www.xing.com\/spi\/shares\/new?url=https%3A%2F%2Fwww.sonnenseite.com%2Fde%2Fwissenschaft%2Flaerm-des-ozeans%2F\" title=\"Bei XING teilen\" aria-label=\"Bei XING teilen\" role=\"button\" rel=\"noopener nofollow\" class=\"shariff-link\" style=\";border-radius:1%; background-color:#126567; color:#fff\" target=\"_blank\"><span class=\"shariff-icon\" style=\"\"><svg width=\"32px\" height=\"20px\" xmlns=\"http:\/\/www.w3.org\/2000\/svg\" viewBox=\"0 0 25 32\"><path fill=\"#126567\" d=\"M10.7 11.9q-0.2 0.3-4.6 8.2-0.5 0.8-1.2 0.8h-4.3q-0.4 0-0.5-0.3t0-0.6l4.5-8q0 0 0 0l-2.9-5q-0.2-0.4 0-0.7 0.2-0.3 0.5-0.3h4.3q0.7 0 1.2 0.8zM25.1 0.4q0.2 0.3 0 0.7l-9.4 16.7 6 11q0.2 0.4 0 0.6-0.2 0.3-0.6 0.3h-4.3q-0.7 0-1.2-0.8l-6-11.1q0.3-0.6 9.5-16.8 0.4-0.8 1.2-0.8h4.3q0.4 0 0.5 0.3z\"\/><\/svg><\/span><\/a><\/li><li class=\"shariff-button linkedin shariff-nocustomcolor\" style=\"background-color:#1488bf;border-radius:1%\"><a href=\"https:\/\/www.linkedin.com\/sharing\/share-offsite\/?url=https%3A%2F%2Fwww.sonnenseite.com%2Fde%2Fwissenschaft%2Flaerm-des-ozeans%2F\" title=\"Bei LinkedIn teilen\" aria-label=\"Bei LinkedIn teilen\" role=\"button\" rel=\"noopener nofollow\" class=\"shariff-link\" style=\";border-radius:1%; background-color:#0077b5; color:#fff\" target=\"_blank\"><span class=\"shariff-icon\" style=\"\"><svg width=\"32px\" height=\"20px\" xmlns=\"http:\/\/www.w3.org\/2000\/svg\" viewBox=\"0 0 27 32\"><path fill=\"#0077b5\" d=\"M6.2 11.2v17.7h-5.9v-17.7h5.9zM6.6 5.7q0 1.3-0.9 2.2t-2.4 0.9h0q-1.5 0-2.4-0.9t-0.9-2.2 0.9-2.2 2.4-0.9 2.4 0.9 0.9 2.2zM27.4 18.7v10.1h-5.9v-9.5q0-1.9-0.7-2.9t-2.3-1.1q-1.1 0-1.9 0.6t-1.2 1.5q-0.2 0.5-0.2 1.4v9.9h-5.9q0-7.1 0-11.6t0-5.3l0-0.9h5.9v2.6h0q0.4-0.6 0.7-1t1-0.9 1.6-0.8 2-0.3q3 0 4.9 2t1.9 6z\"\/><\/svg><\/span><\/a><\/li><li class=\"shariff-button printer shariff-nocustomcolor\" style=\"background-color:#a8a8a8;border-radius:1%\"><a href=\"javascript:window.print()\" title=\"drucken\" aria-label=\"drucken\" role=\"button\" rel=\"noopener nofollow\" class=\"shariff-link\" style=\";border-radius:1%; background-color:#999; color:#fff\"><span class=\"shariff-icon\" style=\"\"><svg width=\"32px\" height=\"20px\" xmlns=\"http:\/\/www.w3.org\/2000\/svg\" viewBox=\"0 0 30 32\"><path fill=\"#999\" d=\"M6.8 27.4h16v-4.6h-16v4.6zM6.8 16h16v-6.8h-2.8q-0.7 0-1.2-0.5t-0.5-1.2v-2.8h-11.4v11.4zM27.4 17.2q0-0.5-0.3-0.8t-0.8-0.4-0.8 0.4-0.3 0.8 0.3 0.8 0.8 0.3 0.8-0.3 0.3-0.8zM29.7 17.2v7.4q0 0.2-0.2 0.4t-0.4 0.2h-4v2.8q0 0.7-0.5 1.2t-1.2 0.5h-17.2q-0.7 0-1.2-0.5t-0.5-1.2v-2.8h-4q-0.2 0-0.4-0.2t-0.2-0.4v-7.4q0-1.4 1-2.4t2.4-1h1.2v-9.7q0-0.7 0.5-1.2t1.2-0.5h12q0.7 0 1.6 0.4t1.3 0.8l2.7 2.7q0.5 0.5 0.9 1.4t0.4 1.6v4.6h1.1q1.4 0 2.4 1t1 2.4z\"\/><\/svg><\/span><\/a><\/li><li class=\"shariff-button mailto shariff-nocustomcolor\" style=\"background-color:#a8a8a8;border-radius:1%\"><a href=\"mailto:?body=https%3A%2F%2Fwww.sonnenseite.com%2Fde%2Fwissenschaft%2Flaerm-des-ozeans%2F&subject=L%C3%A4rm%20des%20Ozeans\" title=\"Per E-Mail versenden\" aria-label=\"Per E-Mail versenden\" role=\"button\" rel=\"noopener nofollow\" class=\"shariff-link\" style=\";border-radius:1%; background-color:#999; color:#fff\"><span class=\"shariff-icon\" style=\"\"><svg width=\"32px\" height=\"20px\" xmlns=\"http:\/\/www.w3.org\/2000\/svg\" viewBox=\"0 0 32 32\"><path fill=\"#999\" d=\"M32 12.7v14.2q0 1.2-0.8 2t-2 0.9h-26.3q-1.2 0-2-0.9t-0.8-2v-14.2q0.8 0.9 1.8 1.6 6.5 4.4 8.9 6.1 1 0.8 1.6 1.2t1.7 0.9 2 0.4h0.1q0.9 0 2-0.4t1.7-0.9 1.6-1.2q3-2.2 8.9-6.1 1-0.7 1.8-1.6zM32 7.4q0 1.4-0.9 2.7t-2.2 2.2q-6.7 4.7-8.4 5.8-0.2 0.1-0.7 0.5t-1 0.7-0.9 0.6-1.1 0.5-0.9 0.2h-0.1q-0.4 0-0.9-0.2t-1.1-0.5-0.9-0.6-1-0.7-0.7-0.5q-1.6-1.1-4.7-3.2t-3.6-2.6q-1.1-0.7-2.1-2t-1-2.5q0-1.4 0.7-2.3t2.1-0.9h26.3q1.2 0 2 0.8t0.9 2z\"\/><\/svg><\/span><\/a><\/li><\/ul><\/div>","protected":false},"excerpt":{"rendered":"<p>Die Meere werden immer lauter. Durch Bauarbeiten im Meer, die Schifffahrt und die Gas- und \u00d6lf\u00f6rderung [&hellip;]<\/p>\n","protected":false},"author":3,"featured_media":68003,"comment_status":"closed","ping_status":"closed","sticky":false,"template":"","format":"standard","meta":{"inline_featured_image":false,"footnotes":""},"categories":[26],"tags":[],"class_list":["post-68002","post","type-post","status-publish","format-standard","has-post-thumbnail","hentry","category-wissenschaft"],"yoast_head":"<!-- This site is optimized with the Yoast SEO plugin v26.5 - https:\/\/yoast.com\/wordpress\/plugins\/seo\/ -->\n<title>L\u00e4rm des Ozeans - Sonnenseite - \u00d6kologische Kommunikation mit Franz Alt<\/title>\n<meta name=\"description\" content=\"Die Meere werden immer lauter. Durch Bauarbeiten im Meer, die Schifffahrt und die Gas- und \u00d6lf\u00f6rderung werden die Ozeane immer lauter. Eine umfassende\" \/>\n<meta name=\"robots\" content=\"index, follow, max-snippet:-1, max-image-preview:large, max-video-preview:-1\" \/>\n<link rel=\"canonical\" href=\"https:\/\/www.sonnenseite.com\/de\/wissenschaft\/laerm-des-ozeans\/\" \/>\n<meta property=\"og:locale\" content=\"de_DE\" \/>\n<meta property=\"og:type\" content=\"article\" \/>\n<meta property=\"og:title\" content=\"L\u00e4rm des Ozeans - Sonnenseite - \u00d6kologische Kommunikation mit Franz Alt\" \/>\n<meta property=\"og:description\" content=\"Die Meere werden immer lauter. Durch Bauarbeiten im Meer, die Schifffahrt und die Gas- und \u00d6lf\u00f6rderung werden die Ozeane immer lauter. Eine umfassende\" \/>\n<meta property=\"og:url\" content=\"https:\/\/www.sonnenseite.com\/de\/wissenschaft\/laerm-des-ozeans\/\" \/>\n<meta property=\"og:site_name\" content=\"Sonnenseite\" \/>\n<meta property=\"article:publisher\" content=\"https:\/\/www.facebook.com\/pages\/Franz-Alt-SONNENSEITECOM\/221072987903953?fref=ts\" \/>\n<meta property=\"article:published_time\" content=\"2021-02-08T10:30:53+00:00\" \/>\n<meta property=\"article:modified_time\" content=\"2021-02-08T10:30:54+00:00\" \/>\n<meta property=\"og:image\" content=\"https:\/\/www.sonnenseite.com\/wp-content\/uploads\/2021\/02\/20210203_HumpbackWhale_AWI_001.jpg\" \/>\n\t<meta property=\"og:image:width\" content=\"700\" \/>\n\t<meta property=\"og:image:height\" content=\"359\" \/>\n\t<meta property=\"og:image:type\" content=\"image\/jpeg\" \/>\n<meta name=\"author\" content=\"Bigi Alt\" \/>\n<meta name=\"twitter:card\" content=\"summary_large_image\" \/>\n<meta name=\"twitter:creator\" content=\"@franzalt\" \/>\n<meta name=\"twitter:site\" content=\"@franzalt\" \/>\n<meta name=\"twitter:label1\" content=\"Verfasst von\" \/>\n\t<meta name=\"twitter:data1\" content=\"Bigi Alt\" \/>\n\t<meta name=\"twitter:label2\" content=\"Gesch\u00e4tzte Lesezeit\" \/>\n\t<meta name=\"twitter:data2\" content=\"4\u00a0Minuten\" \/>\n<script type=\"application\/ld+json\" class=\"yoast-schema-graph\">{\"@context\":\"https:\/\/schema.org\",\"@graph\":[{\"@type\":\"Article\",\"@id\":\"https:\/\/www.sonnenseite.com\/de\/wissenschaft\/laerm-des-ozeans\/#article\",\"isPartOf\":{\"@id\":\"https:\/\/www.sonnenseite.com\/de\/wissenschaft\/laerm-des-ozeans\/\"},\"author\":{\"name\":\"Bigi Alt\",\"@id\":\"https:\/\/www.sonnenseite.com\/de\/#\/schema\/person\/50fda0e926597684c7cc6695238a4eb9\"},\"headline\":\"L\u00e4rm des Ozeans\",\"datePublished\":\"2021-02-08T10:30:53+00:00\",\"dateModified\":\"2021-02-08T10:30:54+00:00\",\"mainEntityOfPage\":{\"@id\":\"https:\/\/www.sonnenseite.com\/de\/wissenschaft\/laerm-des-ozeans\/\"},\"wordCount\":913,\"publisher\":{\"@id\":\"https:\/\/www.sonnenseite.com\/de\/#organization\"},\"image\":{\"@id\":\"https:\/\/www.sonnenseite.com\/de\/wissenschaft\/laerm-des-ozeans\/#primaryimage\"},\"thumbnailUrl\":\"https:\/\/www.sonnenseite.com\/wp-content\/uploads\/2021\/02\/20210203_HumpbackWhale_AWI_001.jpg\",\"articleSection\":[\"Wissenschaft\"],\"inLanguage\":\"de\"},{\"@type\":\"WebPage\",\"@id\":\"https:\/\/www.sonnenseite.com\/de\/wissenschaft\/laerm-des-ozeans\/\",\"url\":\"https:\/\/www.sonnenseite.com\/de\/wissenschaft\/laerm-des-ozeans\/\",\"name\":\"L\u00e4rm des Ozeans - Sonnenseite - \u00d6kologische Kommunikation mit Franz Alt\",\"isPartOf\":{\"@id\":\"https:\/\/www.sonnenseite.com\/de\/#website\"},\"primaryImageOfPage\":{\"@id\":\"https:\/\/www.sonnenseite.com\/de\/wissenschaft\/laerm-des-ozeans\/#primaryimage\"},\"image\":{\"@id\":\"https:\/\/www.sonnenseite.com\/de\/wissenschaft\/laerm-des-ozeans\/#primaryimage\"},\"thumbnailUrl\":\"https:\/\/www.sonnenseite.com\/wp-content\/uploads\/2021\/02\/20210203_HumpbackWhale_AWI_001.jpg\",\"datePublished\":\"2021-02-08T10:30:53+00:00\",\"dateModified\":\"2021-02-08T10:30:54+00:00\",\"description\":\"Die Meere werden immer lauter. Durch Bauarbeiten im Meer, die Schifffahrt und die Gas- und \u00d6lf\u00f6rderung werden die Ozeane immer lauter. Eine umfassende\",\"breadcrumb\":{\"@id\":\"https:\/\/www.sonnenseite.com\/de\/wissenschaft\/laerm-des-ozeans\/#breadcrumb\"},\"inLanguage\":\"de\",\"potentialAction\":[{\"@type\":\"ReadAction\",\"target\":[\"https:\/\/www.sonnenseite.com\/de\/wissenschaft\/laerm-des-ozeans\/\"]}]},{\"@type\":\"ImageObject\",\"inLanguage\":\"de\",\"@id\":\"https:\/\/www.sonnenseite.com\/de\/wissenschaft\/laerm-des-ozeans\/#primaryimage\",\"url\":\"https:\/\/www.sonnenseite.com\/wp-content\/uploads\/2021\/02\/20210203_HumpbackWhale_AWI_001.jpg\",\"contentUrl\":\"https:\/\/www.sonnenseite.com\/wp-content\/uploads\/2021\/02\/20210203_HumpbackWhale_AWI_001.jpg\",\"width\":700,\"height\":359,\"caption\":\"Alfred-Wegener-Institut | Buckelwal im S\u00fcdozean\"},{\"@type\":\"BreadcrumbList\",\"@id\":\"https:\/\/www.sonnenseite.com\/de\/wissenschaft\/laerm-des-ozeans\/#breadcrumb\",\"itemListElement\":[{\"@type\":\"ListItem\",\"position\":1,\"name\":\"Startseite\",\"item\":\"https:\/\/www.sonnenseite.com\/de\/\"},{\"@type\":\"ListItem\",\"position\":2,\"name\":\"L\u00e4rm des Ozeans\"}]},{\"@type\":\"WebSite\",\"@id\":\"https:\/\/www.sonnenseite.com\/de\/#website\",\"url\":\"https:\/\/www.sonnenseite.com\/de\/\",\"name\":\"Sonnenseite\",\"description\":\"\u00d6kologische Kommunikation mit Franz Alt\",\"publisher\":{\"@id\":\"https:\/\/www.sonnenseite.com\/de\/#organization\"},\"potentialAction\":[{\"@type\":\"SearchAction\",\"target\":{\"@type\":\"EntryPoint\",\"urlTemplate\":\"https:\/\/www.sonnenseite.com\/de\/?s={search_term_string}\"},\"query-input\":{\"@type\":\"PropertyValueSpecification\",\"valueRequired\":true,\"valueName\":\"search_term_string\"}}],\"inLanguage\":\"de\"},{\"@type\":\"Organization\",\"@id\":\"https:\/\/www.sonnenseite.com\/de\/#organization\",\"name\":\"Sonnenseite\",\"url\":\"https:\/\/www.sonnenseite.com\/de\/\",\"logo\":{\"@type\":\"ImageObject\",\"inLanguage\":\"de\",\"@id\":\"https:\/\/www.sonnenseite.com\/de\/#\/schema\/logo\/image\/\",\"url\":\"https:\/\/www.sonnenseite.com\/wp-content\/uploads\/2020\/05\/Sonnenseite_Logo.png\",\"contentUrl\":\"https:\/\/www.sonnenseite.com\/wp-content\/uploads\/2020\/05\/Sonnenseite_Logo.png\",\"width\":377,\"height\":90,\"caption\":\"Sonnenseite\"},\"image\":{\"@id\":\"https:\/\/www.sonnenseite.com\/de\/#\/schema\/logo\/image\/\"},\"sameAs\":[\"https:\/\/www.facebook.com\/pages\/Franz-Alt-SONNENSEITECOM\/221072987903953?fref=ts\",\"https:\/\/x.com\/franzalt\",\"http:\/\/www.youtube.com\/results?search_query&amp;amp;quot;franz_alt&amp;amp;quot;&amp;amp;amp;amp;search_type&amp;amp;amp;amp;aq=f\"]},{\"@type\":\"Person\",\"@id\":\"https:\/\/www.sonnenseite.com\/de\/#\/schema\/person\/50fda0e926597684c7cc6695238a4eb9\",\"name\":\"Bigi Alt\"}]}<\/script>\n<!-- \/ Yoast SEO plugin. -->","yoast_head_json":{"title":"L\u00e4rm des Ozeans - Sonnenseite - \u00d6kologische Kommunikation mit Franz Alt","description":"Die Meere werden immer lauter. Durch Bauarbeiten im Meer, die Schifffahrt und die Gas- und \u00d6lf\u00f6rderung werden die Ozeane immer lauter. Eine umfassende","robots":{"index":"index","follow":"follow","max-snippet":"max-snippet:-1","max-image-preview":"max-image-preview:large","max-video-preview":"max-video-preview:-1"},"canonical":"https:\/\/www.sonnenseite.com\/de\/wissenschaft\/laerm-des-ozeans\/","og_locale":"de_DE","og_type":"article","og_title":"L\u00e4rm des Ozeans - Sonnenseite - \u00d6kologische Kommunikation mit Franz Alt","og_description":"Die Meere werden immer lauter. Durch Bauarbeiten im Meer, die Schifffahrt und die Gas- und \u00d6lf\u00f6rderung werden die Ozeane immer lauter. Eine umfassende","og_url":"https:\/\/www.sonnenseite.com\/de\/wissenschaft\/laerm-des-ozeans\/","og_site_name":"Sonnenseite","article_publisher":"https:\/\/www.facebook.com\/pages\/Franz-Alt-SONNENSEITECOM\/221072987903953?fref=ts","article_published_time":"2021-02-08T10:30:53+00:00","article_modified_time":"2021-02-08T10:30:54+00:00","og_image":[{"width":700,"height":359,"url":"https:\/\/www.sonnenseite.com\/wp-content\/uploads\/2021\/02\/20210203_HumpbackWhale_AWI_001.jpg","type":"image\/jpeg"}],"author":"Bigi Alt","twitter_card":"summary_large_image","twitter_creator":"@franzalt","twitter_site":"@franzalt","twitter_misc":{"Verfasst von":"Bigi Alt","Gesch\u00e4tzte Lesezeit":"4\u00a0Minuten"},"schema":{"@context":"https:\/\/schema.org","@graph":[{"@type":"Article","@id":"https:\/\/www.sonnenseite.com\/de\/wissenschaft\/laerm-des-ozeans\/#article","isPartOf":{"@id":"https:\/\/www.sonnenseite.com\/de\/wissenschaft\/laerm-des-ozeans\/"},"author":{"name":"Bigi Alt","@id":"https:\/\/www.sonnenseite.com\/de\/#\/schema\/person\/50fda0e926597684c7cc6695238a4eb9"},"headline":"L\u00e4rm des Ozeans","datePublished":"2021-02-08T10:30:53+00:00","dateModified":"2021-02-08T10:30:54+00:00","mainEntityOfPage":{"@id":"https:\/\/www.sonnenseite.com\/de\/wissenschaft\/laerm-des-ozeans\/"},"wordCount":913,"publisher":{"@id":"https:\/\/www.sonnenseite.com\/de\/#organization"},"image":{"@id":"https:\/\/www.sonnenseite.com\/de\/wissenschaft\/laerm-des-ozeans\/#primaryimage"},"thumbnailUrl":"https:\/\/www.sonnenseite.com\/wp-content\/uploads\/2021\/02\/20210203_HumpbackWhale_AWI_001.jpg","articleSection":["Wissenschaft"],"inLanguage":"de"},{"@type":"WebPage","@id":"https:\/\/www.sonnenseite.com\/de\/wissenschaft\/laerm-des-ozeans\/","url":"https:\/\/www.sonnenseite.com\/de\/wissenschaft\/laerm-des-ozeans\/","name":"L\u00e4rm des Ozeans - Sonnenseite - \u00d6kologische Kommunikation mit Franz Alt","isPartOf":{"@id":"https:\/\/www.sonnenseite.com\/de\/#website"},"primaryImageOfPage":{"@id":"https:\/\/www.sonnenseite.com\/de\/wissenschaft\/laerm-des-ozeans\/#primaryimage"},"image":{"@id":"https:\/\/www.sonnenseite.com\/de\/wissenschaft\/laerm-des-ozeans\/#primaryimage"},"thumbnailUrl":"https:\/\/www.sonnenseite.com\/wp-content\/uploads\/2021\/02\/20210203_HumpbackWhale_AWI_001.jpg","datePublished":"2021-02-08T10:30:53+00:00","dateModified":"2021-02-08T10:30:54+00:00","description":"Die Meere werden immer lauter. Durch Bauarbeiten im Meer, die Schifffahrt und die Gas- und \u00d6lf\u00f6rderung werden die Ozeane immer lauter. Eine umfassende","breadcrumb":{"@id":"https:\/\/www.sonnenseite.com\/de\/wissenschaft\/laerm-des-ozeans\/#breadcrumb"},"inLanguage":"de","potentialAction":[{"@type":"ReadAction","target":["https:\/\/www.sonnenseite.com\/de\/wissenschaft\/laerm-des-ozeans\/"]}]},{"@type":"ImageObject","inLanguage":"de","@id":"https:\/\/www.sonnenseite.com\/de\/wissenschaft\/laerm-des-ozeans\/#primaryimage","url":"https:\/\/www.sonnenseite.com\/wp-content\/uploads\/2021\/02\/20210203_HumpbackWhale_AWI_001.jpg","contentUrl":"https:\/\/www.sonnenseite.com\/wp-content\/uploads\/2021\/02\/20210203_HumpbackWhale_AWI_001.jpg","width":700,"height":359,"caption":"Alfred-Wegener-Institut | Buckelwal im S\u00fcdozean"},{"@type":"BreadcrumbList","@id":"https:\/\/www.sonnenseite.com\/de\/wissenschaft\/laerm-des-ozeans\/#breadcrumb","itemListElement":[{"@type":"ListItem","position":1,"name":"Startseite","item":"https:\/\/www.sonnenseite.com\/de\/"},{"@type":"ListItem","position":2,"name":"L\u00e4rm des Ozeans"}]},{"@type":"WebSite","@id":"https:\/\/www.sonnenseite.com\/de\/#website","url":"https:\/\/www.sonnenseite.com\/de\/","name":"Sonnenseite","description":"\u00d6kologische Kommunikation mit Franz Alt","publisher":{"@id":"https:\/\/www.sonnenseite.com\/de\/#organization"},"potentialAction":[{"@type":"SearchAction","target":{"@type":"EntryPoint","urlTemplate":"https:\/\/www.sonnenseite.com\/de\/?s={search_term_string}"},"query-input":{"@type":"PropertyValueSpecification","valueRequired":true,"valueName":"search_term_string"}}],"inLanguage":"de"},{"@type":"Organization","@id":"https:\/\/www.sonnenseite.com\/de\/#organization","name":"Sonnenseite","url":"https:\/\/www.sonnenseite.com\/de\/","logo":{"@type":"ImageObject","inLanguage":"de","@id":"https:\/\/www.sonnenseite.com\/de\/#\/schema\/logo\/image\/","url":"https:\/\/www.sonnenseite.com\/wp-content\/uploads\/2020\/05\/Sonnenseite_Logo.png","contentUrl":"https:\/\/www.sonnenseite.com\/wp-content\/uploads\/2020\/05\/Sonnenseite_Logo.png","width":377,"height":90,"caption":"Sonnenseite"},"image":{"@id":"https:\/\/www.sonnenseite.com\/de\/#\/schema\/logo\/image\/"},"sameAs":["https:\/\/www.facebook.com\/pages\/Franz-Alt-SONNENSEITECOM\/221072987903953?fref=ts","https:\/\/x.com\/franzalt","http:\/\/www.youtube.com\/results?search_query&amp;amp;quot;franz_alt&amp;amp;quot;&amp;amp;amp;amp;search_type&amp;amp;amp;amp;aq=f"]},{"@type":"Person","@id":"https:\/\/www.sonnenseite.com\/de\/#\/schema\/person\/50fda0e926597684c7cc6695238a4eb9","name":"Bigi Alt"}]}},"_links":{"self":[{"href":"https:\/\/www.sonnenseite.com\/de\/wp-json\/wp\/v2\/posts\/68002","targetHints":{"allow":["GET"]}}],"collection":[{"href":"https:\/\/www.sonnenseite.com\/de\/wp-json\/wp\/v2\/posts"}],"about":[{"href":"https:\/\/www.sonnenseite.com\/de\/wp-json\/wp\/v2\/types\/post"}],"author":[{"embeddable":true,"href":"https:\/\/www.sonnenseite.com\/de\/wp-json\/wp\/v2\/users\/3"}],"replies":[{"embeddable":true,"href":"https:\/\/www.sonnenseite.com\/de\/wp-json\/wp\/v2\/comments?post=68002"}],"version-history":[{"count":1,"href":"https:\/\/www.sonnenseite.com\/de\/wp-json\/wp\/v2\/posts\/68002\/revisions"}],"predecessor-version":[{"id":68005,"href":"https:\/\/www.sonnenseite.com\/de\/wp-json\/wp\/v2\/posts\/68002\/revisions\/68005"}],"wp:featuredmedia":[{"embeddable":true,"href":"https:\/\/www.sonnenseite.com\/de\/wp-json\/wp\/v2\/media\/68003"}],"wp:attachment":[{"href":"https:\/\/www.sonnenseite.com\/de\/wp-json\/wp\/v2\/media?parent=68002"}],"wp:term":[{"taxonomy":"category","embeddable":true,"href":"https:\/\/www.sonnenseite.com\/de\/wp-json\/wp\/v2\/categories?post=68002"},{"taxonomy":"post_tag","embeddable":true,"href":"https:\/\/www.sonnenseite.com\/de\/wp-json\/wp\/v2\/tags?post=68002"}],"curies":[{"name":"wp","href":"https:\/\/api.w.org\/{rel}","templated":true}]}}