{"id":68036,"date":"2021-02-09T08:31:13","date_gmt":"2021-02-09T07:31:13","guid":{"rendered":"https:\/\/www.sonnenseite.com\/?p=68036"},"modified":"2021-02-13T09:27:55","modified_gmt":"2021-02-13T08:27:55","slug":"e-mobilitaet-batteriepreise-sinken-auf-rekordtief","status":"publish","type":"post","link":"https:\/\/www.sonnenseite.com\/de\/mobilitaet\/e-mobilitaet-batteriepreise-sinken-auf-rekordtief\/","title":{"rendered":"E-Mobilit\u00e4t: Batteriepreise sinken auf Rekordtief"},"content":{"rendered":"\n<p>Im Jahr 2020 wurde ein Meilenstein der Elektromobilit\u00e4t erreicht: Zum ersten Mal sanken die Preise f\u00fcr Lithium-Ionen-Akkus auf unter 100 US-Dollar pro Kilowattstunde. Ab dieser Schwelle k\u00f6nnen E-Autos preislich mit Verbrennern mithalten.<\/p>\n\n\n\n<p>Zum ersten Mal in der noch jungen Geschichte der Elektromobilit\u00e4t haben die Preise f\u00fcr Lithium-Ionen-Batterien die Schwelle von 100 US-Dollar pro Kilowattstunde unterschritten. Das geht aus der j\u00e4hrlich erscheinenden <a href=\"https:\/\/about.bnef.com\/blog\/battery-pack-prices-cited-below-100-kwh-for-the-first-time-in-2020-while-market-average-sits-at-137-kwh\/\" target=\"_blank\" rel=\"noreferrer noopener\">Umfrage zu den weltweiten Batteriepreisen<\/a> von BloombergNEF hervor. Im Durchschnitt fielen die Preise auf 137 US-Dollar pro Kilowattstunde \u2013 gegen\u00fcber dem Jahr 2019 eine Senkung um 13 Prozent. Zum Vergleich: Im Jahr 2010 betrug der Preis noch mehr als 1.100 US-Dollar.<\/p>\n\n\n\n<p>Der Rekord-Niedrigpreis im zweistelligen Bereich wurde f\u00fcr Batterien gemeldet, die in Elektrobussen in China zum Einsatz kommen. In diesem Sektor konnten mit etwa 105 US-Dollar pro Kilowattstunde auch generell die niedrigsten volumengewichteten Durchschnittpreise erreicht werden.<\/p>\n\n\n\n<p>Doch auch im Bereich der Elektroautos kommt man langsam der magischen 100-Dollar-Grenze n\u00e4her. Ab dieser Schwelle k\u00f6nnen Hersteller E-Autos zum gleichen Preis und mit derselben Marge wie Autos mit Verbrennungsmotoren f\u00fcr den Massenmarkt produzieren und verkaufen. 2020 lag der Durchschnittspreis noch bei 126 US-Dollar pro Kilowattstunde \u2013 woran die Lithium-Ionen-Zellen mit einem Preis von 100 US-Dollar den gr\u00f6\u00dften Anteil hatten. Das Batteriepack macht demnach 21 Prozent der Kosten aus.<\/p>\n\n\n\n<div class=\"wp-block-image\"><figure class=\"aligncenter size-large is-resized\"><a href=\"https:\/\/www.sonnenseite.com\/wp-content\/uploads\/2021\/02\/BNEF-average-pack-cell-price-split.jpg\"><img loading=\"lazy\" decoding=\"async\" src=\"https:\/\/www.sonnenseite.com\/wp-content\/uploads\/2021\/02\/BNEF-average-pack-cell-price-split.jpg\" alt=\"\" class=\"wp-image-68040\" width=\"665\" height=\"332\" srcset=\"https:\/\/www.sonnenseite.com\/wp-content\/uploads\/2021\/02\/BNEF-average-pack-cell-price-split.jpg 886w, https:\/\/www.sonnenseite.com\/wp-content\/uploads\/2021\/02\/BNEF-average-pack-cell-price-split-300x150.jpg 300w, https:\/\/www.sonnenseite.com\/wp-content\/uploads\/2021\/02\/BNEF-average-pack-cell-price-split-768x383.jpg 768w\" sizes=\"auto, (max-width: 665px) 100vw, 665px\" \/><\/a><figcaption>Grafik: <a href=\"https:\/\/about.bnef.com\/blog\/battery-pack-prices-cited-below-100-kwh-for-the-first-time-in-2020-while-market-average-sits-at-137-kwh\/\">BloombergNEF<\/a><\/figcaption><\/figure><\/div>\n\n\n\n<h5 class=\"wp-block-heading\">Der gro\u00dfe Durchbruch steht bevor<\/h5>\n\n\n\n<p>Bis zum Jahr 2023 werden die durchschnittlichen Batteriepreise von E-Autos, Elektrobussen, gewerblichen E-Fahrzeugen sowie station\u00e4ren Speichern auf 101 US-Dollar pro Kilowattstunde sinken, so die BNEF-Prognose. Mit anderen Worten: In den n\u00e4chsten zwei bis drei Jahren wird der preisbedingte Wettbewerbsvorteil von den Verbrennern dahingeschmolzen sein \u2013 auch ohne Subventionen. Gleichzeitig weisen die Analysten darauf hin, dass die tats\u00e4chlichen Preisstrategien der Autohersteller variieren k\u00f6nnen.<\/p>\n\n\n\n<p>Zur\u00fcckzuf\u00fchren seien die starken Preissenkungen im vergangenen Jahr auf das zunehmende Auftragsvolumen, das enorme Wachstum im Bereich der batteriebetriebenen Elektrofahrzeuge und die Einf\u00fchrung neuer Designs der Batteriepacks. Vor allem in der kurzen Frist werden neue Herstellungsverfahren und sinkende Produktionskosten die Preise weiter senken. Nachdem die Kosten von Metallen der Kathode wie etwa Kobalt vor zwei Jahren ihre H\u00f6chstst\u00e4nde erreicht hatten, haben sie sich inzwischen auf einem niedrigeren Niveau stabilisiert.<\/p>\n\n\n\n<p>Die Batteriebranche werde zunehmend widerstandsf\u00e4hig gegen\u00fcber den variierenden Rohstoffpreisen, sagt James Frith, Leiter der BNEF-Energiespeicherforschung und Hauptautor des Berichts. F\u00fchrende Hersteller investieren inzwischen selbst in die Kathodenproduktion oder sogar Minen. Die Auslastung ihrer Anlagen \u00fcbersteige oftmals 85 Prozent \u2013 ein Schl\u00fcssel zum Erfolg bei der Senkung der Zell- und Akkupackpreise. Ansonsten w\u00fcrden sich die Abschreibungskosten der Maschinen und Geb\u00e4ude auf weniger Kilowattstunden hergestellte Batteriezellen verteilen und diese damit deutlich teurer machen.<\/p>\n\n\n\n<h5 class=\"wp-block-heading\">Neue Chemikalien liegen im Trend<\/h5>\n\n\n\n<p>Insgesamt f\u00fchre eine zunehmende Diversifizierung bei den verwendeten Chemikalien auf dem Batteriemarkt zu einer breiten Preisspanne. Die Massenproduktion von Batterien mit einer h\u00f6heren Energiedichte stehe im Fokus der Hersteller. Dabei werden f\u00fcr den Batteriemarkt neue Chemikalien wie Lithium-Nickel-Mangan-Kobaltoxid und Lithium-Nickel-Mangan-Kobalt-Aluminiumoxid bereits im gro\u00dfen Stil hergestellt. Lithium-Eisenphosphat ist dagegen eine besonders kosteng\u00fcnstige Alternative und hat im vergangenen Jahr zu den niedrigsten gemeldeten Zellpreisen von 80 US-Dollar pro Kilowattstunde beigetragen.<\/p>\n\n\n\n<p>Bis zum Jahr 2030 erwarten die Analysten deutlich fallende Batteriepreise. Jede produzierte Kilowattstunde k\u00f6nnte dann nur noch 58 US-Dollar kosten \u2013 also etwa halb so viel wie im vergangenen Jahr. Erreicht werden diese Preise, weil die Hersteller unterschiedliche Wege einschlagen und neue M\u00f6glichkeiten ausloten.<\/p>\n\n\n\n<p>Ein m\u00f6glicher T\u00fcr\u00f6ffner f\u00fcr derartig niedrige Preise seien demnach zuk\u00fcnftig sogenannte Festk\u00f6rperbatterien, so die BloombergNEF-Analysten. Diese Zellen k\u00f6nnten zu 40 Prozent der Kosten der aktuellen Lithium-Ionen-Batterien hergestellt werden, wenn sie in ausreichend gro\u00dfer St\u00fcckzahl produziert werden. In den n\u00e4chsten Jahren wird die weltweite Batterieproduktion auf jeden Fall weiter an Fahrt aufnehmen \u2013 und mit ihr die Elektromobilit\u00e4t.<\/p>\n\n\n<h5 class=\"green\">Quelle<\/h5>\r\n\n\n\n<p>Der Bericht wurde von der&nbsp;<a href=\"https:\/\/www.energiezukunft.eu\/mobilitaet\/batteriepreise-sinken-auf-rekordtief\/\">Redaktion \u201cenergiezukunft\u201c (jk) 2021<\/a>&nbsp;verfasst \u2013 der Artikel darf&nbsp;<a href=\"mailto:portal@energiezukunft.eu\" target=\"_blank\" rel=\"noreferrer noopener\">nicht ohne Genehmigung<\/a>&nbsp;weiterverbreitet werden!&nbsp;|&nbsp;<strong>energiezukunft<\/strong>&nbsp;| Heft 29 \/ 2019 | &#8222;Urbane Energiewende&#8220;&nbsp;|&nbsp; <a href=\"https:\/\/www.energiezukunft.eu\/service\/magazine\/\">Jetzt lesen<\/a>&nbsp;|&nbsp;<a href=\"file:\/\/\/C:\\Users\\BIGIAL~1\\AppData\\Local\\Temp\\energiezukunft_2020-29.pdf\">Download<\/a><\/p>\n<div class=\"shariff shariff-align-flex-start shariff-widget-align-flex-start\"><div class=\"ShariffHeadline\">Diese Meldung teilen<\/div><ul class=\"shariff-buttons theme-round orientation-horizontal buttonsize-medium\"><li class=\"shariff-button facebook shariff-nocustomcolor\" style=\"background-color:#4273c8;border-radius:1%\"><a href=\"https:\/\/www.facebook.com\/sharer\/sharer.php?u=https%3A%2F%2Fwww.sonnenseite.com%2Fde%2Fmobilitaet%2Fe-mobilitaet-batteriepreise-sinken-auf-rekordtief%2F\" title=\"Bei Facebook teilen\" aria-label=\"Bei Facebook teilen\" role=\"button\" rel=\"nofollow\" class=\"shariff-link\" style=\";border-radius:1%; background-color:#3b5998; color:#fff\" target=\"_blank\"><span class=\"shariff-icon\" style=\"\"><svg width=\"32px\" height=\"20px\" xmlns=\"http:\/\/www.w3.org\/2000\/svg\" viewBox=\"0 0 18 32\"><path fill=\"#3b5998\" d=\"M17.1 0.2v4.7h-2.8q-1.5 0-2.1 0.6t-0.5 1.9v3.4h5.2l-0.7 5.3h-4.5v13.6h-5.5v-13.6h-4.5v-5.3h4.5v-3.9q0-3.3 1.9-5.2t5-1.8q2.6 0 4.1 0.2z\"\/><\/svg><\/span><\/a><\/li><li class=\"shariff-button twitter shariff-nocustomcolor\" style=\"background-color:#595959;border-radius:1%\"><a href=\"https:\/\/twitter.com\/share?url=https%3A%2F%2Fwww.sonnenseite.com%2Fde%2Fmobilitaet%2Fe-mobilitaet-batteriepreise-sinken-auf-rekordtief%2F&text=E-Mobilit%C3%A4t%3A%20Batteriepreise%20sinken%20auf%20Rekordtief\" title=\"Bei X teilen\" aria-label=\"Bei X teilen\" role=\"button\" rel=\"noopener nofollow\" class=\"shariff-link\" style=\";border-radius:1%; background-color:#000; color:#fff\" target=\"_blank\"><span class=\"shariff-icon\" style=\"\"><svg width=\"32px\" height=\"20px\" xmlns=\"http:\/\/www.w3.org\/2000\/svg\" viewBox=\"0 0 24 24\"><path fill=\"#000\" d=\"M14.258 10.152L23.176 0h-2.113l-7.747 8.813L7.133 0H0l9.352 13.328L0 23.973h2.113l8.176-9.309 6.531 9.309h7.133zm-2.895 3.293l-.949-1.328L2.875 1.56h3.246l6.086 8.523.945 1.328 7.91 11.078h-3.246zm0 0\"\/><\/svg><\/span><\/a><\/li><li class=\"shariff-button xing shariff-nocustomcolor\" style=\"background-color:#29888a;border-radius:1%\"><a href=\"https:\/\/www.xing.com\/spi\/shares\/new?url=https%3A%2F%2Fwww.sonnenseite.com%2Fde%2Fmobilitaet%2Fe-mobilitaet-batteriepreise-sinken-auf-rekordtief%2F\" title=\"Bei XING teilen\" aria-label=\"Bei XING teilen\" role=\"button\" rel=\"noopener nofollow\" class=\"shariff-link\" style=\";border-radius:1%; background-color:#126567; color:#fff\" target=\"_blank\"><span class=\"shariff-icon\" style=\"\"><svg width=\"32px\" height=\"20px\" xmlns=\"http:\/\/www.w3.org\/2000\/svg\" viewBox=\"0 0 25 32\"><path fill=\"#126567\" d=\"M10.7 11.9q-0.2 0.3-4.6 8.2-0.5 0.8-1.2 0.8h-4.3q-0.4 0-0.5-0.3t0-0.6l4.5-8q0 0 0 0l-2.9-5q-0.2-0.4 0-0.7 0.2-0.3 0.5-0.3h4.3q0.7 0 1.2 0.8zM25.1 0.4q0.2 0.3 0 0.7l-9.4 16.7 6 11q0.2 0.4 0 0.6-0.2 0.3-0.6 0.3h-4.3q-0.7 0-1.2-0.8l-6-11.1q0.3-0.6 9.5-16.8 0.4-0.8 1.2-0.8h4.3q0.4 0 0.5 0.3z\"\/><\/svg><\/span><\/a><\/li><li class=\"shariff-button linkedin shariff-nocustomcolor\" style=\"background-color:#1488bf;border-radius:1%\"><a href=\"https:\/\/www.linkedin.com\/sharing\/share-offsite\/?url=https%3A%2F%2Fwww.sonnenseite.com%2Fde%2Fmobilitaet%2Fe-mobilitaet-batteriepreise-sinken-auf-rekordtief%2F\" title=\"Bei LinkedIn teilen\" aria-label=\"Bei LinkedIn teilen\" role=\"button\" rel=\"noopener nofollow\" class=\"shariff-link\" style=\";border-radius:1%; background-color:#0077b5; color:#fff\" target=\"_blank\"><span class=\"shariff-icon\" style=\"\"><svg width=\"32px\" height=\"20px\" xmlns=\"http:\/\/www.w3.org\/2000\/svg\" viewBox=\"0 0 27 32\"><path fill=\"#0077b5\" d=\"M6.2 11.2v17.7h-5.9v-17.7h5.9zM6.6 5.7q0 1.3-0.9 2.2t-2.4 0.9h0q-1.5 0-2.4-0.9t-0.9-2.2 0.9-2.2 2.4-0.9 2.4 0.9 0.9 2.2zM27.4 18.7v10.1h-5.9v-9.5q0-1.9-0.7-2.9t-2.3-1.1q-1.1 0-1.9 0.6t-1.2 1.5q-0.2 0.5-0.2 1.4v9.9h-5.9q0-7.1 0-11.6t0-5.3l0-0.9h5.9v2.6h0q0.4-0.6 0.7-1t1-0.9 1.6-0.8 2-0.3q3 0 4.9 2t1.9 6z\"\/><\/svg><\/span><\/a><\/li><li class=\"shariff-button printer shariff-nocustomcolor\" style=\"background-color:#a8a8a8;border-radius:1%\"><a href=\"javascript:window.print()\" title=\"drucken\" aria-label=\"drucken\" role=\"button\" rel=\"noopener nofollow\" class=\"shariff-link\" style=\";border-radius:1%; background-color:#999; color:#fff\"><span class=\"shariff-icon\" style=\"\"><svg width=\"32px\" height=\"20px\" xmlns=\"http:\/\/www.w3.org\/2000\/svg\" viewBox=\"0 0 30 32\"><path fill=\"#999\" d=\"M6.8 27.4h16v-4.6h-16v4.6zM6.8 16h16v-6.8h-2.8q-0.7 0-1.2-0.5t-0.5-1.2v-2.8h-11.4v11.4zM27.4 17.2q0-0.5-0.3-0.8t-0.8-0.4-0.8 0.4-0.3 0.8 0.3 0.8 0.8 0.3 0.8-0.3 0.3-0.8zM29.7 17.2v7.4q0 0.2-0.2 0.4t-0.4 0.2h-4v2.8q0 0.7-0.5 1.2t-1.2 0.5h-17.2q-0.7 0-1.2-0.5t-0.5-1.2v-2.8h-4q-0.2 0-0.4-0.2t-0.2-0.4v-7.4q0-1.4 1-2.4t2.4-1h1.2v-9.7q0-0.7 0.5-1.2t1.2-0.5h12q0.7 0 1.6 0.4t1.3 0.8l2.7 2.7q0.5 0.5 0.9 1.4t0.4 1.6v4.6h1.1q1.4 0 2.4 1t1 2.4z\"\/><\/svg><\/span><\/a><\/li><li class=\"shariff-button mailto shariff-nocustomcolor\" style=\"background-color:#a8a8a8;border-radius:1%\"><a href=\"mailto:?body=https%3A%2F%2Fwww.sonnenseite.com%2Fde%2Fmobilitaet%2Fe-mobilitaet-batteriepreise-sinken-auf-rekordtief%2F&subject=E-Mobilit%C3%A4t%3A%20Batteriepreise%20sinken%20auf%20Rekordtief\" title=\"Per E-Mail versenden\" aria-label=\"Per E-Mail versenden\" role=\"button\" rel=\"noopener nofollow\" class=\"shariff-link\" style=\";border-radius:1%; background-color:#999; color:#fff\"><span class=\"shariff-icon\" style=\"\"><svg width=\"32px\" height=\"20px\" xmlns=\"http:\/\/www.w3.org\/2000\/svg\" viewBox=\"0 0 32 32\"><path fill=\"#999\" d=\"M32 12.7v14.2q0 1.2-0.8 2t-2 0.9h-26.3q-1.2 0-2-0.9t-0.8-2v-14.2q0.8 0.9 1.8 1.6 6.5 4.4 8.9 6.1 1 0.8 1.6 1.2t1.7 0.9 2 0.4h0.1q0.9 0 2-0.4t1.7-0.9 1.6-1.2q3-2.2 8.9-6.1 1-0.7 1.8-1.6zM32 7.4q0 1.4-0.9 2.7t-2.2 2.2q-6.7 4.7-8.4 5.8-0.2 0.1-0.7 0.5t-1 0.7-0.9 0.6-1.1 0.5-0.9 0.2h-0.1q-0.4 0-0.9-0.2t-1.1-0.5-0.9-0.6-1-0.7-0.7-0.5q-1.6-1.1-4.7-3.2t-3.6-2.6q-1.1-0.7-2.1-2t-1-2.5q0-1.4 0.7-2.3t2.1-0.9h26.3q1.2 0 2 0.8t0.9 2z\"\/><\/svg><\/span><\/a><\/li><\/ul><\/div>","protected":false},"excerpt":{"rendered":"<p>Im Jahr 2020 wurde ein Meilenstein der Elektromobilit\u00e4t erreicht: Zum ersten Mal sanken die Preise f\u00fcr [&hellip;]<\/p>\n","protected":false},"author":3,"featured_media":68038,"comment_status":"closed","ping_status":"closed","sticky":false,"template":"","format":"standard","meta":{"inline_featured_image":false,"footnotes":""},"categories":[25],"tags":[],"class_list":["post-68036","post","type-post","status-publish","format-standard","has-post-thumbnail","hentry","category-mobilitaet"],"yoast_head":"<!-- This site is optimized with the Yoast SEO plugin v26.5 - https:\/\/yoast.com\/wordpress\/plugins\/seo\/ -->\n<title>E-Mobilit\u00e4t: Batteriepreise sinken auf Rekordtief - Sonnenseite - \u00d6kologische Kommunikation mit Franz Alt<\/title>\n<meta name=\"description\" content=\"Im Jahr 2020 wurde ein Meilenstein der Elektromobilit\u00e4t erreicht: Zum ersten Mal sanken die Preise f\u00fcr Lithium-Ionen-Akkus auf unter 100 US-Dollar pro\" \/>\n<meta name=\"robots\" content=\"index, follow, max-snippet:-1, max-image-preview:large, max-video-preview:-1\" \/>\n<link rel=\"canonical\" href=\"https:\/\/www.sonnenseite.com\/de\/mobilitaet\/e-mobilitaet-batteriepreise-sinken-auf-rekordtief\/\" \/>\n<meta property=\"og:locale\" content=\"de_DE\" \/>\n<meta property=\"og:type\" content=\"article\" \/>\n<meta property=\"og:title\" content=\"E-Mobilit\u00e4t: Batteriepreise sinken auf Rekordtief - Sonnenseite - \u00d6kologische Kommunikation mit Franz Alt\" \/>\n<meta property=\"og:description\" content=\"Im Jahr 2020 wurde ein Meilenstein der Elektromobilit\u00e4t erreicht: Zum ersten Mal sanken die Preise f\u00fcr Lithium-Ionen-Akkus auf unter 100 US-Dollar pro\" \/>\n<meta property=\"og:url\" content=\"https:\/\/www.sonnenseite.com\/de\/mobilitaet\/e-mobilitaet-batteriepreise-sinken-auf-rekordtief\/\" \/>\n<meta property=\"og:site_name\" content=\"Sonnenseite\" \/>\n<meta property=\"article:publisher\" content=\"https:\/\/www.facebook.com\/pages\/Franz-Alt-SONNENSEITECOM\/221072987903953?fref=ts\" \/>\n<meta property=\"article:published_time\" content=\"2021-02-09T07:31:13+00:00\" \/>\n<meta property=\"article:modified_time\" content=\"2021-02-13T08:27:55+00:00\" \/>\n<meta property=\"og:image\" content=\"https:\/\/www.sonnenseite.com\/wp-content\/uploads\/2021\/02\/Norsk-Elbilforening-CC-BY-2.0-Batterie_EAuto.jpg\" \/>\n\t<meta property=\"og:image:width\" content=\"770\" \/>\n\t<meta property=\"og:image:height\" content=\"420\" \/>\n\t<meta property=\"og:image:type\" content=\"image\/jpeg\" \/>\n<meta name=\"author\" content=\"Bigi Alt\" \/>\n<meta name=\"twitter:card\" content=\"summary_large_image\" \/>\n<meta name=\"twitter:creator\" content=\"@franzalt\" \/>\n<meta name=\"twitter:site\" content=\"@franzalt\" \/>\n<meta name=\"twitter:label1\" content=\"Verfasst von\" \/>\n\t<meta name=\"twitter:data1\" content=\"Bigi Alt\" \/>\n\t<meta name=\"twitter:label2\" content=\"Gesch\u00e4tzte Lesezeit\" \/>\n\t<meta name=\"twitter:data2\" content=\"3\u00a0Minuten\" \/>\n<script type=\"application\/ld+json\" class=\"yoast-schema-graph\">{\"@context\":\"https:\/\/schema.org\",\"@graph\":[{\"@type\":\"Article\",\"@id\":\"https:\/\/www.sonnenseite.com\/de\/mobilitaet\/e-mobilitaet-batteriepreise-sinken-auf-rekordtief\/#article\",\"isPartOf\":{\"@id\":\"https:\/\/www.sonnenseite.com\/de\/mobilitaet\/e-mobilitaet-batteriepreise-sinken-auf-rekordtief\/\"},\"author\":{\"name\":\"Bigi Alt\",\"@id\":\"https:\/\/www.sonnenseite.com\/de\/#\/schema\/person\/50fda0e926597684c7cc6695238a4eb9\"},\"headline\":\"E-Mobilit\u00e4t: Batteriepreise sinken auf Rekordtief\",\"datePublished\":\"2021-02-09T07:31:13+00:00\",\"dateModified\":\"2021-02-13T08:27:55+00:00\",\"mainEntityOfPage\":{\"@id\":\"https:\/\/www.sonnenseite.com\/de\/mobilitaet\/e-mobilitaet-batteriepreise-sinken-auf-rekordtief\/\"},\"wordCount\":650,\"publisher\":{\"@id\":\"https:\/\/www.sonnenseite.com\/de\/#organization\"},\"image\":{\"@id\":\"https:\/\/www.sonnenseite.com\/de\/mobilitaet\/e-mobilitaet-batteriepreise-sinken-auf-rekordtief\/#primaryimage\"},\"thumbnailUrl\":\"https:\/\/www.sonnenseite.com\/wp-content\/uploads\/2021\/02\/Norsk-Elbilforening-CC-BY-2.0-Batterie_EAuto.jpg\",\"articleSection\":[\"Mobilit\u00e4t\"],\"inLanguage\":\"de\"},{\"@type\":\"WebPage\",\"@id\":\"https:\/\/www.sonnenseite.com\/de\/mobilitaet\/e-mobilitaet-batteriepreise-sinken-auf-rekordtief\/\",\"url\":\"https:\/\/www.sonnenseite.com\/de\/mobilitaet\/e-mobilitaet-batteriepreise-sinken-auf-rekordtief\/\",\"name\":\"E-Mobilit\u00e4t: Batteriepreise sinken auf Rekordtief - Sonnenseite - \u00d6kologische Kommunikation mit Franz Alt\",\"isPartOf\":{\"@id\":\"https:\/\/www.sonnenseite.com\/de\/#website\"},\"primaryImageOfPage\":{\"@id\":\"https:\/\/www.sonnenseite.com\/de\/mobilitaet\/e-mobilitaet-batteriepreise-sinken-auf-rekordtief\/#primaryimage\"},\"image\":{\"@id\":\"https:\/\/www.sonnenseite.com\/de\/mobilitaet\/e-mobilitaet-batteriepreise-sinken-auf-rekordtief\/#primaryimage\"},\"thumbnailUrl\":\"https:\/\/www.sonnenseite.com\/wp-content\/uploads\/2021\/02\/Norsk-Elbilforening-CC-BY-2.0-Batterie_EAuto.jpg\",\"datePublished\":\"2021-02-09T07:31:13+00:00\",\"dateModified\":\"2021-02-13T08:27:55+00:00\",\"description\":\"Im Jahr 2020 wurde ein Meilenstein der Elektromobilit\u00e4t erreicht: Zum ersten Mal sanken die Preise f\u00fcr Lithium-Ionen-Akkus auf unter 100 US-Dollar pro\",\"breadcrumb\":{\"@id\":\"https:\/\/www.sonnenseite.com\/de\/mobilitaet\/e-mobilitaet-batteriepreise-sinken-auf-rekordtief\/#breadcrumb\"},\"inLanguage\":\"de\",\"potentialAction\":[{\"@type\":\"ReadAction\",\"target\":[\"https:\/\/www.sonnenseite.com\/de\/mobilitaet\/e-mobilitaet-batteriepreise-sinken-auf-rekordtief\/\"]}]},{\"@type\":\"ImageObject\",\"inLanguage\":\"de\",\"@id\":\"https:\/\/www.sonnenseite.com\/de\/mobilitaet\/e-mobilitaet-batteriepreise-sinken-auf-rekordtief\/#primaryimage\",\"url\":\"https:\/\/www.sonnenseite.com\/wp-content\/uploads\/2021\/02\/Norsk-Elbilforening-CC-BY-2.0-Batterie_EAuto.jpg\",\"contentUrl\":\"https:\/\/www.sonnenseite.com\/wp-content\/uploads\/2021\/02\/Norsk-Elbilforening-CC-BY-2.0-Batterie_EAuto.jpg\",\"width\":770,\"height\":420,\"caption\":\"flickr.com | Norsk Elbilforening-CC-BY-2.0 | Batterie - E-Auto\"},{\"@type\":\"BreadcrumbList\",\"@id\":\"https:\/\/www.sonnenseite.com\/de\/mobilitaet\/e-mobilitaet-batteriepreise-sinken-auf-rekordtief\/#breadcrumb\",\"itemListElement\":[{\"@type\":\"ListItem\",\"position\":1,\"name\":\"Startseite\",\"item\":\"https:\/\/www.sonnenseite.com\/de\/\"},{\"@type\":\"ListItem\",\"position\":2,\"name\":\"E-Mobilit\u00e4t: Batteriepreise sinken auf Rekordtief\"}]},{\"@type\":\"WebSite\",\"@id\":\"https:\/\/www.sonnenseite.com\/de\/#website\",\"url\":\"https:\/\/www.sonnenseite.com\/de\/\",\"name\":\"Sonnenseite\",\"description\":\"\u00d6kologische Kommunikation mit Franz Alt\",\"publisher\":{\"@id\":\"https:\/\/www.sonnenseite.com\/de\/#organization\"},\"potentialAction\":[{\"@type\":\"SearchAction\",\"target\":{\"@type\":\"EntryPoint\",\"urlTemplate\":\"https:\/\/www.sonnenseite.com\/de\/?s={search_term_string}\"},\"query-input\":{\"@type\":\"PropertyValueSpecification\",\"valueRequired\":true,\"valueName\":\"search_term_string\"}}],\"inLanguage\":\"de\"},{\"@type\":\"Organization\",\"@id\":\"https:\/\/www.sonnenseite.com\/de\/#organization\",\"name\":\"Sonnenseite\",\"url\":\"https:\/\/www.sonnenseite.com\/de\/\",\"logo\":{\"@type\":\"ImageObject\",\"inLanguage\":\"de\",\"@id\":\"https:\/\/www.sonnenseite.com\/de\/#\/schema\/logo\/image\/\",\"url\":\"https:\/\/www.sonnenseite.com\/wp-content\/uploads\/2020\/05\/Sonnenseite_Logo.png\",\"contentUrl\":\"https:\/\/www.sonnenseite.com\/wp-content\/uploads\/2020\/05\/Sonnenseite_Logo.png\",\"width\":377,\"height\":90,\"caption\":\"Sonnenseite\"},\"image\":{\"@id\":\"https:\/\/www.sonnenseite.com\/de\/#\/schema\/logo\/image\/\"},\"sameAs\":[\"https:\/\/www.facebook.com\/pages\/Franz-Alt-SONNENSEITECOM\/221072987903953?fref=ts\",\"https:\/\/x.com\/franzalt\",\"http:\/\/www.youtube.com\/results?search_query&amp;amp;quot;franz_alt&amp;amp;quot;&amp;amp;amp;amp;search_type&amp;amp;amp;amp;aq=f\"]},{\"@type\":\"Person\",\"@id\":\"https:\/\/www.sonnenseite.com\/de\/#\/schema\/person\/50fda0e926597684c7cc6695238a4eb9\",\"name\":\"Bigi Alt\"}]}<\/script>\n<!-- \/ Yoast SEO plugin. -->","yoast_head_json":{"title":"E-Mobilit\u00e4t: Batteriepreise sinken auf Rekordtief - Sonnenseite - \u00d6kologische Kommunikation mit Franz Alt","description":"Im Jahr 2020 wurde ein Meilenstein der Elektromobilit\u00e4t erreicht: Zum ersten Mal sanken die Preise f\u00fcr Lithium-Ionen-Akkus auf unter 100 US-Dollar pro","robots":{"index":"index","follow":"follow","max-snippet":"max-snippet:-1","max-image-preview":"max-image-preview:large","max-video-preview":"max-video-preview:-1"},"canonical":"https:\/\/www.sonnenseite.com\/de\/mobilitaet\/e-mobilitaet-batteriepreise-sinken-auf-rekordtief\/","og_locale":"de_DE","og_type":"article","og_title":"E-Mobilit\u00e4t: Batteriepreise sinken auf Rekordtief - Sonnenseite - \u00d6kologische Kommunikation mit Franz Alt","og_description":"Im Jahr 2020 wurde ein Meilenstein der Elektromobilit\u00e4t erreicht: Zum ersten Mal sanken die Preise f\u00fcr Lithium-Ionen-Akkus auf unter 100 US-Dollar pro","og_url":"https:\/\/www.sonnenseite.com\/de\/mobilitaet\/e-mobilitaet-batteriepreise-sinken-auf-rekordtief\/","og_site_name":"Sonnenseite","article_publisher":"https:\/\/www.facebook.com\/pages\/Franz-Alt-SONNENSEITECOM\/221072987903953?fref=ts","article_published_time":"2021-02-09T07:31:13+00:00","article_modified_time":"2021-02-13T08:27:55+00:00","og_image":[{"width":770,"height":420,"url":"https:\/\/www.sonnenseite.com\/wp-content\/uploads\/2021\/02\/Norsk-Elbilforening-CC-BY-2.0-Batterie_EAuto.jpg","type":"image\/jpeg"}],"author":"Bigi Alt","twitter_card":"summary_large_image","twitter_creator":"@franzalt","twitter_site":"@franzalt","twitter_misc":{"Verfasst von":"Bigi Alt","Gesch\u00e4tzte Lesezeit":"3\u00a0Minuten"},"schema":{"@context":"https:\/\/schema.org","@graph":[{"@type":"Article","@id":"https:\/\/www.sonnenseite.com\/de\/mobilitaet\/e-mobilitaet-batteriepreise-sinken-auf-rekordtief\/#article","isPartOf":{"@id":"https:\/\/www.sonnenseite.com\/de\/mobilitaet\/e-mobilitaet-batteriepreise-sinken-auf-rekordtief\/"},"author":{"name":"Bigi Alt","@id":"https:\/\/www.sonnenseite.com\/de\/#\/schema\/person\/50fda0e926597684c7cc6695238a4eb9"},"headline":"E-Mobilit\u00e4t: Batteriepreise sinken auf Rekordtief","datePublished":"2021-02-09T07:31:13+00:00","dateModified":"2021-02-13T08:27:55+00:00","mainEntityOfPage":{"@id":"https:\/\/www.sonnenseite.com\/de\/mobilitaet\/e-mobilitaet-batteriepreise-sinken-auf-rekordtief\/"},"wordCount":650,"publisher":{"@id":"https:\/\/www.sonnenseite.com\/de\/#organization"},"image":{"@id":"https:\/\/www.sonnenseite.com\/de\/mobilitaet\/e-mobilitaet-batteriepreise-sinken-auf-rekordtief\/#primaryimage"},"thumbnailUrl":"https:\/\/www.sonnenseite.com\/wp-content\/uploads\/2021\/02\/Norsk-Elbilforening-CC-BY-2.0-Batterie_EAuto.jpg","articleSection":["Mobilit\u00e4t"],"inLanguage":"de"},{"@type":"WebPage","@id":"https:\/\/www.sonnenseite.com\/de\/mobilitaet\/e-mobilitaet-batteriepreise-sinken-auf-rekordtief\/","url":"https:\/\/www.sonnenseite.com\/de\/mobilitaet\/e-mobilitaet-batteriepreise-sinken-auf-rekordtief\/","name":"E-Mobilit\u00e4t: Batteriepreise sinken auf Rekordtief - Sonnenseite - \u00d6kologische Kommunikation mit Franz Alt","isPartOf":{"@id":"https:\/\/www.sonnenseite.com\/de\/#website"},"primaryImageOfPage":{"@id":"https:\/\/www.sonnenseite.com\/de\/mobilitaet\/e-mobilitaet-batteriepreise-sinken-auf-rekordtief\/#primaryimage"},"image":{"@id":"https:\/\/www.sonnenseite.com\/de\/mobilitaet\/e-mobilitaet-batteriepreise-sinken-auf-rekordtief\/#primaryimage"},"thumbnailUrl":"https:\/\/www.sonnenseite.com\/wp-content\/uploads\/2021\/02\/Norsk-Elbilforening-CC-BY-2.0-Batterie_EAuto.jpg","datePublished":"2021-02-09T07:31:13+00:00","dateModified":"2021-02-13T08:27:55+00:00","description":"Im Jahr 2020 wurde ein Meilenstein der Elektromobilit\u00e4t erreicht: Zum ersten Mal sanken die Preise f\u00fcr Lithium-Ionen-Akkus auf unter 100 US-Dollar pro","breadcrumb":{"@id":"https:\/\/www.sonnenseite.com\/de\/mobilitaet\/e-mobilitaet-batteriepreise-sinken-auf-rekordtief\/#breadcrumb"},"inLanguage":"de","potentialAction":[{"@type":"ReadAction","target":["https:\/\/www.sonnenseite.com\/de\/mobilitaet\/e-mobilitaet-batteriepreise-sinken-auf-rekordtief\/"]}]},{"@type":"ImageObject","inLanguage":"de","@id":"https:\/\/www.sonnenseite.com\/de\/mobilitaet\/e-mobilitaet-batteriepreise-sinken-auf-rekordtief\/#primaryimage","url":"https:\/\/www.sonnenseite.com\/wp-content\/uploads\/2021\/02\/Norsk-Elbilforening-CC-BY-2.0-Batterie_EAuto.jpg","contentUrl":"https:\/\/www.sonnenseite.com\/wp-content\/uploads\/2021\/02\/Norsk-Elbilforening-CC-BY-2.0-Batterie_EAuto.jpg","width":770,"height":420,"caption":"flickr.com | Norsk Elbilforening-CC-BY-2.0 | Batterie - E-Auto"},{"@type":"BreadcrumbList","@id":"https:\/\/www.sonnenseite.com\/de\/mobilitaet\/e-mobilitaet-batteriepreise-sinken-auf-rekordtief\/#breadcrumb","itemListElement":[{"@type":"ListItem","position":1,"name":"Startseite","item":"https:\/\/www.sonnenseite.com\/de\/"},{"@type":"ListItem","position":2,"name":"E-Mobilit\u00e4t: Batteriepreise sinken auf Rekordtief"}]},{"@type":"WebSite","@id":"https:\/\/www.sonnenseite.com\/de\/#website","url":"https:\/\/www.sonnenseite.com\/de\/","name":"Sonnenseite","description":"\u00d6kologische Kommunikation mit Franz Alt","publisher":{"@id":"https:\/\/www.sonnenseite.com\/de\/#organization"},"potentialAction":[{"@type":"SearchAction","target":{"@type":"EntryPoint","urlTemplate":"https:\/\/www.sonnenseite.com\/de\/?s={search_term_string}"},"query-input":{"@type":"PropertyValueSpecification","valueRequired":true,"valueName":"search_term_string"}}],"inLanguage":"de"},{"@type":"Organization","@id":"https:\/\/www.sonnenseite.com\/de\/#organization","name":"Sonnenseite","url":"https:\/\/www.sonnenseite.com\/de\/","logo":{"@type":"ImageObject","inLanguage":"de","@id":"https:\/\/www.sonnenseite.com\/de\/#\/schema\/logo\/image\/","url":"https:\/\/www.sonnenseite.com\/wp-content\/uploads\/2020\/05\/Sonnenseite_Logo.png","contentUrl":"https:\/\/www.sonnenseite.com\/wp-content\/uploads\/2020\/05\/Sonnenseite_Logo.png","width":377,"height":90,"caption":"Sonnenseite"},"image":{"@id":"https:\/\/www.sonnenseite.com\/de\/#\/schema\/logo\/image\/"},"sameAs":["https:\/\/www.facebook.com\/pages\/Franz-Alt-SONNENSEITECOM\/221072987903953?fref=ts","https:\/\/x.com\/franzalt","http:\/\/www.youtube.com\/results?search_query&amp;amp;quot;franz_alt&amp;amp;quot;&amp;amp;amp;amp;search_type&amp;amp;amp;amp;aq=f"]},{"@type":"Person","@id":"https:\/\/www.sonnenseite.com\/de\/#\/schema\/person\/50fda0e926597684c7cc6695238a4eb9","name":"Bigi Alt"}]}},"_links":{"self":[{"href":"https:\/\/www.sonnenseite.com\/de\/wp-json\/wp\/v2\/posts\/68036","targetHints":{"allow":["GET"]}}],"collection":[{"href":"https:\/\/www.sonnenseite.com\/de\/wp-json\/wp\/v2\/posts"}],"about":[{"href":"https:\/\/www.sonnenseite.com\/de\/wp-json\/wp\/v2\/types\/post"}],"author":[{"embeddable":true,"href":"https:\/\/www.sonnenseite.com\/de\/wp-json\/wp\/v2\/users\/3"}],"replies":[{"embeddable":true,"href":"https:\/\/www.sonnenseite.com\/de\/wp-json\/wp\/v2\/comments?post=68036"}],"version-history":[{"count":2,"href":"https:\/\/www.sonnenseite.com\/de\/wp-json\/wp\/v2\/posts\/68036\/revisions"}],"predecessor-version":[{"id":68042,"href":"https:\/\/www.sonnenseite.com\/de\/wp-json\/wp\/v2\/posts\/68036\/revisions\/68042"}],"wp:featuredmedia":[{"embeddable":true,"href":"https:\/\/www.sonnenseite.com\/de\/wp-json\/wp\/v2\/media\/68038"}],"wp:attachment":[{"href":"https:\/\/www.sonnenseite.com\/de\/wp-json\/wp\/v2\/media?parent=68036"}],"wp:term":[{"taxonomy":"category","embeddable":true,"href":"https:\/\/www.sonnenseite.com\/de\/wp-json\/wp\/v2\/categories?post=68036"},{"taxonomy":"post_tag","embeddable":true,"href":"https:\/\/www.sonnenseite.com\/de\/wp-json\/wp\/v2\/tags?post=68036"}],"curies":[{"name":"wp","href":"https:\/\/api.w.org\/{rel}","templated":true}]}}