{"id":68056,"date":"2021-02-10T02:42:00","date_gmt":"2021-02-10T01:42:00","guid":{"rendered":"https:\/\/www.sonnenseite.com\/?p=68056"},"modified":"2021-02-09T17:42:42","modified_gmt":"2021-02-09T16:42:42","slug":"smog-studie-mit-neuem-modell","status":"publish","type":"post","link":"https:\/\/www.sonnenseite.com\/de\/umwelt\/smog-studie-mit-neuem-modell\/","title":{"rendered":"Smog-Studie mit neuem Modell"},"content":{"rendered":"\n<p>Luftschadstoffe sind weltweit f\u00fcr jeden f\u00fcnften Todesfall verantwortlich, zeigt eine neue Harvard-Studie. Die Forscher weisen auf die Win-win-Situation beim Umstieg auf alternative Energien hin: besseres Klima und l\u00e4ngeres Leben.<\/p>\n\n\n\n<p>Luftverschmutzung durch die Verbrennung fossiler Energietr\u00e4ger wie Kohle und Erd\u00f6l ist ein Killer \u2013 sie verk\u00fcrzt die Lebenserwartung vieler Menschen auf der Welt. Das haben Studien <a href=\"https:\/\/www.klimareporter.de\/tag\/smog\" target=\"_blank\" rel=\"noreferrer noopener\">immer wieder gezeigt<\/a>.<\/p>\n\n\n\n<p>Das Risiko vorzeitiger Todesf\u00e4lle durch die so entstehenden Partikelemissionen in der Luft ist aber offenbar deutlich h\u00f6her als bisher angenommen. Eine neue <a href=\"https:\/\/reporterre.net\/IMG\/pdf\/paper_-_deaths_from_fossil_fuel_air_pollution.pdf\" target=\"_blank\" rel=\"noreferrer noopener\">Untersuchung<\/a> ergab, dass weltweit jedes Jahr mehr als acht Millionen Menschen daran sterben. Etwa jeder f\u00fcnfte Todesfall geht damit auf das Konto von Kohle und&nbsp;Co.&nbsp;<\/p>\n\n\n\n<p>Am st\u00e4rksten <a href=\"https:\/\/reporterre.net\/IMG\/pdf\/paper_-_deaths_from_fossil_fuel_air_pollution.pdf#page=21\" target=\"_blank\" rel=\"noreferrer noopener\">betroffen<\/a> sind laut der Studie Indien und China, wo die Kohleverbrennung eine <a href=\"https:\/\/www.klimareporter.de\/international\/indien-setzt-auf-kohle\" target=\"_blank\" rel=\"noreferrer noopener\">sehr gro\u00dfe Rolle spielt<\/a>. Die beiden L\u00e4nder haben die h\u00f6chsten Todesraten durch Luftverschmutzung.<\/p>\n\n\n\n<p>Aber auch Europa ist ein Schwerpunkt. In Deutschland gibt es j\u00e4hrlich knapp 200.000 vorzeitige Todesf\u00e4lle durch verschmutzte Luft, rund 22 Prozent der Gesamtzahl. Besonders betroffen sind das Ruhrgebiet, Berlin, Frankfurt am Main und Hamburg.<\/p>\n\n\n\n<p>Erarbeitet wurde die Studie von der renommierten US-Universit\u00e4t&nbsp;Harvard in Zusammenarbeit mit drei britischen Universit\u00e4ten (Birmingham, Leicester, University College London), <a href=\"https:\/\/discovery.ucl.ac.uk\/id\/eprint\/10119672\/\" target=\"_blank\" rel=\"noreferrer noopener\">ver\u00f6ffentlicht wird sie<\/a> am heutigen Dienstag in der Zeitschrift <a href=\"https:\/\/www.journals.elsevier.com\/environmental-research\/recent-articles\" target=\"_blank\" rel=\"noreferrer noopener\"><em>Environmental Research<\/em><\/a>.<\/p>\n\n\n\n<p>Die neuen hohen Zahlen \u00fcberraschen. <a href=\"https:\/\/www.klimareporter.de\/gesellschaft\/dicke-luft-fast-ueberall\" target=\"_blank\" rel=\"noreferrer noopener\">Fr\u00fchere Studien<\/a> kamen zu weitaus niedrigeren Hochrechnungen. So bezifferte die j\u00fcngste internationale <a href=\"https:\/\/www.thelancet.com\/gbd\" target=\"_blank\" rel=\"noreferrer noopener\">&#8222;Global Burden of Disease Study&#8220;<\/a>, die als gr\u00f6\u00dfte und umfassendste Studie zu den Ursachen der Sterblichkeit weltweit gilt, die Gesamtzahl der Todesf\u00e4lle durch Feinstaub in der Au\u00dfenluft auf 4,2 Millionen j\u00e4hrlich \u2013 und zwar einschlie\u00dflich des Rauchs von <a href=\"https:\/\/www.klimareporter.de\/tag\/waldbraende\" target=\"_blank\" rel=\"noreferrer noopener\">Waldbr\u00e4nden<\/a> und vom Abbrennen von Feldern in der Landwirtschaft.<\/p>\n\n\n\n<p>Es stellt sich die Frage: Wie kamen die Wissenschaftler auf eine so hohe Zahl von Todesf\u00e4llen allein durch fossile Brennstoffe? 2018 waren es nach ihren Daten rund 8,7 Millionen.<\/p>\n\n\n\n<h5 class=\"wp-block-heading\">Au\u00dfenluft-Werte erstmals direkt abgesch\u00e4tzt<\/h5>\n\n\n\n<p>Die Experten entwickelten ein neues Modell zur Risikobewertung der Luftverschmutzung, das die Schwachstellen bisheriger Berechnungen behebt. Denn obwohl seit Jahrzehnten bekannt ist, dass Feinstaub gef\u00e4hrlich ist, habe es bisher nur wenige epidemiologische Studien gegeben, die die Gesundheitsfolgen von sehr starker Luftverschmutzung analysierten, wie sie in China oder Indien vorkommt.<\/p>\n\n\n\n<p>In fr\u00fcheren Studien seien deshalb die bekannten Daten zum Passivrauchen in Innenr\u00e4umen genutzt worden, um die Folgen der hohen Werte im Freien abzusch\u00e4tzen. &#8222;Neuere Untersuchungen aus Asien haben jedoch gezeigt, dass dieser Ansatz das Risiko bei hohen Konzentrationen der Au\u00dfenluftverschmutzung erheblich untersch\u00e4tzt&#8220;, erl\u00e4utern die Forscher.<\/p>\n\n\n\n<p>Das neue Modell nutzt ein in Harvard entwickeltes globales 3-D-Modell der Atmosph\u00e4renchemie, dessen Ergebnisse anhand von Luftmessungen sowie flugzeug- und satellitengest\u00fctzten Beobachtungen auf der ganzen Welt \u00fcberpr\u00fcft worden sei. Anstatt Durchschnittswerte zu nutzen, die gro\u00dfe Regionen betreffen, habe man m\u00f6glichst genau <a href=\"https:\/\/reporterre.net\/IMG\/pdf\/paper_-_deaths_from_fossil_fuel_air_pollution.pdf#page=20\" target=\"_blank\" rel=\"noreferrer noopener\">kartiert<\/a>, &#8222;was die Menschen einatmen&#8220;, so die Forscher.<\/p>\n\n\n\n<p>Damit konnte nun auch gezeigt werden, dass Luftreinhaltema\u00dfnahmen tats\u00e4chlich positive Folgen haben. Beispiel China: Nachdem die Regierung in Peking unter anderem besonders schmutzige Industriebetriebe und Kohlemeiler <a href=\"https:\/\/www.klimareporter.de\/international\/die-neue-verteidigung-des-blauen-himmels\" target=\"_blank\" rel=\"noreferrer noopener\">stillgelegt hatte<\/a>, konnte man das laut der Studie sogar in den globalen Zahlen ablesen. 2012 h\u00e4tten die Feinstaub-Toten noch 21,5 Prozent der gesamten Todesf\u00e4lle ausgemacht, 2018 seien es &#8222;nur&#8220; noch 18 Prozent gewesen.<\/p>\n\n\n\n<p>Harvard-Professor und Mitautor <a href=\"https:\/\/www.hsph.harvard.edu\/joel-schwartz\/\" target=\"_blank\" rel=\"noreferrer noopener\">Joel Schwartz<\/a> betonte: &#8222;Wenn wir \u00fcber die Gefahren der Nutzung fossiler Brennstoffe diskutieren, geschieht das oft im Zusammenhang mit CO<sub>2<\/sub> und Klimawandel, und wir \u00fcbersehen die m\u00f6glichen gesundheitlichen Auswirkungen der Schadstoffe, die zusammen mit den Treibhausgasen emittiert werden.&#8220;<\/p>\n\n\n\n<p>Er hoffe, <a href=\"https:\/\/www.seas.harvard.edu\/news\/2021\/02\/deaths-fossil-fuel-emissions-higher-previously-thought\" target=\"_blank\" rel=\"noreferrer noopener\">sagte Schwartz<\/a>, dass die neue Studie den Politikern und allen Beteiligten noch klarer mache, welche Vorteile der \u00dcbergang zu alternativen Energiequellen bringe.<\/p>\n\n\n<h5 class=\"green\">Quelle<\/h5>\r\n\n\n\n<p>Der Bericht wurde von der\u00a0<a href=\"https:\/\/www.klimareporter.de\/gesellschaft\/winzige-killer-schlagen-noch-haerter-zu\">Redaktion \u201eklimareporter.de\u201c (Joachim Wille) 2021<\/a>\u00a0verfasst &#8211; der Artikel darf nicht ohne Genehmigung\u00a0(<a href=\"mailto:post@klimareporter.de\">post@klimareporter.de<\/a>) weiterverbreitet werden!\u00a0<\/p>\n<div class=\"shariff shariff-align-flex-start shariff-widget-align-flex-start\"><div class=\"ShariffHeadline\">Diese Meldung teilen<\/div><ul class=\"shariff-buttons theme-round orientation-horizontal buttonsize-medium\"><li class=\"shariff-button facebook shariff-nocustomcolor\" style=\"background-color:#4273c8;border-radius:1%\"><a href=\"https:\/\/www.facebook.com\/sharer\/sharer.php?u=https%3A%2F%2Fwww.sonnenseite.com%2Fde%2Fumwelt%2Fsmog-studie-mit-neuem-modell%2F\" title=\"Bei Facebook teilen\" aria-label=\"Bei Facebook teilen\" role=\"button\" rel=\"nofollow\" class=\"shariff-link\" style=\";border-radius:1%; background-color:#3b5998; color:#fff\" target=\"_blank\"><span class=\"shariff-icon\" style=\"\"><svg width=\"32px\" height=\"20px\" xmlns=\"http:\/\/www.w3.org\/2000\/svg\" viewBox=\"0 0 18 32\"><path fill=\"#3b5998\" d=\"M17.1 0.2v4.7h-2.8q-1.5 0-2.1 0.6t-0.5 1.9v3.4h5.2l-0.7 5.3h-4.5v13.6h-5.5v-13.6h-4.5v-5.3h4.5v-3.9q0-3.3 1.9-5.2t5-1.8q2.6 0 4.1 0.2z\"\/><\/svg><\/span><\/a><\/li><li class=\"shariff-button twitter shariff-nocustomcolor\" style=\"background-color:#595959;border-radius:1%\"><a href=\"https:\/\/twitter.com\/share?url=https%3A%2F%2Fwww.sonnenseite.com%2Fde%2Fumwelt%2Fsmog-studie-mit-neuem-modell%2F&text=Smog-Studie%20mit%20neuem%20Modell\" title=\"Bei X teilen\" aria-label=\"Bei X teilen\" role=\"button\" rel=\"noopener nofollow\" class=\"shariff-link\" style=\";border-radius:1%; background-color:#000; color:#fff\" target=\"_blank\"><span class=\"shariff-icon\" style=\"\"><svg width=\"32px\" height=\"20px\" xmlns=\"http:\/\/www.w3.org\/2000\/svg\" viewBox=\"0 0 24 24\"><path fill=\"#000\" d=\"M14.258 10.152L23.176 0h-2.113l-7.747 8.813L7.133 0H0l9.352 13.328L0 23.973h2.113l8.176-9.309 6.531 9.309h7.133zm-2.895 3.293l-.949-1.328L2.875 1.56h3.246l6.086 8.523.945 1.328 7.91 11.078h-3.246zm0 0\"\/><\/svg><\/span><\/a><\/li><li class=\"shariff-button xing shariff-nocustomcolor\" style=\"background-color:#29888a;border-radius:1%\"><a href=\"https:\/\/www.xing.com\/spi\/shares\/new?url=https%3A%2F%2Fwww.sonnenseite.com%2Fde%2Fumwelt%2Fsmog-studie-mit-neuem-modell%2F\" title=\"Bei XING teilen\" aria-label=\"Bei XING teilen\" role=\"button\" rel=\"noopener nofollow\" class=\"shariff-link\" style=\";border-radius:1%; background-color:#126567; color:#fff\" target=\"_blank\"><span class=\"shariff-icon\" style=\"\"><svg width=\"32px\" height=\"20px\" xmlns=\"http:\/\/www.w3.org\/2000\/svg\" viewBox=\"0 0 25 32\"><path fill=\"#126567\" d=\"M10.7 11.9q-0.2 0.3-4.6 8.2-0.5 0.8-1.2 0.8h-4.3q-0.4 0-0.5-0.3t0-0.6l4.5-8q0 0 0 0l-2.9-5q-0.2-0.4 0-0.7 0.2-0.3 0.5-0.3h4.3q0.7 0 1.2 0.8zM25.1 0.4q0.2 0.3 0 0.7l-9.4 16.7 6 11q0.2 0.4 0 0.6-0.2 0.3-0.6 0.3h-4.3q-0.7 0-1.2-0.8l-6-11.1q0.3-0.6 9.5-16.8 0.4-0.8 1.2-0.8h4.3q0.4 0 0.5 0.3z\"\/><\/svg><\/span><\/a><\/li><li class=\"shariff-button linkedin shariff-nocustomcolor\" style=\"background-color:#1488bf;border-radius:1%\"><a href=\"https:\/\/www.linkedin.com\/sharing\/share-offsite\/?url=https%3A%2F%2Fwww.sonnenseite.com%2Fde%2Fumwelt%2Fsmog-studie-mit-neuem-modell%2F\" title=\"Bei LinkedIn teilen\" aria-label=\"Bei LinkedIn teilen\" role=\"button\" rel=\"noopener nofollow\" class=\"shariff-link\" style=\";border-radius:1%; background-color:#0077b5; color:#fff\" target=\"_blank\"><span class=\"shariff-icon\" style=\"\"><svg width=\"32px\" height=\"20px\" xmlns=\"http:\/\/www.w3.org\/2000\/svg\" viewBox=\"0 0 27 32\"><path fill=\"#0077b5\" d=\"M6.2 11.2v17.7h-5.9v-17.7h5.9zM6.6 5.7q0 1.3-0.9 2.2t-2.4 0.9h0q-1.5 0-2.4-0.9t-0.9-2.2 0.9-2.2 2.4-0.9 2.4 0.9 0.9 2.2zM27.4 18.7v10.1h-5.9v-9.5q0-1.9-0.7-2.9t-2.3-1.1q-1.1 0-1.9 0.6t-1.2 1.5q-0.2 0.5-0.2 1.4v9.9h-5.9q0-7.1 0-11.6t0-5.3l0-0.9h5.9v2.6h0q0.4-0.6 0.7-1t1-0.9 1.6-0.8 2-0.3q3 0 4.9 2t1.9 6z\"\/><\/svg><\/span><\/a><\/li><li class=\"shariff-button printer shariff-nocustomcolor\" style=\"background-color:#a8a8a8;border-radius:1%\"><a href=\"javascript:window.print()\" title=\"drucken\" aria-label=\"drucken\" role=\"button\" rel=\"noopener nofollow\" class=\"shariff-link\" style=\";border-radius:1%; background-color:#999; color:#fff\"><span class=\"shariff-icon\" style=\"\"><svg width=\"32px\" height=\"20px\" xmlns=\"http:\/\/www.w3.org\/2000\/svg\" viewBox=\"0 0 30 32\"><path fill=\"#999\" d=\"M6.8 27.4h16v-4.6h-16v4.6zM6.8 16h16v-6.8h-2.8q-0.7 0-1.2-0.5t-0.5-1.2v-2.8h-11.4v11.4zM27.4 17.2q0-0.5-0.3-0.8t-0.8-0.4-0.8 0.4-0.3 0.8 0.3 0.8 0.8 0.3 0.8-0.3 0.3-0.8zM29.7 17.2v7.4q0 0.2-0.2 0.4t-0.4 0.2h-4v2.8q0 0.7-0.5 1.2t-1.2 0.5h-17.2q-0.7 0-1.2-0.5t-0.5-1.2v-2.8h-4q-0.2 0-0.4-0.2t-0.2-0.4v-7.4q0-1.4 1-2.4t2.4-1h1.2v-9.7q0-0.7 0.5-1.2t1.2-0.5h12q0.7 0 1.6 0.4t1.3 0.8l2.7 2.7q0.5 0.5 0.9 1.4t0.4 1.6v4.6h1.1q1.4 0 2.4 1t1 2.4z\"\/><\/svg><\/span><\/a><\/li><li class=\"shariff-button mailto shariff-nocustomcolor\" style=\"background-color:#a8a8a8;border-radius:1%\"><a href=\"mailto:?body=https%3A%2F%2Fwww.sonnenseite.com%2Fde%2Fumwelt%2Fsmog-studie-mit-neuem-modell%2F&subject=Smog-Studie%20mit%20neuem%20Modell\" title=\"Per E-Mail versenden\" aria-label=\"Per E-Mail versenden\" role=\"button\" rel=\"noopener nofollow\" class=\"shariff-link\" style=\";border-radius:1%; background-color:#999; color:#fff\"><span class=\"shariff-icon\" style=\"\"><svg width=\"32px\" height=\"20px\" xmlns=\"http:\/\/www.w3.org\/2000\/svg\" viewBox=\"0 0 32 32\"><path fill=\"#999\" d=\"M32 12.7v14.2q0 1.2-0.8 2t-2 0.9h-26.3q-1.2 0-2-0.9t-0.8-2v-14.2q0.8 0.9 1.8 1.6 6.5 4.4 8.9 6.1 1 0.8 1.6 1.2t1.7 0.9 2 0.4h0.1q0.9 0 2-0.4t1.7-0.9 1.6-1.2q3-2.2 8.9-6.1 1-0.7 1.8-1.6zM32 7.4q0 1.4-0.9 2.7t-2.2 2.2q-6.7 4.7-8.4 5.8-0.2 0.1-0.7 0.5t-1 0.7-0.9 0.6-1.1 0.5-0.9 0.2h-0.1q-0.4 0-0.9-0.2t-1.1-0.5-0.9-0.6-1-0.7-0.7-0.5q-1.6-1.1-4.7-3.2t-3.6-2.6q-1.1-0.7-2.1-2t-1-2.5q0-1.4 0.7-2.3t2.1-0.9h26.3q1.2 0 2 0.8t0.9 2z\"\/><\/svg><\/span><\/a><\/li><\/ul><\/div>","protected":false},"excerpt":{"rendered":"<p>Luftschadstoffe sind weltweit f\u00fcr jeden f\u00fcnften Todesfall verantwortlich, zeigt eine neue Harvard-Studie. Die Forscher weisen auf [&hellip;]<\/p>\n","protected":false},"author":3,"featured_media":26598,"comment_status":"closed","ping_status":"closed","sticky":false,"template":"","format":"standard","meta":{"inline_featured_image":false,"footnotes":""},"categories":[23],"tags":[],"class_list":["post-68056","post","type-post","status-publish","format-standard","has-post-thumbnail","hentry","category-umwelt"],"yoast_head":"<!-- This site is optimized with the Yoast SEO plugin v26.5 - https:\/\/yoast.com\/wordpress\/plugins\/seo\/ -->\n<title>Smog-Studie mit neuem Modell - Sonnenseite - \u00d6kologische Kommunikation mit Franz Alt<\/title>\n<meta name=\"description\" content=\"Luftschadstoffe sind weltweit f\u00fcr jeden f\u00fcnften Todesfall verantwortlich, zeigt eine neue Harvard-Studie. Die Forscher weisen auf die Win-win-Situation\" \/>\n<meta name=\"robots\" content=\"index, follow, max-snippet:-1, max-image-preview:large, max-video-preview:-1\" \/>\n<link rel=\"canonical\" href=\"https:\/\/www.sonnenseite.com\/de\/umwelt\/smog-studie-mit-neuem-modell\/\" \/>\n<meta property=\"og:locale\" content=\"de_DE\" \/>\n<meta property=\"og:type\" content=\"article\" \/>\n<meta property=\"og:title\" content=\"Smog-Studie mit neuem Modell - Sonnenseite - \u00d6kologische Kommunikation mit Franz Alt\" \/>\n<meta property=\"og:description\" content=\"Luftschadstoffe sind weltweit f\u00fcr jeden f\u00fcnften Todesfall verantwortlich, zeigt eine neue Harvard-Studie. Die Forscher weisen auf die Win-win-Situation\" \/>\n<meta property=\"og:url\" content=\"https:\/\/www.sonnenseite.com\/de\/umwelt\/smog-studie-mit-neuem-modell\/\" \/>\n<meta property=\"og:site_name\" content=\"Sonnenseite\" \/>\n<meta property=\"article:publisher\" content=\"https:\/\/www.facebook.com\/pages\/Franz-Alt-SONNENSEITECOM\/221072987903953?fref=ts\" \/>\n<meta property=\"article:published_time\" content=\"2021-02-10T01:42:00+00:00\" \/>\n<meta property=\"og:image\" content=\"https:\/\/www.sonnenseite.com\/wp-content\/uploads\/2017\/07\/Smog_AsierRomeroCarballo.jpg\" \/>\n\t<meta property=\"og:image:width\" content=\"770\" \/>\n\t<meta property=\"og:image:height\" content=\"420\" \/>\n\t<meta property=\"og:image:type\" content=\"image\/jpeg\" \/>\n<meta name=\"author\" content=\"Bigi Alt\" \/>\n<meta name=\"twitter:card\" content=\"summary_large_image\" \/>\n<meta name=\"twitter:creator\" content=\"@franzalt\" \/>\n<meta name=\"twitter:site\" content=\"@franzalt\" \/>\n<meta name=\"twitter:label1\" content=\"Verfasst von\" \/>\n\t<meta name=\"twitter:data1\" content=\"Bigi Alt\" \/>\n\t<meta name=\"twitter:label2\" content=\"Gesch\u00e4tzte Lesezeit\" \/>\n\t<meta name=\"twitter:data2\" content=\"3\u00a0Minuten\" \/>\n<script type=\"application\/ld+json\" class=\"yoast-schema-graph\">{\"@context\":\"https:\/\/schema.org\",\"@graph\":[{\"@type\":\"Article\",\"@id\":\"https:\/\/www.sonnenseite.com\/de\/umwelt\/smog-studie-mit-neuem-modell\/#article\",\"isPartOf\":{\"@id\":\"https:\/\/www.sonnenseite.com\/de\/umwelt\/smog-studie-mit-neuem-modell\/\"},\"author\":{\"name\":\"Bigi Alt\",\"@id\":\"https:\/\/www.sonnenseite.com\/de\/#\/schema\/person\/50fda0e926597684c7cc6695238a4eb9\"},\"headline\":\"Smog-Studie mit neuem Modell\",\"datePublished\":\"2021-02-10T01:42:00+00:00\",\"mainEntityOfPage\":{\"@id\":\"https:\/\/www.sonnenseite.com\/de\/umwelt\/smog-studie-mit-neuem-modell\/\"},\"wordCount\":627,\"publisher\":{\"@id\":\"https:\/\/www.sonnenseite.com\/de\/#organization\"},\"image\":{\"@id\":\"https:\/\/www.sonnenseite.com\/de\/umwelt\/smog-studie-mit-neuem-modell\/#primaryimage\"},\"thumbnailUrl\":\"https:\/\/www.sonnenseite.com\/wp-content\/uploads\/2017\/07\/Smog_AsierRomeroCarballo.jpg\",\"articleSection\":[\"Umwelt\"],\"inLanguage\":\"de\"},{\"@type\":\"WebPage\",\"@id\":\"https:\/\/www.sonnenseite.com\/de\/umwelt\/smog-studie-mit-neuem-modell\/\",\"url\":\"https:\/\/www.sonnenseite.com\/de\/umwelt\/smog-studie-mit-neuem-modell\/\",\"name\":\"Smog-Studie mit neuem Modell - Sonnenseite - \u00d6kologische Kommunikation mit Franz Alt\",\"isPartOf\":{\"@id\":\"https:\/\/www.sonnenseite.com\/de\/#website\"},\"primaryImageOfPage\":{\"@id\":\"https:\/\/www.sonnenseite.com\/de\/umwelt\/smog-studie-mit-neuem-modell\/#primaryimage\"},\"image\":{\"@id\":\"https:\/\/www.sonnenseite.com\/de\/umwelt\/smog-studie-mit-neuem-modell\/#primaryimage\"},\"thumbnailUrl\":\"https:\/\/www.sonnenseite.com\/wp-content\/uploads\/2017\/07\/Smog_AsierRomeroCarballo.jpg\",\"datePublished\":\"2021-02-10T01:42:00+00:00\",\"description\":\"Luftschadstoffe sind weltweit f\u00fcr jeden f\u00fcnften Todesfall verantwortlich, zeigt eine neue Harvard-Studie. Die Forscher weisen auf die Win-win-Situation\",\"breadcrumb\":{\"@id\":\"https:\/\/www.sonnenseite.com\/de\/umwelt\/smog-studie-mit-neuem-modell\/#breadcrumb\"},\"inLanguage\":\"de\",\"potentialAction\":[{\"@type\":\"ReadAction\",\"target\":[\"https:\/\/www.sonnenseite.com\/de\/umwelt\/smog-studie-mit-neuem-modell\/\"]}]},{\"@type\":\"ImageObject\",\"inLanguage\":\"de\",\"@id\":\"https:\/\/www.sonnenseite.com\/de\/umwelt\/smog-studie-mit-neuem-modell\/#primaryimage\",\"url\":\"https:\/\/www.sonnenseite.com\/wp-content\/uploads\/2017\/07\/Smog_AsierRomeroCarballo.jpg\",\"contentUrl\":\"https:\/\/www.sonnenseite.com\/wp-content\/uploads\/2017\/07\/Smog_AsierRomeroCarballo.jpg\",\"width\":770,\"height\":420,\"caption\":\"Depositphotos | AsierRomeroCarballo | Luftverschmutzung: Klimasch\u00e4dlich hei\u00dft oft auch gesundheitssch\u00e4dlich.\"},{\"@type\":\"BreadcrumbList\",\"@id\":\"https:\/\/www.sonnenseite.com\/de\/umwelt\/smog-studie-mit-neuem-modell\/#breadcrumb\",\"itemListElement\":[{\"@type\":\"ListItem\",\"position\":1,\"name\":\"Startseite\",\"item\":\"https:\/\/www.sonnenseite.com\/de\/\"},{\"@type\":\"ListItem\",\"position\":2,\"name\":\"Smog-Studie mit neuem Modell\"}]},{\"@type\":\"WebSite\",\"@id\":\"https:\/\/www.sonnenseite.com\/de\/#website\",\"url\":\"https:\/\/www.sonnenseite.com\/de\/\",\"name\":\"Sonnenseite\",\"description\":\"\u00d6kologische Kommunikation mit Franz Alt\",\"publisher\":{\"@id\":\"https:\/\/www.sonnenseite.com\/de\/#organization\"},\"potentialAction\":[{\"@type\":\"SearchAction\",\"target\":{\"@type\":\"EntryPoint\",\"urlTemplate\":\"https:\/\/www.sonnenseite.com\/de\/?s={search_term_string}\"},\"query-input\":{\"@type\":\"PropertyValueSpecification\",\"valueRequired\":true,\"valueName\":\"search_term_string\"}}],\"inLanguage\":\"de\"},{\"@type\":\"Organization\",\"@id\":\"https:\/\/www.sonnenseite.com\/de\/#organization\",\"name\":\"Sonnenseite\",\"url\":\"https:\/\/www.sonnenseite.com\/de\/\",\"logo\":{\"@type\":\"ImageObject\",\"inLanguage\":\"de\",\"@id\":\"https:\/\/www.sonnenseite.com\/de\/#\/schema\/logo\/image\/\",\"url\":\"https:\/\/www.sonnenseite.com\/wp-content\/uploads\/2020\/05\/Sonnenseite_Logo.png\",\"contentUrl\":\"https:\/\/www.sonnenseite.com\/wp-content\/uploads\/2020\/05\/Sonnenseite_Logo.png\",\"width\":377,\"height\":90,\"caption\":\"Sonnenseite\"},\"image\":{\"@id\":\"https:\/\/www.sonnenseite.com\/de\/#\/schema\/logo\/image\/\"},\"sameAs\":[\"https:\/\/www.facebook.com\/pages\/Franz-Alt-SONNENSEITECOM\/221072987903953?fref=ts\",\"https:\/\/x.com\/franzalt\",\"http:\/\/www.youtube.com\/results?search_query&amp;amp;quot;franz_alt&amp;amp;quot;&amp;amp;amp;amp;search_type&amp;amp;amp;amp;aq=f\"]},{\"@type\":\"Person\",\"@id\":\"https:\/\/www.sonnenseite.com\/de\/#\/schema\/person\/50fda0e926597684c7cc6695238a4eb9\",\"name\":\"Bigi Alt\"}]}<\/script>\n<!-- \/ Yoast SEO plugin. -->","yoast_head_json":{"title":"Smog-Studie mit neuem Modell - Sonnenseite - \u00d6kologische Kommunikation mit Franz Alt","description":"Luftschadstoffe sind weltweit f\u00fcr jeden f\u00fcnften Todesfall verantwortlich, zeigt eine neue Harvard-Studie. Die Forscher weisen auf die Win-win-Situation","robots":{"index":"index","follow":"follow","max-snippet":"max-snippet:-1","max-image-preview":"max-image-preview:large","max-video-preview":"max-video-preview:-1"},"canonical":"https:\/\/www.sonnenseite.com\/de\/umwelt\/smog-studie-mit-neuem-modell\/","og_locale":"de_DE","og_type":"article","og_title":"Smog-Studie mit neuem Modell - Sonnenseite - \u00d6kologische Kommunikation mit Franz Alt","og_description":"Luftschadstoffe sind weltweit f\u00fcr jeden f\u00fcnften Todesfall verantwortlich, zeigt eine neue Harvard-Studie. Die Forscher weisen auf die Win-win-Situation","og_url":"https:\/\/www.sonnenseite.com\/de\/umwelt\/smog-studie-mit-neuem-modell\/","og_site_name":"Sonnenseite","article_publisher":"https:\/\/www.facebook.com\/pages\/Franz-Alt-SONNENSEITECOM\/221072987903953?fref=ts","article_published_time":"2021-02-10T01:42:00+00:00","og_image":[{"width":770,"height":420,"url":"https:\/\/www.sonnenseite.com\/wp-content\/uploads\/2017\/07\/Smog_AsierRomeroCarballo.jpg","type":"image\/jpeg"}],"author":"Bigi Alt","twitter_card":"summary_large_image","twitter_creator":"@franzalt","twitter_site":"@franzalt","twitter_misc":{"Verfasst von":"Bigi Alt","Gesch\u00e4tzte Lesezeit":"3\u00a0Minuten"},"schema":{"@context":"https:\/\/schema.org","@graph":[{"@type":"Article","@id":"https:\/\/www.sonnenseite.com\/de\/umwelt\/smog-studie-mit-neuem-modell\/#article","isPartOf":{"@id":"https:\/\/www.sonnenseite.com\/de\/umwelt\/smog-studie-mit-neuem-modell\/"},"author":{"name":"Bigi Alt","@id":"https:\/\/www.sonnenseite.com\/de\/#\/schema\/person\/50fda0e926597684c7cc6695238a4eb9"},"headline":"Smog-Studie mit neuem Modell","datePublished":"2021-02-10T01:42:00+00:00","mainEntityOfPage":{"@id":"https:\/\/www.sonnenseite.com\/de\/umwelt\/smog-studie-mit-neuem-modell\/"},"wordCount":627,"publisher":{"@id":"https:\/\/www.sonnenseite.com\/de\/#organization"},"image":{"@id":"https:\/\/www.sonnenseite.com\/de\/umwelt\/smog-studie-mit-neuem-modell\/#primaryimage"},"thumbnailUrl":"https:\/\/www.sonnenseite.com\/wp-content\/uploads\/2017\/07\/Smog_AsierRomeroCarballo.jpg","articleSection":["Umwelt"],"inLanguage":"de"},{"@type":"WebPage","@id":"https:\/\/www.sonnenseite.com\/de\/umwelt\/smog-studie-mit-neuem-modell\/","url":"https:\/\/www.sonnenseite.com\/de\/umwelt\/smog-studie-mit-neuem-modell\/","name":"Smog-Studie mit neuem Modell - Sonnenseite - \u00d6kologische Kommunikation mit Franz Alt","isPartOf":{"@id":"https:\/\/www.sonnenseite.com\/de\/#website"},"primaryImageOfPage":{"@id":"https:\/\/www.sonnenseite.com\/de\/umwelt\/smog-studie-mit-neuem-modell\/#primaryimage"},"image":{"@id":"https:\/\/www.sonnenseite.com\/de\/umwelt\/smog-studie-mit-neuem-modell\/#primaryimage"},"thumbnailUrl":"https:\/\/www.sonnenseite.com\/wp-content\/uploads\/2017\/07\/Smog_AsierRomeroCarballo.jpg","datePublished":"2021-02-10T01:42:00+00:00","description":"Luftschadstoffe sind weltweit f\u00fcr jeden f\u00fcnften Todesfall verantwortlich, zeigt eine neue Harvard-Studie. Die Forscher weisen auf die Win-win-Situation","breadcrumb":{"@id":"https:\/\/www.sonnenseite.com\/de\/umwelt\/smog-studie-mit-neuem-modell\/#breadcrumb"},"inLanguage":"de","potentialAction":[{"@type":"ReadAction","target":["https:\/\/www.sonnenseite.com\/de\/umwelt\/smog-studie-mit-neuem-modell\/"]}]},{"@type":"ImageObject","inLanguage":"de","@id":"https:\/\/www.sonnenseite.com\/de\/umwelt\/smog-studie-mit-neuem-modell\/#primaryimage","url":"https:\/\/www.sonnenseite.com\/wp-content\/uploads\/2017\/07\/Smog_AsierRomeroCarballo.jpg","contentUrl":"https:\/\/www.sonnenseite.com\/wp-content\/uploads\/2017\/07\/Smog_AsierRomeroCarballo.jpg","width":770,"height":420,"caption":"Depositphotos | AsierRomeroCarballo | Luftverschmutzung: Klimasch\u00e4dlich hei\u00dft oft auch gesundheitssch\u00e4dlich."},{"@type":"BreadcrumbList","@id":"https:\/\/www.sonnenseite.com\/de\/umwelt\/smog-studie-mit-neuem-modell\/#breadcrumb","itemListElement":[{"@type":"ListItem","position":1,"name":"Startseite","item":"https:\/\/www.sonnenseite.com\/de\/"},{"@type":"ListItem","position":2,"name":"Smog-Studie mit neuem Modell"}]},{"@type":"WebSite","@id":"https:\/\/www.sonnenseite.com\/de\/#website","url":"https:\/\/www.sonnenseite.com\/de\/","name":"Sonnenseite","description":"\u00d6kologische Kommunikation mit Franz Alt","publisher":{"@id":"https:\/\/www.sonnenseite.com\/de\/#organization"},"potentialAction":[{"@type":"SearchAction","target":{"@type":"EntryPoint","urlTemplate":"https:\/\/www.sonnenseite.com\/de\/?s={search_term_string}"},"query-input":{"@type":"PropertyValueSpecification","valueRequired":true,"valueName":"search_term_string"}}],"inLanguage":"de"},{"@type":"Organization","@id":"https:\/\/www.sonnenseite.com\/de\/#organization","name":"Sonnenseite","url":"https:\/\/www.sonnenseite.com\/de\/","logo":{"@type":"ImageObject","inLanguage":"de","@id":"https:\/\/www.sonnenseite.com\/de\/#\/schema\/logo\/image\/","url":"https:\/\/www.sonnenseite.com\/wp-content\/uploads\/2020\/05\/Sonnenseite_Logo.png","contentUrl":"https:\/\/www.sonnenseite.com\/wp-content\/uploads\/2020\/05\/Sonnenseite_Logo.png","width":377,"height":90,"caption":"Sonnenseite"},"image":{"@id":"https:\/\/www.sonnenseite.com\/de\/#\/schema\/logo\/image\/"},"sameAs":["https:\/\/www.facebook.com\/pages\/Franz-Alt-SONNENSEITECOM\/221072987903953?fref=ts","https:\/\/x.com\/franzalt","http:\/\/www.youtube.com\/results?search_query&amp;amp;quot;franz_alt&amp;amp;quot;&amp;amp;amp;amp;search_type&amp;amp;amp;amp;aq=f"]},{"@type":"Person","@id":"https:\/\/www.sonnenseite.com\/de\/#\/schema\/person\/50fda0e926597684c7cc6695238a4eb9","name":"Bigi Alt"}]}},"_links":{"self":[{"href":"https:\/\/www.sonnenseite.com\/de\/wp-json\/wp\/v2\/posts\/68056","targetHints":{"allow":["GET"]}}],"collection":[{"href":"https:\/\/www.sonnenseite.com\/de\/wp-json\/wp\/v2\/posts"}],"about":[{"href":"https:\/\/www.sonnenseite.com\/de\/wp-json\/wp\/v2\/types\/post"}],"author":[{"embeddable":true,"href":"https:\/\/www.sonnenseite.com\/de\/wp-json\/wp\/v2\/users\/3"}],"replies":[{"embeddable":true,"href":"https:\/\/www.sonnenseite.com\/de\/wp-json\/wp\/v2\/comments?post=68056"}],"version-history":[{"count":1,"href":"https:\/\/www.sonnenseite.com\/de\/wp-json\/wp\/v2\/posts\/68056\/revisions"}],"predecessor-version":[{"id":68057,"href":"https:\/\/www.sonnenseite.com\/de\/wp-json\/wp\/v2\/posts\/68056\/revisions\/68057"}],"wp:featuredmedia":[{"embeddable":true,"href":"https:\/\/www.sonnenseite.com\/de\/wp-json\/wp\/v2\/media\/26598"}],"wp:attachment":[{"href":"https:\/\/www.sonnenseite.com\/de\/wp-json\/wp\/v2\/media?parent=68056"}],"wp:term":[{"taxonomy":"category","embeddable":true,"href":"https:\/\/www.sonnenseite.com\/de\/wp-json\/wp\/v2\/categories?post=68056"},{"taxonomy":"post_tag","embeddable":true,"href":"https:\/\/www.sonnenseite.com\/de\/wp-json\/wp\/v2\/tags?post=68056"}],"curies":[{"name":"wp","href":"https:\/\/api.w.org\/{rel}","templated":true}]}}