{"id":68176,"date":"2021-02-12T12:17:24","date_gmt":"2021-02-12T11:17:24","guid":{"rendered":"https:\/\/www.sonnenseite.com\/?p=68176"},"modified":"2021-02-21T09:35:42","modified_gmt":"2021-02-21T08:35:42","slug":"deutsche-politik-redete-kohle-jahrzehntelang-schoen","status":"publish","type":"post","link":"https:\/\/www.sonnenseite.com\/de\/politik\/deutsche-politik-redete-kohle-jahrzehntelang-schoen\/","title":{"rendered":"Deutsche Politik redete Kohle jahrzehntelang sch\u00f6n"},"content":{"rendered":"\n<p>MCC-gef\u00fchrte Studie wertet mit Big-Data-Technologie alle Bundestagsreden seit 1949 aus. Auch nach der Uno-Klimarahmenkonvention gab es noch lange Zeit viel Zuspruch.<\/p>\n\n\n\n<div class=\"wp-block-image\"><figure class=\"alignright size-large is-resized\"><img loading=\"lazy\" decoding=\"async\" src=\"https:\/\/www.sonnenseite.com\/wp-content\/uploads\/2021\/02\/Spiegel_1986_KoelnerDom.jpg\" alt=\"\" class=\"wp-image-68178\" width=\"171\" height=\"227\"\/><figcaption>\u00a9 SPIEGEL.de<\/figcaption><\/figure><\/div>\n\n\n\n<p>Dass der Treibhauseffekt die Lebensgrundlagen der Menschheit gef\u00e4hrdet, ist keine neue Erkenntnis: 1979 gab es die erste Weltklimakonferenz, <a href=\"https:\/\/www.spiegel.de\/spiegel\/print\/index-1986-33.html\">1986 lie\u00df ein \u201eSpiegel\u201c-Titelbild den K\u00f6lner Dom im Meer versinken<\/a>, und bereits 1993 ging Deutschland beim Kampf gegen die Erderhitzung die ersten Verpflichtungen ein, mit der Ratifizierung der Uno-Klimarahmenkonvention. Doch die mit Abstand klimasch\u00e4dlichste Form der Stromerzeugung, das Verfeuern von Kohle, galt noch bis Mitte der 2000er-Jahre in der deutschen Politik als opportun. <\/p>\n\n\n\n<p>Zu diesem Ergebnis kommt eine Studie unter Federf\u00fchrung des Berliner Klimaforschungsinstituts MCC (Mercator Research Institute on Global Commons and Climate Change). Die Studie wertet mit Big-Data-Technologie s\u00e4mtliche 870.000 Bundestagsreden von 1949 bis 2019 aus. Sie wurde jetzt in der renommierten Fachzeitschrift <em>Energy Research &amp; Social Science<\/em> publiziert.<\/p>\n\n\n\n<p>\u201eEs ist bemerkenswert, dass das Thema Klimaschutz in Zusammenhang mit Kohle in Deutschland erst nach dem Ende der Koalition von Sozialdemokraten und Gr\u00fcnen hochkam\u201c, sagt <a href=\"https:\/\/www.mcc-berlin.net\/ueber-uns\/team\/mueller-hansen-finn.html\">Finn M\u00fcller-Hansen<\/a>, Forscher in der MCC-Arbeitsgruppe Angewandte Nachhaltigkeitsforschung und Leitautor der Studie. Die rot-gr\u00fcnen Bundesregierungen amtierten von 1998 bis 2005. \u201eDer Atomausstieg als zentrales energiepolitische Projekt hatte in dieser Zeit Priorit\u00e4t, und vergleichsweise effiziente neue Kohlemeiler galten als vielversprechende Br\u00fcckentechnologie. Unsere Analyse liefert die Erkl\u00e4rung daf\u00fcr, warum andere L\u00e4nder, etwa Gro\u00dfbritannien, beim Kohleausstieg schon viel weiter sind als Deutschland.\u201c<\/p>\n\n\n\n<p>Um auszumessen, wie sich die Bewertung der Kohleverstromung genau ver\u00e4ndert hat, nutzte das Forschungsteam die Methode des Topic Modeling. Damit k\u00f6nnen computergest\u00fctzt gro\u00dfe Textmengen auf ihre semantischen Strukturen hin analysiert und Querverbindungen ermittelt werden. Im Ergebnis zeigt sich die \u201eKarriere\u201c der Kohle in den letzten sieben Jahrzehnten: In der Zeit des Wiederaufbaus nach dem Zweiten Weltkrieg war sie zun\u00e4chst Symbol des Fortschrittsversprechens, nach der ersten \u00d6lkrise 1973 dann Garant von Energiesicherheit, in den 1980er-Jahren wurde sie dann erstmals auch mit kritischem Unterton als Ursache f\u00fcr Luftverschmutzung und Sauren Regen benannt und erst seit 15 Jahren als ein Kernproblem im Klimaschutz. Auch die spezifische Bewertung dieses Energietr\u00e4gers in den unterschiedlichen politischen Parteien sowie in den einzelnen Regionen wird in der Studie pr\u00e4zise abgebildet.<\/p>\n\n\n\n<p>Auch jenseits dieser konkrete Fragestellung f\u00fcr Deutschland, so betont MCC-Wissenschaftler M\u00fcller-Hansen, bietet der neuartige Forschungsansatz Potenzial: \u201eF\u00fcr erfolgreichen Klimaschutz ist es wichtig, ein Gesp\u00fcr f\u00fcr das Framing in energiepolitischen Debatten zu entwickeln \u2013 also in welche Zusammenh\u00e4nge zum Beispiel eine bestimmte Technik oder eine bestimmte Ma\u00dfnahme eingebettet ist und wie sich dies \u00fcber die Zeit ver\u00e4ndert.\u201c Solche politischen Festlegungen seien es, die in vielen L\u00e4ndern eine ambitioniertere Klimapolitik verhindern. \u201eUnsere Studie ist ein Beispiel daf\u00fcr, wie man diese Framings analytisch packen und Reformpolitik auf eine belastbare kommunikative Grundlage stellen kann.\u201c<\/p>\n\n\n\n<ul class=\"wp-block-list\"><li>M\u00fcller-Hansen, F., Callaghan, M., Lee, Y., Leipprand, A., Flachsland, C., Minx, J., 2021, Who cares about coal? Analyzing 70 years of German parliamentary debates on coal with dynamic topic modeling, <em><a href=\"https:\/\/www.elsevier.com\/solutions\/sciencedirect\">Energy Research &amp; Social Science<\/a><\/em><\/li><\/ul>\n\n\n<h5 class=\"green\">Quelle<\/h5>\r\n\n\n\n<p><a href=\"https:\/\/www.mcc-berlin.net\/news\/meldungen\/meldungen-detail\/article\/deutsche-politik-redete-kohle-jahrzehntelang-schoen.html\">Mercator Research Institute on Global Commons and Climate Change (MCC) 2021<\/a><\/p>\n<div class=\"shariff shariff-align-flex-start shariff-widget-align-flex-start\"><div class=\"ShariffHeadline\">Diese Meldung teilen<\/div><ul class=\"shariff-buttons theme-round orientation-horizontal buttonsize-medium\"><li class=\"shariff-button facebook shariff-nocustomcolor\" style=\"background-color:#4273c8;border-radius:1%\"><a href=\"https:\/\/www.facebook.com\/sharer\/sharer.php?u=https%3A%2F%2Fwww.sonnenseite.com%2Fde%2Fpolitik%2Fdeutsche-politik-redete-kohle-jahrzehntelang-schoen%2F\" title=\"Bei Facebook teilen\" aria-label=\"Bei Facebook teilen\" role=\"button\" rel=\"nofollow\" class=\"shariff-link\" style=\";border-radius:1%; background-color:#3b5998; color:#fff\" target=\"_blank\"><span class=\"shariff-icon\" style=\"\"><svg width=\"32px\" height=\"20px\" xmlns=\"http:\/\/www.w3.org\/2000\/svg\" viewBox=\"0 0 18 32\"><path fill=\"#3b5998\" d=\"M17.1 0.2v4.7h-2.8q-1.5 0-2.1 0.6t-0.5 1.9v3.4h5.2l-0.7 5.3h-4.5v13.6h-5.5v-13.6h-4.5v-5.3h4.5v-3.9q0-3.3 1.9-5.2t5-1.8q2.6 0 4.1 0.2z\"\/><\/svg><\/span><\/a><\/li><li class=\"shariff-button twitter shariff-nocustomcolor\" style=\"background-color:#595959;border-radius:1%\"><a href=\"https:\/\/twitter.com\/share?url=https%3A%2F%2Fwww.sonnenseite.com%2Fde%2Fpolitik%2Fdeutsche-politik-redete-kohle-jahrzehntelang-schoen%2F&text=Deutsche%20Politik%20redete%20Kohle%20jahrzehntelang%20sch%C3%B6n\" title=\"Bei X teilen\" aria-label=\"Bei X teilen\" role=\"button\" rel=\"noopener nofollow\" class=\"shariff-link\" style=\";border-radius:1%; background-color:#000; color:#fff\" target=\"_blank\"><span class=\"shariff-icon\" style=\"\"><svg width=\"32px\" height=\"20px\" xmlns=\"http:\/\/www.w3.org\/2000\/svg\" viewBox=\"0 0 24 24\"><path fill=\"#000\" d=\"M14.258 10.152L23.176 0h-2.113l-7.747 8.813L7.133 0H0l9.352 13.328L0 23.973h2.113l8.176-9.309 6.531 9.309h7.133zm-2.895 3.293l-.949-1.328L2.875 1.56h3.246l6.086 8.523.945 1.328 7.91 11.078h-3.246zm0 0\"\/><\/svg><\/span><\/a><\/li><li class=\"shariff-button xing shariff-nocustomcolor\" style=\"background-color:#29888a;border-radius:1%\"><a href=\"https:\/\/www.xing.com\/spi\/shares\/new?url=https%3A%2F%2Fwww.sonnenseite.com%2Fde%2Fpolitik%2Fdeutsche-politik-redete-kohle-jahrzehntelang-schoen%2F\" title=\"Bei XING teilen\" aria-label=\"Bei XING teilen\" role=\"button\" rel=\"noopener nofollow\" class=\"shariff-link\" style=\";border-radius:1%; background-color:#126567; color:#fff\" target=\"_blank\"><span class=\"shariff-icon\" style=\"\"><svg width=\"32px\" height=\"20px\" xmlns=\"http:\/\/www.w3.org\/2000\/svg\" viewBox=\"0 0 25 32\"><path fill=\"#126567\" d=\"M10.7 11.9q-0.2 0.3-4.6 8.2-0.5 0.8-1.2 0.8h-4.3q-0.4 0-0.5-0.3t0-0.6l4.5-8q0 0 0 0l-2.9-5q-0.2-0.4 0-0.7 0.2-0.3 0.5-0.3h4.3q0.7 0 1.2 0.8zM25.1 0.4q0.2 0.3 0 0.7l-9.4 16.7 6 11q0.2 0.4 0 0.6-0.2 0.3-0.6 0.3h-4.3q-0.7 0-1.2-0.8l-6-11.1q0.3-0.6 9.5-16.8 0.4-0.8 1.2-0.8h4.3q0.4 0 0.5 0.3z\"\/><\/svg><\/span><\/a><\/li><li class=\"shariff-button linkedin shariff-nocustomcolor\" style=\"background-color:#1488bf;border-radius:1%\"><a href=\"https:\/\/www.linkedin.com\/sharing\/share-offsite\/?url=https%3A%2F%2Fwww.sonnenseite.com%2Fde%2Fpolitik%2Fdeutsche-politik-redete-kohle-jahrzehntelang-schoen%2F\" title=\"Bei LinkedIn teilen\" aria-label=\"Bei LinkedIn teilen\" role=\"button\" rel=\"noopener nofollow\" class=\"shariff-link\" style=\";border-radius:1%; background-color:#0077b5; color:#fff\" target=\"_blank\"><span class=\"shariff-icon\" style=\"\"><svg width=\"32px\" height=\"20px\" xmlns=\"http:\/\/www.w3.org\/2000\/svg\" viewBox=\"0 0 27 32\"><path fill=\"#0077b5\" d=\"M6.2 11.2v17.7h-5.9v-17.7h5.9zM6.6 5.7q0 1.3-0.9 2.2t-2.4 0.9h0q-1.5 0-2.4-0.9t-0.9-2.2 0.9-2.2 2.4-0.9 2.4 0.9 0.9 2.2zM27.4 18.7v10.1h-5.9v-9.5q0-1.9-0.7-2.9t-2.3-1.1q-1.1 0-1.9 0.6t-1.2 1.5q-0.2 0.5-0.2 1.4v9.9h-5.9q0-7.1 0-11.6t0-5.3l0-0.9h5.9v2.6h0q0.4-0.6 0.7-1t1-0.9 1.6-0.8 2-0.3q3 0 4.9 2t1.9 6z\"\/><\/svg><\/span><\/a><\/li><li class=\"shariff-button printer shariff-nocustomcolor\" style=\"background-color:#a8a8a8;border-radius:1%\"><a href=\"javascript:window.print()\" title=\"drucken\" aria-label=\"drucken\" role=\"button\" rel=\"noopener nofollow\" class=\"shariff-link\" style=\";border-radius:1%; background-color:#999; color:#fff\"><span class=\"shariff-icon\" style=\"\"><svg width=\"32px\" height=\"20px\" xmlns=\"http:\/\/www.w3.org\/2000\/svg\" viewBox=\"0 0 30 32\"><path fill=\"#999\" d=\"M6.8 27.4h16v-4.6h-16v4.6zM6.8 16h16v-6.8h-2.8q-0.7 0-1.2-0.5t-0.5-1.2v-2.8h-11.4v11.4zM27.4 17.2q0-0.5-0.3-0.8t-0.8-0.4-0.8 0.4-0.3 0.8 0.3 0.8 0.8 0.3 0.8-0.3 0.3-0.8zM29.7 17.2v7.4q0 0.2-0.2 0.4t-0.4 0.2h-4v2.8q0 0.7-0.5 1.2t-1.2 0.5h-17.2q-0.7 0-1.2-0.5t-0.5-1.2v-2.8h-4q-0.2 0-0.4-0.2t-0.2-0.4v-7.4q0-1.4 1-2.4t2.4-1h1.2v-9.7q0-0.7 0.5-1.2t1.2-0.5h12q0.7 0 1.6 0.4t1.3 0.8l2.7 2.7q0.5 0.5 0.9 1.4t0.4 1.6v4.6h1.1q1.4 0 2.4 1t1 2.4z\"\/><\/svg><\/span><\/a><\/li><li class=\"shariff-button mailto shariff-nocustomcolor\" style=\"background-color:#a8a8a8;border-radius:1%\"><a href=\"mailto:?body=https%3A%2F%2Fwww.sonnenseite.com%2Fde%2Fpolitik%2Fdeutsche-politik-redete-kohle-jahrzehntelang-schoen%2F&subject=Deutsche%20Politik%20redete%20Kohle%20jahrzehntelang%20sch%C3%B6n\" title=\"Per E-Mail versenden\" aria-label=\"Per E-Mail versenden\" role=\"button\" rel=\"noopener nofollow\" class=\"shariff-link\" style=\";border-radius:1%; background-color:#999; color:#fff\"><span class=\"shariff-icon\" style=\"\"><svg width=\"32px\" height=\"20px\" xmlns=\"http:\/\/www.w3.org\/2000\/svg\" viewBox=\"0 0 32 32\"><path fill=\"#999\" d=\"M32 12.7v14.2q0 1.2-0.8 2t-2 0.9h-26.3q-1.2 0-2-0.9t-0.8-2v-14.2q0.8 0.9 1.8 1.6 6.5 4.4 8.9 6.1 1 0.8 1.6 1.2t1.7 0.9 2 0.4h0.1q0.9 0 2-0.4t1.7-0.9 1.6-1.2q3-2.2 8.9-6.1 1-0.7 1.8-1.6zM32 7.4q0 1.4-0.9 2.7t-2.2 2.2q-6.7 4.7-8.4 5.8-0.2 0.1-0.7 0.5t-1 0.7-0.9 0.6-1.1 0.5-0.9 0.2h-0.1q-0.4 0-0.9-0.2t-1.1-0.5-0.9-0.6-1-0.7-0.7-0.5q-1.6-1.1-4.7-3.2t-3.6-2.6q-1.1-0.7-2.1-2t-1-2.5q0-1.4 0.7-2.3t2.1-0.9h26.3q1.2 0 2 0.8t0.9 2z\"\/><\/svg><\/span><\/a><\/li><\/ul><\/div>","protected":false},"excerpt":{"rendered":"<p>MCC-gef\u00fchrte Studie wertet mit Big-Data-Technologie alle Bundestagsreden seit 1949 aus. Auch nach der Uno-Klimarahmenkonvention gab es [&hellip;]<\/p>\n","protected":false},"author":3,"featured_media":68184,"comment_status":"closed","ping_status":"closed","sticky":false,"template":"","format":"standard","meta":{"inline_featured_image":false,"footnotes":""},"categories":[21],"tags":[],"class_list":["post-68176","post","type-post","status-publish","format-standard","has-post-thumbnail","hentry","category-politik"],"yoast_head":"<!-- This site is optimized with the Yoast SEO plugin v26.5 - https:\/\/yoast.com\/wordpress\/plugins\/seo\/ -->\n<title>Deutsche Politik redete Kohle jahrzehntelang sch\u00f6n - Sonnenseite - \u00d6kologische Kommunikation mit Franz Alt<\/title>\n<meta name=\"description\" content=\"MCC-gef\u00fchrte Studie wertet mit Big-Data-Technologie alle Bundestagsreden seit 1949 aus. Auch nach der Uno-Klimarahmenkonvention gab es noch lange Zeit\" \/>\n<meta name=\"robots\" content=\"index, follow, max-snippet:-1, max-image-preview:large, max-video-preview:-1\" \/>\n<link rel=\"canonical\" href=\"https:\/\/www.sonnenseite.com\/de\/politik\/deutsche-politik-redete-kohle-jahrzehntelang-schoen\/\" \/>\n<meta property=\"og:locale\" content=\"de_DE\" \/>\n<meta property=\"og:type\" content=\"article\" \/>\n<meta property=\"og:title\" content=\"Deutsche Politik redete Kohle jahrzehntelang sch\u00f6n - Sonnenseite - \u00d6kologische Kommunikation mit Franz Alt\" \/>\n<meta property=\"og:description\" content=\"MCC-gef\u00fchrte Studie wertet mit Big-Data-Technologie alle Bundestagsreden seit 1949 aus. Auch nach der Uno-Klimarahmenkonvention gab es noch lange Zeit\" \/>\n<meta property=\"og:url\" content=\"https:\/\/www.sonnenseite.com\/de\/politik\/deutsche-politik-redete-kohle-jahrzehntelang-schoen\/\" \/>\n<meta property=\"og:site_name\" content=\"Sonnenseite\" \/>\n<meta property=\"article:publisher\" content=\"https:\/\/www.facebook.com\/pages\/Franz-Alt-SONNENSEITECOM\/221072987903953?fref=ts\" \/>\n<meta property=\"article:published_time\" content=\"2021-02-12T11:17:24+00:00\" \/>\n<meta property=\"article:modified_time\" content=\"2021-02-21T08:35:42+00:00\" \/>\n<meta property=\"og:image\" content=\"https:\/\/www.sonnenseite.com\/wp-content\/uploads\/2021\/02\/Bundestag_moerschy.jpg\" \/>\n\t<meta property=\"og:image:width\" content=\"770\" \/>\n\t<meta property=\"og:image:height\" content=\"420\" \/>\n\t<meta property=\"og:image:type\" content=\"image\/jpeg\" \/>\n<meta name=\"author\" content=\"Bigi Alt\" \/>\n<meta name=\"twitter:card\" content=\"summary_large_image\" \/>\n<meta name=\"twitter:creator\" content=\"@franzalt\" \/>\n<meta name=\"twitter:site\" content=\"@franzalt\" \/>\n<meta name=\"twitter:label1\" content=\"Verfasst von\" \/>\n\t<meta name=\"twitter:data1\" content=\"Bigi Alt\" \/>\n\t<meta name=\"twitter:label2\" content=\"Gesch\u00e4tzte Lesezeit\" \/>\n\t<meta name=\"twitter:data2\" content=\"3\u00a0Minuten\" \/>\n<script type=\"application\/ld+json\" class=\"yoast-schema-graph\">{\"@context\":\"https:\/\/schema.org\",\"@graph\":[{\"@type\":\"Article\",\"@id\":\"https:\/\/www.sonnenseite.com\/de\/politik\/deutsche-politik-redete-kohle-jahrzehntelang-schoen\/#article\",\"isPartOf\":{\"@id\":\"https:\/\/www.sonnenseite.com\/de\/politik\/deutsche-politik-redete-kohle-jahrzehntelang-schoen\/\"},\"author\":{\"name\":\"Bigi Alt\",\"@id\":\"https:\/\/www.sonnenseite.com\/de\/#\/schema\/person\/50fda0e926597684c7cc6695238a4eb9\"},\"headline\":\"Deutsche Politik redete Kohle jahrzehntelang sch\u00f6n\",\"datePublished\":\"2021-02-12T11:17:24+00:00\",\"dateModified\":\"2021-02-21T08:35:42+00:00\",\"mainEntityOfPage\":{\"@id\":\"https:\/\/www.sonnenseite.com\/de\/politik\/deutsche-politik-redete-kohle-jahrzehntelang-schoen\/\"},\"wordCount\":510,\"publisher\":{\"@id\":\"https:\/\/www.sonnenseite.com\/de\/#organization\"},\"image\":{\"@id\":\"https:\/\/www.sonnenseite.com\/de\/politik\/deutsche-politik-redete-kohle-jahrzehntelang-schoen\/#primaryimage\"},\"thumbnailUrl\":\"https:\/\/www.sonnenseite.com\/wp-content\/uploads\/2021\/02\/Bundestag_moerschy.jpg\",\"articleSection\":[\"Politik\"],\"inLanguage\":\"de\"},{\"@type\":\"WebPage\",\"@id\":\"https:\/\/www.sonnenseite.com\/de\/politik\/deutsche-politik-redete-kohle-jahrzehntelang-schoen\/\",\"url\":\"https:\/\/www.sonnenseite.com\/de\/politik\/deutsche-politik-redete-kohle-jahrzehntelang-schoen\/\",\"name\":\"Deutsche Politik redete Kohle jahrzehntelang sch\u00f6n - Sonnenseite - \u00d6kologische Kommunikation mit Franz Alt\",\"isPartOf\":{\"@id\":\"https:\/\/www.sonnenseite.com\/de\/#website\"},\"primaryImageOfPage\":{\"@id\":\"https:\/\/www.sonnenseite.com\/de\/politik\/deutsche-politik-redete-kohle-jahrzehntelang-schoen\/#primaryimage\"},\"image\":{\"@id\":\"https:\/\/www.sonnenseite.com\/de\/politik\/deutsche-politik-redete-kohle-jahrzehntelang-schoen\/#primaryimage\"},\"thumbnailUrl\":\"https:\/\/www.sonnenseite.com\/wp-content\/uploads\/2021\/02\/Bundestag_moerschy.jpg\",\"datePublished\":\"2021-02-12T11:17:24+00:00\",\"dateModified\":\"2021-02-21T08:35:42+00:00\",\"description\":\"MCC-gef\u00fchrte Studie wertet mit Big-Data-Technologie alle Bundestagsreden seit 1949 aus. Auch nach der Uno-Klimarahmenkonvention gab es noch lange Zeit\",\"breadcrumb\":{\"@id\":\"https:\/\/www.sonnenseite.com\/de\/politik\/deutsche-politik-redete-kohle-jahrzehntelang-schoen\/#breadcrumb\"},\"inLanguage\":\"de\",\"potentialAction\":[{\"@type\":\"ReadAction\",\"target\":[\"https:\/\/www.sonnenseite.com\/de\/politik\/deutsche-politik-redete-kohle-jahrzehntelang-schoen\/\"]}]},{\"@type\":\"ImageObject\",\"inLanguage\":\"de\",\"@id\":\"https:\/\/www.sonnenseite.com\/de\/politik\/deutsche-politik-redete-kohle-jahrzehntelang-schoen\/#primaryimage\",\"url\":\"https:\/\/www.sonnenseite.com\/wp-content\/uploads\/2021\/02\/Bundestag_moerschy.jpg\",\"contentUrl\":\"https:\/\/www.sonnenseite.com\/wp-content\/uploads\/2021\/02\/Bundestag_moerschy.jpg\",\"width\":770,\"height\":420,\"caption\":\"pixabay.com | moerschy | Nach der Bundestagswahl: Wer regiert in der \u00dcbergangszeit? Die Koalitionsverhandlungen sollen, nach Friedrich Merz (CDU), nach Ostern abgeschlossen sein. Dann kann er zum neuen Bundeskanzler gew\u00e4hlt werden.\"},{\"@type\":\"BreadcrumbList\",\"@id\":\"https:\/\/www.sonnenseite.com\/de\/politik\/deutsche-politik-redete-kohle-jahrzehntelang-schoen\/#breadcrumb\",\"itemListElement\":[{\"@type\":\"ListItem\",\"position\":1,\"name\":\"Startseite\",\"item\":\"https:\/\/www.sonnenseite.com\/de\/\"},{\"@type\":\"ListItem\",\"position\":2,\"name\":\"Deutsche Politik redete Kohle jahrzehntelang sch\u00f6n\"}]},{\"@type\":\"WebSite\",\"@id\":\"https:\/\/www.sonnenseite.com\/de\/#website\",\"url\":\"https:\/\/www.sonnenseite.com\/de\/\",\"name\":\"Sonnenseite\",\"description\":\"\u00d6kologische Kommunikation mit Franz Alt\",\"publisher\":{\"@id\":\"https:\/\/www.sonnenseite.com\/de\/#organization\"},\"potentialAction\":[{\"@type\":\"SearchAction\",\"target\":{\"@type\":\"EntryPoint\",\"urlTemplate\":\"https:\/\/www.sonnenseite.com\/de\/?s={search_term_string}\"},\"query-input\":{\"@type\":\"PropertyValueSpecification\",\"valueRequired\":true,\"valueName\":\"search_term_string\"}}],\"inLanguage\":\"de\"},{\"@type\":\"Organization\",\"@id\":\"https:\/\/www.sonnenseite.com\/de\/#organization\",\"name\":\"Sonnenseite\",\"url\":\"https:\/\/www.sonnenseite.com\/de\/\",\"logo\":{\"@type\":\"ImageObject\",\"inLanguage\":\"de\",\"@id\":\"https:\/\/www.sonnenseite.com\/de\/#\/schema\/logo\/image\/\",\"url\":\"https:\/\/www.sonnenseite.com\/wp-content\/uploads\/2020\/05\/Sonnenseite_Logo.png\",\"contentUrl\":\"https:\/\/www.sonnenseite.com\/wp-content\/uploads\/2020\/05\/Sonnenseite_Logo.png\",\"width\":377,\"height\":90,\"caption\":\"Sonnenseite\"},\"image\":{\"@id\":\"https:\/\/www.sonnenseite.com\/de\/#\/schema\/logo\/image\/\"},\"sameAs\":[\"https:\/\/www.facebook.com\/pages\/Franz-Alt-SONNENSEITECOM\/221072987903953?fref=ts\",\"https:\/\/x.com\/franzalt\",\"http:\/\/www.youtube.com\/results?search_query&amp;amp;quot;franz_alt&amp;amp;quot;&amp;amp;amp;amp;search_type&amp;amp;amp;amp;aq=f\"]},{\"@type\":\"Person\",\"@id\":\"https:\/\/www.sonnenseite.com\/de\/#\/schema\/person\/50fda0e926597684c7cc6695238a4eb9\",\"name\":\"Bigi Alt\"}]}<\/script>\n<!-- \/ Yoast SEO plugin. -->","yoast_head_json":{"title":"Deutsche Politik redete Kohle jahrzehntelang sch\u00f6n - Sonnenseite - \u00d6kologische Kommunikation mit Franz Alt","description":"MCC-gef\u00fchrte Studie wertet mit Big-Data-Technologie alle Bundestagsreden seit 1949 aus. Auch nach der Uno-Klimarahmenkonvention gab es noch lange Zeit","robots":{"index":"index","follow":"follow","max-snippet":"max-snippet:-1","max-image-preview":"max-image-preview:large","max-video-preview":"max-video-preview:-1"},"canonical":"https:\/\/www.sonnenseite.com\/de\/politik\/deutsche-politik-redete-kohle-jahrzehntelang-schoen\/","og_locale":"de_DE","og_type":"article","og_title":"Deutsche Politik redete Kohle jahrzehntelang sch\u00f6n - Sonnenseite - \u00d6kologische Kommunikation mit Franz Alt","og_description":"MCC-gef\u00fchrte Studie wertet mit Big-Data-Technologie alle Bundestagsreden seit 1949 aus. Auch nach der Uno-Klimarahmenkonvention gab es noch lange Zeit","og_url":"https:\/\/www.sonnenseite.com\/de\/politik\/deutsche-politik-redete-kohle-jahrzehntelang-schoen\/","og_site_name":"Sonnenseite","article_publisher":"https:\/\/www.facebook.com\/pages\/Franz-Alt-SONNENSEITECOM\/221072987903953?fref=ts","article_published_time":"2021-02-12T11:17:24+00:00","article_modified_time":"2021-02-21T08:35:42+00:00","og_image":[{"width":770,"height":420,"url":"https:\/\/www.sonnenseite.com\/wp-content\/uploads\/2021\/02\/Bundestag_moerschy.jpg","type":"image\/jpeg"}],"author":"Bigi Alt","twitter_card":"summary_large_image","twitter_creator":"@franzalt","twitter_site":"@franzalt","twitter_misc":{"Verfasst von":"Bigi Alt","Gesch\u00e4tzte Lesezeit":"3\u00a0Minuten"},"schema":{"@context":"https:\/\/schema.org","@graph":[{"@type":"Article","@id":"https:\/\/www.sonnenseite.com\/de\/politik\/deutsche-politik-redete-kohle-jahrzehntelang-schoen\/#article","isPartOf":{"@id":"https:\/\/www.sonnenseite.com\/de\/politik\/deutsche-politik-redete-kohle-jahrzehntelang-schoen\/"},"author":{"name":"Bigi Alt","@id":"https:\/\/www.sonnenseite.com\/de\/#\/schema\/person\/50fda0e926597684c7cc6695238a4eb9"},"headline":"Deutsche Politik redete Kohle jahrzehntelang sch\u00f6n","datePublished":"2021-02-12T11:17:24+00:00","dateModified":"2021-02-21T08:35:42+00:00","mainEntityOfPage":{"@id":"https:\/\/www.sonnenseite.com\/de\/politik\/deutsche-politik-redete-kohle-jahrzehntelang-schoen\/"},"wordCount":510,"publisher":{"@id":"https:\/\/www.sonnenseite.com\/de\/#organization"},"image":{"@id":"https:\/\/www.sonnenseite.com\/de\/politik\/deutsche-politik-redete-kohle-jahrzehntelang-schoen\/#primaryimage"},"thumbnailUrl":"https:\/\/www.sonnenseite.com\/wp-content\/uploads\/2021\/02\/Bundestag_moerschy.jpg","articleSection":["Politik"],"inLanguage":"de"},{"@type":"WebPage","@id":"https:\/\/www.sonnenseite.com\/de\/politik\/deutsche-politik-redete-kohle-jahrzehntelang-schoen\/","url":"https:\/\/www.sonnenseite.com\/de\/politik\/deutsche-politik-redete-kohle-jahrzehntelang-schoen\/","name":"Deutsche Politik redete Kohle jahrzehntelang sch\u00f6n - Sonnenseite - \u00d6kologische Kommunikation mit Franz Alt","isPartOf":{"@id":"https:\/\/www.sonnenseite.com\/de\/#website"},"primaryImageOfPage":{"@id":"https:\/\/www.sonnenseite.com\/de\/politik\/deutsche-politik-redete-kohle-jahrzehntelang-schoen\/#primaryimage"},"image":{"@id":"https:\/\/www.sonnenseite.com\/de\/politik\/deutsche-politik-redete-kohle-jahrzehntelang-schoen\/#primaryimage"},"thumbnailUrl":"https:\/\/www.sonnenseite.com\/wp-content\/uploads\/2021\/02\/Bundestag_moerschy.jpg","datePublished":"2021-02-12T11:17:24+00:00","dateModified":"2021-02-21T08:35:42+00:00","description":"MCC-gef\u00fchrte Studie wertet mit Big-Data-Technologie alle Bundestagsreden seit 1949 aus. Auch nach der Uno-Klimarahmenkonvention gab es noch lange Zeit","breadcrumb":{"@id":"https:\/\/www.sonnenseite.com\/de\/politik\/deutsche-politik-redete-kohle-jahrzehntelang-schoen\/#breadcrumb"},"inLanguage":"de","potentialAction":[{"@type":"ReadAction","target":["https:\/\/www.sonnenseite.com\/de\/politik\/deutsche-politik-redete-kohle-jahrzehntelang-schoen\/"]}]},{"@type":"ImageObject","inLanguage":"de","@id":"https:\/\/www.sonnenseite.com\/de\/politik\/deutsche-politik-redete-kohle-jahrzehntelang-schoen\/#primaryimage","url":"https:\/\/www.sonnenseite.com\/wp-content\/uploads\/2021\/02\/Bundestag_moerschy.jpg","contentUrl":"https:\/\/www.sonnenseite.com\/wp-content\/uploads\/2021\/02\/Bundestag_moerschy.jpg","width":770,"height":420,"caption":"pixabay.com | moerschy | Nach der Bundestagswahl: Wer regiert in der \u00dcbergangszeit? Die Koalitionsverhandlungen sollen, nach Friedrich Merz (CDU), nach Ostern abgeschlossen sein. Dann kann er zum neuen Bundeskanzler gew\u00e4hlt werden."},{"@type":"BreadcrumbList","@id":"https:\/\/www.sonnenseite.com\/de\/politik\/deutsche-politik-redete-kohle-jahrzehntelang-schoen\/#breadcrumb","itemListElement":[{"@type":"ListItem","position":1,"name":"Startseite","item":"https:\/\/www.sonnenseite.com\/de\/"},{"@type":"ListItem","position":2,"name":"Deutsche Politik redete Kohle jahrzehntelang sch\u00f6n"}]},{"@type":"WebSite","@id":"https:\/\/www.sonnenseite.com\/de\/#website","url":"https:\/\/www.sonnenseite.com\/de\/","name":"Sonnenseite","description":"\u00d6kologische Kommunikation mit Franz Alt","publisher":{"@id":"https:\/\/www.sonnenseite.com\/de\/#organization"},"potentialAction":[{"@type":"SearchAction","target":{"@type":"EntryPoint","urlTemplate":"https:\/\/www.sonnenseite.com\/de\/?s={search_term_string}"},"query-input":{"@type":"PropertyValueSpecification","valueRequired":true,"valueName":"search_term_string"}}],"inLanguage":"de"},{"@type":"Organization","@id":"https:\/\/www.sonnenseite.com\/de\/#organization","name":"Sonnenseite","url":"https:\/\/www.sonnenseite.com\/de\/","logo":{"@type":"ImageObject","inLanguage":"de","@id":"https:\/\/www.sonnenseite.com\/de\/#\/schema\/logo\/image\/","url":"https:\/\/www.sonnenseite.com\/wp-content\/uploads\/2020\/05\/Sonnenseite_Logo.png","contentUrl":"https:\/\/www.sonnenseite.com\/wp-content\/uploads\/2020\/05\/Sonnenseite_Logo.png","width":377,"height":90,"caption":"Sonnenseite"},"image":{"@id":"https:\/\/www.sonnenseite.com\/de\/#\/schema\/logo\/image\/"},"sameAs":["https:\/\/www.facebook.com\/pages\/Franz-Alt-SONNENSEITECOM\/221072987903953?fref=ts","https:\/\/x.com\/franzalt","http:\/\/www.youtube.com\/results?search_query&amp;amp;quot;franz_alt&amp;amp;quot;&amp;amp;amp;amp;search_type&amp;amp;amp;amp;aq=f"]},{"@type":"Person","@id":"https:\/\/www.sonnenseite.com\/de\/#\/schema\/person\/50fda0e926597684c7cc6695238a4eb9","name":"Bigi Alt"}]}},"_links":{"self":[{"href":"https:\/\/www.sonnenseite.com\/de\/wp-json\/wp\/v2\/posts\/68176","targetHints":{"allow":["GET"]}}],"collection":[{"href":"https:\/\/www.sonnenseite.com\/de\/wp-json\/wp\/v2\/posts"}],"about":[{"href":"https:\/\/www.sonnenseite.com\/de\/wp-json\/wp\/v2\/types\/post"}],"author":[{"embeddable":true,"href":"https:\/\/www.sonnenseite.com\/de\/wp-json\/wp\/v2\/users\/3"}],"replies":[{"embeddable":true,"href":"https:\/\/www.sonnenseite.com\/de\/wp-json\/wp\/v2\/comments?post=68176"}],"version-history":[{"count":3,"href":"https:\/\/www.sonnenseite.com\/de\/wp-json\/wp\/v2\/posts\/68176\/revisions"}],"predecessor-version":[{"id":68183,"href":"https:\/\/www.sonnenseite.com\/de\/wp-json\/wp\/v2\/posts\/68176\/revisions\/68183"}],"wp:featuredmedia":[{"embeddable":true,"href":"https:\/\/www.sonnenseite.com\/de\/wp-json\/wp\/v2\/media\/68184"}],"wp:attachment":[{"href":"https:\/\/www.sonnenseite.com\/de\/wp-json\/wp\/v2\/media?parent=68176"}],"wp:term":[{"taxonomy":"category","embeddable":true,"href":"https:\/\/www.sonnenseite.com\/de\/wp-json\/wp\/v2\/categories?post=68176"},{"taxonomy":"post_tag","embeddable":true,"href":"https:\/\/www.sonnenseite.com\/de\/wp-json\/wp\/v2\/tags?post=68176"}],"curies":[{"name":"wp","href":"https:\/\/api.w.org\/{rel}","templated":true}]}}