{"id":68305,"date":"2021-02-16T08:57:22","date_gmt":"2021-02-16T07:57:22","guid":{"rendered":"https:\/\/www.sonnenseite.com\/?p=68305"},"modified":"2021-03-05T10:57:20","modified_gmt":"2021-03-05T09:57:20","slug":"die-klimaschutzverhinderer","status":"publish","type":"post","link":"https:\/\/www.sonnenseite.com\/de\/politik\/die-klimaschutzverhinderer\/","title":{"rendered":"Die Klimaschutzverhinderer"},"content":{"rendered":"\n<p>Sensationelle Aufdeckungen zum Netzwerk der Klimaschutzverhinderer in Deutschland. Altmaier bereitet den n\u00e4chsten Schlag gegen die F\u00f6rderung der EE vor.<\/p>\n\n\n\n<p>Mit gro\u00dfer wahlbeeinflussender Resonanz hatte der YouTuber Rezo 2019 die <a href=\"https:\/\/www.youtube.com\/watch?v=4Y1lZQsyuSQ\" target=\"_blank\" rel=\"noreferrer noopener\">Anti-Klimapolitik der CDU<\/a> aufgezeigt.&nbsp;Doch das war zum Gl\u00fcck nicht die einzige kraftvolle junge Stimme f\u00fcr den Klimaschutz.&nbsp;Es ist wichtig, dass es immer mehr investigative Journalist*innen gibt, die die im Hintergrund arbeitenden Netzwerke der Klimaschutzverhinderer aufdecken.<\/p>\n\n\n\n<p>Seit \u00fcber einem Jahrzehnt arbeitet ein Netzwerk von Klimawandelleugner*innen, Managern*innen der Kohlewirtschaft und energieintensiven Industrie, Windkraftgegner*innen, Wirtschaftswissenschaftler*innen und Politiker*innen aus CDU, FDP und AfD konsequent und teilweise gemeinsam an der Abwehr funktionierender Klimaschutzma\u00dfnahmen und am Abschaffen der F\u00f6rderung der Erneuerbaren Energien, insbesondere des EEG.<\/p>\n\n\n\n<p>In einer <a href=\"https:\/\/energiewende.eu\/netzwerk-gegen-die-energiewende\/\" target=\"_blank\" rel=\"noreferrer noopener\">genialen Analyse<\/a> hat das Online-Magazin Europ\u00e4ische Energiewende die Vernetzungen, Strippenzieher und willf\u00e4hrigen Erf\u00fcllungsgehilfen (es sind in der Tat nur M\u00e4nner) insbesondere Bundesminister Altmaier und den neugew\u00e4hlte CDU-Vorsitzenden Laschet analysiert und dargestellt.<\/p>\n\n\n\n<p>Es ist jedem zu empfehlen dieses Netzwerk ausf\u00fchrlich zu studieren, wenn er oder sie verstehen will, warum der Klimaschutz in Deutschland seit Jahren nicht vorankommt und der Ausbau der Erneuerbaren Energien im letzten Jahrzehnt St\u00fcck f\u00fcr St\u00fcck dezimiert wurde.<\/p>\n\n\n\n<p>Ich empfehle dringend diese geniale Netzwerkdarstellung als Plakat auszudrucken und in jedes B\u00fcro von Klimaaktivist*innen zu h\u00e4ngen, in die Schaufenster und Schauk\u00e4sten, damit auch eine breitere \u00d6ffentlichkeit \u00fcber die schamlose Klimazerst\u00f6rungspolitik und deren Hintergrundnetzwerk aufgekl\u00e4rt wird.<\/p>\n\n\n\n<p>Auch der <a href=\"https:\/\/www.spiegel.de\/wirtschaft\/windenergie-so-verhindert-die-anti-windkraft-bewegung-neue-anlagen-a-46d88419-3b1d-427d-b6c0-cf696fec283c\" target=\"_blank\" rel=\"noreferrer noopener\">Spiegel berichtete<\/a> k\u00fcrzlich von einer <a href=\"https:\/\/www.greenpeace.de\/sites\/www.greenpeace.de\/files\/publications\/paper_windkraft_final.pdf\">Greenpeace-Recherche<\/a>, die das Netzwerk der Anti-Windkraft-Bewegung aufzeigt. Sie wird getragen von angeblichen Umweltvereinen, die in Wirklichkeit Antiwindkraftklagevereine sind, bis hinein in die Reihen der CDU, das Wirtschaftsministerium von Peter Altmaier und in die AfD.<\/p>\n\n\n\n<p>Diese Netzwerke arbeiten konsequent am Niedergang der Erneuerbare Energien und sabotieren so den Klimaschutz. Statt endlich den Ausbau der Erneuerbare Energien zu beschleunigen, bereitet das eng in das Netzwerk eingebundene Wirtschaftsministerium unter Peter Altmaier die n\u00e4chsten Schritte gegen die F\u00f6rderung der Erneuerbare Energien vor.<\/p>\n\n\n\n<p>Wie Tagesspiegel Background berichtete, arbeitet das BMWi nach eigenen Angaben derzeit an einem Vorschlag, die EEG-Umlage mittelfristig vollst\u00e4ndig abzuschaffen und die F\u00f6rderung \u00fcber den Haushalt zu finanzieren. Dabei schlage das Ministerium vor, die Finanzierung aller Neuanlagen, die ab 2022 in Betrieb gehen, aus dem Haushalt zu decken. Sp\u00e4testens 2027 legt die Regierung laut Gesetz einen umfassenden Vorschlag zum Umstieg auf einen marktgetriebenen Ausbau vor.<\/p>\n\n\n\n<p>Damit ist klar, es geht Altmaier, der CDU\/CSU und weiten Teilen der SPD nicht um Klimaschutz, nicht um einen dringend ben\u00f6tigten beschleunigten Ausbau der Erneuerbaren Energien, sondern um umfassende Eingriffe in die erfolgreiche Funktionsf\u00e4higkeit des EEG, mit dem Ziel zum Schutze von Kohle, Erd\u00f6l und Erdgas. Wie immer muss die EEG-Umlage als S\u00fcndenbock herhalten, obwohl sie laut Zahlen von <a href=\"https:\/\/www.bdew.de\/media\/documents\/20200107_BDEW-Strompreisanalyse_Januar_2020.pdf\">BDEW<\/a> und <a href=\"https:\/\/www.vzbv.de\/dokument\/entwicklung-der-energiekosten-einem-deutschen-musterhaushalt\">VZBV<\/a> nicht einmal 6% der Energiekosten eines typischen Vier-Personen-Haushaltes ausmacht.<\/p>\n\n\n\n<p>Seit \u00fcber einem Jahrzehnt wird die EEG-Umlage als Symbol f\u00fcr zu hohe Energiepreise stigmatisiert, obwohl deren Abschaffung eben nur eine Winzigkeit im Geldbeutel der Energieverbraucher ausmachen w\u00fcrde.<\/p>\n\n\n\n<p>Die Stimmungsmache gegen die EEG-Umlage ist seit 10 Jahren Vehikel mit dem Ziel, das EEG und damit die F\u00f6rderung der Erneuerbaren Energien insgesamt abzuschaffen. Nichts anderes hat die Bundesregierung im Ziel, wenn sie meint, dass die Erneuerbare Energien sich am Markt nun selbst behaupten sollten. Sie verschweigt aber die hohen und st\u00e4ndig neuen marktverzerrenden Subventionen der fossilen Energien, weshalb die Erneuerbare Energien es weiter schwer haben, sich durchzusetzen, obwohl sie schon erheblich billiger sind als die fossilen.<\/p>\n\n\n\n<p>Die vollst\u00e4ndige Abschaffung der EEG hat auch genau dieses Ziel. Die Einspeiseverg\u00fctungen aller neuen Anlagen sollen nach den Vorstellung von Altmaier ab 2022 nur noch aus Steuermitteln finanziert werden. Dann wird es jedes Jahr im ministeriellen Aufstellungsprozess des Bundeshaushaltes einen Hickhack darum geben, wieviel Erneuerbare Energien \u00fcberhaupt noch zugebaut werden und was da dem Steuerzahler zumutbar w\u00e4re. In den Haushaltsberatungen werden dann die Finanzpolitiker*innen wie immer alle Rotstifte ansetzen und die Ausbauvolumina der gef\u00f6rderten Erneuerbaren Energien drastisch reduzieren. Erkl\u00e4rung wird dann sein, dass man wegen der hohen Staatsverschuldung durch die Corona-Wirtschaftskrise \u201eleider\u201c \u00fcberall streichen m\u00fcsse.<\/p>\n\n\n\n<p>Genau das ist das Kalk\u00fcl der fossilen Kohlewirtschaft, die gerade in den letzten Tagen ihre Unterschrift zum Erhalt der vier Milliarden Euro an neuen Subventionen geleistet hat und damit bis 2038 hofft auch tats\u00e4chlich die letzten Kohlemeiler betreiben zu k\u00f6nnen.<\/p>\n\n\n\n<p>Auch die Erdgaswirtschaft freut sich \u00fcber die st\u00e4ndig steigenden Angebote zur Finanzierungsunterst\u00fctzung von neuen Gaspipelines und LNG-Terminals. Die markverzerrenden Subventionen f\u00fcr die fossile Wirtschaft steigen st\u00e4ndig. Nun ist offenkundig geworden, dass Finanzminister Olaf Scholz <a href=\"https:\/\/www.deutschlandfunk.de\/fluessiggas-lng-deutschland-will-unabhaengig-von-import-gas.724.de.html?dram:article_id=492477\" target=\"_blank\" rel=\"noreferrer noopener\">Milliardenunterst\u00fctzung f\u00fcr neue LNG-Terminals<\/a> angeboten hat, wenn die USA im Gegenzug die Sanktionen gegen die russische Nordstream-II-Pipeline fallen lassen.<\/p>\n\n\n\n<p>Das w\u00e4re ein doppelter Schlag f\u00fcr das klimasch\u00e4dliche Erdgas und gegen die Erneuerbaren Energien, die es dann noch schwerer h\u00e4tten, sich gegen den hochsubventionierten fossilen Markt durchzusetzen. Da ist es ein Hohn, wenn nun immer st\u00e4rker gefordert wird, dass sich die Erneuerbaren Energien am Markt selbst behaupten sollten. Die Abschaffung der EEG-Umlage und Finanzierung aus dem Steuerhaushalt ist also genau ein wichtiger Etappenschritt daf\u00fcr, den Ausbau der Erneuerbaren Energien weiter zu drosseln.<\/p>\n\n\n\n<p>Genau dies ist die Strategie der Klimazerst\u00f6rer aus dem oben aufgezeigten Netzwerk der Klimazerst\u00f6rer.<\/p>\n\n\n<h5 class=\"green\">Quelle<\/h5>\r\n\n\n\n<p><a href=\"http:\/\/www.hans-josef-fell.de\" target=\"_blank\" rel=\"noreferrer noopener\">Hans-Josef Fell 2021<\/a> |&nbsp;<a href=\"http:\/\/energywatchgroup.org\/\" target=\"_blank\" rel=\"noreferrer noopener\">Pr\u00e4sident der Energy Watch Group (EWG) und Autor des EEG<\/a><\/p>\n<div class=\"shariff shariff-align-flex-start shariff-widget-align-flex-start\"><div class=\"ShariffHeadline\">Diese Meldung teilen<\/div><ul class=\"shariff-buttons theme-round orientation-horizontal buttonsize-medium\"><li class=\"shariff-button facebook shariff-nocustomcolor\" style=\"background-color:#4273c8;border-radius:1%\"><a href=\"https:\/\/www.facebook.com\/sharer\/sharer.php?u=https%3A%2F%2Fwww.sonnenseite.com%2Fde%2Fpolitik%2Fdie-klimaschutzverhinderer%2F\" title=\"Bei Facebook teilen\" aria-label=\"Bei Facebook teilen\" role=\"button\" rel=\"nofollow\" class=\"shariff-link\" style=\";border-radius:1%; background-color:#3b5998; color:#fff\" target=\"_blank\"><span class=\"shariff-icon\" style=\"\"><svg width=\"32px\" height=\"20px\" xmlns=\"http:\/\/www.w3.org\/2000\/svg\" viewBox=\"0 0 18 32\"><path fill=\"#3b5998\" d=\"M17.1 0.2v4.7h-2.8q-1.5 0-2.1 0.6t-0.5 1.9v3.4h5.2l-0.7 5.3h-4.5v13.6h-5.5v-13.6h-4.5v-5.3h4.5v-3.9q0-3.3 1.9-5.2t5-1.8q2.6 0 4.1 0.2z\"\/><\/svg><\/span><\/a><\/li><li class=\"shariff-button twitter shariff-nocustomcolor\" style=\"background-color:#595959;border-radius:1%\"><a href=\"https:\/\/twitter.com\/share?url=https%3A%2F%2Fwww.sonnenseite.com%2Fde%2Fpolitik%2Fdie-klimaschutzverhinderer%2F&text=Die%20Klimaschutzverhinderer\" title=\"Bei X teilen\" aria-label=\"Bei X teilen\" role=\"button\" rel=\"noopener nofollow\" class=\"shariff-link\" style=\";border-radius:1%; background-color:#000; color:#fff\" target=\"_blank\"><span class=\"shariff-icon\" style=\"\"><svg width=\"32px\" height=\"20px\" xmlns=\"http:\/\/www.w3.org\/2000\/svg\" viewBox=\"0 0 24 24\"><path fill=\"#000\" d=\"M14.258 10.152L23.176 0h-2.113l-7.747 8.813L7.133 0H0l9.352 13.328L0 23.973h2.113l8.176-9.309 6.531 9.309h7.133zm-2.895 3.293l-.949-1.328L2.875 1.56h3.246l6.086 8.523.945 1.328 7.91 11.078h-3.246zm0 0\"\/><\/svg><\/span><\/a><\/li><li class=\"shariff-button xing shariff-nocustomcolor\" style=\"background-color:#29888a;border-radius:1%\"><a href=\"https:\/\/www.xing.com\/spi\/shares\/new?url=https%3A%2F%2Fwww.sonnenseite.com%2Fde%2Fpolitik%2Fdie-klimaschutzverhinderer%2F\" title=\"Bei XING teilen\" aria-label=\"Bei XING teilen\" role=\"button\" rel=\"noopener nofollow\" class=\"shariff-link\" style=\";border-radius:1%; background-color:#126567; color:#fff\" target=\"_blank\"><span class=\"shariff-icon\" style=\"\"><svg width=\"32px\" height=\"20px\" xmlns=\"http:\/\/www.w3.org\/2000\/svg\" viewBox=\"0 0 25 32\"><path fill=\"#126567\" d=\"M10.7 11.9q-0.2 0.3-4.6 8.2-0.5 0.8-1.2 0.8h-4.3q-0.4 0-0.5-0.3t0-0.6l4.5-8q0 0 0 0l-2.9-5q-0.2-0.4 0-0.7 0.2-0.3 0.5-0.3h4.3q0.7 0 1.2 0.8zM25.1 0.4q0.2 0.3 0 0.7l-9.4 16.7 6 11q0.2 0.4 0 0.6-0.2 0.3-0.6 0.3h-4.3q-0.7 0-1.2-0.8l-6-11.1q0.3-0.6 9.5-16.8 0.4-0.8 1.2-0.8h4.3q0.4 0 0.5 0.3z\"\/><\/svg><\/span><\/a><\/li><li class=\"shariff-button linkedin shariff-nocustomcolor\" style=\"background-color:#1488bf;border-radius:1%\"><a href=\"https:\/\/www.linkedin.com\/sharing\/share-offsite\/?url=https%3A%2F%2Fwww.sonnenseite.com%2Fde%2Fpolitik%2Fdie-klimaschutzverhinderer%2F\" title=\"Bei LinkedIn teilen\" aria-label=\"Bei LinkedIn teilen\" role=\"button\" rel=\"noopener nofollow\" class=\"shariff-link\" style=\";border-radius:1%; background-color:#0077b5; color:#fff\" target=\"_blank\"><span class=\"shariff-icon\" style=\"\"><svg width=\"32px\" height=\"20px\" xmlns=\"http:\/\/www.w3.org\/2000\/svg\" viewBox=\"0 0 27 32\"><path fill=\"#0077b5\" d=\"M6.2 11.2v17.7h-5.9v-17.7h5.9zM6.6 5.7q0 1.3-0.9 2.2t-2.4 0.9h0q-1.5 0-2.4-0.9t-0.9-2.2 0.9-2.2 2.4-0.9 2.4 0.9 0.9 2.2zM27.4 18.7v10.1h-5.9v-9.5q0-1.9-0.7-2.9t-2.3-1.1q-1.1 0-1.9 0.6t-1.2 1.5q-0.2 0.5-0.2 1.4v9.9h-5.9q0-7.1 0-11.6t0-5.3l0-0.9h5.9v2.6h0q0.4-0.6 0.7-1t1-0.9 1.6-0.8 2-0.3q3 0 4.9 2t1.9 6z\"\/><\/svg><\/span><\/a><\/li><li class=\"shariff-button printer shariff-nocustomcolor\" style=\"background-color:#a8a8a8;border-radius:1%\"><a href=\"javascript:window.print()\" title=\"drucken\" aria-label=\"drucken\" role=\"button\" rel=\"noopener nofollow\" class=\"shariff-link\" style=\";border-radius:1%; background-color:#999; color:#fff\"><span class=\"shariff-icon\" style=\"\"><svg width=\"32px\" height=\"20px\" xmlns=\"http:\/\/www.w3.org\/2000\/svg\" viewBox=\"0 0 30 32\"><path fill=\"#999\" d=\"M6.8 27.4h16v-4.6h-16v4.6zM6.8 16h16v-6.8h-2.8q-0.7 0-1.2-0.5t-0.5-1.2v-2.8h-11.4v11.4zM27.4 17.2q0-0.5-0.3-0.8t-0.8-0.4-0.8 0.4-0.3 0.8 0.3 0.8 0.8 0.3 0.8-0.3 0.3-0.8zM29.7 17.2v7.4q0 0.2-0.2 0.4t-0.4 0.2h-4v2.8q0 0.7-0.5 1.2t-1.2 0.5h-17.2q-0.7 0-1.2-0.5t-0.5-1.2v-2.8h-4q-0.2 0-0.4-0.2t-0.2-0.4v-7.4q0-1.4 1-2.4t2.4-1h1.2v-9.7q0-0.7 0.5-1.2t1.2-0.5h12q0.7 0 1.6 0.4t1.3 0.8l2.7 2.7q0.5 0.5 0.9 1.4t0.4 1.6v4.6h1.1q1.4 0 2.4 1t1 2.4z\"\/><\/svg><\/span><\/a><\/li><li class=\"shariff-button mailto shariff-nocustomcolor\" style=\"background-color:#a8a8a8;border-radius:1%\"><a href=\"mailto:?body=https%3A%2F%2Fwww.sonnenseite.com%2Fde%2Fpolitik%2Fdie-klimaschutzverhinderer%2F&subject=Die%20Klimaschutzverhinderer\" title=\"Per E-Mail versenden\" aria-label=\"Per E-Mail versenden\" role=\"button\" rel=\"noopener nofollow\" class=\"shariff-link\" style=\";border-radius:1%; background-color:#999; color:#fff\"><span class=\"shariff-icon\" style=\"\"><svg width=\"32px\" height=\"20px\" xmlns=\"http:\/\/www.w3.org\/2000\/svg\" viewBox=\"0 0 32 32\"><path fill=\"#999\" d=\"M32 12.7v14.2q0 1.2-0.8 2t-2 0.9h-26.3q-1.2 0-2-0.9t-0.8-2v-14.2q0.8 0.9 1.8 1.6 6.5 4.4 8.9 6.1 1 0.8 1.6 1.2t1.7 0.9 2 0.4h0.1q0.9 0 2-0.4t1.7-0.9 1.6-1.2q3-2.2 8.9-6.1 1-0.7 1.8-1.6zM32 7.4q0 1.4-0.9 2.7t-2.2 2.2q-6.7 4.7-8.4 5.8-0.2 0.1-0.7 0.5t-1 0.7-0.9 0.6-1.1 0.5-0.9 0.2h-0.1q-0.4 0-0.9-0.2t-1.1-0.5-0.9-0.6-1-0.7-0.7-0.5q-1.6-1.1-4.7-3.2t-3.6-2.6q-1.1-0.7-2.1-2t-1-2.5q0-1.4 0.7-2.3t2.1-0.9h26.3q1.2 0 2 0.8t0.9 2z\"\/><\/svg><\/span><\/a><\/li><\/ul><\/div>","protected":false},"excerpt":{"rendered":"<p>Sensationelle Aufdeckungen zum Netzwerk der Klimaschutzverhinderer in Deutschland. Altmaier bereitet den n\u00e4chsten Schlag gegen die F\u00f6rderung [&hellip;]<\/p>\n","protected":false},"author":3,"featured_media":926,"comment_status":"closed","ping_status":"closed","sticky":false,"template":"","format":"standard","meta":{"inline_featured_image":false,"footnotes":""},"categories":[21],"tags":[],"class_list":["post-68305","post","type-post","status-publish","format-standard","has-post-thumbnail","hentry","category-politik"],"yoast_head":"<!-- This site is optimized with the Yoast SEO plugin v26.5 - https:\/\/yoast.com\/wordpress\/plugins\/seo\/ -->\n<title>Die Klimaschutzverhinderer - Sonnenseite - \u00d6kologische Kommunikation mit Franz Alt<\/title>\n<meta name=\"description\" content=\"Sensationelle Aufdeckungen zum Netzwerk der Klimaschutzverhinderer in Deutschland. Altmaier bereitet den n\u00e4chsten Schlag gegen die F\u00f6rderung der EE vor.\" \/>\n<meta name=\"robots\" content=\"index, follow, max-snippet:-1, max-image-preview:large, max-video-preview:-1\" \/>\n<link rel=\"canonical\" href=\"https:\/\/www.sonnenseite.com\/de\/politik\/die-klimaschutzverhinderer\/\" \/>\n<meta property=\"og:locale\" content=\"de_DE\" \/>\n<meta property=\"og:type\" content=\"article\" \/>\n<meta property=\"og:title\" content=\"Die Klimaschutzverhinderer - Sonnenseite - \u00d6kologische Kommunikation mit Franz Alt\" \/>\n<meta property=\"og:description\" content=\"Sensationelle Aufdeckungen zum Netzwerk der Klimaschutzverhinderer in Deutschland. Altmaier bereitet den n\u00e4chsten Schlag gegen die F\u00f6rderung der EE vor.\" \/>\n<meta property=\"og:url\" content=\"https:\/\/www.sonnenseite.com\/de\/politik\/die-klimaschutzverhinderer\/\" \/>\n<meta property=\"og:site_name\" content=\"Sonnenseite\" \/>\n<meta property=\"article:publisher\" content=\"https:\/\/www.facebook.com\/pages\/Franz-Alt-SONNENSEITECOM\/221072987903953?fref=ts\" \/>\n<meta property=\"article:published_time\" content=\"2021-02-16T07:57:22+00:00\" \/>\n<meta property=\"article:modified_time\" content=\"2021-03-05T09:57:20+00:00\" \/>\n<meta property=\"og:image\" content=\"https:\/\/www.sonnenseite.com\/wp-content\/uploads\/2020\/05\/Klimaschutz_nirutdps.jpg\" \/>\n\t<meta property=\"og:image:width\" content=\"770\" \/>\n\t<meta property=\"og:image:height\" content=\"420\" \/>\n\t<meta property=\"og:image:type\" content=\"image\/jpeg\" \/>\n<meta name=\"author\" content=\"Bigi Alt\" \/>\n<meta name=\"twitter:card\" content=\"summary_large_image\" \/>\n<meta name=\"twitter:creator\" content=\"@franzalt\" \/>\n<meta name=\"twitter:site\" content=\"@franzalt\" \/>\n<meta name=\"twitter:label1\" content=\"Verfasst von\" \/>\n\t<meta name=\"twitter:data1\" content=\"Bigi Alt\" \/>\n\t<meta name=\"twitter:label2\" content=\"Gesch\u00e4tzte Lesezeit\" \/>\n\t<meta name=\"twitter:data2\" content=\"4\u00a0Minuten\" \/>\n<script type=\"application\/ld+json\" class=\"yoast-schema-graph\">{\"@context\":\"https:\/\/schema.org\",\"@graph\":[{\"@type\":\"Article\",\"@id\":\"https:\/\/www.sonnenseite.com\/de\/politik\/die-klimaschutzverhinderer\/#article\",\"isPartOf\":{\"@id\":\"https:\/\/www.sonnenseite.com\/de\/politik\/die-klimaschutzverhinderer\/\"},\"author\":{\"name\":\"Bigi Alt\",\"@id\":\"https:\/\/www.sonnenseite.com\/de\/#\/schema\/person\/50fda0e926597684c7cc6695238a4eb9\"},\"headline\":\"Die Klimaschutzverhinderer\",\"datePublished\":\"2021-02-16T07:57:22+00:00\",\"dateModified\":\"2021-03-05T09:57:20+00:00\",\"mainEntityOfPage\":{\"@id\":\"https:\/\/www.sonnenseite.com\/de\/politik\/die-klimaschutzverhinderer\/\"},\"wordCount\":894,\"publisher\":{\"@id\":\"https:\/\/www.sonnenseite.com\/de\/#organization\"},\"image\":{\"@id\":\"https:\/\/www.sonnenseite.com\/de\/politik\/die-klimaschutzverhinderer\/#primaryimage\"},\"thumbnailUrl\":\"https:\/\/www.sonnenseite.com\/wp-content\/uploads\/2020\/05\/Klimaschutz_nirutdps.jpg\",\"articleSection\":[\"Politik\"],\"inLanguage\":\"de\"},{\"@type\":\"WebPage\",\"@id\":\"https:\/\/www.sonnenseite.com\/de\/politik\/die-klimaschutzverhinderer\/\",\"url\":\"https:\/\/www.sonnenseite.com\/de\/politik\/die-klimaschutzverhinderer\/\",\"name\":\"Die Klimaschutzverhinderer - Sonnenseite - \u00d6kologische Kommunikation mit Franz Alt\",\"isPartOf\":{\"@id\":\"https:\/\/www.sonnenseite.com\/de\/#website\"},\"primaryImageOfPage\":{\"@id\":\"https:\/\/www.sonnenseite.com\/de\/politik\/die-klimaschutzverhinderer\/#primaryimage\"},\"image\":{\"@id\":\"https:\/\/www.sonnenseite.com\/de\/politik\/die-klimaschutzverhinderer\/#primaryimage\"},\"thumbnailUrl\":\"https:\/\/www.sonnenseite.com\/wp-content\/uploads\/2020\/05\/Klimaschutz_nirutdps.jpg\",\"datePublished\":\"2021-02-16T07:57:22+00:00\",\"dateModified\":\"2021-03-05T09:57:20+00:00\",\"description\":\"Sensationelle Aufdeckungen zum Netzwerk der Klimaschutzverhinderer in Deutschland. Altmaier bereitet den n\u00e4chsten Schlag gegen die F\u00f6rderung der EE vor.\",\"breadcrumb\":{\"@id\":\"https:\/\/www.sonnenseite.com\/de\/politik\/die-klimaschutzverhinderer\/#breadcrumb\"},\"inLanguage\":\"de\",\"potentialAction\":[{\"@type\":\"ReadAction\",\"target\":[\"https:\/\/www.sonnenseite.com\/de\/politik\/die-klimaschutzverhinderer\/\"]}]},{\"@type\":\"ImageObject\",\"inLanguage\":\"de\",\"@id\":\"https:\/\/www.sonnenseite.com\/de\/politik\/die-klimaschutzverhinderer\/#primaryimage\",\"url\":\"https:\/\/www.sonnenseite.com\/wp-content\/uploads\/2020\/05\/Klimaschutz_nirutdps.jpg\",\"contentUrl\":\"https:\/\/www.sonnenseite.com\/wp-content\/uploads\/2020\/05\/Klimaschutz_nirutdps.jpg\",\"width\":770,\"height\":420,\"caption\":\"Depositphotos | nirutdps | Deutschlands Braunkohlekraftwerke werden unter Schwarz-Rot noch eine Weile laufen.\"},{\"@type\":\"BreadcrumbList\",\"@id\":\"https:\/\/www.sonnenseite.com\/de\/politik\/die-klimaschutzverhinderer\/#breadcrumb\",\"itemListElement\":[{\"@type\":\"ListItem\",\"position\":1,\"name\":\"Startseite\",\"item\":\"https:\/\/www.sonnenseite.com\/de\/\"},{\"@type\":\"ListItem\",\"position\":2,\"name\":\"Die Klimaschutzverhinderer\"}]},{\"@type\":\"WebSite\",\"@id\":\"https:\/\/www.sonnenseite.com\/de\/#website\",\"url\":\"https:\/\/www.sonnenseite.com\/de\/\",\"name\":\"Sonnenseite\",\"description\":\"\u00d6kologische Kommunikation mit Franz Alt\",\"publisher\":{\"@id\":\"https:\/\/www.sonnenseite.com\/de\/#organization\"},\"potentialAction\":[{\"@type\":\"SearchAction\",\"target\":{\"@type\":\"EntryPoint\",\"urlTemplate\":\"https:\/\/www.sonnenseite.com\/de\/?s={search_term_string}\"},\"query-input\":{\"@type\":\"PropertyValueSpecification\",\"valueRequired\":true,\"valueName\":\"search_term_string\"}}],\"inLanguage\":\"de\"},{\"@type\":\"Organization\",\"@id\":\"https:\/\/www.sonnenseite.com\/de\/#organization\",\"name\":\"Sonnenseite\",\"url\":\"https:\/\/www.sonnenseite.com\/de\/\",\"logo\":{\"@type\":\"ImageObject\",\"inLanguage\":\"de\",\"@id\":\"https:\/\/www.sonnenseite.com\/de\/#\/schema\/logo\/image\/\",\"url\":\"https:\/\/www.sonnenseite.com\/wp-content\/uploads\/2020\/05\/Sonnenseite_Logo.png\",\"contentUrl\":\"https:\/\/www.sonnenseite.com\/wp-content\/uploads\/2020\/05\/Sonnenseite_Logo.png\",\"width\":377,\"height\":90,\"caption\":\"Sonnenseite\"},\"image\":{\"@id\":\"https:\/\/www.sonnenseite.com\/de\/#\/schema\/logo\/image\/\"},\"sameAs\":[\"https:\/\/www.facebook.com\/pages\/Franz-Alt-SONNENSEITECOM\/221072987903953?fref=ts\",\"https:\/\/x.com\/franzalt\",\"http:\/\/www.youtube.com\/results?search_query&amp;amp;quot;franz_alt&amp;amp;quot;&amp;amp;amp;amp;search_type&amp;amp;amp;amp;aq=f\"]},{\"@type\":\"Person\",\"@id\":\"https:\/\/www.sonnenseite.com\/de\/#\/schema\/person\/50fda0e926597684c7cc6695238a4eb9\",\"name\":\"Bigi Alt\"}]}<\/script>\n<!-- \/ Yoast SEO plugin. -->","yoast_head_json":{"title":"Die Klimaschutzverhinderer - Sonnenseite - \u00d6kologische Kommunikation mit Franz Alt","description":"Sensationelle Aufdeckungen zum Netzwerk der Klimaschutzverhinderer in Deutschland. Altmaier bereitet den n\u00e4chsten Schlag gegen die F\u00f6rderung der EE vor.","robots":{"index":"index","follow":"follow","max-snippet":"max-snippet:-1","max-image-preview":"max-image-preview:large","max-video-preview":"max-video-preview:-1"},"canonical":"https:\/\/www.sonnenseite.com\/de\/politik\/die-klimaschutzverhinderer\/","og_locale":"de_DE","og_type":"article","og_title":"Die Klimaschutzverhinderer - Sonnenseite - \u00d6kologische Kommunikation mit Franz Alt","og_description":"Sensationelle Aufdeckungen zum Netzwerk der Klimaschutzverhinderer in Deutschland. Altmaier bereitet den n\u00e4chsten Schlag gegen die F\u00f6rderung der EE vor.","og_url":"https:\/\/www.sonnenseite.com\/de\/politik\/die-klimaschutzverhinderer\/","og_site_name":"Sonnenseite","article_publisher":"https:\/\/www.facebook.com\/pages\/Franz-Alt-SONNENSEITECOM\/221072987903953?fref=ts","article_published_time":"2021-02-16T07:57:22+00:00","article_modified_time":"2021-03-05T09:57:20+00:00","og_image":[{"width":770,"height":420,"url":"https:\/\/www.sonnenseite.com\/wp-content\/uploads\/2020\/05\/Klimaschutz_nirutdps.jpg","type":"image\/jpeg"}],"author":"Bigi Alt","twitter_card":"summary_large_image","twitter_creator":"@franzalt","twitter_site":"@franzalt","twitter_misc":{"Verfasst von":"Bigi Alt","Gesch\u00e4tzte Lesezeit":"4\u00a0Minuten"},"schema":{"@context":"https:\/\/schema.org","@graph":[{"@type":"Article","@id":"https:\/\/www.sonnenseite.com\/de\/politik\/die-klimaschutzverhinderer\/#article","isPartOf":{"@id":"https:\/\/www.sonnenseite.com\/de\/politik\/die-klimaschutzverhinderer\/"},"author":{"name":"Bigi Alt","@id":"https:\/\/www.sonnenseite.com\/de\/#\/schema\/person\/50fda0e926597684c7cc6695238a4eb9"},"headline":"Die Klimaschutzverhinderer","datePublished":"2021-02-16T07:57:22+00:00","dateModified":"2021-03-05T09:57:20+00:00","mainEntityOfPage":{"@id":"https:\/\/www.sonnenseite.com\/de\/politik\/die-klimaschutzverhinderer\/"},"wordCount":894,"publisher":{"@id":"https:\/\/www.sonnenseite.com\/de\/#organization"},"image":{"@id":"https:\/\/www.sonnenseite.com\/de\/politik\/die-klimaschutzverhinderer\/#primaryimage"},"thumbnailUrl":"https:\/\/www.sonnenseite.com\/wp-content\/uploads\/2020\/05\/Klimaschutz_nirutdps.jpg","articleSection":["Politik"],"inLanguage":"de"},{"@type":"WebPage","@id":"https:\/\/www.sonnenseite.com\/de\/politik\/die-klimaschutzverhinderer\/","url":"https:\/\/www.sonnenseite.com\/de\/politik\/die-klimaschutzverhinderer\/","name":"Die Klimaschutzverhinderer - Sonnenseite - \u00d6kologische Kommunikation mit Franz Alt","isPartOf":{"@id":"https:\/\/www.sonnenseite.com\/de\/#website"},"primaryImageOfPage":{"@id":"https:\/\/www.sonnenseite.com\/de\/politik\/die-klimaschutzverhinderer\/#primaryimage"},"image":{"@id":"https:\/\/www.sonnenseite.com\/de\/politik\/die-klimaschutzverhinderer\/#primaryimage"},"thumbnailUrl":"https:\/\/www.sonnenseite.com\/wp-content\/uploads\/2020\/05\/Klimaschutz_nirutdps.jpg","datePublished":"2021-02-16T07:57:22+00:00","dateModified":"2021-03-05T09:57:20+00:00","description":"Sensationelle Aufdeckungen zum Netzwerk der Klimaschutzverhinderer in Deutschland. Altmaier bereitet den n\u00e4chsten Schlag gegen die F\u00f6rderung der EE vor.","breadcrumb":{"@id":"https:\/\/www.sonnenseite.com\/de\/politik\/die-klimaschutzverhinderer\/#breadcrumb"},"inLanguage":"de","potentialAction":[{"@type":"ReadAction","target":["https:\/\/www.sonnenseite.com\/de\/politik\/die-klimaschutzverhinderer\/"]}]},{"@type":"ImageObject","inLanguage":"de","@id":"https:\/\/www.sonnenseite.com\/de\/politik\/die-klimaschutzverhinderer\/#primaryimage","url":"https:\/\/www.sonnenseite.com\/wp-content\/uploads\/2020\/05\/Klimaschutz_nirutdps.jpg","contentUrl":"https:\/\/www.sonnenseite.com\/wp-content\/uploads\/2020\/05\/Klimaschutz_nirutdps.jpg","width":770,"height":420,"caption":"Depositphotos | nirutdps | Deutschlands Braunkohlekraftwerke werden unter Schwarz-Rot noch eine Weile laufen."},{"@type":"BreadcrumbList","@id":"https:\/\/www.sonnenseite.com\/de\/politik\/die-klimaschutzverhinderer\/#breadcrumb","itemListElement":[{"@type":"ListItem","position":1,"name":"Startseite","item":"https:\/\/www.sonnenseite.com\/de\/"},{"@type":"ListItem","position":2,"name":"Die Klimaschutzverhinderer"}]},{"@type":"WebSite","@id":"https:\/\/www.sonnenseite.com\/de\/#website","url":"https:\/\/www.sonnenseite.com\/de\/","name":"Sonnenseite","description":"\u00d6kologische Kommunikation mit Franz Alt","publisher":{"@id":"https:\/\/www.sonnenseite.com\/de\/#organization"},"potentialAction":[{"@type":"SearchAction","target":{"@type":"EntryPoint","urlTemplate":"https:\/\/www.sonnenseite.com\/de\/?s={search_term_string}"},"query-input":{"@type":"PropertyValueSpecification","valueRequired":true,"valueName":"search_term_string"}}],"inLanguage":"de"},{"@type":"Organization","@id":"https:\/\/www.sonnenseite.com\/de\/#organization","name":"Sonnenseite","url":"https:\/\/www.sonnenseite.com\/de\/","logo":{"@type":"ImageObject","inLanguage":"de","@id":"https:\/\/www.sonnenseite.com\/de\/#\/schema\/logo\/image\/","url":"https:\/\/www.sonnenseite.com\/wp-content\/uploads\/2020\/05\/Sonnenseite_Logo.png","contentUrl":"https:\/\/www.sonnenseite.com\/wp-content\/uploads\/2020\/05\/Sonnenseite_Logo.png","width":377,"height":90,"caption":"Sonnenseite"},"image":{"@id":"https:\/\/www.sonnenseite.com\/de\/#\/schema\/logo\/image\/"},"sameAs":["https:\/\/www.facebook.com\/pages\/Franz-Alt-SONNENSEITECOM\/221072987903953?fref=ts","https:\/\/x.com\/franzalt","http:\/\/www.youtube.com\/results?search_query&amp;amp;quot;franz_alt&amp;amp;quot;&amp;amp;amp;amp;search_type&amp;amp;amp;amp;aq=f"]},{"@type":"Person","@id":"https:\/\/www.sonnenseite.com\/de\/#\/schema\/person\/50fda0e926597684c7cc6695238a4eb9","name":"Bigi Alt"}]}},"_links":{"self":[{"href":"https:\/\/www.sonnenseite.com\/de\/wp-json\/wp\/v2\/posts\/68305","targetHints":{"allow":["GET"]}}],"collection":[{"href":"https:\/\/www.sonnenseite.com\/de\/wp-json\/wp\/v2\/posts"}],"about":[{"href":"https:\/\/www.sonnenseite.com\/de\/wp-json\/wp\/v2\/types\/post"}],"author":[{"embeddable":true,"href":"https:\/\/www.sonnenseite.com\/de\/wp-json\/wp\/v2\/users\/3"}],"replies":[{"embeddable":true,"href":"https:\/\/www.sonnenseite.com\/de\/wp-json\/wp\/v2\/comments?post=68305"}],"version-history":[{"count":2,"href":"https:\/\/www.sonnenseite.com\/de\/wp-json\/wp\/v2\/posts\/68305\/revisions"}],"predecessor-version":[{"id":68322,"href":"https:\/\/www.sonnenseite.com\/de\/wp-json\/wp\/v2\/posts\/68305\/revisions\/68322"}],"wp:featuredmedia":[{"embeddable":true,"href":"https:\/\/www.sonnenseite.com\/de\/wp-json\/wp\/v2\/media\/926"}],"wp:attachment":[{"href":"https:\/\/www.sonnenseite.com\/de\/wp-json\/wp\/v2\/media?parent=68305"}],"wp:term":[{"taxonomy":"category","embeddable":true,"href":"https:\/\/www.sonnenseite.com\/de\/wp-json\/wp\/v2\/categories?post=68305"},{"taxonomy":"post_tag","embeddable":true,"href":"https:\/\/www.sonnenseite.com\/de\/wp-json\/wp\/v2\/tags?post=68305"}],"curies":[{"name":"wp","href":"https:\/\/api.w.org\/{rel}","templated":true}]}}