{"id":68486,"date":"2021-02-20T10:11:58","date_gmt":"2021-02-20T09:11:58","guid":{"rendered":"https:\/\/www.sonnenseite.com\/?p=68486"},"modified":"2021-03-12T19:45:17","modified_gmt":"2021-03-12T18:45:17","slug":"ist-bill-gates-ein-klima-retter","status":"publish","type":"post","link":"https:\/\/www.sonnenseite.com\/de\/franz-alt\/kommentare-interviews\/ist-bill-gates-ein-klima-retter\/","title":{"rendered":"Ist Bill Gates ein Klima-Retter?"},"content":{"rendered":"\n<p>Wenn der zweitreichste Mann der Welt ein Buch \u00fcber das gr\u00f6\u00dfte Problem der Welt schreibt, dann ist ihm ein riesiges Medien-Spektakel sicher. <\/p>\n\n\n\n<p>So ist es beim neuen Buch von Bill Gates, das soeben bei Piper erschienen ist: <a href=\"https:\/\/www.piper.de\/buecher\/wie-wir-die-klimakatastrophe-verhindern-isbn-978-3-492-07100-0\">\u201eWie wir die Klima-Katastrophe verhindern &#8211; Welche L\u00f6sungen gibt es und welche Fortschritte n\u00f6tig sind\u201c<\/a>.<\/p>\n\n\n\n<p>Sympathisch ist, dass der weltber\u00fchmte Autor und Technik-Freak bekennt, dass er als Vielflieger selbst Teil des Problems ist und auch selbst sehr sp\u00e4t die Bedeutung des Themas erkannt habe. In der <a href=\"https:\/\/www.youtube.com\/watch?v=5_pFlAXp-xk&amp;feature=youtu.be\">ARD-Sendung \u201eMaischberger\u201c<\/a> analysiert der Autor das Thema so wie es seit 35 Jahren Klimawissenschaftler in der ganzen Welt tun: als \u00dcberlebensfrage der Menschheit. <\/p>\n\n\n\n<div class=\"wp-block-image\"><figure class=\"alignleft size-large is-resized\"><img loading=\"lazy\" decoding=\"async\" src=\"https:\/\/www.sonnenseite.com\/wp-content\/uploads\/2021\/02\/BillGates_Klimakatastrophe-verhindern-web.jpg\" alt=\"PIPER | Bill Gates\" class=\"wp-image-68344\" width=\"191\" height=\"284\" srcset=\"https:\/\/www.sonnenseite.com\/wp-content\/uploads\/2021\/02\/BillGates_Klimakatastrophe-verhindern-web.jpg 400w, https:\/\/www.sonnenseite.com\/wp-content\/uploads\/2021\/02\/BillGates_Klimakatastrophe-verhindern-web-202x300.jpg 202w\" sizes=\"auto, (max-width: 191px) 100vw, 191px\" \/><figcaption>\u00a9 PIPER Verlag<\/figcaption><\/figure><\/div>\n\n\n\n<p><strong>Die Klimakrise sei langfristig viel schwerer zu l\u00f6sen als eine kurzfristige Pandemie:<\/strong><\/p>\n\n\n\n<ul class=\"wp-block-list\"><li>Diese sei Ende 2022 besiegt, das Klimaproblem m\u00fcsse bis sp\u00e4testens 2050 gel\u00f6st sein.<\/li><li>Es reiche aber nicht, die Treibhausgase bis dahin um 80 oder 90 Prozent zu senken, das Ziel muss Null Treibhausgase sein.<\/li><li>Die Welt werde bis dahin aber dreimal so viel Strom brauchen wie heute<\/li><li>Und dieses Ziel sei nur mit Hilfe von \u201eneuen, supersicheren, kleinen Atomkraftwerken\u201c erreichbar.<\/li><\/ul>\n\n\n\n<p>Sp\u00e4testens hier (Punkt vier) gehen bei allen \u00d6kos, vor allem in Deutschland, &nbsp;s\u00e4mtliche Warnlampen an. Atomkraft als L\u00f6sung der Klimaerhitzung? Das hei\u00dft doch: <a href=\"https:\/\/www.sonnenseite.com\/de\/tipps\/bill-gates-den-teufel-mit-beelzebub-austreiben\/\">Den Teufel mit Beelzebub austreiben!<\/a><\/p>\n\n\n\n<h5 class=\"wp-block-heading\">Wird es allein die Technik richten?<\/h5>\n\n\n\n<p>Er setze nicht auf die alte Atomenergie, erwidert Bill Gates beschwichtigend bei \u201eMaischberger\u201c. Er habe vielmehr in den letzten Jahren Millionen Dollar in neue Atomtechnologie \u2013 eben in \u201esupersichere\u201c kleine AKWs \u2013 investiert. In sp\u00e4testens f\u00fcnf Jahren seien die Versuche abgeschlossen. Er forderte \u201eopen mind\u201c, einen offenen Geist f\u00fcr neue technische L\u00f6sungen wie er es schon immer getan hat und damit zum Multi-Milliard\u00e4r wurde und \u00fcber viele Jahre zum reichsten Mann der Welt. Also: Die Technik wird es richten.<\/p>\n\n\n\n<p><strong>An dieser Stelle wird das Bill Gates-Buch und sein Projekt fragw\u00fcrdig:<\/strong> Auch seine Mini-Reaktoren erzeugen radioaktiven Abfall, f\u00fcr dessen Entsorgung es global noch immer \u2013 nach 70 Jahren der Suche \u2013 keine L\u00f6sung gibt. Er gibt auch zu, dass es hier noch \u201eein Problem\u201c gebe. Er glaube aber, dass dieses Problem l\u00f6sbar sei. <\/p>\n\n\n\n<p>Aber selbst unter Kostenaspekten sind Gates Mini-Reaktoren noch \u00fcber Jahrzehnte nicht marktreif. Warum also diesen fragw\u00fcrdigen Umweg? Und warum nochmal f\u00fcnf Jahre warten, wenn die Klimakrise die \u00dcberlebensfrage der Menschheit ist? Auch Bill Gates wei\u00df, dass die Zeit dr\u00e4ngt.<\/p>\n\n\n\n<p>Er untersch\u00e4tzt \u2013 wie auch vorher viele andere Technik-Freaks und \u00d6konomen \u2013 dass Sonne und Wind schon heute sicher, preiswerter als die alten fossil-atomaren Energietr\u00e4ger und vor allem unendlich vorhanden sind. Und er untersch\u00e4tzt, dass auch Uran f\u00fcr kleine AKWs ein endlicher Rohstoff ist. Die Sonne hingegen scheint nach menschlichen Ma\u00dfst\u00e4ben unendlich und schickt uns circa 10000 mal mehr Energie als die heute 7.8 Milliarden Menschen verbrauchen. Die L\u00f6sung steht am Himmel.<\/p>\n\n\n\n<h5 class=\"wp-block-heading\">Das \u201eWunder der Speicher-Technologien\u201c<\/h5>\n\n\n\n<p>Dann spricht Bill Gates im Interview mit Sandra Maischberger gleich zweimal vom \u201eWunder der Speicher-Technologien\u201c, auf das er offenbar wartet. Das ist l\u00e4ngst bekannte Technik, die auch im industriellen Ma\u00dfstab eingesetzt werden kann. \u00dcbersch\u00fcssiger Sonnenstrom und \u00fcbersch\u00fcssiger Windstrom kann per Elektrolyse in gr\u00fcnen Wasserstoff umgewandelt und in Gasleitungen gespeichert werden. Mit dieser <a href=\"https:\/\/www.ise.fraunhofer.de\/de\/geschaeftsfelder\/wasserstofftechnologien-und-elektrische-energiespeicher\/elektrolyse-und-power-to-gas\/power-to-gas.html\">Technik, so haben Fraunhofer-Wissenschaftler errechnet<\/a>, k\u00f6nnte Deutschland bis zu drei Monate \u00fcber den Winter kommen. Und das komplett mit den bereits heute vorhandenen Gasleitungen. In wenigen Jahren ist diese Technologie in gro\u00dfem Stil einsetzbar. Zum Speichern des erneuerbaren Stroms brauchen wir wirklich nicht die Atomkraft. Das ist altes Denken.<\/p>\n\n\n\n<p>Die Erneuerbaren Energien sind unschlagbar preiswert, sie arbeiten ohne nennenswerte Abf\u00e4lle, hinterlassen keinen strahlenden M\u00fcll und sind ganz rasch zu installieren. Nach allem, was wir heute wissen, geh\u00f6rt die Zukunft den erneuerbaren Energien und nicht \u201esupersicheren\u201c kleinen AKWs, die auch Angriffsziele f\u00fcr Terroristen sein werden. <\/p>\n\n\n\n<p>Mit seinem Buch hilft Bill Gates, die Klimafrage wieder in den Mittelpunkt des Interesses zu r\u00fccken. Das ist sein Verdienst. Da er \u201eopen mind\u201c propagiert: Willkommen im Solarzeitalter, Mr. Gates!<\/p>\n\n\n\n<p>Warum ich ziemlich sicher bin, dass Bill Gates auch noch die Kurve ins Solarzeitalter kriegen wird? Der Mann kann doch rechnen. \u201eOpen mind\u201c eben. Die Sonne schickt uns keine Rechnung.<\/p>\n\n\n\n<ul class=\"wp-block-list\"><li><a href=\"https:\/\/www.sonnenseite.com\/de\/tipps\/bill-gates-den-teufel-mit-beelzebub-austreiben\/\">Bill Gates: Den Teufel mit Beelzebub austreiben<\/a> | <a href=\"http:\/\/klima-luegendetektor.de\/\" target=\"_blank\" rel=\"noreferrer noopener\">Der Klimareporter-L\u00fcgendetektor<\/a><br><a href=\"https:\/\/www.sonnenseite.com\/de\/politik\/wer-profitiert-eigentlich-von-bill-gates-klimaschutz-milliardenspenden\/\">Wer profitiert eigentlich von Bill Gates\u2019 Klimaschutz-Milliardenspenden?<\/a><\/li><li><a href=\"https:\/\/www.amazon.de\/gp\/product\/3492071007\/ref=as_li_tl?ie=UTF8&amp;camp=1638&amp;creative=6742&amp;creativeASIN=3492071007&amp;linkCode=as2&amp;tag=altini1938-21&amp;linkId=807fc4f088338c73a57154d42e5e3236\" target=\"_blank\" rel=\"noreferrer noopener\">Bill Gates \u201eWie wir die Klimakatastrophe verhindern: Welche L\u00f6sungen es gibt und welche Fortschritte n\u00f6tig sind\u201c<\/a><\/li><li><a href=\"https:\/\/www.youtube.com\/watch?v=5_pFlAXp-xk&amp;feature=youtu.be\" target=\"_blank\" rel=\"noreferrer noopener\">Bill Gates im Interview mit Sandra Maischberger \u2013 youtube.com<\/a><\/li><\/ul>\n\n\n<h5 class=\"green\">Quelle<\/h5>\r\n\n\n\n<p><a href=\"franz_alt@web.de\">Franz Alt 2021<\/a><\/p>\n<div class=\"shariff shariff-align-flex-start shariff-widget-align-flex-start\"><div class=\"ShariffHeadline\">Diese Meldung teilen<\/div><ul class=\"shariff-buttons theme-round orientation-horizontal buttonsize-medium\"><li class=\"shariff-button facebook shariff-nocustomcolor\" style=\"background-color:#4273c8;border-radius:1%\"><a href=\"https:\/\/www.facebook.com\/sharer\/sharer.php?u=https%3A%2F%2Fwww.sonnenseite.com%2Fde%2Ffranz-alt%2Fkommentare-interviews%2Fist-bill-gates-ein-klima-retter%2F\" title=\"Bei Facebook teilen\" aria-label=\"Bei Facebook teilen\" role=\"button\" rel=\"nofollow\" class=\"shariff-link\" style=\";border-radius:1%; background-color:#3b5998; color:#fff\" target=\"_blank\"><span class=\"shariff-icon\" style=\"\"><svg width=\"32px\" height=\"20px\" xmlns=\"http:\/\/www.w3.org\/2000\/svg\" viewBox=\"0 0 18 32\"><path fill=\"#3b5998\" d=\"M17.1 0.2v4.7h-2.8q-1.5 0-2.1 0.6t-0.5 1.9v3.4h5.2l-0.7 5.3h-4.5v13.6h-5.5v-13.6h-4.5v-5.3h4.5v-3.9q0-3.3 1.9-5.2t5-1.8q2.6 0 4.1 0.2z\"\/><\/svg><\/span><\/a><\/li><li class=\"shariff-button twitter shariff-nocustomcolor\" style=\"background-color:#595959;border-radius:1%\"><a href=\"https:\/\/twitter.com\/share?url=https%3A%2F%2Fwww.sonnenseite.com%2Fde%2Ffranz-alt%2Fkommentare-interviews%2Fist-bill-gates-ein-klima-retter%2F&text=Ist%20Bill%20Gates%20ein%20Klima-Retter%3F\" title=\"Bei X teilen\" aria-label=\"Bei X teilen\" role=\"button\" rel=\"noopener nofollow\" class=\"shariff-link\" style=\";border-radius:1%; background-color:#000; color:#fff\" target=\"_blank\"><span class=\"shariff-icon\" style=\"\"><svg width=\"32px\" height=\"20px\" xmlns=\"http:\/\/www.w3.org\/2000\/svg\" viewBox=\"0 0 24 24\"><path fill=\"#000\" d=\"M14.258 10.152L23.176 0h-2.113l-7.747 8.813L7.133 0H0l9.352 13.328L0 23.973h2.113l8.176-9.309 6.531 9.309h7.133zm-2.895 3.293l-.949-1.328L2.875 1.56h3.246l6.086 8.523.945 1.328 7.91 11.078h-3.246zm0 0\"\/><\/svg><\/span><\/a><\/li><li class=\"shariff-button xing shariff-nocustomcolor\" style=\"background-color:#29888a;border-radius:1%\"><a href=\"https:\/\/www.xing.com\/spi\/shares\/new?url=https%3A%2F%2Fwww.sonnenseite.com%2Fde%2Ffranz-alt%2Fkommentare-interviews%2Fist-bill-gates-ein-klima-retter%2F\" title=\"Bei XING teilen\" aria-label=\"Bei XING teilen\" role=\"button\" rel=\"noopener nofollow\" class=\"shariff-link\" style=\";border-radius:1%; background-color:#126567; color:#fff\" target=\"_blank\"><span class=\"shariff-icon\" style=\"\"><svg width=\"32px\" height=\"20px\" xmlns=\"http:\/\/www.w3.org\/2000\/svg\" viewBox=\"0 0 25 32\"><path fill=\"#126567\" d=\"M10.7 11.9q-0.2 0.3-4.6 8.2-0.5 0.8-1.2 0.8h-4.3q-0.4 0-0.5-0.3t0-0.6l4.5-8q0 0 0 0l-2.9-5q-0.2-0.4 0-0.7 0.2-0.3 0.5-0.3h4.3q0.7 0 1.2 0.8zM25.1 0.4q0.2 0.3 0 0.7l-9.4 16.7 6 11q0.2 0.4 0 0.6-0.2 0.3-0.6 0.3h-4.3q-0.7 0-1.2-0.8l-6-11.1q0.3-0.6 9.5-16.8 0.4-0.8 1.2-0.8h4.3q0.4 0 0.5 0.3z\"\/><\/svg><\/span><\/a><\/li><li class=\"shariff-button linkedin shariff-nocustomcolor\" style=\"background-color:#1488bf;border-radius:1%\"><a href=\"https:\/\/www.linkedin.com\/sharing\/share-offsite\/?url=https%3A%2F%2Fwww.sonnenseite.com%2Fde%2Ffranz-alt%2Fkommentare-interviews%2Fist-bill-gates-ein-klima-retter%2F\" title=\"Bei LinkedIn teilen\" aria-label=\"Bei LinkedIn teilen\" role=\"button\" rel=\"noopener nofollow\" class=\"shariff-link\" style=\";border-radius:1%; background-color:#0077b5; color:#fff\" target=\"_blank\"><span class=\"shariff-icon\" style=\"\"><svg width=\"32px\" height=\"20px\" xmlns=\"http:\/\/www.w3.org\/2000\/svg\" viewBox=\"0 0 27 32\"><path fill=\"#0077b5\" d=\"M6.2 11.2v17.7h-5.9v-17.7h5.9zM6.6 5.7q0 1.3-0.9 2.2t-2.4 0.9h0q-1.5 0-2.4-0.9t-0.9-2.2 0.9-2.2 2.4-0.9 2.4 0.9 0.9 2.2zM27.4 18.7v10.1h-5.9v-9.5q0-1.9-0.7-2.9t-2.3-1.1q-1.1 0-1.9 0.6t-1.2 1.5q-0.2 0.5-0.2 1.4v9.9h-5.9q0-7.1 0-11.6t0-5.3l0-0.9h5.9v2.6h0q0.4-0.6 0.7-1t1-0.9 1.6-0.8 2-0.3q3 0 4.9 2t1.9 6z\"\/><\/svg><\/span><\/a><\/li><li class=\"shariff-button printer shariff-nocustomcolor\" style=\"background-color:#a8a8a8;border-radius:1%\"><a href=\"javascript:window.print()\" title=\"drucken\" aria-label=\"drucken\" role=\"button\" rel=\"noopener nofollow\" class=\"shariff-link\" style=\";border-radius:1%; background-color:#999; color:#fff\"><span class=\"shariff-icon\" style=\"\"><svg width=\"32px\" height=\"20px\" xmlns=\"http:\/\/www.w3.org\/2000\/svg\" viewBox=\"0 0 30 32\"><path fill=\"#999\" d=\"M6.8 27.4h16v-4.6h-16v4.6zM6.8 16h16v-6.8h-2.8q-0.7 0-1.2-0.5t-0.5-1.2v-2.8h-11.4v11.4zM27.4 17.2q0-0.5-0.3-0.8t-0.8-0.4-0.8 0.4-0.3 0.8 0.3 0.8 0.8 0.3 0.8-0.3 0.3-0.8zM29.7 17.2v7.4q0 0.2-0.2 0.4t-0.4 0.2h-4v2.8q0 0.7-0.5 1.2t-1.2 0.5h-17.2q-0.7 0-1.2-0.5t-0.5-1.2v-2.8h-4q-0.2 0-0.4-0.2t-0.2-0.4v-7.4q0-1.4 1-2.4t2.4-1h1.2v-9.7q0-0.7 0.5-1.2t1.2-0.5h12q0.7 0 1.6 0.4t1.3 0.8l2.7 2.7q0.5 0.5 0.9 1.4t0.4 1.6v4.6h1.1q1.4 0 2.4 1t1 2.4z\"\/><\/svg><\/span><\/a><\/li><li class=\"shariff-button mailto shariff-nocustomcolor\" style=\"background-color:#a8a8a8;border-radius:1%\"><a href=\"mailto:?body=https%3A%2F%2Fwww.sonnenseite.com%2Fde%2Ffranz-alt%2Fkommentare-interviews%2Fist-bill-gates-ein-klima-retter%2F&subject=Ist%20Bill%20Gates%20ein%20Klima-Retter%3F\" title=\"Per E-Mail versenden\" aria-label=\"Per E-Mail versenden\" role=\"button\" rel=\"noopener nofollow\" class=\"shariff-link\" style=\";border-radius:1%; background-color:#999; color:#fff\"><span class=\"shariff-icon\" style=\"\"><svg width=\"32px\" height=\"20px\" xmlns=\"http:\/\/www.w3.org\/2000\/svg\" viewBox=\"0 0 32 32\"><path fill=\"#999\" d=\"M32 12.7v14.2q0 1.2-0.8 2t-2 0.9h-26.3q-1.2 0-2-0.9t-0.8-2v-14.2q0.8 0.9 1.8 1.6 6.5 4.4 8.9 6.1 1 0.8 1.6 1.2t1.7 0.9 2 0.4h0.1q0.9 0 2-0.4t1.7-0.9 1.6-1.2q3-2.2 8.9-6.1 1-0.7 1.8-1.6zM32 7.4q0 1.4-0.9 2.7t-2.2 2.2q-6.7 4.7-8.4 5.8-0.2 0.1-0.7 0.5t-1 0.7-0.9 0.6-1.1 0.5-0.9 0.2h-0.1q-0.4 0-0.9-0.2t-1.1-0.5-0.9-0.6-1-0.7-0.7-0.5q-1.6-1.1-4.7-3.2t-3.6-2.6q-1.1-0.7-2.1-2t-1-2.5q0-1.4 0.7-2.3t2.1-0.9h26.3q1.2 0 2 0.8t0.9 2z\"\/><\/svg><\/span><\/a><\/li><\/ul><\/div>","protected":false},"excerpt":{"rendered":"<p>Wenn der zweitreichste Mann der Welt ein Buch \u00fcber das gr\u00f6\u00dfte Problem der Welt schreibt, dann [&hellip;]<\/p>\n","protected":false},"author":3,"featured_media":948,"comment_status":"closed","ping_status":"closed","sticky":false,"template":"","format":"standard","meta":{"inline_featured_image":false,"footnotes":""},"categories":[29],"tags":[],"class_list":["post-68486","post","type-post","status-publish","format-standard","has-post-thumbnail","hentry","category-kommentare-interviews"],"yoast_head":"<!-- This site is optimized with the Yoast SEO plugin v26.5 - https:\/\/yoast.com\/wordpress\/plugins\/seo\/ -->\n<title>Ist Bill Gates ein Klima-Retter? - Sonnenseite - \u00d6kologische Kommunikation mit Franz Alt<\/title>\n<meta name=\"description\" content=\"Wenn der zweitreichste Mann der Welt ein Buch \u00fcber das gr\u00f6\u00dfte Problem der Welt schreibt, dann ist ihm ein riesiges Medien-Spektakel sicher. So ist es beim\" \/>\n<meta name=\"robots\" content=\"index, follow, max-snippet:-1, max-image-preview:large, max-video-preview:-1\" \/>\n<link rel=\"canonical\" href=\"https:\/\/www.sonnenseite.com\/de\/franz-alt\/kommentare-interviews\/ist-bill-gates-ein-klima-retter\/\" \/>\n<meta property=\"og:locale\" content=\"de_DE\" \/>\n<meta property=\"og:type\" content=\"article\" \/>\n<meta property=\"og:title\" content=\"Ist Bill Gates ein Klima-Retter? - Sonnenseite - \u00d6kologische Kommunikation mit Franz Alt\" \/>\n<meta property=\"og:description\" content=\"Wenn der zweitreichste Mann der Welt ein Buch \u00fcber das gr\u00f6\u00dfte Problem der Welt schreibt, dann ist ihm ein riesiges Medien-Spektakel sicher. So ist es beim\" \/>\n<meta property=\"og:url\" content=\"https:\/\/www.sonnenseite.com\/de\/franz-alt\/kommentare-interviews\/ist-bill-gates-ein-klima-retter\/\" \/>\n<meta property=\"og:site_name\" content=\"Sonnenseite\" \/>\n<meta property=\"article:publisher\" content=\"https:\/\/www.facebook.com\/pages\/Franz-Alt-SONNENSEITECOM\/221072987903953?fref=ts\" \/>\n<meta property=\"article:published_time\" content=\"2021-02-20T09:11:58+00:00\" \/>\n<meta property=\"article:modified_time\" content=\"2021-03-12T18:45:17+00:00\" \/>\n<meta property=\"og:image\" content=\"https:\/\/www.sonnenseite.com\/wp-content\/uploads\/2020\/05\/climatechange_rustonwayne.jpg\" \/>\n\t<meta property=\"og:image:width\" content=\"770\" \/>\n\t<meta property=\"og:image:height\" content=\"420\" \/>\n\t<meta property=\"og:image:type\" content=\"image\/jpeg\" \/>\n<meta name=\"author\" content=\"Bigi Alt\" \/>\n<meta name=\"twitter:card\" content=\"summary_large_image\" \/>\n<meta name=\"twitter:creator\" content=\"@franzalt\" \/>\n<meta name=\"twitter:site\" content=\"@franzalt\" \/>\n<meta name=\"twitter:label1\" content=\"Verfasst von\" \/>\n\t<meta name=\"twitter:data1\" content=\"Bigi Alt\" \/>\n\t<meta name=\"twitter:label2\" content=\"Gesch\u00e4tzte Lesezeit\" \/>\n\t<meta name=\"twitter:data2\" content=\"4\u00a0Minuten\" \/>\n<script type=\"application\/ld+json\" class=\"yoast-schema-graph\">{\"@context\":\"https:\/\/schema.org\",\"@graph\":[{\"@type\":\"Article\",\"@id\":\"https:\/\/www.sonnenseite.com\/de\/franz-alt\/kommentare-interviews\/ist-bill-gates-ein-klima-retter\/#article\",\"isPartOf\":{\"@id\":\"https:\/\/www.sonnenseite.com\/de\/franz-alt\/kommentare-interviews\/ist-bill-gates-ein-klima-retter\/\"},\"author\":{\"name\":\"Bigi Alt\",\"@id\":\"https:\/\/www.sonnenseite.com\/de\/#\/schema\/person\/50fda0e926597684c7cc6695238a4eb9\"},\"headline\":\"Ist Bill Gates ein Klima-Retter?\",\"datePublished\":\"2021-02-20T09:11:58+00:00\",\"dateModified\":\"2021-03-12T18:45:17+00:00\",\"mainEntityOfPage\":{\"@id\":\"https:\/\/www.sonnenseite.com\/de\/franz-alt\/kommentare-interviews\/ist-bill-gates-ein-klima-retter\/\"},\"wordCount\":749,\"publisher\":{\"@id\":\"https:\/\/www.sonnenseite.com\/de\/#organization\"},\"image\":{\"@id\":\"https:\/\/www.sonnenseite.com\/de\/franz-alt\/kommentare-interviews\/ist-bill-gates-ein-klima-retter\/#primaryimage\"},\"thumbnailUrl\":\"https:\/\/www.sonnenseite.com\/wp-content\/uploads\/2020\/05\/climatechange_rustonwayne.jpg\",\"articleSection\":[\"Kommentare &amp; Interviews\"],\"inLanguage\":\"de\"},{\"@type\":\"WebPage\",\"@id\":\"https:\/\/www.sonnenseite.com\/de\/franz-alt\/kommentare-interviews\/ist-bill-gates-ein-klima-retter\/\",\"url\":\"https:\/\/www.sonnenseite.com\/de\/franz-alt\/kommentare-interviews\/ist-bill-gates-ein-klima-retter\/\",\"name\":\"Ist Bill Gates ein Klima-Retter? - Sonnenseite - \u00d6kologische Kommunikation mit Franz Alt\",\"isPartOf\":{\"@id\":\"https:\/\/www.sonnenseite.com\/de\/#website\"},\"primaryImageOfPage\":{\"@id\":\"https:\/\/www.sonnenseite.com\/de\/franz-alt\/kommentare-interviews\/ist-bill-gates-ein-klima-retter\/#primaryimage\"},\"image\":{\"@id\":\"https:\/\/www.sonnenseite.com\/de\/franz-alt\/kommentare-interviews\/ist-bill-gates-ein-klima-retter\/#primaryimage\"},\"thumbnailUrl\":\"https:\/\/www.sonnenseite.com\/wp-content\/uploads\/2020\/05\/climatechange_rustonwayne.jpg\",\"datePublished\":\"2021-02-20T09:11:58+00:00\",\"dateModified\":\"2021-03-12T18:45:17+00:00\",\"description\":\"Wenn der zweitreichste Mann der Welt ein Buch \u00fcber das gr\u00f6\u00dfte Problem der Welt schreibt, dann ist ihm ein riesiges Medien-Spektakel sicher. So ist es beim\",\"breadcrumb\":{\"@id\":\"https:\/\/www.sonnenseite.com\/de\/franz-alt\/kommentare-interviews\/ist-bill-gates-ein-klima-retter\/#breadcrumb\"},\"inLanguage\":\"de\",\"potentialAction\":[{\"@type\":\"ReadAction\",\"target\":[\"https:\/\/www.sonnenseite.com\/de\/franz-alt\/kommentare-interviews\/ist-bill-gates-ein-klima-retter\/\"]}]},{\"@type\":\"ImageObject\",\"inLanguage\":\"de\",\"@id\":\"https:\/\/www.sonnenseite.com\/de\/franz-alt\/kommentare-interviews\/ist-bill-gates-ein-klima-retter\/#primaryimage\",\"url\":\"https:\/\/www.sonnenseite.com\/wp-content\/uploads\/2020\/05\/climatechange_rustonwayne.jpg\",\"contentUrl\":\"https:\/\/www.sonnenseite.com\/wp-content\/uploads\/2020\/05\/climatechange_rustonwayne.jpg\",\"width\":770,\"height\":420,\"caption\":\"Depositphotos | rustonwayne | Wie lange l\u00e4uft es noch in die falsche Richtung?\"},{\"@type\":\"BreadcrumbList\",\"@id\":\"https:\/\/www.sonnenseite.com\/de\/franz-alt\/kommentare-interviews\/ist-bill-gates-ein-klima-retter\/#breadcrumb\",\"itemListElement\":[{\"@type\":\"ListItem\",\"position\":1,\"name\":\"Startseite\",\"item\":\"https:\/\/www.sonnenseite.com\/de\/\"},{\"@type\":\"ListItem\",\"position\":2,\"name\":\"Ist Bill Gates ein Klima-Retter?\"}]},{\"@type\":\"WebSite\",\"@id\":\"https:\/\/www.sonnenseite.com\/de\/#website\",\"url\":\"https:\/\/www.sonnenseite.com\/de\/\",\"name\":\"Sonnenseite\",\"description\":\"\u00d6kologische Kommunikation mit Franz Alt\",\"publisher\":{\"@id\":\"https:\/\/www.sonnenseite.com\/de\/#organization\"},\"potentialAction\":[{\"@type\":\"SearchAction\",\"target\":{\"@type\":\"EntryPoint\",\"urlTemplate\":\"https:\/\/www.sonnenseite.com\/de\/?s={search_term_string}\"},\"query-input\":{\"@type\":\"PropertyValueSpecification\",\"valueRequired\":true,\"valueName\":\"search_term_string\"}}],\"inLanguage\":\"de\"},{\"@type\":\"Organization\",\"@id\":\"https:\/\/www.sonnenseite.com\/de\/#organization\",\"name\":\"Sonnenseite\",\"url\":\"https:\/\/www.sonnenseite.com\/de\/\",\"logo\":{\"@type\":\"ImageObject\",\"inLanguage\":\"de\",\"@id\":\"https:\/\/www.sonnenseite.com\/de\/#\/schema\/logo\/image\/\",\"url\":\"https:\/\/www.sonnenseite.com\/wp-content\/uploads\/2020\/05\/Sonnenseite_Logo.png\",\"contentUrl\":\"https:\/\/www.sonnenseite.com\/wp-content\/uploads\/2020\/05\/Sonnenseite_Logo.png\",\"width\":377,\"height\":90,\"caption\":\"Sonnenseite\"},\"image\":{\"@id\":\"https:\/\/www.sonnenseite.com\/de\/#\/schema\/logo\/image\/\"},\"sameAs\":[\"https:\/\/www.facebook.com\/pages\/Franz-Alt-SONNENSEITECOM\/221072987903953?fref=ts\",\"https:\/\/x.com\/franzalt\",\"http:\/\/www.youtube.com\/results?search_query&amp;amp;quot;franz_alt&amp;amp;quot;&amp;amp;amp;amp;search_type&amp;amp;amp;amp;aq=f\"]},{\"@type\":\"Person\",\"@id\":\"https:\/\/www.sonnenseite.com\/de\/#\/schema\/person\/50fda0e926597684c7cc6695238a4eb9\",\"name\":\"Bigi Alt\"}]}<\/script>\n<!-- \/ Yoast SEO plugin. -->","yoast_head_json":{"title":"Ist Bill Gates ein Klima-Retter? - Sonnenseite - \u00d6kologische Kommunikation mit Franz Alt","description":"Wenn der zweitreichste Mann der Welt ein Buch \u00fcber das gr\u00f6\u00dfte Problem der Welt schreibt, dann ist ihm ein riesiges Medien-Spektakel sicher. So ist es beim","robots":{"index":"index","follow":"follow","max-snippet":"max-snippet:-1","max-image-preview":"max-image-preview:large","max-video-preview":"max-video-preview:-1"},"canonical":"https:\/\/www.sonnenseite.com\/de\/franz-alt\/kommentare-interviews\/ist-bill-gates-ein-klima-retter\/","og_locale":"de_DE","og_type":"article","og_title":"Ist Bill Gates ein Klima-Retter? - Sonnenseite - \u00d6kologische Kommunikation mit Franz Alt","og_description":"Wenn der zweitreichste Mann der Welt ein Buch \u00fcber das gr\u00f6\u00dfte Problem der Welt schreibt, dann ist ihm ein riesiges Medien-Spektakel sicher. So ist es beim","og_url":"https:\/\/www.sonnenseite.com\/de\/franz-alt\/kommentare-interviews\/ist-bill-gates-ein-klima-retter\/","og_site_name":"Sonnenseite","article_publisher":"https:\/\/www.facebook.com\/pages\/Franz-Alt-SONNENSEITECOM\/221072987903953?fref=ts","article_published_time":"2021-02-20T09:11:58+00:00","article_modified_time":"2021-03-12T18:45:17+00:00","og_image":[{"width":770,"height":420,"url":"https:\/\/www.sonnenseite.com\/wp-content\/uploads\/2020\/05\/climatechange_rustonwayne.jpg","type":"image\/jpeg"}],"author":"Bigi Alt","twitter_card":"summary_large_image","twitter_creator":"@franzalt","twitter_site":"@franzalt","twitter_misc":{"Verfasst von":"Bigi Alt","Gesch\u00e4tzte Lesezeit":"4\u00a0Minuten"},"schema":{"@context":"https:\/\/schema.org","@graph":[{"@type":"Article","@id":"https:\/\/www.sonnenseite.com\/de\/franz-alt\/kommentare-interviews\/ist-bill-gates-ein-klima-retter\/#article","isPartOf":{"@id":"https:\/\/www.sonnenseite.com\/de\/franz-alt\/kommentare-interviews\/ist-bill-gates-ein-klima-retter\/"},"author":{"name":"Bigi Alt","@id":"https:\/\/www.sonnenseite.com\/de\/#\/schema\/person\/50fda0e926597684c7cc6695238a4eb9"},"headline":"Ist Bill Gates ein Klima-Retter?","datePublished":"2021-02-20T09:11:58+00:00","dateModified":"2021-03-12T18:45:17+00:00","mainEntityOfPage":{"@id":"https:\/\/www.sonnenseite.com\/de\/franz-alt\/kommentare-interviews\/ist-bill-gates-ein-klima-retter\/"},"wordCount":749,"publisher":{"@id":"https:\/\/www.sonnenseite.com\/de\/#organization"},"image":{"@id":"https:\/\/www.sonnenseite.com\/de\/franz-alt\/kommentare-interviews\/ist-bill-gates-ein-klima-retter\/#primaryimage"},"thumbnailUrl":"https:\/\/www.sonnenseite.com\/wp-content\/uploads\/2020\/05\/climatechange_rustonwayne.jpg","articleSection":["Kommentare &amp; Interviews"],"inLanguage":"de"},{"@type":"WebPage","@id":"https:\/\/www.sonnenseite.com\/de\/franz-alt\/kommentare-interviews\/ist-bill-gates-ein-klima-retter\/","url":"https:\/\/www.sonnenseite.com\/de\/franz-alt\/kommentare-interviews\/ist-bill-gates-ein-klima-retter\/","name":"Ist Bill Gates ein Klima-Retter? - Sonnenseite - \u00d6kologische Kommunikation mit Franz Alt","isPartOf":{"@id":"https:\/\/www.sonnenseite.com\/de\/#website"},"primaryImageOfPage":{"@id":"https:\/\/www.sonnenseite.com\/de\/franz-alt\/kommentare-interviews\/ist-bill-gates-ein-klima-retter\/#primaryimage"},"image":{"@id":"https:\/\/www.sonnenseite.com\/de\/franz-alt\/kommentare-interviews\/ist-bill-gates-ein-klima-retter\/#primaryimage"},"thumbnailUrl":"https:\/\/www.sonnenseite.com\/wp-content\/uploads\/2020\/05\/climatechange_rustonwayne.jpg","datePublished":"2021-02-20T09:11:58+00:00","dateModified":"2021-03-12T18:45:17+00:00","description":"Wenn der zweitreichste Mann der Welt ein Buch \u00fcber das gr\u00f6\u00dfte Problem der Welt schreibt, dann ist ihm ein riesiges Medien-Spektakel sicher. So ist es beim","breadcrumb":{"@id":"https:\/\/www.sonnenseite.com\/de\/franz-alt\/kommentare-interviews\/ist-bill-gates-ein-klima-retter\/#breadcrumb"},"inLanguage":"de","potentialAction":[{"@type":"ReadAction","target":["https:\/\/www.sonnenseite.com\/de\/franz-alt\/kommentare-interviews\/ist-bill-gates-ein-klima-retter\/"]}]},{"@type":"ImageObject","inLanguage":"de","@id":"https:\/\/www.sonnenseite.com\/de\/franz-alt\/kommentare-interviews\/ist-bill-gates-ein-klima-retter\/#primaryimage","url":"https:\/\/www.sonnenseite.com\/wp-content\/uploads\/2020\/05\/climatechange_rustonwayne.jpg","contentUrl":"https:\/\/www.sonnenseite.com\/wp-content\/uploads\/2020\/05\/climatechange_rustonwayne.jpg","width":770,"height":420,"caption":"Depositphotos | rustonwayne | Wie lange l\u00e4uft es noch in die falsche Richtung?"},{"@type":"BreadcrumbList","@id":"https:\/\/www.sonnenseite.com\/de\/franz-alt\/kommentare-interviews\/ist-bill-gates-ein-klima-retter\/#breadcrumb","itemListElement":[{"@type":"ListItem","position":1,"name":"Startseite","item":"https:\/\/www.sonnenseite.com\/de\/"},{"@type":"ListItem","position":2,"name":"Ist Bill Gates ein Klima-Retter?"}]},{"@type":"WebSite","@id":"https:\/\/www.sonnenseite.com\/de\/#website","url":"https:\/\/www.sonnenseite.com\/de\/","name":"Sonnenseite","description":"\u00d6kologische Kommunikation mit Franz Alt","publisher":{"@id":"https:\/\/www.sonnenseite.com\/de\/#organization"},"potentialAction":[{"@type":"SearchAction","target":{"@type":"EntryPoint","urlTemplate":"https:\/\/www.sonnenseite.com\/de\/?s={search_term_string}"},"query-input":{"@type":"PropertyValueSpecification","valueRequired":true,"valueName":"search_term_string"}}],"inLanguage":"de"},{"@type":"Organization","@id":"https:\/\/www.sonnenseite.com\/de\/#organization","name":"Sonnenseite","url":"https:\/\/www.sonnenseite.com\/de\/","logo":{"@type":"ImageObject","inLanguage":"de","@id":"https:\/\/www.sonnenseite.com\/de\/#\/schema\/logo\/image\/","url":"https:\/\/www.sonnenseite.com\/wp-content\/uploads\/2020\/05\/Sonnenseite_Logo.png","contentUrl":"https:\/\/www.sonnenseite.com\/wp-content\/uploads\/2020\/05\/Sonnenseite_Logo.png","width":377,"height":90,"caption":"Sonnenseite"},"image":{"@id":"https:\/\/www.sonnenseite.com\/de\/#\/schema\/logo\/image\/"},"sameAs":["https:\/\/www.facebook.com\/pages\/Franz-Alt-SONNENSEITECOM\/221072987903953?fref=ts","https:\/\/x.com\/franzalt","http:\/\/www.youtube.com\/results?search_query&amp;amp;quot;franz_alt&amp;amp;quot;&amp;amp;amp;amp;search_type&amp;amp;amp;amp;aq=f"]},{"@type":"Person","@id":"https:\/\/www.sonnenseite.com\/de\/#\/schema\/person\/50fda0e926597684c7cc6695238a4eb9","name":"Bigi Alt"}]}},"_links":{"self":[{"href":"https:\/\/www.sonnenseite.com\/de\/wp-json\/wp\/v2\/posts\/68486","targetHints":{"allow":["GET"]}}],"collection":[{"href":"https:\/\/www.sonnenseite.com\/de\/wp-json\/wp\/v2\/posts"}],"about":[{"href":"https:\/\/www.sonnenseite.com\/de\/wp-json\/wp\/v2\/types\/post"}],"author":[{"embeddable":true,"href":"https:\/\/www.sonnenseite.com\/de\/wp-json\/wp\/v2\/users\/3"}],"replies":[{"embeddable":true,"href":"https:\/\/www.sonnenseite.com\/de\/wp-json\/wp\/v2\/comments?post=68486"}],"version-history":[{"count":8,"href":"https:\/\/www.sonnenseite.com\/de\/wp-json\/wp\/v2\/posts\/68486\/revisions"}],"predecessor-version":[{"id":68529,"href":"https:\/\/www.sonnenseite.com\/de\/wp-json\/wp\/v2\/posts\/68486\/revisions\/68529"}],"wp:featuredmedia":[{"embeddable":true,"href":"https:\/\/www.sonnenseite.com\/de\/wp-json\/wp\/v2\/media\/948"}],"wp:attachment":[{"href":"https:\/\/www.sonnenseite.com\/de\/wp-json\/wp\/v2\/media?parent=68486"}],"wp:term":[{"taxonomy":"category","embeddable":true,"href":"https:\/\/www.sonnenseite.com\/de\/wp-json\/wp\/v2\/categories?post=68486"},{"taxonomy":"post_tag","embeddable":true,"href":"https:\/\/www.sonnenseite.com\/de\/wp-json\/wp\/v2\/tags?post=68486"}],"curies":[{"name":"wp","href":"https:\/\/api.w.org\/{rel}","templated":true}]}}