{"id":68982,"date":"2021-03-06T12:46:43","date_gmt":"2021-03-06T11:46:43","guid":{"rendered":"https:\/\/www.sonnenseite.com\/?p=68982"},"modified":"2021-03-06T16:25:44","modified_gmt":"2021-03-06T15:25:44","slug":"atomkraft-ist-keine-alternative-im-kampf-gegen-den-klimawandel","status":"publish","type":"post","link":"https:\/\/www.sonnenseite.com\/de\/energie\/atomkraft-ist-keine-alternative-im-kampf-gegen-den-klimawandel\/","title":{"rendered":"Atomkraft ist keine Alternative im Kampf gegen den Klimawandel"},"content":{"rendered":"\n<p>Zum zehnten Mal j\u00e4hrt sich die Reaktorkatastrophe von Fukushima. Nicht nur die enormen Risiken sprechen gegen die Atomkraft, auch \u00f6konomisch ist sie \u00fcberholt. Manche Politiker sehen in ihr den rettenden Strohhalm in Sachen Klimaschutz \u2013 ein Irrtum.<\/p>\n\n\n\n<p>Zehn Jahre nach der Nuklearkatastrophe in Fukushima erlebt die Diskussion um die Nutzung der Kernkraft eine beunruhigende Renaissance. Gerade hat die franz\u00f6sische Atomaufsichtsbeh\u00f6rde bekannt gegeben, die Laufzeit der \u00e4ltesten franz\u00f6sischen Atomreaktoren von 40 auf 50 Jahre verl\u00e4ngern zu wollen. Die <a href=\"https:\/\/www.energiezukunft.eu\/erneuerbare-energien\/solar\/viel-zu-wenig-dynamik-bei-der-energiewende\/\" target=\"_blank\" rel=\"noreferrer noopener\">nationalen Ziele f\u00fcr den Atomausstieg<\/a> wurden zuvor schon weit in die Zukunft geschoben.<\/p>\n\n\n\n<p>Aber auch andere L\u00e4nder in Europa wollen weiter auf Atomkraft setzen. Die polnische Regierung verfolgt <a href=\"https:\/\/www.energiezukunft.eu\/politik\/polen-plant-akw-an-der-ostsee-gutachter-warnen\/\" target=\"_blank\" rel=\"noreferrer noopener\">den Bau von zwei Kernkraftwerken<\/a> bis 2033 und auch die <a href=\"https:\/\/www.energiezukunft.eu\/politik\/niederlande-erwaegt-den-bau-neuer-kernkraftwerke\/\" target=\"_blank\" rel=\"noreferrer noopener\">Niederlande erw\u00e4gen den Bau mehrerer Kernkraftwerke.<\/a><a href=\"https:\/\/www.energiezukunft.eu\/politik\/estland-will-europas-erstes-mini-akw-bauen\/\" target=\"_blank\" rel=\"noreferrer noopener\">Das erste Mini-AKW will Estland errichten<\/a>, ein fatales Signal.<\/p>\n\n\n\n<p>Der Trend ist global. Immer mehr L\u00e4nder lieb\u00e4ugeln mit der Atomenergie als Teil der Energieversorgung. So ging beispielsweise das erste Kernkraftwerk in den Vereinigten Arabischen Emiraten letztes Jahr in Betrieb. In Indien sind sieben Kraftwerke in Bau, 20 weitere projektiert. Wie das <a href=\"https:\/\/www.nuklearforum.ch\/de\/fakten-und-wissen\/kernkraftwerke-der-welt\" target=\"_blank\" rel=\"noreferrer noopener\">Schweizer Nuklearforum<\/a> meldet, befanden sich Ende 2019 weltweit 54 Atomkraftwerke in 19 L\u00e4ndern in der Bauphase,&nbsp; 119 in 16 L\u00e4ndern sind geplant. Anfang 2020 umfasste der zivile Kernkraftwerkspark der Welt 442 Reaktoren in 31 L\u00e4ndern.<\/p>\n\n\n\n<h5 class=\"wp-block-heading\">Atomkraft ist keine Alternative im Kampf gegen den Klimawandel<\/h5>\n\n\n\n<p>Gefahren und Sicherheitsrisiken sind enorm, doch der fortschreitende Klimawandel und die bisher nicht ausreichenden Erfolge bei der Eind\u00e4mmung der Treibhausgasemissionen lassen die Kernkraft als rettenden Strohhalm erscheinen. Diese Vorstellung beruht auf mehreren Irrt\u00fcmern.<\/p>\n\n\n\n<p>Zun\u00e4chst ist der Bau und der Betrieb der Kraftwerke keineswegs emissionsfrei. Die vermeintliche sichere Energieversorgung erweist sich dar\u00fcber hinaus in der Praxis keineswegs als stetig und sicher. Ausfallzeiten aufgrund von Wartungsarbeiten und Reparaturen sind hoch, nicht selten m\u00fcssen die Reaktoren wegen sinkender Wasserspiegel und damit einhergehender mangelnder K\u00fchlung heruntergefahren werden.&nbsp;<\/p>\n\n\n\n<p>Ein weiterer Fakt, der h\u00e4ufig ausgeblendet wird: Auch die weltweiten Uranvorr\u00e4te sind begrenzt und w\u00fcrden nach heutigem Stand der Technik und etwa gleichbleibendem Verbrauch in etwa 100 Jahren aufgebraucht sein, bei verst\u00e4rkter Nutzung entsprechend fr\u00fcher. Zudem hinterl\u00e4sst der Abbau von Uranerz gro\u00dffl\u00e4chig radioaktiv verseuchte Gebiete. Die weltweit bekannten Vorr\u00e4te liegen <a href=\"https:\/\/www.greenpeace.ch\/de\/publikation\/3794\/uranabbau-zerstoert-die-umwelt\/\" target=\"_blank\" rel=\"noreferrer noopener\">laut Greenpeace<\/a> zu rund 70 Prozent auf dem Land indigener V\u00f6lker, die von schweren Gesundheits- und Umweltfolgen des Uranabbaus besonders betroffen sind \u2013 und am wirtschaftlichen Erfolg der Firmen noch nicht mal teilhaben.<\/p>\n\n\n\n<h5 class=\"wp-block-heading\">Weltweit bisher kein sicheres Endlager f\u00fcr Atomm\u00fcll<\/h5>\n\n\n\n<p>Schlie\u00dflich ist die Frage der Atomm\u00fclllagerung weiterhin ungekl\u00e4rt. Christoph Pistner, Bereichsleiter Nukleartechnik und Anlagensicherheit am \u00d6ko-Institut in Darmstadt erkl\u00e4rt: \u201eWeltweit gibt es bisher kein Endlager f\u00fcr hochradioaktive Abf\u00e4lle. Einzelne Staaten sind auf dem Weg, es gibt aber auch Betreiberstaaten, die noch gar nichts unternommen haben und noch gar nicht wissen, was sie mit ihren Abf\u00e4llen unternehmen werden. Gerade auf Neueinsteiger trifft das zu.\u201c Auch die Aufbereitung und erneute Nutzung sind nach Auffassung von Pistner nach heutigem Stand ein gescheitertes Konzept.<\/p>\n\n\n\n<h5 class=\"wp-block-heading\">Neue Reaktorkonzepte sind nicht neu<\/h5>\n\n\n\n<p>Vermehrt wird in j\u00fcngster Zeit auf Reaktoren der Generation IV verwiesen oder auf sogenannte Mini-AKW. Generation IV suggeriert moderne, grundlegend neue Ans\u00e4tze. Doch die Konzepte sind im Wesentlichen seit den 50-er, 60-er Jahren des letzten Jahrtausends in Entwicklung. Es handelt sich dabei beispielsweise um fl\u00fcssigmetallgek\u00fchlte Reaktoren, wie vor vielen Jahren in Kalkar geplant, oder um Hochtemperaturreaktoren, die bisher nicht erfolgreich zu Ende entwickelt sind. \u201eAufgrund der langen Entwicklungszeiten wird wohl vor 2040 kein neues Reaktordesign in Betrieb gehen\u201c, sch\u00e4tzt Pistner.<\/p>\n\n\n\n<p>Diese Reaktoren werden auf keinen Fall preiswerter sein als heutige Leichtwasserreaktoren, da sie aufw\u00e4ndigere technische Konzepte verfolgen. Gegebenenfalls k\u00f6nnen sie andere Systemdienstleistungen anbieten. Manche Kernkraftwerke sind tats\u00e4chlich heute schon im Lastfolgeeinsatz, variieren ihre Leistung aber nur im oberen Leistungsbereich. Allerdings sind sie nicht daf\u00fcr ausgelegt, das dauerhaft \u00fcber ihre gesamte Betriebslaufzeit zu tun. Zudem ist kapitalintensive Technologie \u00f6konomisch nur sinnvoll, wenn sie mit hoher Auslastung eingesetzt wird. Ansonsten sieht die Kostenrechnung nochmal d\u00fcsterer aus.<\/p>\n\n\n\n<h5 class=\"wp-block-heading\">Mini-AKWs in Serie \u00f6konomisch keine Alternative<\/h5>\n\n\n\n<p>Bei den kleineren Reaktoren mit der geringeren Leistung finden sich verschiedene technologische Konzepte. Bei den kleineren wassergek\u00fchlten Reaktoren verbinden die Ingenieure mit der geringeren Leistung die Hoffnung, eine h\u00f6here Sicherheit zu erreichen, unter anderem weil bei einem St\u00f6rfall weniger radioaktives Material entweichen kann. Die Bef\u00fcrworter der Small Modular Reactors wollen die Kosten minimieren, indem sie eine industrielle Serienfertigung anstreben. Doch ein kleiner Reaktor ist bezogen auf die installierte Leistung teurer als ein gro\u00dfer. Es ist mehr als fraglich, ob der potenzielle Vorteil der Serienfertigung, so sie denn tats\u00e4chlich Skalenvorteile erreichen kann, die Nachteile \u00fcberwiegt.<\/p>\n\n\n\n<p>Es bleibt also nach Abw\u00e4gung der Argumente keinerlei Substanz, die f\u00fcr Atomkraft spricht. Seit l\u00e4ngerem ist das erforscht und belegt, sehr <a href=\"https:\/\/www.diw.de\/de\/diw_01.c.670481.de\/publikationen\/wochenberichte\/2019_30_1\/zu_teuer_und_gefaehrlich__atomkraft_ist_keine_option_fuer_eine_klimafreundliche_energieversorgung.html\" target=\"_blank\" rel=\"noreferrer noopener\">ausf\u00fchrlich und anschaulich in einer Studie des DIW von 2019<\/a>. L\u00e4ngst sind Wind- und Sonnenkraftwerke ohnehin auch \u00f6konomisch im Vorteil, sie erzeugen den preiswertesten Strom. Die enormen Risiken und Kosten der Kernenergie sind Ballast, der auf dem Weg in die Klimaneutralit\u00e4t ganz sicherlich nicht weiterhilft.<\/p>\n\n\n<h5 class=\"green\">Quelle<\/h5>\r\n\n\n\n<p>Der Bericht wurde von der&nbsp;<a href=\"https:\/\/www.energiezukunft.eu\/politik\/alter-wein-in-neuen-schlaeuchen\/\">Redaktion \u201cenergiezukunft\u201c (pf) 2021&nbsp;verfasst<\/a> \u2013 der Artikel darf&nbsp;<a href=\"mailto:portal@energiezukunft.eu\" target=\"_blank\" rel=\"noreferrer noopener\">nicht ohne Genehmigung<\/a>&nbsp;weiterverbreitet werden!&nbsp;|&nbsp;<strong>energiezukunft<\/strong>&nbsp;| Heft 29 \/ 2019 | &#8222;Urbane Energiewende&#8220;&nbsp;|&nbsp; <a href=\"https:\/\/www.energiezukunft.eu\/service\/magazine\/\">Jetzt lesen<\/a>&nbsp;|&nbsp;<a href=\"file:\/\/\/C:\\Users\\BIGIAL~1\\AppData\\Local\\Temp\\energiezukunft_2020-29.pdf\">Download<\/a><\/p>\n<div class=\"shariff shariff-align-flex-start shariff-widget-align-flex-start\"><div class=\"ShariffHeadline\">Diese Meldung teilen<\/div><ul class=\"shariff-buttons theme-round orientation-horizontal buttonsize-medium\"><li class=\"shariff-button facebook shariff-nocustomcolor\" style=\"background-color:#4273c8;border-radius:1%\"><a href=\"https:\/\/www.facebook.com\/sharer\/sharer.php?u=https%3A%2F%2Fwww.sonnenseite.com%2Fde%2Fenergie%2Fatomkraft-ist-keine-alternative-im-kampf-gegen-den-klimawandel%2F\" title=\"Bei Facebook teilen\" aria-label=\"Bei Facebook teilen\" role=\"button\" rel=\"nofollow\" class=\"shariff-link\" style=\";border-radius:1%; background-color:#3b5998; color:#fff\" target=\"_blank\"><span class=\"shariff-icon\" style=\"\"><svg width=\"32px\" height=\"20px\" xmlns=\"http:\/\/www.w3.org\/2000\/svg\" viewBox=\"0 0 18 32\"><path fill=\"#3b5998\" d=\"M17.1 0.2v4.7h-2.8q-1.5 0-2.1 0.6t-0.5 1.9v3.4h5.2l-0.7 5.3h-4.5v13.6h-5.5v-13.6h-4.5v-5.3h4.5v-3.9q0-3.3 1.9-5.2t5-1.8q2.6 0 4.1 0.2z\"\/><\/svg><\/span><\/a><\/li><li class=\"shariff-button twitter shariff-nocustomcolor\" style=\"background-color:#595959;border-radius:1%\"><a href=\"https:\/\/twitter.com\/share?url=https%3A%2F%2Fwww.sonnenseite.com%2Fde%2Fenergie%2Fatomkraft-ist-keine-alternative-im-kampf-gegen-den-klimawandel%2F&text=Atomkraft%20ist%20keine%20Alternative%20im%20Kampf%20gegen%20den%20Klimawandel\" title=\"Bei X teilen\" aria-label=\"Bei X teilen\" role=\"button\" rel=\"noopener nofollow\" class=\"shariff-link\" style=\";border-radius:1%; background-color:#000; color:#fff\" target=\"_blank\"><span class=\"shariff-icon\" style=\"\"><svg width=\"32px\" height=\"20px\" xmlns=\"http:\/\/www.w3.org\/2000\/svg\" viewBox=\"0 0 24 24\"><path fill=\"#000\" d=\"M14.258 10.152L23.176 0h-2.113l-7.747 8.813L7.133 0H0l9.352 13.328L0 23.973h2.113l8.176-9.309 6.531 9.309h7.133zm-2.895 3.293l-.949-1.328L2.875 1.56h3.246l6.086 8.523.945 1.328 7.91 11.078h-3.246zm0 0\"\/><\/svg><\/span><\/a><\/li><li class=\"shariff-button xing shariff-nocustomcolor\" style=\"background-color:#29888a;border-radius:1%\"><a href=\"https:\/\/www.xing.com\/spi\/shares\/new?url=https%3A%2F%2Fwww.sonnenseite.com%2Fde%2Fenergie%2Fatomkraft-ist-keine-alternative-im-kampf-gegen-den-klimawandel%2F\" title=\"Bei XING teilen\" aria-label=\"Bei XING teilen\" role=\"button\" rel=\"noopener nofollow\" class=\"shariff-link\" style=\";border-radius:1%; background-color:#126567; color:#fff\" target=\"_blank\"><span class=\"shariff-icon\" style=\"\"><svg width=\"32px\" height=\"20px\" xmlns=\"http:\/\/www.w3.org\/2000\/svg\" viewBox=\"0 0 25 32\"><path fill=\"#126567\" d=\"M10.7 11.9q-0.2 0.3-4.6 8.2-0.5 0.8-1.2 0.8h-4.3q-0.4 0-0.5-0.3t0-0.6l4.5-8q0 0 0 0l-2.9-5q-0.2-0.4 0-0.7 0.2-0.3 0.5-0.3h4.3q0.7 0 1.2 0.8zM25.1 0.4q0.2 0.3 0 0.7l-9.4 16.7 6 11q0.2 0.4 0 0.6-0.2 0.3-0.6 0.3h-4.3q-0.7 0-1.2-0.8l-6-11.1q0.3-0.6 9.5-16.8 0.4-0.8 1.2-0.8h4.3q0.4 0 0.5 0.3z\"\/><\/svg><\/span><\/a><\/li><li class=\"shariff-button linkedin shariff-nocustomcolor\" style=\"background-color:#1488bf;border-radius:1%\"><a href=\"https:\/\/www.linkedin.com\/sharing\/share-offsite\/?url=https%3A%2F%2Fwww.sonnenseite.com%2Fde%2Fenergie%2Fatomkraft-ist-keine-alternative-im-kampf-gegen-den-klimawandel%2F\" title=\"Bei LinkedIn teilen\" aria-label=\"Bei LinkedIn teilen\" role=\"button\" rel=\"noopener nofollow\" class=\"shariff-link\" style=\";border-radius:1%; background-color:#0077b5; color:#fff\" target=\"_blank\"><span class=\"shariff-icon\" style=\"\"><svg width=\"32px\" height=\"20px\" xmlns=\"http:\/\/www.w3.org\/2000\/svg\" viewBox=\"0 0 27 32\"><path fill=\"#0077b5\" d=\"M6.2 11.2v17.7h-5.9v-17.7h5.9zM6.6 5.7q0 1.3-0.9 2.2t-2.4 0.9h0q-1.5 0-2.4-0.9t-0.9-2.2 0.9-2.2 2.4-0.9 2.4 0.9 0.9 2.2zM27.4 18.7v10.1h-5.9v-9.5q0-1.9-0.7-2.9t-2.3-1.1q-1.1 0-1.9 0.6t-1.2 1.5q-0.2 0.5-0.2 1.4v9.9h-5.9q0-7.1 0-11.6t0-5.3l0-0.9h5.9v2.6h0q0.4-0.6 0.7-1t1-0.9 1.6-0.8 2-0.3q3 0 4.9 2t1.9 6z\"\/><\/svg><\/span><\/a><\/li><li class=\"shariff-button printer shariff-nocustomcolor\" style=\"background-color:#a8a8a8;border-radius:1%\"><a href=\"javascript:window.print()\" title=\"drucken\" aria-label=\"drucken\" role=\"button\" rel=\"noopener nofollow\" class=\"shariff-link\" style=\";border-radius:1%; background-color:#999; color:#fff\"><span class=\"shariff-icon\" style=\"\"><svg width=\"32px\" height=\"20px\" xmlns=\"http:\/\/www.w3.org\/2000\/svg\" viewBox=\"0 0 30 32\"><path fill=\"#999\" d=\"M6.8 27.4h16v-4.6h-16v4.6zM6.8 16h16v-6.8h-2.8q-0.7 0-1.2-0.5t-0.5-1.2v-2.8h-11.4v11.4zM27.4 17.2q0-0.5-0.3-0.8t-0.8-0.4-0.8 0.4-0.3 0.8 0.3 0.8 0.8 0.3 0.8-0.3 0.3-0.8zM29.7 17.2v7.4q0 0.2-0.2 0.4t-0.4 0.2h-4v2.8q0 0.7-0.5 1.2t-1.2 0.5h-17.2q-0.7 0-1.2-0.5t-0.5-1.2v-2.8h-4q-0.2 0-0.4-0.2t-0.2-0.4v-7.4q0-1.4 1-2.4t2.4-1h1.2v-9.7q0-0.7 0.5-1.2t1.2-0.5h12q0.7 0 1.6 0.4t1.3 0.8l2.7 2.7q0.5 0.5 0.9 1.4t0.4 1.6v4.6h1.1q1.4 0 2.4 1t1 2.4z\"\/><\/svg><\/span><\/a><\/li><li class=\"shariff-button mailto shariff-nocustomcolor\" style=\"background-color:#a8a8a8;border-radius:1%\"><a href=\"mailto:?body=https%3A%2F%2Fwww.sonnenseite.com%2Fde%2Fenergie%2Fatomkraft-ist-keine-alternative-im-kampf-gegen-den-klimawandel%2F&subject=Atomkraft%20ist%20keine%20Alternative%20im%20Kampf%20gegen%20den%20Klimawandel\" title=\"Per E-Mail versenden\" aria-label=\"Per E-Mail versenden\" role=\"button\" rel=\"noopener nofollow\" class=\"shariff-link\" style=\";border-radius:1%; background-color:#999; color:#fff\"><span class=\"shariff-icon\" style=\"\"><svg width=\"32px\" height=\"20px\" xmlns=\"http:\/\/www.w3.org\/2000\/svg\" viewBox=\"0 0 32 32\"><path fill=\"#999\" d=\"M32 12.7v14.2q0 1.2-0.8 2t-2 0.9h-26.3q-1.2 0-2-0.9t-0.8-2v-14.2q0.8 0.9 1.8 1.6 6.5 4.4 8.9 6.1 1 0.8 1.6 1.2t1.7 0.9 2 0.4h0.1q0.9 0 2-0.4t1.7-0.9 1.6-1.2q3-2.2 8.9-6.1 1-0.7 1.8-1.6zM32 7.4q0 1.4-0.9 2.7t-2.2 2.2q-6.7 4.7-8.4 5.8-0.2 0.1-0.7 0.5t-1 0.7-0.9 0.6-1.1 0.5-0.9 0.2h-0.1q-0.4 0-0.9-0.2t-1.1-0.5-0.9-0.6-1-0.7-0.7-0.5q-1.6-1.1-4.7-3.2t-3.6-2.6q-1.1-0.7-2.1-2t-1-2.5q0-1.4 0.7-2.3t2.1-0.9h26.3q1.2 0 2 0.8t0.9 2z\"\/><\/svg><\/span><\/a><\/li><\/ul><\/div>","protected":false},"excerpt":{"rendered":"<p>Zum zehnten Mal j\u00e4hrt sich die Reaktorkatastrophe von Fukushima. Nicht nur die enormen Risiken sprechen gegen [&hellip;]<\/p>\n","protected":false},"author":3,"featured_media":6723,"comment_status":"closed","ping_status":"closed","sticky":false,"template":"","format":"standard","meta":{"inline_featured_image":false,"footnotes":""},"categories":[22],"tags":[],"class_list":["post-68982","post","type-post","status-publish","format-standard","has-post-thumbnail","hentry","category-energie"],"yoast_head":"<!-- This site is optimized with the Yoast SEO plugin v26.5 - https:\/\/yoast.com\/wordpress\/plugins\/seo\/ -->\n<title>Atomkraft ist keine Alternative im Kampf gegen den Klimawandel - Sonnenseite - \u00d6kologische Kommunikation mit Franz Alt<\/title>\n<meta name=\"description\" content=\"Zum zehnten Mal j\u00e4hrt sich die Reaktorkatastrophe von Fukushima. Nicht nur die enormen Risiken sprechen gegen die Atomkraft, auch \u00f6konomisch ist sie\" \/>\n<meta name=\"robots\" content=\"index, follow, max-snippet:-1, max-image-preview:large, max-video-preview:-1\" \/>\n<link rel=\"canonical\" href=\"https:\/\/www.sonnenseite.com\/de\/energie\/atomkraft-ist-keine-alternative-im-kampf-gegen-den-klimawandel\/\" \/>\n<meta property=\"og:locale\" content=\"de_DE\" \/>\n<meta property=\"og:type\" content=\"article\" \/>\n<meta property=\"og:title\" content=\"Atomkraft ist keine Alternative im Kampf gegen den Klimawandel - Sonnenseite - \u00d6kologische Kommunikation mit Franz Alt\" \/>\n<meta property=\"og:description\" content=\"Zum zehnten Mal j\u00e4hrt sich die Reaktorkatastrophe von Fukushima. Nicht nur die enormen Risiken sprechen gegen die Atomkraft, auch \u00f6konomisch ist sie\" \/>\n<meta property=\"og:url\" content=\"https:\/\/www.sonnenseite.com\/de\/energie\/atomkraft-ist-keine-alternative-im-kampf-gegen-den-klimawandel\/\" \/>\n<meta property=\"og:site_name\" content=\"Sonnenseite\" \/>\n<meta property=\"article:publisher\" content=\"https:\/\/www.facebook.com\/pages\/Franz-Alt-SONNENSEITECOM\/221072987903953?fref=ts\" \/>\n<meta property=\"article:published_time\" content=\"2021-03-06T11:46:43+00:00\" \/>\n<meta property=\"article:modified_time\" content=\"2021-03-06T15:25:44+00:00\" \/>\n<meta property=\"og:image\" content=\"https:\/\/www.sonnenseite.com\/wp-content\/uploads\/2019\/09\/atom_argus456.jpg\" \/>\n\t<meta property=\"og:image:width\" content=\"770\" \/>\n\t<meta property=\"og:image:height\" content=\"420\" \/>\n\t<meta property=\"og:image:type\" content=\"image\/jpeg\" \/>\n<meta name=\"author\" content=\"Bigi Alt\" \/>\n<meta name=\"twitter:card\" content=\"summary_large_image\" \/>\n<meta name=\"twitter:creator\" content=\"@franzalt\" \/>\n<meta name=\"twitter:site\" content=\"@franzalt\" \/>\n<meta name=\"twitter:label1\" content=\"Verfasst von\" \/>\n\t<meta name=\"twitter:data1\" content=\"Bigi Alt\" \/>\n\t<meta name=\"twitter:label2\" content=\"Gesch\u00e4tzte Lesezeit\" \/>\n\t<meta name=\"twitter:data2\" content=\"4\u00a0Minuten\" \/>\n<script type=\"application\/ld+json\" class=\"yoast-schema-graph\">{\"@context\":\"https:\/\/schema.org\",\"@graph\":[{\"@type\":\"Article\",\"@id\":\"https:\/\/www.sonnenseite.com\/de\/energie\/atomkraft-ist-keine-alternative-im-kampf-gegen-den-klimawandel\/#article\",\"isPartOf\":{\"@id\":\"https:\/\/www.sonnenseite.com\/de\/energie\/atomkraft-ist-keine-alternative-im-kampf-gegen-den-klimawandel\/\"},\"author\":{\"name\":\"Bigi Alt\",\"@id\":\"https:\/\/www.sonnenseite.com\/de\/#\/schema\/person\/50fda0e926597684c7cc6695238a4eb9\"},\"headline\":\"Atomkraft ist keine Alternative im Kampf gegen den Klimawandel\",\"datePublished\":\"2021-03-06T11:46:43+00:00\",\"dateModified\":\"2021-03-06T15:25:44+00:00\",\"mainEntityOfPage\":{\"@id\":\"https:\/\/www.sonnenseite.com\/de\/energie\/atomkraft-ist-keine-alternative-im-kampf-gegen-den-klimawandel\/\"},\"wordCount\":882,\"publisher\":{\"@id\":\"https:\/\/www.sonnenseite.com\/de\/#organization\"},\"image\":{\"@id\":\"https:\/\/www.sonnenseite.com\/de\/energie\/atomkraft-ist-keine-alternative-im-kampf-gegen-den-klimawandel\/#primaryimage\"},\"thumbnailUrl\":\"https:\/\/www.sonnenseite.com\/wp-content\/uploads\/2019\/09\/atom_argus456.jpg\",\"articleSection\":[\"Energie\"],\"inLanguage\":\"de\"},{\"@type\":\"WebPage\",\"@id\":\"https:\/\/www.sonnenseite.com\/de\/energie\/atomkraft-ist-keine-alternative-im-kampf-gegen-den-klimawandel\/\",\"url\":\"https:\/\/www.sonnenseite.com\/de\/energie\/atomkraft-ist-keine-alternative-im-kampf-gegen-den-klimawandel\/\",\"name\":\"Atomkraft ist keine Alternative im Kampf gegen den Klimawandel - Sonnenseite - \u00d6kologische Kommunikation mit Franz Alt\",\"isPartOf\":{\"@id\":\"https:\/\/www.sonnenseite.com\/de\/#website\"},\"primaryImageOfPage\":{\"@id\":\"https:\/\/www.sonnenseite.com\/de\/energie\/atomkraft-ist-keine-alternative-im-kampf-gegen-den-klimawandel\/#primaryimage\"},\"image\":{\"@id\":\"https:\/\/www.sonnenseite.com\/de\/energie\/atomkraft-ist-keine-alternative-im-kampf-gegen-den-klimawandel\/#primaryimage\"},\"thumbnailUrl\":\"https:\/\/www.sonnenseite.com\/wp-content\/uploads\/2019\/09\/atom_argus456.jpg\",\"datePublished\":\"2021-03-06T11:46:43+00:00\",\"dateModified\":\"2021-03-06T15:25:44+00:00\",\"description\":\"Zum zehnten Mal j\u00e4hrt sich die Reaktorkatastrophe von Fukushima. Nicht nur die enormen Risiken sprechen gegen die Atomkraft, auch \u00f6konomisch ist sie\",\"breadcrumb\":{\"@id\":\"https:\/\/www.sonnenseite.com\/de\/energie\/atomkraft-ist-keine-alternative-im-kampf-gegen-den-klimawandel\/#breadcrumb\"},\"inLanguage\":\"de\",\"potentialAction\":[{\"@type\":\"ReadAction\",\"target\":[\"https:\/\/www.sonnenseite.com\/de\/energie\/atomkraft-ist-keine-alternative-im-kampf-gegen-den-klimawandel\/\"]}]},{\"@type\":\"ImageObject\",\"inLanguage\":\"de\",\"@id\":\"https:\/\/www.sonnenseite.com\/de\/energie\/atomkraft-ist-keine-alternative-im-kampf-gegen-den-klimawandel\/#primaryimage\",\"url\":\"https:\/\/www.sonnenseite.com\/wp-content\/uploads\/2019\/09\/atom_argus456.jpg\",\"contentUrl\":\"https:\/\/www.sonnenseite.com\/wp-content\/uploads\/2019\/09\/atom_argus456.jpg\",\"width\":770,\"height\":420,\"caption\":\"bigstock | argus456 |\"},{\"@type\":\"BreadcrumbList\",\"@id\":\"https:\/\/www.sonnenseite.com\/de\/energie\/atomkraft-ist-keine-alternative-im-kampf-gegen-den-klimawandel\/#breadcrumb\",\"itemListElement\":[{\"@type\":\"ListItem\",\"position\":1,\"name\":\"Startseite\",\"item\":\"https:\/\/www.sonnenseite.com\/de\/\"},{\"@type\":\"ListItem\",\"position\":2,\"name\":\"Atomkraft ist keine Alternative im Kampf gegen den Klimawandel\"}]},{\"@type\":\"WebSite\",\"@id\":\"https:\/\/www.sonnenseite.com\/de\/#website\",\"url\":\"https:\/\/www.sonnenseite.com\/de\/\",\"name\":\"Sonnenseite\",\"description\":\"\u00d6kologische Kommunikation mit Franz Alt\",\"publisher\":{\"@id\":\"https:\/\/www.sonnenseite.com\/de\/#organization\"},\"potentialAction\":[{\"@type\":\"SearchAction\",\"target\":{\"@type\":\"EntryPoint\",\"urlTemplate\":\"https:\/\/www.sonnenseite.com\/de\/?s={search_term_string}\"},\"query-input\":{\"@type\":\"PropertyValueSpecification\",\"valueRequired\":true,\"valueName\":\"search_term_string\"}}],\"inLanguage\":\"de\"},{\"@type\":\"Organization\",\"@id\":\"https:\/\/www.sonnenseite.com\/de\/#organization\",\"name\":\"Sonnenseite\",\"url\":\"https:\/\/www.sonnenseite.com\/de\/\",\"logo\":{\"@type\":\"ImageObject\",\"inLanguage\":\"de\",\"@id\":\"https:\/\/www.sonnenseite.com\/de\/#\/schema\/logo\/image\/\",\"url\":\"https:\/\/www.sonnenseite.com\/wp-content\/uploads\/2020\/05\/Sonnenseite_Logo.png\",\"contentUrl\":\"https:\/\/www.sonnenseite.com\/wp-content\/uploads\/2020\/05\/Sonnenseite_Logo.png\",\"width\":377,\"height\":90,\"caption\":\"Sonnenseite\"},\"image\":{\"@id\":\"https:\/\/www.sonnenseite.com\/de\/#\/schema\/logo\/image\/\"},\"sameAs\":[\"https:\/\/www.facebook.com\/pages\/Franz-Alt-SONNENSEITECOM\/221072987903953?fref=ts\",\"https:\/\/x.com\/franzalt\",\"http:\/\/www.youtube.com\/results?search_query&amp;amp;quot;franz_alt&amp;amp;quot;&amp;amp;amp;amp;search_type&amp;amp;amp;amp;aq=f\"]},{\"@type\":\"Person\",\"@id\":\"https:\/\/www.sonnenseite.com\/de\/#\/schema\/person\/50fda0e926597684c7cc6695238a4eb9\",\"name\":\"Bigi Alt\"}]}<\/script>\n<!-- \/ Yoast SEO plugin. -->","yoast_head_json":{"title":"Atomkraft ist keine Alternative im Kampf gegen den Klimawandel - Sonnenseite - \u00d6kologische Kommunikation mit Franz Alt","description":"Zum zehnten Mal j\u00e4hrt sich die Reaktorkatastrophe von Fukushima. Nicht nur die enormen Risiken sprechen gegen die Atomkraft, auch \u00f6konomisch ist sie","robots":{"index":"index","follow":"follow","max-snippet":"max-snippet:-1","max-image-preview":"max-image-preview:large","max-video-preview":"max-video-preview:-1"},"canonical":"https:\/\/www.sonnenseite.com\/de\/energie\/atomkraft-ist-keine-alternative-im-kampf-gegen-den-klimawandel\/","og_locale":"de_DE","og_type":"article","og_title":"Atomkraft ist keine Alternative im Kampf gegen den Klimawandel - Sonnenseite - \u00d6kologische Kommunikation mit Franz Alt","og_description":"Zum zehnten Mal j\u00e4hrt sich die Reaktorkatastrophe von Fukushima. Nicht nur die enormen Risiken sprechen gegen die Atomkraft, auch \u00f6konomisch ist sie","og_url":"https:\/\/www.sonnenseite.com\/de\/energie\/atomkraft-ist-keine-alternative-im-kampf-gegen-den-klimawandel\/","og_site_name":"Sonnenseite","article_publisher":"https:\/\/www.facebook.com\/pages\/Franz-Alt-SONNENSEITECOM\/221072987903953?fref=ts","article_published_time":"2021-03-06T11:46:43+00:00","article_modified_time":"2021-03-06T15:25:44+00:00","og_image":[{"width":770,"height":420,"url":"https:\/\/www.sonnenseite.com\/wp-content\/uploads\/2019\/09\/atom_argus456.jpg","type":"image\/jpeg"}],"author":"Bigi Alt","twitter_card":"summary_large_image","twitter_creator":"@franzalt","twitter_site":"@franzalt","twitter_misc":{"Verfasst von":"Bigi Alt","Gesch\u00e4tzte Lesezeit":"4\u00a0Minuten"},"schema":{"@context":"https:\/\/schema.org","@graph":[{"@type":"Article","@id":"https:\/\/www.sonnenseite.com\/de\/energie\/atomkraft-ist-keine-alternative-im-kampf-gegen-den-klimawandel\/#article","isPartOf":{"@id":"https:\/\/www.sonnenseite.com\/de\/energie\/atomkraft-ist-keine-alternative-im-kampf-gegen-den-klimawandel\/"},"author":{"name":"Bigi Alt","@id":"https:\/\/www.sonnenseite.com\/de\/#\/schema\/person\/50fda0e926597684c7cc6695238a4eb9"},"headline":"Atomkraft ist keine Alternative im Kampf gegen den Klimawandel","datePublished":"2021-03-06T11:46:43+00:00","dateModified":"2021-03-06T15:25:44+00:00","mainEntityOfPage":{"@id":"https:\/\/www.sonnenseite.com\/de\/energie\/atomkraft-ist-keine-alternative-im-kampf-gegen-den-klimawandel\/"},"wordCount":882,"publisher":{"@id":"https:\/\/www.sonnenseite.com\/de\/#organization"},"image":{"@id":"https:\/\/www.sonnenseite.com\/de\/energie\/atomkraft-ist-keine-alternative-im-kampf-gegen-den-klimawandel\/#primaryimage"},"thumbnailUrl":"https:\/\/www.sonnenseite.com\/wp-content\/uploads\/2019\/09\/atom_argus456.jpg","articleSection":["Energie"],"inLanguage":"de"},{"@type":"WebPage","@id":"https:\/\/www.sonnenseite.com\/de\/energie\/atomkraft-ist-keine-alternative-im-kampf-gegen-den-klimawandel\/","url":"https:\/\/www.sonnenseite.com\/de\/energie\/atomkraft-ist-keine-alternative-im-kampf-gegen-den-klimawandel\/","name":"Atomkraft ist keine Alternative im Kampf gegen den Klimawandel - Sonnenseite - \u00d6kologische Kommunikation mit Franz Alt","isPartOf":{"@id":"https:\/\/www.sonnenseite.com\/de\/#website"},"primaryImageOfPage":{"@id":"https:\/\/www.sonnenseite.com\/de\/energie\/atomkraft-ist-keine-alternative-im-kampf-gegen-den-klimawandel\/#primaryimage"},"image":{"@id":"https:\/\/www.sonnenseite.com\/de\/energie\/atomkraft-ist-keine-alternative-im-kampf-gegen-den-klimawandel\/#primaryimage"},"thumbnailUrl":"https:\/\/www.sonnenseite.com\/wp-content\/uploads\/2019\/09\/atom_argus456.jpg","datePublished":"2021-03-06T11:46:43+00:00","dateModified":"2021-03-06T15:25:44+00:00","description":"Zum zehnten Mal j\u00e4hrt sich die Reaktorkatastrophe von Fukushima. Nicht nur die enormen Risiken sprechen gegen die Atomkraft, auch \u00f6konomisch ist sie","breadcrumb":{"@id":"https:\/\/www.sonnenseite.com\/de\/energie\/atomkraft-ist-keine-alternative-im-kampf-gegen-den-klimawandel\/#breadcrumb"},"inLanguage":"de","potentialAction":[{"@type":"ReadAction","target":["https:\/\/www.sonnenseite.com\/de\/energie\/atomkraft-ist-keine-alternative-im-kampf-gegen-den-klimawandel\/"]}]},{"@type":"ImageObject","inLanguage":"de","@id":"https:\/\/www.sonnenseite.com\/de\/energie\/atomkraft-ist-keine-alternative-im-kampf-gegen-den-klimawandel\/#primaryimage","url":"https:\/\/www.sonnenseite.com\/wp-content\/uploads\/2019\/09\/atom_argus456.jpg","contentUrl":"https:\/\/www.sonnenseite.com\/wp-content\/uploads\/2019\/09\/atom_argus456.jpg","width":770,"height":420,"caption":"bigstock | argus456 |"},{"@type":"BreadcrumbList","@id":"https:\/\/www.sonnenseite.com\/de\/energie\/atomkraft-ist-keine-alternative-im-kampf-gegen-den-klimawandel\/#breadcrumb","itemListElement":[{"@type":"ListItem","position":1,"name":"Startseite","item":"https:\/\/www.sonnenseite.com\/de\/"},{"@type":"ListItem","position":2,"name":"Atomkraft ist keine Alternative im Kampf gegen den Klimawandel"}]},{"@type":"WebSite","@id":"https:\/\/www.sonnenseite.com\/de\/#website","url":"https:\/\/www.sonnenseite.com\/de\/","name":"Sonnenseite","description":"\u00d6kologische Kommunikation mit Franz Alt","publisher":{"@id":"https:\/\/www.sonnenseite.com\/de\/#organization"},"potentialAction":[{"@type":"SearchAction","target":{"@type":"EntryPoint","urlTemplate":"https:\/\/www.sonnenseite.com\/de\/?s={search_term_string}"},"query-input":{"@type":"PropertyValueSpecification","valueRequired":true,"valueName":"search_term_string"}}],"inLanguage":"de"},{"@type":"Organization","@id":"https:\/\/www.sonnenseite.com\/de\/#organization","name":"Sonnenseite","url":"https:\/\/www.sonnenseite.com\/de\/","logo":{"@type":"ImageObject","inLanguage":"de","@id":"https:\/\/www.sonnenseite.com\/de\/#\/schema\/logo\/image\/","url":"https:\/\/www.sonnenseite.com\/wp-content\/uploads\/2020\/05\/Sonnenseite_Logo.png","contentUrl":"https:\/\/www.sonnenseite.com\/wp-content\/uploads\/2020\/05\/Sonnenseite_Logo.png","width":377,"height":90,"caption":"Sonnenseite"},"image":{"@id":"https:\/\/www.sonnenseite.com\/de\/#\/schema\/logo\/image\/"},"sameAs":["https:\/\/www.facebook.com\/pages\/Franz-Alt-SONNENSEITECOM\/221072987903953?fref=ts","https:\/\/x.com\/franzalt","http:\/\/www.youtube.com\/results?search_query&amp;amp;quot;franz_alt&amp;amp;quot;&amp;amp;amp;amp;search_type&amp;amp;amp;amp;aq=f"]},{"@type":"Person","@id":"https:\/\/www.sonnenseite.com\/de\/#\/schema\/person\/50fda0e926597684c7cc6695238a4eb9","name":"Bigi Alt"}]}},"_links":{"self":[{"href":"https:\/\/www.sonnenseite.com\/de\/wp-json\/wp\/v2\/posts\/68982","targetHints":{"allow":["GET"]}}],"collection":[{"href":"https:\/\/www.sonnenseite.com\/de\/wp-json\/wp\/v2\/posts"}],"about":[{"href":"https:\/\/www.sonnenseite.com\/de\/wp-json\/wp\/v2\/types\/post"}],"author":[{"embeddable":true,"href":"https:\/\/www.sonnenseite.com\/de\/wp-json\/wp\/v2\/users\/3"}],"replies":[{"embeddable":true,"href":"https:\/\/www.sonnenseite.com\/de\/wp-json\/wp\/v2\/comments?post=68982"}],"version-history":[{"count":2,"href":"https:\/\/www.sonnenseite.com\/de\/wp-json\/wp\/v2\/posts\/68982\/revisions"}],"predecessor-version":[{"id":68986,"href":"https:\/\/www.sonnenseite.com\/de\/wp-json\/wp\/v2\/posts\/68982\/revisions\/68986"}],"wp:featuredmedia":[{"embeddable":true,"href":"https:\/\/www.sonnenseite.com\/de\/wp-json\/wp\/v2\/media\/6723"}],"wp:attachment":[{"href":"https:\/\/www.sonnenseite.com\/de\/wp-json\/wp\/v2\/media?parent=68982"}],"wp:term":[{"taxonomy":"category","embeddable":true,"href":"https:\/\/www.sonnenseite.com\/de\/wp-json\/wp\/v2\/categories?post=68982"},{"taxonomy":"post_tag","embeddable":true,"href":"https:\/\/www.sonnenseite.com\/de\/wp-json\/wp\/v2\/tags?post=68982"}],"curies":[{"name":"wp","href":"https:\/\/api.w.org\/{rel}","templated":true}]}}