{"id":69270,"date":"2021-03-15T02:02:00","date_gmt":"2021-03-15T01:02:00","guid":{"rendered":"https:\/\/www.sonnenseite.com\/?p=69270"},"modified":"2021-03-14T11:52:41","modified_gmt":"2021-03-14T10:52:41","slug":"180-millionen-euro-foerderinitiative-fuer-nachhaltige-batterien-startet","status":"publish","type":"post","link":"https:\/\/www.sonnenseite.com\/de\/wissenschaft\/180-millionen-euro-foerderinitiative-fuer-nachhaltige-batterien-startet\/","title":{"rendered":"180-Millionen-Euro-F\u00f6rderinitiative f\u00fcr nachhaltige Batterien startet"},"content":{"rendered":"\n<p>Altmaier: \u201eBattery Alliance und Batterie-IPCEIs sind Blaupause f\u00fcr europ\u00e4ische Zukunftsprojekte\u201c.<\/p>\n\n\n\n<p>Das <a href=\"https:\/\/www.bmwi.de\/Redaktion\/DE\/Pressemitteilungen\/2021\/03\/20210312-altmaier-battery-alliance-und-batterie-ipceis-sind-blaupause-fuer-europaeische-zukunftsprojekte.html\" target=\"_blank\" rel=\"noreferrer noopener\">Bundesministerium f\u00fcr Wirtschaft und Energie (BMWi)<\/a> baut seine Batteriezellf\u00f6rderung weiter aus: Mit einer neuen F\u00f6rderinitiative unterst\u00fctzt das BMWi jetzt die Forschung und Entwicklung f\u00fcr nachhaltige Batterien. Beispiel: Das Vorhaben <a href=\"https:\/\/www.est.tu-clausthal.de\/forschung\/aktuelle-projekte\/gridbatt-batterietechnologien-zur-sicherstellung-eines-sicheren-netzbetriebs\" target=\"_blank\" rel=\"noreferrer noopener\">\u201eGridBatt \u2013 Batterietechnologien zur Sicherung eines stabilen Netzbetriebes\u201c<\/a> \u2013 eines der ersten Projekte im Rahmen der <a href=\"https:\/\/www.bmbf.de\/foerderungen\/bekanntmachung-3130.html\" target=\"_blank\" rel=\"noreferrer noopener\">F\u00f6rderlinie \u201eForschungsfabrik Batterie\u201c<\/a> im Cluster \u201eBatterienutzungskonzepte\u201c. Das <a href=\"https:\/\/www.est.tu-clausthal.de\/1\/nachrichtendetail?tx_news_pi1%5Baction%5D=detail&amp;tx_news_pi1%5Bcontroller%5D=News&amp;tx_news_pi1%5Bnews%5D=3793&amp;cHash=073d9db38bddc3bfdda44204807d52d7\" target=\"_blank\" rel=\"noreferrer noopener\">Forschungszentrum Energiespeichertechnologien (EST) der TU Clausthal<\/a> koordiniert das Verbundprojekt. <\/p>\n\n\n\n<p>Anl\u00e4sslich des 5. Treffens der European Battery Alliance am 12.03.2021 betonte Bundeswirtschaftsminister Peter Altmaier die Bedeutung der Initiative f\u00fcr die europ\u00e4ische Zukunfts- und Wettbewerbsf\u00e4higkeit.<\/p>\n\n\n\n<p id=\"caption-attachment-198989\">\u201eWir wollen in Deutschland und der EU die innovativsten, umweltschonendsten Batterien produzieren und international zur Weltspitzen geh\u00f6ren. Daf\u00fcr setzt die Politik die richtigen Rahmenbedingungen und der Markt schafft mit Wettbewerb und Innovationen gute L\u00f6sungen. Genau daf\u00fcr steht die <em>EU Battery Alliance<\/em>. Gemeinsam mit den zwei gro\u00dfen europ\u00e4ischen Projekten zur <a href=\"https:\/\/www.bmwi.de\/Redaktion\/DE\/Dossier\/batteriezellfertigung.html\">Batteriezellfertigung <\/a>ist die Battery Alliance ein Musterbeispiel f\u00fcr eine gemeinsame europ\u00e4ische Industriepolitik und eine Blaupause f\u00fcr weitere zukunftstr\u00e4chtige Sektoren wie <a href=\"https:\/\/www.bmwi.de\/Redaktion\/DE\/Dossier\/wasserstoff.html\">Wasserstoff<\/a>, <a href=\"https:\/\/www.bmwi.de\/Redaktion\/DE\/Artikel\/Industrie\/mikroelektronik.html\">Mikroelektronik<\/a> und Cloud. Diesen Weg der Zukunfts- und Wettbewerbsf\u00e4higkeit der europ\u00e4ischen Industrie m\u00fcssen wir weiter gehen!\u201c<\/p>\n\n\n\n<p>Die neue Forschungsf\u00f6rderung erg\u00e4nzt die beiden laufenden wichtigen Vorhaben von gemeinsamem europ\u00e4ischem Interesse (kurz: IPCEI), die die Produktion innovativer Batterien voranbringen. Sie nimmt den gesamten Lebenszyklus von Batterien und insbesondere die Nachhaltigkeit in den Blick. Von heute an bis zum 21. April 2021 k\u00f6nnen Projektskizzen f\u00fcr eine Forschungsf\u00f6rderung in den Bereichen Nachhaltigkeit und Recycling, Digitalisierung der Batterieproduktion, Batterietest und -zertifizierung und Anwendungen neuer Batterietechniken eingereicht werden.<\/p>\n\n\n\n<p>Altmaier: \u201eMit den IPCEIs haben wir den industriellen Kern der Batterie-Wertsch\u00f6pfungskette in Deutschland und Europa erfolgreich aufgebaut. Jetzt gilt es, das Batterie-\u00d6kosystem auszubauen und viele weitere Unternehmen und Forschungseinrichtungen an die Wertsch\u00f6pfungskette anzubinden. Mit der neuen F\u00f6rderma\u00dfnahme wollen wir Nachhaltigkeit und Digitalisierung in der Batteriezellproduktion vorantreiben. Daf\u00fcr stellen wir bis zu 180 Millionen Euro an F\u00f6rdergeldern zur Verf\u00fcgung. Zuk\u00fcnftig sollen die besten und umweltfreundlichsten Batterien aus Deutschland und Europa kommen.\u201c<\/p>\n\n\n\n<p>Im Rahmen zweier wichtiger IPCEI-Vorhaben unterst\u00fctzt das BMWi bereits 15 Unternehmen in Deutschland dabei, eine durchg\u00e4ngige Wertsch\u00f6pfungskette f\u00fcr Batterien in Europa aufzubauen: von der Aufbereitung der Rohstoffe \u00fcber die Produktion bis hin zum Recycling. Weitere rund 45 Unternehmen aus elf EU-Mitgliedstaaten sind hieran beteiligt.<\/p>\n\n\n\n<p>Die Projekte aus der neuen F\u00f6rderinitiative sollen die Wettbewerbsf\u00e4higkeit der wachsenden Batterieindustrie in Deutschland weiter st\u00e4rken. Das Ziel sind Batterien \u201emade in Germany\u201c, die h\u00f6chsten Anspr\u00fcchen an Qualit\u00e4t und Nachhaltigkeit gen\u00fcgen. Hierzu sollen die Forschungs- und Innovationsprojekte beitragen.<\/p>\n\n\n\n<p>Der F\u00f6rderaufruf \u201eForschung in der Schwerpunktf\u00f6rderung Batteriezellfertigung\u201c steht im Kontext des 7. Energieforschungsprogramms der Bundesregierung und wird heute im Bundesanzeiger ver\u00f6ffentlicht. In einigen Wochen soll eine weitere Ma\u00dfnahme zur F\u00f6rderung der Qualifizierung und der Unterst\u00fctzung des Strukturwandels mit Blick auf die Batteriezellfertigung folgen.<\/p>\n\n\n<h5 class=\"green\">Quelle<\/h5>\r\n\n\n\n<p>Der Bericht wurde von der\u00a0<a href=\"https:\/\/www.solarify.eu\/2021\/03\/13\/648-180-millionen-euro-foerderinitiative-fuer-nachhaltige-batterien-startet\/\">Redaktion &#8222;SOLARIFY\u201c 2021<\/a>\u00a0verfasst!\u00a0<\/p>\n<div class=\"shariff shariff-align-flex-start shariff-widget-align-flex-start\"><div class=\"ShariffHeadline\">Diese Meldung teilen<\/div><ul class=\"shariff-buttons theme-round orientation-horizontal buttonsize-medium\"><li class=\"shariff-button facebook shariff-nocustomcolor\" style=\"background-color:#4273c8;border-radius:1%\"><a href=\"https:\/\/www.facebook.com\/sharer\/sharer.php?u=https%3A%2F%2Fwww.sonnenseite.com%2Fde%2Fwissenschaft%2F180-millionen-euro-foerderinitiative-fuer-nachhaltige-batterien-startet%2F\" title=\"Bei Facebook teilen\" aria-label=\"Bei Facebook teilen\" role=\"button\" rel=\"nofollow\" class=\"shariff-link\" style=\";border-radius:1%; background-color:#3b5998; color:#fff\" target=\"_blank\"><span class=\"shariff-icon\" style=\"\"><svg width=\"32px\" height=\"20px\" xmlns=\"http:\/\/www.w3.org\/2000\/svg\" viewBox=\"0 0 18 32\"><path fill=\"#3b5998\" d=\"M17.1 0.2v4.7h-2.8q-1.5 0-2.1 0.6t-0.5 1.9v3.4h5.2l-0.7 5.3h-4.5v13.6h-5.5v-13.6h-4.5v-5.3h4.5v-3.9q0-3.3 1.9-5.2t5-1.8q2.6 0 4.1 0.2z\"\/><\/svg><\/span><\/a><\/li><li class=\"shariff-button twitter shariff-nocustomcolor\" style=\"background-color:#595959;border-radius:1%\"><a href=\"https:\/\/twitter.com\/share?url=https%3A%2F%2Fwww.sonnenseite.com%2Fde%2Fwissenschaft%2F180-millionen-euro-foerderinitiative-fuer-nachhaltige-batterien-startet%2F&text=180-Millionen-Euro-F%C3%B6rderinitiative%20f%C3%BCr%20nachhaltige%20Batterien%20startet\" title=\"Bei X teilen\" aria-label=\"Bei X teilen\" role=\"button\" rel=\"noopener nofollow\" class=\"shariff-link\" style=\";border-radius:1%; background-color:#000; color:#fff\" target=\"_blank\"><span class=\"shariff-icon\" style=\"\"><svg width=\"32px\" height=\"20px\" xmlns=\"http:\/\/www.w3.org\/2000\/svg\" viewBox=\"0 0 24 24\"><path fill=\"#000\" d=\"M14.258 10.152L23.176 0h-2.113l-7.747 8.813L7.133 0H0l9.352 13.328L0 23.973h2.113l8.176-9.309 6.531 9.309h7.133zm-2.895 3.293l-.949-1.328L2.875 1.56h3.246l6.086 8.523.945 1.328 7.91 11.078h-3.246zm0 0\"\/><\/svg><\/span><\/a><\/li><li class=\"shariff-button xing shariff-nocustomcolor\" style=\"background-color:#29888a;border-radius:1%\"><a href=\"https:\/\/www.xing.com\/spi\/shares\/new?url=https%3A%2F%2Fwww.sonnenseite.com%2Fde%2Fwissenschaft%2F180-millionen-euro-foerderinitiative-fuer-nachhaltige-batterien-startet%2F\" title=\"Bei XING teilen\" aria-label=\"Bei XING teilen\" role=\"button\" rel=\"noopener nofollow\" class=\"shariff-link\" style=\";border-radius:1%; background-color:#126567; color:#fff\" target=\"_blank\"><span class=\"shariff-icon\" style=\"\"><svg width=\"32px\" height=\"20px\" xmlns=\"http:\/\/www.w3.org\/2000\/svg\" viewBox=\"0 0 25 32\"><path fill=\"#126567\" d=\"M10.7 11.9q-0.2 0.3-4.6 8.2-0.5 0.8-1.2 0.8h-4.3q-0.4 0-0.5-0.3t0-0.6l4.5-8q0 0 0 0l-2.9-5q-0.2-0.4 0-0.7 0.2-0.3 0.5-0.3h4.3q0.7 0 1.2 0.8zM25.1 0.4q0.2 0.3 0 0.7l-9.4 16.7 6 11q0.2 0.4 0 0.6-0.2 0.3-0.6 0.3h-4.3q-0.7 0-1.2-0.8l-6-11.1q0.3-0.6 9.5-16.8 0.4-0.8 1.2-0.8h4.3q0.4 0 0.5 0.3z\"\/><\/svg><\/span><\/a><\/li><li class=\"shariff-button linkedin shariff-nocustomcolor\" style=\"background-color:#1488bf;border-radius:1%\"><a href=\"https:\/\/www.linkedin.com\/sharing\/share-offsite\/?url=https%3A%2F%2Fwww.sonnenseite.com%2Fde%2Fwissenschaft%2F180-millionen-euro-foerderinitiative-fuer-nachhaltige-batterien-startet%2F\" title=\"Bei LinkedIn teilen\" aria-label=\"Bei LinkedIn teilen\" role=\"button\" rel=\"noopener nofollow\" class=\"shariff-link\" style=\";border-radius:1%; background-color:#0077b5; color:#fff\" target=\"_blank\"><span class=\"shariff-icon\" style=\"\"><svg width=\"32px\" height=\"20px\" xmlns=\"http:\/\/www.w3.org\/2000\/svg\" viewBox=\"0 0 27 32\"><path fill=\"#0077b5\" d=\"M6.2 11.2v17.7h-5.9v-17.7h5.9zM6.6 5.7q0 1.3-0.9 2.2t-2.4 0.9h0q-1.5 0-2.4-0.9t-0.9-2.2 0.9-2.2 2.4-0.9 2.4 0.9 0.9 2.2zM27.4 18.7v10.1h-5.9v-9.5q0-1.9-0.7-2.9t-2.3-1.1q-1.1 0-1.9 0.6t-1.2 1.5q-0.2 0.5-0.2 1.4v9.9h-5.9q0-7.1 0-11.6t0-5.3l0-0.9h5.9v2.6h0q0.4-0.6 0.7-1t1-0.9 1.6-0.8 2-0.3q3 0 4.9 2t1.9 6z\"\/><\/svg><\/span><\/a><\/li><li class=\"shariff-button printer shariff-nocustomcolor\" style=\"background-color:#a8a8a8;border-radius:1%\"><a href=\"javascript:window.print()\" title=\"drucken\" aria-label=\"drucken\" role=\"button\" rel=\"noopener nofollow\" class=\"shariff-link\" style=\";border-radius:1%; background-color:#999; color:#fff\"><span class=\"shariff-icon\" style=\"\"><svg width=\"32px\" height=\"20px\" xmlns=\"http:\/\/www.w3.org\/2000\/svg\" viewBox=\"0 0 30 32\"><path fill=\"#999\" d=\"M6.8 27.4h16v-4.6h-16v4.6zM6.8 16h16v-6.8h-2.8q-0.7 0-1.2-0.5t-0.5-1.2v-2.8h-11.4v11.4zM27.4 17.2q0-0.5-0.3-0.8t-0.8-0.4-0.8 0.4-0.3 0.8 0.3 0.8 0.8 0.3 0.8-0.3 0.3-0.8zM29.7 17.2v7.4q0 0.2-0.2 0.4t-0.4 0.2h-4v2.8q0 0.7-0.5 1.2t-1.2 0.5h-17.2q-0.7 0-1.2-0.5t-0.5-1.2v-2.8h-4q-0.2 0-0.4-0.2t-0.2-0.4v-7.4q0-1.4 1-2.4t2.4-1h1.2v-9.7q0-0.7 0.5-1.2t1.2-0.5h12q0.7 0 1.6 0.4t1.3 0.8l2.7 2.7q0.5 0.5 0.9 1.4t0.4 1.6v4.6h1.1q1.4 0 2.4 1t1 2.4z\"\/><\/svg><\/span><\/a><\/li><li class=\"shariff-button mailto shariff-nocustomcolor\" style=\"background-color:#a8a8a8;border-radius:1%\"><a href=\"mailto:?body=https%3A%2F%2Fwww.sonnenseite.com%2Fde%2Fwissenschaft%2F180-millionen-euro-foerderinitiative-fuer-nachhaltige-batterien-startet%2F&subject=180-Millionen-Euro-F%C3%B6rderinitiative%20f%C3%BCr%20nachhaltige%20Batterien%20startet\" title=\"Per E-Mail versenden\" aria-label=\"Per E-Mail versenden\" role=\"button\" rel=\"noopener nofollow\" class=\"shariff-link\" style=\";border-radius:1%; background-color:#999; color:#fff\"><span class=\"shariff-icon\" style=\"\"><svg width=\"32px\" height=\"20px\" xmlns=\"http:\/\/www.w3.org\/2000\/svg\" viewBox=\"0 0 32 32\"><path fill=\"#999\" d=\"M32 12.7v14.2q0 1.2-0.8 2t-2 0.9h-26.3q-1.2 0-2-0.9t-0.8-2v-14.2q0.8 0.9 1.8 1.6 6.5 4.4 8.9 6.1 1 0.8 1.6 1.2t1.7 0.9 2 0.4h0.1q0.9 0 2-0.4t1.7-0.9 1.6-1.2q3-2.2 8.9-6.1 1-0.7 1.8-1.6zM32 7.4q0 1.4-0.9 2.7t-2.2 2.2q-6.7 4.7-8.4 5.8-0.2 0.1-0.7 0.5t-1 0.7-0.9 0.6-1.1 0.5-0.9 0.2h-0.1q-0.4 0-0.9-0.2t-1.1-0.5-0.9-0.6-1-0.7-0.7-0.5q-1.6-1.1-4.7-3.2t-3.6-2.6q-1.1-0.7-2.1-2t-1-2.5q0-1.4 0.7-2.3t2.1-0.9h26.3q1.2 0 2 0.8t0.9 2z\"\/><\/svg><\/span><\/a><\/li><\/ul><\/div>","protected":false},"excerpt":{"rendered":"<p>Altmaier: \u201eBattery Alliance und Batterie-IPCEIs sind Blaupause f\u00fcr europ\u00e4ische Zukunftsprojekte\u201c. Das Bundesministerium f\u00fcr Wirtschaft und Energie [&hellip;]<\/p>\n","protected":false},"author":3,"featured_media":69272,"comment_status":"closed","ping_status":"closed","sticky":false,"template":"","format":"standard","meta":{"inline_featured_image":false,"footnotes":""},"categories":[26],"tags":[],"class_list":["post-69270","post","type-post","status-publish","format-standard","has-post-thumbnail","hentry","category-wissenschaft"],"yoast_head":"<!-- This site is optimized with the Yoast SEO plugin v26.5 - https:\/\/yoast.com\/wordpress\/plugins\/seo\/ -->\n<title>180-Millionen-Euro-F\u00f6rderinitiative f\u00fcr nachhaltige Batterien startet - Sonnenseite - \u00d6kologische Kommunikation mit Franz Alt<\/title>\n<meta name=\"description\" content=\"Altmaier: \u201eBattery Alliance und Batterie-IPCEIs sind Blaupause f\u00fcr europ\u00e4ische Zukunftsprojekte\u201c. Das Bundesministerium f\u00fcr Wirtschaft und Energie (BMWi)\" \/>\n<meta name=\"robots\" content=\"index, follow, max-snippet:-1, max-image-preview:large, max-video-preview:-1\" \/>\n<link rel=\"canonical\" href=\"https:\/\/www.sonnenseite.com\/de\/wissenschaft\/180-millionen-euro-foerderinitiative-fuer-nachhaltige-batterien-startet\/\" \/>\n<meta property=\"og:locale\" content=\"de_DE\" \/>\n<meta property=\"og:type\" content=\"article\" \/>\n<meta property=\"og:title\" content=\"180-Millionen-Euro-F\u00f6rderinitiative f\u00fcr nachhaltige Batterien startet - Sonnenseite - \u00d6kologische Kommunikation mit Franz Alt\" \/>\n<meta property=\"og:description\" content=\"Altmaier: \u201eBattery Alliance und Batterie-IPCEIs sind Blaupause f\u00fcr europ\u00e4ische Zukunftsprojekte\u201c. Das Bundesministerium f\u00fcr Wirtschaft und Energie (BMWi)\" \/>\n<meta property=\"og:url\" content=\"https:\/\/www.sonnenseite.com\/de\/wissenschaft\/180-millionen-euro-foerderinitiative-fuer-nachhaltige-batterien-startet\/\" \/>\n<meta property=\"og:site_name\" content=\"Sonnenseite\" \/>\n<meta property=\"article:publisher\" content=\"https:\/\/www.facebook.com\/pages\/Franz-Alt-SONNENSEITECOM\/221072987903953?fref=ts\" \/>\n<meta property=\"article:published_time\" content=\"2021-03-15T01:02:00+00:00\" \/>\n<meta property=\"og:image\" content=\"https:\/\/www.sonnenseite.com\/wp-content\/uploads\/2021\/03\/TU_Clausthal-Batteriespeichern-geforscht.jpg\" \/>\n\t<meta property=\"og:image:width\" content=\"770\" \/>\n\t<meta property=\"og:image:height\" content=\"420\" \/>\n\t<meta property=\"og:image:type\" content=\"image\/jpeg\" \/>\n<meta name=\"author\" content=\"Bigi Alt\" \/>\n<meta name=\"twitter:card\" content=\"summary_large_image\" \/>\n<meta name=\"twitter:creator\" content=\"@franzalt\" \/>\n<meta name=\"twitter:site\" content=\"@franzalt\" \/>\n<meta name=\"twitter:label1\" content=\"Verfasst von\" \/>\n\t<meta name=\"twitter:data1\" content=\"Bigi Alt\" \/>\n\t<meta name=\"twitter:label2\" content=\"Gesch\u00e4tzte Lesezeit\" \/>\n\t<meta name=\"twitter:data2\" content=\"2\u00a0Minuten\" \/>\n<script type=\"application\/ld+json\" class=\"yoast-schema-graph\">{\"@context\":\"https:\/\/schema.org\",\"@graph\":[{\"@type\":\"Article\",\"@id\":\"https:\/\/www.sonnenseite.com\/de\/wissenschaft\/180-millionen-euro-foerderinitiative-fuer-nachhaltige-batterien-startet\/#article\",\"isPartOf\":{\"@id\":\"https:\/\/www.sonnenseite.com\/de\/wissenschaft\/180-millionen-euro-foerderinitiative-fuer-nachhaltige-batterien-startet\/\"},\"author\":{\"name\":\"Bigi Alt\",\"@id\":\"https:\/\/www.sonnenseite.com\/de\/#\/schema\/person\/50fda0e926597684c7cc6695238a4eb9\"},\"headline\":\"180-Millionen-Euro-F\u00f6rderinitiative f\u00fcr nachhaltige Batterien startet\",\"datePublished\":\"2021-03-15T01:02:00+00:00\",\"mainEntityOfPage\":{\"@id\":\"https:\/\/www.sonnenseite.com\/de\/wissenschaft\/180-millionen-euro-foerderinitiative-fuer-nachhaltige-batterien-startet\/\"},\"wordCount\":505,\"publisher\":{\"@id\":\"https:\/\/www.sonnenseite.com\/de\/#organization\"},\"image\":{\"@id\":\"https:\/\/www.sonnenseite.com\/de\/wissenschaft\/180-millionen-euro-foerderinitiative-fuer-nachhaltige-batterien-startet\/#primaryimage\"},\"thumbnailUrl\":\"https:\/\/www.sonnenseite.com\/wp-content\/uploads\/2021\/03\/TU_Clausthal-Batteriespeichern-geforscht.jpg\",\"articleSection\":[\"Wissenschaft\"],\"inLanguage\":\"de\"},{\"@type\":\"WebPage\",\"@id\":\"https:\/\/www.sonnenseite.com\/de\/wissenschaft\/180-millionen-euro-foerderinitiative-fuer-nachhaltige-batterien-startet\/\",\"url\":\"https:\/\/www.sonnenseite.com\/de\/wissenschaft\/180-millionen-euro-foerderinitiative-fuer-nachhaltige-batterien-startet\/\",\"name\":\"180-Millionen-Euro-F\u00f6rderinitiative f\u00fcr nachhaltige Batterien startet - Sonnenseite - \u00d6kologische Kommunikation mit Franz Alt\",\"isPartOf\":{\"@id\":\"https:\/\/www.sonnenseite.com\/de\/#website\"},\"primaryImageOfPage\":{\"@id\":\"https:\/\/www.sonnenseite.com\/de\/wissenschaft\/180-millionen-euro-foerderinitiative-fuer-nachhaltige-batterien-startet\/#primaryimage\"},\"image\":{\"@id\":\"https:\/\/www.sonnenseite.com\/de\/wissenschaft\/180-millionen-euro-foerderinitiative-fuer-nachhaltige-batterien-startet\/#primaryimage\"},\"thumbnailUrl\":\"https:\/\/www.sonnenseite.com\/wp-content\/uploads\/2021\/03\/TU_Clausthal-Batteriespeichern-geforscht.jpg\",\"datePublished\":\"2021-03-15T01:02:00+00:00\",\"description\":\"Altmaier: \u201eBattery Alliance und Batterie-IPCEIs sind Blaupause f\u00fcr europ\u00e4ische Zukunftsprojekte\u201c. Das Bundesministerium f\u00fcr Wirtschaft und Energie (BMWi)\",\"breadcrumb\":{\"@id\":\"https:\/\/www.sonnenseite.com\/de\/wissenschaft\/180-millionen-euro-foerderinitiative-fuer-nachhaltige-batterien-startet\/#breadcrumb\"},\"inLanguage\":\"de\",\"potentialAction\":[{\"@type\":\"ReadAction\",\"target\":[\"https:\/\/www.sonnenseite.com\/de\/wissenschaft\/180-millionen-euro-foerderinitiative-fuer-nachhaltige-batterien-startet\/\"]}]},{\"@type\":\"ImageObject\",\"inLanguage\":\"de\",\"@id\":\"https:\/\/www.sonnenseite.com\/de\/wissenschaft\/180-millionen-euro-foerderinitiative-fuer-nachhaltige-batterien-startet\/#primaryimage\",\"url\":\"https:\/\/www.sonnenseite.com\/wp-content\/uploads\/2021\/03\/TU_Clausthal-Batteriespeichern-geforscht.jpg\",\"contentUrl\":\"https:\/\/www.sonnenseite.com\/wp-content\/uploads\/2021\/03\/TU_Clausthal-Batteriespeichern-geforscht.jpg\",\"width\":770,\"height\":420,\"caption\":\"TU Clausthal | In diesem Labor wird an leistungsstarken Batteriespeichern geforscht.\"},{\"@type\":\"BreadcrumbList\",\"@id\":\"https:\/\/www.sonnenseite.com\/de\/wissenschaft\/180-millionen-euro-foerderinitiative-fuer-nachhaltige-batterien-startet\/#breadcrumb\",\"itemListElement\":[{\"@type\":\"ListItem\",\"position\":1,\"name\":\"Startseite\",\"item\":\"https:\/\/www.sonnenseite.com\/de\/\"},{\"@type\":\"ListItem\",\"position\":2,\"name\":\"180-Millionen-Euro-F\u00f6rderinitiative f\u00fcr nachhaltige Batterien startet\"}]},{\"@type\":\"WebSite\",\"@id\":\"https:\/\/www.sonnenseite.com\/de\/#website\",\"url\":\"https:\/\/www.sonnenseite.com\/de\/\",\"name\":\"Sonnenseite\",\"description\":\"\u00d6kologische Kommunikation mit Franz Alt\",\"publisher\":{\"@id\":\"https:\/\/www.sonnenseite.com\/de\/#organization\"},\"potentialAction\":[{\"@type\":\"SearchAction\",\"target\":{\"@type\":\"EntryPoint\",\"urlTemplate\":\"https:\/\/www.sonnenseite.com\/de\/?s={search_term_string}\"},\"query-input\":{\"@type\":\"PropertyValueSpecification\",\"valueRequired\":true,\"valueName\":\"search_term_string\"}}],\"inLanguage\":\"de\"},{\"@type\":\"Organization\",\"@id\":\"https:\/\/www.sonnenseite.com\/de\/#organization\",\"name\":\"Sonnenseite\",\"url\":\"https:\/\/www.sonnenseite.com\/de\/\",\"logo\":{\"@type\":\"ImageObject\",\"inLanguage\":\"de\",\"@id\":\"https:\/\/www.sonnenseite.com\/de\/#\/schema\/logo\/image\/\",\"url\":\"https:\/\/www.sonnenseite.com\/wp-content\/uploads\/2020\/05\/Sonnenseite_Logo.png\",\"contentUrl\":\"https:\/\/www.sonnenseite.com\/wp-content\/uploads\/2020\/05\/Sonnenseite_Logo.png\",\"width\":377,\"height\":90,\"caption\":\"Sonnenseite\"},\"image\":{\"@id\":\"https:\/\/www.sonnenseite.com\/de\/#\/schema\/logo\/image\/\"},\"sameAs\":[\"https:\/\/www.facebook.com\/pages\/Franz-Alt-SONNENSEITECOM\/221072987903953?fref=ts\",\"https:\/\/x.com\/franzalt\",\"http:\/\/www.youtube.com\/results?search_query&amp;amp;quot;franz_alt&amp;amp;quot;&amp;amp;amp;amp;search_type&amp;amp;amp;amp;aq=f\"]},{\"@type\":\"Person\",\"@id\":\"https:\/\/www.sonnenseite.com\/de\/#\/schema\/person\/50fda0e926597684c7cc6695238a4eb9\",\"name\":\"Bigi Alt\"}]}<\/script>\n<!-- \/ Yoast SEO plugin. -->","yoast_head_json":{"title":"180-Millionen-Euro-F\u00f6rderinitiative f\u00fcr nachhaltige Batterien startet - Sonnenseite - \u00d6kologische Kommunikation mit Franz Alt","description":"Altmaier: \u201eBattery Alliance und Batterie-IPCEIs sind Blaupause f\u00fcr europ\u00e4ische Zukunftsprojekte\u201c. Das Bundesministerium f\u00fcr Wirtschaft und Energie (BMWi)","robots":{"index":"index","follow":"follow","max-snippet":"max-snippet:-1","max-image-preview":"max-image-preview:large","max-video-preview":"max-video-preview:-1"},"canonical":"https:\/\/www.sonnenseite.com\/de\/wissenschaft\/180-millionen-euro-foerderinitiative-fuer-nachhaltige-batterien-startet\/","og_locale":"de_DE","og_type":"article","og_title":"180-Millionen-Euro-F\u00f6rderinitiative f\u00fcr nachhaltige Batterien startet - Sonnenseite - \u00d6kologische Kommunikation mit Franz Alt","og_description":"Altmaier: \u201eBattery Alliance und Batterie-IPCEIs sind Blaupause f\u00fcr europ\u00e4ische Zukunftsprojekte\u201c. Das Bundesministerium f\u00fcr Wirtschaft und Energie (BMWi)","og_url":"https:\/\/www.sonnenseite.com\/de\/wissenschaft\/180-millionen-euro-foerderinitiative-fuer-nachhaltige-batterien-startet\/","og_site_name":"Sonnenseite","article_publisher":"https:\/\/www.facebook.com\/pages\/Franz-Alt-SONNENSEITECOM\/221072987903953?fref=ts","article_published_time":"2021-03-15T01:02:00+00:00","og_image":[{"width":770,"height":420,"url":"https:\/\/www.sonnenseite.com\/wp-content\/uploads\/2021\/03\/TU_Clausthal-Batteriespeichern-geforscht.jpg","type":"image\/jpeg"}],"author":"Bigi Alt","twitter_card":"summary_large_image","twitter_creator":"@franzalt","twitter_site":"@franzalt","twitter_misc":{"Verfasst von":"Bigi Alt","Gesch\u00e4tzte Lesezeit":"2\u00a0Minuten"},"schema":{"@context":"https:\/\/schema.org","@graph":[{"@type":"Article","@id":"https:\/\/www.sonnenseite.com\/de\/wissenschaft\/180-millionen-euro-foerderinitiative-fuer-nachhaltige-batterien-startet\/#article","isPartOf":{"@id":"https:\/\/www.sonnenseite.com\/de\/wissenschaft\/180-millionen-euro-foerderinitiative-fuer-nachhaltige-batterien-startet\/"},"author":{"name":"Bigi Alt","@id":"https:\/\/www.sonnenseite.com\/de\/#\/schema\/person\/50fda0e926597684c7cc6695238a4eb9"},"headline":"180-Millionen-Euro-F\u00f6rderinitiative f\u00fcr nachhaltige Batterien startet","datePublished":"2021-03-15T01:02:00+00:00","mainEntityOfPage":{"@id":"https:\/\/www.sonnenseite.com\/de\/wissenschaft\/180-millionen-euro-foerderinitiative-fuer-nachhaltige-batterien-startet\/"},"wordCount":505,"publisher":{"@id":"https:\/\/www.sonnenseite.com\/de\/#organization"},"image":{"@id":"https:\/\/www.sonnenseite.com\/de\/wissenschaft\/180-millionen-euro-foerderinitiative-fuer-nachhaltige-batterien-startet\/#primaryimage"},"thumbnailUrl":"https:\/\/www.sonnenseite.com\/wp-content\/uploads\/2021\/03\/TU_Clausthal-Batteriespeichern-geforscht.jpg","articleSection":["Wissenschaft"],"inLanguage":"de"},{"@type":"WebPage","@id":"https:\/\/www.sonnenseite.com\/de\/wissenschaft\/180-millionen-euro-foerderinitiative-fuer-nachhaltige-batterien-startet\/","url":"https:\/\/www.sonnenseite.com\/de\/wissenschaft\/180-millionen-euro-foerderinitiative-fuer-nachhaltige-batterien-startet\/","name":"180-Millionen-Euro-F\u00f6rderinitiative f\u00fcr nachhaltige Batterien startet - Sonnenseite - \u00d6kologische Kommunikation mit Franz Alt","isPartOf":{"@id":"https:\/\/www.sonnenseite.com\/de\/#website"},"primaryImageOfPage":{"@id":"https:\/\/www.sonnenseite.com\/de\/wissenschaft\/180-millionen-euro-foerderinitiative-fuer-nachhaltige-batterien-startet\/#primaryimage"},"image":{"@id":"https:\/\/www.sonnenseite.com\/de\/wissenschaft\/180-millionen-euro-foerderinitiative-fuer-nachhaltige-batterien-startet\/#primaryimage"},"thumbnailUrl":"https:\/\/www.sonnenseite.com\/wp-content\/uploads\/2021\/03\/TU_Clausthal-Batteriespeichern-geforscht.jpg","datePublished":"2021-03-15T01:02:00+00:00","description":"Altmaier: \u201eBattery Alliance und Batterie-IPCEIs sind Blaupause f\u00fcr europ\u00e4ische Zukunftsprojekte\u201c. Das Bundesministerium f\u00fcr Wirtschaft und Energie (BMWi)","breadcrumb":{"@id":"https:\/\/www.sonnenseite.com\/de\/wissenschaft\/180-millionen-euro-foerderinitiative-fuer-nachhaltige-batterien-startet\/#breadcrumb"},"inLanguage":"de","potentialAction":[{"@type":"ReadAction","target":["https:\/\/www.sonnenseite.com\/de\/wissenschaft\/180-millionen-euro-foerderinitiative-fuer-nachhaltige-batterien-startet\/"]}]},{"@type":"ImageObject","inLanguage":"de","@id":"https:\/\/www.sonnenseite.com\/de\/wissenschaft\/180-millionen-euro-foerderinitiative-fuer-nachhaltige-batterien-startet\/#primaryimage","url":"https:\/\/www.sonnenseite.com\/wp-content\/uploads\/2021\/03\/TU_Clausthal-Batteriespeichern-geforscht.jpg","contentUrl":"https:\/\/www.sonnenseite.com\/wp-content\/uploads\/2021\/03\/TU_Clausthal-Batteriespeichern-geforscht.jpg","width":770,"height":420,"caption":"TU Clausthal | In diesem Labor wird an leistungsstarken Batteriespeichern geforscht."},{"@type":"BreadcrumbList","@id":"https:\/\/www.sonnenseite.com\/de\/wissenschaft\/180-millionen-euro-foerderinitiative-fuer-nachhaltige-batterien-startet\/#breadcrumb","itemListElement":[{"@type":"ListItem","position":1,"name":"Startseite","item":"https:\/\/www.sonnenseite.com\/de\/"},{"@type":"ListItem","position":2,"name":"180-Millionen-Euro-F\u00f6rderinitiative f\u00fcr nachhaltige Batterien startet"}]},{"@type":"WebSite","@id":"https:\/\/www.sonnenseite.com\/de\/#website","url":"https:\/\/www.sonnenseite.com\/de\/","name":"Sonnenseite","description":"\u00d6kologische Kommunikation mit Franz Alt","publisher":{"@id":"https:\/\/www.sonnenseite.com\/de\/#organization"},"potentialAction":[{"@type":"SearchAction","target":{"@type":"EntryPoint","urlTemplate":"https:\/\/www.sonnenseite.com\/de\/?s={search_term_string}"},"query-input":{"@type":"PropertyValueSpecification","valueRequired":true,"valueName":"search_term_string"}}],"inLanguage":"de"},{"@type":"Organization","@id":"https:\/\/www.sonnenseite.com\/de\/#organization","name":"Sonnenseite","url":"https:\/\/www.sonnenseite.com\/de\/","logo":{"@type":"ImageObject","inLanguage":"de","@id":"https:\/\/www.sonnenseite.com\/de\/#\/schema\/logo\/image\/","url":"https:\/\/www.sonnenseite.com\/wp-content\/uploads\/2020\/05\/Sonnenseite_Logo.png","contentUrl":"https:\/\/www.sonnenseite.com\/wp-content\/uploads\/2020\/05\/Sonnenseite_Logo.png","width":377,"height":90,"caption":"Sonnenseite"},"image":{"@id":"https:\/\/www.sonnenseite.com\/de\/#\/schema\/logo\/image\/"},"sameAs":["https:\/\/www.facebook.com\/pages\/Franz-Alt-SONNENSEITECOM\/221072987903953?fref=ts","https:\/\/x.com\/franzalt","http:\/\/www.youtube.com\/results?search_query&amp;amp;quot;franz_alt&amp;amp;quot;&amp;amp;amp;amp;search_type&amp;amp;amp;amp;aq=f"]},{"@type":"Person","@id":"https:\/\/www.sonnenseite.com\/de\/#\/schema\/person\/50fda0e926597684c7cc6695238a4eb9","name":"Bigi Alt"}]}},"_links":{"self":[{"href":"https:\/\/www.sonnenseite.com\/de\/wp-json\/wp\/v2\/posts\/69270","targetHints":{"allow":["GET"]}}],"collection":[{"href":"https:\/\/www.sonnenseite.com\/de\/wp-json\/wp\/v2\/posts"}],"about":[{"href":"https:\/\/www.sonnenseite.com\/de\/wp-json\/wp\/v2\/types\/post"}],"author":[{"embeddable":true,"href":"https:\/\/www.sonnenseite.com\/de\/wp-json\/wp\/v2\/users\/3"}],"replies":[{"embeddable":true,"href":"https:\/\/www.sonnenseite.com\/de\/wp-json\/wp\/v2\/comments?post=69270"}],"version-history":[{"count":2,"href":"https:\/\/www.sonnenseite.com\/de\/wp-json\/wp\/v2\/posts\/69270\/revisions"}],"predecessor-version":[{"id":69274,"href":"https:\/\/www.sonnenseite.com\/de\/wp-json\/wp\/v2\/posts\/69270\/revisions\/69274"}],"wp:featuredmedia":[{"embeddable":true,"href":"https:\/\/www.sonnenseite.com\/de\/wp-json\/wp\/v2\/media\/69272"}],"wp:attachment":[{"href":"https:\/\/www.sonnenseite.com\/de\/wp-json\/wp\/v2\/media?parent=69270"}],"wp:term":[{"taxonomy":"category","embeddable":true,"href":"https:\/\/www.sonnenseite.com\/de\/wp-json\/wp\/v2\/categories?post=69270"},{"taxonomy":"post_tag","embeddable":true,"href":"https:\/\/www.sonnenseite.com\/de\/wp-json\/wp\/v2\/tags?post=69270"}],"curies":[{"name":"wp","href":"https:\/\/api.w.org\/{rel}","templated":true}]}}