{"id":69359,"date":"2021-03-17T02:51:00","date_gmt":"2021-03-17T01:51:00","guid":{"rendered":"https:\/\/www.sonnenseite.com\/?p=69359"},"modified":"2021-03-16T13:52:27","modified_gmt":"2021-03-16T12:52:27","slug":"so-leben-wir-2035-klimaneutral","status":"publish","type":"post","link":"https:\/\/www.sonnenseite.com\/de\/umwelt\/so-leben-wir-2035-klimaneutral\/","title":{"rendered":"So leben wir 2035 klimaneutral"},"content":{"rendered":"\n<p>LichtBlick Report wirft Blick in den Alltag der Zukunft<\/p>\n\n\n\n<p>Um die globale Erhitzung auf 1,5 Grad zu begrenzen, m\u00fcssen Verbaucher*innen ihr Leben einfach klimafreundlich gestalten k\u00f6nnen. Der LichtBlick Report \u201eKlimaneutral leben 2035\u201c schildert aus Sicht einer Kleinfamilie und eines Singles, wie der weitgehend CO\u2082-freie Alltag 2035 im Vergleich zum Jahr 2021 aussehen kann. Zehn politische Klima-Reformen, so die Studie, w\u00fcrden es Verbraucher*innen erm\u00f6glichen, ihren Klima-Fu\u00dfabdruck in den Bereichen Wohnen und Mobilit\u00e4t ohne Komfortverluste um \u00fcber 90 Prozent zu reduzieren.<\/p>\n\n\n\n<p>\u201eWir wechseln mit unserem Report die Perspektive und leiten die politischen Ziele aus dem Alltag der Menschen ab\u201c, sagt Dr. Enno Wolf, Gesch\u00e4ftsf\u00fchrer des Klimaschutz-Unternehmens LichtBlick. Den Report hat das Berliner Forschungsinstitut arepo im Auftrag von LichtBlick erstellt. Die Berechnung der CO\u2082-Fu\u00dfabdr\u00fccke lieferten die Expert*innen von KlimAktiv.<\/p>\n\n\n\n<h5 class=\"wp-block-heading\">Energie und Mobilit\u00e4t Grundpfeiler f\u00fcr klimafreundliche Zukunft<\/h5>\n\n\n\n<p>Im Jahr 2021 leben typische Verbraucher*innen weit \u00fcber ihre Klimaverh\u00e4ltnisse. Mit ihrem durchschnittlichen Lebensstil erzeugt die dreik\u00f6pfige Familie, die am Rand einer Gro\u00dfstadt lebt, rund 32 Tonnen Klimagase pro Jahr. Der Fu\u00dfabdruck des berufst\u00e4tigen Singles liegt bei 15 Tonnen. Fast 40, bei der Kleinfamilie sogar \u00fcber 50 Prozent des CO\u2082-Fu\u00dfabdrucks stammen dabei aus der Nutzung von Strom, W\u00e4rme und Verkehr.<\/p>\n\n\n\n<p>Hier setzt der LichtBlick Report an. \u201eEr zeigt, dass eine ambitionierte Klimapolitik dazu f\u00fchren kann, dass im Jahr 2035 erneuerbare Energien bei Mobilit\u00e4t, W\u00e4rme und Stromversorgung zum Alltag geh\u00f6ren\u201c, erl\u00e4utert Wolf das Zukunftsszenario.<\/p>\n\n\n\n<div class=\"wp-block-image\"><figure class=\"aligncenter size-large\"><a href=\"https:\/\/www.sonnenseite.com\/wp-content\/uploads\/2021\/03\/Lichtblick_Studie2035_01.jpg\"><img loading=\"lazy\" decoding=\"async\" width=\"770\" height=\"420\" src=\"https:\/\/www.sonnenseite.com\/wp-content\/uploads\/2021\/03\/Lichtblick_Studie2035_01.jpg\" alt=\"\" class=\"wp-image-69361\" srcset=\"https:\/\/www.sonnenseite.com\/wp-content\/uploads\/2021\/03\/Lichtblick_Studie2035_01.jpg 770w, https:\/\/www.sonnenseite.com\/wp-content\/uploads\/2021\/03\/Lichtblick_Studie2035_01-300x164.jpg 300w, https:\/\/www.sonnenseite.com\/wp-content\/uploads\/2021\/03\/Lichtblick_Studie2035_01-768x419.jpg 768w\" sizes=\"auto, (max-width: 770px) 100vw, 770px\" \/><\/a><\/figure><\/div>\n\n\n\n<div class=\"wp-block-image\"><figure class=\"aligncenter size-large\"><a href=\"https:\/\/www.sonnenseite.com\/wp-content\/uploads\/2021\/03\/Lichtblick_Studie2035_02.jpg\"><img loading=\"lazy\" decoding=\"async\" width=\"770\" height=\"420\" src=\"https:\/\/www.sonnenseite.com\/wp-content\/uploads\/2021\/03\/Lichtblick_Studie2035_02.jpg\" alt=\"\" class=\"wp-image-69363\" srcset=\"https:\/\/www.sonnenseite.com\/wp-content\/uploads\/2021\/03\/Lichtblick_Studie2035_02.jpg 770w, https:\/\/www.sonnenseite.com\/wp-content\/uploads\/2021\/03\/Lichtblick_Studie2035_02-300x164.jpg 300w, https:\/\/www.sonnenseite.com\/wp-content\/uploads\/2021\/03\/Lichtblick_Studie2035_02-768x419.jpg 768w\" sizes=\"auto, (max-width: 770px) 100vw, 770px\" \/><\/a><figcaption>\u00a9 lichtblick.de<\/figcaption><\/figure><\/div>\n\n\n\n<p>Im Jahr 2035 haben die Familie und der Single den Teil ihres pers\u00f6nlichen CO\u2082-Fu\u00dfabdrucks, der auf Energie und Mobilit\u00e4t entf\u00e4llt, um 92 Prozent (Familie) bzw. 93 Prozent (Single) reduziert. So heizen Verbraucher*innen nicht mehr mit \u00d6l oder Gas, sondern mit \u00d6kostrom. Und die Mobilit\u00e4tsbed\u00fcrfnisse werden in einem intelligenten Mix aus \u00f6ffentlichem Nahverkehr, Car-Sharing, E-Auto und Radfahren gedeckt.<\/p>\n\n\n\n<h5 class=\"wp-block-heading\">Handlungsfelder: Sauberer Strom, Stromnetze, Mobilit\u00e4t, W\u00e4rme, Dienstleistungen<\/h5>\n\n\n\n<p>Der Report beschreibt f\u00fcnf Handlungsfelder, mit denen der Gesetzgeber den Menschen das umweltfreundliche Leben und damit die Ver\u00e4nderung des pers\u00f6nlichen Lebensstils erleichtern kann: Sauberer Strom, Stromnetze, Mobilit\u00e4t, W\u00e4rme und Dienstleistungen.<\/p>\n\n\n\n<p>Beispiel Strom: Die Politik sorgt schrittweise daf\u00fcr, dass erneuerbare Energien billiger und fossile Energien teurer werden. Die Energiesteuer wird zur Klima-Steuer, der CO\u2082-Preis steigt auf zun\u00e4chst 60 Euro pro Tonnen, die EEG-Umlage wird abgeschafft. Weil in der \u00dcbergangszeit Energie teurer wird, werden die B\u00fcrger*innen im Gegenzug mit einem B\u00fcrgergeld entlastet.<\/p>\n\n\n\n<p>Solaranlagen bei Neubauten und Sanierungen werden zur Pflicht. Die heute ausufernde B\u00fcrokratie f\u00fcr Anmeldung, Netzanschluss und Betrieb von Haus-Photovoltaikanlagen und Speichern ans Netz werden mit einem Solarstrom-Gesetz radikal vereinfacht.<\/p>\n\n\n\n<p>Smart Meter und Digitalisierung bilden das Fundament f\u00fcr den dezentralen Strommarkt. Verbraucher*innen k\u00f6nnen ihren selbst erzeugten Strom einfach an Dritte verkaufen. Auch f\u00fcr Mieter*innen ist es unkompliziert und g\u00fcnstig, Solarstrom aus dem Quartier oder vom eigenen Dach zu beziehen.<\/p>\n\n\n\n<p>Die Elektromobilit\u00e4t erf\u00fcllt die Erwartung als ein Pfeiler f\u00fcr das Erreichen der Klimaziele im Verkehr. \u00dcberall im Land kann \u00d6kostrom zu transparenten Preisen und Bedingungen an jeder Lades\u00e4ule getankt werden. Zudem wird der \u00f6ffentliche Verkehr massiv ausgebaut und ein 365-Euro-Ticket f\u00fcr den \u00f6ffentlichen Nahverkehr eingef\u00fchrt.<\/p>\n\n\n\n<p>Die Studie schl\u00e4gt zahlreiche weitere Reformen vor, wie zum Beispiel ein Verbot neuer Gasheizungen ab 2028, die unb\u00fcrokratische F\u00f6rderung energetischer Sanierungen oder klare Rahmenbedingungen f\u00fcr eine wirksame Kompensation unvermeidlicher CO\u2082-Emissionen. \u201eUnser Report zeigt, dass es m\u00f6glich ist, allen Verbraucher*innen den Weg in ein klimaneutrales Leben zu ebnen. Die von uns vorgeschlagenen Reformen sind technisch machbar und \u00f6konomisch sinnvoll\u201c, so Wolf.<\/p>\n\n\n\n<ul class=\"wp-block-list\"><li>Alle Ergebnisse\u00a0und den gesamten Report\u00a0zum Download:\u00a0<br><a href=\"https:\/\/www.lichtblick.de\/klimaneutral-leben\/\">https:\/\/www.lichtblick.de\/klimaneutral-leben<\/a>\u00a0<\/li><li><a href=\"https:\/\/api.lichtblick.de\/downloads\/klimaneutral\/klimareport-summary.pdf\">Gesamtreport &#8222;Klimaneutral leben 2035&#8220;<\/a><\/li><li><a href=\"https:\/\/api.lichtblick.de\/downloads\/klimaneutral\/klimareport-summary.pdf\">Report Summary &#8222;Klimaneutral leben 2035&#8220;<\/a><\/li><\/ul>\n\n\n<h5 class=\"green\">Quelle<\/h5>\r\n\n\n\n<p><a href=\"https:\/\/www.lichtblick.de\/presse\/so-leben-wir-2035-klimaneutral\">Lichtblick 2021<\/a><\/p>\n<div class=\"shariff shariff-align-flex-start shariff-widget-align-flex-start\"><div class=\"ShariffHeadline\">Diese Meldung teilen<\/div><ul class=\"shariff-buttons theme-round orientation-horizontal buttonsize-medium\"><li class=\"shariff-button facebook shariff-nocustomcolor\" style=\"background-color:#4273c8;border-radius:1%\"><a href=\"https:\/\/www.facebook.com\/sharer\/sharer.php?u=https%3A%2F%2Fwww.sonnenseite.com%2Fde%2Fumwelt%2Fso-leben-wir-2035-klimaneutral%2F\" title=\"Bei Facebook teilen\" aria-label=\"Bei Facebook teilen\" role=\"button\" rel=\"nofollow\" class=\"shariff-link\" style=\";border-radius:1%; background-color:#3b5998; color:#fff\" target=\"_blank\"><span class=\"shariff-icon\" style=\"\"><svg width=\"32px\" height=\"20px\" xmlns=\"http:\/\/www.w3.org\/2000\/svg\" viewBox=\"0 0 18 32\"><path fill=\"#3b5998\" d=\"M17.1 0.2v4.7h-2.8q-1.5 0-2.1 0.6t-0.5 1.9v3.4h5.2l-0.7 5.3h-4.5v13.6h-5.5v-13.6h-4.5v-5.3h4.5v-3.9q0-3.3 1.9-5.2t5-1.8q2.6 0 4.1 0.2z\"\/><\/svg><\/span><\/a><\/li><li class=\"shariff-button twitter shariff-nocustomcolor\" style=\"background-color:#595959;border-radius:1%\"><a href=\"https:\/\/twitter.com\/share?url=https%3A%2F%2Fwww.sonnenseite.com%2Fde%2Fumwelt%2Fso-leben-wir-2035-klimaneutral%2F&text=So%20leben%20wir%202035%20klimaneutral\" title=\"Bei X teilen\" aria-label=\"Bei X teilen\" role=\"button\" rel=\"noopener nofollow\" class=\"shariff-link\" style=\";border-radius:1%; background-color:#000; color:#fff\" target=\"_blank\"><span class=\"shariff-icon\" style=\"\"><svg width=\"32px\" height=\"20px\" xmlns=\"http:\/\/www.w3.org\/2000\/svg\" viewBox=\"0 0 24 24\"><path fill=\"#000\" d=\"M14.258 10.152L23.176 0h-2.113l-7.747 8.813L7.133 0H0l9.352 13.328L0 23.973h2.113l8.176-9.309 6.531 9.309h7.133zm-2.895 3.293l-.949-1.328L2.875 1.56h3.246l6.086 8.523.945 1.328 7.91 11.078h-3.246zm0 0\"\/><\/svg><\/span><\/a><\/li><li class=\"shariff-button xing shariff-nocustomcolor\" style=\"background-color:#29888a;border-radius:1%\"><a href=\"https:\/\/www.xing.com\/spi\/shares\/new?url=https%3A%2F%2Fwww.sonnenseite.com%2Fde%2Fumwelt%2Fso-leben-wir-2035-klimaneutral%2F\" title=\"Bei XING teilen\" aria-label=\"Bei XING teilen\" role=\"button\" rel=\"noopener nofollow\" class=\"shariff-link\" style=\";border-radius:1%; background-color:#126567; color:#fff\" target=\"_blank\"><span class=\"shariff-icon\" style=\"\"><svg width=\"32px\" height=\"20px\" xmlns=\"http:\/\/www.w3.org\/2000\/svg\" viewBox=\"0 0 25 32\"><path fill=\"#126567\" d=\"M10.7 11.9q-0.2 0.3-4.6 8.2-0.5 0.8-1.2 0.8h-4.3q-0.4 0-0.5-0.3t0-0.6l4.5-8q0 0 0 0l-2.9-5q-0.2-0.4 0-0.7 0.2-0.3 0.5-0.3h4.3q0.7 0 1.2 0.8zM25.1 0.4q0.2 0.3 0 0.7l-9.4 16.7 6 11q0.2 0.4 0 0.6-0.2 0.3-0.6 0.3h-4.3q-0.7 0-1.2-0.8l-6-11.1q0.3-0.6 9.5-16.8 0.4-0.8 1.2-0.8h4.3q0.4 0 0.5 0.3z\"\/><\/svg><\/span><\/a><\/li><li class=\"shariff-button linkedin shariff-nocustomcolor\" style=\"background-color:#1488bf;border-radius:1%\"><a href=\"https:\/\/www.linkedin.com\/sharing\/share-offsite\/?url=https%3A%2F%2Fwww.sonnenseite.com%2Fde%2Fumwelt%2Fso-leben-wir-2035-klimaneutral%2F\" title=\"Bei LinkedIn teilen\" aria-label=\"Bei LinkedIn teilen\" role=\"button\" rel=\"noopener nofollow\" class=\"shariff-link\" style=\";border-radius:1%; background-color:#0077b5; color:#fff\" target=\"_blank\"><span class=\"shariff-icon\" style=\"\"><svg width=\"32px\" height=\"20px\" xmlns=\"http:\/\/www.w3.org\/2000\/svg\" viewBox=\"0 0 27 32\"><path fill=\"#0077b5\" d=\"M6.2 11.2v17.7h-5.9v-17.7h5.9zM6.6 5.7q0 1.3-0.9 2.2t-2.4 0.9h0q-1.5 0-2.4-0.9t-0.9-2.2 0.9-2.2 2.4-0.9 2.4 0.9 0.9 2.2zM27.4 18.7v10.1h-5.9v-9.5q0-1.9-0.7-2.9t-2.3-1.1q-1.1 0-1.9 0.6t-1.2 1.5q-0.2 0.5-0.2 1.4v9.9h-5.9q0-7.1 0-11.6t0-5.3l0-0.9h5.9v2.6h0q0.4-0.6 0.7-1t1-0.9 1.6-0.8 2-0.3q3 0 4.9 2t1.9 6z\"\/><\/svg><\/span><\/a><\/li><li class=\"shariff-button printer shariff-nocustomcolor\" style=\"background-color:#a8a8a8;border-radius:1%\"><a href=\"javascript:window.print()\" title=\"drucken\" aria-label=\"drucken\" role=\"button\" rel=\"noopener nofollow\" class=\"shariff-link\" style=\";border-radius:1%; background-color:#999; color:#fff\"><span class=\"shariff-icon\" style=\"\"><svg width=\"32px\" height=\"20px\" xmlns=\"http:\/\/www.w3.org\/2000\/svg\" viewBox=\"0 0 30 32\"><path fill=\"#999\" d=\"M6.8 27.4h16v-4.6h-16v4.6zM6.8 16h16v-6.8h-2.8q-0.7 0-1.2-0.5t-0.5-1.2v-2.8h-11.4v11.4zM27.4 17.2q0-0.5-0.3-0.8t-0.8-0.4-0.8 0.4-0.3 0.8 0.3 0.8 0.8 0.3 0.8-0.3 0.3-0.8zM29.7 17.2v7.4q0 0.2-0.2 0.4t-0.4 0.2h-4v2.8q0 0.7-0.5 1.2t-1.2 0.5h-17.2q-0.7 0-1.2-0.5t-0.5-1.2v-2.8h-4q-0.2 0-0.4-0.2t-0.2-0.4v-7.4q0-1.4 1-2.4t2.4-1h1.2v-9.7q0-0.7 0.5-1.2t1.2-0.5h12q0.7 0 1.6 0.4t1.3 0.8l2.7 2.7q0.5 0.5 0.9 1.4t0.4 1.6v4.6h1.1q1.4 0 2.4 1t1 2.4z\"\/><\/svg><\/span><\/a><\/li><li class=\"shariff-button mailto shariff-nocustomcolor\" style=\"background-color:#a8a8a8;border-radius:1%\"><a href=\"mailto:?body=https%3A%2F%2Fwww.sonnenseite.com%2Fde%2Fumwelt%2Fso-leben-wir-2035-klimaneutral%2F&subject=So%20leben%20wir%202035%20klimaneutral\" title=\"Per E-Mail versenden\" aria-label=\"Per E-Mail versenden\" role=\"button\" rel=\"noopener nofollow\" class=\"shariff-link\" style=\";border-radius:1%; background-color:#999; color:#fff\"><span class=\"shariff-icon\" style=\"\"><svg width=\"32px\" height=\"20px\" xmlns=\"http:\/\/www.w3.org\/2000\/svg\" viewBox=\"0 0 32 32\"><path fill=\"#999\" d=\"M32 12.7v14.2q0 1.2-0.8 2t-2 0.9h-26.3q-1.2 0-2-0.9t-0.8-2v-14.2q0.8 0.9 1.8 1.6 6.5 4.4 8.9 6.1 1 0.8 1.6 1.2t1.7 0.9 2 0.4h0.1q0.9 0 2-0.4t1.7-0.9 1.6-1.2q3-2.2 8.9-6.1 1-0.7 1.8-1.6zM32 7.4q0 1.4-0.9 2.7t-2.2 2.2q-6.7 4.7-8.4 5.8-0.2 0.1-0.7 0.5t-1 0.7-0.9 0.6-1.1 0.5-0.9 0.2h-0.1q-0.4 0-0.9-0.2t-1.1-0.5-0.9-0.6-1-0.7-0.7-0.5q-1.6-1.1-4.7-3.2t-3.6-2.6q-1.1-0.7-2.1-2t-1-2.5q0-1.4 0.7-2.3t2.1-0.9h26.3q1.2 0 2 0.8t0.9 2z\"\/><\/svg><\/span><\/a><\/li><\/ul><\/div>","protected":false},"excerpt":{"rendered":"<p>LichtBlick Report wirft Blick in den Alltag der Zukunft Um die globale Erhitzung auf 1,5 Grad [&hellip;]<\/p>\n","protected":false},"author":3,"featured_media":4640,"comment_status":"closed","ping_status":"closed","sticky":false,"template":"","format":"standard","meta":{"inline_featured_image":false,"footnotes":""},"categories":[23],"tags":[],"class_list":["post-69359","post","type-post","status-publish","format-standard","has-post-thumbnail","hentry","category-umwelt"],"yoast_head":"<!-- This site is optimized with the Yoast SEO plugin v26.5 - https:\/\/yoast.com\/wordpress\/plugins\/seo\/ -->\n<title>So leben wir 2035 klimaneutral - Sonnenseite - \u00d6kologische Kommunikation mit Franz Alt<\/title>\n<meta name=\"description\" content=\"LichtBlick Report wirft Blick in den Alltag der Zukunft Um die globale Erhitzung auf 1,5 Grad zu begrenzen, m\u00fcssen Verbaucher*innen ihr Leben einfach\" \/>\n<meta name=\"robots\" content=\"index, follow, max-snippet:-1, max-image-preview:large, max-video-preview:-1\" \/>\n<link rel=\"canonical\" href=\"https:\/\/www.sonnenseite.com\/de\/umwelt\/so-leben-wir-2035-klimaneutral\/\" \/>\n<meta property=\"og:locale\" content=\"de_DE\" \/>\n<meta property=\"og:type\" content=\"article\" \/>\n<meta property=\"og:title\" content=\"So leben wir 2035 klimaneutral - Sonnenseite - \u00d6kologische Kommunikation mit Franz Alt\" \/>\n<meta property=\"og:description\" content=\"LichtBlick Report wirft Blick in den Alltag der Zukunft Um die globale Erhitzung auf 1,5 Grad zu begrenzen, m\u00fcssen Verbaucher*innen ihr Leben einfach\" \/>\n<meta property=\"og:url\" content=\"https:\/\/www.sonnenseite.com\/de\/umwelt\/so-leben-wir-2035-klimaneutral\/\" \/>\n<meta property=\"og:site_name\" content=\"Sonnenseite\" \/>\n<meta property=\"article:publisher\" content=\"https:\/\/www.facebook.com\/pages\/Franz-Alt-SONNENSEITECOM\/221072987903953?fref=ts\" \/>\n<meta property=\"article:published_time\" content=\"2021-03-17T01:51:00+00:00\" \/>\n<meta property=\"og:image\" content=\"https:\/\/www.sonnenseite.com\/wp-content\/uploads\/2019\/12\/Klimaschutz_Frau_kwasny222.jpg\" \/>\n\t<meta property=\"og:image:width\" content=\"770\" \/>\n\t<meta property=\"og:image:height\" content=\"420\" \/>\n\t<meta property=\"og:image:type\" content=\"image\/jpeg\" \/>\n<meta name=\"author\" content=\"Bigi Alt\" \/>\n<meta name=\"twitter:card\" content=\"summary_large_image\" \/>\n<meta name=\"twitter:creator\" content=\"@franzalt\" \/>\n<meta name=\"twitter:site\" content=\"@franzalt\" \/>\n<meta name=\"twitter:label1\" content=\"Verfasst von\" \/>\n\t<meta name=\"twitter:data1\" content=\"Bigi Alt\" \/>\n\t<meta name=\"twitter:label2\" content=\"Gesch\u00e4tzte Lesezeit\" \/>\n\t<meta name=\"twitter:data2\" content=\"3\u00a0Minuten\" \/>\n<script type=\"application\/ld+json\" class=\"yoast-schema-graph\">{\"@context\":\"https:\/\/schema.org\",\"@graph\":[{\"@type\":\"Article\",\"@id\":\"https:\/\/www.sonnenseite.com\/de\/umwelt\/so-leben-wir-2035-klimaneutral\/#article\",\"isPartOf\":{\"@id\":\"https:\/\/www.sonnenseite.com\/de\/umwelt\/so-leben-wir-2035-klimaneutral\/\"},\"author\":{\"name\":\"Bigi Alt\",\"@id\":\"https:\/\/www.sonnenseite.com\/de\/#\/schema\/person\/50fda0e926597684c7cc6695238a4eb9\"},\"headline\":\"So leben wir 2035 klimaneutral\",\"datePublished\":\"2021-03-17T01:51:00+00:00\",\"mainEntityOfPage\":{\"@id\":\"https:\/\/www.sonnenseite.com\/de\/umwelt\/so-leben-wir-2035-klimaneutral\/\"},\"wordCount\":627,\"publisher\":{\"@id\":\"https:\/\/www.sonnenseite.com\/de\/#organization\"},\"image\":{\"@id\":\"https:\/\/www.sonnenseite.com\/de\/umwelt\/so-leben-wir-2035-klimaneutral\/#primaryimage\"},\"thumbnailUrl\":\"https:\/\/www.sonnenseite.com\/wp-content\/uploads\/2019\/12\/Klimaschutz_Frau_kwasny222.jpg\",\"articleSection\":[\"Umwelt\"],\"inLanguage\":\"de\"},{\"@type\":\"WebPage\",\"@id\":\"https:\/\/www.sonnenseite.com\/de\/umwelt\/so-leben-wir-2035-klimaneutral\/\",\"url\":\"https:\/\/www.sonnenseite.com\/de\/umwelt\/so-leben-wir-2035-klimaneutral\/\",\"name\":\"So leben wir 2035 klimaneutral - Sonnenseite - \u00d6kologische Kommunikation mit Franz Alt\",\"isPartOf\":{\"@id\":\"https:\/\/www.sonnenseite.com\/de\/#website\"},\"primaryImageOfPage\":{\"@id\":\"https:\/\/www.sonnenseite.com\/de\/umwelt\/so-leben-wir-2035-klimaneutral\/#primaryimage\"},\"image\":{\"@id\":\"https:\/\/www.sonnenseite.com\/de\/umwelt\/so-leben-wir-2035-klimaneutral\/#primaryimage\"},\"thumbnailUrl\":\"https:\/\/www.sonnenseite.com\/wp-content\/uploads\/2019\/12\/Klimaschutz_Frau_kwasny222.jpg\",\"datePublished\":\"2021-03-17T01:51:00+00:00\",\"description\":\"LichtBlick Report wirft Blick in den Alltag der Zukunft Um die globale Erhitzung auf 1,5 Grad zu begrenzen, m\u00fcssen Verbaucher*innen ihr Leben einfach\",\"breadcrumb\":{\"@id\":\"https:\/\/www.sonnenseite.com\/de\/umwelt\/so-leben-wir-2035-klimaneutral\/#breadcrumb\"},\"inLanguage\":\"de\",\"potentialAction\":[{\"@type\":\"ReadAction\",\"target\":[\"https:\/\/www.sonnenseite.com\/de\/umwelt\/so-leben-wir-2035-klimaneutral\/\"]}]},{\"@type\":\"ImageObject\",\"inLanguage\":\"de\",\"@id\":\"https:\/\/www.sonnenseite.com\/de\/umwelt\/so-leben-wir-2035-klimaneutral\/#primaryimage\",\"url\":\"https:\/\/www.sonnenseite.com\/wp-content\/uploads\/2019\/12\/Klimaschutz_Frau_kwasny222.jpg\",\"contentUrl\":\"https:\/\/www.sonnenseite.com\/wp-content\/uploads\/2019\/12\/Klimaschutz_Frau_kwasny222.jpg\",\"width\":770,\"height\":420,\"caption\":\"Depositphotos | kwasny222\"},{\"@type\":\"BreadcrumbList\",\"@id\":\"https:\/\/www.sonnenseite.com\/de\/umwelt\/so-leben-wir-2035-klimaneutral\/#breadcrumb\",\"itemListElement\":[{\"@type\":\"ListItem\",\"position\":1,\"name\":\"Startseite\",\"item\":\"https:\/\/www.sonnenseite.com\/de\/\"},{\"@type\":\"ListItem\",\"position\":2,\"name\":\"So leben wir 2035 klimaneutral\"}]},{\"@type\":\"WebSite\",\"@id\":\"https:\/\/www.sonnenseite.com\/de\/#website\",\"url\":\"https:\/\/www.sonnenseite.com\/de\/\",\"name\":\"Sonnenseite\",\"description\":\"\u00d6kologische Kommunikation mit Franz Alt\",\"publisher\":{\"@id\":\"https:\/\/www.sonnenseite.com\/de\/#organization\"},\"potentialAction\":[{\"@type\":\"SearchAction\",\"target\":{\"@type\":\"EntryPoint\",\"urlTemplate\":\"https:\/\/www.sonnenseite.com\/de\/?s={search_term_string}\"},\"query-input\":{\"@type\":\"PropertyValueSpecification\",\"valueRequired\":true,\"valueName\":\"search_term_string\"}}],\"inLanguage\":\"de\"},{\"@type\":\"Organization\",\"@id\":\"https:\/\/www.sonnenseite.com\/de\/#organization\",\"name\":\"Sonnenseite\",\"url\":\"https:\/\/www.sonnenseite.com\/de\/\",\"logo\":{\"@type\":\"ImageObject\",\"inLanguage\":\"de\",\"@id\":\"https:\/\/www.sonnenseite.com\/de\/#\/schema\/logo\/image\/\",\"url\":\"https:\/\/www.sonnenseite.com\/wp-content\/uploads\/2020\/05\/Sonnenseite_Logo.png\",\"contentUrl\":\"https:\/\/www.sonnenseite.com\/wp-content\/uploads\/2020\/05\/Sonnenseite_Logo.png\",\"width\":377,\"height\":90,\"caption\":\"Sonnenseite\"},\"image\":{\"@id\":\"https:\/\/www.sonnenseite.com\/de\/#\/schema\/logo\/image\/\"},\"sameAs\":[\"https:\/\/www.facebook.com\/pages\/Franz-Alt-SONNENSEITECOM\/221072987903953?fref=ts\",\"https:\/\/x.com\/franzalt\",\"http:\/\/www.youtube.com\/results?search_query&amp;amp;quot;franz_alt&amp;amp;quot;&amp;amp;amp;amp;search_type&amp;amp;amp;amp;aq=f\"]},{\"@type\":\"Person\",\"@id\":\"https:\/\/www.sonnenseite.com\/de\/#\/schema\/person\/50fda0e926597684c7cc6695238a4eb9\",\"name\":\"Bigi Alt\"}]}<\/script>\n<!-- \/ Yoast SEO plugin. -->","yoast_head_json":{"title":"So leben wir 2035 klimaneutral - Sonnenseite - \u00d6kologische Kommunikation mit Franz Alt","description":"LichtBlick Report wirft Blick in den Alltag der Zukunft Um die globale Erhitzung auf 1,5 Grad zu begrenzen, m\u00fcssen Verbaucher*innen ihr Leben einfach","robots":{"index":"index","follow":"follow","max-snippet":"max-snippet:-1","max-image-preview":"max-image-preview:large","max-video-preview":"max-video-preview:-1"},"canonical":"https:\/\/www.sonnenseite.com\/de\/umwelt\/so-leben-wir-2035-klimaneutral\/","og_locale":"de_DE","og_type":"article","og_title":"So leben wir 2035 klimaneutral - Sonnenseite - \u00d6kologische Kommunikation mit Franz Alt","og_description":"LichtBlick Report wirft Blick in den Alltag der Zukunft Um die globale Erhitzung auf 1,5 Grad zu begrenzen, m\u00fcssen Verbaucher*innen ihr Leben einfach","og_url":"https:\/\/www.sonnenseite.com\/de\/umwelt\/so-leben-wir-2035-klimaneutral\/","og_site_name":"Sonnenseite","article_publisher":"https:\/\/www.facebook.com\/pages\/Franz-Alt-SONNENSEITECOM\/221072987903953?fref=ts","article_published_time":"2021-03-17T01:51:00+00:00","og_image":[{"width":770,"height":420,"url":"https:\/\/www.sonnenseite.com\/wp-content\/uploads\/2019\/12\/Klimaschutz_Frau_kwasny222.jpg","type":"image\/jpeg"}],"author":"Bigi Alt","twitter_card":"summary_large_image","twitter_creator":"@franzalt","twitter_site":"@franzalt","twitter_misc":{"Verfasst von":"Bigi Alt","Gesch\u00e4tzte Lesezeit":"3\u00a0Minuten"},"schema":{"@context":"https:\/\/schema.org","@graph":[{"@type":"Article","@id":"https:\/\/www.sonnenseite.com\/de\/umwelt\/so-leben-wir-2035-klimaneutral\/#article","isPartOf":{"@id":"https:\/\/www.sonnenseite.com\/de\/umwelt\/so-leben-wir-2035-klimaneutral\/"},"author":{"name":"Bigi Alt","@id":"https:\/\/www.sonnenseite.com\/de\/#\/schema\/person\/50fda0e926597684c7cc6695238a4eb9"},"headline":"So leben wir 2035 klimaneutral","datePublished":"2021-03-17T01:51:00+00:00","mainEntityOfPage":{"@id":"https:\/\/www.sonnenseite.com\/de\/umwelt\/so-leben-wir-2035-klimaneutral\/"},"wordCount":627,"publisher":{"@id":"https:\/\/www.sonnenseite.com\/de\/#organization"},"image":{"@id":"https:\/\/www.sonnenseite.com\/de\/umwelt\/so-leben-wir-2035-klimaneutral\/#primaryimage"},"thumbnailUrl":"https:\/\/www.sonnenseite.com\/wp-content\/uploads\/2019\/12\/Klimaschutz_Frau_kwasny222.jpg","articleSection":["Umwelt"],"inLanguage":"de"},{"@type":"WebPage","@id":"https:\/\/www.sonnenseite.com\/de\/umwelt\/so-leben-wir-2035-klimaneutral\/","url":"https:\/\/www.sonnenseite.com\/de\/umwelt\/so-leben-wir-2035-klimaneutral\/","name":"So leben wir 2035 klimaneutral - Sonnenseite - \u00d6kologische Kommunikation mit Franz Alt","isPartOf":{"@id":"https:\/\/www.sonnenseite.com\/de\/#website"},"primaryImageOfPage":{"@id":"https:\/\/www.sonnenseite.com\/de\/umwelt\/so-leben-wir-2035-klimaneutral\/#primaryimage"},"image":{"@id":"https:\/\/www.sonnenseite.com\/de\/umwelt\/so-leben-wir-2035-klimaneutral\/#primaryimage"},"thumbnailUrl":"https:\/\/www.sonnenseite.com\/wp-content\/uploads\/2019\/12\/Klimaschutz_Frau_kwasny222.jpg","datePublished":"2021-03-17T01:51:00+00:00","description":"LichtBlick Report wirft Blick in den Alltag der Zukunft Um die globale Erhitzung auf 1,5 Grad zu begrenzen, m\u00fcssen Verbaucher*innen ihr Leben einfach","breadcrumb":{"@id":"https:\/\/www.sonnenseite.com\/de\/umwelt\/so-leben-wir-2035-klimaneutral\/#breadcrumb"},"inLanguage":"de","potentialAction":[{"@type":"ReadAction","target":["https:\/\/www.sonnenseite.com\/de\/umwelt\/so-leben-wir-2035-klimaneutral\/"]}]},{"@type":"ImageObject","inLanguage":"de","@id":"https:\/\/www.sonnenseite.com\/de\/umwelt\/so-leben-wir-2035-klimaneutral\/#primaryimage","url":"https:\/\/www.sonnenseite.com\/wp-content\/uploads\/2019\/12\/Klimaschutz_Frau_kwasny222.jpg","contentUrl":"https:\/\/www.sonnenseite.com\/wp-content\/uploads\/2019\/12\/Klimaschutz_Frau_kwasny222.jpg","width":770,"height":420,"caption":"Depositphotos | kwasny222"},{"@type":"BreadcrumbList","@id":"https:\/\/www.sonnenseite.com\/de\/umwelt\/so-leben-wir-2035-klimaneutral\/#breadcrumb","itemListElement":[{"@type":"ListItem","position":1,"name":"Startseite","item":"https:\/\/www.sonnenseite.com\/de\/"},{"@type":"ListItem","position":2,"name":"So leben wir 2035 klimaneutral"}]},{"@type":"WebSite","@id":"https:\/\/www.sonnenseite.com\/de\/#website","url":"https:\/\/www.sonnenseite.com\/de\/","name":"Sonnenseite","description":"\u00d6kologische Kommunikation mit Franz Alt","publisher":{"@id":"https:\/\/www.sonnenseite.com\/de\/#organization"},"potentialAction":[{"@type":"SearchAction","target":{"@type":"EntryPoint","urlTemplate":"https:\/\/www.sonnenseite.com\/de\/?s={search_term_string}"},"query-input":{"@type":"PropertyValueSpecification","valueRequired":true,"valueName":"search_term_string"}}],"inLanguage":"de"},{"@type":"Organization","@id":"https:\/\/www.sonnenseite.com\/de\/#organization","name":"Sonnenseite","url":"https:\/\/www.sonnenseite.com\/de\/","logo":{"@type":"ImageObject","inLanguage":"de","@id":"https:\/\/www.sonnenseite.com\/de\/#\/schema\/logo\/image\/","url":"https:\/\/www.sonnenseite.com\/wp-content\/uploads\/2020\/05\/Sonnenseite_Logo.png","contentUrl":"https:\/\/www.sonnenseite.com\/wp-content\/uploads\/2020\/05\/Sonnenseite_Logo.png","width":377,"height":90,"caption":"Sonnenseite"},"image":{"@id":"https:\/\/www.sonnenseite.com\/de\/#\/schema\/logo\/image\/"},"sameAs":["https:\/\/www.facebook.com\/pages\/Franz-Alt-SONNENSEITECOM\/221072987903953?fref=ts","https:\/\/x.com\/franzalt","http:\/\/www.youtube.com\/results?search_query&amp;amp;quot;franz_alt&amp;amp;quot;&amp;amp;amp;amp;search_type&amp;amp;amp;amp;aq=f"]},{"@type":"Person","@id":"https:\/\/www.sonnenseite.com\/de\/#\/schema\/person\/50fda0e926597684c7cc6695238a4eb9","name":"Bigi Alt"}]}},"_links":{"self":[{"href":"https:\/\/www.sonnenseite.com\/de\/wp-json\/wp\/v2\/posts\/69359","targetHints":{"allow":["GET"]}}],"collection":[{"href":"https:\/\/www.sonnenseite.com\/de\/wp-json\/wp\/v2\/posts"}],"about":[{"href":"https:\/\/www.sonnenseite.com\/de\/wp-json\/wp\/v2\/types\/post"}],"author":[{"embeddable":true,"href":"https:\/\/www.sonnenseite.com\/de\/wp-json\/wp\/v2\/users\/3"}],"replies":[{"embeddable":true,"href":"https:\/\/www.sonnenseite.com\/de\/wp-json\/wp\/v2\/comments?post=69359"}],"version-history":[{"count":3,"href":"https:\/\/www.sonnenseite.com\/de\/wp-json\/wp\/v2\/posts\/69359\/revisions"}],"predecessor-version":[{"id":69366,"href":"https:\/\/www.sonnenseite.com\/de\/wp-json\/wp\/v2\/posts\/69359\/revisions\/69366"}],"wp:featuredmedia":[{"embeddable":true,"href":"https:\/\/www.sonnenseite.com\/de\/wp-json\/wp\/v2\/media\/4640"}],"wp:attachment":[{"href":"https:\/\/www.sonnenseite.com\/de\/wp-json\/wp\/v2\/media?parent=69359"}],"wp:term":[{"taxonomy":"category","embeddable":true,"href":"https:\/\/www.sonnenseite.com\/de\/wp-json\/wp\/v2\/categories?post=69359"},{"taxonomy":"post_tag","embeddable":true,"href":"https:\/\/www.sonnenseite.com\/de\/wp-json\/wp\/v2\/tags?post=69359"}],"curies":[{"name":"wp","href":"https:\/\/api.w.org\/{rel}","templated":true}]}}