{"id":69420,"date":"2021-03-18T09:38:37","date_gmt":"2021-03-18T08:38:37","guid":{"rendered":"https:\/\/www.sonnenseite.com\/?p=69420"},"modified":"2021-03-18T09:39:01","modified_gmt":"2021-03-18T08:39:01","slug":"klimawandel-veraendert-abflussmenge-von-fluessen","status":"publish","type":"post","link":"https:\/\/www.sonnenseite.com\/de\/wissenschaft\/klimawandel-veraendert-abflussmenge-von-fluessen\/","title":{"rendered":"Klimawandel ver\u00e4ndert Abflussmenge von Fl\u00fcssen"},"content":{"rendered":"\n<p>Die Wassermengen in Fl\u00fcssen haben sich in den letzten Jahrzehnten weltweit stark ver\u00e4ndert. Ein internationales Forschungsteam mit Beteiligung der <a href=\"https:\/\/aktuelles.uni-frankfurt.de\/forschung\/klimawandel-veraendert-abflussmenge-von-fluessen\/\">Goethe-Universit\u00e4t Frankfurt<\/a> konnte nun belegen, dass der Klimawandel daf\u00fcr eine entscheidende Rolle spielt. <\/p>\n\n\n\n<p>Der Klimawandel beeinflusst den Wasserhaushalt der Erde: Je nach Region und Jahreszeit kann er zu mehr \u00dcberschwemmungen oder D\u00fcrren f\u00fchren und sich auch auf die Wassermengen in Fl\u00fcssen auswirken. Die Abflussmengen sind ein wichtiger Indikator f\u00fcr die Wasserressourcen, die Mensch und Umwelt zur Verf\u00fcgung stehen. Wieviel Wasser regional verf\u00fcgbar ist, h\u00e4ngt auch von weiteren Faktoren wie direkten Eingriffen in den Wasserhaushalt oder der Landnutzung ab: Wird beispielsweise Wasser zur Bew\u00e4sserung abgezweigt, \u00e4ndert sich die Landnutzung etwa durch Abholzung oder Aufforstung von W\u00e4ldern oder werden Staud\u00e4mme gebaut, ver\u00e4ndert dies ebenfalls die Wassermenge in Fl\u00fcssen.<\/p>\n\n\n\n<p>Wie stark sich die Abflussmengen in verschiedenen Weltregionen w\u00e4hrend der letzten Jahrzehnte ver\u00e4ndert haben, wurde bisher auf globaler Ebene noch nicht anhand von konkreten Messdaten untersucht. Ebenso war die Frage, ob global sichtbare Ver\u00e4nderungen auf den Klimawandel oder auf den direkten Einfluss den Menschen zur\u00fcckzuf\u00fchren sind, bislang nicht gekl\u00e4rt.<\/p>\n\n\n\n<p>Nun ist es einem internationalen Forschungsteam unter Leitung von Forschenden der Eidgen\u00f6ssischen Technischen Hochschule (ETH) Z\u00fcrich gelungen, den Einfluss dieser Faktoren aufzuschl\u00fcsseln. Dazu analysierten die Wissenschaftlerinnen und Wissenschaftler Daten von 7250 Durchfluss-Messstationen weltweit. Die Studie, die nun in der Fachzeitschrift Science erschienen ist, belegt: Wie viel Wasser Fl\u00fcsse f\u00fchren, hat sich zwischen 1971 und 2010 stark ver\u00e4ndert. Es zeigen sich komplexe Muster: Manche Regionen sind trockener geworden, etwa der Mittelmeerraum, das s\u00fcdliche Afrika oder der Nordosten Brasiliens. Anderswo hingegen nahmen anderswo die Wassermengen zu, zum Beispiel in Skandinavien.<\/p>\n\n\n\n<h5 class=\"wp-block-heading\">Suche nach den Ursachen<\/h5>\n\n\n\n<p>Wie es zu diesen Ver\u00e4nderungen kam, untersuchten die Forschenden in Computersimulationen, die sie im Rahmen des internationalen Klimaforschungsnetzwerks <a href=\"http:\/\/www.isimip.org\" target=\"_blank\" rel=\"noreferrer noopener\">ISIMIP<\/a> mit dem Ziel durchf\u00fchrten, m\u00f6gliche Auswirkungen des Klimawandels zu untersuchen. Sie verwendeten insgesamt neun globale hydrologische Modelle, in die sie Klimadaten aus dem untersuchten Zeitraum einspeisten (1971 bis 2010). Eines der Modelle betreute federf\u00fchrend Dr. Hannes M\u00fcller Schmied von der Goethe-Universit\u00e4t Frankfurt und dem Senckenberg Biodiversit\u00e4t und Klima Forschungszentrum. \u201eModellrechnungen sind f\u00fcr die Interpretation von gemessenen Daten und f\u00fcr die Berechnung von verschiedenen Szenarien sehr wichtig\u201c, erkl\u00e4rt der Frankfurter Geograph, \u201edenn wir k\u00f6nnen quasi mit einem Schalter den Einfluss des Klimawandels und die direkten Einfl\u00fcsse des Menschen ein- und ausschalten und die Ergebnisse mit den gemessenen Daten vergleichen.\u201c<\/p>\n\n\n\n<p>Die Ergebnisse der Modellrechnungen stimmten gut mit der Analyse der Flussmessdaten \u00fcberein. \u00abDas hei\u00dft, dass die klimatischen Bedingungen die beobachteten Trends erkl\u00e4ren k\u00f6nnen\u00bb, sagt Lukas Gudmundsson, Klimaforscher an der ETH Z\u00fcrich und Erstautor der Studie. In einem zweiten Durchgang schlossen die Forschenden in ihre Simulationen zus\u00e4tzlich direkte menschliche Ver\u00e4nderungen ein, um den Einfluss dieser Faktoren zu untersuchen. Das Ergebnis \u00e4nderte sich dadurch jedoch nicht. Ver\u00e4nderungen in der Wasser- und Landnutzung sind also offenbar nicht die Ursache f\u00fcr die globalen Ver\u00e4nderungen in Fl\u00fcssen.&nbsp;<\/p>\n\n\n\n<p>Gew\u00e4ssermanagement und Landnutzung k\u00f6nnen zwar lokal zu gro\u00dfen Schwankungen der Abfl\u00fcsse f\u00fchren. \u00abUns ging es aber nicht um lokale, sondern um globale Trends, die \u00fcber l\u00e4ngere Zeitr\u00e4ume sichtbar werden\u00bb, sagt Gudmundsson. Deshalb betrachteten die Forschenden nicht isoliert die Daten einzelner Messstationen, sondern fassten diese f\u00fcr die Analyse zu gr\u00f6\u00dferen, subkontinentalen Regionen zusammen. Dadurch wurde es m\u00f6glich, den Einfluss des Klimawandels in den Daten zu erkennen.<\/p>\n\n\n\n<h5 class=\"wp-block-heading\">Einfluss der Treibhausgase<\/h5>\n\n\n\n<p>Die Rolle des Klimawandels konnten die Forschenden mit der sogenannten Attributions-Methode untermauern: Sie verglichen ihre Messdaten mit Simulationen von Klimamodellen, die einmal mit den menschengemachten Treibhausgasen berechnet wurden und einmal ohne diese. Im ersten Fall stimmte die Simulation mit den tats\u00e4chlichen Daten \u00fcberein, im zweiten Fall jedoch nicht. Ohne den Klimawandel h\u00e4tte es die beobachteten Ver\u00e4nderungen also wahrscheinlich nicht gegeben.<\/p>\n\n\n\n<p>Die Studie ist die erste, die mit Messdaten nachweist, dass der Klimawandel einen global sichtbaren Einfluss auf das Flie\u00dfgew\u00e4sser hat. \u00abDies war nur durch die gute Zusammenarbeit der beteiligten Forschenden und Institutionen aus zw\u00f6lf verschiedenen L\u00e4ndern m\u00f6glich\u00bb, betont Gudmundsson. Auch die gesammelten Daten von den 7250 Messstationen weltweit waren ein Gemeinschaftswerk: Die Forschenden trugen sie mit australischen Kollaborationspartnern in einer Vorg\u00e4ngerstudie zusammen. Sie bilden den gr\u00f6\u00dften weltumspannenden Datensatz zum Wasserabfluss in Fl\u00fcssen, der heute verf\u00fcgbar ist.<\/p>\n\n\n\n<p>\u201eDank der Modelle k\u00f6nnen wir nun verl\u00e4ssliche Szenarien berechnen, wie sich gro\u00dfe Fl\u00fcsse unter dem Einfluss des Klimawandels k\u00fcnftig weiter ver\u00e4ndern werden\u201c, meint Hannes M\u00fcller Schmied. Solche Projektionen werden f\u00fcr betroffene Regionen eine wichtige Planungsgrundlage darstellen, um die Wasserversorgung sicherzustellen und sich an den Klimawandel anzupassen.<\/p>\n\n\n\n<ul class=\"wp-block-list\"><li>Gudmundsson L et al. Globally observed trends in mean and extreme river flow attributed to climate change. Science (2021). doi: <a href=\"https:\/\/www.doi.org\/10.1126\/science.aba3996\">10.1126\/science.aba3996<\/a><\/li><\/ul>\n\n\n<h5 class=\"green\">Quelle<\/h5>\r\n\n\n\n<p><a href=\"https:\/\/ethz.ch\/de\/news-und-veranstaltungen\/eth-news\/news\/2021\/03\/klimawandel-beeinflusst-flusssysteme-weltweit.html\">ETH Z\u00fcrich 2021<\/a><\/p>\n<div class=\"shariff shariff-align-flex-start shariff-widget-align-flex-start\"><div class=\"ShariffHeadline\">Diese Meldung teilen<\/div><ul class=\"shariff-buttons theme-round orientation-horizontal buttonsize-medium\"><li class=\"shariff-button facebook shariff-nocustomcolor\" style=\"background-color:#4273c8;border-radius:1%\"><a href=\"https:\/\/www.facebook.com\/sharer\/sharer.php?u=https%3A%2F%2Fwww.sonnenseite.com%2Fde%2Fwissenschaft%2Fklimawandel-veraendert-abflussmenge-von-fluessen%2F\" title=\"Bei Facebook teilen\" aria-label=\"Bei Facebook teilen\" role=\"button\" rel=\"nofollow\" class=\"shariff-link\" style=\";border-radius:1%; background-color:#3b5998; color:#fff\" target=\"_blank\"><span class=\"shariff-icon\" style=\"\"><svg width=\"32px\" height=\"20px\" xmlns=\"http:\/\/www.w3.org\/2000\/svg\" viewBox=\"0 0 18 32\"><path fill=\"#3b5998\" d=\"M17.1 0.2v4.7h-2.8q-1.5 0-2.1 0.6t-0.5 1.9v3.4h5.2l-0.7 5.3h-4.5v13.6h-5.5v-13.6h-4.5v-5.3h4.5v-3.9q0-3.3 1.9-5.2t5-1.8q2.6 0 4.1 0.2z\"\/><\/svg><\/span><\/a><\/li><li class=\"shariff-button twitter shariff-nocustomcolor\" style=\"background-color:#595959;border-radius:1%\"><a href=\"https:\/\/twitter.com\/share?url=https%3A%2F%2Fwww.sonnenseite.com%2Fde%2Fwissenschaft%2Fklimawandel-veraendert-abflussmenge-von-fluessen%2F&text=Klimawandel%20ver%C3%A4ndert%20Abflussmenge%20von%20Fl%C3%BCssen\" title=\"Bei X teilen\" aria-label=\"Bei X teilen\" role=\"button\" rel=\"noopener nofollow\" class=\"shariff-link\" style=\";border-radius:1%; background-color:#000; color:#fff\" target=\"_blank\"><span class=\"shariff-icon\" style=\"\"><svg width=\"32px\" height=\"20px\" xmlns=\"http:\/\/www.w3.org\/2000\/svg\" viewBox=\"0 0 24 24\"><path fill=\"#000\" d=\"M14.258 10.152L23.176 0h-2.113l-7.747 8.813L7.133 0H0l9.352 13.328L0 23.973h2.113l8.176-9.309 6.531 9.309h7.133zm-2.895 3.293l-.949-1.328L2.875 1.56h3.246l6.086 8.523.945 1.328 7.91 11.078h-3.246zm0 0\"\/><\/svg><\/span><\/a><\/li><li class=\"shariff-button xing shariff-nocustomcolor\" style=\"background-color:#29888a;border-radius:1%\"><a href=\"https:\/\/www.xing.com\/spi\/shares\/new?url=https%3A%2F%2Fwww.sonnenseite.com%2Fde%2Fwissenschaft%2Fklimawandel-veraendert-abflussmenge-von-fluessen%2F\" title=\"Bei XING teilen\" aria-label=\"Bei XING teilen\" role=\"button\" rel=\"noopener nofollow\" class=\"shariff-link\" style=\";border-radius:1%; background-color:#126567; color:#fff\" target=\"_blank\"><span class=\"shariff-icon\" style=\"\"><svg width=\"32px\" height=\"20px\" xmlns=\"http:\/\/www.w3.org\/2000\/svg\" viewBox=\"0 0 25 32\"><path fill=\"#126567\" d=\"M10.7 11.9q-0.2 0.3-4.6 8.2-0.5 0.8-1.2 0.8h-4.3q-0.4 0-0.5-0.3t0-0.6l4.5-8q0 0 0 0l-2.9-5q-0.2-0.4 0-0.7 0.2-0.3 0.5-0.3h4.3q0.7 0 1.2 0.8zM25.1 0.4q0.2 0.3 0 0.7l-9.4 16.7 6 11q0.2 0.4 0 0.6-0.2 0.3-0.6 0.3h-4.3q-0.7 0-1.2-0.8l-6-11.1q0.3-0.6 9.5-16.8 0.4-0.8 1.2-0.8h4.3q0.4 0 0.5 0.3z\"\/><\/svg><\/span><\/a><\/li><li class=\"shariff-button linkedin shariff-nocustomcolor\" style=\"background-color:#1488bf;border-radius:1%\"><a href=\"https:\/\/www.linkedin.com\/sharing\/share-offsite\/?url=https%3A%2F%2Fwww.sonnenseite.com%2Fde%2Fwissenschaft%2Fklimawandel-veraendert-abflussmenge-von-fluessen%2F\" title=\"Bei LinkedIn teilen\" aria-label=\"Bei LinkedIn teilen\" role=\"button\" rel=\"noopener nofollow\" class=\"shariff-link\" style=\";border-radius:1%; background-color:#0077b5; color:#fff\" target=\"_blank\"><span class=\"shariff-icon\" style=\"\"><svg width=\"32px\" height=\"20px\" xmlns=\"http:\/\/www.w3.org\/2000\/svg\" viewBox=\"0 0 27 32\"><path fill=\"#0077b5\" d=\"M6.2 11.2v17.7h-5.9v-17.7h5.9zM6.6 5.7q0 1.3-0.9 2.2t-2.4 0.9h0q-1.5 0-2.4-0.9t-0.9-2.2 0.9-2.2 2.4-0.9 2.4 0.9 0.9 2.2zM27.4 18.7v10.1h-5.9v-9.5q0-1.9-0.7-2.9t-2.3-1.1q-1.1 0-1.9 0.6t-1.2 1.5q-0.2 0.5-0.2 1.4v9.9h-5.9q0-7.1 0-11.6t0-5.3l0-0.9h5.9v2.6h0q0.4-0.6 0.7-1t1-0.9 1.6-0.8 2-0.3q3 0 4.9 2t1.9 6z\"\/><\/svg><\/span><\/a><\/li><li class=\"shariff-button printer shariff-nocustomcolor\" style=\"background-color:#a8a8a8;border-radius:1%\"><a href=\"javascript:window.print()\" title=\"drucken\" aria-label=\"drucken\" role=\"button\" rel=\"noopener nofollow\" class=\"shariff-link\" style=\";border-radius:1%; background-color:#999; color:#fff\"><span class=\"shariff-icon\" style=\"\"><svg width=\"32px\" height=\"20px\" xmlns=\"http:\/\/www.w3.org\/2000\/svg\" viewBox=\"0 0 30 32\"><path fill=\"#999\" d=\"M6.8 27.4h16v-4.6h-16v4.6zM6.8 16h16v-6.8h-2.8q-0.7 0-1.2-0.5t-0.5-1.2v-2.8h-11.4v11.4zM27.4 17.2q0-0.5-0.3-0.8t-0.8-0.4-0.8 0.4-0.3 0.8 0.3 0.8 0.8 0.3 0.8-0.3 0.3-0.8zM29.7 17.2v7.4q0 0.2-0.2 0.4t-0.4 0.2h-4v2.8q0 0.7-0.5 1.2t-1.2 0.5h-17.2q-0.7 0-1.2-0.5t-0.5-1.2v-2.8h-4q-0.2 0-0.4-0.2t-0.2-0.4v-7.4q0-1.4 1-2.4t2.4-1h1.2v-9.7q0-0.7 0.5-1.2t1.2-0.5h12q0.7 0 1.6 0.4t1.3 0.8l2.7 2.7q0.5 0.5 0.9 1.4t0.4 1.6v4.6h1.1q1.4 0 2.4 1t1 2.4z\"\/><\/svg><\/span><\/a><\/li><li class=\"shariff-button mailto shariff-nocustomcolor\" style=\"background-color:#a8a8a8;border-radius:1%\"><a href=\"mailto:?body=https%3A%2F%2Fwww.sonnenseite.com%2Fde%2Fwissenschaft%2Fklimawandel-veraendert-abflussmenge-von-fluessen%2F&subject=Klimawandel%20ver%C3%A4ndert%20Abflussmenge%20von%20Fl%C3%BCssen\" title=\"Per E-Mail versenden\" aria-label=\"Per E-Mail versenden\" role=\"button\" rel=\"noopener nofollow\" class=\"shariff-link\" style=\";border-radius:1%; background-color:#999; color:#fff\"><span class=\"shariff-icon\" style=\"\"><svg width=\"32px\" height=\"20px\" xmlns=\"http:\/\/www.w3.org\/2000\/svg\" viewBox=\"0 0 32 32\"><path fill=\"#999\" d=\"M32 12.7v14.2q0 1.2-0.8 2t-2 0.9h-26.3q-1.2 0-2-0.9t-0.8-2v-14.2q0.8 0.9 1.8 1.6 6.5 4.4 8.9 6.1 1 0.8 1.6 1.2t1.7 0.9 2 0.4h0.1q0.9 0 2-0.4t1.7-0.9 1.6-1.2q3-2.2 8.9-6.1 1-0.7 1.8-1.6zM32 7.4q0 1.4-0.9 2.7t-2.2 2.2q-6.7 4.7-8.4 5.8-0.2 0.1-0.7 0.5t-1 0.7-0.9 0.6-1.1 0.5-0.9 0.2h-0.1q-0.4 0-0.9-0.2t-1.1-0.5-0.9-0.6-1-0.7-0.7-0.5q-1.6-1.1-4.7-3.2t-3.6-2.6q-1.1-0.7-2.1-2t-1-2.5q0-1.4 0.7-2.3t2.1-0.9h26.3q1.2 0 2 0.8t0.9 2z\"\/><\/svg><\/span><\/a><\/li><\/ul><\/div>","protected":false},"excerpt":{"rendered":"<p>Die Wassermengen in Fl\u00fcssen haben sich in den letzten Jahrzehnten weltweit stark ver\u00e4ndert. Ein internationales Forschungsteam [&hellip;]<\/p>\n","protected":false},"author":3,"featured_media":60432,"comment_status":"closed","ping_status":"closed","sticky":false,"template":"","format":"standard","meta":{"inline_featured_image":false,"footnotes":""},"categories":[26],"tags":[],"class_list":["post-69420","post","type-post","status-publish","format-standard","has-post-thumbnail","hentry","category-wissenschaft"],"yoast_head":"<!-- This site is optimized with the Yoast SEO plugin v26.5 - https:\/\/yoast.com\/wordpress\/plugins\/seo\/ -->\n<title>Klimawandel ver\u00e4ndert Abflussmenge von Fl\u00fcssen - Sonnenseite - \u00d6kologische Kommunikation mit Franz Alt<\/title>\n<meta name=\"description\" content=\"Die Wassermengen in Fl\u00fcssen haben sich in den letzten Jahrzehnten weltweit stark ver\u00e4ndert. Ein internationales Forschungsteam mit Beteiligung der\" \/>\n<meta name=\"robots\" content=\"index, follow, max-snippet:-1, max-image-preview:large, max-video-preview:-1\" \/>\n<link rel=\"canonical\" href=\"https:\/\/www.sonnenseite.com\/de\/wissenschaft\/klimawandel-veraendert-abflussmenge-von-fluessen\/\" \/>\n<meta property=\"og:locale\" content=\"de_DE\" \/>\n<meta property=\"og:type\" content=\"article\" \/>\n<meta property=\"og:title\" content=\"Klimawandel ver\u00e4ndert Abflussmenge von Fl\u00fcssen - Sonnenseite - \u00d6kologische Kommunikation mit Franz Alt\" \/>\n<meta property=\"og:description\" content=\"Die Wassermengen in Fl\u00fcssen haben sich in den letzten Jahrzehnten weltweit stark ver\u00e4ndert. Ein internationales Forschungsteam mit Beteiligung der\" \/>\n<meta property=\"og:url\" content=\"https:\/\/www.sonnenseite.com\/de\/wissenschaft\/klimawandel-veraendert-abflussmenge-von-fluessen\/\" \/>\n<meta property=\"og:site_name\" content=\"Sonnenseite\" \/>\n<meta property=\"article:publisher\" content=\"https:\/\/www.facebook.com\/pages\/Franz-Alt-SONNENSEITECOM\/221072987903953?fref=ts\" \/>\n<meta property=\"article:published_time\" content=\"2021-03-18T08:38:37+00:00\" \/>\n<meta property=\"article:modified_time\" content=\"2021-03-18T08:39:01+00:00\" \/>\n<meta property=\"og:image\" content=\"https:\/\/www.sonnenseite.com\/wp-content\/uploads\/2020\/06\/Fluss_Unsplash.jpg\" \/>\n\t<meta property=\"og:image:width\" content=\"770\" \/>\n\t<meta property=\"og:image:height\" content=\"420\" \/>\n\t<meta property=\"og:image:type\" content=\"image\/jpeg\" \/>\n<meta name=\"author\" content=\"Bigi Alt\" \/>\n<meta name=\"twitter:card\" content=\"summary_large_image\" \/>\n<meta name=\"twitter:creator\" content=\"@franzalt\" \/>\n<meta name=\"twitter:site\" content=\"@franzalt\" \/>\n<meta name=\"twitter:label1\" content=\"Verfasst von\" \/>\n\t<meta name=\"twitter:data1\" content=\"Bigi Alt\" \/>\n\t<meta name=\"twitter:label2\" content=\"Gesch\u00e4tzte Lesezeit\" \/>\n\t<meta name=\"twitter:data2\" content=\"4\u00a0Minuten\" \/>\n<script type=\"application\/ld+json\" class=\"yoast-schema-graph\">{\"@context\":\"https:\/\/schema.org\",\"@graph\":[{\"@type\":\"Article\",\"@id\":\"https:\/\/www.sonnenseite.com\/de\/wissenschaft\/klimawandel-veraendert-abflussmenge-von-fluessen\/#article\",\"isPartOf\":{\"@id\":\"https:\/\/www.sonnenseite.com\/de\/wissenschaft\/klimawandel-veraendert-abflussmenge-von-fluessen\/\"},\"author\":{\"name\":\"Bigi Alt\",\"@id\":\"https:\/\/www.sonnenseite.com\/de\/#\/schema\/person\/50fda0e926597684c7cc6695238a4eb9\"},\"headline\":\"Klimawandel ver\u00e4ndert Abflussmenge von Fl\u00fcssen\",\"datePublished\":\"2021-03-18T08:38:37+00:00\",\"dateModified\":\"2021-03-18T08:39:01+00:00\",\"mainEntityOfPage\":{\"@id\":\"https:\/\/www.sonnenseite.com\/de\/wissenschaft\/klimawandel-veraendert-abflussmenge-von-fluessen\/\"},\"wordCount\":822,\"publisher\":{\"@id\":\"https:\/\/www.sonnenseite.com\/de\/#organization\"},\"image\":{\"@id\":\"https:\/\/www.sonnenseite.com\/de\/wissenschaft\/klimawandel-veraendert-abflussmenge-von-fluessen\/#primaryimage\"},\"thumbnailUrl\":\"https:\/\/www.sonnenseite.com\/wp-content\/uploads\/2020\/06\/Fluss_Unsplash.jpg\",\"articleSection\":[\"Wissenschaft\"],\"inLanguage\":\"de\"},{\"@type\":\"WebPage\",\"@id\":\"https:\/\/www.sonnenseite.com\/de\/wissenschaft\/klimawandel-veraendert-abflussmenge-von-fluessen\/\",\"url\":\"https:\/\/www.sonnenseite.com\/de\/wissenschaft\/klimawandel-veraendert-abflussmenge-von-fluessen\/\",\"name\":\"Klimawandel ver\u00e4ndert Abflussmenge von Fl\u00fcssen - Sonnenseite - \u00d6kologische Kommunikation mit Franz Alt\",\"isPartOf\":{\"@id\":\"https:\/\/www.sonnenseite.com\/de\/#website\"},\"primaryImageOfPage\":{\"@id\":\"https:\/\/www.sonnenseite.com\/de\/wissenschaft\/klimawandel-veraendert-abflussmenge-von-fluessen\/#primaryimage\"},\"image\":{\"@id\":\"https:\/\/www.sonnenseite.com\/de\/wissenschaft\/klimawandel-veraendert-abflussmenge-von-fluessen\/#primaryimage\"},\"thumbnailUrl\":\"https:\/\/www.sonnenseite.com\/wp-content\/uploads\/2020\/06\/Fluss_Unsplash.jpg\",\"datePublished\":\"2021-03-18T08:38:37+00:00\",\"dateModified\":\"2021-03-18T08:39:01+00:00\",\"description\":\"Die Wassermengen in Fl\u00fcssen haben sich in den letzten Jahrzehnten weltweit stark ver\u00e4ndert. Ein internationales Forschungsteam mit Beteiligung der\",\"breadcrumb\":{\"@id\":\"https:\/\/www.sonnenseite.com\/de\/wissenschaft\/klimawandel-veraendert-abflussmenge-von-fluessen\/#breadcrumb\"},\"inLanguage\":\"de\",\"potentialAction\":[{\"@type\":\"ReadAction\",\"target\":[\"https:\/\/www.sonnenseite.com\/de\/wissenschaft\/klimawandel-veraendert-abflussmenge-von-fluessen\/\"]}]},{\"@type\":\"ImageObject\",\"inLanguage\":\"de\",\"@id\":\"https:\/\/www.sonnenseite.com\/de\/wissenschaft\/klimawandel-veraendert-abflussmenge-von-fluessen\/#primaryimage\",\"url\":\"https:\/\/www.sonnenseite.com\/wp-content\/uploads\/2020\/06\/Fluss_Unsplash.jpg\",\"contentUrl\":\"https:\/\/www.sonnenseite.com\/wp-content\/uploads\/2020\/06\/Fluss_Unsplash.jpg\",\"width\":770,\"height\":420,\"caption\":\"pixabay.com | Unsplash\"},{\"@type\":\"BreadcrumbList\",\"@id\":\"https:\/\/www.sonnenseite.com\/de\/wissenschaft\/klimawandel-veraendert-abflussmenge-von-fluessen\/#breadcrumb\",\"itemListElement\":[{\"@type\":\"ListItem\",\"position\":1,\"name\":\"Startseite\",\"item\":\"https:\/\/www.sonnenseite.com\/de\/\"},{\"@type\":\"ListItem\",\"position\":2,\"name\":\"Klimawandel ver\u00e4ndert Abflussmenge von Fl\u00fcssen\"}]},{\"@type\":\"WebSite\",\"@id\":\"https:\/\/www.sonnenseite.com\/de\/#website\",\"url\":\"https:\/\/www.sonnenseite.com\/de\/\",\"name\":\"Sonnenseite\",\"description\":\"\u00d6kologische Kommunikation mit Franz Alt\",\"publisher\":{\"@id\":\"https:\/\/www.sonnenseite.com\/de\/#organization\"},\"potentialAction\":[{\"@type\":\"SearchAction\",\"target\":{\"@type\":\"EntryPoint\",\"urlTemplate\":\"https:\/\/www.sonnenseite.com\/de\/?s={search_term_string}\"},\"query-input\":{\"@type\":\"PropertyValueSpecification\",\"valueRequired\":true,\"valueName\":\"search_term_string\"}}],\"inLanguage\":\"de\"},{\"@type\":\"Organization\",\"@id\":\"https:\/\/www.sonnenseite.com\/de\/#organization\",\"name\":\"Sonnenseite\",\"url\":\"https:\/\/www.sonnenseite.com\/de\/\",\"logo\":{\"@type\":\"ImageObject\",\"inLanguage\":\"de\",\"@id\":\"https:\/\/www.sonnenseite.com\/de\/#\/schema\/logo\/image\/\",\"url\":\"https:\/\/www.sonnenseite.com\/wp-content\/uploads\/2020\/05\/Sonnenseite_Logo.png\",\"contentUrl\":\"https:\/\/www.sonnenseite.com\/wp-content\/uploads\/2020\/05\/Sonnenseite_Logo.png\",\"width\":377,\"height\":90,\"caption\":\"Sonnenseite\"},\"image\":{\"@id\":\"https:\/\/www.sonnenseite.com\/de\/#\/schema\/logo\/image\/\"},\"sameAs\":[\"https:\/\/www.facebook.com\/pages\/Franz-Alt-SONNENSEITECOM\/221072987903953?fref=ts\",\"https:\/\/x.com\/franzalt\",\"http:\/\/www.youtube.com\/results?search_query&amp;amp;quot;franz_alt&amp;amp;quot;&amp;amp;amp;amp;search_type&amp;amp;amp;amp;aq=f\"]},{\"@type\":\"Person\",\"@id\":\"https:\/\/www.sonnenseite.com\/de\/#\/schema\/person\/50fda0e926597684c7cc6695238a4eb9\",\"name\":\"Bigi Alt\"}]}<\/script>\n<!-- \/ Yoast SEO plugin. -->","yoast_head_json":{"title":"Klimawandel ver\u00e4ndert Abflussmenge von Fl\u00fcssen - Sonnenseite - \u00d6kologische Kommunikation mit Franz Alt","description":"Die Wassermengen in Fl\u00fcssen haben sich in den letzten Jahrzehnten weltweit stark ver\u00e4ndert. Ein internationales Forschungsteam mit Beteiligung der","robots":{"index":"index","follow":"follow","max-snippet":"max-snippet:-1","max-image-preview":"max-image-preview:large","max-video-preview":"max-video-preview:-1"},"canonical":"https:\/\/www.sonnenseite.com\/de\/wissenschaft\/klimawandel-veraendert-abflussmenge-von-fluessen\/","og_locale":"de_DE","og_type":"article","og_title":"Klimawandel ver\u00e4ndert Abflussmenge von Fl\u00fcssen - Sonnenseite - \u00d6kologische Kommunikation mit Franz Alt","og_description":"Die Wassermengen in Fl\u00fcssen haben sich in den letzten Jahrzehnten weltweit stark ver\u00e4ndert. Ein internationales Forschungsteam mit Beteiligung der","og_url":"https:\/\/www.sonnenseite.com\/de\/wissenschaft\/klimawandel-veraendert-abflussmenge-von-fluessen\/","og_site_name":"Sonnenseite","article_publisher":"https:\/\/www.facebook.com\/pages\/Franz-Alt-SONNENSEITECOM\/221072987903953?fref=ts","article_published_time":"2021-03-18T08:38:37+00:00","article_modified_time":"2021-03-18T08:39:01+00:00","og_image":[{"width":770,"height":420,"url":"https:\/\/www.sonnenseite.com\/wp-content\/uploads\/2020\/06\/Fluss_Unsplash.jpg","type":"image\/jpeg"}],"author":"Bigi Alt","twitter_card":"summary_large_image","twitter_creator":"@franzalt","twitter_site":"@franzalt","twitter_misc":{"Verfasst von":"Bigi Alt","Gesch\u00e4tzte Lesezeit":"4\u00a0Minuten"},"schema":{"@context":"https:\/\/schema.org","@graph":[{"@type":"Article","@id":"https:\/\/www.sonnenseite.com\/de\/wissenschaft\/klimawandel-veraendert-abflussmenge-von-fluessen\/#article","isPartOf":{"@id":"https:\/\/www.sonnenseite.com\/de\/wissenschaft\/klimawandel-veraendert-abflussmenge-von-fluessen\/"},"author":{"name":"Bigi Alt","@id":"https:\/\/www.sonnenseite.com\/de\/#\/schema\/person\/50fda0e926597684c7cc6695238a4eb9"},"headline":"Klimawandel ver\u00e4ndert Abflussmenge von Fl\u00fcssen","datePublished":"2021-03-18T08:38:37+00:00","dateModified":"2021-03-18T08:39:01+00:00","mainEntityOfPage":{"@id":"https:\/\/www.sonnenseite.com\/de\/wissenschaft\/klimawandel-veraendert-abflussmenge-von-fluessen\/"},"wordCount":822,"publisher":{"@id":"https:\/\/www.sonnenseite.com\/de\/#organization"},"image":{"@id":"https:\/\/www.sonnenseite.com\/de\/wissenschaft\/klimawandel-veraendert-abflussmenge-von-fluessen\/#primaryimage"},"thumbnailUrl":"https:\/\/www.sonnenseite.com\/wp-content\/uploads\/2020\/06\/Fluss_Unsplash.jpg","articleSection":["Wissenschaft"],"inLanguage":"de"},{"@type":"WebPage","@id":"https:\/\/www.sonnenseite.com\/de\/wissenschaft\/klimawandel-veraendert-abflussmenge-von-fluessen\/","url":"https:\/\/www.sonnenseite.com\/de\/wissenschaft\/klimawandel-veraendert-abflussmenge-von-fluessen\/","name":"Klimawandel ver\u00e4ndert Abflussmenge von Fl\u00fcssen - Sonnenseite - \u00d6kologische Kommunikation mit Franz Alt","isPartOf":{"@id":"https:\/\/www.sonnenseite.com\/de\/#website"},"primaryImageOfPage":{"@id":"https:\/\/www.sonnenseite.com\/de\/wissenschaft\/klimawandel-veraendert-abflussmenge-von-fluessen\/#primaryimage"},"image":{"@id":"https:\/\/www.sonnenseite.com\/de\/wissenschaft\/klimawandel-veraendert-abflussmenge-von-fluessen\/#primaryimage"},"thumbnailUrl":"https:\/\/www.sonnenseite.com\/wp-content\/uploads\/2020\/06\/Fluss_Unsplash.jpg","datePublished":"2021-03-18T08:38:37+00:00","dateModified":"2021-03-18T08:39:01+00:00","description":"Die Wassermengen in Fl\u00fcssen haben sich in den letzten Jahrzehnten weltweit stark ver\u00e4ndert. Ein internationales Forschungsteam mit Beteiligung der","breadcrumb":{"@id":"https:\/\/www.sonnenseite.com\/de\/wissenschaft\/klimawandel-veraendert-abflussmenge-von-fluessen\/#breadcrumb"},"inLanguage":"de","potentialAction":[{"@type":"ReadAction","target":["https:\/\/www.sonnenseite.com\/de\/wissenschaft\/klimawandel-veraendert-abflussmenge-von-fluessen\/"]}]},{"@type":"ImageObject","inLanguage":"de","@id":"https:\/\/www.sonnenseite.com\/de\/wissenschaft\/klimawandel-veraendert-abflussmenge-von-fluessen\/#primaryimage","url":"https:\/\/www.sonnenseite.com\/wp-content\/uploads\/2020\/06\/Fluss_Unsplash.jpg","contentUrl":"https:\/\/www.sonnenseite.com\/wp-content\/uploads\/2020\/06\/Fluss_Unsplash.jpg","width":770,"height":420,"caption":"pixabay.com | Unsplash"},{"@type":"BreadcrumbList","@id":"https:\/\/www.sonnenseite.com\/de\/wissenschaft\/klimawandel-veraendert-abflussmenge-von-fluessen\/#breadcrumb","itemListElement":[{"@type":"ListItem","position":1,"name":"Startseite","item":"https:\/\/www.sonnenseite.com\/de\/"},{"@type":"ListItem","position":2,"name":"Klimawandel ver\u00e4ndert Abflussmenge von Fl\u00fcssen"}]},{"@type":"WebSite","@id":"https:\/\/www.sonnenseite.com\/de\/#website","url":"https:\/\/www.sonnenseite.com\/de\/","name":"Sonnenseite","description":"\u00d6kologische Kommunikation mit Franz Alt","publisher":{"@id":"https:\/\/www.sonnenseite.com\/de\/#organization"},"potentialAction":[{"@type":"SearchAction","target":{"@type":"EntryPoint","urlTemplate":"https:\/\/www.sonnenseite.com\/de\/?s={search_term_string}"},"query-input":{"@type":"PropertyValueSpecification","valueRequired":true,"valueName":"search_term_string"}}],"inLanguage":"de"},{"@type":"Organization","@id":"https:\/\/www.sonnenseite.com\/de\/#organization","name":"Sonnenseite","url":"https:\/\/www.sonnenseite.com\/de\/","logo":{"@type":"ImageObject","inLanguage":"de","@id":"https:\/\/www.sonnenseite.com\/de\/#\/schema\/logo\/image\/","url":"https:\/\/www.sonnenseite.com\/wp-content\/uploads\/2020\/05\/Sonnenseite_Logo.png","contentUrl":"https:\/\/www.sonnenseite.com\/wp-content\/uploads\/2020\/05\/Sonnenseite_Logo.png","width":377,"height":90,"caption":"Sonnenseite"},"image":{"@id":"https:\/\/www.sonnenseite.com\/de\/#\/schema\/logo\/image\/"},"sameAs":["https:\/\/www.facebook.com\/pages\/Franz-Alt-SONNENSEITECOM\/221072987903953?fref=ts","https:\/\/x.com\/franzalt","http:\/\/www.youtube.com\/results?search_query&amp;amp;quot;franz_alt&amp;amp;quot;&amp;amp;amp;amp;search_type&amp;amp;amp;amp;aq=f"]},{"@type":"Person","@id":"https:\/\/www.sonnenseite.com\/de\/#\/schema\/person\/50fda0e926597684c7cc6695238a4eb9","name":"Bigi Alt"}]}},"_links":{"self":[{"href":"https:\/\/www.sonnenseite.com\/de\/wp-json\/wp\/v2\/posts\/69420","targetHints":{"allow":["GET"]}}],"collection":[{"href":"https:\/\/www.sonnenseite.com\/de\/wp-json\/wp\/v2\/posts"}],"about":[{"href":"https:\/\/www.sonnenseite.com\/de\/wp-json\/wp\/v2\/types\/post"}],"author":[{"embeddable":true,"href":"https:\/\/www.sonnenseite.com\/de\/wp-json\/wp\/v2\/users\/3"}],"replies":[{"embeddable":true,"href":"https:\/\/www.sonnenseite.com\/de\/wp-json\/wp\/v2\/comments?post=69420"}],"version-history":[{"count":4,"href":"https:\/\/www.sonnenseite.com\/de\/wp-json\/wp\/v2\/posts\/69420\/revisions"}],"predecessor-version":[{"id":69424,"href":"https:\/\/www.sonnenseite.com\/de\/wp-json\/wp\/v2\/posts\/69420\/revisions\/69424"}],"wp:featuredmedia":[{"embeddable":true,"href":"https:\/\/www.sonnenseite.com\/de\/wp-json\/wp\/v2\/media\/60432"}],"wp:attachment":[{"href":"https:\/\/www.sonnenseite.com\/de\/wp-json\/wp\/v2\/media?parent=69420"}],"wp:term":[{"taxonomy":"category","embeddable":true,"href":"https:\/\/www.sonnenseite.com\/de\/wp-json\/wp\/v2\/categories?post=69420"},{"taxonomy":"post_tag","embeddable":true,"href":"https:\/\/www.sonnenseite.com\/de\/wp-json\/wp\/v2\/tags?post=69420"}],"curies":[{"name":"wp","href":"https:\/\/api.w.org\/{rel}","templated":true}]}}