{"id":69447,"date":"2021-03-19T07:53:01","date_gmt":"2021-03-19T06:53:01","guid":{"rendered":"https:\/\/www.sonnenseite.com\/?p=69447"},"modified":"2021-03-27T16:24:34","modified_gmt":"2021-03-27T15:24:34","slug":"wer-blockiert-warum-die-energiewende","status":"publish","type":"post","link":"https:\/\/www.sonnenseite.com\/de\/politik\/wer-blockiert-warum-die-energiewende\/","title":{"rendered":"Wer blockiert warum die Energiewende?"},"content":{"rendered":"\n<p>Wie \u00f6konomische Falschannahmen die weltweite Energiewende blockieren und zur n\u00e4chsten globalen Finanzkrise f\u00fchren.<\/p>\n\n\n\n<p>Will man die Kosten f\u00fcr verschiedene Energietr\u00e4ger vergleichen, kommt man um einen Wert nicht herum, LCOE, levelized cost of energy oder auf deutsch, die Stromgestehungskosten. Sie zeigen an, wie teuer oder eben g\u00fcnstig beispielsweise die Produktion von einer Megawattstunde (MWh) Kohle- oder Solarstrom ist \u00fcber einen l\u00e4ngeren Zeitraum bspw. 20 Jahre oder l\u00e4nger.<\/p>\n\n\n\n<p>Entlang dieser Stromgestehungskosten wurde und wird bis heute f\u00fcr oder gegen Erneuerbare Energien argumentiert. Meist hei\u00dft es, die Erneuerbaren Energien seien noch zu teuer, vor allem in Kombination mit Speichern und ein neues Gaskraftwerk beispielsweise g\u00fcnstiger. Doch wie nun <a href=\"https:\/\/www.rethinkx.com\/energy-lcoe\" target=\"_blank\" rel=\"noreferrer noopener\">ein neuer Report des US-amerikanischen Thinktanks RethinkX<\/a> zeigt, werden die LCOEs konventioneller Energietr\u00e4ger \u2013 allen voran Kohle, Erdgas und Atomenergie \u2013 bis heute oftmals zu niedrig angesetzt bzw. liegen weitaus h\u00f6her als oftmals angenommen. Hauptgrund ist die Annahme, dass fossile und atomare Stromerzeugung langfristig, also \u00fcber Jahrzehnte mit voller Auslastung betrieben werden k\u00f6nnten. Doch genau das ist, wie sich vielfach schon heute zeigt, wegen dem Ausbau der Erneuerbare Energien schlicht falsch. Diese Fehlannahmen gelten f\u00fcr die Analysen und Forecasts der Internationalen Energieagentur (IEA), die US Energy Information Administration (EIA), die internationale Organisation f\u00fcr erneuerbare Energien (IRENA) und viele, viele andere.&nbsp;Der Leiter von RethinkX, Tony Seba, geh\u00f6rte zu den Initiatoren der gemeinsamen Erkl\u00e4rung der <a href=\"https:\/\/global100restrategygroup.org\/\" target=\"_blank\" rel=\"noreferrer noopener\">Global 100% Renewable Energy Strategy Group<\/a>.<\/p>\n\n\n\n<p>Warum ist das entscheidend f\u00fcr die Zukunft des Energiesystems? Die LCOE sind eine entscheidende Grundlage f\u00fcr Investitionen in die Energieinfrastruktur, an der sich viele Politiker*innen, Unternehmen, Investor*innen, etc. orientieren, vor allem, wenn die Zahlen von Regierungs-Organisationen wie der IEA oder EIA kommen.<\/p>\n\n\n\n<p>Warum wurden und werden diese LCOEs f\u00fcr fossile und atomare Kraftwerke niedriger angesetzt als sie eigentlich sind? Viele Analyst*innen setzen die Anzahl der j\u00e4hrlichen Volllaststunden von fossilen und atomaren Kraftwerken zu hoch an, einfach gesprochen: Es wird angenommen, dass eine Anlage \u00fcber die n\u00e4chsten Jahrzehnte hinweg die volle m\u00f6gliche Zeit im Jahr auch tats\u00e4chlich ausgelastet ist (s.g. Volllaststunden). Dann sinken die Kosten pro produzierte Energieeinheit, je h\u00f6her die Auslastung ist bei gleich bleibenden Fixkosten. Nun stellt die Studie aber fest, dass in der Vergangenheit schon die urspr\u00fcnglich angenommene Auslastung h\u00f6her war als die Auslastung im dann laufenden Betrieb, dementsprechend liegen die \u201ereellen\u201c LCOE h\u00f6her als urspr\u00fcnglich angenommen.<\/p>\n\n\n\n<p>Die Auslastung der Anlagen widerspiegelnden Kapazit\u00e4tsfaktoren sind in der Realit\u00e4t aber keinesfalls feste Gr\u00f6\u00dfen. Die Kapazit\u00e4tsfaktoren geben an, wie viele Stunden die Anlagen pro Jahr tats\u00e4chlich laufen, in Bezug auf die angenommenen Volllaststunden. Die Kapazit\u00e4tsfaktoren sind aber Ergebnis der Gewinnmaximierung auf den M\u00e4rkten. Je st\u00e4rker klimafreundliche Erneuerbaren-Energien-Anlagen wie Wind und Sonne auf den Markt dr\u00e4ngen und je teurer fossile und nukleare Energietr\u00e4ger beispielsweise auch durch CO2-Preise werden, desto st\u00e4rker sinken die Auslastungen und damit die Kapazit\u00e4tsfaktoren. Das hei\u00dft, die teuren Erdgas- und Kohleanlagen sowie Kernkraftwerke werden schlicht immer weniger genutzt und die Investitionen m\u00fcssen sich in immer weniger Stunden im Jahr finanzieren, so dass die Kapitalkosten je produzierter Energieeinheit (z.B. Megawattstunde) immer st\u00e4rker wachsen. Gleichzeitig k\u00f6nnen aber die Preise f\u00fcr Strom aus fossilen und atomaren Kraftwerken nicht im notwendigen Ma\u00dfe erh\u00f6ht werden, wie es eine Rentabilit\u00e4t erfordern w\u00fcrde, da die Erneuerbare Energien wesentlich billiger Strom produzieren.<\/p>\n\n\n\n<p>Diese falschen Annahmen lassen konventionelle Energieanlagen viel attraktiver erscheinen, als sie tats\u00e4chlich sind und haben so Milliardensummen an Fehlinvestitionen mit st\u00e4ndiger Abwertung der entsprechenden Finanzindizes und Aktienwerte ausgel\u00f6st, alleine in den USA sind es 2,2 Billionen US-Dollar. Ergebnis ist nicht nur die Verschwendung von privaten und \u00f6ffentlichen Finanzmitteln, sondern ein damit einhergehendes reales Risiko f\u00fcr die Stabilit\u00e4t der weltweiten Finanzm\u00e4rkte. Zudem wird der Klimaschutz behindert, da so eine k\u00fcnstliche Lebensverl\u00e4ngerung klimasch\u00e4dliche Kraftwerke einhergeht.<\/p>\n\n\n\n<p>Wie schwerwiegend die Unterschiede in der angenommenen und reellen Auslastung bzw. Kapazit\u00e4tsfaktoren sind und werden wird, macht die RethinkX-Report deutlich: Die in der Studie neu berechneten LCOE f\u00fcr Kohle lagen schon 2015 50% \u00fcber den von der EIA angenommenen, 2020 waren sie schon 3-mal h\u00f6her und bis 2030 werden die \u201erealen\u201c LCOE 9-mal h\u00f6her sein als von der EIA angegeben. \u00c4hnliches gilt f\u00fcr Erdgas und Atomenergien, hier liegen die Werte bei 60% (2020) und 5-mal (2030) bzw. 175% (2020) und 13-mal (2030). Der Bericht stellt fest: \u201eOhne entsprechende Anpassung werden unrealistische LCOE-Zahlen weiterhin zu \u00dcberinvestitionen in konventionellen Strom f\u00fchren.\u201c<\/p>\n\n\n\n<p>Die Autor*innen gehen sogar noch weiter: \u201c Die EIA, die IEA und andere Analysten spielen eine entscheidende Rolle bei der Fehlbewertung der Wirtschaftlichkeit konventioneller Energieanlagen, die der Rolle entspricht, die die Rating-Agenturen bei der Fehlbewertung von Subprime-Hypothekenanlagen gespielt haben, die zur Immobilienblase und globalen Finanzkrise im Jahr 2007 gef\u00fchrt haben.\u201c Diese Entwicklungen k\u00f6nnen also zu einer \u00e4hnlich verheerenden Finanz- und darauffolgenden globalen Wirtschaftskrise f\u00fchren wie im Jahre 2009, mit all den miteinhergehenden dramatischen Folgen.<\/p>\n\n\n\n<p>Besagte Studie bezieht sich vor allem auf die USA, aber diese Annahmen treffen \u00e4hnlich auch auf Deutschland und den Rest der Welt zu. Nach ersten Berechnungen der Energy Watch Group lagen bspw. die LCOE der deutschen fossilen Kraftwerke im Jahr 2018 bei 73,5\u20ac (Erdgas), 72\u20ac (Steinkohle) und 41\u20ac (Braunkohle) pro Megawattstunde bei einem Kapazit\u00e4tsfaktor von 32%, 35% und 77%. N\u00e4hme man jetzt noch einen CO2-Preis von 50\u20ac pro Tonne an, dann l\u00e4gen die Kosten schon bei 90,5\u20ac, 122\u20ac und 101\u20ac, die s.g. LSCOE (levelized social costs of energy). Im Falle eines Preises auf Methan l\u00e4ge Erdgas sogar noch weit \u00fcber 90\u20ac. Wenn man damit vergleicht, dass die LCOE von Windkraft und Solaranlagen schon heute deutlich unter 50\u20ac liegen, dann kann man ahnen wohin die jetzigen Investitionen und Subventionen z.B. in neue Erdgaskraftwerke f\u00fchren wird.<\/p>\n\n\n\n<p>Fazit: Insbesondere heutige wie erst recht neue Investitionen in Stromerzeugung aus Erdgas, Kohle und Atomkraft f\u00fchren noch in diesem Jahrzehnt zu vielen Insolvenzen der Betreiber. Gleichzeitig werden Milliarden an Steuergelder verschwendet, mit welchen selbst heute noch diese Investitionen subventioniert werden.<\/p>\n\n\n\n<p>Das Schlimmste ist: Die Erd\u00fcberhitzung wird so noch weiter angefacht und gleichzeitig f\u00fchrt dies schnurstracks in eine globale Finanz- und Wirtschaftskrise, die wom\u00f6glich heftiger ausfallen wird als die durch die Lehman-Pleite ausgel\u00f6ste in 2009.<\/p>\n\n\n\n<p>Verantwortungsvolle Analyst*innen m\u00fcssten dies l\u00e4ngst erkennen, um Politiker zu warnen. Ausweg w\u00e4re eine klare politische Agenda f\u00fcr 100% Erneuerbare Energien bis 2030. Doch die fossile und atomare Wirtschaft verschlie\u00dft hiervor einfach die Augen und will es mit dem Festhalten an ihre alten Wirtschaftsmodelle nicht erkennen, genauso wie gro\u00dfe Teile der Politik. So bleibt bei weiterer fehlender Umkehr in eine Politik f\u00fcr 100% Erneuerbare Energien nur der drohende Untergang der menschlichen Zivilisation durch eine unertr\u00e4gliche Temperatur auf dem Planeten, gepaart mit einer katastrophalen Weltwirtschaftskrise.<\/p>\n\n\n<h5 class=\"green\">Quelle<\/h5>\r\n\n\n\n<p><a href=\"http:\/\/www.hans-josef-fell.de\" target=\"_blank\" rel=\"noreferrer noopener\">Hans-Josef Fell 2021<\/a> |\u00a0<a href=\"http:\/\/energywatchgroup.org\/\" target=\"_blank\" rel=\"noreferrer noopener\">Pr\u00e4sident der Energy Watch Group (EWG) und Autor des EEG<\/a><\/p>\n<div class=\"shariff shariff-align-flex-start shariff-widget-align-flex-start\"><div class=\"ShariffHeadline\">Diese Meldung teilen<\/div><ul class=\"shariff-buttons theme-round orientation-horizontal buttonsize-medium\"><li class=\"shariff-button facebook shariff-nocustomcolor\" style=\"background-color:#4273c8;border-radius:1%\"><a href=\"https:\/\/www.facebook.com\/sharer\/sharer.php?u=https%3A%2F%2Fwww.sonnenseite.com%2Fde%2Fpolitik%2Fwer-blockiert-warum-die-energiewende%2F\" title=\"Bei Facebook teilen\" aria-label=\"Bei Facebook teilen\" role=\"button\" rel=\"nofollow\" class=\"shariff-link\" style=\";border-radius:1%; background-color:#3b5998; color:#fff\" target=\"_blank\"><span class=\"shariff-icon\" style=\"\"><svg width=\"32px\" height=\"20px\" xmlns=\"http:\/\/www.w3.org\/2000\/svg\" viewBox=\"0 0 18 32\"><path fill=\"#3b5998\" d=\"M17.1 0.2v4.7h-2.8q-1.5 0-2.1 0.6t-0.5 1.9v3.4h5.2l-0.7 5.3h-4.5v13.6h-5.5v-13.6h-4.5v-5.3h4.5v-3.9q0-3.3 1.9-5.2t5-1.8q2.6 0 4.1 0.2z\"\/><\/svg><\/span><\/a><\/li><li class=\"shariff-button twitter shariff-nocustomcolor\" style=\"background-color:#595959;border-radius:1%\"><a href=\"https:\/\/twitter.com\/share?url=https%3A%2F%2Fwww.sonnenseite.com%2Fde%2Fpolitik%2Fwer-blockiert-warum-die-energiewende%2F&text=Wer%20blockiert%20warum%20die%20Energiewende%3F\" title=\"Bei X teilen\" aria-label=\"Bei X teilen\" role=\"button\" rel=\"noopener nofollow\" class=\"shariff-link\" style=\";border-radius:1%; background-color:#000; color:#fff\" target=\"_blank\"><span class=\"shariff-icon\" style=\"\"><svg width=\"32px\" height=\"20px\" xmlns=\"http:\/\/www.w3.org\/2000\/svg\" viewBox=\"0 0 24 24\"><path fill=\"#000\" d=\"M14.258 10.152L23.176 0h-2.113l-7.747 8.813L7.133 0H0l9.352 13.328L0 23.973h2.113l8.176-9.309 6.531 9.309h7.133zm-2.895 3.293l-.949-1.328L2.875 1.56h3.246l6.086 8.523.945 1.328 7.91 11.078h-3.246zm0 0\"\/><\/svg><\/span><\/a><\/li><li class=\"shariff-button xing shariff-nocustomcolor\" style=\"background-color:#29888a;border-radius:1%\"><a href=\"https:\/\/www.xing.com\/spi\/shares\/new?url=https%3A%2F%2Fwww.sonnenseite.com%2Fde%2Fpolitik%2Fwer-blockiert-warum-die-energiewende%2F\" title=\"Bei XING teilen\" aria-label=\"Bei XING teilen\" role=\"button\" rel=\"noopener nofollow\" class=\"shariff-link\" style=\";border-radius:1%; background-color:#126567; color:#fff\" target=\"_blank\"><span class=\"shariff-icon\" style=\"\"><svg width=\"32px\" height=\"20px\" xmlns=\"http:\/\/www.w3.org\/2000\/svg\" viewBox=\"0 0 25 32\"><path fill=\"#126567\" d=\"M10.7 11.9q-0.2 0.3-4.6 8.2-0.5 0.8-1.2 0.8h-4.3q-0.4 0-0.5-0.3t0-0.6l4.5-8q0 0 0 0l-2.9-5q-0.2-0.4 0-0.7 0.2-0.3 0.5-0.3h4.3q0.7 0 1.2 0.8zM25.1 0.4q0.2 0.3 0 0.7l-9.4 16.7 6 11q0.2 0.4 0 0.6-0.2 0.3-0.6 0.3h-4.3q-0.7 0-1.2-0.8l-6-11.1q0.3-0.6 9.5-16.8 0.4-0.8 1.2-0.8h4.3q0.4 0 0.5 0.3z\"\/><\/svg><\/span><\/a><\/li><li class=\"shariff-button linkedin shariff-nocustomcolor\" style=\"background-color:#1488bf;border-radius:1%\"><a href=\"https:\/\/www.linkedin.com\/sharing\/share-offsite\/?url=https%3A%2F%2Fwww.sonnenseite.com%2Fde%2Fpolitik%2Fwer-blockiert-warum-die-energiewende%2F\" title=\"Bei LinkedIn teilen\" aria-label=\"Bei LinkedIn teilen\" role=\"button\" rel=\"noopener nofollow\" class=\"shariff-link\" style=\";border-radius:1%; background-color:#0077b5; color:#fff\" target=\"_blank\"><span class=\"shariff-icon\" style=\"\"><svg width=\"32px\" height=\"20px\" xmlns=\"http:\/\/www.w3.org\/2000\/svg\" viewBox=\"0 0 27 32\"><path fill=\"#0077b5\" d=\"M6.2 11.2v17.7h-5.9v-17.7h5.9zM6.6 5.7q0 1.3-0.9 2.2t-2.4 0.9h0q-1.5 0-2.4-0.9t-0.9-2.2 0.9-2.2 2.4-0.9 2.4 0.9 0.9 2.2zM27.4 18.7v10.1h-5.9v-9.5q0-1.9-0.7-2.9t-2.3-1.1q-1.1 0-1.9 0.6t-1.2 1.5q-0.2 0.5-0.2 1.4v9.9h-5.9q0-7.1 0-11.6t0-5.3l0-0.9h5.9v2.6h0q0.4-0.6 0.7-1t1-0.9 1.6-0.8 2-0.3q3 0 4.9 2t1.9 6z\"\/><\/svg><\/span><\/a><\/li><li class=\"shariff-button printer shariff-nocustomcolor\" style=\"background-color:#a8a8a8;border-radius:1%\"><a href=\"javascript:window.print()\" title=\"drucken\" aria-label=\"drucken\" role=\"button\" rel=\"noopener nofollow\" class=\"shariff-link\" style=\";border-radius:1%; background-color:#999; color:#fff\"><span class=\"shariff-icon\" style=\"\"><svg width=\"32px\" height=\"20px\" xmlns=\"http:\/\/www.w3.org\/2000\/svg\" viewBox=\"0 0 30 32\"><path fill=\"#999\" d=\"M6.8 27.4h16v-4.6h-16v4.6zM6.8 16h16v-6.8h-2.8q-0.7 0-1.2-0.5t-0.5-1.2v-2.8h-11.4v11.4zM27.4 17.2q0-0.5-0.3-0.8t-0.8-0.4-0.8 0.4-0.3 0.8 0.3 0.8 0.8 0.3 0.8-0.3 0.3-0.8zM29.7 17.2v7.4q0 0.2-0.2 0.4t-0.4 0.2h-4v2.8q0 0.7-0.5 1.2t-1.2 0.5h-17.2q-0.7 0-1.2-0.5t-0.5-1.2v-2.8h-4q-0.2 0-0.4-0.2t-0.2-0.4v-7.4q0-1.4 1-2.4t2.4-1h1.2v-9.7q0-0.7 0.5-1.2t1.2-0.5h12q0.7 0 1.6 0.4t1.3 0.8l2.7 2.7q0.5 0.5 0.9 1.4t0.4 1.6v4.6h1.1q1.4 0 2.4 1t1 2.4z\"\/><\/svg><\/span><\/a><\/li><li class=\"shariff-button mailto shariff-nocustomcolor\" style=\"background-color:#a8a8a8;border-radius:1%\"><a href=\"mailto:?body=https%3A%2F%2Fwww.sonnenseite.com%2Fde%2Fpolitik%2Fwer-blockiert-warum-die-energiewende%2F&subject=Wer%20blockiert%20warum%20die%20Energiewende%3F\" title=\"Per E-Mail versenden\" aria-label=\"Per E-Mail versenden\" role=\"button\" rel=\"noopener nofollow\" class=\"shariff-link\" style=\";border-radius:1%; background-color:#999; color:#fff\"><span class=\"shariff-icon\" style=\"\"><svg width=\"32px\" height=\"20px\" xmlns=\"http:\/\/www.w3.org\/2000\/svg\" viewBox=\"0 0 32 32\"><path fill=\"#999\" d=\"M32 12.7v14.2q0 1.2-0.8 2t-2 0.9h-26.3q-1.2 0-2-0.9t-0.8-2v-14.2q0.8 0.9 1.8 1.6 6.5 4.4 8.9 6.1 1 0.8 1.6 1.2t1.7 0.9 2 0.4h0.1q0.9 0 2-0.4t1.7-0.9 1.6-1.2q3-2.2 8.9-6.1 1-0.7 1.8-1.6zM32 7.4q0 1.4-0.9 2.7t-2.2 2.2q-6.7 4.7-8.4 5.8-0.2 0.1-0.7 0.5t-1 0.7-0.9 0.6-1.1 0.5-0.9 0.2h-0.1q-0.4 0-0.9-0.2t-1.1-0.5-0.9-0.6-1-0.7-0.7-0.5q-1.6-1.1-4.7-3.2t-3.6-2.6q-1.1-0.7-2.1-2t-1-2.5q0-1.4 0.7-2.3t2.1-0.9h26.3q1.2 0 2 0.8t0.9 2z\"\/><\/svg><\/span><\/a><\/li><\/ul><\/div>","protected":false},"excerpt":{"rendered":"<p>Wie \u00f6konomische Falschannahmen die weltweite Energiewende blockieren und zur n\u00e4chsten globalen Finanzkrise f\u00fchren. Will man die [&hellip;]<\/p>\n","protected":false},"author":3,"featured_media":66034,"comment_status":"closed","ping_status":"closed","sticky":false,"template":"","format":"standard","meta":{"inline_featured_image":false,"footnotes":""},"categories":[21],"tags":[],"class_list":["post-69447","post","type-post","status-publish","format-standard","has-post-thumbnail","hentry","category-politik"],"yoast_head":"<!-- This site is optimized with the Yoast SEO plugin v26.5 - https:\/\/yoast.com\/wordpress\/plugins\/seo\/ -->\n<title>Wer blockiert warum die Energiewende? - Sonnenseite - \u00d6kologische Kommunikation mit Franz Alt<\/title>\n<meta name=\"description\" content=\"Wie \u00f6konomische Falschannahmen die weltweite Energiewende blockieren und zur n\u00e4chsten globalen Finanzkrise f\u00fchren. Will man die Kosten f\u00fcr verschiedene\" \/>\n<meta name=\"robots\" content=\"index, follow, max-snippet:-1, max-image-preview:large, max-video-preview:-1\" \/>\n<link rel=\"canonical\" href=\"https:\/\/www.sonnenseite.com\/de\/politik\/wer-blockiert-warum-die-energiewende\/\" \/>\n<meta property=\"og:locale\" content=\"de_DE\" \/>\n<meta property=\"og:type\" content=\"article\" \/>\n<meta property=\"og:title\" content=\"Wer blockiert warum die Energiewende? - Sonnenseite - \u00d6kologische Kommunikation mit Franz Alt\" \/>\n<meta property=\"og:description\" content=\"Wie \u00f6konomische Falschannahmen die weltweite Energiewende blockieren und zur n\u00e4chsten globalen Finanzkrise f\u00fchren. Will man die Kosten f\u00fcr verschiedene\" \/>\n<meta property=\"og:url\" content=\"https:\/\/www.sonnenseite.com\/de\/politik\/wer-blockiert-warum-die-energiewende\/\" \/>\n<meta property=\"og:site_name\" content=\"Sonnenseite\" \/>\n<meta property=\"article:publisher\" content=\"https:\/\/www.facebook.com\/pages\/Franz-Alt-SONNENSEITECOM\/221072987903953?fref=ts\" \/>\n<meta property=\"article:published_time\" content=\"2021-03-19T06:53:01+00:00\" \/>\n<meta property=\"article:modified_time\" content=\"2021-03-27T15:24:34+00:00\" \/>\n<meta property=\"og:image\" content=\"https:\/\/www.sonnenseite.com\/wp-content\/uploads\/2020\/12\/Solarzellen_pixbox77.jpg\" \/>\n\t<meta property=\"og:image:width\" content=\"770\" \/>\n\t<meta property=\"og:image:height\" content=\"420\" \/>\n\t<meta property=\"og:image:type\" content=\"image\/jpeg\" \/>\n<meta name=\"author\" content=\"Bigi Alt\" \/>\n<meta name=\"twitter:card\" content=\"summary_large_image\" \/>\n<meta name=\"twitter:creator\" content=\"@franzalt\" \/>\n<meta name=\"twitter:site\" content=\"@franzalt\" \/>\n<meta name=\"twitter:label1\" content=\"Verfasst von\" \/>\n\t<meta name=\"twitter:data1\" content=\"Bigi Alt\" \/>\n\t<meta name=\"twitter:label2\" content=\"Gesch\u00e4tzte Lesezeit\" \/>\n\t<meta name=\"twitter:data2\" content=\"5\u00a0Minuten\" \/>\n<script type=\"application\/ld+json\" class=\"yoast-schema-graph\">{\"@context\":\"https:\/\/schema.org\",\"@graph\":[{\"@type\":\"Article\",\"@id\":\"https:\/\/www.sonnenseite.com\/de\/politik\/wer-blockiert-warum-die-energiewende\/#article\",\"isPartOf\":{\"@id\":\"https:\/\/www.sonnenseite.com\/de\/politik\/wer-blockiert-warum-die-energiewende\/\"},\"author\":{\"name\":\"Bigi Alt\",\"@id\":\"https:\/\/www.sonnenseite.com\/de\/#\/schema\/person\/50fda0e926597684c7cc6695238a4eb9\"},\"headline\":\"Wer blockiert warum die Energiewende?\",\"datePublished\":\"2021-03-19T06:53:01+00:00\",\"dateModified\":\"2021-03-27T15:24:34+00:00\",\"mainEntityOfPage\":{\"@id\":\"https:\/\/www.sonnenseite.com\/de\/politik\/wer-blockiert-warum-die-energiewende\/\"},\"wordCount\":1138,\"publisher\":{\"@id\":\"https:\/\/www.sonnenseite.com\/de\/#organization\"},\"image\":{\"@id\":\"https:\/\/www.sonnenseite.com\/de\/politik\/wer-blockiert-warum-die-energiewende\/#primaryimage\"},\"thumbnailUrl\":\"https:\/\/www.sonnenseite.com\/wp-content\/uploads\/2020\/12\/Solarzellen_pixbox77.jpg\",\"articleSection\":[\"Politik\"],\"inLanguage\":\"de\"},{\"@type\":\"WebPage\",\"@id\":\"https:\/\/www.sonnenseite.com\/de\/politik\/wer-blockiert-warum-die-energiewende\/\",\"url\":\"https:\/\/www.sonnenseite.com\/de\/politik\/wer-blockiert-warum-die-energiewende\/\",\"name\":\"Wer blockiert warum die Energiewende? - Sonnenseite - \u00d6kologische Kommunikation mit Franz Alt\",\"isPartOf\":{\"@id\":\"https:\/\/www.sonnenseite.com\/de\/#website\"},\"primaryImageOfPage\":{\"@id\":\"https:\/\/www.sonnenseite.com\/de\/politik\/wer-blockiert-warum-die-energiewende\/#primaryimage\"},\"image\":{\"@id\":\"https:\/\/www.sonnenseite.com\/de\/politik\/wer-blockiert-warum-die-energiewende\/#primaryimage\"},\"thumbnailUrl\":\"https:\/\/www.sonnenseite.com\/wp-content\/uploads\/2020\/12\/Solarzellen_pixbox77.jpg\",\"datePublished\":\"2021-03-19T06:53:01+00:00\",\"dateModified\":\"2021-03-27T15:24:34+00:00\",\"description\":\"Wie \u00f6konomische Falschannahmen die weltweite Energiewende blockieren und zur n\u00e4chsten globalen Finanzkrise f\u00fchren. Will man die Kosten f\u00fcr verschiedene\",\"breadcrumb\":{\"@id\":\"https:\/\/www.sonnenseite.com\/de\/politik\/wer-blockiert-warum-die-energiewende\/#breadcrumb\"},\"inLanguage\":\"de\",\"potentialAction\":[{\"@type\":\"ReadAction\",\"target\":[\"https:\/\/www.sonnenseite.com\/de\/politik\/wer-blockiert-warum-die-energiewende\/\"]}]},{\"@type\":\"ImageObject\",\"inLanguage\":\"de\",\"@id\":\"https:\/\/www.sonnenseite.com\/de\/politik\/wer-blockiert-warum-die-energiewende\/#primaryimage\",\"url\":\"https:\/\/www.sonnenseite.com\/wp-content\/uploads\/2020\/12\/Solarzellen_pixbox77.jpg\",\"contentUrl\":\"https:\/\/www.sonnenseite.com\/wp-content\/uploads\/2020\/12\/Solarzellen_pixbox77.jpg\",\"width\":770,\"height\":420,\"caption\":\"Depositphotos.com | pixbox77\"},{\"@type\":\"BreadcrumbList\",\"@id\":\"https:\/\/www.sonnenseite.com\/de\/politik\/wer-blockiert-warum-die-energiewende\/#breadcrumb\",\"itemListElement\":[{\"@type\":\"ListItem\",\"position\":1,\"name\":\"Startseite\",\"item\":\"https:\/\/www.sonnenseite.com\/de\/\"},{\"@type\":\"ListItem\",\"position\":2,\"name\":\"Wer blockiert warum die Energiewende?\"}]},{\"@type\":\"WebSite\",\"@id\":\"https:\/\/www.sonnenseite.com\/de\/#website\",\"url\":\"https:\/\/www.sonnenseite.com\/de\/\",\"name\":\"Sonnenseite\",\"description\":\"\u00d6kologische Kommunikation mit Franz Alt\",\"publisher\":{\"@id\":\"https:\/\/www.sonnenseite.com\/de\/#organization\"},\"potentialAction\":[{\"@type\":\"SearchAction\",\"target\":{\"@type\":\"EntryPoint\",\"urlTemplate\":\"https:\/\/www.sonnenseite.com\/de\/?s={search_term_string}\"},\"query-input\":{\"@type\":\"PropertyValueSpecification\",\"valueRequired\":true,\"valueName\":\"search_term_string\"}}],\"inLanguage\":\"de\"},{\"@type\":\"Organization\",\"@id\":\"https:\/\/www.sonnenseite.com\/de\/#organization\",\"name\":\"Sonnenseite\",\"url\":\"https:\/\/www.sonnenseite.com\/de\/\",\"logo\":{\"@type\":\"ImageObject\",\"inLanguage\":\"de\",\"@id\":\"https:\/\/www.sonnenseite.com\/de\/#\/schema\/logo\/image\/\",\"url\":\"https:\/\/www.sonnenseite.com\/wp-content\/uploads\/2020\/05\/Sonnenseite_Logo.png\",\"contentUrl\":\"https:\/\/www.sonnenseite.com\/wp-content\/uploads\/2020\/05\/Sonnenseite_Logo.png\",\"width\":377,\"height\":90,\"caption\":\"Sonnenseite\"},\"image\":{\"@id\":\"https:\/\/www.sonnenseite.com\/de\/#\/schema\/logo\/image\/\"},\"sameAs\":[\"https:\/\/www.facebook.com\/pages\/Franz-Alt-SONNENSEITECOM\/221072987903953?fref=ts\",\"https:\/\/x.com\/franzalt\",\"http:\/\/www.youtube.com\/results?search_query&amp;amp;quot;franz_alt&amp;amp;quot;&amp;amp;amp;amp;search_type&amp;amp;amp;amp;aq=f\"]},{\"@type\":\"Person\",\"@id\":\"https:\/\/www.sonnenseite.com\/de\/#\/schema\/person\/50fda0e926597684c7cc6695238a4eb9\",\"name\":\"Bigi Alt\"}]}<\/script>\n<!-- \/ Yoast SEO plugin. -->","yoast_head_json":{"title":"Wer blockiert warum die Energiewende? - Sonnenseite - \u00d6kologische Kommunikation mit Franz Alt","description":"Wie \u00f6konomische Falschannahmen die weltweite Energiewende blockieren und zur n\u00e4chsten globalen Finanzkrise f\u00fchren. Will man die Kosten f\u00fcr verschiedene","robots":{"index":"index","follow":"follow","max-snippet":"max-snippet:-1","max-image-preview":"max-image-preview:large","max-video-preview":"max-video-preview:-1"},"canonical":"https:\/\/www.sonnenseite.com\/de\/politik\/wer-blockiert-warum-die-energiewende\/","og_locale":"de_DE","og_type":"article","og_title":"Wer blockiert warum die Energiewende? - Sonnenseite - \u00d6kologische Kommunikation mit Franz Alt","og_description":"Wie \u00f6konomische Falschannahmen die weltweite Energiewende blockieren und zur n\u00e4chsten globalen Finanzkrise f\u00fchren. Will man die Kosten f\u00fcr verschiedene","og_url":"https:\/\/www.sonnenseite.com\/de\/politik\/wer-blockiert-warum-die-energiewende\/","og_site_name":"Sonnenseite","article_publisher":"https:\/\/www.facebook.com\/pages\/Franz-Alt-SONNENSEITECOM\/221072987903953?fref=ts","article_published_time":"2021-03-19T06:53:01+00:00","article_modified_time":"2021-03-27T15:24:34+00:00","og_image":[{"width":770,"height":420,"url":"https:\/\/www.sonnenseite.com\/wp-content\/uploads\/2020\/12\/Solarzellen_pixbox77.jpg","type":"image\/jpeg"}],"author":"Bigi Alt","twitter_card":"summary_large_image","twitter_creator":"@franzalt","twitter_site":"@franzalt","twitter_misc":{"Verfasst von":"Bigi Alt","Gesch\u00e4tzte Lesezeit":"5\u00a0Minuten"},"schema":{"@context":"https:\/\/schema.org","@graph":[{"@type":"Article","@id":"https:\/\/www.sonnenseite.com\/de\/politik\/wer-blockiert-warum-die-energiewende\/#article","isPartOf":{"@id":"https:\/\/www.sonnenseite.com\/de\/politik\/wer-blockiert-warum-die-energiewende\/"},"author":{"name":"Bigi Alt","@id":"https:\/\/www.sonnenseite.com\/de\/#\/schema\/person\/50fda0e926597684c7cc6695238a4eb9"},"headline":"Wer blockiert warum die Energiewende?","datePublished":"2021-03-19T06:53:01+00:00","dateModified":"2021-03-27T15:24:34+00:00","mainEntityOfPage":{"@id":"https:\/\/www.sonnenseite.com\/de\/politik\/wer-blockiert-warum-die-energiewende\/"},"wordCount":1138,"publisher":{"@id":"https:\/\/www.sonnenseite.com\/de\/#organization"},"image":{"@id":"https:\/\/www.sonnenseite.com\/de\/politik\/wer-blockiert-warum-die-energiewende\/#primaryimage"},"thumbnailUrl":"https:\/\/www.sonnenseite.com\/wp-content\/uploads\/2020\/12\/Solarzellen_pixbox77.jpg","articleSection":["Politik"],"inLanguage":"de"},{"@type":"WebPage","@id":"https:\/\/www.sonnenseite.com\/de\/politik\/wer-blockiert-warum-die-energiewende\/","url":"https:\/\/www.sonnenseite.com\/de\/politik\/wer-blockiert-warum-die-energiewende\/","name":"Wer blockiert warum die Energiewende? - Sonnenseite - \u00d6kologische Kommunikation mit Franz Alt","isPartOf":{"@id":"https:\/\/www.sonnenseite.com\/de\/#website"},"primaryImageOfPage":{"@id":"https:\/\/www.sonnenseite.com\/de\/politik\/wer-blockiert-warum-die-energiewende\/#primaryimage"},"image":{"@id":"https:\/\/www.sonnenseite.com\/de\/politik\/wer-blockiert-warum-die-energiewende\/#primaryimage"},"thumbnailUrl":"https:\/\/www.sonnenseite.com\/wp-content\/uploads\/2020\/12\/Solarzellen_pixbox77.jpg","datePublished":"2021-03-19T06:53:01+00:00","dateModified":"2021-03-27T15:24:34+00:00","description":"Wie \u00f6konomische Falschannahmen die weltweite Energiewende blockieren und zur n\u00e4chsten globalen Finanzkrise f\u00fchren. Will man die Kosten f\u00fcr verschiedene","breadcrumb":{"@id":"https:\/\/www.sonnenseite.com\/de\/politik\/wer-blockiert-warum-die-energiewende\/#breadcrumb"},"inLanguage":"de","potentialAction":[{"@type":"ReadAction","target":["https:\/\/www.sonnenseite.com\/de\/politik\/wer-blockiert-warum-die-energiewende\/"]}]},{"@type":"ImageObject","inLanguage":"de","@id":"https:\/\/www.sonnenseite.com\/de\/politik\/wer-blockiert-warum-die-energiewende\/#primaryimage","url":"https:\/\/www.sonnenseite.com\/wp-content\/uploads\/2020\/12\/Solarzellen_pixbox77.jpg","contentUrl":"https:\/\/www.sonnenseite.com\/wp-content\/uploads\/2020\/12\/Solarzellen_pixbox77.jpg","width":770,"height":420,"caption":"Depositphotos.com | pixbox77"},{"@type":"BreadcrumbList","@id":"https:\/\/www.sonnenseite.com\/de\/politik\/wer-blockiert-warum-die-energiewende\/#breadcrumb","itemListElement":[{"@type":"ListItem","position":1,"name":"Startseite","item":"https:\/\/www.sonnenseite.com\/de\/"},{"@type":"ListItem","position":2,"name":"Wer blockiert warum die Energiewende?"}]},{"@type":"WebSite","@id":"https:\/\/www.sonnenseite.com\/de\/#website","url":"https:\/\/www.sonnenseite.com\/de\/","name":"Sonnenseite","description":"\u00d6kologische Kommunikation mit Franz Alt","publisher":{"@id":"https:\/\/www.sonnenseite.com\/de\/#organization"},"potentialAction":[{"@type":"SearchAction","target":{"@type":"EntryPoint","urlTemplate":"https:\/\/www.sonnenseite.com\/de\/?s={search_term_string}"},"query-input":{"@type":"PropertyValueSpecification","valueRequired":true,"valueName":"search_term_string"}}],"inLanguage":"de"},{"@type":"Organization","@id":"https:\/\/www.sonnenseite.com\/de\/#organization","name":"Sonnenseite","url":"https:\/\/www.sonnenseite.com\/de\/","logo":{"@type":"ImageObject","inLanguage":"de","@id":"https:\/\/www.sonnenseite.com\/de\/#\/schema\/logo\/image\/","url":"https:\/\/www.sonnenseite.com\/wp-content\/uploads\/2020\/05\/Sonnenseite_Logo.png","contentUrl":"https:\/\/www.sonnenseite.com\/wp-content\/uploads\/2020\/05\/Sonnenseite_Logo.png","width":377,"height":90,"caption":"Sonnenseite"},"image":{"@id":"https:\/\/www.sonnenseite.com\/de\/#\/schema\/logo\/image\/"},"sameAs":["https:\/\/www.facebook.com\/pages\/Franz-Alt-SONNENSEITECOM\/221072987903953?fref=ts","https:\/\/x.com\/franzalt","http:\/\/www.youtube.com\/results?search_query&amp;amp;quot;franz_alt&amp;amp;quot;&amp;amp;amp;amp;search_type&amp;amp;amp;amp;aq=f"]},{"@type":"Person","@id":"https:\/\/www.sonnenseite.com\/de\/#\/schema\/person\/50fda0e926597684c7cc6695238a4eb9","name":"Bigi Alt"}]}},"_links":{"self":[{"href":"https:\/\/www.sonnenseite.com\/de\/wp-json\/wp\/v2\/posts\/69447","targetHints":{"allow":["GET"]}}],"collection":[{"href":"https:\/\/www.sonnenseite.com\/de\/wp-json\/wp\/v2\/posts"}],"about":[{"href":"https:\/\/www.sonnenseite.com\/de\/wp-json\/wp\/v2\/types\/post"}],"author":[{"embeddable":true,"href":"https:\/\/www.sonnenseite.com\/de\/wp-json\/wp\/v2\/users\/3"}],"replies":[{"embeddable":true,"href":"https:\/\/www.sonnenseite.com\/de\/wp-json\/wp\/v2\/comments?post=69447"}],"version-history":[{"count":1,"href":"https:\/\/www.sonnenseite.com\/de\/wp-json\/wp\/v2\/posts\/69447\/revisions"}],"predecessor-version":[{"id":69448,"href":"https:\/\/www.sonnenseite.com\/de\/wp-json\/wp\/v2\/posts\/69447\/revisions\/69448"}],"wp:featuredmedia":[{"embeddable":true,"href":"https:\/\/www.sonnenseite.com\/de\/wp-json\/wp\/v2\/media\/66034"}],"wp:attachment":[{"href":"https:\/\/www.sonnenseite.com\/de\/wp-json\/wp\/v2\/media?parent=69447"}],"wp:term":[{"taxonomy":"category","embeddable":true,"href":"https:\/\/www.sonnenseite.com\/de\/wp-json\/wp\/v2\/categories?post=69447"},{"taxonomy":"post_tag","embeddable":true,"href":"https:\/\/www.sonnenseite.com\/de\/wp-json\/wp\/v2\/tags?post=69447"}],"curies":[{"name":"wp","href":"https:\/\/api.w.org\/{rel}","templated":true}]}}