{"id":69519,"date":"2021-03-21T09:08:13","date_gmt":"2021-03-21T08:08:13","guid":{"rendered":"https:\/\/www.sonnenseite.com\/?p=69519"},"modified":"2021-03-27T16:49:39","modified_gmt":"2021-03-27T15:49:39","slug":"studie-zum-wirtschaftsrat-der-cdu","status":"publish","type":"post","link":"https:\/\/www.sonnenseite.com\/de\/politik\/studie-zum-wirtschaftsrat-der-cdu\/","title":{"rendered":"Studie zum Wirtschaftsrat der CDU"},"content":{"rendered":"\n<p>Die Klimabremser im Lobbyisten-Sixpack <\/p>\n\n\n\n<p>Ein Ex-Abgeordneter der Unionsfraktion, der sich mit Maskengesch\u00e4ften bereichert haben soll, taucht auch im Dunstkreis des Wirtschaftsrates der CDU und dort versammelter Klimaschutzgegner auf. Kein reiner Zufall, legt eine Analyse von Lobbycontrol nahe.<\/p>\n\n\n\n<p>Zwischen Augsburg und Ulm l\u00e4uft derzeit noch der letzte Block des Atomkraftwerks Gundremmingen. Ende des Jahres soll f\u00fcr <a href=\"https:\/\/de.wikipedia.org\/wiki\/Kernkraftwerk_Gundremmingen#Bl%C3%B6cke_B_und_C\" target=\"_blank\" rel=\"noreferrer noopener\">Block&nbsp;C<\/a> Schluss sein. Gleichzeitig entsteht an dem AKW-Standort das vermutlich gr\u00f6\u00dfte deutsche Atomm\u00fcll-Lager. Gegen dieses k\u00e4mpft <a href=\"https:\/\/atommuell-lager.de\/\" target=\"_blank\" rel=\"noreferrer noopener\">eine B\u00fcrgerinitiative<\/a> mit dem l\u00e4nglichen Namen &#8222;Forum Gemeinsam gegen das Zwischenlager und f\u00fcr eine verantwortbare Energiepolitik&#8220;.<\/p>\n\n\n\n<p>Anfang des Monats schickte der Vereinsvorsitzende <a href=\"https:\/\/de.wikipedia.org\/wiki\/Raimund_Kamm\" target=\"_blank\" rel=\"noreferrer noopener\">Raimund Kamm<\/a> eine Mitteilung in die Welt, die auf den ersten Blick mit Atomenergie nicht so viel zu tun hatte. Anlass war der sich <a href=\"https:\/\/www.br.de\/nachrichten\/deutschland-welt\/sauter-und-nuesslein-das-geflecht-hinter-der-maskenaffaere,SRwMXF9\" target=\"_blank\" rel=\"noreferrer noopener\">ausweitende Skandal<\/a> um den Bundestagsabgeordneten <a href=\"https:\/\/de.wikipedia.org\/wiki\/Georg_N%C3%BC%C3%9Flein\" target=\"_blank\" rel=\"noreferrer noopener\">Georg N\u00fc\u00dflein<\/a>, der sich mutma\u00dflich in der Masken-Aff\u00e4re bereichert hat und vergangene Woche aus der CSU ausgetreten ist.<\/p>\n\n\n\n<p>Das Wahlkreisb\u00fcro von N\u00fc\u00dflein in G\u00fcnzburg ist nur ein paar Kilometer von Gundremmingen entfernt. Und nicht nur r\u00e4umlich stand N\u00fc\u00dflein der Atomkraft nahe. Bis zur Fukushima-Katastrophe war der damalige CSUler, wie &#8222;Forum&#8220;-Vorstand Kamm mitteilt, ein &#8222;hartn\u00e4ckiger Verfechter&#8220; der AKW-Laufzeitverl\u00e4ngerung und setzte sich f\u00fcr Deutschlands gr\u00f6\u00dftes und gef\u00e4hrlichstes Kernkraftwerk ein, eben das AKW Gundremmingen.<\/p>\n\n\n\n<p>Und auch als sich nach Fukushima die Union von der Atomkraft abwandte, <a href=\"http:\/\/www.klimaretter.info\/energie\/nachricht\/20763-solarausbau-weiter-eingebrochen\" target=\"_blank\" rel=\"noreferrer noopener\">blockierte<\/a> N\u00fc\u00dflein als &#8222;Teil des einflussreichen Sixpacks der Energiewende-Stopper von Unionspolitikern&#8220; den Ausbau von Photovoltaik und Windkraft, beklagt Raimund Kamm.<\/p>\n\n\n\n<p>Namentlich listet er gegen\u00fcber der Presse auch die f\u00fcnf weiteren Mitglieder des von ihm geschn\u00fcrten &#8222;Sixpacks&#8220; auf: Peter Altmaier, Thomas Barei\u00df, Jens Koeppen, Carsten Linnemann und Joachim Pfeiffer, im Originaltext mit abgek\u00fcrztem Vornamen.<\/p>\n\n\n\n<h5 class=\"wp-block-heading\">Exklusive Runden mit Industrie-Spitzen<\/h5>\n\n\n\n<p>Raimund Kamm, das muss man wissen, ist nicht nur bundesweit als Atomkritiker und Umweltsch\u00fctzer bekannt, er ist auch einer der <a href=\"https:\/\/www.lee-bayern.de\/ueber-uns\/sprecher.php\" target=\"_blank\" rel=\"noreferrer noopener\">Sprecher des LEE Bayern<\/a>, des Landesverbands der erneuerbaren Energien, und war zudem eine Zeitlang im Bundesvorstand des Windenergieverbandes BWE.<\/p>\n\n\n\n<p>Kamm, so darf man vermuten, kennt diejenigen, die der Energiewende Riesensteine in den Weg legen, ziemlich genau. Da ist es kein Wunder, dass vier der sechs aus dem &#8222;Sixpack&#8220; auch in einem <a href=\"https:\/\/www.lobbycontrol.de\/2021\/03\/neue-studie-die-klimabremser-lobby-im-machtzentrum-der-cdu\/\" target=\"_blank\" rel=\"noreferrer noopener\">Bericht zum &#8222;Wirtschaftsrat der CDU&#8220;<\/a> auftauchen, den die Organisation Lobbycontrol diese Woche vorgelegt hat.<\/p>\n\n\n\n<p>Zu regelm\u00e4\u00dfigen G\u00e4sten in den <a href=\"https:\/\/de.wikipedia.org\/wiki\/Wirtschaftsrat_der_CDU\" target=\"_blank\" rel=\"noreferrer noopener\">exklusiven Runden<\/a> des Wirtschaftsrates z\u00e4hlt die Studie namentlich <a href=\"https:\/\/de.wikipedia.org\/wiki\/Carsten_Linnemann\" target=\"_blank\" rel=\"noreferrer noopener\">Carsten Linnemann<\/a>, CDU-Abgeordneter und einflussreicher Chef der Mittelstands- und Wirtschaftsvereinigung der Unionsparteien. Weiter nennt das Papier Thomas Barei\u00df, Staatssekret\u00e4r im Bundeswirtschaftsministerium, sowie auch Bundeswirtschaftsminister <a href=\"https:\/\/www.klimareporter.de\/tag\/altmaier\" target=\"_blank\" rel=\"noreferrer noopener\">Peter Altmaier<\/a> selbst.<\/p>\n\n\n\n<p><a href=\"https:\/\/de.wikipedia.org\/wiki\/Jens_Koeppen\" target=\"_blank\" rel=\"noreferrer noopener\">Jens Koeppen<\/a> wird in dem Report zwar nicht namentlich genannt, der <a href=\"https:\/\/www.wirtschaftsrat.de\/wirtschaftsrat.nsf\/id\/24E16E1F68BB69F8C12585850047CC3A\" target=\"_blank\" rel=\"noreferrer noopener\">Wirtschaftsrat r\u00fchmte sich<\/a> aber im Juni letzten Jahres, mit dem CDU-Abgeordneten im &#8222;exklusiven Austausch&#8220; gestanden zu haben, unter anderem \u00fcber <a href=\"https:\/\/www.klimareporter.de\/strom\/wasserstoff-wird-etwas-gruener\" target=\"_blank\" rel=\"noreferrer noopener\">die Wasserstoffstrategie<\/a> der Bundesregierung und die Zukunft <a href=\"https:\/\/www.klimareporter.de\/tag\/eeg-umlage\" target=\"_blank\" rel=\"noreferrer noopener\">der EEG-Umlage<\/a> zur F\u00f6rderung erneuerbarer Energien.<\/p>\n\n\n\n<p>Vor seinem Fall z\u00e4hlte auch Georg N\u00fc\u00dflein zu den Abgeordneten, mit denen sich der Wirtschaftsrat der CDU gern schm\u00fcckte. Der Wirtschaftsrat freute sich, <a href=\"https:\/\/www.wirtschaftsrat.de\/wirtschaftsrat.nsf\/id\/17-klausurtagung-energie-und-umweltpolitik-de\" target=\"_blank\" rel=\"noreferrer noopener\">wie er stolz mitteilte<\/a>, dass sich im M\u00e4rz 2019 die &#8222;Spitzen der nationalen und europ\u00e4ischen Industrie und Energiewirtschaft&#8220; bei einer &#8222;exklusiven Tagung&#8220; im Berliner Hotel Adlon ganzt\u00e4gig und nicht\u00f6ffentlich zu &#8222;strategischen Leitlinien der Energie- und Industriepolitik&#8220; berieten \u2013 und mit von Partie eben auch N\u00fc\u00dflein, <a href=\"https:\/\/www.klimareporter.de\/deutschland\/union-gegen-co2-steuer\" target=\"_blank\" rel=\"noreferrer noopener\">damals noch<\/a> Unions-Fraktionsvize im Bundestag.<\/p>\n\n\n\n<p><a href=\"https:\/\/www.klimareporter.de\/finanzen-wirtschaft\/klimabremser-im-lobbyisten-sixpack\">Hier k\u00f6nnen Sie den Bericht weiterlesen<\/a><\/p>\n\n\n<h5 class=\"green\">Quelle<\/h5>\r\n\n\n\n<p>Der Bericht wurde von der\u00a0<a href=\"https:\/\/www.klimareporter.de\/finanzen-wirtschaft\/klimabremser-im-lobbyisten-sixpack\">Redaktion \u201eklimareporter.de\u201c (J\u00f6rg Staude) 2021\u00a0verfasst<\/a> &#8211; der Artikel darf nicht ohne Genehmigung\u00a0(<a href=\"mailto:post@klimareporter.de\">post@klimareporter.de<\/a>) weiterverbreitet werden!\u00a0<\/p>\n<div class=\"shariff shariff-align-flex-start shariff-widget-align-flex-start\"><div class=\"ShariffHeadline\">Diese Meldung teilen<\/div><ul class=\"shariff-buttons theme-round orientation-horizontal buttonsize-medium\"><li class=\"shariff-button facebook shariff-nocustomcolor\" style=\"background-color:#4273c8;border-radius:1%\"><a href=\"https:\/\/www.facebook.com\/sharer\/sharer.php?u=https%3A%2F%2Fwww.sonnenseite.com%2Fde%2Fpolitik%2Fstudie-zum-wirtschaftsrat-der-cdu%2F\" title=\"Bei Facebook teilen\" aria-label=\"Bei Facebook teilen\" role=\"button\" rel=\"nofollow\" class=\"shariff-link\" style=\";border-radius:1%; background-color:#3b5998; color:#fff\" target=\"_blank\"><span class=\"shariff-icon\" style=\"\"><svg width=\"32px\" height=\"20px\" xmlns=\"http:\/\/www.w3.org\/2000\/svg\" viewBox=\"0 0 18 32\"><path fill=\"#3b5998\" d=\"M17.1 0.2v4.7h-2.8q-1.5 0-2.1 0.6t-0.5 1.9v3.4h5.2l-0.7 5.3h-4.5v13.6h-5.5v-13.6h-4.5v-5.3h4.5v-3.9q0-3.3 1.9-5.2t5-1.8q2.6 0 4.1 0.2z\"\/><\/svg><\/span><\/a><\/li><li class=\"shariff-button twitter shariff-nocustomcolor\" style=\"background-color:#595959;border-radius:1%\"><a href=\"https:\/\/twitter.com\/share?url=https%3A%2F%2Fwww.sonnenseite.com%2Fde%2Fpolitik%2Fstudie-zum-wirtschaftsrat-der-cdu%2F&text=Studie%20zum%20Wirtschaftsrat%20der%20CDU\" title=\"Bei X teilen\" aria-label=\"Bei X teilen\" role=\"button\" rel=\"noopener nofollow\" class=\"shariff-link\" style=\";border-radius:1%; background-color:#000; color:#fff\" target=\"_blank\"><span class=\"shariff-icon\" style=\"\"><svg width=\"32px\" height=\"20px\" xmlns=\"http:\/\/www.w3.org\/2000\/svg\" viewBox=\"0 0 24 24\"><path fill=\"#000\" d=\"M14.258 10.152L23.176 0h-2.113l-7.747 8.813L7.133 0H0l9.352 13.328L0 23.973h2.113l8.176-9.309 6.531 9.309h7.133zm-2.895 3.293l-.949-1.328L2.875 1.56h3.246l6.086 8.523.945 1.328 7.91 11.078h-3.246zm0 0\"\/><\/svg><\/span><\/a><\/li><li class=\"shariff-button xing shariff-nocustomcolor\" style=\"background-color:#29888a;border-radius:1%\"><a href=\"https:\/\/www.xing.com\/spi\/shares\/new?url=https%3A%2F%2Fwww.sonnenseite.com%2Fde%2Fpolitik%2Fstudie-zum-wirtschaftsrat-der-cdu%2F\" title=\"Bei XING teilen\" aria-label=\"Bei XING teilen\" role=\"button\" rel=\"noopener nofollow\" class=\"shariff-link\" style=\";border-radius:1%; background-color:#126567; color:#fff\" target=\"_blank\"><span class=\"shariff-icon\" style=\"\"><svg width=\"32px\" height=\"20px\" xmlns=\"http:\/\/www.w3.org\/2000\/svg\" viewBox=\"0 0 25 32\"><path fill=\"#126567\" d=\"M10.7 11.9q-0.2 0.3-4.6 8.2-0.5 0.8-1.2 0.8h-4.3q-0.4 0-0.5-0.3t0-0.6l4.5-8q0 0 0 0l-2.9-5q-0.2-0.4 0-0.7 0.2-0.3 0.5-0.3h4.3q0.7 0 1.2 0.8zM25.1 0.4q0.2 0.3 0 0.7l-9.4 16.7 6 11q0.2 0.4 0 0.6-0.2 0.3-0.6 0.3h-4.3q-0.7 0-1.2-0.8l-6-11.1q0.3-0.6 9.5-16.8 0.4-0.8 1.2-0.8h4.3q0.4 0 0.5 0.3z\"\/><\/svg><\/span><\/a><\/li><li class=\"shariff-button linkedin shariff-nocustomcolor\" style=\"background-color:#1488bf;border-radius:1%\"><a href=\"https:\/\/www.linkedin.com\/sharing\/share-offsite\/?url=https%3A%2F%2Fwww.sonnenseite.com%2Fde%2Fpolitik%2Fstudie-zum-wirtschaftsrat-der-cdu%2F\" title=\"Bei LinkedIn teilen\" aria-label=\"Bei LinkedIn teilen\" role=\"button\" rel=\"noopener nofollow\" class=\"shariff-link\" style=\";border-radius:1%; background-color:#0077b5; color:#fff\" target=\"_blank\"><span class=\"shariff-icon\" style=\"\"><svg width=\"32px\" height=\"20px\" xmlns=\"http:\/\/www.w3.org\/2000\/svg\" viewBox=\"0 0 27 32\"><path fill=\"#0077b5\" d=\"M6.2 11.2v17.7h-5.9v-17.7h5.9zM6.6 5.7q0 1.3-0.9 2.2t-2.4 0.9h0q-1.5 0-2.4-0.9t-0.9-2.2 0.9-2.2 2.4-0.9 2.4 0.9 0.9 2.2zM27.4 18.7v10.1h-5.9v-9.5q0-1.9-0.7-2.9t-2.3-1.1q-1.1 0-1.9 0.6t-1.2 1.5q-0.2 0.5-0.2 1.4v9.9h-5.9q0-7.1 0-11.6t0-5.3l0-0.9h5.9v2.6h0q0.4-0.6 0.7-1t1-0.9 1.6-0.8 2-0.3q3 0 4.9 2t1.9 6z\"\/><\/svg><\/span><\/a><\/li><li class=\"shariff-button printer shariff-nocustomcolor\" style=\"background-color:#a8a8a8;border-radius:1%\"><a href=\"javascript:window.print()\" title=\"drucken\" aria-label=\"drucken\" role=\"button\" rel=\"noopener nofollow\" class=\"shariff-link\" style=\";border-radius:1%; background-color:#999; color:#fff\"><span class=\"shariff-icon\" style=\"\"><svg width=\"32px\" height=\"20px\" xmlns=\"http:\/\/www.w3.org\/2000\/svg\" viewBox=\"0 0 30 32\"><path fill=\"#999\" d=\"M6.8 27.4h16v-4.6h-16v4.6zM6.8 16h16v-6.8h-2.8q-0.7 0-1.2-0.5t-0.5-1.2v-2.8h-11.4v11.4zM27.4 17.2q0-0.5-0.3-0.8t-0.8-0.4-0.8 0.4-0.3 0.8 0.3 0.8 0.8 0.3 0.8-0.3 0.3-0.8zM29.7 17.2v7.4q0 0.2-0.2 0.4t-0.4 0.2h-4v2.8q0 0.7-0.5 1.2t-1.2 0.5h-17.2q-0.7 0-1.2-0.5t-0.5-1.2v-2.8h-4q-0.2 0-0.4-0.2t-0.2-0.4v-7.4q0-1.4 1-2.4t2.4-1h1.2v-9.7q0-0.7 0.5-1.2t1.2-0.5h12q0.7 0 1.6 0.4t1.3 0.8l2.7 2.7q0.5 0.5 0.9 1.4t0.4 1.6v4.6h1.1q1.4 0 2.4 1t1 2.4z\"\/><\/svg><\/span><\/a><\/li><li class=\"shariff-button mailto shariff-nocustomcolor\" style=\"background-color:#a8a8a8;border-radius:1%\"><a href=\"mailto:?body=https%3A%2F%2Fwww.sonnenseite.com%2Fde%2Fpolitik%2Fstudie-zum-wirtschaftsrat-der-cdu%2F&subject=Studie%20zum%20Wirtschaftsrat%20der%20CDU\" title=\"Per E-Mail versenden\" aria-label=\"Per E-Mail versenden\" role=\"button\" rel=\"noopener nofollow\" class=\"shariff-link\" style=\";border-radius:1%; background-color:#999; color:#fff\"><span class=\"shariff-icon\" style=\"\"><svg width=\"32px\" height=\"20px\" xmlns=\"http:\/\/www.w3.org\/2000\/svg\" viewBox=\"0 0 32 32\"><path fill=\"#999\" d=\"M32 12.7v14.2q0 1.2-0.8 2t-2 0.9h-26.3q-1.2 0-2-0.9t-0.8-2v-14.2q0.8 0.9 1.8 1.6 6.5 4.4 8.9 6.1 1 0.8 1.6 1.2t1.7 0.9 2 0.4h0.1q0.9 0 2-0.4t1.7-0.9 1.6-1.2q3-2.2 8.9-6.1 1-0.7 1.8-1.6zM32 7.4q0 1.4-0.9 2.7t-2.2 2.2q-6.7 4.7-8.4 5.8-0.2 0.1-0.7 0.5t-1 0.7-0.9 0.6-1.1 0.5-0.9 0.2h-0.1q-0.4 0-0.9-0.2t-1.1-0.5-0.9-0.6-1-0.7-0.7-0.5q-1.6-1.1-4.7-3.2t-3.6-2.6q-1.1-0.7-2.1-2t-1-2.5q0-1.4 0.7-2.3t2.1-0.9h26.3q1.2 0 2 0.8t0.9 2z\"\/><\/svg><\/span><\/a><\/li><\/ul><\/div>","protected":false},"excerpt":{"rendered":"<p>Die Klimabremser im Lobbyisten-Sixpack Ein Ex-Abgeordneter der Unionsfraktion, der sich mit Maskengesch\u00e4ften bereichert haben soll, taucht [&hellip;]<\/p>\n","protected":false},"author":3,"featured_media":69521,"comment_status":"closed","ping_status":"closed","sticky":false,"template":"","format":"standard","meta":{"inline_featured_image":false,"footnotes":""},"categories":[21],"tags":[],"class_list":["post-69519","post","type-post","status-publish","format-standard","has-post-thumbnail","hentry","category-politik"],"yoast_head":"<!-- This site is optimized with the Yoast SEO plugin v26.5 - https:\/\/yoast.com\/wordpress\/plugins\/seo\/ -->\n<title>Studie zum Wirtschaftsrat der CDU - Sonnenseite - \u00d6kologische Kommunikation mit Franz Alt<\/title>\n<meta name=\"description\" content=\"Die Klimabremser im Lobbyisten-Sixpack Ein Ex-Abgeordneter der Unionsfraktion, der sich mit Maskengesch\u00e4ften bereichert haben soll, taucht auch im\" \/>\n<meta name=\"robots\" content=\"index, follow, max-snippet:-1, max-image-preview:large, max-video-preview:-1\" \/>\n<link rel=\"canonical\" href=\"https:\/\/www.sonnenseite.com\/de\/politik\/studie-zum-wirtschaftsrat-der-cdu\/\" \/>\n<meta property=\"og:locale\" content=\"de_DE\" \/>\n<meta property=\"og:type\" content=\"article\" \/>\n<meta property=\"og:title\" content=\"Studie zum Wirtschaftsrat der CDU - Sonnenseite - \u00d6kologische Kommunikation mit Franz Alt\" \/>\n<meta property=\"og:description\" content=\"Die Klimabremser im Lobbyisten-Sixpack Ein Ex-Abgeordneter der Unionsfraktion, der sich mit Maskengesch\u00e4ften bereichert haben soll, taucht auch im\" \/>\n<meta property=\"og:url\" content=\"https:\/\/www.sonnenseite.com\/de\/politik\/studie-zum-wirtschaftsrat-der-cdu\/\" \/>\n<meta property=\"og:site_name\" content=\"Sonnenseite\" \/>\n<meta property=\"article:publisher\" content=\"https:\/\/www.facebook.com\/pages\/Franz-Alt-SONNENSEITECOM\/221072987903953?fref=ts\" \/>\n<meta property=\"article:published_time\" content=\"2021-03-21T08:08:13+00:00\" \/>\n<meta property=\"article:modified_time\" content=\"2021-03-27T15:49:39+00:00\" \/>\n<meta property=\"og:image\" content=\"https:\/\/www.sonnenseite.com\/wp-content\/uploads\/2021\/03\/Nebel_Strom_analogicus.jpg\" \/>\n\t<meta property=\"og:image:width\" content=\"770\" \/>\n\t<meta property=\"og:image:height\" content=\"420\" \/>\n\t<meta property=\"og:image:type\" content=\"image\/jpeg\" \/>\n<meta name=\"author\" content=\"Bigi Alt\" \/>\n<meta name=\"twitter:card\" content=\"summary_large_image\" \/>\n<meta name=\"twitter:creator\" content=\"@franzalt\" \/>\n<meta name=\"twitter:site\" content=\"@franzalt\" \/>\n<meta name=\"twitter:label1\" content=\"Verfasst von\" \/>\n\t<meta name=\"twitter:data1\" content=\"Bigi Alt\" \/>\n\t<meta name=\"twitter:label2\" content=\"Gesch\u00e4tzte Lesezeit\" \/>\n\t<meta name=\"twitter:data2\" content=\"3\u00a0Minuten\" \/>\n<script type=\"application\/ld+json\" class=\"yoast-schema-graph\">{\"@context\":\"https:\/\/schema.org\",\"@graph\":[{\"@type\":\"Article\",\"@id\":\"https:\/\/www.sonnenseite.com\/de\/politik\/studie-zum-wirtschaftsrat-der-cdu\/#article\",\"isPartOf\":{\"@id\":\"https:\/\/www.sonnenseite.com\/de\/politik\/studie-zum-wirtschaftsrat-der-cdu\/\"},\"author\":{\"name\":\"Bigi Alt\",\"@id\":\"https:\/\/www.sonnenseite.com\/de\/#\/schema\/person\/50fda0e926597684c7cc6695238a4eb9\"},\"headline\":\"Studie zum Wirtschaftsrat der CDU\",\"datePublished\":\"2021-03-21T08:08:13+00:00\",\"dateModified\":\"2021-03-27T15:49:39+00:00\",\"mainEntityOfPage\":{\"@id\":\"https:\/\/www.sonnenseite.com\/de\/politik\/studie-zum-wirtschaftsrat-der-cdu\/\"},\"wordCount\":583,\"publisher\":{\"@id\":\"https:\/\/www.sonnenseite.com\/de\/#organization\"},\"image\":{\"@id\":\"https:\/\/www.sonnenseite.com\/de\/politik\/studie-zum-wirtschaftsrat-der-cdu\/#primaryimage\"},\"thumbnailUrl\":\"https:\/\/www.sonnenseite.com\/wp-content\/uploads\/2021\/03\/Nebel_Strom_analogicus.jpg\",\"articleSection\":[\"Politik\"],\"inLanguage\":\"de\"},{\"@type\":\"WebPage\",\"@id\":\"https:\/\/www.sonnenseite.com\/de\/politik\/studie-zum-wirtschaftsrat-der-cdu\/\",\"url\":\"https:\/\/www.sonnenseite.com\/de\/politik\/studie-zum-wirtschaftsrat-der-cdu\/\",\"name\":\"Studie zum Wirtschaftsrat der CDU - Sonnenseite - \u00d6kologische Kommunikation mit Franz Alt\",\"isPartOf\":{\"@id\":\"https:\/\/www.sonnenseite.com\/de\/#website\"},\"primaryImageOfPage\":{\"@id\":\"https:\/\/www.sonnenseite.com\/de\/politik\/studie-zum-wirtschaftsrat-der-cdu\/#primaryimage\"},\"image\":{\"@id\":\"https:\/\/www.sonnenseite.com\/de\/politik\/studie-zum-wirtschaftsrat-der-cdu\/#primaryimage\"},\"thumbnailUrl\":\"https:\/\/www.sonnenseite.com\/wp-content\/uploads\/2021\/03\/Nebel_Strom_analogicus.jpg\",\"datePublished\":\"2021-03-21T08:08:13+00:00\",\"dateModified\":\"2021-03-27T15:49:39+00:00\",\"description\":\"Die Klimabremser im Lobbyisten-Sixpack Ein Ex-Abgeordneter der Unionsfraktion, der sich mit Maskengesch\u00e4ften bereichert haben soll, taucht auch im\",\"breadcrumb\":{\"@id\":\"https:\/\/www.sonnenseite.com\/de\/politik\/studie-zum-wirtschaftsrat-der-cdu\/#breadcrumb\"},\"inLanguage\":\"de\",\"potentialAction\":[{\"@type\":\"ReadAction\",\"target\":[\"https:\/\/www.sonnenseite.com\/de\/politik\/studie-zum-wirtschaftsrat-der-cdu\/\"]}]},{\"@type\":\"ImageObject\",\"inLanguage\":\"de\",\"@id\":\"https:\/\/www.sonnenseite.com\/de\/politik\/studie-zum-wirtschaftsrat-der-cdu\/#primaryimage\",\"url\":\"https:\/\/www.sonnenseite.com\/wp-content\/uploads\/2021\/03\/Nebel_Strom_analogicus.jpg\",\"contentUrl\":\"https:\/\/www.sonnenseite.com\/wp-content\/uploads\/2021\/03\/Nebel_Strom_analogicus.jpg\",\"width\":770,\"height\":420,\"caption\":\"pixabay.com | analogicus\"},{\"@type\":\"BreadcrumbList\",\"@id\":\"https:\/\/www.sonnenseite.com\/de\/politik\/studie-zum-wirtschaftsrat-der-cdu\/#breadcrumb\",\"itemListElement\":[{\"@type\":\"ListItem\",\"position\":1,\"name\":\"Startseite\",\"item\":\"https:\/\/www.sonnenseite.com\/de\/\"},{\"@type\":\"ListItem\",\"position\":2,\"name\":\"Studie zum Wirtschaftsrat der CDU\"}]},{\"@type\":\"WebSite\",\"@id\":\"https:\/\/www.sonnenseite.com\/de\/#website\",\"url\":\"https:\/\/www.sonnenseite.com\/de\/\",\"name\":\"Sonnenseite\",\"description\":\"\u00d6kologische Kommunikation mit Franz Alt\",\"publisher\":{\"@id\":\"https:\/\/www.sonnenseite.com\/de\/#organization\"},\"potentialAction\":[{\"@type\":\"SearchAction\",\"target\":{\"@type\":\"EntryPoint\",\"urlTemplate\":\"https:\/\/www.sonnenseite.com\/de\/?s={search_term_string}\"},\"query-input\":{\"@type\":\"PropertyValueSpecification\",\"valueRequired\":true,\"valueName\":\"search_term_string\"}}],\"inLanguage\":\"de\"},{\"@type\":\"Organization\",\"@id\":\"https:\/\/www.sonnenseite.com\/de\/#organization\",\"name\":\"Sonnenseite\",\"url\":\"https:\/\/www.sonnenseite.com\/de\/\",\"logo\":{\"@type\":\"ImageObject\",\"inLanguage\":\"de\",\"@id\":\"https:\/\/www.sonnenseite.com\/de\/#\/schema\/logo\/image\/\",\"url\":\"https:\/\/www.sonnenseite.com\/wp-content\/uploads\/2020\/05\/Sonnenseite_Logo.png\",\"contentUrl\":\"https:\/\/www.sonnenseite.com\/wp-content\/uploads\/2020\/05\/Sonnenseite_Logo.png\",\"width\":377,\"height\":90,\"caption\":\"Sonnenseite\"},\"image\":{\"@id\":\"https:\/\/www.sonnenseite.com\/de\/#\/schema\/logo\/image\/\"},\"sameAs\":[\"https:\/\/www.facebook.com\/pages\/Franz-Alt-SONNENSEITECOM\/221072987903953?fref=ts\",\"https:\/\/x.com\/franzalt\",\"http:\/\/www.youtube.com\/results?search_query&amp;amp;quot;franz_alt&amp;amp;quot;&amp;amp;amp;amp;search_type&amp;amp;amp;amp;aq=f\"]},{\"@type\":\"Person\",\"@id\":\"https:\/\/www.sonnenseite.com\/de\/#\/schema\/person\/50fda0e926597684c7cc6695238a4eb9\",\"name\":\"Bigi Alt\"}]}<\/script>\n<!-- \/ Yoast SEO plugin. -->","yoast_head_json":{"title":"Studie zum Wirtschaftsrat der CDU - Sonnenseite - \u00d6kologische Kommunikation mit Franz Alt","description":"Die Klimabremser im Lobbyisten-Sixpack Ein Ex-Abgeordneter der Unionsfraktion, der sich mit Maskengesch\u00e4ften bereichert haben soll, taucht auch im","robots":{"index":"index","follow":"follow","max-snippet":"max-snippet:-1","max-image-preview":"max-image-preview:large","max-video-preview":"max-video-preview:-1"},"canonical":"https:\/\/www.sonnenseite.com\/de\/politik\/studie-zum-wirtschaftsrat-der-cdu\/","og_locale":"de_DE","og_type":"article","og_title":"Studie zum Wirtschaftsrat der CDU - Sonnenseite - \u00d6kologische Kommunikation mit Franz Alt","og_description":"Die Klimabremser im Lobbyisten-Sixpack Ein Ex-Abgeordneter der Unionsfraktion, der sich mit Maskengesch\u00e4ften bereichert haben soll, taucht auch im","og_url":"https:\/\/www.sonnenseite.com\/de\/politik\/studie-zum-wirtschaftsrat-der-cdu\/","og_site_name":"Sonnenseite","article_publisher":"https:\/\/www.facebook.com\/pages\/Franz-Alt-SONNENSEITECOM\/221072987903953?fref=ts","article_published_time":"2021-03-21T08:08:13+00:00","article_modified_time":"2021-03-27T15:49:39+00:00","og_image":[{"width":770,"height":420,"url":"https:\/\/www.sonnenseite.com\/wp-content\/uploads\/2021\/03\/Nebel_Strom_analogicus.jpg","type":"image\/jpeg"}],"author":"Bigi Alt","twitter_card":"summary_large_image","twitter_creator":"@franzalt","twitter_site":"@franzalt","twitter_misc":{"Verfasst von":"Bigi Alt","Gesch\u00e4tzte Lesezeit":"3\u00a0Minuten"},"schema":{"@context":"https:\/\/schema.org","@graph":[{"@type":"Article","@id":"https:\/\/www.sonnenseite.com\/de\/politik\/studie-zum-wirtschaftsrat-der-cdu\/#article","isPartOf":{"@id":"https:\/\/www.sonnenseite.com\/de\/politik\/studie-zum-wirtschaftsrat-der-cdu\/"},"author":{"name":"Bigi Alt","@id":"https:\/\/www.sonnenseite.com\/de\/#\/schema\/person\/50fda0e926597684c7cc6695238a4eb9"},"headline":"Studie zum Wirtschaftsrat der CDU","datePublished":"2021-03-21T08:08:13+00:00","dateModified":"2021-03-27T15:49:39+00:00","mainEntityOfPage":{"@id":"https:\/\/www.sonnenseite.com\/de\/politik\/studie-zum-wirtschaftsrat-der-cdu\/"},"wordCount":583,"publisher":{"@id":"https:\/\/www.sonnenseite.com\/de\/#organization"},"image":{"@id":"https:\/\/www.sonnenseite.com\/de\/politik\/studie-zum-wirtschaftsrat-der-cdu\/#primaryimage"},"thumbnailUrl":"https:\/\/www.sonnenseite.com\/wp-content\/uploads\/2021\/03\/Nebel_Strom_analogicus.jpg","articleSection":["Politik"],"inLanguage":"de"},{"@type":"WebPage","@id":"https:\/\/www.sonnenseite.com\/de\/politik\/studie-zum-wirtschaftsrat-der-cdu\/","url":"https:\/\/www.sonnenseite.com\/de\/politik\/studie-zum-wirtschaftsrat-der-cdu\/","name":"Studie zum Wirtschaftsrat der CDU - Sonnenseite - \u00d6kologische Kommunikation mit Franz Alt","isPartOf":{"@id":"https:\/\/www.sonnenseite.com\/de\/#website"},"primaryImageOfPage":{"@id":"https:\/\/www.sonnenseite.com\/de\/politik\/studie-zum-wirtschaftsrat-der-cdu\/#primaryimage"},"image":{"@id":"https:\/\/www.sonnenseite.com\/de\/politik\/studie-zum-wirtschaftsrat-der-cdu\/#primaryimage"},"thumbnailUrl":"https:\/\/www.sonnenseite.com\/wp-content\/uploads\/2021\/03\/Nebel_Strom_analogicus.jpg","datePublished":"2021-03-21T08:08:13+00:00","dateModified":"2021-03-27T15:49:39+00:00","description":"Die Klimabremser im Lobbyisten-Sixpack Ein Ex-Abgeordneter der Unionsfraktion, der sich mit Maskengesch\u00e4ften bereichert haben soll, taucht auch im","breadcrumb":{"@id":"https:\/\/www.sonnenseite.com\/de\/politik\/studie-zum-wirtschaftsrat-der-cdu\/#breadcrumb"},"inLanguage":"de","potentialAction":[{"@type":"ReadAction","target":["https:\/\/www.sonnenseite.com\/de\/politik\/studie-zum-wirtschaftsrat-der-cdu\/"]}]},{"@type":"ImageObject","inLanguage":"de","@id":"https:\/\/www.sonnenseite.com\/de\/politik\/studie-zum-wirtschaftsrat-der-cdu\/#primaryimage","url":"https:\/\/www.sonnenseite.com\/wp-content\/uploads\/2021\/03\/Nebel_Strom_analogicus.jpg","contentUrl":"https:\/\/www.sonnenseite.com\/wp-content\/uploads\/2021\/03\/Nebel_Strom_analogicus.jpg","width":770,"height":420,"caption":"pixabay.com | analogicus"},{"@type":"BreadcrumbList","@id":"https:\/\/www.sonnenseite.com\/de\/politik\/studie-zum-wirtschaftsrat-der-cdu\/#breadcrumb","itemListElement":[{"@type":"ListItem","position":1,"name":"Startseite","item":"https:\/\/www.sonnenseite.com\/de\/"},{"@type":"ListItem","position":2,"name":"Studie zum Wirtschaftsrat der CDU"}]},{"@type":"WebSite","@id":"https:\/\/www.sonnenseite.com\/de\/#website","url":"https:\/\/www.sonnenseite.com\/de\/","name":"Sonnenseite","description":"\u00d6kologische Kommunikation mit Franz Alt","publisher":{"@id":"https:\/\/www.sonnenseite.com\/de\/#organization"},"potentialAction":[{"@type":"SearchAction","target":{"@type":"EntryPoint","urlTemplate":"https:\/\/www.sonnenseite.com\/de\/?s={search_term_string}"},"query-input":{"@type":"PropertyValueSpecification","valueRequired":true,"valueName":"search_term_string"}}],"inLanguage":"de"},{"@type":"Organization","@id":"https:\/\/www.sonnenseite.com\/de\/#organization","name":"Sonnenseite","url":"https:\/\/www.sonnenseite.com\/de\/","logo":{"@type":"ImageObject","inLanguage":"de","@id":"https:\/\/www.sonnenseite.com\/de\/#\/schema\/logo\/image\/","url":"https:\/\/www.sonnenseite.com\/wp-content\/uploads\/2020\/05\/Sonnenseite_Logo.png","contentUrl":"https:\/\/www.sonnenseite.com\/wp-content\/uploads\/2020\/05\/Sonnenseite_Logo.png","width":377,"height":90,"caption":"Sonnenseite"},"image":{"@id":"https:\/\/www.sonnenseite.com\/de\/#\/schema\/logo\/image\/"},"sameAs":["https:\/\/www.facebook.com\/pages\/Franz-Alt-SONNENSEITECOM\/221072987903953?fref=ts","https:\/\/x.com\/franzalt","http:\/\/www.youtube.com\/results?search_query&amp;amp;quot;franz_alt&amp;amp;quot;&amp;amp;amp;amp;search_type&amp;amp;amp;amp;aq=f"]},{"@type":"Person","@id":"https:\/\/www.sonnenseite.com\/de\/#\/schema\/person\/50fda0e926597684c7cc6695238a4eb9","name":"Bigi Alt"}]}},"_links":{"self":[{"href":"https:\/\/www.sonnenseite.com\/de\/wp-json\/wp\/v2\/posts\/69519","targetHints":{"allow":["GET"]}}],"collection":[{"href":"https:\/\/www.sonnenseite.com\/de\/wp-json\/wp\/v2\/posts"}],"about":[{"href":"https:\/\/www.sonnenseite.com\/de\/wp-json\/wp\/v2\/types\/post"}],"author":[{"embeddable":true,"href":"https:\/\/www.sonnenseite.com\/de\/wp-json\/wp\/v2\/users\/3"}],"replies":[{"embeddable":true,"href":"https:\/\/www.sonnenseite.com\/de\/wp-json\/wp\/v2\/comments?post=69519"}],"version-history":[{"count":1,"href":"https:\/\/www.sonnenseite.com\/de\/wp-json\/wp\/v2\/posts\/69519\/revisions"}],"predecessor-version":[{"id":69520,"href":"https:\/\/www.sonnenseite.com\/de\/wp-json\/wp\/v2\/posts\/69519\/revisions\/69520"}],"wp:featuredmedia":[{"embeddable":true,"href":"https:\/\/www.sonnenseite.com\/de\/wp-json\/wp\/v2\/media\/69521"}],"wp:attachment":[{"href":"https:\/\/www.sonnenseite.com\/de\/wp-json\/wp\/v2\/media?parent=69519"}],"wp:term":[{"taxonomy":"category","embeddable":true,"href":"https:\/\/www.sonnenseite.com\/de\/wp-json\/wp\/v2\/categories?post=69519"},{"taxonomy":"post_tag","embeddable":true,"href":"https:\/\/www.sonnenseite.com\/de\/wp-json\/wp\/v2\/tags?post=69519"}],"curies":[{"name":"wp","href":"https:\/\/api.w.org\/{rel}","templated":true}]}}