{"id":69663,"date":"2021-03-26T09:39:40","date_gmt":"2021-03-26T08:39:40","guid":{"rendered":"https:\/\/www.sonnenseite.com\/?p=69663"},"modified":"2021-03-26T09:39:40","modified_gmt":"2021-03-26T08:39:40","slug":"europaeischer-gerichtshof-verweigert-grundrechtsschutz-fuer-betroffene-der-klimakrise","status":"publish","type":"post","link":"https:\/\/www.sonnenseite.com\/de\/politik\/europaeischer-gerichtshof-verweigert-grundrechtsschutz-fuer-betroffene-der-klimakrise\/","title":{"rendered":"Europ\u00e4ischer Gerichtshof verweigert Grundrechtsschutz f\u00fcr Betroffene der Klimakrise"},"content":{"rendered":"\n<p>People&#8217;s Climate Case: Gericht sieht keine &#8222;exklusive&#8220; Betroffenheit der Kl\u00e4gerinnen und Kl\u00e4ger und weist Berufung daher zur\u00fcck. Germanwatch und Protect the Planet kritisieren unzureichenden Schutz der durch Klimakrise bedrohten Grundrechte auf EU-Ebene.<\/p>\n\n\n\n<p>Der Europ\u00e4ische Gerichtshof (EuGH) hat die Klimaklage von zehn Familien aus der EU, Kenia und Fidschi sowie eines samischen Jugendverbands auf den Schutz ihrer durch die Klimakrise bedrohten Grundrechte heute ohne inhaltliche Pr\u00fcfung als unzul\u00e4ssig abgewiesen. Die Kl\u00e4gerinnen und Kl\u00e4ger hatten eine ausreichend ambitionierte Versch\u00e4rfung der Klimaziele f\u00fcr 2030 und ein wissenschaftsbasiertes Vorgehen dabei gefordert, da sie ihre Grundrechte durch die unzureichenden Klimaziele der EU bedroht sehen. Zu den Kl\u00e4ger:innen des People\u2018s Climate Case z\u00e4hlte auch Familie Recktenwald von der ostfriesischen Insel Langeoog.<br><br>Prof. Gerd Winter, einer der Rechtsvertreter der Kl\u00e4gerfamilien: \u201eDer EuGH entzieht sich mutlos seiner Verantwortung f\u00fcr den Klimaschutz. Obwohl er H\u00fcter der Grundrechte ist, weigert er sich, die Vorgaben der EU f\u00fcr die Reduktion von Treibhausgasemissionen an ihnen zu messen. Dies begr\u00fcndet er damit, dass die Kl\u00e4ger nicht individuell betroffen seien \u2013 eine angesichts der tats\u00e4chlichen Notsituationen, in denen diese sich befinden, schmerzende Gleichg\u00fcltigkeit. Aus Angst vor einer Klageflut nimmt er dabei den Widerspruch in Kauf, dass den Betroffenen umso weniger Rechtsschutz gew\u00e4hrt wird, je dramatischer der Klimawandel ist und je mehr Menschen dementsprechend in ihrer Gesundheit und beruflichen Existenz gesch\u00e4digt werden.\u201c<br><br>Auch die Kl\u00e4gerin Maike Recktenwald ist entt\u00e4uscht \u00fcber das Urteil: \u201eDie EU verwehrt uns den Schutz unserer Rechte. Wir haben gemeinsam mit unseren Mit-Kl\u00e4gern gezeigt, wie sehr die Klimakrise unsere Grundrechte schon jetzt bedroht. Auf Langeoog nehmen Sturmfluten zu, aufw\u00e4ndige K\u00fcstenschutzma\u00dfnahmen m\u00fcssen immer \u00f6fter durchgef\u00fchrt werden. Es geht um unseren Lebensraum und die Zukunft unserer Kinder. Wir hatten auf den Schutz durch die EU vertraut, doch der bleibt uns verwehrt.\u201c<br><br>Dorothea Sick-Thies, die mit ihrer Organisation Protect the Planet die Kl\u00e4ger:innen unterst\u00fctzt hat, erkl\u00e4rt: \u201eEs ist ein Skandal f\u00fcr das Rechtsempfinden, dass die existenziellen Probleme der Klagenden vor Gericht kein Geh\u00f6r bekommen. Betroffene wie die Familie Guyo in Kenia f\u00fcrchten um ihr \u00dcberleben und ihre Grundrechte werden durch unser Handeln und die Unt\u00e4tigkeit der Politik und dieses Urteil bedroht.\u201c<\/p>\n\n\n\n<h5 class=\"wp-block-heading\">EU-Parlament greift wichtige Forderungen der Kl\u00e4ger:innen in Verhandlungen zum EU-Klimagesetz auf<\/h5>\n\n\n\n<p>W\u00e4hrend das Gericht den Forderungen der Kl\u00e4ger:innen nicht stattgibt, finden diese auf politischer Ebene zunehmend Anklang. Das EU-Parlament hat sich wichtige Forderungen der Kl\u00e4ger:innen zu eigen gemacht: deutlich versch\u00e4rfte Klimaziele, einen wissenschaftsbasierten Budgetansatz daf\u00fcr, einen Klimarat, der die Nachbesserung der Ziele und ihre Umsetzung auf die Tagesordnung setzen kann und ein Recht auf Klimaschutz. Kurz vor der anstehenden vierten Verhandlungsrunde zum EU-Klimagesetz sind sich EU-Kommission, Rat und Parlament noch nicht einig, was davon \u00fcbernommen wird. Anders als das EU-Parlament (minus 60 Prozent) hat die EU-Kommission nur eine Versch\u00e4rfung des Klimaziels bis 2030 von derzeit 40 auf mindestens 55 Prozent netto gegen\u00fcber 1990 vorgeschlagen. Die Regierungschefs im Rat haben diesem Klimaziel zugestimmt, unterst\u00fctzen allerdings noch nicht das wissenschaftsbasierte Vorgehen, einen unabh\u00e4ngigen Klimarat und das Recht auf Klimaschutz. Die Kl\u00e4ger:innen appellieren nun an die EU, sich auf die Forderung des Parlaments zu einigen.<br><br>Christoph Bals von der Umwelt- und Entwicklungsorganisation Germanwatch, die das Anliegen der Kl\u00e4gerfamilien unterst\u00fctzt, kommentiert: \u201eEs ist h\u00f6chste Zeit, dass sich Kommission und Rat in Richtung Parlament bewegen. Sie sollten mindestens den Weg frei machen f\u00fcr den Kompromiss, dass das 55 Prozent-Ziel als reines Minderungsziel um ein zus\u00e4tzliches Ziel zur Einbeziehung von Emissionssenken wie W\u00e4ldern erg\u00e4nzt wird, was zus\u00e4tzlichen Klimaschutz bedeuten w\u00fcrde. Ein wissenschaftsbasiertes Vorgehen und ein unabh\u00e4ngiger Klimarat w\u00fcrde die Glaubw\u00fcrdigkeit der Ziele stark unterstreichen.\u201c<\/p>\n\n\n\n<h5 class=\"wp-block-heading\">Kl\u00e4ger von der Insel Langeoog vor dem Bundesverfassungsgericht<\/h5>\n\n\n\n<p>Das rechtliche Verfahren des People\u2019s Climate Case auf EU-Ebene ist damit beendet, doch Familie Recktenwald auf Langeoog gibt nicht auf. Ihr Sohn L\u00fcke hat bereits im Februar gemeinsam mit weiteren Jugendlichen eine Verfassungsbeschwerde gegen das Bundesklimaschutzgesetz vor dem Bundesverfassungsgericht erhoben. Denn das darin verankerte deutsche Klimaziel setzt die f\u00fcr den Schutz der Grundrechte unzureichenden europ\u00e4ischen Klimaschutzvorgaben, die Gegenstand des People\u2019s Climate Case waren, auf nationaler Ebene um und damit aus Sicht der Kl\u00e4ger:innen eine grundrechtswidrige Klimapolitik fort.<br><br>Im Gegensatz zum EuGH hat \u00fcberdies der Europ\u00e4ische Gerichtshof f\u00fcr Menschenrechte k\u00fcrzlich einer anderen Klimaklage von sechs jungen Portugiesen aufgrund der &#8222;Bedeutung und Dringlichkeit der aufgeworfenen Fragen&#8220; Vorrang einger\u00e4umt. Germanwatch hat gemeinsam mit Fridays for Future beantragt, diese Klage als Streithelfer zu unterst\u00fctzen.\u00a0\u00a0\u00a0<br><br><strong>Weiterf\u00fchrende Links:<\/strong><br>\u00b7\u00a0 <a href=\"https:\/\/curia.europa.eu\/juris\/document\/document.jsf?text=&amp;docid=239294&amp;pageIndex=0&amp;doclang=EN&amp;mode=req&amp;dir=&amp;occ=first&amp;part=1&amp;cid=504038\" target=\"_blank\" rel=\"noreferrer noopener\">Urteil des Europ\u00e4ischen Gerichtshofes<\/a><br>\u00b7\u00a0 <a href=\"https:\/\/peoplesclimatecase.caneurope.org\/de\/informieren\/rechtl-hintergruende\" target=\"_blank\" rel=\"noreferrer noopener\">Zu den rechtlichen Hintergr\u00fcnden der Klage<\/a><br>\u00b7\u00a0 <a href=\"https:\/\/peoplesclimatecase.caneurope.org\/de\/\" target=\"_blank\" rel=\"noreferrer noopener\">Informationen zum People\u2019s Climate Case<\/a><\/p>\n\n\n<h5 class=\"green\">Quelle<\/h5>\r\n\n\n\n<p><a href=\"https:\/\/germanwatch.org\/de\/20050\">GERMANWATCH 2021<\/a><\/p>\n<div class=\"shariff shariff-align-flex-start shariff-widget-align-flex-start\"><div class=\"ShariffHeadline\">Diese Meldung teilen<\/div><ul class=\"shariff-buttons theme-round orientation-horizontal buttonsize-medium\"><li class=\"shariff-button facebook shariff-nocustomcolor\" style=\"background-color:#4273c8;border-radius:1%\"><a href=\"https:\/\/www.facebook.com\/sharer\/sharer.php?u=https%3A%2F%2Fwww.sonnenseite.com%2Fde%2Fpolitik%2Feuropaeischer-gerichtshof-verweigert-grundrechtsschutz-fuer-betroffene-der-klimakrise%2F\" title=\"Bei Facebook teilen\" aria-label=\"Bei Facebook teilen\" role=\"button\" rel=\"nofollow\" class=\"shariff-link\" style=\";border-radius:1%; background-color:#3b5998; color:#fff\" target=\"_blank\"><span class=\"shariff-icon\" style=\"\"><svg width=\"32px\" height=\"20px\" xmlns=\"http:\/\/www.w3.org\/2000\/svg\" viewBox=\"0 0 18 32\"><path fill=\"#3b5998\" d=\"M17.1 0.2v4.7h-2.8q-1.5 0-2.1 0.6t-0.5 1.9v3.4h5.2l-0.7 5.3h-4.5v13.6h-5.5v-13.6h-4.5v-5.3h4.5v-3.9q0-3.3 1.9-5.2t5-1.8q2.6 0 4.1 0.2z\"\/><\/svg><\/span><\/a><\/li><li class=\"shariff-button twitter shariff-nocustomcolor\" style=\"background-color:#595959;border-radius:1%\"><a href=\"https:\/\/twitter.com\/share?url=https%3A%2F%2Fwww.sonnenseite.com%2Fde%2Fpolitik%2Feuropaeischer-gerichtshof-verweigert-grundrechtsschutz-fuer-betroffene-der-klimakrise%2F&text=Europ%C3%A4ischer%20Gerichtshof%20verweigert%20Grundrechtsschutz%20f%C3%BCr%20Betroffene%20der%20Klimakrise\" title=\"Bei X teilen\" aria-label=\"Bei X teilen\" role=\"button\" rel=\"noopener nofollow\" class=\"shariff-link\" style=\";border-radius:1%; background-color:#000; color:#fff\" target=\"_blank\"><span class=\"shariff-icon\" style=\"\"><svg width=\"32px\" height=\"20px\" xmlns=\"http:\/\/www.w3.org\/2000\/svg\" viewBox=\"0 0 24 24\"><path fill=\"#000\" d=\"M14.258 10.152L23.176 0h-2.113l-7.747 8.813L7.133 0H0l9.352 13.328L0 23.973h2.113l8.176-9.309 6.531 9.309h7.133zm-2.895 3.293l-.949-1.328L2.875 1.56h3.246l6.086 8.523.945 1.328 7.91 11.078h-3.246zm0 0\"\/><\/svg><\/span><\/a><\/li><li class=\"shariff-button xing shariff-nocustomcolor\" style=\"background-color:#29888a;border-radius:1%\"><a href=\"https:\/\/www.xing.com\/spi\/shares\/new?url=https%3A%2F%2Fwww.sonnenseite.com%2Fde%2Fpolitik%2Feuropaeischer-gerichtshof-verweigert-grundrechtsschutz-fuer-betroffene-der-klimakrise%2F\" title=\"Bei XING teilen\" aria-label=\"Bei XING teilen\" role=\"button\" rel=\"noopener nofollow\" class=\"shariff-link\" style=\";border-radius:1%; background-color:#126567; color:#fff\" target=\"_blank\"><span class=\"shariff-icon\" style=\"\"><svg width=\"32px\" height=\"20px\" xmlns=\"http:\/\/www.w3.org\/2000\/svg\" viewBox=\"0 0 25 32\"><path fill=\"#126567\" d=\"M10.7 11.9q-0.2 0.3-4.6 8.2-0.5 0.8-1.2 0.8h-4.3q-0.4 0-0.5-0.3t0-0.6l4.5-8q0 0 0 0l-2.9-5q-0.2-0.4 0-0.7 0.2-0.3 0.5-0.3h4.3q0.7 0 1.2 0.8zM25.1 0.4q0.2 0.3 0 0.7l-9.4 16.7 6 11q0.2 0.4 0 0.6-0.2 0.3-0.6 0.3h-4.3q-0.7 0-1.2-0.8l-6-11.1q0.3-0.6 9.5-16.8 0.4-0.8 1.2-0.8h4.3q0.4 0 0.5 0.3z\"\/><\/svg><\/span><\/a><\/li><li class=\"shariff-button linkedin shariff-nocustomcolor\" style=\"background-color:#1488bf;border-radius:1%\"><a href=\"https:\/\/www.linkedin.com\/sharing\/share-offsite\/?url=https%3A%2F%2Fwww.sonnenseite.com%2Fde%2Fpolitik%2Feuropaeischer-gerichtshof-verweigert-grundrechtsschutz-fuer-betroffene-der-klimakrise%2F\" title=\"Bei LinkedIn teilen\" aria-label=\"Bei LinkedIn teilen\" role=\"button\" rel=\"noopener nofollow\" class=\"shariff-link\" style=\";border-radius:1%; background-color:#0077b5; color:#fff\" target=\"_blank\"><span class=\"shariff-icon\" style=\"\"><svg width=\"32px\" height=\"20px\" xmlns=\"http:\/\/www.w3.org\/2000\/svg\" viewBox=\"0 0 27 32\"><path fill=\"#0077b5\" d=\"M6.2 11.2v17.7h-5.9v-17.7h5.9zM6.6 5.7q0 1.3-0.9 2.2t-2.4 0.9h0q-1.5 0-2.4-0.9t-0.9-2.2 0.9-2.2 2.4-0.9 2.4 0.9 0.9 2.2zM27.4 18.7v10.1h-5.9v-9.5q0-1.9-0.7-2.9t-2.3-1.1q-1.1 0-1.9 0.6t-1.2 1.5q-0.2 0.5-0.2 1.4v9.9h-5.9q0-7.1 0-11.6t0-5.3l0-0.9h5.9v2.6h0q0.4-0.6 0.7-1t1-0.9 1.6-0.8 2-0.3q3 0 4.9 2t1.9 6z\"\/><\/svg><\/span><\/a><\/li><li class=\"shariff-button printer shariff-nocustomcolor\" style=\"background-color:#a8a8a8;border-radius:1%\"><a href=\"javascript:window.print()\" title=\"drucken\" aria-label=\"drucken\" role=\"button\" rel=\"noopener nofollow\" class=\"shariff-link\" style=\";border-radius:1%; background-color:#999; color:#fff\"><span class=\"shariff-icon\" style=\"\"><svg width=\"32px\" height=\"20px\" xmlns=\"http:\/\/www.w3.org\/2000\/svg\" viewBox=\"0 0 30 32\"><path fill=\"#999\" d=\"M6.8 27.4h16v-4.6h-16v4.6zM6.8 16h16v-6.8h-2.8q-0.7 0-1.2-0.5t-0.5-1.2v-2.8h-11.4v11.4zM27.4 17.2q0-0.5-0.3-0.8t-0.8-0.4-0.8 0.4-0.3 0.8 0.3 0.8 0.8 0.3 0.8-0.3 0.3-0.8zM29.7 17.2v7.4q0 0.2-0.2 0.4t-0.4 0.2h-4v2.8q0 0.7-0.5 1.2t-1.2 0.5h-17.2q-0.7 0-1.2-0.5t-0.5-1.2v-2.8h-4q-0.2 0-0.4-0.2t-0.2-0.4v-7.4q0-1.4 1-2.4t2.4-1h1.2v-9.7q0-0.7 0.5-1.2t1.2-0.5h12q0.7 0 1.6 0.4t1.3 0.8l2.7 2.7q0.5 0.5 0.9 1.4t0.4 1.6v4.6h1.1q1.4 0 2.4 1t1 2.4z\"\/><\/svg><\/span><\/a><\/li><li class=\"shariff-button mailto shariff-nocustomcolor\" style=\"background-color:#a8a8a8;border-radius:1%\"><a href=\"mailto:?body=https%3A%2F%2Fwww.sonnenseite.com%2Fde%2Fpolitik%2Feuropaeischer-gerichtshof-verweigert-grundrechtsschutz-fuer-betroffene-der-klimakrise%2F&subject=Europ%C3%A4ischer%20Gerichtshof%20verweigert%20Grundrechtsschutz%20f%C3%BCr%20Betroffene%20der%20Klimakrise\" title=\"Per E-Mail versenden\" aria-label=\"Per E-Mail versenden\" role=\"button\" rel=\"noopener nofollow\" class=\"shariff-link\" style=\";border-radius:1%; background-color:#999; color:#fff\"><span class=\"shariff-icon\" style=\"\"><svg width=\"32px\" height=\"20px\" xmlns=\"http:\/\/www.w3.org\/2000\/svg\" viewBox=\"0 0 32 32\"><path fill=\"#999\" d=\"M32 12.7v14.2q0 1.2-0.8 2t-2 0.9h-26.3q-1.2 0-2-0.9t-0.8-2v-14.2q0.8 0.9 1.8 1.6 6.5 4.4 8.9 6.1 1 0.8 1.6 1.2t1.7 0.9 2 0.4h0.1q0.9 0 2-0.4t1.7-0.9 1.6-1.2q3-2.2 8.9-6.1 1-0.7 1.8-1.6zM32 7.4q0 1.4-0.9 2.7t-2.2 2.2q-6.7 4.7-8.4 5.8-0.2 0.1-0.7 0.5t-1 0.7-0.9 0.6-1.1 0.5-0.9 0.2h-0.1q-0.4 0-0.9-0.2t-1.1-0.5-0.9-0.6-1-0.7-0.7-0.5q-1.6-1.1-4.7-3.2t-3.6-2.6q-1.1-0.7-2.1-2t-1-2.5q0-1.4 0.7-2.3t2.1-0.9h26.3q1.2 0 2 0.8t0.9 2z\"\/><\/svg><\/span><\/a><\/li><\/ul><\/div>","protected":false},"excerpt":{"rendered":"<p>People&#8217;s Climate Case: Gericht sieht keine &#8222;exklusive&#8220; Betroffenheit der Kl\u00e4gerinnen und Kl\u00e4ger und weist Berufung daher [&hellip;]<\/p>\n","protected":false},"author":3,"featured_media":69668,"comment_status":"closed","ping_status":"closed","sticky":false,"template":"","format":"standard","meta":{"inline_featured_image":false,"footnotes":""},"categories":[21],"tags":[],"class_list":["post-69663","post","type-post","status-publish","format-standard","has-post-thumbnail","hentry","category-politik"],"yoast_head":"<!-- This site is optimized with the Yoast SEO plugin v26.5 - https:\/\/yoast.com\/wordpress\/plugins\/seo\/ -->\n<title>Europ\u00e4ischer Gerichtshof verweigert Grundrechtsschutz f\u00fcr Betroffene der Klimakrise - Sonnenseite - \u00d6kologische Kommunikation mit Franz Alt<\/title>\n<meta name=\"description\" content=\"People&#039;s Climate Case: Gericht sieht keine &quot;exklusive&quot; Betroffenheit der Kl\u00e4gerinnen und Kl\u00e4ger und weist Berufung daher zur\u00fcck. Germanwatch und Protect\" \/>\n<meta name=\"robots\" content=\"index, follow, max-snippet:-1, max-image-preview:large, max-video-preview:-1\" \/>\n<link rel=\"canonical\" href=\"https:\/\/www.sonnenseite.com\/de\/politik\/europaeischer-gerichtshof-verweigert-grundrechtsschutz-fuer-betroffene-der-klimakrise\/\" \/>\n<meta property=\"og:locale\" content=\"de_DE\" \/>\n<meta property=\"og:type\" content=\"article\" \/>\n<meta property=\"og:title\" content=\"Europ\u00e4ischer Gerichtshof verweigert Grundrechtsschutz f\u00fcr Betroffene der Klimakrise - Sonnenseite - \u00d6kologische Kommunikation mit Franz Alt\" \/>\n<meta property=\"og:description\" content=\"People&#039;s Climate Case: Gericht sieht keine &quot;exklusive&quot; Betroffenheit der Kl\u00e4gerinnen und Kl\u00e4ger und weist Berufung daher zur\u00fcck. Germanwatch und Protect\" \/>\n<meta property=\"og:url\" content=\"https:\/\/www.sonnenseite.com\/de\/politik\/europaeischer-gerichtshof-verweigert-grundrechtsschutz-fuer-betroffene-der-klimakrise\/\" \/>\n<meta property=\"og:site_name\" content=\"Sonnenseite\" \/>\n<meta property=\"article:publisher\" content=\"https:\/\/www.facebook.com\/pages\/Franz-Alt-SONNENSEITECOM\/221072987903953?fref=ts\" \/>\n<meta property=\"article:published_time\" content=\"2021-03-26T08:39:40+00:00\" \/>\n<meta property=\"og:image\" content=\"https:\/\/www.sonnenseite.com\/wp-content\/uploads\/2021\/03\/EuropaeischerGerichtshof_G-Fessy-CJUE.jpg\" \/>\n\t<meta property=\"og:image:width\" content=\"770\" \/>\n\t<meta property=\"og:image:height\" content=\"420\" \/>\n\t<meta property=\"og:image:type\" content=\"image\/jpeg\" \/>\n<meta name=\"author\" content=\"Bigi Alt\" \/>\n<meta name=\"twitter:card\" content=\"summary_large_image\" \/>\n<meta name=\"twitter:creator\" content=\"@franzalt\" \/>\n<meta name=\"twitter:site\" content=\"@franzalt\" \/>\n<meta name=\"twitter:label1\" content=\"Verfasst von\" \/>\n\t<meta name=\"twitter:data1\" content=\"Bigi Alt\" \/>\n\t<meta name=\"twitter:label2\" content=\"Gesch\u00e4tzte Lesezeit\" \/>\n\t<meta name=\"twitter:data2\" content=\"4\u00a0Minuten\" \/>\n<script type=\"application\/ld+json\" class=\"yoast-schema-graph\">{\"@context\":\"https:\/\/schema.org\",\"@graph\":[{\"@type\":\"Article\",\"@id\":\"https:\/\/www.sonnenseite.com\/de\/politik\/europaeischer-gerichtshof-verweigert-grundrechtsschutz-fuer-betroffene-der-klimakrise\/#article\",\"isPartOf\":{\"@id\":\"https:\/\/www.sonnenseite.com\/de\/politik\/europaeischer-gerichtshof-verweigert-grundrechtsschutz-fuer-betroffene-der-klimakrise\/\"},\"author\":{\"name\":\"Bigi Alt\",\"@id\":\"https:\/\/www.sonnenseite.com\/de\/#\/schema\/person\/50fda0e926597684c7cc6695238a4eb9\"},\"headline\":\"Europ\u00e4ischer Gerichtshof verweigert Grundrechtsschutz f\u00fcr Betroffene der Klimakrise\",\"datePublished\":\"2021-03-26T08:39:40+00:00\",\"mainEntityOfPage\":{\"@id\":\"https:\/\/www.sonnenseite.com\/de\/politik\/europaeischer-gerichtshof-verweigert-grundrechtsschutz-fuer-betroffene-der-klimakrise\/\"},\"wordCount\":807,\"publisher\":{\"@id\":\"https:\/\/www.sonnenseite.com\/de\/#organization\"},\"image\":{\"@id\":\"https:\/\/www.sonnenseite.com\/de\/politik\/europaeischer-gerichtshof-verweigert-grundrechtsschutz-fuer-betroffene-der-klimakrise\/#primaryimage\"},\"thumbnailUrl\":\"https:\/\/www.sonnenseite.com\/wp-content\/uploads\/2021\/03\/EuropaeischerGerichtshof_G-Fessy-CJUE.jpg\",\"articleSection\":[\"Politik\"],\"inLanguage\":\"de\"},{\"@type\":\"WebPage\",\"@id\":\"https:\/\/www.sonnenseite.com\/de\/politik\/europaeischer-gerichtshof-verweigert-grundrechtsschutz-fuer-betroffene-der-klimakrise\/\",\"url\":\"https:\/\/www.sonnenseite.com\/de\/politik\/europaeischer-gerichtshof-verweigert-grundrechtsschutz-fuer-betroffene-der-klimakrise\/\",\"name\":\"Europ\u00e4ischer Gerichtshof verweigert Grundrechtsschutz f\u00fcr Betroffene der Klimakrise - Sonnenseite - \u00d6kologische Kommunikation mit Franz Alt\",\"isPartOf\":{\"@id\":\"https:\/\/www.sonnenseite.com\/de\/#website\"},\"primaryImageOfPage\":{\"@id\":\"https:\/\/www.sonnenseite.com\/de\/politik\/europaeischer-gerichtshof-verweigert-grundrechtsschutz-fuer-betroffene-der-klimakrise\/#primaryimage\"},\"image\":{\"@id\":\"https:\/\/www.sonnenseite.com\/de\/politik\/europaeischer-gerichtshof-verweigert-grundrechtsschutz-fuer-betroffene-der-klimakrise\/#primaryimage\"},\"thumbnailUrl\":\"https:\/\/www.sonnenseite.com\/wp-content\/uploads\/2021\/03\/EuropaeischerGerichtshof_G-Fessy-CJUE.jpg\",\"datePublished\":\"2021-03-26T08:39:40+00:00\",\"description\":\"People's Climate Case: Gericht sieht keine \\\"exklusive\\\" Betroffenheit der Kl\u00e4gerinnen und Kl\u00e4ger und weist Berufung daher zur\u00fcck. Germanwatch und Protect\",\"breadcrumb\":{\"@id\":\"https:\/\/www.sonnenseite.com\/de\/politik\/europaeischer-gerichtshof-verweigert-grundrechtsschutz-fuer-betroffene-der-klimakrise\/#breadcrumb\"},\"inLanguage\":\"de\",\"potentialAction\":[{\"@type\":\"ReadAction\",\"target\":[\"https:\/\/www.sonnenseite.com\/de\/politik\/europaeischer-gerichtshof-verweigert-grundrechtsschutz-fuer-betroffene-der-klimakrise\/\"]}]},{\"@type\":\"ImageObject\",\"inLanguage\":\"de\",\"@id\":\"https:\/\/www.sonnenseite.com\/de\/politik\/europaeischer-gerichtshof-verweigert-grundrechtsschutz-fuer-betroffene-der-klimakrise\/#primaryimage\",\"url\":\"https:\/\/www.sonnenseite.com\/wp-content\/uploads\/2021\/03\/EuropaeischerGerichtshof_G-Fessy-CJUE.jpg\",\"contentUrl\":\"https:\/\/www.sonnenseite.com\/wp-content\/uploads\/2021\/03\/EuropaeischerGerichtshof_G-Fessy-CJUE.jpg\",\"width\":770,\"height\":420,\"caption\":\"Gerichtshof der Europ\u00e4ischen Union | G-Fessy | CJUE\"},{\"@type\":\"BreadcrumbList\",\"@id\":\"https:\/\/www.sonnenseite.com\/de\/politik\/europaeischer-gerichtshof-verweigert-grundrechtsschutz-fuer-betroffene-der-klimakrise\/#breadcrumb\",\"itemListElement\":[{\"@type\":\"ListItem\",\"position\":1,\"name\":\"Startseite\",\"item\":\"https:\/\/www.sonnenseite.com\/de\/\"},{\"@type\":\"ListItem\",\"position\":2,\"name\":\"Europ\u00e4ischer Gerichtshof verweigert Grundrechtsschutz f\u00fcr Betroffene der Klimakrise\"}]},{\"@type\":\"WebSite\",\"@id\":\"https:\/\/www.sonnenseite.com\/de\/#website\",\"url\":\"https:\/\/www.sonnenseite.com\/de\/\",\"name\":\"Sonnenseite\",\"description\":\"\u00d6kologische Kommunikation mit Franz Alt\",\"publisher\":{\"@id\":\"https:\/\/www.sonnenseite.com\/de\/#organization\"},\"potentialAction\":[{\"@type\":\"SearchAction\",\"target\":{\"@type\":\"EntryPoint\",\"urlTemplate\":\"https:\/\/www.sonnenseite.com\/de\/?s={search_term_string}\"},\"query-input\":{\"@type\":\"PropertyValueSpecification\",\"valueRequired\":true,\"valueName\":\"search_term_string\"}}],\"inLanguage\":\"de\"},{\"@type\":\"Organization\",\"@id\":\"https:\/\/www.sonnenseite.com\/de\/#organization\",\"name\":\"Sonnenseite\",\"url\":\"https:\/\/www.sonnenseite.com\/de\/\",\"logo\":{\"@type\":\"ImageObject\",\"inLanguage\":\"de\",\"@id\":\"https:\/\/www.sonnenseite.com\/de\/#\/schema\/logo\/image\/\",\"url\":\"https:\/\/www.sonnenseite.com\/wp-content\/uploads\/2020\/05\/Sonnenseite_Logo.png\",\"contentUrl\":\"https:\/\/www.sonnenseite.com\/wp-content\/uploads\/2020\/05\/Sonnenseite_Logo.png\",\"width\":377,\"height\":90,\"caption\":\"Sonnenseite\"},\"image\":{\"@id\":\"https:\/\/www.sonnenseite.com\/de\/#\/schema\/logo\/image\/\"},\"sameAs\":[\"https:\/\/www.facebook.com\/pages\/Franz-Alt-SONNENSEITECOM\/221072987903953?fref=ts\",\"https:\/\/x.com\/franzalt\",\"http:\/\/www.youtube.com\/results?search_query&amp;amp;quot;franz_alt&amp;amp;quot;&amp;amp;amp;amp;search_type&amp;amp;amp;amp;aq=f\"]},{\"@type\":\"Person\",\"@id\":\"https:\/\/www.sonnenseite.com\/de\/#\/schema\/person\/50fda0e926597684c7cc6695238a4eb9\",\"name\":\"Bigi Alt\"}]}<\/script>\n<!-- \/ Yoast SEO plugin. -->","yoast_head_json":{"title":"Europ\u00e4ischer Gerichtshof verweigert Grundrechtsschutz f\u00fcr Betroffene der Klimakrise - Sonnenseite - \u00d6kologische Kommunikation mit Franz Alt","description":"People's Climate Case: Gericht sieht keine \"exklusive\" Betroffenheit der Kl\u00e4gerinnen und Kl\u00e4ger und weist Berufung daher zur\u00fcck. Germanwatch und Protect","robots":{"index":"index","follow":"follow","max-snippet":"max-snippet:-1","max-image-preview":"max-image-preview:large","max-video-preview":"max-video-preview:-1"},"canonical":"https:\/\/www.sonnenseite.com\/de\/politik\/europaeischer-gerichtshof-verweigert-grundrechtsschutz-fuer-betroffene-der-klimakrise\/","og_locale":"de_DE","og_type":"article","og_title":"Europ\u00e4ischer Gerichtshof verweigert Grundrechtsschutz f\u00fcr Betroffene der Klimakrise - Sonnenseite - \u00d6kologische Kommunikation mit Franz Alt","og_description":"People's Climate Case: Gericht sieht keine \"exklusive\" Betroffenheit der Kl\u00e4gerinnen und Kl\u00e4ger und weist Berufung daher zur\u00fcck. Germanwatch und Protect","og_url":"https:\/\/www.sonnenseite.com\/de\/politik\/europaeischer-gerichtshof-verweigert-grundrechtsschutz-fuer-betroffene-der-klimakrise\/","og_site_name":"Sonnenseite","article_publisher":"https:\/\/www.facebook.com\/pages\/Franz-Alt-SONNENSEITECOM\/221072987903953?fref=ts","article_published_time":"2021-03-26T08:39:40+00:00","og_image":[{"width":770,"height":420,"url":"https:\/\/www.sonnenseite.com\/wp-content\/uploads\/2021\/03\/EuropaeischerGerichtshof_G-Fessy-CJUE.jpg","type":"image\/jpeg"}],"author":"Bigi Alt","twitter_card":"summary_large_image","twitter_creator":"@franzalt","twitter_site":"@franzalt","twitter_misc":{"Verfasst von":"Bigi Alt","Gesch\u00e4tzte Lesezeit":"4\u00a0Minuten"},"schema":{"@context":"https:\/\/schema.org","@graph":[{"@type":"Article","@id":"https:\/\/www.sonnenseite.com\/de\/politik\/europaeischer-gerichtshof-verweigert-grundrechtsschutz-fuer-betroffene-der-klimakrise\/#article","isPartOf":{"@id":"https:\/\/www.sonnenseite.com\/de\/politik\/europaeischer-gerichtshof-verweigert-grundrechtsschutz-fuer-betroffene-der-klimakrise\/"},"author":{"name":"Bigi Alt","@id":"https:\/\/www.sonnenseite.com\/de\/#\/schema\/person\/50fda0e926597684c7cc6695238a4eb9"},"headline":"Europ\u00e4ischer Gerichtshof verweigert Grundrechtsschutz f\u00fcr Betroffene der Klimakrise","datePublished":"2021-03-26T08:39:40+00:00","mainEntityOfPage":{"@id":"https:\/\/www.sonnenseite.com\/de\/politik\/europaeischer-gerichtshof-verweigert-grundrechtsschutz-fuer-betroffene-der-klimakrise\/"},"wordCount":807,"publisher":{"@id":"https:\/\/www.sonnenseite.com\/de\/#organization"},"image":{"@id":"https:\/\/www.sonnenseite.com\/de\/politik\/europaeischer-gerichtshof-verweigert-grundrechtsschutz-fuer-betroffene-der-klimakrise\/#primaryimage"},"thumbnailUrl":"https:\/\/www.sonnenseite.com\/wp-content\/uploads\/2021\/03\/EuropaeischerGerichtshof_G-Fessy-CJUE.jpg","articleSection":["Politik"],"inLanguage":"de"},{"@type":"WebPage","@id":"https:\/\/www.sonnenseite.com\/de\/politik\/europaeischer-gerichtshof-verweigert-grundrechtsschutz-fuer-betroffene-der-klimakrise\/","url":"https:\/\/www.sonnenseite.com\/de\/politik\/europaeischer-gerichtshof-verweigert-grundrechtsschutz-fuer-betroffene-der-klimakrise\/","name":"Europ\u00e4ischer Gerichtshof verweigert Grundrechtsschutz f\u00fcr Betroffene der Klimakrise - Sonnenseite - \u00d6kologische Kommunikation mit Franz Alt","isPartOf":{"@id":"https:\/\/www.sonnenseite.com\/de\/#website"},"primaryImageOfPage":{"@id":"https:\/\/www.sonnenseite.com\/de\/politik\/europaeischer-gerichtshof-verweigert-grundrechtsschutz-fuer-betroffene-der-klimakrise\/#primaryimage"},"image":{"@id":"https:\/\/www.sonnenseite.com\/de\/politik\/europaeischer-gerichtshof-verweigert-grundrechtsschutz-fuer-betroffene-der-klimakrise\/#primaryimage"},"thumbnailUrl":"https:\/\/www.sonnenseite.com\/wp-content\/uploads\/2021\/03\/EuropaeischerGerichtshof_G-Fessy-CJUE.jpg","datePublished":"2021-03-26T08:39:40+00:00","description":"People's Climate Case: Gericht sieht keine \"exklusive\" Betroffenheit der Kl\u00e4gerinnen und Kl\u00e4ger und weist Berufung daher zur\u00fcck. Germanwatch und Protect","breadcrumb":{"@id":"https:\/\/www.sonnenseite.com\/de\/politik\/europaeischer-gerichtshof-verweigert-grundrechtsschutz-fuer-betroffene-der-klimakrise\/#breadcrumb"},"inLanguage":"de","potentialAction":[{"@type":"ReadAction","target":["https:\/\/www.sonnenseite.com\/de\/politik\/europaeischer-gerichtshof-verweigert-grundrechtsschutz-fuer-betroffene-der-klimakrise\/"]}]},{"@type":"ImageObject","inLanguage":"de","@id":"https:\/\/www.sonnenseite.com\/de\/politik\/europaeischer-gerichtshof-verweigert-grundrechtsschutz-fuer-betroffene-der-klimakrise\/#primaryimage","url":"https:\/\/www.sonnenseite.com\/wp-content\/uploads\/2021\/03\/EuropaeischerGerichtshof_G-Fessy-CJUE.jpg","contentUrl":"https:\/\/www.sonnenseite.com\/wp-content\/uploads\/2021\/03\/EuropaeischerGerichtshof_G-Fessy-CJUE.jpg","width":770,"height":420,"caption":"Gerichtshof der Europ\u00e4ischen Union | G-Fessy | CJUE"},{"@type":"BreadcrumbList","@id":"https:\/\/www.sonnenseite.com\/de\/politik\/europaeischer-gerichtshof-verweigert-grundrechtsschutz-fuer-betroffene-der-klimakrise\/#breadcrumb","itemListElement":[{"@type":"ListItem","position":1,"name":"Startseite","item":"https:\/\/www.sonnenseite.com\/de\/"},{"@type":"ListItem","position":2,"name":"Europ\u00e4ischer Gerichtshof verweigert Grundrechtsschutz f\u00fcr Betroffene der Klimakrise"}]},{"@type":"WebSite","@id":"https:\/\/www.sonnenseite.com\/de\/#website","url":"https:\/\/www.sonnenseite.com\/de\/","name":"Sonnenseite","description":"\u00d6kologische Kommunikation mit Franz Alt","publisher":{"@id":"https:\/\/www.sonnenseite.com\/de\/#organization"},"potentialAction":[{"@type":"SearchAction","target":{"@type":"EntryPoint","urlTemplate":"https:\/\/www.sonnenseite.com\/de\/?s={search_term_string}"},"query-input":{"@type":"PropertyValueSpecification","valueRequired":true,"valueName":"search_term_string"}}],"inLanguage":"de"},{"@type":"Organization","@id":"https:\/\/www.sonnenseite.com\/de\/#organization","name":"Sonnenseite","url":"https:\/\/www.sonnenseite.com\/de\/","logo":{"@type":"ImageObject","inLanguage":"de","@id":"https:\/\/www.sonnenseite.com\/de\/#\/schema\/logo\/image\/","url":"https:\/\/www.sonnenseite.com\/wp-content\/uploads\/2020\/05\/Sonnenseite_Logo.png","contentUrl":"https:\/\/www.sonnenseite.com\/wp-content\/uploads\/2020\/05\/Sonnenseite_Logo.png","width":377,"height":90,"caption":"Sonnenseite"},"image":{"@id":"https:\/\/www.sonnenseite.com\/de\/#\/schema\/logo\/image\/"},"sameAs":["https:\/\/www.facebook.com\/pages\/Franz-Alt-SONNENSEITECOM\/221072987903953?fref=ts","https:\/\/x.com\/franzalt","http:\/\/www.youtube.com\/results?search_query&amp;amp;quot;franz_alt&amp;amp;quot;&amp;amp;amp;amp;search_type&amp;amp;amp;amp;aq=f"]},{"@type":"Person","@id":"https:\/\/www.sonnenseite.com\/de\/#\/schema\/person\/50fda0e926597684c7cc6695238a4eb9","name":"Bigi Alt"}]}},"_links":{"self":[{"href":"https:\/\/www.sonnenseite.com\/de\/wp-json\/wp\/v2\/posts\/69663","targetHints":{"allow":["GET"]}}],"collection":[{"href":"https:\/\/www.sonnenseite.com\/de\/wp-json\/wp\/v2\/posts"}],"about":[{"href":"https:\/\/www.sonnenseite.com\/de\/wp-json\/wp\/v2\/types\/post"}],"author":[{"embeddable":true,"href":"https:\/\/www.sonnenseite.com\/de\/wp-json\/wp\/v2\/users\/3"}],"replies":[{"embeddable":true,"href":"https:\/\/www.sonnenseite.com\/de\/wp-json\/wp\/v2\/comments?post=69663"}],"version-history":[{"count":4,"href":"https:\/\/www.sonnenseite.com\/de\/wp-json\/wp\/v2\/posts\/69663\/revisions"}],"predecessor-version":[{"id":69667,"href":"https:\/\/www.sonnenseite.com\/de\/wp-json\/wp\/v2\/posts\/69663\/revisions\/69667"}],"wp:featuredmedia":[{"embeddable":true,"href":"https:\/\/www.sonnenseite.com\/de\/wp-json\/wp\/v2\/media\/69668"}],"wp:attachment":[{"href":"https:\/\/www.sonnenseite.com\/de\/wp-json\/wp\/v2\/media?parent=69663"}],"wp:term":[{"taxonomy":"category","embeddable":true,"href":"https:\/\/www.sonnenseite.com\/de\/wp-json\/wp\/v2\/categories?post=69663"},{"taxonomy":"post_tag","embeddable":true,"href":"https:\/\/www.sonnenseite.com\/de\/wp-json\/wp\/v2\/tags?post=69663"}],"curies":[{"name":"wp","href":"https:\/\/api.w.org\/{rel}","templated":true}]}}