{"id":69851,"date":"2021-04-02T03:16:00","date_gmt":"2021-04-02T01:16:00","guid":{"rendered":"https:\/\/www.sonnenseite.com\/?p=69851"},"modified":"2021-04-11T09:30:08","modified_gmt":"2021-04-11T07:30:08","slug":"schaffen-sich-die-kirchen-selbst-ab","status":"publish","type":"post","link":"https:\/\/www.sonnenseite.com\/de\/franz-alt\/kommentare-interviews\/schaffen-sich-die-kirchen-selbst-ab\/","title":{"rendered":"Schaffen sich die Kirchen selbst ab?"},"content":{"rendered":"\n<p>Im Jahr 2019 traten 540.000 Menschen in Deutschland aus den beiden gro\u00dfen Kirchen aus. Nach dem Zweiten Weltkrieg waren noch um die 90% der Deutschen Mitglied einer christlichen Kirche, heute sind es noch knapp 60%. <\/p>\n\n\n\n<p>Tendenz weiter stark fallend nicht nur in K\u00f6ln wegen der aktuellen Ereignisse. Wenn diese Entwicklung so weitergeht, haben die katholische und die evangelische Kirche noch weit vor dem Ende des 21. Jahrhunderts kein einziges Mitglied mehr. Schaffen sich die christlichen Kirchen selbst ab? Geht auch das Wissen um den wirkm\u00e4chtigsten Menschen der Geschichte, das Wissen von Jesus, verloren?<\/p>\n\n\n\n<div class=\"wp-block-image\"><figure class=\"alignright size-large is-resized\"><img loading=\"lazy\" decoding=\"async\" src=\"https:\/\/www.sonnenseite.com\/wp-content\/uploads\/2021\/04\/Zeit_LebenohneGlauben_Ostern.jpg\" alt=\"\" class=\"wp-image-69854\" width=\"254\" height=\"181\" srcset=\"https:\/\/www.sonnenseite.com\/wp-content\/uploads\/2021\/04\/Zeit_LebenohneGlauben_Ostern.jpg 588w, https:\/\/www.sonnenseite.com\/wp-content\/uploads\/2021\/04\/Zeit_LebenohneGlauben_Ostern-300x214.jpg 300w\" sizes=\"auto, (max-width: 254px) 100vw, 254px\" \/><figcaption>\u00a9 DIE ZEIT \/ Ostern 2021<\/figcaption><\/figure><\/div>\n\n\n\n<p>55% der Deutschen glauben noch an Gott. \u00dcberraschend ist, dass es unter den \u00fcber 65-J\u00e4hrigen nur noch 29% sind. Ist das 21. Jahrhundert nur ein Jahrhundert der Kirchenkrise oder bereits ein Jahrhundert der Glaubenskrise? <a href=\"https:\/\/premium.zeit.de\/aktuelle-zeit?wt_zmc=cross.int.zonpme.zeitde.printbox.ausgseite.bildtext.button.button&amp;utm_medium=cross&amp;utm_source=zeitde_zonpme_int&amp;utm_campaign=printbox&amp;utm_content=ausgseite_bildtext_button_button\">Gibt es ein \u201eLeben ohne Glauben\u201c? fragt die \u201eZeit\u201c in ihrer Osterausgabe 2021.<\/a> Oder treten bereits Verschw\u00f6rungstheorien an die Stelle des alten Glaubens? Ist das offizielle Neue Testament vielleicht selbst voller Fakenews?<\/p>\n\n\n\n<p>Ostern ist nicht nur das Fest, an dem wir uns an einen wunderbaren jungen Mann erinnern, der die Kreuzigung \u00fcberlebt hat, sondern auch an seine engste Gef\u00e4hrtin und Freundin Maria Magdalena, die sein \u00dcberleben als erste bezeugte. Das wichtigste Wort \u00fcber die Zukunft der Kirche im gesamten Neuen Testament hat sie gesprochen: \u201eEr lebt\u201c. Das ist die Osterhoffnung schlechthin: Der Tod hat nicht das letzte Wort.<\/p>\n\n\n\n<p>Die M\u00e4nner um Jesus hatten sich am Ostermorgen \u00e4ngstlich versteckt. Sie hielten die Botschaft von Maria Magdalena zuerst f\u00fcr \u201eWeibergeschw\u00e4tz\u201c. Die Frau muss verr\u00fcckt sein.<\/p>\n\n\n\n<p>Das geht eindeutig aus dem Maria-Magdalena-Evangelium hervor, das erst nach 1945 im W\u00fcstensand in \u00c4gypten gefunden wurde. Daraus wissen wir, dass die Gef\u00e4hrtin und Partnerin Jesu in den ersten drei Jahrhunderten in der Urkirche eine zentrale Rolle gespielt hat. Das hat Papst Franziskus im Jahr 2016 endlich auch anerkannt, indem er Maria aus Magdala die \u201eApostelin der Apostel\u201c genannt hat. Sie war also die erste P\u00e4pstin. Nicht Petrus, der Jesus verraten hatte.<\/p>\n\n\n\n<p>Wenn die heutigen Kirchen diese zentrale Rolle der Jesus-Gef\u00e4hrtin endlich anerkennen w\u00fcrden, m\u00fcsste vor allem die katholische Kirche ihre Einstellung zu Frauen fundamental \u00e4ndern und sie selbstverst\u00e4ndlich auch zu Priesterinnen, zu Bisch\u00f6finnen oder auch zu P\u00e4pstinnen weihen. Es ist die vielleicht letzte Chance f\u00fcr diese Kirche, sich selbst zu retten, indem sie wieder in die Spur Jesu findet, der ein gro\u00dfer Frauenfreund war. Die Frauen seiner Zeit waren geradezu verr\u00fcckt nach diesem ersten neuen Mann. Die emanzipierte Maria Magdalena ging in seine Schule und er ging in ihre Schule. Sie sind ein Traumpaar und schon deshalb ein gro\u00dfes Vorbild f\u00fcr unsere Zeit, in der so viele Partnerschaften zerbrechen.<\/p>\n\n\n\n<div class=\"wp-block-image\"><figure class=\"aligncenter size-large\"><img loading=\"lazy\" decoding=\"async\" width=\"522\" height=\"151\" src=\"https:\/\/www.sonnenseite.com\/wp-content\/uploads\/2021\/03\/FranzAlt_Die-aussergewoehnlichste-Liebe-aller-Zeiten_Bestseller.jpg\" alt=\"HERDER Verlag\" class=\"wp-image-68963\" srcset=\"https:\/\/www.sonnenseite.com\/wp-content\/uploads\/2021\/03\/FranzAlt_Die-aussergewoehnlichste-Liebe-aller-Zeiten_Bestseller.jpg 522w, https:\/\/www.sonnenseite.com\/wp-content\/uploads\/2021\/03\/FranzAlt_Die-aussergewoehnlichste-Liebe-aller-Zeiten_Bestseller-300x87.jpg 300w\" sizes=\"auto, (max-width: 522px) 100vw, 522px\" \/><figcaption>\u00a9 HERDER Verlag | <a href=\"https:\/\/www.amazon.de\/gp\/product\/3451387093\/ref=as_li_tl?ie=UTF8&amp;camp=1638&amp;creative=6742&amp;creativeASIN=3451387093&amp;linkCode=as2&amp;tag=altini1938-21&amp;linkId=346fb9af984fb345315d92c7f1d9e23d\" target=\"_blank\" rel=\"noreferrer noopener\">Franz Alt \u201eDie au\u00dfergew\u00f6hnlichste Liebe aller Zeiten: Die wahre Geschichte von Jesus, Maria Magdalena und Judas\u201c<\/a><\/figcaption><\/figure><\/div>\n\n\n\n<p>Ich habe dieses Traumpaar und ebenso die Freundschaft Jesu zu Judas in meinem <a href=\"https:\/\/www.sonnenseite.com\/de\/franz-alt\/kommentare-interviews\/das-gefaehrliche-trio-jesus-judas-und-maria-magdalena\/\">Buch \u201eDie au\u00dfergew\u00f6hnlichste Liebe aller Zeiten \u2013 Die wahre Geschichte von Jesus, Maria Magdalena und Judas\u201c<\/a> unter Ber\u00fccksichtigung der neuesten Quellen geschrieben. Es ist soeben im Herder-Verlag erschienen. Kardinal Reinhard Marx nannte des Buch \u201eein Buch, das Hoffnung macht, gerade auch in der Kirche\u201c.<\/p>\n\n\n\n<p>Vielleicht besteht jetzt die gro\u00dfe Chance f\u00fcr die christliche Kirche, den Fall in die Bedeutungslosigkeit noch aufzuhalten und die Impulse des Reform-Papstes aufzugreifen.<\/p>\n\n\n\n<p>In einem Konzil muss die Rolle von Maria Magdalena wie auch von Judas v\u00f6llig neu definiert werden. Erst dann kann die christliche Kirche wieder glaubw\u00fcrdig Ostern feiern, mit Vertrauen auf eine gute Zukunft blicken und auch eine wichtige geistige Rolle in der Gesellschaft spielen.<\/p>\n\n\n\n<p>Auch ohne Kirchen wird die Suche nach dem Sinn des Lebens nicht aufh\u00f6ren.<\/p>\n\n\n\n<ul class=\"wp-block-list\"><li><a href=\"https:\/\/www.amazon.de\/gp\/product\/3451387093\/ref=as_li_tl?ie=UTF8&amp;camp=1638&amp;creative=6742&amp;creativeASIN=3451387093&amp;linkCode=as2&amp;tag=altini1938-21&amp;linkId=346fb9af984fb345315d92c7f1d9e23d\" target=\"_blank\" rel=\"noreferrer noopener\">Franz Alt \u201eDie au\u00dfergew\u00f6hnlichste Liebe aller Zeiten: Die wahre Geschichte von Jesus, Maria Magdalena und Judas\u201c<\/a><br><a href=\"https:\/\/media.herder.de\/leseprobe\/978-3-451-38709-8\/html5.html\" target=\"_blank\" rel=\"noreferrer noopener\">Leseprobe<\/a><\/li><\/ul>\n\n\n<h5 class=\"green\">Quelle<\/h5>\r\n\n\n\n<p><a href=\"franz_alt@web.de\">FRANZ ALT 2021<\/a><\/p>\n<div class=\"shariff shariff-align-flex-start shariff-widget-align-flex-start\"><div class=\"ShariffHeadline\">Diese Meldung teilen<\/div><ul class=\"shariff-buttons theme-round orientation-horizontal buttonsize-medium\"><li class=\"shariff-button facebook shariff-nocustomcolor\" style=\"background-color:#4273c8;border-radius:1%\"><a href=\"https:\/\/www.facebook.com\/sharer\/sharer.php?u=https%3A%2F%2Fwww.sonnenseite.com%2Fde%2Ffranz-alt%2Fkommentare-interviews%2Fschaffen-sich-die-kirchen-selbst-ab%2F\" title=\"Bei Facebook teilen\" aria-label=\"Bei Facebook teilen\" role=\"button\" rel=\"nofollow\" class=\"shariff-link\" style=\";border-radius:1%; background-color:#3b5998; color:#fff\" target=\"_blank\"><span class=\"shariff-icon\" style=\"\"><svg width=\"32px\" height=\"20px\" xmlns=\"http:\/\/www.w3.org\/2000\/svg\" viewBox=\"0 0 18 32\"><path fill=\"#3b5998\" d=\"M17.1 0.2v4.7h-2.8q-1.5 0-2.1 0.6t-0.5 1.9v3.4h5.2l-0.7 5.3h-4.5v13.6h-5.5v-13.6h-4.5v-5.3h4.5v-3.9q0-3.3 1.9-5.2t5-1.8q2.6 0 4.1 0.2z\"\/><\/svg><\/span><\/a><\/li><li class=\"shariff-button twitter shariff-nocustomcolor\" style=\"background-color:#595959;border-radius:1%\"><a href=\"https:\/\/twitter.com\/share?url=https%3A%2F%2Fwww.sonnenseite.com%2Fde%2Ffranz-alt%2Fkommentare-interviews%2Fschaffen-sich-die-kirchen-selbst-ab%2F&text=Schaffen%20sich%20die%20Kirchen%20selbst%20ab%3F\" title=\"Bei X teilen\" aria-label=\"Bei X teilen\" role=\"button\" rel=\"noopener nofollow\" class=\"shariff-link\" style=\";border-radius:1%; background-color:#000; color:#fff\" target=\"_blank\"><span class=\"shariff-icon\" style=\"\"><svg width=\"32px\" height=\"20px\" xmlns=\"http:\/\/www.w3.org\/2000\/svg\" viewBox=\"0 0 24 24\"><path fill=\"#000\" d=\"M14.258 10.152L23.176 0h-2.113l-7.747 8.813L7.133 0H0l9.352 13.328L0 23.973h2.113l8.176-9.309 6.531 9.309h7.133zm-2.895 3.293l-.949-1.328L2.875 1.56h3.246l6.086 8.523.945 1.328 7.91 11.078h-3.246zm0 0\"\/><\/svg><\/span><\/a><\/li><li class=\"shariff-button xing shariff-nocustomcolor\" style=\"background-color:#29888a;border-radius:1%\"><a href=\"https:\/\/www.xing.com\/spi\/shares\/new?url=https%3A%2F%2Fwww.sonnenseite.com%2Fde%2Ffranz-alt%2Fkommentare-interviews%2Fschaffen-sich-die-kirchen-selbst-ab%2F\" title=\"Bei XING teilen\" aria-label=\"Bei XING teilen\" role=\"button\" rel=\"noopener nofollow\" class=\"shariff-link\" style=\";border-radius:1%; background-color:#126567; color:#fff\" target=\"_blank\"><span class=\"shariff-icon\" style=\"\"><svg width=\"32px\" height=\"20px\" xmlns=\"http:\/\/www.w3.org\/2000\/svg\" viewBox=\"0 0 25 32\"><path fill=\"#126567\" d=\"M10.7 11.9q-0.2 0.3-4.6 8.2-0.5 0.8-1.2 0.8h-4.3q-0.4 0-0.5-0.3t0-0.6l4.5-8q0 0 0 0l-2.9-5q-0.2-0.4 0-0.7 0.2-0.3 0.5-0.3h4.3q0.7 0 1.2 0.8zM25.1 0.4q0.2 0.3 0 0.7l-9.4 16.7 6 11q0.2 0.4 0 0.6-0.2 0.3-0.6 0.3h-4.3q-0.7 0-1.2-0.8l-6-11.1q0.3-0.6 9.5-16.8 0.4-0.8 1.2-0.8h4.3q0.4 0 0.5 0.3z\"\/><\/svg><\/span><\/a><\/li><li class=\"shariff-button linkedin shariff-nocustomcolor\" style=\"background-color:#1488bf;border-radius:1%\"><a href=\"https:\/\/www.linkedin.com\/sharing\/share-offsite\/?url=https%3A%2F%2Fwww.sonnenseite.com%2Fde%2Ffranz-alt%2Fkommentare-interviews%2Fschaffen-sich-die-kirchen-selbst-ab%2F\" title=\"Bei LinkedIn teilen\" aria-label=\"Bei LinkedIn teilen\" role=\"button\" rel=\"noopener nofollow\" class=\"shariff-link\" style=\";border-radius:1%; background-color:#0077b5; color:#fff\" target=\"_blank\"><span class=\"shariff-icon\" style=\"\"><svg width=\"32px\" height=\"20px\" xmlns=\"http:\/\/www.w3.org\/2000\/svg\" viewBox=\"0 0 27 32\"><path fill=\"#0077b5\" d=\"M6.2 11.2v17.7h-5.9v-17.7h5.9zM6.6 5.7q0 1.3-0.9 2.2t-2.4 0.9h0q-1.5 0-2.4-0.9t-0.9-2.2 0.9-2.2 2.4-0.9 2.4 0.9 0.9 2.2zM27.4 18.7v10.1h-5.9v-9.5q0-1.9-0.7-2.9t-2.3-1.1q-1.1 0-1.9 0.6t-1.2 1.5q-0.2 0.5-0.2 1.4v9.9h-5.9q0-7.1 0-11.6t0-5.3l0-0.9h5.9v2.6h0q0.4-0.6 0.7-1t1-0.9 1.6-0.8 2-0.3q3 0 4.9 2t1.9 6z\"\/><\/svg><\/span><\/a><\/li><li class=\"shariff-button printer shariff-nocustomcolor\" style=\"background-color:#a8a8a8;border-radius:1%\"><a href=\"javascript:window.print()\" title=\"drucken\" aria-label=\"drucken\" role=\"button\" rel=\"noopener nofollow\" class=\"shariff-link\" style=\";border-radius:1%; background-color:#999; color:#fff\"><span class=\"shariff-icon\" style=\"\"><svg width=\"32px\" height=\"20px\" xmlns=\"http:\/\/www.w3.org\/2000\/svg\" viewBox=\"0 0 30 32\"><path fill=\"#999\" d=\"M6.8 27.4h16v-4.6h-16v4.6zM6.8 16h16v-6.8h-2.8q-0.7 0-1.2-0.5t-0.5-1.2v-2.8h-11.4v11.4zM27.4 17.2q0-0.5-0.3-0.8t-0.8-0.4-0.8 0.4-0.3 0.8 0.3 0.8 0.8 0.3 0.8-0.3 0.3-0.8zM29.7 17.2v7.4q0 0.2-0.2 0.4t-0.4 0.2h-4v2.8q0 0.7-0.5 1.2t-1.2 0.5h-17.2q-0.7 0-1.2-0.5t-0.5-1.2v-2.8h-4q-0.2 0-0.4-0.2t-0.2-0.4v-7.4q0-1.4 1-2.4t2.4-1h1.2v-9.7q0-0.7 0.5-1.2t1.2-0.5h12q0.7 0 1.6 0.4t1.3 0.8l2.7 2.7q0.5 0.5 0.9 1.4t0.4 1.6v4.6h1.1q1.4 0 2.4 1t1 2.4z\"\/><\/svg><\/span><\/a><\/li><li class=\"shariff-button mailto shariff-nocustomcolor\" style=\"background-color:#a8a8a8;border-radius:1%\"><a href=\"mailto:?body=https%3A%2F%2Fwww.sonnenseite.com%2Fde%2Ffranz-alt%2Fkommentare-interviews%2Fschaffen-sich-die-kirchen-selbst-ab%2F&subject=Schaffen%20sich%20die%20Kirchen%20selbst%20ab%3F\" title=\"Per E-Mail versenden\" aria-label=\"Per E-Mail versenden\" role=\"button\" rel=\"noopener nofollow\" class=\"shariff-link\" style=\";border-radius:1%; background-color:#999; color:#fff\"><span class=\"shariff-icon\" style=\"\"><svg width=\"32px\" height=\"20px\" xmlns=\"http:\/\/www.w3.org\/2000\/svg\" viewBox=\"0 0 32 32\"><path fill=\"#999\" d=\"M32 12.7v14.2q0 1.2-0.8 2t-2 0.9h-26.3q-1.2 0-2-0.9t-0.8-2v-14.2q0.8 0.9 1.8 1.6 6.5 4.4 8.9 6.1 1 0.8 1.6 1.2t1.7 0.9 2 0.4h0.1q0.9 0 2-0.4t1.7-0.9 1.6-1.2q3-2.2 8.9-6.1 1-0.7 1.8-1.6zM32 7.4q0 1.4-0.9 2.7t-2.2 2.2q-6.7 4.7-8.4 5.8-0.2 0.1-0.7 0.5t-1 0.7-0.9 0.6-1.1 0.5-0.9 0.2h-0.1q-0.4 0-0.9-0.2t-1.1-0.5-0.9-0.6-1-0.7-0.7-0.5q-1.6-1.1-4.7-3.2t-3.6-2.6q-1.1-0.7-2.1-2t-1-2.5q0-1.4 0.7-2.3t2.1-0.9h26.3q1.2 0 2 0.8t0.9 2z\"\/><\/svg><\/span><\/a><\/li><\/ul><\/div>","protected":false},"excerpt":{"rendered":"<p>Im Jahr 2019 traten 540.000 Menschen in Deutschland aus den beiden gro\u00dfen Kirchen aus. Nach dem [&hellip;]<\/p>\n","protected":false},"author":3,"featured_media":69859,"comment_status":"closed","ping_status":"closed","sticky":false,"template":"","format":"standard","meta":{"inline_featured_image":false,"footnotes":""},"categories":[29],"tags":[],"class_list":["post-69851","post","type-post","status-publish","format-standard","has-post-thumbnail","hentry","category-kommentare-interviews"],"yoast_head":"<!-- This site is optimized with the Yoast SEO plugin v26.5 - https:\/\/yoast.com\/wordpress\/plugins\/seo\/ -->\n<title>Schaffen sich die Kirchen selbst ab? - Sonnenseite - \u00d6kologische Kommunikation mit Franz Alt<\/title>\n<meta name=\"description\" content=\"Im Jahr 2019 traten 540.000 Menschen in Deutschland aus den beiden gro\u00dfen Kirchen aus. Nach dem Zweiten Weltkrieg waren noch um die 90% der Deutschen\" \/>\n<meta name=\"robots\" content=\"index, follow, max-snippet:-1, max-image-preview:large, max-video-preview:-1\" \/>\n<link rel=\"canonical\" href=\"https:\/\/www.sonnenseite.com\/de\/franz-alt\/kommentare-interviews\/schaffen-sich-die-kirchen-selbst-ab\/\" \/>\n<meta property=\"og:locale\" content=\"de_DE\" \/>\n<meta property=\"og:type\" content=\"article\" \/>\n<meta property=\"og:title\" content=\"Schaffen sich die Kirchen selbst ab? - Sonnenseite - \u00d6kologische Kommunikation mit Franz Alt\" \/>\n<meta property=\"og:description\" content=\"Im Jahr 2019 traten 540.000 Menschen in Deutschland aus den beiden gro\u00dfen Kirchen aus. Nach dem Zweiten Weltkrieg waren noch um die 90% der Deutschen\" \/>\n<meta property=\"og:url\" content=\"https:\/\/www.sonnenseite.com\/de\/franz-alt\/kommentare-interviews\/schaffen-sich-die-kirchen-selbst-ab\/\" \/>\n<meta property=\"og:site_name\" content=\"Sonnenseite\" \/>\n<meta property=\"article:publisher\" content=\"https:\/\/www.facebook.com\/pages\/Franz-Alt-SONNENSEITECOM\/221072987903953?fref=ts\" \/>\n<meta property=\"article:published_time\" content=\"2021-04-02T01:16:00+00:00\" \/>\n<meta property=\"article:modified_time\" content=\"2021-04-11T07:30:08+00:00\" \/>\n<meta property=\"og:image\" content=\"https:\/\/www.sonnenseite.com\/wp-content\/uploads\/2021\/04\/Kirche_GerdAltmann-.jpg\" \/>\n\t<meta property=\"og:image:width\" content=\"770\" \/>\n\t<meta property=\"og:image:height\" content=\"420\" \/>\n\t<meta property=\"og:image:type\" content=\"image\/jpeg\" \/>\n<meta name=\"author\" content=\"Bigi Alt\" \/>\n<meta name=\"twitter:card\" content=\"summary_large_image\" \/>\n<meta name=\"twitter:creator\" content=\"@franzalt\" \/>\n<meta name=\"twitter:site\" content=\"@franzalt\" \/>\n<meta name=\"twitter:label1\" content=\"Verfasst von\" \/>\n\t<meta name=\"twitter:data1\" content=\"Bigi Alt\" \/>\n\t<meta name=\"twitter:label2\" content=\"Gesch\u00e4tzte Lesezeit\" \/>\n\t<meta name=\"twitter:data2\" content=\"4\u00a0Minuten\" \/>\n<script type=\"application\/ld+json\" class=\"yoast-schema-graph\">{\"@context\":\"https:\/\/schema.org\",\"@graph\":[{\"@type\":\"Article\",\"@id\":\"https:\/\/www.sonnenseite.com\/de\/franz-alt\/kommentare-interviews\/schaffen-sich-die-kirchen-selbst-ab\/#article\",\"isPartOf\":{\"@id\":\"https:\/\/www.sonnenseite.com\/de\/franz-alt\/kommentare-interviews\/schaffen-sich-die-kirchen-selbst-ab\/\"},\"author\":{\"name\":\"Bigi Alt\",\"@id\":\"https:\/\/www.sonnenseite.com\/de\/#\/schema\/person\/50fda0e926597684c7cc6695238a4eb9\"},\"headline\":\"Schaffen sich die Kirchen selbst ab?\",\"datePublished\":\"2021-04-02T01:16:00+00:00\",\"dateModified\":\"2021-04-11T07:30:08+00:00\",\"mainEntityOfPage\":{\"@id\":\"https:\/\/www.sonnenseite.com\/de\/franz-alt\/kommentare-interviews\/schaffen-sich-die-kirchen-selbst-ab\/\"},\"wordCount\":637,\"publisher\":{\"@id\":\"https:\/\/www.sonnenseite.com\/de\/#organization\"},\"image\":{\"@id\":\"https:\/\/www.sonnenseite.com\/de\/franz-alt\/kommentare-interviews\/schaffen-sich-die-kirchen-selbst-ab\/#primaryimage\"},\"thumbnailUrl\":\"https:\/\/www.sonnenseite.com\/wp-content\/uploads\/2021\/04\/Kirche_GerdAltmann-.jpg\",\"articleSection\":[\"Kommentare &amp; Interviews\"],\"inLanguage\":\"de\"},{\"@type\":\"WebPage\",\"@id\":\"https:\/\/www.sonnenseite.com\/de\/franz-alt\/kommentare-interviews\/schaffen-sich-die-kirchen-selbst-ab\/\",\"url\":\"https:\/\/www.sonnenseite.com\/de\/franz-alt\/kommentare-interviews\/schaffen-sich-die-kirchen-selbst-ab\/\",\"name\":\"Schaffen sich die Kirchen selbst ab? - Sonnenseite - \u00d6kologische Kommunikation mit Franz Alt\",\"isPartOf\":{\"@id\":\"https:\/\/www.sonnenseite.com\/de\/#website\"},\"primaryImageOfPage\":{\"@id\":\"https:\/\/www.sonnenseite.com\/de\/franz-alt\/kommentare-interviews\/schaffen-sich-die-kirchen-selbst-ab\/#primaryimage\"},\"image\":{\"@id\":\"https:\/\/www.sonnenseite.com\/de\/franz-alt\/kommentare-interviews\/schaffen-sich-die-kirchen-selbst-ab\/#primaryimage\"},\"thumbnailUrl\":\"https:\/\/www.sonnenseite.com\/wp-content\/uploads\/2021\/04\/Kirche_GerdAltmann-.jpg\",\"datePublished\":\"2021-04-02T01:16:00+00:00\",\"dateModified\":\"2021-04-11T07:30:08+00:00\",\"description\":\"Im Jahr 2019 traten 540.000 Menschen in Deutschland aus den beiden gro\u00dfen Kirchen aus. Nach dem Zweiten Weltkrieg waren noch um die 90% der Deutschen\",\"breadcrumb\":{\"@id\":\"https:\/\/www.sonnenseite.com\/de\/franz-alt\/kommentare-interviews\/schaffen-sich-die-kirchen-selbst-ab\/#breadcrumb\"},\"inLanguage\":\"de\",\"potentialAction\":[{\"@type\":\"ReadAction\",\"target\":[\"https:\/\/www.sonnenseite.com\/de\/franz-alt\/kommentare-interviews\/schaffen-sich-die-kirchen-selbst-ab\/\"]}]},{\"@type\":\"ImageObject\",\"inLanguage\":\"de\",\"@id\":\"https:\/\/www.sonnenseite.com\/de\/franz-alt\/kommentare-interviews\/schaffen-sich-die-kirchen-selbst-ab\/#primaryimage\",\"url\":\"https:\/\/www.sonnenseite.com\/wp-content\/uploads\/2021\/04\/Kirche_GerdAltmann-.jpg\",\"contentUrl\":\"https:\/\/www.sonnenseite.com\/wp-content\/uploads\/2021\/04\/Kirche_GerdAltmann-.jpg\",\"width\":770,\"height\":420,\"caption\":\"pixabay.com | Gerd Altmann | Kirche\"},{\"@type\":\"BreadcrumbList\",\"@id\":\"https:\/\/www.sonnenseite.com\/de\/franz-alt\/kommentare-interviews\/schaffen-sich-die-kirchen-selbst-ab\/#breadcrumb\",\"itemListElement\":[{\"@type\":\"ListItem\",\"position\":1,\"name\":\"Startseite\",\"item\":\"https:\/\/www.sonnenseite.com\/de\/\"},{\"@type\":\"ListItem\",\"position\":2,\"name\":\"Schaffen sich die Kirchen selbst ab?\"}]},{\"@type\":\"WebSite\",\"@id\":\"https:\/\/www.sonnenseite.com\/de\/#website\",\"url\":\"https:\/\/www.sonnenseite.com\/de\/\",\"name\":\"Sonnenseite\",\"description\":\"\u00d6kologische Kommunikation mit Franz Alt\",\"publisher\":{\"@id\":\"https:\/\/www.sonnenseite.com\/de\/#organization\"},\"potentialAction\":[{\"@type\":\"SearchAction\",\"target\":{\"@type\":\"EntryPoint\",\"urlTemplate\":\"https:\/\/www.sonnenseite.com\/de\/?s={search_term_string}\"},\"query-input\":{\"@type\":\"PropertyValueSpecification\",\"valueRequired\":true,\"valueName\":\"search_term_string\"}}],\"inLanguage\":\"de\"},{\"@type\":\"Organization\",\"@id\":\"https:\/\/www.sonnenseite.com\/de\/#organization\",\"name\":\"Sonnenseite\",\"url\":\"https:\/\/www.sonnenseite.com\/de\/\",\"logo\":{\"@type\":\"ImageObject\",\"inLanguage\":\"de\",\"@id\":\"https:\/\/www.sonnenseite.com\/de\/#\/schema\/logo\/image\/\",\"url\":\"https:\/\/www.sonnenseite.com\/wp-content\/uploads\/2020\/05\/Sonnenseite_Logo.png\",\"contentUrl\":\"https:\/\/www.sonnenseite.com\/wp-content\/uploads\/2020\/05\/Sonnenseite_Logo.png\",\"width\":377,\"height\":90,\"caption\":\"Sonnenseite\"},\"image\":{\"@id\":\"https:\/\/www.sonnenseite.com\/de\/#\/schema\/logo\/image\/\"},\"sameAs\":[\"https:\/\/www.facebook.com\/pages\/Franz-Alt-SONNENSEITECOM\/221072987903953?fref=ts\",\"https:\/\/x.com\/franzalt\",\"http:\/\/www.youtube.com\/results?search_query&amp;amp;quot;franz_alt&amp;amp;quot;&amp;amp;amp;amp;search_type&amp;amp;amp;amp;aq=f\"]},{\"@type\":\"Person\",\"@id\":\"https:\/\/www.sonnenseite.com\/de\/#\/schema\/person\/50fda0e926597684c7cc6695238a4eb9\",\"name\":\"Bigi Alt\"}]}<\/script>\n<!-- \/ Yoast SEO plugin. -->","yoast_head_json":{"title":"Schaffen sich die Kirchen selbst ab? - Sonnenseite - \u00d6kologische Kommunikation mit Franz Alt","description":"Im Jahr 2019 traten 540.000 Menschen in Deutschland aus den beiden gro\u00dfen Kirchen aus. Nach dem Zweiten Weltkrieg waren noch um die 90% der Deutschen","robots":{"index":"index","follow":"follow","max-snippet":"max-snippet:-1","max-image-preview":"max-image-preview:large","max-video-preview":"max-video-preview:-1"},"canonical":"https:\/\/www.sonnenseite.com\/de\/franz-alt\/kommentare-interviews\/schaffen-sich-die-kirchen-selbst-ab\/","og_locale":"de_DE","og_type":"article","og_title":"Schaffen sich die Kirchen selbst ab? - Sonnenseite - \u00d6kologische Kommunikation mit Franz Alt","og_description":"Im Jahr 2019 traten 540.000 Menschen in Deutschland aus den beiden gro\u00dfen Kirchen aus. Nach dem Zweiten Weltkrieg waren noch um die 90% der Deutschen","og_url":"https:\/\/www.sonnenseite.com\/de\/franz-alt\/kommentare-interviews\/schaffen-sich-die-kirchen-selbst-ab\/","og_site_name":"Sonnenseite","article_publisher":"https:\/\/www.facebook.com\/pages\/Franz-Alt-SONNENSEITECOM\/221072987903953?fref=ts","article_published_time":"2021-04-02T01:16:00+00:00","article_modified_time":"2021-04-11T07:30:08+00:00","og_image":[{"width":770,"height":420,"url":"https:\/\/www.sonnenseite.com\/wp-content\/uploads\/2021\/04\/Kirche_GerdAltmann-.jpg","type":"image\/jpeg"}],"author":"Bigi Alt","twitter_card":"summary_large_image","twitter_creator":"@franzalt","twitter_site":"@franzalt","twitter_misc":{"Verfasst von":"Bigi Alt","Gesch\u00e4tzte Lesezeit":"4\u00a0Minuten"},"schema":{"@context":"https:\/\/schema.org","@graph":[{"@type":"Article","@id":"https:\/\/www.sonnenseite.com\/de\/franz-alt\/kommentare-interviews\/schaffen-sich-die-kirchen-selbst-ab\/#article","isPartOf":{"@id":"https:\/\/www.sonnenseite.com\/de\/franz-alt\/kommentare-interviews\/schaffen-sich-die-kirchen-selbst-ab\/"},"author":{"name":"Bigi Alt","@id":"https:\/\/www.sonnenseite.com\/de\/#\/schema\/person\/50fda0e926597684c7cc6695238a4eb9"},"headline":"Schaffen sich die Kirchen selbst ab?","datePublished":"2021-04-02T01:16:00+00:00","dateModified":"2021-04-11T07:30:08+00:00","mainEntityOfPage":{"@id":"https:\/\/www.sonnenseite.com\/de\/franz-alt\/kommentare-interviews\/schaffen-sich-die-kirchen-selbst-ab\/"},"wordCount":637,"publisher":{"@id":"https:\/\/www.sonnenseite.com\/de\/#organization"},"image":{"@id":"https:\/\/www.sonnenseite.com\/de\/franz-alt\/kommentare-interviews\/schaffen-sich-die-kirchen-selbst-ab\/#primaryimage"},"thumbnailUrl":"https:\/\/www.sonnenseite.com\/wp-content\/uploads\/2021\/04\/Kirche_GerdAltmann-.jpg","articleSection":["Kommentare &amp; Interviews"],"inLanguage":"de"},{"@type":"WebPage","@id":"https:\/\/www.sonnenseite.com\/de\/franz-alt\/kommentare-interviews\/schaffen-sich-die-kirchen-selbst-ab\/","url":"https:\/\/www.sonnenseite.com\/de\/franz-alt\/kommentare-interviews\/schaffen-sich-die-kirchen-selbst-ab\/","name":"Schaffen sich die Kirchen selbst ab? - Sonnenseite - \u00d6kologische Kommunikation mit Franz Alt","isPartOf":{"@id":"https:\/\/www.sonnenseite.com\/de\/#website"},"primaryImageOfPage":{"@id":"https:\/\/www.sonnenseite.com\/de\/franz-alt\/kommentare-interviews\/schaffen-sich-die-kirchen-selbst-ab\/#primaryimage"},"image":{"@id":"https:\/\/www.sonnenseite.com\/de\/franz-alt\/kommentare-interviews\/schaffen-sich-die-kirchen-selbst-ab\/#primaryimage"},"thumbnailUrl":"https:\/\/www.sonnenseite.com\/wp-content\/uploads\/2021\/04\/Kirche_GerdAltmann-.jpg","datePublished":"2021-04-02T01:16:00+00:00","dateModified":"2021-04-11T07:30:08+00:00","description":"Im Jahr 2019 traten 540.000 Menschen in Deutschland aus den beiden gro\u00dfen Kirchen aus. Nach dem Zweiten Weltkrieg waren noch um die 90% der Deutschen","breadcrumb":{"@id":"https:\/\/www.sonnenseite.com\/de\/franz-alt\/kommentare-interviews\/schaffen-sich-die-kirchen-selbst-ab\/#breadcrumb"},"inLanguage":"de","potentialAction":[{"@type":"ReadAction","target":["https:\/\/www.sonnenseite.com\/de\/franz-alt\/kommentare-interviews\/schaffen-sich-die-kirchen-selbst-ab\/"]}]},{"@type":"ImageObject","inLanguage":"de","@id":"https:\/\/www.sonnenseite.com\/de\/franz-alt\/kommentare-interviews\/schaffen-sich-die-kirchen-selbst-ab\/#primaryimage","url":"https:\/\/www.sonnenseite.com\/wp-content\/uploads\/2021\/04\/Kirche_GerdAltmann-.jpg","contentUrl":"https:\/\/www.sonnenseite.com\/wp-content\/uploads\/2021\/04\/Kirche_GerdAltmann-.jpg","width":770,"height":420,"caption":"pixabay.com | Gerd Altmann | Kirche"},{"@type":"BreadcrumbList","@id":"https:\/\/www.sonnenseite.com\/de\/franz-alt\/kommentare-interviews\/schaffen-sich-die-kirchen-selbst-ab\/#breadcrumb","itemListElement":[{"@type":"ListItem","position":1,"name":"Startseite","item":"https:\/\/www.sonnenseite.com\/de\/"},{"@type":"ListItem","position":2,"name":"Schaffen sich die Kirchen selbst ab?"}]},{"@type":"WebSite","@id":"https:\/\/www.sonnenseite.com\/de\/#website","url":"https:\/\/www.sonnenseite.com\/de\/","name":"Sonnenseite","description":"\u00d6kologische Kommunikation mit Franz Alt","publisher":{"@id":"https:\/\/www.sonnenseite.com\/de\/#organization"},"potentialAction":[{"@type":"SearchAction","target":{"@type":"EntryPoint","urlTemplate":"https:\/\/www.sonnenseite.com\/de\/?s={search_term_string}"},"query-input":{"@type":"PropertyValueSpecification","valueRequired":true,"valueName":"search_term_string"}}],"inLanguage":"de"},{"@type":"Organization","@id":"https:\/\/www.sonnenseite.com\/de\/#organization","name":"Sonnenseite","url":"https:\/\/www.sonnenseite.com\/de\/","logo":{"@type":"ImageObject","inLanguage":"de","@id":"https:\/\/www.sonnenseite.com\/de\/#\/schema\/logo\/image\/","url":"https:\/\/www.sonnenseite.com\/wp-content\/uploads\/2020\/05\/Sonnenseite_Logo.png","contentUrl":"https:\/\/www.sonnenseite.com\/wp-content\/uploads\/2020\/05\/Sonnenseite_Logo.png","width":377,"height":90,"caption":"Sonnenseite"},"image":{"@id":"https:\/\/www.sonnenseite.com\/de\/#\/schema\/logo\/image\/"},"sameAs":["https:\/\/www.facebook.com\/pages\/Franz-Alt-SONNENSEITECOM\/221072987903953?fref=ts","https:\/\/x.com\/franzalt","http:\/\/www.youtube.com\/results?search_query&amp;amp;quot;franz_alt&amp;amp;quot;&amp;amp;amp;amp;search_type&amp;amp;amp;amp;aq=f"]},{"@type":"Person","@id":"https:\/\/www.sonnenseite.com\/de\/#\/schema\/person\/50fda0e926597684c7cc6695238a4eb9","name":"Bigi Alt"}]}},"_links":{"self":[{"href":"https:\/\/www.sonnenseite.com\/de\/wp-json\/wp\/v2\/posts\/69851","targetHints":{"allow":["GET"]}}],"collection":[{"href":"https:\/\/www.sonnenseite.com\/de\/wp-json\/wp\/v2\/posts"}],"about":[{"href":"https:\/\/www.sonnenseite.com\/de\/wp-json\/wp\/v2\/types\/post"}],"author":[{"embeddable":true,"href":"https:\/\/www.sonnenseite.com\/de\/wp-json\/wp\/v2\/users\/3"}],"replies":[{"embeddable":true,"href":"https:\/\/www.sonnenseite.com\/de\/wp-json\/wp\/v2\/comments?post=69851"}],"version-history":[{"count":6,"href":"https:\/\/www.sonnenseite.com\/de\/wp-json\/wp\/v2\/posts\/69851\/revisions"}],"predecessor-version":[{"id":69866,"href":"https:\/\/www.sonnenseite.com\/de\/wp-json\/wp\/v2\/posts\/69851\/revisions\/69866"}],"wp:featuredmedia":[{"embeddable":true,"href":"https:\/\/www.sonnenseite.com\/de\/wp-json\/wp\/v2\/media\/69859"}],"wp:attachment":[{"href":"https:\/\/www.sonnenseite.com\/de\/wp-json\/wp\/v2\/media?parent=69851"}],"wp:term":[{"taxonomy":"category","embeddable":true,"href":"https:\/\/www.sonnenseite.com\/de\/wp-json\/wp\/v2\/categories?post=69851"},{"taxonomy":"post_tag","embeddable":true,"href":"https:\/\/www.sonnenseite.com\/de\/wp-json\/wp\/v2\/tags?post=69851"}],"curies":[{"name":"wp","href":"https:\/\/api.w.org\/{rel}","templated":true}]}}