{"id":71022,"date":"2021-05-15T02:59:00","date_gmt":"2021-05-15T00:59:00","guid":{"rendered":"https:\/\/www.sonnenseite.com\/?p=71022"},"modified":"2021-05-22T10:51:08","modified_gmt":"2021-05-22T08:51:08","slug":"wie-deutschland-sich-mit-dem-klimawandel-veraendern-wird","status":"publish","type":"post","link":"https:\/\/www.sonnenseite.com\/de\/tipps\/wie-deutschland-sich-mit-dem-klimawandel-veraendern-wird\/","title":{"rendered":"Wie Deutschland sich mit dem Klimawandel ver\u00e4ndern wird"},"content":{"rendered":"\n<p>&#8222;Jedes Zehntelgrad z\u00e4hlt&#8220;, sagen Wissenschaftler mit Blick auf die Erderhitzung. Das gilt auch f\u00fcr Deutschland. Die Autoren Nick Reimer und Toralf Staud zeigen in ihrem gerade erschienenen Buch auf, mit welchen Folgen hierzulande zu rechnen ist.<\/p>\n\n\n\n<p>Deutschland ist in den letzten 240 Jahren 1,6 Grad w\u00e4rmer geworden. In den n\u00e4chsten 30 Jahren kommen weitere 0,4 Grad dazu \u2013 mindestens und unabh\u00e4ngig davon, wie sehr die Menschheit die Treibhausgasemissionen bis dann senkt.<\/p>\n\n\n\n<p>Wer heute j\u00fcnger als 50 ist, wird das also wahrscheinlich noch erleben. Doch was hei\u00dft das f\u00fcr unseren Alltag? Das beantwortet ein <a href=\"https:\/\/www.kiwi-verlag.de\/buch\/toralf-staud-nick-reimer-deutschland-2050-9783462000689\" target=\"_blank\" rel=\"noreferrer noopener\">neues Buch<\/a>: &#8222;Deutschland 2050 \u2013 Wie der Klimawandel unser Leben ver\u00e4ndern wird&#8220;.<\/p>\n\n\n\n<p>Geschrieben haben es zwei erfahrene Klimajournalisten, <a href=\"https:\/\/de.wikipedia.org\/wiki\/Toralf_Staud\" target=\"_blank\" rel=\"noreferrer noopener\">Toralf Staud<\/a> und <a href=\"https:\/\/de.wikipedia.org\/wiki\/Nick_Reimer\" target=\"_blank\" rel=\"noreferrer noopener\">Nick Reimer<\/a>. Auf knapp 350 Seiten zeigen sie, was zwei Grad Erw\u00e4rmung f\u00fcr Stadt und Land, die Wirtschaft, den Verkehr und vor allem f\u00fcr uns Menschen bedeuten. &#8222;Nicht mehr, aber auch nicht weniger.&#8220;<\/p>\n\n\n\n<p>Das Hauptproblem ist zunehmende Hitze. Der menschliche K\u00f6rper ist gut darin, seine Temperatur nach oben zu regulieren, weniger gut nach unten. <a href=\"https:\/\/www.klimareporter.de\/gesellschaft\/hitzeland-deutschland\" target=\"_blank\" rel=\"noreferrer noopener\">Hitzewellen<\/a> sind deshalb das Extremwetterereignis mit den meisten Todesopfern. &#8222;Je w\u00e4rmer es wird, desto mehr Tote wird es geben&#8220;, <a href=\"https:\/\/www.aerzteblatt.de\/archiv\/209068\/Erderwaermung-ein-Blick-auf-Deutschland\" target=\"_blank\" rel=\"noreferrer noopener\">warnt<\/a> das <em>Deutsche \u00c4rzteblatt<\/em>.<\/p>\n\n\n\n<p>Eine weitere Gefahr sind tropische Krankheiten: Wenn es w\u00e4rmer wird, <a href=\"https:\/\/www.klimareporter.de\/erdsystem\/die-moskitos-kommen\" target=\"_blank\" rel=\"noreferrer noopener\">kommen Moskitos<\/a> nach Deutschland, die Chikungunya-, Dengue- oder Gelbfieber verbreiten.<\/p>\n\n\n\n<p>Hitze ist aber auch in vielen anderen Bereichen ein Problem. Ab 55 Grad wird der Asphalt weich. Eisenbahnschienen k\u00f6nnen sich verbiegen. Bei Hitze nimmt die Produktivit\u00e4t ab, ein Problem f\u00fcr die Wirtschaft. Eine m\u00f6gliche L\u00f6sung w\u00e4re hier die Verschiebung der Arbeitszeiten: Arbeitsbeginn bei Sonnenaufgang.<\/p>\n\n\n\n<h5 class=\"wp-block-heading\">Hitze, Wassermangel, Br\u00e4nde, aber auch Sturm, Starkregen, Flut<\/h5>\n\n\n\n<div class=\"wp-block-image\"><figure class=\"alignright size-large is-resized\"><img loading=\"lazy\" decoding=\"async\" src=\"https:\/\/www.sonnenseite.com\/wp-content\/uploads\/2019\/09\/UnwetterChris_trendobjects.jpg\" alt=\"Fotolia.com | trendobjects\" class=\"wp-image-6365\" width=\"379\" height=\"207\" srcset=\"https:\/\/www.sonnenseite.com\/wp-content\/uploads\/2019\/09\/UnwetterChris_trendobjects.jpg 770w, https:\/\/www.sonnenseite.com\/wp-content\/uploads\/2019\/09\/UnwetterChris_trendobjects-300x164.jpg 300w, https:\/\/www.sonnenseite.com\/wp-content\/uploads\/2019\/09\/UnwetterChris_trendobjects-768x419.jpg 768w\" sizes=\"auto, (max-width: 379px) 100vw, 379px\" \/><figcaption>\u00a9 Fotolia.com | trendobjects<\/figcaption><\/figure><\/div>\n\n\n\n<p>Das zweitgr\u00f6\u00dfte Problem sind D\u00fcrren im Sommer. \u00dcbers Jahr wird zwar etwas mehr Regen fallen, doch meist im Winter. Einen Vorgeschmack haben die D\u00fcrresommer 2017 <a href=\"https:\/\/www.klimareporter.de\/erdsystem\/ein-schaukelsommer\" target=\"_blank\" rel=\"noreferrer noopener\">bis 2020 geliefert<\/a>.<\/p>\n\n\n\n<p>Das Potsdam-Institut f\u00fcr Klimafolgenforschung hat schon in den 1990er Jahren durchgerechnet, was die Erw\u00e4rmung f\u00fcr Deutschland bedeutet, und festgestellt: &#8222;Die Simulationsergebnisse zeigen einen Trend zur Steppe.&#8220;<\/p>\n\n\n\n<p>Besonders die W\u00e4lder sind gef\u00e4hrdet. Sie leiden gleich unter drei Stressfaktoren: Hitze, Wassermangel und Sch\u00e4dlinge wie <a href=\"https:\/\/www.klimareporter.de\/deutschland\/der-zaehe-fichtenkiller\" target=\"_blank\" rel=\"noreferrer noopener\">der Borkenk\u00e4fer<\/a>, die sich bei h\u00f6heren Temperaturen schneller vermehren.<\/p>\n\n\n\n<p>D\u00fcrren sind aber auch f\u00fcr die Binnenschifffahrt ein Problem. Im Jahr 2018 war der Wasserstand <a href=\"https:\/\/www.klimareporter.de\/erdsystem\/leere-schiffe-tote-fische\" target=\"_blank\" rel=\"noreferrer noopener\">im Rhein so niedrig<\/a>, dass ein Stahlwerk von Thyssen-Krupp in Duisburg, die BASF-Chemiefabrik in Ludwigshafen und eine Shell-Raffinerie in K\u00f6ln zeitweise heruntergefahren werden mussten, weil sie nicht gen\u00fcgend Rohstoffe hatten. Im S\u00fcden und Westen Deutschlands stiegen daraufhin die Benzinpreise.<\/p>\n\n\n\n<p>Aber auch \u00dcberschwemmungen und St\u00fcrme werden zunehmen. Warme Luft kann mehr Wasser aufnehmen und es kommt \u00f6fter zu <a href=\"https:\/\/www.klimareporter.de\/tag\/starkregen\" target=\"_blank\" rel=\"noreferrer noopener\">Starkregen<\/a>. Auch St\u00fcrme werden st\u00e4rker, sowohl \u00fcber Land als auch \u00fcber dem Meer.<\/p>\n\n\n\n<p>Hinzu kommt, dass der Meeresspiegel steigt, insbesondere <a href=\"https:\/\/www.klimareporter.de\/erdsystem\/kurswechsel-kueste\" target=\"_blank\" rel=\"noreferrer noopener\">in der Nordsee<\/a>. Der Pegel in Cuxhaven liegt heute um 40 Zentimeter h\u00f6her als im Jahr 1843 und in den n\u00e4chsten 30 Jahren kommen nochmal zehn Zentimeter dazu. Ein immer gr\u00f6\u00dferes Problem werden au\u00dferdem <a href=\"https:\/\/www.klimareporter.de\/erdsystem\/hitzewelle-legt-sich-um-nordhalbkugel\" target=\"_blank\" rel=\"noreferrer noopener\">Waldbr\u00e4nde<\/a> sein.<\/p>\n\n\n\n<p>All das stellt die Feuerwehren und die Einheiten des Technischen Hilfswerks vor immer gr\u00f6\u00dfere Herausforderungen. Hinzu kommt, dass diese Kr\u00e4fte oft aus Freiwilligen bestehen und von Kommunen getragen werden, die unter Finanznot leiden. &#8222;Die bisherigen Strukturen von Rettungsdiensten werden immer st\u00e4rker an ihre Grenzen sto\u00dfen&#8220;, schreiben&nbsp;Reimer und Staud.<\/p>\n\n\n\n<h5 class=\"wp-block-heading\">Erfahrungswissen, das nichts mehr wert ist<\/h5>\n\n\n\n<p>Das gilt auch f\u00fcr vieles andere, etwa <a href=\"https:\/\/www.klimareporter.de\/gebaude\/was-sich-aendern-muss-damit-wir-uns-nicht-die-zukunft-verbauen\" target=\"_blank\" rel=\"noreferrer noopener\">f\u00fcr Baunormen<\/a>. Wer wissen will, wie sich Berlin im Jahr 2050 anf\u00fchlt, kann ins s\u00fcdfranz\u00f6sische Toulouse fahren. Und f\u00fcr M\u00fcnchen ist die &#8222;Partnerstadt&#8220; Mailand. Doch diese St\u00e4dte haben sich \u00fcber Jahrhunderte mit ihrem jetzigen Klima entwickelt. Berlin und M\u00fcnchen wurden f\u00fcr ein anderes Klima gebaut<\/p>\n\n\n\n<p>&#8222;Klimawandel bedeutet eine radikale Entwertung des Erfahrungswissens&#8220;, so die Autoren. &#8222;Tausende Regeln im Handwerk und im Ingenieurwesen sind geschrieben f\u00fcr die Temperaturen, St\u00fcrme und Niederschl\u00e4ge der Vergangenheit.&#8220;<\/p>\n\n\n\n<p>\u00c4hnliches gilt f\u00fcr Optimierungsprozesse in der Wirtschaft. Wenn etwa Fl\u00fcsse immer \u00f6fter <a href=\"https:\/\/www.klimareporter.de\/erdsystem\/die-elbe-verebbt\" target=\"_blank\" rel=\"noreferrer noopener\">Niedrigwasser haben<\/a>, braucht man kleinere Schiffe mit weniger Tiefgang, auch wenn das h\u00f6here Kosten verursacht.<\/p>\n\n\n\n<p>Trotzdem ist Deutschland vergleichsweise gut vorbereitet. Das zeigen nicht zuletzt die vielen Studien und Experten, die Staud und Reimer zitieren. Die gr\u00f6\u00dften Auswirkungen auf den Alltag im Deutschland des Jahres 2050 d\u00fcrften deshalb Folgen der Klimaerw\u00e4rmung in fernen L\u00e4ndern sein, die Deutschland indirekt betreffen.<\/p>\n\n\n\n<div class=\"wp-block-image\"><figure class=\"alignright size-large is-resized\"><img loading=\"lazy\" decoding=\"async\" src=\"https:\/\/www.sonnenseite.com\/wp-content\/uploads\/2021\/05\/NickReimer-RoralfStaud_Deutschland2050.jpg\" alt=\"\" class=\"wp-image-71027\" width=\"262\" height=\"414\" srcset=\"https:\/\/www.sonnenseite.com\/wp-content\/uploads\/2021\/05\/NickReimer-RoralfStaud_Deutschland2050.jpg 400w, https:\/\/www.sonnenseite.com\/wp-content\/uploads\/2021\/05\/NickReimer-RoralfStaud_Deutschland2050-190x300.jpg 190w\" sizes=\"auto, (max-width: 262px) 100vw, 262px\" \/><figcaption>\u00a9 Kiepenheuer&amp;Witsch<\/figcaption><\/figure><\/div>\n\n\n\n<p>Zum einen wird der Migrationsdruck zunehmen. Heute herrscht auf 0,8 Prozent der Erde eine Durchschnittstemperatur von 29 Grad oder mehr. Im Jahr 2070 wird das <a href=\"https:\/\/www.klimareporter.de\/erdsystem\/milliarden-menschen-in-extremer-hitzegefahr\" target=\"_blank\" rel=\"noreferrer noopener\">f\u00fcr rund 19 Prozent gelten<\/a>. Ein &#8222;nahezu unbewohnbarer&#8220; G\u00fcrtel zieht sich dann auf H\u00f6he der Tropen um die Welt, von Afrika bis Thailand \u2013 die Heimat von 3,5 Milliarden Menschen.<\/p>\n\n\n\n<p>Zum anderen <a href=\"https:\/\/www.klimareporter.de\/deutschland\/der-klima-alptraum\" target=\"_blank\" rel=\"noreferrer noopener\">steigt die Gefahr<\/a> von Hungersn\u00f6ten. Wenn sich der <a href=\"https:\/\/www.klimareporter.de\/erdsystem\/wenn-der-jetstream-einrastet\" target=\"_blank\" rel=\"noreferrer noopener\">Jetstream abschw\u00e4cht<\/a>, dann steigt die Wahrscheinlichkeit, dass es in mehreren Anbaugebieten f\u00fcr Mais, Reis, Soja und Weizen gleichzeitig zu Extremhitze kommt.<\/p>\n\n\n\n<p>Ein Beratungsgremium der Bundesregierung <a href=\"https:\/\/www.wbgu.de\/de\/service\/presseerklaerung\/un-umweltprogramm-und-wbgu-weisen-auf-die-bedeutung-des-klimaschutzes-fuer-die-internationale-sicherheit-hin\" target=\"_blank\" rel=\"noreferrer noopener\">warnte schon 2007<\/a>, der Klimawandel werde &#8222;bereits in den kommenden Jahrzehnten die Anpassungsf\u00e4higkeit vieler Gesellschaften \u00fcberfordern&#8220;.<\/p>\n\n\n\n<p>Der damalige Hauptautor der Studie und heutige Chef des Umweltbundesamts, <a href=\"https:\/\/de.wikipedia.org\/wiki\/Dirk_Messner\" target=\"_blank\" rel=\"noreferrer noopener\">Dirk Messner<\/a>, warnt im Buch: &#8222;Die indirekten Folgen des Klimawandels k\u00f6nnen f\u00fcr uns gef\u00e4hrlicher sein als alles, was wir hierzulande an Ver\u00e4nderungen bew\u00e4ltigen m\u00fcssen.&#8220;<\/p>\n\n\n\n<ul class=\"wp-block-list\"><li><a href=\"https:\/\/www.amazon.de\/gp\/product\/B08MCVH8MM\/ref=as_li_tl?ie=UTF8&amp;camp=1638&amp;creative=6742&amp;creativeASIN=B08MCVH8MM&amp;linkCode=as2&amp;tag=altini1938-21&amp;linkId=841a0bb261c0ac09c883a3614d327b73\">Toralf Staudt \/ Nick Reimer &#8222;Deutschland 2050 &#8211; Wie der Klimawandel unser Leben ver\u00e4ndern wird&#8220;<\/a> | <a href=\"https:\/\/www.kiwi-verlag.de\/buch\/toralf-staud-nick-reimer-deutschland-2050-9783462000689\">Verlag Kiepenheuer&amp;Witsch 2021<\/a><\/li><li><a href=\"https:\/\/www.book2look.com\/book\/9783462000689\">Leseprobe<\/a><\/li><\/ul>\n\n\n<h5 class=\"green\">Quelle<\/h5>\r\n\n\n\n<p>Der Buchbesprechung wurde von der\u00a0<a href=\"https:\/\/www.klimareporter.de\/erdsystem\/wie-deutschland-sich-mit-dem-klimawandel-veraendern-wird\">Redaktion \u201eklimareporter.de\u201c (Christian Mihatsch) 2021<\/a>\u00a0verfasst &#8211; der Artikel darf nicht ohne Genehmigung\u00a0(<a href=\"mailto:post@klimareporter.de\">post@klimareporter.de<\/a>) weiterverbreitet werden!\u00a0<\/p>\n<div class=\"shariff shariff-align-flex-start shariff-widget-align-flex-start\"><div class=\"ShariffHeadline\">Diese Meldung teilen<\/div><ul class=\"shariff-buttons theme-round orientation-horizontal buttonsize-medium\"><li class=\"shariff-button facebook shariff-nocustomcolor\" style=\"background-color:#4273c8;border-radius:1%\"><a href=\"https:\/\/www.facebook.com\/sharer\/sharer.php?u=https%3A%2F%2Fwww.sonnenseite.com%2Fde%2Ftipps%2Fwie-deutschland-sich-mit-dem-klimawandel-veraendern-wird%2F\" title=\"Bei Facebook teilen\" aria-label=\"Bei Facebook teilen\" role=\"button\" rel=\"nofollow\" class=\"shariff-link\" style=\";border-radius:1%; background-color:#3b5998; color:#fff\" target=\"_blank\"><span class=\"shariff-icon\" style=\"\"><svg width=\"32px\" height=\"20px\" xmlns=\"http:\/\/www.w3.org\/2000\/svg\" viewBox=\"0 0 18 32\"><path fill=\"#3b5998\" d=\"M17.1 0.2v4.7h-2.8q-1.5 0-2.1 0.6t-0.5 1.9v3.4h5.2l-0.7 5.3h-4.5v13.6h-5.5v-13.6h-4.5v-5.3h4.5v-3.9q0-3.3 1.9-5.2t5-1.8q2.6 0 4.1 0.2z\"\/><\/svg><\/span><\/a><\/li><li class=\"shariff-button twitter shariff-nocustomcolor\" style=\"background-color:#595959;border-radius:1%\"><a href=\"https:\/\/twitter.com\/share?url=https%3A%2F%2Fwww.sonnenseite.com%2Fde%2Ftipps%2Fwie-deutschland-sich-mit-dem-klimawandel-veraendern-wird%2F&text=Wie%20Deutschland%20sich%20mit%20dem%20Klimawandel%20ver%C3%A4ndern%20wird\" title=\"Bei X teilen\" aria-label=\"Bei X teilen\" role=\"button\" rel=\"noopener nofollow\" class=\"shariff-link\" style=\";border-radius:1%; background-color:#000; color:#fff\" target=\"_blank\"><span class=\"shariff-icon\" style=\"\"><svg width=\"32px\" height=\"20px\" xmlns=\"http:\/\/www.w3.org\/2000\/svg\" viewBox=\"0 0 24 24\"><path fill=\"#000\" d=\"M14.258 10.152L23.176 0h-2.113l-7.747 8.813L7.133 0H0l9.352 13.328L0 23.973h2.113l8.176-9.309 6.531 9.309h7.133zm-2.895 3.293l-.949-1.328L2.875 1.56h3.246l6.086 8.523.945 1.328 7.91 11.078h-3.246zm0 0\"\/><\/svg><\/span><\/a><\/li><li class=\"shariff-button xing shariff-nocustomcolor\" style=\"background-color:#29888a;border-radius:1%\"><a href=\"https:\/\/www.xing.com\/spi\/shares\/new?url=https%3A%2F%2Fwww.sonnenseite.com%2Fde%2Ftipps%2Fwie-deutschland-sich-mit-dem-klimawandel-veraendern-wird%2F\" title=\"Bei XING teilen\" aria-label=\"Bei XING teilen\" role=\"button\" rel=\"noopener nofollow\" class=\"shariff-link\" style=\";border-radius:1%; background-color:#126567; color:#fff\" target=\"_blank\"><span class=\"shariff-icon\" style=\"\"><svg width=\"32px\" height=\"20px\" xmlns=\"http:\/\/www.w3.org\/2000\/svg\" viewBox=\"0 0 25 32\"><path fill=\"#126567\" d=\"M10.7 11.9q-0.2 0.3-4.6 8.2-0.5 0.8-1.2 0.8h-4.3q-0.4 0-0.5-0.3t0-0.6l4.5-8q0 0 0 0l-2.9-5q-0.2-0.4 0-0.7 0.2-0.3 0.5-0.3h4.3q0.7 0 1.2 0.8zM25.1 0.4q0.2 0.3 0 0.7l-9.4 16.7 6 11q0.2 0.4 0 0.6-0.2 0.3-0.6 0.3h-4.3q-0.7 0-1.2-0.8l-6-11.1q0.3-0.6 9.5-16.8 0.4-0.8 1.2-0.8h4.3q0.4 0 0.5 0.3z\"\/><\/svg><\/span><\/a><\/li><li class=\"shariff-button linkedin shariff-nocustomcolor\" style=\"background-color:#1488bf;border-radius:1%\"><a href=\"https:\/\/www.linkedin.com\/sharing\/share-offsite\/?url=https%3A%2F%2Fwww.sonnenseite.com%2Fde%2Ftipps%2Fwie-deutschland-sich-mit-dem-klimawandel-veraendern-wird%2F\" title=\"Bei LinkedIn teilen\" aria-label=\"Bei LinkedIn teilen\" role=\"button\" rel=\"noopener nofollow\" class=\"shariff-link\" style=\";border-radius:1%; background-color:#0077b5; color:#fff\" target=\"_blank\"><span class=\"shariff-icon\" style=\"\"><svg width=\"32px\" height=\"20px\" xmlns=\"http:\/\/www.w3.org\/2000\/svg\" viewBox=\"0 0 27 32\"><path fill=\"#0077b5\" d=\"M6.2 11.2v17.7h-5.9v-17.7h5.9zM6.6 5.7q0 1.3-0.9 2.2t-2.4 0.9h0q-1.5 0-2.4-0.9t-0.9-2.2 0.9-2.2 2.4-0.9 2.4 0.9 0.9 2.2zM27.4 18.7v10.1h-5.9v-9.5q0-1.9-0.7-2.9t-2.3-1.1q-1.1 0-1.9 0.6t-1.2 1.5q-0.2 0.5-0.2 1.4v9.9h-5.9q0-7.1 0-11.6t0-5.3l0-0.9h5.9v2.6h0q0.4-0.6 0.7-1t1-0.9 1.6-0.8 2-0.3q3 0 4.9 2t1.9 6z\"\/><\/svg><\/span><\/a><\/li><li class=\"shariff-button printer shariff-nocustomcolor\" style=\"background-color:#a8a8a8;border-radius:1%\"><a href=\"javascript:window.print()\" title=\"drucken\" aria-label=\"drucken\" role=\"button\" rel=\"noopener nofollow\" class=\"shariff-link\" style=\";border-radius:1%; background-color:#999; color:#fff\"><span class=\"shariff-icon\" style=\"\"><svg width=\"32px\" height=\"20px\" xmlns=\"http:\/\/www.w3.org\/2000\/svg\" viewBox=\"0 0 30 32\"><path fill=\"#999\" d=\"M6.8 27.4h16v-4.6h-16v4.6zM6.8 16h16v-6.8h-2.8q-0.7 0-1.2-0.5t-0.5-1.2v-2.8h-11.4v11.4zM27.4 17.2q0-0.5-0.3-0.8t-0.8-0.4-0.8 0.4-0.3 0.8 0.3 0.8 0.8 0.3 0.8-0.3 0.3-0.8zM29.7 17.2v7.4q0 0.2-0.2 0.4t-0.4 0.2h-4v2.8q0 0.7-0.5 1.2t-1.2 0.5h-17.2q-0.7 0-1.2-0.5t-0.5-1.2v-2.8h-4q-0.2 0-0.4-0.2t-0.2-0.4v-7.4q0-1.4 1-2.4t2.4-1h1.2v-9.7q0-0.7 0.5-1.2t1.2-0.5h12q0.7 0 1.6 0.4t1.3 0.8l2.7 2.7q0.5 0.5 0.9 1.4t0.4 1.6v4.6h1.1q1.4 0 2.4 1t1 2.4z\"\/><\/svg><\/span><\/a><\/li><li class=\"shariff-button mailto shariff-nocustomcolor\" style=\"background-color:#a8a8a8;border-radius:1%\"><a href=\"mailto:?body=https%3A%2F%2Fwww.sonnenseite.com%2Fde%2Ftipps%2Fwie-deutschland-sich-mit-dem-klimawandel-veraendern-wird%2F&subject=Wie%20Deutschland%20sich%20mit%20dem%20Klimawandel%20ver%C3%A4ndern%20wird\" title=\"Per E-Mail versenden\" aria-label=\"Per E-Mail versenden\" role=\"button\" rel=\"noopener nofollow\" class=\"shariff-link\" style=\";border-radius:1%; background-color:#999; color:#fff\"><span class=\"shariff-icon\" style=\"\"><svg width=\"32px\" height=\"20px\" xmlns=\"http:\/\/www.w3.org\/2000\/svg\" viewBox=\"0 0 32 32\"><path fill=\"#999\" d=\"M32 12.7v14.2q0 1.2-0.8 2t-2 0.9h-26.3q-1.2 0-2-0.9t-0.8-2v-14.2q0.8 0.9 1.8 1.6 6.5 4.4 8.9 6.1 1 0.8 1.6 1.2t1.7 0.9 2 0.4h0.1q0.9 0 2-0.4t1.7-0.9 1.6-1.2q3-2.2 8.9-6.1 1-0.7 1.8-1.6zM32 7.4q0 1.4-0.9 2.7t-2.2 2.2q-6.7 4.7-8.4 5.8-0.2 0.1-0.7 0.5t-1 0.7-0.9 0.6-1.1 0.5-0.9 0.2h-0.1q-0.4 0-0.9-0.2t-1.1-0.5-0.9-0.6-1-0.7-0.7-0.5q-1.6-1.1-4.7-3.2t-3.6-2.6q-1.1-0.7-2.1-2t-1-2.5q0-1.4 0.7-2.3t2.1-0.9h26.3q1.2 0 2 0.8t0.9 2z\"\/><\/svg><\/span><\/a><\/li><\/ul><\/div>","protected":false},"excerpt":{"rendered":"<p>&#8222;Jedes Zehntelgrad z\u00e4hlt&#8220;, sagen Wissenschaftler mit Blick auf die Erderhitzung. Das gilt auch f\u00fcr Deutschland. Die [&hellip;]<\/p>\n","protected":false},"author":3,"featured_media":5397,"comment_status":"closed","ping_status":"closed","sticky":false,"template":"","format":"standard","meta":{"inline_featured_image":false,"footnotes":""},"categories":[28],"tags":[],"class_list":["post-71022","post","type-post","status-publish","format-standard","has-post-thumbnail","hentry","category-tipps"],"yoast_head":"<!-- This site is optimized with the Yoast SEO plugin v26.5 - https:\/\/yoast.com\/wordpress\/plugins\/seo\/ -->\n<title>Wie Deutschland sich mit dem Klimawandel ver\u00e4ndern wird - Sonnenseite - \u00d6kologische Kommunikation mit Franz Alt<\/title>\n<meta name=\"description\" content=\"&quot;Jedes Zehntelgrad z\u00e4hlt&quot;, sagen Wissenschaftler mit Blick auf die Erderhitzung. Das gilt auch f\u00fcr Deutschland. Die Autoren Nick Reimer und Toralf Staud\" \/>\n<meta name=\"robots\" content=\"index, follow, max-snippet:-1, max-image-preview:large, max-video-preview:-1\" \/>\n<link rel=\"canonical\" href=\"https:\/\/www.sonnenseite.com\/de\/tipps\/wie-deutschland-sich-mit-dem-klimawandel-veraendern-wird\/\" \/>\n<meta property=\"og:locale\" content=\"de_DE\" \/>\n<meta property=\"og:type\" content=\"article\" \/>\n<meta property=\"og:title\" content=\"Wie Deutschland sich mit dem Klimawandel ver\u00e4ndern wird - Sonnenseite - \u00d6kologische Kommunikation mit Franz Alt\" \/>\n<meta property=\"og:description\" content=\"&quot;Jedes Zehntelgrad z\u00e4hlt&quot;, sagen Wissenschaftler mit Blick auf die Erderhitzung. Das gilt auch f\u00fcr Deutschland. Die Autoren Nick Reimer und Toralf Staud\" \/>\n<meta property=\"og:url\" content=\"https:\/\/www.sonnenseite.com\/de\/tipps\/wie-deutschland-sich-mit-dem-klimawandel-veraendern-wird\/\" \/>\n<meta property=\"og:site_name\" content=\"Sonnenseite\" \/>\n<meta property=\"article:publisher\" content=\"https:\/\/www.facebook.com\/pages\/Franz-Alt-SONNENSEITECOM\/221072987903953?fref=ts\" \/>\n<meta property=\"article:published_time\" content=\"2021-05-15T00:59:00+00:00\" \/>\n<meta property=\"article:modified_time\" content=\"2021-05-22T08:51:08+00:00\" \/>\n<meta property=\"og:image\" content=\"https:\/\/www.sonnenseite.com\/wp-content\/uploads\/2019\/11\/Fluss-trocken_Seaq68.jpg\" \/>\n\t<meta property=\"og:image:width\" content=\"770\" \/>\n\t<meta property=\"og:image:height\" content=\"420\" \/>\n\t<meta property=\"og:image:type\" content=\"image\/jpeg\" \/>\n<meta name=\"author\" content=\"Bigi Alt\" \/>\n<meta name=\"twitter:card\" content=\"summary_large_image\" \/>\n<meta name=\"twitter:creator\" content=\"@franzalt\" \/>\n<meta name=\"twitter:site\" content=\"@franzalt\" \/>\n<meta name=\"twitter:label1\" content=\"Verfasst von\" \/>\n\t<meta name=\"twitter:data1\" content=\"Bigi Alt\" \/>\n\t<meta name=\"twitter:label2\" content=\"Gesch\u00e4tzte Lesezeit\" \/>\n\t<meta name=\"twitter:data2\" content=\"5\u00a0Minuten\" \/>\n<script type=\"application\/ld+json\" class=\"yoast-schema-graph\">{\"@context\":\"https:\/\/schema.org\",\"@graph\":[{\"@type\":\"Article\",\"@id\":\"https:\/\/www.sonnenseite.com\/de\/tipps\/wie-deutschland-sich-mit-dem-klimawandel-veraendern-wird\/#article\",\"isPartOf\":{\"@id\":\"https:\/\/www.sonnenseite.com\/de\/tipps\/wie-deutschland-sich-mit-dem-klimawandel-veraendern-wird\/\"},\"author\":{\"name\":\"Bigi Alt\",\"@id\":\"https:\/\/www.sonnenseite.com\/de\/#\/schema\/person\/50fda0e926597684c7cc6695238a4eb9\"},\"headline\":\"Wie Deutschland sich mit dem Klimawandel ver\u00e4ndern wird\",\"datePublished\":\"2021-05-15T00:59:00+00:00\",\"dateModified\":\"2021-05-22T08:51:08+00:00\",\"mainEntityOfPage\":{\"@id\":\"https:\/\/www.sonnenseite.com\/de\/tipps\/wie-deutschland-sich-mit-dem-klimawandel-veraendern-wird\/\"},\"wordCount\":931,\"publisher\":{\"@id\":\"https:\/\/www.sonnenseite.com\/de\/#organization\"},\"image\":{\"@id\":\"https:\/\/www.sonnenseite.com\/de\/tipps\/wie-deutschland-sich-mit-dem-klimawandel-veraendern-wird\/#primaryimage\"},\"thumbnailUrl\":\"https:\/\/www.sonnenseite.com\/wp-content\/uploads\/2019\/11\/Fluss-trocken_Seaq68.jpg\",\"articleSection\":[\"Tipps\"],\"inLanguage\":\"de\"},{\"@type\":\"WebPage\",\"@id\":\"https:\/\/www.sonnenseite.com\/de\/tipps\/wie-deutschland-sich-mit-dem-klimawandel-veraendern-wird\/\",\"url\":\"https:\/\/www.sonnenseite.com\/de\/tipps\/wie-deutschland-sich-mit-dem-klimawandel-veraendern-wird\/\",\"name\":\"Wie Deutschland sich mit dem Klimawandel ver\u00e4ndern wird - Sonnenseite - \u00d6kologische Kommunikation mit Franz Alt\",\"isPartOf\":{\"@id\":\"https:\/\/www.sonnenseite.com\/de\/#website\"},\"primaryImageOfPage\":{\"@id\":\"https:\/\/www.sonnenseite.com\/de\/tipps\/wie-deutschland-sich-mit-dem-klimawandel-veraendern-wird\/#primaryimage\"},\"image\":{\"@id\":\"https:\/\/www.sonnenseite.com\/de\/tipps\/wie-deutschland-sich-mit-dem-klimawandel-veraendern-wird\/#primaryimage\"},\"thumbnailUrl\":\"https:\/\/www.sonnenseite.com\/wp-content\/uploads\/2019\/11\/Fluss-trocken_Seaq68.jpg\",\"datePublished\":\"2021-05-15T00:59:00+00:00\",\"dateModified\":\"2021-05-22T08:51:08+00:00\",\"description\":\"\\\"Jedes Zehntelgrad z\u00e4hlt\\\", sagen Wissenschaftler mit Blick auf die Erderhitzung. Das gilt auch f\u00fcr Deutschland. Die Autoren Nick Reimer und Toralf Staud\",\"breadcrumb\":{\"@id\":\"https:\/\/www.sonnenseite.com\/de\/tipps\/wie-deutschland-sich-mit-dem-klimawandel-veraendern-wird\/#breadcrumb\"},\"inLanguage\":\"de\",\"potentialAction\":[{\"@type\":\"ReadAction\",\"target\":[\"https:\/\/www.sonnenseite.com\/de\/tipps\/wie-deutschland-sich-mit-dem-klimawandel-veraendern-wird\/\"]}]},{\"@type\":\"ImageObject\",\"inLanguage\":\"de\",\"@id\":\"https:\/\/www.sonnenseite.com\/de\/tipps\/wie-deutschland-sich-mit-dem-klimawandel-veraendern-wird\/#primaryimage\",\"url\":\"https:\/\/www.sonnenseite.com\/wp-content\/uploads\/2019\/11\/Fluss-trocken_Seaq68.jpg\",\"contentUrl\":\"https:\/\/www.sonnenseite.com\/wp-content\/uploads\/2019\/11\/Fluss-trocken_Seaq68.jpg\",\"width\":770,\"height\":420,\"caption\":\"pixabay.com | Seaq68\"},{\"@type\":\"BreadcrumbList\",\"@id\":\"https:\/\/www.sonnenseite.com\/de\/tipps\/wie-deutschland-sich-mit-dem-klimawandel-veraendern-wird\/#breadcrumb\",\"itemListElement\":[{\"@type\":\"ListItem\",\"position\":1,\"name\":\"Startseite\",\"item\":\"https:\/\/www.sonnenseite.com\/de\/\"},{\"@type\":\"ListItem\",\"position\":2,\"name\":\"Wie Deutschland sich mit dem Klimawandel ver\u00e4ndern wird\"}]},{\"@type\":\"WebSite\",\"@id\":\"https:\/\/www.sonnenseite.com\/de\/#website\",\"url\":\"https:\/\/www.sonnenseite.com\/de\/\",\"name\":\"Sonnenseite\",\"description\":\"\u00d6kologische Kommunikation mit Franz Alt\",\"publisher\":{\"@id\":\"https:\/\/www.sonnenseite.com\/de\/#organization\"},\"potentialAction\":[{\"@type\":\"SearchAction\",\"target\":{\"@type\":\"EntryPoint\",\"urlTemplate\":\"https:\/\/www.sonnenseite.com\/de\/?s={search_term_string}\"},\"query-input\":{\"@type\":\"PropertyValueSpecification\",\"valueRequired\":true,\"valueName\":\"search_term_string\"}}],\"inLanguage\":\"de\"},{\"@type\":\"Organization\",\"@id\":\"https:\/\/www.sonnenseite.com\/de\/#organization\",\"name\":\"Sonnenseite\",\"url\":\"https:\/\/www.sonnenseite.com\/de\/\",\"logo\":{\"@type\":\"ImageObject\",\"inLanguage\":\"de\",\"@id\":\"https:\/\/www.sonnenseite.com\/de\/#\/schema\/logo\/image\/\",\"url\":\"https:\/\/www.sonnenseite.com\/wp-content\/uploads\/2020\/05\/Sonnenseite_Logo.png\",\"contentUrl\":\"https:\/\/www.sonnenseite.com\/wp-content\/uploads\/2020\/05\/Sonnenseite_Logo.png\",\"width\":377,\"height\":90,\"caption\":\"Sonnenseite\"},\"image\":{\"@id\":\"https:\/\/www.sonnenseite.com\/de\/#\/schema\/logo\/image\/\"},\"sameAs\":[\"https:\/\/www.facebook.com\/pages\/Franz-Alt-SONNENSEITECOM\/221072987903953?fref=ts\",\"https:\/\/x.com\/franzalt\",\"http:\/\/www.youtube.com\/results?search_query&amp;amp;quot;franz_alt&amp;amp;quot;&amp;amp;amp;amp;search_type&amp;amp;amp;amp;aq=f\"]},{\"@type\":\"Person\",\"@id\":\"https:\/\/www.sonnenseite.com\/de\/#\/schema\/person\/50fda0e926597684c7cc6695238a4eb9\",\"name\":\"Bigi Alt\"}]}<\/script>\n<!-- \/ Yoast SEO plugin. -->","yoast_head_json":{"title":"Wie Deutschland sich mit dem Klimawandel ver\u00e4ndern wird - Sonnenseite - \u00d6kologische Kommunikation mit Franz Alt","description":"\"Jedes Zehntelgrad z\u00e4hlt\", sagen Wissenschaftler mit Blick auf die Erderhitzung. Das gilt auch f\u00fcr Deutschland. Die Autoren Nick Reimer und Toralf Staud","robots":{"index":"index","follow":"follow","max-snippet":"max-snippet:-1","max-image-preview":"max-image-preview:large","max-video-preview":"max-video-preview:-1"},"canonical":"https:\/\/www.sonnenseite.com\/de\/tipps\/wie-deutschland-sich-mit-dem-klimawandel-veraendern-wird\/","og_locale":"de_DE","og_type":"article","og_title":"Wie Deutschland sich mit dem Klimawandel ver\u00e4ndern wird - Sonnenseite - \u00d6kologische Kommunikation mit Franz Alt","og_description":"\"Jedes Zehntelgrad z\u00e4hlt\", sagen Wissenschaftler mit Blick auf die Erderhitzung. Das gilt auch f\u00fcr Deutschland. Die Autoren Nick Reimer und Toralf Staud","og_url":"https:\/\/www.sonnenseite.com\/de\/tipps\/wie-deutschland-sich-mit-dem-klimawandel-veraendern-wird\/","og_site_name":"Sonnenseite","article_publisher":"https:\/\/www.facebook.com\/pages\/Franz-Alt-SONNENSEITECOM\/221072987903953?fref=ts","article_published_time":"2021-05-15T00:59:00+00:00","article_modified_time":"2021-05-22T08:51:08+00:00","og_image":[{"width":770,"height":420,"url":"https:\/\/www.sonnenseite.com\/wp-content\/uploads\/2019\/11\/Fluss-trocken_Seaq68.jpg","type":"image\/jpeg"}],"author":"Bigi Alt","twitter_card":"summary_large_image","twitter_creator":"@franzalt","twitter_site":"@franzalt","twitter_misc":{"Verfasst von":"Bigi Alt","Gesch\u00e4tzte Lesezeit":"5\u00a0Minuten"},"schema":{"@context":"https:\/\/schema.org","@graph":[{"@type":"Article","@id":"https:\/\/www.sonnenseite.com\/de\/tipps\/wie-deutschland-sich-mit-dem-klimawandel-veraendern-wird\/#article","isPartOf":{"@id":"https:\/\/www.sonnenseite.com\/de\/tipps\/wie-deutschland-sich-mit-dem-klimawandel-veraendern-wird\/"},"author":{"name":"Bigi Alt","@id":"https:\/\/www.sonnenseite.com\/de\/#\/schema\/person\/50fda0e926597684c7cc6695238a4eb9"},"headline":"Wie Deutschland sich mit dem Klimawandel ver\u00e4ndern wird","datePublished":"2021-05-15T00:59:00+00:00","dateModified":"2021-05-22T08:51:08+00:00","mainEntityOfPage":{"@id":"https:\/\/www.sonnenseite.com\/de\/tipps\/wie-deutschland-sich-mit-dem-klimawandel-veraendern-wird\/"},"wordCount":931,"publisher":{"@id":"https:\/\/www.sonnenseite.com\/de\/#organization"},"image":{"@id":"https:\/\/www.sonnenseite.com\/de\/tipps\/wie-deutschland-sich-mit-dem-klimawandel-veraendern-wird\/#primaryimage"},"thumbnailUrl":"https:\/\/www.sonnenseite.com\/wp-content\/uploads\/2019\/11\/Fluss-trocken_Seaq68.jpg","articleSection":["Tipps"],"inLanguage":"de"},{"@type":"WebPage","@id":"https:\/\/www.sonnenseite.com\/de\/tipps\/wie-deutschland-sich-mit-dem-klimawandel-veraendern-wird\/","url":"https:\/\/www.sonnenseite.com\/de\/tipps\/wie-deutschland-sich-mit-dem-klimawandel-veraendern-wird\/","name":"Wie Deutschland sich mit dem Klimawandel ver\u00e4ndern wird - Sonnenseite - \u00d6kologische Kommunikation mit Franz Alt","isPartOf":{"@id":"https:\/\/www.sonnenseite.com\/de\/#website"},"primaryImageOfPage":{"@id":"https:\/\/www.sonnenseite.com\/de\/tipps\/wie-deutschland-sich-mit-dem-klimawandel-veraendern-wird\/#primaryimage"},"image":{"@id":"https:\/\/www.sonnenseite.com\/de\/tipps\/wie-deutschland-sich-mit-dem-klimawandel-veraendern-wird\/#primaryimage"},"thumbnailUrl":"https:\/\/www.sonnenseite.com\/wp-content\/uploads\/2019\/11\/Fluss-trocken_Seaq68.jpg","datePublished":"2021-05-15T00:59:00+00:00","dateModified":"2021-05-22T08:51:08+00:00","description":"\"Jedes Zehntelgrad z\u00e4hlt\", sagen Wissenschaftler mit Blick auf die Erderhitzung. Das gilt auch f\u00fcr Deutschland. Die Autoren Nick Reimer und Toralf Staud","breadcrumb":{"@id":"https:\/\/www.sonnenseite.com\/de\/tipps\/wie-deutschland-sich-mit-dem-klimawandel-veraendern-wird\/#breadcrumb"},"inLanguage":"de","potentialAction":[{"@type":"ReadAction","target":["https:\/\/www.sonnenseite.com\/de\/tipps\/wie-deutschland-sich-mit-dem-klimawandel-veraendern-wird\/"]}]},{"@type":"ImageObject","inLanguage":"de","@id":"https:\/\/www.sonnenseite.com\/de\/tipps\/wie-deutschland-sich-mit-dem-klimawandel-veraendern-wird\/#primaryimage","url":"https:\/\/www.sonnenseite.com\/wp-content\/uploads\/2019\/11\/Fluss-trocken_Seaq68.jpg","contentUrl":"https:\/\/www.sonnenseite.com\/wp-content\/uploads\/2019\/11\/Fluss-trocken_Seaq68.jpg","width":770,"height":420,"caption":"pixabay.com | Seaq68"},{"@type":"BreadcrumbList","@id":"https:\/\/www.sonnenseite.com\/de\/tipps\/wie-deutschland-sich-mit-dem-klimawandel-veraendern-wird\/#breadcrumb","itemListElement":[{"@type":"ListItem","position":1,"name":"Startseite","item":"https:\/\/www.sonnenseite.com\/de\/"},{"@type":"ListItem","position":2,"name":"Wie Deutschland sich mit dem Klimawandel ver\u00e4ndern wird"}]},{"@type":"WebSite","@id":"https:\/\/www.sonnenseite.com\/de\/#website","url":"https:\/\/www.sonnenseite.com\/de\/","name":"Sonnenseite","description":"\u00d6kologische Kommunikation mit Franz Alt","publisher":{"@id":"https:\/\/www.sonnenseite.com\/de\/#organization"},"potentialAction":[{"@type":"SearchAction","target":{"@type":"EntryPoint","urlTemplate":"https:\/\/www.sonnenseite.com\/de\/?s={search_term_string}"},"query-input":{"@type":"PropertyValueSpecification","valueRequired":true,"valueName":"search_term_string"}}],"inLanguage":"de"},{"@type":"Organization","@id":"https:\/\/www.sonnenseite.com\/de\/#organization","name":"Sonnenseite","url":"https:\/\/www.sonnenseite.com\/de\/","logo":{"@type":"ImageObject","inLanguage":"de","@id":"https:\/\/www.sonnenseite.com\/de\/#\/schema\/logo\/image\/","url":"https:\/\/www.sonnenseite.com\/wp-content\/uploads\/2020\/05\/Sonnenseite_Logo.png","contentUrl":"https:\/\/www.sonnenseite.com\/wp-content\/uploads\/2020\/05\/Sonnenseite_Logo.png","width":377,"height":90,"caption":"Sonnenseite"},"image":{"@id":"https:\/\/www.sonnenseite.com\/de\/#\/schema\/logo\/image\/"},"sameAs":["https:\/\/www.facebook.com\/pages\/Franz-Alt-SONNENSEITECOM\/221072987903953?fref=ts","https:\/\/x.com\/franzalt","http:\/\/www.youtube.com\/results?search_query&amp;amp;quot;franz_alt&amp;amp;quot;&amp;amp;amp;amp;search_type&amp;amp;amp;amp;aq=f"]},{"@type":"Person","@id":"https:\/\/www.sonnenseite.com\/de\/#\/schema\/person\/50fda0e926597684c7cc6695238a4eb9","name":"Bigi Alt"}]}},"_links":{"self":[{"href":"https:\/\/www.sonnenseite.com\/de\/wp-json\/wp\/v2\/posts\/71022","targetHints":{"allow":["GET"]}}],"collection":[{"href":"https:\/\/www.sonnenseite.com\/de\/wp-json\/wp\/v2\/posts"}],"about":[{"href":"https:\/\/www.sonnenseite.com\/de\/wp-json\/wp\/v2\/types\/post"}],"author":[{"embeddable":true,"href":"https:\/\/www.sonnenseite.com\/de\/wp-json\/wp\/v2\/users\/3"}],"replies":[{"embeddable":true,"href":"https:\/\/www.sonnenseite.com\/de\/wp-json\/wp\/v2\/comments?post=71022"}],"version-history":[{"count":6,"href":"https:\/\/www.sonnenseite.com\/de\/wp-json\/wp\/v2\/posts\/71022\/revisions"}],"predecessor-version":[{"id":71030,"href":"https:\/\/www.sonnenseite.com\/de\/wp-json\/wp\/v2\/posts\/71022\/revisions\/71030"}],"wp:featuredmedia":[{"embeddable":true,"href":"https:\/\/www.sonnenseite.com\/de\/wp-json\/wp\/v2\/media\/5397"}],"wp:attachment":[{"href":"https:\/\/www.sonnenseite.com\/de\/wp-json\/wp\/v2\/media?parent=71022"}],"wp:term":[{"taxonomy":"category","embeddable":true,"href":"https:\/\/www.sonnenseite.com\/de\/wp-json\/wp\/v2\/categories?post=71022"},{"taxonomy":"post_tag","embeddable":true,"href":"https:\/\/www.sonnenseite.com\/de\/wp-json\/wp\/v2\/tags?post=71022"}],"curies":[{"name":"wp","href":"https:\/\/api.w.org\/{rel}","templated":true}]}}