{"id":71374,"date":"2021-05-22T02:02:00","date_gmt":"2021-05-22T00:02:00","guid":{"rendered":"https:\/\/www.sonnenseite.com\/?p=71374"},"modified":"2021-05-21T09:02:36","modified_gmt":"2021-05-21T07:02:36","slug":"standardisierung-fuer-recycling-von-pv-modulen","status":"publish","type":"post","link":"https:\/\/www.sonnenseite.com\/de\/wissenschaft\/standardisierung-fuer-recycling-von-pv-modulen\/","title":{"rendered":"Standardisierung f\u00fcr Recycling von PV-Modulen"},"content":{"rendered":"\n<p>Solarenergie spielt im erneuerbaren Energiemix f\u00fcr Deutschland, aber auch weltweit, eine gro\u00dfe Rolle. Bis zum Jahr 2030 geht die International Renewable Energy Agency IRENA von bis zu 2.840 Gigawatt an installierter Kapazit\u00e4t f\u00fcr Solarenergie aus. Laut einer Studie des Fraunhofer ISE sind in Deutschland Stand Ende 2020 circa 54 Gigawatt an Solarkapazit\u00e4t bereits installiert \u2013 das entspricht zwei Millionen Anlagen. Auch wenn ihre Lebenszeit recht lang ist und sie bis zu 30 Jahre in Betrieb bleiben, m\u00fcssen sie irgendwann entsorgt und im besten Fall recycelt werden.<\/p>\n\n\n\n<h5 class=\"wp-block-heading\">Projekt ReSi-Norm soll Recycling von Solarzellen vereinheitlichen und verbessern<\/h5>\n\n\n\n<p>Bereits heute sind verschiedene, mehr oder weniger effiziente Verfahren und Konzepte zum Recycling von ausgedienten PV-Modulen im Einsatz. Um diese zu beurteilen, fehlt es jedoch an Standardisierung und Normung von Recyclingprozessen f\u00fcr PV-Module, damit das volle Potenzial des Recyclings ausgesch\u00f6pft werden kann. Diesem Ziel hat sich nun das Projekt \u00bbStandardisierung und Normung von Recyclingprozessen f\u00fcr Siliziumsolarmodule \u2013 ReSi-Norm\u00ab angenommen. Unter Federf\u00fchrung der Fraunhofer-Einrichtung f\u00fcr Wertstoffkreisl\u00e4ufe und Ressourcenstrategie IWKS und gemeinsam mit den drei Verbundpartnern VDE Renewables GmbH, DKE Deutsche Kommission Elektrotechnik Elektronik Informationstechnik in DIN und VDE sowie der Firma Hensel Recycling GmbH wird im Projekt ein ganzheitlicher Ansatz f\u00fcr das Solarmodulrecycling realisiert, der alle Faktoren zur Normung entlang des gesamten Wertstoffkreislaufs abdeckt. Durch die Erarbeitung von Normungsvorschl\u00e4gen sollen die Normungsabl\u00e4ufe auf nationaler und europ\u00e4ischer Ebene unterst\u00fctzt werden.<\/p>\n\n\n\n<h5 class=\"wp-block-heading\">Wie k\u00f6nnen PV-Module besser recycelt werden?<\/h5>\n\n\n\n<p>Die R\u00fccknahme und das Recycling alter PV-Module waren in Deutschland \u00fcber einen langen Zeitraum kaum gesetzlich geregelt, unter anderem durch die hohe Lebensdauer und die daraus bedingten noch geringen R\u00fccklaufmengen. Im Zuge der Energiewende sind Photovoltaik-Module einige der wichtigsten Energiewandler zu Solarstrom der nat\u00fcrlichen und quasi unbegrenzt verf\u00fcgbaren Energiequelle Sonneneinstrahlung. Damit einher geht der Bedarf an hochwertigen Gl\u00e4sern und kritischen Ressourcen wie Halbleitermaterialien und Edelmetallen. In Europa, und im Besonderen Deutschland, sind die Rohstoffe zur Herstellung der Materialien nicht ausreichend verf\u00fcgbar. Daher besteht eine Abh\u00e4ngigkeit von unsicheren Lieferketten, Preisen, Verf\u00fcgbarkeiten und geopolitischen Einflussfaktoren. In diesem Zusammenhang gewinnt das Recycling von PV-Modulen nicht nur \u00f6kologisch, sondern auch \u00f6konomisch an Bedeutung. Mit Inkrafttreten der EU-Richtlinie 2012\/19\/EU \u00bbWaste of Electrical and Electronic Equipment\u00ab (WEEE2) 2012 und des Elektrogesetzes (ElektroG2) 2015 stieg ebenfalls der regulatorische Druck. Seit der neuesten \u00c4nderung der WEEE2-Richtlinie 2018 m\u00fcssen zudem 85 % der verkauften PV-Module gesammelt und zu 80 % recycelt werden. <\/p>\n\n\n\n<p>Insgesamt k\u00f6nnen nach Expertensch\u00e4tzungen bis zu 95 % der in einem Solarmodul verbauten Materialien wiederverwertet werden. Mit der j\u00fcngsten Anpassung des ElektroG2 im Dezember 2020 wurden die Behandlungsanforderungen an Photovoltaikmodule weiter konkretisiert. So m\u00fcssen PV-Module im Recycling nach Typ (siliziumbasierte und nicht-siliziumbasierte) getrennt behandelt werden sowie eine Entfrachtung der gewonnenen Fraktionen von Blei, Selen und Cadmium innerhalb spezifischer Grenzwerte durchgef\u00fchrt werden. Dies ist ein wichtiger erster Schritt in Richtung Mindestqualit\u00e4tsanforderungen und Ressourcenschonung im Recycling von PV-Modulen. In der Praxis geht dies allerdings nicht weit genug: So wird weder das PV-Frontglas noch das Silizium-Halbleitermaterial fl\u00e4chendeckend einem Recyclingprozess zugef\u00fchrt. Dies soll in ReSi-Norm richtungsweisend f\u00fcr alle zuk\u00fcnftigen Verfahren evaluiert und umgesetzt werden.<\/p>\n\n\n\n<h5 class=\"wp-block-heading\">Neueste Forschungsergebnisse und bestehendes Industrie-Wissen vereinen<\/h5>\n\n\n\n<p>Mechanische, thermische und chemische Recyclingverfahren f\u00fcr PV-Module werden seit \u00fcber 15 Jahren erforscht. Mit modernen Recyclingverfahren ist es heute theoretisch m\u00f6glich, Altmodule so zu recyceln, dass die Wertstoffe ann\u00e4hernd vollst\u00e4ndig wieder einem Produktionsverfahren als Sekund\u00e4rrohstoffe zugef\u00fchrt werden k\u00f6nnen. Doch wenn im n\u00e4chsten Jahrzehnt gr\u00f6\u00dfere St\u00fcckzahlen zur Wiederverwertung anstehen, m\u00fcssen diese Verfahren gerade im Hinblick auf Effizienz und Ressourcenschonung kontinuierlich verbessert werden. Ebenfalls muss eine Vergleichbarkeit der Verfahren hergestellt werden, um ihre Effizienz bewerten zu k\u00f6nnen.<\/p>\n\n\n\n<p>Ausgehend vom Stand der Forschung und den betrieblichen Anwendungen wollen die Projektparteien von ReSi-Norm daher gemeinsam neue Standards f\u00fcr das Recycling von PV-Modulen setzen und dazu State-of-the-Art-Prozesse und Forschungsergebnisse betrachten. Besondere Ber\u00fccksichtigung finden dabei bereits vorliegende Ergebnisse und Erkenntnisse aus aktuellen nationalen oder europ\u00e4ischen Programmen und Entwicklungsaktivit\u00e4ten. So sollen innerhalb des ReSi-Norm-Projekts eine standardisierte Vorgehensweise und Normen f\u00fcr Sammelquoten und realistische Recyclingquoten f\u00fcr das gesamte Wertstoffpaket eines PV-Moduls entwickelt und implementiert werden.<\/p>\n\n\n<h5 class=\"green\">Quelle<\/h5>\r\n\n\n\n<p><a href=\"https:\/\/www.iwks.fraunhofer.de\/de\/presse-und-medien\/pressemeldungen-2021\/projekt-resinorm.html\">Fraunhofer IWKS 2021<\/a><\/p>\n<div class=\"shariff shariff-align-flex-start shariff-widget-align-flex-start\"><div class=\"ShariffHeadline\">Diese Meldung teilen<\/div><ul class=\"shariff-buttons theme-round orientation-horizontal buttonsize-medium\"><li class=\"shariff-button facebook shariff-nocustomcolor\" style=\"background-color:#4273c8;border-radius:1%\"><a href=\"https:\/\/www.facebook.com\/sharer\/sharer.php?u=https%3A%2F%2Fwww.sonnenseite.com%2Fde%2Fwissenschaft%2Fstandardisierung-fuer-recycling-von-pv-modulen%2F\" title=\"Bei Facebook teilen\" aria-label=\"Bei Facebook teilen\" role=\"button\" rel=\"nofollow\" class=\"shariff-link\" style=\";border-radius:1%; background-color:#3b5998; color:#fff\" target=\"_blank\"><span class=\"shariff-icon\" style=\"\"><svg width=\"32px\" height=\"20px\" xmlns=\"http:\/\/www.w3.org\/2000\/svg\" viewBox=\"0 0 18 32\"><path fill=\"#3b5998\" d=\"M17.1 0.2v4.7h-2.8q-1.5 0-2.1 0.6t-0.5 1.9v3.4h5.2l-0.7 5.3h-4.5v13.6h-5.5v-13.6h-4.5v-5.3h4.5v-3.9q0-3.3 1.9-5.2t5-1.8q2.6 0 4.1 0.2z\"\/><\/svg><\/span><\/a><\/li><li class=\"shariff-button twitter shariff-nocustomcolor\" style=\"background-color:#595959;border-radius:1%\"><a href=\"https:\/\/twitter.com\/share?url=https%3A%2F%2Fwww.sonnenseite.com%2Fde%2Fwissenschaft%2Fstandardisierung-fuer-recycling-von-pv-modulen%2F&text=Standardisierung%20f%C3%BCr%20Recycling%20von%20PV-Modulen\" title=\"Bei X teilen\" aria-label=\"Bei X teilen\" role=\"button\" rel=\"noopener nofollow\" class=\"shariff-link\" style=\";border-radius:1%; background-color:#000; color:#fff\" target=\"_blank\"><span class=\"shariff-icon\" style=\"\"><svg width=\"32px\" height=\"20px\" xmlns=\"http:\/\/www.w3.org\/2000\/svg\" viewBox=\"0 0 24 24\"><path fill=\"#000\" d=\"M14.258 10.152L23.176 0h-2.113l-7.747 8.813L7.133 0H0l9.352 13.328L0 23.973h2.113l8.176-9.309 6.531 9.309h7.133zm-2.895 3.293l-.949-1.328L2.875 1.56h3.246l6.086 8.523.945 1.328 7.91 11.078h-3.246zm0 0\"\/><\/svg><\/span><\/a><\/li><li class=\"shariff-button xing shariff-nocustomcolor\" style=\"background-color:#29888a;border-radius:1%\"><a href=\"https:\/\/www.xing.com\/spi\/shares\/new?url=https%3A%2F%2Fwww.sonnenseite.com%2Fde%2Fwissenschaft%2Fstandardisierung-fuer-recycling-von-pv-modulen%2F\" title=\"Bei XING teilen\" aria-label=\"Bei XING teilen\" role=\"button\" rel=\"noopener nofollow\" class=\"shariff-link\" style=\";border-radius:1%; background-color:#126567; color:#fff\" target=\"_blank\"><span class=\"shariff-icon\" style=\"\"><svg width=\"32px\" height=\"20px\" xmlns=\"http:\/\/www.w3.org\/2000\/svg\" viewBox=\"0 0 25 32\"><path fill=\"#126567\" d=\"M10.7 11.9q-0.2 0.3-4.6 8.2-0.5 0.8-1.2 0.8h-4.3q-0.4 0-0.5-0.3t0-0.6l4.5-8q0 0 0 0l-2.9-5q-0.2-0.4 0-0.7 0.2-0.3 0.5-0.3h4.3q0.7 0 1.2 0.8zM25.1 0.4q0.2 0.3 0 0.7l-9.4 16.7 6 11q0.2 0.4 0 0.6-0.2 0.3-0.6 0.3h-4.3q-0.7 0-1.2-0.8l-6-11.1q0.3-0.6 9.5-16.8 0.4-0.8 1.2-0.8h4.3q0.4 0 0.5 0.3z\"\/><\/svg><\/span><\/a><\/li><li class=\"shariff-button linkedin shariff-nocustomcolor\" style=\"background-color:#1488bf;border-radius:1%\"><a href=\"https:\/\/www.linkedin.com\/sharing\/share-offsite\/?url=https%3A%2F%2Fwww.sonnenseite.com%2Fde%2Fwissenschaft%2Fstandardisierung-fuer-recycling-von-pv-modulen%2F\" title=\"Bei LinkedIn teilen\" aria-label=\"Bei LinkedIn teilen\" role=\"button\" rel=\"noopener nofollow\" class=\"shariff-link\" style=\";border-radius:1%; background-color:#0077b5; color:#fff\" target=\"_blank\"><span class=\"shariff-icon\" style=\"\"><svg width=\"32px\" height=\"20px\" xmlns=\"http:\/\/www.w3.org\/2000\/svg\" viewBox=\"0 0 27 32\"><path fill=\"#0077b5\" d=\"M6.2 11.2v17.7h-5.9v-17.7h5.9zM6.6 5.7q0 1.3-0.9 2.2t-2.4 0.9h0q-1.5 0-2.4-0.9t-0.9-2.2 0.9-2.2 2.4-0.9 2.4 0.9 0.9 2.2zM27.4 18.7v10.1h-5.9v-9.5q0-1.9-0.7-2.9t-2.3-1.1q-1.1 0-1.9 0.6t-1.2 1.5q-0.2 0.5-0.2 1.4v9.9h-5.9q0-7.1 0-11.6t0-5.3l0-0.9h5.9v2.6h0q0.4-0.6 0.7-1t1-0.9 1.6-0.8 2-0.3q3 0 4.9 2t1.9 6z\"\/><\/svg><\/span><\/a><\/li><li class=\"shariff-button printer shariff-nocustomcolor\" style=\"background-color:#a8a8a8;border-radius:1%\"><a href=\"javascript:window.print()\" title=\"drucken\" aria-label=\"drucken\" role=\"button\" rel=\"noopener nofollow\" class=\"shariff-link\" style=\";border-radius:1%; background-color:#999; color:#fff\"><span class=\"shariff-icon\" style=\"\"><svg width=\"32px\" height=\"20px\" xmlns=\"http:\/\/www.w3.org\/2000\/svg\" viewBox=\"0 0 30 32\"><path fill=\"#999\" d=\"M6.8 27.4h16v-4.6h-16v4.6zM6.8 16h16v-6.8h-2.8q-0.7 0-1.2-0.5t-0.5-1.2v-2.8h-11.4v11.4zM27.4 17.2q0-0.5-0.3-0.8t-0.8-0.4-0.8 0.4-0.3 0.8 0.3 0.8 0.8 0.3 0.8-0.3 0.3-0.8zM29.7 17.2v7.4q0 0.2-0.2 0.4t-0.4 0.2h-4v2.8q0 0.7-0.5 1.2t-1.2 0.5h-17.2q-0.7 0-1.2-0.5t-0.5-1.2v-2.8h-4q-0.2 0-0.4-0.2t-0.2-0.4v-7.4q0-1.4 1-2.4t2.4-1h1.2v-9.7q0-0.7 0.5-1.2t1.2-0.5h12q0.7 0 1.6 0.4t1.3 0.8l2.7 2.7q0.5 0.5 0.9 1.4t0.4 1.6v4.6h1.1q1.4 0 2.4 1t1 2.4z\"\/><\/svg><\/span><\/a><\/li><li class=\"shariff-button mailto shariff-nocustomcolor\" style=\"background-color:#a8a8a8;border-radius:1%\"><a href=\"mailto:?body=https%3A%2F%2Fwww.sonnenseite.com%2Fde%2Fwissenschaft%2Fstandardisierung-fuer-recycling-von-pv-modulen%2F&subject=Standardisierung%20f%C3%BCr%20Recycling%20von%20PV-Modulen\" title=\"Per E-Mail versenden\" aria-label=\"Per E-Mail versenden\" role=\"button\" rel=\"noopener nofollow\" class=\"shariff-link\" style=\";border-radius:1%; background-color:#999; color:#fff\"><span class=\"shariff-icon\" style=\"\"><svg width=\"32px\" height=\"20px\" xmlns=\"http:\/\/www.w3.org\/2000\/svg\" viewBox=\"0 0 32 32\"><path fill=\"#999\" d=\"M32 12.7v14.2q0 1.2-0.8 2t-2 0.9h-26.3q-1.2 0-2-0.9t-0.8-2v-14.2q0.8 0.9 1.8 1.6 6.5 4.4 8.9 6.1 1 0.8 1.6 1.2t1.7 0.9 2 0.4h0.1q0.9 0 2-0.4t1.7-0.9 1.6-1.2q3-2.2 8.9-6.1 1-0.7 1.8-1.6zM32 7.4q0 1.4-0.9 2.7t-2.2 2.2q-6.7 4.7-8.4 5.8-0.2 0.1-0.7 0.5t-1 0.7-0.9 0.6-1.1 0.5-0.9 0.2h-0.1q-0.4 0-0.9-0.2t-1.1-0.5-0.9-0.6-1-0.7-0.7-0.5q-1.6-1.1-4.7-3.2t-3.6-2.6q-1.1-0.7-2.1-2t-1-2.5q0-1.4 0.7-2.3t2.1-0.9h26.3q1.2 0 2 0.8t0.9 2z\"\/><\/svg><\/span><\/a><\/li><\/ul><\/div>","protected":false},"excerpt":{"rendered":"<p>Solarenergie spielt im erneuerbaren Energiemix f\u00fcr Deutschland, aber auch weltweit, eine gro\u00dfe Rolle. Bis zum Jahr [&hellip;]<\/p>\n","protected":false},"author":3,"featured_media":71375,"comment_status":"closed","ping_status":"closed","sticky":false,"template":"","format":"standard","meta":{"inline_featured_image":false,"footnotes":""},"categories":[26],"tags":[],"class_list":["post-71374","post","type-post","status-publish","format-standard","has-post-thumbnail","hentry","category-wissenschaft"],"yoast_head":"<!-- This site is optimized with the Yoast SEO plugin v26.5 - https:\/\/yoast.com\/wordpress\/plugins\/seo\/ -->\n<title>Standardisierung f\u00fcr Recycling von PV-Modulen - Sonnenseite - \u00d6kologische Kommunikation mit Franz Alt<\/title>\n<meta name=\"description\" content=\"Solarenergie spielt im erneuerbaren Energiemix f\u00fcr Deutschland, aber auch weltweit, eine gro\u00dfe Rolle. Bis zum Jahr 2030 geht die International Renewable\" \/>\n<meta name=\"robots\" content=\"index, follow, max-snippet:-1, max-image-preview:large, max-video-preview:-1\" \/>\n<link rel=\"canonical\" href=\"https:\/\/www.sonnenseite.com\/de\/wissenschaft\/standardisierung-fuer-recycling-von-pv-modulen\/\" \/>\n<meta property=\"og:locale\" content=\"de_DE\" \/>\n<meta property=\"og:type\" content=\"article\" \/>\n<meta property=\"og:title\" content=\"Standardisierung f\u00fcr Recycling von PV-Modulen - Sonnenseite - \u00d6kologische Kommunikation mit Franz Alt\" \/>\n<meta property=\"og:description\" content=\"Solarenergie spielt im erneuerbaren Energiemix f\u00fcr Deutschland, aber auch weltweit, eine gro\u00dfe Rolle. Bis zum Jahr 2030 geht die International Renewable\" \/>\n<meta property=\"og:url\" content=\"https:\/\/www.sonnenseite.com\/de\/wissenschaft\/standardisierung-fuer-recycling-von-pv-modulen\/\" \/>\n<meta property=\"og:site_name\" content=\"Sonnenseite\" \/>\n<meta property=\"article:publisher\" content=\"https:\/\/www.facebook.com\/pages\/Franz-Alt-SONNENSEITECOM\/221072987903953?fref=ts\" \/>\n<meta property=\"article:published_time\" content=\"2021-05-22T00:02:00+00:00\" \/>\n<meta property=\"og:image\" content=\"https:\/\/www.sonnenseite.com\/wp-content\/uploads\/2021\/05\/Pressebild_ReSiNorm_Fraunhofer-IWKS.jpg\" \/>\n\t<meta property=\"og:image:width\" content=\"770\" \/>\n\t<meta property=\"og:image:height\" content=\"420\" \/>\n\t<meta property=\"og:image:type\" content=\"image\/jpeg\" \/>\n<meta name=\"author\" content=\"Bigi Alt\" \/>\n<meta name=\"twitter:card\" content=\"summary_large_image\" \/>\n<meta name=\"twitter:creator\" content=\"@franzalt\" \/>\n<meta name=\"twitter:site\" content=\"@franzalt\" \/>\n<meta name=\"twitter:label1\" content=\"Verfasst von\" \/>\n\t<meta name=\"twitter:data1\" content=\"Bigi Alt\" \/>\n\t<meta name=\"twitter:label2\" content=\"Gesch\u00e4tzte Lesezeit\" \/>\n\t<meta name=\"twitter:data2\" content=\"3\u00a0Minuten\" \/>\n<script type=\"application\/ld+json\" class=\"yoast-schema-graph\">{\"@context\":\"https:\/\/schema.org\",\"@graph\":[{\"@type\":\"Article\",\"@id\":\"https:\/\/www.sonnenseite.com\/de\/wissenschaft\/standardisierung-fuer-recycling-von-pv-modulen\/#article\",\"isPartOf\":{\"@id\":\"https:\/\/www.sonnenseite.com\/de\/wissenschaft\/standardisierung-fuer-recycling-von-pv-modulen\/\"},\"author\":{\"name\":\"Bigi Alt\",\"@id\":\"https:\/\/www.sonnenseite.com\/de\/#\/schema\/person\/50fda0e926597684c7cc6695238a4eb9\"},\"headline\":\"Standardisierung f\u00fcr Recycling von PV-Modulen\",\"datePublished\":\"2021-05-22T00:02:00+00:00\",\"mainEntityOfPage\":{\"@id\":\"https:\/\/www.sonnenseite.com\/de\/wissenschaft\/standardisierung-fuer-recycling-von-pv-modulen\/\"},\"wordCount\":691,\"publisher\":{\"@id\":\"https:\/\/www.sonnenseite.com\/de\/#organization\"},\"image\":{\"@id\":\"https:\/\/www.sonnenseite.com\/de\/wissenschaft\/standardisierung-fuer-recycling-von-pv-modulen\/#primaryimage\"},\"thumbnailUrl\":\"https:\/\/www.sonnenseite.com\/wp-content\/uploads\/2021\/05\/Pressebild_ReSiNorm_Fraunhofer-IWKS.jpg\",\"articleSection\":[\"Wissenschaft\"],\"inLanguage\":\"de\"},{\"@type\":\"WebPage\",\"@id\":\"https:\/\/www.sonnenseite.com\/de\/wissenschaft\/standardisierung-fuer-recycling-von-pv-modulen\/\",\"url\":\"https:\/\/www.sonnenseite.com\/de\/wissenschaft\/standardisierung-fuer-recycling-von-pv-modulen\/\",\"name\":\"Standardisierung f\u00fcr Recycling von PV-Modulen - Sonnenseite - \u00d6kologische Kommunikation mit Franz Alt\",\"isPartOf\":{\"@id\":\"https:\/\/www.sonnenseite.com\/de\/#website\"},\"primaryImageOfPage\":{\"@id\":\"https:\/\/www.sonnenseite.com\/de\/wissenschaft\/standardisierung-fuer-recycling-von-pv-modulen\/#primaryimage\"},\"image\":{\"@id\":\"https:\/\/www.sonnenseite.com\/de\/wissenschaft\/standardisierung-fuer-recycling-von-pv-modulen\/#primaryimage\"},\"thumbnailUrl\":\"https:\/\/www.sonnenseite.com\/wp-content\/uploads\/2021\/05\/Pressebild_ReSiNorm_Fraunhofer-IWKS.jpg\",\"datePublished\":\"2021-05-22T00:02:00+00:00\",\"description\":\"Solarenergie spielt im erneuerbaren Energiemix f\u00fcr Deutschland, aber auch weltweit, eine gro\u00dfe Rolle. Bis zum Jahr 2030 geht die International Renewable\",\"breadcrumb\":{\"@id\":\"https:\/\/www.sonnenseite.com\/de\/wissenschaft\/standardisierung-fuer-recycling-von-pv-modulen\/#breadcrumb\"},\"inLanguage\":\"de\",\"potentialAction\":[{\"@type\":\"ReadAction\",\"target\":[\"https:\/\/www.sonnenseite.com\/de\/wissenschaft\/standardisierung-fuer-recycling-von-pv-modulen\/\"]}]},{\"@type\":\"ImageObject\",\"inLanguage\":\"de\",\"@id\":\"https:\/\/www.sonnenseite.com\/de\/wissenschaft\/standardisierung-fuer-recycling-von-pv-modulen\/#primaryimage\",\"url\":\"https:\/\/www.sonnenseite.com\/wp-content\/uploads\/2021\/05\/Pressebild_ReSiNorm_Fraunhofer-IWKS.jpg\",\"contentUrl\":\"https:\/\/www.sonnenseite.com\/wp-content\/uploads\/2021\/05\/Pressebild_ReSiNorm_Fraunhofer-IWKS.jpg\",\"width\":770,\"height\":420,\"caption\":\"Fraunhofer IWKS | Projekt ReSi-Norm | Projekt ReSi-Norm soll Recycling von Solarzellen vereinheitlichen und verbessern.\"},{\"@type\":\"BreadcrumbList\",\"@id\":\"https:\/\/www.sonnenseite.com\/de\/wissenschaft\/standardisierung-fuer-recycling-von-pv-modulen\/#breadcrumb\",\"itemListElement\":[{\"@type\":\"ListItem\",\"position\":1,\"name\":\"Startseite\",\"item\":\"https:\/\/www.sonnenseite.com\/de\/\"},{\"@type\":\"ListItem\",\"position\":2,\"name\":\"Standardisierung f\u00fcr Recycling von PV-Modulen\"}]},{\"@type\":\"WebSite\",\"@id\":\"https:\/\/www.sonnenseite.com\/de\/#website\",\"url\":\"https:\/\/www.sonnenseite.com\/de\/\",\"name\":\"Sonnenseite\",\"description\":\"\u00d6kologische Kommunikation mit Franz Alt\",\"publisher\":{\"@id\":\"https:\/\/www.sonnenseite.com\/de\/#organization\"},\"potentialAction\":[{\"@type\":\"SearchAction\",\"target\":{\"@type\":\"EntryPoint\",\"urlTemplate\":\"https:\/\/www.sonnenseite.com\/de\/?s={search_term_string}\"},\"query-input\":{\"@type\":\"PropertyValueSpecification\",\"valueRequired\":true,\"valueName\":\"search_term_string\"}}],\"inLanguage\":\"de\"},{\"@type\":\"Organization\",\"@id\":\"https:\/\/www.sonnenseite.com\/de\/#organization\",\"name\":\"Sonnenseite\",\"url\":\"https:\/\/www.sonnenseite.com\/de\/\",\"logo\":{\"@type\":\"ImageObject\",\"inLanguage\":\"de\",\"@id\":\"https:\/\/www.sonnenseite.com\/de\/#\/schema\/logo\/image\/\",\"url\":\"https:\/\/www.sonnenseite.com\/wp-content\/uploads\/2020\/05\/Sonnenseite_Logo.png\",\"contentUrl\":\"https:\/\/www.sonnenseite.com\/wp-content\/uploads\/2020\/05\/Sonnenseite_Logo.png\",\"width\":377,\"height\":90,\"caption\":\"Sonnenseite\"},\"image\":{\"@id\":\"https:\/\/www.sonnenseite.com\/de\/#\/schema\/logo\/image\/\"},\"sameAs\":[\"https:\/\/www.facebook.com\/pages\/Franz-Alt-SONNENSEITECOM\/221072987903953?fref=ts\",\"https:\/\/x.com\/franzalt\",\"http:\/\/www.youtube.com\/results?search_query&amp;amp;quot;franz_alt&amp;amp;quot;&amp;amp;amp;amp;search_type&amp;amp;amp;amp;aq=f\"]},{\"@type\":\"Person\",\"@id\":\"https:\/\/www.sonnenseite.com\/de\/#\/schema\/person\/50fda0e926597684c7cc6695238a4eb9\",\"name\":\"Bigi Alt\"}]}<\/script>\n<!-- \/ Yoast SEO plugin. -->","yoast_head_json":{"title":"Standardisierung f\u00fcr Recycling von PV-Modulen - Sonnenseite - \u00d6kologische Kommunikation mit Franz Alt","description":"Solarenergie spielt im erneuerbaren Energiemix f\u00fcr Deutschland, aber auch weltweit, eine gro\u00dfe Rolle. Bis zum Jahr 2030 geht die International Renewable","robots":{"index":"index","follow":"follow","max-snippet":"max-snippet:-1","max-image-preview":"max-image-preview:large","max-video-preview":"max-video-preview:-1"},"canonical":"https:\/\/www.sonnenseite.com\/de\/wissenschaft\/standardisierung-fuer-recycling-von-pv-modulen\/","og_locale":"de_DE","og_type":"article","og_title":"Standardisierung f\u00fcr Recycling von PV-Modulen - Sonnenseite - \u00d6kologische Kommunikation mit Franz Alt","og_description":"Solarenergie spielt im erneuerbaren Energiemix f\u00fcr Deutschland, aber auch weltweit, eine gro\u00dfe Rolle. Bis zum Jahr 2030 geht die International Renewable","og_url":"https:\/\/www.sonnenseite.com\/de\/wissenschaft\/standardisierung-fuer-recycling-von-pv-modulen\/","og_site_name":"Sonnenseite","article_publisher":"https:\/\/www.facebook.com\/pages\/Franz-Alt-SONNENSEITECOM\/221072987903953?fref=ts","article_published_time":"2021-05-22T00:02:00+00:00","og_image":[{"width":770,"height":420,"url":"https:\/\/www.sonnenseite.com\/wp-content\/uploads\/2021\/05\/Pressebild_ReSiNorm_Fraunhofer-IWKS.jpg","type":"image\/jpeg"}],"author":"Bigi Alt","twitter_card":"summary_large_image","twitter_creator":"@franzalt","twitter_site":"@franzalt","twitter_misc":{"Verfasst von":"Bigi Alt","Gesch\u00e4tzte Lesezeit":"3\u00a0Minuten"},"schema":{"@context":"https:\/\/schema.org","@graph":[{"@type":"Article","@id":"https:\/\/www.sonnenseite.com\/de\/wissenschaft\/standardisierung-fuer-recycling-von-pv-modulen\/#article","isPartOf":{"@id":"https:\/\/www.sonnenseite.com\/de\/wissenschaft\/standardisierung-fuer-recycling-von-pv-modulen\/"},"author":{"name":"Bigi Alt","@id":"https:\/\/www.sonnenseite.com\/de\/#\/schema\/person\/50fda0e926597684c7cc6695238a4eb9"},"headline":"Standardisierung f\u00fcr Recycling von PV-Modulen","datePublished":"2021-05-22T00:02:00+00:00","mainEntityOfPage":{"@id":"https:\/\/www.sonnenseite.com\/de\/wissenschaft\/standardisierung-fuer-recycling-von-pv-modulen\/"},"wordCount":691,"publisher":{"@id":"https:\/\/www.sonnenseite.com\/de\/#organization"},"image":{"@id":"https:\/\/www.sonnenseite.com\/de\/wissenschaft\/standardisierung-fuer-recycling-von-pv-modulen\/#primaryimage"},"thumbnailUrl":"https:\/\/www.sonnenseite.com\/wp-content\/uploads\/2021\/05\/Pressebild_ReSiNorm_Fraunhofer-IWKS.jpg","articleSection":["Wissenschaft"],"inLanguage":"de"},{"@type":"WebPage","@id":"https:\/\/www.sonnenseite.com\/de\/wissenschaft\/standardisierung-fuer-recycling-von-pv-modulen\/","url":"https:\/\/www.sonnenseite.com\/de\/wissenschaft\/standardisierung-fuer-recycling-von-pv-modulen\/","name":"Standardisierung f\u00fcr Recycling von PV-Modulen - Sonnenseite - \u00d6kologische Kommunikation mit Franz Alt","isPartOf":{"@id":"https:\/\/www.sonnenseite.com\/de\/#website"},"primaryImageOfPage":{"@id":"https:\/\/www.sonnenseite.com\/de\/wissenschaft\/standardisierung-fuer-recycling-von-pv-modulen\/#primaryimage"},"image":{"@id":"https:\/\/www.sonnenseite.com\/de\/wissenschaft\/standardisierung-fuer-recycling-von-pv-modulen\/#primaryimage"},"thumbnailUrl":"https:\/\/www.sonnenseite.com\/wp-content\/uploads\/2021\/05\/Pressebild_ReSiNorm_Fraunhofer-IWKS.jpg","datePublished":"2021-05-22T00:02:00+00:00","description":"Solarenergie spielt im erneuerbaren Energiemix f\u00fcr Deutschland, aber auch weltweit, eine gro\u00dfe Rolle. Bis zum Jahr 2030 geht die International Renewable","breadcrumb":{"@id":"https:\/\/www.sonnenseite.com\/de\/wissenschaft\/standardisierung-fuer-recycling-von-pv-modulen\/#breadcrumb"},"inLanguage":"de","potentialAction":[{"@type":"ReadAction","target":["https:\/\/www.sonnenseite.com\/de\/wissenschaft\/standardisierung-fuer-recycling-von-pv-modulen\/"]}]},{"@type":"ImageObject","inLanguage":"de","@id":"https:\/\/www.sonnenseite.com\/de\/wissenschaft\/standardisierung-fuer-recycling-von-pv-modulen\/#primaryimage","url":"https:\/\/www.sonnenseite.com\/wp-content\/uploads\/2021\/05\/Pressebild_ReSiNorm_Fraunhofer-IWKS.jpg","contentUrl":"https:\/\/www.sonnenseite.com\/wp-content\/uploads\/2021\/05\/Pressebild_ReSiNorm_Fraunhofer-IWKS.jpg","width":770,"height":420,"caption":"Fraunhofer IWKS | Projekt ReSi-Norm | Projekt ReSi-Norm soll Recycling von Solarzellen vereinheitlichen und verbessern."},{"@type":"BreadcrumbList","@id":"https:\/\/www.sonnenseite.com\/de\/wissenschaft\/standardisierung-fuer-recycling-von-pv-modulen\/#breadcrumb","itemListElement":[{"@type":"ListItem","position":1,"name":"Startseite","item":"https:\/\/www.sonnenseite.com\/de\/"},{"@type":"ListItem","position":2,"name":"Standardisierung f\u00fcr Recycling von PV-Modulen"}]},{"@type":"WebSite","@id":"https:\/\/www.sonnenseite.com\/de\/#website","url":"https:\/\/www.sonnenseite.com\/de\/","name":"Sonnenseite","description":"\u00d6kologische Kommunikation mit Franz Alt","publisher":{"@id":"https:\/\/www.sonnenseite.com\/de\/#organization"},"potentialAction":[{"@type":"SearchAction","target":{"@type":"EntryPoint","urlTemplate":"https:\/\/www.sonnenseite.com\/de\/?s={search_term_string}"},"query-input":{"@type":"PropertyValueSpecification","valueRequired":true,"valueName":"search_term_string"}}],"inLanguage":"de"},{"@type":"Organization","@id":"https:\/\/www.sonnenseite.com\/de\/#organization","name":"Sonnenseite","url":"https:\/\/www.sonnenseite.com\/de\/","logo":{"@type":"ImageObject","inLanguage":"de","@id":"https:\/\/www.sonnenseite.com\/de\/#\/schema\/logo\/image\/","url":"https:\/\/www.sonnenseite.com\/wp-content\/uploads\/2020\/05\/Sonnenseite_Logo.png","contentUrl":"https:\/\/www.sonnenseite.com\/wp-content\/uploads\/2020\/05\/Sonnenseite_Logo.png","width":377,"height":90,"caption":"Sonnenseite"},"image":{"@id":"https:\/\/www.sonnenseite.com\/de\/#\/schema\/logo\/image\/"},"sameAs":["https:\/\/www.facebook.com\/pages\/Franz-Alt-SONNENSEITECOM\/221072987903953?fref=ts","https:\/\/x.com\/franzalt","http:\/\/www.youtube.com\/results?search_query&amp;amp;quot;franz_alt&amp;amp;quot;&amp;amp;amp;amp;search_type&amp;amp;amp;amp;aq=f"]},{"@type":"Person","@id":"https:\/\/www.sonnenseite.com\/de\/#\/schema\/person\/50fda0e926597684c7cc6695238a4eb9","name":"Bigi Alt"}]}},"_links":{"self":[{"href":"https:\/\/www.sonnenseite.com\/de\/wp-json\/wp\/v2\/posts\/71374","targetHints":{"allow":["GET"]}}],"collection":[{"href":"https:\/\/www.sonnenseite.com\/de\/wp-json\/wp\/v2\/posts"}],"about":[{"href":"https:\/\/www.sonnenseite.com\/de\/wp-json\/wp\/v2\/types\/post"}],"author":[{"embeddable":true,"href":"https:\/\/www.sonnenseite.com\/de\/wp-json\/wp\/v2\/users\/3"}],"replies":[{"embeddable":true,"href":"https:\/\/www.sonnenseite.com\/de\/wp-json\/wp\/v2\/comments?post=71374"}],"version-history":[{"count":2,"href":"https:\/\/www.sonnenseite.com\/de\/wp-json\/wp\/v2\/posts\/71374\/revisions"}],"predecessor-version":[{"id":71378,"href":"https:\/\/www.sonnenseite.com\/de\/wp-json\/wp\/v2\/posts\/71374\/revisions\/71378"}],"wp:featuredmedia":[{"embeddable":true,"href":"https:\/\/www.sonnenseite.com\/de\/wp-json\/wp\/v2\/media\/71375"}],"wp:attachment":[{"href":"https:\/\/www.sonnenseite.com\/de\/wp-json\/wp\/v2\/media?parent=71374"}],"wp:term":[{"taxonomy":"category","embeddable":true,"href":"https:\/\/www.sonnenseite.com\/de\/wp-json\/wp\/v2\/categories?post=71374"},{"taxonomy":"post_tag","embeddable":true,"href":"https:\/\/www.sonnenseite.com\/de\/wp-json\/wp\/v2\/tags?post=71374"}],"curies":[{"name":"wp","href":"https:\/\/api.w.org\/{rel}","templated":true}]}}