{"id":71976,"date":"2021-06-11T08:53:52","date_gmt":"2021-06-11T06:53:52","guid":{"rendered":"https:\/\/www.sonnenseite.com\/?p=71976"},"modified":"2021-06-11T08:53:53","modified_gmt":"2021-06-11T06:53:53","slug":"tierschutz-eu-parlament-unterstuetzt-ende-der-kaefighaltung","status":"publish","type":"post","link":"https:\/\/www.sonnenseite.com\/de\/politik\/tierschutz-eu-parlament-unterstuetzt-ende-der-kaefighaltung\/","title":{"rendered":"Tierschutz: EU-Parlament unterst\u00fctzt Ende der K\u00e4fighaltung"},"content":{"rendered":"\n<p><strong>Das Europaparlament unterst\u00fctzt mit einer \u00fcberw\u00e4ltigenden Mehrheit die Forderungen der Europ\u00e4ischen B\u00fcrgerinitiative \u201cK\u00e4fighaltung beenden \/ Stop the cage age\u201d<\/strong>. <\/p>\n\n\n\n<p>Die Haltungsbedingungen in Deutschlands und Europas Tierindustrie sind in weiten Teilen unhaltbar. Es muss uns alle mit Scham und Wut erf\u00fcllen, dass f\u00fchlende Wesen unter solchen Bedingungen gehalten werden. Heute verbringen in der EU \u00fcber 300 Millionen Tiere ihr ganzes oder einen Teil ihres Lebens in K\u00e4figen. Dazu z\u00e4hlen Kaninchen (85% in K\u00e4figen), Legehennen (50% in K\u00e4figen), Schweine und viele weitere Tiere. Die Bedingungen, unter denen Tiere ihr oft sehr kurzes Leben verbringen, sind keine Tierhaltung, sondern schlicht und einfach Tierqu\u00e4lerei. Mehr als 1,6 Millionen B\u00fcrgerinnen und B\u00fcrger aus 18 Mitgliedsstaaten \u2013 darunter sehr viele aus Deutschland \u2013 unterzeichneten deshalb die Initiative zum Ende der K\u00e4fighaltung. Konkret fordert die B\u00fcrgerinitiative, organisiert von einem breiten B\u00fcndnis aus Tier- und Umweltschutzorganisationen, ein Verbot von K\u00e4figen f\u00fcr Legehennen, Kaninchen, Junghennen, Masth\u00e4hnchen, Legetieren, Wachteln, Enten und G\u00e4nsen, von Abferkelbuchten und Kastenhaltung von Sauen und Einzelboxen f\u00fcr K\u00e4lbern.<\/p>\n\n\n\n<p>F\u00fcr uns Gr\u00fcne waren zwei Punkte im heutigen Beschluss des Europaparlaments besonders wichtig: Erstens, die <strong>\u00dcberarbeitung der v\u00f6llig veralteten EU-Richtlinie zum Schutz landwirtschaftlicher Nutztiere. Zweitens, ein festes Datum f\u00fcr das Ende der K\u00e4fighaltung<\/strong>. <strong>Beides konnten wir erreichen.<\/strong> Wir fordern die EU-Kommission auf, bestehende Gesetze zu \u00fcberarbeiten, um bis sp\u00e4testens 2027 das Ende der K\u00e4fighaltung in Europa einzuleiten. Das ist ein gro\u00dfer Erfolg f\u00fcr besseren Tierschutz in der EU! Denn die EU-Kommission hat bereits zugesagt, bis 2023 einen Gesetzesvorschlag vorzulegen. Daf\u00fcr gibt das Europaparlament heute die Richtung vor \u2013 ganz im Sinne der europ\u00e4ischen B\u00fcrgerinitiative.&nbsp;<\/p>\n\n\n\n<p>Zus\u00e4tzlich haben wir es geschafft, auch <strong>das Verbot der grausamen und unn\u00f6tigen Zwangsf\u00fctterung von Enten und G\u00e4nsen zur Erzeugung von Stopfleber<\/strong> in dem heutigen Beschluss zu fordern. Damit wird eine weitere Form der Tierqu\u00e4lerei in Europa gestoppt. So haben die deutschen Europaabgeordneten \u00fcber den \u00c4nderungsantrag, den wir gemeinsam mit den Linken gestellt haben, <a href=\"https:\/\/twitter.com\/sven_giegold\/status\/1402994599660978193?s=20\">abgestimmt.<\/a> <\/p>\n\n\n\n<p>In den Verhandlungen im Landwirtschaftsausschuss mussten wir auch einige bittere Pillen schlucken. Dieser von konservativen Abgeordneten dominierte und f\u00fcr seine relativierenden Haltungen beim Tierschutz bekannte Ausschuss beschloss, dass in einigen F\u00e4llen die K\u00e4fighaltung mehr Vorteile als negative Auswirkungen f\u00fcr die Tiere haben kann. So soll die EU-Kommission vor einer Gesetzes\u00e4nderung neue Studien zu m\u00f6glichen negativen Folgen des Endes der K\u00e4fighaltung f\u00fcr Tiere und Landwirt*innen einholen. Das ist nicht unsere Position \u2013 wir stehen f\u00fcr das Ende der K\u00e4fighaltung ohne Ausnahmen. Leider wurden unsere entsprechenden \u00c4nderungsantr\u00e4ge von einer Mehrheit aus Christdemokrat*innen, Liberalen und Rechtskonservativen abgelehnt. Unser eigener Alternativantrag f\u00fcr einen Beschluss des Parlamentes \u2013 ohne bittere Pillen und ohne Anti-Tierschutz-Positionen \u2013 ist ebenfalls an dieser Blockademehrheit gescheitert.<\/p>\n\n\n\n<p>Wir stimmen dennoch f\u00fcr den Bericht, denn das wichtigste Ziel \u2013 das Ende der K\u00e4fighaltung \u2013\u00a0 wurde beschlossen. Die K\u00e4fighaltung ist untragbar f\u00fcr Tierwohl, Klima und Gesundheitsschutz. Wir brauchen eine Agrarwende in der Massentierhaltung, Billigfleisch und Ausbeutung von Mensch und Tier keinen Platz mehr hat. Daf\u00fcr war heute ein guter Tag. Aber wir machen weiter bis das Ende der K\u00e4fighaltung wirklich beschlossene Sache ist.\u00a0<\/p>\n\n\n\n<ul class=\"wp-block-list\"><li><a href=\"http:\/\/www.change.org\/save-the-green-deal\">Petition: \u201cRettet den Europ\u00e4ischen Green Deal\u201d<\/a> \u2013 Das Jahrhundertprojekt des Green Deals droht zu scheitern. Denn EU-Staaten und allen voran die deutsche Bundesregierung blockieren jede Ambition beim Klimaschutz. Aber noch haben wir gemeinsam die Chance den Green Deal zu retten. Helft mit Eurer Unterschrift und ladet andere dazu ein: <\/li><li><a href=\"https:\/\/www.europarl.europa.eu\/doceo\/document\/B-9-2021-0296_DE.html\">Link zum Entwurf des beschlossenen Textes<\/a><\/li><li><a href=\"https:\/\/sven-giegold.de\/wp-content\/uploads\/2020\/12\/MEP-letter-to-EU-Commission-on-End-the-Cage-Age-EU-Citizens-Initiative.pdf\">Der Brief an die EU-Kommission zur Umsetzung der Forderungen der Europ\u00e4ischen B\u00fcrgerinitiative vom Oktober 2020<\/a><\/li><\/ul>\n\n\n<h5 class=\"green\">Quelle<\/h5>\r\n\n\n\n<p><a href=\"https:\/\/sven-giegold.de\/tierschutz-parlament-ende-kaefighaltung\/\">Sven Giegold, MdEP 2021<\/a><\/p>\n<div class=\"shariff shariff-align-flex-start shariff-widget-align-flex-start\"><div class=\"ShariffHeadline\">Diese Meldung teilen<\/div><ul class=\"shariff-buttons theme-round orientation-horizontal buttonsize-medium\"><li class=\"shariff-button facebook shariff-nocustomcolor\" style=\"background-color:#4273c8;border-radius:1%\"><a href=\"https:\/\/www.facebook.com\/sharer\/sharer.php?u=https%3A%2F%2Fwww.sonnenseite.com%2Fde%2Fpolitik%2Ftierschutz-eu-parlament-unterstuetzt-ende-der-kaefighaltung%2F\" title=\"Bei Facebook teilen\" aria-label=\"Bei Facebook teilen\" role=\"button\" rel=\"nofollow\" class=\"shariff-link\" style=\";border-radius:1%; background-color:#3b5998; color:#fff\" target=\"_blank\"><span class=\"shariff-icon\" style=\"\"><svg width=\"32px\" height=\"20px\" xmlns=\"http:\/\/www.w3.org\/2000\/svg\" viewBox=\"0 0 18 32\"><path fill=\"#3b5998\" d=\"M17.1 0.2v4.7h-2.8q-1.5 0-2.1 0.6t-0.5 1.9v3.4h5.2l-0.7 5.3h-4.5v13.6h-5.5v-13.6h-4.5v-5.3h4.5v-3.9q0-3.3 1.9-5.2t5-1.8q2.6 0 4.1 0.2z\"\/><\/svg><\/span><\/a><\/li><li class=\"shariff-button twitter shariff-nocustomcolor\" style=\"background-color:#595959;border-radius:1%\"><a href=\"https:\/\/twitter.com\/share?url=https%3A%2F%2Fwww.sonnenseite.com%2Fde%2Fpolitik%2Ftierschutz-eu-parlament-unterstuetzt-ende-der-kaefighaltung%2F&text=Tierschutz%3A%20EU-Parlament%20unterst%C3%BCtzt%20Ende%20der%20K%C3%A4fighaltung\" title=\"Bei X teilen\" aria-label=\"Bei X teilen\" role=\"button\" rel=\"noopener nofollow\" class=\"shariff-link\" style=\";border-radius:1%; background-color:#000; color:#fff\" target=\"_blank\"><span class=\"shariff-icon\" style=\"\"><svg width=\"32px\" height=\"20px\" xmlns=\"http:\/\/www.w3.org\/2000\/svg\" viewBox=\"0 0 24 24\"><path fill=\"#000\" d=\"M14.258 10.152L23.176 0h-2.113l-7.747 8.813L7.133 0H0l9.352 13.328L0 23.973h2.113l8.176-9.309 6.531 9.309h7.133zm-2.895 3.293l-.949-1.328L2.875 1.56h3.246l6.086 8.523.945 1.328 7.91 11.078h-3.246zm0 0\"\/><\/svg><\/span><\/a><\/li><li class=\"shariff-button xing shariff-nocustomcolor\" style=\"background-color:#29888a;border-radius:1%\"><a href=\"https:\/\/www.xing.com\/spi\/shares\/new?url=https%3A%2F%2Fwww.sonnenseite.com%2Fde%2Fpolitik%2Ftierschutz-eu-parlament-unterstuetzt-ende-der-kaefighaltung%2F\" title=\"Bei XING teilen\" aria-label=\"Bei XING teilen\" role=\"button\" rel=\"noopener nofollow\" class=\"shariff-link\" style=\";border-radius:1%; background-color:#126567; color:#fff\" target=\"_blank\"><span class=\"shariff-icon\" style=\"\"><svg width=\"32px\" height=\"20px\" xmlns=\"http:\/\/www.w3.org\/2000\/svg\" viewBox=\"0 0 25 32\"><path fill=\"#126567\" d=\"M10.7 11.9q-0.2 0.3-4.6 8.2-0.5 0.8-1.2 0.8h-4.3q-0.4 0-0.5-0.3t0-0.6l4.5-8q0 0 0 0l-2.9-5q-0.2-0.4 0-0.7 0.2-0.3 0.5-0.3h4.3q0.7 0 1.2 0.8zM25.1 0.4q0.2 0.3 0 0.7l-9.4 16.7 6 11q0.2 0.4 0 0.6-0.2 0.3-0.6 0.3h-4.3q-0.7 0-1.2-0.8l-6-11.1q0.3-0.6 9.5-16.8 0.4-0.8 1.2-0.8h4.3q0.4 0 0.5 0.3z\"\/><\/svg><\/span><\/a><\/li><li class=\"shariff-button linkedin shariff-nocustomcolor\" style=\"background-color:#1488bf;border-radius:1%\"><a href=\"https:\/\/www.linkedin.com\/sharing\/share-offsite\/?url=https%3A%2F%2Fwww.sonnenseite.com%2Fde%2Fpolitik%2Ftierschutz-eu-parlament-unterstuetzt-ende-der-kaefighaltung%2F\" title=\"Bei LinkedIn teilen\" aria-label=\"Bei LinkedIn teilen\" role=\"button\" rel=\"noopener nofollow\" class=\"shariff-link\" style=\";border-radius:1%; background-color:#0077b5; color:#fff\" target=\"_blank\"><span class=\"shariff-icon\" style=\"\"><svg width=\"32px\" height=\"20px\" xmlns=\"http:\/\/www.w3.org\/2000\/svg\" viewBox=\"0 0 27 32\"><path fill=\"#0077b5\" d=\"M6.2 11.2v17.7h-5.9v-17.7h5.9zM6.6 5.7q0 1.3-0.9 2.2t-2.4 0.9h0q-1.5 0-2.4-0.9t-0.9-2.2 0.9-2.2 2.4-0.9 2.4 0.9 0.9 2.2zM27.4 18.7v10.1h-5.9v-9.5q0-1.9-0.7-2.9t-2.3-1.1q-1.1 0-1.9 0.6t-1.2 1.5q-0.2 0.5-0.2 1.4v9.9h-5.9q0-7.1 0-11.6t0-5.3l0-0.9h5.9v2.6h0q0.4-0.6 0.7-1t1-0.9 1.6-0.8 2-0.3q3 0 4.9 2t1.9 6z\"\/><\/svg><\/span><\/a><\/li><li class=\"shariff-button printer shariff-nocustomcolor\" style=\"background-color:#a8a8a8;border-radius:1%\"><a href=\"javascript:window.print()\" title=\"drucken\" aria-label=\"drucken\" role=\"button\" rel=\"noopener nofollow\" class=\"shariff-link\" style=\";border-radius:1%; background-color:#999; color:#fff\"><span class=\"shariff-icon\" style=\"\"><svg width=\"32px\" height=\"20px\" xmlns=\"http:\/\/www.w3.org\/2000\/svg\" viewBox=\"0 0 30 32\"><path fill=\"#999\" d=\"M6.8 27.4h16v-4.6h-16v4.6zM6.8 16h16v-6.8h-2.8q-0.7 0-1.2-0.5t-0.5-1.2v-2.8h-11.4v11.4zM27.4 17.2q0-0.5-0.3-0.8t-0.8-0.4-0.8 0.4-0.3 0.8 0.3 0.8 0.8 0.3 0.8-0.3 0.3-0.8zM29.7 17.2v7.4q0 0.2-0.2 0.4t-0.4 0.2h-4v2.8q0 0.7-0.5 1.2t-1.2 0.5h-17.2q-0.7 0-1.2-0.5t-0.5-1.2v-2.8h-4q-0.2 0-0.4-0.2t-0.2-0.4v-7.4q0-1.4 1-2.4t2.4-1h1.2v-9.7q0-0.7 0.5-1.2t1.2-0.5h12q0.7 0 1.6 0.4t1.3 0.8l2.7 2.7q0.5 0.5 0.9 1.4t0.4 1.6v4.6h1.1q1.4 0 2.4 1t1 2.4z\"\/><\/svg><\/span><\/a><\/li><li class=\"shariff-button mailto shariff-nocustomcolor\" style=\"background-color:#a8a8a8;border-radius:1%\"><a href=\"mailto:?body=https%3A%2F%2Fwww.sonnenseite.com%2Fde%2Fpolitik%2Ftierschutz-eu-parlament-unterstuetzt-ende-der-kaefighaltung%2F&subject=Tierschutz%3A%20EU-Parlament%20unterst%C3%BCtzt%20Ende%20der%20K%C3%A4fighaltung\" title=\"Per E-Mail versenden\" aria-label=\"Per E-Mail versenden\" role=\"button\" rel=\"noopener nofollow\" class=\"shariff-link\" style=\";border-radius:1%; background-color:#999; color:#fff\"><span class=\"shariff-icon\" style=\"\"><svg width=\"32px\" height=\"20px\" xmlns=\"http:\/\/www.w3.org\/2000\/svg\" viewBox=\"0 0 32 32\"><path fill=\"#999\" d=\"M32 12.7v14.2q0 1.2-0.8 2t-2 0.9h-26.3q-1.2 0-2-0.9t-0.8-2v-14.2q0.8 0.9 1.8 1.6 6.5 4.4 8.9 6.1 1 0.8 1.6 1.2t1.7 0.9 2 0.4h0.1q0.9 0 2-0.4t1.7-0.9 1.6-1.2q3-2.2 8.9-6.1 1-0.7 1.8-1.6zM32 7.4q0 1.4-0.9 2.7t-2.2 2.2q-6.7 4.7-8.4 5.8-0.2 0.1-0.7 0.5t-1 0.7-0.9 0.6-1.1 0.5-0.9 0.2h-0.1q-0.4 0-0.9-0.2t-1.1-0.5-0.9-0.6-1-0.7-0.7-0.5q-1.6-1.1-4.7-3.2t-3.6-2.6q-1.1-0.7-2.1-2t-1-2.5q0-1.4 0.7-2.3t2.1-0.9h26.3q1.2 0 2 0.8t0.9 2z\"\/><\/svg><\/span><\/a><\/li><\/ul><\/div>","protected":false},"excerpt":{"rendered":"<p>Das Europaparlament unterst\u00fctzt mit einer \u00fcberw\u00e4ltigenden Mehrheit die Forderungen der Europ\u00e4ischen B\u00fcrgerinitiative \u201cK\u00e4fighaltung beenden \/ Stop [&hellip;]<\/p>\n","protected":false},"author":3,"featured_media":71978,"comment_status":"closed","ping_status":"closed","sticky":false,"template":"","format":"standard","meta":{"inline_featured_image":false,"footnotes":""},"categories":[21],"tags":[],"class_list":["post-71976","post","type-post","status-publish","format-standard","has-post-thumbnail","hentry","category-politik"],"yoast_head":"<!-- This site is optimized with the Yoast SEO plugin v26.5 - https:\/\/yoast.com\/wordpress\/plugins\/seo\/ -->\n<title>Tierschutz: EU-Parlament unterst\u00fctzt Ende der K\u00e4fighaltung - Sonnenseite - \u00d6kologische Kommunikation mit Franz Alt<\/title>\n<meta name=\"description\" content=\"Das Europaparlament unterst\u00fctzt mit einer \u00fcberw\u00e4ltigenden Mehrheit die Forderungen der Europ\u00e4ischen B\u00fcrgerinitiative \u201cK\u00e4fighaltung beenden \/ Stop the cage\" \/>\n<meta name=\"robots\" content=\"index, follow, max-snippet:-1, max-image-preview:large, max-video-preview:-1\" \/>\n<link rel=\"canonical\" href=\"https:\/\/www.sonnenseite.com\/de\/politik\/tierschutz-eu-parlament-unterstuetzt-ende-der-kaefighaltung\/\" \/>\n<meta property=\"og:locale\" content=\"de_DE\" \/>\n<meta property=\"og:type\" content=\"article\" \/>\n<meta property=\"og:title\" content=\"Tierschutz: EU-Parlament unterst\u00fctzt Ende der K\u00e4fighaltung - Sonnenseite - \u00d6kologische Kommunikation mit Franz Alt\" \/>\n<meta property=\"og:description\" content=\"Das Europaparlament unterst\u00fctzt mit einer \u00fcberw\u00e4ltigenden Mehrheit die Forderungen der Europ\u00e4ischen B\u00fcrgerinitiative \u201cK\u00e4fighaltung beenden \/ Stop the cage\" \/>\n<meta property=\"og:url\" content=\"https:\/\/www.sonnenseite.com\/de\/politik\/tierschutz-eu-parlament-unterstuetzt-ende-der-kaefighaltung\/\" \/>\n<meta property=\"og:site_name\" content=\"Sonnenseite\" \/>\n<meta property=\"article:publisher\" content=\"https:\/\/www.facebook.com\/pages\/Franz-Alt-SONNENSEITECOM\/221072987903953?fref=ts\" \/>\n<meta property=\"article:published_time\" content=\"2021-06-11T06:53:52+00:00\" \/>\n<meta property=\"article:modified_time\" content=\"2021-06-11T06:53:53+00:00\" \/>\n<meta property=\"og:image\" content=\"https:\/\/www.sonnenseite.com\/wp-content\/uploads\/2021\/06\/Kaefig_Fasan_LaraGenina.jpg\" \/>\n\t<meta property=\"og:image:width\" content=\"770\" \/>\n\t<meta property=\"og:image:height\" content=\"420\" \/>\n\t<meta property=\"og:image:type\" content=\"image\/jpeg\" \/>\n<meta name=\"author\" content=\"Bigi Alt\" \/>\n<meta name=\"twitter:card\" content=\"summary_large_image\" \/>\n<meta name=\"twitter:creator\" content=\"@franzalt\" \/>\n<meta name=\"twitter:site\" content=\"@franzalt\" \/>\n<meta name=\"twitter:label1\" content=\"Verfasst von\" \/>\n\t<meta name=\"twitter:data1\" content=\"Bigi Alt\" \/>\n\t<meta name=\"twitter:label2\" content=\"Gesch\u00e4tzte Lesezeit\" \/>\n\t<meta name=\"twitter:data2\" content=\"3\u00a0Minuten\" \/>\n<script type=\"application\/ld+json\" class=\"yoast-schema-graph\">{\"@context\":\"https:\/\/schema.org\",\"@graph\":[{\"@type\":\"Article\",\"@id\":\"https:\/\/www.sonnenseite.com\/de\/politik\/tierschutz-eu-parlament-unterstuetzt-ende-der-kaefighaltung\/#article\",\"isPartOf\":{\"@id\":\"https:\/\/www.sonnenseite.com\/de\/politik\/tierschutz-eu-parlament-unterstuetzt-ende-der-kaefighaltung\/\"},\"author\":{\"name\":\"Bigi Alt\",\"@id\":\"https:\/\/www.sonnenseite.com\/de\/#\/schema\/person\/50fda0e926597684c7cc6695238a4eb9\"},\"headline\":\"Tierschutz: EU-Parlament unterst\u00fctzt Ende der K\u00e4fighaltung\",\"datePublished\":\"2021-06-11T06:53:52+00:00\",\"dateModified\":\"2021-06-11T06:53:53+00:00\",\"mainEntityOfPage\":{\"@id\":\"https:\/\/www.sonnenseite.com\/de\/politik\/tierschutz-eu-parlament-unterstuetzt-ende-der-kaefighaltung\/\"},\"wordCount\":617,\"publisher\":{\"@id\":\"https:\/\/www.sonnenseite.com\/de\/#organization\"},\"image\":{\"@id\":\"https:\/\/www.sonnenseite.com\/de\/politik\/tierschutz-eu-parlament-unterstuetzt-ende-der-kaefighaltung\/#primaryimage\"},\"thumbnailUrl\":\"https:\/\/www.sonnenseite.com\/wp-content\/uploads\/2021\/06\/Kaefig_Fasan_LaraGenina.jpg\",\"articleSection\":[\"Politik\"],\"inLanguage\":\"de\"},{\"@type\":\"WebPage\",\"@id\":\"https:\/\/www.sonnenseite.com\/de\/politik\/tierschutz-eu-parlament-unterstuetzt-ende-der-kaefighaltung\/\",\"url\":\"https:\/\/www.sonnenseite.com\/de\/politik\/tierschutz-eu-parlament-unterstuetzt-ende-der-kaefighaltung\/\",\"name\":\"Tierschutz: EU-Parlament unterst\u00fctzt Ende der K\u00e4fighaltung - Sonnenseite - \u00d6kologische Kommunikation mit Franz Alt\",\"isPartOf\":{\"@id\":\"https:\/\/www.sonnenseite.com\/de\/#website\"},\"primaryImageOfPage\":{\"@id\":\"https:\/\/www.sonnenseite.com\/de\/politik\/tierschutz-eu-parlament-unterstuetzt-ende-der-kaefighaltung\/#primaryimage\"},\"image\":{\"@id\":\"https:\/\/www.sonnenseite.com\/de\/politik\/tierschutz-eu-parlament-unterstuetzt-ende-der-kaefighaltung\/#primaryimage\"},\"thumbnailUrl\":\"https:\/\/www.sonnenseite.com\/wp-content\/uploads\/2021\/06\/Kaefig_Fasan_LaraGenina.jpg\",\"datePublished\":\"2021-06-11T06:53:52+00:00\",\"dateModified\":\"2021-06-11T06:53:53+00:00\",\"description\":\"Das Europaparlament unterst\u00fctzt mit einer \u00fcberw\u00e4ltigenden Mehrheit die Forderungen der Europ\u00e4ischen B\u00fcrgerinitiative \u201cK\u00e4fighaltung beenden \/ Stop the cage\",\"breadcrumb\":{\"@id\":\"https:\/\/www.sonnenseite.com\/de\/politik\/tierschutz-eu-parlament-unterstuetzt-ende-der-kaefighaltung\/#breadcrumb\"},\"inLanguage\":\"de\",\"potentialAction\":[{\"@type\":\"ReadAction\",\"target\":[\"https:\/\/www.sonnenseite.com\/de\/politik\/tierschutz-eu-parlament-unterstuetzt-ende-der-kaefighaltung\/\"]}]},{\"@type\":\"ImageObject\",\"inLanguage\":\"de\",\"@id\":\"https:\/\/www.sonnenseite.com\/de\/politik\/tierschutz-eu-parlament-unterstuetzt-ende-der-kaefighaltung\/#primaryimage\",\"url\":\"https:\/\/www.sonnenseite.com\/wp-content\/uploads\/2021\/06\/Kaefig_Fasan_LaraGenina.jpg\",\"contentUrl\":\"https:\/\/www.sonnenseite.com\/wp-content\/uploads\/2021\/06\/Kaefig_Fasan_LaraGenina.jpg\",\"width\":770,\"height\":420,\"caption\":\"pixabay.com | Lara Genina | K\u00e4fig Fasan | Das Ende der K\u00e4fighaltung wurde beschlossen. Die K\u00e4fighaltung ist untragbar f\u00fcr Tierwohl, Klima und Gesundheitsschutz.\"},{\"@type\":\"BreadcrumbList\",\"@id\":\"https:\/\/www.sonnenseite.com\/de\/politik\/tierschutz-eu-parlament-unterstuetzt-ende-der-kaefighaltung\/#breadcrumb\",\"itemListElement\":[{\"@type\":\"ListItem\",\"position\":1,\"name\":\"Startseite\",\"item\":\"https:\/\/www.sonnenseite.com\/de\/\"},{\"@type\":\"ListItem\",\"position\":2,\"name\":\"Tierschutz: EU-Parlament unterst\u00fctzt Ende der K\u00e4fighaltung\"}]},{\"@type\":\"WebSite\",\"@id\":\"https:\/\/www.sonnenseite.com\/de\/#website\",\"url\":\"https:\/\/www.sonnenseite.com\/de\/\",\"name\":\"Sonnenseite\",\"description\":\"\u00d6kologische Kommunikation mit Franz Alt\",\"publisher\":{\"@id\":\"https:\/\/www.sonnenseite.com\/de\/#organization\"},\"potentialAction\":[{\"@type\":\"SearchAction\",\"target\":{\"@type\":\"EntryPoint\",\"urlTemplate\":\"https:\/\/www.sonnenseite.com\/de\/?s={search_term_string}\"},\"query-input\":{\"@type\":\"PropertyValueSpecification\",\"valueRequired\":true,\"valueName\":\"search_term_string\"}}],\"inLanguage\":\"de\"},{\"@type\":\"Organization\",\"@id\":\"https:\/\/www.sonnenseite.com\/de\/#organization\",\"name\":\"Sonnenseite\",\"url\":\"https:\/\/www.sonnenseite.com\/de\/\",\"logo\":{\"@type\":\"ImageObject\",\"inLanguage\":\"de\",\"@id\":\"https:\/\/www.sonnenseite.com\/de\/#\/schema\/logo\/image\/\",\"url\":\"https:\/\/www.sonnenseite.com\/wp-content\/uploads\/2020\/05\/Sonnenseite_Logo.png\",\"contentUrl\":\"https:\/\/www.sonnenseite.com\/wp-content\/uploads\/2020\/05\/Sonnenseite_Logo.png\",\"width\":377,\"height\":90,\"caption\":\"Sonnenseite\"},\"image\":{\"@id\":\"https:\/\/www.sonnenseite.com\/de\/#\/schema\/logo\/image\/\"},\"sameAs\":[\"https:\/\/www.facebook.com\/pages\/Franz-Alt-SONNENSEITECOM\/221072987903953?fref=ts\",\"https:\/\/x.com\/franzalt\",\"http:\/\/www.youtube.com\/results?search_query&amp;amp;quot;franz_alt&amp;amp;quot;&amp;amp;amp;amp;search_type&amp;amp;amp;amp;aq=f\"]},{\"@type\":\"Person\",\"@id\":\"https:\/\/www.sonnenseite.com\/de\/#\/schema\/person\/50fda0e926597684c7cc6695238a4eb9\",\"name\":\"Bigi Alt\"}]}<\/script>\n<!-- \/ Yoast SEO plugin. -->","yoast_head_json":{"title":"Tierschutz: EU-Parlament unterst\u00fctzt Ende der K\u00e4fighaltung - Sonnenseite - \u00d6kologische Kommunikation mit Franz Alt","description":"Das Europaparlament unterst\u00fctzt mit einer \u00fcberw\u00e4ltigenden Mehrheit die Forderungen der Europ\u00e4ischen B\u00fcrgerinitiative \u201cK\u00e4fighaltung beenden \/ Stop the cage","robots":{"index":"index","follow":"follow","max-snippet":"max-snippet:-1","max-image-preview":"max-image-preview:large","max-video-preview":"max-video-preview:-1"},"canonical":"https:\/\/www.sonnenseite.com\/de\/politik\/tierschutz-eu-parlament-unterstuetzt-ende-der-kaefighaltung\/","og_locale":"de_DE","og_type":"article","og_title":"Tierschutz: EU-Parlament unterst\u00fctzt Ende der K\u00e4fighaltung - Sonnenseite - \u00d6kologische Kommunikation mit Franz Alt","og_description":"Das Europaparlament unterst\u00fctzt mit einer \u00fcberw\u00e4ltigenden Mehrheit die Forderungen der Europ\u00e4ischen B\u00fcrgerinitiative \u201cK\u00e4fighaltung beenden \/ Stop the cage","og_url":"https:\/\/www.sonnenseite.com\/de\/politik\/tierschutz-eu-parlament-unterstuetzt-ende-der-kaefighaltung\/","og_site_name":"Sonnenseite","article_publisher":"https:\/\/www.facebook.com\/pages\/Franz-Alt-SONNENSEITECOM\/221072987903953?fref=ts","article_published_time":"2021-06-11T06:53:52+00:00","article_modified_time":"2021-06-11T06:53:53+00:00","og_image":[{"width":770,"height":420,"url":"https:\/\/www.sonnenseite.com\/wp-content\/uploads\/2021\/06\/Kaefig_Fasan_LaraGenina.jpg","type":"image\/jpeg"}],"author":"Bigi Alt","twitter_card":"summary_large_image","twitter_creator":"@franzalt","twitter_site":"@franzalt","twitter_misc":{"Verfasst von":"Bigi Alt","Gesch\u00e4tzte Lesezeit":"3\u00a0Minuten"},"schema":{"@context":"https:\/\/schema.org","@graph":[{"@type":"Article","@id":"https:\/\/www.sonnenseite.com\/de\/politik\/tierschutz-eu-parlament-unterstuetzt-ende-der-kaefighaltung\/#article","isPartOf":{"@id":"https:\/\/www.sonnenseite.com\/de\/politik\/tierschutz-eu-parlament-unterstuetzt-ende-der-kaefighaltung\/"},"author":{"name":"Bigi Alt","@id":"https:\/\/www.sonnenseite.com\/de\/#\/schema\/person\/50fda0e926597684c7cc6695238a4eb9"},"headline":"Tierschutz: EU-Parlament unterst\u00fctzt Ende der K\u00e4fighaltung","datePublished":"2021-06-11T06:53:52+00:00","dateModified":"2021-06-11T06:53:53+00:00","mainEntityOfPage":{"@id":"https:\/\/www.sonnenseite.com\/de\/politik\/tierschutz-eu-parlament-unterstuetzt-ende-der-kaefighaltung\/"},"wordCount":617,"publisher":{"@id":"https:\/\/www.sonnenseite.com\/de\/#organization"},"image":{"@id":"https:\/\/www.sonnenseite.com\/de\/politik\/tierschutz-eu-parlament-unterstuetzt-ende-der-kaefighaltung\/#primaryimage"},"thumbnailUrl":"https:\/\/www.sonnenseite.com\/wp-content\/uploads\/2021\/06\/Kaefig_Fasan_LaraGenina.jpg","articleSection":["Politik"],"inLanguage":"de"},{"@type":"WebPage","@id":"https:\/\/www.sonnenseite.com\/de\/politik\/tierschutz-eu-parlament-unterstuetzt-ende-der-kaefighaltung\/","url":"https:\/\/www.sonnenseite.com\/de\/politik\/tierschutz-eu-parlament-unterstuetzt-ende-der-kaefighaltung\/","name":"Tierschutz: EU-Parlament unterst\u00fctzt Ende der K\u00e4fighaltung - Sonnenseite - \u00d6kologische Kommunikation mit Franz Alt","isPartOf":{"@id":"https:\/\/www.sonnenseite.com\/de\/#website"},"primaryImageOfPage":{"@id":"https:\/\/www.sonnenseite.com\/de\/politik\/tierschutz-eu-parlament-unterstuetzt-ende-der-kaefighaltung\/#primaryimage"},"image":{"@id":"https:\/\/www.sonnenseite.com\/de\/politik\/tierschutz-eu-parlament-unterstuetzt-ende-der-kaefighaltung\/#primaryimage"},"thumbnailUrl":"https:\/\/www.sonnenseite.com\/wp-content\/uploads\/2021\/06\/Kaefig_Fasan_LaraGenina.jpg","datePublished":"2021-06-11T06:53:52+00:00","dateModified":"2021-06-11T06:53:53+00:00","description":"Das Europaparlament unterst\u00fctzt mit einer \u00fcberw\u00e4ltigenden Mehrheit die Forderungen der Europ\u00e4ischen B\u00fcrgerinitiative \u201cK\u00e4fighaltung beenden \/ Stop the cage","breadcrumb":{"@id":"https:\/\/www.sonnenseite.com\/de\/politik\/tierschutz-eu-parlament-unterstuetzt-ende-der-kaefighaltung\/#breadcrumb"},"inLanguage":"de","potentialAction":[{"@type":"ReadAction","target":["https:\/\/www.sonnenseite.com\/de\/politik\/tierschutz-eu-parlament-unterstuetzt-ende-der-kaefighaltung\/"]}]},{"@type":"ImageObject","inLanguage":"de","@id":"https:\/\/www.sonnenseite.com\/de\/politik\/tierschutz-eu-parlament-unterstuetzt-ende-der-kaefighaltung\/#primaryimage","url":"https:\/\/www.sonnenseite.com\/wp-content\/uploads\/2021\/06\/Kaefig_Fasan_LaraGenina.jpg","contentUrl":"https:\/\/www.sonnenseite.com\/wp-content\/uploads\/2021\/06\/Kaefig_Fasan_LaraGenina.jpg","width":770,"height":420,"caption":"pixabay.com | Lara Genina | K\u00e4fig Fasan | Das Ende der K\u00e4fighaltung wurde beschlossen. Die K\u00e4fighaltung ist untragbar f\u00fcr Tierwohl, Klima und Gesundheitsschutz."},{"@type":"BreadcrumbList","@id":"https:\/\/www.sonnenseite.com\/de\/politik\/tierschutz-eu-parlament-unterstuetzt-ende-der-kaefighaltung\/#breadcrumb","itemListElement":[{"@type":"ListItem","position":1,"name":"Startseite","item":"https:\/\/www.sonnenseite.com\/de\/"},{"@type":"ListItem","position":2,"name":"Tierschutz: EU-Parlament unterst\u00fctzt Ende der K\u00e4fighaltung"}]},{"@type":"WebSite","@id":"https:\/\/www.sonnenseite.com\/de\/#website","url":"https:\/\/www.sonnenseite.com\/de\/","name":"Sonnenseite","description":"\u00d6kologische Kommunikation mit Franz Alt","publisher":{"@id":"https:\/\/www.sonnenseite.com\/de\/#organization"},"potentialAction":[{"@type":"SearchAction","target":{"@type":"EntryPoint","urlTemplate":"https:\/\/www.sonnenseite.com\/de\/?s={search_term_string}"},"query-input":{"@type":"PropertyValueSpecification","valueRequired":true,"valueName":"search_term_string"}}],"inLanguage":"de"},{"@type":"Organization","@id":"https:\/\/www.sonnenseite.com\/de\/#organization","name":"Sonnenseite","url":"https:\/\/www.sonnenseite.com\/de\/","logo":{"@type":"ImageObject","inLanguage":"de","@id":"https:\/\/www.sonnenseite.com\/de\/#\/schema\/logo\/image\/","url":"https:\/\/www.sonnenseite.com\/wp-content\/uploads\/2020\/05\/Sonnenseite_Logo.png","contentUrl":"https:\/\/www.sonnenseite.com\/wp-content\/uploads\/2020\/05\/Sonnenseite_Logo.png","width":377,"height":90,"caption":"Sonnenseite"},"image":{"@id":"https:\/\/www.sonnenseite.com\/de\/#\/schema\/logo\/image\/"},"sameAs":["https:\/\/www.facebook.com\/pages\/Franz-Alt-SONNENSEITECOM\/221072987903953?fref=ts","https:\/\/x.com\/franzalt","http:\/\/www.youtube.com\/results?search_query&amp;amp;quot;franz_alt&amp;amp;quot;&amp;amp;amp;amp;search_type&amp;amp;amp;amp;aq=f"]},{"@type":"Person","@id":"https:\/\/www.sonnenseite.com\/de\/#\/schema\/person\/50fda0e926597684c7cc6695238a4eb9","name":"Bigi Alt"}]}},"_links":{"self":[{"href":"https:\/\/www.sonnenseite.com\/de\/wp-json\/wp\/v2\/posts\/71976","targetHints":{"allow":["GET"]}}],"collection":[{"href":"https:\/\/www.sonnenseite.com\/de\/wp-json\/wp\/v2\/posts"}],"about":[{"href":"https:\/\/www.sonnenseite.com\/de\/wp-json\/wp\/v2\/types\/post"}],"author":[{"embeddable":true,"href":"https:\/\/www.sonnenseite.com\/de\/wp-json\/wp\/v2\/users\/3"}],"replies":[{"embeddable":true,"href":"https:\/\/www.sonnenseite.com\/de\/wp-json\/wp\/v2\/comments?post=71976"}],"version-history":[{"count":2,"href":"https:\/\/www.sonnenseite.com\/de\/wp-json\/wp\/v2\/posts\/71976\/revisions"}],"predecessor-version":[{"id":71980,"href":"https:\/\/www.sonnenseite.com\/de\/wp-json\/wp\/v2\/posts\/71976\/revisions\/71980"}],"wp:featuredmedia":[{"embeddable":true,"href":"https:\/\/www.sonnenseite.com\/de\/wp-json\/wp\/v2\/media\/71978"}],"wp:attachment":[{"href":"https:\/\/www.sonnenseite.com\/de\/wp-json\/wp\/v2\/media?parent=71976"}],"wp:term":[{"taxonomy":"category","embeddable":true,"href":"https:\/\/www.sonnenseite.com\/de\/wp-json\/wp\/v2\/categories?post=71976"},{"taxonomy":"post_tag","embeddable":true,"href":"https:\/\/www.sonnenseite.com\/de\/wp-json\/wp\/v2\/tags?post=71976"}],"curies":[{"name":"wp","href":"https:\/\/api.w.org\/{rel}","templated":true}]}}