{"id":72231,"date":"2021-06-22T03:06:00","date_gmt":"2021-06-22T01:06:00","guid":{"rendered":"https:\/\/www.sonnenseite.com\/?p=72231"},"modified":"2021-07-04T08:11:27","modified_gmt":"2021-07-04T06:11:27","slug":"wie-viel-klimaschutz-bieten-die-gruenen","status":"publish","type":"post","link":"https:\/\/www.sonnenseite.com\/de\/politik\/wie-viel-klimaschutz-bieten-die-gruenen\/","title":{"rendered":"Wie viel Klimaschutz bieten die Gr\u00fcnen?"},"content":{"rendered":"\n<p>Zu den klima- und energiepolitischen Vorhaben der Gr\u00fcnen: In ihrem verabschiedeten <a href=\"https:\/\/antraege.gruene.de\/46bdk\/motion\/pdfcollection\/93\/resolutions.pdf?resolutions=1\" rel=\"noreferrer noopener\" target=\"_blank\">Programm<\/a> versprechen sie eine &#8222;Energierevolution&#8220;. Effizienz soll gesteigert, Speicher geschaffen, der Verbrauch flexibilisiert und Produktionsspritzen f\u00fcr die Erzeugung &#8222;gr\u00fcnen&#8220; Wasserstoffs genutzt werden.<\/p>\n\n\n\n<p>Es wird hei\u00dfer. Der Deutsche Wetterdienst (DWD) hat <a href=\"https:\/\/www.dwd.de\/DE\/leistungen\/klimavorhersagen\/start.html\" rel=\"noreferrer noopener\" target=\"_blank\">einen Ausblick<\/a> auf das Klima der gerade begonnenen Dekade gewagt. Demnach werden die Jahre bis 2025 einschlie\u00dflich 0,5 bis 1 Grad Celsius w\u00e4rmer als das Mittel der Jahre 1991 bis 2020 ausfallen. Danach werde der Erw\u00e4rmungstrend anhalten. Die Niederschl\u00e4ge w\u00fcrden weiter abnehmen, besonders stark in Westdeutschland, doch f\u00fcr diese sei die Vorhersagequalit\u00e4t deutlich schlechter als f\u00fcr die Temperatur.<\/p>\n\n\n\n<p>Zum Ende des Jahrzehnts k\u00f6nnte die Jahresmitteltemperatur vor allem im S\u00fcdosten und S\u00fcdwesten <a href=\"https:\/\/www.dwd.de\/DE\/leistungen\/klimavorhersagen\/bilder_neu\/animation_d.gif?__blob=normal&amp;v=6\" rel=\"noreferrer noopener\" target=\"_blank\">um mehr als zwei Grad Celsius<\/a> \u00fcber dem Durchschnitt der Jahre 1981 bis 2010 liegen. In der soeben vom DWD ver\u00f6ffentlichten neusten Version des <a href=\"https:\/\/www.dwd.de\/DE\/klimaumwelt\/klimaatlas\/klimaatlas_node.html\" rel=\"noreferrer noopener\" target=\"_blank\">Klimaatlas f\u00fcr Deutschland<\/a> l\u00e4sst sich zudem nachvollziehen, wie stark sich Temperatur und Niederschlag bereits in den letzten Jahrzehnten ver\u00e4ndert haben.<\/p>\n\n\n\n<p>Unter anderem kann man sehen, wie sehr in den einzelnen Regionen die Zahl der hei\u00dfen Tage zugenommen hat, also jener Tage, an denen das Thermometer auf mindestens 30 Grad Celsius klettert. In Teilen Berlins und des s\u00fcdlichen Brandenburgs wurde es zwischen 1971 und 2000 im Durchschnitt an acht bis zehn Tagen so hei\u00df. 2019 war dies hingegen an je nach Ort an 24 bis 33 Tagen der Fall. Der ebenfalls dargestellte Trend zeigt eindeutig nach oben.<\/p>\n\n\n\n<p>Solche Hitzetage stehen weiten Teilen Deutschlands auch in den n\u00e4chsten Tagen bevor. Noch vor dem kalendarischen Sommerbeginn startet in Mitteleuropa am morgigen Donnerstag die erste kleine Hitzewelle, wie die unten abgebildete Vorhersagekarte zeigt.<\/p>\n\n\n\n<div class=\"wp-block-image\"><figure class=\"aligncenter size-large is-resized\"><a href=\"https:\/\/www.sonnenseite.com\/wp-content\/uploads\/2021\/06\/NOAA_Hitzewelle-170621.jpg\"><img loading=\"lazy\" decoding=\"async\" src=\"https:\/\/www.sonnenseite.com\/wp-content\/uploads\/2021\/06\/NOAA_Hitzewelle-170621-1024x687.jpg\" alt=\"\" class=\"wp-image-72235\" width=\"512\" height=\"344\" srcset=\"https:\/\/www.sonnenseite.com\/wp-content\/uploads\/2021\/06\/NOAA_Hitzewelle-170621-1024x687.jpg 1024w, https:\/\/www.sonnenseite.com\/wp-content\/uploads\/2021\/06\/NOAA_Hitzewelle-170621-300x201.jpg 300w, https:\/\/www.sonnenseite.com\/wp-content\/uploads\/2021\/06\/NOAA_Hitzewelle-170621-768x515.jpg 768w, https:\/\/www.sonnenseite.com\/wp-content\/uploads\/2021\/06\/NOAA_Hitzewelle-170621.jpg 1043w\" sizes=\"auto, (max-width: 512px) 100vw, 512px\" \/><\/a><figcaption>\u00a9 17. Juni, 16 Uhr MESZ mit einem numerischen Modell der US-Beh\u00f6rde f\u00fcr Meteorologie und Ozeanographie NOAA \/ Zum Vergr\u00f6\u00dfern anklicken!<\/figcaption><\/figure><\/div>\n\n\n\n<h5 class=\"wp-block-heading\">Risikoanalyse<\/h5>\n\n\n\n<p>Seit 1881, dem ersten Jahr, f\u00fcr das aus Deutschland genug Messungen vorliegen, um daraus einen Mittelwert \u00fcber das ganze Land zu bilden, ist hierzulande die Temperatur \u00fcbrigens bereits um 1,6 Grad Celsius gestiegen, der Erw\u00e4rmung ist hierzulande also st\u00e4rker als im globalen Mittel. Darauf wies Tobais Fuchs vom Deutschen Wetterdienst bei der <a href=\"https:\/\/www.umweltbundesamt.de\/presse\/pressemitteilungen\/neue-analyse-zeigt-risiken-der-erderhitzung-fuer\" rel=\"noreferrer noopener\" target=\"_blank\">Vorstellung<\/a> der gemeinsam mit dem Umweltbundesamt erstellten &#8222;Klimawirkungs- und Risikoanalyse des Bundes&#8220; hin.<\/p>\n\n\n\n<p>Die Treibhausgaskonzentration in der Atmosph\u00e4re steige ungebremst und die Folgen seien deutlich zu sp\u00fcren. Die Zahl der Hitzetage mit H\u00f6chsttemperaturen \u00fcber 30 Grad Celsius habe sich zum Beispiel bereits fast verdreifacht und in den Wintern h\u00e4tten sich die Niederschl\u00e4ge um 27 Prozent erh\u00f6ht.<\/p>\n\n\n\n<p>Die durchgerechneten Szenarien zeigten, dass die Temperaturen bis zur Mitte des Jahrhunderts schlimmstenfalls um weitere 0,7 bis 1,4 Grad Celsius zulegen werden. Steigen die Treibhausgasemissionen in den n\u00e4chsten Jahrzehnten weiter kontinuierlich und stabilisieren sich erst zum Ende des 21. Jahrhunderts auf einem sehr hohen Niveau, ist hierzulande dann mit einer Erw\u00e4rmung um 3,9 bis 5,5 Grad Celsius im Vergleich zu den Verh\u00e4ltnissen Ende des 19. Jahrhunderts zu rechnen.<\/p>\n\n\n\n<p>Die Auswirkungen w\u00e4ren vielf\u00e4ltig. In der Risikoanalyse &#8211; <a href=\"https:\/\/www.umweltbundesamt.de\/publikationen\/KWRA-Zusammenfassung\" rel=\"noreferrer noopener\" target=\"_blank\">hier die Zusammenfassung<\/a> &#8211; wurden \u00fcber 100 von ihnen samt der zu erwartenden Wechselwirkungen untersucht. Bei rund 30 habe sich ein sehr dringender Handlungsbedarf ergeben. Besonders in den St\u00e4dten sei mit t\u00f6dlichen Hitzebelastungen zu rechnen. Ein w\u00e4rmeres Klima wird nicht nur zur Einwanderung neuer Arten, sondern auch zu der von Krankheitserregern f\u00fchren.<\/p>\n\n\n\n<p>Die Niederschl\u00e4ge werden sich anders, sozusagen extremer verteilen. Das w\u00e4rmere Klima macht einerseits Starkregen, Sturzfluten und Hochwasser mit den entsprechenden Gefahren f\u00fcr Geb\u00e4ude und Infrastruktur wahrscheinlicher. Zum anderen wird es auch vermehrt niederschlagsarme Zeiten wie seit 2018 geben. Der resultierende Wassermangel f\u00fchrt dann zu niedrigen Wasserst\u00e4nden in den B\u00f6den wie in den Fl\u00fcssen und damit zu schwerwiegenden Folgen f\u00fcr \u00d6kosysteme, Land- und Forstwirtschaft, Trinkwasserversorgung, sowie den Warentransport auf Fl\u00fcssen und Kan\u00e4len.<\/p>\n\n\n\n<blockquote class=\"wp-block-quote is-layout-flow wp-block-quote-is-layout-flow\"><p>Zum Ende des Jahrhunderts k\u00f6nnten einige Risiken in Deutschland so stark ansteigen, dass sie nur durch tiefgreifende Vorsorgema\u00dfnahmen reduziert werden k\u00f6nnen. Wir m\u00fcssen jetzt handeln. Dazu geh\u00f6rt die konsequente Umsetzung naturbasierter Ma\u00dfnahmen, auch beim Hochwasser- und K\u00fcstenschutz, wie Auenrenaturierung. Parallel m\u00fcssen wir die Verschmutzung und \u00dcbernutzung von Wasser, Boden und Luft drastisch verringern, und in eine massive Begr\u00fcnung von Freifl\u00e4chen und Geb\u00e4uden investieren.<\/p><cite>Dirk Messner, Pr\u00e4sident des Umweltbundesamtes<\/cite><\/blockquote>\n\n\n\n<p>Die Landschaften und St\u00e4dte m\u00fcssten so umgebaut werden, dass sie sich bei Hochwasser wie Schw\u00e4mme vollsaugen k\u00f6nnen, ohne dass Sch\u00e4den an Infrastruktur, \u00d6kosystemen und H\u00e4usern entstehen. Daf\u00fcr m\u00fcssten asphaltierte Fl\u00e4chen verkleinert oder mit durchl\u00e4ssigen Baustoffen ersetzt, Freifl\u00e4chen und Begr\u00fcnung geschaffen und der Fl\u00e4chenverbrauch so schnell wie m\u00f6glich reduzier werden. Vieles davon w\u00fcrde zugleich die Lebensqualit\u00e4t und die Gesundheit der Menschen verbessern, so Messner.<\/p>\n\n\n\n<h5 class=\"wp-block-heading\">Kein Interesse an Vorsorge<\/h5>\n\n\n\n<p>Es sind also ziemlich ungem\u00fctliche Aussichten, die da der Welt im Allgemeinen und Deutschland im Besonderen drohen, und da fragen sich die geneigte Leserin und der geneigte Leser nat\u00fcrlich, was Politikerinnen und Politiker an Vorsorge und Abwehr dagegen auffahren.<\/p>\n\n\n\n<p>Nun, die M\u00e4chtigen dieser Welt, die sich mit ihren engen Freunden in <a href=\"https:\/\/www.nytimes.com\/2021\/05\/27\/video\/colombia-protests-cali-police-video.html\" rel=\"noreferrer noopener\" target=\"_blank\">Kolumbien<\/a>, <a href=\"https:\/\/www.heise.de\/tp\/features\/Deutsche-Friedensmission-im-Nordirak-unerwuenscht-6069788.html\" rel=\"noreferrer noopener\" target=\"_blank\">der T\u00fcrkei<\/a> und <a href=\"https:\/\/www.dw.com\/en\/yemen-children-make-up-a-quarter-of-civilian-casualties\/a-56957308\" rel=\"noreferrer noopener\" target=\"_blank\">Saudi-Arabien<\/a> f\u00fcr das Bollwerk von Demokratie, Toleranz und Zivilisation halten, haben auf ihrem Gipfel im britischen Cornwall <a href=\"https:\/\/www.heise.de\/tp\/news\/G-7-Gipfel-Weiter-auf-Kosten-des-Rests-der-Welt-6070394.html\" rel=\"noreferrer noopener\" target=\"_blank\">einmal mehr deutlich gemacht<\/a>, dass sie die gro\u00dfe Klimakrise irgendwie aussitzen und sich ansonsten vor allem in den drohenden Wirren milit\u00e4risch behaupten wollen.<\/p>\n\n\n\n<p>Und die hiesige Opposition? Das Ressort Klimaschutz wird ja in der \u00d6ffentlichkeit ganz bei den Gr\u00fcnen gesehen, und die haben am Wochenende ihr Programm f\u00fcr die Bundestagswahl verabschiedet. Doch konservative Politiker und Medien sprechen nicht gerne \u00fcber Klimaschutz.<\/p>\n\n\n\n<p>Schon seit Wochen l\u00e4uft daher ein wahres Feuerwerk frauenfeindlicher Anw\u00fcrfe aus der rechten Ecke gegen die gr\u00fcne Ko-Vorsitzende Annalena Baerbock, die von ihrer Partei nahezu einstimmig zur Kanzlerkandidatin gek\u00fcrt wurde. Neben den d\u00fcmmlichen, eher aus den 1960-er Jahren stammenden Sticheleien und Nachfragen, die Baerbocks Rolle eher bei ihren Kindern oder der Versorgung ihres Ehemanns sehen, hat man sich zuletzt Unstimmigkeiten in ihrem Lebenslauf vorgenommen.<\/p>\n\n\n\n<p>Beteiligt haben sich an diesen misogynen Kampagnen auch Politiker von <a href=\"https:\/\/www.heise.de\/tp\/features\/Vom-braven-Buerger-zum-braunen-Wuerger-4666321.html\" rel=\"noreferrer noopener\" target=\"_blank\">CDU, CSU<\/a> und <a href=\"https:\/\/www.spiegel.de\/geschichte\/naumann-kreis-die-unterwanderung-der-fdp-durch-altnazis-a-951012.html\" rel=\"noreferrer noopener\" target=\"_blank\">FDP<\/a>, von Parteien also, die einst im Westen und auch im Osten als Auffangbecken f\u00fcr das Personal mit der gro\u00dfen 12-j\u00e4hrigen L\u00fccke im Lebenslauf dienten.<\/p>\n\n\n\n<h5 class=\"wp-block-heading\">Diskurs-Vergifter<\/h5>\n\n\n\n<p>Getoppt wurde das Ganze dann noch mit einer Anzeigen-Kampagne der sogenannten Initiative Neue Soziale Marktwirtschaft (INSM), eines Lobbyvereins von <a href=\"https:\/\/www.gesamtmetall.de\/\" rel=\"noreferrer noopener\" target=\"_blank\">Gesamtmetall<\/a>, dem Verein der gro\u00dfen Konzerne der Metall und Elektroindustrie. Von diesem kommen nach <a href=\"https:\/\/www.insm.de\/insm\/ueber-die-insm\/faq\" rel=\"noreferrer noopener\" target=\"_blank\">INSM-Angaben<\/a> die Gelder. Also auch von BMW, Daimler und VW, den Gro\u00dfen in der deutschen Industrie.<\/p>\n\n\n\n<p>Aufgefallen ist der Verein in der Vergangenheit vor allem mit Kampagnen f\u00fcr ein h\u00f6heres Renteneintrittsalter, gegen Grundrente und Pflegeversicherung, f\u00fcr die Laufzeitverl\u00e4ngerung von Atomkraftwerken und &#8211; besonders erfolgreich und rund 80.000 Arbeitspl\u00e4tze in Industrie und Handwerk kostend &#8211; gegen die Solarindustrie. <a href=\"https:\/\/www.insm.de\/insm\/ueber-die-insm\/kuratoren-und-botschafter\" rel=\"noreferrer noopener\" target=\"_blank\">Hier eine Liste<\/a> seiner Kuratoren und &#8222;Botschafter&#8220;.<\/p>\n\n\n\n<p>Mit <a href=\"https:\/\/twitter.com\/tran_vominhthu\/status\/1403225716733382658?s=20\" rel=\"noreferrer noopener\" target=\"_blank\">ganzseitigen<\/a> <a href=\"https:\/\/www.pro-medienmagazin.de\/wp-content\/uploads\/2021\/06\/Annalena_Verbote_TW-e1623684217341-1024x576.jpg\" rel=\"noreferrer noopener\" target=\"_blank\">Zeitungsanzeigen<\/a> schoss der INSM kurz vor dem Parteitag gegen Annalena Baerbock. Man muss sicherlich lange in der deutschen Geschichte zur\u00fcckgehen, um ein Beispiel f\u00fcr derartige pers\u00f6nliche Angriffe eines Industrieverbandes gegen eine Spitzenpolitikerin oder einen Spitzenpolitiker zu finden. Besch\u00e4mend auch, dass kaum eine der gro\u00dfen Zeitungen diese mit d\u00fcmmlichen Unterstellungen und pers\u00f6nlicher Verunglimpfung arbeitende Werbung ablehnte.<\/p>\n\n\n\n<p>Die Deutsche Presseagentur hat sich inhaltlich mit den Anw\u00fcrfen der Lobbyisten <a href=\"https:\/\/www.tagesschau.de\/faktenfinder\/insm-wahlkampf-gruene-101.html\" rel=\"noreferrer noopener\" target=\"_blank\">hier auseinandergesetzt<\/a>, weshalb wir es an dieser Stelle nicht wiederholen wollen. Die Reaktionen in der \u00d6ffentlichkeit zeigen einerseits, dass die INSM den Bogen reichlich \u00fcberspannt und den jugendlichen Klimasch\u00fctzern eine sicherlich nachhaltig wirkende Lehrstunde in Antikapitalismus beschert hat.<\/p>\n\n\n\n<p>Andererseits zeigen die <a href=\"https:\/\/www.wahlrecht.de\/umfragen\/index.htm\" rel=\"noreferrer noopener\" target=\"_blank\">Meinungsumfragen<\/a> jedoch, dass die Schmutzkampagnen fruchten und der Zuspruch f\u00fcr die Gr\u00fcnen deutlich abnimmt. Die Unionsparteien legen im Gegenzug wieder zu, alle Maskenskandale scheinen schon wieder vergessen und <a href=\"https:\/\/twitter.com\/UlrichSchneider\/status\/1404885895757578241?s=20\" rel=\"noreferrer noopener\" target=\"_blank\">der Neueste<\/a> immer noch nicht recht wahrgenommen.<\/p>\n\n\n\n<p>Nun mag man zu den Gr\u00fcnen stehen wie man will, aber die Trumpisierung des Bundestagswahlkampfes, die sich am Wochenende dann auch noch mit <a href=\"https:\/\/www.deutschlandfunkkultur.de\/antisemitismusvorwurf-gegen-emcke-das-feindbild-ist.1013.de.html?dram:article_id=498810\" rel=\"noreferrer noopener\" target=\"_blank\">einer Schlammschlacht<\/a> der Springer-Presse gegen die Publizistin und Philosophin <a href=\"https:\/\/taz.de\/Antisemitismusvorwurf-gegen-Emcke\/!5778753\/\" rel=\"noreferrer noopener\" target=\"_blank\">Carolin Emcke<\/a> zu neuen H\u00f6hen aufschwang, muss jeden beunruhigen, der sich um die Zukunft des Planeten oder auch nur Deutschlands Sorgen macht.<\/p>\n\n\n\n<p><\/p>\n\n\n\n<p>Es ist ein hasserf\u00fcllter Diskurs, der Ressentiments sch\u00fcren und die Auseinandersetzung um Sachthemen verhindern soll, um m\u00f6glichst lange am Bestehenden festhalten zu k\u00f6nnen. Und das in einer Zeit in der alte Sicherheiten wegbrechen, in der vielf\u00e4ltige Umbr\u00fcche anstehen, in der Ver\u00e4nderungen nichts und niemanden fragen, ob sie gerade gelegen kommen, in einer Zeit in der mehr denn je der eigentlich zeitlose Ausspruch von <a href=\"https:\/\/www.deutschelyrik.de\/fried.html\" rel=\"noreferrer noopener\" target=\"_blank\">Erich Fried<\/a> gilt: &#8222;Wer will, dass die Welt bleibt, wie sie ist, will nicht, dass sie bleibt.&#8220;<\/p>\n\n\n\n<h5 class=\"wp-block-heading\">Kein Pazifismus<\/h5>\n\n\n\n<p>Aber sprechen wir doch noch, zumindest kurz, \u00fcber Inhalte und das gr\u00fcne Wahlprogramm, das tats\u00e4chlich &#8211; allem Geschrei zum Trotz &#8211; sehr brav und <a href=\"https:\/\/www.heise.de\/tp\/features\/Gruenen-Wahlprogramm-Im-Zweifel-fuer-das-Kanzleramt-6069976.html\" rel=\"noreferrer noopener\" target=\"_blank\">regierungsbereit<\/a> und den Kapitalismus <a href=\"https:\/\/www.heise.de\/tp\/features\/Gruener-Kapitalismus-und-eine-mit-sich-selbst-beschaeftigte-Linke-6070640.html\" rel=\"noreferrer noopener\" target=\"_blank\">keinesfalls \u00fcberwinden wollend<\/a> daher kommt.<\/p>\n\n\n\n<p>Und schon gar nicht pazifistisch. In aller Deutlichkeit verk\u00fcndet das Dokument, das man mehr deutsche Kriege wolle. Die hei\u00dfen jetzt nur ein wenig anders n\u00e4mlich &#8222;Eins\u00e4tze im Rahmen der Vereinten Nationen, die zu Stabilit\u00e4t, dem Schutz der Zivilbev\u00f6lkerung und der Umsetzung von Friedensprozessen beitragen.&#8220;<\/p>\n\n\n\n<p>Daf\u00fcr soll aufger\u00fcstet, das hei\u00dft, &#8222;Ressourcen- und F\u00e4higkeitsl\u00fccken&#8220; behoben werden, um den &#8222;den zivilen und milit\u00e4rischen Beitrag zu VN-Eins\u00e4tzen signifikant zu erh\u00f6hen.&#8220; Baerbock hatte im Vorfeld au\u00dferdem schon wissen lassen, dass sie durchaus f\u00fcr mehr &#8222;Eins\u00e4tze&#8220; (sprich Kriege) ohne Mandat der UNO zu haben ist, die bei den Gr\u00fcnen bereits ganz regierungskompatibel VN abgek\u00fcrzt wird. So wie 1998 der Krieg gegen Jugoslawien.<\/p>\n\n\n\n<div class=\"wp-block-image\"><figure class=\"aligncenter size-large is-resized\"><a href=\"https:\/\/www.sonnenseite.com\/wp-content\/uploads\/2021\/03\/gruenede_AnnalenaBaerbock-RobertHabeck-DominikButzmann.jpg\"><img loading=\"lazy\" decoding=\"async\" src=\"https:\/\/www.sonnenseite.com\/wp-content\/uploads\/2021\/03\/gruenede_AnnalenaBaerbock-RobertHabeck-DominikButzmann.jpg\" alt=\"gruene.de | Dominik Butzmann | Annalena Baerbock - Robert Habeck\" class=\"wp-image-69480\" width=\"578\" height=\"315\" srcset=\"https:\/\/www.sonnenseite.com\/wp-content\/uploads\/2021\/03\/gruenede_AnnalenaBaerbock-RobertHabeck-DominikButzmann.jpg 770w, https:\/\/www.sonnenseite.com\/wp-content\/uploads\/2021\/03\/gruenede_AnnalenaBaerbock-RobertHabeck-DominikButzmann-300x164.jpg 300w, https:\/\/www.sonnenseite.com\/wp-content\/uploads\/2021\/03\/gruenede_AnnalenaBaerbock-RobertHabeck-DominikButzmann-768x419.jpg 768w\" sizes=\"auto, (max-width: 578px) 100vw, 578px\" \/><\/a><figcaption>gruene.de | Dominik Butzmann | Annalena Baerbock &#8211; Robert Habeck <\/figcaption><\/figure><\/div>\n\n\n\n<h5 class=\"wp-block-heading\">&#8222;Energierevolution&#8220;<\/h5>\n\n\n\n<p>Aber zu den klima- und energiepolitischen Vorhaben der Gr\u00fcnen: In ihrem am Wochenend verabschiedeten <a href=\"https:\/\/antraege.gruene.de\/46bdk\/motion\/pdfcollection\/93\/resolutions.pdf?resolutions=1\" rel=\"noreferrer noopener\" target=\"_blank\">Programm<\/a> versprechen sie eine &#8222;Energierevolution&#8220;. Effizienz soll gesteigert, Speicher geschaffen, der Verbrauch flexibilisiert und Produktionsspritzen f\u00fcr die Erzeugung &#8222;gr\u00fcnen&#8220; Wasserstoffs genutzt werden. Alles nicht schlecht, aber auch nicht allzu konkret.<\/p>\n\n\n\n<p>Der Ausbau der Windenergie an Land soll ab sofort auf j\u00e4hrlich f\u00fcnf bis sechs Gigawatt (GW) gesteigert werden. Das entspricht den bisherigen besten Jahren, die allerdings schon etwas zur\u00fcckliegen. Die neuen, b\u00fcrokratischen Ausschreibungsverfahren haben sie ausgebremst, doch die Gr\u00fcnen verlieren dar\u00fcber in ihrem Programm kein kritisches Wort. Offenbar soll an ihnen nicht mehr ger\u00fcttelt werden.<\/p>\n\n\n\n<p>Dennoch soll irgendwie der Ausbau noch weiter gesteigert werden. Ab Mitte der 2020-er Jahre sollen an Land j\u00e4hrlich Windkraftanlagen mit einer Leistung von sieben bis acht GW hinzukommen und auf Seewerden bis 2035 insgesamt 35 GW angestrebt. Derzeit drehen sich dort &#8211; haupts\u00e4chlich weit drau\u00dfen in der Nordsee &#8211; Anlagen mit einer Leistung von knapp acht GW.<\/p>\n\n\n\n<p>Noch st\u00e4rker soll der Ausbau der Solarenergie vorangetrieben werden. Der soll auf sofort zehn bis 20 GW j\u00e4hrlich und in einigen Jahren auf 18 bis 20 GW steigen, was sicherlich ein enormer Jobmotor vor allem f\u00fcrs installierende Handwerk bedeuten w\u00fcrde. Wie im Falle der Windenergie bleibt das Programm aber hinsichtlich der Mittel, mit denen diese Politik umgesetzt werden soll, vage.<\/p>\n\n\n\n<p>Tats\u00e4chlich umgesetzt, k\u00f6nnte dieser schnellere Ausbau von Sonne- und Windenergie aber immerhin die Kohle schneller aus dem Markt dr\u00e4ngen. Der Kohleausstieg soll auf 2030 vorgezogen werden. Zu den von SPD und den Unionsparteien vereinbarten recht \u00fcppigen und sehr kritikw\u00fcrdigen Zuwendungen, die Kohlekonzerne f\u00fcr den Kohleausstieg bekommen sollen, schweigen sich die Gr\u00fcnen aus. Auch hieran will man offensichtlich nicht r\u00fchren.<\/p>\n\n\n\n<h5 class=\"wp-block-heading\">Und zu guter Letzt<\/h5>\n\n\n\n<p>Wenn am 26. September der n\u00e4chste Bundestag gew\u00e4hlt wird, haben in einigen Bundesl\u00e4ndern die W\u00e4hlerinnen und W\u00e4hler noch \u00fcber anderes zu entscheiden. In Berlin wird zum Beispiel das Abgeordnetenhaus, also das Landesparlament, und auch die kommunale Ebene gew\u00e4hlt. Voraussichtlich wird auch noch \u00fcber die Enteignung alles profitorientierten Wohnungsbauunternehmen mit mehr als 3.000 Wohnungen abgestimmt.<\/p>\n\n\n\n<p>Zu den Berliner Wahlen tritt auch die dortige <a href=\"https:\/\/www.klimaliste-berlin.de\" rel=\"noreferrer noopener\" target=\"_blank\">Klimaliste<\/a> an. Deren Spitzenkandidatin Alicia Sophia Hinon hat letzte Woche der seit f\u00fcnf Jahren regierenden Koalition aus SPD, Gr\u00fcnen und Linkspartei <a href=\"https:\/\/www.klimaliste-berlin.de\/pressemitteilungen\/spitzenkandidatin-der-klimaliste-berlin-bei-der-berliner-netzwoche\" rel=\"noreferrer noopener\" target=\"_blank\">vorgeworfen<\/a>, dass sie zu wenig erreicht haben<\/p>\n\n\n\n<blockquote class=\"wp-block-quote is-layout-flow wp-block-quote-is-layout-flow\"><p>Die W\u00e4rme- und Verkehrswende bleibt bestenfalls hom\u00f6opathisch. Im Falle des Kohleaus- beziehungsweise Gaseinstiegs ist sie sogar generationengef\u00e4hrdend. Das Solargesetz zum Ende der Legislatur: ein Trostpflaster, das aber vorne und hinten nicht reicht. Irgendwie haben wir das Gef\u00fchl, als w\u00fcrde die Politik hier darauf warten, dass sich der deutsche Strommix von ganz alleine \u00e4ndert. Aber uns l\u00e4uft jetzt die Zeit davon, die Energiewende muss jetzt passieren.<\/p><cite>Alicia Sophia Hinon, Spitzenkandidatin der Berliner Klimaliste<\/cite><\/blockquote>\n\n\n\n<p>Dann w\u00e4re noch vom Solarboom in den USA zu berichten, \u00fcber den die Nachrichtenagentur <em>Reuters<\/em> schreibt. Im <a href=\"https:\/\/www.reuters.com\/business\/sustainable-business\/us-solar-installations-soared-first-quarter-supply-squeeze-weighs-2021-06-15\/\" rel=\"noreferrer noopener\" target=\"_blank\">ersten Quartal 2021 seien f\u00fcnf Gigawatt neue Solarleistung<\/a> ans Netz gegangen, bis zum Jahresende k\u00f6nnte es 24,4 GW werden. Das w\u00e4re dann fast die H\u00e4lfte der Leistung aller bisher in Deutschland installierten Solaranlagen. Der Zubau h\u00e4tte dann gegen\u00fcber dem Vorjahr um 24 Prozent zugelegt.<\/p>\n\n\n\n<p>Schlie\u00dflich soll noch kurz erw\u00e4hnt werden, dass der eingangs zitierte DWD auch eine gut <a href=\"https:\/\/www.dwd.de\/DE\/klimaumwelt\/aktuelle_meldungen\/210609\/basisfakten-zum-klimawandel_dkk.pdf?__blob=publicationFile&amp;v=2\" rel=\"noreferrer noopener\" target=\"_blank\">lesbare \u00dcbersicht<\/a> \u00fcber Wissenswertes rund um den Klimaschutz zusammengestellt hat und dass Freitags auch in Deutschland die Fridays-For-Future-Jugendlichen wieder <a href=\"https:\/\/fridaysforfuture.de\/streiktermine\/\" rel=\"noreferrer noopener\" target=\"_blank\">massenhaft auf die Stra\u00dfe<\/a> gehen wollen.<\/p>\n\n\n\n<ul class=\"wp-block-list\"><li>Hier finden Sie die Wahl\u00adprogramme der <a href=\"https:\/\/www.bundestagswahl-2021.de\/parteien\/\" target=\"_blank\" rel=\"noreferrer noopener\">Parteien, die an der Bundestagswahl 2021 teilnehmen werden<\/a>. Zum jetzigen Zeitpunkt haben die meisten etablierten Parteien ihr Programm bereits ver\u00f6ffentlicht.<\/li><li><a href=\"https:\/\/www.csu.de\/common\/download\/Regierungsprogramm.pdf\" target=\"_blank\" rel=\"noreferrer noopener\">Das Programm f\u00fcr Stabilit\u00e4t und Erneuerung. Gemeinsam f\u00fcr ein modernes Deutschland<\/a> (Das gemeinsame Wahlprogramm der CDU und CSU ist als PDF-Download verf\u00fcgbar: PDF, 140 Seiten)<\/li><\/ul>\n\n\n<h5 class=\"green\">Quelle<\/h5>\r\n\n\n\n<p>Der Bericht wurde von der\u00a0<a href=\"https:\/\/www.heise.de\/tp\/features\/Wie-viel-Klimaschutz-bieten-die-Gruenen-6072042.html?seite=all\">Redaktion \u201eTELEPOLIS\u201c (Wolfgang Pomrehn) 2021\u00a0verfasst<\/a> und genehmigt \u2013 der Artikel darf nicht ohne Genehmigung von\u00a0<a href=\"mailto:WPomrehn@gaarden.de\" target=\"_blank\" rel=\"noreferrer noopener\">Wolfgang Pomrehn 2021<\/a>\u00a0weiterverbreitet werden!\u00a0<\/p>\n<div class=\"shariff shariff-align-flex-start shariff-widget-align-flex-start\"><div class=\"ShariffHeadline\">Diese Meldung teilen<\/div><ul class=\"shariff-buttons theme-round orientation-horizontal buttonsize-medium\"><li class=\"shariff-button facebook shariff-nocustomcolor\" style=\"background-color:#4273c8;border-radius:1%\"><a href=\"https:\/\/www.facebook.com\/sharer\/sharer.php?u=https%3A%2F%2Fwww.sonnenseite.com%2Fde%2Fpolitik%2Fwie-viel-klimaschutz-bieten-die-gruenen%2F\" title=\"Bei Facebook teilen\" aria-label=\"Bei Facebook teilen\" role=\"button\" rel=\"nofollow\" class=\"shariff-link\" style=\";border-radius:1%; background-color:#3b5998; color:#fff\" target=\"_blank\"><span class=\"shariff-icon\" style=\"\"><svg width=\"32px\" height=\"20px\" xmlns=\"http:\/\/www.w3.org\/2000\/svg\" viewBox=\"0 0 18 32\"><path fill=\"#3b5998\" d=\"M17.1 0.2v4.7h-2.8q-1.5 0-2.1 0.6t-0.5 1.9v3.4h5.2l-0.7 5.3h-4.5v13.6h-5.5v-13.6h-4.5v-5.3h4.5v-3.9q0-3.3 1.9-5.2t5-1.8q2.6 0 4.1 0.2z\"\/><\/svg><\/span><\/a><\/li><li class=\"shariff-button twitter shariff-nocustomcolor\" style=\"background-color:#595959;border-radius:1%\"><a href=\"https:\/\/twitter.com\/share?url=https%3A%2F%2Fwww.sonnenseite.com%2Fde%2Fpolitik%2Fwie-viel-klimaschutz-bieten-die-gruenen%2F&text=Wie%20viel%20Klimaschutz%20bieten%20die%20Gr%C3%BCnen%3F\" title=\"Bei X teilen\" aria-label=\"Bei X teilen\" role=\"button\" rel=\"noopener nofollow\" class=\"shariff-link\" style=\";border-radius:1%; background-color:#000; color:#fff\" target=\"_blank\"><span class=\"shariff-icon\" style=\"\"><svg width=\"32px\" height=\"20px\" xmlns=\"http:\/\/www.w3.org\/2000\/svg\" viewBox=\"0 0 24 24\"><path fill=\"#000\" d=\"M14.258 10.152L23.176 0h-2.113l-7.747 8.813L7.133 0H0l9.352 13.328L0 23.973h2.113l8.176-9.309 6.531 9.309h7.133zm-2.895 3.293l-.949-1.328L2.875 1.56h3.246l6.086 8.523.945 1.328 7.91 11.078h-3.246zm0 0\"\/><\/svg><\/span><\/a><\/li><li class=\"shariff-button xing shariff-nocustomcolor\" style=\"background-color:#29888a;border-radius:1%\"><a href=\"https:\/\/www.xing.com\/spi\/shares\/new?url=https%3A%2F%2Fwww.sonnenseite.com%2Fde%2Fpolitik%2Fwie-viel-klimaschutz-bieten-die-gruenen%2F\" title=\"Bei XING teilen\" aria-label=\"Bei XING teilen\" role=\"button\" rel=\"noopener nofollow\" class=\"shariff-link\" style=\";border-radius:1%; background-color:#126567; color:#fff\" target=\"_blank\"><span class=\"shariff-icon\" style=\"\"><svg width=\"32px\" height=\"20px\" xmlns=\"http:\/\/www.w3.org\/2000\/svg\" viewBox=\"0 0 25 32\"><path fill=\"#126567\" d=\"M10.7 11.9q-0.2 0.3-4.6 8.2-0.5 0.8-1.2 0.8h-4.3q-0.4 0-0.5-0.3t0-0.6l4.5-8q0 0 0 0l-2.9-5q-0.2-0.4 0-0.7 0.2-0.3 0.5-0.3h4.3q0.7 0 1.2 0.8zM25.1 0.4q0.2 0.3 0 0.7l-9.4 16.7 6 11q0.2 0.4 0 0.6-0.2 0.3-0.6 0.3h-4.3q-0.7 0-1.2-0.8l-6-11.1q0.3-0.6 9.5-16.8 0.4-0.8 1.2-0.8h4.3q0.4 0 0.5 0.3z\"\/><\/svg><\/span><\/a><\/li><li class=\"shariff-button linkedin shariff-nocustomcolor\" style=\"background-color:#1488bf;border-radius:1%\"><a href=\"https:\/\/www.linkedin.com\/sharing\/share-offsite\/?url=https%3A%2F%2Fwww.sonnenseite.com%2Fde%2Fpolitik%2Fwie-viel-klimaschutz-bieten-die-gruenen%2F\" title=\"Bei LinkedIn teilen\" aria-label=\"Bei LinkedIn teilen\" role=\"button\" rel=\"noopener nofollow\" class=\"shariff-link\" style=\";border-radius:1%; background-color:#0077b5; color:#fff\" target=\"_blank\"><span class=\"shariff-icon\" style=\"\"><svg width=\"32px\" height=\"20px\" xmlns=\"http:\/\/www.w3.org\/2000\/svg\" viewBox=\"0 0 27 32\"><path fill=\"#0077b5\" d=\"M6.2 11.2v17.7h-5.9v-17.7h5.9zM6.6 5.7q0 1.3-0.9 2.2t-2.4 0.9h0q-1.5 0-2.4-0.9t-0.9-2.2 0.9-2.2 2.4-0.9 2.4 0.9 0.9 2.2zM27.4 18.7v10.1h-5.9v-9.5q0-1.9-0.7-2.9t-2.3-1.1q-1.1 0-1.9 0.6t-1.2 1.5q-0.2 0.5-0.2 1.4v9.9h-5.9q0-7.1 0-11.6t0-5.3l0-0.9h5.9v2.6h0q0.4-0.6 0.7-1t1-0.9 1.6-0.8 2-0.3q3 0 4.9 2t1.9 6z\"\/><\/svg><\/span><\/a><\/li><li class=\"shariff-button printer shariff-nocustomcolor\" style=\"background-color:#a8a8a8;border-radius:1%\"><a href=\"javascript:window.print()\" title=\"drucken\" aria-label=\"drucken\" role=\"button\" rel=\"noopener nofollow\" class=\"shariff-link\" style=\";border-radius:1%; background-color:#999; color:#fff\"><span class=\"shariff-icon\" style=\"\"><svg width=\"32px\" height=\"20px\" xmlns=\"http:\/\/www.w3.org\/2000\/svg\" viewBox=\"0 0 30 32\"><path fill=\"#999\" d=\"M6.8 27.4h16v-4.6h-16v4.6zM6.8 16h16v-6.8h-2.8q-0.7 0-1.2-0.5t-0.5-1.2v-2.8h-11.4v11.4zM27.4 17.2q0-0.5-0.3-0.8t-0.8-0.4-0.8 0.4-0.3 0.8 0.3 0.8 0.8 0.3 0.8-0.3 0.3-0.8zM29.7 17.2v7.4q0 0.2-0.2 0.4t-0.4 0.2h-4v2.8q0 0.7-0.5 1.2t-1.2 0.5h-17.2q-0.7 0-1.2-0.5t-0.5-1.2v-2.8h-4q-0.2 0-0.4-0.2t-0.2-0.4v-7.4q0-1.4 1-2.4t2.4-1h1.2v-9.7q0-0.7 0.5-1.2t1.2-0.5h12q0.7 0 1.6 0.4t1.3 0.8l2.7 2.7q0.5 0.5 0.9 1.4t0.4 1.6v4.6h1.1q1.4 0 2.4 1t1 2.4z\"\/><\/svg><\/span><\/a><\/li><li class=\"shariff-button mailto shariff-nocustomcolor\" style=\"background-color:#a8a8a8;border-radius:1%\"><a href=\"mailto:?body=https%3A%2F%2Fwww.sonnenseite.com%2Fde%2Fpolitik%2Fwie-viel-klimaschutz-bieten-die-gruenen%2F&subject=Wie%20viel%20Klimaschutz%20bieten%20die%20Gr%C3%BCnen%3F\" title=\"Per E-Mail versenden\" aria-label=\"Per E-Mail versenden\" role=\"button\" rel=\"noopener nofollow\" class=\"shariff-link\" style=\";border-radius:1%; background-color:#999; color:#fff\"><span class=\"shariff-icon\" style=\"\"><svg width=\"32px\" height=\"20px\" xmlns=\"http:\/\/www.w3.org\/2000\/svg\" viewBox=\"0 0 32 32\"><path fill=\"#999\" d=\"M32 12.7v14.2q0 1.2-0.8 2t-2 0.9h-26.3q-1.2 0-2-0.9t-0.8-2v-14.2q0.8 0.9 1.8 1.6 6.5 4.4 8.9 6.1 1 0.8 1.6 1.2t1.7 0.9 2 0.4h0.1q0.9 0 2-0.4t1.7-0.9 1.6-1.2q3-2.2 8.9-6.1 1-0.7 1.8-1.6zM32 7.4q0 1.4-0.9 2.7t-2.2 2.2q-6.7 4.7-8.4 5.8-0.2 0.1-0.7 0.5t-1 0.7-0.9 0.6-1.1 0.5-0.9 0.2h-0.1q-0.4 0-0.9-0.2t-1.1-0.5-0.9-0.6-1-0.7-0.7-0.5q-1.6-1.1-4.7-3.2t-3.6-2.6q-1.1-0.7-2.1-2t-1-2.5q0-1.4 0.7-2.3t2.1-0.9h26.3q1.2 0 2 0.8t0.9 2z\"\/><\/svg><\/span><\/a><\/li><\/ul><\/div>","protected":false},"excerpt":{"rendered":"<p>Zu den klima- und energiepolitischen Vorhaben der Gr\u00fcnen: In ihrem verabschiedeten Programm versprechen sie eine &#8222;Energierevolution&#8220;. [&hellip;]<\/p>\n","protected":false},"author":3,"featured_media":4990,"comment_status":"closed","ping_status":"closed","sticky":false,"template":"","format":"standard","meta":{"inline_featured_image":false,"footnotes":""},"categories":[21],"tags":[],"class_list":["post-72231","post","type-post","status-publish","format-standard","has-post-thumbnail","hentry","category-politik"],"yoast_head":"<!-- This site is optimized with the Yoast SEO plugin v26.5 - https:\/\/yoast.com\/wordpress\/plugins\/seo\/ -->\n<title>Wie viel Klimaschutz bieten die Gr\u00fcnen? - Sonnenseite - \u00d6kologische Kommunikation mit Franz Alt<\/title>\n<meta name=\"description\" content=\"Zu den klima- und energiepolitischen Vorhaben der Gr\u00fcnen: In ihrem verabschiedeten Programm versprechen sie eine &quot;Energierevolution&quot;. Effizienz soll\" \/>\n<meta name=\"robots\" content=\"index, follow, max-snippet:-1, max-image-preview:large, max-video-preview:-1\" \/>\n<link rel=\"canonical\" href=\"https:\/\/www.sonnenseite.com\/de\/politik\/wie-viel-klimaschutz-bieten-die-gruenen\/\" \/>\n<meta property=\"og:locale\" content=\"de_DE\" \/>\n<meta property=\"og:type\" content=\"article\" \/>\n<meta property=\"og:title\" content=\"Wie viel Klimaschutz bieten die Gr\u00fcnen? - Sonnenseite - \u00d6kologische Kommunikation mit Franz Alt\" \/>\n<meta property=\"og:description\" content=\"Zu den klima- und energiepolitischen Vorhaben der Gr\u00fcnen: In ihrem verabschiedeten Programm versprechen sie eine &quot;Energierevolution&quot;. Effizienz soll\" \/>\n<meta property=\"og:url\" content=\"https:\/\/www.sonnenseite.com\/de\/politik\/wie-viel-klimaschutz-bieten-die-gruenen\/\" \/>\n<meta property=\"og:site_name\" content=\"Sonnenseite\" \/>\n<meta property=\"article:publisher\" content=\"https:\/\/www.facebook.com\/pages\/Franz-Alt-SONNENSEITECOM\/221072987903953?fref=ts\" \/>\n<meta property=\"article:published_time\" content=\"2021-06-22T01:06:00+00:00\" \/>\n<meta property=\"article:modified_time\" content=\"2021-07-04T06:11:27+00:00\" \/>\n<meta property=\"og:image\" content=\"https:\/\/www.sonnenseite.com\/wp-content\/uploads\/2019\/11\/Buendnis-90-GrueneNordrhein-Westfalen-CC-BY-SA.jpg\" \/>\n\t<meta property=\"og:image:width\" content=\"770\" \/>\n\t<meta property=\"og:image:height\" content=\"420\" \/>\n\t<meta property=\"og:image:type\" content=\"image\/jpeg\" \/>\n<meta name=\"author\" content=\"Bigi Alt\" \/>\n<meta name=\"twitter:card\" content=\"summary_large_image\" \/>\n<meta name=\"twitter:creator\" content=\"@franzalt\" \/>\n<meta name=\"twitter:site\" content=\"@franzalt\" \/>\n<meta name=\"twitter:label1\" content=\"Verfasst von\" \/>\n\t<meta name=\"twitter:data1\" content=\"Bigi Alt\" \/>\n\t<meta name=\"twitter:label2\" content=\"Gesch\u00e4tzte Lesezeit\" \/>\n\t<meta name=\"twitter:data2\" content=\"10\u00a0Minuten\" \/>\n<script type=\"application\/ld+json\" class=\"yoast-schema-graph\">{\"@context\":\"https:\/\/schema.org\",\"@graph\":[{\"@type\":\"Article\",\"@id\":\"https:\/\/www.sonnenseite.com\/de\/politik\/wie-viel-klimaschutz-bieten-die-gruenen\/#article\",\"isPartOf\":{\"@id\":\"https:\/\/www.sonnenseite.com\/de\/politik\/wie-viel-klimaschutz-bieten-die-gruenen\/\"},\"author\":{\"name\":\"Bigi Alt\",\"@id\":\"https:\/\/www.sonnenseite.com\/de\/#\/schema\/person\/50fda0e926597684c7cc6695238a4eb9\"},\"headline\":\"Wie viel Klimaschutz bieten die Gr\u00fcnen?\",\"datePublished\":\"2021-06-22T01:06:00+00:00\",\"dateModified\":\"2021-07-04T06:11:27+00:00\",\"mainEntityOfPage\":{\"@id\":\"https:\/\/www.sonnenseite.com\/de\/politik\/wie-viel-klimaschutz-bieten-die-gruenen\/\"},\"wordCount\":2270,\"publisher\":{\"@id\":\"https:\/\/www.sonnenseite.com\/de\/#organization\"},\"image\":{\"@id\":\"https:\/\/www.sonnenseite.com\/de\/politik\/wie-viel-klimaschutz-bieten-die-gruenen\/#primaryimage\"},\"thumbnailUrl\":\"https:\/\/www.sonnenseite.com\/wp-content\/uploads\/2019\/11\/Buendnis-90-GrueneNordrhein-Westfalen-CC-BY-SA.jpg\",\"articleSection\":[\"Politik\"],\"inLanguage\":\"de\"},{\"@type\":\"WebPage\",\"@id\":\"https:\/\/www.sonnenseite.com\/de\/politik\/wie-viel-klimaschutz-bieten-die-gruenen\/\",\"url\":\"https:\/\/www.sonnenseite.com\/de\/politik\/wie-viel-klimaschutz-bieten-die-gruenen\/\",\"name\":\"Wie viel Klimaschutz bieten die Gr\u00fcnen? - Sonnenseite - \u00d6kologische Kommunikation mit Franz Alt\",\"isPartOf\":{\"@id\":\"https:\/\/www.sonnenseite.com\/de\/#website\"},\"primaryImageOfPage\":{\"@id\":\"https:\/\/www.sonnenseite.com\/de\/politik\/wie-viel-klimaschutz-bieten-die-gruenen\/#primaryimage\"},\"image\":{\"@id\":\"https:\/\/www.sonnenseite.com\/de\/politik\/wie-viel-klimaschutz-bieten-die-gruenen\/#primaryimage\"},\"thumbnailUrl\":\"https:\/\/www.sonnenseite.com\/wp-content\/uploads\/2019\/11\/Buendnis-90-GrueneNordrhein-Westfalen-CC-BY-SA.jpg\",\"datePublished\":\"2021-06-22T01:06:00+00:00\",\"dateModified\":\"2021-07-04T06:11:27+00:00\",\"description\":\"Zu den klima- und energiepolitischen Vorhaben der Gr\u00fcnen: In ihrem verabschiedeten Programm versprechen sie eine \\\"Energierevolution\\\". Effizienz soll\",\"breadcrumb\":{\"@id\":\"https:\/\/www.sonnenseite.com\/de\/politik\/wie-viel-klimaschutz-bieten-die-gruenen\/#breadcrumb\"},\"inLanguage\":\"de\",\"potentialAction\":[{\"@type\":\"ReadAction\",\"target\":[\"https:\/\/www.sonnenseite.com\/de\/politik\/wie-viel-klimaschutz-bieten-die-gruenen\/\"]}]},{\"@type\":\"ImageObject\",\"inLanguage\":\"de\",\"@id\":\"https:\/\/www.sonnenseite.com\/de\/politik\/wie-viel-klimaschutz-bieten-die-gruenen\/#primaryimage\",\"url\":\"https:\/\/www.sonnenseite.com\/wp-content\/uploads\/2019\/11\/Buendnis-90-GrueneNordrhein-Westfalen-CC-BY-SA.jpg\",\"contentUrl\":\"https:\/\/www.sonnenseite.com\/wp-content\/uploads\/2019\/11\/Buendnis-90-GrueneNordrhein-Westfalen-CC-BY-SA.jpg\",\"width\":770,\"height\":420,\"caption\":\"B\u00fcndnis90\/Die Gr\u00fcnen | Nordrhein-Westfalen \u2013 CC BY-SA\"},{\"@type\":\"BreadcrumbList\",\"@id\":\"https:\/\/www.sonnenseite.com\/de\/politik\/wie-viel-klimaschutz-bieten-die-gruenen\/#breadcrumb\",\"itemListElement\":[{\"@type\":\"ListItem\",\"position\":1,\"name\":\"Startseite\",\"item\":\"https:\/\/www.sonnenseite.com\/de\/\"},{\"@type\":\"ListItem\",\"position\":2,\"name\":\"Wie viel Klimaschutz bieten die Gr\u00fcnen?\"}]},{\"@type\":\"WebSite\",\"@id\":\"https:\/\/www.sonnenseite.com\/de\/#website\",\"url\":\"https:\/\/www.sonnenseite.com\/de\/\",\"name\":\"Sonnenseite\",\"description\":\"\u00d6kologische Kommunikation mit Franz Alt\",\"publisher\":{\"@id\":\"https:\/\/www.sonnenseite.com\/de\/#organization\"},\"potentialAction\":[{\"@type\":\"SearchAction\",\"target\":{\"@type\":\"EntryPoint\",\"urlTemplate\":\"https:\/\/www.sonnenseite.com\/de\/?s={search_term_string}\"},\"query-input\":{\"@type\":\"PropertyValueSpecification\",\"valueRequired\":true,\"valueName\":\"search_term_string\"}}],\"inLanguage\":\"de\"},{\"@type\":\"Organization\",\"@id\":\"https:\/\/www.sonnenseite.com\/de\/#organization\",\"name\":\"Sonnenseite\",\"url\":\"https:\/\/www.sonnenseite.com\/de\/\",\"logo\":{\"@type\":\"ImageObject\",\"inLanguage\":\"de\",\"@id\":\"https:\/\/www.sonnenseite.com\/de\/#\/schema\/logo\/image\/\",\"url\":\"https:\/\/www.sonnenseite.com\/wp-content\/uploads\/2020\/05\/Sonnenseite_Logo.png\",\"contentUrl\":\"https:\/\/www.sonnenseite.com\/wp-content\/uploads\/2020\/05\/Sonnenseite_Logo.png\",\"width\":377,\"height\":90,\"caption\":\"Sonnenseite\"},\"image\":{\"@id\":\"https:\/\/www.sonnenseite.com\/de\/#\/schema\/logo\/image\/\"},\"sameAs\":[\"https:\/\/www.facebook.com\/pages\/Franz-Alt-SONNENSEITECOM\/221072987903953?fref=ts\",\"https:\/\/x.com\/franzalt\",\"http:\/\/www.youtube.com\/results?search_query&amp;amp;quot;franz_alt&amp;amp;quot;&amp;amp;amp;amp;search_type&amp;amp;amp;amp;aq=f\"]},{\"@type\":\"Person\",\"@id\":\"https:\/\/www.sonnenseite.com\/de\/#\/schema\/person\/50fda0e926597684c7cc6695238a4eb9\",\"name\":\"Bigi Alt\"}]}<\/script>\n<!-- \/ Yoast SEO plugin. -->","yoast_head_json":{"title":"Wie viel Klimaschutz bieten die Gr\u00fcnen? - Sonnenseite - \u00d6kologische Kommunikation mit Franz Alt","description":"Zu den klima- und energiepolitischen Vorhaben der Gr\u00fcnen: In ihrem verabschiedeten Programm versprechen sie eine \"Energierevolution\". Effizienz soll","robots":{"index":"index","follow":"follow","max-snippet":"max-snippet:-1","max-image-preview":"max-image-preview:large","max-video-preview":"max-video-preview:-1"},"canonical":"https:\/\/www.sonnenseite.com\/de\/politik\/wie-viel-klimaschutz-bieten-die-gruenen\/","og_locale":"de_DE","og_type":"article","og_title":"Wie viel Klimaschutz bieten die Gr\u00fcnen? - Sonnenseite - \u00d6kologische Kommunikation mit Franz Alt","og_description":"Zu den klima- und energiepolitischen Vorhaben der Gr\u00fcnen: In ihrem verabschiedeten Programm versprechen sie eine \"Energierevolution\". Effizienz soll","og_url":"https:\/\/www.sonnenseite.com\/de\/politik\/wie-viel-klimaschutz-bieten-die-gruenen\/","og_site_name":"Sonnenseite","article_publisher":"https:\/\/www.facebook.com\/pages\/Franz-Alt-SONNENSEITECOM\/221072987903953?fref=ts","article_published_time":"2021-06-22T01:06:00+00:00","article_modified_time":"2021-07-04T06:11:27+00:00","og_image":[{"width":770,"height":420,"url":"https:\/\/www.sonnenseite.com\/wp-content\/uploads\/2019\/11\/Buendnis-90-GrueneNordrhein-Westfalen-CC-BY-SA.jpg","type":"image\/jpeg"}],"author":"Bigi Alt","twitter_card":"summary_large_image","twitter_creator":"@franzalt","twitter_site":"@franzalt","twitter_misc":{"Verfasst von":"Bigi Alt","Gesch\u00e4tzte Lesezeit":"10\u00a0Minuten"},"schema":{"@context":"https:\/\/schema.org","@graph":[{"@type":"Article","@id":"https:\/\/www.sonnenseite.com\/de\/politik\/wie-viel-klimaschutz-bieten-die-gruenen\/#article","isPartOf":{"@id":"https:\/\/www.sonnenseite.com\/de\/politik\/wie-viel-klimaschutz-bieten-die-gruenen\/"},"author":{"name":"Bigi Alt","@id":"https:\/\/www.sonnenseite.com\/de\/#\/schema\/person\/50fda0e926597684c7cc6695238a4eb9"},"headline":"Wie viel Klimaschutz bieten die Gr\u00fcnen?","datePublished":"2021-06-22T01:06:00+00:00","dateModified":"2021-07-04T06:11:27+00:00","mainEntityOfPage":{"@id":"https:\/\/www.sonnenseite.com\/de\/politik\/wie-viel-klimaschutz-bieten-die-gruenen\/"},"wordCount":2270,"publisher":{"@id":"https:\/\/www.sonnenseite.com\/de\/#organization"},"image":{"@id":"https:\/\/www.sonnenseite.com\/de\/politik\/wie-viel-klimaschutz-bieten-die-gruenen\/#primaryimage"},"thumbnailUrl":"https:\/\/www.sonnenseite.com\/wp-content\/uploads\/2019\/11\/Buendnis-90-GrueneNordrhein-Westfalen-CC-BY-SA.jpg","articleSection":["Politik"],"inLanguage":"de"},{"@type":"WebPage","@id":"https:\/\/www.sonnenseite.com\/de\/politik\/wie-viel-klimaschutz-bieten-die-gruenen\/","url":"https:\/\/www.sonnenseite.com\/de\/politik\/wie-viel-klimaschutz-bieten-die-gruenen\/","name":"Wie viel Klimaschutz bieten die Gr\u00fcnen? - Sonnenseite - \u00d6kologische Kommunikation mit Franz Alt","isPartOf":{"@id":"https:\/\/www.sonnenseite.com\/de\/#website"},"primaryImageOfPage":{"@id":"https:\/\/www.sonnenseite.com\/de\/politik\/wie-viel-klimaschutz-bieten-die-gruenen\/#primaryimage"},"image":{"@id":"https:\/\/www.sonnenseite.com\/de\/politik\/wie-viel-klimaschutz-bieten-die-gruenen\/#primaryimage"},"thumbnailUrl":"https:\/\/www.sonnenseite.com\/wp-content\/uploads\/2019\/11\/Buendnis-90-GrueneNordrhein-Westfalen-CC-BY-SA.jpg","datePublished":"2021-06-22T01:06:00+00:00","dateModified":"2021-07-04T06:11:27+00:00","description":"Zu den klima- und energiepolitischen Vorhaben der Gr\u00fcnen: In ihrem verabschiedeten Programm versprechen sie eine \"Energierevolution\". Effizienz soll","breadcrumb":{"@id":"https:\/\/www.sonnenseite.com\/de\/politik\/wie-viel-klimaschutz-bieten-die-gruenen\/#breadcrumb"},"inLanguage":"de","potentialAction":[{"@type":"ReadAction","target":["https:\/\/www.sonnenseite.com\/de\/politik\/wie-viel-klimaschutz-bieten-die-gruenen\/"]}]},{"@type":"ImageObject","inLanguage":"de","@id":"https:\/\/www.sonnenseite.com\/de\/politik\/wie-viel-klimaschutz-bieten-die-gruenen\/#primaryimage","url":"https:\/\/www.sonnenseite.com\/wp-content\/uploads\/2019\/11\/Buendnis-90-GrueneNordrhein-Westfalen-CC-BY-SA.jpg","contentUrl":"https:\/\/www.sonnenseite.com\/wp-content\/uploads\/2019\/11\/Buendnis-90-GrueneNordrhein-Westfalen-CC-BY-SA.jpg","width":770,"height":420,"caption":"B\u00fcndnis90\/Die Gr\u00fcnen | Nordrhein-Westfalen \u2013 CC BY-SA"},{"@type":"BreadcrumbList","@id":"https:\/\/www.sonnenseite.com\/de\/politik\/wie-viel-klimaschutz-bieten-die-gruenen\/#breadcrumb","itemListElement":[{"@type":"ListItem","position":1,"name":"Startseite","item":"https:\/\/www.sonnenseite.com\/de\/"},{"@type":"ListItem","position":2,"name":"Wie viel Klimaschutz bieten die Gr\u00fcnen?"}]},{"@type":"WebSite","@id":"https:\/\/www.sonnenseite.com\/de\/#website","url":"https:\/\/www.sonnenseite.com\/de\/","name":"Sonnenseite","description":"\u00d6kologische Kommunikation mit Franz Alt","publisher":{"@id":"https:\/\/www.sonnenseite.com\/de\/#organization"},"potentialAction":[{"@type":"SearchAction","target":{"@type":"EntryPoint","urlTemplate":"https:\/\/www.sonnenseite.com\/de\/?s={search_term_string}"},"query-input":{"@type":"PropertyValueSpecification","valueRequired":true,"valueName":"search_term_string"}}],"inLanguage":"de"},{"@type":"Organization","@id":"https:\/\/www.sonnenseite.com\/de\/#organization","name":"Sonnenseite","url":"https:\/\/www.sonnenseite.com\/de\/","logo":{"@type":"ImageObject","inLanguage":"de","@id":"https:\/\/www.sonnenseite.com\/de\/#\/schema\/logo\/image\/","url":"https:\/\/www.sonnenseite.com\/wp-content\/uploads\/2020\/05\/Sonnenseite_Logo.png","contentUrl":"https:\/\/www.sonnenseite.com\/wp-content\/uploads\/2020\/05\/Sonnenseite_Logo.png","width":377,"height":90,"caption":"Sonnenseite"},"image":{"@id":"https:\/\/www.sonnenseite.com\/de\/#\/schema\/logo\/image\/"},"sameAs":["https:\/\/www.facebook.com\/pages\/Franz-Alt-SONNENSEITECOM\/221072987903953?fref=ts","https:\/\/x.com\/franzalt","http:\/\/www.youtube.com\/results?search_query&amp;amp;quot;franz_alt&amp;amp;quot;&amp;amp;amp;amp;search_type&amp;amp;amp;amp;aq=f"]},{"@type":"Person","@id":"https:\/\/www.sonnenseite.com\/de\/#\/schema\/person\/50fda0e926597684c7cc6695238a4eb9","name":"Bigi Alt"}]}},"_links":{"self":[{"href":"https:\/\/www.sonnenseite.com\/de\/wp-json\/wp\/v2\/posts\/72231","targetHints":{"allow":["GET"]}}],"collection":[{"href":"https:\/\/www.sonnenseite.com\/de\/wp-json\/wp\/v2\/posts"}],"about":[{"href":"https:\/\/www.sonnenseite.com\/de\/wp-json\/wp\/v2\/types\/post"}],"author":[{"embeddable":true,"href":"https:\/\/www.sonnenseite.com\/de\/wp-json\/wp\/v2\/users\/3"}],"replies":[{"embeddable":true,"href":"https:\/\/www.sonnenseite.com\/de\/wp-json\/wp\/v2\/comments?post=72231"}],"version-history":[{"count":4,"href":"https:\/\/www.sonnenseite.com\/de\/wp-json\/wp\/v2\/posts\/72231\/revisions"}],"predecessor-version":[{"id":72237,"href":"https:\/\/www.sonnenseite.com\/de\/wp-json\/wp\/v2\/posts\/72231\/revisions\/72237"}],"wp:featuredmedia":[{"embeddable":true,"href":"https:\/\/www.sonnenseite.com\/de\/wp-json\/wp\/v2\/media\/4990"}],"wp:attachment":[{"href":"https:\/\/www.sonnenseite.com\/de\/wp-json\/wp\/v2\/media?parent=72231"}],"wp:term":[{"taxonomy":"category","embeddable":true,"href":"https:\/\/www.sonnenseite.com\/de\/wp-json\/wp\/v2\/categories?post=72231"},{"taxonomy":"post_tag","embeddable":true,"href":"https:\/\/www.sonnenseite.com\/de\/wp-json\/wp\/v2\/tags?post=72231"}],"curies":[{"name":"wp","href":"https:\/\/api.w.org\/{rel}","templated":true}]}}