{"id":72450,"date":"2021-06-30T08:20:49","date_gmt":"2021-06-30T06:20:49","guid":{"rendered":"https:\/\/www.sonnenseite.com\/?p=72450"},"modified":"2021-06-30T08:20:49","modified_gmt":"2021-06-30T06:20:49","slug":"10-jahre-atomausstieg-ein-grosser-erfolg-aber-noch-viel-zu-tun","status":"publish","type":"post","link":"https:\/\/www.sonnenseite.com\/de\/politik\/10-jahre-atomausstieg-ein-grosser-erfolg-aber-noch-viel-zu-tun\/","title":{"rendered":"10 Jahre Atomausstieg: Ein gro\u00dfer Erfolg, aber noch viel zu tun"},"content":{"rendered":"\n<p>Zum zehnten Jahrestag des partei\u00fcbergreifenden Atomausstiegsbeschlusses am 30.06.2011 im Deutschen Bundestag ziehen Bundesumweltministerin Svenja Schulze und der Pr\u00e4sident des Bundesamts f\u00fcr die Sicherheit der nuklearen Entsorgung (BASE) Wolfram K\u00f6nig <a href=\"https:\/\/www.bmu.de\/pressemitteilung\/10-jahre-atomausstieg-ein-grosser-erfolg-aber-es-gibt-noch-viel-zu-tun\/\" target=\"_blank\" rel=\"noreferrer noopener\">einer gemeinsamen Medienmitteilung vom 29.06.2021 zufolge<\/a> positive Bilanz und warnen vor den immer noch unbeherrschbaren Risiken der Atomkraft. <\/p>\n\n\n\n<p>Ihre umfassende Position zur Vollendung des Atomausstiegs hatte Bundesumweltministerin Schulze k\u00fcrzlich in einem <a href=\"https:\/\/www.bmu.de\/fileadmin\/Daten_BMU\/Download_PDF\/Nukleare_Sicherheit\/12_punkte_atomausstieg_bf.pdf\">12-Punkte-Plan<\/a> vorgelegt.<\/p>\n\n\n\n<p><strong>Bundesumweltministerin Svenja Schulze:<\/strong> &#8222;Der gemeinsame beschleunigte Atomausstieg von 2011 war eine historische Errungenschaft. Er befriedete Konflikte, reduzierte Unfallrisiken, vermied Atomm\u00fcll und erm\u00f6glichte eine tragf\u00e4hige L\u00f6sung des Atomm\u00fcllproblems. Atomkraft ist von gestern, auch jenseits unserer Grenzen. In der EU verliert sie seit Jahrzehnten an Bedeutung. Doch der Atomstrom stammt zunehmend aus \u00fcberalterten Reaktoren, das bereitet mir Sorge. Laufzeitverl\u00e4ngerungen lehne ich ab, Atomkraftwerke lassen sich nicht umfassend nachr\u00fcsten. F\u00fcr den Schutz von Mensch und Umwelt ist der Handlungsauftrag f\u00fcr mich und das BMU ganz klar: Atomausstieg in Deutschland konsequent vollenden, Atomrisiken in Europa reduzieren, die nukleare Sicherheit weltweit erh\u00f6hen.&#8220;<\/p>\n\n\n\n<p><strong>BASE-Pr\u00e4sident Wolfram K\u00f6nig erg\u00e4nzt:<\/strong> &#8222;Die Bundestags-Entscheidung zum Atomausstieg hat die Grundlage daf\u00fcr gelegt, dass die Endlagersuche neu gestartet werden konnte: Seitdem geht es nicht mehr um das Pro oder Contra zur Atomenergie. Jetzt k\u00f6nnen sich alle Akteure gemeinsam der komplexen Aufgabe stellen: den bestm\u00f6glichen Standort in Deutschland zu finden, an dem die hochradioaktiven Abf\u00e4lle dauerhaft sicher gelagert werden k\u00f6nnen.&#8220; Derzeit l\u00e4uft die erste Phase der Suche nach einem Endlager f\u00fcr hochradioaktive Abf\u00e4lle. Sie wird begleitet durch das erste von mehreren im Verfahren vorgesehenen Formaten der \u00d6ffentlichkeitsbeteiligung, der Fachkonferenz Teilgebiete.<\/p>\n\n\n\n<p>Auf nationaler Ebene schreitet der Atomausstieg planm\u00e4\u00dfig voran, von 17 verbliebenen Atomkraftwerken im Jahr 2011 wurden mittlerweile elf endg\u00fcltig stillgelegt, Ende n\u00e4chsten Jahres wird kein deutsches AKW mehr Strom produzieren. In diesem Jahr wurden zudem langj\u00e4hrige Verhandlungen erfolgreich zum Abschluss gebracht und zwei wesentliche Fortschritte erzielt: Hinsichtlich des hiesigen Atomausstiegs gelang mit den AKW betreibenden Energieversorgungsunternehmen eine Einigung \u00fcber die Beilegung aller betreffenden Rechtsstreitigkeiten und einen finanziellen Ausgleich. Ihre gesetzliche Umsetzung wurde k\u00fcrzlich von Bundestag und Bundesrat verabschiedet. Mit Frankreich wurde eine Grundsatzeinigung \u00fcber eine neue L\u00f6sung f\u00fcr die R\u00fcckf\u00fchrung radioaktiver Abf\u00e4lle aus der Wiederaufarbeitung erreicht, die eine erhebliche Anzahl an Atomm\u00fclltransporten vermeidet. Die Einzelheiten dieser L\u00f6sung werden in den kommenden Monaten zu Ende verhandelt, eine gesetzliche Voraussetzung wurde k\u00fcrzlich vom Bundestag verabschiedet.<\/p>\n\n\n\n<p>In der EU sinkt die Gesamtmenge der Stromerzeugung aus Atomkraft. Die Produktion aus erneuerbaren Energien steigt hingegen. Deutschland st\u00e4rkt mit seinem Ausstieg den Kreis der atomkritischen EU-Mitgliedstaaten. Die H\u00e4lfte der EU-Mitgliedstaaten hat nie auf Atomkraft gesetzt, zum Beispiel \u00d6sterreich, Luxemburg und D\u00e4nemark. Belgien hat beschlossen, bis 2025 auszusteigen. Spanien hat sich mit den AKW-Betreibern auf einen stufenweisen Ausstieg geeinigt. Italien und Litauen entschieden sich nach dem Reaktorungl\u00fcck in Fukushima gegen einen Wiedereinstieg. Selbst das atomkraftbef\u00fcrwortende Frankreich will seinen Anteil der Atomenergie an der Stromversorgung herunterfahren und hat weitere AKW-Abschaltungen nach der des AKW Fessenheim beschlossen.<\/p>\n\n\n\n<p>Jeder Staat entscheidet seine Energieversorgung souver\u00e4n. Das respektieren wir. Doch Sorge bereitet die zunehmende \u00dcberalterung vieler Reaktoren, weit \u00fcber eine Auslegungsbetriebsdauer von zumeist 40 Jahren. Mitte dieses Jahrzehnts wird bereits \u00fcber die H\u00e4lfte der heute bestehenden Kraftwerkskapazit\u00e4t in der EU aus sogenanntem Langzeitbetrieb stammen. Gegen AKW-Alterung l\u00e4sst sich nur punktuell etwas machen, nicht umfassend. Es gibt technische und wirtschaftliche Grenzen der Nachr\u00fcstbarkeit \u2013 so l\u00e4sst sich etwa ein verspr\u00f6deter Reaktordruckbeh\u00e4lter nicht austauschen. Die Bundesregierung lehnt deshalb Laufzeitverl\u00e4ngerungen von AKW ab. Das Bundesumweltministerium setzt sich mit Nachdruck daf\u00fcr ein, dass bei Laufzeitverl\u00e4ngerungen Transparenz hergestellt und Beteiligungsm\u00f6glichkeiten der angrenzenden Staaten und deren Bev\u00f6lkerung gewahrt werden; es sollte zumindest eine grenz\u00fcberschreitende Umweltvertr\u00e4glichkeitspr\u00fcfung durchgef\u00fchrt werden.<\/p>\n\n\n\n<p>Mit Blick auf vermeintlich neue Atomtechnologien zieht Wolfram K\u00f6nig (BASE) das Fazit: &#8222;In absehbarer Zeit k\u00f6nnen m\u00f6glicherweise zur Verf\u00fcgung stehende Atom-Technologien weder die Altlasten der Atomenergie-Nutzung beseitigen noch die jetzt anstehenden Zukunftsfragen des Klimawandels beantworten&#8220;. Zu diesem Schluss kommen zwei Gutachten im Auftrag des BASE, die den gegenw\u00e4rtigen Stand und m\u00f6gliche Auswirkungen bei der Entwicklung von sogenannten Small Modular Reactors (SMR) und Partitionierungs- und Transmutations-Konzepten (P&amp;T) analysieren.<\/p>\n\n\n\n<ul class=\"wp-block-list\"><li><a href=\"https:\/\/www.bmu.de\/fileadmin\/Daten_BMU\/Download_PDF\/Nukleare_Sicherheit\/12_punkte_atomausstieg_bf.pdf\">12 Punkte f\u00fcr die Vollendung des Atomausstiegs &#8211; die Position des Bundesumweltministeriums<\/a><\/li><\/ul>\n\n\n<h5 class=\"green\">Quelle<\/h5>\r\n\n\n\n<p><a href=\"https:\/\/www.bmu.de\">BMU.de 2021<\/a><\/p>\n<div class=\"shariff shariff-align-flex-start shariff-widget-align-flex-start\"><div class=\"ShariffHeadline\">Diese Meldung teilen<\/div><ul class=\"shariff-buttons theme-round orientation-horizontal buttonsize-medium\"><li class=\"shariff-button facebook shariff-nocustomcolor\" style=\"background-color:#4273c8;border-radius:1%\"><a href=\"https:\/\/www.facebook.com\/sharer\/sharer.php?u=https%3A%2F%2Fwww.sonnenseite.com%2Fde%2Fpolitik%2F10-jahre-atomausstieg-ein-grosser-erfolg-aber-noch-viel-zu-tun%2F\" title=\"Bei Facebook teilen\" aria-label=\"Bei Facebook teilen\" role=\"button\" rel=\"nofollow\" class=\"shariff-link\" style=\";border-radius:1%; background-color:#3b5998; color:#fff\" target=\"_blank\"><span class=\"shariff-icon\" style=\"\"><svg width=\"32px\" height=\"20px\" xmlns=\"http:\/\/www.w3.org\/2000\/svg\" viewBox=\"0 0 18 32\"><path fill=\"#3b5998\" d=\"M17.1 0.2v4.7h-2.8q-1.5 0-2.1 0.6t-0.5 1.9v3.4h5.2l-0.7 5.3h-4.5v13.6h-5.5v-13.6h-4.5v-5.3h4.5v-3.9q0-3.3 1.9-5.2t5-1.8q2.6 0 4.1 0.2z\"\/><\/svg><\/span><\/a><\/li><li class=\"shariff-button twitter shariff-nocustomcolor\" style=\"background-color:#595959;border-radius:1%\"><a href=\"https:\/\/twitter.com\/share?url=https%3A%2F%2Fwww.sonnenseite.com%2Fde%2Fpolitik%2F10-jahre-atomausstieg-ein-grosser-erfolg-aber-noch-viel-zu-tun%2F&text=10%20Jahre%20Atomausstieg%3A%20Ein%20gro%C3%9Fer%20Erfolg%2C%20aber%20noch%20viel%20zu%20tun\" title=\"Bei X teilen\" aria-label=\"Bei X teilen\" role=\"button\" rel=\"noopener nofollow\" class=\"shariff-link\" style=\";border-radius:1%; background-color:#000; color:#fff\" target=\"_blank\"><span class=\"shariff-icon\" style=\"\"><svg width=\"32px\" height=\"20px\" xmlns=\"http:\/\/www.w3.org\/2000\/svg\" viewBox=\"0 0 24 24\"><path fill=\"#000\" d=\"M14.258 10.152L23.176 0h-2.113l-7.747 8.813L7.133 0H0l9.352 13.328L0 23.973h2.113l8.176-9.309 6.531 9.309h7.133zm-2.895 3.293l-.949-1.328L2.875 1.56h3.246l6.086 8.523.945 1.328 7.91 11.078h-3.246zm0 0\"\/><\/svg><\/span><\/a><\/li><li class=\"shariff-button xing shariff-nocustomcolor\" style=\"background-color:#29888a;border-radius:1%\"><a href=\"https:\/\/www.xing.com\/spi\/shares\/new?url=https%3A%2F%2Fwww.sonnenseite.com%2Fde%2Fpolitik%2F10-jahre-atomausstieg-ein-grosser-erfolg-aber-noch-viel-zu-tun%2F\" title=\"Bei XING teilen\" aria-label=\"Bei XING teilen\" role=\"button\" rel=\"noopener nofollow\" class=\"shariff-link\" style=\";border-radius:1%; background-color:#126567; color:#fff\" target=\"_blank\"><span class=\"shariff-icon\" style=\"\"><svg width=\"32px\" height=\"20px\" xmlns=\"http:\/\/www.w3.org\/2000\/svg\" viewBox=\"0 0 25 32\"><path fill=\"#126567\" d=\"M10.7 11.9q-0.2 0.3-4.6 8.2-0.5 0.8-1.2 0.8h-4.3q-0.4 0-0.5-0.3t0-0.6l4.5-8q0 0 0 0l-2.9-5q-0.2-0.4 0-0.7 0.2-0.3 0.5-0.3h4.3q0.7 0 1.2 0.8zM25.1 0.4q0.2 0.3 0 0.7l-9.4 16.7 6 11q0.2 0.4 0 0.6-0.2 0.3-0.6 0.3h-4.3q-0.7 0-1.2-0.8l-6-11.1q0.3-0.6 9.5-16.8 0.4-0.8 1.2-0.8h4.3q0.4 0 0.5 0.3z\"\/><\/svg><\/span><\/a><\/li><li class=\"shariff-button linkedin shariff-nocustomcolor\" style=\"background-color:#1488bf;border-radius:1%\"><a href=\"https:\/\/www.linkedin.com\/sharing\/share-offsite\/?url=https%3A%2F%2Fwww.sonnenseite.com%2Fde%2Fpolitik%2F10-jahre-atomausstieg-ein-grosser-erfolg-aber-noch-viel-zu-tun%2F\" title=\"Bei LinkedIn teilen\" aria-label=\"Bei LinkedIn teilen\" role=\"button\" rel=\"noopener nofollow\" class=\"shariff-link\" style=\";border-radius:1%; background-color:#0077b5; color:#fff\" target=\"_blank\"><span class=\"shariff-icon\" style=\"\"><svg width=\"32px\" height=\"20px\" xmlns=\"http:\/\/www.w3.org\/2000\/svg\" viewBox=\"0 0 27 32\"><path fill=\"#0077b5\" d=\"M6.2 11.2v17.7h-5.9v-17.7h5.9zM6.6 5.7q0 1.3-0.9 2.2t-2.4 0.9h0q-1.5 0-2.4-0.9t-0.9-2.2 0.9-2.2 2.4-0.9 2.4 0.9 0.9 2.2zM27.4 18.7v10.1h-5.9v-9.5q0-1.9-0.7-2.9t-2.3-1.1q-1.1 0-1.9 0.6t-1.2 1.5q-0.2 0.5-0.2 1.4v9.9h-5.9q0-7.1 0-11.6t0-5.3l0-0.9h5.9v2.6h0q0.4-0.6 0.7-1t1-0.9 1.6-0.8 2-0.3q3 0 4.9 2t1.9 6z\"\/><\/svg><\/span><\/a><\/li><li class=\"shariff-button printer shariff-nocustomcolor\" style=\"background-color:#a8a8a8;border-radius:1%\"><a href=\"javascript:window.print()\" title=\"drucken\" aria-label=\"drucken\" role=\"button\" rel=\"noopener nofollow\" class=\"shariff-link\" style=\";border-radius:1%; background-color:#999; color:#fff\"><span class=\"shariff-icon\" style=\"\"><svg width=\"32px\" height=\"20px\" xmlns=\"http:\/\/www.w3.org\/2000\/svg\" viewBox=\"0 0 30 32\"><path fill=\"#999\" d=\"M6.8 27.4h16v-4.6h-16v4.6zM6.8 16h16v-6.8h-2.8q-0.7 0-1.2-0.5t-0.5-1.2v-2.8h-11.4v11.4zM27.4 17.2q0-0.5-0.3-0.8t-0.8-0.4-0.8 0.4-0.3 0.8 0.3 0.8 0.8 0.3 0.8-0.3 0.3-0.8zM29.7 17.2v7.4q0 0.2-0.2 0.4t-0.4 0.2h-4v2.8q0 0.7-0.5 1.2t-1.2 0.5h-17.2q-0.7 0-1.2-0.5t-0.5-1.2v-2.8h-4q-0.2 0-0.4-0.2t-0.2-0.4v-7.4q0-1.4 1-2.4t2.4-1h1.2v-9.7q0-0.7 0.5-1.2t1.2-0.5h12q0.7 0 1.6 0.4t1.3 0.8l2.7 2.7q0.5 0.5 0.9 1.4t0.4 1.6v4.6h1.1q1.4 0 2.4 1t1 2.4z\"\/><\/svg><\/span><\/a><\/li><li class=\"shariff-button mailto shariff-nocustomcolor\" style=\"background-color:#a8a8a8;border-radius:1%\"><a href=\"mailto:?body=https%3A%2F%2Fwww.sonnenseite.com%2Fde%2Fpolitik%2F10-jahre-atomausstieg-ein-grosser-erfolg-aber-noch-viel-zu-tun%2F&subject=10%20Jahre%20Atomausstieg%3A%20Ein%20gro%C3%9Fer%20Erfolg%2C%20aber%20noch%20viel%20zu%20tun\" title=\"Per E-Mail versenden\" aria-label=\"Per E-Mail versenden\" role=\"button\" rel=\"noopener nofollow\" class=\"shariff-link\" style=\";border-radius:1%; background-color:#999; color:#fff\"><span class=\"shariff-icon\" style=\"\"><svg width=\"32px\" height=\"20px\" xmlns=\"http:\/\/www.w3.org\/2000\/svg\" viewBox=\"0 0 32 32\"><path fill=\"#999\" d=\"M32 12.7v14.2q0 1.2-0.8 2t-2 0.9h-26.3q-1.2 0-2-0.9t-0.8-2v-14.2q0.8 0.9 1.8 1.6 6.5 4.4 8.9 6.1 1 0.8 1.6 1.2t1.7 0.9 2 0.4h0.1q0.9 0 2-0.4t1.7-0.9 1.6-1.2q3-2.2 8.9-6.1 1-0.7 1.8-1.6zM32 7.4q0 1.4-0.9 2.7t-2.2 2.2q-6.7 4.7-8.4 5.8-0.2 0.1-0.7 0.5t-1 0.7-0.9 0.6-1.1 0.5-0.9 0.2h-0.1q-0.4 0-0.9-0.2t-1.1-0.5-0.9-0.6-1-0.7-0.7-0.5q-1.6-1.1-4.7-3.2t-3.6-2.6q-1.1-0.7-2.1-2t-1-2.5q0-1.4 0.7-2.3t2.1-0.9h26.3q1.2 0 2 0.8t0.9 2z\"\/><\/svg><\/span><\/a><\/li><\/ul><\/div>","protected":false},"excerpt":{"rendered":"<p>Zum zehnten Jahrestag des partei\u00fcbergreifenden Atomausstiegsbeschlusses am 30.06.2011 im Deutschen Bundestag ziehen Bundesumweltministerin Svenja Schulze und [&hellip;]<\/p>\n","protected":false},"author":3,"featured_media":6368,"comment_status":"closed","ping_status":"closed","sticky":false,"template":"","format":"standard","meta":{"inline_featured_image":false,"footnotes":""},"categories":[21],"tags":[],"class_list":["post-72450","post","type-post","status-publish","format-standard","has-post-thumbnail","hentry","category-politik"],"yoast_head":"<!-- This site is optimized with the Yoast SEO plugin v26.5 - https:\/\/yoast.com\/wordpress\/plugins\/seo\/ -->\n<title>10 Jahre Atomausstieg: Ein gro\u00dfer Erfolg, aber noch viel zu tun - Sonnenseite - \u00d6kologische Kommunikation mit Franz Alt<\/title>\n<meta name=\"description\" content=\"Zum zehnten Jahrestag des partei\u00fcbergreifenden Atomausstiegsbeschlusses am 30.06.2011 im Deutschen Bundestag ziehen Bundesumweltministerin Svenja Schulze\" \/>\n<meta name=\"robots\" content=\"index, follow, max-snippet:-1, max-image-preview:large, max-video-preview:-1\" \/>\n<link rel=\"canonical\" href=\"https:\/\/www.sonnenseite.com\/de\/politik\/10-jahre-atomausstieg-ein-grosser-erfolg-aber-noch-viel-zu-tun\/\" \/>\n<meta property=\"og:locale\" content=\"de_DE\" \/>\n<meta property=\"og:type\" content=\"article\" \/>\n<meta property=\"og:title\" content=\"10 Jahre Atomausstieg: Ein gro\u00dfer Erfolg, aber noch viel zu tun - Sonnenseite - \u00d6kologische Kommunikation mit Franz Alt\" \/>\n<meta property=\"og:description\" content=\"Zum zehnten Jahrestag des partei\u00fcbergreifenden Atomausstiegsbeschlusses am 30.06.2011 im Deutschen Bundestag ziehen Bundesumweltministerin Svenja Schulze\" \/>\n<meta property=\"og:url\" content=\"https:\/\/www.sonnenseite.com\/de\/politik\/10-jahre-atomausstieg-ein-grosser-erfolg-aber-noch-viel-zu-tun\/\" \/>\n<meta property=\"og:site_name\" content=\"Sonnenseite\" \/>\n<meta property=\"article:publisher\" content=\"https:\/\/www.facebook.com\/pages\/Franz-Alt-SONNENSEITECOM\/221072987903953?fref=ts\" \/>\n<meta property=\"article:published_time\" content=\"2021-06-30T06:20:49+00:00\" \/>\n<meta property=\"og:image\" content=\"https:\/\/www.sonnenseite.com\/wp-content\/uploads\/2019\/09\/Atomkraftwerk_animaflora.jpg\" \/>\n\t<meta property=\"og:image:width\" content=\"770\" \/>\n\t<meta property=\"og:image:height\" content=\"420\" \/>\n\t<meta property=\"og:image:type\" content=\"image\/jpeg\" \/>\n<meta name=\"author\" content=\"Bigi Alt\" \/>\n<meta name=\"twitter:card\" content=\"summary_large_image\" \/>\n<meta name=\"twitter:creator\" content=\"@franzalt\" \/>\n<meta name=\"twitter:site\" content=\"@franzalt\" \/>\n<meta name=\"twitter:label1\" content=\"Verfasst von\" \/>\n\t<meta name=\"twitter:data1\" content=\"Bigi Alt\" \/>\n\t<meta name=\"twitter:label2\" content=\"Gesch\u00e4tzte Lesezeit\" \/>\n\t<meta name=\"twitter:data2\" content=\"3\u00a0Minuten\" \/>\n<script type=\"application\/ld+json\" class=\"yoast-schema-graph\">{\"@context\":\"https:\/\/schema.org\",\"@graph\":[{\"@type\":\"Article\",\"@id\":\"https:\/\/www.sonnenseite.com\/de\/politik\/10-jahre-atomausstieg-ein-grosser-erfolg-aber-noch-viel-zu-tun\/#article\",\"isPartOf\":{\"@id\":\"https:\/\/www.sonnenseite.com\/de\/politik\/10-jahre-atomausstieg-ein-grosser-erfolg-aber-noch-viel-zu-tun\/\"},\"author\":{\"name\":\"Bigi Alt\",\"@id\":\"https:\/\/www.sonnenseite.com\/de\/#\/schema\/person\/50fda0e926597684c7cc6695238a4eb9\"},\"headline\":\"10 Jahre Atomausstieg: Ein gro\u00dfer Erfolg, aber noch viel zu tun\",\"datePublished\":\"2021-06-30T06:20:49+00:00\",\"mainEntityOfPage\":{\"@id\":\"https:\/\/www.sonnenseite.com\/de\/politik\/10-jahre-atomausstieg-ein-grosser-erfolg-aber-noch-viel-zu-tun\/\"},\"wordCount\":730,\"publisher\":{\"@id\":\"https:\/\/www.sonnenseite.com\/de\/#organization\"},\"image\":{\"@id\":\"https:\/\/www.sonnenseite.com\/de\/politik\/10-jahre-atomausstieg-ein-grosser-erfolg-aber-noch-viel-zu-tun\/#primaryimage\"},\"thumbnailUrl\":\"https:\/\/www.sonnenseite.com\/wp-content\/uploads\/2019\/09\/Atomkraftwerk_animaflora.jpg\",\"articleSection\":[\"Politik\"],\"inLanguage\":\"de\"},{\"@type\":\"WebPage\",\"@id\":\"https:\/\/www.sonnenseite.com\/de\/politik\/10-jahre-atomausstieg-ein-grosser-erfolg-aber-noch-viel-zu-tun\/\",\"url\":\"https:\/\/www.sonnenseite.com\/de\/politik\/10-jahre-atomausstieg-ein-grosser-erfolg-aber-noch-viel-zu-tun\/\",\"name\":\"10 Jahre Atomausstieg: Ein gro\u00dfer Erfolg, aber noch viel zu tun - Sonnenseite - \u00d6kologische Kommunikation mit Franz Alt\",\"isPartOf\":{\"@id\":\"https:\/\/www.sonnenseite.com\/de\/#website\"},\"primaryImageOfPage\":{\"@id\":\"https:\/\/www.sonnenseite.com\/de\/politik\/10-jahre-atomausstieg-ein-grosser-erfolg-aber-noch-viel-zu-tun\/#primaryimage\"},\"image\":{\"@id\":\"https:\/\/www.sonnenseite.com\/de\/politik\/10-jahre-atomausstieg-ein-grosser-erfolg-aber-noch-viel-zu-tun\/#primaryimage\"},\"thumbnailUrl\":\"https:\/\/www.sonnenseite.com\/wp-content\/uploads\/2019\/09\/Atomkraftwerk_animaflora.jpg\",\"datePublished\":\"2021-06-30T06:20:49+00:00\",\"description\":\"Zum zehnten Jahrestag des partei\u00fcbergreifenden Atomausstiegsbeschlusses am 30.06.2011 im Deutschen Bundestag ziehen Bundesumweltministerin Svenja Schulze\",\"breadcrumb\":{\"@id\":\"https:\/\/www.sonnenseite.com\/de\/politik\/10-jahre-atomausstieg-ein-grosser-erfolg-aber-noch-viel-zu-tun\/#breadcrumb\"},\"inLanguage\":\"de\",\"potentialAction\":[{\"@type\":\"ReadAction\",\"target\":[\"https:\/\/www.sonnenseite.com\/de\/politik\/10-jahre-atomausstieg-ein-grosser-erfolg-aber-noch-viel-zu-tun\/\"]}]},{\"@type\":\"ImageObject\",\"inLanguage\":\"de\",\"@id\":\"https:\/\/www.sonnenseite.com\/de\/politik\/10-jahre-atomausstieg-ein-grosser-erfolg-aber-noch-viel-zu-tun\/#primaryimage\",\"url\":\"https:\/\/www.sonnenseite.com\/wp-content\/uploads\/2019\/09\/Atomkraftwerk_animaflora.jpg\",\"contentUrl\":\"https:\/\/www.sonnenseite.com\/wp-content\/uploads\/2019\/09\/Atomkraftwerk_animaflora.jpg\",\"width\":770,\"height\":420,\"caption\":\"Fotolia.com | animaflora |\"},{\"@type\":\"BreadcrumbList\",\"@id\":\"https:\/\/www.sonnenseite.com\/de\/politik\/10-jahre-atomausstieg-ein-grosser-erfolg-aber-noch-viel-zu-tun\/#breadcrumb\",\"itemListElement\":[{\"@type\":\"ListItem\",\"position\":1,\"name\":\"Startseite\",\"item\":\"https:\/\/www.sonnenseite.com\/de\/\"},{\"@type\":\"ListItem\",\"position\":2,\"name\":\"10 Jahre Atomausstieg: Ein gro\u00dfer Erfolg, aber noch viel zu tun\"}]},{\"@type\":\"WebSite\",\"@id\":\"https:\/\/www.sonnenseite.com\/de\/#website\",\"url\":\"https:\/\/www.sonnenseite.com\/de\/\",\"name\":\"Sonnenseite\",\"description\":\"\u00d6kologische Kommunikation mit Franz Alt\",\"publisher\":{\"@id\":\"https:\/\/www.sonnenseite.com\/de\/#organization\"},\"potentialAction\":[{\"@type\":\"SearchAction\",\"target\":{\"@type\":\"EntryPoint\",\"urlTemplate\":\"https:\/\/www.sonnenseite.com\/de\/?s={search_term_string}\"},\"query-input\":{\"@type\":\"PropertyValueSpecification\",\"valueRequired\":true,\"valueName\":\"search_term_string\"}}],\"inLanguage\":\"de\"},{\"@type\":\"Organization\",\"@id\":\"https:\/\/www.sonnenseite.com\/de\/#organization\",\"name\":\"Sonnenseite\",\"url\":\"https:\/\/www.sonnenseite.com\/de\/\",\"logo\":{\"@type\":\"ImageObject\",\"inLanguage\":\"de\",\"@id\":\"https:\/\/www.sonnenseite.com\/de\/#\/schema\/logo\/image\/\",\"url\":\"https:\/\/www.sonnenseite.com\/wp-content\/uploads\/2020\/05\/Sonnenseite_Logo.png\",\"contentUrl\":\"https:\/\/www.sonnenseite.com\/wp-content\/uploads\/2020\/05\/Sonnenseite_Logo.png\",\"width\":377,\"height\":90,\"caption\":\"Sonnenseite\"},\"image\":{\"@id\":\"https:\/\/www.sonnenseite.com\/de\/#\/schema\/logo\/image\/\"},\"sameAs\":[\"https:\/\/www.facebook.com\/pages\/Franz-Alt-SONNENSEITECOM\/221072987903953?fref=ts\",\"https:\/\/x.com\/franzalt\",\"http:\/\/www.youtube.com\/results?search_query&amp;amp;quot;franz_alt&amp;amp;quot;&amp;amp;amp;amp;search_type&amp;amp;amp;amp;aq=f\"]},{\"@type\":\"Person\",\"@id\":\"https:\/\/www.sonnenseite.com\/de\/#\/schema\/person\/50fda0e926597684c7cc6695238a4eb9\",\"name\":\"Bigi Alt\"}]}<\/script>\n<!-- \/ Yoast SEO plugin. -->","yoast_head_json":{"title":"10 Jahre Atomausstieg: Ein gro\u00dfer Erfolg, aber noch viel zu tun - Sonnenseite - \u00d6kologische Kommunikation mit Franz Alt","description":"Zum zehnten Jahrestag des partei\u00fcbergreifenden Atomausstiegsbeschlusses am 30.06.2011 im Deutschen Bundestag ziehen Bundesumweltministerin Svenja Schulze","robots":{"index":"index","follow":"follow","max-snippet":"max-snippet:-1","max-image-preview":"max-image-preview:large","max-video-preview":"max-video-preview:-1"},"canonical":"https:\/\/www.sonnenseite.com\/de\/politik\/10-jahre-atomausstieg-ein-grosser-erfolg-aber-noch-viel-zu-tun\/","og_locale":"de_DE","og_type":"article","og_title":"10 Jahre Atomausstieg: Ein gro\u00dfer Erfolg, aber noch viel zu tun - Sonnenseite - \u00d6kologische Kommunikation mit Franz Alt","og_description":"Zum zehnten Jahrestag des partei\u00fcbergreifenden Atomausstiegsbeschlusses am 30.06.2011 im Deutschen Bundestag ziehen Bundesumweltministerin Svenja Schulze","og_url":"https:\/\/www.sonnenseite.com\/de\/politik\/10-jahre-atomausstieg-ein-grosser-erfolg-aber-noch-viel-zu-tun\/","og_site_name":"Sonnenseite","article_publisher":"https:\/\/www.facebook.com\/pages\/Franz-Alt-SONNENSEITECOM\/221072987903953?fref=ts","article_published_time":"2021-06-30T06:20:49+00:00","og_image":[{"width":770,"height":420,"url":"https:\/\/www.sonnenseite.com\/wp-content\/uploads\/2019\/09\/Atomkraftwerk_animaflora.jpg","type":"image\/jpeg"}],"author":"Bigi Alt","twitter_card":"summary_large_image","twitter_creator":"@franzalt","twitter_site":"@franzalt","twitter_misc":{"Verfasst von":"Bigi Alt","Gesch\u00e4tzte Lesezeit":"3\u00a0Minuten"},"schema":{"@context":"https:\/\/schema.org","@graph":[{"@type":"Article","@id":"https:\/\/www.sonnenseite.com\/de\/politik\/10-jahre-atomausstieg-ein-grosser-erfolg-aber-noch-viel-zu-tun\/#article","isPartOf":{"@id":"https:\/\/www.sonnenseite.com\/de\/politik\/10-jahre-atomausstieg-ein-grosser-erfolg-aber-noch-viel-zu-tun\/"},"author":{"name":"Bigi Alt","@id":"https:\/\/www.sonnenseite.com\/de\/#\/schema\/person\/50fda0e926597684c7cc6695238a4eb9"},"headline":"10 Jahre Atomausstieg: Ein gro\u00dfer Erfolg, aber noch viel zu tun","datePublished":"2021-06-30T06:20:49+00:00","mainEntityOfPage":{"@id":"https:\/\/www.sonnenseite.com\/de\/politik\/10-jahre-atomausstieg-ein-grosser-erfolg-aber-noch-viel-zu-tun\/"},"wordCount":730,"publisher":{"@id":"https:\/\/www.sonnenseite.com\/de\/#organization"},"image":{"@id":"https:\/\/www.sonnenseite.com\/de\/politik\/10-jahre-atomausstieg-ein-grosser-erfolg-aber-noch-viel-zu-tun\/#primaryimage"},"thumbnailUrl":"https:\/\/www.sonnenseite.com\/wp-content\/uploads\/2019\/09\/Atomkraftwerk_animaflora.jpg","articleSection":["Politik"],"inLanguage":"de"},{"@type":"WebPage","@id":"https:\/\/www.sonnenseite.com\/de\/politik\/10-jahre-atomausstieg-ein-grosser-erfolg-aber-noch-viel-zu-tun\/","url":"https:\/\/www.sonnenseite.com\/de\/politik\/10-jahre-atomausstieg-ein-grosser-erfolg-aber-noch-viel-zu-tun\/","name":"10 Jahre Atomausstieg: Ein gro\u00dfer Erfolg, aber noch viel zu tun - Sonnenseite - \u00d6kologische Kommunikation mit Franz Alt","isPartOf":{"@id":"https:\/\/www.sonnenseite.com\/de\/#website"},"primaryImageOfPage":{"@id":"https:\/\/www.sonnenseite.com\/de\/politik\/10-jahre-atomausstieg-ein-grosser-erfolg-aber-noch-viel-zu-tun\/#primaryimage"},"image":{"@id":"https:\/\/www.sonnenseite.com\/de\/politik\/10-jahre-atomausstieg-ein-grosser-erfolg-aber-noch-viel-zu-tun\/#primaryimage"},"thumbnailUrl":"https:\/\/www.sonnenseite.com\/wp-content\/uploads\/2019\/09\/Atomkraftwerk_animaflora.jpg","datePublished":"2021-06-30T06:20:49+00:00","description":"Zum zehnten Jahrestag des partei\u00fcbergreifenden Atomausstiegsbeschlusses am 30.06.2011 im Deutschen Bundestag ziehen Bundesumweltministerin Svenja Schulze","breadcrumb":{"@id":"https:\/\/www.sonnenseite.com\/de\/politik\/10-jahre-atomausstieg-ein-grosser-erfolg-aber-noch-viel-zu-tun\/#breadcrumb"},"inLanguage":"de","potentialAction":[{"@type":"ReadAction","target":["https:\/\/www.sonnenseite.com\/de\/politik\/10-jahre-atomausstieg-ein-grosser-erfolg-aber-noch-viel-zu-tun\/"]}]},{"@type":"ImageObject","inLanguage":"de","@id":"https:\/\/www.sonnenseite.com\/de\/politik\/10-jahre-atomausstieg-ein-grosser-erfolg-aber-noch-viel-zu-tun\/#primaryimage","url":"https:\/\/www.sonnenseite.com\/wp-content\/uploads\/2019\/09\/Atomkraftwerk_animaflora.jpg","contentUrl":"https:\/\/www.sonnenseite.com\/wp-content\/uploads\/2019\/09\/Atomkraftwerk_animaflora.jpg","width":770,"height":420,"caption":"Fotolia.com | animaflora |"},{"@type":"BreadcrumbList","@id":"https:\/\/www.sonnenseite.com\/de\/politik\/10-jahre-atomausstieg-ein-grosser-erfolg-aber-noch-viel-zu-tun\/#breadcrumb","itemListElement":[{"@type":"ListItem","position":1,"name":"Startseite","item":"https:\/\/www.sonnenseite.com\/de\/"},{"@type":"ListItem","position":2,"name":"10 Jahre Atomausstieg: Ein gro\u00dfer Erfolg, aber noch viel zu tun"}]},{"@type":"WebSite","@id":"https:\/\/www.sonnenseite.com\/de\/#website","url":"https:\/\/www.sonnenseite.com\/de\/","name":"Sonnenseite","description":"\u00d6kologische Kommunikation mit Franz Alt","publisher":{"@id":"https:\/\/www.sonnenseite.com\/de\/#organization"},"potentialAction":[{"@type":"SearchAction","target":{"@type":"EntryPoint","urlTemplate":"https:\/\/www.sonnenseite.com\/de\/?s={search_term_string}"},"query-input":{"@type":"PropertyValueSpecification","valueRequired":true,"valueName":"search_term_string"}}],"inLanguage":"de"},{"@type":"Organization","@id":"https:\/\/www.sonnenseite.com\/de\/#organization","name":"Sonnenseite","url":"https:\/\/www.sonnenseite.com\/de\/","logo":{"@type":"ImageObject","inLanguage":"de","@id":"https:\/\/www.sonnenseite.com\/de\/#\/schema\/logo\/image\/","url":"https:\/\/www.sonnenseite.com\/wp-content\/uploads\/2020\/05\/Sonnenseite_Logo.png","contentUrl":"https:\/\/www.sonnenseite.com\/wp-content\/uploads\/2020\/05\/Sonnenseite_Logo.png","width":377,"height":90,"caption":"Sonnenseite"},"image":{"@id":"https:\/\/www.sonnenseite.com\/de\/#\/schema\/logo\/image\/"},"sameAs":["https:\/\/www.facebook.com\/pages\/Franz-Alt-SONNENSEITECOM\/221072987903953?fref=ts","https:\/\/x.com\/franzalt","http:\/\/www.youtube.com\/results?search_query&amp;amp;quot;franz_alt&amp;amp;quot;&amp;amp;amp;amp;search_type&amp;amp;amp;amp;aq=f"]},{"@type":"Person","@id":"https:\/\/www.sonnenseite.com\/de\/#\/schema\/person\/50fda0e926597684c7cc6695238a4eb9","name":"Bigi Alt"}]}},"_links":{"self":[{"href":"https:\/\/www.sonnenseite.com\/de\/wp-json\/wp\/v2\/posts\/72450","targetHints":{"allow":["GET"]}}],"collection":[{"href":"https:\/\/www.sonnenseite.com\/de\/wp-json\/wp\/v2\/posts"}],"about":[{"href":"https:\/\/www.sonnenseite.com\/de\/wp-json\/wp\/v2\/types\/post"}],"author":[{"embeddable":true,"href":"https:\/\/www.sonnenseite.com\/de\/wp-json\/wp\/v2\/users\/3"}],"replies":[{"embeddable":true,"href":"https:\/\/www.sonnenseite.com\/de\/wp-json\/wp\/v2\/comments?post=72450"}],"version-history":[{"count":1,"href":"https:\/\/www.sonnenseite.com\/de\/wp-json\/wp\/v2\/posts\/72450\/revisions"}],"predecessor-version":[{"id":72451,"href":"https:\/\/www.sonnenseite.com\/de\/wp-json\/wp\/v2\/posts\/72450\/revisions\/72451"}],"wp:featuredmedia":[{"embeddable":true,"href":"https:\/\/www.sonnenseite.com\/de\/wp-json\/wp\/v2\/media\/6368"}],"wp:attachment":[{"href":"https:\/\/www.sonnenseite.com\/de\/wp-json\/wp\/v2\/media?parent=72450"}],"wp:term":[{"taxonomy":"category","embeddable":true,"href":"https:\/\/www.sonnenseite.com\/de\/wp-json\/wp\/v2\/categories?post=72450"},{"taxonomy":"post_tag","embeddable":true,"href":"https:\/\/www.sonnenseite.com\/de\/wp-json\/wp\/v2\/tags?post=72450"}],"curies":[{"name":"wp","href":"https:\/\/api.w.org\/{rel}","templated":true}]}}