{"id":72452,"date":"2021-07-02T02:20:00","date_gmt":"2021-07-02T00:20:00","guid":{"rendered":"https:\/\/www.sonnenseite.com\/?p=72452"},"modified":"2021-06-30T16:42:42","modified_gmt":"2021-06-30T14:42:42","slug":"masterplan-klimapakt-soest-klimaneutrale-stadt-bis-2030","status":"publish","type":"post","link":"https:\/\/www.sonnenseite.com\/de\/zukunft\/masterplan-klimapakt-soest-klimaneutrale-stadt-bis-2030\/","title":{"rendered":"Masterplan Klimapakt Soest: Klimaneutrale Stadt bis 2030"},"content":{"rendered":"\n<p>Soest will bis 2030 zur klimaneutralen Stadt werden. Das selbst gesteckte Ziel ist ambitioniert. Die Stadt kann auf die Erfahrungen der Klimaschutzpolitik der letzten Jahre zur\u00fcckgreifen. <\/p>\n\n\n\n<p>Zuletzt erhielt die Stadt den European Energy Award \u2013 ein europ\u00e4isches G\u00fctezertifikat f\u00fcr die Nachhaltigkeit der Energie- und Klimaschutzpolitik von Gemeinden \u2013 im Jahr 2020 in Gold. \u201eStrategische Planung und eine konsequente Umsetzung in Zusammenarbeit mit den B\u00fcrgerinnen und B\u00fcrgern und der lokalen Wirtschaft sind Voraussetzungen f\u00fcr ein Gelingen der Energiewende. Soest erkennt, wie knapp die Zeit ist und packt die Herausforderungen der n\u00e4chsten Jahre an\u201c, sagt Dr. Robert Brandt, Gesch\u00e4ftsf\u00fchrer der Agentur f\u00fcr Erneuerbare Energien (AEE).<\/p>\n\n\n\n<h5 class=\"wp-block-heading\">47 Ma\u00dfnahmen als Grundstein f\u00fcr die Klimaneutralit\u00e4t von Soest<\/h5>\n\n\n\n<p>Bereits 2020 hatte die Stadt Sofortma\u00dfnahmen, wie die Anschaffung von E-Fahrr\u00e4dern f\u00fcr Teile der Stadtverwaltung oder ein erm\u00e4\u00dfigtes Monatsticket f\u00fcr den st\u00e4dtischen Personennahverkehr, umgesetzt. In diesem Jahr beginnt die Realisierung der 47 Ma\u00dfnahmen des Klimapaktes Soest. Hausbesitzer*innen k\u00f6nnen \u00fcber das \u201e2000-D\u00e4cher-Programm\u201c eine F\u00f6rderung f\u00fcr Solaranlagen und station\u00e4re Energiespeicher in H\u00f6he von 500 Euro beantragen. Au\u00dferdem soll damit begonnen werden, Brachfl\u00e4chen vorrangig am Rand von Autobahnen und Schienenwegen zur Produktion von Solarstrom zu nutzen. Das theoretische Potenzial im Stadtgebiet betr\u00e4gt insgesamt 169 Megawatt Peak. Im Mai hat der Stadtentwicklungsausschuss bereits gr\u00fcnes Licht f\u00fcr geplante Solarfelder der Soester Stadtwerke in den l\u00e4ndlich gepr\u00e4gten Stadtteilen Ampen und Hattrop gegeben. Durch das Ma\u00dfnahmenpaket sollen PV-Anlagen mit einer Kollektorfl\u00e4che von insgesamt drei Quadratkilometern entstehen. Das entspricht einem Gesamtinvestitionsvolumen f\u00fcr Dach- und Freifl\u00e4chenanlagen in H\u00f6he von 255 Millionen Euro. Zus\u00e4tzlich dazu sollen im Stadtgebiet sechs neue Windenergieanlagen mit einer Gesamtleistung von 30 Megawatt errichtet werden.<\/p>\n\n\n\n<p>Flankiert werden diese Ma\u00dfnahmen durch die Absenkung des Energieverbrauches der Stadt. Daf\u00fcr sollen bis 2030 mindestens 40 Prozent der Wohngeb\u00e4ude teilsaniert und nachhaltig \u00fcber W\u00e4rmepumpen beheizt werden. Durch die Umstellung der st\u00e4dtischen Fahrzeuge auf nachhaltige Antriebsalternativen wie Elektrofahrzeuge will die Stadtverwaltung au\u00dferdem im Bereich nachhaltige Mobilit\u00e4t Akzente setzen.<\/p>\n\n\n\n<h5 class=\"wp-block-heading\">118 neue energieeffiziente Wohnungen in der Klimaschutzsiedlung Soest<\/h5>\n\n\n\n<p>Neben der energetischen Sanierung des Bestandes wird in Soest auch besonders energieeffizient gebaut. Bis 2024 soll die Soester Klimaschutzsiedlung auf dem Gel\u00e4nde einer alten Gl\u00fchlampenfabrik fertiggestellt sein und auf 9.000 Quadratmetern mit 118 Wohneinheiten sowie gewerblichen Fl\u00e4chen Platz zum Leben und Arbeiten bieten. Durch den Einsatz von W\u00e4rmepumpen, Blockheizkraftwerken sowie PV-Dachanlagen in Kombination mit dem Drei-Liter-D\u00e4mmstandard, soll dort umweltvertr\u00e4gliches Wohnen und Arbeiten m\u00f6glich sein. Im Norden der Stadt entsteht zeitgleich eine Mustersiedlung, deren W\u00e4rmeversorgung \u00fcber ein kaltes Nahw\u00e4rmenetz klimafreundlich sichergestellt wird. In Kombination mit hohen D\u00e4mmstandards sowie der Nutzung von Photovoltaik leistet das Wohngebiet Neuer Soester Norden seinen Beitrag zur Erreichung der Klimaneutralit\u00e4t bis 2030.<\/p>\n\n\n\n<h5 class=\"wp-block-heading\">Soester B\u00fcrgerinnen und B\u00fcrger f\u00fcr die Energiewende<\/h5>\n\n\n\n<p>Engagierte Soester B\u00fcrgerinnen und B\u00fcrger unterst\u00fctzen die Bem\u00fchungen der Stadt weiter. Auf der Internetplattform \u201eKlimanotstand Soest\u201c k\u00f6nnen sich Interessierte \u00fcber den Stand der Energie- und W\u00e4rmewende in der Stadt informieren. Gleichzeitig dient die Plattform als digitaler Treffpunkt verschiedener Gruppen. Organisationen wie der Klimatreff Soest \u2013 ein \u00fcberparteiliches Netzwerk von im Klimaschutz engagierten Menschen \u2013, die Fridays for Future Bewegung oder die Ortsgruppe Soest des VDC, einem Verkehrsklub, der sich f\u00fcr die Mobilit\u00e4tswende einsetzt, k\u00f6nnen sich auf der Plattform vernetzen. Mit dem KlimaNetz Soest hat die Stadt auch selbst eine Organisation geschaffen, die unterschiedliche Gruppen oder einzelne Engagierte unter dem Motto \u201eGemeinsam f\u00fcr den Klimaschutz\u201c zusammenbringt.<\/p>\n\n\n\n<ul class=\"wp-block-list\"><li>Das ausf\u00fchrliche Portrait zu der Energie-Kommune des Monats finden Sie <a href=\"https:\/\/www.unendlich-viel-energie.de\/projekte\/energie-kommunen\/energie-kommune-des-monats-soest\">hier<\/a><\/li><\/ul>\n\n\n<h5 class=\"green\">Quelle<\/h5>\r\n\n\n\n<p><a href=\"https:\/\/www.unendlich-viel-energie.de\">Agentur f\u00fcr Erneuerbare Energien 2021<\/a><\/p>\n<div class=\"shariff shariff-align-flex-start shariff-widget-align-flex-start\"><div class=\"ShariffHeadline\">Diese Meldung teilen<\/div><ul class=\"shariff-buttons theme-round orientation-horizontal buttonsize-medium\"><li class=\"shariff-button facebook shariff-nocustomcolor\" style=\"background-color:#4273c8;border-radius:1%\"><a href=\"https:\/\/www.facebook.com\/sharer\/sharer.php?u=https%3A%2F%2Fwww.sonnenseite.com%2Fde%2Fzukunft%2Fmasterplan-klimapakt-soest-klimaneutrale-stadt-bis-2030%2F\" title=\"Bei Facebook teilen\" aria-label=\"Bei Facebook teilen\" role=\"button\" rel=\"nofollow\" class=\"shariff-link\" style=\";border-radius:1%; background-color:#3b5998; color:#fff\" target=\"_blank\"><span class=\"shariff-icon\" style=\"\"><svg width=\"32px\" height=\"20px\" xmlns=\"http:\/\/www.w3.org\/2000\/svg\" viewBox=\"0 0 18 32\"><path fill=\"#3b5998\" d=\"M17.1 0.2v4.7h-2.8q-1.5 0-2.1 0.6t-0.5 1.9v3.4h5.2l-0.7 5.3h-4.5v13.6h-5.5v-13.6h-4.5v-5.3h4.5v-3.9q0-3.3 1.9-5.2t5-1.8q2.6 0 4.1 0.2z\"\/><\/svg><\/span><\/a><\/li><li class=\"shariff-button twitter shariff-nocustomcolor\" style=\"background-color:#595959;border-radius:1%\"><a href=\"https:\/\/twitter.com\/share?url=https%3A%2F%2Fwww.sonnenseite.com%2Fde%2Fzukunft%2Fmasterplan-klimapakt-soest-klimaneutrale-stadt-bis-2030%2F&text=Masterplan%20Klimapakt%20Soest%3A%20Klimaneutrale%20Stadt%20bis%202030\" title=\"Bei X teilen\" aria-label=\"Bei X teilen\" role=\"button\" rel=\"noopener nofollow\" class=\"shariff-link\" style=\";border-radius:1%; background-color:#000; color:#fff\" target=\"_blank\"><span class=\"shariff-icon\" style=\"\"><svg width=\"32px\" height=\"20px\" xmlns=\"http:\/\/www.w3.org\/2000\/svg\" viewBox=\"0 0 24 24\"><path fill=\"#000\" d=\"M14.258 10.152L23.176 0h-2.113l-7.747 8.813L7.133 0H0l9.352 13.328L0 23.973h2.113l8.176-9.309 6.531 9.309h7.133zm-2.895 3.293l-.949-1.328L2.875 1.56h3.246l6.086 8.523.945 1.328 7.91 11.078h-3.246zm0 0\"\/><\/svg><\/span><\/a><\/li><li class=\"shariff-button xing shariff-nocustomcolor\" style=\"background-color:#29888a;border-radius:1%\"><a href=\"https:\/\/www.xing.com\/spi\/shares\/new?url=https%3A%2F%2Fwww.sonnenseite.com%2Fde%2Fzukunft%2Fmasterplan-klimapakt-soest-klimaneutrale-stadt-bis-2030%2F\" title=\"Bei XING teilen\" aria-label=\"Bei XING teilen\" role=\"button\" rel=\"noopener nofollow\" class=\"shariff-link\" style=\";border-radius:1%; background-color:#126567; color:#fff\" target=\"_blank\"><span class=\"shariff-icon\" style=\"\"><svg width=\"32px\" height=\"20px\" xmlns=\"http:\/\/www.w3.org\/2000\/svg\" viewBox=\"0 0 25 32\"><path fill=\"#126567\" d=\"M10.7 11.9q-0.2 0.3-4.6 8.2-0.5 0.8-1.2 0.8h-4.3q-0.4 0-0.5-0.3t0-0.6l4.5-8q0 0 0 0l-2.9-5q-0.2-0.4 0-0.7 0.2-0.3 0.5-0.3h4.3q0.7 0 1.2 0.8zM25.1 0.4q0.2 0.3 0 0.7l-9.4 16.7 6 11q0.2 0.4 0 0.6-0.2 0.3-0.6 0.3h-4.3q-0.7 0-1.2-0.8l-6-11.1q0.3-0.6 9.5-16.8 0.4-0.8 1.2-0.8h4.3q0.4 0 0.5 0.3z\"\/><\/svg><\/span><\/a><\/li><li class=\"shariff-button linkedin shariff-nocustomcolor\" style=\"background-color:#1488bf;border-radius:1%\"><a href=\"https:\/\/www.linkedin.com\/sharing\/share-offsite\/?url=https%3A%2F%2Fwww.sonnenseite.com%2Fde%2Fzukunft%2Fmasterplan-klimapakt-soest-klimaneutrale-stadt-bis-2030%2F\" title=\"Bei LinkedIn teilen\" aria-label=\"Bei LinkedIn teilen\" role=\"button\" rel=\"noopener nofollow\" class=\"shariff-link\" style=\";border-radius:1%; background-color:#0077b5; color:#fff\" target=\"_blank\"><span class=\"shariff-icon\" style=\"\"><svg width=\"32px\" height=\"20px\" xmlns=\"http:\/\/www.w3.org\/2000\/svg\" viewBox=\"0 0 27 32\"><path fill=\"#0077b5\" d=\"M6.2 11.2v17.7h-5.9v-17.7h5.9zM6.6 5.7q0 1.3-0.9 2.2t-2.4 0.9h0q-1.5 0-2.4-0.9t-0.9-2.2 0.9-2.2 2.4-0.9 2.4 0.9 0.9 2.2zM27.4 18.7v10.1h-5.9v-9.5q0-1.9-0.7-2.9t-2.3-1.1q-1.1 0-1.9 0.6t-1.2 1.5q-0.2 0.5-0.2 1.4v9.9h-5.9q0-7.1 0-11.6t0-5.3l0-0.9h5.9v2.6h0q0.4-0.6 0.7-1t1-0.9 1.6-0.8 2-0.3q3 0 4.9 2t1.9 6z\"\/><\/svg><\/span><\/a><\/li><li class=\"shariff-button printer shariff-nocustomcolor\" style=\"background-color:#a8a8a8;border-radius:1%\"><a href=\"javascript:window.print()\" title=\"drucken\" aria-label=\"drucken\" role=\"button\" rel=\"noopener nofollow\" class=\"shariff-link\" style=\";border-radius:1%; background-color:#999; color:#fff\"><span class=\"shariff-icon\" style=\"\"><svg width=\"32px\" height=\"20px\" xmlns=\"http:\/\/www.w3.org\/2000\/svg\" viewBox=\"0 0 30 32\"><path fill=\"#999\" d=\"M6.8 27.4h16v-4.6h-16v4.6zM6.8 16h16v-6.8h-2.8q-0.7 0-1.2-0.5t-0.5-1.2v-2.8h-11.4v11.4zM27.4 17.2q0-0.5-0.3-0.8t-0.8-0.4-0.8 0.4-0.3 0.8 0.3 0.8 0.8 0.3 0.8-0.3 0.3-0.8zM29.7 17.2v7.4q0 0.2-0.2 0.4t-0.4 0.2h-4v2.8q0 0.7-0.5 1.2t-1.2 0.5h-17.2q-0.7 0-1.2-0.5t-0.5-1.2v-2.8h-4q-0.2 0-0.4-0.2t-0.2-0.4v-7.4q0-1.4 1-2.4t2.4-1h1.2v-9.7q0-0.7 0.5-1.2t1.2-0.5h12q0.7 0 1.6 0.4t1.3 0.8l2.7 2.7q0.5 0.5 0.9 1.4t0.4 1.6v4.6h1.1q1.4 0 2.4 1t1 2.4z\"\/><\/svg><\/span><\/a><\/li><li class=\"shariff-button mailto shariff-nocustomcolor\" style=\"background-color:#a8a8a8;border-radius:1%\"><a href=\"mailto:?body=https%3A%2F%2Fwww.sonnenseite.com%2Fde%2Fzukunft%2Fmasterplan-klimapakt-soest-klimaneutrale-stadt-bis-2030%2F&subject=Masterplan%20Klimapakt%20Soest%3A%20Klimaneutrale%20Stadt%20bis%202030\" title=\"Per E-Mail versenden\" aria-label=\"Per E-Mail versenden\" role=\"button\" rel=\"noopener nofollow\" class=\"shariff-link\" style=\";border-radius:1%; background-color:#999; color:#fff\"><span class=\"shariff-icon\" style=\"\"><svg width=\"32px\" height=\"20px\" xmlns=\"http:\/\/www.w3.org\/2000\/svg\" viewBox=\"0 0 32 32\"><path fill=\"#999\" d=\"M32 12.7v14.2q0 1.2-0.8 2t-2 0.9h-26.3q-1.2 0-2-0.9t-0.8-2v-14.2q0.8 0.9 1.8 1.6 6.5 4.4 8.9 6.1 1 0.8 1.6 1.2t1.7 0.9 2 0.4h0.1q0.9 0 2-0.4t1.7-0.9 1.6-1.2q3-2.2 8.9-6.1 1-0.7 1.8-1.6zM32 7.4q0 1.4-0.9 2.7t-2.2 2.2q-6.7 4.7-8.4 5.8-0.2 0.1-0.7 0.5t-1 0.7-0.9 0.6-1.1 0.5-0.9 0.2h-0.1q-0.4 0-0.9-0.2t-1.1-0.5-0.9-0.6-1-0.7-0.7-0.5q-1.6-1.1-4.7-3.2t-3.6-2.6q-1.1-0.7-2.1-2t-1-2.5q0-1.4 0.7-2.3t2.1-0.9h26.3q1.2 0 2 0.8t0.9 2z\"\/><\/svg><\/span><\/a><\/li><\/ul><\/div>","protected":false},"excerpt":{"rendered":"<p>Soest will bis 2030 zur klimaneutralen Stadt werden. Das selbst gesteckte Ziel ist ambitioniert. Die Stadt [&hellip;]<\/p>\n","protected":false},"author":3,"featured_media":72455,"comment_status":"closed","ping_status":"closed","sticky":false,"template":"","format":"standard","meta":{"inline_featured_image":false,"footnotes":""},"categories":[27],"tags":[],"class_list":["post-72452","post","type-post","status-publish","format-standard","has-post-thumbnail","hentry","category-zukunft"],"yoast_head":"<!-- This site is optimized with the Yoast SEO plugin v26.5 - https:\/\/yoast.com\/wordpress\/plugins\/seo\/ -->\n<title>Masterplan Klimapakt Soest: Klimaneutrale Stadt bis 2030 - Sonnenseite - \u00d6kologische Kommunikation mit Franz Alt<\/title>\n<meta name=\"description\" content=\"Soest will bis 2030 zur klimaneutralen Stadt werden. Das selbst gesteckte Ziel ist ambitioniert. Die Stadt kann auf die Erfahrungen der Klimaschutzpolitik\" \/>\n<meta name=\"robots\" content=\"index, follow, max-snippet:-1, max-image-preview:large, max-video-preview:-1\" \/>\n<link rel=\"canonical\" href=\"https:\/\/www.sonnenseite.com\/de\/zukunft\/masterplan-klimapakt-soest-klimaneutrale-stadt-bis-2030\/\" \/>\n<meta property=\"og:locale\" content=\"de_DE\" \/>\n<meta property=\"og:type\" content=\"article\" \/>\n<meta property=\"og:title\" content=\"Masterplan Klimapakt Soest: Klimaneutrale Stadt bis 2030 - Sonnenseite - \u00d6kologische Kommunikation mit Franz Alt\" \/>\n<meta property=\"og:description\" content=\"Soest will bis 2030 zur klimaneutralen Stadt werden. Das selbst gesteckte Ziel ist ambitioniert. Die Stadt kann auf die Erfahrungen der Klimaschutzpolitik\" \/>\n<meta property=\"og:url\" content=\"https:\/\/www.sonnenseite.com\/de\/zukunft\/masterplan-klimapakt-soest-klimaneutrale-stadt-bis-2030\/\" \/>\n<meta property=\"og:site_name\" content=\"Sonnenseite\" \/>\n<meta property=\"article:publisher\" content=\"https:\/\/www.facebook.com\/pages\/Franz-Alt-SONNENSEITECOM\/221072987903953?fref=ts\" \/>\n<meta property=\"article:published_time\" content=\"2021-07-02T00:20:00+00:00\" \/>\n<meta property=\"og:image\" content=\"https:\/\/www.sonnenseite.com\/wp-content\/uploads\/2021\/06\/StadtSoest_Eveline-de-Bruin.jpg\" \/>\n\t<meta property=\"og:image:width\" content=\"770\" \/>\n\t<meta property=\"og:image:height\" content=\"420\" \/>\n\t<meta property=\"og:image:type\" content=\"image\/jpeg\" \/>\n<meta name=\"author\" content=\"Bigi Alt\" \/>\n<meta name=\"twitter:card\" content=\"summary_large_image\" \/>\n<meta name=\"twitter:creator\" content=\"@franzalt\" \/>\n<meta name=\"twitter:site\" content=\"@franzalt\" \/>\n<meta name=\"twitter:label1\" content=\"Verfasst von\" \/>\n\t<meta name=\"twitter:data1\" content=\"Bigi Alt\" \/>\n\t<meta name=\"twitter:label2\" content=\"Gesch\u00e4tzte Lesezeit\" \/>\n\t<meta name=\"twitter:data2\" content=\"3\u00a0Minuten\" \/>\n<script type=\"application\/ld+json\" class=\"yoast-schema-graph\">{\"@context\":\"https:\/\/schema.org\",\"@graph\":[{\"@type\":\"Article\",\"@id\":\"https:\/\/www.sonnenseite.com\/de\/zukunft\/masterplan-klimapakt-soest-klimaneutrale-stadt-bis-2030\/#article\",\"isPartOf\":{\"@id\":\"https:\/\/www.sonnenseite.com\/de\/zukunft\/masterplan-klimapakt-soest-klimaneutrale-stadt-bis-2030\/\"},\"author\":{\"name\":\"Bigi Alt\",\"@id\":\"https:\/\/www.sonnenseite.com\/de\/#\/schema\/person\/50fda0e926597684c7cc6695238a4eb9\"},\"headline\":\"Masterplan Klimapakt Soest: Klimaneutrale Stadt bis 2030\",\"datePublished\":\"2021-07-02T00:20:00+00:00\",\"mainEntityOfPage\":{\"@id\":\"https:\/\/www.sonnenseite.com\/de\/zukunft\/masterplan-klimapakt-soest-klimaneutrale-stadt-bis-2030\/\"},\"wordCount\":609,\"publisher\":{\"@id\":\"https:\/\/www.sonnenseite.com\/de\/#organization\"},\"image\":{\"@id\":\"https:\/\/www.sonnenseite.com\/de\/zukunft\/masterplan-klimapakt-soest-klimaneutrale-stadt-bis-2030\/#primaryimage\"},\"thumbnailUrl\":\"https:\/\/www.sonnenseite.com\/wp-content\/uploads\/2021\/06\/StadtSoest_Eveline-de-Bruin.jpg\",\"articleSection\":[\"Zukunft\"],\"inLanguage\":\"de\"},{\"@type\":\"WebPage\",\"@id\":\"https:\/\/www.sonnenseite.com\/de\/zukunft\/masterplan-klimapakt-soest-klimaneutrale-stadt-bis-2030\/\",\"url\":\"https:\/\/www.sonnenseite.com\/de\/zukunft\/masterplan-klimapakt-soest-klimaneutrale-stadt-bis-2030\/\",\"name\":\"Masterplan Klimapakt Soest: Klimaneutrale Stadt bis 2030 - Sonnenseite - \u00d6kologische Kommunikation mit Franz Alt\",\"isPartOf\":{\"@id\":\"https:\/\/www.sonnenseite.com\/de\/#website\"},\"primaryImageOfPage\":{\"@id\":\"https:\/\/www.sonnenseite.com\/de\/zukunft\/masterplan-klimapakt-soest-klimaneutrale-stadt-bis-2030\/#primaryimage\"},\"image\":{\"@id\":\"https:\/\/www.sonnenseite.com\/de\/zukunft\/masterplan-klimapakt-soest-klimaneutrale-stadt-bis-2030\/#primaryimage\"},\"thumbnailUrl\":\"https:\/\/www.sonnenseite.com\/wp-content\/uploads\/2021\/06\/StadtSoest_Eveline-de-Bruin.jpg\",\"datePublished\":\"2021-07-02T00:20:00+00:00\",\"description\":\"Soest will bis 2030 zur klimaneutralen Stadt werden. Das selbst gesteckte Ziel ist ambitioniert. Die Stadt kann auf die Erfahrungen der Klimaschutzpolitik\",\"breadcrumb\":{\"@id\":\"https:\/\/www.sonnenseite.com\/de\/zukunft\/masterplan-klimapakt-soest-klimaneutrale-stadt-bis-2030\/#breadcrumb\"},\"inLanguage\":\"de\",\"potentialAction\":[{\"@type\":\"ReadAction\",\"target\":[\"https:\/\/www.sonnenseite.com\/de\/zukunft\/masterplan-klimapakt-soest-klimaneutrale-stadt-bis-2030\/\"]}]},{\"@type\":\"ImageObject\",\"inLanguage\":\"de\",\"@id\":\"https:\/\/www.sonnenseite.com\/de\/zukunft\/masterplan-klimapakt-soest-klimaneutrale-stadt-bis-2030\/#primaryimage\",\"url\":\"https:\/\/www.sonnenseite.com\/wp-content\/uploads\/2021\/06\/StadtSoest_Eveline-de-Bruin.jpg\",\"contentUrl\":\"https:\/\/www.sonnenseite.com\/wp-content\/uploads\/2021\/06\/StadtSoest_Eveline-de-Bruin.jpg\",\"width\":770,\"height\":420,\"caption\":\"pixabay.com | Eveline de Bruin | Stadt Soest\"},{\"@type\":\"BreadcrumbList\",\"@id\":\"https:\/\/www.sonnenseite.com\/de\/zukunft\/masterplan-klimapakt-soest-klimaneutrale-stadt-bis-2030\/#breadcrumb\",\"itemListElement\":[{\"@type\":\"ListItem\",\"position\":1,\"name\":\"Startseite\",\"item\":\"https:\/\/www.sonnenseite.com\/de\/\"},{\"@type\":\"ListItem\",\"position\":2,\"name\":\"Masterplan Klimapakt Soest: Klimaneutrale Stadt bis 2030\"}]},{\"@type\":\"WebSite\",\"@id\":\"https:\/\/www.sonnenseite.com\/de\/#website\",\"url\":\"https:\/\/www.sonnenseite.com\/de\/\",\"name\":\"Sonnenseite\",\"description\":\"\u00d6kologische Kommunikation mit Franz Alt\",\"publisher\":{\"@id\":\"https:\/\/www.sonnenseite.com\/de\/#organization\"},\"potentialAction\":[{\"@type\":\"SearchAction\",\"target\":{\"@type\":\"EntryPoint\",\"urlTemplate\":\"https:\/\/www.sonnenseite.com\/de\/?s={search_term_string}\"},\"query-input\":{\"@type\":\"PropertyValueSpecification\",\"valueRequired\":true,\"valueName\":\"search_term_string\"}}],\"inLanguage\":\"de\"},{\"@type\":\"Organization\",\"@id\":\"https:\/\/www.sonnenseite.com\/de\/#organization\",\"name\":\"Sonnenseite\",\"url\":\"https:\/\/www.sonnenseite.com\/de\/\",\"logo\":{\"@type\":\"ImageObject\",\"inLanguage\":\"de\",\"@id\":\"https:\/\/www.sonnenseite.com\/de\/#\/schema\/logo\/image\/\",\"url\":\"https:\/\/www.sonnenseite.com\/wp-content\/uploads\/2020\/05\/Sonnenseite_Logo.png\",\"contentUrl\":\"https:\/\/www.sonnenseite.com\/wp-content\/uploads\/2020\/05\/Sonnenseite_Logo.png\",\"width\":377,\"height\":90,\"caption\":\"Sonnenseite\"},\"image\":{\"@id\":\"https:\/\/www.sonnenseite.com\/de\/#\/schema\/logo\/image\/\"},\"sameAs\":[\"https:\/\/www.facebook.com\/pages\/Franz-Alt-SONNENSEITECOM\/221072987903953?fref=ts\",\"https:\/\/x.com\/franzalt\",\"http:\/\/www.youtube.com\/results?search_query&amp;amp;quot;franz_alt&amp;amp;quot;&amp;amp;amp;amp;search_type&amp;amp;amp;amp;aq=f\"]},{\"@type\":\"Person\",\"@id\":\"https:\/\/www.sonnenseite.com\/de\/#\/schema\/person\/50fda0e926597684c7cc6695238a4eb9\",\"name\":\"Bigi Alt\"}]}<\/script>\n<!-- \/ Yoast SEO plugin. -->","yoast_head_json":{"title":"Masterplan Klimapakt Soest: Klimaneutrale Stadt bis 2030 - Sonnenseite - \u00d6kologische Kommunikation mit Franz Alt","description":"Soest will bis 2030 zur klimaneutralen Stadt werden. Das selbst gesteckte Ziel ist ambitioniert. Die Stadt kann auf die Erfahrungen der Klimaschutzpolitik","robots":{"index":"index","follow":"follow","max-snippet":"max-snippet:-1","max-image-preview":"max-image-preview:large","max-video-preview":"max-video-preview:-1"},"canonical":"https:\/\/www.sonnenseite.com\/de\/zukunft\/masterplan-klimapakt-soest-klimaneutrale-stadt-bis-2030\/","og_locale":"de_DE","og_type":"article","og_title":"Masterplan Klimapakt Soest: Klimaneutrale Stadt bis 2030 - Sonnenseite - \u00d6kologische Kommunikation mit Franz Alt","og_description":"Soest will bis 2030 zur klimaneutralen Stadt werden. Das selbst gesteckte Ziel ist ambitioniert. Die Stadt kann auf die Erfahrungen der Klimaschutzpolitik","og_url":"https:\/\/www.sonnenseite.com\/de\/zukunft\/masterplan-klimapakt-soest-klimaneutrale-stadt-bis-2030\/","og_site_name":"Sonnenseite","article_publisher":"https:\/\/www.facebook.com\/pages\/Franz-Alt-SONNENSEITECOM\/221072987903953?fref=ts","article_published_time":"2021-07-02T00:20:00+00:00","og_image":[{"width":770,"height":420,"url":"https:\/\/www.sonnenseite.com\/wp-content\/uploads\/2021\/06\/StadtSoest_Eveline-de-Bruin.jpg","type":"image\/jpeg"}],"author":"Bigi Alt","twitter_card":"summary_large_image","twitter_creator":"@franzalt","twitter_site":"@franzalt","twitter_misc":{"Verfasst von":"Bigi Alt","Gesch\u00e4tzte Lesezeit":"3\u00a0Minuten"},"schema":{"@context":"https:\/\/schema.org","@graph":[{"@type":"Article","@id":"https:\/\/www.sonnenseite.com\/de\/zukunft\/masterplan-klimapakt-soest-klimaneutrale-stadt-bis-2030\/#article","isPartOf":{"@id":"https:\/\/www.sonnenseite.com\/de\/zukunft\/masterplan-klimapakt-soest-klimaneutrale-stadt-bis-2030\/"},"author":{"name":"Bigi Alt","@id":"https:\/\/www.sonnenseite.com\/de\/#\/schema\/person\/50fda0e926597684c7cc6695238a4eb9"},"headline":"Masterplan Klimapakt Soest: Klimaneutrale Stadt bis 2030","datePublished":"2021-07-02T00:20:00+00:00","mainEntityOfPage":{"@id":"https:\/\/www.sonnenseite.com\/de\/zukunft\/masterplan-klimapakt-soest-klimaneutrale-stadt-bis-2030\/"},"wordCount":609,"publisher":{"@id":"https:\/\/www.sonnenseite.com\/de\/#organization"},"image":{"@id":"https:\/\/www.sonnenseite.com\/de\/zukunft\/masterplan-klimapakt-soest-klimaneutrale-stadt-bis-2030\/#primaryimage"},"thumbnailUrl":"https:\/\/www.sonnenseite.com\/wp-content\/uploads\/2021\/06\/StadtSoest_Eveline-de-Bruin.jpg","articleSection":["Zukunft"],"inLanguage":"de"},{"@type":"WebPage","@id":"https:\/\/www.sonnenseite.com\/de\/zukunft\/masterplan-klimapakt-soest-klimaneutrale-stadt-bis-2030\/","url":"https:\/\/www.sonnenseite.com\/de\/zukunft\/masterplan-klimapakt-soest-klimaneutrale-stadt-bis-2030\/","name":"Masterplan Klimapakt Soest: Klimaneutrale Stadt bis 2030 - Sonnenseite - \u00d6kologische Kommunikation mit Franz Alt","isPartOf":{"@id":"https:\/\/www.sonnenseite.com\/de\/#website"},"primaryImageOfPage":{"@id":"https:\/\/www.sonnenseite.com\/de\/zukunft\/masterplan-klimapakt-soest-klimaneutrale-stadt-bis-2030\/#primaryimage"},"image":{"@id":"https:\/\/www.sonnenseite.com\/de\/zukunft\/masterplan-klimapakt-soest-klimaneutrale-stadt-bis-2030\/#primaryimage"},"thumbnailUrl":"https:\/\/www.sonnenseite.com\/wp-content\/uploads\/2021\/06\/StadtSoest_Eveline-de-Bruin.jpg","datePublished":"2021-07-02T00:20:00+00:00","description":"Soest will bis 2030 zur klimaneutralen Stadt werden. Das selbst gesteckte Ziel ist ambitioniert. Die Stadt kann auf die Erfahrungen der Klimaschutzpolitik","breadcrumb":{"@id":"https:\/\/www.sonnenseite.com\/de\/zukunft\/masterplan-klimapakt-soest-klimaneutrale-stadt-bis-2030\/#breadcrumb"},"inLanguage":"de","potentialAction":[{"@type":"ReadAction","target":["https:\/\/www.sonnenseite.com\/de\/zukunft\/masterplan-klimapakt-soest-klimaneutrale-stadt-bis-2030\/"]}]},{"@type":"ImageObject","inLanguage":"de","@id":"https:\/\/www.sonnenseite.com\/de\/zukunft\/masterplan-klimapakt-soest-klimaneutrale-stadt-bis-2030\/#primaryimage","url":"https:\/\/www.sonnenseite.com\/wp-content\/uploads\/2021\/06\/StadtSoest_Eveline-de-Bruin.jpg","contentUrl":"https:\/\/www.sonnenseite.com\/wp-content\/uploads\/2021\/06\/StadtSoest_Eveline-de-Bruin.jpg","width":770,"height":420,"caption":"pixabay.com | Eveline de Bruin | Stadt Soest"},{"@type":"BreadcrumbList","@id":"https:\/\/www.sonnenseite.com\/de\/zukunft\/masterplan-klimapakt-soest-klimaneutrale-stadt-bis-2030\/#breadcrumb","itemListElement":[{"@type":"ListItem","position":1,"name":"Startseite","item":"https:\/\/www.sonnenseite.com\/de\/"},{"@type":"ListItem","position":2,"name":"Masterplan Klimapakt Soest: Klimaneutrale Stadt bis 2030"}]},{"@type":"WebSite","@id":"https:\/\/www.sonnenseite.com\/de\/#website","url":"https:\/\/www.sonnenseite.com\/de\/","name":"Sonnenseite","description":"\u00d6kologische Kommunikation mit Franz Alt","publisher":{"@id":"https:\/\/www.sonnenseite.com\/de\/#organization"},"potentialAction":[{"@type":"SearchAction","target":{"@type":"EntryPoint","urlTemplate":"https:\/\/www.sonnenseite.com\/de\/?s={search_term_string}"},"query-input":{"@type":"PropertyValueSpecification","valueRequired":true,"valueName":"search_term_string"}}],"inLanguage":"de"},{"@type":"Organization","@id":"https:\/\/www.sonnenseite.com\/de\/#organization","name":"Sonnenseite","url":"https:\/\/www.sonnenseite.com\/de\/","logo":{"@type":"ImageObject","inLanguage":"de","@id":"https:\/\/www.sonnenseite.com\/de\/#\/schema\/logo\/image\/","url":"https:\/\/www.sonnenseite.com\/wp-content\/uploads\/2020\/05\/Sonnenseite_Logo.png","contentUrl":"https:\/\/www.sonnenseite.com\/wp-content\/uploads\/2020\/05\/Sonnenseite_Logo.png","width":377,"height":90,"caption":"Sonnenseite"},"image":{"@id":"https:\/\/www.sonnenseite.com\/de\/#\/schema\/logo\/image\/"},"sameAs":["https:\/\/www.facebook.com\/pages\/Franz-Alt-SONNENSEITECOM\/221072987903953?fref=ts","https:\/\/x.com\/franzalt","http:\/\/www.youtube.com\/results?search_query&amp;amp;quot;franz_alt&amp;amp;quot;&amp;amp;amp;amp;search_type&amp;amp;amp;amp;aq=f"]},{"@type":"Person","@id":"https:\/\/www.sonnenseite.com\/de\/#\/schema\/person\/50fda0e926597684c7cc6695238a4eb9","name":"Bigi Alt"}]}},"_links":{"self":[{"href":"https:\/\/www.sonnenseite.com\/de\/wp-json\/wp\/v2\/posts\/72452","targetHints":{"allow":["GET"]}}],"collection":[{"href":"https:\/\/www.sonnenseite.com\/de\/wp-json\/wp\/v2\/posts"}],"about":[{"href":"https:\/\/www.sonnenseite.com\/de\/wp-json\/wp\/v2\/types\/post"}],"author":[{"embeddable":true,"href":"https:\/\/www.sonnenseite.com\/de\/wp-json\/wp\/v2\/users\/3"}],"replies":[{"embeddable":true,"href":"https:\/\/www.sonnenseite.com\/de\/wp-json\/wp\/v2\/comments?post=72452"}],"version-history":[{"count":4,"href":"https:\/\/www.sonnenseite.com\/de\/wp-json\/wp\/v2\/posts\/72452\/revisions"}],"predecessor-version":[{"id":72458,"href":"https:\/\/www.sonnenseite.com\/de\/wp-json\/wp\/v2\/posts\/72452\/revisions\/72458"}],"wp:featuredmedia":[{"embeddable":true,"href":"https:\/\/www.sonnenseite.com\/de\/wp-json\/wp\/v2\/media\/72455"}],"wp:attachment":[{"href":"https:\/\/www.sonnenseite.com\/de\/wp-json\/wp\/v2\/media?parent=72452"}],"wp:term":[{"taxonomy":"category","embeddable":true,"href":"https:\/\/www.sonnenseite.com\/de\/wp-json\/wp\/v2\/categories?post=72452"},{"taxonomy":"post_tag","embeddable":true,"href":"https:\/\/www.sonnenseite.com\/de\/wp-json\/wp\/v2\/tags?post=72452"}],"curies":[{"name":"wp","href":"https:\/\/api.w.org\/{rel}","templated":true}]}}