{"id":72545,"date":"2021-07-03T02:16:00","date_gmt":"2021-07-03T00:16:00","guid":{"rendered":"https:\/\/www.sonnenseite.com\/?p=72545"},"modified":"2021-07-11T08:43:32","modified_gmt":"2021-07-11T06:43:32","slug":"propagandaschlacht-ums-klima-von-michael-e-mann-2","status":"publish","type":"post","link":"https:\/\/www.sonnenseite.com\/de\/tipps\/propagandaschlacht-ums-klima-von-michael-e-mann-2\/","title":{"rendered":"&#8222;Propagandaschlacht ums Klima&#8220; von Michael E. Mann"},"content":{"rendered":"\n<p>Wie wir die Anstifter politischer Unt\u00e4tigkeit besiegen. Mit einem Vorwort des deutschen Science4Future-Wissenschaftlers Volker Quaschning und einem Nachwort des Meteorologen \u00d6zden Terli.<\/p>\n\n\n\n<p>Der renommierte Klimawissenschaftler Michael E. Mann zeigt, wie die fossile Brennstoffindustrie seit 30 Jahren eine Kampagne f\u00fchrt, um von Schuld und Verantwortung abzulenken und Ma\u00dfnahmen gegen den Klimawandel zu verz\u00f6gern. In dem Buch pr\u00e4sentiert er seinen Aktionsplan zur Rettung des Planeten.<\/p>\n\n\n\n<h5 class=\"wp-block-heading\">Recyceln. Weniger fliegen. Weniger Fleisch essen<\/h5>\n\n\n\n<p>Das sind einige der Ma\u00dfnahmen, von denen uns gesagt wurde, dass sie den Klimawandel verlangsamen k\u00f6nnen. Aber die \u00fcberm\u00e4\u00dfige Betonung des individuellen Verhaltens ist das Ergebnis einer Marketingkampagne, die es geschafft hat, die Verantwortung f\u00fcr die Bew\u00e4ltigung des drohenden Klimawandels vollst\u00e4ndig auf die Schultern des Einzelnen zu legen.<\/p>\n\n\n\n<div class=\"wp-block-image\"><figure class=\"alignleft size-large is-resized\"><a href=\"https:\/\/www.sonnenseite.com\/wp-content\/uploads\/2021\/07\/MichaelEMann_PropagandaschlachtumsKlima00.jpg\"><img loading=\"lazy\" decoding=\"async\" src=\"https:\/\/www.sonnenseite.com\/wp-content\/uploads\/2021\/07\/MichaelEMann_PropagandaschlachtumsKlima00.jpg\" alt=\"\" class=\"wp-image-72555\" width=\"160\" height=\"193\" srcset=\"https:\/\/www.sonnenseite.com\/wp-content\/uploads\/2021\/07\/MichaelEMann_PropagandaschlachtumsKlima00.jpg 349w, https:\/\/www.sonnenseite.com\/wp-content\/uploads\/2021\/07\/MichaelEMann_PropagandaschlachtumsKlima00-248x300.jpg 248w\" sizes=\"auto, (max-width: 160px) 100vw, 160px\" \/><\/a><figcaption>\u00a9 Michael E. Mann | Michael E. Mann mit der deutschen Ausgabe seines Buchs<\/figcaption><\/figure><\/div>\n\n\n\n<p>Die Unternehmen der fossilen Brennstoffindustrie sind dem Beispiel anderer Branchen gefolgt, die ebenso die Schuld von sich weisen \u2013\u00a0 man denke nur an \u00bbWaffen t\u00f6ten keine Menschen, Menschen t\u00f6ten Menschen\u00ab \u2013 oder an das Greenwashing der Getr\u00e4nkeindustrie mit der \u00bbCrying Indian\u00ab Kampagne in den 1970er Jahren. Gleichzeitig blockieren sie Bem\u00fchungen, den Aussto\u00df von Kohlenstoffdioxid zu regulieren oder zu bepreisen, f\u00fchren PR-Kampagnen durch, die darauf abzielen, praktikable Alternativen zu diskreditieren, und entziehen sich ihrer Verantwortung, das von ihnen geschaffene Problem zu l\u00f6sen. Das Ergebnis ist f\u00fcr unseren Planeten verheerend.<br><br>In \u00bbPropagandaschlacht ums Klima\u00ab vertritt Mann die Ansicht, dass noch nicht alles verloren ist. Er beschreibt die Fronten zwischen den Verbrauchern und den Verursachern \u2013 den Unternehmen der fossilen Brennstoffindustrie, den rechtsgerichteten Plutokraten und den Petrostaaten. Und er skizziert einen Plan, um unsere Regierungen und Konzerne zu zwingen, aufzuwachen und echte Ver\u00e4nderungen vorzunehmen, einschlie\u00dflich:<\/p>\n\n\n\n<ul class=\"wp-block-list\"><li>Einer vern\u00fcnftigen, realistischen Herangehensweise bei der Bepreisung von CO2 und einer Korrektur der gut gemeinten, aber fehlerhaften, derzeit vorgeschlagenen Version des Green New Deals<\/li><li>Einer fairen Konkurrenz zwischen Erneuerbaren Energien und fossilen Energietr\u00e4gern<\/li><li>Der Entlarvung falscher Narrative und Argumente, die sich in die Klimadebatte eingeschlichen haben und einen Keil zwischen diejenigen treiben, die L\u00f6sungen f\u00fcr den Klimawandel unterst\u00fctzen<\/li><li>Einer Bek\u00e4mpfung von Klimauntergangsstimmung und Hoffnungslosigkeit.<\/li><\/ul>\n\n\n\n<p>Angesichts der immens m\u00e4chtigen Interessen, die den Status quo der fossilen Brennstoffe verteidigen, wird der gesellschaftliche Wandel nur mit der aktiven Beteiligung der B\u00fcrger gelingen, die den gemeinsamen Vorsto\u00df unterst\u00fctzen. Dieses Buch will \u00fcberall die Menschen erreichen, informieren und bef\u00e4higen, sich dem Kampf um unseren Planeten anzuschlie\u00dfen.<\/p>\n\n\n\n<div class=\"wp-block-image\"><figure class=\"alignright size-large is-resized\"><img loading=\"lazy\" decoding=\"async\" src=\"https:\/\/www.sonnenseite.com\/wp-content\/uploads\/2021\/07\/MichaelEMann_PropagandaschlachtumsKlima.jpg\" alt=\"\" class=\"wp-image-72550\" width=\"270\" height=\"382\" srcset=\"https:\/\/www.sonnenseite.com\/wp-content\/uploads\/2021\/07\/MichaelEMann_PropagandaschlachtumsKlima.jpg 400w, https:\/\/www.sonnenseite.com\/wp-content\/uploads\/2021\/07\/MichaelEMann_PropagandaschlachtumsKlima-212x300.jpg 212w\" sizes=\"auto, (max-width: 270px) 100vw, 270px\" \/><figcaption>\u00a9 <a href=\"http:\/\/www.verlag-solare-zukunft.de\/\" target=\"_blank\" rel=\"noreferrer noopener\">Verlag Solare Zukunft<\/a><\/figcaption><\/figure><\/div>\n\n\n\n<h5 class=\"wp-block-heading\">Inhalt<\/h5>\n\n\n\n<ol class=\"wp-block-list\"><li>Die Architekten der Fehlinformation und Irref\u00fchrung<\/li><li>Die Klimakriege<\/li><li>Der &#8222;weinende Indianer&#8220; und die Geburtsstunde der Ablenkungskampagne<\/li><li>DU bist schuld<\/li><li>Legen Sie einen Preis fest. Oder auch nicht.<\/li><li>Die Konkurrenz versenken<\/li><li>Pseudol\u00f6sungen<\/li><li>Die Wahrheit ist schlimm genug<\/li><li>Die Herausforderung annehmen<\/li><\/ol>\n\n\n\n<ul class=\"wp-block-list\"><li>&#8222;Propagandaschlacht ums Klima &#8211; Wie wir die Anstifter klimapolitischer Unt\u00e4tigkeit besiegen&#8220; | <a href=\"http:\/\/www.verlag-solare-zukunft.de\/\" target=\"_blank\" rel=\"noreferrer noopener\">Verlag Solare Zukunft<\/a> | Im Original hei\u00dft das Buch <a href=\"https:\/\/www.publicaffairsbooks.com\/titles\/michael-e-mann\/the-new-climate-war\/9781541758223\/\" target=\"_blank\" rel=\"noreferrer noopener\">The New Climate War<\/a>. Die Idee f\u00fcr den deutschen Titel \u00bbPropagandaschlacht ums Klima\u00ab stammt von <a href=\"http:\/\/www.pik-potsdam.de\/~stefan\/\" target=\"_blank\" rel=\"noreferrer noopener\">Stefan Rahmstorf<\/a>. <\/li><li><a href=\"https:\/\/www.dgs-franken.de\/bestellungen\">Online Bestellung<\/a> | <a href=\"https:\/\/www.dgs-franken.de\/medien\/climatewar\">Weitere Infos<\/a><\/li><\/ul>\n\n\n<h5 class=\"green\">Quelle<\/h5>\r\n\n\n\n<p><a href=\"https:\/\/www.dgs.de\">Deutsche Gesellschaft f\u00fcr Sonnenenergie e.V. (DGS) 2021<\/a><\/p>\n<div class=\"shariff shariff-align-flex-start shariff-widget-align-flex-start\"><div class=\"ShariffHeadline\">Diese Meldung teilen<\/div><ul class=\"shariff-buttons theme-round orientation-horizontal buttonsize-medium\"><li class=\"shariff-button facebook shariff-nocustomcolor\" style=\"background-color:#4273c8;border-radius:1%\"><a href=\"https:\/\/www.facebook.com\/sharer\/sharer.php?u=https%3A%2F%2Fwww.sonnenseite.com%2Fde%2Ftipps%2Fpropagandaschlacht-ums-klima-von-michael-e-mann-2%2F\" title=\"Bei Facebook teilen\" aria-label=\"Bei Facebook teilen\" role=\"button\" rel=\"nofollow\" class=\"shariff-link\" style=\";border-radius:1%; background-color:#3b5998; color:#fff\" target=\"_blank\"><span class=\"shariff-icon\" style=\"\"><svg width=\"32px\" height=\"20px\" xmlns=\"http:\/\/www.w3.org\/2000\/svg\" viewBox=\"0 0 18 32\"><path fill=\"#3b5998\" d=\"M17.1 0.2v4.7h-2.8q-1.5 0-2.1 0.6t-0.5 1.9v3.4h5.2l-0.7 5.3h-4.5v13.6h-5.5v-13.6h-4.5v-5.3h4.5v-3.9q0-3.3 1.9-5.2t5-1.8q2.6 0 4.1 0.2z\"\/><\/svg><\/span><\/a><\/li><li class=\"shariff-button twitter shariff-nocustomcolor\" style=\"background-color:#595959;border-radius:1%\"><a href=\"https:\/\/twitter.com\/share?url=https%3A%2F%2Fwww.sonnenseite.com%2Fde%2Ftipps%2Fpropagandaschlacht-ums-klima-von-michael-e-mann-2%2F&text=%E2%80%9EPropagandaschlacht%20ums%20Klima%E2%80%9C%20von%20Michael%20E.%20Mann\" title=\"Bei X teilen\" aria-label=\"Bei X teilen\" role=\"button\" rel=\"noopener nofollow\" class=\"shariff-link\" style=\";border-radius:1%; background-color:#000; color:#fff\" target=\"_blank\"><span class=\"shariff-icon\" style=\"\"><svg width=\"32px\" height=\"20px\" xmlns=\"http:\/\/www.w3.org\/2000\/svg\" viewBox=\"0 0 24 24\"><path fill=\"#000\" d=\"M14.258 10.152L23.176 0h-2.113l-7.747 8.813L7.133 0H0l9.352 13.328L0 23.973h2.113l8.176-9.309 6.531 9.309h7.133zm-2.895 3.293l-.949-1.328L2.875 1.56h3.246l6.086 8.523.945 1.328 7.91 11.078h-3.246zm0 0\"\/><\/svg><\/span><\/a><\/li><li class=\"shariff-button xing shariff-nocustomcolor\" style=\"background-color:#29888a;border-radius:1%\"><a href=\"https:\/\/www.xing.com\/spi\/shares\/new?url=https%3A%2F%2Fwww.sonnenseite.com%2Fde%2Ftipps%2Fpropagandaschlacht-ums-klima-von-michael-e-mann-2%2F\" title=\"Bei XING teilen\" aria-label=\"Bei XING teilen\" role=\"button\" rel=\"noopener nofollow\" class=\"shariff-link\" style=\";border-radius:1%; background-color:#126567; color:#fff\" target=\"_blank\"><span class=\"shariff-icon\" style=\"\"><svg width=\"32px\" height=\"20px\" xmlns=\"http:\/\/www.w3.org\/2000\/svg\" viewBox=\"0 0 25 32\"><path fill=\"#126567\" d=\"M10.7 11.9q-0.2 0.3-4.6 8.2-0.5 0.8-1.2 0.8h-4.3q-0.4 0-0.5-0.3t0-0.6l4.5-8q0 0 0 0l-2.9-5q-0.2-0.4 0-0.7 0.2-0.3 0.5-0.3h4.3q0.7 0 1.2 0.8zM25.1 0.4q0.2 0.3 0 0.7l-9.4 16.7 6 11q0.2 0.4 0 0.6-0.2 0.3-0.6 0.3h-4.3q-0.7 0-1.2-0.8l-6-11.1q0.3-0.6 9.5-16.8 0.4-0.8 1.2-0.8h4.3q0.4 0 0.5 0.3z\"\/><\/svg><\/span><\/a><\/li><li class=\"shariff-button linkedin shariff-nocustomcolor\" style=\"background-color:#1488bf;border-radius:1%\"><a href=\"https:\/\/www.linkedin.com\/sharing\/share-offsite\/?url=https%3A%2F%2Fwww.sonnenseite.com%2Fde%2Ftipps%2Fpropagandaschlacht-ums-klima-von-michael-e-mann-2%2F\" title=\"Bei LinkedIn teilen\" aria-label=\"Bei LinkedIn teilen\" role=\"button\" rel=\"noopener nofollow\" class=\"shariff-link\" style=\";border-radius:1%; background-color:#0077b5; color:#fff\" target=\"_blank\"><span class=\"shariff-icon\" style=\"\"><svg width=\"32px\" height=\"20px\" xmlns=\"http:\/\/www.w3.org\/2000\/svg\" viewBox=\"0 0 27 32\"><path fill=\"#0077b5\" d=\"M6.2 11.2v17.7h-5.9v-17.7h5.9zM6.6 5.7q0 1.3-0.9 2.2t-2.4 0.9h0q-1.5 0-2.4-0.9t-0.9-2.2 0.9-2.2 2.4-0.9 2.4 0.9 0.9 2.2zM27.4 18.7v10.1h-5.9v-9.5q0-1.9-0.7-2.9t-2.3-1.1q-1.1 0-1.9 0.6t-1.2 1.5q-0.2 0.5-0.2 1.4v9.9h-5.9q0-7.1 0-11.6t0-5.3l0-0.9h5.9v2.6h0q0.4-0.6 0.7-1t1-0.9 1.6-0.8 2-0.3q3 0 4.9 2t1.9 6z\"\/><\/svg><\/span><\/a><\/li><li class=\"shariff-button printer shariff-nocustomcolor\" style=\"background-color:#a8a8a8;border-radius:1%\"><a href=\"javascript:window.print()\" title=\"drucken\" aria-label=\"drucken\" role=\"button\" rel=\"noopener nofollow\" class=\"shariff-link\" style=\";border-radius:1%; background-color:#999; color:#fff\"><span class=\"shariff-icon\" style=\"\"><svg width=\"32px\" height=\"20px\" xmlns=\"http:\/\/www.w3.org\/2000\/svg\" viewBox=\"0 0 30 32\"><path fill=\"#999\" d=\"M6.8 27.4h16v-4.6h-16v4.6zM6.8 16h16v-6.8h-2.8q-0.7 0-1.2-0.5t-0.5-1.2v-2.8h-11.4v11.4zM27.4 17.2q0-0.5-0.3-0.8t-0.8-0.4-0.8 0.4-0.3 0.8 0.3 0.8 0.8 0.3 0.8-0.3 0.3-0.8zM29.7 17.2v7.4q0 0.2-0.2 0.4t-0.4 0.2h-4v2.8q0 0.7-0.5 1.2t-1.2 0.5h-17.2q-0.7 0-1.2-0.5t-0.5-1.2v-2.8h-4q-0.2 0-0.4-0.2t-0.2-0.4v-7.4q0-1.4 1-2.4t2.4-1h1.2v-9.7q0-0.7 0.5-1.2t1.2-0.5h12q0.7 0 1.6 0.4t1.3 0.8l2.7 2.7q0.5 0.5 0.9 1.4t0.4 1.6v4.6h1.1q1.4 0 2.4 1t1 2.4z\"\/><\/svg><\/span><\/a><\/li><li class=\"shariff-button mailto shariff-nocustomcolor\" style=\"background-color:#a8a8a8;border-radius:1%\"><a href=\"mailto:?body=https%3A%2F%2Fwww.sonnenseite.com%2Fde%2Ftipps%2Fpropagandaschlacht-ums-klima-von-michael-e-mann-2%2F&subject=%E2%80%9EPropagandaschlacht%20ums%20Klima%E2%80%9C%20von%20Michael%20E.%20Mann\" title=\"Per E-Mail versenden\" aria-label=\"Per E-Mail versenden\" role=\"button\" rel=\"noopener nofollow\" class=\"shariff-link\" style=\";border-radius:1%; background-color:#999; color:#fff\"><span class=\"shariff-icon\" style=\"\"><svg width=\"32px\" height=\"20px\" xmlns=\"http:\/\/www.w3.org\/2000\/svg\" viewBox=\"0 0 32 32\"><path fill=\"#999\" d=\"M32 12.7v14.2q0 1.2-0.8 2t-2 0.9h-26.3q-1.2 0-2-0.9t-0.8-2v-14.2q0.8 0.9 1.8 1.6 6.5 4.4 8.9 6.1 1 0.8 1.6 1.2t1.7 0.9 2 0.4h0.1q0.9 0 2-0.4t1.7-0.9 1.6-1.2q3-2.2 8.9-6.1 1-0.7 1.8-1.6zM32 7.4q0 1.4-0.9 2.7t-2.2 2.2q-6.7 4.7-8.4 5.8-0.2 0.1-0.7 0.5t-1 0.7-0.9 0.6-1.1 0.5-0.9 0.2h-0.1q-0.4 0-0.9-0.2t-1.1-0.5-0.9-0.6-1-0.7-0.7-0.5q-1.6-1.1-4.7-3.2t-3.6-2.6q-1.1-0.7-2.1-2t-1-2.5q0-1.4 0.7-2.3t2.1-0.9h26.3q1.2 0 2 0.8t0.9 2z\"\/><\/svg><\/span><\/a><\/li><\/ul><\/div>","protected":false},"excerpt":{"rendered":"<p>Wie wir die Anstifter politischer Unt\u00e4tigkeit besiegen. Mit einem Vorwort des deutschen Science4Future-Wissenschaftlers Volker Quaschning und [&hellip;]<\/p>\n","protected":false},"author":3,"featured_media":72548,"comment_status":"closed","ping_status":"closed","sticky":false,"template":"","format":"standard","meta":{"inline_featured_image":false,"footnotes":""},"categories":[28],"tags":[],"class_list":["post-72545","post","type-post","status-publish","format-standard","has-post-thumbnail","hentry","category-tipps"],"yoast_head":"<!-- This site is optimized with the Yoast SEO plugin v26.5 - https:\/\/yoast.com\/wordpress\/plugins\/seo\/ -->\n<title>&quot;Propagandaschlacht ums Klima&quot; von Michael E. Mann - Sonnenseite - \u00d6kologische Kommunikation mit Franz Alt<\/title>\n<meta name=\"description\" content=\"Wie wir die Anstifter politischer Unt\u00e4tigkeit besiegen. Mit einem Vorwort des deutschen Science4Future-Wissenschaftlers Volker Quaschning und einem\" \/>\n<meta name=\"robots\" content=\"index, follow, max-snippet:-1, max-image-preview:large, max-video-preview:-1\" \/>\n<link rel=\"canonical\" href=\"https:\/\/www.sonnenseite.com\/de\/tipps\/propagandaschlacht-ums-klima-von-michael-e-mann-2\/\" \/>\n<meta property=\"og:locale\" content=\"de_DE\" \/>\n<meta property=\"og:type\" content=\"article\" \/>\n<meta property=\"og:title\" content=\"&quot;Propagandaschlacht ums Klima&quot; von Michael E. Mann - Sonnenseite - \u00d6kologische Kommunikation mit Franz Alt\" \/>\n<meta property=\"og:description\" content=\"Wie wir die Anstifter politischer Unt\u00e4tigkeit besiegen. Mit einem Vorwort des deutschen Science4Future-Wissenschaftlers Volker Quaschning und einem\" \/>\n<meta property=\"og:url\" content=\"https:\/\/www.sonnenseite.com\/de\/tipps\/propagandaschlacht-ums-klima-von-michael-e-mann-2\/\" \/>\n<meta property=\"og:site_name\" content=\"Sonnenseite\" \/>\n<meta property=\"article:publisher\" content=\"https:\/\/www.facebook.com\/pages\/Franz-Alt-SONNENSEITECOM\/221072987903953?fref=ts\" \/>\n<meta property=\"article:published_time\" content=\"2021-07-03T00:16:00+00:00\" \/>\n<meta property=\"article:modified_time\" content=\"2021-07-11T06:43:32+00:00\" \/>\n<meta property=\"og:image\" content=\"https:\/\/www.sonnenseite.com\/wp-content\/uploads\/2021\/07\/MichaelEMann_PropagandaschlachtumsKlima770.jpg\" \/>\n\t<meta property=\"og:image:width\" content=\"770\" \/>\n\t<meta property=\"og:image:height\" content=\"420\" \/>\n\t<meta property=\"og:image:type\" content=\"image\/jpeg\" \/>\n<meta name=\"author\" content=\"Bigi Alt\" \/>\n<meta name=\"twitter:card\" content=\"summary_large_image\" \/>\n<meta name=\"twitter:creator\" content=\"@franzalt\" \/>\n<meta name=\"twitter:site\" content=\"@franzalt\" \/>\n<meta name=\"twitter:label1\" content=\"Verfasst von\" \/>\n\t<meta name=\"twitter:data1\" content=\"Bigi Alt\" \/>\n\t<meta name=\"twitter:label2\" content=\"Gesch\u00e4tzte Lesezeit\" \/>\n\t<meta name=\"twitter:data2\" content=\"3\u00a0Minuten\" \/>\n<script type=\"application\/ld+json\" class=\"yoast-schema-graph\">{\"@context\":\"https:\/\/schema.org\",\"@graph\":[{\"@type\":\"Article\",\"@id\":\"https:\/\/www.sonnenseite.com\/de\/tipps\/propagandaschlacht-ums-klima-von-michael-e-mann-2\/#article\",\"isPartOf\":{\"@id\":\"https:\/\/www.sonnenseite.com\/de\/tipps\/propagandaschlacht-ums-klima-von-michael-e-mann-2\/\"},\"author\":{\"name\":\"Bigi Alt\",\"@id\":\"https:\/\/www.sonnenseite.com\/de\/#\/schema\/person\/50fda0e926597684c7cc6695238a4eb9\"},\"headline\":\"&#8222;Propagandaschlacht ums Klima&#8220; von Michael E. Mann\",\"datePublished\":\"2021-07-03T00:16:00+00:00\",\"dateModified\":\"2021-07-11T06:43:32+00:00\",\"mainEntityOfPage\":{\"@id\":\"https:\/\/www.sonnenseite.com\/de\/tipps\/propagandaschlacht-ums-klima-von-michael-e-mann-2\/\"},\"wordCount\":513,\"publisher\":{\"@id\":\"https:\/\/www.sonnenseite.com\/de\/#organization\"},\"image\":{\"@id\":\"https:\/\/www.sonnenseite.com\/de\/tipps\/propagandaschlacht-ums-klima-von-michael-e-mann-2\/#primaryimage\"},\"thumbnailUrl\":\"https:\/\/www.sonnenseite.com\/wp-content\/uploads\/2021\/07\/MichaelEMann_PropagandaschlachtumsKlima770.jpg\",\"articleSection\":[\"Tipps\"],\"inLanguage\":\"de\"},{\"@type\":\"WebPage\",\"@id\":\"https:\/\/www.sonnenseite.com\/de\/tipps\/propagandaschlacht-ums-klima-von-michael-e-mann-2\/\",\"url\":\"https:\/\/www.sonnenseite.com\/de\/tipps\/propagandaschlacht-ums-klima-von-michael-e-mann-2\/\",\"name\":\"\\\"Propagandaschlacht ums Klima\\\" von Michael E. Mann - Sonnenseite - \u00d6kologische Kommunikation mit Franz Alt\",\"isPartOf\":{\"@id\":\"https:\/\/www.sonnenseite.com\/de\/#website\"},\"primaryImageOfPage\":{\"@id\":\"https:\/\/www.sonnenseite.com\/de\/tipps\/propagandaschlacht-ums-klima-von-michael-e-mann-2\/#primaryimage\"},\"image\":{\"@id\":\"https:\/\/www.sonnenseite.com\/de\/tipps\/propagandaschlacht-ums-klima-von-michael-e-mann-2\/#primaryimage\"},\"thumbnailUrl\":\"https:\/\/www.sonnenseite.com\/wp-content\/uploads\/2021\/07\/MichaelEMann_PropagandaschlachtumsKlima770.jpg\",\"datePublished\":\"2021-07-03T00:16:00+00:00\",\"dateModified\":\"2021-07-11T06:43:32+00:00\",\"description\":\"Wie wir die Anstifter politischer Unt\u00e4tigkeit besiegen. Mit einem Vorwort des deutschen Science4Future-Wissenschaftlers Volker Quaschning und einem\",\"breadcrumb\":{\"@id\":\"https:\/\/www.sonnenseite.com\/de\/tipps\/propagandaschlacht-ums-klima-von-michael-e-mann-2\/#breadcrumb\"},\"inLanguage\":\"de\",\"potentialAction\":[{\"@type\":\"ReadAction\",\"target\":[\"https:\/\/www.sonnenseite.com\/de\/tipps\/propagandaschlacht-ums-klima-von-michael-e-mann-2\/\"]}]},{\"@type\":\"ImageObject\",\"inLanguage\":\"de\",\"@id\":\"https:\/\/www.sonnenseite.com\/de\/tipps\/propagandaschlacht-ums-klima-von-michael-e-mann-2\/#primaryimage\",\"url\":\"https:\/\/www.sonnenseite.com\/wp-content\/uploads\/2021\/07\/MichaelEMann_PropagandaschlachtumsKlima770.jpg\",\"contentUrl\":\"https:\/\/www.sonnenseite.com\/wp-content\/uploads\/2021\/07\/MichaelEMann_PropagandaschlachtumsKlima770.jpg\",\"width\":770,\"height\":420,\"caption\":\"Verlag Solare Zukunft | Michael E. Mann\"},{\"@type\":\"BreadcrumbList\",\"@id\":\"https:\/\/www.sonnenseite.com\/de\/tipps\/propagandaschlacht-ums-klima-von-michael-e-mann-2\/#breadcrumb\",\"itemListElement\":[{\"@type\":\"ListItem\",\"position\":1,\"name\":\"Startseite\",\"item\":\"https:\/\/www.sonnenseite.com\/de\/\"},{\"@type\":\"ListItem\",\"position\":2,\"name\":\"&#8222;Propagandaschlacht ums Klima&#8220; von Michael E. Mann\"}]},{\"@type\":\"WebSite\",\"@id\":\"https:\/\/www.sonnenseite.com\/de\/#website\",\"url\":\"https:\/\/www.sonnenseite.com\/de\/\",\"name\":\"Sonnenseite\",\"description\":\"\u00d6kologische Kommunikation mit Franz Alt\",\"publisher\":{\"@id\":\"https:\/\/www.sonnenseite.com\/de\/#organization\"},\"potentialAction\":[{\"@type\":\"SearchAction\",\"target\":{\"@type\":\"EntryPoint\",\"urlTemplate\":\"https:\/\/www.sonnenseite.com\/de\/?s={search_term_string}\"},\"query-input\":{\"@type\":\"PropertyValueSpecification\",\"valueRequired\":true,\"valueName\":\"search_term_string\"}}],\"inLanguage\":\"de\"},{\"@type\":\"Organization\",\"@id\":\"https:\/\/www.sonnenseite.com\/de\/#organization\",\"name\":\"Sonnenseite\",\"url\":\"https:\/\/www.sonnenseite.com\/de\/\",\"logo\":{\"@type\":\"ImageObject\",\"inLanguage\":\"de\",\"@id\":\"https:\/\/www.sonnenseite.com\/de\/#\/schema\/logo\/image\/\",\"url\":\"https:\/\/www.sonnenseite.com\/wp-content\/uploads\/2020\/05\/Sonnenseite_Logo.png\",\"contentUrl\":\"https:\/\/www.sonnenseite.com\/wp-content\/uploads\/2020\/05\/Sonnenseite_Logo.png\",\"width\":377,\"height\":90,\"caption\":\"Sonnenseite\"},\"image\":{\"@id\":\"https:\/\/www.sonnenseite.com\/de\/#\/schema\/logo\/image\/\"},\"sameAs\":[\"https:\/\/www.facebook.com\/pages\/Franz-Alt-SONNENSEITECOM\/221072987903953?fref=ts\",\"https:\/\/x.com\/franzalt\",\"http:\/\/www.youtube.com\/results?search_query&amp;amp;quot;franz_alt&amp;amp;quot;&amp;amp;amp;amp;search_type&amp;amp;amp;amp;aq=f\"]},{\"@type\":\"Person\",\"@id\":\"https:\/\/www.sonnenseite.com\/de\/#\/schema\/person\/50fda0e926597684c7cc6695238a4eb9\",\"name\":\"Bigi Alt\"}]}<\/script>\n<!-- \/ Yoast SEO plugin. -->","yoast_head_json":{"title":"\"Propagandaschlacht ums Klima\" von Michael E. Mann - Sonnenseite - \u00d6kologische Kommunikation mit Franz Alt","description":"Wie wir die Anstifter politischer Unt\u00e4tigkeit besiegen. Mit einem Vorwort des deutschen Science4Future-Wissenschaftlers Volker Quaschning und einem","robots":{"index":"index","follow":"follow","max-snippet":"max-snippet:-1","max-image-preview":"max-image-preview:large","max-video-preview":"max-video-preview:-1"},"canonical":"https:\/\/www.sonnenseite.com\/de\/tipps\/propagandaschlacht-ums-klima-von-michael-e-mann-2\/","og_locale":"de_DE","og_type":"article","og_title":"\"Propagandaschlacht ums Klima\" von Michael E. Mann - Sonnenseite - \u00d6kologische Kommunikation mit Franz Alt","og_description":"Wie wir die Anstifter politischer Unt\u00e4tigkeit besiegen. Mit einem Vorwort des deutschen Science4Future-Wissenschaftlers Volker Quaschning und einem","og_url":"https:\/\/www.sonnenseite.com\/de\/tipps\/propagandaschlacht-ums-klima-von-michael-e-mann-2\/","og_site_name":"Sonnenseite","article_publisher":"https:\/\/www.facebook.com\/pages\/Franz-Alt-SONNENSEITECOM\/221072987903953?fref=ts","article_published_time":"2021-07-03T00:16:00+00:00","article_modified_time":"2021-07-11T06:43:32+00:00","og_image":[{"width":770,"height":420,"url":"https:\/\/www.sonnenseite.com\/wp-content\/uploads\/2021\/07\/MichaelEMann_PropagandaschlachtumsKlima770.jpg","type":"image\/jpeg"}],"author":"Bigi Alt","twitter_card":"summary_large_image","twitter_creator":"@franzalt","twitter_site":"@franzalt","twitter_misc":{"Verfasst von":"Bigi Alt","Gesch\u00e4tzte Lesezeit":"3\u00a0Minuten"},"schema":{"@context":"https:\/\/schema.org","@graph":[{"@type":"Article","@id":"https:\/\/www.sonnenseite.com\/de\/tipps\/propagandaschlacht-ums-klima-von-michael-e-mann-2\/#article","isPartOf":{"@id":"https:\/\/www.sonnenseite.com\/de\/tipps\/propagandaschlacht-ums-klima-von-michael-e-mann-2\/"},"author":{"name":"Bigi Alt","@id":"https:\/\/www.sonnenseite.com\/de\/#\/schema\/person\/50fda0e926597684c7cc6695238a4eb9"},"headline":"&#8222;Propagandaschlacht ums Klima&#8220; von Michael E. Mann","datePublished":"2021-07-03T00:16:00+00:00","dateModified":"2021-07-11T06:43:32+00:00","mainEntityOfPage":{"@id":"https:\/\/www.sonnenseite.com\/de\/tipps\/propagandaschlacht-ums-klima-von-michael-e-mann-2\/"},"wordCount":513,"publisher":{"@id":"https:\/\/www.sonnenseite.com\/de\/#organization"},"image":{"@id":"https:\/\/www.sonnenseite.com\/de\/tipps\/propagandaschlacht-ums-klima-von-michael-e-mann-2\/#primaryimage"},"thumbnailUrl":"https:\/\/www.sonnenseite.com\/wp-content\/uploads\/2021\/07\/MichaelEMann_PropagandaschlachtumsKlima770.jpg","articleSection":["Tipps"],"inLanguage":"de"},{"@type":"WebPage","@id":"https:\/\/www.sonnenseite.com\/de\/tipps\/propagandaschlacht-ums-klima-von-michael-e-mann-2\/","url":"https:\/\/www.sonnenseite.com\/de\/tipps\/propagandaschlacht-ums-klima-von-michael-e-mann-2\/","name":"\"Propagandaschlacht ums Klima\" von Michael E. Mann - Sonnenseite - \u00d6kologische Kommunikation mit Franz Alt","isPartOf":{"@id":"https:\/\/www.sonnenseite.com\/de\/#website"},"primaryImageOfPage":{"@id":"https:\/\/www.sonnenseite.com\/de\/tipps\/propagandaschlacht-ums-klima-von-michael-e-mann-2\/#primaryimage"},"image":{"@id":"https:\/\/www.sonnenseite.com\/de\/tipps\/propagandaschlacht-ums-klima-von-michael-e-mann-2\/#primaryimage"},"thumbnailUrl":"https:\/\/www.sonnenseite.com\/wp-content\/uploads\/2021\/07\/MichaelEMann_PropagandaschlachtumsKlima770.jpg","datePublished":"2021-07-03T00:16:00+00:00","dateModified":"2021-07-11T06:43:32+00:00","description":"Wie wir die Anstifter politischer Unt\u00e4tigkeit besiegen. Mit einem Vorwort des deutschen Science4Future-Wissenschaftlers Volker Quaschning und einem","breadcrumb":{"@id":"https:\/\/www.sonnenseite.com\/de\/tipps\/propagandaschlacht-ums-klima-von-michael-e-mann-2\/#breadcrumb"},"inLanguage":"de","potentialAction":[{"@type":"ReadAction","target":["https:\/\/www.sonnenseite.com\/de\/tipps\/propagandaschlacht-ums-klima-von-michael-e-mann-2\/"]}]},{"@type":"ImageObject","inLanguage":"de","@id":"https:\/\/www.sonnenseite.com\/de\/tipps\/propagandaschlacht-ums-klima-von-michael-e-mann-2\/#primaryimage","url":"https:\/\/www.sonnenseite.com\/wp-content\/uploads\/2021\/07\/MichaelEMann_PropagandaschlachtumsKlima770.jpg","contentUrl":"https:\/\/www.sonnenseite.com\/wp-content\/uploads\/2021\/07\/MichaelEMann_PropagandaschlachtumsKlima770.jpg","width":770,"height":420,"caption":"Verlag Solare Zukunft | Michael E. Mann"},{"@type":"BreadcrumbList","@id":"https:\/\/www.sonnenseite.com\/de\/tipps\/propagandaschlacht-ums-klima-von-michael-e-mann-2\/#breadcrumb","itemListElement":[{"@type":"ListItem","position":1,"name":"Startseite","item":"https:\/\/www.sonnenseite.com\/de\/"},{"@type":"ListItem","position":2,"name":"&#8222;Propagandaschlacht ums Klima&#8220; von Michael E. Mann"}]},{"@type":"WebSite","@id":"https:\/\/www.sonnenseite.com\/de\/#website","url":"https:\/\/www.sonnenseite.com\/de\/","name":"Sonnenseite","description":"\u00d6kologische Kommunikation mit Franz Alt","publisher":{"@id":"https:\/\/www.sonnenseite.com\/de\/#organization"},"potentialAction":[{"@type":"SearchAction","target":{"@type":"EntryPoint","urlTemplate":"https:\/\/www.sonnenseite.com\/de\/?s={search_term_string}"},"query-input":{"@type":"PropertyValueSpecification","valueRequired":true,"valueName":"search_term_string"}}],"inLanguage":"de"},{"@type":"Organization","@id":"https:\/\/www.sonnenseite.com\/de\/#organization","name":"Sonnenseite","url":"https:\/\/www.sonnenseite.com\/de\/","logo":{"@type":"ImageObject","inLanguage":"de","@id":"https:\/\/www.sonnenseite.com\/de\/#\/schema\/logo\/image\/","url":"https:\/\/www.sonnenseite.com\/wp-content\/uploads\/2020\/05\/Sonnenseite_Logo.png","contentUrl":"https:\/\/www.sonnenseite.com\/wp-content\/uploads\/2020\/05\/Sonnenseite_Logo.png","width":377,"height":90,"caption":"Sonnenseite"},"image":{"@id":"https:\/\/www.sonnenseite.com\/de\/#\/schema\/logo\/image\/"},"sameAs":["https:\/\/www.facebook.com\/pages\/Franz-Alt-SONNENSEITECOM\/221072987903953?fref=ts","https:\/\/x.com\/franzalt","http:\/\/www.youtube.com\/results?search_query&amp;amp;quot;franz_alt&amp;amp;quot;&amp;amp;amp;amp;search_type&amp;amp;amp;amp;aq=f"]},{"@type":"Person","@id":"https:\/\/www.sonnenseite.com\/de\/#\/schema\/person\/50fda0e926597684c7cc6695238a4eb9","name":"Bigi Alt"}]}},"_links":{"self":[{"href":"https:\/\/www.sonnenseite.com\/de\/wp-json\/wp\/v2\/posts\/72545","targetHints":{"allow":["GET"]}}],"collection":[{"href":"https:\/\/www.sonnenseite.com\/de\/wp-json\/wp\/v2\/posts"}],"about":[{"href":"https:\/\/www.sonnenseite.com\/de\/wp-json\/wp\/v2\/types\/post"}],"author":[{"embeddable":true,"href":"https:\/\/www.sonnenseite.com\/de\/wp-json\/wp\/v2\/users\/3"}],"replies":[{"embeddable":true,"href":"https:\/\/www.sonnenseite.com\/de\/wp-json\/wp\/v2\/comments?post=72545"}],"version-history":[{"count":5,"href":"https:\/\/www.sonnenseite.com\/de\/wp-json\/wp\/v2\/posts\/72545\/revisions"}],"predecessor-version":[{"id":72558,"href":"https:\/\/www.sonnenseite.com\/de\/wp-json\/wp\/v2\/posts\/72545\/revisions\/72558"}],"wp:featuredmedia":[{"embeddable":true,"href":"https:\/\/www.sonnenseite.com\/de\/wp-json\/wp\/v2\/media\/72548"}],"wp:attachment":[{"href":"https:\/\/www.sonnenseite.com\/de\/wp-json\/wp\/v2\/media?parent=72545"}],"wp:term":[{"taxonomy":"category","embeddable":true,"href":"https:\/\/www.sonnenseite.com\/de\/wp-json\/wp\/v2\/categories?post=72545"},{"taxonomy":"post_tag","embeddable":true,"href":"https:\/\/www.sonnenseite.com\/de\/wp-json\/wp\/v2\/tags?post=72545"}],"curies":[{"name":"wp","href":"https:\/\/api.w.org\/{rel}","templated":true}]}}