{"id":72817,"date":"2021-07-10T14:04:13","date_gmt":"2021-07-10T12:04:13","guid":{"rendered":"https:\/\/www.sonnenseite.com\/?p=72817"},"modified":"2021-07-24T08:58:48","modified_gmt":"2021-07-24T06:58:48","slug":"cdu-csu-ein-wahlprogramm-fuer-die-reichen","status":"publish","type":"post","link":"https:\/\/www.sonnenseite.com\/de\/franz-alt\/kommentare-interviews\/cdu-csu-ein-wahlprogramm-fuer-die-reichen\/","title":{"rendered":"CDU\/CSU: ein Wahlprogramm f\u00fcr die Reichen"},"content":{"rendered":"\n<p><a href=\"https:\/\/www.sueddeutsche.de\/meinung\/cdu-laschet-steuern-mittelschicht-ungleichheit-wahlkampf-1.5346149\">\u201eKaltes Herz\u201c \u00fcberschrieb die S\u00fcddeutsche Zeitung<\/a> einen Leitartikel zum Wahlprogramm der Unionsparteien CDU und CSU. <\/p>\n\n\n\n<p>Die SZ zitiert dabei eine Studie des <a href=\"https:\/\/www.zew.de\/\">Leibniz-Zentrums f\u00fcr Europ\u00e4ische Wirtschaftsforschung (ZEW)<\/a>. Demnach sehen die <a href=\"https:\/\/projekte.sueddeutsche.de\/artikel\/wirtschaft\/steuern-wer-von-den-plaenen-der-parteien-profitiert-e954474\/\">Steuerpl\u00e4ne der deutschen Parteien zur Bundestagswahl im September<\/a> so aus: SPD, Linke und Gr\u00fcne k\u00fcmmern sich eher um die Mehrheit der Bev\u00f6lkerung w\u00e4hrend sich die FDP und die Unionsparteien eher um die Gutverdiener bem\u00fchen.<\/p>\n\n\n\n<p>Die Union will in ihrem Programm Haushalte, die \u00fcber mehr als 12.000 Euro Monatseinkommen verf\u00fcgen um die 5.000 Euro j\u00e4hrlich entlasten, aber Haushalte mit geringerem Einkommen sollen nur um einige wenige hundert Euro pro Jahr entlastet werden. F\u00fcr \u201eC\u201c-Parteien ein erb\u00e4rmliches Programm.<\/p>\n\n\n\n<h5 class=\"wp-block-heading\">Und wie sieht es bei den Umweltthemen aus? <\/h5>\n\n\n\n<p>Das Zauberwort f\u00fcr christliche Parteien hei\u00dft hier \u201eBewahrung der Sch\u00f6pfung\u201c. Das steht formal zwar auch so im Programm der beiden christlichen Parteien. Doch zur praktischen Umsetzung ist so gut wie nichts Fortschrittliches zu finden. Am Kohleausstieg f\u00fcr 2038 wird festgehalten, obwohl alle Klimaforscher sagen, dass dies eine Katastrophe ist. Am Paris-Ziel von 1.5 Grad wird ebenfalls formal festgehalten, aber es werden keine konkreten Schritte zu dessen Erreichung aufgezeigt. Kein rascherer Ausbau von Solar- und Windenergie. Eine Vervierfachung des Ausbau-Tempos w\u00e4re notwendig, um das Paris-Ziel zu erreichen.<\/p>\n\n\n\n<p><strong>Das Zauberwort der Konservativen k\u00f6nnte heute hei\u00dfen:<\/strong> Bewahren, was uns bewahrt. Konkret und praktisch hie\u00dfe das: Die tot gepr\u00fcgelte Windenergie wieder zum Leben erwecken und verstehen, dass Solarenergie Energie von ganz, ganz oben ist, Energie vom Chef selbst. Kostenlose himmlische Energie, weil die Sonne und der Wind keine Rechnung schicken. Und umweltfreundlich und unendlich sind sie dazu. Welch ein konservatives marktwirtschaftliches Zukunftsprogramm! Hinzu kommt, dass Solarstrom inzwischen so preiswert ist, dass dieser Solarstrom Sozialstrom ist.<\/p>\n\n\n\n<p>Was heute konservativ ist, habe ich mit gro\u00dfer Begeisterung und Zustimmung in der katholischen Soziallehre und in der evangelischen Sozialethik gefunden. Konservative orientieren sich an Ma\u00df und Mitte und sind nicht f\u00fcr den Brutal-Kapitalismus anf\u00e4llig (<a href=\"https:\/\/weltkirche.katholisch.de\/Themen\/Welthandel\/Diese-Wirtschaft-t%C3%B6tet\">Papst Franziskus: \u201eDiese Wirtschaft t\u00f6tet\u201c<\/a>)&nbsp; oder sind nicht f\u00fcr sozialistische Massenm\u00f6rder zu begeistern wie Mao Tse-tung oder Ho Chi min. So wie manche Verirrte der 68-er Generation es einst waren.<\/p>\n\n\n\n<p><strong>Doch von alldem ist im Unions-Programm nichts Konkretes zu finden.<\/strong><\/p>\n\n\n\n<h5 class=\"wp-block-heading\">Wertkonservativ statt strukturkonservativ?<\/h5>\n\n\n\n<p>Welchen Beitrag k\u00f6nnte oder m\u00fcsste ein moderner Konservativismus heute in der \u00f6ffentlichen Debatte leisten? Die parteipolitisch Konservativen haben \u2013 von Ausnahmen wie fr\u00fcher Herbert Gruhl in der CDU oder heute Josef G\u00f6ppel in der CSU abgesehen \u2013 die Klimakrise sowie den Umwelt- und Artenschutz \u2013 verschlafen. Schon Heiner Gei\u00dfler erkannte: \u201eWir h\u00e4tten Herbert Gruhl in der CDU halten m\u00fcssen.\u201c <\/p>\n\n\n\n<p>Erst durch die Ernsthaftigkeit und Denkklarheit der \u201eFridays For Future\u201c-Bewegung scheinen auch viele Konservative aufzuwachen. Jetzt gibt es sogar eine <a href=\"https:\/\/www.sonnenseite.com\/de\/politik\/klima-union-energiewende-bis-2030-zum-nulltarif-und-nebenbei-das-klima-retten\/\">Klima-Union von CDU\/CSU-Mitgliedern<\/a>, die ein fortschrittliches Konzept f\u00fcr die solare Energiewende vorgelegt hat. Leider ist aber davon im offiziellen Unions-Wahlprogramm nichts zu finden.<\/p>\n\n\n\n<p>Ma\u00df und Mitte sind seit Sokrates, Aristoteles und Platon die Wesensmerkmale des Konservativen. Aber wo bleiben sie, wenn wir unsere Lebensgrundlagen zerst\u00f6ren? Ach w\u00e4ren die \u201eKonservativen\u201c doch konservativ! Gerade heute! Konservative sagen gerne, dass sie ihre Kinder lieben. Das ist reine Heuchelei, wenn sie gleichzeitig die Zukunft ihrer Kinder verbrennen.<\/p>\n\n\n\n<p>Das Unions-Wahlprogramm liest sich als k\u00e4me \u201ekonservativ\u201c von Konservendose, aber es kommt vom lateinischen \u201econservare\u201c und hei\u00dft bewahren. In der heutigen Umwelt-Situation hei\u00dft konservativ: bewahren, was uns bewahrt.<\/p>\n\n\n\n<h5 class=\"wp-block-heading\">Konservative setzen<\/h5>\n\n\n\n<ul class=\"wp-block-list\"><li>auf Rechtstaatlichkeit, auf Frieden (\u201eDu sollst nicht t\u00f6ten\u201c), auf Menschenrechte, Demokratie und Wahrheit (\u201eDu sollst nicht l\u00fcgen\u201c),<\/li><li>auf Gerechtigkeit, Umweltschutz und Klimaschutz,<\/li><li>k\u00fcmmern sich um sozial Schwache, um Behinderte und Gefl\u00fcchtete wie Angela Merkel,<\/li><li>setzen auf Arbeitspl\u00e4tze f\u00fcr Alle,<\/li><li>gestalten ein Europa des Friedens ohne Waffenexporte in Krisengebiete,<\/li><li>reduzieren \u2013 wie Helmut Kohl es einmal formulierte \u2013 die Militarisierung unserer Gesellschaft (Kohl: \u201eFrieden schaffen mit immer weniger Waffen\u201c) und wollen ein atomwaffenfreies Europa,<\/li><li>engagieren sich \u2013 wie Angela Merkel leider erst nach Fukushima \u2013 f\u00fcr den Ausstieg aus der Atomkraft. Weil sie wissen, dass jedes AKW ein Restrisiko hat und uns damit jeden Tag \u201eden Rest\u201c geben kann.<\/li><li>arbeiten stattdessen an der solaren Energiewende, an einer \u00f6kologischen Verkehrs- und Bau-Wende sowie an einer biologischen Landwirtschaft.<\/li><li>Brauchen keine Feindbilder, weil sie wissen, dass alle Menschen Br\u00fcder und Schwestern sind oder \u2013 religi\u00f6s gesprochen \u2013 Kinder Gottes.<\/li><li>Sie haben ein Weltbild, dem die Idee der&nbsp; e i n e n&nbsp; Menschheit, auf der&nbsp; e i n e n&nbsp; Erde&nbsp; unter e i n e r&nbsp;&nbsp; Sonne zugrunde liegt.<\/li><li>Konservative sind gepr\u00e4gt von einem Menschenbild der Toleranz, der Freiheit und V\u00f6lkerverst\u00e4ndigung, das in den letzten 70 Jahren die \u201eEurop\u00e4ische Union\u201c hervorbrachte. Noch nie hat innerhalb der EU ein Land gegen ein anderes Krieg gef\u00fchrt. Welch ein Vorbild f\u00fcr die heutige Welt.<\/li><li>Konservative wissen, dass die \u00d6kologie die modernere und intelligentere \u00d6konomie ist, weil sie die Folgekosten mit bedenkt.<\/li><\/ul>\n\n\n\n<p>Wirkliche Konservative sind Wertkonservative und nicht Strukturkonservative, denen Institutionen und deren Strukturen wichtiger sind als Werte. Diese wesentliche Unterscheidung stammt vom wertkonservativen Christen und Sozialdemokraten Erhard Eppler.<\/p>\n\n\n\n<p>Das Konservative darf freilich nicht zur Polit-Folklore wie dem zwanghaften Aufh\u00e4ngen von Kreuzen in bayerischen Amtstuben verkommen oder zur schieren Brauchtums-Pflege.<\/p>\n\n\n\n<ul class=\"wp-block-list\"><li><a href=\"https:\/\/www.zew.de\/presse\/pressearchiv\/wer-koennte-von-welcher-regierungsbeteiligung-profitieren\">ZEW &#8222;Wer k\u00f6nnte von welcher Regierungsbeteiligung profitieren&#8220; | ZEW berechnet Wahlvorschl\u00e4ge zur Bundestagswahl<\/a><\/li><li><a href=\"https:\/\/www.sonnenseite.com\/de\/politik\/analyse-zur-bundestagswahl-2021-wenig-aufbruch-fuer-energiewende\/\">&#8222;Analyse zur Bundestagswahl 2021: Wenig Aufbruch f\u00fcr Energiewende&#8220;<\/a> | Taugen die Wahlprogramme zum Aufbruch ins Erneuerbare Energiesystem?<\/li><\/ul>\n\n\n<h5 class=\"green\">Quelle<\/h5>\r\n\n\n\n<p><a href=\"franz_alt@web.de\">FRANZ ALT 2021<\/a><\/p>\n<div class=\"shariff shariff-align-flex-start shariff-widget-align-flex-start\"><div class=\"ShariffHeadline\">Diese Meldung teilen<\/div><ul class=\"shariff-buttons theme-round orientation-horizontal buttonsize-medium\"><li class=\"shariff-button facebook shariff-nocustomcolor\" style=\"background-color:#4273c8;border-radius:1%\"><a href=\"https:\/\/www.facebook.com\/sharer\/sharer.php?u=https%3A%2F%2Fwww.sonnenseite.com%2Fde%2Ffranz-alt%2Fkommentare-interviews%2Fcdu-csu-ein-wahlprogramm-fuer-die-reichen%2F\" title=\"Bei Facebook teilen\" aria-label=\"Bei Facebook teilen\" role=\"button\" rel=\"nofollow\" class=\"shariff-link\" style=\";border-radius:1%; background-color:#3b5998; color:#fff\" target=\"_blank\"><span class=\"shariff-icon\" style=\"\"><svg width=\"32px\" height=\"20px\" xmlns=\"http:\/\/www.w3.org\/2000\/svg\" viewBox=\"0 0 18 32\"><path fill=\"#3b5998\" d=\"M17.1 0.2v4.7h-2.8q-1.5 0-2.1 0.6t-0.5 1.9v3.4h5.2l-0.7 5.3h-4.5v13.6h-5.5v-13.6h-4.5v-5.3h4.5v-3.9q0-3.3 1.9-5.2t5-1.8q2.6 0 4.1 0.2z\"\/><\/svg><\/span><\/a><\/li><li class=\"shariff-button twitter shariff-nocustomcolor\" style=\"background-color:#595959;border-radius:1%\"><a href=\"https:\/\/twitter.com\/share?url=https%3A%2F%2Fwww.sonnenseite.com%2Fde%2Ffranz-alt%2Fkommentare-interviews%2Fcdu-csu-ein-wahlprogramm-fuer-die-reichen%2F&text=CDU%2FCSU%3A%20ein%20Wahlprogramm%20f%C3%BCr%20die%20Reichen\" title=\"Bei X teilen\" aria-label=\"Bei X teilen\" role=\"button\" rel=\"noopener nofollow\" class=\"shariff-link\" style=\";border-radius:1%; background-color:#000; color:#fff\" target=\"_blank\"><span class=\"shariff-icon\" style=\"\"><svg width=\"32px\" height=\"20px\" xmlns=\"http:\/\/www.w3.org\/2000\/svg\" viewBox=\"0 0 24 24\"><path fill=\"#000\" d=\"M14.258 10.152L23.176 0h-2.113l-7.747 8.813L7.133 0H0l9.352 13.328L0 23.973h2.113l8.176-9.309 6.531 9.309h7.133zm-2.895 3.293l-.949-1.328L2.875 1.56h3.246l6.086 8.523.945 1.328 7.91 11.078h-3.246zm0 0\"\/><\/svg><\/span><\/a><\/li><li class=\"shariff-button xing shariff-nocustomcolor\" style=\"background-color:#29888a;border-radius:1%\"><a href=\"https:\/\/www.xing.com\/spi\/shares\/new?url=https%3A%2F%2Fwww.sonnenseite.com%2Fde%2Ffranz-alt%2Fkommentare-interviews%2Fcdu-csu-ein-wahlprogramm-fuer-die-reichen%2F\" title=\"Bei XING teilen\" aria-label=\"Bei XING teilen\" role=\"button\" rel=\"noopener nofollow\" class=\"shariff-link\" style=\";border-radius:1%; background-color:#126567; color:#fff\" target=\"_blank\"><span class=\"shariff-icon\" style=\"\"><svg width=\"32px\" height=\"20px\" xmlns=\"http:\/\/www.w3.org\/2000\/svg\" viewBox=\"0 0 25 32\"><path fill=\"#126567\" d=\"M10.7 11.9q-0.2 0.3-4.6 8.2-0.5 0.8-1.2 0.8h-4.3q-0.4 0-0.5-0.3t0-0.6l4.5-8q0 0 0 0l-2.9-5q-0.2-0.4 0-0.7 0.2-0.3 0.5-0.3h4.3q0.7 0 1.2 0.8zM25.1 0.4q0.2 0.3 0 0.7l-9.4 16.7 6 11q0.2 0.4 0 0.6-0.2 0.3-0.6 0.3h-4.3q-0.7 0-1.2-0.8l-6-11.1q0.3-0.6 9.5-16.8 0.4-0.8 1.2-0.8h4.3q0.4 0 0.5 0.3z\"\/><\/svg><\/span><\/a><\/li><li class=\"shariff-button linkedin shariff-nocustomcolor\" style=\"background-color:#1488bf;border-radius:1%\"><a href=\"https:\/\/www.linkedin.com\/sharing\/share-offsite\/?url=https%3A%2F%2Fwww.sonnenseite.com%2Fde%2Ffranz-alt%2Fkommentare-interviews%2Fcdu-csu-ein-wahlprogramm-fuer-die-reichen%2F\" title=\"Bei LinkedIn teilen\" aria-label=\"Bei LinkedIn teilen\" role=\"button\" rel=\"noopener nofollow\" class=\"shariff-link\" style=\";border-radius:1%; background-color:#0077b5; color:#fff\" target=\"_blank\"><span class=\"shariff-icon\" style=\"\"><svg width=\"32px\" height=\"20px\" xmlns=\"http:\/\/www.w3.org\/2000\/svg\" viewBox=\"0 0 27 32\"><path fill=\"#0077b5\" d=\"M6.2 11.2v17.7h-5.9v-17.7h5.9zM6.6 5.7q0 1.3-0.9 2.2t-2.4 0.9h0q-1.5 0-2.4-0.9t-0.9-2.2 0.9-2.2 2.4-0.9 2.4 0.9 0.9 2.2zM27.4 18.7v10.1h-5.9v-9.5q0-1.9-0.7-2.9t-2.3-1.1q-1.1 0-1.9 0.6t-1.2 1.5q-0.2 0.5-0.2 1.4v9.9h-5.9q0-7.1 0-11.6t0-5.3l0-0.9h5.9v2.6h0q0.4-0.6 0.7-1t1-0.9 1.6-0.8 2-0.3q3 0 4.9 2t1.9 6z\"\/><\/svg><\/span><\/a><\/li><li class=\"shariff-button printer shariff-nocustomcolor\" style=\"background-color:#a8a8a8;border-radius:1%\"><a href=\"javascript:window.print()\" title=\"drucken\" aria-label=\"drucken\" role=\"button\" rel=\"noopener nofollow\" class=\"shariff-link\" style=\";border-radius:1%; background-color:#999; color:#fff\"><span class=\"shariff-icon\" style=\"\"><svg width=\"32px\" height=\"20px\" xmlns=\"http:\/\/www.w3.org\/2000\/svg\" viewBox=\"0 0 30 32\"><path fill=\"#999\" d=\"M6.8 27.4h16v-4.6h-16v4.6zM6.8 16h16v-6.8h-2.8q-0.7 0-1.2-0.5t-0.5-1.2v-2.8h-11.4v11.4zM27.4 17.2q0-0.5-0.3-0.8t-0.8-0.4-0.8 0.4-0.3 0.8 0.3 0.8 0.8 0.3 0.8-0.3 0.3-0.8zM29.7 17.2v7.4q0 0.2-0.2 0.4t-0.4 0.2h-4v2.8q0 0.7-0.5 1.2t-1.2 0.5h-17.2q-0.7 0-1.2-0.5t-0.5-1.2v-2.8h-4q-0.2 0-0.4-0.2t-0.2-0.4v-7.4q0-1.4 1-2.4t2.4-1h1.2v-9.7q0-0.7 0.5-1.2t1.2-0.5h12q0.7 0 1.6 0.4t1.3 0.8l2.7 2.7q0.5 0.5 0.9 1.4t0.4 1.6v4.6h1.1q1.4 0 2.4 1t1 2.4z\"\/><\/svg><\/span><\/a><\/li><li class=\"shariff-button mailto shariff-nocustomcolor\" style=\"background-color:#a8a8a8;border-radius:1%\"><a href=\"mailto:?body=https%3A%2F%2Fwww.sonnenseite.com%2Fde%2Ffranz-alt%2Fkommentare-interviews%2Fcdu-csu-ein-wahlprogramm-fuer-die-reichen%2F&subject=CDU%2FCSU%3A%20ein%20Wahlprogramm%20f%C3%BCr%20die%20Reichen\" title=\"Per E-Mail versenden\" aria-label=\"Per E-Mail versenden\" role=\"button\" rel=\"noopener nofollow\" class=\"shariff-link\" style=\";border-radius:1%; background-color:#999; color:#fff\"><span class=\"shariff-icon\" style=\"\"><svg width=\"32px\" height=\"20px\" xmlns=\"http:\/\/www.w3.org\/2000\/svg\" viewBox=\"0 0 32 32\"><path fill=\"#999\" d=\"M32 12.7v14.2q0 1.2-0.8 2t-2 0.9h-26.3q-1.2 0-2-0.9t-0.8-2v-14.2q0.8 0.9 1.8 1.6 6.5 4.4 8.9 6.1 1 0.8 1.6 1.2t1.7 0.9 2 0.4h0.1q0.9 0 2-0.4t1.7-0.9 1.6-1.2q3-2.2 8.9-6.1 1-0.7 1.8-1.6zM32 7.4q0 1.4-0.9 2.7t-2.2 2.2q-6.7 4.7-8.4 5.8-0.2 0.1-0.7 0.5t-1 0.7-0.9 0.6-1.1 0.5-0.9 0.2h-0.1q-0.4 0-0.9-0.2t-1.1-0.5-0.9-0.6-1-0.7-0.7-0.5q-1.6-1.1-4.7-3.2t-3.6-2.6q-1.1-0.7-2.1-2t-1-2.5q0-1.4 0.7-2.3t2.1-0.9h26.3q1.2 0 2 0.8t0.9 2z\"\/><\/svg><\/span><\/a><\/li><\/ul><\/div>","protected":false},"excerpt":{"rendered":"<p>\u201eKaltes Herz\u201c \u00fcberschrieb die S\u00fcddeutsche Zeitung einen Leitartikel zum Wahlprogramm der Unionsparteien CDU und CSU. Die [&hellip;]<\/p>\n","protected":false},"author":3,"featured_media":24740,"comment_status":"closed","ping_status":"closed","sticky":false,"template":"","format":"standard","meta":{"inline_featured_image":false,"footnotes":""},"categories":[29],"tags":[],"class_list":["post-72817","post","type-post","status-publish","format-standard","has-post-thumbnail","hentry","category-kommentare-interviews"],"yoast_head":"<!-- This site is optimized with the Yoast SEO plugin v26.5 - https:\/\/yoast.com\/wordpress\/plugins\/seo\/ -->\n<title>CDU\/CSU: ein Wahlprogramm f\u00fcr die Reichen - Sonnenseite - \u00d6kologische Kommunikation mit Franz Alt<\/title>\n<meta name=\"description\" content=\"\u201eKaltes Herz\u201c \u00fcberschrieb die S\u00fcddeutsche Zeitung einen Leitartikel zum Wahlprogramm der Unionsparteien CDU und CSU. Die SZ zitiert dabei eine Studie des\" \/>\n<meta name=\"robots\" content=\"index, follow, max-snippet:-1, max-image-preview:large, max-video-preview:-1\" \/>\n<link rel=\"canonical\" href=\"https:\/\/www.sonnenseite.com\/de\/franz-alt\/kommentare-interviews\/cdu-csu-ein-wahlprogramm-fuer-die-reichen\/\" \/>\n<meta property=\"og:locale\" content=\"de_DE\" \/>\n<meta property=\"og:type\" content=\"article\" \/>\n<meta property=\"og:title\" content=\"CDU\/CSU: ein Wahlprogramm f\u00fcr die Reichen - Sonnenseite - \u00d6kologische Kommunikation mit Franz Alt\" \/>\n<meta property=\"og:description\" content=\"\u201eKaltes Herz\u201c \u00fcberschrieb die S\u00fcddeutsche Zeitung einen Leitartikel zum Wahlprogramm der Unionsparteien CDU und CSU. Die SZ zitiert dabei eine Studie des\" \/>\n<meta property=\"og:url\" content=\"https:\/\/www.sonnenseite.com\/de\/franz-alt\/kommentare-interviews\/cdu-csu-ein-wahlprogramm-fuer-die-reichen\/\" \/>\n<meta property=\"og:site_name\" content=\"Sonnenseite\" \/>\n<meta property=\"article:publisher\" content=\"https:\/\/www.facebook.com\/pages\/Franz-Alt-SONNENSEITECOM\/221072987903953?fref=ts\" \/>\n<meta property=\"article:published_time\" content=\"2021-07-10T12:04:13+00:00\" \/>\n<meta property=\"article:modified_time\" content=\"2021-07-24T06:58:48+00:00\" \/>\n<meta property=\"og:image\" content=\"https:\/\/www.sonnenseite.com\/wp-content\/uploads\/2017\/09\/Wahl_sdecoret.jpg\" \/>\n\t<meta property=\"og:image:width\" content=\"770\" \/>\n\t<meta property=\"og:image:height\" content=\"420\" \/>\n\t<meta property=\"og:image:type\" content=\"image\/jpeg\" \/>\n<meta name=\"author\" content=\"Bigi Alt\" \/>\n<meta name=\"twitter:card\" content=\"summary_large_image\" \/>\n<meta name=\"twitter:creator\" content=\"@franzalt\" \/>\n<meta name=\"twitter:site\" content=\"@franzalt\" \/>\n<meta name=\"twitter:label1\" content=\"Verfasst von\" \/>\n\t<meta name=\"twitter:data1\" content=\"Bigi Alt\" \/>\n\t<meta name=\"twitter:label2\" content=\"Gesch\u00e4tzte Lesezeit\" \/>\n\t<meta name=\"twitter:data2\" content=\"4\u00a0Minuten\" \/>\n<script type=\"application\/ld+json\" class=\"yoast-schema-graph\">{\"@context\":\"https:\/\/schema.org\",\"@graph\":[{\"@type\":\"Article\",\"@id\":\"https:\/\/www.sonnenseite.com\/de\/franz-alt\/kommentare-interviews\/cdu-csu-ein-wahlprogramm-fuer-die-reichen\/#article\",\"isPartOf\":{\"@id\":\"https:\/\/www.sonnenseite.com\/de\/franz-alt\/kommentare-interviews\/cdu-csu-ein-wahlprogramm-fuer-die-reichen\/\"},\"author\":{\"name\":\"Bigi Alt\",\"@id\":\"https:\/\/www.sonnenseite.com\/de\/#\/schema\/person\/50fda0e926597684c7cc6695238a4eb9\"},\"headline\":\"CDU\/CSU: ein Wahlprogramm f\u00fcr die Reichen\",\"datePublished\":\"2021-07-10T12:04:13+00:00\",\"dateModified\":\"2021-07-24T06:58:48+00:00\",\"mainEntityOfPage\":{\"@id\":\"https:\/\/www.sonnenseite.com\/de\/franz-alt\/kommentare-interviews\/cdu-csu-ein-wahlprogramm-fuer-die-reichen\/\"},\"wordCount\":912,\"publisher\":{\"@id\":\"https:\/\/www.sonnenseite.com\/de\/#organization\"},\"image\":{\"@id\":\"https:\/\/www.sonnenseite.com\/de\/franz-alt\/kommentare-interviews\/cdu-csu-ein-wahlprogramm-fuer-die-reichen\/#primaryimage\"},\"thumbnailUrl\":\"https:\/\/www.sonnenseite.com\/wp-content\/uploads\/2017\/09\/Wahl_sdecoret.jpg\",\"articleSection\":[\"Kommentare &amp; Interviews\"],\"inLanguage\":\"de\"},{\"@type\":\"WebPage\",\"@id\":\"https:\/\/www.sonnenseite.com\/de\/franz-alt\/kommentare-interviews\/cdu-csu-ein-wahlprogramm-fuer-die-reichen\/\",\"url\":\"https:\/\/www.sonnenseite.com\/de\/franz-alt\/kommentare-interviews\/cdu-csu-ein-wahlprogramm-fuer-die-reichen\/\",\"name\":\"CDU\/CSU: ein Wahlprogramm f\u00fcr die Reichen - Sonnenseite - \u00d6kologische Kommunikation mit Franz Alt\",\"isPartOf\":{\"@id\":\"https:\/\/www.sonnenseite.com\/de\/#website\"},\"primaryImageOfPage\":{\"@id\":\"https:\/\/www.sonnenseite.com\/de\/franz-alt\/kommentare-interviews\/cdu-csu-ein-wahlprogramm-fuer-die-reichen\/#primaryimage\"},\"image\":{\"@id\":\"https:\/\/www.sonnenseite.com\/de\/franz-alt\/kommentare-interviews\/cdu-csu-ein-wahlprogramm-fuer-die-reichen\/#primaryimage\"},\"thumbnailUrl\":\"https:\/\/www.sonnenseite.com\/wp-content\/uploads\/2017\/09\/Wahl_sdecoret.jpg\",\"datePublished\":\"2021-07-10T12:04:13+00:00\",\"dateModified\":\"2021-07-24T06:58:48+00:00\",\"description\":\"\u201eKaltes Herz\u201c \u00fcberschrieb die S\u00fcddeutsche Zeitung einen Leitartikel zum Wahlprogramm der Unionsparteien CDU und CSU. Die SZ zitiert dabei eine Studie des\",\"breadcrumb\":{\"@id\":\"https:\/\/www.sonnenseite.com\/de\/franz-alt\/kommentare-interviews\/cdu-csu-ein-wahlprogramm-fuer-die-reichen\/#breadcrumb\"},\"inLanguage\":\"de\",\"potentialAction\":[{\"@type\":\"ReadAction\",\"target\":[\"https:\/\/www.sonnenseite.com\/de\/franz-alt\/kommentare-interviews\/cdu-csu-ein-wahlprogramm-fuer-die-reichen\/\"]}]},{\"@type\":\"ImageObject\",\"inLanguage\":\"de\",\"@id\":\"https:\/\/www.sonnenseite.com\/de\/franz-alt\/kommentare-interviews\/cdu-csu-ein-wahlprogramm-fuer-die-reichen\/#primaryimage\",\"url\":\"https:\/\/www.sonnenseite.com\/wp-content\/uploads\/2017\/09\/Wahl_sdecoret.jpg\",\"contentUrl\":\"https:\/\/www.sonnenseite.com\/wp-content\/uploads\/2017\/09\/Wahl_sdecoret.jpg\",\"width\":770,\"height\":420,\"caption\":\"Fotolia.com | sdecoret\"},{\"@type\":\"BreadcrumbList\",\"@id\":\"https:\/\/www.sonnenseite.com\/de\/franz-alt\/kommentare-interviews\/cdu-csu-ein-wahlprogramm-fuer-die-reichen\/#breadcrumb\",\"itemListElement\":[{\"@type\":\"ListItem\",\"position\":1,\"name\":\"Startseite\",\"item\":\"https:\/\/www.sonnenseite.com\/de\/\"},{\"@type\":\"ListItem\",\"position\":2,\"name\":\"CDU\/CSU: ein Wahlprogramm f\u00fcr die Reichen\"}]},{\"@type\":\"WebSite\",\"@id\":\"https:\/\/www.sonnenseite.com\/de\/#website\",\"url\":\"https:\/\/www.sonnenseite.com\/de\/\",\"name\":\"Sonnenseite\",\"description\":\"\u00d6kologische Kommunikation mit Franz Alt\",\"publisher\":{\"@id\":\"https:\/\/www.sonnenseite.com\/de\/#organization\"},\"potentialAction\":[{\"@type\":\"SearchAction\",\"target\":{\"@type\":\"EntryPoint\",\"urlTemplate\":\"https:\/\/www.sonnenseite.com\/de\/?s={search_term_string}\"},\"query-input\":{\"@type\":\"PropertyValueSpecification\",\"valueRequired\":true,\"valueName\":\"search_term_string\"}}],\"inLanguage\":\"de\"},{\"@type\":\"Organization\",\"@id\":\"https:\/\/www.sonnenseite.com\/de\/#organization\",\"name\":\"Sonnenseite\",\"url\":\"https:\/\/www.sonnenseite.com\/de\/\",\"logo\":{\"@type\":\"ImageObject\",\"inLanguage\":\"de\",\"@id\":\"https:\/\/www.sonnenseite.com\/de\/#\/schema\/logo\/image\/\",\"url\":\"https:\/\/www.sonnenseite.com\/wp-content\/uploads\/2020\/05\/Sonnenseite_Logo.png\",\"contentUrl\":\"https:\/\/www.sonnenseite.com\/wp-content\/uploads\/2020\/05\/Sonnenseite_Logo.png\",\"width\":377,\"height\":90,\"caption\":\"Sonnenseite\"},\"image\":{\"@id\":\"https:\/\/www.sonnenseite.com\/de\/#\/schema\/logo\/image\/\"},\"sameAs\":[\"https:\/\/www.facebook.com\/pages\/Franz-Alt-SONNENSEITECOM\/221072987903953?fref=ts\",\"https:\/\/x.com\/franzalt\",\"http:\/\/www.youtube.com\/results?search_query&amp;amp;quot;franz_alt&amp;amp;quot;&amp;amp;amp;amp;search_type&amp;amp;amp;amp;aq=f\"]},{\"@type\":\"Person\",\"@id\":\"https:\/\/www.sonnenseite.com\/de\/#\/schema\/person\/50fda0e926597684c7cc6695238a4eb9\",\"name\":\"Bigi Alt\"}]}<\/script>\n<!-- \/ Yoast SEO plugin. -->","yoast_head_json":{"title":"CDU\/CSU: ein Wahlprogramm f\u00fcr die Reichen - Sonnenseite - \u00d6kologische Kommunikation mit Franz Alt","description":"\u201eKaltes Herz\u201c \u00fcberschrieb die S\u00fcddeutsche Zeitung einen Leitartikel zum Wahlprogramm der Unionsparteien CDU und CSU. Die SZ zitiert dabei eine Studie des","robots":{"index":"index","follow":"follow","max-snippet":"max-snippet:-1","max-image-preview":"max-image-preview:large","max-video-preview":"max-video-preview:-1"},"canonical":"https:\/\/www.sonnenseite.com\/de\/franz-alt\/kommentare-interviews\/cdu-csu-ein-wahlprogramm-fuer-die-reichen\/","og_locale":"de_DE","og_type":"article","og_title":"CDU\/CSU: ein Wahlprogramm f\u00fcr die Reichen - Sonnenseite - \u00d6kologische Kommunikation mit Franz Alt","og_description":"\u201eKaltes Herz\u201c \u00fcberschrieb die S\u00fcddeutsche Zeitung einen Leitartikel zum Wahlprogramm der Unionsparteien CDU und CSU. Die SZ zitiert dabei eine Studie des","og_url":"https:\/\/www.sonnenseite.com\/de\/franz-alt\/kommentare-interviews\/cdu-csu-ein-wahlprogramm-fuer-die-reichen\/","og_site_name":"Sonnenseite","article_publisher":"https:\/\/www.facebook.com\/pages\/Franz-Alt-SONNENSEITECOM\/221072987903953?fref=ts","article_published_time":"2021-07-10T12:04:13+00:00","article_modified_time":"2021-07-24T06:58:48+00:00","og_image":[{"width":770,"height":420,"url":"https:\/\/www.sonnenseite.com\/wp-content\/uploads\/2017\/09\/Wahl_sdecoret.jpg","type":"image\/jpeg"}],"author":"Bigi Alt","twitter_card":"summary_large_image","twitter_creator":"@franzalt","twitter_site":"@franzalt","twitter_misc":{"Verfasst von":"Bigi Alt","Gesch\u00e4tzte Lesezeit":"4\u00a0Minuten"},"schema":{"@context":"https:\/\/schema.org","@graph":[{"@type":"Article","@id":"https:\/\/www.sonnenseite.com\/de\/franz-alt\/kommentare-interviews\/cdu-csu-ein-wahlprogramm-fuer-die-reichen\/#article","isPartOf":{"@id":"https:\/\/www.sonnenseite.com\/de\/franz-alt\/kommentare-interviews\/cdu-csu-ein-wahlprogramm-fuer-die-reichen\/"},"author":{"name":"Bigi Alt","@id":"https:\/\/www.sonnenseite.com\/de\/#\/schema\/person\/50fda0e926597684c7cc6695238a4eb9"},"headline":"CDU\/CSU: ein Wahlprogramm f\u00fcr die Reichen","datePublished":"2021-07-10T12:04:13+00:00","dateModified":"2021-07-24T06:58:48+00:00","mainEntityOfPage":{"@id":"https:\/\/www.sonnenseite.com\/de\/franz-alt\/kommentare-interviews\/cdu-csu-ein-wahlprogramm-fuer-die-reichen\/"},"wordCount":912,"publisher":{"@id":"https:\/\/www.sonnenseite.com\/de\/#organization"},"image":{"@id":"https:\/\/www.sonnenseite.com\/de\/franz-alt\/kommentare-interviews\/cdu-csu-ein-wahlprogramm-fuer-die-reichen\/#primaryimage"},"thumbnailUrl":"https:\/\/www.sonnenseite.com\/wp-content\/uploads\/2017\/09\/Wahl_sdecoret.jpg","articleSection":["Kommentare &amp; Interviews"],"inLanguage":"de"},{"@type":"WebPage","@id":"https:\/\/www.sonnenseite.com\/de\/franz-alt\/kommentare-interviews\/cdu-csu-ein-wahlprogramm-fuer-die-reichen\/","url":"https:\/\/www.sonnenseite.com\/de\/franz-alt\/kommentare-interviews\/cdu-csu-ein-wahlprogramm-fuer-die-reichen\/","name":"CDU\/CSU: ein Wahlprogramm f\u00fcr die Reichen - Sonnenseite - \u00d6kologische Kommunikation mit Franz Alt","isPartOf":{"@id":"https:\/\/www.sonnenseite.com\/de\/#website"},"primaryImageOfPage":{"@id":"https:\/\/www.sonnenseite.com\/de\/franz-alt\/kommentare-interviews\/cdu-csu-ein-wahlprogramm-fuer-die-reichen\/#primaryimage"},"image":{"@id":"https:\/\/www.sonnenseite.com\/de\/franz-alt\/kommentare-interviews\/cdu-csu-ein-wahlprogramm-fuer-die-reichen\/#primaryimage"},"thumbnailUrl":"https:\/\/www.sonnenseite.com\/wp-content\/uploads\/2017\/09\/Wahl_sdecoret.jpg","datePublished":"2021-07-10T12:04:13+00:00","dateModified":"2021-07-24T06:58:48+00:00","description":"\u201eKaltes Herz\u201c \u00fcberschrieb die S\u00fcddeutsche Zeitung einen Leitartikel zum Wahlprogramm der Unionsparteien CDU und CSU. Die SZ zitiert dabei eine Studie des","breadcrumb":{"@id":"https:\/\/www.sonnenseite.com\/de\/franz-alt\/kommentare-interviews\/cdu-csu-ein-wahlprogramm-fuer-die-reichen\/#breadcrumb"},"inLanguage":"de","potentialAction":[{"@type":"ReadAction","target":["https:\/\/www.sonnenseite.com\/de\/franz-alt\/kommentare-interviews\/cdu-csu-ein-wahlprogramm-fuer-die-reichen\/"]}]},{"@type":"ImageObject","inLanguage":"de","@id":"https:\/\/www.sonnenseite.com\/de\/franz-alt\/kommentare-interviews\/cdu-csu-ein-wahlprogramm-fuer-die-reichen\/#primaryimage","url":"https:\/\/www.sonnenseite.com\/wp-content\/uploads\/2017\/09\/Wahl_sdecoret.jpg","contentUrl":"https:\/\/www.sonnenseite.com\/wp-content\/uploads\/2017\/09\/Wahl_sdecoret.jpg","width":770,"height":420,"caption":"Fotolia.com | sdecoret"},{"@type":"BreadcrumbList","@id":"https:\/\/www.sonnenseite.com\/de\/franz-alt\/kommentare-interviews\/cdu-csu-ein-wahlprogramm-fuer-die-reichen\/#breadcrumb","itemListElement":[{"@type":"ListItem","position":1,"name":"Startseite","item":"https:\/\/www.sonnenseite.com\/de\/"},{"@type":"ListItem","position":2,"name":"CDU\/CSU: ein Wahlprogramm f\u00fcr die Reichen"}]},{"@type":"WebSite","@id":"https:\/\/www.sonnenseite.com\/de\/#website","url":"https:\/\/www.sonnenseite.com\/de\/","name":"Sonnenseite","description":"\u00d6kologische Kommunikation mit Franz Alt","publisher":{"@id":"https:\/\/www.sonnenseite.com\/de\/#organization"},"potentialAction":[{"@type":"SearchAction","target":{"@type":"EntryPoint","urlTemplate":"https:\/\/www.sonnenseite.com\/de\/?s={search_term_string}"},"query-input":{"@type":"PropertyValueSpecification","valueRequired":true,"valueName":"search_term_string"}}],"inLanguage":"de"},{"@type":"Organization","@id":"https:\/\/www.sonnenseite.com\/de\/#organization","name":"Sonnenseite","url":"https:\/\/www.sonnenseite.com\/de\/","logo":{"@type":"ImageObject","inLanguage":"de","@id":"https:\/\/www.sonnenseite.com\/de\/#\/schema\/logo\/image\/","url":"https:\/\/www.sonnenseite.com\/wp-content\/uploads\/2020\/05\/Sonnenseite_Logo.png","contentUrl":"https:\/\/www.sonnenseite.com\/wp-content\/uploads\/2020\/05\/Sonnenseite_Logo.png","width":377,"height":90,"caption":"Sonnenseite"},"image":{"@id":"https:\/\/www.sonnenseite.com\/de\/#\/schema\/logo\/image\/"},"sameAs":["https:\/\/www.facebook.com\/pages\/Franz-Alt-SONNENSEITECOM\/221072987903953?fref=ts","https:\/\/x.com\/franzalt","http:\/\/www.youtube.com\/results?search_query&amp;amp;quot;franz_alt&amp;amp;quot;&amp;amp;amp;amp;search_type&amp;amp;amp;amp;aq=f"]},{"@type":"Person","@id":"https:\/\/www.sonnenseite.com\/de\/#\/schema\/person\/50fda0e926597684c7cc6695238a4eb9","name":"Bigi Alt"}]}},"_links":{"self":[{"href":"https:\/\/www.sonnenseite.com\/de\/wp-json\/wp\/v2\/posts\/72817","targetHints":{"allow":["GET"]}}],"collection":[{"href":"https:\/\/www.sonnenseite.com\/de\/wp-json\/wp\/v2\/posts"}],"about":[{"href":"https:\/\/www.sonnenseite.com\/de\/wp-json\/wp\/v2\/types\/post"}],"author":[{"embeddable":true,"href":"https:\/\/www.sonnenseite.com\/de\/wp-json\/wp\/v2\/users\/3"}],"replies":[{"embeddable":true,"href":"https:\/\/www.sonnenseite.com\/de\/wp-json\/wp\/v2\/comments?post=72817"}],"version-history":[{"count":6,"href":"https:\/\/www.sonnenseite.com\/de\/wp-json\/wp\/v2\/posts\/72817\/revisions"}],"predecessor-version":[{"id":72827,"href":"https:\/\/www.sonnenseite.com\/de\/wp-json\/wp\/v2\/posts\/72817\/revisions\/72827"}],"wp:featuredmedia":[{"embeddable":true,"href":"https:\/\/www.sonnenseite.com\/de\/wp-json\/wp\/v2\/media\/24740"}],"wp:attachment":[{"href":"https:\/\/www.sonnenseite.com\/de\/wp-json\/wp\/v2\/media?parent=72817"}],"wp:term":[{"taxonomy":"category","embeddable":true,"href":"https:\/\/www.sonnenseite.com\/de\/wp-json\/wp\/v2\/categories?post=72817"},{"taxonomy":"post_tag","embeddable":true,"href":"https:\/\/www.sonnenseite.com\/de\/wp-json\/wp\/v2\/tags?post=72817"}],"curies":[{"name":"wp","href":"https:\/\/api.w.org\/{rel}","templated":true}]}}