{"id":72956,"date":"2021-07-16T05:43:00","date_gmt":"2021-07-16T03:43:00","guid":{"rendered":"https:\/\/www.sonnenseite.com\/?p=72956"},"modified":"2021-07-24T08:57:48","modified_gmt":"2021-07-24T06:57:48","slug":"die-stromluege-des-peter-altmaier","status":"publish","type":"post","link":"https:\/\/www.sonnenseite.com\/de\/franz-alt\/kommentare-interviews\/die-stromluege-des-peter-altmaier\/","title":{"rendered":"Die Stroml\u00fcge des Peter Altmaier"},"content":{"rendered":"\n<p>Deutschland braucht in Zukunft viel mehr Strom als es die Bundesregierung bisher angab. Jetzt musste diese ganz <a href=\"https:\/\/www.sonnenseite.com\/de\/politik\/altmaier-setzt-stromverbrauch-um-zwoelf-prozent-hoch\/\">\u00fcberraschende Erkenntnis auch Wirtschaftsminister Peter Altmaier<\/a> in einer Pressekonferenz eingestehen. <\/p>\n\n\n\n<p>Mehr noch: Was uns der Wirtschaftsminister bisher dazu erz\u00e4hlte, war ein glatte L\u00fcge. Der Minister verkauft die L\u00fcge jetzt nat\u00fcrlich als \u201eFehlprognose\u201c. <\/p>\n\n\n\n<p><strong>Bis 2030 braucht Deutschland 20 bis 30 Prozent mehr Strom als die Bundesregierung bisher vorgab. Aber:<\/strong><\/p>\n\n\n\n<ul class=\"wp-block-list\"><li>Dieselbe Bundesregierung hat seit Jahren Elektro-Autos gefordert und gef\u00f6rdert und gibt sich jetzt ganz \u00fcberrascht, dass die Deutschen auch welche kaufen. Kann es sein, dass der Wirtschaftsminister nicht gewusst hat, dass E-Autos auch Strom brauchen?<\/li><li>Dieselbe Bunderegierung fordert und f\u00f6rdert seit Jahren auch elektrische W\u00e4rmepumpen als Ersatz f\u00fcr \u00d6l- und Gas\u00f6fen und will nicht gewusst haben, dass daf\u00fcr auch Strom ben\u00f6tigt wird?<\/li><li>Dieselbe Bundesregierung hat seit Jahren eine \u201eWasserstoff-Strategie\u201c und hat \u00fcbersehen, dass zur Produktion desselben auch gr\u00fcner Strom ben\u00f6tigt wird?<\/li><\/ul>\n\n\n\n<h5 class=\"wp-block-heading\">F\u00fcr wie dumm h\u00e4lt diese Regierung eigentlich ihr Volk und ihre W\u00e4hlerinnen und W\u00e4hler?<\/h5>\n\n\n\n<p>Altmaier hatte bisher angek\u00fcndigt, Wasserstoff importieren zu wollen, obwohl sp\u00e4testens seit der Pleite von \u201eDesertec\u201c klar war, dass diese Strategie nicht funktionieren kann. Was der Minister jetzt korrigieren musste, war keine \u201eFehlprognose\u201c, es war schlicht eine L\u00fcge, die Stroml\u00fcge.<\/p>\n\n\n\n<p>Zweifellos ist all dies, was jede Zeitungsleserin und jeder Leser wei\u00df, auch den Regierenden schon immer bekannt. Es gibt f\u00fcr dieses Regierungsversagen nur eine rationale Erkl\u00e4rung: <a href=\"https:\/\/www.sonnenseite.com\/de\/tipps\/lobbyland\/\">Deutschland ist Lobby-Land<\/a>, ein Land, dessen Regierung vor den W\u00fcnschen der alten Energiewirtschaft, die den raschen Ausbau erneuerbaren Energien immer noch bremsen will, in die Knie geht. Nur so kann man den Kohleausstieg auf 2038 verschieben.<\/p>\n\n\n\n<p>Selbst die Stromwirtschaft hat schon im Juni angek\u00fcndigt, dass Deutschland bis 2030 um die 700 Terawattstunden Strom brauchen wird. Die Umweltverb\u00e4nde sagen dies schon seit Jahren. &nbsp;Doch Peter Altmaier blieb bislang bei seinen angek\u00fcndigten 580 Terawattstunden im Jahr 2030.<\/p>\n\n\n\n<ul class=\"wp-block-list\"><li>Der fr\u00fchere Umweltminister Altmaier soll nicht gewusst haben, dass E-Autos mit Strom fahren und W\u00e4rmepumpen elektrisch betrieben werden? <\/li><li>Und dass zum Erreichen der Klimaziele daf\u00fcr nur erneuerbarer Strom in Frage kommen kann? <\/li><\/ul>\n\n\n\n<p>Er hat nat\u00fcrlich genauso gewusst, dass die <a href=\"https:\/\/www.sonnenseite.com\/de\/politik\/eu-klimapaket-anspruchsvollste-klimagesetze-weltweit\/\">EU in diesen Tagen ihre Klimaziele nochmal versch\u00e4rfen<\/a> wird.<\/p>\n\n\n\n<p>Jetzt endlich machte <a href=\"https:\/\/www.bmwi.de\/Redaktion\/DE\/Pressemitteilungen\/2021\/07\/20210713-erste-abschaetzungen-stromverbrauch-2030.html\">Altmaier auf einer Pressekonferenz in seinem Ministerium<\/a> klar, was er bisher \u2013 wohl auf Druck der alten Energie-Lobby &#8211; verschwiegen hat: Dass wir rasch mehr Sonnen- und Windenergie brauchen. Das Ausbautempo muss vervierfacht werden, sagen die Fachleute schon lange.<\/p>\n\n\n\n<h5 class=\"wp-block-heading\">Politik ist die \u201eKunst des M\u00f6glichen\u201c? <\/h5>\n\n\n\n<p>Politik ist die Kunst, das Notwendige rechtzeitig zu tun.<\/p>\n\n\n\n<p>Die Chefin des Bundesverbandes der Deutschen Energie-und Wasserwirtschaft (BDEW), Kerstin Andreae, k\u00fcndigte ebenfalls an, dass die bisherigen b\u00fcrokratischen Hemmnisse f\u00fcr den Ausbau der Solar- und Windenergie beseitigt werden m\u00fcssen. Die Gr\u00fcnen-Politikerin Julia Verlinden: \u201eJetzt ist es wirklich un\u00fcbersehbar: Der von der Koalition gedeckelte Ausbau der Erneuerbaren reicht hinten und vorn nicht, um die Klimaziele zu erreichen\u201c.<\/p>\n\n\n\n<p>Nachdem Peter Altmaier bisher den notwendigen Ausbau der Erneuerbaren verschlafen oder weggelogen hat, macht er jetzt klar: \u201eDie n\u00e4chste Bundesregierung muss sich \u201ein erheblichem Umfang damit besch\u00e4ftigen\u201c. Die Nachfolger sollen es also richten. So kann man sich auch aus der Verantwortung stehlen.<\/p>\n\n\n<h5 class=\"green\">Quelle<\/h5>\r\n\n\n\n<p><a href=\"franz_alt@web.de\">FRANZ ALT 2021<\/a><\/p>\n<div class=\"shariff shariff-align-flex-start shariff-widget-align-flex-start\"><div class=\"ShariffHeadline\">Diese Meldung teilen<\/div><ul class=\"shariff-buttons theme-round orientation-horizontal buttonsize-medium\"><li class=\"shariff-button facebook shariff-nocustomcolor\" style=\"background-color:#4273c8;border-radius:1%\"><a href=\"https:\/\/www.facebook.com\/sharer\/sharer.php?u=https%3A%2F%2Fwww.sonnenseite.com%2Fde%2Ffranz-alt%2Fkommentare-interviews%2Fdie-stromluege-des-peter-altmaier%2F\" title=\"Bei Facebook teilen\" aria-label=\"Bei Facebook teilen\" role=\"button\" rel=\"nofollow\" class=\"shariff-link\" style=\";border-radius:1%; background-color:#3b5998; color:#fff\" target=\"_blank\"><span class=\"shariff-icon\" style=\"\"><svg width=\"32px\" height=\"20px\" xmlns=\"http:\/\/www.w3.org\/2000\/svg\" viewBox=\"0 0 18 32\"><path fill=\"#3b5998\" d=\"M17.1 0.2v4.7h-2.8q-1.5 0-2.1 0.6t-0.5 1.9v3.4h5.2l-0.7 5.3h-4.5v13.6h-5.5v-13.6h-4.5v-5.3h4.5v-3.9q0-3.3 1.9-5.2t5-1.8q2.6 0 4.1 0.2z\"\/><\/svg><\/span><\/a><\/li><li class=\"shariff-button twitter shariff-nocustomcolor\" style=\"background-color:#595959;border-radius:1%\"><a href=\"https:\/\/twitter.com\/share?url=https%3A%2F%2Fwww.sonnenseite.com%2Fde%2Ffranz-alt%2Fkommentare-interviews%2Fdie-stromluege-des-peter-altmaier%2F&text=Die%20Stroml%C3%BCge%20des%20Peter%20Altmaier\" title=\"Bei X teilen\" aria-label=\"Bei X teilen\" role=\"button\" rel=\"noopener nofollow\" class=\"shariff-link\" style=\";border-radius:1%; background-color:#000; color:#fff\" target=\"_blank\"><span class=\"shariff-icon\" style=\"\"><svg width=\"32px\" height=\"20px\" xmlns=\"http:\/\/www.w3.org\/2000\/svg\" viewBox=\"0 0 24 24\"><path fill=\"#000\" d=\"M14.258 10.152L23.176 0h-2.113l-7.747 8.813L7.133 0H0l9.352 13.328L0 23.973h2.113l8.176-9.309 6.531 9.309h7.133zm-2.895 3.293l-.949-1.328L2.875 1.56h3.246l6.086 8.523.945 1.328 7.91 11.078h-3.246zm0 0\"\/><\/svg><\/span><\/a><\/li><li class=\"shariff-button xing shariff-nocustomcolor\" style=\"background-color:#29888a;border-radius:1%\"><a href=\"https:\/\/www.xing.com\/spi\/shares\/new?url=https%3A%2F%2Fwww.sonnenseite.com%2Fde%2Ffranz-alt%2Fkommentare-interviews%2Fdie-stromluege-des-peter-altmaier%2F\" title=\"Bei XING teilen\" aria-label=\"Bei XING teilen\" role=\"button\" rel=\"noopener nofollow\" class=\"shariff-link\" style=\";border-radius:1%; background-color:#126567; color:#fff\" target=\"_blank\"><span class=\"shariff-icon\" style=\"\"><svg width=\"32px\" height=\"20px\" xmlns=\"http:\/\/www.w3.org\/2000\/svg\" viewBox=\"0 0 25 32\"><path fill=\"#126567\" d=\"M10.7 11.9q-0.2 0.3-4.6 8.2-0.5 0.8-1.2 0.8h-4.3q-0.4 0-0.5-0.3t0-0.6l4.5-8q0 0 0 0l-2.9-5q-0.2-0.4 0-0.7 0.2-0.3 0.5-0.3h4.3q0.7 0 1.2 0.8zM25.1 0.4q0.2 0.3 0 0.7l-9.4 16.7 6 11q0.2 0.4 0 0.6-0.2 0.3-0.6 0.3h-4.3q-0.7 0-1.2-0.8l-6-11.1q0.3-0.6 9.5-16.8 0.4-0.8 1.2-0.8h4.3q0.4 0 0.5 0.3z\"\/><\/svg><\/span><\/a><\/li><li class=\"shariff-button linkedin shariff-nocustomcolor\" style=\"background-color:#1488bf;border-radius:1%\"><a href=\"https:\/\/www.linkedin.com\/sharing\/share-offsite\/?url=https%3A%2F%2Fwww.sonnenseite.com%2Fde%2Ffranz-alt%2Fkommentare-interviews%2Fdie-stromluege-des-peter-altmaier%2F\" title=\"Bei LinkedIn teilen\" aria-label=\"Bei LinkedIn teilen\" role=\"button\" rel=\"noopener nofollow\" class=\"shariff-link\" style=\";border-radius:1%; background-color:#0077b5; color:#fff\" target=\"_blank\"><span class=\"shariff-icon\" style=\"\"><svg width=\"32px\" height=\"20px\" xmlns=\"http:\/\/www.w3.org\/2000\/svg\" viewBox=\"0 0 27 32\"><path fill=\"#0077b5\" d=\"M6.2 11.2v17.7h-5.9v-17.7h5.9zM6.6 5.7q0 1.3-0.9 2.2t-2.4 0.9h0q-1.5 0-2.4-0.9t-0.9-2.2 0.9-2.2 2.4-0.9 2.4 0.9 0.9 2.2zM27.4 18.7v10.1h-5.9v-9.5q0-1.9-0.7-2.9t-2.3-1.1q-1.1 0-1.9 0.6t-1.2 1.5q-0.2 0.5-0.2 1.4v9.9h-5.9q0-7.1 0-11.6t0-5.3l0-0.9h5.9v2.6h0q0.4-0.6 0.7-1t1-0.9 1.6-0.8 2-0.3q3 0 4.9 2t1.9 6z\"\/><\/svg><\/span><\/a><\/li><li class=\"shariff-button printer shariff-nocustomcolor\" style=\"background-color:#a8a8a8;border-radius:1%\"><a href=\"javascript:window.print()\" title=\"drucken\" aria-label=\"drucken\" role=\"button\" rel=\"noopener nofollow\" class=\"shariff-link\" style=\";border-radius:1%; background-color:#999; color:#fff\"><span class=\"shariff-icon\" style=\"\"><svg width=\"32px\" height=\"20px\" xmlns=\"http:\/\/www.w3.org\/2000\/svg\" viewBox=\"0 0 30 32\"><path fill=\"#999\" d=\"M6.8 27.4h16v-4.6h-16v4.6zM6.8 16h16v-6.8h-2.8q-0.7 0-1.2-0.5t-0.5-1.2v-2.8h-11.4v11.4zM27.4 17.2q0-0.5-0.3-0.8t-0.8-0.4-0.8 0.4-0.3 0.8 0.3 0.8 0.8 0.3 0.8-0.3 0.3-0.8zM29.7 17.2v7.4q0 0.2-0.2 0.4t-0.4 0.2h-4v2.8q0 0.7-0.5 1.2t-1.2 0.5h-17.2q-0.7 0-1.2-0.5t-0.5-1.2v-2.8h-4q-0.2 0-0.4-0.2t-0.2-0.4v-7.4q0-1.4 1-2.4t2.4-1h1.2v-9.7q0-0.7 0.5-1.2t1.2-0.5h12q0.7 0 1.6 0.4t1.3 0.8l2.7 2.7q0.5 0.5 0.9 1.4t0.4 1.6v4.6h1.1q1.4 0 2.4 1t1 2.4z\"\/><\/svg><\/span><\/a><\/li><li class=\"shariff-button mailto shariff-nocustomcolor\" style=\"background-color:#a8a8a8;border-radius:1%\"><a href=\"mailto:?body=https%3A%2F%2Fwww.sonnenseite.com%2Fde%2Ffranz-alt%2Fkommentare-interviews%2Fdie-stromluege-des-peter-altmaier%2F&subject=Die%20Stroml%C3%BCge%20des%20Peter%20Altmaier\" title=\"Per E-Mail versenden\" aria-label=\"Per E-Mail versenden\" role=\"button\" rel=\"noopener nofollow\" class=\"shariff-link\" style=\";border-radius:1%; background-color:#999; color:#fff\"><span class=\"shariff-icon\" style=\"\"><svg width=\"32px\" height=\"20px\" xmlns=\"http:\/\/www.w3.org\/2000\/svg\" viewBox=\"0 0 32 32\"><path fill=\"#999\" d=\"M32 12.7v14.2q0 1.2-0.8 2t-2 0.9h-26.3q-1.2 0-2-0.9t-0.8-2v-14.2q0.8 0.9 1.8 1.6 6.5 4.4 8.9 6.1 1 0.8 1.6 1.2t1.7 0.9 2 0.4h0.1q0.9 0 2-0.4t1.7-0.9 1.6-1.2q3-2.2 8.9-6.1 1-0.7 1.8-1.6zM32 7.4q0 1.4-0.9 2.7t-2.2 2.2q-6.7 4.7-8.4 5.8-0.2 0.1-0.7 0.5t-1 0.7-0.9 0.6-1.1 0.5-0.9 0.2h-0.1q-0.4 0-0.9-0.2t-1.1-0.5-0.9-0.6-1-0.7-0.7-0.5q-1.6-1.1-4.7-3.2t-3.6-2.6q-1.1-0.7-2.1-2t-1-2.5q0-1.4 0.7-2.3t2.1-0.9h26.3q1.2 0 2 0.8t0.9 2z\"\/><\/svg><\/span><\/a><\/li><\/ul><\/div>","protected":false},"excerpt":{"rendered":"<p>Deutschland braucht in Zukunft viel mehr Strom als es die Bundesregierung bisher angab. Jetzt musste diese [&hellip;]<\/p>\n","protected":false},"author":3,"featured_media":62569,"comment_status":"closed","ping_status":"closed","sticky":false,"template":"","format":"standard","meta":{"inline_featured_image":false,"footnotes":""},"categories":[29],"tags":[],"class_list":["post-72956","post","type-post","status-publish","format-standard","has-post-thumbnail","hentry","category-kommentare-interviews"],"yoast_head":"<!-- This site is optimized with the Yoast SEO plugin v26.5 - https:\/\/yoast.com\/wordpress\/plugins\/seo\/ -->\n<title>Die Stroml\u00fcge des Peter Altmaier - Sonnenseite - \u00d6kologische Kommunikation mit Franz Alt<\/title>\n<meta name=\"description\" content=\"Deutschland braucht in Zukunft viel mehr Strom als es die Bundesregierung bisher angab. Jetzt musste diese ganz \u00fcberraschende Erkenntnis auch\" \/>\n<meta name=\"robots\" content=\"index, follow, max-snippet:-1, max-image-preview:large, max-video-preview:-1\" \/>\n<link rel=\"canonical\" href=\"https:\/\/www.sonnenseite.com\/de\/franz-alt\/kommentare-interviews\/die-stromluege-des-peter-altmaier\/\" \/>\n<meta property=\"og:locale\" content=\"de_DE\" \/>\n<meta property=\"og:type\" content=\"article\" \/>\n<meta property=\"og:title\" content=\"Die Stroml\u00fcge des Peter Altmaier - Sonnenseite - \u00d6kologische Kommunikation mit Franz Alt\" \/>\n<meta property=\"og:description\" content=\"Deutschland braucht in Zukunft viel mehr Strom als es die Bundesregierung bisher angab. Jetzt musste diese ganz \u00fcberraschende Erkenntnis auch\" \/>\n<meta property=\"og:url\" content=\"https:\/\/www.sonnenseite.com\/de\/franz-alt\/kommentare-interviews\/die-stromluege-des-peter-altmaier\/\" \/>\n<meta property=\"og:site_name\" content=\"Sonnenseite\" \/>\n<meta property=\"article:publisher\" content=\"https:\/\/www.facebook.com\/pages\/Franz-Alt-SONNENSEITECOM\/221072987903953?fref=ts\" \/>\n<meta property=\"article:published_time\" content=\"2021-07-16T03:43:00+00:00\" \/>\n<meta property=\"article:modified_time\" content=\"2021-07-24T06:57:48+00:00\" \/>\n<meta property=\"og:image\" content=\"https:\/\/www.sonnenseite.com\/wp-content\/uploads\/2020\/09\/PeterAltmaier_Ale_Mi.jpg\" \/>\n\t<meta property=\"og:image:width\" content=\"770\" \/>\n\t<meta property=\"og:image:height\" content=\"420\" \/>\n\t<meta property=\"og:image:type\" content=\"image\/jpeg\" \/>\n<meta name=\"author\" content=\"Bigi Alt\" \/>\n<meta name=\"twitter:card\" content=\"summary_large_image\" \/>\n<meta name=\"twitter:creator\" content=\"@franzalt\" \/>\n<meta name=\"twitter:site\" content=\"@franzalt\" \/>\n<meta name=\"twitter:label1\" content=\"Verfasst von\" \/>\n\t<meta name=\"twitter:data1\" content=\"Bigi Alt\" \/>\n\t<meta name=\"twitter:label2\" content=\"Gesch\u00e4tzte Lesezeit\" \/>\n\t<meta name=\"twitter:data2\" content=\"3\u00a0Minuten\" \/>\n<script type=\"application\/ld+json\" class=\"yoast-schema-graph\">{\"@context\":\"https:\/\/schema.org\",\"@graph\":[{\"@type\":\"Article\",\"@id\":\"https:\/\/www.sonnenseite.com\/de\/franz-alt\/kommentare-interviews\/die-stromluege-des-peter-altmaier\/#article\",\"isPartOf\":{\"@id\":\"https:\/\/www.sonnenseite.com\/de\/franz-alt\/kommentare-interviews\/die-stromluege-des-peter-altmaier\/\"},\"author\":{\"name\":\"Bigi Alt\",\"@id\":\"https:\/\/www.sonnenseite.com\/de\/#\/schema\/person\/50fda0e926597684c7cc6695238a4eb9\"},\"headline\":\"Die Stroml\u00fcge des Peter Altmaier\",\"datePublished\":\"2021-07-16T03:43:00+00:00\",\"dateModified\":\"2021-07-24T06:57:48+00:00\",\"mainEntityOfPage\":{\"@id\":\"https:\/\/www.sonnenseite.com\/de\/franz-alt\/kommentare-interviews\/die-stromluege-des-peter-altmaier\/\"},\"wordCount\":544,\"publisher\":{\"@id\":\"https:\/\/www.sonnenseite.com\/de\/#organization\"},\"image\":{\"@id\":\"https:\/\/www.sonnenseite.com\/de\/franz-alt\/kommentare-interviews\/die-stromluege-des-peter-altmaier\/#primaryimage\"},\"thumbnailUrl\":\"https:\/\/www.sonnenseite.com\/wp-content\/uploads\/2020\/09\/PeterAltmaier_Ale_Mi.jpg\",\"articleSection\":[\"Kommentare &amp; Interviews\"],\"inLanguage\":\"de\"},{\"@type\":\"WebPage\",\"@id\":\"https:\/\/www.sonnenseite.com\/de\/franz-alt\/kommentare-interviews\/die-stromluege-des-peter-altmaier\/\",\"url\":\"https:\/\/www.sonnenseite.com\/de\/franz-alt\/kommentare-interviews\/die-stromluege-des-peter-altmaier\/\",\"name\":\"Die Stroml\u00fcge des Peter Altmaier - Sonnenseite - \u00d6kologische Kommunikation mit Franz Alt\",\"isPartOf\":{\"@id\":\"https:\/\/www.sonnenseite.com\/de\/#website\"},\"primaryImageOfPage\":{\"@id\":\"https:\/\/www.sonnenseite.com\/de\/franz-alt\/kommentare-interviews\/die-stromluege-des-peter-altmaier\/#primaryimage\"},\"image\":{\"@id\":\"https:\/\/www.sonnenseite.com\/de\/franz-alt\/kommentare-interviews\/die-stromluege-des-peter-altmaier\/#primaryimage\"},\"thumbnailUrl\":\"https:\/\/www.sonnenseite.com\/wp-content\/uploads\/2020\/09\/PeterAltmaier_Ale_Mi.jpg\",\"datePublished\":\"2021-07-16T03:43:00+00:00\",\"dateModified\":\"2021-07-24T06:57:48+00:00\",\"description\":\"Deutschland braucht in Zukunft viel mehr Strom als es die Bundesregierung bisher angab. Jetzt musste diese ganz \u00fcberraschende Erkenntnis auch\",\"breadcrumb\":{\"@id\":\"https:\/\/www.sonnenseite.com\/de\/franz-alt\/kommentare-interviews\/die-stromluege-des-peter-altmaier\/#breadcrumb\"},\"inLanguage\":\"de\",\"potentialAction\":[{\"@type\":\"ReadAction\",\"target\":[\"https:\/\/www.sonnenseite.com\/de\/franz-alt\/kommentare-interviews\/die-stromluege-des-peter-altmaier\/\"]}]},{\"@type\":\"ImageObject\",\"inLanguage\":\"de\",\"@id\":\"https:\/\/www.sonnenseite.com\/de\/franz-alt\/kommentare-interviews\/die-stromluege-des-peter-altmaier\/#primaryimage\",\"url\":\"https:\/\/www.sonnenseite.com\/wp-content\/uploads\/2020\/09\/PeterAltmaier_Ale_Mi.jpg\",\"contentUrl\":\"https:\/\/www.sonnenseite.com\/wp-content\/uploads\/2020\/09\/PeterAltmaier_Ale_Mi.jpg\",\"width\":770,\"height\":420,\"caption\":\"Depositphoto.com | Ale_Mi | Jetzt endlich machte Altmaier auf einer Pressekonferenz in seinem Ministerium klar, was er bisher \u2013 wohl auf Druck der alten Energie-Lobby - verschwiegen hat: Dass wir rasch mehr Sonnen- und Windenergie brauchen.\"},{\"@type\":\"BreadcrumbList\",\"@id\":\"https:\/\/www.sonnenseite.com\/de\/franz-alt\/kommentare-interviews\/die-stromluege-des-peter-altmaier\/#breadcrumb\",\"itemListElement\":[{\"@type\":\"ListItem\",\"position\":1,\"name\":\"Startseite\",\"item\":\"https:\/\/www.sonnenseite.com\/de\/\"},{\"@type\":\"ListItem\",\"position\":2,\"name\":\"Die Stroml\u00fcge des Peter Altmaier\"}]},{\"@type\":\"WebSite\",\"@id\":\"https:\/\/www.sonnenseite.com\/de\/#website\",\"url\":\"https:\/\/www.sonnenseite.com\/de\/\",\"name\":\"Sonnenseite\",\"description\":\"\u00d6kologische Kommunikation mit Franz Alt\",\"publisher\":{\"@id\":\"https:\/\/www.sonnenseite.com\/de\/#organization\"},\"potentialAction\":[{\"@type\":\"SearchAction\",\"target\":{\"@type\":\"EntryPoint\",\"urlTemplate\":\"https:\/\/www.sonnenseite.com\/de\/?s={search_term_string}\"},\"query-input\":{\"@type\":\"PropertyValueSpecification\",\"valueRequired\":true,\"valueName\":\"search_term_string\"}}],\"inLanguage\":\"de\"},{\"@type\":\"Organization\",\"@id\":\"https:\/\/www.sonnenseite.com\/de\/#organization\",\"name\":\"Sonnenseite\",\"url\":\"https:\/\/www.sonnenseite.com\/de\/\",\"logo\":{\"@type\":\"ImageObject\",\"inLanguage\":\"de\",\"@id\":\"https:\/\/www.sonnenseite.com\/de\/#\/schema\/logo\/image\/\",\"url\":\"https:\/\/www.sonnenseite.com\/wp-content\/uploads\/2020\/05\/Sonnenseite_Logo.png\",\"contentUrl\":\"https:\/\/www.sonnenseite.com\/wp-content\/uploads\/2020\/05\/Sonnenseite_Logo.png\",\"width\":377,\"height\":90,\"caption\":\"Sonnenseite\"},\"image\":{\"@id\":\"https:\/\/www.sonnenseite.com\/de\/#\/schema\/logo\/image\/\"},\"sameAs\":[\"https:\/\/www.facebook.com\/pages\/Franz-Alt-SONNENSEITECOM\/221072987903953?fref=ts\",\"https:\/\/x.com\/franzalt\",\"http:\/\/www.youtube.com\/results?search_query&amp;amp;quot;franz_alt&amp;amp;quot;&amp;amp;amp;amp;search_type&amp;amp;amp;amp;aq=f\"]},{\"@type\":\"Person\",\"@id\":\"https:\/\/www.sonnenseite.com\/de\/#\/schema\/person\/50fda0e926597684c7cc6695238a4eb9\",\"name\":\"Bigi Alt\"}]}<\/script>\n<!-- \/ Yoast SEO plugin. -->","yoast_head_json":{"title":"Die Stroml\u00fcge des Peter Altmaier - Sonnenseite - \u00d6kologische Kommunikation mit Franz Alt","description":"Deutschland braucht in Zukunft viel mehr Strom als es die Bundesregierung bisher angab. Jetzt musste diese ganz \u00fcberraschende Erkenntnis auch","robots":{"index":"index","follow":"follow","max-snippet":"max-snippet:-1","max-image-preview":"max-image-preview:large","max-video-preview":"max-video-preview:-1"},"canonical":"https:\/\/www.sonnenseite.com\/de\/franz-alt\/kommentare-interviews\/die-stromluege-des-peter-altmaier\/","og_locale":"de_DE","og_type":"article","og_title":"Die Stroml\u00fcge des Peter Altmaier - Sonnenseite - \u00d6kologische Kommunikation mit Franz Alt","og_description":"Deutschland braucht in Zukunft viel mehr Strom als es die Bundesregierung bisher angab. Jetzt musste diese ganz \u00fcberraschende Erkenntnis auch","og_url":"https:\/\/www.sonnenseite.com\/de\/franz-alt\/kommentare-interviews\/die-stromluege-des-peter-altmaier\/","og_site_name":"Sonnenseite","article_publisher":"https:\/\/www.facebook.com\/pages\/Franz-Alt-SONNENSEITECOM\/221072987903953?fref=ts","article_published_time":"2021-07-16T03:43:00+00:00","article_modified_time":"2021-07-24T06:57:48+00:00","og_image":[{"width":770,"height":420,"url":"https:\/\/www.sonnenseite.com\/wp-content\/uploads\/2020\/09\/PeterAltmaier_Ale_Mi.jpg","type":"image\/jpeg"}],"author":"Bigi Alt","twitter_card":"summary_large_image","twitter_creator":"@franzalt","twitter_site":"@franzalt","twitter_misc":{"Verfasst von":"Bigi Alt","Gesch\u00e4tzte Lesezeit":"3\u00a0Minuten"},"schema":{"@context":"https:\/\/schema.org","@graph":[{"@type":"Article","@id":"https:\/\/www.sonnenseite.com\/de\/franz-alt\/kommentare-interviews\/die-stromluege-des-peter-altmaier\/#article","isPartOf":{"@id":"https:\/\/www.sonnenseite.com\/de\/franz-alt\/kommentare-interviews\/die-stromluege-des-peter-altmaier\/"},"author":{"name":"Bigi Alt","@id":"https:\/\/www.sonnenseite.com\/de\/#\/schema\/person\/50fda0e926597684c7cc6695238a4eb9"},"headline":"Die Stroml\u00fcge des Peter Altmaier","datePublished":"2021-07-16T03:43:00+00:00","dateModified":"2021-07-24T06:57:48+00:00","mainEntityOfPage":{"@id":"https:\/\/www.sonnenseite.com\/de\/franz-alt\/kommentare-interviews\/die-stromluege-des-peter-altmaier\/"},"wordCount":544,"publisher":{"@id":"https:\/\/www.sonnenseite.com\/de\/#organization"},"image":{"@id":"https:\/\/www.sonnenseite.com\/de\/franz-alt\/kommentare-interviews\/die-stromluege-des-peter-altmaier\/#primaryimage"},"thumbnailUrl":"https:\/\/www.sonnenseite.com\/wp-content\/uploads\/2020\/09\/PeterAltmaier_Ale_Mi.jpg","articleSection":["Kommentare &amp; Interviews"],"inLanguage":"de"},{"@type":"WebPage","@id":"https:\/\/www.sonnenseite.com\/de\/franz-alt\/kommentare-interviews\/die-stromluege-des-peter-altmaier\/","url":"https:\/\/www.sonnenseite.com\/de\/franz-alt\/kommentare-interviews\/die-stromluege-des-peter-altmaier\/","name":"Die Stroml\u00fcge des Peter Altmaier - Sonnenseite - \u00d6kologische Kommunikation mit Franz Alt","isPartOf":{"@id":"https:\/\/www.sonnenseite.com\/de\/#website"},"primaryImageOfPage":{"@id":"https:\/\/www.sonnenseite.com\/de\/franz-alt\/kommentare-interviews\/die-stromluege-des-peter-altmaier\/#primaryimage"},"image":{"@id":"https:\/\/www.sonnenseite.com\/de\/franz-alt\/kommentare-interviews\/die-stromluege-des-peter-altmaier\/#primaryimage"},"thumbnailUrl":"https:\/\/www.sonnenseite.com\/wp-content\/uploads\/2020\/09\/PeterAltmaier_Ale_Mi.jpg","datePublished":"2021-07-16T03:43:00+00:00","dateModified":"2021-07-24T06:57:48+00:00","description":"Deutschland braucht in Zukunft viel mehr Strom als es die Bundesregierung bisher angab. Jetzt musste diese ganz \u00fcberraschende Erkenntnis auch","breadcrumb":{"@id":"https:\/\/www.sonnenseite.com\/de\/franz-alt\/kommentare-interviews\/die-stromluege-des-peter-altmaier\/#breadcrumb"},"inLanguage":"de","potentialAction":[{"@type":"ReadAction","target":["https:\/\/www.sonnenseite.com\/de\/franz-alt\/kommentare-interviews\/die-stromluege-des-peter-altmaier\/"]}]},{"@type":"ImageObject","inLanguage":"de","@id":"https:\/\/www.sonnenseite.com\/de\/franz-alt\/kommentare-interviews\/die-stromluege-des-peter-altmaier\/#primaryimage","url":"https:\/\/www.sonnenseite.com\/wp-content\/uploads\/2020\/09\/PeterAltmaier_Ale_Mi.jpg","contentUrl":"https:\/\/www.sonnenseite.com\/wp-content\/uploads\/2020\/09\/PeterAltmaier_Ale_Mi.jpg","width":770,"height":420,"caption":"Depositphoto.com | Ale_Mi | Jetzt endlich machte Altmaier auf einer Pressekonferenz in seinem Ministerium klar, was er bisher \u2013 wohl auf Druck der alten Energie-Lobby - verschwiegen hat: Dass wir rasch mehr Sonnen- und Windenergie brauchen."},{"@type":"BreadcrumbList","@id":"https:\/\/www.sonnenseite.com\/de\/franz-alt\/kommentare-interviews\/die-stromluege-des-peter-altmaier\/#breadcrumb","itemListElement":[{"@type":"ListItem","position":1,"name":"Startseite","item":"https:\/\/www.sonnenseite.com\/de\/"},{"@type":"ListItem","position":2,"name":"Die Stroml\u00fcge des Peter Altmaier"}]},{"@type":"WebSite","@id":"https:\/\/www.sonnenseite.com\/de\/#website","url":"https:\/\/www.sonnenseite.com\/de\/","name":"Sonnenseite","description":"\u00d6kologische Kommunikation mit Franz Alt","publisher":{"@id":"https:\/\/www.sonnenseite.com\/de\/#organization"},"potentialAction":[{"@type":"SearchAction","target":{"@type":"EntryPoint","urlTemplate":"https:\/\/www.sonnenseite.com\/de\/?s={search_term_string}"},"query-input":{"@type":"PropertyValueSpecification","valueRequired":true,"valueName":"search_term_string"}}],"inLanguage":"de"},{"@type":"Organization","@id":"https:\/\/www.sonnenseite.com\/de\/#organization","name":"Sonnenseite","url":"https:\/\/www.sonnenseite.com\/de\/","logo":{"@type":"ImageObject","inLanguage":"de","@id":"https:\/\/www.sonnenseite.com\/de\/#\/schema\/logo\/image\/","url":"https:\/\/www.sonnenseite.com\/wp-content\/uploads\/2020\/05\/Sonnenseite_Logo.png","contentUrl":"https:\/\/www.sonnenseite.com\/wp-content\/uploads\/2020\/05\/Sonnenseite_Logo.png","width":377,"height":90,"caption":"Sonnenseite"},"image":{"@id":"https:\/\/www.sonnenseite.com\/de\/#\/schema\/logo\/image\/"},"sameAs":["https:\/\/www.facebook.com\/pages\/Franz-Alt-SONNENSEITECOM\/221072987903953?fref=ts","https:\/\/x.com\/franzalt","http:\/\/www.youtube.com\/results?search_query&amp;amp;quot;franz_alt&amp;amp;quot;&amp;amp;amp;amp;search_type&amp;amp;amp;amp;aq=f"]},{"@type":"Person","@id":"https:\/\/www.sonnenseite.com\/de\/#\/schema\/person\/50fda0e926597684c7cc6695238a4eb9","name":"Bigi Alt"}]}},"_links":{"self":[{"href":"https:\/\/www.sonnenseite.com\/de\/wp-json\/wp\/v2\/posts\/72956","targetHints":{"allow":["GET"]}}],"collection":[{"href":"https:\/\/www.sonnenseite.com\/de\/wp-json\/wp\/v2\/posts"}],"about":[{"href":"https:\/\/www.sonnenseite.com\/de\/wp-json\/wp\/v2\/types\/post"}],"author":[{"embeddable":true,"href":"https:\/\/www.sonnenseite.com\/de\/wp-json\/wp\/v2\/users\/3"}],"replies":[{"embeddable":true,"href":"https:\/\/www.sonnenseite.com\/de\/wp-json\/wp\/v2\/comments?post=72956"}],"version-history":[{"count":1,"href":"https:\/\/www.sonnenseite.com\/de\/wp-json\/wp\/v2\/posts\/72956\/revisions"}],"predecessor-version":[{"id":72957,"href":"https:\/\/www.sonnenseite.com\/de\/wp-json\/wp\/v2\/posts\/72956\/revisions\/72957"}],"wp:featuredmedia":[{"embeddable":true,"href":"https:\/\/www.sonnenseite.com\/de\/wp-json\/wp\/v2\/media\/62569"}],"wp:attachment":[{"href":"https:\/\/www.sonnenseite.com\/de\/wp-json\/wp\/v2\/media?parent=72956"}],"wp:term":[{"taxonomy":"category","embeddable":true,"href":"https:\/\/www.sonnenseite.com\/de\/wp-json\/wp\/v2\/categories?post=72956"},{"taxonomy":"post_tag","embeddable":true,"href":"https:\/\/www.sonnenseite.com\/de\/wp-json\/wp\/v2\/tags?post=72956"}],"curies":[{"name":"wp","href":"https:\/\/api.w.org\/{rel}","templated":true}]}}