{"id":73172,"date":"2021-07-22T12:07:21","date_gmt":"2021-07-22T10:07:21","guid":{"rendered":"https:\/\/www.sonnenseite.com\/?p=73172"},"modified":"2021-07-22T12:07:21","modified_gmt":"2021-07-22T10:07:21","slug":"bayern-bei-der-ee-stromquote-nur-noch-auf-platz-7","status":"publish","type":"post","link":"https:\/\/www.sonnenseite.com\/de\/energie\/bayern-bei-der-ee-stromquote-nur-noch-auf-platz-7\/","title":{"rendered":"Bayern bei der EE-Stromquote nur noch auf Platz 7"},"content":{"rendered":"\n<p>Bayern ist bei der Energiewende weit zur\u00fcckgefallen. Mit einer EE-Stromquote beim Stromverbrauch von 46 Prozent, belegt Bayern den Platz 7 der 16 Bundesl\u00e4nder. Klammert man die drei Stadtstaaten aus, liegt Bayern nur in der unteren H\u00e4lfte.<\/p>\n\n\n\n<p>Bayern ist von der Natur mit Erneuerbaren Energien (EE) gesegnet. Vor den Alpen liegend, liefert die Wasserkraft weit mehr Strom als in jedem anderen Bundesland. So stammten nach dem Krieg rund 90 Prozent des in Bayern verbrauchten Stroms aus der Wasserkraft. Mit der gr\u00f6\u00dften Fl\u00e4che aller Bundesl\u00e4nder kann in Bayern viel Biomasse erzeugt und zum Teil auch f\u00fcr die Energiegewinnung (Biogas) genutzt werden. Zum dritten hat Bayern eine \u00fcberdurchschnittliche Solareinstrahlung, so dass hier gut auf den D\u00e4chern oder in Freifl\u00e4chenanlagen Solarstrom produziert werden kann. Auch mit der sich noch entwickelnden Geothermie wird von allen Bundesl\u00e4ndern in Bayern am meisten Strom erzeugt.<\/p>\n\n\n\n<p>Doch Bayern hat in den vergangenen Jahren fast keine Windkraftwerke mehr gebaut. Und diese sind neben der Photovoltaik jetzt die Arbeitspferde der Stromwende.<\/p>\n\n\n\n<p>Die Regierung streut der Bev\u00f6lkerung Sand in die Augen und setzt die Erzeugung von Strom aus Erneuerbaren Energien (EE) in Relation zur Stromerzeugung. Da Bayern aber den wegfallenden Strom aus den Atomkraftwerken nicht durch neue EE-Kraftwerke ersetzt, sondern durch immer mehr Stromimporte, t\u00e4uschen diese Zahlen. So springt die EE-Quote der Stromerzeugung beim Wegfall der Produktion eines AKW gleich um gut 5 Prozentpunkte nach oben.<\/p>\n\n\n\n<p>Dieser Statistiktrick verh\u00fcllt, dass Bayern nicht seine Aufgaben beim Klimaschutz erf\u00fcllt, und sich immer abh\u00e4ngiger von Stromimporten macht. \u00c4hnlich wird auch bei der CO2-Bilanz get\u00e4uscht: W\u00e4hrend die anderen deutschen L\u00e4nder hier die Verursacherbilanz ver\u00f6ffentlichen, zeigt Bayern nur die Quellenbilanz. Letztere berechnet sich nach den in Bayern verkauften Brennstoffen. Das CO2 aus importiertem Kohlestrom wird somit nicht Bayern zugerechnet. Auch nicht das CO2, das auf den Tanktourismus entf\u00e4llt. Die anderen deutschen L\u00e4nder ver\u00f6ffentlichen Verursacherbilanzen. Bei diesen wird nach dem Energieendverbrauch eines Landes berechnet, wie viel CO2 hierdurch entstanden ist.<\/p>\n\n\n\n<div class=\"wp-block-image\"><figure class=\"aligncenter size-large\"><a href=\"https:\/\/www.sonnenseite.com\/wp-content\/uploads\/2021\/07\/LEE-Bayern_Stromverbrauch.jpg\"><img loading=\"lazy\" decoding=\"async\" width=\"639\" height=\"501\" src=\"https:\/\/www.sonnenseite.com\/wp-content\/uploads\/2021\/07\/LEE-Bayern_Stromverbrauch.jpg\" alt=\"\" class=\"wp-image-73174\" srcset=\"https:\/\/www.sonnenseite.com\/wp-content\/uploads\/2021\/07\/LEE-Bayern_Stromverbrauch.jpg 639w, https:\/\/www.sonnenseite.com\/wp-content\/uploads\/2021\/07\/LEE-Bayern_Stromverbrauch-300x235.jpg 300w\" sizes=\"auto, (max-width: 639px) 100vw, 639px\" \/><\/a><figcaption>\u00a9 Quelle f\u00fcr die Stromerzeugung staatlicher <a href=\"https:\/\/www.lak-energiebilanzen.de\/ergebnisse-des-datenabrufs\/?a=e360&amp;j=2018&amp;l=1,2,3,4,5,6,7,8,9,10,11,12,13,14,15,16&amp;v=anm,agg_erneuer_insgesamt,erneuer_wasser,erneuer_wind,erneuer_pv,erneuer_biomasse,erneuer_sonst_sw,Stand\">L\u00e4nderarbeitskreis Energiebilanzen<\/a>. <sup>a <\/sup>Stat. Amt MV.<br><sup>b<\/sup> Zahl f\u00fcr 2019\u00a0 <sup>c<\/sup> Zahl f\u00fcr 2016\u00a0 <sup>d<\/sup> hinter dem Komma ist Bremen etwas besser als NRW<\/figcaption><\/figure><\/div>\n\n\n\n<p>In Deutschland und gerade auch in Bayern sind die Energiestatistiken in einem beklagenswerten schlechten Zustand. Die Zahlen sind \u00fcber 2-3 Jahre alt. In Bayern wurden sie jahrelang falsch zusammengestellt, weil man die Rechnungsadresse bei den Stromrechnungen f\u00fcr die L\u00e4nderzuordnung genommen hat. (Beispiel: Wenn das BMW Werk in Leipzig seine Stromrechnung auf die M\u00fcnchner Zentrale ausstellen lie\u00df, wurde der Verbrauch Bayern zugerechnet). Verl\u00e4ssliche Statistiken sind aber die Grundlage f\u00fcr die Meinungsbildung wie die politischen Entscheidungen!<\/p>\n\n\n\n<p>Wenn man noch die L\u00e4nder nach ihrer Fl\u00e4chengr\u00f6\u00dfe und Einwohnerzahl gewichtet, rutscht Bayern sogar auf einen der letzten Pl\u00e4tze. Denn Baden-W\u00fcrttemberg ist fl\u00e4chenm\u00e4\u00dfig nur halb so gro\u00df wie Bayern, hat aber nur 15 % weniger Einwohner. Nordrhein-Westfalen ist sogar auch nur halb so gro\u00df wie Bayern und hat zugleich eine um ein Drittel gr\u00f6\u00dfere Einwohnerzahl. Je weniger Menschen in einem Land wohnen, desto mehr Platz hat es f\u00fcr PV- und Windkraftanlagen.<\/p>\n\n\n<h5 class=\"green\">Quelle<\/h5>\r\n\n\n\n<p><a href=\"r.kamm@lee-bayern.de\">Raimund Kamm<\/a> \/ <a href=\"http:\/\/www.lee-bayern.de\">Landesvorsitzender LEE Bayern 2021<\/a><\/p>\n<div class=\"shariff shariff-align-flex-start shariff-widget-align-flex-start\"><div class=\"ShariffHeadline\">Diese Meldung teilen<\/div><ul class=\"shariff-buttons theme-round orientation-horizontal buttonsize-medium\"><li class=\"shariff-button facebook shariff-nocustomcolor\" style=\"background-color:#4273c8;border-radius:1%\"><a href=\"https:\/\/www.facebook.com\/sharer\/sharer.php?u=https%3A%2F%2Fwww.sonnenseite.com%2Fde%2Fenergie%2Fbayern-bei-der-ee-stromquote-nur-noch-auf-platz-7%2F\" title=\"Bei Facebook teilen\" aria-label=\"Bei Facebook teilen\" role=\"button\" rel=\"nofollow\" class=\"shariff-link\" style=\";border-radius:1%; background-color:#3b5998; color:#fff\" target=\"_blank\"><span class=\"shariff-icon\" style=\"\"><svg width=\"32px\" height=\"20px\" xmlns=\"http:\/\/www.w3.org\/2000\/svg\" viewBox=\"0 0 18 32\"><path fill=\"#3b5998\" d=\"M17.1 0.2v4.7h-2.8q-1.5 0-2.1 0.6t-0.5 1.9v3.4h5.2l-0.7 5.3h-4.5v13.6h-5.5v-13.6h-4.5v-5.3h4.5v-3.9q0-3.3 1.9-5.2t5-1.8q2.6 0 4.1 0.2z\"\/><\/svg><\/span><\/a><\/li><li class=\"shariff-button twitter shariff-nocustomcolor\" style=\"background-color:#595959;border-radius:1%\"><a href=\"https:\/\/twitter.com\/share?url=https%3A%2F%2Fwww.sonnenseite.com%2Fde%2Fenergie%2Fbayern-bei-der-ee-stromquote-nur-noch-auf-platz-7%2F&text=Bayern%20bei%20der%20EE-Stromquote%20nur%20noch%20auf%20Platz%207\" title=\"Bei X teilen\" aria-label=\"Bei X teilen\" role=\"button\" rel=\"noopener nofollow\" class=\"shariff-link\" style=\";border-radius:1%; background-color:#000; color:#fff\" target=\"_blank\"><span class=\"shariff-icon\" style=\"\"><svg width=\"32px\" height=\"20px\" xmlns=\"http:\/\/www.w3.org\/2000\/svg\" viewBox=\"0 0 24 24\"><path fill=\"#000\" d=\"M14.258 10.152L23.176 0h-2.113l-7.747 8.813L7.133 0H0l9.352 13.328L0 23.973h2.113l8.176-9.309 6.531 9.309h7.133zm-2.895 3.293l-.949-1.328L2.875 1.56h3.246l6.086 8.523.945 1.328 7.91 11.078h-3.246zm0 0\"\/><\/svg><\/span><\/a><\/li><li class=\"shariff-button xing shariff-nocustomcolor\" style=\"background-color:#29888a;border-radius:1%\"><a href=\"https:\/\/www.xing.com\/spi\/shares\/new?url=https%3A%2F%2Fwww.sonnenseite.com%2Fde%2Fenergie%2Fbayern-bei-der-ee-stromquote-nur-noch-auf-platz-7%2F\" title=\"Bei XING teilen\" aria-label=\"Bei XING teilen\" role=\"button\" rel=\"noopener nofollow\" class=\"shariff-link\" style=\";border-radius:1%; background-color:#126567; color:#fff\" target=\"_blank\"><span class=\"shariff-icon\" style=\"\"><svg width=\"32px\" height=\"20px\" xmlns=\"http:\/\/www.w3.org\/2000\/svg\" viewBox=\"0 0 25 32\"><path fill=\"#126567\" d=\"M10.7 11.9q-0.2 0.3-4.6 8.2-0.5 0.8-1.2 0.8h-4.3q-0.4 0-0.5-0.3t0-0.6l4.5-8q0 0 0 0l-2.9-5q-0.2-0.4 0-0.7 0.2-0.3 0.5-0.3h4.3q0.7 0 1.2 0.8zM25.1 0.4q0.2 0.3 0 0.7l-9.4 16.7 6 11q0.2 0.4 0 0.6-0.2 0.3-0.6 0.3h-4.3q-0.7 0-1.2-0.8l-6-11.1q0.3-0.6 9.5-16.8 0.4-0.8 1.2-0.8h4.3q0.4 0 0.5 0.3z\"\/><\/svg><\/span><\/a><\/li><li class=\"shariff-button linkedin shariff-nocustomcolor\" style=\"background-color:#1488bf;border-radius:1%\"><a href=\"https:\/\/www.linkedin.com\/sharing\/share-offsite\/?url=https%3A%2F%2Fwww.sonnenseite.com%2Fde%2Fenergie%2Fbayern-bei-der-ee-stromquote-nur-noch-auf-platz-7%2F\" title=\"Bei LinkedIn teilen\" aria-label=\"Bei LinkedIn teilen\" role=\"button\" rel=\"noopener nofollow\" class=\"shariff-link\" style=\";border-radius:1%; background-color:#0077b5; color:#fff\" target=\"_blank\"><span class=\"shariff-icon\" style=\"\"><svg width=\"32px\" height=\"20px\" xmlns=\"http:\/\/www.w3.org\/2000\/svg\" viewBox=\"0 0 27 32\"><path fill=\"#0077b5\" d=\"M6.2 11.2v17.7h-5.9v-17.7h5.9zM6.6 5.7q0 1.3-0.9 2.2t-2.4 0.9h0q-1.5 0-2.4-0.9t-0.9-2.2 0.9-2.2 2.4-0.9 2.4 0.9 0.9 2.2zM27.4 18.7v10.1h-5.9v-9.5q0-1.9-0.7-2.9t-2.3-1.1q-1.1 0-1.9 0.6t-1.2 1.5q-0.2 0.5-0.2 1.4v9.9h-5.9q0-7.1 0-11.6t0-5.3l0-0.9h5.9v2.6h0q0.4-0.6 0.7-1t1-0.9 1.6-0.8 2-0.3q3 0 4.9 2t1.9 6z\"\/><\/svg><\/span><\/a><\/li><li class=\"shariff-button printer shariff-nocustomcolor\" style=\"background-color:#a8a8a8;border-radius:1%\"><a href=\"javascript:window.print()\" title=\"drucken\" aria-label=\"drucken\" role=\"button\" rel=\"noopener nofollow\" class=\"shariff-link\" style=\";border-radius:1%; background-color:#999; color:#fff\"><span class=\"shariff-icon\" style=\"\"><svg width=\"32px\" height=\"20px\" xmlns=\"http:\/\/www.w3.org\/2000\/svg\" viewBox=\"0 0 30 32\"><path fill=\"#999\" d=\"M6.8 27.4h16v-4.6h-16v4.6zM6.8 16h16v-6.8h-2.8q-0.7 0-1.2-0.5t-0.5-1.2v-2.8h-11.4v11.4zM27.4 17.2q0-0.5-0.3-0.8t-0.8-0.4-0.8 0.4-0.3 0.8 0.3 0.8 0.8 0.3 0.8-0.3 0.3-0.8zM29.7 17.2v7.4q0 0.2-0.2 0.4t-0.4 0.2h-4v2.8q0 0.7-0.5 1.2t-1.2 0.5h-17.2q-0.7 0-1.2-0.5t-0.5-1.2v-2.8h-4q-0.2 0-0.4-0.2t-0.2-0.4v-7.4q0-1.4 1-2.4t2.4-1h1.2v-9.7q0-0.7 0.5-1.2t1.2-0.5h12q0.7 0 1.6 0.4t1.3 0.8l2.7 2.7q0.5 0.5 0.9 1.4t0.4 1.6v4.6h1.1q1.4 0 2.4 1t1 2.4z\"\/><\/svg><\/span><\/a><\/li><li class=\"shariff-button mailto shariff-nocustomcolor\" style=\"background-color:#a8a8a8;border-radius:1%\"><a href=\"mailto:?body=https%3A%2F%2Fwww.sonnenseite.com%2Fde%2Fenergie%2Fbayern-bei-der-ee-stromquote-nur-noch-auf-platz-7%2F&subject=Bayern%20bei%20der%20EE-Stromquote%20nur%20noch%20auf%20Platz%207\" title=\"Per E-Mail versenden\" aria-label=\"Per E-Mail versenden\" role=\"button\" rel=\"noopener nofollow\" class=\"shariff-link\" style=\";border-radius:1%; background-color:#999; color:#fff\"><span class=\"shariff-icon\" style=\"\"><svg width=\"32px\" height=\"20px\" xmlns=\"http:\/\/www.w3.org\/2000\/svg\" viewBox=\"0 0 32 32\"><path fill=\"#999\" d=\"M32 12.7v14.2q0 1.2-0.8 2t-2 0.9h-26.3q-1.2 0-2-0.9t-0.8-2v-14.2q0.8 0.9 1.8 1.6 6.5 4.4 8.9 6.1 1 0.8 1.6 1.2t1.7 0.9 2 0.4h0.1q0.9 0 2-0.4t1.7-0.9 1.6-1.2q3-2.2 8.9-6.1 1-0.7 1.8-1.6zM32 7.4q0 1.4-0.9 2.7t-2.2 2.2q-6.7 4.7-8.4 5.8-0.2 0.1-0.7 0.5t-1 0.7-0.9 0.6-1.1 0.5-0.9 0.2h-0.1q-0.4 0-0.9-0.2t-1.1-0.5-0.9-0.6-1-0.7-0.7-0.5q-1.6-1.1-4.7-3.2t-3.6-2.6q-1.1-0.7-2.1-2t-1-2.5q0-1.4 0.7-2.3t2.1-0.9h26.3q1.2 0 2 0.8t0.9 2z\"\/><\/svg><\/span><\/a><\/li><\/ul><\/div>","protected":false},"excerpt":{"rendered":"<p>Bayern ist bei der Energiewende weit zur\u00fcckgefallen. Mit einer EE-Stromquote beim Stromverbrauch von 46 Prozent, belegt [&hellip;]<\/p>\n","protected":false},"author":3,"featured_media":60337,"comment_status":"closed","ping_status":"closed","sticky":false,"template":"","format":"standard","meta":{"inline_featured_image":false,"footnotes":""},"categories":[22],"tags":[],"class_list":["post-73172","post","type-post","status-publish","format-standard","has-post-thumbnail","hentry","category-energie"],"yoast_head":"<!-- This site is optimized with the Yoast SEO plugin v26.5 - https:\/\/yoast.com\/wordpress\/plugins\/seo\/ -->\n<title>Bayern bei der EE-Stromquote nur noch auf Platz 7 - Sonnenseite - \u00d6kologische Kommunikation mit Franz Alt<\/title>\n<meta name=\"description\" content=\"Bayern ist bei der Energiewende weit zur\u00fcckgefallen. Mit einer EE-Stromquote beim Stromverbrauch von 46 Prozent, belegt Bayern den Platz 7 der 16\" \/>\n<meta name=\"robots\" content=\"index, follow, max-snippet:-1, max-image-preview:large, max-video-preview:-1\" \/>\n<link rel=\"canonical\" href=\"https:\/\/www.sonnenseite.com\/de\/energie\/bayern-bei-der-ee-stromquote-nur-noch-auf-platz-7\/\" \/>\n<meta property=\"og:locale\" content=\"de_DE\" \/>\n<meta property=\"og:type\" content=\"article\" \/>\n<meta property=\"og:title\" content=\"Bayern bei der EE-Stromquote nur noch auf Platz 7 - Sonnenseite - \u00d6kologische Kommunikation mit Franz Alt\" \/>\n<meta property=\"og:description\" content=\"Bayern ist bei der Energiewende weit zur\u00fcckgefallen. Mit einer EE-Stromquote beim Stromverbrauch von 46 Prozent, belegt Bayern den Platz 7 der 16\" \/>\n<meta property=\"og:url\" content=\"https:\/\/www.sonnenseite.com\/de\/energie\/bayern-bei-der-ee-stromquote-nur-noch-auf-platz-7\/\" \/>\n<meta property=\"og:site_name\" content=\"Sonnenseite\" \/>\n<meta property=\"article:publisher\" content=\"https:\/\/www.facebook.com\/pages\/Franz-Alt-SONNENSEITECOM\/221072987903953?fref=ts\" \/>\n<meta property=\"article:published_time\" content=\"2021-07-22T10:07:21+00:00\" \/>\n<meta property=\"og:image\" content=\"https:\/\/www.sonnenseite.com\/wp-content\/uploads\/2020\/06\/ErneuerbareEnergienChris_Eisenhans.jpg\" \/>\n\t<meta property=\"og:image:width\" content=\"770\" \/>\n\t<meta property=\"og:image:height\" content=\"420\" \/>\n\t<meta property=\"og:image:type\" content=\"image\/jpeg\" \/>\n<meta name=\"author\" content=\"Bigi Alt\" \/>\n<meta name=\"twitter:card\" content=\"summary_large_image\" \/>\n<meta name=\"twitter:creator\" content=\"@franzalt\" \/>\n<meta name=\"twitter:site\" content=\"@franzalt\" \/>\n<meta name=\"twitter:label1\" content=\"Verfasst von\" \/>\n\t<meta name=\"twitter:data1\" content=\"Bigi Alt\" \/>\n\t<meta name=\"twitter:label2\" content=\"Gesch\u00e4tzte Lesezeit\" \/>\n\t<meta name=\"twitter:data2\" content=\"3\u00a0Minuten\" \/>\n<script type=\"application\/ld+json\" class=\"yoast-schema-graph\">{\"@context\":\"https:\/\/schema.org\",\"@graph\":[{\"@type\":\"Article\",\"@id\":\"https:\/\/www.sonnenseite.com\/de\/energie\/bayern-bei-der-ee-stromquote-nur-noch-auf-platz-7\/#article\",\"isPartOf\":{\"@id\":\"https:\/\/www.sonnenseite.com\/de\/energie\/bayern-bei-der-ee-stromquote-nur-noch-auf-platz-7\/\"},\"author\":{\"name\":\"Bigi Alt\",\"@id\":\"https:\/\/www.sonnenseite.com\/de\/#\/schema\/person\/50fda0e926597684c7cc6695238a4eb9\"},\"headline\":\"Bayern bei der EE-Stromquote nur noch auf Platz 7\",\"datePublished\":\"2021-07-22T10:07:21+00:00\",\"mainEntityOfPage\":{\"@id\":\"https:\/\/www.sonnenseite.com\/de\/energie\/bayern-bei-der-ee-stromquote-nur-noch-auf-platz-7\/\"},\"wordCount\":531,\"publisher\":{\"@id\":\"https:\/\/www.sonnenseite.com\/de\/#organization\"},\"image\":{\"@id\":\"https:\/\/www.sonnenseite.com\/de\/energie\/bayern-bei-der-ee-stromquote-nur-noch-auf-platz-7\/#primaryimage\"},\"thumbnailUrl\":\"https:\/\/www.sonnenseite.com\/wp-content\/uploads\/2020\/06\/ErneuerbareEnergienChris_Eisenhans.jpg\",\"articleSection\":[\"Energie\"],\"inLanguage\":\"de\"},{\"@type\":\"WebPage\",\"@id\":\"https:\/\/www.sonnenseite.com\/de\/energie\/bayern-bei-der-ee-stromquote-nur-noch-auf-platz-7\/\",\"url\":\"https:\/\/www.sonnenseite.com\/de\/energie\/bayern-bei-der-ee-stromquote-nur-noch-auf-platz-7\/\",\"name\":\"Bayern bei der EE-Stromquote nur noch auf Platz 7 - Sonnenseite - \u00d6kologische Kommunikation mit Franz Alt\",\"isPartOf\":{\"@id\":\"https:\/\/www.sonnenseite.com\/de\/#website\"},\"primaryImageOfPage\":{\"@id\":\"https:\/\/www.sonnenseite.com\/de\/energie\/bayern-bei-der-ee-stromquote-nur-noch-auf-platz-7\/#primaryimage\"},\"image\":{\"@id\":\"https:\/\/www.sonnenseite.com\/de\/energie\/bayern-bei-der-ee-stromquote-nur-noch-auf-platz-7\/#primaryimage\"},\"thumbnailUrl\":\"https:\/\/www.sonnenseite.com\/wp-content\/uploads\/2020\/06\/ErneuerbareEnergienChris_Eisenhans.jpg\",\"datePublished\":\"2021-07-22T10:07:21+00:00\",\"description\":\"Bayern ist bei der Energiewende weit zur\u00fcckgefallen. Mit einer EE-Stromquote beim Stromverbrauch von 46 Prozent, belegt Bayern den Platz 7 der 16\",\"breadcrumb\":{\"@id\":\"https:\/\/www.sonnenseite.com\/de\/energie\/bayern-bei-der-ee-stromquote-nur-noch-auf-platz-7\/#breadcrumb\"},\"inLanguage\":\"de\",\"potentialAction\":[{\"@type\":\"ReadAction\",\"target\":[\"https:\/\/www.sonnenseite.com\/de\/energie\/bayern-bei-der-ee-stromquote-nur-noch-auf-platz-7\/\"]}]},{\"@type\":\"ImageObject\",\"inLanguage\":\"de\",\"@id\":\"https:\/\/www.sonnenseite.com\/de\/energie\/bayern-bei-der-ee-stromquote-nur-noch-auf-platz-7\/#primaryimage\",\"url\":\"https:\/\/www.sonnenseite.com\/wp-content\/uploads\/2020\/06\/ErneuerbareEnergienChris_Eisenhans.jpg\",\"contentUrl\":\"https:\/\/www.sonnenseite.com\/wp-content\/uploads\/2020\/06\/ErneuerbareEnergienChris_Eisenhans.jpg\",\"width\":770,\"height\":420,\"caption\":\"Fotolia.com | Chris_Eisenhans\"},{\"@type\":\"BreadcrumbList\",\"@id\":\"https:\/\/www.sonnenseite.com\/de\/energie\/bayern-bei-der-ee-stromquote-nur-noch-auf-platz-7\/#breadcrumb\",\"itemListElement\":[{\"@type\":\"ListItem\",\"position\":1,\"name\":\"Startseite\",\"item\":\"https:\/\/www.sonnenseite.com\/de\/\"},{\"@type\":\"ListItem\",\"position\":2,\"name\":\"Bayern bei der EE-Stromquote nur noch auf Platz 7\"}]},{\"@type\":\"WebSite\",\"@id\":\"https:\/\/www.sonnenseite.com\/de\/#website\",\"url\":\"https:\/\/www.sonnenseite.com\/de\/\",\"name\":\"Sonnenseite\",\"description\":\"\u00d6kologische Kommunikation mit Franz Alt\",\"publisher\":{\"@id\":\"https:\/\/www.sonnenseite.com\/de\/#organization\"},\"potentialAction\":[{\"@type\":\"SearchAction\",\"target\":{\"@type\":\"EntryPoint\",\"urlTemplate\":\"https:\/\/www.sonnenseite.com\/de\/?s={search_term_string}\"},\"query-input\":{\"@type\":\"PropertyValueSpecification\",\"valueRequired\":true,\"valueName\":\"search_term_string\"}}],\"inLanguage\":\"de\"},{\"@type\":\"Organization\",\"@id\":\"https:\/\/www.sonnenseite.com\/de\/#organization\",\"name\":\"Sonnenseite\",\"url\":\"https:\/\/www.sonnenseite.com\/de\/\",\"logo\":{\"@type\":\"ImageObject\",\"inLanguage\":\"de\",\"@id\":\"https:\/\/www.sonnenseite.com\/de\/#\/schema\/logo\/image\/\",\"url\":\"https:\/\/www.sonnenseite.com\/wp-content\/uploads\/2020\/05\/Sonnenseite_Logo.png\",\"contentUrl\":\"https:\/\/www.sonnenseite.com\/wp-content\/uploads\/2020\/05\/Sonnenseite_Logo.png\",\"width\":377,\"height\":90,\"caption\":\"Sonnenseite\"},\"image\":{\"@id\":\"https:\/\/www.sonnenseite.com\/de\/#\/schema\/logo\/image\/\"},\"sameAs\":[\"https:\/\/www.facebook.com\/pages\/Franz-Alt-SONNENSEITECOM\/221072987903953?fref=ts\",\"https:\/\/x.com\/franzalt\",\"http:\/\/www.youtube.com\/results?search_query&amp;amp;quot;franz_alt&amp;amp;quot;&amp;amp;amp;amp;search_type&amp;amp;amp;amp;aq=f\"]},{\"@type\":\"Person\",\"@id\":\"https:\/\/www.sonnenseite.com\/de\/#\/schema\/person\/50fda0e926597684c7cc6695238a4eb9\",\"name\":\"Bigi Alt\"}]}<\/script>\n<!-- \/ Yoast SEO plugin. -->","yoast_head_json":{"title":"Bayern bei der EE-Stromquote nur noch auf Platz 7 - Sonnenseite - \u00d6kologische Kommunikation mit Franz Alt","description":"Bayern ist bei der Energiewende weit zur\u00fcckgefallen. Mit einer EE-Stromquote beim Stromverbrauch von 46 Prozent, belegt Bayern den Platz 7 der 16","robots":{"index":"index","follow":"follow","max-snippet":"max-snippet:-1","max-image-preview":"max-image-preview:large","max-video-preview":"max-video-preview:-1"},"canonical":"https:\/\/www.sonnenseite.com\/de\/energie\/bayern-bei-der-ee-stromquote-nur-noch-auf-platz-7\/","og_locale":"de_DE","og_type":"article","og_title":"Bayern bei der EE-Stromquote nur noch auf Platz 7 - Sonnenseite - \u00d6kologische Kommunikation mit Franz Alt","og_description":"Bayern ist bei der Energiewende weit zur\u00fcckgefallen. Mit einer EE-Stromquote beim Stromverbrauch von 46 Prozent, belegt Bayern den Platz 7 der 16","og_url":"https:\/\/www.sonnenseite.com\/de\/energie\/bayern-bei-der-ee-stromquote-nur-noch-auf-platz-7\/","og_site_name":"Sonnenseite","article_publisher":"https:\/\/www.facebook.com\/pages\/Franz-Alt-SONNENSEITECOM\/221072987903953?fref=ts","article_published_time":"2021-07-22T10:07:21+00:00","og_image":[{"width":770,"height":420,"url":"https:\/\/www.sonnenseite.com\/wp-content\/uploads\/2020\/06\/ErneuerbareEnergienChris_Eisenhans.jpg","type":"image\/jpeg"}],"author":"Bigi Alt","twitter_card":"summary_large_image","twitter_creator":"@franzalt","twitter_site":"@franzalt","twitter_misc":{"Verfasst von":"Bigi Alt","Gesch\u00e4tzte Lesezeit":"3\u00a0Minuten"},"schema":{"@context":"https:\/\/schema.org","@graph":[{"@type":"Article","@id":"https:\/\/www.sonnenseite.com\/de\/energie\/bayern-bei-der-ee-stromquote-nur-noch-auf-platz-7\/#article","isPartOf":{"@id":"https:\/\/www.sonnenseite.com\/de\/energie\/bayern-bei-der-ee-stromquote-nur-noch-auf-platz-7\/"},"author":{"name":"Bigi Alt","@id":"https:\/\/www.sonnenseite.com\/de\/#\/schema\/person\/50fda0e926597684c7cc6695238a4eb9"},"headline":"Bayern bei der EE-Stromquote nur noch auf Platz 7","datePublished":"2021-07-22T10:07:21+00:00","mainEntityOfPage":{"@id":"https:\/\/www.sonnenseite.com\/de\/energie\/bayern-bei-der-ee-stromquote-nur-noch-auf-platz-7\/"},"wordCount":531,"publisher":{"@id":"https:\/\/www.sonnenseite.com\/de\/#organization"},"image":{"@id":"https:\/\/www.sonnenseite.com\/de\/energie\/bayern-bei-der-ee-stromquote-nur-noch-auf-platz-7\/#primaryimage"},"thumbnailUrl":"https:\/\/www.sonnenseite.com\/wp-content\/uploads\/2020\/06\/ErneuerbareEnergienChris_Eisenhans.jpg","articleSection":["Energie"],"inLanguage":"de"},{"@type":"WebPage","@id":"https:\/\/www.sonnenseite.com\/de\/energie\/bayern-bei-der-ee-stromquote-nur-noch-auf-platz-7\/","url":"https:\/\/www.sonnenseite.com\/de\/energie\/bayern-bei-der-ee-stromquote-nur-noch-auf-platz-7\/","name":"Bayern bei der EE-Stromquote nur noch auf Platz 7 - Sonnenseite - \u00d6kologische Kommunikation mit Franz Alt","isPartOf":{"@id":"https:\/\/www.sonnenseite.com\/de\/#website"},"primaryImageOfPage":{"@id":"https:\/\/www.sonnenseite.com\/de\/energie\/bayern-bei-der-ee-stromquote-nur-noch-auf-platz-7\/#primaryimage"},"image":{"@id":"https:\/\/www.sonnenseite.com\/de\/energie\/bayern-bei-der-ee-stromquote-nur-noch-auf-platz-7\/#primaryimage"},"thumbnailUrl":"https:\/\/www.sonnenseite.com\/wp-content\/uploads\/2020\/06\/ErneuerbareEnergienChris_Eisenhans.jpg","datePublished":"2021-07-22T10:07:21+00:00","description":"Bayern ist bei der Energiewende weit zur\u00fcckgefallen. Mit einer EE-Stromquote beim Stromverbrauch von 46 Prozent, belegt Bayern den Platz 7 der 16","breadcrumb":{"@id":"https:\/\/www.sonnenseite.com\/de\/energie\/bayern-bei-der-ee-stromquote-nur-noch-auf-platz-7\/#breadcrumb"},"inLanguage":"de","potentialAction":[{"@type":"ReadAction","target":["https:\/\/www.sonnenseite.com\/de\/energie\/bayern-bei-der-ee-stromquote-nur-noch-auf-platz-7\/"]}]},{"@type":"ImageObject","inLanguage":"de","@id":"https:\/\/www.sonnenseite.com\/de\/energie\/bayern-bei-der-ee-stromquote-nur-noch-auf-platz-7\/#primaryimage","url":"https:\/\/www.sonnenseite.com\/wp-content\/uploads\/2020\/06\/ErneuerbareEnergienChris_Eisenhans.jpg","contentUrl":"https:\/\/www.sonnenseite.com\/wp-content\/uploads\/2020\/06\/ErneuerbareEnergienChris_Eisenhans.jpg","width":770,"height":420,"caption":"Fotolia.com | Chris_Eisenhans"},{"@type":"BreadcrumbList","@id":"https:\/\/www.sonnenseite.com\/de\/energie\/bayern-bei-der-ee-stromquote-nur-noch-auf-platz-7\/#breadcrumb","itemListElement":[{"@type":"ListItem","position":1,"name":"Startseite","item":"https:\/\/www.sonnenseite.com\/de\/"},{"@type":"ListItem","position":2,"name":"Bayern bei der EE-Stromquote nur noch auf Platz 7"}]},{"@type":"WebSite","@id":"https:\/\/www.sonnenseite.com\/de\/#website","url":"https:\/\/www.sonnenseite.com\/de\/","name":"Sonnenseite","description":"\u00d6kologische Kommunikation mit Franz Alt","publisher":{"@id":"https:\/\/www.sonnenseite.com\/de\/#organization"},"potentialAction":[{"@type":"SearchAction","target":{"@type":"EntryPoint","urlTemplate":"https:\/\/www.sonnenseite.com\/de\/?s={search_term_string}"},"query-input":{"@type":"PropertyValueSpecification","valueRequired":true,"valueName":"search_term_string"}}],"inLanguage":"de"},{"@type":"Organization","@id":"https:\/\/www.sonnenseite.com\/de\/#organization","name":"Sonnenseite","url":"https:\/\/www.sonnenseite.com\/de\/","logo":{"@type":"ImageObject","inLanguage":"de","@id":"https:\/\/www.sonnenseite.com\/de\/#\/schema\/logo\/image\/","url":"https:\/\/www.sonnenseite.com\/wp-content\/uploads\/2020\/05\/Sonnenseite_Logo.png","contentUrl":"https:\/\/www.sonnenseite.com\/wp-content\/uploads\/2020\/05\/Sonnenseite_Logo.png","width":377,"height":90,"caption":"Sonnenseite"},"image":{"@id":"https:\/\/www.sonnenseite.com\/de\/#\/schema\/logo\/image\/"},"sameAs":["https:\/\/www.facebook.com\/pages\/Franz-Alt-SONNENSEITECOM\/221072987903953?fref=ts","https:\/\/x.com\/franzalt","http:\/\/www.youtube.com\/results?search_query&amp;amp;quot;franz_alt&amp;amp;quot;&amp;amp;amp;amp;search_type&amp;amp;amp;amp;aq=f"]},{"@type":"Person","@id":"https:\/\/www.sonnenseite.com\/de\/#\/schema\/person\/50fda0e926597684c7cc6695238a4eb9","name":"Bigi Alt"}]}},"_links":{"self":[{"href":"https:\/\/www.sonnenseite.com\/de\/wp-json\/wp\/v2\/posts\/73172","targetHints":{"allow":["GET"]}}],"collection":[{"href":"https:\/\/www.sonnenseite.com\/de\/wp-json\/wp\/v2\/posts"}],"about":[{"href":"https:\/\/www.sonnenseite.com\/de\/wp-json\/wp\/v2\/types\/post"}],"author":[{"embeddable":true,"href":"https:\/\/www.sonnenseite.com\/de\/wp-json\/wp\/v2\/users\/3"}],"replies":[{"embeddable":true,"href":"https:\/\/www.sonnenseite.com\/de\/wp-json\/wp\/v2\/comments?post=73172"}],"version-history":[{"count":4,"href":"https:\/\/www.sonnenseite.com\/de\/wp-json\/wp\/v2\/posts\/73172\/revisions"}],"predecessor-version":[{"id":73178,"href":"https:\/\/www.sonnenseite.com\/de\/wp-json\/wp\/v2\/posts\/73172\/revisions\/73178"}],"wp:featuredmedia":[{"embeddable":true,"href":"https:\/\/www.sonnenseite.com\/de\/wp-json\/wp\/v2\/media\/60337"}],"wp:attachment":[{"href":"https:\/\/www.sonnenseite.com\/de\/wp-json\/wp\/v2\/media?parent=73172"}],"wp:term":[{"taxonomy":"category","embeddable":true,"href":"https:\/\/www.sonnenseite.com\/de\/wp-json\/wp\/v2\/categories?post=73172"},{"taxonomy":"post_tag","embeddable":true,"href":"https:\/\/www.sonnenseite.com\/de\/wp-json\/wp\/v2\/tags?post=73172"}],"curies":[{"name":"wp","href":"https:\/\/api.w.org\/{rel}","templated":true}]}}