{"id":73256,"date":"2021-07-26T10:52:08","date_gmt":"2021-07-26T08:52:08","guid":{"rendered":"https:\/\/www.sonnenseite.com\/?p=73256"},"modified":"2021-07-27T15:53:03","modified_gmt":"2021-07-27T13:53:03","slug":"corona-effekt-hat-nur-ein-jahr-gewirkt-erdueberlastungstag-so-frueh-wie-2019","status":"publish","type":"post","link":"https:\/\/www.sonnenseite.com\/de\/umwelt\/corona-effekt-hat-nur-ein-jahr-gewirkt-erdueberlastungstag-so-frueh-wie-2019\/","title":{"rendered":"Corona-Effekt hat nur ein Jahr gewirkt: Erd\u00fcberlastungstag so fr\u00fch wie 2019"},"content":{"rendered":"\n<p>Emissionen stark gestiegen: Der 29. Juli ist der Tag, an dem alle nachhaltig nutzbaren Ressourcen f\u00fcr das gesamte Jahr verbraucht sind. Das Datum ist nach einem Jahr etwas weniger massiver \u00dcbernutzung wieder mehr als drei Wochen nach vorn ger\u00fcckt.<br><\/p>\n\n\n\n<p>Der diesj\u00e4hrige Erd\u00fcberlastungstag f\u00e4llt auf den kommenden Donnerstag (29. Juli). Der Tag markiert den Zeitpunkt im Jahr, bis zu dem die Menschheit so viele Ressourcen von der Erde beansprucht hat, wie alle \u00d6kosysteme im gesamten Jahr erneuern k\u00f6nnen. Durch die Auswirkungen der Corona-Pandemie hatte sich der Erd\u00fcberlastungstag im vergangenen Jahr um mehr als drei Wochen nach hinten verschoben \u2013 die \u00dcbernutzung der Erde war also etwas zur\u00fcckgegangen. In diesem Jahr sind jedoch die nachhaltig nutzbaren Ressourcen der Erde wieder fast so fr\u00fch verbraucht wie 2019, wie das Global Footprint Network errechnet hat.<br><br>\u201eWir erleben nun den bef\u00fcrchteten Rebound-Effekt, das sprunghafte Wiederansteigen der Emissionen nach dem H\u00f6hepunkt der Pandemie\u201c, sagt Steffen Vogel vom Team Unternehmensverantwortung der Umwelt- und Entwicklungsorganisation Germanwatch. \u201eDass der Ressourcenverbrauch trotz Anhalten der Pandemie schon dieses Jahr fast wieder das Niveau von 2019 erreicht, zeigt: Wir brauchen dringender denn je ein Umsteuern in der Klima- und Ressourcenpolitik. COVID-19-Konjunkturprogramme m\u00fcssen unbedingt auf nachhaltige Wirtschaftsweisen ausgerichtet werden.\u201c<br><br>Nach Berechnungen des Global Footprint Network beruht die zunehmende \u00dcbernutzung der Ressourcen auf dem starken Anstieg der CO2-Emissionen um prognostiziert 6,6 Prozent gegen\u00fcber 2020, sowie auf dem Verlust von 0,5 Prozent Biokapazit\u00e4t der W\u00e4lder, vor allem durch die rasante Abholzung des Amazonas-Regenwaldes.<br><br><strong>Nachhaltiges Verhalten muss einfacher und preiswerter werden<\/strong><br><br>Oft wird der Erd\u00fcberlastungstag mit dem Aufruf verbunden, den eigenen \u00f6kologischen Fu\u00dfabdruck zu reduzieren. Dies ist ein erster wichtiger Schritt, denn die notwendige Transformation muss von Ver\u00e4nderungen im Verhalten und der Wertevorstellungen getragen werden. Er reicht aber nicht aus. \u201eUm die notwendigen Ver\u00e4nderungen schnell genug zu erreichen, brauchen wir andere Rahmenbedingungen. Nachhaltiges und sozial verantwortliches Verhalten muss einfacher, naheliegender und preiswerter werden\u201d, sagt Marie Heitfeld, Referentin f\u00fcr Bildung f\u00fcr nachhaltige Entwicklung bei Germanwatch. Jeder kann mithelfen in seinem Umfeld Strukturen f\u00fcr mehr Nachhaltigkeit zu entwickeln, damit nachhaltiges Verhalten zum Standard f\u00fcr alle wird. Daf\u00fcr ist als Erg\u00e4nzung zum Fu\u00dfabdruck der Handabdruck entwickelt worden.<br><br>\u201cDer Handabdruck steht f\u00fcr die Hebel, die jede und jeder von uns selbst in Bewegung setzen kann, um Nachhaltigkeit in Mobilit\u00e4t, Ern\u00e4hrung, Energie, Finanzen oder Ressourcennutzung zum neuen Standard zu machen. Das geht am Arbeitsplatz, in der Schule oder Uni, im Verein oder in der Kommune sowie auf Landes- und Bundesebene\u201c, erkl\u00e4rt Heitfeld. Erg\u00e4nzend zu den existierenden Fu\u00dfabdruck-Tests hat Germanwatch zusammen mit Brot f\u00fcr die Welt einen neuen Handabdruck-Test ver\u00f6ffentlicht. Dort erhalten die Nutzerinnen und Nutzer eine konkrete und zu ihren Interessen passende Idee, wie sie ihren eigenen positiven Handabdruck vergr\u00f6\u00dfern und so der \u00dcberlastung unserer planetaren Grenzen entgegenwirken k\u00f6nnen: <a href=\"https:\/\/amxe.net\/4mvw9apj-yn817eoh-ke5awh6b-wj7\">www.handabdruck.eu<\/a><br><br>&#8222;Um die st\u00e4ndige \u00dcberdehnung der Grenzen des Planeten zu stoppen, brauchen wir auch eine engere internationale Kooperation auf mehreren Ebenen. So muss die Bundesregierung jetzt zum Beispiel mit ihren europ\u00e4ischen Partnern die Umsetzung des European Green Deal beschleunigen\u201d, sagt Audrey Mathieu, Referentin f\u00fcr EU-Klimapolitik bei Germanwatch. \u201cMit dem Fit-for-55-Paket liegt eine insgesamt solide Basis der EU-Kommission auf dem Tisch. Jetzt m\u00fcssen Mitgliedsstaaten und Europ\u00e4isches Parlament nachlegen, um das Wirksamste aus dem Paket herauszuholen und schnell in die Umsetzung zu kommen. Auf die n\u00e4chste Bundesregierung kommen sowohl auf EU-Ebene als auch beim Ergreifen wirksamer Ma\u00dfnahmen zum Erreichen der verbesserten deutschen Klimaziele gro\u00dfe Aufgaben zu\u201d, so Mathieu weiter. \u00dcberdies gehe es darum, mit zentralen Schwellenl\u00e4ndern Klimapartnerschaften zum z\u00fcgigeren Umstieg Richtung Klimaneutralit\u00e4t auf- und auszubauen.<br><br><strong>Hintergrundinformationen zum globalen Erd\u00fcberlastungstag<\/strong><br><br>Das <strong>Global Footprint Network<\/strong> berechnet jedes Jahr den Tag, an dem die Erd\u00fcberlastung erreicht ist, den \u201eEarth Overshoot Day\u201c. Dabei werden zwei rechnerische Gr\u00f6\u00dfen gegen\u00fcbergestellt: zum einen die biologische Kapazit\u00e4t der Erde zum Aufbau von Ressourcen sowie zur Aufnahme von M\u00fcll und Emissionen, zum anderen der Bedarf an W\u00e4ldern, Fl\u00e4chen, Wasser, Ackerland und Fischgr\u00fcnden, den die Menschen derzeit f\u00fcr ihre Lebens- und Wirtschaftsweise verbrauchen.<br><br>Um ihren Ressourcenbedarf nachhaltig zu decken, br\u00e4uchte die Weltbev\u00f6lkerung rechnerisch rund 1,7 Planeten. W\u00fcrden alle L\u00e4nder so haushalten wie Deutschland, w\u00e4ren gar 2,9 Erden n\u00f6tig. Bei einer Lebensweise wie in China br\u00e4uchte die Weltbev\u00f6lkerung 2,3 Erden; w\u00fcrden alle Menschen so wirtschaften wie in den USA br\u00e4uchten sie f\u00fcnf Erden. Dabei ist der Anstieg des Ressourcenverbrauchs beispiellos in der Menschheitsgeschichte: 1970 \u00fcberstieg er erstmals die Biokapazit\u00e4t der Erde, im Jahr 2000 lag der Erd\u00fcberlastungstag bereits im September. Wegen der Auswirkungen der Corona-Pandemie war der Tag 2020 sp\u00e4ter als 2019, er fiel im Jahr 2020 auf den 22. August.<\/p>\n\n\n\n<ul class=\"wp-block-list\"><li><a href=\"http:\/\/www.germanwatch.org\/de\/15501\">Hintergrundinformationen zum Erd\u00fcberlastungstag<\/a><\/li><li><a href=\"http:\/\/www.footprintnetwork.org\/resources\/data\">Daten des Global Footprint Network<\/a><\/li><li>Zum Konzept des Handabdrucks bei Germanwatch:<a href=\"https:\/\/amxe.net\/4mvw9apj-yn817eoh-uiexb2rm-56b\"> www.germanwatch.org\/de\/handprint<\/a><\/li><li><strong>Zum Handabdruc<\/strong>k<strong>-Test:<\/strong><a href=\"https:\/\/amxe.net\/4mvw9apj-yn817eoh-ywzl9w3b-13ht\">www.handabdruck.eu<\/a><\/li><\/ul>\n\n\n<h5 class=\"green\">Quelle<\/h5>\r\n\n\n\n<p><a href=\"https:\/\/germanwatch.org\">GERMANWATCH 2021<\/a><\/p>\n<div class=\"shariff shariff-align-flex-start shariff-widget-align-flex-start\"><div class=\"ShariffHeadline\">Diese Meldung teilen<\/div><ul class=\"shariff-buttons theme-round orientation-horizontal buttonsize-medium\"><li class=\"shariff-button facebook shariff-nocustomcolor\" style=\"background-color:#4273c8;border-radius:1%\"><a href=\"https:\/\/www.facebook.com\/sharer\/sharer.php?u=https%3A%2F%2Fwww.sonnenseite.com%2Fde%2Fumwelt%2Fcorona-effekt-hat-nur-ein-jahr-gewirkt-erdueberlastungstag-so-frueh-wie-2019%2F\" title=\"Bei Facebook teilen\" aria-label=\"Bei Facebook teilen\" role=\"button\" rel=\"nofollow\" class=\"shariff-link\" style=\";border-radius:1%; background-color:#3b5998; color:#fff\" target=\"_blank\"><span class=\"shariff-icon\" style=\"\"><svg width=\"32px\" height=\"20px\" xmlns=\"http:\/\/www.w3.org\/2000\/svg\" viewBox=\"0 0 18 32\"><path fill=\"#3b5998\" d=\"M17.1 0.2v4.7h-2.8q-1.5 0-2.1 0.6t-0.5 1.9v3.4h5.2l-0.7 5.3h-4.5v13.6h-5.5v-13.6h-4.5v-5.3h4.5v-3.9q0-3.3 1.9-5.2t5-1.8q2.6 0 4.1 0.2z\"\/><\/svg><\/span><\/a><\/li><li class=\"shariff-button twitter shariff-nocustomcolor\" style=\"background-color:#595959;border-radius:1%\"><a href=\"https:\/\/twitter.com\/share?url=https%3A%2F%2Fwww.sonnenseite.com%2Fde%2Fumwelt%2Fcorona-effekt-hat-nur-ein-jahr-gewirkt-erdueberlastungstag-so-frueh-wie-2019%2F&text=Corona-Effekt%20hat%20nur%20ein%20Jahr%20gewirkt%3A%20Erd%C3%BCberlastungstag%20so%20fr%C3%BCh%20wie%202019\" title=\"Bei X teilen\" aria-label=\"Bei X teilen\" role=\"button\" rel=\"noopener nofollow\" class=\"shariff-link\" style=\";border-radius:1%; background-color:#000; color:#fff\" target=\"_blank\"><span class=\"shariff-icon\" style=\"\"><svg width=\"32px\" height=\"20px\" xmlns=\"http:\/\/www.w3.org\/2000\/svg\" viewBox=\"0 0 24 24\"><path fill=\"#000\" d=\"M14.258 10.152L23.176 0h-2.113l-7.747 8.813L7.133 0H0l9.352 13.328L0 23.973h2.113l8.176-9.309 6.531 9.309h7.133zm-2.895 3.293l-.949-1.328L2.875 1.56h3.246l6.086 8.523.945 1.328 7.91 11.078h-3.246zm0 0\"\/><\/svg><\/span><\/a><\/li><li class=\"shariff-button xing shariff-nocustomcolor\" style=\"background-color:#29888a;border-radius:1%\"><a href=\"https:\/\/www.xing.com\/spi\/shares\/new?url=https%3A%2F%2Fwww.sonnenseite.com%2Fde%2Fumwelt%2Fcorona-effekt-hat-nur-ein-jahr-gewirkt-erdueberlastungstag-so-frueh-wie-2019%2F\" title=\"Bei XING teilen\" aria-label=\"Bei XING teilen\" role=\"button\" rel=\"noopener nofollow\" class=\"shariff-link\" style=\";border-radius:1%; background-color:#126567; color:#fff\" target=\"_blank\"><span class=\"shariff-icon\" style=\"\"><svg width=\"32px\" height=\"20px\" xmlns=\"http:\/\/www.w3.org\/2000\/svg\" viewBox=\"0 0 25 32\"><path fill=\"#126567\" d=\"M10.7 11.9q-0.2 0.3-4.6 8.2-0.5 0.8-1.2 0.8h-4.3q-0.4 0-0.5-0.3t0-0.6l4.5-8q0 0 0 0l-2.9-5q-0.2-0.4 0-0.7 0.2-0.3 0.5-0.3h4.3q0.7 0 1.2 0.8zM25.1 0.4q0.2 0.3 0 0.7l-9.4 16.7 6 11q0.2 0.4 0 0.6-0.2 0.3-0.6 0.3h-4.3q-0.7 0-1.2-0.8l-6-11.1q0.3-0.6 9.5-16.8 0.4-0.8 1.2-0.8h4.3q0.4 0 0.5 0.3z\"\/><\/svg><\/span><\/a><\/li><li class=\"shariff-button linkedin shariff-nocustomcolor\" style=\"background-color:#1488bf;border-radius:1%\"><a href=\"https:\/\/www.linkedin.com\/sharing\/share-offsite\/?url=https%3A%2F%2Fwww.sonnenseite.com%2Fde%2Fumwelt%2Fcorona-effekt-hat-nur-ein-jahr-gewirkt-erdueberlastungstag-so-frueh-wie-2019%2F\" title=\"Bei LinkedIn teilen\" aria-label=\"Bei LinkedIn teilen\" role=\"button\" rel=\"noopener nofollow\" class=\"shariff-link\" style=\";border-radius:1%; background-color:#0077b5; color:#fff\" target=\"_blank\"><span class=\"shariff-icon\" style=\"\"><svg width=\"32px\" height=\"20px\" xmlns=\"http:\/\/www.w3.org\/2000\/svg\" viewBox=\"0 0 27 32\"><path fill=\"#0077b5\" d=\"M6.2 11.2v17.7h-5.9v-17.7h5.9zM6.6 5.7q0 1.3-0.9 2.2t-2.4 0.9h0q-1.5 0-2.4-0.9t-0.9-2.2 0.9-2.2 2.4-0.9 2.4 0.9 0.9 2.2zM27.4 18.7v10.1h-5.9v-9.5q0-1.9-0.7-2.9t-2.3-1.1q-1.1 0-1.9 0.6t-1.2 1.5q-0.2 0.5-0.2 1.4v9.9h-5.9q0-7.1 0-11.6t0-5.3l0-0.9h5.9v2.6h0q0.4-0.6 0.7-1t1-0.9 1.6-0.8 2-0.3q3 0 4.9 2t1.9 6z\"\/><\/svg><\/span><\/a><\/li><li class=\"shariff-button printer shariff-nocustomcolor\" style=\"background-color:#a8a8a8;border-radius:1%\"><a href=\"javascript:window.print()\" title=\"drucken\" aria-label=\"drucken\" role=\"button\" rel=\"noopener nofollow\" class=\"shariff-link\" style=\";border-radius:1%; background-color:#999; color:#fff\"><span class=\"shariff-icon\" style=\"\"><svg width=\"32px\" height=\"20px\" xmlns=\"http:\/\/www.w3.org\/2000\/svg\" viewBox=\"0 0 30 32\"><path fill=\"#999\" d=\"M6.8 27.4h16v-4.6h-16v4.6zM6.8 16h16v-6.8h-2.8q-0.7 0-1.2-0.5t-0.5-1.2v-2.8h-11.4v11.4zM27.4 17.2q0-0.5-0.3-0.8t-0.8-0.4-0.8 0.4-0.3 0.8 0.3 0.8 0.8 0.3 0.8-0.3 0.3-0.8zM29.7 17.2v7.4q0 0.2-0.2 0.4t-0.4 0.2h-4v2.8q0 0.7-0.5 1.2t-1.2 0.5h-17.2q-0.7 0-1.2-0.5t-0.5-1.2v-2.8h-4q-0.2 0-0.4-0.2t-0.2-0.4v-7.4q0-1.4 1-2.4t2.4-1h1.2v-9.7q0-0.7 0.5-1.2t1.2-0.5h12q0.7 0 1.6 0.4t1.3 0.8l2.7 2.7q0.5 0.5 0.9 1.4t0.4 1.6v4.6h1.1q1.4 0 2.4 1t1 2.4z\"\/><\/svg><\/span><\/a><\/li><li class=\"shariff-button mailto shariff-nocustomcolor\" style=\"background-color:#a8a8a8;border-radius:1%\"><a href=\"mailto:?body=https%3A%2F%2Fwww.sonnenseite.com%2Fde%2Fumwelt%2Fcorona-effekt-hat-nur-ein-jahr-gewirkt-erdueberlastungstag-so-frueh-wie-2019%2F&subject=Corona-Effekt%20hat%20nur%20ein%20Jahr%20gewirkt%3A%20Erd%C3%BCberlastungstag%20so%20fr%C3%BCh%20wie%202019\" title=\"Per E-Mail versenden\" aria-label=\"Per E-Mail versenden\" role=\"button\" rel=\"noopener nofollow\" class=\"shariff-link\" style=\";border-radius:1%; background-color:#999; color:#fff\"><span class=\"shariff-icon\" style=\"\"><svg width=\"32px\" height=\"20px\" xmlns=\"http:\/\/www.w3.org\/2000\/svg\" viewBox=\"0 0 32 32\"><path fill=\"#999\" d=\"M32 12.7v14.2q0 1.2-0.8 2t-2 0.9h-26.3q-1.2 0-2-0.9t-0.8-2v-14.2q0.8 0.9 1.8 1.6 6.5 4.4 8.9 6.1 1 0.8 1.6 1.2t1.7 0.9 2 0.4h0.1q0.9 0 2-0.4t1.7-0.9 1.6-1.2q3-2.2 8.9-6.1 1-0.7 1.8-1.6zM32 7.4q0 1.4-0.9 2.7t-2.2 2.2q-6.7 4.7-8.4 5.8-0.2 0.1-0.7 0.5t-1 0.7-0.9 0.6-1.1 0.5-0.9 0.2h-0.1q-0.4 0-0.9-0.2t-1.1-0.5-0.9-0.6-1-0.7-0.7-0.5q-1.6-1.1-4.7-3.2t-3.6-2.6q-1.1-0.7-2.1-2t-1-2.5q0-1.4 0.7-2.3t2.1-0.9h26.3q1.2 0 2 0.8t0.9 2z\"\/><\/svg><\/span><\/a><\/li><\/ul><\/div>","protected":false},"excerpt":{"rendered":"<p>Emissionen stark gestiegen: Der 29. Juli ist der Tag, an dem alle nachhaltig nutzbaren Ressourcen f\u00fcr [&hellip;]<\/p>\n","protected":false},"author":3,"featured_media":23147,"comment_status":"closed","ping_status":"closed","sticky":false,"template":"","format":"standard","meta":{"inline_featured_image":false,"footnotes":""},"categories":[23],"tags":[],"class_list":["post-73256","post","type-post","status-publish","format-standard","has-post-thumbnail","hentry","category-umwelt"],"yoast_head":"<!-- This site is optimized with the Yoast SEO plugin v26.5 - https:\/\/yoast.com\/wordpress\/plugins\/seo\/ -->\n<title>Corona-Effekt hat nur ein Jahr gewirkt: Erd\u00fcberlastungstag so fr\u00fch wie 2019 - Sonnenseite - \u00d6kologische Kommunikation mit Franz Alt<\/title>\n<meta name=\"description\" content=\"Emissionen stark gestiegen: Der 29. Juli ist der Tag, an dem alle nachhaltig nutzbaren Ressourcen f\u00fcr das gesamte Jahr verbraucht sind. Das Datum ist nach\" \/>\n<meta name=\"robots\" content=\"index, follow, max-snippet:-1, max-image-preview:large, max-video-preview:-1\" \/>\n<link rel=\"canonical\" href=\"https:\/\/www.sonnenseite.com\/de\/umwelt\/corona-effekt-hat-nur-ein-jahr-gewirkt-erdueberlastungstag-so-frueh-wie-2019\/\" \/>\n<meta property=\"og:locale\" content=\"de_DE\" \/>\n<meta property=\"og:type\" content=\"article\" \/>\n<meta property=\"og:title\" content=\"Corona-Effekt hat nur ein Jahr gewirkt: Erd\u00fcberlastungstag so fr\u00fch wie 2019 - Sonnenseite - \u00d6kologische Kommunikation mit Franz Alt\" \/>\n<meta property=\"og:description\" content=\"Emissionen stark gestiegen: Der 29. Juli ist der Tag, an dem alle nachhaltig nutzbaren Ressourcen f\u00fcr das gesamte Jahr verbraucht sind. Das Datum ist nach\" \/>\n<meta property=\"og:url\" content=\"https:\/\/www.sonnenseite.com\/de\/umwelt\/corona-effekt-hat-nur-ein-jahr-gewirkt-erdueberlastungstag-so-frueh-wie-2019\/\" \/>\n<meta property=\"og:site_name\" content=\"Sonnenseite\" \/>\n<meta property=\"article:publisher\" content=\"https:\/\/www.facebook.com\/pages\/Franz-Alt-SONNENSEITECOM\/221072987903953?fref=ts\" \/>\n<meta property=\"article:published_time\" content=\"2021-07-26T08:52:08+00:00\" \/>\n<meta property=\"article:modified_time\" content=\"2021-07-27T13:53:03+00:00\" \/>\n<meta property=\"og:image\" content=\"https:\/\/www.sonnenseite.com\/wp-content\/uploads\/2017\/11\/Erde_Muell_alphaspirit.jpg\" \/>\n\t<meta property=\"og:image:width\" content=\"770\" \/>\n\t<meta property=\"og:image:height\" content=\"420\" \/>\n\t<meta property=\"og:image:type\" content=\"image\/jpeg\" \/>\n<meta name=\"author\" content=\"Bigi Alt\" \/>\n<meta name=\"twitter:card\" content=\"summary_large_image\" \/>\n<meta name=\"twitter:creator\" content=\"@franzalt\" \/>\n<meta name=\"twitter:site\" content=\"@franzalt\" \/>\n<meta name=\"twitter:label1\" content=\"Verfasst von\" \/>\n\t<meta name=\"twitter:data1\" content=\"Bigi Alt\" \/>\n\t<meta name=\"twitter:label2\" content=\"Gesch\u00e4tzte Lesezeit\" \/>\n\t<meta name=\"twitter:data2\" content=\"4\u00a0Minuten\" \/>\n<script type=\"application\/ld+json\" class=\"yoast-schema-graph\">{\"@context\":\"https:\/\/schema.org\",\"@graph\":[{\"@type\":\"Article\",\"@id\":\"https:\/\/www.sonnenseite.com\/de\/umwelt\/corona-effekt-hat-nur-ein-jahr-gewirkt-erdueberlastungstag-so-frueh-wie-2019\/#article\",\"isPartOf\":{\"@id\":\"https:\/\/www.sonnenseite.com\/de\/umwelt\/corona-effekt-hat-nur-ein-jahr-gewirkt-erdueberlastungstag-so-frueh-wie-2019\/\"},\"author\":{\"name\":\"Bigi Alt\",\"@id\":\"https:\/\/www.sonnenseite.com\/de\/#\/schema\/person\/50fda0e926597684c7cc6695238a4eb9\"},\"headline\":\"Corona-Effekt hat nur ein Jahr gewirkt: Erd\u00fcberlastungstag so fr\u00fch wie 2019\",\"datePublished\":\"2021-07-26T08:52:08+00:00\",\"dateModified\":\"2021-07-27T13:53:03+00:00\",\"mainEntityOfPage\":{\"@id\":\"https:\/\/www.sonnenseite.com\/de\/umwelt\/corona-effekt-hat-nur-ein-jahr-gewirkt-erdueberlastungstag-so-frueh-wie-2019\/\"},\"wordCount\":833,\"publisher\":{\"@id\":\"https:\/\/www.sonnenseite.com\/de\/#organization\"},\"image\":{\"@id\":\"https:\/\/www.sonnenseite.com\/de\/umwelt\/corona-effekt-hat-nur-ein-jahr-gewirkt-erdueberlastungstag-so-frueh-wie-2019\/#primaryimage\"},\"thumbnailUrl\":\"https:\/\/www.sonnenseite.com\/wp-content\/uploads\/2017\/11\/Erde_Muell_alphaspirit.jpg\",\"articleSection\":[\"Umwelt\"],\"inLanguage\":\"de\"},{\"@type\":\"WebPage\",\"@id\":\"https:\/\/www.sonnenseite.com\/de\/umwelt\/corona-effekt-hat-nur-ein-jahr-gewirkt-erdueberlastungstag-so-frueh-wie-2019\/\",\"url\":\"https:\/\/www.sonnenseite.com\/de\/umwelt\/corona-effekt-hat-nur-ein-jahr-gewirkt-erdueberlastungstag-so-frueh-wie-2019\/\",\"name\":\"Corona-Effekt hat nur ein Jahr gewirkt: Erd\u00fcberlastungstag so fr\u00fch wie 2019 - Sonnenseite - \u00d6kologische Kommunikation mit Franz Alt\",\"isPartOf\":{\"@id\":\"https:\/\/www.sonnenseite.com\/de\/#website\"},\"primaryImageOfPage\":{\"@id\":\"https:\/\/www.sonnenseite.com\/de\/umwelt\/corona-effekt-hat-nur-ein-jahr-gewirkt-erdueberlastungstag-so-frueh-wie-2019\/#primaryimage\"},\"image\":{\"@id\":\"https:\/\/www.sonnenseite.com\/de\/umwelt\/corona-effekt-hat-nur-ein-jahr-gewirkt-erdueberlastungstag-so-frueh-wie-2019\/#primaryimage\"},\"thumbnailUrl\":\"https:\/\/www.sonnenseite.com\/wp-content\/uploads\/2017\/11\/Erde_Muell_alphaspirit.jpg\",\"datePublished\":\"2021-07-26T08:52:08+00:00\",\"dateModified\":\"2021-07-27T13:53:03+00:00\",\"description\":\"Emissionen stark gestiegen: Der 29. Juli ist der Tag, an dem alle nachhaltig nutzbaren Ressourcen f\u00fcr das gesamte Jahr verbraucht sind. Das Datum ist nach\",\"breadcrumb\":{\"@id\":\"https:\/\/www.sonnenseite.com\/de\/umwelt\/corona-effekt-hat-nur-ein-jahr-gewirkt-erdueberlastungstag-so-frueh-wie-2019\/#breadcrumb\"},\"inLanguage\":\"de\",\"potentialAction\":[{\"@type\":\"ReadAction\",\"target\":[\"https:\/\/www.sonnenseite.com\/de\/umwelt\/corona-effekt-hat-nur-ein-jahr-gewirkt-erdueberlastungstag-so-frueh-wie-2019\/\"]}]},{\"@type\":\"ImageObject\",\"inLanguage\":\"de\",\"@id\":\"https:\/\/www.sonnenseite.com\/de\/umwelt\/corona-effekt-hat-nur-ein-jahr-gewirkt-erdueberlastungstag-so-frueh-wie-2019\/#primaryimage\",\"url\":\"https:\/\/www.sonnenseite.com\/wp-content\/uploads\/2017\/11\/Erde_Muell_alphaspirit.jpg\",\"contentUrl\":\"https:\/\/www.sonnenseite.com\/wp-content\/uploads\/2017\/11\/Erde_Muell_alphaspirit.jpg\",\"width\":770,\"height\":420,\"caption\":\"ClipDealer.com | alphaspirit | \u201eWir erleben nun den bef\u00fcrchteten Rebound-Effekt, das sprunghafte Wiederansteigen der Emissionen nach dem H\u00f6hepunkt der Pandemie. Dass der Ressourcenverbrauch trotz Anhalten der Pandemie schon dieses Jahr wieder fast das Niveau von 2019 erreicht, zeigt: Wir brauchen dringender denn je ein Umsteuern in der Klima- und Ressourcenpolitik.\u201c\"},{\"@type\":\"BreadcrumbList\",\"@id\":\"https:\/\/www.sonnenseite.com\/de\/umwelt\/corona-effekt-hat-nur-ein-jahr-gewirkt-erdueberlastungstag-so-frueh-wie-2019\/#breadcrumb\",\"itemListElement\":[{\"@type\":\"ListItem\",\"position\":1,\"name\":\"Startseite\",\"item\":\"https:\/\/www.sonnenseite.com\/de\/\"},{\"@type\":\"ListItem\",\"position\":2,\"name\":\"Corona-Effekt hat nur ein Jahr gewirkt: Erd\u00fcberlastungstag so fr\u00fch wie 2019\"}]},{\"@type\":\"WebSite\",\"@id\":\"https:\/\/www.sonnenseite.com\/de\/#website\",\"url\":\"https:\/\/www.sonnenseite.com\/de\/\",\"name\":\"Sonnenseite\",\"description\":\"\u00d6kologische Kommunikation mit Franz Alt\",\"publisher\":{\"@id\":\"https:\/\/www.sonnenseite.com\/de\/#organization\"},\"potentialAction\":[{\"@type\":\"SearchAction\",\"target\":{\"@type\":\"EntryPoint\",\"urlTemplate\":\"https:\/\/www.sonnenseite.com\/de\/?s={search_term_string}\"},\"query-input\":{\"@type\":\"PropertyValueSpecification\",\"valueRequired\":true,\"valueName\":\"search_term_string\"}}],\"inLanguage\":\"de\"},{\"@type\":\"Organization\",\"@id\":\"https:\/\/www.sonnenseite.com\/de\/#organization\",\"name\":\"Sonnenseite\",\"url\":\"https:\/\/www.sonnenseite.com\/de\/\",\"logo\":{\"@type\":\"ImageObject\",\"inLanguage\":\"de\",\"@id\":\"https:\/\/www.sonnenseite.com\/de\/#\/schema\/logo\/image\/\",\"url\":\"https:\/\/www.sonnenseite.com\/wp-content\/uploads\/2020\/05\/Sonnenseite_Logo.png\",\"contentUrl\":\"https:\/\/www.sonnenseite.com\/wp-content\/uploads\/2020\/05\/Sonnenseite_Logo.png\",\"width\":377,\"height\":90,\"caption\":\"Sonnenseite\"},\"image\":{\"@id\":\"https:\/\/www.sonnenseite.com\/de\/#\/schema\/logo\/image\/\"},\"sameAs\":[\"https:\/\/www.facebook.com\/pages\/Franz-Alt-SONNENSEITECOM\/221072987903953?fref=ts\",\"https:\/\/x.com\/franzalt\",\"http:\/\/www.youtube.com\/results?search_query&amp;amp;quot;franz_alt&amp;amp;quot;&amp;amp;amp;amp;search_type&amp;amp;amp;amp;aq=f\"]},{\"@type\":\"Person\",\"@id\":\"https:\/\/www.sonnenseite.com\/de\/#\/schema\/person\/50fda0e926597684c7cc6695238a4eb9\",\"name\":\"Bigi Alt\"}]}<\/script>\n<!-- \/ Yoast SEO plugin. -->","yoast_head_json":{"title":"Corona-Effekt hat nur ein Jahr gewirkt: Erd\u00fcberlastungstag so fr\u00fch wie 2019 - Sonnenseite - \u00d6kologische Kommunikation mit Franz Alt","description":"Emissionen stark gestiegen: Der 29. Juli ist der Tag, an dem alle nachhaltig nutzbaren Ressourcen f\u00fcr das gesamte Jahr verbraucht sind. Das Datum ist nach","robots":{"index":"index","follow":"follow","max-snippet":"max-snippet:-1","max-image-preview":"max-image-preview:large","max-video-preview":"max-video-preview:-1"},"canonical":"https:\/\/www.sonnenseite.com\/de\/umwelt\/corona-effekt-hat-nur-ein-jahr-gewirkt-erdueberlastungstag-so-frueh-wie-2019\/","og_locale":"de_DE","og_type":"article","og_title":"Corona-Effekt hat nur ein Jahr gewirkt: Erd\u00fcberlastungstag so fr\u00fch wie 2019 - Sonnenseite - \u00d6kologische Kommunikation mit Franz Alt","og_description":"Emissionen stark gestiegen: Der 29. Juli ist der Tag, an dem alle nachhaltig nutzbaren Ressourcen f\u00fcr das gesamte Jahr verbraucht sind. Das Datum ist nach","og_url":"https:\/\/www.sonnenseite.com\/de\/umwelt\/corona-effekt-hat-nur-ein-jahr-gewirkt-erdueberlastungstag-so-frueh-wie-2019\/","og_site_name":"Sonnenseite","article_publisher":"https:\/\/www.facebook.com\/pages\/Franz-Alt-SONNENSEITECOM\/221072987903953?fref=ts","article_published_time":"2021-07-26T08:52:08+00:00","article_modified_time":"2021-07-27T13:53:03+00:00","og_image":[{"width":770,"height":420,"url":"https:\/\/www.sonnenseite.com\/wp-content\/uploads\/2017\/11\/Erde_Muell_alphaspirit.jpg","type":"image\/jpeg"}],"author":"Bigi Alt","twitter_card":"summary_large_image","twitter_creator":"@franzalt","twitter_site":"@franzalt","twitter_misc":{"Verfasst von":"Bigi Alt","Gesch\u00e4tzte Lesezeit":"4\u00a0Minuten"},"schema":{"@context":"https:\/\/schema.org","@graph":[{"@type":"Article","@id":"https:\/\/www.sonnenseite.com\/de\/umwelt\/corona-effekt-hat-nur-ein-jahr-gewirkt-erdueberlastungstag-so-frueh-wie-2019\/#article","isPartOf":{"@id":"https:\/\/www.sonnenseite.com\/de\/umwelt\/corona-effekt-hat-nur-ein-jahr-gewirkt-erdueberlastungstag-so-frueh-wie-2019\/"},"author":{"name":"Bigi Alt","@id":"https:\/\/www.sonnenseite.com\/de\/#\/schema\/person\/50fda0e926597684c7cc6695238a4eb9"},"headline":"Corona-Effekt hat nur ein Jahr gewirkt: Erd\u00fcberlastungstag so fr\u00fch wie 2019","datePublished":"2021-07-26T08:52:08+00:00","dateModified":"2021-07-27T13:53:03+00:00","mainEntityOfPage":{"@id":"https:\/\/www.sonnenseite.com\/de\/umwelt\/corona-effekt-hat-nur-ein-jahr-gewirkt-erdueberlastungstag-so-frueh-wie-2019\/"},"wordCount":833,"publisher":{"@id":"https:\/\/www.sonnenseite.com\/de\/#organization"},"image":{"@id":"https:\/\/www.sonnenseite.com\/de\/umwelt\/corona-effekt-hat-nur-ein-jahr-gewirkt-erdueberlastungstag-so-frueh-wie-2019\/#primaryimage"},"thumbnailUrl":"https:\/\/www.sonnenseite.com\/wp-content\/uploads\/2017\/11\/Erde_Muell_alphaspirit.jpg","articleSection":["Umwelt"],"inLanguage":"de"},{"@type":"WebPage","@id":"https:\/\/www.sonnenseite.com\/de\/umwelt\/corona-effekt-hat-nur-ein-jahr-gewirkt-erdueberlastungstag-so-frueh-wie-2019\/","url":"https:\/\/www.sonnenseite.com\/de\/umwelt\/corona-effekt-hat-nur-ein-jahr-gewirkt-erdueberlastungstag-so-frueh-wie-2019\/","name":"Corona-Effekt hat nur ein Jahr gewirkt: Erd\u00fcberlastungstag so fr\u00fch wie 2019 - Sonnenseite - \u00d6kologische Kommunikation mit Franz Alt","isPartOf":{"@id":"https:\/\/www.sonnenseite.com\/de\/#website"},"primaryImageOfPage":{"@id":"https:\/\/www.sonnenseite.com\/de\/umwelt\/corona-effekt-hat-nur-ein-jahr-gewirkt-erdueberlastungstag-so-frueh-wie-2019\/#primaryimage"},"image":{"@id":"https:\/\/www.sonnenseite.com\/de\/umwelt\/corona-effekt-hat-nur-ein-jahr-gewirkt-erdueberlastungstag-so-frueh-wie-2019\/#primaryimage"},"thumbnailUrl":"https:\/\/www.sonnenseite.com\/wp-content\/uploads\/2017\/11\/Erde_Muell_alphaspirit.jpg","datePublished":"2021-07-26T08:52:08+00:00","dateModified":"2021-07-27T13:53:03+00:00","description":"Emissionen stark gestiegen: Der 29. Juli ist der Tag, an dem alle nachhaltig nutzbaren Ressourcen f\u00fcr das gesamte Jahr verbraucht sind. Das Datum ist nach","breadcrumb":{"@id":"https:\/\/www.sonnenseite.com\/de\/umwelt\/corona-effekt-hat-nur-ein-jahr-gewirkt-erdueberlastungstag-so-frueh-wie-2019\/#breadcrumb"},"inLanguage":"de","potentialAction":[{"@type":"ReadAction","target":["https:\/\/www.sonnenseite.com\/de\/umwelt\/corona-effekt-hat-nur-ein-jahr-gewirkt-erdueberlastungstag-so-frueh-wie-2019\/"]}]},{"@type":"ImageObject","inLanguage":"de","@id":"https:\/\/www.sonnenseite.com\/de\/umwelt\/corona-effekt-hat-nur-ein-jahr-gewirkt-erdueberlastungstag-so-frueh-wie-2019\/#primaryimage","url":"https:\/\/www.sonnenseite.com\/wp-content\/uploads\/2017\/11\/Erde_Muell_alphaspirit.jpg","contentUrl":"https:\/\/www.sonnenseite.com\/wp-content\/uploads\/2017\/11\/Erde_Muell_alphaspirit.jpg","width":770,"height":420,"caption":"ClipDealer.com | alphaspirit | \u201eWir erleben nun den bef\u00fcrchteten Rebound-Effekt, das sprunghafte Wiederansteigen der Emissionen nach dem H\u00f6hepunkt der Pandemie. Dass der Ressourcenverbrauch trotz Anhalten der Pandemie schon dieses Jahr wieder fast das Niveau von 2019 erreicht, zeigt: Wir brauchen dringender denn je ein Umsteuern in der Klima- und Ressourcenpolitik.\u201c"},{"@type":"BreadcrumbList","@id":"https:\/\/www.sonnenseite.com\/de\/umwelt\/corona-effekt-hat-nur-ein-jahr-gewirkt-erdueberlastungstag-so-frueh-wie-2019\/#breadcrumb","itemListElement":[{"@type":"ListItem","position":1,"name":"Startseite","item":"https:\/\/www.sonnenseite.com\/de\/"},{"@type":"ListItem","position":2,"name":"Corona-Effekt hat nur ein Jahr gewirkt: Erd\u00fcberlastungstag so fr\u00fch wie 2019"}]},{"@type":"WebSite","@id":"https:\/\/www.sonnenseite.com\/de\/#website","url":"https:\/\/www.sonnenseite.com\/de\/","name":"Sonnenseite","description":"\u00d6kologische Kommunikation mit Franz Alt","publisher":{"@id":"https:\/\/www.sonnenseite.com\/de\/#organization"},"potentialAction":[{"@type":"SearchAction","target":{"@type":"EntryPoint","urlTemplate":"https:\/\/www.sonnenseite.com\/de\/?s={search_term_string}"},"query-input":{"@type":"PropertyValueSpecification","valueRequired":true,"valueName":"search_term_string"}}],"inLanguage":"de"},{"@type":"Organization","@id":"https:\/\/www.sonnenseite.com\/de\/#organization","name":"Sonnenseite","url":"https:\/\/www.sonnenseite.com\/de\/","logo":{"@type":"ImageObject","inLanguage":"de","@id":"https:\/\/www.sonnenseite.com\/de\/#\/schema\/logo\/image\/","url":"https:\/\/www.sonnenseite.com\/wp-content\/uploads\/2020\/05\/Sonnenseite_Logo.png","contentUrl":"https:\/\/www.sonnenseite.com\/wp-content\/uploads\/2020\/05\/Sonnenseite_Logo.png","width":377,"height":90,"caption":"Sonnenseite"},"image":{"@id":"https:\/\/www.sonnenseite.com\/de\/#\/schema\/logo\/image\/"},"sameAs":["https:\/\/www.facebook.com\/pages\/Franz-Alt-SONNENSEITECOM\/221072987903953?fref=ts","https:\/\/x.com\/franzalt","http:\/\/www.youtube.com\/results?search_query&amp;amp;quot;franz_alt&amp;amp;quot;&amp;amp;amp;amp;search_type&amp;amp;amp;amp;aq=f"]},{"@type":"Person","@id":"https:\/\/www.sonnenseite.com\/de\/#\/schema\/person\/50fda0e926597684c7cc6695238a4eb9","name":"Bigi Alt"}]}},"_links":{"self":[{"href":"https:\/\/www.sonnenseite.com\/de\/wp-json\/wp\/v2\/posts\/73256","targetHints":{"allow":["GET"]}}],"collection":[{"href":"https:\/\/www.sonnenseite.com\/de\/wp-json\/wp\/v2\/posts"}],"about":[{"href":"https:\/\/www.sonnenseite.com\/de\/wp-json\/wp\/v2\/types\/post"}],"author":[{"embeddable":true,"href":"https:\/\/www.sonnenseite.com\/de\/wp-json\/wp\/v2\/users\/3"}],"replies":[{"embeddable":true,"href":"https:\/\/www.sonnenseite.com\/de\/wp-json\/wp\/v2\/comments?post=73256"}],"version-history":[{"count":4,"href":"https:\/\/www.sonnenseite.com\/de\/wp-json\/wp\/v2\/posts\/73256\/revisions"}],"predecessor-version":[{"id":73346,"href":"https:\/\/www.sonnenseite.com\/de\/wp-json\/wp\/v2\/posts\/73256\/revisions\/73346"}],"wp:featuredmedia":[{"embeddable":true,"href":"https:\/\/www.sonnenseite.com\/de\/wp-json\/wp\/v2\/media\/23147"}],"wp:attachment":[{"href":"https:\/\/www.sonnenseite.com\/de\/wp-json\/wp\/v2\/media?parent=73256"}],"wp:term":[{"taxonomy":"category","embeddable":true,"href":"https:\/\/www.sonnenseite.com\/de\/wp-json\/wp\/v2\/categories?post=73256"},{"taxonomy":"post_tag","embeddable":true,"href":"https:\/\/www.sonnenseite.com\/de\/wp-json\/wp\/v2\/tags?post=73256"}],"curies":[{"name":"wp","href":"https:\/\/api.w.org\/{rel}","templated":true}]}}