{"id":73336,"date":"2021-07-28T02:42:00","date_gmt":"2021-07-28T00:42:00","guid":{"rendered":"https:\/\/www.sonnenseite.com\/?p=73336"},"modified":"2021-08-09T08:15:48","modified_gmt":"2021-08-09T06:15:48","slug":"warten-auf-den-6-weltklimabericht","status":"publish","type":"post","link":"https:\/\/www.sonnenseite.com\/de\/politik\/warten-auf-den-6-weltklimabericht\/","title":{"rendered":"Warten auf den 6. Weltklimabericht"},"content":{"rendered":"\n<p>SWR-Klimaexperte Werner Eckert und Autorin Nicole All\u00e9 zum kommenden Weltklimabericht des IPCC<\/p>\n\n\n\n<p>Vom 26. Juli \u2013 6. August 2021 soll im Rahmen der 54. Plenarsitzung des Weltklimarats IPCC der <a href=\"https:\/\/www.de-ipcc.de\/350.php\" target=\"_blank\" rel=\"noreferrer noopener\">Beitrag von Arbeitsgruppe I<\/a> zum Sechsten IPCC-Sachstandsbericht (<a href=\"https:\/\/www.de-ipcc.de\/250.php\" target=\"_blank\" rel=\"noreferrer noopener\">AR6<\/a>) \u201eNaturwissenschaftliche Grundlagen\u201c verabschiedet werden. Der Bericht einschlie\u00dflich der Zusammenfassung f\u00fcr politische Entscheidungstr\u00e4ger (<em>Summary for Policymakers<\/em>, SPM) wird am 09.08.2021 ab 10 Uhr bei einer virtuellen Pressekonferenz vorgestellt. Seit 1990 ver\u00f6ffentlicht das IPCC alle sechs Jahre einen Sachstandsbericht zum Thema Klima. SWR-Experte Werner Eckert erwartet, dass die Datenlage darin noch detaillierter sein und die Wirtschaft noch mehr Druck auf die Politik aus\u00fcben wird.<\/p>\n\n\n\n<div class=\"wp-block-image\"><figure class=\"aligncenter size-large is-resized\"><a href=\"https:\/\/www.sonnenseite.com\/wp-content\/uploads\/2021\/07\/Ed-Hawkins-climate-lab-book.ac_.uk-CC-BY-SA-4.0_WarmingStripes1850-2020.jpg\"><img loading=\"lazy\" decoding=\"async\" src=\"https:\/\/www.sonnenseite.com\/wp-content\/uploads\/2021\/07\/Ed-Hawkins-climate-lab-book.ac_.uk-CC-BY-SA-4.0_WarmingStripes1850-2020.jpg\" alt=\"\" class=\"wp-image-73338\" width=\"768\" height=\"384\" srcset=\"https:\/\/www.sonnenseite.com\/wp-content\/uploads\/2021\/07\/Ed-Hawkins-climate-lab-book.ac_.uk-CC-BY-SA-4.0_WarmingStripes1850-2020.jpg 1024w, https:\/\/www.sonnenseite.com\/wp-content\/uploads\/2021\/07\/Ed-Hawkins-climate-lab-book.ac_.uk-CC-BY-SA-4.0_WarmingStripes1850-2020-300x150.jpg 300w, https:\/\/www.sonnenseite.com\/wp-content\/uploads\/2021\/07\/Ed-Hawkins-climate-lab-book.ac_.uk-CC-BY-SA-4.0_WarmingStripes1850-2020-768x384.jpg 768w\" sizes=\"auto, (max-width: 768px) 100vw, 768px\" \/><\/a><figcaption><strong>Weltweite \u2018Warming Stripes\u2019 \u2013 1850 \u2013 2020-MO<\/strong> \u2013 \u00a9 <a href=\"http:\/\/www.climate-lab-book.ac.uk\/warming-stripes\/\" target=\"_blank\" rel=\"noreferrer noopener\">Ed Hawkins, climate-lab-book.ac.uk<\/a>, <a href=\"http:\/\/creativecommons.org\/licenses\/by-sa\/4.0\/\" target=\"_blank\" rel=\"noreferrer noopener\">CC BY-SA 4.0<\/a><\/figcaption><\/figure><\/div>\n\n\n\n<h5 class=\"wp-block-heading\">\u201cNicht revolution\u00e4r neu\u201d<\/h5>\n\n\n\n<p>\u201cMan kann davon ausgehen, dass dieser Bericht nicht revolution\u00e4r neu ist\u201d, so SWR-Experte Werner Eckert. Die Datenlage aber werde aber immer detaillierter, die Sicherheit der Aussagen wachse. Es sei \u201cgar keine Frage mehr, \u201cdass es den Klimawandel gibt und dass er menschengemacht ist\u201d. Sinn des IPCC-Berichts sei, die Entscheidungen zur k\u00fcnftigen Klimapolitik der Regierungen zu beeinflussen. Die Politiker k\u00f6nnten lediglich bei Schwerpunkten \u201cmitreden\u201d. Bisher habe die Politik zwar nicht so gehandelt, wie es das IPCC empfohlen habe \u2013 die Wirtschaft aber erkenne zunehmend das Thema Klimaschutz als Gesch\u00e4ftsfeld, sagte Eckert. \u201cDas treibt m\u00f6glicherweise die Politik rein praktisch dann noch mehr voran als ein Bericht des Weltklimarats\u201d.<\/p>\n\n\n\n<blockquote class=\"wp-block-quote is-layout-flow wp-block-quote-is-layout-flow\"><p>Der erste Band des Sechsten Sachstandsberichts (AR6) wird am 9. August der \u00d6ffentlichkeit vorgestellt. Er fasst den aktuellen Stand zu den naturwissenschaftlichen Grundlagen des Klimawandels zusammen \u2013 etwa der Erw\u00e4rmung und ihrer Folgen f\u00fcr Meeresspiegel, Arktis und Extremwetter. Er liefert ebenso einen umfassenden \u00dcberblick zu Klimaprojektionen f\u00fcr die Zukunft, m\u00f6glichen Emissionsszenarien und dem verbleibenden CO<sub>2<\/sub>-Budget, um die Ziele des Pariser Abkommens einzuhalten.<\/p><\/blockquote>\n\n\n\n<h5 class=\"wp-block-heading\"><em>Energiezukunft<\/em>: An der massiven CO<sub>2<\/sub>-Reduktion f\u00fchrt kein Weg vorbei<\/h5>\n\n\n\n<p>Keine Zeit mehr zum Warten: Wenn wir den menschengemachten Klimawandel nicht stoppen und die CO<sub>2<\/sub>-Emissionen konsequent senken, drohen irreversible Kipppunkte im Klimasystem. Im Vorfeld des neuen Weltklimaberichts machen Experten mit Blick auf den aktuellen Forschungsstand deutlich, dass an einer schnellen und konsequenten Absenkung der CO<sub>2<\/sub>-Emissionen kein Weg vorbeif\u00fchrt. Politik und Wirtschaft m\u00fcssen dringend handeln, schreibt Nicole All\u00e9 am 26.07.2021 in <a href=\"https:\/\/www.energiezukunft.eu\/klimawandel\/an-der-massiven-co2-reduktion-fuehrt-kein-weg-vorbei\/\" target=\"_blank\" rel=\"noreferrer noopener\"><em>Energiezukunft<\/em><\/a>.<\/p>\n\n\n\n<p>Aktionismus und kurzfristige Symptombehandlung nach Katastrophen, anstatt vorsorglich zu handeln und damit nachhaltig \u2013 das scheint der Weg der aktuellen Politik zu sein. Nicht 40 Jahre Anti-Atom-Bewegung haben die Abschaltung von Atomkraftwerken in Deutschland letzten Endes bewirkt, sondern ein atomarer GAU in Fukushima, der das damit verbundene Leid und die Zerst\u00f6rung weltweit in schrecklichen Bildern sichtbar werden lie\u00df. Nun sind es die Bilder von der Flutkatastrophe im Westen Deutschlands, die verst\u00f6ren, und die Klimapolitik erneut in Frage stellen.<\/p>\n\n\n\n<h5 class=\"wp-block-heading\">Der galoppierende Klimawandel<\/h5>\n\n\n\n<p>\u201eDie Auswirkungen des Klimawandels zeigen sich weltweit. Auch in Deutschland, wo erst vergangene Woche eine Starkregenkatastrophe Nordrhein-Westfalen und Rheinland-Pfalz in einem bisher ungekannten Ausma\u00df heimsuchte\u201c, mahnte Professorin Astrid Kiendler-Scharr w\u00e4hrend des Pressegespr\u00e4chs in Berlin zum kommenden Bericht des <a href=\"https:\/\/www.de-ipcc.de\/119.php\">Weltklimarats<\/a> IPCC beim <a href=\"https:\/\/www.de-ipcc.de\/media\/content\/Presseinfo_AR6-WGI.pdf\" target=\"_blank\" rel=\"noreferrer noopener\">Deutschen Klima-Konsortium (DKK<\/a>). \u201eSolche Extremwetter und ihre verheerenden Folgen f\u00fcr uns Menschen sind mit dem Klimawandel heute schon wahrscheinlicher geworden. Sie mahnen uns, die Klimaziele jetzt wirklich umzusetzen und uns nicht auf einen galoppierenden Klimawandel einzulassen.\u201c<\/p>\n\n\n\n<p>Die Atmosph\u00e4renforscherin arbeitet am Forschungszentrum J\u00fclich und ist Vorstandsvorsitzende des Wissenschaftsverbands der Klimaforschungseinrichtungen. Sie nimmt das entscheidende Fazit des Weltklimaberichts vorweg: \u201eDer neue Bericht wird mit umfassenden Ergebnissen der internationalen Klimaforschung untermauern, wie weitreichend und gravierend die Folgen des menschengemachten Klimawandels bereits sind.\u201c<\/p>\n\n\n\n<h5 class=\"wp-block-heading\">Worum geht es beim IPCC-Weltklimabericht?<\/h5>\n\n\n\n<p>Allein ein neuer Bericht wird die Politik nicht \u00e4ndern \u2013 aber im Zusammenhang mit aktuellen klimakrisenbedingten Ereignissen bekommt er doch nochmal eine st\u00e4rkere Bedeutung und vor allem Sichtbarkeit in der \u00d6ffentlichkeit. Das schafft immerhin Druck, vor allem im Wahljahr. \u201eMit Klimamodellen k\u00f6nnen wir basierend auf naturwissenschaftlichen Gesetzen simulieren, wie sich das Klima auf der Erde in Zukunft entwickeln k\u00f6nnte\u201c, erl\u00e4utert Professor Mojib Latif vom GEOMAR Helmholtz-Zentrum f\u00fcr Ozeanforschung Kiel die Forschungsarbeit. \u201eUnd wir sehen auch, dass jetzt sehr gut zutrifft, was die Modelle fr\u00fcher berechnet haben.\u201c<\/p>\n\n\n\n<h5 class=\"wp-block-heading\">Die unberechenbare Variable in der Modellrechnung \u2013 der Mensch<\/h5>\n\n\n\n<p>Klimamodelle seien also grunds\u00e4tzlich sehr verl\u00e4sslich, sagt Latif, vor allem bezogen auf gro\u00dfr\u00e4umige Ver\u00e4nderungen. \u201eDennoch k\u00f6nnen wir keine Prognose treffen, wie das Klima in der Mitte des Jahrhunderts sein wird. Denn es ist der Mensch, der unberechenbar bleibt. Schaffen wir es, den Aussto\u00df von Treibhausgasen mit ambitioniertem Klimaschutz schnell zu stoppen oder lassen wir es weiterlaufen?\u201c Der Mensch sei immer noch der gr\u00f6\u00dfte Unsicherheitsfaktor im Klimasystem.<\/p>\n\n\n\n<h5 class=\"wp-block-heading\">Es gibt noch eine Wahl<\/h5>\n\n\n\n<p>Deshalb werden im Weltklimabericht verschiedene m\u00f6gliche Emissionsszenarien aufgef\u00e4chert und wissenschaftlich bewertet. Die Experten geben im Bericht jedoch keine Handlungsempfehlungen \u2013 denn das bleibe im IPCC-Prozess in der Verantwortung von Politik und Gesellschaft.<\/p>\n\n\n\n<h5 class=\"wp-block-heading\">Was hei\u00dft eigentlich Klimaneutralit\u00e4t?<\/h5>\n\n\n\n<p>Weltweite Klimaneutralit\u00e4t bis sp\u00e4testens Mitte des Jahrhunderts sei zentral, damit die Folgen des Klimawandels halbwegs beherrschbar bleiben, versichert das Expertenteam. \u201eUm den Temperaturanstieg zu stoppen und die Risiken f\u00fcr die n\u00e4chsten Generationen zu verringern, m\u00fcssen die globalen Treibhausgas-Emissionen in der Gesamtbilanz auf null sinken\u201c, erl\u00e4uterte Hauke Schmidt vom Max-Planck-Institut f\u00fcr Meteorologie. \u201eSogenannte Netto-Null-Emissionen beschreiben als Konzept, dass die Konzentration der Treibhausgase in der Atmosph\u00e4re nicht weiter ansteigt.\u201c<\/p>\n\n\n\n<p>Ma\u00dfnahmen und M\u00f6glichkeiten m\u00fcssten ausgesch\u00f6pft werden, es gibt verschiedene Wege. \u201eDas kann auch erreicht werden, wenn unvermeidbare Emissionen zum Beispiel aus der Landwirtschaft mit negativen Emissionen \u2013 also zus\u00e4tzlichen Senken \u2013 ausgeglichen werden\u201c, sagt Schmidt. Beispiele daf\u00fcr w\u00e4ren Aufforstung oder Speicherung von Kohlendioxid aus der Bioenergieproduktion im Untergrund. Letzteres ist ein <a href=\"https:\/\/www.energiezukunft.eu\/klimawandel\/ohne-co2-speicherung-geht-es-nicht\/\">umstrittenes Thema<\/a> mit diversen Fachmeinungen.<\/p>\n\n\n\n<h5 class=\"wp-block-heading\">Wiederholte Mahnung: CO<sub>2<\/sub>-Budget ist begrenzt<\/h5>\n\n\n\n<p>Das Wissenschaftsteam macht noch einmal deutlich: \u201eOb wir die Ziele des Pariser Abkommens erreichen, die Erw\u00e4rmung auf deutlich unter zwei Grad Celsius zu begrenzen, h\u00e4ngt davon ab, wie viel CO<sub>2<\/sub> die Menschheit noch ausst\u00f6\u00dft, bevor sie Netto-Null-Emissionen erreicht. Klar ist: Die daf\u00fcr maximale Menge \u2013 das sogenannte CO<sub>2<\/sub>-Budget \u2013 ist begrenzt.\u201c<\/p>\n\n\n\n<p>\u201eMir war es als Klimaforscherin wichtig, an der aufwendigen Erstellung des Berichts gemeinsam mit \u00fcber 230 Kolleginnen und Kollegen aus 66 L\u00e4ndern mitzuarbeiten, damit die Politik eine aktuelle und solide wissenschaftliche Basis f\u00fcr ihre Entscheidungen hat\u201c, betont Kiendler-Scharr als Leitautorin des sechsten Kapitels zu kurzlebigen Klimaschadstoffen.<\/p>\n\n\n\n<h5 class=\"wp-block-heading\">Ein halbes Grad Celsius macht einen gro\u00dfen Unterschied<\/h5>\n\n\n\n<p>Die Risiken klimabedingter Auswirkungen werden von bei 2 \u00b0C h\u00f6her projiziert als bei einer globalen Erw\u00e4rmung von 1,5 \u00b0C. Laut Modellberechnungen verschiedener Wissenschaftsteams im Weltklimarat werden bei einer zus\u00e4tzlichen Erw\u00e4rmung um 0,5 \u00b0C Hitzeperioden in den meisten bewohnten Regionen zur Regel, starke Niederschl\u00e4ge in mehreren Regionen oder aber D\u00fcrre und Niederschlagsdefizite.<\/p>\n\n\n\n<blockquote class=\"wp-block-quote is-layout-flow wp-block-quote-is-layout-flow\"><p>\u201cDie einen f\u00fcrchten, dass eine \u00f6kologischere Politik unseren Wohlstand gef\u00e4hrdet. Die anderen pochen auf Klimaschutz. Dabei zeigt die Flutkatastrophe, dass f\u00fcr solche Debatten keine Zeit mehr bleibt.\u201d (<a href=\"https:\/\/www.faz.net\/aktuell\/feuilleton\/debatten\/investor-philipp-kloeckner-unterstuetzt-den-klimaschutz-17453451.html\" target=\"_blank\" rel=\"noreferrer noopener\">FAZ vom 26.07.2021<\/a>)<\/p><\/blockquote>\n\n\n\n<p>Die Risiken von Starkniederschl\u00e4gen werden bei 2 \u00b0C h\u00f6her gesch\u00e4tzt als bei 1,5 \u00b0C globaler Erw\u00e4rmung, vor allem in Regionen der n\u00f6rdlichen Hemisph\u00e4re, Als Folge der starken Niederschl\u00e4ge wird prognostiziert, dass der Anteil der globalen Landfl\u00e4che, der von Hochwassergefahren betroffen ist, bei 2 \u00b0C gr\u00f6\u00dfer ist als bei 1,5 \u00b0C der globalen Erw\u00e4rmung.<\/p>\n\n\n\n<p>Die Instabilit\u00e4t des marinen Eisschildes in der Antarktis und\/oder der irreversible Verlust des gr\u00f6nl\u00e4ndischen Eisschildes k\u00f6nnten \u00fcber Hunderte bis Tausende von Jahren zu einem Anstieg des Meeresspiegels um mehrere Meter f\u00fchren. Diese Instabilit\u00e4ten w\u00fcrden bei einer globalen Erw\u00e4rmung von etwa 1,5 \u00b0C bis 2 \u00b0C ausgel\u00f6st werden. Ausma\u00df und Geschwindigkeit dieses Anstiegs werden von zuk\u00fcnftigen Emissionspfaden abh\u00e4ngen, mahnen die Wissenschaftler:innen.<\/p>\n\n\n\n<p>An Land werden die Auswirkungen auf die Biodiversit\u00e4t und die \u00d6kosysteme, einschlie\u00dflich Artenverlust und Aussterben, bei einer globalen Erw\u00e4rmung von 1,5 \u00b0C voraussichtlich geringer sein als bei 2 \u00b0C. Das gelte auch f\u00fcr Auswirkungen anderer biodiversit\u00e4tsbezogener Risiken wie Waldbr\u00e4nde und die Ausbreitung invasiver Arten.<\/p>\n\n\n\n<h5 class=\"wp-block-heading\">Wirtschaftliche und gesellschaftliche Verschiebungen<\/h5>\n\n\n\n<p>Es wird erwartet, dass Armut und Benachteiligung in einigen Bev\u00f6lkerungsgruppen mit wachsender globaler Erw\u00e4rmung zunehmen werden; eine Begrenzung der globalen Erw\u00e4rmung auf 1,5 \u00b0C gegen\u00fcber 2 \u00b0C k\u00f6nnte die Zahl der Menschen, die sowohl klimabedingten Risiken ausgesetzt als auch armutsanf\u00e4llig sind, bis 2050 um mehrere hundert Millionen reduzieren.<\/p>\n\n\n\n<p>Jede Zunahme der globalen Erw\u00e4rmung werde sich voraussichtlich auf die menschliche Gesundheit auswirken, mit haupts\u00e4chlich negativen Folgen. Die Risiken durch einige vektor\u00fcbertragene Krankheiten wie Malaria und Dengue-Fieber w\u00fcrden mit einer Erw\u00e4rmung von 1,5 auf 2 \u00b0C zunehmen, einschlie\u00dflich m\u00f6glicher Verschiebungen in ihrer geografischen Reichweite. In der Sahelzone, im s\u00fcdlichen Afrika, im Mittelmeerraum, in Mitteleuropa und im Amazonasgebiet w\u00e4re die Verringerung der prognostizierten Nahrungsmittelverf\u00fcgbarkeit bei 2 \u00b0C st\u00e4rker als bei 1,5 \u00b0C globaler Erw\u00e4rmung.<\/p>\n\n\n\n<p>Abh\u00e4ngig von den zuk\u00fcnftigen sozio\u00f6konomischen Bedingungen k\u00f6nnte laut Prognose der Wissenschaftler eine Begrenzung der globalen Erw\u00e4rmung auf 1,5 \u00b0C gegen\u00fcber 2 \u00b0C den Anteil der Weltbev\u00f6lkerung, der einer durch den Klimawandel bedingten Zunahme von Wasserstress ausgesetzt ist, halbieren \u2013 allerdings mit erheblichen Schwankungen zwischen verschiedenen Regionen.<\/p>\n\n\n\n<p>Auch die Risiken f\u00fcr das globale aggregierte Wirtschaftswachstum aufgrund der Auswirkungen des Klimawandels w\u00e4ren voraussichtlich bis zum Ende dieses Jahrhunderts bei 1,5 geringer als bei 2 \u00b0C. Bei einer globalen Erw\u00e4rmung von 1,5 auf 2 \u00b0C k\u00f6nnten sich die Risiken in den Sektoren Energie, Ern\u00e4hrung und Wasser r\u00e4umlich und zeitlich \u00fcberschneiden, wodurch neue und sich versch\u00e4rfende Gefahren, Expositionen und Anf\u00e4lligkeiten entst\u00fcnden, die eine wachsende Zahl von Menschen und Regionen betreffen k\u00f6nnten.<\/p>\n\n\n\n<h5 class=\"wp-block-heading\">Empfehlungen machen noch keine Politik<\/h5>\n\n\n\n<p>Die insgesamt drei B\u00e4nde der regelm\u00e4\u00dfig erscheinenden Sachstandsberichte sind das wichtigste Ergebnis der Arbeit des Weltklimarats (Intergovernmental Panel on Climate Change, IPCC) und dienten seit \u00fcber 30 Jahren als Grundlage der nationalen und internationalen Klimapolitik. Danach gehandelt wird bis heute nicht. Doch angesichts der d\u00fcsteren Prognosen, die von aktuellen Bildern in den Medien best\u00e4tigt werden, seien es Flutopfer hierzulande oder Hungernde im fernen Madagaskar \u2013 muss die Politik jetzt entschieden handeln. <\/p>\n\n\n\n<p><strong>Quellen:<\/strong><\/p>\n\n\n\n<ul class=\"wp-block-list\"><li><a href=\"https:\/\/www.sr.de\/sr\/sr2\/themen\/politik\/20210726_eckert_werner_swr_ipcc_weltklimabericht_interview_100.html\" target=\"_blank\" rel=\"noreferrer noopener\">sr.de\/20210726_eckert_werner_swr_ipcc_weltklimabericht_interview<\/a><\/li><li><a href=\"https:\/\/www.energiezukunft.eu\/klimawandel\/an-der-massiven-co2-reduktion-fuehrt-kein-weg-vorbei\/\" target=\"_blank\" rel=\"noreferrer noopener\">energiezukunft.eu\/an-der-massiven-co2-reduktion-fuehrt-kein-weg-vorbei<\/a><\/li><li><a href=\"https:\/\/www.sonnenseite.com\/de\/umwelt\/worum-geht-es-beim-ipcc-weltklimabericht\/\" target=\"_blank\" rel=\"noreferrer noopener\">sonnenseite.com\/worum-geht-es-beim-ipcc-weltklimabericht<\/a><\/li><li><a href=\"https:\/\/www.de-ipcc.de\/media\/content\/Presseinfo_AR6-WGI.pdf\" target=\"_blank\" rel=\"noreferrer noopener\">de-ipcc.de\/Presseinfo_AR6-WGI.pdf<\/a><\/li><li><a href=\"https:\/\/www.de-ipcc.de\/350.php\" target=\"_blank\" rel=\"noreferrer noopener\">de-ipcc.de\/350<\/a><\/li><li><a href=\"https:\/\/klimasimulationen.de\/modelle.html\" target=\"_blank\" rel=\"noreferrer noopener\">klimasimulationen.de\/modelle<\/a><\/li><\/ul>\n\n\n<h5 class=\"green\">Quelle<\/h5>\r\n\n\n\n<p>Der Bericht wurde von der\u00a0<a href=\"https:\/\/www.solarify.eu\/2021\/07\/26\/910-warten-auf-den-6-weltklimabericht\/\">Redaktion &#8222;SOLARIFY\u201c (na) 2021<\/a>\u00a0verfasst!\u00a0<\/p>\n<div class=\"shariff shariff-align-flex-start shariff-widget-align-flex-start\"><div class=\"ShariffHeadline\">Diese Meldung teilen<\/div><ul class=\"shariff-buttons theme-round orientation-horizontal buttonsize-medium\"><li class=\"shariff-button facebook shariff-nocustomcolor\" style=\"background-color:#4273c8;border-radius:1%\"><a href=\"https:\/\/www.facebook.com\/sharer\/sharer.php?u=https%3A%2F%2Fwww.sonnenseite.com%2Fde%2Fpolitik%2Fwarten-auf-den-6-weltklimabericht%2F\" title=\"Bei Facebook teilen\" aria-label=\"Bei Facebook teilen\" role=\"button\" rel=\"nofollow\" class=\"shariff-link\" style=\";border-radius:1%; background-color:#3b5998; color:#fff\" target=\"_blank\"><span class=\"shariff-icon\" style=\"\"><svg width=\"32px\" height=\"20px\" xmlns=\"http:\/\/www.w3.org\/2000\/svg\" viewBox=\"0 0 18 32\"><path fill=\"#3b5998\" d=\"M17.1 0.2v4.7h-2.8q-1.5 0-2.1 0.6t-0.5 1.9v3.4h5.2l-0.7 5.3h-4.5v13.6h-5.5v-13.6h-4.5v-5.3h4.5v-3.9q0-3.3 1.9-5.2t5-1.8q2.6 0 4.1 0.2z\"\/><\/svg><\/span><\/a><\/li><li class=\"shariff-button twitter shariff-nocustomcolor\" style=\"background-color:#595959;border-radius:1%\"><a href=\"https:\/\/twitter.com\/share?url=https%3A%2F%2Fwww.sonnenseite.com%2Fde%2Fpolitik%2Fwarten-auf-den-6-weltklimabericht%2F&text=Warten%20auf%20den%206.%20Weltklimabericht\" title=\"Bei X teilen\" aria-label=\"Bei X teilen\" role=\"button\" rel=\"noopener nofollow\" class=\"shariff-link\" style=\";border-radius:1%; background-color:#000; color:#fff\" target=\"_blank\"><span class=\"shariff-icon\" style=\"\"><svg width=\"32px\" height=\"20px\" xmlns=\"http:\/\/www.w3.org\/2000\/svg\" viewBox=\"0 0 24 24\"><path fill=\"#000\" d=\"M14.258 10.152L23.176 0h-2.113l-7.747 8.813L7.133 0H0l9.352 13.328L0 23.973h2.113l8.176-9.309 6.531 9.309h7.133zm-2.895 3.293l-.949-1.328L2.875 1.56h3.246l6.086 8.523.945 1.328 7.91 11.078h-3.246zm0 0\"\/><\/svg><\/span><\/a><\/li><li class=\"shariff-button xing shariff-nocustomcolor\" style=\"background-color:#29888a;border-radius:1%\"><a href=\"https:\/\/www.xing.com\/spi\/shares\/new?url=https%3A%2F%2Fwww.sonnenseite.com%2Fde%2Fpolitik%2Fwarten-auf-den-6-weltklimabericht%2F\" title=\"Bei XING teilen\" aria-label=\"Bei XING teilen\" role=\"button\" rel=\"noopener nofollow\" class=\"shariff-link\" style=\";border-radius:1%; background-color:#126567; color:#fff\" target=\"_blank\"><span class=\"shariff-icon\" style=\"\"><svg width=\"32px\" height=\"20px\" xmlns=\"http:\/\/www.w3.org\/2000\/svg\" viewBox=\"0 0 25 32\"><path fill=\"#126567\" d=\"M10.7 11.9q-0.2 0.3-4.6 8.2-0.5 0.8-1.2 0.8h-4.3q-0.4 0-0.5-0.3t0-0.6l4.5-8q0 0 0 0l-2.9-5q-0.2-0.4 0-0.7 0.2-0.3 0.5-0.3h4.3q0.7 0 1.2 0.8zM25.1 0.4q0.2 0.3 0 0.7l-9.4 16.7 6 11q0.2 0.4 0 0.6-0.2 0.3-0.6 0.3h-4.3q-0.7 0-1.2-0.8l-6-11.1q0.3-0.6 9.5-16.8 0.4-0.8 1.2-0.8h4.3q0.4 0 0.5 0.3z\"\/><\/svg><\/span><\/a><\/li><li class=\"shariff-button linkedin shariff-nocustomcolor\" style=\"background-color:#1488bf;border-radius:1%\"><a href=\"https:\/\/www.linkedin.com\/sharing\/share-offsite\/?url=https%3A%2F%2Fwww.sonnenseite.com%2Fde%2Fpolitik%2Fwarten-auf-den-6-weltklimabericht%2F\" title=\"Bei LinkedIn teilen\" aria-label=\"Bei LinkedIn teilen\" role=\"button\" rel=\"noopener nofollow\" class=\"shariff-link\" style=\";border-radius:1%; background-color:#0077b5; color:#fff\" target=\"_blank\"><span class=\"shariff-icon\" style=\"\"><svg width=\"32px\" height=\"20px\" xmlns=\"http:\/\/www.w3.org\/2000\/svg\" viewBox=\"0 0 27 32\"><path fill=\"#0077b5\" d=\"M6.2 11.2v17.7h-5.9v-17.7h5.9zM6.6 5.7q0 1.3-0.9 2.2t-2.4 0.9h0q-1.5 0-2.4-0.9t-0.9-2.2 0.9-2.2 2.4-0.9 2.4 0.9 0.9 2.2zM27.4 18.7v10.1h-5.9v-9.5q0-1.9-0.7-2.9t-2.3-1.1q-1.1 0-1.9 0.6t-1.2 1.5q-0.2 0.5-0.2 1.4v9.9h-5.9q0-7.1 0-11.6t0-5.3l0-0.9h5.9v2.6h0q0.4-0.6 0.7-1t1-0.9 1.6-0.8 2-0.3q3 0 4.9 2t1.9 6z\"\/><\/svg><\/span><\/a><\/li><li class=\"shariff-button printer shariff-nocustomcolor\" style=\"background-color:#a8a8a8;border-radius:1%\"><a href=\"javascript:window.print()\" title=\"drucken\" aria-label=\"drucken\" role=\"button\" rel=\"noopener nofollow\" class=\"shariff-link\" style=\";border-radius:1%; background-color:#999; color:#fff\"><span class=\"shariff-icon\" style=\"\"><svg width=\"32px\" height=\"20px\" xmlns=\"http:\/\/www.w3.org\/2000\/svg\" viewBox=\"0 0 30 32\"><path fill=\"#999\" d=\"M6.8 27.4h16v-4.6h-16v4.6zM6.8 16h16v-6.8h-2.8q-0.7 0-1.2-0.5t-0.5-1.2v-2.8h-11.4v11.4zM27.4 17.2q0-0.5-0.3-0.8t-0.8-0.4-0.8 0.4-0.3 0.8 0.3 0.8 0.8 0.3 0.8-0.3 0.3-0.8zM29.7 17.2v7.4q0 0.2-0.2 0.4t-0.4 0.2h-4v2.8q0 0.7-0.5 1.2t-1.2 0.5h-17.2q-0.7 0-1.2-0.5t-0.5-1.2v-2.8h-4q-0.2 0-0.4-0.2t-0.2-0.4v-7.4q0-1.4 1-2.4t2.4-1h1.2v-9.7q0-0.7 0.5-1.2t1.2-0.5h12q0.7 0 1.6 0.4t1.3 0.8l2.7 2.7q0.5 0.5 0.9 1.4t0.4 1.6v4.6h1.1q1.4 0 2.4 1t1 2.4z\"\/><\/svg><\/span><\/a><\/li><li class=\"shariff-button mailto shariff-nocustomcolor\" style=\"background-color:#a8a8a8;border-radius:1%\"><a href=\"mailto:?body=https%3A%2F%2Fwww.sonnenseite.com%2Fde%2Fpolitik%2Fwarten-auf-den-6-weltklimabericht%2F&subject=Warten%20auf%20den%206.%20Weltklimabericht\" title=\"Per E-Mail versenden\" aria-label=\"Per E-Mail versenden\" role=\"button\" rel=\"noopener nofollow\" class=\"shariff-link\" style=\";border-radius:1%; background-color:#999; color:#fff\"><span class=\"shariff-icon\" style=\"\"><svg width=\"32px\" height=\"20px\" xmlns=\"http:\/\/www.w3.org\/2000\/svg\" viewBox=\"0 0 32 32\"><path fill=\"#999\" d=\"M32 12.7v14.2q0 1.2-0.8 2t-2 0.9h-26.3q-1.2 0-2-0.9t-0.8-2v-14.2q0.8 0.9 1.8 1.6 6.5 4.4 8.9 6.1 1 0.8 1.6 1.2t1.7 0.9 2 0.4h0.1q0.9 0 2-0.4t1.7-0.9 1.6-1.2q3-2.2 8.9-6.1 1-0.7 1.8-1.6zM32 7.4q0 1.4-0.9 2.7t-2.2 2.2q-6.7 4.7-8.4 5.8-0.2 0.1-0.7 0.5t-1 0.7-0.9 0.6-1.1 0.5-0.9 0.2h-0.1q-0.4 0-0.9-0.2t-1.1-0.5-0.9-0.6-1-0.7-0.7-0.5q-1.6-1.1-4.7-3.2t-3.6-2.6q-1.1-0.7-2.1-2t-1-2.5q0-1.4 0.7-2.3t2.1-0.9h26.3q1.2 0 2 0.8t0.9 2z\"\/><\/svg><\/span><\/a><\/li><\/ul><\/div>","protected":false},"excerpt":{"rendered":"<p>SWR-Klimaexperte Werner Eckert und Autorin Nicole All\u00e9 zum kommenden Weltklimabericht des IPCC Vom 26. Juli \u2013 [&hellip;]<\/p>\n","protected":false},"author":3,"featured_media":1970,"comment_status":"closed","ping_status":"closed","sticky":false,"template":"","format":"standard","meta":{"inline_featured_image":false,"footnotes":""},"categories":[21],"tags":[],"class_list":["post-73336","post","type-post","status-publish","format-standard","has-post-thumbnail","hentry","category-politik"],"yoast_head":"<!-- This site is optimized with the Yoast SEO plugin v26.5 - https:\/\/yoast.com\/wordpress\/plugins\/seo\/ -->\n<title>Warten auf den 6. Weltklimabericht - Sonnenseite - \u00d6kologische Kommunikation mit Franz Alt<\/title>\n<meta name=\"description\" content=\"SWR-Klimaexperte Werner Eckert und Autorin Nicole All\u00e9 zum kommenden Weltklimabericht des IPCC Vom 26. Juli \u2013 6. August 2021 soll im Rahmen der 54.\" \/>\n<meta name=\"robots\" content=\"index, follow, max-snippet:-1, max-image-preview:large, max-video-preview:-1\" \/>\n<link rel=\"canonical\" href=\"https:\/\/www.sonnenseite.com\/de\/politik\/warten-auf-den-6-weltklimabericht\/\" \/>\n<meta property=\"og:locale\" content=\"de_DE\" \/>\n<meta property=\"og:type\" content=\"article\" \/>\n<meta property=\"og:title\" content=\"Warten auf den 6. Weltklimabericht - Sonnenseite - \u00d6kologische Kommunikation mit Franz Alt\" \/>\n<meta property=\"og:description\" content=\"SWR-Klimaexperte Werner Eckert und Autorin Nicole All\u00e9 zum kommenden Weltklimabericht des IPCC Vom 26. Juli \u2013 6. August 2021 soll im Rahmen der 54.\" \/>\n<meta property=\"og:url\" content=\"https:\/\/www.sonnenseite.com\/de\/politik\/warten-auf-den-6-weltklimabericht\/\" \/>\n<meta property=\"og:site_name\" content=\"Sonnenseite\" \/>\n<meta property=\"article:publisher\" content=\"https:\/\/www.facebook.com\/pages\/Franz-Alt-SONNENSEITECOM\/221072987903953?fref=ts\" \/>\n<meta property=\"article:published_time\" content=\"2021-07-28T00:42:00+00:00\" \/>\n<meta property=\"article:modified_time\" content=\"2021-08-09T06:15:48+00:00\" \/>\n<meta property=\"og:image\" content=\"https:\/\/www.sonnenseite.com\/wp-content\/uploads\/2020\/04\/Erderwaermung_kevron2002.jpg\" \/>\n\t<meta property=\"og:image:width\" content=\"770\" \/>\n\t<meta property=\"og:image:height\" content=\"420\" \/>\n\t<meta property=\"og:image:type\" content=\"image\/jpeg\" \/>\n<meta name=\"author\" content=\"Bigi Alt\" \/>\n<meta name=\"twitter:card\" content=\"summary_large_image\" \/>\n<meta name=\"twitter:creator\" content=\"@franzalt\" \/>\n<meta name=\"twitter:site\" content=\"@franzalt\" \/>\n<meta name=\"twitter:label1\" content=\"Verfasst von\" \/>\n\t<meta name=\"twitter:data1\" content=\"Bigi Alt\" \/>\n\t<meta name=\"twitter:label2\" content=\"Gesch\u00e4tzte Lesezeit\" \/>\n\t<meta name=\"twitter:data2\" content=\"8\u00a0Minuten\" \/>\n<script type=\"application\/ld+json\" class=\"yoast-schema-graph\">{\"@context\":\"https:\/\/schema.org\",\"@graph\":[{\"@type\":\"Article\",\"@id\":\"https:\/\/www.sonnenseite.com\/de\/politik\/warten-auf-den-6-weltklimabericht\/#article\",\"isPartOf\":{\"@id\":\"https:\/\/www.sonnenseite.com\/de\/politik\/warten-auf-den-6-weltklimabericht\/\"},\"author\":{\"name\":\"Bigi Alt\",\"@id\":\"https:\/\/www.sonnenseite.com\/de\/#\/schema\/person\/50fda0e926597684c7cc6695238a4eb9\"},\"headline\":\"Warten auf den 6. Weltklimabericht\",\"datePublished\":\"2021-07-28T00:42:00+00:00\",\"dateModified\":\"2021-08-09T06:15:48+00:00\",\"mainEntityOfPage\":{\"@id\":\"https:\/\/www.sonnenseite.com\/de\/politik\/warten-auf-den-6-weltklimabericht\/\"},\"wordCount\":1684,\"publisher\":{\"@id\":\"https:\/\/www.sonnenseite.com\/de\/#organization\"},\"image\":{\"@id\":\"https:\/\/www.sonnenseite.com\/de\/politik\/warten-auf-den-6-weltklimabericht\/#primaryimage\"},\"thumbnailUrl\":\"https:\/\/www.sonnenseite.com\/wp-content\/uploads\/2020\/04\/Erderwaermung_kevron2002.jpg\",\"articleSection\":[\"Politik\"],\"inLanguage\":\"de\"},{\"@type\":\"WebPage\",\"@id\":\"https:\/\/www.sonnenseite.com\/de\/politik\/warten-auf-den-6-weltklimabericht\/\",\"url\":\"https:\/\/www.sonnenseite.com\/de\/politik\/warten-auf-den-6-weltklimabericht\/\",\"name\":\"Warten auf den 6. Weltklimabericht - Sonnenseite - \u00d6kologische Kommunikation mit Franz Alt\",\"isPartOf\":{\"@id\":\"https:\/\/www.sonnenseite.com\/de\/#website\"},\"primaryImageOfPage\":{\"@id\":\"https:\/\/www.sonnenseite.com\/de\/politik\/warten-auf-den-6-weltklimabericht\/#primaryimage\"},\"image\":{\"@id\":\"https:\/\/www.sonnenseite.com\/de\/politik\/warten-auf-den-6-weltklimabericht\/#primaryimage\"},\"thumbnailUrl\":\"https:\/\/www.sonnenseite.com\/wp-content\/uploads\/2020\/04\/Erderwaermung_kevron2002.jpg\",\"datePublished\":\"2021-07-28T00:42:00+00:00\",\"dateModified\":\"2021-08-09T06:15:48+00:00\",\"description\":\"SWR-Klimaexperte Werner Eckert und Autorin Nicole All\u00e9 zum kommenden Weltklimabericht des IPCC Vom 26. Juli \u2013 6. August 2021 soll im Rahmen der 54.\",\"breadcrumb\":{\"@id\":\"https:\/\/www.sonnenseite.com\/de\/politik\/warten-auf-den-6-weltklimabericht\/#breadcrumb\"},\"inLanguage\":\"de\",\"potentialAction\":[{\"@type\":\"ReadAction\",\"target\":[\"https:\/\/www.sonnenseite.com\/de\/politik\/warten-auf-den-6-weltklimabericht\/\"]}]},{\"@type\":\"ImageObject\",\"inLanguage\":\"de\",\"@id\":\"https:\/\/www.sonnenseite.com\/de\/politik\/warten-auf-den-6-weltklimabericht\/#primaryimage\",\"url\":\"https:\/\/www.sonnenseite.com\/wp-content\/uploads\/2020\/04\/Erderwaermung_kevron2002.jpg\",\"contentUrl\":\"https:\/\/www.sonnenseite.com\/wp-content\/uploads\/2020\/04\/Erderwaermung_kevron2002.jpg\",\"width\":770,\"height\":420,\"caption\":\"Depositphotos | kevron2002 | Die Erderw\u00e4rmung wird mit jedem Jahr schneller voranschreiten, solange die Menschheit weiter Treibhausgase in die Luft bl\u00e4st.\"},{\"@type\":\"BreadcrumbList\",\"@id\":\"https:\/\/www.sonnenseite.com\/de\/politik\/warten-auf-den-6-weltklimabericht\/#breadcrumb\",\"itemListElement\":[{\"@type\":\"ListItem\",\"position\":1,\"name\":\"Startseite\",\"item\":\"https:\/\/www.sonnenseite.com\/de\/\"},{\"@type\":\"ListItem\",\"position\":2,\"name\":\"Warten auf den 6. Weltklimabericht\"}]},{\"@type\":\"WebSite\",\"@id\":\"https:\/\/www.sonnenseite.com\/de\/#website\",\"url\":\"https:\/\/www.sonnenseite.com\/de\/\",\"name\":\"Sonnenseite\",\"description\":\"\u00d6kologische Kommunikation mit Franz Alt\",\"publisher\":{\"@id\":\"https:\/\/www.sonnenseite.com\/de\/#organization\"},\"potentialAction\":[{\"@type\":\"SearchAction\",\"target\":{\"@type\":\"EntryPoint\",\"urlTemplate\":\"https:\/\/www.sonnenseite.com\/de\/?s={search_term_string}\"},\"query-input\":{\"@type\":\"PropertyValueSpecification\",\"valueRequired\":true,\"valueName\":\"search_term_string\"}}],\"inLanguage\":\"de\"},{\"@type\":\"Organization\",\"@id\":\"https:\/\/www.sonnenseite.com\/de\/#organization\",\"name\":\"Sonnenseite\",\"url\":\"https:\/\/www.sonnenseite.com\/de\/\",\"logo\":{\"@type\":\"ImageObject\",\"inLanguage\":\"de\",\"@id\":\"https:\/\/www.sonnenseite.com\/de\/#\/schema\/logo\/image\/\",\"url\":\"https:\/\/www.sonnenseite.com\/wp-content\/uploads\/2020\/05\/Sonnenseite_Logo.png\",\"contentUrl\":\"https:\/\/www.sonnenseite.com\/wp-content\/uploads\/2020\/05\/Sonnenseite_Logo.png\",\"width\":377,\"height\":90,\"caption\":\"Sonnenseite\"},\"image\":{\"@id\":\"https:\/\/www.sonnenseite.com\/de\/#\/schema\/logo\/image\/\"},\"sameAs\":[\"https:\/\/www.facebook.com\/pages\/Franz-Alt-SONNENSEITECOM\/221072987903953?fref=ts\",\"https:\/\/x.com\/franzalt\",\"http:\/\/www.youtube.com\/results?search_query&amp;amp;quot;franz_alt&amp;amp;quot;&amp;amp;amp;amp;search_type&amp;amp;amp;amp;aq=f\"]},{\"@type\":\"Person\",\"@id\":\"https:\/\/www.sonnenseite.com\/de\/#\/schema\/person\/50fda0e926597684c7cc6695238a4eb9\",\"name\":\"Bigi Alt\"}]}<\/script>\n<!-- \/ Yoast SEO plugin. -->","yoast_head_json":{"title":"Warten auf den 6. Weltklimabericht - Sonnenseite - \u00d6kologische Kommunikation mit Franz Alt","description":"SWR-Klimaexperte Werner Eckert und Autorin Nicole All\u00e9 zum kommenden Weltklimabericht des IPCC Vom 26. Juli \u2013 6. August 2021 soll im Rahmen der 54.","robots":{"index":"index","follow":"follow","max-snippet":"max-snippet:-1","max-image-preview":"max-image-preview:large","max-video-preview":"max-video-preview:-1"},"canonical":"https:\/\/www.sonnenseite.com\/de\/politik\/warten-auf-den-6-weltklimabericht\/","og_locale":"de_DE","og_type":"article","og_title":"Warten auf den 6. Weltklimabericht - Sonnenseite - \u00d6kologische Kommunikation mit Franz Alt","og_description":"SWR-Klimaexperte Werner Eckert und Autorin Nicole All\u00e9 zum kommenden Weltklimabericht des IPCC Vom 26. Juli \u2013 6. August 2021 soll im Rahmen der 54.","og_url":"https:\/\/www.sonnenseite.com\/de\/politik\/warten-auf-den-6-weltklimabericht\/","og_site_name":"Sonnenseite","article_publisher":"https:\/\/www.facebook.com\/pages\/Franz-Alt-SONNENSEITECOM\/221072987903953?fref=ts","article_published_time":"2021-07-28T00:42:00+00:00","article_modified_time":"2021-08-09T06:15:48+00:00","og_image":[{"width":770,"height":420,"url":"https:\/\/www.sonnenseite.com\/wp-content\/uploads\/2020\/04\/Erderwaermung_kevron2002.jpg","type":"image\/jpeg"}],"author":"Bigi Alt","twitter_card":"summary_large_image","twitter_creator":"@franzalt","twitter_site":"@franzalt","twitter_misc":{"Verfasst von":"Bigi Alt","Gesch\u00e4tzte Lesezeit":"8\u00a0Minuten"},"schema":{"@context":"https:\/\/schema.org","@graph":[{"@type":"Article","@id":"https:\/\/www.sonnenseite.com\/de\/politik\/warten-auf-den-6-weltklimabericht\/#article","isPartOf":{"@id":"https:\/\/www.sonnenseite.com\/de\/politik\/warten-auf-den-6-weltklimabericht\/"},"author":{"name":"Bigi Alt","@id":"https:\/\/www.sonnenseite.com\/de\/#\/schema\/person\/50fda0e926597684c7cc6695238a4eb9"},"headline":"Warten auf den 6. Weltklimabericht","datePublished":"2021-07-28T00:42:00+00:00","dateModified":"2021-08-09T06:15:48+00:00","mainEntityOfPage":{"@id":"https:\/\/www.sonnenseite.com\/de\/politik\/warten-auf-den-6-weltklimabericht\/"},"wordCount":1684,"publisher":{"@id":"https:\/\/www.sonnenseite.com\/de\/#organization"},"image":{"@id":"https:\/\/www.sonnenseite.com\/de\/politik\/warten-auf-den-6-weltklimabericht\/#primaryimage"},"thumbnailUrl":"https:\/\/www.sonnenseite.com\/wp-content\/uploads\/2020\/04\/Erderwaermung_kevron2002.jpg","articleSection":["Politik"],"inLanguage":"de"},{"@type":"WebPage","@id":"https:\/\/www.sonnenseite.com\/de\/politik\/warten-auf-den-6-weltklimabericht\/","url":"https:\/\/www.sonnenseite.com\/de\/politik\/warten-auf-den-6-weltklimabericht\/","name":"Warten auf den 6. Weltklimabericht - Sonnenseite - \u00d6kologische Kommunikation mit Franz Alt","isPartOf":{"@id":"https:\/\/www.sonnenseite.com\/de\/#website"},"primaryImageOfPage":{"@id":"https:\/\/www.sonnenseite.com\/de\/politik\/warten-auf-den-6-weltklimabericht\/#primaryimage"},"image":{"@id":"https:\/\/www.sonnenseite.com\/de\/politik\/warten-auf-den-6-weltklimabericht\/#primaryimage"},"thumbnailUrl":"https:\/\/www.sonnenseite.com\/wp-content\/uploads\/2020\/04\/Erderwaermung_kevron2002.jpg","datePublished":"2021-07-28T00:42:00+00:00","dateModified":"2021-08-09T06:15:48+00:00","description":"SWR-Klimaexperte Werner Eckert und Autorin Nicole All\u00e9 zum kommenden Weltklimabericht des IPCC Vom 26. Juli \u2013 6. August 2021 soll im Rahmen der 54.","breadcrumb":{"@id":"https:\/\/www.sonnenseite.com\/de\/politik\/warten-auf-den-6-weltklimabericht\/#breadcrumb"},"inLanguage":"de","potentialAction":[{"@type":"ReadAction","target":["https:\/\/www.sonnenseite.com\/de\/politik\/warten-auf-den-6-weltklimabericht\/"]}]},{"@type":"ImageObject","inLanguage":"de","@id":"https:\/\/www.sonnenseite.com\/de\/politik\/warten-auf-den-6-weltklimabericht\/#primaryimage","url":"https:\/\/www.sonnenseite.com\/wp-content\/uploads\/2020\/04\/Erderwaermung_kevron2002.jpg","contentUrl":"https:\/\/www.sonnenseite.com\/wp-content\/uploads\/2020\/04\/Erderwaermung_kevron2002.jpg","width":770,"height":420,"caption":"Depositphotos | kevron2002 | Die Erderw\u00e4rmung wird mit jedem Jahr schneller voranschreiten, solange die Menschheit weiter Treibhausgase in die Luft bl\u00e4st."},{"@type":"BreadcrumbList","@id":"https:\/\/www.sonnenseite.com\/de\/politik\/warten-auf-den-6-weltklimabericht\/#breadcrumb","itemListElement":[{"@type":"ListItem","position":1,"name":"Startseite","item":"https:\/\/www.sonnenseite.com\/de\/"},{"@type":"ListItem","position":2,"name":"Warten auf den 6. Weltklimabericht"}]},{"@type":"WebSite","@id":"https:\/\/www.sonnenseite.com\/de\/#website","url":"https:\/\/www.sonnenseite.com\/de\/","name":"Sonnenseite","description":"\u00d6kologische Kommunikation mit Franz Alt","publisher":{"@id":"https:\/\/www.sonnenseite.com\/de\/#organization"},"potentialAction":[{"@type":"SearchAction","target":{"@type":"EntryPoint","urlTemplate":"https:\/\/www.sonnenseite.com\/de\/?s={search_term_string}"},"query-input":{"@type":"PropertyValueSpecification","valueRequired":true,"valueName":"search_term_string"}}],"inLanguage":"de"},{"@type":"Organization","@id":"https:\/\/www.sonnenseite.com\/de\/#organization","name":"Sonnenseite","url":"https:\/\/www.sonnenseite.com\/de\/","logo":{"@type":"ImageObject","inLanguage":"de","@id":"https:\/\/www.sonnenseite.com\/de\/#\/schema\/logo\/image\/","url":"https:\/\/www.sonnenseite.com\/wp-content\/uploads\/2020\/05\/Sonnenseite_Logo.png","contentUrl":"https:\/\/www.sonnenseite.com\/wp-content\/uploads\/2020\/05\/Sonnenseite_Logo.png","width":377,"height":90,"caption":"Sonnenseite"},"image":{"@id":"https:\/\/www.sonnenseite.com\/de\/#\/schema\/logo\/image\/"},"sameAs":["https:\/\/www.facebook.com\/pages\/Franz-Alt-SONNENSEITECOM\/221072987903953?fref=ts","https:\/\/x.com\/franzalt","http:\/\/www.youtube.com\/results?search_query&amp;amp;quot;franz_alt&amp;amp;quot;&amp;amp;amp;amp;search_type&amp;amp;amp;amp;aq=f"]},{"@type":"Person","@id":"https:\/\/www.sonnenseite.com\/de\/#\/schema\/person\/50fda0e926597684c7cc6695238a4eb9","name":"Bigi Alt"}]}},"_links":{"self":[{"href":"https:\/\/www.sonnenseite.com\/de\/wp-json\/wp\/v2\/posts\/73336","targetHints":{"allow":["GET"]}}],"collection":[{"href":"https:\/\/www.sonnenseite.com\/de\/wp-json\/wp\/v2\/posts"}],"about":[{"href":"https:\/\/www.sonnenseite.com\/de\/wp-json\/wp\/v2\/types\/post"}],"author":[{"embeddable":true,"href":"https:\/\/www.sonnenseite.com\/de\/wp-json\/wp\/v2\/users\/3"}],"replies":[{"embeddable":true,"href":"https:\/\/www.sonnenseite.com\/de\/wp-json\/wp\/v2\/comments?post=73336"}],"version-history":[{"count":3,"href":"https:\/\/www.sonnenseite.com\/de\/wp-json\/wp\/v2\/posts\/73336\/revisions"}],"predecessor-version":[{"id":73341,"href":"https:\/\/www.sonnenseite.com\/de\/wp-json\/wp\/v2\/posts\/73336\/revisions\/73341"}],"wp:featuredmedia":[{"embeddable":true,"href":"https:\/\/www.sonnenseite.com\/de\/wp-json\/wp\/v2\/media\/1970"}],"wp:attachment":[{"href":"https:\/\/www.sonnenseite.com\/de\/wp-json\/wp\/v2\/media?parent=73336"}],"wp:term":[{"taxonomy":"category","embeddable":true,"href":"https:\/\/www.sonnenseite.com\/de\/wp-json\/wp\/v2\/categories?post=73336"},{"taxonomy":"post_tag","embeddable":true,"href":"https:\/\/www.sonnenseite.com\/de\/wp-json\/wp\/v2\/tags?post=73336"}],"curies":[{"name":"wp","href":"https:\/\/api.w.org\/{rel}","templated":true}]}}