{"id":73686,"date":"2021-08-06T11:26:45","date_gmt":"2021-08-06T09:26:45","guid":{"rendered":"https:\/\/www.sonnenseite.com\/?p=73686"},"modified":"2021-08-06T11:26:46","modified_gmt":"2021-08-06T09:26:46","slug":"wie-wir-mit-sonnenenergie-einen-wirtschaftsboom-entfesseln-und-das-klima-schuetzen","status":"publish","type":"post","link":"https:\/\/www.sonnenseite.com\/de\/wirtschaft\/wie-wir-mit-sonnenenergie-einen-wirtschaftsboom-entfesseln-und-das-klima-schuetzen\/","title":{"rendered":"Wie wir mit Sonnenenergie einen Wirtschaftsboom entfesseln und das Klima sch\u00fctzen"},"content":{"rendered":"\n<p>Im Auftrag von Greenpeace ver\u00f6ffentlicht das Fraunhofer-Institut f\u00fcr Solare Energiesysteme ISE eine Kurzstudie zu Bedarf und Potenzialen der Photovoltaik und Solarthermie in Deutschland. <\/p>\n\n\n\n<p>Unter dem Titel <a href=\"https:\/\/www.greenpeace.de\/sites\/www.greenpeace.de\/files\/publications\/20210805-greenpeace-kurzstudie-solaroffensive.pdf\">&#8222;Solaroffensive &#8211; Wie wir mit Sonnenenergie einen Wirtschaftsboom entfesseln und das Klima sch\u00fctzen&#8220;<\/a> werten die Wissenschaftlerinnen und Wissenschaftler unter anderem Daten zum zuk\u00fcnftigen Energiebedarf, zur Verf\u00fcgbarkeit von Fl\u00e4chen sowie Preis- und Arbeitsplatzentwicklung aus.<\/p>\n\n\n\n<p>Auf dem Weg zur Klimaneutralit\u00e4t wird der Strombedarf durch die zunehmende Elektrifizierung des Energie-, Geb\u00e4ude- Verkehrs- und Industriesektors in Deutschland deutlich ansteigen: Bis 2030 um den Faktor 1,2 bis 1,4 im Vergleich zu heute, bis zur Vollendung der Energiewende 2045 um Faktor 2 bis 2,5. Um dem neuen Klimaschutzgesetz vom 24. Juni 2021 gerecht zu werden, m\u00fcssen die Photovoltaik und Solarthermie, neben der Windenergie, stark ausgebaut werden.<\/p>\n\n\n\n<h5 class=\"wp-block-heading\">Ausbauziele f\u00fcr solaren Strom und solare W\u00e4rme<\/h5>\n\n\n\n<p>Im Jahr 2020 wurden rund 45 Prozent des Bruttostromverbrauchs durch erneuerbare Technologien (PV, Wind, Biomasse und Wasserkraft) bereitgestellt, der Rest kam aus fossilen und nuklearen Kraftwerken. <a><\/a>\u00bbUm 100 Prozent unseres, bis dahin nochmal stark gestiegenen, Strombedarfs mit Erneuerbaren zu decken, m\u00fcssen wir im Vergleich zu heute das 6 bis 8-fache an Photovoltaik-Leistung installieren\u00ab, erkl\u00e4rt Dr. Christoph Kost, Leiter der Gruppe Energiesysteme und Energiewirtschaft am Fraunhofer ISE. Das sind 303 bis 446 Gigawatt im Vergleich zu den 54 Gigawatt installierter PV-Leistung Ende 2020.<\/p>\n\n\n\n<p>Solarthermie kann Brauchwarmwasser und Heizw\u00e4rme bereitstellen und l\u00e4sst sich leicht in bestehende W\u00e4rmeversorgungsanlagen integrieren. In Deutschland sind aktuell Solarthermie-Anlagen mit einer Gesamtleistung von circa 15 Gigawatt installiert. Neben anderen Ma\u00dfnahmen ist f\u00fcr eine klimaneutrale W\u00e4rmeversorgung in Deutschland, ein Ausbau auf insgesamt circa 45 bis 49 Gigawatt an Solarthermie-Leistung erforderlich.<\/p>\n\n\n\n<div class=\"wp-block-image\"><figure class=\"aligncenter size-full is-resized\"><a href=\"https:\/\/www.sonnenseite.com\/wp-content\/uploads\/2021\/08\/FraunhoferISE-IntegriertePV02.jpg\"><img loading=\"lazy\" decoding=\"async\" src=\"https:\/\/www.sonnenseite.com\/wp-content\/uploads\/2021\/08\/FraunhoferISE-IntegriertePV02.jpg\" alt=\"\" class=\"wp-image-73692\" width=\"644\" height=\"413\" srcset=\"https:\/\/www.sonnenseite.com\/wp-content\/uploads\/2021\/08\/FraunhoferISE-IntegriertePV02.jpg 859w, https:\/\/www.sonnenseite.com\/wp-content\/uploads\/2021\/08\/FraunhoferISE-IntegriertePV02-300x192.jpg 300w, https:\/\/www.sonnenseite.com\/wp-content\/uploads\/2021\/08\/FraunhoferISE-IntegriertePV02-768x492.jpg 768w\" sizes=\"auto, (max-width: 644px) 100vw, 644px\" \/><\/a><figcaption>\u00a9 Fraunhofer ISE | Wo gibt es Fl\u00e4chen f\u00fcr Integration? W\u00e4hrend das theoretische Potenzial eine komplette Inanspruchnahme der entsprechenden Ressourcen betrachtet, beschr\u00e4nkt sich das technische Potenzial auf solche Anwendungen, die technisch plausibel verwertbar sind. Die folgende Abbildung zeigt Sch\u00e4tzwerte zu technischen Potenzialen f\u00fcr die Integration von PV in Deutschland.\u00a0Allein die Bauwerkintegrierte Photovoltaik (BIPV) und die Agri-Photovoltaik (APV) er\u00f6ffnen Fl\u00e4chen f\u00fcr eine Nennleistung von 1700 Gigawatt (GW) bzw. 1000 GW. Die f\u00fcr die Umsetzung relevanten wirtschaftlich-praktischen Potenziale ergeben sich aus den technischen Potenzialen unter zus\u00e4tzlicher Ber\u00fccksichtigung \u00f6konomischer, regulatorischer und praktischer Randbedingungen sowie von Fragen der Akzeptanz.<\/figcaption><\/figure><\/div>\n\n\n\n<h5 class=\"wp-block-heading\">Photovoltaik: Fl\u00e4chenpotenziale, Arbeitsplatz- und Preisentwicklung<\/h5>\n\n\n\n<p>Um Photovoltaik-Anlagen mit 6 bis 8-fachem Leistungsumfang installieren zu k\u00f6nnen, muss viel Fl\u00e4che bereitgestellt werden. Die Studie legt deshalb einen Schwerpunkt auf das Potenzial der sogenannten <a href=\"https:\/\/www.ise.fraunhofer.de\/de\/leitthemen\/integrierte-photovoltaik.html\">Integrierten Photovoltaik<\/a>. Dr. Harry Wirth leitet das Forschungsfeld am Fraunhofer ISE: \u00bbPhotovoltaik verbindet sich hier mit der Landwirtschaft, schwimmt auf gefluteten Tagebauen, passt in Geb\u00e4ude- und Fahrzeugaufbauten, folgt Verkehrswegen oder bedeckt bereits versiegelte Fl\u00e4chen wie Parkpl\u00e4tze. Die Integration von PV-Anlagen in solche bereits genutzten Fl\u00e4chen erschlie\u00dft ein riesiges Potenzial zur Stromerzeugung \u2013 und schafft eine F\u00fclle weiterer Synergien.\u00ab<\/p>\n\n\n\n<p>Eine vertikal integrierte Photovoltaik-Produktion in Europa sch\u00fcfe nicht nur Import-Unabh\u00e4ngigkeit f\u00fcr den systemkritischen Energiesektor, sondern auch circa 750 Arbeitspl\u00e4tze f\u00fcr jedes Gigawatt an PV-Modulproduktionskapazit\u00e4t. Weitere 3.500 Arbeitspl\u00e4tze pro Gigawatt entstehen durch die Installation von PV-Kraftwerken. Auch die berechnete Treibhausgas-Bilanz des erzeugten PV-Stroms f\u00e4llt f\u00fcr Module aus heimischer, integrierter Produktion mit circa 23 Gramm Treibhausgasemission (CO<sub>2<\/sub>-\u00c4quivalente) pro Kilowattstunde deutlich besser aus als f\u00fcr Importmodule aus China. Bemerkenswert ist, dass die Produktionskosten f\u00fcr solaren Strom seit der Einf\u00fchrung des Erneuerbare-Energien-Gesetzes (EEG) um circa 80 bis 90 Prozent gesunken sind. F\u00fcr gro\u00dfe Freifl\u00e4chen-Solarkraftwerke liegen diese Kosten heute zwischen 3 und 5,5 Cent pro Kilowattstunde, f\u00fcr kleine Dachanlagen bis 30 Kilowatt zwischen 6 und 11 Cent pro Kilowattstunde.<\/p>\n\n\n\n<div class=\"wp-block-image\"><figure class=\"alignright size-full is-resized\"><a href=\"https:\/\/www.sonnenseite.com\/wp-content\/uploads\/2021\/08\/Greenpeace_Solaroffensive-fuer-Deutschland.jpg\"><img loading=\"lazy\" decoding=\"async\" src=\"https:\/\/www.sonnenseite.com\/wp-content\/uploads\/2021\/08\/Greenpeace_Solaroffensive-fuer-Deutschland.jpg\" alt=\"\" class=\"wp-image-73688\" width=\"306\" height=\"432\" srcset=\"https:\/\/www.sonnenseite.com\/wp-content\/uploads\/2021\/08\/Greenpeace_Solaroffensive-fuer-Deutschland.jpg 400w, https:\/\/www.sonnenseite.com\/wp-content\/uploads\/2021\/08\/Greenpeace_Solaroffensive-fuer-Deutschland-212x300.jpg 212w\" sizes=\"auto, (max-width: 306px) 100vw, 306px\" \/><\/a><\/figure><\/div>\n\n\n\n<h5 class=\"wp-block-heading\">Solarthermie: Sofort einsatzbereit<\/h5>\n\n\n\n<p>Die St\u00e4rke der Solarthermie liegt darin, dass sie keinen Brennstoff verbraucht und sich sowohl mit erneuerbaren wie auch konventionellen W\u00e4rmeerzeugern leicht kombinieren l\u00e4sst. In Kombination mit Gas und \u00d6l spart sie dann sofort Brennstoff ein. Zusammen mit W\u00e4rmepumpen, Pellets oder Biogas erh\u00f6ht sie die Effizienz der W\u00e4rmebereitstellung. Sie ist leicht skalierbar und kann damit dezentral in kleineren Anlagen sowie in Fernw\u00e4rmenetzte mit gr\u00f6\u00dferen Anlagen sehr gut eingebunden werden. Dr. Korbinian Kramer, Koordinator f\u00fcr Solarthermie am Fraunhofer ISE: \u00bbSolarthermie stellt W\u00e4rme weitestgehend CO<sub>2<\/sub>-frei zur Verf\u00fcgung. Die Technologie kann in vielen Anwendungsfeldern heute direkt eingesetzt werden und ist damit eine zielf\u00fchrende, schnell verf\u00fcgbare Option f\u00fcr die W\u00e4rmewende.\u00ab<\/p>\n\n\n\n<ul class=\"wp-block-list\"><li> <a href=\"https:\/\/www.greenpeace.de\/sites\/www.greenpeace.de\/files\/publications\/20210805-greenpeace-kurzstudie-solaroffensive.pdf\">&#8222;Solaroffensive &#8211; Wie wir mit Sonnenenergie einen Wirtschaftsboom entfesseln und das Klima sch\u00fctzen&#8220;<\/a> <\/li><li><a href=\"https:\/\/www.ise.fraunhofer.de\/de\/leitthemen\/integrierte-photovoltaik.html\">Integrierte Photovoltaik \u2013 Fl\u00e4chen f\u00fcr die Energiewende<\/a><\/li><li><a href=\"https:\/\/www.ise.fraunhofer.de\/content\/dam\/ise\/de\/documents\/infomaterial\/brochures\/photovoltaik\/21_dt_ISE_Flyer_Integrierte_PV_Positionspapier.pdf\">Positionspapier: Integrierte Photovoltaik \u2013 Fl\u00e4chen f\u00fcr die Energiewende (pdf)<\/a><\/li><\/ul>\n\n\n<h5 class=\"green\">Quelle<\/h5>\r\n\n\n\n<p><a href=\"https:\/\/www.ise.fraunhofer.de\">Fraunhofer ISE 2021<\/a><\/p>\n<div class=\"shariff shariff-align-flex-start shariff-widget-align-flex-start\"><div class=\"ShariffHeadline\">Diese Meldung teilen<\/div><ul class=\"shariff-buttons theme-round orientation-horizontal buttonsize-medium\"><li class=\"shariff-button facebook shariff-nocustomcolor\" style=\"background-color:#4273c8;border-radius:1%\"><a href=\"https:\/\/www.facebook.com\/sharer\/sharer.php?u=https%3A%2F%2Fwww.sonnenseite.com%2Fde%2Fwirtschaft%2Fwie-wir-mit-sonnenenergie-einen-wirtschaftsboom-entfesseln-und-das-klima-schuetzen%2F\" title=\"Bei Facebook teilen\" aria-label=\"Bei Facebook teilen\" role=\"button\" rel=\"nofollow\" class=\"shariff-link\" style=\";border-radius:1%; background-color:#3b5998; color:#fff\" target=\"_blank\"><span class=\"shariff-icon\" style=\"\"><svg width=\"32px\" height=\"20px\" xmlns=\"http:\/\/www.w3.org\/2000\/svg\" viewBox=\"0 0 18 32\"><path fill=\"#3b5998\" d=\"M17.1 0.2v4.7h-2.8q-1.5 0-2.1 0.6t-0.5 1.9v3.4h5.2l-0.7 5.3h-4.5v13.6h-5.5v-13.6h-4.5v-5.3h4.5v-3.9q0-3.3 1.9-5.2t5-1.8q2.6 0 4.1 0.2z\"\/><\/svg><\/span><\/a><\/li><li class=\"shariff-button twitter shariff-nocustomcolor\" style=\"background-color:#595959;border-radius:1%\"><a href=\"https:\/\/twitter.com\/share?url=https%3A%2F%2Fwww.sonnenseite.com%2Fde%2Fwirtschaft%2Fwie-wir-mit-sonnenenergie-einen-wirtschaftsboom-entfesseln-und-das-klima-schuetzen%2F&text=Wie%20wir%20mit%20Sonnenenergie%20einen%20Wirtschaftsboom%20entfesseln%20und%20das%20Klima%20sch%C3%BCtzen\" title=\"Bei X teilen\" aria-label=\"Bei X teilen\" role=\"button\" rel=\"noopener nofollow\" class=\"shariff-link\" style=\";border-radius:1%; background-color:#000; color:#fff\" target=\"_blank\"><span class=\"shariff-icon\" style=\"\"><svg width=\"32px\" height=\"20px\" xmlns=\"http:\/\/www.w3.org\/2000\/svg\" viewBox=\"0 0 24 24\"><path fill=\"#000\" d=\"M14.258 10.152L23.176 0h-2.113l-7.747 8.813L7.133 0H0l9.352 13.328L0 23.973h2.113l8.176-9.309 6.531 9.309h7.133zm-2.895 3.293l-.949-1.328L2.875 1.56h3.246l6.086 8.523.945 1.328 7.91 11.078h-3.246zm0 0\"\/><\/svg><\/span><\/a><\/li><li class=\"shariff-button xing shariff-nocustomcolor\" style=\"background-color:#29888a;border-radius:1%\"><a href=\"https:\/\/www.xing.com\/spi\/shares\/new?url=https%3A%2F%2Fwww.sonnenseite.com%2Fde%2Fwirtschaft%2Fwie-wir-mit-sonnenenergie-einen-wirtschaftsboom-entfesseln-und-das-klima-schuetzen%2F\" title=\"Bei XING teilen\" aria-label=\"Bei XING teilen\" role=\"button\" rel=\"noopener nofollow\" class=\"shariff-link\" style=\";border-radius:1%; background-color:#126567; color:#fff\" target=\"_blank\"><span class=\"shariff-icon\" style=\"\"><svg width=\"32px\" height=\"20px\" xmlns=\"http:\/\/www.w3.org\/2000\/svg\" viewBox=\"0 0 25 32\"><path fill=\"#126567\" d=\"M10.7 11.9q-0.2 0.3-4.6 8.2-0.5 0.8-1.2 0.8h-4.3q-0.4 0-0.5-0.3t0-0.6l4.5-8q0 0 0 0l-2.9-5q-0.2-0.4 0-0.7 0.2-0.3 0.5-0.3h4.3q0.7 0 1.2 0.8zM25.1 0.4q0.2 0.3 0 0.7l-9.4 16.7 6 11q0.2 0.4 0 0.6-0.2 0.3-0.6 0.3h-4.3q-0.7 0-1.2-0.8l-6-11.1q0.3-0.6 9.5-16.8 0.4-0.8 1.2-0.8h4.3q0.4 0 0.5 0.3z\"\/><\/svg><\/span><\/a><\/li><li class=\"shariff-button linkedin shariff-nocustomcolor\" style=\"background-color:#1488bf;border-radius:1%\"><a href=\"https:\/\/www.linkedin.com\/sharing\/share-offsite\/?url=https%3A%2F%2Fwww.sonnenseite.com%2Fde%2Fwirtschaft%2Fwie-wir-mit-sonnenenergie-einen-wirtschaftsboom-entfesseln-und-das-klima-schuetzen%2F\" title=\"Bei LinkedIn teilen\" aria-label=\"Bei LinkedIn teilen\" role=\"button\" rel=\"noopener nofollow\" class=\"shariff-link\" style=\";border-radius:1%; background-color:#0077b5; color:#fff\" target=\"_blank\"><span class=\"shariff-icon\" style=\"\"><svg width=\"32px\" height=\"20px\" xmlns=\"http:\/\/www.w3.org\/2000\/svg\" viewBox=\"0 0 27 32\"><path fill=\"#0077b5\" d=\"M6.2 11.2v17.7h-5.9v-17.7h5.9zM6.6 5.7q0 1.3-0.9 2.2t-2.4 0.9h0q-1.5 0-2.4-0.9t-0.9-2.2 0.9-2.2 2.4-0.9 2.4 0.9 0.9 2.2zM27.4 18.7v10.1h-5.9v-9.5q0-1.9-0.7-2.9t-2.3-1.1q-1.1 0-1.9 0.6t-1.2 1.5q-0.2 0.5-0.2 1.4v9.9h-5.9q0-7.1 0-11.6t0-5.3l0-0.9h5.9v2.6h0q0.4-0.6 0.7-1t1-0.9 1.6-0.8 2-0.3q3 0 4.9 2t1.9 6z\"\/><\/svg><\/span><\/a><\/li><li class=\"shariff-button printer shariff-nocustomcolor\" style=\"background-color:#a8a8a8;border-radius:1%\"><a href=\"javascript:window.print()\" title=\"drucken\" aria-label=\"drucken\" role=\"button\" rel=\"noopener nofollow\" class=\"shariff-link\" style=\";border-radius:1%; background-color:#999; color:#fff\"><span class=\"shariff-icon\" style=\"\"><svg width=\"32px\" height=\"20px\" xmlns=\"http:\/\/www.w3.org\/2000\/svg\" viewBox=\"0 0 30 32\"><path fill=\"#999\" d=\"M6.8 27.4h16v-4.6h-16v4.6zM6.8 16h16v-6.8h-2.8q-0.7 0-1.2-0.5t-0.5-1.2v-2.8h-11.4v11.4zM27.4 17.2q0-0.5-0.3-0.8t-0.8-0.4-0.8 0.4-0.3 0.8 0.3 0.8 0.8 0.3 0.8-0.3 0.3-0.8zM29.7 17.2v7.4q0 0.2-0.2 0.4t-0.4 0.2h-4v2.8q0 0.7-0.5 1.2t-1.2 0.5h-17.2q-0.7 0-1.2-0.5t-0.5-1.2v-2.8h-4q-0.2 0-0.4-0.2t-0.2-0.4v-7.4q0-1.4 1-2.4t2.4-1h1.2v-9.7q0-0.7 0.5-1.2t1.2-0.5h12q0.7 0 1.6 0.4t1.3 0.8l2.7 2.7q0.5 0.5 0.9 1.4t0.4 1.6v4.6h1.1q1.4 0 2.4 1t1 2.4z\"\/><\/svg><\/span><\/a><\/li><li class=\"shariff-button mailto shariff-nocustomcolor\" style=\"background-color:#a8a8a8;border-radius:1%\"><a href=\"mailto:?body=https%3A%2F%2Fwww.sonnenseite.com%2Fde%2Fwirtschaft%2Fwie-wir-mit-sonnenenergie-einen-wirtschaftsboom-entfesseln-und-das-klima-schuetzen%2F&subject=Wie%20wir%20mit%20Sonnenenergie%20einen%20Wirtschaftsboom%20entfesseln%20und%20das%20Klima%20sch%C3%BCtzen\" title=\"Per E-Mail versenden\" aria-label=\"Per E-Mail versenden\" role=\"button\" rel=\"noopener nofollow\" class=\"shariff-link\" style=\";border-radius:1%; background-color:#999; color:#fff\"><span class=\"shariff-icon\" style=\"\"><svg width=\"32px\" height=\"20px\" xmlns=\"http:\/\/www.w3.org\/2000\/svg\" viewBox=\"0 0 32 32\"><path fill=\"#999\" d=\"M32 12.7v14.2q0 1.2-0.8 2t-2 0.9h-26.3q-1.2 0-2-0.9t-0.8-2v-14.2q0.8 0.9 1.8 1.6 6.5 4.4 8.9 6.1 1 0.8 1.6 1.2t1.7 0.9 2 0.4h0.1q0.9 0 2-0.4t1.7-0.9 1.6-1.2q3-2.2 8.9-6.1 1-0.7 1.8-1.6zM32 7.4q0 1.4-0.9 2.7t-2.2 2.2q-6.7 4.7-8.4 5.8-0.2 0.1-0.7 0.5t-1 0.7-0.9 0.6-1.1 0.5-0.9 0.2h-0.1q-0.4 0-0.9-0.2t-1.1-0.5-0.9-0.6-1-0.7-0.7-0.5q-1.6-1.1-4.7-3.2t-3.6-2.6q-1.1-0.7-2.1-2t-1-2.5q0-1.4 0.7-2.3t2.1-0.9h26.3q1.2 0 2 0.8t0.9 2z\"\/><\/svg><\/span><\/a><\/li><\/ul><\/div>","protected":false},"excerpt":{"rendered":"<p>Im Auftrag von Greenpeace ver\u00f6ffentlicht das Fraunhofer-Institut f\u00fcr Solare Energiesysteme ISE eine Kurzstudie zu Bedarf und [&hellip;]<\/p>\n","protected":false},"author":3,"featured_media":73690,"comment_status":"closed","ping_status":"closed","sticky":false,"template":"","format":"standard","meta":{"inline_featured_image":false,"footnotes":""},"categories":[24],"tags":[],"class_list":["post-73686","post","type-post","status-publish","format-standard","has-post-thumbnail","hentry","category-wirtschaft"],"yoast_head":"<!-- This site is optimized with the Yoast SEO plugin v26.5 - https:\/\/yoast.com\/wordpress\/plugins\/seo\/ -->\n<title>Wie wir mit Sonnenenergie einen Wirtschaftsboom entfesseln und das Klima sch\u00fctzen - Sonnenseite - \u00d6kologische Kommunikation mit Franz Alt<\/title>\n<meta name=\"description\" content=\"Im Auftrag von Greenpeace ver\u00f6ffentlicht das Fraunhofer-Institut f\u00fcr Solare Energiesysteme ISE eine Kurzstudie zu Bedarf und Potenzialen der Photovoltaik\" \/>\n<meta name=\"robots\" content=\"index, follow, max-snippet:-1, max-image-preview:large, max-video-preview:-1\" \/>\n<link rel=\"canonical\" href=\"https:\/\/www.sonnenseite.com\/de\/wirtschaft\/wie-wir-mit-sonnenenergie-einen-wirtschaftsboom-entfesseln-und-das-klima-schuetzen\/\" \/>\n<meta property=\"og:locale\" content=\"de_DE\" \/>\n<meta property=\"og:type\" content=\"article\" \/>\n<meta property=\"og:title\" content=\"Wie wir mit Sonnenenergie einen Wirtschaftsboom entfesseln und das Klima sch\u00fctzen - Sonnenseite - \u00d6kologische Kommunikation mit Franz Alt\" \/>\n<meta property=\"og:description\" content=\"Im Auftrag von Greenpeace ver\u00f6ffentlicht das Fraunhofer-Institut f\u00fcr Solare Energiesysteme ISE eine Kurzstudie zu Bedarf und Potenzialen der Photovoltaik\" \/>\n<meta property=\"og:url\" content=\"https:\/\/www.sonnenseite.com\/de\/wirtschaft\/wie-wir-mit-sonnenenergie-einen-wirtschaftsboom-entfesseln-und-das-klima-schuetzen\/\" \/>\n<meta property=\"og:site_name\" content=\"Sonnenseite\" \/>\n<meta property=\"article:publisher\" content=\"https:\/\/www.facebook.com\/pages\/Franz-Alt-SONNENSEITECOM\/221072987903953?fref=ts\" \/>\n<meta property=\"article:published_time\" content=\"2021-08-06T09:26:45+00:00\" \/>\n<meta property=\"article:modified_time\" content=\"2021-08-06T09:26:46+00:00\" \/>\n<meta property=\"og:image\" content=\"https:\/\/www.sonnenseite.com\/wp-content\/uploads\/2021\/08\/FraunhoferISE-IntegriertePV01.jpg\" \/>\n\t<meta property=\"og:image:width\" content=\"770\" \/>\n\t<meta property=\"og:image:height\" content=\"420\" \/>\n\t<meta property=\"og:image:type\" content=\"image\/jpeg\" \/>\n<meta name=\"author\" content=\"Bigi Alt\" \/>\n<meta name=\"twitter:card\" content=\"summary_large_image\" \/>\n<meta name=\"twitter:creator\" content=\"@franzalt\" \/>\n<meta name=\"twitter:site\" content=\"@franzalt\" \/>\n<meta name=\"twitter:label1\" content=\"Verfasst von\" \/>\n\t<meta name=\"twitter:data1\" content=\"Bigi Alt\" \/>\n\t<meta name=\"twitter:label2\" content=\"Gesch\u00e4tzte Lesezeit\" \/>\n\t<meta name=\"twitter:data2\" content=\"4\u00a0Minuten\" \/>\n<script type=\"application\/ld+json\" class=\"yoast-schema-graph\">{\"@context\":\"https:\/\/schema.org\",\"@graph\":[{\"@type\":\"Article\",\"@id\":\"https:\/\/www.sonnenseite.com\/de\/wirtschaft\/wie-wir-mit-sonnenenergie-einen-wirtschaftsboom-entfesseln-und-das-klima-schuetzen\/#article\",\"isPartOf\":{\"@id\":\"https:\/\/www.sonnenseite.com\/de\/wirtschaft\/wie-wir-mit-sonnenenergie-einen-wirtschaftsboom-entfesseln-und-das-klima-schuetzen\/\"},\"author\":{\"name\":\"Bigi Alt\",\"@id\":\"https:\/\/www.sonnenseite.com\/de\/#\/schema\/person\/50fda0e926597684c7cc6695238a4eb9\"},\"headline\":\"Wie wir mit Sonnenenergie einen Wirtschaftsboom entfesseln und das Klima sch\u00fctzen\",\"datePublished\":\"2021-08-06T09:26:45+00:00\",\"dateModified\":\"2021-08-06T09:26:46+00:00\",\"mainEntityOfPage\":{\"@id\":\"https:\/\/www.sonnenseite.com\/de\/wirtschaft\/wie-wir-mit-sonnenenergie-einen-wirtschaftsboom-entfesseln-und-das-klima-schuetzen\/\"},\"wordCount\":756,\"publisher\":{\"@id\":\"https:\/\/www.sonnenseite.com\/de\/#organization\"},\"image\":{\"@id\":\"https:\/\/www.sonnenseite.com\/de\/wirtschaft\/wie-wir-mit-sonnenenergie-einen-wirtschaftsboom-entfesseln-und-das-klima-schuetzen\/#primaryimage\"},\"thumbnailUrl\":\"https:\/\/www.sonnenseite.com\/wp-content\/uploads\/2021\/08\/FraunhoferISE-IntegriertePV01.jpg\",\"articleSection\":[\"Wirtschaft\"],\"inLanguage\":\"de\"},{\"@type\":\"WebPage\",\"@id\":\"https:\/\/www.sonnenseite.com\/de\/wirtschaft\/wie-wir-mit-sonnenenergie-einen-wirtschaftsboom-entfesseln-und-das-klima-schuetzen\/\",\"url\":\"https:\/\/www.sonnenseite.com\/de\/wirtschaft\/wie-wir-mit-sonnenenergie-einen-wirtschaftsboom-entfesseln-und-das-klima-schuetzen\/\",\"name\":\"Wie wir mit Sonnenenergie einen Wirtschaftsboom entfesseln und das Klima sch\u00fctzen - Sonnenseite - \u00d6kologische Kommunikation mit Franz Alt\",\"isPartOf\":{\"@id\":\"https:\/\/www.sonnenseite.com\/de\/#website\"},\"primaryImageOfPage\":{\"@id\":\"https:\/\/www.sonnenseite.com\/de\/wirtschaft\/wie-wir-mit-sonnenenergie-einen-wirtschaftsboom-entfesseln-und-das-klima-schuetzen\/#primaryimage\"},\"image\":{\"@id\":\"https:\/\/www.sonnenseite.com\/de\/wirtschaft\/wie-wir-mit-sonnenenergie-einen-wirtschaftsboom-entfesseln-und-das-klima-schuetzen\/#primaryimage\"},\"thumbnailUrl\":\"https:\/\/www.sonnenseite.com\/wp-content\/uploads\/2021\/08\/FraunhoferISE-IntegriertePV01.jpg\",\"datePublished\":\"2021-08-06T09:26:45+00:00\",\"dateModified\":\"2021-08-06T09:26:46+00:00\",\"description\":\"Im Auftrag von Greenpeace ver\u00f6ffentlicht das Fraunhofer-Institut f\u00fcr Solare Energiesysteme ISE eine Kurzstudie zu Bedarf und Potenzialen der Photovoltaik\",\"breadcrumb\":{\"@id\":\"https:\/\/www.sonnenseite.com\/de\/wirtschaft\/wie-wir-mit-sonnenenergie-einen-wirtschaftsboom-entfesseln-und-das-klima-schuetzen\/#breadcrumb\"},\"inLanguage\":\"de\",\"potentialAction\":[{\"@type\":\"ReadAction\",\"target\":[\"https:\/\/www.sonnenseite.com\/de\/wirtschaft\/wie-wir-mit-sonnenenergie-einen-wirtschaftsboom-entfesseln-und-das-klima-schuetzen\/\"]}]},{\"@type\":\"ImageObject\",\"inLanguage\":\"de\",\"@id\":\"https:\/\/www.sonnenseite.com\/de\/wirtschaft\/wie-wir-mit-sonnenenergie-einen-wirtschaftsboom-entfesseln-und-das-klima-schuetzen\/#primaryimage\",\"url\":\"https:\/\/www.sonnenseite.com\/wp-content\/uploads\/2021\/08\/FraunhoferISE-IntegriertePV01.jpg\",\"contentUrl\":\"https:\/\/www.sonnenseite.com\/wp-content\/uploads\/2021\/08\/FraunhoferISE-IntegriertePV01.jpg\",\"width\":770,\"height\":420,\"caption\":\"Fraunhofer ISE | Integrierte Photovoltaik\"},{\"@type\":\"BreadcrumbList\",\"@id\":\"https:\/\/www.sonnenseite.com\/de\/wirtschaft\/wie-wir-mit-sonnenenergie-einen-wirtschaftsboom-entfesseln-und-das-klima-schuetzen\/#breadcrumb\",\"itemListElement\":[{\"@type\":\"ListItem\",\"position\":1,\"name\":\"Startseite\",\"item\":\"https:\/\/www.sonnenseite.com\/de\/\"},{\"@type\":\"ListItem\",\"position\":2,\"name\":\"Wie wir mit Sonnenenergie einen Wirtschaftsboom entfesseln und das Klima sch\u00fctzen\"}]},{\"@type\":\"WebSite\",\"@id\":\"https:\/\/www.sonnenseite.com\/de\/#website\",\"url\":\"https:\/\/www.sonnenseite.com\/de\/\",\"name\":\"Sonnenseite\",\"description\":\"\u00d6kologische Kommunikation mit Franz Alt\",\"publisher\":{\"@id\":\"https:\/\/www.sonnenseite.com\/de\/#organization\"},\"potentialAction\":[{\"@type\":\"SearchAction\",\"target\":{\"@type\":\"EntryPoint\",\"urlTemplate\":\"https:\/\/www.sonnenseite.com\/de\/?s={search_term_string}\"},\"query-input\":{\"@type\":\"PropertyValueSpecification\",\"valueRequired\":true,\"valueName\":\"search_term_string\"}}],\"inLanguage\":\"de\"},{\"@type\":\"Organization\",\"@id\":\"https:\/\/www.sonnenseite.com\/de\/#organization\",\"name\":\"Sonnenseite\",\"url\":\"https:\/\/www.sonnenseite.com\/de\/\",\"logo\":{\"@type\":\"ImageObject\",\"inLanguage\":\"de\",\"@id\":\"https:\/\/www.sonnenseite.com\/de\/#\/schema\/logo\/image\/\",\"url\":\"https:\/\/www.sonnenseite.com\/wp-content\/uploads\/2020\/05\/Sonnenseite_Logo.png\",\"contentUrl\":\"https:\/\/www.sonnenseite.com\/wp-content\/uploads\/2020\/05\/Sonnenseite_Logo.png\",\"width\":377,\"height\":90,\"caption\":\"Sonnenseite\"},\"image\":{\"@id\":\"https:\/\/www.sonnenseite.com\/de\/#\/schema\/logo\/image\/\"},\"sameAs\":[\"https:\/\/www.facebook.com\/pages\/Franz-Alt-SONNENSEITECOM\/221072987903953?fref=ts\",\"https:\/\/x.com\/franzalt\",\"http:\/\/www.youtube.com\/results?search_query&amp;amp;quot;franz_alt&amp;amp;quot;&amp;amp;amp;amp;search_type&amp;amp;amp;amp;aq=f\"]},{\"@type\":\"Person\",\"@id\":\"https:\/\/www.sonnenseite.com\/de\/#\/schema\/person\/50fda0e926597684c7cc6695238a4eb9\",\"name\":\"Bigi Alt\"}]}<\/script>\n<!-- \/ Yoast SEO plugin. -->","yoast_head_json":{"title":"Wie wir mit Sonnenenergie einen Wirtschaftsboom entfesseln und das Klima sch\u00fctzen - Sonnenseite - \u00d6kologische Kommunikation mit Franz Alt","description":"Im Auftrag von Greenpeace ver\u00f6ffentlicht das Fraunhofer-Institut f\u00fcr Solare Energiesysteme ISE eine Kurzstudie zu Bedarf und Potenzialen der Photovoltaik","robots":{"index":"index","follow":"follow","max-snippet":"max-snippet:-1","max-image-preview":"max-image-preview:large","max-video-preview":"max-video-preview:-1"},"canonical":"https:\/\/www.sonnenseite.com\/de\/wirtschaft\/wie-wir-mit-sonnenenergie-einen-wirtschaftsboom-entfesseln-und-das-klima-schuetzen\/","og_locale":"de_DE","og_type":"article","og_title":"Wie wir mit Sonnenenergie einen Wirtschaftsboom entfesseln und das Klima sch\u00fctzen - Sonnenseite - \u00d6kologische Kommunikation mit Franz Alt","og_description":"Im Auftrag von Greenpeace ver\u00f6ffentlicht das Fraunhofer-Institut f\u00fcr Solare Energiesysteme ISE eine Kurzstudie zu Bedarf und Potenzialen der Photovoltaik","og_url":"https:\/\/www.sonnenseite.com\/de\/wirtschaft\/wie-wir-mit-sonnenenergie-einen-wirtschaftsboom-entfesseln-und-das-klima-schuetzen\/","og_site_name":"Sonnenseite","article_publisher":"https:\/\/www.facebook.com\/pages\/Franz-Alt-SONNENSEITECOM\/221072987903953?fref=ts","article_published_time":"2021-08-06T09:26:45+00:00","article_modified_time":"2021-08-06T09:26:46+00:00","og_image":[{"width":770,"height":420,"url":"https:\/\/www.sonnenseite.com\/wp-content\/uploads\/2021\/08\/FraunhoferISE-IntegriertePV01.jpg","type":"image\/jpeg"}],"author":"Bigi Alt","twitter_card":"summary_large_image","twitter_creator":"@franzalt","twitter_site":"@franzalt","twitter_misc":{"Verfasst von":"Bigi Alt","Gesch\u00e4tzte Lesezeit":"4\u00a0Minuten"},"schema":{"@context":"https:\/\/schema.org","@graph":[{"@type":"Article","@id":"https:\/\/www.sonnenseite.com\/de\/wirtschaft\/wie-wir-mit-sonnenenergie-einen-wirtschaftsboom-entfesseln-und-das-klima-schuetzen\/#article","isPartOf":{"@id":"https:\/\/www.sonnenseite.com\/de\/wirtschaft\/wie-wir-mit-sonnenenergie-einen-wirtschaftsboom-entfesseln-und-das-klima-schuetzen\/"},"author":{"name":"Bigi Alt","@id":"https:\/\/www.sonnenseite.com\/de\/#\/schema\/person\/50fda0e926597684c7cc6695238a4eb9"},"headline":"Wie wir mit Sonnenenergie einen Wirtschaftsboom entfesseln und das Klima sch\u00fctzen","datePublished":"2021-08-06T09:26:45+00:00","dateModified":"2021-08-06T09:26:46+00:00","mainEntityOfPage":{"@id":"https:\/\/www.sonnenseite.com\/de\/wirtschaft\/wie-wir-mit-sonnenenergie-einen-wirtschaftsboom-entfesseln-und-das-klima-schuetzen\/"},"wordCount":756,"publisher":{"@id":"https:\/\/www.sonnenseite.com\/de\/#organization"},"image":{"@id":"https:\/\/www.sonnenseite.com\/de\/wirtschaft\/wie-wir-mit-sonnenenergie-einen-wirtschaftsboom-entfesseln-und-das-klima-schuetzen\/#primaryimage"},"thumbnailUrl":"https:\/\/www.sonnenseite.com\/wp-content\/uploads\/2021\/08\/FraunhoferISE-IntegriertePV01.jpg","articleSection":["Wirtschaft"],"inLanguage":"de"},{"@type":"WebPage","@id":"https:\/\/www.sonnenseite.com\/de\/wirtschaft\/wie-wir-mit-sonnenenergie-einen-wirtschaftsboom-entfesseln-und-das-klima-schuetzen\/","url":"https:\/\/www.sonnenseite.com\/de\/wirtschaft\/wie-wir-mit-sonnenenergie-einen-wirtschaftsboom-entfesseln-und-das-klima-schuetzen\/","name":"Wie wir mit Sonnenenergie einen Wirtschaftsboom entfesseln und das Klima sch\u00fctzen - Sonnenseite - \u00d6kologische Kommunikation mit Franz Alt","isPartOf":{"@id":"https:\/\/www.sonnenseite.com\/de\/#website"},"primaryImageOfPage":{"@id":"https:\/\/www.sonnenseite.com\/de\/wirtschaft\/wie-wir-mit-sonnenenergie-einen-wirtschaftsboom-entfesseln-und-das-klima-schuetzen\/#primaryimage"},"image":{"@id":"https:\/\/www.sonnenseite.com\/de\/wirtschaft\/wie-wir-mit-sonnenenergie-einen-wirtschaftsboom-entfesseln-und-das-klima-schuetzen\/#primaryimage"},"thumbnailUrl":"https:\/\/www.sonnenseite.com\/wp-content\/uploads\/2021\/08\/FraunhoferISE-IntegriertePV01.jpg","datePublished":"2021-08-06T09:26:45+00:00","dateModified":"2021-08-06T09:26:46+00:00","description":"Im Auftrag von Greenpeace ver\u00f6ffentlicht das Fraunhofer-Institut f\u00fcr Solare Energiesysteme ISE eine Kurzstudie zu Bedarf und Potenzialen der Photovoltaik","breadcrumb":{"@id":"https:\/\/www.sonnenseite.com\/de\/wirtschaft\/wie-wir-mit-sonnenenergie-einen-wirtschaftsboom-entfesseln-und-das-klima-schuetzen\/#breadcrumb"},"inLanguage":"de","potentialAction":[{"@type":"ReadAction","target":["https:\/\/www.sonnenseite.com\/de\/wirtschaft\/wie-wir-mit-sonnenenergie-einen-wirtschaftsboom-entfesseln-und-das-klima-schuetzen\/"]}]},{"@type":"ImageObject","inLanguage":"de","@id":"https:\/\/www.sonnenseite.com\/de\/wirtschaft\/wie-wir-mit-sonnenenergie-einen-wirtschaftsboom-entfesseln-und-das-klima-schuetzen\/#primaryimage","url":"https:\/\/www.sonnenseite.com\/wp-content\/uploads\/2021\/08\/FraunhoferISE-IntegriertePV01.jpg","contentUrl":"https:\/\/www.sonnenseite.com\/wp-content\/uploads\/2021\/08\/FraunhoferISE-IntegriertePV01.jpg","width":770,"height":420,"caption":"Fraunhofer ISE | Integrierte Photovoltaik"},{"@type":"BreadcrumbList","@id":"https:\/\/www.sonnenseite.com\/de\/wirtschaft\/wie-wir-mit-sonnenenergie-einen-wirtschaftsboom-entfesseln-und-das-klima-schuetzen\/#breadcrumb","itemListElement":[{"@type":"ListItem","position":1,"name":"Startseite","item":"https:\/\/www.sonnenseite.com\/de\/"},{"@type":"ListItem","position":2,"name":"Wie wir mit Sonnenenergie einen Wirtschaftsboom entfesseln und das Klima sch\u00fctzen"}]},{"@type":"WebSite","@id":"https:\/\/www.sonnenseite.com\/de\/#website","url":"https:\/\/www.sonnenseite.com\/de\/","name":"Sonnenseite","description":"\u00d6kologische Kommunikation mit Franz Alt","publisher":{"@id":"https:\/\/www.sonnenseite.com\/de\/#organization"},"potentialAction":[{"@type":"SearchAction","target":{"@type":"EntryPoint","urlTemplate":"https:\/\/www.sonnenseite.com\/de\/?s={search_term_string}"},"query-input":{"@type":"PropertyValueSpecification","valueRequired":true,"valueName":"search_term_string"}}],"inLanguage":"de"},{"@type":"Organization","@id":"https:\/\/www.sonnenseite.com\/de\/#organization","name":"Sonnenseite","url":"https:\/\/www.sonnenseite.com\/de\/","logo":{"@type":"ImageObject","inLanguage":"de","@id":"https:\/\/www.sonnenseite.com\/de\/#\/schema\/logo\/image\/","url":"https:\/\/www.sonnenseite.com\/wp-content\/uploads\/2020\/05\/Sonnenseite_Logo.png","contentUrl":"https:\/\/www.sonnenseite.com\/wp-content\/uploads\/2020\/05\/Sonnenseite_Logo.png","width":377,"height":90,"caption":"Sonnenseite"},"image":{"@id":"https:\/\/www.sonnenseite.com\/de\/#\/schema\/logo\/image\/"},"sameAs":["https:\/\/www.facebook.com\/pages\/Franz-Alt-SONNENSEITECOM\/221072987903953?fref=ts","https:\/\/x.com\/franzalt","http:\/\/www.youtube.com\/results?search_query&amp;amp;quot;franz_alt&amp;amp;quot;&amp;amp;amp;amp;search_type&amp;amp;amp;amp;aq=f"]},{"@type":"Person","@id":"https:\/\/www.sonnenseite.com\/de\/#\/schema\/person\/50fda0e926597684c7cc6695238a4eb9","name":"Bigi Alt"}]}},"_links":{"self":[{"href":"https:\/\/www.sonnenseite.com\/de\/wp-json\/wp\/v2\/posts\/73686","targetHints":{"allow":["GET"]}}],"collection":[{"href":"https:\/\/www.sonnenseite.com\/de\/wp-json\/wp\/v2\/posts"}],"about":[{"href":"https:\/\/www.sonnenseite.com\/de\/wp-json\/wp\/v2\/types\/post"}],"author":[{"embeddable":true,"href":"https:\/\/www.sonnenseite.com\/de\/wp-json\/wp\/v2\/users\/3"}],"replies":[{"embeddable":true,"href":"https:\/\/www.sonnenseite.com\/de\/wp-json\/wp\/v2\/comments?post=73686"}],"version-history":[{"count":4,"href":"https:\/\/www.sonnenseite.com\/de\/wp-json\/wp\/v2\/posts\/73686\/revisions"}],"predecessor-version":[{"id":73696,"href":"https:\/\/www.sonnenseite.com\/de\/wp-json\/wp\/v2\/posts\/73686\/revisions\/73696"}],"wp:featuredmedia":[{"embeddable":true,"href":"https:\/\/www.sonnenseite.com\/de\/wp-json\/wp\/v2\/media\/73690"}],"wp:attachment":[{"href":"https:\/\/www.sonnenseite.com\/de\/wp-json\/wp\/v2\/media?parent=73686"}],"wp:term":[{"taxonomy":"category","embeddable":true,"href":"https:\/\/www.sonnenseite.com\/de\/wp-json\/wp\/v2\/categories?post=73686"},{"taxonomy":"post_tag","embeddable":true,"href":"https:\/\/www.sonnenseite.com\/de\/wp-json\/wp\/v2\/tags?post=73686"}],"curies":[{"name":"wp","href":"https:\/\/api.w.org\/{rel}","templated":true}]}}