{"id":74079,"date":"2021-08-21T08:55:23","date_gmt":"2021-08-21T06:55:23","guid":{"rendered":"https:\/\/www.sonnenseite.com\/?p=74079"},"modified":"2021-09-03T11:09:00","modified_gmt":"2021-09-03T09:09:00","slug":"eine-milliarde-kinder-durch-die-auswirkungen-des-klimawandels-extrem-stark-gefaehrdet","status":"publish","type":"post","link":"https:\/\/www.sonnenseite.com\/de\/umwelt\/eine-milliarde-kinder-durch-die-auswirkungen-des-klimawandels-extrem-stark-gefaehrdet\/","title":{"rendered":"Eine Milliarde Kinder durch die Auswirkungen des Klimawandels \u201eextrem stark gef\u00e4hrdet\u201c"},"content":{"rendered":"\n<p>Erster Klima-Risiko-Index f\u00fcr Kinder von UNICEF: Junge Menschen in der Zentralafrikanischen Republik, im Tschad und in Nigeria am st\u00e4rksten bedroht.<\/p>\n\n\n\n<p>Kinder, die in der Zentralafrikanischen Republik, im Tschad, in Nigeria, Guinea und Guinea-Bissau leben, sind am st\u00e4rksten durch die Auswirkungen des Klimawandels gef\u00e4hrdet. Der Klimawandel und Umweltbelastungen bedrohen die Gesundheit, Bildung und den Schutz der Kinder und setzen sie t\u00f6dlichen Krankheiten aus. Dies geht aus dem ersten Klima-Risiko-Index f\u00fcr Kinder von UNICEF hervor, der gemeinsam mit Fridays for Future zum dritten Jahrestag der globalen Klimastreikbewegung ver\u00f6ffentlicht wurde. <\/p>\n\n\n\n<p><strong>Deutschland<\/strong> <strong>liegt in der Rangliste auf Platz 142 von insgesamt 163<\/strong> analysierten L\u00e4ndern. Kinder hierzulande sind demzufolge im Weltvergleich weniger stark durch die Folgen von klima- und umweltbedingten Gefahren, Schocks und Belastungen betroffen.<\/p>\n\n\n\n<p>Der <a href=\"https:\/\/www.unicef.de\/blob\/246914\/d71d699a43c3a40b9ad8138c7600f475\/deutsche-zusammenfassung-klimareport-2008-data.pdf\">Bericht \u201eDie Klimakrise ist eine Krise der Kinderrechte: Einf\u00fchrung des Klima-Risiko-Index f\u00fcr Kinder\u201c<\/a> ist die erste umfassende Analyse von Klimarisiken aus der Perspektive von Kindern. Die Auswertung aktuellster Daten zeigt in einer globalen Rangliste, in welchen L\u00e4ndern und in welchem Ma\u00dfe Kinder klima- und umweltbedingten Schocks wie Wirbelst\u00fcrmen und Hitzewellen ausgesetzt sind. Dazu wurde auch ihre Verletzlichkeit gegen\u00fcber diesen Gefahren untersucht, basierend auf ihrem Zugang zu einer Grundversorgung.\u00a0<\/p>\n\n\n\n<p>Weltweit leben danach etwa eine Milliarde Kinder \u2013 fast die H\u00e4lfte der 2,2 Milliarden M\u00e4dchen und Jungen weltweit \u2013 in einem der 33 L\u00e4nder, die aufgrund der Auswirkungen des Klimawandels als \u201eextrem stark gef\u00e4hrdet\u201c gelten. Kinder sind dort mehreren klima- und umweltbedingten Gefahren, Schocks und Belastungen ausgesetzt und zudem besonders verletzlich aufgrund der unzureichenden Grundversorgung in den Bereichen Wasser und Sanit\u00e4r, Gesundheit und Bildung. Die Ergebnisse spiegeln die aktuelle Situation der Kinder wider. Es ist davon auszugehen, dass sich die Zahlen noch verschlechtern, wenn sich die Auswirkungen des Klimawandels beschleunigen.&nbsp;<\/p>\n\n\n\n<p>\u201eDas Leben der heutigen Kinder wird in erschreckend vielen L\u00e4ndern bereits stark durch die Klimakrise bestimmt\u201c, sagt Christian Schneider, Gesch\u00e4ftsf\u00fchrer von UNICEF Deutschland. \u201eEs ist klar, dass nur die konsequente Senkung der Treibhausgas-Emissionen den Klimawandel stoppen kann. Doch der Bremsweg ist selbst bei raschen Entscheidungen lang. Es muss daher sofort und dringend mehr in die Anpassung der Lebensbedingungen von Kindern an die Ver\u00e4nderungen in ihrer Umwelt investiert werden. Wir m\u00fcssen ihre Widerstandskraft st\u00e4rken, indem wir ihre Grundversorgung verbessern und ihnen erm\u00f6glichen, zu verstehen, was mit der Erde passiert \u2013 auch, um selbst handeln zu k\u00f6nnen.\u201c&nbsp;<\/p>\n\n\n\n<p><strong>Der Klima-Risiko-Index f\u00fcr Kinder (\u201eChildren\u2019s Climate Risk Index\u201c, CCRI) zeigt:<\/strong><\/p>\n\n\n\n<div class=\"wp-block-image\"><figure class=\"alignright size-full\"><img loading=\"lazy\" decoding=\"async\" width=\"300\" height=\"400\" src=\"https:\/\/www.sonnenseite.com\/wp-content\/uploads\/2020\/04\/kenia_kind.jpg\" alt=\"Caren Alt\" class=\"wp-image-1501\" srcset=\"https:\/\/www.sonnenseite.com\/wp-content\/uploads\/2020\/04\/kenia_kind.jpg 300w, https:\/\/www.sonnenseite.com\/wp-content\/uploads\/2020\/04\/kenia_kind-225x300.jpg 225w\" sizes=\"auto, (max-width: 300px) 100vw, 300px\" \/><figcaption>\u00a9 Caren Alt<\/figcaption><\/figure><\/div>\n\n\n\n<ul class=\"wp-block-list\"><li>240 Millionen Kinder in K\u00fcstenregionen sind stark betroffen von \u00dcberschwemmungen,<\/li><li>330 Millionen Kinder an Fl\u00fcssen sind stark betroffen von \u00dcberschwemmungen,<\/li><li>400 Millionen Kinder sind stark betroffen von Wirbelst\u00fcrmen (Zyklone),<\/li><li>600 Millionen Kinder sind stark betroffen von Krankheiten, die in Folge der Erderw\u00e4rmung zunehmen, wie Malaria<\/li><li>815 Millionen Kinder sind stark betroffen von Bleivergiftungen,<\/li><li>820 Millionen Kinder sind stark betroffen von Hitzewellen,<\/li><li>920 Millionen Kinder sind stark betroffen von Wasserknappheit und&nbsp;<\/li><li>1 Milliarde Kinder sind stark betroffen von extrem hoher Luftverschmutzung (&gt;35\u00b5g\/m3).<\/li><\/ul>\n\n\n\n<p>W\u00e4hrend fast jedes Kind weltweit von mindestens einer dieser klima- und umweltbedingten Gefahren bedroht ist, zeigen die Daten, dass die Kinder in den am st\u00e4rksten betroffenen L\u00e4ndern mit mehreren und sich oft \u00fcberschneidenden Schocks konfrontiert sind. Dies gef\u00e4hrdet Entwicklungsfortschritte und droht die Not von Kindern zu versch\u00e4rfen.&nbsp;<\/p>\n\n\n\n<p>Sch\u00e4tzungsweise 850 Millionen Kinder \u2013 jedes dritte Kind weltweit \u2013 leben in Gebieten, in denen sich mindestens vier dieser klima- und umweltbedingten Schocks \u00fcberschneiden. Bis zu 330 Millionen Kinder \u2013 1 von 7 Kindern weltweit \u2013 leben in Gebieten, die von mindestens f\u00fcnf schweren Schocks betroffen sind.&nbsp;<\/p>\n\n\n\n<p>Der Bericht zeigt ein Missverh\u00e4ltnis zwischen den L\u00e4ndern, in denen Treibhausgas-Emissionen erzeugt werden, und solchen, in denen Kinder unter den st\u00e4rksten klimabedingten Auswirkungen leiden. Die 33 \u201eextrem risikoreichen\u201c L\u00e4nder emittieren zusammen nur 9 Prozent der weltweiten CO2-Emissionen. Umgekehrt verursachen die zehn L\u00e4nder mit den h\u00f6chsten Emissionen zusammen fast 70 Prozent der weltweiten Emissionen. Nur Indien aus dem Kreis dieser L\u00e4nder wird im Index als \u201eextrem risikoreich\u201c eingestuft.\u00a0<\/p>\n\n\n\n<div class=\"wp-block-image\"><figure class=\"aligncenter size-full is-resized\"><a href=\"https:\/\/www.sonnenseite.com\/wp-content\/uploads\/2021\/08\/UNICEF_TadeoGomez_Maedchen_Nicaragua.jpg\"><img loading=\"lazy\" decoding=\"async\" src=\"https:\/\/www.sonnenseite.com\/wp-content\/uploads\/2021\/08\/UNICEF_TadeoGomez_Maedchen_Nicaragua.jpg\" alt=\"\" class=\"wp-image-74090\" width=\"578\" height=\"315\" srcset=\"https:\/\/www.sonnenseite.com\/wp-content\/uploads\/2021\/08\/UNICEF_TadeoGomez_Maedchen_Nicaragua.jpg 770w, https:\/\/www.sonnenseite.com\/wp-content\/uploads\/2021\/08\/UNICEF_TadeoGomez_Maedchen_Nicaragua-300x164.jpg 300w, https:\/\/www.sonnenseite.com\/wp-content\/uploads\/2021\/08\/UNICEF_TadeoGomez_Maedchen_Nicaragua-768x419.jpg 768w\" sizes=\"auto, (max-width: 578px) 100vw, 578px\" \/><\/a><figcaption>\u00a9 UNICEF | Tadeo Gomez | Ein M\u00e4dchen im Stadtteil El Muelle Bilwi, Puerto Cabezas, Nicaragua, am 5. November 2020. Die verheerenden Auswirkungen von Eta haben im Stadtteil El Muelle gro\u00dfen Schaden angerichtet. Das Gebiet wurde durch die Auswirkungen des Hurrikans verw\u00fcstet. H\u00e4user in Schutt und Asche, Familien, die den Schutt durchsuchen. Sie versuchen, die Bretter und das, was sie von den D\u00e4chern ihrer H\u00e4user finden k\u00f6nnen, zu bergen, um den Selbstaufbau zu beginnen.<\/figcaption><\/figure><\/div>\n\n\n\n<p><\/p>\n\n\n\n<p>\u201eDer Klimawandel ist zutiefst ungerecht. Obwohl Kinder f\u00fcr den Anstieg der globalen Temperaturen nicht verantwortlich sind, werden sie den h\u00f6chsten Preis daf\u00fcr zahlen\u201c, sagte UNICEF-Exekutivdirektorin Henrietta Fore. \u201eAber es ist noch Zeit zu handeln. Wenn wir den Zugang von Kindern zur Grundversorgung verbessern, beispielsweise zu Wasser und sanit\u00e4ren Einrichtungen, zur Gesundheitsversorgung und Bildung, kann sich auch ihre F\u00e4higkeit, Klimagefahren zu \u00fcberleben, erheblich verbessern. UNICEF fordert Regierungen und Unternehmen nachdr\u00fccklich dazu auf, Kindern zuzuh\u00f6ren und Ma\u00dfnahmen zu priorisieren, die Kinder vor den Auswirkungen des Klimawandels sch\u00fctzen, und gleichzeitig die Anstrengungen zur drastischen Reduzierung der Treibhausgas-Emissionen zu beschleunigen.\u201c&nbsp;<\/p>\n\n\n\n<p>Ohne die dringend erforderlichen Ma\u00dfnahmen zur Reduzierung der Treibhausgas-Emissionen werden Kinder weiterhin am st\u00e4rksten unter den Folgen des Klimawandels und Umweltbelastungen leiden. Im Vergleich zu Erwachsenen ben\u00f6tigen Kinder mehr Nahrung und Wasser pro Kilogramm des K\u00f6rpergewichts, sind weniger in der Lage, extreme Wetterereignisse zu \u00fcberleben und sind unter anderem anf\u00e4lliger f\u00fcr giftige Chemikalien, Temperaturschwankungen und Krankheiten.&nbsp;<\/p>\n\n\n\n<p>In ihrem Vorwort zu dem Bericht erkl\u00e4ren Farzana Faruk Jhumu (Bangladesch), Eric Njuguna (Kenia), Adriana Calder\u00f3n (Mexiko) und Greta Thunberg (Schweden) von Fridays for Future: \u201eDie Bewegungen junger Klimaaktivist*innen werden weiter zunehmen, weiterhin wachsen und f\u00fcr das Richtige k\u00e4mpfen, weil wir keine andere Wahl haben. Wir m\u00fcssen anerkennen, wo wir stehen, den Klimawandel wie eine Krise behandeln und mit aller notwendigen Dringlichkeit handeln, um sicherzustellen, dass die Kinder von heute einen lebenswerten Planeten erben.\u201c<\/p>\n\n\n\n<div class=\"wp-block-image\"><figure class=\"aligncenter size-full is-resized\"><a href=\"https:\/\/www.sonnenseite.com\/wp-content\/uploads\/2021\/08\/UNICEF_EspinozaDelgado_Kind_Nicaragua.jpg\"><img loading=\"lazy\" decoding=\"async\" src=\"https:\/\/www.sonnenseite.com\/wp-content\/uploads\/2021\/08\/UNICEF_EspinozaDelgado_Kind_Nicaragua.jpg\" alt=\"\" class=\"wp-image-74087\" width=\"578\" height=\"315\" srcset=\"https:\/\/www.sonnenseite.com\/wp-content\/uploads\/2021\/08\/UNICEF_EspinozaDelgado_Kind_Nicaragua.jpg 770w, https:\/\/www.sonnenseite.com\/wp-content\/uploads\/2021\/08\/UNICEF_EspinozaDelgado_Kind_Nicaragua-300x164.jpg 300w, https:\/\/www.sonnenseite.com\/wp-content\/uploads\/2021\/08\/UNICEF_EspinozaDelgado_Kind_Nicaragua-768x419.jpg 768w\" sizes=\"auto, (max-width: 578px) 100vw, 578px\" \/><\/a><figcaption>UNICEF | Espinoza Delgado | Kevin, 7, kehrte mit seiner Mutter in seine Gemeinde in Wawa Bar zur\u00fcck und fand nur die Tr\u00fcmmer seines ehemaligen Zuhauses. Die 475 Familien, die die Gemeinde bewohnten, blieben ohne Zuhause und Lebensunterhalt. Nicaragua, 25. November 2020.<\/figcaption><\/figure><\/div>\n\n\n\n<p><strong>UNICEF fordert von Regierungen, Unternehmen und relevanten Akteur*innen:<\/strong><\/p>\n\n\n\n<ol class=\"wp-block-list\"><li><strong>Investitionen in die Klimaanpassung und Widerstandsf\u00e4higkeit von zentralen Dienstleistungen f\u00fcr Kinder erh\u00f6hen.<\/strong> Um Kinder, besonders schutzbed\u00fcrftige Menschen und Gemeinden vor den schlimmsten Auswirkungen des sich bereits \u00e4ndernden Klimas zu sch\u00fctzen, m\u00fcssen wichtige Dienstleistungen angepasst werden, unter anderem in den Bereichen Wasser, Sanit\u00e4r und Hygiene sowie Gesundheit und Bildung.<\/li><li><strong>Treibhausgas-Emissionen reduzieren<\/strong>. Um die drastischsten Folgen der Klimakrise zu verhindern, sind umfassende und dringende Ma\u00dfnahmen erforderlich. Die L\u00e4nder m\u00fcssen ihre Emissionen bis 2030 um mindestens 45 Prozent (gegen\u00fcber dem Niveau von 2010) reduzieren, um die Erw\u00e4rmung auf nicht mehr als 1,5 Grad Celsius zu begrenzen.<\/li><li><strong>Kindern Kenntnisse im Bereich Klima und Umweltschutz vermitteln<\/strong>. Dies ist f\u00fcr die Anpassung an und die Vorbereitung auf die Auswirkungen des Klimawandels entscheidend. Kinder und Jugendliche m\u00fcssen mit den verheerenden Folgen der Klimakrise und der Wasserunsicherheit leben, obwohl sie am wenigsten daf\u00fcr verantwortlich sind.&nbsp;<\/li><li><strong>Junge Menschen in alle nationalen, regionalen und internationalen Klimaverhandlungen und -entscheidungen einbeziehen<\/strong>, auch auf der UN-Klimakonferenz COP26 in Glasgow in diesem Herbst.<\/li><li><strong>Sicherstellen, dass die Erholung von den \u00f6konomischen und sozialen Folgen der COVID-19-Pandemie umweltfreundlich, kohlenstoffarm und inklusiv erfolgt,<\/strong> damit die F\u00e4higkeit k\u00fcnftiger Generationen, die Klimakrise zu bew\u00e4ltigen und auf sie zu reagieren, nicht beeintr\u00e4chtigt wird.<\/li><\/ol>\n\n\n\n<p>Eine an Kinderrechten&nbsp;orientierte&nbsp;Umwelt- und Klimapolitik ist eine zentrale Forderung von UNICEF Deutschland zur <a href=\"https:\/\/www.unicef.de\/informieren\/einsatz-fuer-kinderrechte\/eine-politik-mit-zukunft\">Bundestagswahl<\/a>.<\/p>\n\n\n\n<ul class=\"wp-block-list\"><li>Eine deutschsprachige Zusammenfassung des Berichts steht <a href=\"https:\/\/www.unicef.de\/blob\/246914\/d71d699a43c3a40b9ad8138c7600f475\/deutsche-zusammenfassung-klimareport-2008-data.pdf\">hier zum Download bereit<\/a>.<\/li><li>\u00bb Der englischsprachige Bericht steht <a href=\"https:\/\/data.unicef.org\/resources\/childrens-climate-risk-index-report\" target=\"_blank\" rel=\"noreferrer noopener\">hier zur Verf\u00fcgung<\/a>.<\/li><\/ul>\n\n\n<h5 class=\"green\">Quelle<\/h5>\r\n\n\n\n<p><a href=\"https:\/\/www.unicef.de\/informieren\/aktuelles\/presse\/2021\/report-klimawandel-auswirkungen-auf-kinder\/246268\">UNICEF 2021<\/a><\/p>\n<div class=\"shariff shariff-align-flex-start shariff-widget-align-flex-start\"><div class=\"ShariffHeadline\">Diese Meldung teilen<\/div><ul class=\"shariff-buttons theme-round orientation-horizontal buttonsize-medium\"><li class=\"shariff-button facebook shariff-nocustomcolor\" style=\"background-color:#4273c8;border-radius:1%\"><a href=\"https:\/\/www.facebook.com\/sharer\/sharer.php?u=https%3A%2F%2Fwww.sonnenseite.com%2Fde%2Fumwelt%2Feine-milliarde-kinder-durch-die-auswirkungen-des-klimawandels-extrem-stark-gefaehrdet%2F\" title=\"Bei Facebook teilen\" aria-label=\"Bei Facebook teilen\" role=\"button\" rel=\"nofollow\" class=\"shariff-link\" style=\";border-radius:1%; background-color:#3b5998; color:#fff\" target=\"_blank\"><span class=\"shariff-icon\" style=\"\"><svg width=\"32px\" height=\"20px\" xmlns=\"http:\/\/www.w3.org\/2000\/svg\" viewBox=\"0 0 18 32\"><path fill=\"#3b5998\" d=\"M17.1 0.2v4.7h-2.8q-1.5 0-2.1 0.6t-0.5 1.9v3.4h5.2l-0.7 5.3h-4.5v13.6h-5.5v-13.6h-4.5v-5.3h4.5v-3.9q0-3.3 1.9-5.2t5-1.8q2.6 0 4.1 0.2z\"\/><\/svg><\/span><\/a><\/li><li class=\"shariff-button twitter shariff-nocustomcolor\" style=\"background-color:#595959;border-radius:1%\"><a href=\"https:\/\/twitter.com\/share?url=https%3A%2F%2Fwww.sonnenseite.com%2Fde%2Fumwelt%2Feine-milliarde-kinder-durch-die-auswirkungen-des-klimawandels-extrem-stark-gefaehrdet%2F&text=Eine%20Milliarde%20Kinder%20durch%20die%20Auswirkungen%20des%20Klimawandels%20%E2%80%9Eextrem%20stark%20gef%C3%A4hrdet%E2%80%9C\" title=\"Bei X teilen\" aria-label=\"Bei X teilen\" role=\"button\" rel=\"noopener nofollow\" class=\"shariff-link\" style=\";border-radius:1%; background-color:#000; color:#fff\" target=\"_blank\"><span class=\"shariff-icon\" style=\"\"><svg width=\"32px\" height=\"20px\" xmlns=\"http:\/\/www.w3.org\/2000\/svg\" viewBox=\"0 0 24 24\"><path fill=\"#000\" d=\"M14.258 10.152L23.176 0h-2.113l-7.747 8.813L7.133 0H0l9.352 13.328L0 23.973h2.113l8.176-9.309 6.531 9.309h7.133zm-2.895 3.293l-.949-1.328L2.875 1.56h3.246l6.086 8.523.945 1.328 7.91 11.078h-3.246zm0 0\"\/><\/svg><\/span><\/a><\/li><li class=\"shariff-button xing shariff-nocustomcolor\" style=\"background-color:#29888a;border-radius:1%\"><a href=\"https:\/\/www.xing.com\/spi\/shares\/new?url=https%3A%2F%2Fwww.sonnenseite.com%2Fde%2Fumwelt%2Feine-milliarde-kinder-durch-die-auswirkungen-des-klimawandels-extrem-stark-gefaehrdet%2F\" title=\"Bei XING teilen\" aria-label=\"Bei XING teilen\" role=\"button\" rel=\"noopener nofollow\" class=\"shariff-link\" style=\";border-radius:1%; background-color:#126567; color:#fff\" target=\"_blank\"><span class=\"shariff-icon\" style=\"\"><svg width=\"32px\" height=\"20px\" xmlns=\"http:\/\/www.w3.org\/2000\/svg\" viewBox=\"0 0 25 32\"><path fill=\"#126567\" d=\"M10.7 11.9q-0.2 0.3-4.6 8.2-0.5 0.8-1.2 0.8h-4.3q-0.4 0-0.5-0.3t0-0.6l4.5-8q0 0 0 0l-2.9-5q-0.2-0.4 0-0.7 0.2-0.3 0.5-0.3h4.3q0.7 0 1.2 0.8zM25.1 0.4q0.2 0.3 0 0.7l-9.4 16.7 6 11q0.2 0.4 0 0.6-0.2 0.3-0.6 0.3h-4.3q-0.7 0-1.2-0.8l-6-11.1q0.3-0.6 9.5-16.8 0.4-0.8 1.2-0.8h4.3q0.4 0 0.5 0.3z\"\/><\/svg><\/span><\/a><\/li><li class=\"shariff-button linkedin shariff-nocustomcolor\" style=\"background-color:#1488bf;border-radius:1%\"><a href=\"https:\/\/www.linkedin.com\/sharing\/share-offsite\/?url=https%3A%2F%2Fwww.sonnenseite.com%2Fde%2Fumwelt%2Feine-milliarde-kinder-durch-die-auswirkungen-des-klimawandels-extrem-stark-gefaehrdet%2F\" title=\"Bei LinkedIn teilen\" aria-label=\"Bei LinkedIn teilen\" role=\"button\" rel=\"noopener nofollow\" class=\"shariff-link\" style=\";border-radius:1%; background-color:#0077b5; color:#fff\" target=\"_blank\"><span class=\"shariff-icon\" style=\"\"><svg width=\"32px\" height=\"20px\" xmlns=\"http:\/\/www.w3.org\/2000\/svg\" viewBox=\"0 0 27 32\"><path fill=\"#0077b5\" d=\"M6.2 11.2v17.7h-5.9v-17.7h5.9zM6.6 5.7q0 1.3-0.9 2.2t-2.4 0.9h0q-1.5 0-2.4-0.9t-0.9-2.2 0.9-2.2 2.4-0.9 2.4 0.9 0.9 2.2zM27.4 18.7v10.1h-5.9v-9.5q0-1.9-0.7-2.9t-2.3-1.1q-1.1 0-1.9 0.6t-1.2 1.5q-0.2 0.5-0.2 1.4v9.9h-5.9q0-7.1 0-11.6t0-5.3l0-0.9h5.9v2.6h0q0.4-0.6 0.7-1t1-0.9 1.6-0.8 2-0.3q3 0 4.9 2t1.9 6z\"\/><\/svg><\/span><\/a><\/li><li class=\"shariff-button printer shariff-nocustomcolor\" style=\"background-color:#a8a8a8;border-radius:1%\"><a href=\"javascript:window.print()\" title=\"drucken\" aria-label=\"drucken\" role=\"button\" rel=\"noopener nofollow\" class=\"shariff-link\" style=\";border-radius:1%; background-color:#999; color:#fff\"><span class=\"shariff-icon\" style=\"\"><svg width=\"32px\" height=\"20px\" xmlns=\"http:\/\/www.w3.org\/2000\/svg\" viewBox=\"0 0 30 32\"><path fill=\"#999\" d=\"M6.8 27.4h16v-4.6h-16v4.6zM6.8 16h16v-6.8h-2.8q-0.7 0-1.2-0.5t-0.5-1.2v-2.8h-11.4v11.4zM27.4 17.2q0-0.5-0.3-0.8t-0.8-0.4-0.8 0.4-0.3 0.8 0.3 0.8 0.8 0.3 0.8-0.3 0.3-0.8zM29.7 17.2v7.4q0 0.2-0.2 0.4t-0.4 0.2h-4v2.8q0 0.7-0.5 1.2t-1.2 0.5h-17.2q-0.7 0-1.2-0.5t-0.5-1.2v-2.8h-4q-0.2 0-0.4-0.2t-0.2-0.4v-7.4q0-1.4 1-2.4t2.4-1h1.2v-9.7q0-0.7 0.5-1.2t1.2-0.5h12q0.7 0 1.6 0.4t1.3 0.8l2.7 2.7q0.5 0.5 0.9 1.4t0.4 1.6v4.6h1.1q1.4 0 2.4 1t1 2.4z\"\/><\/svg><\/span><\/a><\/li><li class=\"shariff-button mailto shariff-nocustomcolor\" style=\"background-color:#a8a8a8;border-radius:1%\"><a href=\"mailto:?body=https%3A%2F%2Fwww.sonnenseite.com%2Fde%2Fumwelt%2Feine-milliarde-kinder-durch-die-auswirkungen-des-klimawandels-extrem-stark-gefaehrdet%2F&subject=Eine%20Milliarde%20Kinder%20durch%20die%20Auswirkungen%20des%20Klimawandels%20%E2%80%9Eextrem%20stark%20gef%C3%A4hrdet%E2%80%9C\" title=\"Per E-Mail versenden\" aria-label=\"Per E-Mail versenden\" role=\"button\" rel=\"noopener nofollow\" class=\"shariff-link\" style=\";border-radius:1%; background-color:#999; color:#fff\"><span class=\"shariff-icon\" style=\"\"><svg width=\"32px\" height=\"20px\" xmlns=\"http:\/\/www.w3.org\/2000\/svg\" viewBox=\"0 0 32 32\"><path fill=\"#999\" d=\"M32 12.7v14.2q0 1.2-0.8 2t-2 0.9h-26.3q-1.2 0-2-0.9t-0.8-2v-14.2q0.8 0.9 1.8 1.6 6.5 4.4 8.9 6.1 1 0.8 1.6 1.2t1.7 0.9 2 0.4h0.1q0.9 0 2-0.4t1.7-0.9 1.6-1.2q3-2.2 8.9-6.1 1-0.7 1.8-1.6zM32 7.4q0 1.4-0.9 2.7t-2.2 2.2q-6.7 4.7-8.4 5.8-0.2 0.1-0.7 0.5t-1 0.7-0.9 0.6-1.1 0.5-0.9 0.2h-0.1q-0.4 0-0.9-0.2t-1.1-0.5-0.9-0.6-1-0.7-0.7-0.5q-1.6-1.1-4.7-3.2t-3.6-2.6q-1.1-0.7-2.1-2t-1-2.5q0-1.4 0.7-2.3t2.1-0.9h26.3q1.2 0 2 0.8t0.9 2z\"\/><\/svg><\/span><\/a><\/li><\/ul><\/div>","protected":false},"excerpt":{"rendered":"<p>Erster Klima-Risiko-Index f\u00fcr Kinder von UNICEF: Junge Menschen in der Zentralafrikanischen Republik, im Tschad und in [&hellip;]<\/p>\n","protected":false},"author":3,"featured_media":74082,"comment_status":"closed","ping_status":"closed","sticky":false,"template":"","format":"standard","meta":{"inline_featured_image":false,"footnotes":""},"categories":[23],"tags":[],"class_list":["post-74079","post","type-post","status-publish","format-standard","has-post-thumbnail","hentry","category-umwelt"],"yoast_head":"<!-- This site is optimized with the Yoast SEO plugin v26.5 - https:\/\/yoast.com\/wordpress\/plugins\/seo\/ -->\n<title>Eine Milliarde Kinder durch die Auswirkungen des Klimawandels \u201eextrem stark gef\u00e4hrdet\u201c - Sonnenseite - \u00d6kologische Kommunikation mit Franz Alt<\/title>\n<meta name=\"description\" content=\"Erster Klima-Risiko-Index f\u00fcr Kinder von UNICEF: Junge Menschen in der Zentralafrikanischen Republik, im Tschad und in Nigeria am st\u00e4rksten bedroht.\" \/>\n<meta name=\"robots\" content=\"index, follow, max-snippet:-1, max-image-preview:large, max-video-preview:-1\" \/>\n<link rel=\"canonical\" href=\"https:\/\/www.sonnenseite.com\/de\/umwelt\/eine-milliarde-kinder-durch-die-auswirkungen-des-klimawandels-extrem-stark-gefaehrdet\/\" \/>\n<meta property=\"og:locale\" content=\"de_DE\" \/>\n<meta property=\"og:type\" content=\"article\" \/>\n<meta property=\"og:title\" content=\"Eine Milliarde Kinder durch die Auswirkungen des Klimawandels \u201eextrem stark gef\u00e4hrdet\u201c - Sonnenseite - \u00d6kologische Kommunikation mit Franz Alt\" \/>\n<meta property=\"og:description\" content=\"Erster Klima-Risiko-Index f\u00fcr Kinder von UNICEF: Junge Menschen in der Zentralafrikanischen Republik, im Tschad und in Nigeria am st\u00e4rksten bedroht.\" \/>\n<meta property=\"og:url\" content=\"https:\/\/www.sonnenseite.com\/de\/umwelt\/eine-milliarde-kinder-durch-die-auswirkungen-des-klimawandels-extrem-stark-gefaehrdet\/\" \/>\n<meta property=\"og:site_name\" content=\"Sonnenseite\" \/>\n<meta property=\"article:publisher\" content=\"https:\/\/www.facebook.com\/pages\/Franz-Alt-SONNENSEITECOM\/221072987903953?fref=ts\" \/>\n<meta property=\"article:published_time\" content=\"2021-08-21T06:55:23+00:00\" \/>\n<meta property=\"article:modified_time\" content=\"2021-09-03T09:09:00+00:00\" \/>\n<meta property=\"og:image\" content=\"https:\/\/www.sonnenseite.com\/wp-content\/uploads\/2021\/08\/Unicef_RuelSaldico_KindPhilippinen.jpg\" \/>\n\t<meta property=\"og:image:width\" content=\"770\" \/>\n\t<meta property=\"og:image:height\" content=\"420\" \/>\n\t<meta property=\"og:image:type\" content=\"image\/jpeg\" \/>\n<meta name=\"author\" content=\"Bigi Alt\" \/>\n<meta name=\"twitter:card\" content=\"summary_large_image\" \/>\n<meta name=\"twitter:creator\" content=\"@franzalt\" \/>\n<meta name=\"twitter:site\" content=\"@franzalt\" \/>\n<meta name=\"twitter:label1\" content=\"Verfasst von\" \/>\n\t<meta name=\"twitter:data1\" content=\"Bigi Alt\" \/>\n\t<meta name=\"twitter:label2\" content=\"Gesch\u00e4tzte Lesezeit\" \/>\n\t<meta name=\"twitter:data2\" content=\"6\u00a0Minuten\" \/>\n<script type=\"application\/ld+json\" class=\"yoast-schema-graph\">{\"@context\":\"https:\/\/schema.org\",\"@graph\":[{\"@type\":\"Article\",\"@id\":\"https:\/\/www.sonnenseite.com\/de\/umwelt\/eine-milliarde-kinder-durch-die-auswirkungen-des-klimawandels-extrem-stark-gefaehrdet\/#article\",\"isPartOf\":{\"@id\":\"https:\/\/www.sonnenseite.com\/de\/umwelt\/eine-milliarde-kinder-durch-die-auswirkungen-des-klimawandels-extrem-stark-gefaehrdet\/\"},\"author\":{\"name\":\"Bigi Alt\",\"@id\":\"https:\/\/www.sonnenseite.com\/de\/#\/schema\/person\/50fda0e926597684c7cc6695238a4eb9\"},\"headline\":\"Eine Milliarde Kinder durch die Auswirkungen des Klimawandels \u201eextrem stark gef\u00e4hrdet\u201c\",\"datePublished\":\"2021-08-21T06:55:23+00:00\",\"dateModified\":\"2021-09-03T09:09:00+00:00\",\"mainEntityOfPage\":{\"@id\":\"https:\/\/www.sonnenseite.com\/de\/umwelt\/eine-milliarde-kinder-durch-die-auswirkungen-des-klimawandels-extrem-stark-gefaehrdet\/\"},\"wordCount\":1288,\"publisher\":{\"@id\":\"https:\/\/www.sonnenseite.com\/de\/#organization\"},\"image\":{\"@id\":\"https:\/\/www.sonnenseite.com\/de\/umwelt\/eine-milliarde-kinder-durch-die-auswirkungen-des-klimawandels-extrem-stark-gefaehrdet\/#primaryimage\"},\"thumbnailUrl\":\"https:\/\/www.sonnenseite.com\/wp-content\/uploads\/2021\/08\/Unicef_RuelSaldico_KindPhilippinen.jpg\",\"articleSection\":[\"Umwelt\"],\"inLanguage\":\"de\"},{\"@type\":\"WebPage\",\"@id\":\"https:\/\/www.sonnenseite.com\/de\/umwelt\/eine-milliarde-kinder-durch-die-auswirkungen-des-klimawandels-extrem-stark-gefaehrdet\/\",\"url\":\"https:\/\/www.sonnenseite.com\/de\/umwelt\/eine-milliarde-kinder-durch-die-auswirkungen-des-klimawandels-extrem-stark-gefaehrdet\/\",\"name\":\"Eine Milliarde Kinder durch die Auswirkungen des Klimawandels \u201eextrem stark gef\u00e4hrdet\u201c - Sonnenseite - \u00d6kologische Kommunikation mit Franz Alt\",\"isPartOf\":{\"@id\":\"https:\/\/www.sonnenseite.com\/de\/#website\"},\"primaryImageOfPage\":{\"@id\":\"https:\/\/www.sonnenseite.com\/de\/umwelt\/eine-milliarde-kinder-durch-die-auswirkungen-des-klimawandels-extrem-stark-gefaehrdet\/#primaryimage\"},\"image\":{\"@id\":\"https:\/\/www.sonnenseite.com\/de\/umwelt\/eine-milliarde-kinder-durch-die-auswirkungen-des-klimawandels-extrem-stark-gefaehrdet\/#primaryimage\"},\"thumbnailUrl\":\"https:\/\/www.sonnenseite.com\/wp-content\/uploads\/2021\/08\/Unicef_RuelSaldico_KindPhilippinen.jpg\",\"datePublished\":\"2021-08-21T06:55:23+00:00\",\"dateModified\":\"2021-09-03T09:09:00+00:00\",\"description\":\"Erster Klima-Risiko-Index f\u00fcr Kinder von UNICEF: Junge Menschen in der Zentralafrikanischen Republik, im Tschad und in Nigeria am st\u00e4rksten bedroht.\",\"breadcrumb\":{\"@id\":\"https:\/\/www.sonnenseite.com\/de\/umwelt\/eine-milliarde-kinder-durch-die-auswirkungen-des-klimawandels-extrem-stark-gefaehrdet\/#breadcrumb\"},\"inLanguage\":\"de\",\"potentialAction\":[{\"@type\":\"ReadAction\",\"target\":[\"https:\/\/www.sonnenseite.com\/de\/umwelt\/eine-milliarde-kinder-durch-die-auswirkungen-des-klimawandels-extrem-stark-gefaehrdet\/\"]}]},{\"@type\":\"ImageObject\",\"inLanguage\":\"de\",\"@id\":\"https:\/\/www.sonnenseite.com\/de\/umwelt\/eine-milliarde-kinder-durch-die-auswirkungen-des-klimawandels-extrem-stark-gefaehrdet\/#primaryimage\",\"url\":\"https:\/\/www.sonnenseite.com\/wp-content\/uploads\/2021\/08\/Unicef_RuelSaldico_KindPhilippinen.jpg\",\"contentUrl\":\"https:\/\/www.sonnenseite.com\/wp-content\/uploads\/2021\/08\/Unicef_RuelSaldico_KindPhilippinen.jpg\",\"width\":770,\"height\":420,\"caption\":\"\u00a9 Unicef | Ruel Saldico | Das Haus und der Spielplatz von Jessamae Loquias, 7 Jahre alt, wurden durch den Taifun Rolly (Goni) zerst\u00f6rt, als er ihre Heimatstadt Barangay (Dorf) Sabang, San Jose, in der Provinz Camarines Sur, Philippinen traf. Sie erinnert sich, wie sie vor dem Taifun immer am Strand entlang gespielt hat.\"},{\"@type\":\"BreadcrumbList\",\"@id\":\"https:\/\/www.sonnenseite.com\/de\/umwelt\/eine-milliarde-kinder-durch-die-auswirkungen-des-klimawandels-extrem-stark-gefaehrdet\/#breadcrumb\",\"itemListElement\":[{\"@type\":\"ListItem\",\"position\":1,\"name\":\"Startseite\",\"item\":\"https:\/\/www.sonnenseite.com\/de\/\"},{\"@type\":\"ListItem\",\"position\":2,\"name\":\"Eine Milliarde Kinder durch die Auswirkungen des Klimawandels \u201eextrem stark gef\u00e4hrdet\u201c\"}]},{\"@type\":\"WebSite\",\"@id\":\"https:\/\/www.sonnenseite.com\/de\/#website\",\"url\":\"https:\/\/www.sonnenseite.com\/de\/\",\"name\":\"Sonnenseite\",\"description\":\"\u00d6kologische Kommunikation mit Franz Alt\",\"publisher\":{\"@id\":\"https:\/\/www.sonnenseite.com\/de\/#organization\"},\"potentialAction\":[{\"@type\":\"SearchAction\",\"target\":{\"@type\":\"EntryPoint\",\"urlTemplate\":\"https:\/\/www.sonnenseite.com\/de\/?s={search_term_string}\"},\"query-input\":{\"@type\":\"PropertyValueSpecification\",\"valueRequired\":true,\"valueName\":\"search_term_string\"}}],\"inLanguage\":\"de\"},{\"@type\":\"Organization\",\"@id\":\"https:\/\/www.sonnenseite.com\/de\/#organization\",\"name\":\"Sonnenseite\",\"url\":\"https:\/\/www.sonnenseite.com\/de\/\",\"logo\":{\"@type\":\"ImageObject\",\"inLanguage\":\"de\",\"@id\":\"https:\/\/www.sonnenseite.com\/de\/#\/schema\/logo\/image\/\",\"url\":\"https:\/\/www.sonnenseite.com\/wp-content\/uploads\/2020\/05\/Sonnenseite_Logo.png\",\"contentUrl\":\"https:\/\/www.sonnenseite.com\/wp-content\/uploads\/2020\/05\/Sonnenseite_Logo.png\",\"width\":377,\"height\":90,\"caption\":\"Sonnenseite\"},\"image\":{\"@id\":\"https:\/\/www.sonnenseite.com\/de\/#\/schema\/logo\/image\/\"},\"sameAs\":[\"https:\/\/www.facebook.com\/pages\/Franz-Alt-SONNENSEITECOM\/221072987903953?fref=ts\",\"https:\/\/x.com\/franzalt\",\"http:\/\/www.youtube.com\/results?search_query&amp;amp;quot;franz_alt&amp;amp;quot;&amp;amp;amp;amp;search_type&amp;amp;amp;amp;aq=f\"]},{\"@type\":\"Person\",\"@id\":\"https:\/\/www.sonnenseite.com\/de\/#\/schema\/person\/50fda0e926597684c7cc6695238a4eb9\",\"name\":\"Bigi Alt\"}]}<\/script>\n<!-- \/ Yoast SEO plugin. -->","yoast_head_json":{"title":"Eine Milliarde Kinder durch die Auswirkungen des Klimawandels \u201eextrem stark gef\u00e4hrdet\u201c - Sonnenseite - \u00d6kologische Kommunikation mit Franz Alt","description":"Erster Klima-Risiko-Index f\u00fcr Kinder von UNICEF: Junge Menschen in der Zentralafrikanischen Republik, im Tschad und in Nigeria am st\u00e4rksten bedroht.","robots":{"index":"index","follow":"follow","max-snippet":"max-snippet:-1","max-image-preview":"max-image-preview:large","max-video-preview":"max-video-preview:-1"},"canonical":"https:\/\/www.sonnenseite.com\/de\/umwelt\/eine-milliarde-kinder-durch-die-auswirkungen-des-klimawandels-extrem-stark-gefaehrdet\/","og_locale":"de_DE","og_type":"article","og_title":"Eine Milliarde Kinder durch die Auswirkungen des Klimawandels \u201eextrem stark gef\u00e4hrdet\u201c - Sonnenseite - \u00d6kologische Kommunikation mit Franz Alt","og_description":"Erster Klima-Risiko-Index f\u00fcr Kinder von UNICEF: Junge Menschen in der Zentralafrikanischen Republik, im Tschad und in Nigeria am st\u00e4rksten bedroht.","og_url":"https:\/\/www.sonnenseite.com\/de\/umwelt\/eine-milliarde-kinder-durch-die-auswirkungen-des-klimawandels-extrem-stark-gefaehrdet\/","og_site_name":"Sonnenseite","article_publisher":"https:\/\/www.facebook.com\/pages\/Franz-Alt-SONNENSEITECOM\/221072987903953?fref=ts","article_published_time":"2021-08-21T06:55:23+00:00","article_modified_time":"2021-09-03T09:09:00+00:00","og_image":[{"width":770,"height":420,"url":"https:\/\/www.sonnenseite.com\/wp-content\/uploads\/2021\/08\/Unicef_RuelSaldico_KindPhilippinen.jpg","type":"image\/jpeg"}],"author":"Bigi Alt","twitter_card":"summary_large_image","twitter_creator":"@franzalt","twitter_site":"@franzalt","twitter_misc":{"Verfasst von":"Bigi Alt","Gesch\u00e4tzte Lesezeit":"6\u00a0Minuten"},"schema":{"@context":"https:\/\/schema.org","@graph":[{"@type":"Article","@id":"https:\/\/www.sonnenseite.com\/de\/umwelt\/eine-milliarde-kinder-durch-die-auswirkungen-des-klimawandels-extrem-stark-gefaehrdet\/#article","isPartOf":{"@id":"https:\/\/www.sonnenseite.com\/de\/umwelt\/eine-milliarde-kinder-durch-die-auswirkungen-des-klimawandels-extrem-stark-gefaehrdet\/"},"author":{"name":"Bigi Alt","@id":"https:\/\/www.sonnenseite.com\/de\/#\/schema\/person\/50fda0e926597684c7cc6695238a4eb9"},"headline":"Eine Milliarde Kinder durch die Auswirkungen des Klimawandels \u201eextrem stark gef\u00e4hrdet\u201c","datePublished":"2021-08-21T06:55:23+00:00","dateModified":"2021-09-03T09:09:00+00:00","mainEntityOfPage":{"@id":"https:\/\/www.sonnenseite.com\/de\/umwelt\/eine-milliarde-kinder-durch-die-auswirkungen-des-klimawandels-extrem-stark-gefaehrdet\/"},"wordCount":1288,"publisher":{"@id":"https:\/\/www.sonnenseite.com\/de\/#organization"},"image":{"@id":"https:\/\/www.sonnenseite.com\/de\/umwelt\/eine-milliarde-kinder-durch-die-auswirkungen-des-klimawandels-extrem-stark-gefaehrdet\/#primaryimage"},"thumbnailUrl":"https:\/\/www.sonnenseite.com\/wp-content\/uploads\/2021\/08\/Unicef_RuelSaldico_KindPhilippinen.jpg","articleSection":["Umwelt"],"inLanguage":"de"},{"@type":"WebPage","@id":"https:\/\/www.sonnenseite.com\/de\/umwelt\/eine-milliarde-kinder-durch-die-auswirkungen-des-klimawandels-extrem-stark-gefaehrdet\/","url":"https:\/\/www.sonnenseite.com\/de\/umwelt\/eine-milliarde-kinder-durch-die-auswirkungen-des-klimawandels-extrem-stark-gefaehrdet\/","name":"Eine Milliarde Kinder durch die Auswirkungen des Klimawandels \u201eextrem stark gef\u00e4hrdet\u201c - Sonnenseite - \u00d6kologische Kommunikation mit Franz Alt","isPartOf":{"@id":"https:\/\/www.sonnenseite.com\/de\/#website"},"primaryImageOfPage":{"@id":"https:\/\/www.sonnenseite.com\/de\/umwelt\/eine-milliarde-kinder-durch-die-auswirkungen-des-klimawandels-extrem-stark-gefaehrdet\/#primaryimage"},"image":{"@id":"https:\/\/www.sonnenseite.com\/de\/umwelt\/eine-milliarde-kinder-durch-die-auswirkungen-des-klimawandels-extrem-stark-gefaehrdet\/#primaryimage"},"thumbnailUrl":"https:\/\/www.sonnenseite.com\/wp-content\/uploads\/2021\/08\/Unicef_RuelSaldico_KindPhilippinen.jpg","datePublished":"2021-08-21T06:55:23+00:00","dateModified":"2021-09-03T09:09:00+00:00","description":"Erster Klima-Risiko-Index f\u00fcr Kinder von UNICEF: Junge Menschen in der Zentralafrikanischen Republik, im Tschad und in Nigeria am st\u00e4rksten bedroht.","breadcrumb":{"@id":"https:\/\/www.sonnenseite.com\/de\/umwelt\/eine-milliarde-kinder-durch-die-auswirkungen-des-klimawandels-extrem-stark-gefaehrdet\/#breadcrumb"},"inLanguage":"de","potentialAction":[{"@type":"ReadAction","target":["https:\/\/www.sonnenseite.com\/de\/umwelt\/eine-milliarde-kinder-durch-die-auswirkungen-des-klimawandels-extrem-stark-gefaehrdet\/"]}]},{"@type":"ImageObject","inLanguage":"de","@id":"https:\/\/www.sonnenseite.com\/de\/umwelt\/eine-milliarde-kinder-durch-die-auswirkungen-des-klimawandels-extrem-stark-gefaehrdet\/#primaryimage","url":"https:\/\/www.sonnenseite.com\/wp-content\/uploads\/2021\/08\/Unicef_RuelSaldico_KindPhilippinen.jpg","contentUrl":"https:\/\/www.sonnenseite.com\/wp-content\/uploads\/2021\/08\/Unicef_RuelSaldico_KindPhilippinen.jpg","width":770,"height":420,"caption":"\u00a9 Unicef | Ruel Saldico | Das Haus und der Spielplatz von Jessamae Loquias, 7 Jahre alt, wurden durch den Taifun Rolly (Goni) zerst\u00f6rt, als er ihre Heimatstadt Barangay (Dorf) Sabang, San Jose, in der Provinz Camarines Sur, Philippinen traf. Sie erinnert sich, wie sie vor dem Taifun immer am Strand entlang gespielt hat."},{"@type":"BreadcrumbList","@id":"https:\/\/www.sonnenseite.com\/de\/umwelt\/eine-milliarde-kinder-durch-die-auswirkungen-des-klimawandels-extrem-stark-gefaehrdet\/#breadcrumb","itemListElement":[{"@type":"ListItem","position":1,"name":"Startseite","item":"https:\/\/www.sonnenseite.com\/de\/"},{"@type":"ListItem","position":2,"name":"Eine Milliarde Kinder durch die Auswirkungen des Klimawandels \u201eextrem stark gef\u00e4hrdet\u201c"}]},{"@type":"WebSite","@id":"https:\/\/www.sonnenseite.com\/de\/#website","url":"https:\/\/www.sonnenseite.com\/de\/","name":"Sonnenseite","description":"\u00d6kologische Kommunikation mit Franz Alt","publisher":{"@id":"https:\/\/www.sonnenseite.com\/de\/#organization"},"potentialAction":[{"@type":"SearchAction","target":{"@type":"EntryPoint","urlTemplate":"https:\/\/www.sonnenseite.com\/de\/?s={search_term_string}"},"query-input":{"@type":"PropertyValueSpecification","valueRequired":true,"valueName":"search_term_string"}}],"inLanguage":"de"},{"@type":"Organization","@id":"https:\/\/www.sonnenseite.com\/de\/#organization","name":"Sonnenseite","url":"https:\/\/www.sonnenseite.com\/de\/","logo":{"@type":"ImageObject","inLanguage":"de","@id":"https:\/\/www.sonnenseite.com\/de\/#\/schema\/logo\/image\/","url":"https:\/\/www.sonnenseite.com\/wp-content\/uploads\/2020\/05\/Sonnenseite_Logo.png","contentUrl":"https:\/\/www.sonnenseite.com\/wp-content\/uploads\/2020\/05\/Sonnenseite_Logo.png","width":377,"height":90,"caption":"Sonnenseite"},"image":{"@id":"https:\/\/www.sonnenseite.com\/de\/#\/schema\/logo\/image\/"},"sameAs":["https:\/\/www.facebook.com\/pages\/Franz-Alt-SONNENSEITECOM\/221072987903953?fref=ts","https:\/\/x.com\/franzalt","http:\/\/www.youtube.com\/results?search_query&amp;amp;quot;franz_alt&amp;amp;quot;&amp;amp;amp;amp;search_type&amp;amp;amp;amp;aq=f"]},{"@type":"Person","@id":"https:\/\/www.sonnenseite.com\/de\/#\/schema\/person\/50fda0e926597684c7cc6695238a4eb9","name":"Bigi Alt"}]}},"_links":{"self":[{"href":"https:\/\/www.sonnenseite.com\/de\/wp-json\/wp\/v2\/posts\/74079","targetHints":{"allow":["GET"]}}],"collection":[{"href":"https:\/\/www.sonnenseite.com\/de\/wp-json\/wp\/v2\/posts"}],"about":[{"href":"https:\/\/www.sonnenseite.com\/de\/wp-json\/wp\/v2\/types\/post"}],"author":[{"embeddable":true,"href":"https:\/\/www.sonnenseite.com\/de\/wp-json\/wp\/v2\/users\/3"}],"replies":[{"embeddable":true,"href":"https:\/\/www.sonnenseite.com\/de\/wp-json\/wp\/v2\/comments?post=74079"}],"version-history":[{"count":8,"href":"https:\/\/www.sonnenseite.com\/de\/wp-json\/wp\/v2\/posts\/74079\/revisions"}],"predecessor-version":[{"id":74093,"href":"https:\/\/www.sonnenseite.com\/de\/wp-json\/wp\/v2\/posts\/74079\/revisions\/74093"}],"wp:featuredmedia":[{"embeddable":true,"href":"https:\/\/www.sonnenseite.com\/de\/wp-json\/wp\/v2\/media\/74082"}],"wp:attachment":[{"href":"https:\/\/www.sonnenseite.com\/de\/wp-json\/wp\/v2\/media?parent=74079"}],"wp:term":[{"taxonomy":"category","embeddable":true,"href":"https:\/\/www.sonnenseite.com\/de\/wp-json\/wp\/v2\/categories?post=74079"},{"taxonomy":"post_tag","embeddable":true,"href":"https:\/\/www.sonnenseite.com\/de\/wp-json\/wp\/v2\/tags?post=74079"}],"curies":[{"name":"wp","href":"https:\/\/api.w.org\/{rel}","templated":true}]}}