{"id":74297,"date":"2021-08-29T09:10:18","date_gmt":"2021-08-29T07:10:18","guid":{"rendered":"https:\/\/www.sonnenseite.com\/?p=74297"},"modified":"2021-09-15T09:43:32","modified_gmt":"2021-09-15T07:43:32","slug":"wahlprogrammanalysekein-parteiprogramm-wird-der-klimakatastrophe-gerecht","status":"publish","type":"post","link":"https:\/\/www.sonnenseite.com\/de\/politik\/wahlprogrammanalysekein-parteiprogramm-wird-der-klimakatastrophe-gerecht\/","title":{"rendered":"Wahlprogrammanalyse: Kein Parteiprogramm wird der Klimakatastrophe gerecht"},"content":{"rendered":"\n<p>Auch inmitten von D\u00fcrren, Waldbr\u00e4nden und \u00dcberschwemmungen bietet keine etablierte Partei zur Bundestagswahl ein Programm, das der j\u00fcngst erneut vom Weltklimarat IPCC best\u00e4tigten Dramatik der Klimakatastrophe ausreichend gerecht wird und zum Ziel hat die 1,5\u00b0C-Grenze nicht zu \u00fcberschreiten. <\/p>\n\n\n\n<p>Dass die Wahlprogramme in vielfacher Hinsicht unzureichend sind, verdeutlicht jetzt eine Wahlprogrammanalyse des Konzeptwerk Neue \u00d6konomie, die soeben in Leipzig ver\u00f6ffentlicht wurde.<\/p>\n\n\n\n<p>\u201eWir kommen in der Analyse zu dem Schluss, dass eine klimagerechte Politik nicht zur Wahl steht, die weitere Klimazerst\u00f6rung hingegen schon\u201c, so Kai Kuhnhenn vom Konzeptwerk Neue \u00d6konomie. \u201eDenn aus einer Perspektive, die sowohl die Klimawissenschaften als auch die vom Sachverst\u00e4ndigenrat f\u00fcr Umweltfragen errechneten Emissionsbudgets wirklich ernst nimmt und sich konsequent am Ma\u00dfstab globaler Klimagerechtigkeit und der Einhaltung der 1,5\u00b0C-Grenze orientiert, wird deutlich: Auch die weitgehendsten Wahlprogramme haben zwar in Teilen ambitionierte Ziele, aber auch zahlreiche Leerstellen, was den notwendigen sozial-\u00f6kologischen Umbau von Wirtschaft und Gesellschaft betrifft.\u201c<\/p>\n\n\n\n<p>In der Wahlprogrammanalyse vergleichen die Autoren die Klimaziele von Union, Gr\u00fcnen, SPD, Linken und FDP. Das Ergebnis: Keine Partei plant mit einem CO2-Budget f\u00fcr Deutschland, mit dem die 1,5\u00b0-Grenze eingehalten werden kann. Die Autoren bewerten zudem, inwiefern die vorgeschlagenen klimapolitischen Ma\u00dfnahmen und Instrumente in den Sektoren Energiewirtschaft, Industrie, Verkehr und Landwirtschaft geeignet sind, um einen grundlegenden gesellschaftlichen und wirtschaftlichen Wandel herbeizuf\u00fchren und die Klimakrise zu bew\u00e4ltigen.<\/p>\n\n\n\n<p>\u201eDie klimapolitischen Ziele der Parteien sind erschreckend weit entfernt von dem, was wir jetzt sofort als Gesellschaft umsetzen m\u00fcssten, um katastrophale Umweltver\u00e4nderungen und die damit einhergehenden sozialen Verwerfungen zu vermeiden\u201c, betont Ronja Morgenthaler, ebenfalls Mitarbeiterin im Konzeptwerk Neue \u00d6konomie. \u201eDie meisten Parteien wollen Klima und Wirtschaft durch technische L\u00f6sungen vers\u00f6hnen. Das hei\u00dft beispielsweise elektrische Pkw, Elektrifizierung und Wasserstoff marktkonform f\u00f6rdern und ausbauen und sich damit im internationalen Wettbewerb durchsetzen\u2013 die Verhei\u00dfung des gr\u00fcnen Wachstums, bei dem alle gewinnen.\u201c <\/p>\n\n\n\n<p>Dabei w\u00fcrden wissenschaftliche Analysen ignoriert, die nachweisen, dass sich Wirtschaftswachstum und Treibhausgasaussto\u00df nicht in ausreichendem Umfang entkoppeln lassen. Auch die Auslagerung der sozialen und \u00f6kologischen Kosten von \u201agr\u00fcnem Wachstum\u2018 in den globalen S\u00fcden spielten allenfalls marginal eine Rolle. Was fehle, seien Ma\u00dfnahmen, die ein \u201aWeniger\u2018 zum Ziel haben \u2013 sei es der R\u00fcckbau der Automobilindustrie, die Reduzierung des ausufernden G\u00fcterverkehrs, die effektive Eind\u00e4mmung der Lebensmittelverschwendung oder die Reduzierung des Konsums.<\/p>\n\n\n\n<div class=\"wp-block-image\"><figure class=\"alignright size-full is-resized\"><img loading=\"lazy\" decoding=\"async\" src=\"https:\/\/www.sonnenseite.com\/wp-content\/uploads\/2021\/08\/konzeptwerk_Klimagerechtigkeit-waehlbar.jpg\" alt=\"\" class=\"wp-image-74300\" width=\"247\" height=\"351\" srcset=\"https:\/\/www.sonnenseite.com\/wp-content\/uploads\/2021\/08\/konzeptwerk_Klimagerechtigkeit-waehlbar.jpg 400w, https:\/\/www.sonnenseite.com\/wp-content\/uploads\/2021\/08\/konzeptwerk_Klimagerechtigkeit-waehlbar-211x300.jpg 211w\" sizes=\"auto, (max-width: 247px) 100vw, 247px\" \/><figcaption>\u00a9 konzeptwerk-neue-oekonomie.org<\/figcaption><\/figure><\/div>\n\n\n\n<p>\u201eDie Klimakrise zwingt uns, die Art unseres Wirtschaftens grundlegend zu hinterfragen\u201c, so Kai Kuhnhenn. \u201eDaf\u00fcr m\u00fcssen wir auch gegen bestimmte Wirtschaftsinteressen handeln. Denn in einer sozial-\u00f6kologischen Transformation gibt es f\u00fcr uns als Gesellschaft viel zu gewinnen. Nicht nur verhindern wir noch dramatischere Ver\u00e4nderungen der Umwelt und die damit verbundenen sozialen Verwerfungen. Wir k\u00f6nnen mit einer solchen Transformation \u2013 unter anderem \u2013 auch lebendigere und saubere St\u00e4dte und demokratischere Wirtschaftsstrukturen schaffen, Pflege-, Bildungs- und Erziehungsarbeit aufwerten, die Lohnarbeitszeit verk\u00fcrzen und faire Handelsregeln umsetzen.\u201c<\/p>\n\n\n\n<p>Mit der Wahlprogrammanalyse sprechen die Autoren keine Wahlempfehlung aus. Vielmehr ist das Ziel der Ver\u00f6ffentlichung aufzuzeigen, wo sich der unzureichende parteipolitische Diskurs derzeit befindet, relativ zu dem f\u00fcr Klimagerechtigkeit notwendigen.<\/p>\n\n\n\n<p>Die vollst\u00e4ndige Wahlprogrammanalyse <a href=\"https:\/\/konzeptwerk-neue-oekonomie.org\/wp-content\/uploads\/2021\/08\/Konzeptwerk_Wahlprogrammanalyse_2021.pdf\" target=\"_blank\" rel=\"noreferrer noopener\">finden Sie hier.<\/a><\/p>\n\n\n<h5 class=\"green\">Quelle<\/h5>\r\n\n\n\n<p><a href=\"https:\/\/konzeptwerk-neue-oekonomie.org\/presse\/pressemitteilungen\/wahlprogrammanalyse-kein-parteiprogramm-wird-der-klimakatastrophe-gerecht\/\">konzeptwert \/ neue \u00f6konomie 2021<\/a><\/p>\n<div class=\"shariff shariff-align-flex-start shariff-widget-align-flex-start\"><div class=\"ShariffHeadline\">Diese Meldung teilen<\/div><ul class=\"shariff-buttons theme-round orientation-horizontal buttonsize-medium\"><li class=\"shariff-button facebook shariff-nocustomcolor\" style=\"background-color:#4273c8;border-radius:1%\"><a href=\"https:\/\/www.facebook.com\/sharer\/sharer.php?u=https%3A%2F%2Fwww.sonnenseite.com%2Fde%2Fpolitik%2Fwahlprogrammanalysekein-parteiprogramm-wird-der-klimakatastrophe-gerecht%2F\" title=\"Bei Facebook teilen\" aria-label=\"Bei Facebook teilen\" role=\"button\" rel=\"nofollow\" class=\"shariff-link\" style=\";border-radius:1%; background-color:#3b5998; color:#fff\" target=\"_blank\"><span class=\"shariff-icon\" style=\"\"><svg width=\"32px\" height=\"20px\" xmlns=\"http:\/\/www.w3.org\/2000\/svg\" viewBox=\"0 0 18 32\"><path fill=\"#3b5998\" d=\"M17.1 0.2v4.7h-2.8q-1.5 0-2.1 0.6t-0.5 1.9v3.4h5.2l-0.7 5.3h-4.5v13.6h-5.5v-13.6h-4.5v-5.3h4.5v-3.9q0-3.3 1.9-5.2t5-1.8q2.6 0 4.1 0.2z\"\/><\/svg><\/span><\/a><\/li><li class=\"shariff-button twitter shariff-nocustomcolor\" style=\"background-color:#595959;border-radius:1%\"><a href=\"https:\/\/twitter.com\/share?url=https%3A%2F%2Fwww.sonnenseite.com%2Fde%2Fpolitik%2Fwahlprogrammanalysekein-parteiprogramm-wird-der-klimakatastrophe-gerecht%2F&text=Wahlprogrammanalyse%3A%20Kein%20Parteiprogramm%20wird%20der%20Klimakatastrophe%20gerecht\" title=\"Bei X teilen\" aria-label=\"Bei X teilen\" role=\"button\" rel=\"noopener nofollow\" class=\"shariff-link\" style=\";border-radius:1%; background-color:#000; color:#fff\" target=\"_blank\"><span class=\"shariff-icon\" style=\"\"><svg width=\"32px\" height=\"20px\" xmlns=\"http:\/\/www.w3.org\/2000\/svg\" viewBox=\"0 0 24 24\"><path fill=\"#000\" d=\"M14.258 10.152L23.176 0h-2.113l-7.747 8.813L7.133 0H0l9.352 13.328L0 23.973h2.113l8.176-9.309 6.531 9.309h7.133zm-2.895 3.293l-.949-1.328L2.875 1.56h3.246l6.086 8.523.945 1.328 7.91 11.078h-3.246zm0 0\"\/><\/svg><\/span><\/a><\/li><li class=\"shariff-button xing shariff-nocustomcolor\" style=\"background-color:#29888a;border-radius:1%\"><a href=\"https:\/\/www.xing.com\/spi\/shares\/new?url=https%3A%2F%2Fwww.sonnenseite.com%2Fde%2Fpolitik%2Fwahlprogrammanalysekein-parteiprogramm-wird-der-klimakatastrophe-gerecht%2F\" title=\"Bei XING teilen\" aria-label=\"Bei XING teilen\" role=\"button\" rel=\"noopener nofollow\" class=\"shariff-link\" style=\";border-radius:1%; background-color:#126567; color:#fff\" target=\"_blank\"><span class=\"shariff-icon\" style=\"\"><svg width=\"32px\" height=\"20px\" xmlns=\"http:\/\/www.w3.org\/2000\/svg\" viewBox=\"0 0 25 32\"><path fill=\"#126567\" d=\"M10.7 11.9q-0.2 0.3-4.6 8.2-0.5 0.8-1.2 0.8h-4.3q-0.4 0-0.5-0.3t0-0.6l4.5-8q0 0 0 0l-2.9-5q-0.2-0.4 0-0.7 0.2-0.3 0.5-0.3h4.3q0.7 0 1.2 0.8zM25.1 0.4q0.2 0.3 0 0.7l-9.4 16.7 6 11q0.2 0.4 0 0.6-0.2 0.3-0.6 0.3h-4.3q-0.7 0-1.2-0.8l-6-11.1q0.3-0.6 9.5-16.8 0.4-0.8 1.2-0.8h4.3q0.4 0 0.5 0.3z\"\/><\/svg><\/span><\/a><\/li><li class=\"shariff-button linkedin shariff-nocustomcolor\" style=\"background-color:#1488bf;border-radius:1%\"><a href=\"https:\/\/www.linkedin.com\/sharing\/share-offsite\/?url=https%3A%2F%2Fwww.sonnenseite.com%2Fde%2Fpolitik%2Fwahlprogrammanalysekein-parteiprogramm-wird-der-klimakatastrophe-gerecht%2F\" title=\"Bei LinkedIn teilen\" aria-label=\"Bei LinkedIn teilen\" role=\"button\" rel=\"noopener nofollow\" class=\"shariff-link\" style=\";border-radius:1%; background-color:#0077b5; color:#fff\" target=\"_blank\"><span class=\"shariff-icon\" style=\"\"><svg width=\"32px\" height=\"20px\" xmlns=\"http:\/\/www.w3.org\/2000\/svg\" viewBox=\"0 0 27 32\"><path fill=\"#0077b5\" d=\"M6.2 11.2v17.7h-5.9v-17.7h5.9zM6.6 5.7q0 1.3-0.9 2.2t-2.4 0.9h0q-1.5 0-2.4-0.9t-0.9-2.2 0.9-2.2 2.4-0.9 2.4 0.9 0.9 2.2zM27.4 18.7v10.1h-5.9v-9.5q0-1.9-0.7-2.9t-2.3-1.1q-1.1 0-1.9 0.6t-1.2 1.5q-0.2 0.5-0.2 1.4v9.9h-5.9q0-7.1 0-11.6t0-5.3l0-0.9h5.9v2.6h0q0.4-0.6 0.7-1t1-0.9 1.6-0.8 2-0.3q3 0 4.9 2t1.9 6z\"\/><\/svg><\/span><\/a><\/li><li class=\"shariff-button printer shariff-nocustomcolor\" style=\"background-color:#a8a8a8;border-radius:1%\"><a href=\"javascript:window.print()\" title=\"drucken\" aria-label=\"drucken\" role=\"button\" rel=\"noopener nofollow\" class=\"shariff-link\" style=\";border-radius:1%; background-color:#999; color:#fff\"><span class=\"shariff-icon\" style=\"\"><svg width=\"32px\" height=\"20px\" xmlns=\"http:\/\/www.w3.org\/2000\/svg\" viewBox=\"0 0 30 32\"><path fill=\"#999\" d=\"M6.8 27.4h16v-4.6h-16v4.6zM6.8 16h16v-6.8h-2.8q-0.7 0-1.2-0.5t-0.5-1.2v-2.8h-11.4v11.4zM27.4 17.2q0-0.5-0.3-0.8t-0.8-0.4-0.8 0.4-0.3 0.8 0.3 0.8 0.8 0.3 0.8-0.3 0.3-0.8zM29.7 17.2v7.4q0 0.2-0.2 0.4t-0.4 0.2h-4v2.8q0 0.7-0.5 1.2t-1.2 0.5h-17.2q-0.7 0-1.2-0.5t-0.5-1.2v-2.8h-4q-0.2 0-0.4-0.2t-0.2-0.4v-7.4q0-1.4 1-2.4t2.4-1h1.2v-9.7q0-0.7 0.5-1.2t1.2-0.5h12q0.7 0 1.6 0.4t1.3 0.8l2.7 2.7q0.5 0.5 0.9 1.4t0.4 1.6v4.6h1.1q1.4 0 2.4 1t1 2.4z\"\/><\/svg><\/span><\/a><\/li><li class=\"shariff-button mailto shariff-nocustomcolor\" style=\"background-color:#a8a8a8;border-radius:1%\"><a href=\"mailto:?body=https%3A%2F%2Fwww.sonnenseite.com%2Fde%2Fpolitik%2Fwahlprogrammanalysekein-parteiprogramm-wird-der-klimakatastrophe-gerecht%2F&subject=Wahlprogrammanalyse%3A%20Kein%20Parteiprogramm%20wird%20der%20Klimakatastrophe%20gerecht\" title=\"Per E-Mail versenden\" aria-label=\"Per E-Mail versenden\" role=\"button\" rel=\"noopener nofollow\" class=\"shariff-link\" style=\";border-radius:1%; background-color:#999; color:#fff\"><span class=\"shariff-icon\" style=\"\"><svg width=\"32px\" height=\"20px\" xmlns=\"http:\/\/www.w3.org\/2000\/svg\" viewBox=\"0 0 32 32\"><path fill=\"#999\" d=\"M32 12.7v14.2q0 1.2-0.8 2t-2 0.9h-26.3q-1.2 0-2-0.9t-0.8-2v-14.2q0.8 0.9 1.8 1.6 6.5 4.4 8.9 6.1 1 0.8 1.6 1.2t1.7 0.9 2 0.4h0.1q0.9 0 2-0.4t1.7-0.9 1.6-1.2q3-2.2 8.9-6.1 1-0.7 1.8-1.6zM32 7.4q0 1.4-0.9 2.7t-2.2 2.2q-6.7 4.7-8.4 5.8-0.2 0.1-0.7 0.5t-1 0.7-0.9 0.6-1.1 0.5-0.9 0.2h-0.1q-0.4 0-0.9-0.2t-1.1-0.5-0.9-0.6-1-0.7-0.7-0.5q-1.6-1.1-4.7-3.2t-3.6-2.6q-1.1-0.7-2.1-2t-1-2.5q0-1.4 0.7-2.3t2.1-0.9h26.3q1.2 0 2 0.8t0.9 2z\"\/><\/svg><\/span><\/a><\/li><\/ul><\/div>","protected":false},"excerpt":{"rendered":"<p>Auch inmitten von D\u00fcrren, Waldbr\u00e4nden und \u00dcberschwemmungen bietet keine etablierte Partei zur Bundestagswahl ein Programm, das [&hellip;]<\/p>\n","protected":false},"author":3,"featured_media":74303,"comment_status":"closed","ping_status":"closed","sticky":false,"template":"","format":"standard","meta":{"inline_featured_image":false,"footnotes":""},"categories":[21],"tags":[],"class_list":["post-74297","post","type-post","status-publish","format-standard","has-post-thumbnail","hentry","category-politik"],"yoast_head":"<!-- This site is optimized with the Yoast SEO plugin v26.5 - https:\/\/yoast.com\/wordpress\/plugins\/seo\/ -->\n<title>Wahlprogrammanalyse: Kein Parteiprogramm wird der Klimakatastrophe gerecht - Sonnenseite - \u00d6kologische Kommunikation mit Franz Alt<\/title>\n<meta name=\"description\" content=\"Auch inmitten von D\u00fcrren, Waldbr\u00e4nden und \u00dcberschwemmungen bietet keine etablierte Partei zur Bundestagswahl ein Programm, das der j\u00fcngst erneut vom\" \/>\n<meta name=\"robots\" content=\"index, follow, max-snippet:-1, max-image-preview:large, max-video-preview:-1\" \/>\n<link rel=\"canonical\" href=\"https:\/\/www.sonnenseite.com\/de\/politik\/wahlprogrammanalysekein-parteiprogramm-wird-der-klimakatastrophe-gerecht\/\" \/>\n<meta property=\"og:locale\" content=\"de_DE\" \/>\n<meta property=\"og:type\" content=\"article\" \/>\n<meta property=\"og:title\" content=\"Wahlprogrammanalyse: Kein Parteiprogramm wird der Klimakatastrophe gerecht - Sonnenseite - \u00d6kologische Kommunikation mit Franz Alt\" \/>\n<meta property=\"og:description\" content=\"Auch inmitten von D\u00fcrren, Waldbr\u00e4nden und \u00dcberschwemmungen bietet keine etablierte Partei zur Bundestagswahl ein Programm, das der j\u00fcngst erneut vom\" \/>\n<meta property=\"og:url\" content=\"https:\/\/www.sonnenseite.com\/de\/politik\/wahlprogrammanalysekein-parteiprogramm-wird-der-klimakatastrophe-gerecht\/\" \/>\n<meta property=\"og:site_name\" content=\"Sonnenseite\" \/>\n<meta property=\"article:publisher\" content=\"https:\/\/www.facebook.com\/pages\/Franz-Alt-SONNENSEITECOM\/221072987903953?fref=ts\" \/>\n<meta property=\"article:published_time\" content=\"2021-08-29T07:10:18+00:00\" \/>\n<meta property=\"article:modified_time\" content=\"2021-09-15T07:43:32+00:00\" \/>\n<meta property=\"og:image\" content=\"https:\/\/www.sonnenseite.com\/wp-content\/uploads\/2021\/08\/konzeptwerk_Klimagerechtigkeit-waehlbar2021.jpg\" \/>\n\t<meta property=\"og:image:width\" content=\"770\" \/>\n\t<meta property=\"og:image:height\" content=\"420\" \/>\n\t<meta property=\"og:image:type\" content=\"image\/jpeg\" \/>\n<meta name=\"author\" content=\"Bigi Alt\" \/>\n<meta name=\"twitter:card\" content=\"summary_large_image\" \/>\n<meta name=\"twitter:creator\" content=\"@franzalt\" \/>\n<meta name=\"twitter:site\" content=\"@franzalt\" \/>\n<meta name=\"twitter:label1\" content=\"Verfasst von\" \/>\n\t<meta name=\"twitter:data1\" content=\"Bigi Alt\" \/>\n\t<meta name=\"twitter:label2\" content=\"Gesch\u00e4tzte Lesezeit\" \/>\n\t<meta name=\"twitter:data2\" content=\"3\u00a0Minuten\" \/>\n<script type=\"application\/ld+json\" class=\"yoast-schema-graph\">{\"@context\":\"https:\/\/schema.org\",\"@graph\":[{\"@type\":\"Article\",\"@id\":\"https:\/\/www.sonnenseite.com\/de\/politik\/wahlprogrammanalysekein-parteiprogramm-wird-der-klimakatastrophe-gerecht\/#article\",\"isPartOf\":{\"@id\":\"https:\/\/www.sonnenseite.com\/de\/politik\/wahlprogrammanalysekein-parteiprogramm-wird-der-klimakatastrophe-gerecht\/\"},\"author\":{\"name\":\"Bigi Alt\",\"@id\":\"https:\/\/www.sonnenseite.com\/de\/#\/schema\/person\/50fda0e926597684c7cc6695238a4eb9\"},\"headline\":\"Wahlprogrammanalyse: Kein Parteiprogramm wird der Klimakatastrophe gerecht\",\"datePublished\":\"2021-08-29T07:10:18+00:00\",\"dateModified\":\"2021-09-15T07:43:32+00:00\",\"mainEntityOfPage\":{\"@id\":\"https:\/\/www.sonnenseite.com\/de\/politik\/wahlprogrammanalysekein-parteiprogramm-wird-der-klimakatastrophe-gerecht\/\"},\"wordCount\":530,\"publisher\":{\"@id\":\"https:\/\/www.sonnenseite.com\/de\/#organization\"},\"image\":{\"@id\":\"https:\/\/www.sonnenseite.com\/de\/politik\/wahlprogrammanalysekein-parteiprogramm-wird-der-klimakatastrophe-gerecht\/#primaryimage\"},\"thumbnailUrl\":\"https:\/\/www.sonnenseite.com\/wp-content\/uploads\/2021\/08\/konzeptwerk_Klimagerechtigkeit-waehlbar2021.jpg\",\"articleSection\":[\"Politik\"],\"inLanguage\":\"de\"},{\"@type\":\"WebPage\",\"@id\":\"https:\/\/www.sonnenseite.com\/de\/politik\/wahlprogrammanalysekein-parteiprogramm-wird-der-klimakatastrophe-gerecht\/\",\"url\":\"https:\/\/www.sonnenseite.com\/de\/politik\/wahlprogrammanalysekein-parteiprogramm-wird-der-klimakatastrophe-gerecht\/\",\"name\":\"Wahlprogrammanalyse: Kein Parteiprogramm wird der Klimakatastrophe gerecht - Sonnenseite - \u00d6kologische Kommunikation mit Franz Alt\",\"isPartOf\":{\"@id\":\"https:\/\/www.sonnenseite.com\/de\/#website\"},\"primaryImageOfPage\":{\"@id\":\"https:\/\/www.sonnenseite.com\/de\/politik\/wahlprogrammanalysekein-parteiprogramm-wird-der-klimakatastrophe-gerecht\/#primaryimage\"},\"image\":{\"@id\":\"https:\/\/www.sonnenseite.com\/de\/politik\/wahlprogrammanalysekein-parteiprogramm-wird-der-klimakatastrophe-gerecht\/#primaryimage\"},\"thumbnailUrl\":\"https:\/\/www.sonnenseite.com\/wp-content\/uploads\/2021\/08\/konzeptwerk_Klimagerechtigkeit-waehlbar2021.jpg\",\"datePublished\":\"2021-08-29T07:10:18+00:00\",\"dateModified\":\"2021-09-15T07:43:32+00:00\",\"description\":\"Auch inmitten von D\u00fcrren, Waldbr\u00e4nden und \u00dcberschwemmungen bietet keine etablierte Partei zur Bundestagswahl ein Programm, das der j\u00fcngst erneut vom\",\"breadcrumb\":{\"@id\":\"https:\/\/www.sonnenseite.com\/de\/politik\/wahlprogrammanalysekein-parteiprogramm-wird-der-klimakatastrophe-gerecht\/#breadcrumb\"},\"inLanguage\":\"de\",\"potentialAction\":[{\"@type\":\"ReadAction\",\"target\":[\"https:\/\/www.sonnenseite.com\/de\/politik\/wahlprogrammanalysekein-parteiprogramm-wird-der-klimakatastrophe-gerecht\/\"]}]},{\"@type\":\"ImageObject\",\"inLanguage\":\"de\",\"@id\":\"https:\/\/www.sonnenseite.com\/de\/politik\/wahlprogrammanalysekein-parteiprogramm-wird-der-klimakatastrophe-gerecht\/#primaryimage\",\"url\":\"https:\/\/www.sonnenseite.com\/wp-content\/uploads\/2021\/08\/konzeptwerk_Klimagerechtigkeit-waehlbar2021.jpg\",\"contentUrl\":\"https:\/\/www.sonnenseite.com\/wp-content\/uploads\/2021\/08\/konzeptwerk_Klimagerechtigkeit-waehlbar2021.jpg\",\"width\":770,\"height\":420,\"caption\":\"konzeptwerk-neue-oekonomie.org | In der Wahlprogrammanalyse vergleichen die Autoren die Klimaziele von Union, Gr\u00fcnen, SPD, Linken und FDP. Das Ergebnis: Keine Partei plant mit einem CO2-Budget f\u00fcr Deutschland, mit dem die 1,5\u00b0-Grenze eingehalten werden kann.\"},{\"@type\":\"BreadcrumbList\",\"@id\":\"https:\/\/www.sonnenseite.com\/de\/politik\/wahlprogrammanalysekein-parteiprogramm-wird-der-klimakatastrophe-gerecht\/#breadcrumb\",\"itemListElement\":[{\"@type\":\"ListItem\",\"position\":1,\"name\":\"Startseite\",\"item\":\"https:\/\/www.sonnenseite.com\/de\/\"},{\"@type\":\"ListItem\",\"position\":2,\"name\":\"Wahlprogrammanalyse: Kein Parteiprogramm wird der Klimakatastrophe gerecht\"}]},{\"@type\":\"WebSite\",\"@id\":\"https:\/\/www.sonnenseite.com\/de\/#website\",\"url\":\"https:\/\/www.sonnenseite.com\/de\/\",\"name\":\"Sonnenseite\",\"description\":\"\u00d6kologische Kommunikation mit Franz Alt\",\"publisher\":{\"@id\":\"https:\/\/www.sonnenseite.com\/de\/#organization\"},\"potentialAction\":[{\"@type\":\"SearchAction\",\"target\":{\"@type\":\"EntryPoint\",\"urlTemplate\":\"https:\/\/www.sonnenseite.com\/de\/?s={search_term_string}\"},\"query-input\":{\"@type\":\"PropertyValueSpecification\",\"valueRequired\":true,\"valueName\":\"search_term_string\"}}],\"inLanguage\":\"de\"},{\"@type\":\"Organization\",\"@id\":\"https:\/\/www.sonnenseite.com\/de\/#organization\",\"name\":\"Sonnenseite\",\"url\":\"https:\/\/www.sonnenseite.com\/de\/\",\"logo\":{\"@type\":\"ImageObject\",\"inLanguage\":\"de\",\"@id\":\"https:\/\/www.sonnenseite.com\/de\/#\/schema\/logo\/image\/\",\"url\":\"https:\/\/www.sonnenseite.com\/wp-content\/uploads\/2020\/05\/Sonnenseite_Logo.png\",\"contentUrl\":\"https:\/\/www.sonnenseite.com\/wp-content\/uploads\/2020\/05\/Sonnenseite_Logo.png\",\"width\":377,\"height\":90,\"caption\":\"Sonnenseite\"},\"image\":{\"@id\":\"https:\/\/www.sonnenseite.com\/de\/#\/schema\/logo\/image\/\"},\"sameAs\":[\"https:\/\/www.facebook.com\/pages\/Franz-Alt-SONNENSEITECOM\/221072987903953?fref=ts\",\"https:\/\/x.com\/franzalt\",\"http:\/\/www.youtube.com\/results?search_query&amp;amp;quot;franz_alt&amp;amp;quot;&amp;amp;amp;amp;search_type&amp;amp;amp;amp;aq=f\"]},{\"@type\":\"Person\",\"@id\":\"https:\/\/www.sonnenseite.com\/de\/#\/schema\/person\/50fda0e926597684c7cc6695238a4eb9\",\"name\":\"Bigi Alt\"}]}<\/script>\n<!-- \/ Yoast SEO plugin. -->","yoast_head_json":{"title":"Wahlprogrammanalyse: Kein Parteiprogramm wird der Klimakatastrophe gerecht - Sonnenseite - \u00d6kologische Kommunikation mit Franz Alt","description":"Auch inmitten von D\u00fcrren, Waldbr\u00e4nden und \u00dcberschwemmungen bietet keine etablierte Partei zur Bundestagswahl ein Programm, das der j\u00fcngst erneut vom","robots":{"index":"index","follow":"follow","max-snippet":"max-snippet:-1","max-image-preview":"max-image-preview:large","max-video-preview":"max-video-preview:-1"},"canonical":"https:\/\/www.sonnenseite.com\/de\/politik\/wahlprogrammanalysekein-parteiprogramm-wird-der-klimakatastrophe-gerecht\/","og_locale":"de_DE","og_type":"article","og_title":"Wahlprogrammanalyse: Kein Parteiprogramm wird der Klimakatastrophe gerecht - Sonnenseite - \u00d6kologische Kommunikation mit Franz Alt","og_description":"Auch inmitten von D\u00fcrren, Waldbr\u00e4nden und \u00dcberschwemmungen bietet keine etablierte Partei zur Bundestagswahl ein Programm, das der j\u00fcngst erneut vom","og_url":"https:\/\/www.sonnenseite.com\/de\/politik\/wahlprogrammanalysekein-parteiprogramm-wird-der-klimakatastrophe-gerecht\/","og_site_name":"Sonnenseite","article_publisher":"https:\/\/www.facebook.com\/pages\/Franz-Alt-SONNENSEITECOM\/221072987903953?fref=ts","article_published_time":"2021-08-29T07:10:18+00:00","article_modified_time":"2021-09-15T07:43:32+00:00","og_image":[{"width":770,"height":420,"url":"https:\/\/www.sonnenseite.com\/wp-content\/uploads\/2021\/08\/konzeptwerk_Klimagerechtigkeit-waehlbar2021.jpg","type":"image\/jpeg"}],"author":"Bigi Alt","twitter_card":"summary_large_image","twitter_creator":"@franzalt","twitter_site":"@franzalt","twitter_misc":{"Verfasst von":"Bigi Alt","Gesch\u00e4tzte Lesezeit":"3\u00a0Minuten"},"schema":{"@context":"https:\/\/schema.org","@graph":[{"@type":"Article","@id":"https:\/\/www.sonnenseite.com\/de\/politik\/wahlprogrammanalysekein-parteiprogramm-wird-der-klimakatastrophe-gerecht\/#article","isPartOf":{"@id":"https:\/\/www.sonnenseite.com\/de\/politik\/wahlprogrammanalysekein-parteiprogramm-wird-der-klimakatastrophe-gerecht\/"},"author":{"name":"Bigi Alt","@id":"https:\/\/www.sonnenseite.com\/de\/#\/schema\/person\/50fda0e926597684c7cc6695238a4eb9"},"headline":"Wahlprogrammanalyse: Kein Parteiprogramm wird der Klimakatastrophe gerecht","datePublished":"2021-08-29T07:10:18+00:00","dateModified":"2021-09-15T07:43:32+00:00","mainEntityOfPage":{"@id":"https:\/\/www.sonnenseite.com\/de\/politik\/wahlprogrammanalysekein-parteiprogramm-wird-der-klimakatastrophe-gerecht\/"},"wordCount":530,"publisher":{"@id":"https:\/\/www.sonnenseite.com\/de\/#organization"},"image":{"@id":"https:\/\/www.sonnenseite.com\/de\/politik\/wahlprogrammanalysekein-parteiprogramm-wird-der-klimakatastrophe-gerecht\/#primaryimage"},"thumbnailUrl":"https:\/\/www.sonnenseite.com\/wp-content\/uploads\/2021\/08\/konzeptwerk_Klimagerechtigkeit-waehlbar2021.jpg","articleSection":["Politik"],"inLanguage":"de"},{"@type":"WebPage","@id":"https:\/\/www.sonnenseite.com\/de\/politik\/wahlprogrammanalysekein-parteiprogramm-wird-der-klimakatastrophe-gerecht\/","url":"https:\/\/www.sonnenseite.com\/de\/politik\/wahlprogrammanalysekein-parteiprogramm-wird-der-klimakatastrophe-gerecht\/","name":"Wahlprogrammanalyse: Kein Parteiprogramm wird der Klimakatastrophe gerecht - Sonnenseite - \u00d6kologische Kommunikation mit Franz Alt","isPartOf":{"@id":"https:\/\/www.sonnenseite.com\/de\/#website"},"primaryImageOfPage":{"@id":"https:\/\/www.sonnenseite.com\/de\/politik\/wahlprogrammanalysekein-parteiprogramm-wird-der-klimakatastrophe-gerecht\/#primaryimage"},"image":{"@id":"https:\/\/www.sonnenseite.com\/de\/politik\/wahlprogrammanalysekein-parteiprogramm-wird-der-klimakatastrophe-gerecht\/#primaryimage"},"thumbnailUrl":"https:\/\/www.sonnenseite.com\/wp-content\/uploads\/2021\/08\/konzeptwerk_Klimagerechtigkeit-waehlbar2021.jpg","datePublished":"2021-08-29T07:10:18+00:00","dateModified":"2021-09-15T07:43:32+00:00","description":"Auch inmitten von D\u00fcrren, Waldbr\u00e4nden und \u00dcberschwemmungen bietet keine etablierte Partei zur Bundestagswahl ein Programm, das der j\u00fcngst erneut vom","breadcrumb":{"@id":"https:\/\/www.sonnenseite.com\/de\/politik\/wahlprogrammanalysekein-parteiprogramm-wird-der-klimakatastrophe-gerecht\/#breadcrumb"},"inLanguage":"de","potentialAction":[{"@type":"ReadAction","target":["https:\/\/www.sonnenseite.com\/de\/politik\/wahlprogrammanalysekein-parteiprogramm-wird-der-klimakatastrophe-gerecht\/"]}]},{"@type":"ImageObject","inLanguage":"de","@id":"https:\/\/www.sonnenseite.com\/de\/politik\/wahlprogrammanalysekein-parteiprogramm-wird-der-klimakatastrophe-gerecht\/#primaryimage","url":"https:\/\/www.sonnenseite.com\/wp-content\/uploads\/2021\/08\/konzeptwerk_Klimagerechtigkeit-waehlbar2021.jpg","contentUrl":"https:\/\/www.sonnenseite.com\/wp-content\/uploads\/2021\/08\/konzeptwerk_Klimagerechtigkeit-waehlbar2021.jpg","width":770,"height":420,"caption":"konzeptwerk-neue-oekonomie.org | In der Wahlprogrammanalyse vergleichen die Autoren die Klimaziele von Union, Gr\u00fcnen, SPD, Linken und FDP. Das Ergebnis: Keine Partei plant mit einem CO2-Budget f\u00fcr Deutschland, mit dem die 1,5\u00b0-Grenze eingehalten werden kann."},{"@type":"BreadcrumbList","@id":"https:\/\/www.sonnenseite.com\/de\/politik\/wahlprogrammanalysekein-parteiprogramm-wird-der-klimakatastrophe-gerecht\/#breadcrumb","itemListElement":[{"@type":"ListItem","position":1,"name":"Startseite","item":"https:\/\/www.sonnenseite.com\/de\/"},{"@type":"ListItem","position":2,"name":"Wahlprogrammanalyse: Kein Parteiprogramm wird der Klimakatastrophe gerecht"}]},{"@type":"WebSite","@id":"https:\/\/www.sonnenseite.com\/de\/#website","url":"https:\/\/www.sonnenseite.com\/de\/","name":"Sonnenseite","description":"\u00d6kologische Kommunikation mit Franz Alt","publisher":{"@id":"https:\/\/www.sonnenseite.com\/de\/#organization"},"potentialAction":[{"@type":"SearchAction","target":{"@type":"EntryPoint","urlTemplate":"https:\/\/www.sonnenseite.com\/de\/?s={search_term_string}"},"query-input":{"@type":"PropertyValueSpecification","valueRequired":true,"valueName":"search_term_string"}}],"inLanguage":"de"},{"@type":"Organization","@id":"https:\/\/www.sonnenseite.com\/de\/#organization","name":"Sonnenseite","url":"https:\/\/www.sonnenseite.com\/de\/","logo":{"@type":"ImageObject","inLanguage":"de","@id":"https:\/\/www.sonnenseite.com\/de\/#\/schema\/logo\/image\/","url":"https:\/\/www.sonnenseite.com\/wp-content\/uploads\/2020\/05\/Sonnenseite_Logo.png","contentUrl":"https:\/\/www.sonnenseite.com\/wp-content\/uploads\/2020\/05\/Sonnenseite_Logo.png","width":377,"height":90,"caption":"Sonnenseite"},"image":{"@id":"https:\/\/www.sonnenseite.com\/de\/#\/schema\/logo\/image\/"},"sameAs":["https:\/\/www.facebook.com\/pages\/Franz-Alt-SONNENSEITECOM\/221072987903953?fref=ts","https:\/\/x.com\/franzalt","http:\/\/www.youtube.com\/results?search_query&amp;amp;quot;franz_alt&amp;amp;quot;&amp;amp;amp;amp;search_type&amp;amp;amp;amp;aq=f"]},{"@type":"Person","@id":"https:\/\/www.sonnenseite.com\/de\/#\/schema\/person\/50fda0e926597684c7cc6695238a4eb9","name":"Bigi Alt"}]}},"_links":{"self":[{"href":"https:\/\/www.sonnenseite.com\/de\/wp-json\/wp\/v2\/posts\/74297","targetHints":{"allow":["GET"]}}],"collection":[{"href":"https:\/\/www.sonnenseite.com\/de\/wp-json\/wp\/v2\/posts"}],"about":[{"href":"https:\/\/www.sonnenseite.com\/de\/wp-json\/wp\/v2\/types\/post"}],"author":[{"embeddable":true,"href":"https:\/\/www.sonnenseite.com\/de\/wp-json\/wp\/v2\/users\/3"}],"replies":[{"embeddable":true,"href":"https:\/\/www.sonnenseite.com\/de\/wp-json\/wp\/v2\/comments?post=74297"}],"version-history":[{"count":4,"href":"https:\/\/www.sonnenseite.com\/de\/wp-json\/wp\/v2\/posts\/74297\/revisions"}],"predecessor-version":[{"id":74305,"href":"https:\/\/www.sonnenseite.com\/de\/wp-json\/wp\/v2\/posts\/74297\/revisions\/74305"}],"wp:featuredmedia":[{"embeddable":true,"href":"https:\/\/www.sonnenseite.com\/de\/wp-json\/wp\/v2\/media\/74303"}],"wp:attachment":[{"href":"https:\/\/www.sonnenseite.com\/de\/wp-json\/wp\/v2\/media?parent=74297"}],"wp:term":[{"taxonomy":"category","embeddable":true,"href":"https:\/\/www.sonnenseite.com\/de\/wp-json\/wp\/v2\/categories?post=74297"},{"taxonomy":"post_tag","embeddable":true,"href":"https:\/\/www.sonnenseite.com\/de\/wp-json\/wp\/v2\/tags?post=74297"}],"curies":[{"name":"wp","href":"https:\/\/api.w.org\/{rel}","templated":true}]}}