{"id":74336,"date":"2021-08-30T18:28:25","date_gmt":"2021-08-30T16:28:25","guid":{"rendered":"https:\/\/www.sonnenseite.com\/?p=74336"},"modified":"2021-09-15T09:43:10","modified_gmt":"2021-09-15T07:43:10","slug":"das-klimaschutz-sofortprogramm-fuer-die-ersten-100-tage","status":"publish","type":"post","link":"https:\/\/www.sonnenseite.com\/de\/politik\/das-klimaschutz-sofortprogramm-fuer-die-ersten-100-tage\/","title":{"rendered":"Das Klimaschutz-Sofortprogramm f\u00fcr die ersten 100 Tage"},"content":{"rendered":"\n<p>Die im Juni dieses Jahres vom Bundestag verabschiedeten Klimaziele erfordern, dass Deutschland seine Klimaschutzanstrengungen verdreifacht. Daf\u00fcr muss die n\u00e4chste Bundesregierung in den ersten 100 Tagen das ehrgeizigste Klimaschutz-Sofortprogramm auf den Weg bringen, das es in Deutschland je gegeben hat. <\/p>\n\n\n\n<p>Agora Energiewende, Stiftung Klimaneutralit\u00e4t und Agora Verkehrswende legen hierf\u00fcr 22 Handlungsempfehlungen mit schnell umsetzbaren Ma\u00dfnahmen f\u00fcr die neue Legislaturperiode vor.<\/p>\n\n\n\n<p><strong>Die j\u00fcngsten Treibhausgas-Prognosen zeigen:<\/strong> Die Emissionen steigen 2021 wieder stark an und das Erreichen des 2020-Ziels von minus 40 Prozent gegen\u00fcber 1990 war nur ein Corona-Sondereffekt. Damit ist Deutschland weit davon entfernt, die im neuen Klimaschutzgesetz vereinbarten Ziele von mindestens 65 Prozent weniger Treibhausgasemissionen bis 2030 und Klimaneutralit\u00e4t bis 2045 zu erreichen. Um diese L\u00fccke zu schlie\u00dfen, m\u00fcssen k\u00fcnftig j\u00e4hrlich 30 bis 40 Millionen Tonnen CO\u2082 eingespart werden \u2013 der Trend der letzten Jahre war jedoch eine Minderung von etwa 14 Millionen Tonnen CO\u2082 pro Jahr. Die n\u00e4chste Bundesregierung wird daher ihre Klimaschutzanstrengungen gegen\u00fcber dem Status Quo etwa verdreifachen m\u00fcssen.<\/p>\n\n\n\n<p>\u201eDeutschland braucht in den ersten 100 Tagen der neuen Regierung das gr\u00f6\u00dfte Klimaschutz-Programm in der Geschichte der Bundesrepublik. Erneuerbaren-Ausbau, Kohleausstieg, Effizienz, Elektrifizierung von Geb\u00e4ude und Verkehr \u2013 \u00fcberall ist eine Verdopplung bis Verdreifachung des Tempos angesagt\u201c, sagt Dr. Patrick Graichen, Direktor von Agora Energiewende.<\/p>\n\n\n\n<p>Rainer Baake, Direktor der Stiftung Klimaneutralit\u00e4t: \u201eKlimaneutralit\u00e4t 2045 und minus 65 Prozent Treibhausgase bis 2030 sind als Ziele partei\u00fcbergreifender Konsens. Jetzt m\u00fcssen schnell wirkende, ambitionierte Ma\u00dfnahmen in allen Sektoren folgen. Ohne ein solches umfassendes Ma\u00dfnahmenpaket kommen wir nicht auf den Zielpfad und verfehlen ab jetzt Jahr f\u00fcr Jahr die im Klimaschutzgesetz festgelegten j\u00e4hrlichen Emissionsobergrenzen.\u201c<\/p>\n\n\n\n<p>Christian Hochfeld, Direktor von Agora Verkehrswende: \u201eDie neue Bundesregierung wird schnell zeigen m\u00fcssen, dass sie die wesentlichen L\u00f6sungsans\u00e4tze auf dem Weg zur Klimaneutralit\u00e4t im Verkehr im Blick hat und eine breite Mehrheit f\u00fcr die Transformation gewinnen kann. Genau darauf sind die von uns vorgeschlagenen Sofortma\u00dfnahmen ausgerichtet.\u201c<\/p>\n\n\n\n<p>Das Sofortprogramm, das die drei Organisationen vorlegen, enth\u00e4lt schnell umsetzbare \u00c4nderungen von Gesetzen und Verordnungen in allen Sektoren. Die 22 Eckpunkte sind neben \u00fcbergreifenden Vorschl\u00e4gen zum gesetzlichen Rahmen, zum Haushalt und zu weiteren Finanzfragen in die f\u00fcr den Klimaschutz relevanten f\u00fcnf Schl\u00fcsselsektoren aufgegliedert: Strom, Verkehr, Industrie, Geb\u00e4ude und Landwirtschaft. Die Vorschl\u00e4ge sind so konzipiert, dass sie in den ersten 100 Tagen vom Kabinett beschlossen werden und noch im Sommer 2022 in Kraft treten k\u00f6nnen. Graichen, Baake und Hochfeld wollen die Eckpunkte als Input f\u00fcr die Parteien verstanden wissen, die nach der Bundestagswahl am 26. September in Koalitionsverhandlungen eintreten werden: \u201eDie in diesem Sofortprogramm vorgelegten Instrumente setzen an den wichtigsten Stellschrauben zur Treibhausgasminderung an. Dazu geh\u00f6ren ein sinkender Strompreis bei steigenden CO\u2082-Preisen, umfassende F\u00f6rderprogramme f\u00fcr Geb\u00e4udesanierung, Preisanreize f\u00fcr klimafreundlichen Verkehr, Landwirtschaft und Industrie, ein Abbau klimasch\u00e4dlicher Subventionen und steuerliche Anreize. Eine Beschleunigung von Investitionen \u2013 besonders in den Ausbau Erneuerbarer Energien \u2013 und ordnungsrechtliche Standards erg\u00e4nzen den klimapolitischen Instrumentenmix.\u201c<\/p>\n\n\n\n<h5 class=\"wp-block-heading\">Investitionen in den Klimaschutz auf den Weg bringen<\/h5>\n\n\n\n<p>Als \u00fcbergreifende Ma\u00dfnahme pl\u00e4dieren die drei Organisationen daf\u00fcr, einen Klima-Haushalt aufzustellen, der j\u00e4hrlich zus\u00e4tzlich mehr als 30 Milliarden Euro f\u00fcr Klimaschutzinvestitionen bereitstellt. \u201eDas kommende Jahrzehnt bis 2030 muss eine Dekade des Investierens werden: in klimaneutrale Energieversorgung, Industrieanlagen, Verkehr, Geb\u00e4udesanierung und eine Wasserstoff-Infrastruktur. Daf\u00fcr sind neben privaten auch umfassende \u00f6ffentliche Mittel erforderlich, die \u00fcber neue Investitionsfonds bereitgestellt werden k\u00f6nnen\u201c, sagt Patrick Graichen. Zentral sei zudem, die klimafreundliche Alternative wirtschaftlich attraktiver als die fossile Variante zu machen. \u201eDie W\u00e4rmepumpe muss g\u00fcnstiger werden als die \u00d6lheizung und das Elektroauto g\u00fcnstiger als der Verbrenner\u201c, sagt Stiftungsdirektor Rainer Baake. Die schnellstm\u00f6gliche Abschaffung der EEG-Umlage sei daher entscheidend, damit die Stromkosten nachhaltig sinken. Im Gegenzug soll der CO\u2082-Preis bereits ab 2023 auf 60 Euro ansteigen und dann mit einem Preiskorridor auf 80 bis 100 Euro im Jahr 2025 erh\u00f6ht werden.<\/p>\n\n\n\n<p>Mit einem gesetzlich festgelegten Ende der Nutzung von fossilen Energietr\u00e4gern in allen Bereichen der Volkswirtschaft am 1. Januar 2045 bleiben 22 Jahre Zeit f\u00fcr Abschreibungen und Anpassungen. Um Fehlinvestitionen zu vermeiden, muss laut dem vorgeschlagenen Sofortprogramm daher das Ziel der Klimaneutralit\u00e4t 2045 in allen privaten und \u00f6ffentlichen Finanzierungs- und Investitionsentscheidungen ber\u00fccksichtigt werden. Hierf\u00fcr sollen die Nachhaltigkeitsberichtspflichten f\u00fcr Unternehmen und Finanzmarktakteure entsprechend ausgeweitet werden.<\/p>\n\n\n\n<h5 class=\"wp-block-heading\">Verdreifachung von Strom aus Erneuerbaren Energien<\/h5>\n\n\n\n<p>Erneuerbarer Strom aus Windkraft- und Solaranlagen ist zentraler Baustein f\u00fcr ein Energiesystem ohne Kohle, \u00d6l und Gas \u2013 von der Prozessw\u00e4rme in der Industrie \u00fcber die Nutzung von W\u00e4rmepumpen in Geb\u00e4uden bis hin zu Mobilit\u00e4t mit Elektroautos und im \u00f6ffentlichen Nah- und Fernverkehr sowie f\u00fcr gr\u00fcnen Wasserstoff. \u201eDie Menge an Strom aus Erneuerbaren Energien l\u00e4sst sich nur verdreifachen, wenn Genehmigungsverfahren beschleunigt, die Akzeptanz f\u00fcr den Ausbau von Windkraft- und Solaranlagen verbessert und die n\u00f6tige Infrastruktur f\u00fcr den Stromtransport gebaut wird\u201c, sagt Rainer Baake. Zudem muss der Ausstieg aus der Kohleverstromung bereits bis zum Jahr 2030 erfolgen. Neben dem EU-Emissionshandel solle ein nationaler CO\u2082-Mindestpreis diese Entwicklung absichern. Er soll 2025 bei 50 Euro starten und bis 2030 auf mindestens 65 Euro steigen. \u201eMan muss den Leuten jetzt reinen Wein einschenken: Der Kohleausstieg kommt acht Jahre fr\u00fcher als bisher geplant. Braunkohletagebaue und Strukturwandel brauchen Planungssicherheit, die Politik ist hier in der Pflicht\u201c, sagt Patrick Graichen.\u00a0<\/p>\n\n\n\n<div class=\"wp-block-image\"><figure class=\"aligncenter size-full is-resized\"><img loading=\"lazy\" decoding=\"async\" src=\"https:\/\/www.sonnenseite.com\/wp-content\/uploads\/2019\/07\/Radweg_gerardom.jpg\" alt=\"pixabay.com | gerardom\" class=\"wp-image-8130\" width=\"578\" height=\"315\" srcset=\"https:\/\/www.sonnenseite.com\/wp-content\/uploads\/2019\/07\/Radweg_gerardom.jpg 770w, https:\/\/www.sonnenseite.com\/wp-content\/uploads\/2019\/07\/Radweg_gerardom-300x164.jpg 300w, https:\/\/www.sonnenseite.com\/wp-content\/uploads\/2019\/07\/Radweg_gerardom-768x419.jpg 768w\" sizes=\"auto, (max-width: 578px) 100vw, 578px\" \/><figcaption>\u00a9 pixabay.com | gerardom<\/figcaption><\/figure><\/div>\n\n\n\n<h5 class=\"wp-block-heading\">Fiskalische Instrumente f\u00fcr die Verkehrswende<\/h5>\n\n\n\n<p>\u201eIm Verkehr kommt es darauf an, von Anfang an die richtige Mischung aus Preissignalen und Ordnungsrecht zu finden\u201c, betont Christian Hochfeld, Direktor von Agora Verkehrswende. \u201eAnreize und F\u00f6rdermittel f\u00fcr Elektromobilit\u00e4t und \u00f6ffentlichen Verkehr allein werden nicht reichen. Auch der CO\u2082-Preis ist, wenn es um Kraftstoffe geht, kein Allheilmittel, sondern muss klug mit anderen Instrumenten auf nationaler und europ\u00e4ischer Ebene kombiniert werden.\u201c<\/p>\n\n\n\n<p>Das Sofortprogramm legt einen Schwerpunkt auf die Reform der fiskalischen Instrumente. Die Kfz-Steuer solle sich nur noch am CO\u2082-Aussto\u00df orientieren und zu einem Bonus-Malus-System weiterentwickelt werden. Die Besteuerung von Dienstwagen muss \u00f6kologisch reformiert und die Privilegierung von Diesel beendet werden.<\/p>\n\n\n\n<p>Damit der Umstieg auf Elektromobilit\u00e4t kontinuierlich vorangeht, setzt das Sofortprogramm au\u00dferdem auf einen Masterplan f\u00fcr den Ausbau der Ladeinfrastruktur. Im \u00f6ffentlichen Verkehr solle ein eigenes Investitionsf\u00f6rderprogramm die Elektrifizierung beschleunigen. Um gleichzeitig die Mobilit\u00e4t in den St\u00e4dten mehr vom privaten Pkw auf \u00f6ffentlichen Verkehr, Rad und Fu\u00df zu verlagern, etwa durch Tempo 30 als Regelgeschwindigkeit innerorts und effektives Parkraummanagement, muss der Handlungsspielraum der Kommunen vergr\u00f6\u00dfert werden.<\/p>\n\n\n\n<p>F\u00fcr den Bundesverkehrswegeplan sieht das Sofortprogramm einen Klimastresstest vor. Alle Projekte aus dem Bundesverkehrswegeplan m\u00fcssen danach bewertet werden, ob sie mit den Klimaschutzzielen der Bundesregierung vereinbar sind. Im G\u00fcterverkehr pl\u00e4dieren die Klima-Thinktanks unter anderem f\u00fcr eine Ausweitung und st\u00e4rkere CO\u2082-Orientierung der Lkw-Maut und f\u00fcr Innovationskorridore f\u00fcr die drei aussichtsreichsten elektrischen Lkw-Technologien (Batterie, Oberleitung, Brennstoffzelle).<\/p>\n\n\n\n<div class=\"wp-block-image\"><figure class=\"aligncenter size-full is-resized\"><img loading=\"lazy\" decoding=\"async\" src=\"https:\/\/www.sonnenseite.com\/wp-content\/uploads\/2021\/07\/Wasserstoff_aa-w.jpg\" alt=\"Depositphotos.com | aa-w | Wasserstoff\" class=\"wp-image-72753\" width=\"578\" height=\"315\" srcset=\"https:\/\/www.sonnenseite.com\/wp-content\/uploads\/2021\/07\/Wasserstoff_aa-w.jpg 770w, https:\/\/www.sonnenseite.com\/wp-content\/uploads\/2021\/07\/Wasserstoff_aa-w-300x164.jpg 300w, https:\/\/www.sonnenseite.com\/wp-content\/uploads\/2021\/07\/Wasserstoff_aa-w-768x419.jpg 768w\" sizes=\"auto, (max-width: 578px) 100vw, 578px\" \/><figcaption>Depositphotos.com | aa-w | Wasserstoff <\/figcaption><\/figure><\/div>\n\n\n\n<h5 class=\"wp-block-heading\">Klimaneutrale Investitionen in der Industrie unterst\u00fctzen<\/h5>\n\n\n\n<p>Um die erforderlichen Emissionsminderung in der Industrie bis 2030 zu erreichen, m\u00fcssen vor 2030 etwa die H\u00e4lfte der Anlagen in der Stahl-, Chemie- und Zementindustrie durch klimaneutrale Technologien ersetzt werden. Klimaneutrale Technologien in der Grundstoffindustrie, in der etwa 70 Prozent der industriellen Treibhausgasemissionen anfallen, sollen \u00fcber Klimaschutzvertr\u00e4ge, sogenannte <em>Carbon Contracts for Difference<\/em> (CCfD), gef\u00f6rdert werden, mit denen die Differenzkosten zwischen der klimaneutralen Technologie und den am Markt erzielbaren Erl\u00f6sen ausgeglichen werden.<\/p>\n\n\n\n<p>\u201eWenn der Industriestandort Deutschland wettbewerbsf\u00e4hig bleiben soll, muss die Politik die Unternehmen jetzt im globalen Wettlauf um Klimaneutralit\u00e4t unterst\u00fctzen. Dazu geh\u00f6rt ein Gesetz, das klimaneutrale Investitionen in der Industrie sowie den Ausbau einer Infrastruktur f\u00fcr gr\u00fcnen Wasserstoff erm\u00f6glicht\u201c, sagt Baake. Die drei Thinktanks pl\u00e4dieren f\u00fcr eine Wasserstoffstrategie 2.0, die den Fokus auf einen raschen Aufbau von Erzeugungskapazit\u00e4ten sowie der Finanzierung und dem Aufbau eines Wasserstoff-Startnetzes legt.<\/p>\n\n\n\n<h5 class=\"wp-block-heading\">Keine neuen \u00d6l- und Gasheizungen mehr ab 2024<\/h5>\n\n\n\n<p>Der Geb\u00e4udesektor wird 2021 erneut seine Ziele verfehlen \u2013 entsprechend hoch ist hier der Bedarf an wirksamen Klimaschutz-Ma\u00dfnahmen. \u201eDer kommende Investitionszyklus ist entscheidend f\u00fcr die W\u00e4rmewende, denn Investitionen in D\u00e4mmung und Heizungen sind langlebig,\u201c sagt Patrick Graichen. \u201eUm den Geb\u00e4udesektor schnell und sozialvertr\u00e4glich klimaneutral aufzustellen, ist es n\u00f6tig, in den ersten 100 Tagen der neuen Legislaturperiode die gesamte Instrumentenpalette anzupassen \u2013 von einer Erh\u00f6hung und Neuausrichtung der F\u00f6rdermittel \u00fcber eine Anhebung der energetischen Standards bis hin zu einem sozial ausgewogenen Ausgleich der Kosten zwischen Mieter:innen und Vermieter:innen.\u201c Die drei Organisationen schlagen vor, ab 2024 keinen Einbau fossiler Heizungsanlagen mehr zu erlauben und f\u00fcr Neubauten und Dachsanierungen eine Solarpflicht einzuf\u00fchren. Den klimaneutralen Neubau und die klimaneutrale Geb\u00e4udesanierung wollen die Klimaexperten j\u00e4hrlich mit zw\u00f6lf Milliarden Euro f\u00f6rdern.<\/p>\n\n\n\n<h5 class=\"wp-block-heading\">Weniger Tiere, mehr Tierwohl und gute Ern\u00e4hrung<\/h5>\n\n\n\n<p>Die Senkung der Treibhausgasemissionen in der Landwirtschaft muss vor allem in drei Handlungsfeldern erfolgen: die Reduktion des Fleischkonsums und anderer tierischer Produkte, damit einhergehend die Reduktion der Tierhaltung in Deutschland und die Verringerung der Nutzung mineralischer D\u00fcngemittel. Zuk\u00fcnftig solle gelten: weniger Tiere, mehr Tierwohl, stabile Einkommen, gute Ern\u00e4hrung.<\/p>\n\n\n\n<div class=\"wp-block-image\"><figure class=\"alignright size-full is-resized\"><img loading=\"lazy\" decoding=\"async\" src=\"https:\/\/www.sonnenseite.com\/wp-content\/uploads\/2021\/08\/AgoraEnergiewende_KlimaschutzsofortProgramm.jpg\" alt=\"\" class=\"wp-image-74337\" width=\"347\" height=\"492\" srcset=\"https:\/\/www.sonnenseite.com\/wp-content\/uploads\/2021\/08\/AgoraEnergiewende_KlimaschutzsofortProgramm.jpg 594w, https:\/\/www.sonnenseite.com\/wp-content\/uploads\/2021\/08\/AgoraEnergiewende_KlimaschutzsofortProgramm-211x300.jpg 211w\" sizes=\"auto, (max-width: 347px) 100vw, 347px\" \/><figcaption>\u00a9 Agora Energiewende<\/figcaption><\/figure><\/div>\n\n\n\n<p>Da landwirtschaftlich genutzte Moore f\u00fcr einen Gro\u00dfteil der Treibhausgasemissionen der Landwirtschaft verantwortlich sind, fordern die drei Thinktanks die Entwicklung einer Moorschutzstrategie. Deren Ziel m\u00fcsse die weitgehende Wiedervern\u00e4ssung bis 2045 sein, damit Moore von CO\u2082-Treibern zu CO\u2082-Senken werden.<\/p>\n\n\n\n<h5 class=\"wp-block-heading\">Wof\u00fcr Deutschland sich auf EU-Ebene einsetzen muss<\/h5>\n\n\n\n<p>Parallel zu den nationalen Bem\u00fchungen muss die neue Bundesregierung auch auf europ\u00e4ischer Ebene Klimaschutz weiter forcieren und mit Beginn ihrer Amtszeit die Verhandlungen in Br\u00fcssel um die Ma\u00dfnahmen zur Umsetzung des neuen 55-Prozent-Ziels unterst\u00fctzen. Kurzfristig m\u00fcssen die umfangreichen Mittel aus dem neuen EU-Haushalt und dem Corona-Konjunkturprogramm zielgerichtet f\u00fcr beschleunigten Klimaschutz genutzt werden.<\/p>\n\n\n\n<p>Das <a href=\"https:\/\/static.agora-energiewende.de\/fileadmin\/Projekte\/2021\/2021_06_DE_100Tage_LP20\/A-EW_229_Klimaschutz-Sofortprogramm_WEB.pdf\">Impulspapier \u201eDas Klimaschutz-Sofortprogramm &#8211; 22 Eckpunkte f\u00fcr die ersten 100 Tage der neuen Bundesregierung\u201c<\/a> ist in Zusammenarbeit mit der Stiftung Klimaneutralit\u00e4t und Agora Verkehrswende entstanden.<\/p>\n\n\n<h5 class=\"green\">Quelle<\/h5>\r\n\n\n\n<p><a href=\"https:\/\/www.agora-energiewende.de\">Agora Energiewende 2021<\/a><\/p>\n<div class=\"shariff shariff-align-flex-start shariff-widget-align-flex-start\"><div class=\"ShariffHeadline\">Diese Meldung teilen<\/div><ul class=\"shariff-buttons theme-round orientation-horizontal buttonsize-medium\"><li class=\"shariff-button facebook shariff-nocustomcolor\" style=\"background-color:#4273c8;border-radius:1%\"><a href=\"https:\/\/www.facebook.com\/sharer\/sharer.php?u=https%3A%2F%2Fwww.sonnenseite.com%2Fde%2Fpolitik%2Fdas-klimaschutz-sofortprogramm-fuer-die-ersten-100-tage%2F\" title=\"Bei Facebook teilen\" aria-label=\"Bei Facebook teilen\" role=\"button\" rel=\"nofollow\" class=\"shariff-link\" style=\";border-radius:1%; background-color:#3b5998; color:#fff\" target=\"_blank\"><span class=\"shariff-icon\" style=\"\"><svg width=\"32px\" height=\"20px\" xmlns=\"http:\/\/www.w3.org\/2000\/svg\" viewBox=\"0 0 18 32\"><path fill=\"#3b5998\" d=\"M17.1 0.2v4.7h-2.8q-1.5 0-2.1 0.6t-0.5 1.9v3.4h5.2l-0.7 5.3h-4.5v13.6h-5.5v-13.6h-4.5v-5.3h4.5v-3.9q0-3.3 1.9-5.2t5-1.8q2.6 0 4.1 0.2z\"\/><\/svg><\/span><\/a><\/li><li class=\"shariff-button twitter shariff-nocustomcolor\" style=\"background-color:#595959;border-radius:1%\"><a href=\"https:\/\/twitter.com\/share?url=https%3A%2F%2Fwww.sonnenseite.com%2Fde%2Fpolitik%2Fdas-klimaschutz-sofortprogramm-fuer-die-ersten-100-tage%2F&text=Das%20Klimaschutz-Sofortprogramm%20f%C3%BCr%20die%20ersten%20100%20Tage\" title=\"Bei X teilen\" aria-label=\"Bei X teilen\" role=\"button\" rel=\"noopener nofollow\" class=\"shariff-link\" style=\";border-radius:1%; background-color:#000; color:#fff\" target=\"_blank\"><span class=\"shariff-icon\" style=\"\"><svg width=\"32px\" height=\"20px\" xmlns=\"http:\/\/www.w3.org\/2000\/svg\" viewBox=\"0 0 24 24\"><path fill=\"#000\" d=\"M14.258 10.152L23.176 0h-2.113l-7.747 8.813L7.133 0H0l9.352 13.328L0 23.973h2.113l8.176-9.309 6.531 9.309h7.133zm-2.895 3.293l-.949-1.328L2.875 1.56h3.246l6.086 8.523.945 1.328 7.91 11.078h-3.246zm0 0\"\/><\/svg><\/span><\/a><\/li><li class=\"shariff-button xing shariff-nocustomcolor\" style=\"background-color:#29888a;border-radius:1%\"><a href=\"https:\/\/www.xing.com\/spi\/shares\/new?url=https%3A%2F%2Fwww.sonnenseite.com%2Fde%2Fpolitik%2Fdas-klimaschutz-sofortprogramm-fuer-die-ersten-100-tage%2F\" title=\"Bei XING teilen\" aria-label=\"Bei XING teilen\" role=\"button\" rel=\"noopener nofollow\" class=\"shariff-link\" style=\";border-radius:1%; background-color:#126567; color:#fff\" target=\"_blank\"><span class=\"shariff-icon\" style=\"\"><svg width=\"32px\" height=\"20px\" xmlns=\"http:\/\/www.w3.org\/2000\/svg\" viewBox=\"0 0 25 32\"><path fill=\"#126567\" d=\"M10.7 11.9q-0.2 0.3-4.6 8.2-0.5 0.8-1.2 0.8h-4.3q-0.4 0-0.5-0.3t0-0.6l4.5-8q0 0 0 0l-2.9-5q-0.2-0.4 0-0.7 0.2-0.3 0.5-0.3h4.3q0.7 0 1.2 0.8zM25.1 0.4q0.2 0.3 0 0.7l-9.4 16.7 6 11q0.2 0.4 0 0.6-0.2 0.3-0.6 0.3h-4.3q-0.7 0-1.2-0.8l-6-11.1q0.3-0.6 9.5-16.8 0.4-0.8 1.2-0.8h4.3q0.4 0 0.5 0.3z\"\/><\/svg><\/span><\/a><\/li><li class=\"shariff-button linkedin shariff-nocustomcolor\" style=\"background-color:#1488bf;border-radius:1%\"><a href=\"https:\/\/www.linkedin.com\/sharing\/share-offsite\/?url=https%3A%2F%2Fwww.sonnenseite.com%2Fde%2Fpolitik%2Fdas-klimaschutz-sofortprogramm-fuer-die-ersten-100-tage%2F\" title=\"Bei LinkedIn teilen\" aria-label=\"Bei LinkedIn teilen\" role=\"button\" rel=\"noopener nofollow\" class=\"shariff-link\" style=\";border-radius:1%; background-color:#0077b5; color:#fff\" target=\"_blank\"><span class=\"shariff-icon\" style=\"\"><svg width=\"32px\" height=\"20px\" xmlns=\"http:\/\/www.w3.org\/2000\/svg\" viewBox=\"0 0 27 32\"><path fill=\"#0077b5\" d=\"M6.2 11.2v17.7h-5.9v-17.7h5.9zM6.6 5.7q0 1.3-0.9 2.2t-2.4 0.9h0q-1.5 0-2.4-0.9t-0.9-2.2 0.9-2.2 2.4-0.9 2.4 0.9 0.9 2.2zM27.4 18.7v10.1h-5.9v-9.5q0-1.9-0.7-2.9t-2.3-1.1q-1.1 0-1.9 0.6t-1.2 1.5q-0.2 0.5-0.2 1.4v9.9h-5.9q0-7.1 0-11.6t0-5.3l0-0.9h5.9v2.6h0q0.4-0.6 0.7-1t1-0.9 1.6-0.8 2-0.3q3 0 4.9 2t1.9 6z\"\/><\/svg><\/span><\/a><\/li><li class=\"shariff-button printer shariff-nocustomcolor\" style=\"background-color:#a8a8a8;border-radius:1%\"><a href=\"javascript:window.print()\" title=\"drucken\" aria-label=\"drucken\" role=\"button\" rel=\"noopener nofollow\" class=\"shariff-link\" style=\";border-radius:1%; background-color:#999; color:#fff\"><span class=\"shariff-icon\" style=\"\"><svg width=\"32px\" height=\"20px\" xmlns=\"http:\/\/www.w3.org\/2000\/svg\" viewBox=\"0 0 30 32\"><path fill=\"#999\" d=\"M6.8 27.4h16v-4.6h-16v4.6zM6.8 16h16v-6.8h-2.8q-0.7 0-1.2-0.5t-0.5-1.2v-2.8h-11.4v11.4zM27.4 17.2q0-0.5-0.3-0.8t-0.8-0.4-0.8 0.4-0.3 0.8 0.3 0.8 0.8 0.3 0.8-0.3 0.3-0.8zM29.7 17.2v7.4q0 0.2-0.2 0.4t-0.4 0.2h-4v2.8q0 0.7-0.5 1.2t-1.2 0.5h-17.2q-0.7 0-1.2-0.5t-0.5-1.2v-2.8h-4q-0.2 0-0.4-0.2t-0.2-0.4v-7.4q0-1.4 1-2.4t2.4-1h1.2v-9.7q0-0.7 0.5-1.2t1.2-0.5h12q0.7 0 1.6 0.4t1.3 0.8l2.7 2.7q0.5 0.5 0.9 1.4t0.4 1.6v4.6h1.1q1.4 0 2.4 1t1 2.4z\"\/><\/svg><\/span><\/a><\/li><li class=\"shariff-button mailto shariff-nocustomcolor\" style=\"background-color:#a8a8a8;border-radius:1%\"><a href=\"mailto:?body=https%3A%2F%2Fwww.sonnenseite.com%2Fde%2Fpolitik%2Fdas-klimaschutz-sofortprogramm-fuer-die-ersten-100-tage%2F&subject=Das%20Klimaschutz-Sofortprogramm%20f%C3%BCr%20die%20ersten%20100%20Tage\" title=\"Per E-Mail versenden\" aria-label=\"Per E-Mail versenden\" role=\"button\" rel=\"noopener nofollow\" class=\"shariff-link\" style=\";border-radius:1%; background-color:#999; color:#fff\"><span class=\"shariff-icon\" style=\"\"><svg width=\"32px\" height=\"20px\" xmlns=\"http:\/\/www.w3.org\/2000\/svg\" viewBox=\"0 0 32 32\"><path fill=\"#999\" d=\"M32 12.7v14.2q0 1.2-0.8 2t-2 0.9h-26.3q-1.2 0-2-0.9t-0.8-2v-14.2q0.8 0.9 1.8 1.6 6.5 4.4 8.9 6.1 1 0.8 1.6 1.2t1.7 0.9 2 0.4h0.1q0.9 0 2-0.4t1.7-0.9 1.6-1.2q3-2.2 8.9-6.1 1-0.7 1.8-1.6zM32 7.4q0 1.4-0.9 2.7t-2.2 2.2q-6.7 4.7-8.4 5.8-0.2 0.1-0.7 0.5t-1 0.7-0.9 0.6-1.1 0.5-0.9 0.2h-0.1q-0.4 0-0.9-0.2t-1.1-0.5-0.9-0.6-1-0.7-0.7-0.5q-1.6-1.1-4.7-3.2t-3.6-2.6q-1.1-0.7-2.1-2t-1-2.5q0-1.4 0.7-2.3t2.1-0.9h26.3q1.2 0 2 0.8t0.9 2z\"\/><\/svg><\/span><\/a><\/li><\/ul><\/div>","protected":false},"excerpt":{"rendered":"<p>Die im Juni dieses Jahres vom Bundestag verabschiedeten Klimaziele erfordern, dass Deutschland seine Klimaschutzanstrengungen verdreifacht. Daf\u00fcr [&hellip;]<\/p>\n","protected":false},"author":3,"featured_media":926,"comment_status":"closed","ping_status":"closed","sticky":false,"template":"","format":"standard","meta":{"inline_featured_image":false,"footnotes":""},"categories":[21],"tags":[],"class_list":["post-74336","post","type-post","status-publish","format-standard","has-post-thumbnail","hentry","category-politik"],"yoast_head":"<!-- This site is optimized with the Yoast SEO plugin v26.5 - https:\/\/yoast.com\/wordpress\/plugins\/seo\/ -->\n<title>Das Klimaschutz-Sofortprogramm f\u00fcr die ersten 100 Tage - Sonnenseite - \u00d6kologische Kommunikation mit Franz Alt<\/title>\n<meta name=\"description\" content=\"Die im Juni dieses Jahres vom Bundestag verabschiedeten Klimaziele erfordern, dass Deutschland seine Klimaschutzanstrengungen verdreifacht. Daf\u00fcr muss die\" \/>\n<meta name=\"robots\" content=\"index, follow, max-snippet:-1, max-image-preview:large, max-video-preview:-1\" \/>\n<link rel=\"canonical\" href=\"https:\/\/www.sonnenseite.com\/de\/politik\/das-klimaschutz-sofortprogramm-fuer-die-ersten-100-tage\/\" \/>\n<meta property=\"og:locale\" content=\"de_DE\" \/>\n<meta property=\"og:type\" content=\"article\" \/>\n<meta property=\"og:title\" content=\"Das Klimaschutz-Sofortprogramm f\u00fcr die ersten 100 Tage - Sonnenseite - \u00d6kologische Kommunikation mit Franz Alt\" \/>\n<meta property=\"og:description\" content=\"Die im Juni dieses Jahres vom Bundestag verabschiedeten Klimaziele erfordern, dass Deutschland seine Klimaschutzanstrengungen verdreifacht. Daf\u00fcr muss die\" \/>\n<meta property=\"og:url\" content=\"https:\/\/www.sonnenseite.com\/de\/politik\/das-klimaschutz-sofortprogramm-fuer-die-ersten-100-tage\/\" \/>\n<meta property=\"og:site_name\" content=\"Sonnenseite\" \/>\n<meta property=\"article:publisher\" content=\"https:\/\/www.facebook.com\/pages\/Franz-Alt-SONNENSEITECOM\/221072987903953?fref=ts\" \/>\n<meta property=\"article:published_time\" content=\"2021-08-30T16:28:25+00:00\" \/>\n<meta property=\"article:modified_time\" content=\"2021-09-15T07:43:10+00:00\" \/>\n<meta property=\"og:image\" content=\"https:\/\/www.sonnenseite.com\/wp-content\/uploads\/2020\/05\/Klimaschutz_nirutdps.jpg\" \/>\n\t<meta property=\"og:image:width\" content=\"770\" \/>\n\t<meta property=\"og:image:height\" content=\"420\" \/>\n\t<meta property=\"og:image:type\" content=\"image\/jpeg\" \/>\n<meta name=\"author\" content=\"Bigi Alt\" \/>\n<meta name=\"twitter:card\" content=\"summary_large_image\" \/>\n<meta name=\"twitter:creator\" content=\"@franzalt\" \/>\n<meta name=\"twitter:site\" content=\"@franzalt\" \/>\n<meta name=\"twitter:label1\" content=\"Verfasst von\" \/>\n\t<meta name=\"twitter:data1\" content=\"Bigi Alt\" \/>\n\t<meta name=\"twitter:label2\" content=\"Gesch\u00e4tzte Lesezeit\" \/>\n\t<meta name=\"twitter:data2\" content=\"8\u00a0Minuten\" \/>\n<script type=\"application\/ld+json\" class=\"yoast-schema-graph\">{\"@context\":\"https:\/\/schema.org\",\"@graph\":[{\"@type\":\"Article\",\"@id\":\"https:\/\/www.sonnenseite.com\/de\/politik\/das-klimaschutz-sofortprogramm-fuer-die-ersten-100-tage\/#article\",\"isPartOf\":{\"@id\":\"https:\/\/www.sonnenseite.com\/de\/politik\/das-klimaschutz-sofortprogramm-fuer-die-ersten-100-tage\/\"},\"author\":{\"name\":\"Bigi Alt\",\"@id\":\"https:\/\/www.sonnenseite.com\/de\/#\/schema\/person\/50fda0e926597684c7cc6695238a4eb9\"},\"headline\":\"Das Klimaschutz-Sofortprogramm f\u00fcr die ersten 100 Tage\",\"datePublished\":\"2021-08-30T16:28:25+00:00\",\"dateModified\":\"2021-09-15T07:43:10+00:00\",\"mainEntityOfPage\":{\"@id\":\"https:\/\/www.sonnenseite.com\/de\/politik\/das-klimaschutz-sofortprogramm-fuer-die-ersten-100-tage\/\"},\"wordCount\":1628,\"publisher\":{\"@id\":\"https:\/\/www.sonnenseite.com\/de\/#organization\"},\"image\":{\"@id\":\"https:\/\/www.sonnenseite.com\/de\/politik\/das-klimaschutz-sofortprogramm-fuer-die-ersten-100-tage\/#primaryimage\"},\"thumbnailUrl\":\"https:\/\/www.sonnenseite.com\/wp-content\/uploads\/2020\/05\/Klimaschutz_nirutdps.jpg\",\"articleSection\":[\"Politik\"],\"inLanguage\":\"de\"},{\"@type\":\"WebPage\",\"@id\":\"https:\/\/www.sonnenseite.com\/de\/politik\/das-klimaschutz-sofortprogramm-fuer-die-ersten-100-tage\/\",\"url\":\"https:\/\/www.sonnenseite.com\/de\/politik\/das-klimaschutz-sofortprogramm-fuer-die-ersten-100-tage\/\",\"name\":\"Das Klimaschutz-Sofortprogramm f\u00fcr die ersten 100 Tage - Sonnenseite - \u00d6kologische Kommunikation mit Franz Alt\",\"isPartOf\":{\"@id\":\"https:\/\/www.sonnenseite.com\/de\/#website\"},\"primaryImageOfPage\":{\"@id\":\"https:\/\/www.sonnenseite.com\/de\/politik\/das-klimaschutz-sofortprogramm-fuer-die-ersten-100-tage\/#primaryimage\"},\"image\":{\"@id\":\"https:\/\/www.sonnenseite.com\/de\/politik\/das-klimaschutz-sofortprogramm-fuer-die-ersten-100-tage\/#primaryimage\"},\"thumbnailUrl\":\"https:\/\/www.sonnenseite.com\/wp-content\/uploads\/2020\/05\/Klimaschutz_nirutdps.jpg\",\"datePublished\":\"2021-08-30T16:28:25+00:00\",\"dateModified\":\"2021-09-15T07:43:10+00:00\",\"description\":\"Die im Juni dieses Jahres vom Bundestag verabschiedeten Klimaziele erfordern, dass Deutschland seine Klimaschutzanstrengungen verdreifacht. Daf\u00fcr muss die\",\"breadcrumb\":{\"@id\":\"https:\/\/www.sonnenseite.com\/de\/politik\/das-klimaschutz-sofortprogramm-fuer-die-ersten-100-tage\/#breadcrumb\"},\"inLanguage\":\"de\",\"potentialAction\":[{\"@type\":\"ReadAction\",\"target\":[\"https:\/\/www.sonnenseite.com\/de\/politik\/das-klimaschutz-sofortprogramm-fuer-die-ersten-100-tage\/\"]}]},{\"@type\":\"ImageObject\",\"inLanguage\":\"de\",\"@id\":\"https:\/\/www.sonnenseite.com\/de\/politik\/das-klimaschutz-sofortprogramm-fuer-die-ersten-100-tage\/#primaryimage\",\"url\":\"https:\/\/www.sonnenseite.com\/wp-content\/uploads\/2020\/05\/Klimaschutz_nirutdps.jpg\",\"contentUrl\":\"https:\/\/www.sonnenseite.com\/wp-content\/uploads\/2020\/05\/Klimaschutz_nirutdps.jpg\",\"width\":770,\"height\":420,\"caption\":\"Depositphotos | nirutdps | Deutschlands Braunkohlekraftwerke werden unter Schwarz-Rot noch eine Weile laufen.\"},{\"@type\":\"BreadcrumbList\",\"@id\":\"https:\/\/www.sonnenseite.com\/de\/politik\/das-klimaschutz-sofortprogramm-fuer-die-ersten-100-tage\/#breadcrumb\",\"itemListElement\":[{\"@type\":\"ListItem\",\"position\":1,\"name\":\"Startseite\",\"item\":\"https:\/\/www.sonnenseite.com\/de\/\"},{\"@type\":\"ListItem\",\"position\":2,\"name\":\"Das Klimaschutz-Sofortprogramm f\u00fcr die ersten 100 Tage\"}]},{\"@type\":\"WebSite\",\"@id\":\"https:\/\/www.sonnenseite.com\/de\/#website\",\"url\":\"https:\/\/www.sonnenseite.com\/de\/\",\"name\":\"Sonnenseite\",\"description\":\"\u00d6kologische Kommunikation mit Franz Alt\",\"publisher\":{\"@id\":\"https:\/\/www.sonnenseite.com\/de\/#organization\"},\"potentialAction\":[{\"@type\":\"SearchAction\",\"target\":{\"@type\":\"EntryPoint\",\"urlTemplate\":\"https:\/\/www.sonnenseite.com\/de\/?s={search_term_string}\"},\"query-input\":{\"@type\":\"PropertyValueSpecification\",\"valueRequired\":true,\"valueName\":\"search_term_string\"}}],\"inLanguage\":\"de\"},{\"@type\":\"Organization\",\"@id\":\"https:\/\/www.sonnenseite.com\/de\/#organization\",\"name\":\"Sonnenseite\",\"url\":\"https:\/\/www.sonnenseite.com\/de\/\",\"logo\":{\"@type\":\"ImageObject\",\"inLanguage\":\"de\",\"@id\":\"https:\/\/www.sonnenseite.com\/de\/#\/schema\/logo\/image\/\",\"url\":\"https:\/\/www.sonnenseite.com\/wp-content\/uploads\/2020\/05\/Sonnenseite_Logo.png\",\"contentUrl\":\"https:\/\/www.sonnenseite.com\/wp-content\/uploads\/2020\/05\/Sonnenseite_Logo.png\",\"width\":377,\"height\":90,\"caption\":\"Sonnenseite\"},\"image\":{\"@id\":\"https:\/\/www.sonnenseite.com\/de\/#\/schema\/logo\/image\/\"},\"sameAs\":[\"https:\/\/www.facebook.com\/pages\/Franz-Alt-SONNENSEITECOM\/221072987903953?fref=ts\",\"https:\/\/x.com\/franzalt\",\"http:\/\/www.youtube.com\/results?search_query&amp;amp;quot;franz_alt&amp;amp;quot;&amp;amp;amp;amp;search_type&amp;amp;amp;amp;aq=f\"]},{\"@type\":\"Person\",\"@id\":\"https:\/\/www.sonnenseite.com\/de\/#\/schema\/person\/50fda0e926597684c7cc6695238a4eb9\",\"name\":\"Bigi Alt\"}]}<\/script>\n<!-- \/ Yoast SEO plugin. -->","yoast_head_json":{"title":"Das Klimaschutz-Sofortprogramm f\u00fcr die ersten 100 Tage - Sonnenseite - \u00d6kologische Kommunikation mit Franz Alt","description":"Die im Juni dieses Jahres vom Bundestag verabschiedeten Klimaziele erfordern, dass Deutschland seine Klimaschutzanstrengungen verdreifacht. Daf\u00fcr muss die","robots":{"index":"index","follow":"follow","max-snippet":"max-snippet:-1","max-image-preview":"max-image-preview:large","max-video-preview":"max-video-preview:-1"},"canonical":"https:\/\/www.sonnenseite.com\/de\/politik\/das-klimaschutz-sofortprogramm-fuer-die-ersten-100-tage\/","og_locale":"de_DE","og_type":"article","og_title":"Das Klimaschutz-Sofortprogramm f\u00fcr die ersten 100 Tage - Sonnenseite - \u00d6kologische Kommunikation mit Franz Alt","og_description":"Die im Juni dieses Jahres vom Bundestag verabschiedeten Klimaziele erfordern, dass Deutschland seine Klimaschutzanstrengungen verdreifacht. Daf\u00fcr muss die","og_url":"https:\/\/www.sonnenseite.com\/de\/politik\/das-klimaschutz-sofortprogramm-fuer-die-ersten-100-tage\/","og_site_name":"Sonnenseite","article_publisher":"https:\/\/www.facebook.com\/pages\/Franz-Alt-SONNENSEITECOM\/221072987903953?fref=ts","article_published_time":"2021-08-30T16:28:25+00:00","article_modified_time":"2021-09-15T07:43:10+00:00","og_image":[{"width":770,"height":420,"url":"https:\/\/www.sonnenseite.com\/wp-content\/uploads\/2020\/05\/Klimaschutz_nirutdps.jpg","type":"image\/jpeg"}],"author":"Bigi Alt","twitter_card":"summary_large_image","twitter_creator":"@franzalt","twitter_site":"@franzalt","twitter_misc":{"Verfasst von":"Bigi Alt","Gesch\u00e4tzte Lesezeit":"8\u00a0Minuten"},"schema":{"@context":"https:\/\/schema.org","@graph":[{"@type":"Article","@id":"https:\/\/www.sonnenseite.com\/de\/politik\/das-klimaschutz-sofortprogramm-fuer-die-ersten-100-tage\/#article","isPartOf":{"@id":"https:\/\/www.sonnenseite.com\/de\/politik\/das-klimaschutz-sofortprogramm-fuer-die-ersten-100-tage\/"},"author":{"name":"Bigi Alt","@id":"https:\/\/www.sonnenseite.com\/de\/#\/schema\/person\/50fda0e926597684c7cc6695238a4eb9"},"headline":"Das Klimaschutz-Sofortprogramm f\u00fcr die ersten 100 Tage","datePublished":"2021-08-30T16:28:25+00:00","dateModified":"2021-09-15T07:43:10+00:00","mainEntityOfPage":{"@id":"https:\/\/www.sonnenseite.com\/de\/politik\/das-klimaschutz-sofortprogramm-fuer-die-ersten-100-tage\/"},"wordCount":1628,"publisher":{"@id":"https:\/\/www.sonnenseite.com\/de\/#organization"},"image":{"@id":"https:\/\/www.sonnenseite.com\/de\/politik\/das-klimaschutz-sofortprogramm-fuer-die-ersten-100-tage\/#primaryimage"},"thumbnailUrl":"https:\/\/www.sonnenseite.com\/wp-content\/uploads\/2020\/05\/Klimaschutz_nirutdps.jpg","articleSection":["Politik"],"inLanguage":"de"},{"@type":"WebPage","@id":"https:\/\/www.sonnenseite.com\/de\/politik\/das-klimaschutz-sofortprogramm-fuer-die-ersten-100-tage\/","url":"https:\/\/www.sonnenseite.com\/de\/politik\/das-klimaschutz-sofortprogramm-fuer-die-ersten-100-tage\/","name":"Das Klimaschutz-Sofortprogramm f\u00fcr die ersten 100 Tage - Sonnenseite - \u00d6kologische Kommunikation mit Franz Alt","isPartOf":{"@id":"https:\/\/www.sonnenseite.com\/de\/#website"},"primaryImageOfPage":{"@id":"https:\/\/www.sonnenseite.com\/de\/politik\/das-klimaschutz-sofortprogramm-fuer-die-ersten-100-tage\/#primaryimage"},"image":{"@id":"https:\/\/www.sonnenseite.com\/de\/politik\/das-klimaschutz-sofortprogramm-fuer-die-ersten-100-tage\/#primaryimage"},"thumbnailUrl":"https:\/\/www.sonnenseite.com\/wp-content\/uploads\/2020\/05\/Klimaschutz_nirutdps.jpg","datePublished":"2021-08-30T16:28:25+00:00","dateModified":"2021-09-15T07:43:10+00:00","description":"Die im Juni dieses Jahres vom Bundestag verabschiedeten Klimaziele erfordern, dass Deutschland seine Klimaschutzanstrengungen verdreifacht. Daf\u00fcr muss die","breadcrumb":{"@id":"https:\/\/www.sonnenseite.com\/de\/politik\/das-klimaschutz-sofortprogramm-fuer-die-ersten-100-tage\/#breadcrumb"},"inLanguage":"de","potentialAction":[{"@type":"ReadAction","target":["https:\/\/www.sonnenseite.com\/de\/politik\/das-klimaschutz-sofortprogramm-fuer-die-ersten-100-tage\/"]}]},{"@type":"ImageObject","inLanguage":"de","@id":"https:\/\/www.sonnenseite.com\/de\/politik\/das-klimaschutz-sofortprogramm-fuer-die-ersten-100-tage\/#primaryimage","url":"https:\/\/www.sonnenseite.com\/wp-content\/uploads\/2020\/05\/Klimaschutz_nirutdps.jpg","contentUrl":"https:\/\/www.sonnenseite.com\/wp-content\/uploads\/2020\/05\/Klimaschutz_nirutdps.jpg","width":770,"height":420,"caption":"Depositphotos | nirutdps | Deutschlands Braunkohlekraftwerke werden unter Schwarz-Rot noch eine Weile laufen."},{"@type":"BreadcrumbList","@id":"https:\/\/www.sonnenseite.com\/de\/politik\/das-klimaschutz-sofortprogramm-fuer-die-ersten-100-tage\/#breadcrumb","itemListElement":[{"@type":"ListItem","position":1,"name":"Startseite","item":"https:\/\/www.sonnenseite.com\/de\/"},{"@type":"ListItem","position":2,"name":"Das Klimaschutz-Sofortprogramm f\u00fcr die ersten 100 Tage"}]},{"@type":"WebSite","@id":"https:\/\/www.sonnenseite.com\/de\/#website","url":"https:\/\/www.sonnenseite.com\/de\/","name":"Sonnenseite","description":"\u00d6kologische Kommunikation mit Franz Alt","publisher":{"@id":"https:\/\/www.sonnenseite.com\/de\/#organization"},"potentialAction":[{"@type":"SearchAction","target":{"@type":"EntryPoint","urlTemplate":"https:\/\/www.sonnenseite.com\/de\/?s={search_term_string}"},"query-input":{"@type":"PropertyValueSpecification","valueRequired":true,"valueName":"search_term_string"}}],"inLanguage":"de"},{"@type":"Organization","@id":"https:\/\/www.sonnenseite.com\/de\/#organization","name":"Sonnenseite","url":"https:\/\/www.sonnenseite.com\/de\/","logo":{"@type":"ImageObject","inLanguage":"de","@id":"https:\/\/www.sonnenseite.com\/de\/#\/schema\/logo\/image\/","url":"https:\/\/www.sonnenseite.com\/wp-content\/uploads\/2020\/05\/Sonnenseite_Logo.png","contentUrl":"https:\/\/www.sonnenseite.com\/wp-content\/uploads\/2020\/05\/Sonnenseite_Logo.png","width":377,"height":90,"caption":"Sonnenseite"},"image":{"@id":"https:\/\/www.sonnenseite.com\/de\/#\/schema\/logo\/image\/"},"sameAs":["https:\/\/www.facebook.com\/pages\/Franz-Alt-SONNENSEITECOM\/221072987903953?fref=ts","https:\/\/x.com\/franzalt","http:\/\/www.youtube.com\/results?search_query&amp;amp;quot;franz_alt&amp;amp;quot;&amp;amp;amp;amp;search_type&amp;amp;amp;amp;aq=f"]},{"@type":"Person","@id":"https:\/\/www.sonnenseite.com\/de\/#\/schema\/person\/50fda0e926597684c7cc6695238a4eb9","name":"Bigi Alt"}]}},"_links":{"self":[{"href":"https:\/\/www.sonnenseite.com\/de\/wp-json\/wp\/v2\/posts\/74336","targetHints":{"allow":["GET"]}}],"collection":[{"href":"https:\/\/www.sonnenseite.com\/de\/wp-json\/wp\/v2\/posts"}],"about":[{"href":"https:\/\/www.sonnenseite.com\/de\/wp-json\/wp\/v2\/types\/post"}],"author":[{"embeddable":true,"href":"https:\/\/www.sonnenseite.com\/de\/wp-json\/wp\/v2\/users\/3"}],"replies":[{"embeddable":true,"href":"https:\/\/www.sonnenseite.com\/de\/wp-json\/wp\/v2\/comments?post=74336"}],"version-history":[{"count":3,"href":"https:\/\/www.sonnenseite.com\/de\/wp-json\/wp\/v2\/posts\/74336\/revisions"}],"predecessor-version":[{"id":74341,"href":"https:\/\/www.sonnenseite.com\/de\/wp-json\/wp\/v2\/posts\/74336\/revisions\/74341"}],"wp:featuredmedia":[{"embeddable":true,"href":"https:\/\/www.sonnenseite.com\/de\/wp-json\/wp\/v2\/media\/926"}],"wp:attachment":[{"href":"https:\/\/www.sonnenseite.com\/de\/wp-json\/wp\/v2\/media?parent=74336"}],"wp:term":[{"taxonomy":"category","embeddable":true,"href":"https:\/\/www.sonnenseite.com\/de\/wp-json\/wp\/v2\/categories?post=74336"},{"taxonomy":"post_tag","embeddable":true,"href":"https:\/\/www.sonnenseite.com\/de\/wp-json\/wp\/v2\/tags?post=74336"}],"curies":[{"name":"wp","href":"https:\/\/api.w.org\/{rel}","templated":true}]}}