{"id":74371,"date":"2021-09-01T09:02:59","date_gmt":"2021-09-01T07:02:59","guid":{"rendered":"https:\/\/www.sonnenseite.com\/?p=74371"},"modified":"2021-09-01T09:03:00","modified_gmt":"2021-09-01T07:03:00","slug":"cdu-bewegt-sich-klimapolitisch-auf-spd-zu","status":"publish","type":"post","link":"https:\/\/www.sonnenseite.com\/de\/politik\/cdu-bewegt-sich-klimapolitisch-auf-spd-zu\/","title":{"rendered":"CDU bewegt sich klimapolitisch auf SPD zu"},"content":{"rendered":"\n<p>Erneuerbaren-Papier des CDU-Pr\u00e4sidiums<\/p>\n\n\n\n<p>Im Umfragetief vor der nahenden Wahl will die CDU nun auch mit Klimaschutz punkten. Mit dem vom Parteipr\u00e4sidium beschlossenen Papier &#8222;Ein Turbo f\u00fcr die Erneuerbaren&#8220; bewegt sich die Partei deutlich in Richtung SPD.<\/p>\n\n\n\n<p>Noch vor wenigen Tagen beschr\u00e4nkte sich <a href=\"https:\/\/de.wikipedia.org\/wiki\/Andreas_Jung_(Politiker)\" target=\"_blank\" rel=\"noreferrer noopener\">Andreas Jung<\/a>, Fraktionsvize der Union im Bundestag, <a href=\"https:\/\/www.klimareporter.de\/deutschland\/scholz-robbt-sich-an-frueheren-kohleausstieg-heran\" target=\"_blank\" rel=\"noreferrer noopener\">in der Klimadebatte<\/a> bei den Umweltverb\u00e4nden auf Allgemeinpl\u00e4tze: Abschaffung der EEG-Umlage, schnellere Planungsverfahren, Deckelung der CO<sub>2<\/sub>-Emissionen und &#8222;Technologieoffenheit&#8220; geh\u00f6rten zu seinen wichtigsten Punkten.<\/p>\n\n\n\n<p>Zu dem Zeitpunkt muss Jung als Mitautor eines ambitionierten <a href=\"https:\/\/assets.ctfassets.net\/nwwnl7ifahow\/3qj9f6lzaHuYVXwF55Zie0\/e243cfe42c8562d40bbd8936a235f35b\/Ein_Turbo_f__r_die_Erneuerbaren.pdf\" target=\"_blank\" rel=\"noreferrer noopener\">Erneuerbaren-Papiers<\/a> schon ziemlich genau gewusst haben, was dann gestern in 15 Punkten vom CDU-Pr\u00e4sidium beschlossen wurde. Davon lie\u00df der CDU-Politiker, l\u00e4sst man die Klimadebatte Revue passieren, aber kein Sterbensw\u00f6rtchen verlauten.<\/p>\n\n\n\n<p>Ein Grund k\u00f6nnte sein, dass Jung dann dem SPD-Kanzlerkandidaten <a href=\"https:\/\/www.klimareporter.de\/deutschland\/spd-macht-klimaschutz-zum-wahlkampf-schwerpunkt\" target=\"_blank\" rel=\"noreferrer noopener\">Olaf Scholz<\/a> in der Debatte ein ums andere Mal h\u00e4tte beipflichten m\u00fcssen. So sprach sich Scholz \u2013 wie seit Monaten <a href=\"https:\/\/www.klimareporter.de\/deutschland\/spd-entwurf-wahlprogramm\" target=\"_blank\" rel=\"noreferrer noopener\">die ganze SPD<\/a> \u2013 daf\u00fcr aus, schnell in den forcierten Ausbau der erneuerbaren Energien einzusteigen, daf\u00fcr de facto einen ehrgeizigen Plan vorzulegen.<\/p>\n\n\n\n<p>Nun will auch die CDU, so steht in ihrem Papier, bei den Erneuerbaren den &#8222;Turbo&#8220; anwerfen. Seitenlang listet die Partei auf, wof\u00fcr \u00d6kostrom k\u00fcnftig alles gebraucht werde \u2013 als Ersatz f\u00fcr Fossilstrom, in klimaneutralen Geb\u00e4uden und zum Herstellen von <a href=\"https:\/\/www.klimareporter.de\/tag\/wasserstoff\" target=\"_blank\" rel=\"noreferrer noopener\">Wasserstoff<\/a>. Bei beiden Groko-Parteien ist die Erneuerbaren-Erz\u00e4hlung jetzt der Kern ihrer Klimaschutz-Story.<\/p>\n\n\n\n<p>Bei den Genehmigungen f\u00fcr neue Windkraft schreibt die CDU im Papier sogar ziemlich w\u00f6rtlich bei Scholz ab. Der <a href=\"https:\/\/www.volksstimme.de\/deutschland-und-welt\/deutschland\/scholz-genehmigung-fur-windrader-in-maximal-sechs-monaten-3215026\" target=\"_blank\" rel=\"noreferrer noopener\">erz\u00e4hlt seit Wochen davon<\/a>, dass neue Anlagen statt in sechs Jahren in sechs Monaten zu genehmigen seien. Bei der CDU hei\u00dft es nun, bei Windanlagen an Land d\u00fcrfe die Verfahrensdauer &#8222;l\u00e4ngstens ein halbes Jahr andauern&#8220;.<\/p>\n\n\n\n<p>Daneben nimmt sich die CDU in ihrem Papier erneut jede Menge bereits beschlossener oder seit Jahren auf der Agenda stehender Forderungen vor&nbsp;\u2013 vom Netzausbau \u00fcber die <a href=\"https:\/\/www.klimareporter.de\/strom\/die-ganz-grosse-koalition-gegen-die-eeg-umlage\" target=\"_blank\" rel=\"noreferrer noopener\">Streichung der EEG-Umlage<\/a> bis zu &#8222;Quartiersans\u00e4tzen&#8220; im Strommarkt.<\/p>\n\n\n\n<h5 class=\"wp-block-heading\">Technik soll Fl\u00e4chenkonflikte l\u00f6sen<\/h5>\n\n\n\n<p>Im Detail umschifft die Partei selbstverst\u00e4ndlich die harten Konfliktpunkte. F\u00fcr den Ausbau der Erneuerbaren sollen &#8222;mindestens zwei Prozent der Landesfl\u00e4che zur Verf\u00fcgung stehen&#8220;, hei\u00dft es etwa im &#8222;Turbo-Papier&#8220;. Diese Fl\u00e4che soll aber nicht, wie diverse Thinktanks und die Branche selbst <a href=\"https:\/\/www.klimareporter.de\/strom\/zwei-prozent-mit-vielen-unwaegbarkeiten\" target=\"_blank\" rel=\"noreferrer noopener\">es f\u00fcr n\u00f6tig halten<\/a>, allein f\u00fcr Windkraft an Land reserviert werden.<\/p>\n\n\n\n<p>Stattdessen sollen auf den zwei Prozent nach dem Willen der CDU &#8222;Vorrangfl\u00e4chen f\u00fcr Photovoltaik und Windenergie&#8220; eingerichtet werden. Wie die SPD und <a href=\"https:\/\/www.klimareporter.de\/deutschland\/soeders-sanfter-klimaruck\" target=\"_blank\" rel=\"noreferrer noopener\">die Schwesterpartei CSU<\/a> setzt auch die CDU darauf, die vermutlich konflikt\u00e4rmere Solarstromerzeugung in den Vordergrund zu r\u00fccken und so dem w\u00e4hlerstimmengef\u00e4hrdenden Zorn der Anti-Windkraft-Initiativen zu entgehen.<\/p>\n\n\n\n<p>Die CDU nennt ihre Ideensammlung in dem Papier hochtrabend &#8222;Sonnenpaket&#8220;. Das &#8222;Paket&#8220; beinhaltet aber keine <a href=\"https:\/\/www.klimareporter.de\/strom\/kein-neues-haus-ohne-solardach\" target=\"_blank\" rel=\"noreferrer noopener\">bundesweite &#8222;Solarpflicht&#8220;<\/a>, vielmehr stecken darin eine Onlineplattform f\u00fcr schnelle Genehmigungen sowie zinslose Darlehen f\u00fcrs eigene Solardach.<\/p>\n\n\n\n<p>Die Partei reagiert hier offensichtlich auf j\u00fcngste Klagen aus der Immobilienbranche, die eine Solarpflicht als unzumutbare finanzielle Belastung ansieht \u2013 obwohl sich durch die EEG-F\u00f6rderung fast jedes Solardach nach einigen Jahren bezahlt macht. Man darf, nebenbei gesagt, gespannt sein, ob so eine solare Doppelf\u00f6rderung \u2013 zinsloses Darlehen und EEG-Zuschuss \u2013 rechtlich \u00fcberhaupt m\u00f6glich ist.<\/p>\n\n\n\n<p>Einer der wenigen interessanten Punkte im CDU-Papier ist der zum Fl\u00e4chenverbrauch. So soll die Forschung zu Doppelnutzungen forciert werden, beispielsweise <a href=\"https:\/\/www.klimareporter.de\/technik\/den-acker-doppelt-nutzen\" target=\"_blank\" rel=\"noreferrer noopener\">Agro-<\/a>, <a href=\"https:\/\/www.klimareporter.de\/gebaude\/in-wien-doppelt-gruen-aufs-dach\" target=\"_blank\" rel=\"noreferrer noopener\">Biodiversit\u00e4ts-<\/a> und <a href=\"https:\/\/www.klimareporter.de\/technik\/bei-floating-photovoltaik-ruht-der-see\" target=\"_blank\" rel=\"noreferrer noopener\">Floating-Photovoltaik<\/a>. Landwirtschaftliche Fl\u00e4che, die hybrid genutzt wird, soll die gleichen Direktzahlungen erhalten wie bei blo\u00dfer agrarischer Nutzung.<\/p>\n\n\n\n<h5 class=\"wp-block-heading\">&#8222;Lose Stichwortsammlung&#8220;<\/h5>\n\n\n\n<p>Von einem &#8222;Sonnenpaket&#8220; sprach die CDU-Spitze allerdings auch schon Anfang Mai dieses Jahres \u2013 als Reaktion auf <a href=\"https:\/\/www.klimareporter.de\/deutschland\/klimaschutzgesetz-ist-teilweise-verfassungswidrig-schwach\" target=\"_blank\" rel=\"noreferrer noopener\">das Klimaurteil<\/a> des Bundesverfassungsgerichts. Mit dem Paket wolle man daf\u00fcr sorgen, dass D\u00e4cher, Parkpl\u00e4tze und Freifl\u00e4chen genutzt und Photovoltaik in Kombination mit Landwirtschaft f\u00fcr Solarenergie vorangebracht werden, erz\u00e4hlte<a href=\"https:\/\/www.cdu.de\/artikel\/wir-wollen-technologiefuehrerschaft-unserer-wirtschaft\" target=\"_blank\" rel=\"noreferrer noopener\"> Andreas Jung an der Seite von Laschet<\/a> nach einer Sitzung des Pr\u00e4sidiums. Die Steuerf\u00f6rderung in Klimatechnologien m\u00fcsse &#8222;deutlich st\u00e4rker werden und die Abschreibungsm\u00f6glichkeiten besser&#8220;, so Jung damals.<\/p>\n\n\n\n<p>Laschet sprach da \u00fcbrigens noch von einem anzustrebenden CO<sub>2<\/sub>-Mindestpreis im europ\u00e4ischen Emissionshandel. Davon ist im jetzigen Papier keine Rede mehr. Darin wird nur noch nebul\u00f6s ein &#8222;Innovationssignal der CO<sub>2<\/sub>-Bepreisung im Emissionshandel&#8220; beschrieben.<\/p>\n\n\n\n<p>Die gr\u00fcne und linke Konkurrenz k\u00f6nnen die neuen alten T\u00f6ne aus der Union naturgem\u00e4\u00df nicht \u00fcberzeugen. F\u00fcr <a href=\"https:\/\/www.klimareporter.de\/deutschland\/wo-ist-die-buergerenergie-offensive\" target=\"_blank\" rel=\"noreferrer noopener\">Julia Verlinden<\/a>, energiepolitische Sprecherin der Gr\u00fcnen im Bundestag, legt die CDU nach 16 Jahren an der Regierung &#8222;zehn Seiten Prosa&#8220; vor, was man f\u00fcr die Erneuerbaren alles tun m\u00fcsste.<\/p>\n\n\n\n<p>&#8222;Die Union kann ihre jahrelange Klimaschutzblockade nicht kaschieren, indem sie kurz vor der Wahl eine lose Stichwortsammlung ver\u00f6ffentlicht&#8220;, kritisiert Verlinden. Die CDU sei den Herausforderungen der Klimakrise schlicht nicht gewachsen.<\/p>\n\n\n\n<p>Das CDU-Papier sei ein &#8222;blamables Sammelsurium an laschen Allgemeinpl\u00e4tzen&#8220;, urteilt <a href=\"https:\/\/www.klimareporter.de\/deutschland\/klimaleugnung-mit-kalkuel\" target=\"_blank\" rel=\"noreferrer noopener\">Lorenz G\u00f6sta Beutin<\/a>, Klima- und Energiepolitiker der Linksfraktion. Kanzlerkandidat Armin Laschet nehme <a href=\"https:\/\/www.klimareporter.de\/tag\/datteln-4\" target=\"_blank\" rel=\"noreferrer noopener\">neue Kohlekraftwerke<\/a> in Betrieb, lasse D\u00f6rfer f\u00fcr Braunkohle <a href=\"https:\/\/www.klimareporter.de\/deutschland\/armin-laschet-dreist-luegen\" target=\"_blank\" rel=\"noreferrer noopener\">abbaggern<\/a> und beschr\u00e4nke die Windkraft, z\u00e4hlte Beutin auf \u2013 da erscheine das Papier als &#8222;unlauteres Greenwashing&#8220;.<\/p>\n\n\n<h5 class=\"green\">Quelle<\/h5>\r\n\n\n\n<p>Der Bericht wurde von der\u00a0<a href=\"https:\/\/www.klimareporter.de\/deutschland\/cdu-bewegt-sich-klimapolitisch-auf-spd-zu\">Redaktion \u201eklimareporter.de\u201c (J\u00f6rg Staude) 2021<\/a>\u00a0verfasst &#8211; der Artikel darf nicht ohne Genehmigung\u00a0(<a href=\"mailto:post@klimareporter.de\">post@klimareporter.de<\/a>) weiterverbreitet werden!\u00a0<\/p>\n<div class=\"shariff shariff-align-flex-start shariff-widget-align-flex-start\"><div class=\"ShariffHeadline\">Diese Meldung teilen<\/div><ul class=\"shariff-buttons theme-round orientation-horizontal buttonsize-medium\"><li class=\"shariff-button facebook shariff-nocustomcolor\" style=\"background-color:#4273c8;border-radius:1%\"><a href=\"https:\/\/www.facebook.com\/sharer\/sharer.php?u=https%3A%2F%2Fwww.sonnenseite.com%2Fde%2Fpolitik%2Fcdu-bewegt-sich-klimapolitisch-auf-spd-zu%2F\" title=\"Bei Facebook teilen\" aria-label=\"Bei Facebook teilen\" role=\"button\" rel=\"nofollow\" class=\"shariff-link\" style=\";border-radius:1%; background-color:#3b5998; color:#fff\" target=\"_blank\"><span class=\"shariff-icon\" style=\"\"><svg width=\"32px\" height=\"20px\" xmlns=\"http:\/\/www.w3.org\/2000\/svg\" viewBox=\"0 0 18 32\"><path fill=\"#3b5998\" d=\"M17.1 0.2v4.7h-2.8q-1.5 0-2.1 0.6t-0.5 1.9v3.4h5.2l-0.7 5.3h-4.5v13.6h-5.5v-13.6h-4.5v-5.3h4.5v-3.9q0-3.3 1.9-5.2t5-1.8q2.6 0 4.1 0.2z\"\/><\/svg><\/span><\/a><\/li><li class=\"shariff-button twitter shariff-nocustomcolor\" style=\"background-color:#595959;border-radius:1%\"><a href=\"https:\/\/twitter.com\/share?url=https%3A%2F%2Fwww.sonnenseite.com%2Fde%2Fpolitik%2Fcdu-bewegt-sich-klimapolitisch-auf-spd-zu%2F&text=CDU%20bewegt%20sich%20klimapolitisch%20auf%20SPD%20zu\" title=\"Bei X teilen\" aria-label=\"Bei X teilen\" role=\"button\" rel=\"noopener nofollow\" class=\"shariff-link\" style=\";border-radius:1%; background-color:#000; color:#fff\" target=\"_blank\"><span class=\"shariff-icon\" style=\"\"><svg width=\"32px\" height=\"20px\" xmlns=\"http:\/\/www.w3.org\/2000\/svg\" viewBox=\"0 0 24 24\"><path fill=\"#000\" d=\"M14.258 10.152L23.176 0h-2.113l-7.747 8.813L7.133 0H0l9.352 13.328L0 23.973h2.113l8.176-9.309 6.531 9.309h7.133zm-2.895 3.293l-.949-1.328L2.875 1.56h3.246l6.086 8.523.945 1.328 7.91 11.078h-3.246zm0 0\"\/><\/svg><\/span><\/a><\/li><li class=\"shariff-button xing shariff-nocustomcolor\" style=\"background-color:#29888a;border-radius:1%\"><a href=\"https:\/\/www.xing.com\/spi\/shares\/new?url=https%3A%2F%2Fwww.sonnenseite.com%2Fde%2Fpolitik%2Fcdu-bewegt-sich-klimapolitisch-auf-spd-zu%2F\" title=\"Bei XING teilen\" aria-label=\"Bei XING teilen\" role=\"button\" rel=\"noopener nofollow\" class=\"shariff-link\" style=\";border-radius:1%; background-color:#126567; color:#fff\" target=\"_blank\"><span class=\"shariff-icon\" style=\"\"><svg width=\"32px\" height=\"20px\" xmlns=\"http:\/\/www.w3.org\/2000\/svg\" viewBox=\"0 0 25 32\"><path fill=\"#126567\" d=\"M10.7 11.9q-0.2 0.3-4.6 8.2-0.5 0.8-1.2 0.8h-4.3q-0.4 0-0.5-0.3t0-0.6l4.5-8q0 0 0 0l-2.9-5q-0.2-0.4 0-0.7 0.2-0.3 0.5-0.3h4.3q0.7 0 1.2 0.8zM25.1 0.4q0.2 0.3 0 0.7l-9.4 16.7 6 11q0.2 0.4 0 0.6-0.2 0.3-0.6 0.3h-4.3q-0.7 0-1.2-0.8l-6-11.1q0.3-0.6 9.5-16.8 0.4-0.8 1.2-0.8h4.3q0.4 0 0.5 0.3z\"\/><\/svg><\/span><\/a><\/li><li class=\"shariff-button linkedin shariff-nocustomcolor\" style=\"background-color:#1488bf;border-radius:1%\"><a href=\"https:\/\/www.linkedin.com\/sharing\/share-offsite\/?url=https%3A%2F%2Fwww.sonnenseite.com%2Fde%2Fpolitik%2Fcdu-bewegt-sich-klimapolitisch-auf-spd-zu%2F\" title=\"Bei LinkedIn teilen\" aria-label=\"Bei LinkedIn teilen\" role=\"button\" rel=\"noopener nofollow\" class=\"shariff-link\" style=\";border-radius:1%; background-color:#0077b5; color:#fff\" target=\"_blank\"><span class=\"shariff-icon\" style=\"\"><svg width=\"32px\" height=\"20px\" xmlns=\"http:\/\/www.w3.org\/2000\/svg\" viewBox=\"0 0 27 32\"><path fill=\"#0077b5\" d=\"M6.2 11.2v17.7h-5.9v-17.7h5.9zM6.6 5.7q0 1.3-0.9 2.2t-2.4 0.9h0q-1.5 0-2.4-0.9t-0.9-2.2 0.9-2.2 2.4-0.9 2.4 0.9 0.9 2.2zM27.4 18.7v10.1h-5.9v-9.5q0-1.9-0.7-2.9t-2.3-1.1q-1.1 0-1.9 0.6t-1.2 1.5q-0.2 0.5-0.2 1.4v9.9h-5.9q0-7.1 0-11.6t0-5.3l0-0.9h5.9v2.6h0q0.4-0.6 0.7-1t1-0.9 1.6-0.8 2-0.3q3 0 4.9 2t1.9 6z\"\/><\/svg><\/span><\/a><\/li><li class=\"shariff-button printer shariff-nocustomcolor\" style=\"background-color:#a8a8a8;border-radius:1%\"><a href=\"javascript:window.print()\" title=\"drucken\" aria-label=\"drucken\" role=\"button\" rel=\"noopener nofollow\" class=\"shariff-link\" style=\";border-radius:1%; background-color:#999; color:#fff\"><span class=\"shariff-icon\" style=\"\"><svg width=\"32px\" height=\"20px\" xmlns=\"http:\/\/www.w3.org\/2000\/svg\" viewBox=\"0 0 30 32\"><path fill=\"#999\" d=\"M6.8 27.4h16v-4.6h-16v4.6zM6.8 16h16v-6.8h-2.8q-0.7 0-1.2-0.5t-0.5-1.2v-2.8h-11.4v11.4zM27.4 17.2q0-0.5-0.3-0.8t-0.8-0.4-0.8 0.4-0.3 0.8 0.3 0.8 0.8 0.3 0.8-0.3 0.3-0.8zM29.7 17.2v7.4q0 0.2-0.2 0.4t-0.4 0.2h-4v2.8q0 0.7-0.5 1.2t-1.2 0.5h-17.2q-0.7 0-1.2-0.5t-0.5-1.2v-2.8h-4q-0.2 0-0.4-0.2t-0.2-0.4v-7.4q0-1.4 1-2.4t2.4-1h1.2v-9.7q0-0.7 0.5-1.2t1.2-0.5h12q0.7 0 1.6 0.4t1.3 0.8l2.7 2.7q0.5 0.5 0.9 1.4t0.4 1.6v4.6h1.1q1.4 0 2.4 1t1 2.4z\"\/><\/svg><\/span><\/a><\/li><li class=\"shariff-button mailto shariff-nocustomcolor\" style=\"background-color:#a8a8a8;border-radius:1%\"><a href=\"mailto:?body=https%3A%2F%2Fwww.sonnenseite.com%2Fde%2Fpolitik%2Fcdu-bewegt-sich-klimapolitisch-auf-spd-zu%2F&subject=CDU%20bewegt%20sich%20klimapolitisch%20auf%20SPD%20zu\" title=\"Per E-Mail versenden\" aria-label=\"Per E-Mail versenden\" role=\"button\" rel=\"noopener nofollow\" class=\"shariff-link\" style=\";border-radius:1%; background-color:#999; color:#fff\"><span class=\"shariff-icon\" style=\"\"><svg width=\"32px\" height=\"20px\" xmlns=\"http:\/\/www.w3.org\/2000\/svg\" viewBox=\"0 0 32 32\"><path fill=\"#999\" d=\"M32 12.7v14.2q0 1.2-0.8 2t-2 0.9h-26.3q-1.2 0-2-0.9t-0.8-2v-14.2q0.8 0.9 1.8 1.6 6.5 4.4 8.9 6.1 1 0.8 1.6 1.2t1.7 0.9 2 0.4h0.1q0.9 0 2-0.4t1.7-0.9 1.6-1.2q3-2.2 8.9-6.1 1-0.7 1.8-1.6zM32 7.4q0 1.4-0.9 2.7t-2.2 2.2q-6.7 4.7-8.4 5.8-0.2 0.1-0.7 0.5t-1 0.7-0.9 0.6-1.1 0.5-0.9 0.2h-0.1q-0.4 0-0.9-0.2t-1.1-0.5-0.9-0.6-1-0.7-0.7-0.5q-1.6-1.1-4.7-3.2t-3.6-2.6q-1.1-0.7-2.1-2t-1-2.5q0-1.4 0.7-2.3t2.1-0.9h26.3q1.2 0 2 0.8t0.9 2z\"\/><\/svg><\/span><\/a><\/li><\/ul><\/div>","protected":false},"excerpt":{"rendered":"<p>Erneuerbaren-Papier des CDU-Pr\u00e4sidiums Im Umfragetief vor der nahenden Wahl will die CDU nun auch mit Klimaschutz [&hellip;]<\/p>\n","protected":false},"author":3,"featured_media":1042,"comment_status":"closed","ping_status":"closed","sticky":false,"template":"","format":"standard","meta":{"inline_featured_image":false,"footnotes":""},"categories":[21],"tags":[],"class_list":["post-74371","post","type-post","status-publish","format-standard","has-post-thumbnail","hentry","category-politik"],"yoast_head":"<!-- This site is optimized with the Yoast SEO plugin v26.5 - https:\/\/yoast.com\/wordpress\/plugins\/seo\/ -->\n<title>CDU bewegt sich klimapolitisch auf SPD zu - Sonnenseite - \u00d6kologische Kommunikation mit Franz Alt<\/title>\n<meta name=\"description\" content=\"Erneuerbaren-Papier des CDU-Pr\u00e4sidiums Im Umfragetief vor der nahenden Wahl will die CDU nun auch mit Klimaschutz punkten. Mit dem vom Parteipr\u00e4sidium\" \/>\n<meta name=\"robots\" content=\"index, follow, max-snippet:-1, max-image-preview:large, max-video-preview:-1\" \/>\n<link rel=\"canonical\" href=\"https:\/\/www.sonnenseite.com\/de\/politik\/cdu-bewegt-sich-klimapolitisch-auf-spd-zu\/\" \/>\n<meta property=\"og:locale\" content=\"de_DE\" \/>\n<meta property=\"og:type\" content=\"article\" \/>\n<meta property=\"og:title\" content=\"CDU bewegt sich klimapolitisch auf SPD zu - Sonnenseite - \u00d6kologische Kommunikation mit Franz Alt\" \/>\n<meta property=\"og:description\" content=\"Erneuerbaren-Papier des CDU-Pr\u00e4sidiums Im Umfragetief vor der nahenden Wahl will die CDU nun auch mit Klimaschutz punkten. Mit dem vom Parteipr\u00e4sidium\" \/>\n<meta property=\"og:url\" content=\"https:\/\/www.sonnenseite.com\/de\/politik\/cdu-bewegt-sich-klimapolitisch-auf-spd-zu\/\" \/>\n<meta property=\"og:site_name\" content=\"Sonnenseite\" \/>\n<meta property=\"article:publisher\" content=\"https:\/\/www.facebook.com\/pages\/Franz-Alt-SONNENSEITECOM\/221072987903953?fref=ts\" \/>\n<meta property=\"article:published_time\" content=\"2021-09-01T07:02:59+00:00\" \/>\n<meta property=\"article:modified_time\" content=\"2021-09-01T07:03:00+00:00\" \/>\n<meta property=\"og:image\" content=\"https:\/\/www.sonnenseite.com\/wp-content\/uploads\/2020\/05\/CDU_chrissi.jpg\" \/>\n\t<meta property=\"og:image:width\" content=\"770\" \/>\n\t<meta property=\"og:image:height\" content=\"420\" \/>\n\t<meta property=\"og:image:type\" content=\"image\/jpeg\" \/>\n<meta name=\"author\" content=\"Bigi Alt\" \/>\n<meta name=\"twitter:card\" content=\"summary_large_image\" \/>\n<meta name=\"twitter:creator\" content=\"@franzalt\" \/>\n<meta name=\"twitter:site\" content=\"@franzalt\" \/>\n<meta name=\"twitter:label1\" content=\"Verfasst von\" \/>\n\t<meta name=\"twitter:data1\" content=\"Bigi Alt\" \/>\n\t<meta name=\"twitter:label2\" content=\"Gesch\u00e4tzte Lesezeit\" \/>\n\t<meta name=\"twitter:data2\" content=\"4\u00a0Minuten\" \/>\n<script type=\"application\/ld+json\" class=\"yoast-schema-graph\">{\"@context\":\"https:\/\/schema.org\",\"@graph\":[{\"@type\":\"Article\",\"@id\":\"https:\/\/www.sonnenseite.com\/de\/politik\/cdu-bewegt-sich-klimapolitisch-auf-spd-zu\/#article\",\"isPartOf\":{\"@id\":\"https:\/\/www.sonnenseite.com\/de\/politik\/cdu-bewegt-sich-klimapolitisch-auf-spd-zu\/\"},\"author\":{\"name\":\"Bigi Alt\",\"@id\":\"https:\/\/www.sonnenseite.com\/de\/#\/schema\/person\/50fda0e926597684c7cc6695238a4eb9\"},\"headline\":\"CDU bewegt sich klimapolitisch auf SPD zu\",\"datePublished\":\"2021-09-01T07:02:59+00:00\",\"dateModified\":\"2021-09-01T07:03:00+00:00\",\"mainEntityOfPage\":{\"@id\":\"https:\/\/www.sonnenseite.com\/de\/politik\/cdu-bewegt-sich-klimapolitisch-auf-spd-zu\/\"},\"wordCount\":862,\"publisher\":{\"@id\":\"https:\/\/www.sonnenseite.com\/de\/#organization\"},\"image\":{\"@id\":\"https:\/\/www.sonnenseite.com\/de\/politik\/cdu-bewegt-sich-klimapolitisch-auf-spd-zu\/#primaryimage\"},\"thumbnailUrl\":\"https:\/\/www.sonnenseite.com\/wp-content\/uploads\/2020\/05\/CDU_chrissi.jpg\",\"articleSection\":[\"Politik\"],\"inLanguage\":\"de\"},{\"@type\":\"WebPage\",\"@id\":\"https:\/\/www.sonnenseite.com\/de\/politik\/cdu-bewegt-sich-klimapolitisch-auf-spd-zu\/\",\"url\":\"https:\/\/www.sonnenseite.com\/de\/politik\/cdu-bewegt-sich-klimapolitisch-auf-spd-zu\/\",\"name\":\"CDU bewegt sich klimapolitisch auf SPD zu - Sonnenseite - \u00d6kologische Kommunikation mit Franz Alt\",\"isPartOf\":{\"@id\":\"https:\/\/www.sonnenseite.com\/de\/#website\"},\"primaryImageOfPage\":{\"@id\":\"https:\/\/www.sonnenseite.com\/de\/politik\/cdu-bewegt-sich-klimapolitisch-auf-spd-zu\/#primaryimage\"},\"image\":{\"@id\":\"https:\/\/www.sonnenseite.com\/de\/politik\/cdu-bewegt-sich-klimapolitisch-auf-spd-zu\/#primaryimage\"},\"thumbnailUrl\":\"https:\/\/www.sonnenseite.com\/wp-content\/uploads\/2020\/05\/CDU_chrissi.jpg\",\"datePublished\":\"2021-09-01T07:02:59+00:00\",\"dateModified\":\"2021-09-01T07:03:00+00:00\",\"description\":\"Erneuerbaren-Papier des CDU-Pr\u00e4sidiums Im Umfragetief vor der nahenden Wahl will die CDU nun auch mit Klimaschutz punkten. Mit dem vom Parteipr\u00e4sidium\",\"breadcrumb\":{\"@id\":\"https:\/\/www.sonnenseite.com\/de\/politik\/cdu-bewegt-sich-klimapolitisch-auf-spd-zu\/#breadcrumb\"},\"inLanguage\":\"de\",\"potentialAction\":[{\"@type\":\"ReadAction\",\"target\":[\"https:\/\/www.sonnenseite.com\/de\/politik\/cdu-bewegt-sich-klimapolitisch-auf-spd-zu\/\"]}]},{\"@type\":\"ImageObject\",\"inLanguage\":\"de\",\"@id\":\"https:\/\/www.sonnenseite.com\/de\/politik\/cdu-bewegt-sich-klimapolitisch-auf-spd-zu\/#primaryimage\",\"url\":\"https:\/\/www.sonnenseite.com\/wp-content\/uploads\/2020\/05\/CDU_chrissi.jpg\",\"contentUrl\":\"https:\/\/www.sonnenseite.com\/wp-content\/uploads\/2020\/05\/CDU_chrissi.jpg\",\"width\":770,\"height\":420,\"caption\":\"Depositphotos | chrissi\"},{\"@type\":\"BreadcrumbList\",\"@id\":\"https:\/\/www.sonnenseite.com\/de\/politik\/cdu-bewegt-sich-klimapolitisch-auf-spd-zu\/#breadcrumb\",\"itemListElement\":[{\"@type\":\"ListItem\",\"position\":1,\"name\":\"Startseite\",\"item\":\"https:\/\/www.sonnenseite.com\/de\/\"},{\"@type\":\"ListItem\",\"position\":2,\"name\":\"CDU bewegt sich klimapolitisch auf SPD zu\"}]},{\"@type\":\"WebSite\",\"@id\":\"https:\/\/www.sonnenseite.com\/de\/#website\",\"url\":\"https:\/\/www.sonnenseite.com\/de\/\",\"name\":\"Sonnenseite\",\"description\":\"\u00d6kologische Kommunikation mit Franz Alt\",\"publisher\":{\"@id\":\"https:\/\/www.sonnenseite.com\/de\/#organization\"},\"potentialAction\":[{\"@type\":\"SearchAction\",\"target\":{\"@type\":\"EntryPoint\",\"urlTemplate\":\"https:\/\/www.sonnenseite.com\/de\/?s={search_term_string}\"},\"query-input\":{\"@type\":\"PropertyValueSpecification\",\"valueRequired\":true,\"valueName\":\"search_term_string\"}}],\"inLanguage\":\"de\"},{\"@type\":\"Organization\",\"@id\":\"https:\/\/www.sonnenseite.com\/de\/#organization\",\"name\":\"Sonnenseite\",\"url\":\"https:\/\/www.sonnenseite.com\/de\/\",\"logo\":{\"@type\":\"ImageObject\",\"inLanguage\":\"de\",\"@id\":\"https:\/\/www.sonnenseite.com\/de\/#\/schema\/logo\/image\/\",\"url\":\"https:\/\/www.sonnenseite.com\/wp-content\/uploads\/2020\/05\/Sonnenseite_Logo.png\",\"contentUrl\":\"https:\/\/www.sonnenseite.com\/wp-content\/uploads\/2020\/05\/Sonnenseite_Logo.png\",\"width\":377,\"height\":90,\"caption\":\"Sonnenseite\"},\"image\":{\"@id\":\"https:\/\/www.sonnenseite.com\/de\/#\/schema\/logo\/image\/\"},\"sameAs\":[\"https:\/\/www.facebook.com\/pages\/Franz-Alt-SONNENSEITECOM\/221072987903953?fref=ts\",\"https:\/\/x.com\/franzalt\",\"http:\/\/www.youtube.com\/results?search_query&amp;amp;quot;franz_alt&amp;amp;quot;&amp;amp;amp;amp;search_type&amp;amp;amp;amp;aq=f\"]},{\"@type\":\"Person\",\"@id\":\"https:\/\/www.sonnenseite.com\/de\/#\/schema\/person\/50fda0e926597684c7cc6695238a4eb9\",\"name\":\"Bigi Alt\"}]}<\/script>\n<!-- \/ Yoast SEO plugin. -->","yoast_head_json":{"title":"CDU bewegt sich klimapolitisch auf SPD zu - Sonnenseite - \u00d6kologische Kommunikation mit Franz Alt","description":"Erneuerbaren-Papier des CDU-Pr\u00e4sidiums Im Umfragetief vor der nahenden Wahl will die CDU nun auch mit Klimaschutz punkten. Mit dem vom Parteipr\u00e4sidium","robots":{"index":"index","follow":"follow","max-snippet":"max-snippet:-1","max-image-preview":"max-image-preview:large","max-video-preview":"max-video-preview:-1"},"canonical":"https:\/\/www.sonnenseite.com\/de\/politik\/cdu-bewegt-sich-klimapolitisch-auf-spd-zu\/","og_locale":"de_DE","og_type":"article","og_title":"CDU bewegt sich klimapolitisch auf SPD zu - Sonnenseite - \u00d6kologische Kommunikation mit Franz Alt","og_description":"Erneuerbaren-Papier des CDU-Pr\u00e4sidiums Im Umfragetief vor der nahenden Wahl will die CDU nun auch mit Klimaschutz punkten. Mit dem vom Parteipr\u00e4sidium","og_url":"https:\/\/www.sonnenseite.com\/de\/politik\/cdu-bewegt-sich-klimapolitisch-auf-spd-zu\/","og_site_name":"Sonnenseite","article_publisher":"https:\/\/www.facebook.com\/pages\/Franz-Alt-SONNENSEITECOM\/221072987903953?fref=ts","article_published_time":"2021-09-01T07:02:59+00:00","article_modified_time":"2021-09-01T07:03:00+00:00","og_image":[{"width":770,"height":420,"url":"https:\/\/www.sonnenseite.com\/wp-content\/uploads\/2020\/05\/CDU_chrissi.jpg","type":"image\/jpeg"}],"author":"Bigi Alt","twitter_card":"summary_large_image","twitter_creator":"@franzalt","twitter_site":"@franzalt","twitter_misc":{"Verfasst von":"Bigi Alt","Gesch\u00e4tzte Lesezeit":"4\u00a0Minuten"},"schema":{"@context":"https:\/\/schema.org","@graph":[{"@type":"Article","@id":"https:\/\/www.sonnenseite.com\/de\/politik\/cdu-bewegt-sich-klimapolitisch-auf-spd-zu\/#article","isPartOf":{"@id":"https:\/\/www.sonnenseite.com\/de\/politik\/cdu-bewegt-sich-klimapolitisch-auf-spd-zu\/"},"author":{"name":"Bigi Alt","@id":"https:\/\/www.sonnenseite.com\/de\/#\/schema\/person\/50fda0e926597684c7cc6695238a4eb9"},"headline":"CDU bewegt sich klimapolitisch auf SPD zu","datePublished":"2021-09-01T07:02:59+00:00","dateModified":"2021-09-01T07:03:00+00:00","mainEntityOfPage":{"@id":"https:\/\/www.sonnenseite.com\/de\/politik\/cdu-bewegt-sich-klimapolitisch-auf-spd-zu\/"},"wordCount":862,"publisher":{"@id":"https:\/\/www.sonnenseite.com\/de\/#organization"},"image":{"@id":"https:\/\/www.sonnenseite.com\/de\/politik\/cdu-bewegt-sich-klimapolitisch-auf-spd-zu\/#primaryimage"},"thumbnailUrl":"https:\/\/www.sonnenseite.com\/wp-content\/uploads\/2020\/05\/CDU_chrissi.jpg","articleSection":["Politik"],"inLanguage":"de"},{"@type":"WebPage","@id":"https:\/\/www.sonnenseite.com\/de\/politik\/cdu-bewegt-sich-klimapolitisch-auf-spd-zu\/","url":"https:\/\/www.sonnenseite.com\/de\/politik\/cdu-bewegt-sich-klimapolitisch-auf-spd-zu\/","name":"CDU bewegt sich klimapolitisch auf SPD zu - Sonnenseite - \u00d6kologische Kommunikation mit Franz Alt","isPartOf":{"@id":"https:\/\/www.sonnenseite.com\/de\/#website"},"primaryImageOfPage":{"@id":"https:\/\/www.sonnenseite.com\/de\/politik\/cdu-bewegt-sich-klimapolitisch-auf-spd-zu\/#primaryimage"},"image":{"@id":"https:\/\/www.sonnenseite.com\/de\/politik\/cdu-bewegt-sich-klimapolitisch-auf-spd-zu\/#primaryimage"},"thumbnailUrl":"https:\/\/www.sonnenseite.com\/wp-content\/uploads\/2020\/05\/CDU_chrissi.jpg","datePublished":"2021-09-01T07:02:59+00:00","dateModified":"2021-09-01T07:03:00+00:00","description":"Erneuerbaren-Papier des CDU-Pr\u00e4sidiums Im Umfragetief vor der nahenden Wahl will die CDU nun auch mit Klimaschutz punkten. Mit dem vom Parteipr\u00e4sidium","breadcrumb":{"@id":"https:\/\/www.sonnenseite.com\/de\/politik\/cdu-bewegt-sich-klimapolitisch-auf-spd-zu\/#breadcrumb"},"inLanguage":"de","potentialAction":[{"@type":"ReadAction","target":["https:\/\/www.sonnenseite.com\/de\/politik\/cdu-bewegt-sich-klimapolitisch-auf-spd-zu\/"]}]},{"@type":"ImageObject","inLanguage":"de","@id":"https:\/\/www.sonnenseite.com\/de\/politik\/cdu-bewegt-sich-klimapolitisch-auf-spd-zu\/#primaryimage","url":"https:\/\/www.sonnenseite.com\/wp-content\/uploads\/2020\/05\/CDU_chrissi.jpg","contentUrl":"https:\/\/www.sonnenseite.com\/wp-content\/uploads\/2020\/05\/CDU_chrissi.jpg","width":770,"height":420,"caption":"Depositphotos | chrissi"},{"@type":"BreadcrumbList","@id":"https:\/\/www.sonnenseite.com\/de\/politik\/cdu-bewegt-sich-klimapolitisch-auf-spd-zu\/#breadcrumb","itemListElement":[{"@type":"ListItem","position":1,"name":"Startseite","item":"https:\/\/www.sonnenseite.com\/de\/"},{"@type":"ListItem","position":2,"name":"CDU bewegt sich klimapolitisch auf SPD zu"}]},{"@type":"WebSite","@id":"https:\/\/www.sonnenseite.com\/de\/#website","url":"https:\/\/www.sonnenseite.com\/de\/","name":"Sonnenseite","description":"\u00d6kologische Kommunikation mit Franz Alt","publisher":{"@id":"https:\/\/www.sonnenseite.com\/de\/#organization"},"potentialAction":[{"@type":"SearchAction","target":{"@type":"EntryPoint","urlTemplate":"https:\/\/www.sonnenseite.com\/de\/?s={search_term_string}"},"query-input":{"@type":"PropertyValueSpecification","valueRequired":true,"valueName":"search_term_string"}}],"inLanguage":"de"},{"@type":"Organization","@id":"https:\/\/www.sonnenseite.com\/de\/#organization","name":"Sonnenseite","url":"https:\/\/www.sonnenseite.com\/de\/","logo":{"@type":"ImageObject","inLanguage":"de","@id":"https:\/\/www.sonnenseite.com\/de\/#\/schema\/logo\/image\/","url":"https:\/\/www.sonnenseite.com\/wp-content\/uploads\/2020\/05\/Sonnenseite_Logo.png","contentUrl":"https:\/\/www.sonnenseite.com\/wp-content\/uploads\/2020\/05\/Sonnenseite_Logo.png","width":377,"height":90,"caption":"Sonnenseite"},"image":{"@id":"https:\/\/www.sonnenseite.com\/de\/#\/schema\/logo\/image\/"},"sameAs":["https:\/\/www.facebook.com\/pages\/Franz-Alt-SONNENSEITECOM\/221072987903953?fref=ts","https:\/\/x.com\/franzalt","http:\/\/www.youtube.com\/results?search_query&amp;amp;quot;franz_alt&amp;amp;quot;&amp;amp;amp;amp;search_type&amp;amp;amp;amp;aq=f"]},{"@type":"Person","@id":"https:\/\/www.sonnenseite.com\/de\/#\/schema\/person\/50fda0e926597684c7cc6695238a4eb9","name":"Bigi Alt"}]}},"_links":{"self":[{"href":"https:\/\/www.sonnenseite.com\/de\/wp-json\/wp\/v2\/posts\/74371","targetHints":{"allow":["GET"]}}],"collection":[{"href":"https:\/\/www.sonnenseite.com\/de\/wp-json\/wp\/v2\/posts"}],"about":[{"href":"https:\/\/www.sonnenseite.com\/de\/wp-json\/wp\/v2\/types\/post"}],"author":[{"embeddable":true,"href":"https:\/\/www.sonnenseite.com\/de\/wp-json\/wp\/v2\/users\/3"}],"replies":[{"embeddable":true,"href":"https:\/\/www.sonnenseite.com\/de\/wp-json\/wp\/v2\/comments?post=74371"}],"version-history":[{"count":2,"href":"https:\/\/www.sonnenseite.com\/de\/wp-json\/wp\/v2\/posts\/74371\/revisions"}],"predecessor-version":[{"id":74373,"href":"https:\/\/www.sonnenseite.com\/de\/wp-json\/wp\/v2\/posts\/74371\/revisions\/74373"}],"wp:featuredmedia":[{"embeddable":true,"href":"https:\/\/www.sonnenseite.com\/de\/wp-json\/wp\/v2\/media\/1042"}],"wp:attachment":[{"href":"https:\/\/www.sonnenseite.com\/de\/wp-json\/wp\/v2\/media?parent=74371"}],"wp:term":[{"taxonomy":"category","embeddable":true,"href":"https:\/\/www.sonnenseite.com\/de\/wp-json\/wp\/v2\/categories?post=74371"},{"taxonomy":"post_tag","embeddable":true,"href":"https:\/\/www.sonnenseite.com\/de\/wp-json\/wp\/v2\/tags?post=74371"}],"curies":[{"name":"wp","href":"https:\/\/api.w.org\/{rel}","templated":true}]}}