{"id":74454,"date":"2021-09-03T09:16:02","date_gmt":"2021-09-03T07:16:02","guid":{"rendered":"https:\/\/www.sonnenseite.com\/?p=74454"},"modified":"2021-09-03T09:16:03","modified_gmt":"2021-09-03T07:16:03","slug":"nabu-interessen-der-jungen-generation-werden-bei-der-wahl-ignoriert","status":"publish","type":"post","link":"https:\/\/www.sonnenseite.com\/de\/politik\/nabu-interessen-der-jungen-generation-werden-bei-der-wahl-ignoriert\/","title":{"rendered":"NABU: Interessen der jungen Generation werden bei der Wahl ignoriert"},"content":{"rendered":"\n<p>NABU-Umfrage zum Klimaschutz &#8211; Klima- und Artenschutz sind Aufgaben aller Generationen &#8211; wir d\u00fcrfen unsere Kinder und Enkelkinder nicht alleine damit lassen.<\/p>\n\n\n\n<p>Hochwasser, Waldbr\u00e4nde, steigende Temperaturen &#8211; der Klimawandel ist l\u00e4ngst Realit\u00e4t. Die dramatischen Ereignisse der vergangenen Wochen haben bei vielen Menschen in Deutschland das Bewusstsein hinsichtlich der Klimaver\u00e4nderungen noch einmal steigen lassen. Durch die dramatischen Ereignisse der vergangenen Wochen ist bei vielen Menschen in Deutschland noch einmal das Bewusstsein f\u00fcr die weitreichenden Folgen der Klimakrise gestiegen. F\u00fcr rund ein Drittel ist Klimapolitik das wahlentscheidende Thema &#8211; seit den letzten Extremwetterereignissen mit steigender Tendenz.<\/p>\n\n\n\n<p>Knapp 58 Prozent ber\u00fccksichtigen bei ihre Wahlentscheidung allerdings nicht die Klimaschutzinteressen der jungen Generation, die zuk\u00fcnftig jedoch erheblich von den Folgen des Klimawandels betroffen sein wird. Das hat eine zweite vom NABU in Auftrag gegebene, repr\u00e4sentative Umfrage best\u00e4tigt. In der ersten, deckungsgleich vor den Hochwasserereignissen durchgef\u00fchrten Umfrage zeigte sich bereits ein vergleichbares Bild: Die Klimaschutzinteressen junger Generationen spielten auch hier nur eine untergeordnete Rolle.<\/p>\n\n\n\n<p>Der Anteil derer, die der Aussage &#8222;Meine Entscheidung zur Bundestagswahl orientiere ich an Klima- und Naturschutzinteressen junger Generationen\u201c zustimmen, nimmt mit zunehmendem Lebensalter der Befragten immer weiter ab. Nach der j\u00fcngsten Umfrage sind es bei den 30- bis 39-J\u00e4hrigen etwas \u00fcber 40 Prozent, bei den 40- bis 49-J\u00e4hrigen 36 Prozent, bei den 50- bis 64-J\u00e4hrigen noch 30 Prozent.<\/p>\n\n\n\n<p><strong>Mit Blick auf die \u00fcber 65-J\u00e4hrigen ergibt sich folgendes Bild:<\/strong> 59,1 Prozent lehnen es ab, die Klima- und Naturschutzinteressen junger Generationen bei ihrer Wahlentscheidung zu ber\u00fccksichtigen. 27,9 Prozent beziehen sie in ihre Wahlentscheidung ein.<\/p>\n\n\n\n<p>Bei den 18- bis 29-J\u00e4hrigen haben 39,2 Prozent die Klima- und Naturschutzinteressen junger Generationen im Blick und stimmen zu.<\/p>\n\n\n\n<p>NABU-Pr\u00e4sident J\u00f6rg-Andreas Kr\u00fcger: &#8222;Das Ergebnis hat uns wirklich erschreckt. Wir wissen aus anderen Umfragen, dass Klima- und Umweltschutz mit der wichtigste Themenkomplex f\u00fcr die Bundestagswahl ist. Die Ursachen des Klimawandels haben eine direkte Verbindung zu der langen Wohlstandsphase in unserem Land. Wir alle, insbesondere die geburtenstarken Generationen, haben direkt davon profitiert. Mit den Folgen werden sich vor allem unsere Kinder und Enkelkinder befassen m\u00fcssen. Damit d\u00fcrfen wir sie nicht alleine lassen. Die Bek\u00e4mpfung der Klima- und Artenkrise ist eine gemeinsame Aufgabe aller Generationen. Mit unserer Stimme bei der Bundestagswahl entscheiden wir gemeinsam, wie zukunftsf\u00e4hig die Politik in unserem Land gestaltet wird.\u201c<\/p>\n\n\n\n<p>Der NABU fordert gemeinsam mit anderen Umweltverb\u00e4nden und gro\u00dfen Organisationen, die Bundestagswahl 2021 zu einer Klima- und Naturschutzwahl zu machen. Die Bek\u00e4mpfung der Klima- und Artenkrise m\u00fcsse oberste Priorit\u00e4t f\u00fcr jede Partei haben. Weit \u00fcber 300.000 W\u00e4hlerinnen und W\u00e4hler haben bereits ihr pers\u00f6nliches Versprechen gegeben, sich bei der Bundestagswahl 2021 mit ihrer Stimme f\u00fcr Klima und Natur einzusetzen. <\/p>\n\n\n\n<p>Mehr Infos: <a href=\"https:\/\/mitmachen.nabu.de\/de\/pledge\">mitmachen.nabu.de\/de\/pledge<\/a><\/p>\n\n\n<h5 class=\"green\">Quelle<\/h5>\r\n\n\n\n<p><a href=\"http:\/\/www.nabu.de\">NABU 2021<\/a><\/p>\n<div class=\"shariff shariff-align-flex-start shariff-widget-align-flex-start\"><div class=\"ShariffHeadline\">Diese Meldung teilen<\/div><ul class=\"shariff-buttons theme-round orientation-horizontal buttonsize-medium\"><li class=\"shariff-button facebook shariff-nocustomcolor\" style=\"background-color:#4273c8;border-radius:1%\"><a href=\"https:\/\/www.facebook.com\/sharer\/sharer.php?u=https%3A%2F%2Fwww.sonnenseite.com%2Fde%2Fpolitik%2Fnabu-interessen-der-jungen-generation-werden-bei-der-wahl-ignoriert%2F\" title=\"Bei Facebook teilen\" aria-label=\"Bei Facebook teilen\" role=\"button\" rel=\"nofollow\" class=\"shariff-link\" style=\";border-radius:1%; background-color:#3b5998; color:#fff\" target=\"_blank\"><span class=\"shariff-icon\" style=\"\"><svg width=\"32px\" height=\"20px\" xmlns=\"http:\/\/www.w3.org\/2000\/svg\" viewBox=\"0 0 18 32\"><path fill=\"#3b5998\" d=\"M17.1 0.2v4.7h-2.8q-1.5 0-2.1 0.6t-0.5 1.9v3.4h5.2l-0.7 5.3h-4.5v13.6h-5.5v-13.6h-4.5v-5.3h4.5v-3.9q0-3.3 1.9-5.2t5-1.8q2.6 0 4.1 0.2z\"\/><\/svg><\/span><\/a><\/li><li class=\"shariff-button twitter shariff-nocustomcolor\" style=\"background-color:#595959;border-radius:1%\"><a href=\"https:\/\/twitter.com\/share?url=https%3A%2F%2Fwww.sonnenseite.com%2Fde%2Fpolitik%2Fnabu-interessen-der-jungen-generation-werden-bei-der-wahl-ignoriert%2F&text=NABU%3A%20Interessen%20der%20jungen%20Generation%20werden%20bei%20der%20Wahl%20ignoriert\" title=\"Bei X teilen\" aria-label=\"Bei X teilen\" role=\"button\" rel=\"noopener nofollow\" class=\"shariff-link\" style=\";border-radius:1%; background-color:#000; color:#fff\" target=\"_blank\"><span class=\"shariff-icon\" style=\"\"><svg width=\"32px\" height=\"20px\" xmlns=\"http:\/\/www.w3.org\/2000\/svg\" viewBox=\"0 0 24 24\"><path fill=\"#000\" d=\"M14.258 10.152L23.176 0h-2.113l-7.747 8.813L7.133 0H0l9.352 13.328L0 23.973h2.113l8.176-9.309 6.531 9.309h7.133zm-2.895 3.293l-.949-1.328L2.875 1.56h3.246l6.086 8.523.945 1.328 7.91 11.078h-3.246zm0 0\"\/><\/svg><\/span><\/a><\/li><li class=\"shariff-button xing shariff-nocustomcolor\" style=\"background-color:#29888a;border-radius:1%\"><a href=\"https:\/\/www.xing.com\/spi\/shares\/new?url=https%3A%2F%2Fwww.sonnenseite.com%2Fde%2Fpolitik%2Fnabu-interessen-der-jungen-generation-werden-bei-der-wahl-ignoriert%2F\" title=\"Bei XING teilen\" aria-label=\"Bei XING teilen\" role=\"button\" rel=\"noopener nofollow\" class=\"shariff-link\" style=\";border-radius:1%; background-color:#126567; color:#fff\" target=\"_blank\"><span class=\"shariff-icon\" style=\"\"><svg width=\"32px\" height=\"20px\" xmlns=\"http:\/\/www.w3.org\/2000\/svg\" viewBox=\"0 0 25 32\"><path fill=\"#126567\" d=\"M10.7 11.9q-0.2 0.3-4.6 8.2-0.5 0.8-1.2 0.8h-4.3q-0.4 0-0.5-0.3t0-0.6l4.5-8q0 0 0 0l-2.9-5q-0.2-0.4 0-0.7 0.2-0.3 0.5-0.3h4.3q0.7 0 1.2 0.8zM25.1 0.4q0.2 0.3 0 0.7l-9.4 16.7 6 11q0.2 0.4 0 0.6-0.2 0.3-0.6 0.3h-4.3q-0.7 0-1.2-0.8l-6-11.1q0.3-0.6 9.5-16.8 0.4-0.8 1.2-0.8h4.3q0.4 0 0.5 0.3z\"\/><\/svg><\/span><\/a><\/li><li class=\"shariff-button linkedin shariff-nocustomcolor\" style=\"background-color:#1488bf;border-radius:1%\"><a href=\"https:\/\/www.linkedin.com\/sharing\/share-offsite\/?url=https%3A%2F%2Fwww.sonnenseite.com%2Fde%2Fpolitik%2Fnabu-interessen-der-jungen-generation-werden-bei-der-wahl-ignoriert%2F\" title=\"Bei LinkedIn teilen\" aria-label=\"Bei LinkedIn teilen\" role=\"button\" rel=\"noopener nofollow\" class=\"shariff-link\" style=\";border-radius:1%; background-color:#0077b5; color:#fff\" target=\"_blank\"><span class=\"shariff-icon\" style=\"\"><svg width=\"32px\" height=\"20px\" xmlns=\"http:\/\/www.w3.org\/2000\/svg\" viewBox=\"0 0 27 32\"><path fill=\"#0077b5\" d=\"M6.2 11.2v17.7h-5.9v-17.7h5.9zM6.6 5.7q0 1.3-0.9 2.2t-2.4 0.9h0q-1.5 0-2.4-0.9t-0.9-2.2 0.9-2.2 2.4-0.9 2.4 0.9 0.9 2.2zM27.4 18.7v10.1h-5.9v-9.5q0-1.9-0.7-2.9t-2.3-1.1q-1.1 0-1.9 0.6t-1.2 1.5q-0.2 0.5-0.2 1.4v9.9h-5.9q0-7.1 0-11.6t0-5.3l0-0.9h5.9v2.6h0q0.4-0.6 0.7-1t1-0.9 1.6-0.8 2-0.3q3 0 4.9 2t1.9 6z\"\/><\/svg><\/span><\/a><\/li><li class=\"shariff-button printer shariff-nocustomcolor\" style=\"background-color:#a8a8a8;border-radius:1%\"><a href=\"javascript:window.print()\" title=\"drucken\" aria-label=\"drucken\" role=\"button\" rel=\"noopener nofollow\" class=\"shariff-link\" style=\";border-radius:1%; background-color:#999; color:#fff\"><span class=\"shariff-icon\" style=\"\"><svg width=\"32px\" height=\"20px\" xmlns=\"http:\/\/www.w3.org\/2000\/svg\" viewBox=\"0 0 30 32\"><path fill=\"#999\" d=\"M6.8 27.4h16v-4.6h-16v4.6zM6.8 16h16v-6.8h-2.8q-0.7 0-1.2-0.5t-0.5-1.2v-2.8h-11.4v11.4zM27.4 17.2q0-0.5-0.3-0.8t-0.8-0.4-0.8 0.4-0.3 0.8 0.3 0.8 0.8 0.3 0.8-0.3 0.3-0.8zM29.7 17.2v7.4q0 0.2-0.2 0.4t-0.4 0.2h-4v2.8q0 0.7-0.5 1.2t-1.2 0.5h-17.2q-0.7 0-1.2-0.5t-0.5-1.2v-2.8h-4q-0.2 0-0.4-0.2t-0.2-0.4v-7.4q0-1.4 1-2.4t2.4-1h1.2v-9.7q0-0.7 0.5-1.2t1.2-0.5h12q0.7 0 1.6 0.4t1.3 0.8l2.7 2.7q0.5 0.5 0.9 1.4t0.4 1.6v4.6h1.1q1.4 0 2.4 1t1 2.4z\"\/><\/svg><\/span><\/a><\/li><li class=\"shariff-button mailto shariff-nocustomcolor\" style=\"background-color:#a8a8a8;border-radius:1%\"><a href=\"mailto:?body=https%3A%2F%2Fwww.sonnenseite.com%2Fde%2Fpolitik%2Fnabu-interessen-der-jungen-generation-werden-bei-der-wahl-ignoriert%2F&subject=NABU%3A%20Interessen%20der%20jungen%20Generation%20werden%20bei%20der%20Wahl%20ignoriert\" title=\"Per E-Mail versenden\" aria-label=\"Per E-Mail versenden\" role=\"button\" rel=\"noopener nofollow\" class=\"shariff-link\" style=\";border-radius:1%; background-color:#999; color:#fff\"><span class=\"shariff-icon\" style=\"\"><svg width=\"32px\" height=\"20px\" xmlns=\"http:\/\/www.w3.org\/2000\/svg\" viewBox=\"0 0 32 32\"><path fill=\"#999\" d=\"M32 12.7v14.2q0 1.2-0.8 2t-2 0.9h-26.3q-1.2 0-2-0.9t-0.8-2v-14.2q0.8 0.9 1.8 1.6 6.5 4.4 8.9 6.1 1 0.8 1.6 1.2t1.7 0.9 2 0.4h0.1q0.9 0 2-0.4t1.7-0.9 1.6-1.2q3-2.2 8.9-6.1 1-0.7 1.8-1.6zM32 7.4q0 1.4-0.9 2.7t-2.2 2.2q-6.7 4.7-8.4 5.8-0.2 0.1-0.7 0.5t-1 0.7-0.9 0.6-1.1 0.5-0.9 0.2h-0.1q-0.4 0-0.9-0.2t-1.1-0.5-0.9-0.6-1-0.7-0.7-0.5q-1.6-1.1-4.7-3.2t-3.6-2.6q-1.1-0.7-2.1-2t-1-2.5q0-1.4 0.7-2.3t2.1-0.9h26.3q1.2 0 2 0.8t0.9 2z\"\/><\/svg><\/span><\/a><\/li><\/ul><\/div>","protected":false},"excerpt":{"rendered":"<p>NABU-Umfrage zum Klimaschutz &#8211; Klima- und Artenschutz sind Aufgaben aller Generationen &#8211; wir d\u00fcrfen unsere Kinder [&hellip;]<\/p>\n","protected":false},"author":3,"featured_media":74457,"comment_status":"closed","ping_status":"closed","sticky":false,"template":"","format":"standard","meta":{"inline_featured_image":false,"footnotes":""},"categories":[21],"tags":[],"class_list":["post-74454","post","type-post","status-publish","format-standard","has-post-thumbnail","hentry","category-politik"],"yoast_head":"<!-- This site is optimized with the Yoast SEO plugin v26.5 - https:\/\/yoast.com\/wordpress\/plugins\/seo\/ -->\n<title>NABU: Interessen der jungen Generation werden bei der Wahl ignoriert - Sonnenseite - \u00d6kologische Kommunikation mit Franz Alt<\/title>\n<meta name=\"description\" content=\"NABU-Umfrage zum Klimaschutz - Klima- und Artenschutz sind Aufgaben aller Generationen - wir d\u00fcrfen unsere Kinder und Enkelkinder nicht alleine damit\" \/>\n<meta name=\"robots\" content=\"index, follow, max-snippet:-1, max-image-preview:large, max-video-preview:-1\" \/>\n<link rel=\"canonical\" href=\"https:\/\/www.sonnenseite.com\/de\/politik\/nabu-interessen-der-jungen-generation-werden-bei-der-wahl-ignoriert\/\" \/>\n<meta property=\"og:locale\" content=\"de_DE\" \/>\n<meta property=\"og:type\" content=\"article\" \/>\n<meta property=\"og:title\" content=\"NABU: Interessen der jungen Generation werden bei der Wahl ignoriert - Sonnenseite - \u00d6kologische Kommunikation mit Franz Alt\" \/>\n<meta property=\"og:description\" content=\"NABU-Umfrage zum Klimaschutz - Klima- und Artenschutz sind Aufgaben aller Generationen - wir d\u00fcrfen unsere Kinder und Enkelkinder nicht alleine damit\" \/>\n<meta property=\"og:url\" content=\"https:\/\/www.sonnenseite.com\/de\/politik\/nabu-interessen-der-jungen-generation-werden-bei-der-wahl-ignoriert\/\" \/>\n<meta property=\"og:site_name\" content=\"Sonnenseite\" \/>\n<meta property=\"article:publisher\" content=\"https:\/\/www.facebook.com\/pages\/Franz-Alt-SONNENSEITECOM\/221072987903953?fref=ts\" \/>\n<meta property=\"article:published_time\" content=\"2021-09-03T07:16:02+00:00\" \/>\n<meta property=\"article:modified_time\" content=\"2021-09-03T07:16:03+00:00\" \/>\n<meta property=\"og:image\" content=\"https:\/\/www.sonnenseite.com\/wp-content\/uploads\/2021\/09\/Jugend_SydaProductions.jpg\" \/>\n\t<meta property=\"og:image:width\" content=\"770\" \/>\n\t<meta property=\"og:image:height\" content=\"420\" \/>\n\t<meta property=\"og:image:type\" content=\"image\/jpeg\" \/>\n<meta name=\"author\" content=\"Bigi Alt\" \/>\n<meta name=\"twitter:card\" content=\"summary_large_image\" \/>\n<meta name=\"twitter:creator\" content=\"@franzalt\" \/>\n<meta name=\"twitter:site\" content=\"@franzalt\" \/>\n<meta name=\"twitter:label1\" content=\"Verfasst von\" \/>\n\t<meta name=\"twitter:data1\" content=\"Bigi Alt\" \/>\n\t<meta name=\"twitter:label2\" content=\"Gesch\u00e4tzte Lesezeit\" \/>\n\t<meta name=\"twitter:data2\" content=\"2\u00a0Minuten\" \/>\n<script type=\"application\/ld+json\" class=\"yoast-schema-graph\">{\"@context\":\"https:\/\/schema.org\",\"@graph\":[{\"@type\":\"Article\",\"@id\":\"https:\/\/www.sonnenseite.com\/de\/politik\/nabu-interessen-der-jungen-generation-werden-bei-der-wahl-ignoriert\/#article\",\"isPartOf\":{\"@id\":\"https:\/\/www.sonnenseite.com\/de\/politik\/nabu-interessen-der-jungen-generation-werden-bei-der-wahl-ignoriert\/\"},\"author\":{\"name\":\"Bigi Alt\",\"@id\":\"https:\/\/www.sonnenseite.com\/de\/#\/schema\/person\/50fda0e926597684c7cc6695238a4eb9\"},\"headline\":\"NABU: Interessen der jungen Generation werden bei der Wahl ignoriert\",\"datePublished\":\"2021-09-03T07:16:02+00:00\",\"dateModified\":\"2021-09-03T07:16:03+00:00\",\"mainEntityOfPage\":{\"@id\":\"https:\/\/www.sonnenseite.com\/de\/politik\/nabu-interessen-der-jungen-generation-werden-bei-der-wahl-ignoriert\/\"},\"wordCount\":473,\"publisher\":{\"@id\":\"https:\/\/www.sonnenseite.com\/de\/#organization\"},\"image\":{\"@id\":\"https:\/\/www.sonnenseite.com\/de\/politik\/nabu-interessen-der-jungen-generation-werden-bei-der-wahl-ignoriert\/#primaryimage\"},\"thumbnailUrl\":\"https:\/\/www.sonnenseite.com\/wp-content\/uploads\/2021\/09\/Jugend_SydaProductions.jpg\",\"articleSection\":[\"Politik\"],\"inLanguage\":\"de\"},{\"@type\":\"WebPage\",\"@id\":\"https:\/\/www.sonnenseite.com\/de\/politik\/nabu-interessen-der-jungen-generation-werden-bei-der-wahl-ignoriert\/\",\"url\":\"https:\/\/www.sonnenseite.com\/de\/politik\/nabu-interessen-der-jungen-generation-werden-bei-der-wahl-ignoriert\/\",\"name\":\"NABU: Interessen der jungen Generation werden bei der Wahl ignoriert - Sonnenseite - \u00d6kologische Kommunikation mit Franz Alt\",\"isPartOf\":{\"@id\":\"https:\/\/www.sonnenseite.com\/de\/#website\"},\"primaryImageOfPage\":{\"@id\":\"https:\/\/www.sonnenseite.com\/de\/politik\/nabu-interessen-der-jungen-generation-werden-bei-der-wahl-ignoriert\/#primaryimage\"},\"image\":{\"@id\":\"https:\/\/www.sonnenseite.com\/de\/politik\/nabu-interessen-der-jungen-generation-werden-bei-der-wahl-ignoriert\/#primaryimage\"},\"thumbnailUrl\":\"https:\/\/www.sonnenseite.com\/wp-content\/uploads\/2021\/09\/Jugend_SydaProductions.jpg\",\"datePublished\":\"2021-09-03T07:16:02+00:00\",\"dateModified\":\"2021-09-03T07:16:03+00:00\",\"description\":\"NABU-Umfrage zum Klimaschutz - Klima- und Artenschutz sind Aufgaben aller Generationen - wir d\u00fcrfen unsere Kinder und Enkelkinder nicht alleine damit\",\"breadcrumb\":{\"@id\":\"https:\/\/www.sonnenseite.com\/de\/politik\/nabu-interessen-der-jungen-generation-werden-bei-der-wahl-ignoriert\/#breadcrumb\"},\"inLanguage\":\"de\",\"potentialAction\":[{\"@type\":\"ReadAction\",\"target\":[\"https:\/\/www.sonnenseite.com\/de\/politik\/nabu-interessen-der-jungen-generation-werden-bei-der-wahl-ignoriert\/\"]}]},{\"@type\":\"ImageObject\",\"inLanguage\":\"de\",\"@id\":\"https:\/\/www.sonnenseite.com\/de\/politik\/nabu-interessen-der-jungen-generation-werden-bei-der-wahl-ignoriert\/#primaryimage\",\"url\":\"https:\/\/www.sonnenseite.com\/wp-content\/uploads\/2021\/09\/Jugend_SydaProductions.jpg\",\"contentUrl\":\"https:\/\/www.sonnenseite.com\/wp-content\/uploads\/2021\/09\/Jugend_SydaProductions.jpg\",\"width\":770,\"height\":420,\"caption\":\"Depositphotos.com | SydaProductions | Jugend\"},{\"@type\":\"BreadcrumbList\",\"@id\":\"https:\/\/www.sonnenseite.com\/de\/politik\/nabu-interessen-der-jungen-generation-werden-bei-der-wahl-ignoriert\/#breadcrumb\",\"itemListElement\":[{\"@type\":\"ListItem\",\"position\":1,\"name\":\"Startseite\",\"item\":\"https:\/\/www.sonnenseite.com\/de\/\"},{\"@type\":\"ListItem\",\"position\":2,\"name\":\"NABU: Interessen der jungen Generation werden bei der Wahl ignoriert\"}]},{\"@type\":\"WebSite\",\"@id\":\"https:\/\/www.sonnenseite.com\/de\/#website\",\"url\":\"https:\/\/www.sonnenseite.com\/de\/\",\"name\":\"Sonnenseite\",\"description\":\"\u00d6kologische Kommunikation mit Franz Alt\",\"publisher\":{\"@id\":\"https:\/\/www.sonnenseite.com\/de\/#organization\"},\"potentialAction\":[{\"@type\":\"SearchAction\",\"target\":{\"@type\":\"EntryPoint\",\"urlTemplate\":\"https:\/\/www.sonnenseite.com\/de\/?s={search_term_string}\"},\"query-input\":{\"@type\":\"PropertyValueSpecification\",\"valueRequired\":true,\"valueName\":\"search_term_string\"}}],\"inLanguage\":\"de\"},{\"@type\":\"Organization\",\"@id\":\"https:\/\/www.sonnenseite.com\/de\/#organization\",\"name\":\"Sonnenseite\",\"url\":\"https:\/\/www.sonnenseite.com\/de\/\",\"logo\":{\"@type\":\"ImageObject\",\"inLanguage\":\"de\",\"@id\":\"https:\/\/www.sonnenseite.com\/de\/#\/schema\/logo\/image\/\",\"url\":\"https:\/\/www.sonnenseite.com\/wp-content\/uploads\/2020\/05\/Sonnenseite_Logo.png\",\"contentUrl\":\"https:\/\/www.sonnenseite.com\/wp-content\/uploads\/2020\/05\/Sonnenseite_Logo.png\",\"width\":377,\"height\":90,\"caption\":\"Sonnenseite\"},\"image\":{\"@id\":\"https:\/\/www.sonnenseite.com\/de\/#\/schema\/logo\/image\/\"},\"sameAs\":[\"https:\/\/www.facebook.com\/pages\/Franz-Alt-SONNENSEITECOM\/221072987903953?fref=ts\",\"https:\/\/x.com\/franzalt\",\"http:\/\/www.youtube.com\/results?search_query&amp;amp;quot;franz_alt&amp;amp;quot;&amp;amp;amp;amp;search_type&amp;amp;amp;amp;aq=f\"]},{\"@type\":\"Person\",\"@id\":\"https:\/\/www.sonnenseite.com\/de\/#\/schema\/person\/50fda0e926597684c7cc6695238a4eb9\",\"name\":\"Bigi Alt\"}]}<\/script>\n<!-- \/ Yoast SEO plugin. -->","yoast_head_json":{"title":"NABU: Interessen der jungen Generation werden bei der Wahl ignoriert - Sonnenseite - \u00d6kologische Kommunikation mit Franz Alt","description":"NABU-Umfrage zum Klimaschutz - Klima- und Artenschutz sind Aufgaben aller Generationen - wir d\u00fcrfen unsere Kinder und Enkelkinder nicht alleine damit","robots":{"index":"index","follow":"follow","max-snippet":"max-snippet:-1","max-image-preview":"max-image-preview:large","max-video-preview":"max-video-preview:-1"},"canonical":"https:\/\/www.sonnenseite.com\/de\/politik\/nabu-interessen-der-jungen-generation-werden-bei-der-wahl-ignoriert\/","og_locale":"de_DE","og_type":"article","og_title":"NABU: Interessen der jungen Generation werden bei der Wahl ignoriert - Sonnenseite - \u00d6kologische Kommunikation mit Franz Alt","og_description":"NABU-Umfrage zum Klimaschutz - Klima- und Artenschutz sind Aufgaben aller Generationen - wir d\u00fcrfen unsere Kinder und Enkelkinder nicht alleine damit","og_url":"https:\/\/www.sonnenseite.com\/de\/politik\/nabu-interessen-der-jungen-generation-werden-bei-der-wahl-ignoriert\/","og_site_name":"Sonnenseite","article_publisher":"https:\/\/www.facebook.com\/pages\/Franz-Alt-SONNENSEITECOM\/221072987903953?fref=ts","article_published_time":"2021-09-03T07:16:02+00:00","article_modified_time":"2021-09-03T07:16:03+00:00","og_image":[{"width":770,"height":420,"url":"https:\/\/www.sonnenseite.com\/wp-content\/uploads\/2021\/09\/Jugend_SydaProductions.jpg","type":"image\/jpeg"}],"author":"Bigi Alt","twitter_card":"summary_large_image","twitter_creator":"@franzalt","twitter_site":"@franzalt","twitter_misc":{"Verfasst von":"Bigi Alt","Gesch\u00e4tzte Lesezeit":"2\u00a0Minuten"},"schema":{"@context":"https:\/\/schema.org","@graph":[{"@type":"Article","@id":"https:\/\/www.sonnenseite.com\/de\/politik\/nabu-interessen-der-jungen-generation-werden-bei-der-wahl-ignoriert\/#article","isPartOf":{"@id":"https:\/\/www.sonnenseite.com\/de\/politik\/nabu-interessen-der-jungen-generation-werden-bei-der-wahl-ignoriert\/"},"author":{"name":"Bigi Alt","@id":"https:\/\/www.sonnenseite.com\/de\/#\/schema\/person\/50fda0e926597684c7cc6695238a4eb9"},"headline":"NABU: Interessen der jungen Generation werden bei der Wahl ignoriert","datePublished":"2021-09-03T07:16:02+00:00","dateModified":"2021-09-03T07:16:03+00:00","mainEntityOfPage":{"@id":"https:\/\/www.sonnenseite.com\/de\/politik\/nabu-interessen-der-jungen-generation-werden-bei-der-wahl-ignoriert\/"},"wordCount":473,"publisher":{"@id":"https:\/\/www.sonnenseite.com\/de\/#organization"},"image":{"@id":"https:\/\/www.sonnenseite.com\/de\/politik\/nabu-interessen-der-jungen-generation-werden-bei-der-wahl-ignoriert\/#primaryimage"},"thumbnailUrl":"https:\/\/www.sonnenseite.com\/wp-content\/uploads\/2021\/09\/Jugend_SydaProductions.jpg","articleSection":["Politik"],"inLanguage":"de"},{"@type":"WebPage","@id":"https:\/\/www.sonnenseite.com\/de\/politik\/nabu-interessen-der-jungen-generation-werden-bei-der-wahl-ignoriert\/","url":"https:\/\/www.sonnenseite.com\/de\/politik\/nabu-interessen-der-jungen-generation-werden-bei-der-wahl-ignoriert\/","name":"NABU: Interessen der jungen Generation werden bei der Wahl ignoriert - Sonnenseite - \u00d6kologische Kommunikation mit Franz Alt","isPartOf":{"@id":"https:\/\/www.sonnenseite.com\/de\/#website"},"primaryImageOfPage":{"@id":"https:\/\/www.sonnenseite.com\/de\/politik\/nabu-interessen-der-jungen-generation-werden-bei-der-wahl-ignoriert\/#primaryimage"},"image":{"@id":"https:\/\/www.sonnenseite.com\/de\/politik\/nabu-interessen-der-jungen-generation-werden-bei-der-wahl-ignoriert\/#primaryimage"},"thumbnailUrl":"https:\/\/www.sonnenseite.com\/wp-content\/uploads\/2021\/09\/Jugend_SydaProductions.jpg","datePublished":"2021-09-03T07:16:02+00:00","dateModified":"2021-09-03T07:16:03+00:00","description":"NABU-Umfrage zum Klimaschutz - Klima- und Artenschutz sind Aufgaben aller Generationen - wir d\u00fcrfen unsere Kinder und Enkelkinder nicht alleine damit","breadcrumb":{"@id":"https:\/\/www.sonnenseite.com\/de\/politik\/nabu-interessen-der-jungen-generation-werden-bei-der-wahl-ignoriert\/#breadcrumb"},"inLanguage":"de","potentialAction":[{"@type":"ReadAction","target":["https:\/\/www.sonnenseite.com\/de\/politik\/nabu-interessen-der-jungen-generation-werden-bei-der-wahl-ignoriert\/"]}]},{"@type":"ImageObject","inLanguage":"de","@id":"https:\/\/www.sonnenseite.com\/de\/politik\/nabu-interessen-der-jungen-generation-werden-bei-der-wahl-ignoriert\/#primaryimage","url":"https:\/\/www.sonnenseite.com\/wp-content\/uploads\/2021\/09\/Jugend_SydaProductions.jpg","contentUrl":"https:\/\/www.sonnenseite.com\/wp-content\/uploads\/2021\/09\/Jugend_SydaProductions.jpg","width":770,"height":420,"caption":"Depositphotos.com | SydaProductions | Jugend"},{"@type":"BreadcrumbList","@id":"https:\/\/www.sonnenseite.com\/de\/politik\/nabu-interessen-der-jungen-generation-werden-bei-der-wahl-ignoriert\/#breadcrumb","itemListElement":[{"@type":"ListItem","position":1,"name":"Startseite","item":"https:\/\/www.sonnenseite.com\/de\/"},{"@type":"ListItem","position":2,"name":"NABU: Interessen der jungen Generation werden bei der Wahl ignoriert"}]},{"@type":"WebSite","@id":"https:\/\/www.sonnenseite.com\/de\/#website","url":"https:\/\/www.sonnenseite.com\/de\/","name":"Sonnenseite","description":"\u00d6kologische Kommunikation mit Franz Alt","publisher":{"@id":"https:\/\/www.sonnenseite.com\/de\/#organization"},"potentialAction":[{"@type":"SearchAction","target":{"@type":"EntryPoint","urlTemplate":"https:\/\/www.sonnenseite.com\/de\/?s={search_term_string}"},"query-input":{"@type":"PropertyValueSpecification","valueRequired":true,"valueName":"search_term_string"}}],"inLanguage":"de"},{"@type":"Organization","@id":"https:\/\/www.sonnenseite.com\/de\/#organization","name":"Sonnenseite","url":"https:\/\/www.sonnenseite.com\/de\/","logo":{"@type":"ImageObject","inLanguage":"de","@id":"https:\/\/www.sonnenseite.com\/de\/#\/schema\/logo\/image\/","url":"https:\/\/www.sonnenseite.com\/wp-content\/uploads\/2020\/05\/Sonnenseite_Logo.png","contentUrl":"https:\/\/www.sonnenseite.com\/wp-content\/uploads\/2020\/05\/Sonnenseite_Logo.png","width":377,"height":90,"caption":"Sonnenseite"},"image":{"@id":"https:\/\/www.sonnenseite.com\/de\/#\/schema\/logo\/image\/"},"sameAs":["https:\/\/www.facebook.com\/pages\/Franz-Alt-SONNENSEITECOM\/221072987903953?fref=ts","https:\/\/x.com\/franzalt","http:\/\/www.youtube.com\/results?search_query&amp;amp;quot;franz_alt&amp;amp;quot;&amp;amp;amp;amp;search_type&amp;amp;amp;amp;aq=f"]},{"@type":"Person","@id":"https:\/\/www.sonnenseite.com\/de\/#\/schema\/person\/50fda0e926597684c7cc6695238a4eb9","name":"Bigi Alt"}]}},"_links":{"self":[{"href":"https:\/\/www.sonnenseite.com\/de\/wp-json\/wp\/v2\/posts\/74454","targetHints":{"allow":["GET"]}}],"collection":[{"href":"https:\/\/www.sonnenseite.com\/de\/wp-json\/wp\/v2\/posts"}],"about":[{"href":"https:\/\/www.sonnenseite.com\/de\/wp-json\/wp\/v2\/types\/post"}],"author":[{"embeddable":true,"href":"https:\/\/www.sonnenseite.com\/de\/wp-json\/wp\/v2\/users\/3"}],"replies":[{"embeddable":true,"href":"https:\/\/www.sonnenseite.com\/de\/wp-json\/wp\/v2\/comments?post=74454"}],"version-history":[{"count":2,"href":"https:\/\/www.sonnenseite.com\/de\/wp-json\/wp\/v2\/posts\/74454\/revisions"}],"predecessor-version":[{"id":74456,"href":"https:\/\/www.sonnenseite.com\/de\/wp-json\/wp\/v2\/posts\/74454\/revisions\/74456"}],"wp:featuredmedia":[{"embeddable":true,"href":"https:\/\/www.sonnenseite.com\/de\/wp-json\/wp\/v2\/media\/74457"}],"wp:attachment":[{"href":"https:\/\/www.sonnenseite.com\/de\/wp-json\/wp\/v2\/media?parent=74454"}],"wp:term":[{"taxonomy":"category","embeddable":true,"href":"https:\/\/www.sonnenseite.com\/de\/wp-json\/wp\/v2\/categories?post=74454"},{"taxonomy":"post_tag","embeddable":true,"href":"https:\/\/www.sonnenseite.com\/de\/wp-json\/wp\/v2\/tags?post=74454"}],"curies":[{"name":"wp","href":"https:\/\/api.w.org\/{rel}","templated":true}]}}