{"id":74650,"date":"2021-09-11T03:01:00","date_gmt":"2021-09-11T01:01:00","guid":{"rendered":"https:\/\/www.sonnenseite.com\/?p=74650"},"modified":"2021-09-08T17:02:26","modified_gmt":"2021-09-08T15:02:26","slug":"zunehmende-hitze-bedroht-die-oeffentliche-gesundheit","status":"publish","type":"post","link":"https:\/\/www.sonnenseite.com\/de\/umwelt\/zunehmende-hitze-bedroht-die-oeffentliche-gesundheit\/","title":{"rendered":"Zunehmende Hitze bedroht die \u00f6ffentliche Gesundheit"},"content":{"rendered":"\n<p>Eigentlich m\u00fcssten wir schon angefangen haben, uns auf eine hei\u00dfere Zukunft vorzubereiten. Vor allem im Geb\u00e4ude- und St\u00e4dtebau.<\/p>\n\n\n\n<p>Gesundheitsgefahren durch Wetterereignisse werden in Mitteleuropa vor allem mit K\u00e4lteeinbr\u00fcchen und Extremwetter wie St\u00fcrmen und \u00dcberschwemmungen in Verbindung gebracht. Die zunehmende Bedrohung durch steigende Temperaturen wird dabei oft \u00fcbersehen.<\/p>\n\n\n\n<p>Statistisch gesehen ist das nicht ganz falsch. K\u00e4lte ist in Europa <a href=\"https:\/\/www.thelancet.com\/journals\/lanplh\/article\/PIIS2542-5196(21)00150-9\/fulltext\">zehnmal t\u00f6dlicher als Hitze<\/a>, was sich in etwa 30 Jahren aber \u00e4ndern d\u00fcrfte. Weltweit \u00fcbersteigt die Anzahl der Opfer von K\u00e4lteereignissen die der Hitzetoten, stellt eine umfassende Studie fest. Hitze sei ein zunehmendes Gesundheitsrisiko, warnt dagegen die Hauptautorin Katrin Burkart im Fachmagazin <a href=\"https:\/\/www.thelancet.com\/journals\/lancet\/article\/PIIS0140-6736(21)01700-1\/fulltext\">\u00abThe Lancet\u00bb<\/a>. 2019 sind demnach sch\u00e4tzungsweise 356\u2018000 Menschen weltweit an Hitze gestorben. Etwa ein Drittel aller Hitzetoten sei auf den Klimawandel zur\u00fcckzuf\u00fchren, stellte eine andere Studie in <a href=\"https:\/\/www.nature.com\/articles\/s41558-021-01058-x.epdf?sharing_token=CVvKDovgE1G3Oyrqe1vfFtRgN0jAjWel9jnR3ZoTv0N74knunZjp4k1Ncyycvvs4s-boSk4oaOLQNv21uGPfVv1dqAnohAu2elNFnXtzKCLmHVKYW10P3Stq3lNMLKfNOMvKfFqWQaOFQGQJxsHhPW30dR1kofEYg2Zf4HKn3Mv-MpOVgddIZFzFLfWheQ5MQMhznABHXWTRdtWs0yfimA%3D%3D&amp;tracking_referrer=www.zeit.de\">\u00abNature Climate Change\u00bb<\/a> fest.<\/p>\n\n\n\n<h5 class=\"wp-block-heading\">Hitzefolgen f\u00fcr die Gesundheit \u00abentscheidende Frage des Jahrzehnts\u00bb<\/h5>\n\n\n\n<p>Wie mit einem zunehmend hei\u00dfen Klima und dessen gesundheitlichen Folgen umgegangen werden soll, seien zwei der entscheidenden Fragen dieses Jahrzehnts, schreibt \u00abThe Lancet\u00bb, der dazu in seiner August-Ausgabe <a href=\"https:\/\/www.thelancet.com\/journals\/lancet\/article\/PIIS0140-6736(21)01860-2\/fulltext\">mehrere Artikel <\/a>publiziert hat. Nach einem vergleichsweise k\u00fchlen Sommer h\u00f6rt sich diese Aussage zwar zugegebenerma\u00dfen seltsam an, die <a href=\"https:\/\/www.ipcc.ch\/report\/ar6\/wg1\/downloads\/factsheets\/IPCC_AR6_WGI_Regional_Fact_Sheet_Europe.pdf\">Vorhersagen f\u00fcr die Zukunft<\/a> sind jedoch eindeutig: Wir werden zunehmend mehr und l\u00e4ngeren Hitzewellen ausgesetzt sein.<\/p>\n\n\n\n<ul class=\"wp-block-list\"><li>Temperaturvorhersage des IPCC f\u00fcr Europa nach Grad der Erderw\u00e4rmung (1,5\/2\/4\u00b0C) im Winter (linke Spalte) und Sommer bis etwa 2100. \u00a9 <a href=\"https:\/\/www.ipcc.ch\/report\/ar6\/wg1\/downloads\/factsheets\/IPCC_AR6_WGI_Regional_Fact_Sheet_Europe.pdf\">IPCC<\/a> Alle Rechte vorbehaltenDie Grafik finden sie hier <a href=\"https:\/\/www.ipcc.ch\/report\/ar6\/wg1\/downloads\/factsheets\/IPCC_AR6_WGI_Regional_Fact_Sheet_Europe.pdf\">IPCC<\/a> !<\/li><\/ul>\n\n\n\n<p>Wie rechtzeitig und wie erfolgreich wir gegen Hitzegefahren vorgehen, wird weitreichende Auswirkungen auf Produktivit\u00e4t, \u00f6ffentliche Gesundheit und Gesellschaft haben. Kleine Einschr\u00e4nkungen wie gro\u00dfe Planungsaufgaben, die sich jahrzehntelang auswirken werden, werden unseren Alltag ver\u00e4ndern.<\/p>\n\n\n\n<h5 class=\"wp-block-heading\">Hitzegefahren werden unser Leben ver\u00e4ndern<\/h5>\n\n\n\n<p>Die ersten Beispiele f\u00fcr Hitzerisiken sehen wir bereits. Bei der letzten Austragung der olympischen Spiele in Japan waren Temperatur und Luftfeuchtigkeit <a href=\"https:\/\/www.deutschlandfunk.de\/tokio-2020-spiele-der-hitze.1346.de.html?dram:article_id=501436\">beispielsweise so hoch<\/a>, dass f\u00fcr teilnehmende Sportler Lebensgefahr bestand. Das lag nicht nur am Klimawandel, sondern auch am Veranstaltungsort und an der Jahreszeit. In Folge kam die Frage auf, ob Leistungssport unter solchen Bedingungen noch zu rechtfertigen ist.<\/p>\n\n\n\n<p>Dieselbe Frage k\u00f6nnte bald f\u00fcr Sportunterricht am fr\u00fchen Nachmittag, Arbeiten, die drau\u00dfen erledigt werden m\u00fcssen, oder zur Bewegungsfreiheit \u00e4lterer Menschen in den Sommermonaten gestellt werden. Durch Hitze gef\u00e4hrdet sind besonders \u00e4rmere und \u00e4ltere Menschen sowie solche, die in Berufen arbeiten, in denen sie sich schlecht sch\u00fctzen k\u00f6nnen, beispielsweise im Handwerk oder im Stra\u00dfenbau.<\/p>\n\n\n\n<div class=\"wp-block-image\"><figure class=\"aligncenter size-large is-resized\"><a href=\"https:\/\/www.sonnenseite.com\/wp-content\/uploads\/2021\/09\/TheLancet_Gesundheitsrisiken_Hitze.jpg\"><img loading=\"lazy\" decoding=\"async\" src=\"https:\/\/www.sonnenseite.com\/wp-content\/uploads\/2021\/09\/TheLancet_Gesundheitsrisiken_Hitze-1024x809.jpg\" alt=\"\" class=\"wp-image-74653\" width=\"512\" height=\"405\" srcset=\"https:\/\/www.sonnenseite.com\/wp-content\/uploads\/2021\/09\/TheLancet_Gesundheitsrisiken_Hitze-1024x809.jpg 1024w, https:\/\/www.sonnenseite.com\/wp-content\/uploads\/2021\/09\/TheLancet_Gesundheitsrisiken_Hitze-300x237.jpg 300w, https:\/\/www.sonnenseite.com\/wp-content\/uploads\/2021\/09\/TheLancet_Gesundheitsrisiken_Hitze-768x607.jpg 768w, https:\/\/www.sonnenseite.com\/wp-content\/uploads\/2021\/09\/TheLancet_Gesundheitsrisiken_Hitze.jpg 1138w\" sizes=\"auto, (max-width: 512px) 100vw, 512px\" \/><\/a><figcaption>\u00a9 <a href=\"https:\/\/www.thelancet.com\/journals\/lancet\/article\/PIIS0140-6736(21)01208-3\/fulltext\">The Lancet<\/a> | Der K\u00f6rper reagiert auf Hitze mit verschiedenen Massnahmen, um sich k\u00fchl zu halten. Schafft er das nicht, versagen Herz und Kreislauf. Zum Vergr\u00f6\u00dfern anklicken!<\/figcaption><\/figure><\/div>\n\n\n\n<p>Der K\u00f6rper reagiert auf Hitze mit zwei Ma\u00dfnahmen: Er leitet vermehrt Blut zur Haut und er produziert Schwei\u00df, um die K\u00f6rperoberfl\u00e4che abzuk\u00fchlen.\u00a0Wenn sich der K\u00f6rper mehr aufheizt, als er sich durch die sogenannte Verdunstungsk\u00e4lte beim Schwitzen abk\u00fchlen kann, geraten Herz, Kreislauf und zunehmend auch andere Systeme und Organe an ihre Grenzen. Wann konkret, hat nicht nur mit der Temperatur, sondern auch mit Luftfeuchtigkeit und Luftbewegung zu tun.<\/p>\n\n\n\n<h5 class=\"wp-block-heading\"><strong>Die Hitzeanpassung m\u00fcsste schon begonnen haben<\/strong><\/h5>\n\n\n\n<p>Gesundheitsrisiken durch Hitze m\u00fcsse dringend mehr Beachtung geschenkt werden, schreibt der \u00abLancet\u00bb. Wir m\u00fcssten eigentlich schon l\u00e4ngst angefangen haben, uns auf lebensbedrohliche Hitze einzustellen. Vor allem in St\u00e4dten, vor allem dort, wo \u00e4ltere, vulnerable und arme Menschen leben. Besonders in Bereichen, die lange Vorlauf und jahrzehntelang Bestand haben, wie im St\u00e4dte-, Wohnungs- und Stra\u00dfenbau.<\/p>\n\n\n\n<p>Eines der wirksamsten Mittel gegen Hitze\u00fcberlastung sind Klimaanlagen, listet der \u00abLancet\u00bb auf. Klimatisierung reduziere beispielsweise die Sterblichkeit in Spit\u00e4lern w\u00e4hrend einer Hitzewelle um bis zu 40 Prozent. Sie h\u00e4lt die Produktivit\u00e4t an B\u00fcroarbeitspl\u00e4tzen und die Leistung in Schulen und Universit\u00e4ten aufrecht. Ein Stromausfall w\u00e4hrend einer Hitzewelle kann bereits jetzt Leben kosten. Klimatisierung wird gem\u00e4\u00df einer Auswertung der <a href=\"https:\/\/www.thelancet.com\/journals\/lancet\/article\/PIIS0140-6736(21)01209-5\/fulltext\">m\u00f6glichen Gegenma\u00dfnahmen<\/a> gegen Hitze\u00fcberlastung die weltweit meistadaptierte Technologie werden, sch\u00e4tzt das Autorenteam.<\/p>\n\n\n\n<p>Der Nachteil daran: F\u00fcr weniger gut gestellte Bev\u00f6lkerungsschichten sind Klimaanlagen unerschwinglich, f\u00fcr die Gesamtbev\u00f6lkerung \u00f6kologisch kostspielig, f\u00fcr das Klima wenig schonend. In vielen Klimager\u00e4ten stecken <a href=\"https:\/\/www.infosperber.ch\/politik\/europa\/illegale-kaeltemittel-kalt-kaelter-klimaschaedlich\/\">klimasch\u00e4dliche Chemikalien<\/a> und sie heizen st\u00e4dtische Gebiete durch Abw\u00e4rme noch mehr auf. Wie sich der Energiebedarf tausender Klimager\u00e4te mit einem in der Zukunft voraussichtlich reduzierten Stromangebot in \u00dcbereinstimmung bringen l\u00e4sst, ist ebenfalls unklar. Die Internationale Energieagentur (<a href=\"https:\/\/www.iea.org\/reports\/cooling\">IEA<\/a>) sch\u00e4tzt, dass der Energiebedarf f\u00fcr die K\u00fchlung von Geb\u00e4uden bis 2030 weltweit um bis zu 50 Prozent steigen wird, wenn keine Gegenma\u00dfnahmen ergriffen werden.<\/p>\n\n\n\n<h5 class=\"wp-block-heading\">St\u00e4dtebau: \u00abBlaue\u00bb und \u00abgr\u00fcne\u00bb Inseln<\/h5>\n\n\n\n<p>St\u00e4dte k\u00f6nnen um <a href=\"https:\/\/www.helmholtz-klima.de\/faq\/macht-der-klimawandel-unsere-staedte-zu-hitzeinseln\">bis zu zehn Grad w\u00e4rmer<\/a> werden als die umgebende Landschaft, in der Stadt l\u00e4sst sich aber auch viel gegen Erw\u00e4rmung tun. \u00abBlaue Inseln\u00bb wie Seen, Fl\u00fcsse und Brunnen m\u00fcssen in der Stadtplanung gr\u00f6\u00dferes Gewicht bekommen, schlagen die Autoren vor. \u00abGr\u00fcne Inseln\u00bb, das hei\u00dft B\u00e4ume, B\u00fcsche, bepflanzte Verkehrsinseln und Vorg\u00e4rten k\u00f6nnen das Stadtklima durch Beschattung und Verdunstung verbessern. K\u00fchle Orte verursachen Luftbewegung, was weiter abk\u00fchlt. Zu Pflanzen in Parks \u00e4u\u00dfern sich die Autoren eher vorsichtig. Parks geben zwar K\u00fchlinseln ab, verbrauchen aber auch viel Platz und Wasser.<\/p>\n\n\n\n<div class=\"wp-block-image\"><figure class=\"aligncenter size-full is-resized\"><a href=\"https:\/\/www.sonnenseite.com\/wp-content\/uploads\/2021\/09\/NASA_Atlanta_thermalT.jpg\"><img loading=\"lazy\" decoding=\"async\" src=\"https:\/\/www.sonnenseite.com\/wp-content\/uploads\/2021\/09\/NASA_Atlanta_thermalT.jpg\" alt=\"\" class=\"wp-image-74657\" width=\"563\" height=\"316\" srcset=\"https:\/\/www.sonnenseite.com\/wp-content\/uploads\/2021\/09\/NASA_Atlanta_thermalT.jpg 751w, https:\/\/www.sonnenseite.com\/wp-content\/uploads\/2021\/09\/NASA_Atlanta_thermalT-300x168.jpg 300w\" sizes=\"auto, (max-width: 563px) 100vw, 563px\" \/><\/a><figcaption>W\u00e4rmebild der Stadt Atlanta \u00a9 NASA\/GSFC<\/figcaption><\/figure><\/div>\n\n\n\n<p>Statt einen Platz an der Sonne werden wir in Zukunft \u00f6fter einen Platz im Schatten suchen. Die Beschattung von Schulh\u00f6fen, Sportst\u00e4tten und vor allem von Alten- und Pflegeheimen sollte in der Planung h\u00f6here Priorit\u00e4t haben. \u00c4ltere Menschen schwitzen nicht nur weniger, sie nehmen auch oft Medikamente, die die Hitzeempfindlichkeit steigern. Infrastruktur wie gl\u00fchend hei\u00dfe Bushaltestellen, die in der Mitte von vielbefahrenen Stra\u00dfen liegen, sollte es in Zukunft nicht mehr geben.<\/p>\n\n\n\n<h5 class=\"wp-block-heading\">Und mal wieder: Individualverkehr und Bauvorschriften<\/h5>\n\n\n\n<p>Viel Verkehr, das d\u00fcrften die meisten Menschen aus Erfahrung wissen, heizt die schon gr\u00f6\u00dftenteils versiegelte, stark reflektierende Stadt <a href=\"https:\/\/iopscience.iop.org\/article\/10.1088\/1748-9326\/11\/7\/074003\">zus\u00e4tzlich auf<\/a>. Auf stark befahrenen Stra\u00dfen ist die Temperatur wochentags, wenn viel Betrieb ist, um mehrere Grad h\u00f6her als am Wochenende. Autos wirken wie eine Heizung, auch dann, wenn sie nur geparkt sind, das haben Messungen in M\u00fcnchen an einem <a href=\"https:\/\/www.br.de\/nachrichten\/wissen\/hitze-in-der-stadt-mit-mehr-weiss-gruen-und-blau-verringern,RXKYznH\">nicht allzu hei\u00dfen Tag gezeigt<\/a>. Bei Hitze sollte es M\u00f6glichkeiten geben, den Verkehr zu drosseln \u2013 was allerdings den Preis zumindest vor\u00fcbergehend eingeschr\u00e4nkter Mobilit\u00e4t h\u00e4tte.<\/p>\n\n\n\n<p>D\u00e4mmung, Anstriche und Fassadengestaltung, die die Hitzeentwicklung reduzieren, m\u00fcssen bei jedem Neu- und Umbau eingeplant werden, genauso wie Klimaanlagen und gut isolierende Fensterbedeckungen. Nicht nur da m\u00fcssen Bauvorgaben \u00fcberdacht werden: Bisher sind Klimaanlagen und D\u00e4mmungen in der Schweiz auf 40 Grad Au\u00dfentemperatur ausgerichtet. Gemessen wird in der Regel mit Sensoren an einem schattigen Teil der Fassade. An hei\u00dfen Tagen und in der Stadt k\u00f6nnte das zuk\u00fcnftig zu wenig sein.<\/p>\n\n\n\n<h5 class=\"wp-block-heading\">Kein Geb\u00e4ude d\u00fcrfte mehr geplant werden, ohne an steigende Temperaturen zu denken<\/h5>\n\n\n\n<p>Kein Pflegeheim, kein Spital, keine Veranstaltungs- und Sporthalle d\u00fcrfte mehr geplant, gebaut oder umgebaut werden, ohne dass K\u00fchlung mit bedacht wird. Dasselbe gilt f\u00fcr Wohnungen, die sich potenziell stark aufheizen, wie Dachwohnungen oder Geb\u00e4ude mit Flachd\u00e4chern, sonst werden sie zu Hitzefallen. \u00abThermische Umweltverschmutzung\u00bb durch Abgase oder Hitzeinseln \u2013 beispielsweise auf breiten Stra\u00dfen, Firmengel\u00e4nden oder in Industriegebieten \u2013 muss bek\u00e4mpft werden.<\/p>\n\n\n\n<p>F\u00fcr alle Orte, an denen sich viele Menschen versammeln wie in Sportstadien, Konzerthallen oder Kirchen br\u00e4uchte es in Zukunft nicht nur andere Bauvorschriften, sondern auch ein Hitzekonzept. Einen \u00abHeat Action Plan\u00bb, wie es ihn beispielsweise f\u00fcr Phasen hoher Luftverschmutzung oder Ozonwerte gibt, haben bisher nur wenige St\u00e4dte und L\u00e4nder weltweit.<\/p>\n\n\n\n<p>Teile davon k\u00f6nnten praktisch so lauten: Trinkwasser ist kostenlos zur Verf\u00fcgung zu stellen. Ventilatoren oder Klimaanlagen in Wartezimmern, \u00f6ffentlichen Verkehrsmitteln, Schulen und Restaurants sind ab einer bestimmten Hitzewarnstufe Pflicht. Wasserspender in Einkaufszentren geh\u00f6ren zur Standardeinrichtung, Restaurants m\u00fcssen Leitungswasser kostenlos anbieten.<\/p>\n\n\n\n<h5 class=\"wp-block-heading\">Die Schweiz ist besser vorbereitet als viele andere L\u00e4nder<\/h5>\n\n\n\n<p>Die Bev\u00f6lkerung wird bei ung\u00fcnstigen Wetterprognosen gewarnt. Bei Veranstaltungen im Freien muss der Veranstalter f\u00fcr Beschattung sorgen. F\u00fcr besonders gef\u00e4hrdete Personen gibt es Hitzebetreuung, gef\u00e4hrliche T\u00e4tigkeiten werden w\u00e4hrend der w\u00e4rmsten Stunden des Tages eingeschr\u00e4nkt, nicht klimatisierte Sportst\u00e4tten werden geschlossen.<\/p>\n\n\n\n<p>Die Schweiz ist besser vorbereitet als die meisten anderen L\u00e4nder und gilt bei der Vorsorge f\u00fcr Hitzeereignisse als Vorzeigeland. Das <a href=\"https:\/\/www.infosperber.ch\/Users\/Daniela\/AppData\/Local\/Temp\/Massnahmenkatalog_fuer_Behoerden.pdf\">Schweizer Tropeninstitut<\/a> machte schon 2017 Vorschl\u00e4ge, wie Gesundheitsgefahren durch Hitze auf verschiedenen gesellschaftlichen und organisatorischen Ebenen begegnet werden kann. Die seit einer Hitzewelle 2003 in mehreren Kantonen eingef\u00fchrten Hitzeaktionspl\u00e4ne haben sich bew\u00e4hrt. Auch in Deutschland, England, Frankreich, Italien und Spanien gibt es <a href=\"https:\/\/www.umweltbundesamt.de\/sites\/default\/files\/medien\/421\/publikationen\/umid_heft_1_2021-onlineversion.pdf\">regionale oder landesweite<\/a> Hitzewarnpl\u00e4ne.<\/p>\n\n\n\n<p>Potenzial gibt es noch im Geb\u00e4udebau. So gibt es beispielsweise in vielen Treppenh\u00e4usern keine M\u00f6glichkeit, die Fenster abzudecken. Gro\u00dfe Glasfl\u00e4chen an Fassaden k\u00f6nnen oft nicht abgedeckt werden, Vorg\u00e4rten werden versiegelt statt bepflanzt. Gro\u00dfst\u00e4dte in den USA experimentieren l\u00e4ngst mit hellen Anstrichen f\u00fcr Flachd\u00e4cher und Stassen, Dachbegr\u00fcnung und hitzetolerantem Asphalt.<\/p>\n\n\n\n<h5 class=\"wp-block-heading\">Weiterf\u00fchrende Informationen<\/h5>\n\n\n\n<ul class=\"wp-block-list\"><li>\u00ab<a href=\"https:\/\/www.thelancet.com\/journals\/lancet\/article\/PIIS0140-6736(21)01860-2\/fulltext\">Health in a world of extreme heat<\/a>\u00bb, The Lancet<\/li><li>\u00ab<a href=\"https:\/\/www.thelancet.com\/journals\/lancet\/article\/PIIS0140-6736(21)01209-5\/fulltext\">Reducing the health effects of hot weather and heat extremes: from personal cooling strategies to green cities<\/a>\u00bb, The Lancet<\/li><li>\u00ab<a href=\"https:\/\/www.nature.com\/articles\/s41558-021-01058-x.epdf?sharing_token=CVvKDovgE1G3Oyrqe1vfFtRgN0jAjWel9jnR3ZoTv0N74knunZjp4k1Ncyycvvs4s-boSk4oaOLQNv21uGPfVv1dqAnohAu2elNFnXtzKCLmHVKYW10P3Stq3lNMLKfNOMvKfFqWQaOFQGQJxsHhPW30dR1kofEYg2Zf4HKn3Mv-MpOVgddIZFzFLfWheQ5MQMhznABHXWTRdtWs0yfimA%3D%3D&amp;tracking_referrer=www.zeit.de\">The burden of heat-related mortality attributable to recent human-induced climate change<\/a>\u00bb, Nature Climate Change<\/li><li>\u00ab<a href=\"https:\/\/www.infosperber.ch\/gesundheit\/public-health\/was-der-klimawandel-fuer-die-gesundheit-bedeutet\/\">Was der Klimawandel f\u00fcr die Gesundheit bedeutet<\/a>\u00bb, Infosperber im M\u00e4rz 2020<\/li><\/ul>\n\n\n<h5 class=\"green\">Quelle<\/h5>\r\n\n\n\n<p>Der Bericht wurde von der\u00a0<a href=\"https:\/\/www.infosperber.ch\/gesundheit\/public-health\/zunehmende-hitze-bedroht-die-oeffentliche-gesundheit\/\">Redaktion \u201eINFOsperber.ch\u201c (Daniela Gschweng) 2021<\/a>\u00a0verfasst\u00a0\u2013 der Artikel darf\u00a0nicht ohne\u00a0<a href=\"mailto:kontakt@infosperber.ch\" target=\"_blank\" rel=\"noreferrer noopener\">Genehmigung\u00a0weiterverbreitet<\/a>\u00a0werden!\u00a0Meinungen in Beitr\u00e4gen auf der Sonnenseite entsprechen jeweils den pers\u00f6nlichen Einsch\u00e4tzungen der Autorin oder des Autors.<\/p>\n<div class=\"shariff shariff-align-flex-start shariff-widget-align-flex-start\"><div class=\"ShariffHeadline\">Diese Meldung teilen<\/div><ul class=\"shariff-buttons theme-round orientation-horizontal buttonsize-medium\"><li class=\"shariff-button facebook shariff-nocustomcolor\" style=\"background-color:#4273c8;border-radius:1%\"><a href=\"https:\/\/www.facebook.com\/sharer\/sharer.php?u=https%3A%2F%2Fwww.sonnenseite.com%2Fde%2Fumwelt%2Fzunehmende-hitze-bedroht-die-oeffentliche-gesundheit%2F\" title=\"Bei Facebook teilen\" aria-label=\"Bei Facebook teilen\" role=\"button\" rel=\"nofollow\" class=\"shariff-link\" style=\";border-radius:1%; background-color:#3b5998; color:#fff\" target=\"_blank\"><span class=\"shariff-icon\" style=\"\"><svg width=\"32px\" height=\"20px\" xmlns=\"http:\/\/www.w3.org\/2000\/svg\" viewBox=\"0 0 18 32\"><path fill=\"#3b5998\" d=\"M17.1 0.2v4.7h-2.8q-1.5 0-2.1 0.6t-0.5 1.9v3.4h5.2l-0.7 5.3h-4.5v13.6h-5.5v-13.6h-4.5v-5.3h4.5v-3.9q0-3.3 1.9-5.2t5-1.8q2.6 0 4.1 0.2z\"\/><\/svg><\/span><\/a><\/li><li class=\"shariff-button twitter shariff-nocustomcolor\" style=\"background-color:#595959;border-radius:1%\"><a href=\"https:\/\/twitter.com\/share?url=https%3A%2F%2Fwww.sonnenseite.com%2Fde%2Fumwelt%2Fzunehmende-hitze-bedroht-die-oeffentliche-gesundheit%2F&text=Zunehmende%20Hitze%20bedroht%20die%20%C3%B6ffentliche%20Gesundheit\" title=\"Bei X teilen\" aria-label=\"Bei X teilen\" role=\"button\" rel=\"noopener nofollow\" class=\"shariff-link\" style=\";border-radius:1%; background-color:#000; color:#fff\" target=\"_blank\"><span class=\"shariff-icon\" style=\"\"><svg width=\"32px\" height=\"20px\" xmlns=\"http:\/\/www.w3.org\/2000\/svg\" viewBox=\"0 0 24 24\"><path fill=\"#000\" d=\"M14.258 10.152L23.176 0h-2.113l-7.747 8.813L7.133 0H0l9.352 13.328L0 23.973h2.113l8.176-9.309 6.531 9.309h7.133zm-2.895 3.293l-.949-1.328L2.875 1.56h3.246l6.086 8.523.945 1.328 7.91 11.078h-3.246zm0 0\"\/><\/svg><\/span><\/a><\/li><li class=\"shariff-button xing shariff-nocustomcolor\" style=\"background-color:#29888a;border-radius:1%\"><a href=\"https:\/\/www.xing.com\/spi\/shares\/new?url=https%3A%2F%2Fwww.sonnenseite.com%2Fde%2Fumwelt%2Fzunehmende-hitze-bedroht-die-oeffentliche-gesundheit%2F\" title=\"Bei XING teilen\" aria-label=\"Bei XING teilen\" role=\"button\" rel=\"noopener nofollow\" class=\"shariff-link\" style=\";border-radius:1%; background-color:#126567; color:#fff\" target=\"_blank\"><span class=\"shariff-icon\" style=\"\"><svg width=\"32px\" height=\"20px\" xmlns=\"http:\/\/www.w3.org\/2000\/svg\" viewBox=\"0 0 25 32\"><path fill=\"#126567\" d=\"M10.7 11.9q-0.2 0.3-4.6 8.2-0.5 0.8-1.2 0.8h-4.3q-0.4 0-0.5-0.3t0-0.6l4.5-8q0 0 0 0l-2.9-5q-0.2-0.4 0-0.7 0.2-0.3 0.5-0.3h4.3q0.7 0 1.2 0.8zM25.1 0.4q0.2 0.3 0 0.7l-9.4 16.7 6 11q0.2 0.4 0 0.6-0.2 0.3-0.6 0.3h-4.3q-0.7 0-1.2-0.8l-6-11.1q0.3-0.6 9.5-16.8 0.4-0.8 1.2-0.8h4.3q0.4 0 0.5 0.3z\"\/><\/svg><\/span><\/a><\/li><li class=\"shariff-button linkedin shariff-nocustomcolor\" style=\"background-color:#1488bf;border-radius:1%\"><a href=\"https:\/\/www.linkedin.com\/sharing\/share-offsite\/?url=https%3A%2F%2Fwww.sonnenseite.com%2Fde%2Fumwelt%2Fzunehmende-hitze-bedroht-die-oeffentliche-gesundheit%2F\" title=\"Bei LinkedIn teilen\" aria-label=\"Bei LinkedIn teilen\" role=\"button\" rel=\"noopener nofollow\" class=\"shariff-link\" style=\";border-radius:1%; background-color:#0077b5; color:#fff\" target=\"_blank\"><span class=\"shariff-icon\" style=\"\"><svg width=\"32px\" height=\"20px\" xmlns=\"http:\/\/www.w3.org\/2000\/svg\" viewBox=\"0 0 27 32\"><path fill=\"#0077b5\" d=\"M6.2 11.2v17.7h-5.9v-17.7h5.9zM6.6 5.7q0 1.3-0.9 2.2t-2.4 0.9h0q-1.5 0-2.4-0.9t-0.9-2.2 0.9-2.2 2.4-0.9 2.4 0.9 0.9 2.2zM27.4 18.7v10.1h-5.9v-9.5q0-1.9-0.7-2.9t-2.3-1.1q-1.1 0-1.9 0.6t-1.2 1.5q-0.2 0.5-0.2 1.4v9.9h-5.9q0-7.1 0-11.6t0-5.3l0-0.9h5.9v2.6h0q0.4-0.6 0.7-1t1-0.9 1.6-0.8 2-0.3q3 0 4.9 2t1.9 6z\"\/><\/svg><\/span><\/a><\/li><li class=\"shariff-button printer shariff-nocustomcolor\" style=\"background-color:#a8a8a8;border-radius:1%\"><a href=\"javascript:window.print()\" title=\"drucken\" aria-label=\"drucken\" role=\"button\" rel=\"noopener nofollow\" class=\"shariff-link\" style=\";border-radius:1%; background-color:#999; color:#fff\"><span class=\"shariff-icon\" style=\"\"><svg width=\"32px\" height=\"20px\" xmlns=\"http:\/\/www.w3.org\/2000\/svg\" viewBox=\"0 0 30 32\"><path fill=\"#999\" d=\"M6.8 27.4h16v-4.6h-16v4.6zM6.8 16h16v-6.8h-2.8q-0.7 0-1.2-0.5t-0.5-1.2v-2.8h-11.4v11.4zM27.4 17.2q0-0.5-0.3-0.8t-0.8-0.4-0.8 0.4-0.3 0.8 0.3 0.8 0.8 0.3 0.8-0.3 0.3-0.8zM29.7 17.2v7.4q0 0.2-0.2 0.4t-0.4 0.2h-4v2.8q0 0.7-0.5 1.2t-1.2 0.5h-17.2q-0.7 0-1.2-0.5t-0.5-1.2v-2.8h-4q-0.2 0-0.4-0.2t-0.2-0.4v-7.4q0-1.4 1-2.4t2.4-1h1.2v-9.7q0-0.7 0.5-1.2t1.2-0.5h12q0.7 0 1.6 0.4t1.3 0.8l2.7 2.7q0.5 0.5 0.9 1.4t0.4 1.6v4.6h1.1q1.4 0 2.4 1t1 2.4z\"\/><\/svg><\/span><\/a><\/li><li class=\"shariff-button mailto shariff-nocustomcolor\" style=\"background-color:#a8a8a8;border-radius:1%\"><a href=\"mailto:?body=https%3A%2F%2Fwww.sonnenseite.com%2Fde%2Fumwelt%2Fzunehmende-hitze-bedroht-die-oeffentliche-gesundheit%2F&subject=Zunehmende%20Hitze%20bedroht%20die%20%C3%B6ffentliche%20Gesundheit\" title=\"Per E-Mail versenden\" aria-label=\"Per E-Mail versenden\" role=\"button\" rel=\"noopener nofollow\" class=\"shariff-link\" style=\";border-radius:1%; background-color:#999; color:#fff\"><span class=\"shariff-icon\" style=\"\"><svg width=\"32px\" height=\"20px\" xmlns=\"http:\/\/www.w3.org\/2000\/svg\" viewBox=\"0 0 32 32\"><path fill=\"#999\" d=\"M32 12.7v14.2q0 1.2-0.8 2t-2 0.9h-26.3q-1.2 0-2-0.9t-0.8-2v-14.2q0.8 0.9 1.8 1.6 6.5 4.4 8.9 6.1 1 0.8 1.6 1.2t1.7 0.9 2 0.4h0.1q0.9 0 2-0.4t1.7-0.9 1.6-1.2q3-2.2 8.9-6.1 1-0.7 1.8-1.6zM32 7.4q0 1.4-0.9 2.7t-2.2 2.2q-6.7 4.7-8.4 5.8-0.2 0.1-0.7 0.5t-1 0.7-0.9 0.6-1.1 0.5-0.9 0.2h-0.1q-0.4 0-0.9-0.2t-1.1-0.5-0.9-0.6-1-0.7-0.7-0.5q-1.6-1.1-4.7-3.2t-3.6-2.6q-1.1-0.7-2.1-2t-1-2.5q0-1.4 0.7-2.3t2.1-0.9h26.3q1.2 0 2 0.8t0.9 2z\"\/><\/svg><\/span><\/a><\/li><\/ul><\/div>","protected":false},"excerpt":{"rendered":"<p>Eigentlich m\u00fcssten wir schon angefangen haben, uns auf eine hei\u00dfere Zukunft vorzubereiten. Vor allem im Geb\u00e4ude- [&hellip;]<\/p>\n","protected":false},"author":3,"featured_media":74660,"comment_status":"closed","ping_status":"closed","sticky":false,"template":"","format":"standard","meta":{"inline_featured_image":false,"footnotes":""},"categories":[23],"tags":[],"class_list":["post-74650","post","type-post","status-publish","format-standard","has-post-thumbnail","hentry","category-umwelt"],"yoast_head":"<!-- This site is optimized with the Yoast SEO plugin v26.5 - https:\/\/yoast.com\/wordpress\/plugins\/seo\/ -->\n<title>Zunehmende Hitze bedroht die \u00f6ffentliche Gesundheit - Sonnenseite - \u00d6kologische Kommunikation mit Franz Alt<\/title>\n<meta name=\"description\" content=\"Eigentlich m\u00fcssten wir schon angefangen haben, uns auf eine hei\u00dfere Zukunft vorzubereiten. Vor allem im Geb\u00e4ude- und St\u00e4dtebau. Gesundheitsgefahren durch\" \/>\n<meta name=\"robots\" content=\"index, follow, max-snippet:-1, max-image-preview:large, max-video-preview:-1\" \/>\n<link rel=\"canonical\" href=\"https:\/\/www.sonnenseite.com\/de\/umwelt\/zunehmende-hitze-bedroht-die-oeffentliche-gesundheit\/\" \/>\n<meta property=\"og:locale\" content=\"de_DE\" \/>\n<meta property=\"og:type\" content=\"article\" \/>\n<meta property=\"og:title\" content=\"Zunehmende Hitze bedroht die \u00f6ffentliche Gesundheit - Sonnenseite - \u00d6kologische Kommunikation mit Franz Alt\" \/>\n<meta property=\"og:description\" content=\"Eigentlich m\u00fcssten wir schon angefangen haben, uns auf eine hei\u00dfere Zukunft vorzubereiten. Vor allem im Geb\u00e4ude- und St\u00e4dtebau. Gesundheitsgefahren durch\" \/>\n<meta property=\"og:url\" content=\"https:\/\/www.sonnenseite.com\/de\/umwelt\/zunehmende-hitze-bedroht-die-oeffentliche-gesundheit\/\" \/>\n<meta property=\"og:site_name\" content=\"Sonnenseite\" \/>\n<meta property=\"article:publisher\" content=\"https:\/\/www.facebook.com\/pages\/Franz-Alt-SONNENSEITECOM\/221072987903953?fref=ts\" \/>\n<meta property=\"article:published_time\" content=\"2021-09-11T01:01:00+00:00\" \/>\n<meta property=\"og:image\" content=\"https:\/\/www.sonnenseite.com\/wp-content\/uploads\/2021\/09\/Ventilator_TraceyWong.jpg\" \/>\n\t<meta property=\"og:image:width\" content=\"770\" \/>\n\t<meta property=\"og:image:height\" content=\"420\" \/>\n\t<meta property=\"og:image:type\" content=\"image\/jpeg\" \/>\n<meta name=\"author\" content=\"Bigi Alt\" \/>\n<meta name=\"twitter:card\" content=\"summary_large_image\" \/>\n<meta name=\"twitter:creator\" content=\"@franzalt\" \/>\n<meta name=\"twitter:site\" content=\"@franzalt\" \/>\n<meta name=\"twitter:label1\" content=\"Verfasst von\" \/>\n\t<meta name=\"twitter:data1\" content=\"Bigi Alt\" \/>\n\t<meta name=\"twitter:label2\" content=\"Gesch\u00e4tzte Lesezeit\" \/>\n\t<meta name=\"twitter:data2\" content=\"7\u00a0Minuten\" \/>\n<script type=\"application\/ld+json\" class=\"yoast-schema-graph\">{\"@context\":\"https:\/\/schema.org\",\"@graph\":[{\"@type\":\"Article\",\"@id\":\"https:\/\/www.sonnenseite.com\/de\/umwelt\/zunehmende-hitze-bedroht-die-oeffentliche-gesundheit\/#article\",\"isPartOf\":{\"@id\":\"https:\/\/www.sonnenseite.com\/de\/umwelt\/zunehmende-hitze-bedroht-die-oeffentliche-gesundheit\/\"},\"author\":{\"name\":\"Bigi Alt\",\"@id\":\"https:\/\/www.sonnenseite.com\/de\/#\/schema\/person\/50fda0e926597684c7cc6695238a4eb9\"},\"headline\":\"Zunehmende Hitze bedroht die \u00f6ffentliche Gesundheit\",\"datePublished\":\"2021-09-11T01:01:00+00:00\",\"mainEntityOfPage\":{\"@id\":\"https:\/\/www.sonnenseite.com\/de\/umwelt\/zunehmende-hitze-bedroht-die-oeffentliche-gesundheit\/\"},\"wordCount\":1614,\"publisher\":{\"@id\":\"https:\/\/www.sonnenseite.com\/de\/#organization\"},\"image\":{\"@id\":\"https:\/\/www.sonnenseite.com\/de\/umwelt\/zunehmende-hitze-bedroht-die-oeffentliche-gesundheit\/#primaryimage\"},\"thumbnailUrl\":\"https:\/\/www.sonnenseite.com\/wp-content\/uploads\/2021\/09\/Ventilator_TraceyWong.jpg\",\"articleSection\":[\"Umwelt\"],\"inLanguage\":\"de\"},{\"@type\":\"WebPage\",\"@id\":\"https:\/\/www.sonnenseite.com\/de\/umwelt\/zunehmende-hitze-bedroht-die-oeffentliche-gesundheit\/\",\"url\":\"https:\/\/www.sonnenseite.com\/de\/umwelt\/zunehmende-hitze-bedroht-die-oeffentliche-gesundheit\/\",\"name\":\"Zunehmende Hitze bedroht die \u00f6ffentliche Gesundheit - Sonnenseite - \u00d6kologische Kommunikation mit Franz Alt\",\"isPartOf\":{\"@id\":\"https:\/\/www.sonnenseite.com\/de\/#website\"},\"primaryImageOfPage\":{\"@id\":\"https:\/\/www.sonnenseite.com\/de\/umwelt\/zunehmende-hitze-bedroht-die-oeffentliche-gesundheit\/#primaryimage\"},\"image\":{\"@id\":\"https:\/\/www.sonnenseite.com\/de\/umwelt\/zunehmende-hitze-bedroht-die-oeffentliche-gesundheit\/#primaryimage\"},\"thumbnailUrl\":\"https:\/\/www.sonnenseite.com\/wp-content\/uploads\/2021\/09\/Ventilator_TraceyWong.jpg\",\"datePublished\":\"2021-09-11T01:01:00+00:00\",\"description\":\"Eigentlich m\u00fcssten wir schon angefangen haben, uns auf eine hei\u00dfere Zukunft vorzubereiten. Vor allem im Geb\u00e4ude- und St\u00e4dtebau. Gesundheitsgefahren durch\",\"breadcrumb\":{\"@id\":\"https:\/\/www.sonnenseite.com\/de\/umwelt\/zunehmende-hitze-bedroht-die-oeffentliche-gesundheit\/#breadcrumb\"},\"inLanguage\":\"de\",\"potentialAction\":[{\"@type\":\"ReadAction\",\"target\":[\"https:\/\/www.sonnenseite.com\/de\/umwelt\/zunehmende-hitze-bedroht-die-oeffentliche-gesundheit\/\"]}]},{\"@type\":\"ImageObject\",\"inLanguage\":\"de\",\"@id\":\"https:\/\/www.sonnenseite.com\/de\/umwelt\/zunehmende-hitze-bedroht-die-oeffentliche-gesundheit\/#primaryimage\",\"url\":\"https:\/\/www.sonnenseite.com\/wp-content\/uploads\/2021\/09\/Ventilator_TraceyWong.jpg\",\"contentUrl\":\"https:\/\/www.sonnenseite.com\/wp-content\/uploads\/2021\/09\/Ventilator_TraceyWong.jpg\",\"width\":770,\"height\":420,\"caption\":\"pixabay.com | Tracey Wong | Ventilatoren an \u00f6ffentlichen Orten k\u00f6nnten bald eine Notwendigkeit werden.\"},{\"@type\":\"BreadcrumbList\",\"@id\":\"https:\/\/www.sonnenseite.com\/de\/umwelt\/zunehmende-hitze-bedroht-die-oeffentliche-gesundheit\/#breadcrumb\",\"itemListElement\":[{\"@type\":\"ListItem\",\"position\":1,\"name\":\"Startseite\",\"item\":\"https:\/\/www.sonnenseite.com\/de\/\"},{\"@type\":\"ListItem\",\"position\":2,\"name\":\"Zunehmende Hitze bedroht die \u00f6ffentliche Gesundheit\"}]},{\"@type\":\"WebSite\",\"@id\":\"https:\/\/www.sonnenseite.com\/de\/#website\",\"url\":\"https:\/\/www.sonnenseite.com\/de\/\",\"name\":\"Sonnenseite\",\"description\":\"\u00d6kologische Kommunikation mit Franz Alt\",\"publisher\":{\"@id\":\"https:\/\/www.sonnenseite.com\/de\/#organization\"},\"potentialAction\":[{\"@type\":\"SearchAction\",\"target\":{\"@type\":\"EntryPoint\",\"urlTemplate\":\"https:\/\/www.sonnenseite.com\/de\/?s={search_term_string}\"},\"query-input\":{\"@type\":\"PropertyValueSpecification\",\"valueRequired\":true,\"valueName\":\"search_term_string\"}}],\"inLanguage\":\"de\"},{\"@type\":\"Organization\",\"@id\":\"https:\/\/www.sonnenseite.com\/de\/#organization\",\"name\":\"Sonnenseite\",\"url\":\"https:\/\/www.sonnenseite.com\/de\/\",\"logo\":{\"@type\":\"ImageObject\",\"inLanguage\":\"de\",\"@id\":\"https:\/\/www.sonnenseite.com\/de\/#\/schema\/logo\/image\/\",\"url\":\"https:\/\/www.sonnenseite.com\/wp-content\/uploads\/2020\/05\/Sonnenseite_Logo.png\",\"contentUrl\":\"https:\/\/www.sonnenseite.com\/wp-content\/uploads\/2020\/05\/Sonnenseite_Logo.png\",\"width\":377,\"height\":90,\"caption\":\"Sonnenseite\"},\"image\":{\"@id\":\"https:\/\/www.sonnenseite.com\/de\/#\/schema\/logo\/image\/\"},\"sameAs\":[\"https:\/\/www.facebook.com\/pages\/Franz-Alt-SONNENSEITECOM\/221072987903953?fref=ts\",\"https:\/\/x.com\/franzalt\",\"http:\/\/www.youtube.com\/results?search_query&amp;amp;quot;franz_alt&amp;amp;quot;&amp;amp;amp;amp;search_type&amp;amp;amp;amp;aq=f\"]},{\"@type\":\"Person\",\"@id\":\"https:\/\/www.sonnenseite.com\/de\/#\/schema\/person\/50fda0e926597684c7cc6695238a4eb9\",\"name\":\"Bigi Alt\"}]}<\/script>\n<!-- \/ Yoast SEO plugin. -->","yoast_head_json":{"title":"Zunehmende Hitze bedroht die \u00f6ffentliche Gesundheit - Sonnenseite - \u00d6kologische Kommunikation mit Franz Alt","description":"Eigentlich m\u00fcssten wir schon angefangen haben, uns auf eine hei\u00dfere Zukunft vorzubereiten. Vor allem im Geb\u00e4ude- und St\u00e4dtebau. Gesundheitsgefahren durch","robots":{"index":"index","follow":"follow","max-snippet":"max-snippet:-1","max-image-preview":"max-image-preview:large","max-video-preview":"max-video-preview:-1"},"canonical":"https:\/\/www.sonnenseite.com\/de\/umwelt\/zunehmende-hitze-bedroht-die-oeffentliche-gesundheit\/","og_locale":"de_DE","og_type":"article","og_title":"Zunehmende Hitze bedroht die \u00f6ffentliche Gesundheit - Sonnenseite - \u00d6kologische Kommunikation mit Franz Alt","og_description":"Eigentlich m\u00fcssten wir schon angefangen haben, uns auf eine hei\u00dfere Zukunft vorzubereiten. Vor allem im Geb\u00e4ude- und St\u00e4dtebau. Gesundheitsgefahren durch","og_url":"https:\/\/www.sonnenseite.com\/de\/umwelt\/zunehmende-hitze-bedroht-die-oeffentliche-gesundheit\/","og_site_name":"Sonnenseite","article_publisher":"https:\/\/www.facebook.com\/pages\/Franz-Alt-SONNENSEITECOM\/221072987903953?fref=ts","article_published_time":"2021-09-11T01:01:00+00:00","og_image":[{"width":770,"height":420,"url":"https:\/\/www.sonnenseite.com\/wp-content\/uploads\/2021\/09\/Ventilator_TraceyWong.jpg","type":"image\/jpeg"}],"author":"Bigi Alt","twitter_card":"summary_large_image","twitter_creator":"@franzalt","twitter_site":"@franzalt","twitter_misc":{"Verfasst von":"Bigi Alt","Gesch\u00e4tzte Lesezeit":"7\u00a0Minuten"},"schema":{"@context":"https:\/\/schema.org","@graph":[{"@type":"Article","@id":"https:\/\/www.sonnenseite.com\/de\/umwelt\/zunehmende-hitze-bedroht-die-oeffentliche-gesundheit\/#article","isPartOf":{"@id":"https:\/\/www.sonnenseite.com\/de\/umwelt\/zunehmende-hitze-bedroht-die-oeffentliche-gesundheit\/"},"author":{"name":"Bigi Alt","@id":"https:\/\/www.sonnenseite.com\/de\/#\/schema\/person\/50fda0e926597684c7cc6695238a4eb9"},"headline":"Zunehmende Hitze bedroht die \u00f6ffentliche Gesundheit","datePublished":"2021-09-11T01:01:00+00:00","mainEntityOfPage":{"@id":"https:\/\/www.sonnenseite.com\/de\/umwelt\/zunehmende-hitze-bedroht-die-oeffentliche-gesundheit\/"},"wordCount":1614,"publisher":{"@id":"https:\/\/www.sonnenseite.com\/de\/#organization"},"image":{"@id":"https:\/\/www.sonnenseite.com\/de\/umwelt\/zunehmende-hitze-bedroht-die-oeffentliche-gesundheit\/#primaryimage"},"thumbnailUrl":"https:\/\/www.sonnenseite.com\/wp-content\/uploads\/2021\/09\/Ventilator_TraceyWong.jpg","articleSection":["Umwelt"],"inLanguage":"de"},{"@type":"WebPage","@id":"https:\/\/www.sonnenseite.com\/de\/umwelt\/zunehmende-hitze-bedroht-die-oeffentliche-gesundheit\/","url":"https:\/\/www.sonnenseite.com\/de\/umwelt\/zunehmende-hitze-bedroht-die-oeffentliche-gesundheit\/","name":"Zunehmende Hitze bedroht die \u00f6ffentliche Gesundheit - Sonnenseite - \u00d6kologische Kommunikation mit Franz Alt","isPartOf":{"@id":"https:\/\/www.sonnenseite.com\/de\/#website"},"primaryImageOfPage":{"@id":"https:\/\/www.sonnenseite.com\/de\/umwelt\/zunehmende-hitze-bedroht-die-oeffentliche-gesundheit\/#primaryimage"},"image":{"@id":"https:\/\/www.sonnenseite.com\/de\/umwelt\/zunehmende-hitze-bedroht-die-oeffentliche-gesundheit\/#primaryimage"},"thumbnailUrl":"https:\/\/www.sonnenseite.com\/wp-content\/uploads\/2021\/09\/Ventilator_TraceyWong.jpg","datePublished":"2021-09-11T01:01:00+00:00","description":"Eigentlich m\u00fcssten wir schon angefangen haben, uns auf eine hei\u00dfere Zukunft vorzubereiten. Vor allem im Geb\u00e4ude- und St\u00e4dtebau. Gesundheitsgefahren durch","breadcrumb":{"@id":"https:\/\/www.sonnenseite.com\/de\/umwelt\/zunehmende-hitze-bedroht-die-oeffentliche-gesundheit\/#breadcrumb"},"inLanguage":"de","potentialAction":[{"@type":"ReadAction","target":["https:\/\/www.sonnenseite.com\/de\/umwelt\/zunehmende-hitze-bedroht-die-oeffentliche-gesundheit\/"]}]},{"@type":"ImageObject","inLanguage":"de","@id":"https:\/\/www.sonnenseite.com\/de\/umwelt\/zunehmende-hitze-bedroht-die-oeffentliche-gesundheit\/#primaryimage","url":"https:\/\/www.sonnenseite.com\/wp-content\/uploads\/2021\/09\/Ventilator_TraceyWong.jpg","contentUrl":"https:\/\/www.sonnenseite.com\/wp-content\/uploads\/2021\/09\/Ventilator_TraceyWong.jpg","width":770,"height":420,"caption":"pixabay.com | Tracey Wong | Ventilatoren an \u00f6ffentlichen Orten k\u00f6nnten bald eine Notwendigkeit werden."},{"@type":"BreadcrumbList","@id":"https:\/\/www.sonnenseite.com\/de\/umwelt\/zunehmende-hitze-bedroht-die-oeffentliche-gesundheit\/#breadcrumb","itemListElement":[{"@type":"ListItem","position":1,"name":"Startseite","item":"https:\/\/www.sonnenseite.com\/de\/"},{"@type":"ListItem","position":2,"name":"Zunehmende Hitze bedroht die \u00f6ffentliche Gesundheit"}]},{"@type":"WebSite","@id":"https:\/\/www.sonnenseite.com\/de\/#website","url":"https:\/\/www.sonnenseite.com\/de\/","name":"Sonnenseite","description":"\u00d6kologische Kommunikation mit Franz Alt","publisher":{"@id":"https:\/\/www.sonnenseite.com\/de\/#organization"},"potentialAction":[{"@type":"SearchAction","target":{"@type":"EntryPoint","urlTemplate":"https:\/\/www.sonnenseite.com\/de\/?s={search_term_string}"},"query-input":{"@type":"PropertyValueSpecification","valueRequired":true,"valueName":"search_term_string"}}],"inLanguage":"de"},{"@type":"Organization","@id":"https:\/\/www.sonnenseite.com\/de\/#organization","name":"Sonnenseite","url":"https:\/\/www.sonnenseite.com\/de\/","logo":{"@type":"ImageObject","inLanguage":"de","@id":"https:\/\/www.sonnenseite.com\/de\/#\/schema\/logo\/image\/","url":"https:\/\/www.sonnenseite.com\/wp-content\/uploads\/2020\/05\/Sonnenseite_Logo.png","contentUrl":"https:\/\/www.sonnenseite.com\/wp-content\/uploads\/2020\/05\/Sonnenseite_Logo.png","width":377,"height":90,"caption":"Sonnenseite"},"image":{"@id":"https:\/\/www.sonnenseite.com\/de\/#\/schema\/logo\/image\/"},"sameAs":["https:\/\/www.facebook.com\/pages\/Franz-Alt-SONNENSEITECOM\/221072987903953?fref=ts","https:\/\/x.com\/franzalt","http:\/\/www.youtube.com\/results?search_query&amp;amp;quot;franz_alt&amp;amp;quot;&amp;amp;amp;amp;search_type&amp;amp;amp;amp;aq=f"]},{"@type":"Person","@id":"https:\/\/www.sonnenseite.com\/de\/#\/schema\/person\/50fda0e926597684c7cc6695238a4eb9","name":"Bigi Alt"}]}},"_links":{"self":[{"href":"https:\/\/www.sonnenseite.com\/de\/wp-json\/wp\/v2\/posts\/74650","targetHints":{"allow":["GET"]}}],"collection":[{"href":"https:\/\/www.sonnenseite.com\/de\/wp-json\/wp\/v2\/posts"}],"about":[{"href":"https:\/\/www.sonnenseite.com\/de\/wp-json\/wp\/v2\/types\/post"}],"author":[{"embeddable":true,"href":"https:\/\/www.sonnenseite.com\/de\/wp-json\/wp\/v2\/users\/3"}],"replies":[{"embeddable":true,"href":"https:\/\/www.sonnenseite.com\/de\/wp-json\/wp\/v2\/comments?post=74650"}],"version-history":[{"count":5,"href":"https:\/\/www.sonnenseite.com\/de\/wp-json\/wp\/v2\/posts\/74650\/revisions"}],"predecessor-version":[{"id":74659,"href":"https:\/\/www.sonnenseite.com\/de\/wp-json\/wp\/v2\/posts\/74650\/revisions\/74659"}],"wp:featuredmedia":[{"embeddable":true,"href":"https:\/\/www.sonnenseite.com\/de\/wp-json\/wp\/v2\/media\/74660"}],"wp:attachment":[{"href":"https:\/\/www.sonnenseite.com\/de\/wp-json\/wp\/v2\/media?parent=74650"}],"wp:term":[{"taxonomy":"category","embeddable":true,"href":"https:\/\/www.sonnenseite.com\/de\/wp-json\/wp\/v2\/categories?post=74650"},{"taxonomy":"post_tag","embeddable":true,"href":"https:\/\/www.sonnenseite.com\/de\/wp-json\/wp\/v2\/tags?post=74650"}],"curies":[{"name":"wp","href":"https:\/\/api.w.org\/{rel}","templated":true}]}}