{"id":74854,"date":"2021-09-15T02:16:00","date_gmt":"2021-09-15T00:16:00","guid":{"rendered":"https:\/\/www.sonnenseite.com\/?p=74854"},"modified":"2021-09-20T08:58:38","modified_gmt":"2021-09-20T06:58:38","slug":"elektromobilitaet-erhoeht-den-strombedarf-der-privaten-haushalte-bereits-heute-um-13-twh","status":"publish","type":"post","link":"https:\/\/www.sonnenseite.com\/de\/mobilitaet\/elektromobilitaet-erhoeht-den-strombedarf-der-privaten-haushalte-bereits-heute-um-13-twh\/","title":{"rendered":"Elektromobilit\u00e4t erh\u00f6ht den Strombedarf der privaten Haushalte bereits heute um 1,3 TWh"},"content":{"rendered":"\n<p>Im August dieses Jahres erreichte der Anteil reiner Elektroautos an den Pkw-Neuzulassungen in Deutschland erstmals 15 Prozent. <\/p>\n\n\n\n<p>Der Bestand an E-Fahrzeugen wird Ende 2021 bei etwa 600.000 liegen. Eine EUPD Research-Analyse legt offen, dass 77 Prozent der Ladevorg\u00e4nge zuhause stattfinden, woraus sich Ende 2021 eine erforderliche \u00d6kostrommenge von 1,3 TWh ergibt.<\/p>\n\n\n\n<div class=\"wp-block-image\"><figure class=\"aligncenter size-full is-resized\"><img loading=\"lazy\" decoding=\"async\" src=\"https:\/\/www.sonnenseite.com\/wp-content\/uploads\/2021\/09\/EUPD-Research_E-Auto_laden.jpg\" alt=\"EUPD Research | Kraftfahrtbundesamt 09\/2021\" class=\"wp-image-74858\" width=\"578\" height=\"315\" srcset=\"https:\/\/www.sonnenseite.com\/wp-content\/uploads\/2021\/09\/EUPD-Research_E-Auto_laden.jpg 770w, https:\/\/www.sonnenseite.com\/wp-content\/uploads\/2021\/09\/EUPD-Research_E-Auto_laden-300x164.jpg 300w, https:\/\/www.sonnenseite.com\/wp-content\/uploads\/2021\/09\/EUPD-Research_E-Auto_laden-768x419.jpg 768w\" sizes=\"auto, (max-width: 578px) 100vw, 578px\" \/><figcaption>\u00a9 EUPD Research | Kraftfahrtbundesamt 09\/2021 | n=278<\/figcaption><\/figure><\/div>\n\n\n\n<p>Das Wachstum der Elektromobilit\u00e4t ist in Deutschland ungebremst. In den ersten acht Monaten des Jahres 2021 wurden bereits 203.040 reine Elektroautos (BEV) neu zugelassen. Damit steigt der Bestand an E-Autos auf deutschen Stra\u00dfen auf gut 512.000 Fahrzeuge an und wird zum Jahresende bei etwa 600.000 Pkw liegen. Die Monatswerte der Neuzulassungen untermauern den Aufw\u00e4rtstrend der Elektromobilit\u00e4t in Deutschland, wobei der Anteil an Elektro-Pkw an den gesamten Pkw-Neuzulassungen sich von unter zehn Prozent zum Jahresbeginn auf mittlerweile 15 Prozent kontinuierlich erh\u00f6ht hat.<a href=\"https:\/\/www.eupd-research.com\/elektromobilitaet-erhoeht-den-strombedarf-der-privaten-haushalte-bereits-heute-um-13-twh\/#_ftn1\">[1]<\/a><\/p>\n\n\n\n<p>Im Auftrag des Speicherspezialisten E3\/DC untersucht das Bonner Beratungshaus EUPD Research die Auswirkungen der Elektrifizierung der Mobilit\u00e4t auf den Strombedarf in den Verteilnetzen und dessen Bereitstellung im Geb\u00e4ude. Vorabergebnisse des aktuellen EndkundenMonitor von EUPD Research legen in diesem Zusammenhang die hohe Bedeutung der heimischen Ladeninfrastruktur offen. In einer Befragung von Elektroauto-Besitzern wird angegeben, dass mehr als drei Viertel der Ladevorg\u00e4nge zuhause stattfinden. Hingegen werden lediglich 15 Prozent der Ladevorg\u00e4nge an \u00f6ffentlichen Ladestationen und mit neun Prozent der geringste Anteil an Ladevorg\u00e4ngen am Arbeitsplatz durchgef\u00fchrt.<\/p>\n\n\n\n<div class=\"wp-block-image\"><figure class=\"aligncenter size-full is-resized\"><a href=\"https:\/\/www.sonnenseite.com\/wp-content\/uploads\/2021\/09\/EUPD-Research_E-Auto_Zulassungen.jpg\"><img loading=\"lazy\" decoding=\"async\" src=\"https:\/\/www.sonnenseite.com\/wp-content\/uploads\/2021\/09\/EUPD-Research_E-Auto_Zulassungen.jpg\" alt=\"\" class=\"wp-image-74856\" width=\"483\" height=\"312\" srcset=\"https:\/\/www.sonnenseite.com\/wp-content\/uploads\/2021\/09\/EUPD-Research_E-Auto_Zulassungen.jpg 773w, https:\/\/www.sonnenseite.com\/wp-content\/uploads\/2021\/09\/EUPD-Research_E-Auto_Zulassungen-300x194.jpg 300w, https:\/\/www.sonnenseite.com\/wp-content\/uploads\/2021\/09\/EUPD-Research_E-Auto_Zulassungen-768x497.jpg 768w\" sizes=\"auto, (max-width: 483px) 100vw, 483px\" \/><\/a><figcaption>\u00a9 EUPD Research | Kraftfahrt-Bundesamt 09\/2021<\/figcaption><\/figure><\/div>\n\n\n\n<p>Die Klimaschutzwirkung der Elektromobilit\u00e4t entfaltet sich dann im h\u00f6chsten Ma\u00dfe, wenn zu 100 Prozent Strom aus erneuerbaren Energien in die Autobatterie geladen wird. Wie viel Strom beim Laden und im Fahrbetrieb der E-Autos verbraucht wird, hat unl\u00e4ngst der ADAC untersucht.<a href=\"https:\/\/www.eupd-research.com\/elektromobilitaet-erhoeht-den-strombedarf-der-privaten-haushalte-bereits-heute-um-13-twh\/#_ftn1\">[1]<\/a> Analog zu Analysen von Verbrennungsmotoren weicht der Stromverbrauch der E-Autos im realen Betrieb von den Herstellerangaben ab. Als Durchschnittswert der aktuellen E-Autoflotte in Deutschland kann ein Verbrauchswert von 18,9 kWh je 100 km ermittelt werden. Zus\u00e4tzlich zum Stromverbrauch im Fahrbetrieb entstehen beim Ladevorgang der Fahrzeugbatterie Ladeverluste, die sich in der ADAC Analyse um einen Wert von 10 Prozent bewegen. Dies bedeutet, dass zum Ende dieses Jahres die vollelektrische Fahrzeugflotte von 600.000 Pkw in Deutschland einen Stromverbrauch von 1,8 TWh besitzt.<a href=\"https:\/\/www.eupd-research.com\/elektromobilitaet-erhoeht-den-strombedarf-der-privaten-haushalte-bereits-heute-um-13-twh\/#_ftn2\">[2]<\/a> Unter Verwendung der Befragungsergebnisse mit einem Anteil von 77 Prozent heimischer Ladevorg\u00e4nge ergibt sich eine Strommenge an 1,3 TWh beim heimischen Laden. Zur rein bilanziellen Deckung dieser Strommenge m\u00fcssten 187.000 Ein- und Zweifamilienh\u00e4user mit einer 7,5-kW-Photovoltaik-Anlage ausgestattet werden. Die Relation dieses Ausbaupfades zeigt das Rekordjahr 2020, in welchem 152.000 PV-Anlagen auf Ein- und Zweifamilienh\u00e4usern errichtet wurden.<\/p>\n\n\n\n<p>Beim heimischen Laden von Solarstrom kommt den station\u00e4ren Heimspeichern eine wesentliche Funktion zu, da die zeitliche Verf\u00fcgbarkeit des Solarstroms vergr\u00f6\u00dfert wird und damit der Anteil an solarer Deckung beim Laden des E-Autos deutlich w\u00e4chst. Welcher Bedarf an Speichersystemen sich in einer realen anstelle einer rein bilanziellen Betrachtung des zus\u00e4tzlichen Strombedarfes der Elektromobilit\u00e4t ergibt, zeigt zeitnah die weiterf\u00fchrende Analyse von EUPD Research.<\/p>\n\n\n\n<p>Dr. Martin Ammon, Gesch\u00e4ftsf\u00fchrer von EUPD Research, kommentiert hierzu: \u201eWenn man bedenkt, dass wir in Deutschland zum Ende 2021 gerade einmal 1,2 Prozent des Pkw-Bestandes voll elektrisiert haben werden, wird die Dimension des erforderlichen Strukturwandels durch die Elektromobilit\u00e4t deutlich.\u201c<\/p>\n\n\n\n<p>\u201eDie Analyseergebnisse stellen klar heraus, dass bereits im Kontext der Elektromobilit\u00e4t ein deutlich st\u00e4rkerer Ausbau an privaten Photovoltaik-Anlagen notwendig ist als dieser heute erfolgt. Die zuk\u00fcnftig erforderliche Umr\u00fcstung der Heizungssysteme auf strombasierte L\u00f6sungen wird den \u00d6kostrom-Bedarf nochmals deutlich erh\u00f6hen. Diese Entwicklungen bedingen den analogen Ausbau der Speicherinfrastruktur, um Stromangebot und -nachfrage miteinander in Einklang zu bringen.\u201c, erg\u00e4nzt Dr. Andreas Piepenbrink, Gesch\u00e4ftsf\u00fchrer der HagerEnergy GmbH.<a href=\"https:\/\/www.eupd-research.com\/elektromobilitaet-erhoeht-den-strombedarf-der-privaten-haushalte-bereits-heute-um-13-twh\/#_ftnref1\"><\/a><\/p>\n\n\n\n<ul class=\"wp-block-list\"><li><a href=\"https:\/\/www.eupd-research.com\/elektromobilitaet-erhoeht-den-strombedarf-der-privaten-haushalte-bereits-heute-um-13-twh\/#_ftnref1\">[1]<\/a><a href=\"https:\/\/www.kba.de\/DE\/Presse\/Pressemitteilungen\/Fahrzeugzulassungen\/2021\/pm37_2021_n_08_21_pm_komplett.html?snn=3662144&amp;fromStatistic=3536106&amp;yearFilter=2021&amp;monthFilter=08_August\"> https:\/\/www.kba.de\/DE\/Presse\/Pressemitteilungen\/Fahrzeugzulassungen\/2021\/pm37_2021_n_08_21_pm_komplett.html?snn=3662144&amp;fromStatistic=3536106&amp;yearFilter=2021&amp;monthFilter=08_August<\/a><\/li><li><a href=\"https:\/\/www.eupd-research.com\/elektromobilitaet-erhoeht-den-strombedarf-der-privaten-haushalte-bereits-heute-um-13-twh\/#_ftnref1\">[2]<\/a> <a href=\"https:\/\/www.adac.de\/rund-ums-fahrzeug\/tests\/elektromobilitaet\/stromverbrauch-elektroautos-adac-test\/\">https:\/\/www.adac.de\/rund-ums-fahrzeug\/tests\/elektromobilitaet\/stromverbrauch-elektroautos-adac-test\/<\/a><\/li><li><a href=\"https:\/\/www.eupd-research.com\/elektromobilitaet-erhoeht-den-strombedarf-der-privaten-haushalte-bereits-heute-um-13-twh\/#_ftnref2\">[3]<\/a> Es wird die durchschnittliche Fahrleistung von 14.000 km pro Jahr unterstellt.<\/li><\/ul>\n\n\n<h5 class=\"green\">Quelle<\/h5>\r\n\n\n\n<p><a href=\"https:\/\/www.eupd-research.com\/elektromobilitaet-erhoeht-den-strombedarf-der-privaten-haushalte-bereits-heute-um-13-twh\/\">EUPD Research 2021<\/a><\/p>\n<div class=\"shariff shariff-align-flex-start shariff-widget-align-flex-start\"><div class=\"ShariffHeadline\">Diese Meldung teilen<\/div><ul class=\"shariff-buttons theme-round orientation-horizontal buttonsize-medium\"><li class=\"shariff-button facebook shariff-nocustomcolor\" style=\"background-color:#4273c8;border-radius:1%\"><a href=\"https:\/\/www.facebook.com\/sharer\/sharer.php?u=https%3A%2F%2Fwww.sonnenseite.com%2Fde%2Fmobilitaet%2Felektromobilitaet-erhoeht-den-strombedarf-der-privaten-haushalte-bereits-heute-um-13-twh%2F\" title=\"Bei Facebook teilen\" aria-label=\"Bei Facebook teilen\" role=\"button\" rel=\"nofollow\" class=\"shariff-link\" style=\";border-radius:1%; background-color:#3b5998; color:#fff\" target=\"_blank\"><span class=\"shariff-icon\" style=\"\"><svg width=\"32px\" height=\"20px\" xmlns=\"http:\/\/www.w3.org\/2000\/svg\" viewBox=\"0 0 18 32\"><path fill=\"#3b5998\" d=\"M17.1 0.2v4.7h-2.8q-1.5 0-2.1 0.6t-0.5 1.9v3.4h5.2l-0.7 5.3h-4.5v13.6h-5.5v-13.6h-4.5v-5.3h4.5v-3.9q0-3.3 1.9-5.2t5-1.8q2.6 0 4.1 0.2z\"\/><\/svg><\/span><\/a><\/li><li class=\"shariff-button twitter shariff-nocustomcolor\" style=\"background-color:#595959;border-radius:1%\"><a href=\"https:\/\/twitter.com\/share?url=https%3A%2F%2Fwww.sonnenseite.com%2Fde%2Fmobilitaet%2Felektromobilitaet-erhoeht-den-strombedarf-der-privaten-haushalte-bereits-heute-um-13-twh%2F&text=Elektromobilit%C3%A4t%20erh%C3%B6ht%20den%20Strombedarf%20der%20privaten%20Haushalte%20bereits%20heute%20um%201%2C3%20TWh\" title=\"Bei X teilen\" aria-label=\"Bei X teilen\" role=\"button\" rel=\"noopener nofollow\" class=\"shariff-link\" style=\";border-radius:1%; background-color:#000; color:#fff\" target=\"_blank\"><span class=\"shariff-icon\" style=\"\"><svg width=\"32px\" height=\"20px\" xmlns=\"http:\/\/www.w3.org\/2000\/svg\" viewBox=\"0 0 24 24\"><path fill=\"#000\" d=\"M14.258 10.152L23.176 0h-2.113l-7.747 8.813L7.133 0H0l9.352 13.328L0 23.973h2.113l8.176-9.309 6.531 9.309h7.133zm-2.895 3.293l-.949-1.328L2.875 1.56h3.246l6.086 8.523.945 1.328 7.91 11.078h-3.246zm0 0\"\/><\/svg><\/span><\/a><\/li><li class=\"shariff-button xing shariff-nocustomcolor\" style=\"background-color:#29888a;border-radius:1%\"><a href=\"https:\/\/www.xing.com\/spi\/shares\/new?url=https%3A%2F%2Fwww.sonnenseite.com%2Fde%2Fmobilitaet%2Felektromobilitaet-erhoeht-den-strombedarf-der-privaten-haushalte-bereits-heute-um-13-twh%2F\" title=\"Bei XING teilen\" aria-label=\"Bei XING teilen\" role=\"button\" rel=\"noopener nofollow\" class=\"shariff-link\" style=\";border-radius:1%; background-color:#126567; color:#fff\" target=\"_blank\"><span class=\"shariff-icon\" style=\"\"><svg width=\"32px\" height=\"20px\" xmlns=\"http:\/\/www.w3.org\/2000\/svg\" viewBox=\"0 0 25 32\"><path fill=\"#126567\" d=\"M10.7 11.9q-0.2 0.3-4.6 8.2-0.5 0.8-1.2 0.8h-4.3q-0.4 0-0.5-0.3t0-0.6l4.5-8q0 0 0 0l-2.9-5q-0.2-0.4 0-0.7 0.2-0.3 0.5-0.3h4.3q0.7 0 1.2 0.8zM25.1 0.4q0.2 0.3 0 0.7l-9.4 16.7 6 11q0.2 0.4 0 0.6-0.2 0.3-0.6 0.3h-4.3q-0.7 0-1.2-0.8l-6-11.1q0.3-0.6 9.5-16.8 0.4-0.8 1.2-0.8h4.3q0.4 0 0.5 0.3z\"\/><\/svg><\/span><\/a><\/li><li class=\"shariff-button linkedin shariff-nocustomcolor\" style=\"background-color:#1488bf;border-radius:1%\"><a href=\"https:\/\/www.linkedin.com\/sharing\/share-offsite\/?url=https%3A%2F%2Fwww.sonnenseite.com%2Fde%2Fmobilitaet%2Felektromobilitaet-erhoeht-den-strombedarf-der-privaten-haushalte-bereits-heute-um-13-twh%2F\" title=\"Bei LinkedIn teilen\" aria-label=\"Bei LinkedIn teilen\" role=\"button\" rel=\"noopener nofollow\" class=\"shariff-link\" style=\";border-radius:1%; background-color:#0077b5; color:#fff\" target=\"_blank\"><span class=\"shariff-icon\" style=\"\"><svg width=\"32px\" height=\"20px\" xmlns=\"http:\/\/www.w3.org\/2000\/svg\" viewBox=\"0 0 27 32\"><path fill=\"#0077b5\" d=\"M6.2 11.2v17.7h-5.9v-17.7h5.9zM6.6 5.7q0 1.3-0.9 2.2t-2.4 0.9h0q-1.5 0-2.4-0.9t-0.9-2.2 0.9-2.2 2.4-0.9 2.4 0.9 0.9 2.2zM27.4 18.7v10.1h-5.9v-9.5q0-1.9-0.7-2.9t-2.3-1.1q-1.1 0-1.9 0.6t-1.2 1.5q-0.2 0.5-0.2 1.4v9.9h-5.9q0-7.1 0-11.6t0-5.3l0-0.9h5.9v2.6h0q0.4-0.6 0.7-1t1-0.9 1.6-0.8 2-0.3q3 0 4.9 2t1.9 6z\"\/><\/svg><\/span><\/a><\/li><li class=\"shariff-button printer shariff-nocustomcolor\" style=\"background-color:#a8a8a8;border-radius:1%\"><a href=\"javascript:window.print()\" title=\"drucken\" aria-label=\"drucken\" role=\"button\" rel=\"noopener nofollow\" class=\"shariff-link\" style=\";border-radius:1%; background-color:#999; color:#fff\"><span class=\"shariff-icon\" style=\"\"><svg width=\"32px\" height=\"20px\" xmlns=\"http:\/\/www.w3.org\/2000\/svg\" viewBox=\"0 0 30 32\"><path fill=\"#999\" d=\"M6.8 27.4h16v-4.6h-16v4.6zM6.8 16h16v-6.8h-2.8q-0.7 0-1.2-0.5t-0.5-1.2v-2.8h-11.4v11.4zM27.4 17.2q0-0.5-0.3-0.8t-0.8-0.4-0.8 0.4-0.3 0.8 0.3 0.8 0.8 0.3 0.8-0.3 0.3-0.8zM29.7 17.2v7.4q0 0.2-0.2 0.4t-0.4 0.2h-4v2.8q0 0.7-0.5 1.2t-1.2 0.5h-17.2q-0.7 0-1.2-0.5t-0.5-1.2v-2.8h-4q-0.2 0-0.4-0.2t-0.2-0.4v-7.4q0-1.4 1-2.4t2.4-1h1.2v-9.7q0-0.7 0.5-1.2t1.2-0.5h12q0.7 0 1.6 0.4t1.3 0.8l2.7 2.7q0.5 0.5 0.9 1.4t0.4 1.6v4.6h1.1q1.4 0 2.4 1t1 2.4z\"\/><\/svg><\/span><\/a><\/li><li class=\"shariff-button mailto shariff-nocustomcolor\" style=\"background-color:#a8a8a8;border-radius:1%\"><a href=\"mailto:?body=https%3A%2F%2Fwww.sonnenseite.com%2Fde%2Fmobilitaet%2Felektromobilitaet-erhoeht-den-strombedarf-der-privaten-haushalte-bereits-heute-um-13-twh%2F&subject=Elektromobilit%C3%A4t%20erh%C3%B6ht%20den%20Strombedarf%20der%20privaten%20Haushalte%20bereits%20heute%20um%201%2C3%20TWh\" title=\"Per E-Mail versenden\" aria-label=\"Per E-Mail versenden\" role=\"button\" rel=\"noopener nofollow\" class=\"shariff-link\" style=\";border-radius:1%; background-color:#999; color:#fff\"><span class=\"shariff-icon\" style=\"\"><svg width=\"32px\" height=\"20px\" xmlns=\"http:\/\/www.w3.org\/2000\/svg\" viewBox=\"0 0 32 32\"><path fill=\"#999\" d=\"M32 12.7v14.2q0 1.2-0.8 2t-2 0.9h-26.3q-1.2 0-2-0.9t-0.8-2v-14.2q0.8 0.9 1.8 1.6 6.5 4.4 8.9 6.1 1 0.8 1.6 1.2t1.7 0.9 2 0.4h0.1q0.9 0 2-0.4t1.7-0.9 1.6-1.2q3-2.2 8.9-6.1 1-0.7 1.8-1.6zM32 7.4q0 1.4-0.9 2.7t-2.2 2.2q-6.7 4.7-8.4 5.8-0.2 0.1-0.7 0.5t-1 0.7-0.9 0.6-1.1 0.5-0.9 0.2h-0.1q-0.4 0-0.9-0.2t-1.1-0.5-0.9-0.6-1-0.7-0.7-0.5q-1.6-1.1-4.7-3.2t-3.6-2.6q-1.1-0.7-2.1-2t-1-2.5q0-1.4 0.7-2.3t2.1-0.9h26.3q1.2 0 2 0.8t0.9 2z\"\/><\/svg><\/span><\/a><\/li><\/ul><\/div>","protected":false},"excerpt":{"rendered":"<p>Im August dieses Jahres erreichte der Anteil reiner Elektroautos an den Pkw-Neuzulassungen in Deutschland erstmals 15 [&hellip;]<\/p>\n","protected":false},"author":3,"featured_media":72982,"comment_status":"closed","ping_status":"closed","sticky":false,"template":"","format":"standard","meta":{"inline_featured_image":false,"footnotes":""},"categories":[25],"tags":[],"class_list":["post-74854","post","type-post","status-publish","format-standard","has-post-thumbnail","hentry","category-mobilitaet"],"yoast_head":"<!-- This site is optimized with the Yoast SEO plugin v26.5 - https:\/\/yoast.com\/wordpress\/plugins\/seo\/ -->\n<title>Elektromobilit\u00e4t erh\u00f6ht den Strombedarf der privaten Haushalte bereits heute um 1,3 TWh - Sonnenseite - \u00d6kologische Kommunikation mit Franz Alt<\/title>\n<meta name=\"description\" content=\"Im August dieses Jahres erreichte der Anteil reiner Elektroautos an den Pkw-Neuzulassungen in Deutschland erstmals 15 Prozent. Der Bestand an E-Fahrzeugen\" \/>\n<meta name=\"robots\" content=\"index, follow, max-snippet:-1, max-image-preview:large, max-video-preview:-1\" \/>\n<link rel=\"canonical\" href=\"https:\/\/www.sonnenseite.com\/de\/mobilitaet\/elektromobilitaet-erhoeht-den-strombedarf-der-privaten-haushalte-bereits-heute-um-13-twh\/\" \/>\n<meta property=\"og:locale\" content=\"de_DE\" \/>\n<meta property=\"og:type\" content=\"article\" \/>\n<meta property=\"og:title\" content=\"Elektromobilit\u00e4t erh\u00f6ht den Strombedarf der privaten Haushalte bereits heute um 1,3 TWh - Sonnenseite - \u00d6kologische Kommunikation mit Franz Alt\" \/>\n<meta property=\"og:description\" content=\"Im August dieses Jahres erreichte der Anteil reiner Elektroautos an den Pkw-Neuzulassungen in Deutschland erstmals 15 Prozent. Der Bestand an E-Fahrzeugen\" \/>\n<meta property=\"og:url\" content=\"https:\/\/www.sonnenseite.com\/de\/mobilitaet\/elektromobilitaet-erhoeht-den-strombedarf-der-privaten-haushalte-bereits-heute-um-13-twh\/\" \/>\n<meta property=\"og:site_name\" content=\"Sonnenseite\" \/>\n<meta property=\"article:publisher\" content=\"https:\/\/www.facebook.com\/pages\/Franz-Alt-SONNENSEITECOM\/221072987903953?fref=ts\" \/>\n<meta property=\"article:published_time\" content=\"2021-09-15T00:16:00+00:00\" \/>\n<meta property=\"article:modified_time\" content=\"2021-09-20T06:58:38+00:00\" \/>\n<meta property=\"og:image\" content=\"https:\/\/www.sonnenseite.com\/wp-content\/uploads\/2021\/07\/E-Auto_laden_petovarga.jpg\" \/>\n\t<meta property=\"og:image:width\" content=\"770\" \/>\n\t<meta property=\"og:image:height\" content=\"420\" \/>\n\t<meta property=\"og:image:type\" content=\"image\/jpeg\" \/>\n<meta name=\"author\" content=\"Bigi Alt\" \/>\n<meta name=\"twitter:card\" content=\"summary_large_image\" \/>\n<meta name=\"twitter:creator\" content=\"@franzalt\" \/>\n<meta name=\"twitter:site\" content=\"@franzalt\" \/>\n<meta name=\"twitter:label1\" content=\"Verfasst von\" \/>\n\t<meta name=\"twitter:data1\" content=\"Bigi Alt\" \/>\n\t<meta name=\"twitter:label2\" content=\"Gesch\u00e4tzte Lesezeit\" \/>\n\t<meta name=\"twitter:data2\" content=\"3\u00a0Minuten\" \/>\n<script type=\"application\/ld+json\" class=\"yoast-schema-graph\">{\"@context\":\"https:\/\/schema.org\",\"@graph\":[{\"@type\":\"Article\",\"@id\":\"https:\/\/www.sonnenseite.com\/de\/mobilitaet\/elektromobilitaet-erhoeht-den-strombedarf-der-privaten-haushalte-bereits-heute-um-13-twh\/#article\",\"isPartOf\":{\"@id\":\"https:\/\/www.sonnenseite.com\/de\/mobilitaet\/elektromobilitaet-erhoeht-den-strombedarf-der-privaten-haushalte-bereits-heute-um-13-twh\/\"},\"author\":{\"name\":\"Bigi Alt\",\"@id\":\"https:\/\/www.sonnenseite.com\/de\/#\/schema\/person\/50fda0e926597684c7cc6695238a4eb9\"},\"headline\":\"Elektromobilit\u00e4t erh\u00f6ht den Strombedarf der privaten Haushalte bereits heute um 1,3 TWh\",\"datePublished\":\"2021-09-15T00:16:00+00:00\",\"dateModified\":\"2021-09-20T06:58:38+00:00\",\"mainEntityOfPage\":{\"@id\":\"https:\/\/www.sonnenseite.com\/de\/mobilitaet\/elektromobilitaet-erhoeht-den-strombedarf-der-privaten-haushalte-bereits-heute-um-13-twh\/\"},\"wordCount\":633,\"publisher\":{\"@id\":\"https:\/\/www.sonnenseite.com\/de\/#organization\"},\"image\":{\"@id\":\"https:\/\/www.sonnenseite.com\/de\/mobilitaet\/elektromobilitaet-erhoeht-den-strombedarf-der-privaten-haushalte-bereits-heute-um-13-twh\/#primaryimage\"},\"thumbnailUrl\":\"https:\/\/www.sonnenseite.com\/wp-content\/uploads\/2021\/07\/E-Auto_laden_petovarga.jpg\",\"articleSection\":[\"Mobilit\u00e4t\"],\"inLanguage\":\"de\"},{\"@type\":\"WebPage\",\"@id\":\"https:\/\/www.sonnenseite.com\/de\/mobilitaet\/elektromobilitaet-erhoeht-den-strombedarf-der-privaten-haushalte-bereits-heute-um-13-twh\/\",\"url\":\"https:\/\/www.sonnenseite.com\/de\/mobilitaet\/elektromobilitaet-erhoeht-den-strombedarf-der-privaten-haushalte-bereits-heute-um-13-twh\/\",\"name\":\"Elektromobilit\u00e4t erh\u00f6ht den Strombedarf der privaten Haushalte bereits heute um 1,3 TWh - Sonnenseite - \u00d6kologische Kommunikation mit Franz Alt\",\"isPartOf\":{\"@id\":\"https:\/\/www.sonnenseite.com\/de\/#website\"},\"primaryImageOfPage\":{\"@id\":\"https:\/\/www.sonnenseite.com\/de\/mobilitaet\/elektromobilitaet-erhoeht-den-strombedarf-der-privaten-haushalte-bereits-heute-um-13-twh\/#primaryimage\"},\"image\":{\"@id\":\"https:\/\/www.sonnenseite.com\/de\/mobilitaet\/elektromobilitaet-erhoeht-den-strombedarf-der-privaten-haushalte-bereits-heute-um-13-twh\/#primaryimage\"},\"thumbnailUrl\":\"https:\/\/www.sonnenseite.com\/wp-content\/uploads\/2021\/07\/E-Auto_laden_petovarga.jpg\",\"datePublished\":\"2021-09-15T00:16:00+00:00\",\"dateModified\":\"2021-09-20T06:58:38+00:00\",\"description\":\"Im August dieses Jahres erreichte der Anteil reiner Elektroautos an den Pkw-Neuzulassungen in Deutschland erstmals 15 Prozent. Der Bestand an E-Fahrzeugen\",\"breadcrumb\":{\"@id\":\"https:\/\/www.sonnenseite.com\/de\/mobilitaet\/elektromobilitaet-erhoeht-den-strombedarf-der-privaten-haushalte-bereits-heute-um-13-twh\/#breadcrumb\"},\"inLanguage\":\"de\",\"potentialAction\":[{\"@type\":\"ReadAction\",\"target\":[\"https:\/\/www.sonnenseite.com\/de\/mobilitaet\/elektromobilitaet-erhoeht-den-strombedarf-der-privaten-haushalte-bereits-heute-um-13-twh\/\"]}]},{\"@type\":\"ImageObject\",\"inLanguage\":\"de\",\"@id\":\"https:\/\/www.sonnenseite.com\/de\/mobilitaet\/elektromobilitaet-erhoeht-den-strombedarf-der-privaten-haushalte-bereits-heute-um-13-twh\/#primaryimage\",\"url\":\"https:\/\/www.sonnenseite.com\/wp-content\/uploads\/2021\/07\/E-Auto_laden_petovarga.jpg\",\"contentUrl\":\"https:\/\/www.sonnenseite.com\/wp-content\/uploads\/2021\/07\/E-Auto_laden_petovarga.jpg\",\"width\":770,\"height\":420,\"caption\":\"Depositphotos.com | petovarga\"},{\"@type\":\"BreadcrumbList\",\"@id\":\"https:\/\/www.sonnenseite.com\/de\/mobilitaet\/elektromobilitaet-erhoeht-den-strombedarf-der-privaten-haushalte-bereits-heute-um-13-twh\/#breadcrumb\",\"itemListElement\":[{\"@type\":\"ListItem\",\"position\":1,\"name\":\"Startseite\",\"item\":\"https:\/\/www.sonnenseite.com\/de\/\"},{\"@type\":\"ListItem\",\"position\":2,\"name\":\"Elektromobilit\u00e4t erh\u00f6ht den Strombedarf der privaten Haushalte bereits heute um 1,3 TWh\"}]},{\"@type\":\"WebSite\",\"@id\":\"https:\/\/www.sonnenseite.com\/de\/#website\",\"url\":\"https:\/\/www.sonnenseite.com\/de\/\",\"name\":\"Sonnenseite\",\"description\":\"\u00d6kologische Kommunikation mit Franz Alt\",\"publisher\":{\"@id\":\"https:\/\/www.sonnenseite.com\/de\/#organization\"},\"potentialAction\":[{\"@type\":\"SearchAction\",\"target\":{\"@type\":\"EntryPoint\",\"urlTemplate\":\"https:\/\/www.sonnenseite.com\/de\/?s={search_term_string}\"},\"query-input\":{\"@type\":\"PropertyValueSpecification\",\"valueRequired\":true,\"valueName\":\"search_term_string\"}}],\"inLanguage\":\"de\"},{\"@type\":\"Organization\",\"@id\":\"https:\/\/www.sonnenseite.com\/de\/#organization\",\"name\":\"Sonnenseite\",\"url\":\"https:\/\/www.sonnenseite.com\/de\/\",\"logo\":{\"@type\":\"ImageObject\",\"inLanguage\":\"de\",\"@id\":\"https:\/\/www.sonnenseite.com\/de\/#\/schema\/logo\/image\/\",\"url\":\"https:\/\/www.sonnenseite.com\/wp-content\/uploads\/2020\/05\/Sonnenseite_Logo.png\",\"contentUrl\":\"https:\/\/www.sonnenseite.com\/wp-content\/uploads\/2020\/05\/Sonnenseite_Logo.png\",\"width\":377,\"height\":90,\"caption\":\"Sonnenseite\"},\"image\":{\"@id\":\"https:\/\/www.sonnenseite.com\/de\/#\/schema\/logo\/image\/\"},\"sameAs\":[\"https:\/\/www.facebook.com\/pages\/Franz-Alt-SONNENSEITECOM\/221072987903953?fref=ts\",\"https:\/\/x.com\/franzalt\",\"http:\/\/www.youtube.com\/results?search_query&amp;amp;quot;franz_alt&amp;amp;quot;&amp;amp;amp;amp;search_type&amp;amp;amp;amp;aq=f\"]},{\"@type\":\"Person\",\"@id\":\"https:\/\/www.sonnenseite.com\/de\/#\/schema\/person\/50fda0e926597684c7cc6695238a4eb9\",\"name\":\"Bigi Alt\"}]}<\/script>\n<!-- \/ Yoast SEO plugin. -->","yoast_head_json":{"title":"Elektromobilit\u00e4t erh\u00f6ht den Strombedarf der privaten Haushalte bereits heute um 1,3 TWh - Sonnenseite - \u00d6kologische Kommunikation mit Franz Alt","description":"Im August dieses Jahres erreichte der Anteil reiner Elektroautos an den Pkw-Neuzulassungen in Deutschland erstmals 15 Prozent. Der Bestand an E-Fahrzeugen","robots":{"index":"index","follow":"follow","max-snippet":"max-snippet:-1","max-image-preview":"max-image-preview:large","max-video-preview":"max-video-preview:-1"},"canonical":"https:\/\/www.sonnenseite.com\/de\/mobilitaet\/elektromobilitaet-erhoeht-den-strombedarf-der-privaten-haushalte-bereits-heute-um-13-twh\/","og_locale":"de_DE","og_type":"article","og_title":"Elektromobilit\u00e4t erh\u00f6ht den Strombedarf der privaten Haushalte bereits heute um 1,3 TWh - Sonnenseite - \u00d6kologische Kommunikation mit Franz Alt","og_description":"Im August dieses Jahres erreichte der Anteil reiner Elektroautos an den Pkw-Neuzulassungen in Deutschland erstmals 15 Prozent. Der Bestand an E-Fahrzeugen","og_url":"https:\/\/www.sonnenseite.com\/de\/mobilitaet\/elektromobilitaet-erhoeht-den-strombedarf-der-privaten-haushalte-bereits-heute-um-13-twh\/","og_site_name":"Sonnenseite","article_publisher":"https:\/\/www.facebook.com\/pages\/Franz-Alt-SONNENSEITECOM\/221072987903953?fref=ts","article_published_time":"2021-09-15T00:16:00+00:00","article_modified_time":"2021-09-20T06:58:38+00:00","og_image":[{"width":770,"height":420,"url":"https:\/\/www.sonnenseite.com\/wp-content\/uploads\/2021\/07\/E-Auto_laden_petovarga.jpg","type":"image\/jpeg"}],"author":"Bigi Alt","twitter_card":"summary_large_image","twitter_creator":"@franzalt","twitter_site":"@franzalt","twitter_misc":{"Verfasst von":"Bigi Alt","Gesch\u00e4tzte Lesezeit":"3\u00a0Minuten"},"schema":{"@context":"https:\/\/schema.org","@graph":[{"@type":"Article","@id":"https:\/\/www.sonnenseite.com\/de\/mobilitaet\/elektromobilitaet-erhoeht-den-strombedarf-der-privaten-haushalte-bereits-heute-um-13-twh\/#article","isPartOf":{"@id":"https:\/\/www.sonnenseite.com\/de\/mobilitaet\/elektromobilitaet-erhoeht-den-strombedarf-der-privaten-haushalte-bereits-heute-um-13-twh\/"},"author":{"name":"Bigi Alt","@id":"https:\/\/www.sonnenseite.com\/de\/#\/schema\/person\/50fda0e926597684c7cc6695238a4eb9"},"headline":"Elektromobilit\u00e4t erh\u00f6ht den Strombedarf der privaten Haushalte bereits heute um 1,3 TWh","datePublished":"2021-09-15T00:16:00+00:00","dateModified":"2021-09-20T06:58:38+00:00","mainEntityOfPage":{"@id":"https:\/\/www.sonnenseite.com\/de\/mobilitaet\/elektromobilitaet-erhoeht-den-strombedarf-der-privaten-haushalte-bereits-heute-um-13-twh\/"},"wordCount":633,"publisher":{"@id":"https:\/\/www.sonnenseite.com\/de\/#organization"},"image":{"@id":"https:\/\/www.sonnenseite.com\/de\/mobilitaet\/elektromobilitaet-erhoeht-den-strombedarf-der-privaten-haushalte-bereits-heute-um-13-twh\/#primaryimage"},"thumbnailUrl":"https:\/\/www.sonnenseite.com\/wp-content\/uploads\/2021\/07\/E-Auto_laden_petovarga.jpg","articleSection":["Mobilit\u00e4t"],"inLanguage":"de"},{"@type":"WebPage","@id":"https:\/\/www.sonnenseite.com\/de\/mobilitaet\/elektromobilitaet-erhoeht-den-strombedarf-der-privaten-haushalte-bereits-heute-um-13-twh\/","url":"https:\/\/www.sonnenseite.com\/de\/mobilitaet\/elektromobilitaet-erhoeht-den-strombedarf-der-privaten-haushalte-bereits-heute-um-13-twh\/","name":"Elektromobilit\u00e4t erh\u00f6ht den Strombedarf der privaten Haushalte bereits heute um 1,3 TWh - Sonnenseite - \u00d6kologische Kommunikation mit Franz Alt","isPartOf":{"@id":"https:\/\/www.sonnenseite.com\/de\/#website"},"primaryImageOfPage":{"@id":"https:\/\/www.sonnenseite.com\/de\/mobilitaet\/elektromobilitaet-erhoeht-den-strombedarf-der-privaten-haushalte-bereits-heute-um-13-twh\/#primaryimage"},"image":{"@id":"https:\/\/www.sonnenseite.com\/de\/mobilitaet\/elektromobilitaet-erhoeht-den-strombedarf-der-privaten-haushalte-bereits-heute-um-13-twh\/#primaryimage"},"thumbnailUrl":"https:\/\/www.sonnenseite.com\/wp-content\/uploads\/2021\/07\/E-Auto_laden_petovarga.jpg","datePublished":"2021-09-15T00:16:00+00:00","dateModified":"2021-09-20T06:58:38+00:00","description":"Im August dieses Jahres erreichte der Anteil reiner Elektroautos an den Pkw-Neuzulassungen in Deutschland erstmals 15 Prozent. Der Bestand an E-Fahrzeugen","breadcrumb":{"@id":"https:\/\/www.sonnenseite.com\/de\/mobilitaet\/elektromobilitaet-erhoeht-den-strombedarf-der-privaten-haushalte-bereits-heute-um-13-twh\/#breadcrumb"},"inLanguage":"de","potentialAction":[{"@type":"ReadAction","target":["https:\/\/www.sonnenseite.com\/de\/mobilitaet\/elektromobilitaet-erhoeht-den-strombedarf-der-privaten-haushalte-bereits-heute-um-13-twh\/"]}]},{"@type":"ImageObject","inLanguage":"de","@id":"https:\/\/www.sonnenseite.com\/de\/mobilitaet\/elektromobilitaet-erhoeht-den-strombedarf-der-privaten-haushalte-bereits-heute-um-13-twh\/#primaryimage","url":"https:\/\/www.sonnenseite.com\/wp-content\/uploads\/2021\/07\/E-Auto_laden_petovarga.jpg","contentUrl":"https:\/\/www.sonnenseite.com\/wp-content\/uploads\/2021\/07\/E-Auto_laden_petovarga.jpg","width":770,"height":420,"caption":"Depositphotos.com | petovarga"},{"@type":"BreadcrumbList","@id":"https:\/\/www.sonnenseite.com\/de\/mobilitaet\/elektromobilitaet-erhoeht-den-strombedarf-der-privaten-haushalte-bereits-heute-um-13-twh\/#breadcrumb","itemListElement":[{"@type":"ListItem","position":1,"name":"Startseite","item":"https:\/\/www.sonnenseite.com\/de\/"},{"@type":"ListItem","position":2,"name":"Elektromobilit\u00e4t erh\u00f6ht den Strombedarf der privaten Haushalte bereits heute um 1,3 TWh"}]},{"@type":"WebSite","@id":"https:\/\/www.sonnenseite.com\/de\/#website","url":"https:\/\/www.sonnenseite.com\/de\/","name":"Sonnenseite","description":"\u00d6kologische Kommunikation mit Franz Alt","publisher":{"@id":"https:\/\/www.sonnenseite.com\/de\/#organization"},"potentialAction":[{"@type":"SearchAction","target":{"@type":"EntryPoint","urlTemplate":"https:\/\/www.sonnenseite.com\/de\/?s={search_term_string}"},"query-input":{"@type":"PropertyValueSpecification","valueRequired":true,"valueName":"search_term_string"}}],"inLanguage":"de"},{"@type":"Organization","@id":"https:\/\/www.sonnenseite.com\/de\/#organization","name":"Sonnenseite","url":"https:\/\/www.sonnenseite.com\/de\/","logo":{"@type":"ImageObject","inLanguage":"de","@id":"https:\/\/www.sonnenseite.com\/de\/#\/schema\/logo\/image\/","url":"https:\/\/www.sonnenseite.com\/wp-content\/uploads\/2020\/05\/Sonnenseite_Logo.png","contentUrl":"https:\/\/www.sonnenseite.com\/wp-content\/uploads\/2020\/05\/Sonnenseite_Logo.png","width":377,"height":90,"caption":"Sonnenseite"},"image":{"@id":"https:\/\/www.sonnenseite.com\/de\/#\/schema\/logo\/image\/"},"sameAs":["https:\/\/www.facebook.com\/pages\/Franz-Alt-SONNENSEITECOM\/221072987903953?fref=ts","https:\/\/x.com\/franzalt","http:\/\/www.youtube.com\/results?search_query&amp;amp;quot;franz_alt&amp;amp;quot;&amp;amp;amp;amp;search_type&amp;amp;amp;amp;aq=f"]},{"@type":"Person","@id":"https:\/\/www.sonnenseite.com\/de\/#\/schema\/person\/50fda0e926597684c7cc6695238a4eb9","name":"Bigi Alt"}]}},"_links":{"self":[{"href":"https:\/\/www.sonnenseite.com\/de\/wp-json\/wp\/v2\/posts\/74854","targetHints":{"allow":["GET"]}}],"collection":[{"href":"https:\/\/www.sonnenseite.com\/de\/wp-json\/wp\/v2\/posts"}],"about":[{"href":"https:\/\/www.sonnenseite.com\/de\/wp-json\/wp\/v2\/types\/post"}],"author":[{"embeddable":true,"href":"https:\/\/www.sonnenseite.com\/de\/wp-json\/wp\/v2\/users\/3"}],"replies":[{"embeddable":true,"href":"https:\/\/www.sonnenseite.com\/de\/wp-json\/wp\/v2\/comments?post=74854"}],"version-history":[{"count":4,"href":"https:\/\/www.sonnenseite.com\/de\/wp-json\/wp\/v2\/posts\/74854\/revisions"}],"predecessor-version":[{"id":74862,"href":"https:\/\/www.sonnenseite.com\/de\/wp-json\/wp\/v2\/posts\/74854\/revisions\/74862"}],"wp:featuredmedia":[{"embeddable":true,"href":"https:\/\/www.sonnenseite.com\/de\/wp-json\/wp\/v2\/media\/72982"}],"wp:attachment":[{"href":"https:\/\/www.sonnenseite.com\/de\/wp-json\/wp\/v2\/media?parent=74854"}],"wp:term":[{"taxonomy":"category","embeddable":true,"href":"https:\/\/www.sonnenseite.com\/de\/wp-json\/wp\/v2\/categories?post=74854"},{"taxonomy":"post_tag","embeddable":true,"href":"https:\/\/www.sonnenseite.com\/de\/wp-json\/wp\/v2\/tags?post=74854"}],"curies":[{"name":"wp","href":"https:\/\/api.w.org\/{rel}","templated":true}]}}