{"id":75104,"date":"2021-09-22T02:56:00","date_gmt":"2021-09-22T00:56:00","guid":{"rendered":"https:\/\/www.sonnenseite.com\/?p=75104"},"modified":"2021-10-04T09:56:58","modified_gmt":"2021-10-04T07:56:58","slug":"die-private-energiewende-gruener-strom-fuers-elektroauto","status":"publish","type":"post","link":"https:\/\/www.sonnenseite.com\/de\/mobilitaet\/die-private-energiewende-gruener-strom-fuers-elektroauto\/","title":{"rendered":"Die private Energiewende: gr\u00fcner Strom f\u00fcrs Elektroauto"},"content":{"rendered":"\n<p>Wer ein Elektrofahrzeug anschafft, leistet zwar einen Beitrag zur Verkehrswende, tr\u00e4gt jedoch gleichzeitig dazu bei, dass der <a href=\"https:\/\/www.sonnenseite.com\/de\/mobilitaet\/elektromobilitaet-erhoeht-den-strombedarf-der-privaten-haushalte-bereits-heute-um-13-twh\/\">Strombedarf ansteigt<\/a>. <\/p>\n\n\n\n<p>Diesen zus\u00e4tzlichen Stromverbrauch mit erneuerbaren Energien oder Energiesparma\u00dfnahmen auszugleichen, ist das Ziel eines Projektes des \u00d6ko-Instituts und des B\u00fcros \u00d6-quadrat im Rahmen der Nationalen Klimaschutzinitiative. Der F\u00f6rderbescheid wurde heute in Freiburg von Rita Schwarzel\u00fchr-Sutter, parlamentarische Staatssekret\u00e4rin im Bundesministerium f\u00fcr Umwelt, Naturschutz und nukleare Sicherheit \u00fcbergeben.<\/p>\n\n\n\n<h5 class=\"wp-block-heading\">Treibhausgasemissionen selbst reduzieren<\/h5>\n\n\n\n<p>Rund 3.000 Kilowattstunden Strom ben\u00f6tigt ein E-Pkw im Jahr, wenn er 14.000 Kilometer gefahren wird \u2013 genauso viel Strom, wie durchschnittlich ein Zwei-Personen-Haushalt pro Jahr verbraucht. Im Pilotprojekt wollen die Projektpartner rund 200 K\u00e4uferinnen und K\u00e4ufer von Elektrofahrzeugen im Raum Freiburg und Stuttgart daf\u00fcr gewinnen, einen pers\u00f6nlichen Beitrag zur Energiewende zu leisten. Sie erhalten eine kostenlose Beratung, wie sie den zus\u00e4tzlich ben\u00f6tigten Strom entweder selbst erzeugen und eine Solaranlage auf dem eigenen Dach installieren, sich finanziell beim Aufbau neuer Photovoltaikanlagen beteiligen oder Energie an anderer Stelle einsparen k\u00f6nnen, zum Beispiel durch die Anschaffung stromsparenderer Haushaltsger\u00e4te.<\/p>\n\n\n\n<p>\u201eIn unserem Projekt kann jeder und jede aktiv zur Energiewende beitragen und mithelfen, die Klimaschutzziele zu erreichen\u201c, erkl\u00e4rt Kathrin Graulich, stellvertretende Leiterin des Institutsbereichs Produkte &amp; Stoffstr\u00f6me und Leiterin des Projekts am \u00d6ko-Institut. \u201eNeu ist zudem die Verkn\u00fcpfung der Bereiche erneuerbare Stromerzeugung und Mobilit\u00e4t \u2013 im Fachjargon \u201eSektorkopplung\u201c genannt \u2013 auf privater Ebene.\u201c<\/p>\n\n\n\n<h5 class=\"wp-block-heading\">Potenziale f\u00fcr den Klimaschutz<\/h5>\n\n\n\n<p>Nach dem Willen der Bundesregierung sollen im Jahr 2030 sieben bis zehn Millionen Elektrofahrzeuge auf deutschen Stra\u00dfen unterwegs sein. Dadurch w\u00fcrde sich die Stromnachfrage im Verkehrssektor etwa verdreifachen. Das bedeutet zus\u00e4tzlich bis zu 30 Terrawattstunden j\u00e4hrlich oder rund f\u00fcnf Prozent des deutschen Stromverbrauches des Jahres 2019.<\/p>\n\n\n\n<p>\u201eW\u00fcrde nur jeder zweite K\u00e4ufer oder jede zweite K\u00e4uferin eines Elektroautos sich gleichzeitig eine mittelgro\u00dfe Photovoltaik-Anlage mit sechs Kilowatt aufs Dach setzen, so k\u00f6nnte der zus\u00e4tzliche Strombedarf aller E-Fahrzeuge komplett abgedeckt werden\u201c, erl\u00e4utert Dr. Sebastian Albert-Seifried, der seitens des B\u00fcros \u00d6-quadrat im Projekt f\u00fcr die Beratung der Haushalte zust\u00e4ndig ist.<\/p>\n\n\n\n<ul class=\"wp-block-list\"><li><a href=\"https:\/\/www.oeko.de\/anmeldung-e-mob-ee\" target=\"_blank\" rel=\"noreferrer noopener\">Private K\u00e4uferinnen und K\u00e4ufer von E-Pkws in Baden-W\u00fcrttemberg, Raum Freiburg und Stuttgart, k\u00f6nnen sich hier f\u00fcr eine Teilnahme im Projekt \u201eInnovativer Klimaschutz in Privathaushalten\u201c anmelden.<\/a><\/li><\/ul>\n\n\n\n<p>Das Projekt \u201eInnovativer Klimaschutz in Privathaushalten \u2013 Ausgleich des zus\u00e4tzlichen Strombedarfs der E-Mobilit\u00e4t durch Ausbau Erneuerbarer Energien und Energieeffizienz (E-Mob EE)\u201c wird im Rahmen der Nationalen Klimaschutzinitiative (NKI) gef\u00f6rdert durch die Bundesrepublik Deutschland, Zuwendungsgeber: Bundesministerium f\u00fcr Umwelt, Naturschutz und nukleare Sicherheit aufgrund eines Beschlusses des Deutschen Bundestages.<\/p>\n\n\n\n<ul class=\"wp-block-list\"><li><a href=\"https:\/\/www.e-mob-ee.de\" target=\"_blank\" rel=\"noreferrer noopener\">Weitere Informationen zum Projekt \u201eInnovativer Klimaschutz in Privathaushalten\u201c von \u00d6ko-Institut und \u00d6-quadrat<\/a><\/li><\/ul>\n\n\n<h5 class=\"green\">Quelle<\/h5>\r\n\n\n\n<p><a href=\"https:\/\/www.oeko.de\/presse\/archiv-pressemeldungen\/presse-detailseite\/2021\/die-private-energiewende-gruener-strom-fuers-elektroauto\">\u00d6ko-Institut 2021<\/a><\/p>\n<div class=\"shariff shariff-align-flex-start shariff-widget-align-flex-start\"><div class=\"ShariffHeadline\">Diese Meldung teilen<\/div><ul class=\"shariff-buttons theme-round orientation-horizontal buttonsize-medium\"><li class=\"shariff-button facebook shariff-nocustomcolor\" style=\"background-color:#4273c8;border-radius:1%\"><a href=\"https:\/\/www.facebook.com\/sharer\/sharer.php?u=https%3A%2F%2Fwww.sonnenseite.com%2Fde%2Fmobilitaet%2Fdie-private-energiewende-gruener-strom-fuers-elektroauto%2F\" title=\"Bei Facebook teilen\" aria-label=\"Bei Facebook teilen\" role=\"button\" rel=\"nofollow\" class=\"shariff-link\" style=\";border-radius:1%; background-color:#3b5998; color:#fff\" target=\"_blank\"><span class=\"shariff-icon\" style=\"\"><svg width=\"32px\" height=\"20px\" xmlns=\"http:\/\/www.w3.org\/2000\/svg\" viewBox=\"0 0 18 32\"><path fill=\"#3b5998\" d=\"M17.1 0.2v4.7h-2.8q-1.5 0-2.1 0.6t-0.5 1.9v3.4h5.2l-0.7 5.3h-4.5v13.6h-5.5v-13.6h-4.5v-5.3h4.5v-3.9q0-3.3 1.9-5.2t5-1.8q2.6 0 4.1 0.2z\"\/><\/svg><\/span><\/a><\/li><li class=\"shariff-button twitter shariff-nocustomcolor\" style=\"background-color:#595959;border-radius:1%\"><a href=\"https:\/\/twitter.com\/share?url=https%3A%2F%2Fwww.sonnenseite.com%2Fde%2Fmobilitaet%2Fdie-private-energiewende-gruener-strom-fuers-elektroauto%2F&text=Die%20private%20Energiewende%3A%20gr%C3%BCner%20Strom%20f%C3%BCrs%20Elektroauto\" title=\"Bei X teilen\" aria-label=\"Bei X teilen\" role=\"button\" rel=\"noopener nofollow\" class=\"shariff-link\" style=\";border-radius:1%; background-color:#000; color:#fff\" target=\"_blank\"><span class=\"shariff-icon\" style=\"\"><svg width=\"32px\" height=\"20px\" xmlns=\"http:\/\/www.w3.org\/2000\/svg\" viewBox=\"0 0 24 24\"><path fill=\"#000\" d=\"M14.258 10.152L23.176 0h-2.113l-7.747 8.813L7.133 0H0l9.352 13.328L0 23.973h2.113l8.176-9.309 6.531 9.309h7.133zm-2.895 3.293l-.949-1.328L2.875 1.56h3.246l6.086 8.523.945 1.328 7.91 11.078h-3.246zm0 0\"\/><\/svg><\/span><\/a><\/li><li class=\"shariff-button xing shariff-nocustomcolor\" style=\"background-color:#29888a;border-radius:1%\"><a href=\"https:\/\/www.xing.com\/spi\/shares\/new?url=https%3A%2F%2Fwww.sonnenseite.com%2Fde%2Fmobilitaet%2Fdie-private-energiewende-gruener-strom-fuers-elektroauto%2F\" title=\"Bei XING teilen\" aria-label=\"Bei XING teilen\" role=\"button\" rel=\"noopener nofollow\" class=\"shariff-link\" style=\";border-radius:1%; background-color:#126567; color:#fff\" target=\"_blank\"><span class=\"shariff-icon\" style=\"\"><svg width=\"32px\" height=\"20px\" xmlns=\"http:\/\/www.w3.org\/2000\/svg\" viewBox=\"0 0 25 32\"><path fill=\"#126567\" d=\"M10.7 11.9q-0.2 0.3-4.6 8.2-0.5 0.8-1.2 0.8h-4.3q-0.4 0-0.5-0.3t0-0.6l4.5-8q0 0 0 0l-2.9-5q-0.2-0.4 0-0.7 0.2-0.3 0.5-0.3h4.3q0.7 0 1.2 0.8zM25.1 0.4q0.2 0.3 0 0.7l-9.4 16.7 6 11q0.2 0.4 0 0.6-0.2 0.3-0.6 0.3h-4.3q-0.7 0-1.2-0.8l-6-11.1q0.3-0.6 9.5-16.8 0.4-0.8 1.2-0.8h4.3q0.4 0 0.5 0.3z\"\/><\/svg><\/span><\/a><\/li><li class=\"shariff-button linkedin shariff-nocustomcolor\" style=\"background-color:#1488bf;border-radius:1%\"><a href=\"https:\/\/www.linkedin.com\/sharing\/share-offsite\/?url=https%3A%2F%2Fwww.sonnenseite.com%2Fde%2Fmobilitaet%2Fdie-private-energiewende-gruener-strom-fuers-elektroauto%2F\" title=\"Bei LinkedIn teilen\" aria-label=\"Bei LinkedIn teilen\" role=\"button\" rel=\"noopener nofollow\" class=\"shariff-link\" style=\";border-radius:1%; background-color:#0077b5; color:#fff\" target=\"_blank\"><span class=\"shariff-icon\" style=\"\"><svg width=\"32px\" height=\"20px\" xmlns=\"http:\/\/www.w3.org\/2000\/svg\" viewBox=\"0 0 27 32\"><path fill=\"#0077b5\" d=\"M6.2 11.2v17.7h-5.9v-17.7h5.9zM6.6 5.7q0 1.3-0.9 2.2t-2.4 0.9h0q-1.5 0-2.4-0.9t-0.9-2.2 0.9-2.2 2.4-0.9 2.4 0.9 0.9 2.2zM27.4 18.7v10.1h-5.9v-9.5q0-1.9-0.7-2.9t-2.3-1.1q-1.1 0-1.9 0.6t-1.2 1.5q-0.2 0.5-0.2 1.4v9.9h-5.9q0-7.1 0-11.6t0-5.3l0-0.9h5.9v2.6h0q0.4-0.6 0.7-1t1-0.9 1.6-0.8 2-0.3q3 0 4.9 2t1.9 6z\"\/><\/svg><\/span><\/a><\/li><li class=\"shariff-button printer shariff-nocustomcolor\" style=\"background-color:#a8a8a8;border-radius:1%\"><a href=\"javascript:window.print()\" title=\"drucken\" aria-label=\"drucken\" role=\"button\" rel=\"noopener nofollow\" class=\"shariff-link\" style=\";border-radius:1%; background-color:#999; color:#fff\"><span class=\"shariff-icon\" style=\"\"><svg width=\"32px\" height=\"20px\" xmlns=\"http:\/\/www.w3.org\/2000\/svg\" viewBox=\"0 0 30 32\"><path fill=\"#999\" d=\"M6.8 27.4h16v-4.6h-16v4.6zM6.8 16h16v-6.8h-2.8q-0.7 0-1.2-0.5t-0.5-1.2v-2.8h-11.4v11.4zM27.4 17.2q0-0.5-0.3-0.8t-0.8-0.4-0.8 0.4-0.3 0.8 0.3 0.8 0.8 0.3 0.8-0.3 0.3-0.8zM29.7 17.2v7.4q0 0.2-0.2 0.4t-0.4 0.2h-4v2.8q0 0.7-0.5 1.2t-1.2 0.5h-17.2q-0.7 0-1.2-0.5t-0.5-1.2v-2.8h-4q-0.2 0-0.4-0.2t-0.2-0.4v-7.4q0-1.4 1-2.4t2.4-1h1.2v-9.7q0-0.7 0.5-1.2t1.2-0.5h12q0.7 0 1.6 0.4t1.3 0.8l2.7 2.7q0.5 0.5 0.9 1.4t0.4 1.6v4.6h1.1q1.4 0 2.4 1t1 2.4z\"\/><\/svg><\/span><\/a><\/li><li class=\"shariff-button mailto shariff-nocustomcolor\" style=\"background-color:#a8a8a8;border-radius:1%\"><a href=\"mailto:?body=https%3A%2F%2Fwww.sonnenseite.com%2Fde%2Fmobilitaet%2Fdie-private-energiewende-gruener-strom-fuers-elektroauto%2F&subject=Die%20private%20Energiewende%3A%20gr%C3%BCner%20Strom%20f%C3%BCrs%20Elektroauto\" title=\"Per E-Mail versenden\" aria-label=\"Per E-Mail versenden\" role=\"button\" rel=\"noopener nofollow\" class=\"shariff-link\" style=\";border-radius:1%; background-color:#999; color:#fff\"><span class=\"shariff-icon\" style=\"\"><svg width=\"32px\" height=\"20px\" xmlns=\"http:\/\/www.w3.org\/2000\/svg\" viewBox=\"0 0 32 32\"><path fill=\"#999\" d=\"M32 12.7v14.2q0 1.2-0.8 2t-2 0.9h-26.3q-1.2 0-2-0.9t-0.8-2v-14.2q0.8 0.9 1.8 1.6 6.5 4.4 8.9 6.1 1 0.8 1.6 1.2t1.7 0.9 2 0.4h0.1q0.9 0 2-0.4t1.7-0.9 1.6-1.2q3-2.2 8.9-6.1 1-0.7 1.8-1.6zM32 7.4q0 1.4-0.9 2.7t-2.2 2.2q-6.7 4.7-8.4 5.8-0.2 0.1-0.7 0.5t-1 0.7-0.9 0.6-1.1 0.5-0.9 0.2h-0.1q-0.4 0-0.9-0.2t-1.1-0.5-0.9-0.6-1-0.7-0.7-0.5q-1.6-1.1-4.7-3.2t-3.6-2.6q-1.1-0.7-2.1-2t-1-2.5q0-1.4 0.7-2.3t2.1-0.9h26.3q1.2 0 2 0.8t0.9 2z\"\/><\/svg><\/span><\/a><\/li><\/ul><\/div>","protected":false},"excerpt":{"rendered":"<p>Wer ein Elektrofahrzeug anschafft, leistet zwar einen Beitrag zur Verkehrswende, tr\u00e4gt jedoch gleichzeitig dazu bei, dass [&hellip;]<\/p>\n","protected":false},"author":3,"featured_media":2324,"comment_status":"closed","ping_status":"closed","sticky":false,"template":"","format":"standard","meta":{"inline_featured_image":false,"footnotes":""},"categories":[25],"tags":[],"class_list":["post-75104","post","type-post","status-publish","format-standard","has-post-thumbnail","hentry","category-mobilitaet"],"yoast_head":"<!-- This site is optimized with the Yoast SEO plugin v26.5 - https:\/\/yoast.com\/wordpress\/plugins\/seo\/ -->\n<title>Die private Energiewende: gr\u00fcner Strom f\u00fcrs Elektroauto - Sonnenseite - \u00d6kologische Kommunikation mit Franz Alt<\/title>\n<meta name=\"description\" content=\"Wer ein Elektrofahrzeug anschafft, leistet zwar einen Beitrag zur Verkehrswende, tr\u00e4gt jedoch gleichzeitig dazu bei, dass der Strombedarf ansteigt. Diesen\" \/>\n<meta name=\"robots\" content=\"index, follow, max-snippet:-1, max-image-preview:large, max-video-preview:-1\" \/>\n<link rel=\"canonical\" href=\"https:\/\/www.sonnenseite.com\/de\/mobilitaet\/die-private-energiewende-gruener-strom-fuers-elektroauto\/\" \/>\n<meta property=\"og:locale\" content=\"de_DE\" \/>\n<meta property=\"og:type\" content=\"article\" \/>\n<meta property=\"og:title\" content=\"Die private Energiewende: gr\u00fcner Strom f\u00fcrs Elektroauto - Sonnenseite - \u00d6kologische Kommunikation mit Franz Alt\" \/>\n<meta property=\"og:description\" content=\"Wer ein Elektrofahrzeug anschafft, leistet zwar einen Beitrag zur Verkehrswende, tr\u00e4gt jedoch gleichzeitig dazu bei, dass der Strombedarf ansteigt. Diesen\" \/>\n<meta property=\"og:url\" content=\"https:\/\/www.sonnenseite.com\/de\/mobilitaet\/die-private-energiewende-gruener-strom-fuers-elektroauto\/\" \/>\n<meta property=\"og:site_name\" content=\"Sonnenseite\" \/>\n<meta property=\"article:publisher\" content=\"https:\/\/www.facebook.com\/pages\/Franz-Alt-SONNENSEITECOM\/221072987903953?fref=ts\" \/>\n<meta property=\"article:published_time\" content=\"2021-09-22T00:56:00+00:00\" \/>\n<meta property=\"article:modified_time\" content=\"2021-10-04T07:56:58+00:00\" \/>\n<meta property=\"og:image\" content=\"https:\/\/www.sonnenseite.com\/wp-content\/uploads\/2020\/03\/E-Auto_Mann-Dmyrto_Z.jpg\" \/>\n\t<meta property=\"og:image:width\" content=\"770\" \/>\n\t<meta property=\"og:image:height\" content=\"420\" \/>\n\t<meta property=\"og:image:type\" content=\"image\/jpeg\" \/>\n<meta name=\"author\" content=\"Bigi Alt\" \/>\n<meta name=\"twitter:card\" content=\"summary_large_image\" \/>\n<meta name=\"twitter:creator\" content=\"@franzalt\" \/>\n<meta name=\"twitter:site\" content=\"@franzalt\" \/>\n<meta name=\"twitter:label1\" content=\"Verfasst von\" \/>\n\t<meta name=\"twitter:data1\" content=\"Bigi Alt\" \/>\n\t<meta name=\"twitter:label2\" content=\"Gesch\u00e4tzte Lesezeit\" \/>\n\t<meta name=\"twitter:data2\" content=\"2\u00a0Minuten\" \/>\n<script type=\"application\/ld+json\" class=\"yoast-schema-graph\">{\"@context\":\"https:\/\/schema.org\",\"@graph\":[{\"@type\":\"Article\",\"@id\":\"https:\/\/www.sonnenseite.com\/de\/mobilitaet\/die-private-energiewende-gruener-strom-fuers-elektroauto\/#article\",\"isPartOf\":{\"@id\":\"https:\/\/www.sonnenseite.com\/de\/mobilitaet\/die-private-energiewende-gruener-strom-fuers-elektroauto\/\"},\"author\":{\"name\":\"Bigi Alt\",\"@id\":\"https:\/\/www.sonnenseite.com\/de\/#\/schema\/person\/50fda0e926597684c7cc6695238a4eb9\"},\"headline\":\"Die private Energiewende: gr\u00fcner Strom f\u00fcrs Elektroauto\",\"datePublished\":\"2021-09-22T00:56:00+00:00\",\"dateModified\":\"2021-10-04T07:56:58+00:00\",\"mainEntityOfPage\":{\"@id\":\"https:\/\/www.sonnenseite.com\/de\/mobilitaet\/die-private-energiewende-gruener-strom-fuers-elektroauto\/\"},\"wordCount\":445,\"publisher\":{\"@id\":\"https:\/\/www.sonnenseite.com\/de\/#organization\"},\"image\":{\"@id\":\"https:\/\/www.sonnenseite.com\/de\/mobilitaet\/die-private-energiewende-gruener-strom-fuers-elektroauto\/#primaryimage\"},\"thumbnailUrl\":\"https:\/\/www.sonnenseite.com\/wp-content\/uploads\/2020\/03\/E-Auto_Mann-Dmyrto_Z.jpg\",\"articleSection\":[\"Mobilit\u00e4t\"],\"inLanguage\":\"de\"},{\"@type\":\"WebPage\",\"@id\":\"https:\/\/www.sonnenseite.com\/de\/mobilitaet\/die-private-energiewende-gruener-strom-fuers-elektroauto\/\",\"url\":\"https:\/\/www.sonnenseite.com\/de\/mobilitaet\/die-private-energiewende-gruener-strom-fuers-elektroauto\/\",\"name\":\"Die private Energiewende: gr\u00fcner Strom f\u00fcrs Elektroauto - Sonnenseite - \u00d6kologische Kommunikation mit Franz Alt\",\"isPartOf\":{\"@id\":\"https:\/\/www.sonnenseite.com\/de\/#website\"},\"primaryImageOfPage\":{\"@id\":\"https:\/\/www.sonnenseite.com\/de\/mobilitaet\/die-private-energiewende-gruener-strom-fuers-elektroauto\/#primaryimage\"},\"image\":{\"@id\":\"https:\/\/www.sonnenseite.com\/de\/mobilitaet\/die-private-energiewende-gruener-strom-fuers-elektroauto\/#primaryimage\"},\"thumbnailUrl\":\"https:\/\/www.sonnenseite.com\/wp-content\/uploads\/2020\/03\/E-Auto_Mann-Dmyrto_Z.jpg\",\"datePublished\":\"2021-09-22T00:56:00+00:00\",\"dateModified\":\"2021-10-04T07:56:58+00:00\",\"description\":\"Wer ein Elektrofahrzeug anschafft, leistet zwar einen Beitrag zur Verkehrswende, tr\u00e4gt jedoch gleichzeitig dazu bei, dass der Strombedarf ansteigt. Diesen\",\"breadcrumb\":{\"@id\":\"https:\/\/www.sonnenseite.com\/de\/mobilitaet\/die-private-energiewende-gruener-strom-fuers-elektroauto\/#breadcrumb\"},\"inLanguage\":\"de\",\"potentialAction\":[{\"@type\":\"ReadAction\",\"target\":[\"https:\/\/www.sonnenseite.com\/de\/mobilitaet\/die-private-energiewende-gruener-strom-fuers-elektroauto\/\"]}]},{\"@type\":\"ImageObject\",\"inLanguage\":\"de\",\"@id\":\"https:\/\/www.sonnenseite.com\/de\/mobilitaet\/die-private-energiewende-gruener-strom-fuers-elektroauto\/#primaryimage\",\"url\":\"https:\/\/www.sonnenseite.com\/wp-content\/uploads\/2020\/03\/E-Auto_Mann-Dmyrto_Z.jpg\",\"contentUrl\":\"https:\/\/www.sonnenseite.com\/wp-content\/uploads\/2020\/03\/E-Auto_Mann-Dmyrto_Z.jpg\",\"width\":770,\"height\":420,\"caption\":\"Depositphotos | Dmyrto_Z | \u201eEines der gr\u00f6\u00dften Hindernisse bei der Elektromobilit\u00e4t ist nach wie vor das schwache Ladenetz.\\\"\"},{\"@type\":\"BreadcrumbList\",\"@id\":\"https:\/\/www.sonnenseite.com\/de\/mobilitaet\/die-private-energiewende-gruener-strom-fuers-elektroauto\/#breadcrumb\",\"itemListElement\":[{\"@type\":\"ListItem\",\"position\":1,\"name\":\"Startseite\",\"item\":\"https:\/\/www.sonnenseite.com\/de\/\"},{\"@type\":\"ListItem\",\"position\":2,\"name\":\"Die private Energiewende: gr\u00fcner Strom f\u00fcrs Elektroauto\"}]},{\"@type\":\"WebSite\",\"@id\":\"https:\/\/www.sonnenseite.com\/de\/#website\",\"url\":\"https:\/\/www.sonnenseite.com\/de\/\",\"name\":\"Sonnenseite\",\"description\":\"\u00d6kologische Kommunikation mit Franz Alt\",\"publisher\":{\"@id\":\"https:\/\/www.sonnenseite.com\/de\/#organization\"},\"potentialAction\":[{\"@type\":\"SearchAction\",\"target\":{\"@type\":\"EntryPoint\",\"urlTemplate\":\"https:\/\/www.sonnenseite.com\/de\/?s={search_term_string}\"},\"query-input\":{\"@type\":\"PropertyValueSpecification\",\"valueRequired\":true,\"valueName\":\"search_term_string\"}}],\"inLanguage\":\"de\"},{\"@type\":\"Organization\",\"@id\":\"https:\/\/www.sonnenseite.com\/de\/#organization\",\"name\":\"Sonnenseite\",\"url\":\"https:\/\/www.sonnenseite.com\/de\/\",\"logo\":{\"@type\":\"ImageObject\",\"inLanguage\":\"de\",\"@id\":\"https:\/\/www.sonnenseite.com\/de\/#\/schema\/logo\/image\/\",\"url\":\"https:\/\/www.sonnenseite.com\/wp-content\/uploads\/2020\/05\/Sonnenseite_Logo.png\",\"contentUrl\":\"https:\/\/www.sonnenseite.com\/wp-content\/uploads\/2020\/05\/Sonnenseite_Logo.png\",\"width\":377,\"height\":90,\"caption\":\"Sonnenseite\"},\"image\":{\"@id\":\"https:\/\/www.sonnenseite.com\/de\/#\/schema\/logo\/image\/\"},\"sameAs\":[\"https:\/\/www.facebook.com\/pages\/Franz-Alt-SONNENSEITECOM\/221072987903953?fref=ts\",\"https:\/\/x.com\/franzalt\",\"http:\/\/www.youtube.com\/results?search_query&amp;amp;quot;franz_alt&amp;amp;quot;&amp;amp;amp;amp;search_type&amp;amp;amp;amp;aq=f\"]},{\"@type\":\"Person\",\"@id\":\"https:\/\/www.sonnenseite.com\/de\/#\/schema\/person\/50fda0e926597684c7cc6695238a4eb9\",\"name\":\"Bigi Alt\"}]}<\/script>\n<!-- \/ Yoast SEO plugin. -->","yoast_head_json":{"title":"Die private Energiewende: gr\u00fcner Strom f\u00fcrs Elektroauto - Sonnenseite - \u00d6kologische Kommunikation mit Franz Alt","description":"Wer ein Elektrofahrzeug anschafft, leistet zwar einen Beitrag zur Verkehrswende, tr\u00e4gt jedoch gleichzeitig dazu bei, dass der Strombedarf ansteigt. Diesen","robots":{"index":"index","follow":"follow","max-snippet":"max-snippet:-1","max-image-preview":"max-image-preview:large","max-video-preview":"max-video-preview:-1"},"canonical":"https:\/\/www.sonnenseite.com\/de\/mobilitaet\/die-private-energiewende-gruener-strom-fuers-elektroauto\/","og_locale":"de_DE","og_type":"article","og_title":"Die private Energiewende: gr\u00fcner Strom f\u00fcrs Elektroauto - Sonnenseite - \u00d6kologische Kommunikation mit Franz Alt","og_description":"Wer ein Elektrofahrzeug anschafft, leistet zwar einen Beitrag zur Verkehrswende, tr\u00e4gt jedoch gleichzeitig dazu bei, dass der Strombedarf ansteigt. Diesen","og_url":"https:\/\/www.sonnenseite.com\/de\/mobilitaet\/die-private-energiewende-gruener-strom-fuers-elektroauto\/","og_site_name":"Sonnenseite","article_publisher":"https:\/\/www.facebook.com\/pages\/Franz-Alt-SONNENSEITECOM\/221072987903953?fref=ts","article_published_time":"2021-09-22T00:56:00+00:00","article_modified_time":"2021-10-04T07:56:58+00:00","og_image":[{"width":770,"height":420,"url":"https:\/\/www.sonnenseite.com\/wp-content\/uploads\/2020\/03\/E-Auto_Mann-Dmyrto_Z.jpg","type":"image\/jpeg"}],"author":"Bigi Alt","twitter_card":"summary_large_image","twitter_creator":"@franzalt","twitter_site":"@franzalt","twitter_misc":{"Verfasst von":"Bigi Alt","Gesch\u00e4tzte Lesezeit":"2\u00a0Minuten"},"schema":{"@context":"https:\/\/schema.org","@graph":[{"@type":"Article","@id":"https:\/\/www.sonnenseite.com\/de\/mobilitaet\/die-private-energiewende-gruener-strom-fuers-elektroauto\/#article","isPartOf":{"@id":"https:\/\/www.sonnenseite.com\/de\/mobilitaet\/die-private-energiewende-gruener-strom-fuers-elektroauto\/"},"author":{"name":"Bigi Alt","@id":"https:\/\/www.sonnenseite.com\/de\/#\/schema\/person\/50fda0e926597684c7cc6695238a4eb9"},"headline":"Die private Energiewende: gr\u00fcner Strom f\u00fcrs Elektroauto","datePublished":"2021-09-22T00:56:00+00:00","dateModified":"2021-10-04T07:56:58+00:00","mainEntityOfPage":{"@id":"https:\/\/www.sonnenseite.com\/de\/mobilitaet\/die-private-energiewende-gruener-strom-fuers-elektroauto\/"},"wordCount":445,"publisher":{"@id":"https:\/\/www.sonnenseite.com\/de\/#organization"},"image":{"@id":"https:\/\/www.sonnenseite.com\/de\/mobilitaet\/die-private-energiewende-gruener-strom-fuers-elektroauto\/#primaryimage"},"thumbnailUrl":"https:\/\/www.sonnenseite.com\/wp-content\/uploads\/2020\/03\/E-Auto_Mann-Dmyrto_Z.jpg","articleSection":["Mobilit\u00e4t"],"inLanguage":"de"},{"@type":"WebPage","@id":"https:\/\/www.sonnenseite.com\/de\/mobilitaet\/die-private-energiewende-gruener-strom-fuers-elektroauto\/","url":"https:\/\/www.sonnenseite.com\/de\/mobilitaet\/die-private-energiewende-gruener-strom-fuers-elektroauto\/","name":"Die private Energiewende: gr\u00fcner Strom f\u00fcrs Elektroauto - Sonnenseite - \u00d6kologische Kommunikation mit Franz Alt","isPartOf":{"@id":"https:\/\/www.sonnenseite.com\/de\/#website"},"primaryImageOfPage":{"@id":"https:\/\/www.sonnenseite.com\/de\/mobilitaet\/die-private-energiewende-gruener-strom-fuers-elektroauto\/#primaryimage"},"image":{"@id":"https:\/\/www.sonnenseite.com\/de\/mobilitaet\/die-private-energiewende-gruener-strom-fuers-elektroauto\/#primaryimage"},"thumbnailUrl":"https:\/\/www.sonnenseite.com\/wp-content\/uploads\/2020\/03\/E-Auto_Mann-Dmyrto_Z.jpg","datePublished":"2021-09-22T00:56:00+00:00","dateModified":"2021-10-04T07:56:58+00:00","description":"Wer ein Elektrofahrzeug anschafft, leistet zwar einen Beitrag zur Verkehrswende, tr\u00e4gt jedoch gleichzeitig dazu bei, dass der Strombedarf ansteigt. Diesen","breadcrumb":{"@id":"https:\/\/www.sonnenseite.com\/de\/mobilitaet\/die-private-energiewende-gruener-strom-fuers-elektroauto\/#breadcrumb"},"inLanguage":"de","potentialAction":[{"@type":"ReadAction","target":["https:\/\/www.sonnenseite.com\/de\/mobilitaet\/die-private-energiewende-gruener-strom-fuers-elektroauto\/"]}]},{"@type":"ImageObject","inLanguage":"de","@id":"https:\/\/www.sonnenseite.com\/de\/mobilitaet\/die-private-energiewende-gruener-strom-fuers-elektroauto\/#primaryimage","url":"https:\/\/www.sonnenseite.com\/wp-content\/uploads\/2020\/03\/E-Auto_Mann-Dmyrto_Z.jpg","contentUrl":"https:\/\/www.sonnenseite.com\/wp-content\/uploads\/2020\/03\/E-Auto_Mann-Dmyrto_Z.jpg","width":770,"height":420,"caption":"Depositphotos | Dmyrto_Z | \u201eEines der gr\u00f6\u00dften Hindernisse bei der Elektromobilit\u00e4t ist nach wie vor das schwache Ladenetz.\""},{"@type":"BreadcrumbList","@id":"https:\/\/www.sonnenseite.com\/de\/mobilitaet\/die-private-energiewende-gruener-strom-fuers-elektroauto\/#breadcrumb","itemListElement":[{"@type":"ListItem","position":1,"name":"Startseite","item":"https:\/\/www.sonnenseite.com\/de\/"},{"@type":"ListItem","position":2,"name":"Die private Energiewende: gr\u00fcner Strom f\u00fcrs Elektroauto"}]},{"@type":"WebSite","@id":"https:\/\/www.sonnenseite.com\/de\/#website","url":"https:\/\/www.sonnenseite.com\/de\/","name":"Sonnenseite","description":"\u00d6kologische Kommunikation mit Franz Alt","publisher":{"@id":"https:\/\/www.sonnenseite.com\/de\/#organization"},"potentialAction":[{"@type":"SearchAction","target":{"@type":"EntryPoint","urlTemplate":"https:\/\/www.sonnenseite.com\/de\/?s={search_term_string}"},"query-input":{"@type":"PropertyValueSpecification","valueRequired":true,"valueName":"search_term_string"}}],"inLanguage":"de"},{"@type":"Organization","@id":"https:\/\/www.sonnenseite.com\/de\/#organization","name":"Sonnenseite","url":"https:\/\/www.sonnenseite.com\/de\/","logo":{"@type":"ImageObject","inLanguage":"de","@id":"https:\/\/www.sonnenseite.com\/de\/#\/schema\/logo\/image\/","url":"https:\/\/www.sonnenseite.com\/wp-content\/uploads\/2020\/05\/Sonnenseite_Logo.png","contentUrl":"https:\/\/www.sonnenseite.com\/wp-content\/uploads\/2020\/05\/Sonnenseite_Logo.png","width":377,"height":90,"caption":"Sonnenseite"},"image":{"@id":"https:\/\/www.sonnenseite.com\/de\/#\/schema\/logo\/image\/"},"sameAs":["https:\/\/www.facebook.com\/pages\/Franz-Alt-SONNENSEITECOM\/221072987903953?fref=ts","https:\/\/x.com\/franzalt","http:\/\/www.youtube.com\/results?search_query&amp;amp;quot;franz_alt&amp;amp;quot;&amp;amp;amp;amp;search_type&amp;amp;amp;amp;aq=f"]},{"@type":"Person","@id":"https:\/\/www.sonnenseite.com\/de\/#\/schema\/person\/50fda0e926597684c7cc6695238a4eb9","name":"Bigi Alt"}]}},"_links":{"self":[{"href":"https:\/\/www.sonnenseite.com\/de\/wp-json\/wp\/v2\/posts\/75104","targetHints":{"allow":["GET"]}}],"collection":[{"href":"https:\/\/www.sonnenseite.com\/de\/wp-json\/wp\/v2\/posts"}],"about":[{"href":"https:\/\/www.sonnenseite.com\/de\/wp-json\/wp\/v2\/types\/post"}],"author":[{"embeddable":true,"href":"https:\/\/www.sonnenseite.com\/de\/wp-json\/wp\/v2\/users\/3"}],"replies":[{"embeddable":true,"href":"https:\/\/www.sonnenseite.com\/de\/wp-json\/wp\/v2\/comments?post=75104"}],"version-history":[{"count":4,"href":"https:\/\/www.sonnenseite.com\/de\/wp-json\/wp\/v2\/posts\/75104\/revisions"}],"predecessor-version":[{"id":75108,"href":"https:\/\/www.sonnenseite.com\/de\/wp-json\/wp\/v2\/posts\/75104\/revisions\/75108"}],"wp:featuredmedia":[{"embeddable":true,"href":"https:\/\/www.sonnenseite.com\/de\/wp-json\/wp\/v2\/media\/2324"}],"wp:attachment":[{"href":"https:\/\/www.sonnenseite.com\/de\/wp-json\/wp\/v2\/media?parent=75104"}],"wp:term":[{"taxonomy":"category","embeddable":true,"href":"https:\/\/www.sonnenseite.com\/de\/wp-json\/wp\/v2\/categories?post=75104"},{"taxonomy":"post_tag","embeddable":true,"href":"https:\/\/www.sonnenseite.com\/de\/wp-json\/wp\/v2\/tags?post=75104"}],"curies":[{"name":"wp","href":"https:\/\/api.w.org\/{rel}","templated":true}]}}