{"id":75156,"date":"2021-09-24T02:30:00","date_gmt":"2021-09-24T00:30:00","guid":{"rendered":"https:\/\/www.sonnenseite.com\/?p=75156"},"modified":"2021-09-23T19:31:49","modified_gmt":"2021-09-23T17:31:49","slug":"europa-studie-jeder-dritte-erwaegt-aktuell-kauf-eines-e-autos","status":"publish","type":"post","link":"https:\/\/www.sonnenseite.com\/de\/mobilitaet\/europa-studie-jeder-dritte-erwaegt-aktuell-kauf-eines-e-autos\/","title":{"rendered":"Europa-Studie: Jeder Dritte erw\u00e4gt aktuell Kauf eines E-Autos"},"content":{"rendered":"\n<p>Noch bestehende Unsicherheit bei Alltagstauglichkeit und Ladekapazit\u00e4ten verringern Chancen von Stromern.<\/p>\n\n\n\n<p>Die F\u00f6rderung der Elektromobilit\u00e4t gilt als einer der wesentlichen Bausteine, um die Pariser Klimaziele zu erreichen. Gerade im Vorfeld der Bundestagswahl kommt kaum ein parteipolitisches Klima- und Verkehrskonzept ohne Verweis auf E-Autos aus. Laut einer aktuellen, europaweiten Nutzerbefragung von AutoScout24 r\u00fccken die Stromer auch verst\u00e4rkt in den Fokus derjenigen, die derzeit einen Autokauf planen. <\/p>\n\n\n\n<p>Demnach zieht es aktuell jeder dritte Befragte aus Deutschland in Erw\u00e4gung, ein E-Auto zu erwerben. F\u00fcr jeden Zweiten kommt eventuell ein Hybridmodell in Frage. Der europaweit gr\u00f6\u00dfte Online-Automarkt hat f\u00fcr die Studie 5.566 AutoScout24-Nutzer aus Deutschland, Italien, \u00d6sterreich, Belgien und den Niederlanden befragt*. Im internationalen Vergleich zeigt sich, dass vor allem die Deutschen gro\u00dfe Bedenken beim Blick auf E-Autos haben. Am offensten und am besten informiert pr\u00e4sentieren sich Befragte aus den Niederlanden.<\/p>\n\n\n\n<p>In der aktuellen Studie hat AutoScout24 zwei Gruppen gesondert untersucht: Allgemeine Website-Nutzer und jene Nutzer, die konkret die Anschaffung eines neuen Autos planen. Beim Blick auf jene, die eine Anschaffung planen, zeigt sich, dass E-Autos hoch im Kurs stehen: Insgesamt 14 Prozent ziehen den Kauf eines Stromers \u201edefinitiv\u201c in Erw\u00e4gung, weitere 23 Prozent w\u00fcrden sich \u201evielleicht\u201c f\u00fcr einen Batteriegetriebenen entscheiden. Damit zeigen sich insgesamt 37 Prozent aufgeschlossen, wenn es um die Anschaffung eines E-Autos geht. Gleichwohl sind noch nicht alle von den neuen Antrieben \u00fcberzeugt. So sagen 41 Prozent der aktuell Autokaufenden, sie wollen definitiv kein E-Auto erwerben, 23 Prozent wahrscheinlich nicht. Beim Blick auf Hybridfahrzeuge f\u00e4llt die Bewertung ausgewogener aus: 51 Prozent ziehen einen entsprechenden Kauf bei ihrer aktuellen Suche in Erw\u00e4gung, f\u00fcr 49 Prozent kommt er nicht in Frage.<\/p>\n\n\n\n<h5 class=\"wp-block-heading\">E-Mobilit\u00e4t: Niederl\u00e4nder am aufgeschlossensten<\/h5>\n\n\n\n<p>International sind die Einstellungen mit Blick auf die Antriebe bei den aktuell Autokaufenden mit den hiesigen vergleichbar. So beziehen 37 Prozent der Italiener und der \u00d6sterreicher E-Autos in ihr Suchprofil mit ein, bei den Belgiern sind es nur 35 Prozent. Deutlich aufgeschlossener sind die Niederl\u00e4nder: F\u00fcr 45 Prozent kommt der Kauf eines Stromers in Frage. Auch Hybridfahrzeuge sind in den Niederlanden beliebter als anderswo in Europa: 56 Prozent ziehen einen Kauf in Betracht, aber nur 52 Prozent der italienischen, 47 Prozent der belgischen und 42 Prozent der \u00f6sterreichischen User.<\/p>\n\n\n\n<h5 class=\"wp-block-heading\">Gr\u00f6\u00dfte Bedenken: Kosten und Ladeinfrastruktur<\/h5>\n\n\n\n<p>Was die Bedenken gegen\u00fcber den E-Autos betrifft zeigt sich, dass der Preis europaweit an erster Stelle steht. So sind 62 Prozent der deutschen Befragten der Ansicht, es sei teurer ein E-Auto zu kaufen als ein vergleichbares Fahrzeug mit Verbrennungsmotor. \u00c4hnlich sehen das auch die Befragten aus \u00d6sterreich (62 Prozent), Belgien (64 Prozent) und Italien (65 Prozent). In den Niederlanden teilen diese Sorge hingegen deutlich weniger Nutzer: Nur 47 Prozent sind dort der Ansicht, man m\u00fcsse f\u00fcr ein E-Auto tiefer in die Tasche greifen als f\u00fcr einen Verbrenner.<\/p>\n\n\n\n<p>Ein weiterer Pain Point sind Bedenken wegen der Ladeinfrastruktur. Vor allem die Deutschen treibt diese Sorge um: 54 Prozent glauben, es sei beschwerlich, das E-Auto mit Energie zu versorgen, da es hierzulande nur wenige Ladestationen gebe. In Belgien schlie\u00dfen sich diesen Bedenken 47 Prozent der Befragten an, in Italien sind es 46 Prozent und in \u00d6sterreich 44 Prozent. In den Niederlanden scheint es um die Ladeinfrastruktur hingegen deutlich besser bestellt zu sein, denn nur 25 Prozent zeigen sich bei diesem Punkt besorgt.<\/p>\n\n\n\n<h5 class=\"wp-block-heading\">Jeder Dritte besorgt um Alltagstauglichkeit<\/h5>\n\n\n\n<p>Wie steht es um die Bedenken, ein E-Auto k\u00f6nne sich nicht f\u00fcr den t\u00e4glichen Gebrauch eignen? Auch hier haben die Deutschen die gr\u00f6\u00dften Sorgen: 30 Prozent glauben, dass es im Alltag Probleme mit der Antriebstechnologie geben k\u00f6nnte. Auch \u00d6sterreichern (28 Prozent) und Belgiern (21 Prozent) ist dieser Gedanke nicht fremd. In den Niederlanden und Italien bereitet dieser Punkt hingegen nur 15 Prozent der Befragten Kopfzerbrechen.<\/p>\n\n\n\n<h5 class=\"wp-block-heading\">Wichtigstes Kriterium in Deutschland: Reichweite<\/h5>\n\n\n\n<p>Welche Eigenschaften sollten E-Autos aus Sicht der Konsumenten auf jeden Fall erf\u00fcllen? Ganz oben steht die Reichweite, die 67 Prozent f\u00fcr relevant erachten, gefolgt von der M\u00f6glichkeit, die Batterie schnell aufladen zu k\u00f6nnen (51 finden das wichtig). Ebenfalls von Bedeutung f\u00fcr die E-Auto-Interessierten: Komfort (wichtig f\u00fcr 38 Prozent), Stauraum (34 Prozent) und hohe Effizienz (31 Prozent). F\u00fcr ein knappes Drittel (30 Prozent) sind finanzielle F\u00f6rderma\u00dfnahmen f\u00fcr das in Frage stehende Auto relevant.<\/p>\n\n\n\n<h5 class=\"wp-block-heading\">Preis und Subventionen relevant in Italien<\/h5>\n\n\n\n<p>Mit Blick ins Ausland zeigt sich, dass die Reichweite zwar \u00fcberall das wichtigste Kriterium ist, doch die Befragten setzen durchaus unterschiedliche Schwerpunkte. So ist in Italien der Preis von zentraler Bedeutung: 49 Prozent legen Wert darauf und 51 Prozent erwarten sogar, dass das Fahrzeug subventioniert wird. Andernorts setzt man hingegen verst\u00e4rkt auf ein komfortables Fahrzeug: 45 Prozent der Belgier und 43 Prozent der Niederl\u00e4nder ist das wichtig. F\u00fcr die gleichen Nationen spielt auch die Marke eine Rolle. So w\u00fcnschen sich 23 Prozent der niederl\u00e4ndischen und 20 Prozent der belgischen Befragten ein Premium-Fabrikat. Zum Vergleich: Nur 9 Prozent der Deutschen ist das wichtig.<\/p>\n\n\n\n<h5 class=\"wp-block-heading\">Informationen europaweit als nicht ausreichend bewertet<\/h5>\n\n\n\n<p>Auch wenn E-Mobilit\u00e4t in den Medien immer h\u00e4ufiger thematisiert wird, haben rund zwei Drittel der befragten Europ\u00e4er das Gef\u00fchl, nicht ausreichend dar\u00fcber informiert zu sein. So w\u00fcnscht sich hierzulande jeder Dritte (33 Prozent) mehr Informationen zu den entstehenden Wartungskosten. Und fast ebenso vielen (30 Prozent) sind die Vor- und Nachteile eines E- und Hybridfahrzeugs nicht klar. In Italien ist der Informationsbedarf noch h\u00f6her: 37 Prozent sehnen sich nach Daten zu Wartungskosten und 33 Prozent w\u00fcnschen Infos \u00fcber Vor- und Nachteile von E-Autos. Am besten wissen die Niederl\u00e4nder Bescheid: Nur 61 Prozent f\u00fchlen sich nicht ausreichend informiert, entsprechend w\u00fcnscht sich auch nur jeder Vierte (25 Prozent) Infos \u00fcber Wartungskosten und die \u201ePros\u201c und \u201eCons\u201c von Stromern und Hybriden.<\/p>\n\n\n\n<ul class=\"wp-block-list\"><li>*Quelle: AutoScout24 Nutzerbefragung, Stichprobe n= 5.566 Nutzer von AutoScout24 aus Deutschland, \u00d6sterreich, Italien, den Niederlanden und Belgien. Auf Deutschland entfielen 1.355 Nutzer, davon 978 mit konkreter Kaufabsicht; Befragungszeitraum: 30. Juli \u2013 11. August 2021.<\/li><\/ul>\n\n\n<h5 class=\"green\">Quelle<\/h5>\r\n\n\n\n<p><a href=\"http:\/\/www.autoscout24.at\">www.autoscout24.at 2021<\/a><\/p>\n<div class=\"shariff shariff-align-flex-start shariff-widget-align-flex-start\"><div class=\"ShariffHeadline\">Diese Meldung teilen<\/div><ul class=\"shariff-buttons theme-round orientation-horizontal buttonsize-medium\"><li class=\"shariff-button facebook shariff-nocustomcolor\" style=\"background-color:#4273c8;border-radius:1%\"><a href=\"https:\/\/www.facebook.com\/sharer\/sharer.php?u=https%3A%2F%2Fwww.sonnenseite.com%2Fde%2Fmobilitaet%2Feuropa-studie-jeder-dritte-erwaegt-aktuell-kauf-eines-e-autos%2F\" title=\"Bei Facebook teilen\" aria-label=\"Bei Facebook teilen\" role=\"button\" rel=\"nofollow\" class=\"shariff-link\" style=\";border-radius:1%; background-color:#3b5998; color:#fff\" target=\"_blank\"><span class=\"shariff-icon\" style=\"\"><svg width=\"32px\" height=\"20px\" xmlns=\"http:\/\/www.w3.org\/2000\/svg\" viewBox=\"0 0 18 32\"><path fill=\"#3b5998\" d=\"M17.1 0.2v4.7h-2.8q-1.5 0-2.1 0.6t-0.5 1.9v3.4h5.2l-0.7 5.3h-4.5v13.6h-5.5v-13.6h-4.5v-5.3h4.5v-3.9q0-3.3 1.9-5.2t5-1.8q2.6 0 4.1 0.2z\"\/><\/svg><\/span><\/a><\/li><li class=\"shariff-button twitter shariff-nocustomcolor\" style=\"background-color:#595959;border-radius:1%\"><a href=\"https:\/\/twitter.com\/share?url=https%3A%2F%2Fwww.sonnenseite.com%2Fde%2Fmobilitaet%2Feuropa-studie-jeder-dritte-erwaegt-aktuell-kauf-eines-e-autos%2F&text=Europa-Studie%3A%20Jeder%20Dritte%20erw%C3%A4gt%20aktuell%20Kauf%20eines%20E-Autos\" title=\"Bei X teilen\" aria-label=\"Bei X teilen\" role=\"button\" rel=\"noopener nofollow\" class=\"shariff-link\" style=\";border-radius:1%; background-color:#000; color:#fff\" target=\"_blank\"><span class=\"shariff-icon\" style=\"\"><svg width=\"32px\" height=\"20px\" xmlns=\"http:\/\/www.w3.org\/2000\/svg\" viewBox=\"0 0 24 24\"><path fill=\"#000\" d=\"M14.258 10.152L23.176 0h-2.113l-7.747 8.813L7.133 0H0l9.352 13.328L0 23.973h2.113l8.176-9.309 6.531 9.309h7.133zm-2.895 3.293l-.949-1.328L2.875 1.56h3.246l6.086 8.523.945 1.328 7.91 11.078h-3.246zm0 0\"\/><\/svg><\/span><\/a><\/li><li class=\"shariff-button xing shariff-nocustomcolor\" style=\"background-color:#29888a;border-radius:1%\"><a href=\"https:\/\/www.xing.com\/spi\/shares\/new?url=https%3A%2F%2Fwww.sonnenseite.com%2Fde%2Fmobilitaet%2Feuropa-studie-jeder-dritte-erwaegt-aktuell-kauf-eines-e-autos%2F\" title=\"Bei XING teilen\" aria-label=\"Bei XING teilen\" role=\"button\" rel=\"noopener nofollow\" class=\"shariff-link\" style=\";border-radius:1%; background-color:#126567; color:#fff\" target=\"_blank\"><span class=\"shariff-icon\" style=\"\"><svg width=\"32px\" height=\"20px\" xmlns=\"http:\/\/www.w3.org\/2000\/svg\" viewBox=\"0 0 25 32\"><path fill=\"#126567\" d=\"M10.7 11.9q-0.2 0.3-4.6 8.2-0.5 0.8-1.2 0.8h-4.3q-0.4 0-0.5-0.3t0-0.6l4.5-8q0 0 0 0l-2.9-5q-0.2-0.4 0-0.7 0.2-0.3 0.5-0.3h4.3q0.7 0 1.2 0.8zM25.1 0.4q0.2 0.3 0 0.7l-9.4 16.7 6 11q0.2 0.4 0 0.6-0.2 0.3-0.6 0.3h-4.3q-0.7 0-1.2-0.8l-6-11.1q0.3-0.6 9.5-16.8 0.4-0.8 1.2-0.8h4.3q0.4 0 0.5 0.3z\"\/><\/svg><\/span><\/a><\/li><li class=\"shariff-button linkedin shariff-nocustomcolor\" style=\"background-color:#1488bf;border-radius:1%\"><a href=\"https:\/\/www.linkedin.com\/sharing\/share-offsite\/?url=https%3A%2F%2Fwww.sonnenseite.com%2Fde%2Fmobilitaet%2Feuropa-studie-jeder-dritte-erwaegt-aktuell-kauf-eines-e-autos%2F\" title=\"Bei LinkedIn teilen\" aria-label=\"Bei LinkedIn teilen\" role=\"button\" rel=\"noopener nofollow\" class=\"shariff-link\" style=\";border-radius:1%; background-color:#0077b5; color:#fff\" target=\"_blank\"><span class=\"shariff-icon\" style=\"\"><svg width=\"32px\" height=\"20px\" xmlns=\"http:\/\/www.w3.org\/2000\/svg\" viewBox=\"0 0 27 32\"><path fill=\"#0077b5\" d=\"M6.2 11.2v17.7h-5.9v-17.7h5.9zM6.6 5.7q0 1.3-0.9 2.2t-2.4 0.9h0q-1.5 0-2.4-0.9t-0.9-2.2 0.9-2.2 2.4-0.9 2.4 0.9 0.9 2.2zM27.4 18.7v10.1h-5.9v-9.5q0-1.9-0.7-2.9t-2.3-1.1q-1.1 0-1.9 0.6t-1.2 1.5q-0.2 0.5-0.2 1.4v9.9h-5.9q0-7.1 0-11.6t0-5.3l0-0.9h5.9v2.6h0q0.4-0.6 0.7-1t1-0.9 1.6-0.8 2-0.3q3 0 4.9 2t1.9 6z\"\/><\/svg><\/span><\/a><\/li><li class=\"shariff-button printer shariff-nocustomcolor\" style=\"background-color:#a8a8a8;border-radius:1%\"><a href=\"javascript:window.print()\" title=\"drucken\" aria-label=\"drucken\" role=\"button\" rel=\"noopener nofollow\" class=\"shariff-link\" style=\";border-radius:1%; background-color:#999; color:#fff\"><span class=\"shariff-icon\" style=\"\"><svg width=\"32px\" height=\"20px\" xmlns=\"http:\/\/www.w3.org\/2000\/svg\" viewBox=\"0 0 30 32\"><path fill=\"#999\" d=\"M6.8 27.4h16v-4.6h-16v4.6zM6.8 16h16v-6.8h-2.8q-0.7 0-1.2-0.5t-0.5-1.2v-2.8h-11.4v11.4zM27.4 17.2q0-0.5-0.3-0.8t-0.8-0.4-0.8 0.4-0.3 0.8 0.3 0.8 0.8 0.3 0.8-0.3 0.3-0.8zM29.7 17.2v7.4q0 0.2-0.2 0.4t-0.4 0.2h-4v2.8q0 0.7-0.5 1.2t-1.2 0.5h-17.2q-0.7 0-1.2-0.5t-0.5-1.2v-2.8h-4q-0.2 0-0.4-0.2t-0.2-0.4v-7.4q0-1.4 1-2.4t2.4-1h1.2v-9.7q0-0.7 0.5-1.2t1.2-0.5h12q0.7 0 1.6 0.4t1.3 0.8l2.7 2.7q0.5 0.5 0.9 1.4t0.4 1.6v4.6h1.1q1.4 0 2.4 1t1 2.4z\"\/><\/svg><\/span><\/a><\/li><li class=\"shariff-button mailto shariff-nocustomcolor\" style=\"background-color:#a8a8a8;border-radius:1%\"><a href=\"mailto:?body=https%3A%2F%2Fwww.sonnenseite.com%2Fde%2Fmobilitaet%2Feuropa-studie-jeder-dritte-erwaegt-aktuell-kauf-eines-e-autos%2F&subject=Europa-Studie%3A%20Jeder%20Dritte%20erw%C3%A4gt%20aktuell%20Kauf%20eines%20E-Autos\" title=\"Per E-Mail versenden\" aria-label=\"Per E-Mail versenden\" role=\"button\" rel=\"noopener nofollow\" class=\"shariff-link\" style=\";border-radius:1%; background-color:#999; color:#fff\"><span class=\"shariff-icon\" style=\"\"><svg width=\"32px\" height=\"20px\" xmlns=\"http:\/\/www.w3.org\/2000\/svg\" viewBox=\"0 0 32 32\"><path fill=\"#999\" d=\"M32 12.7v14.2q0 1.2-0.8 2t-2 0.9h-26.3q-1.2 0-2-0.9t-0.8-2v-14.2q0.8 0.9 1.8 1.6 6.5 4.4 8.9 6.1 1 0.8 1.6 1.2t1.7 0.9 2 0.4h0.1q0.9 0 2-0.4t1.7-0.9 1.6-1.2q3-2.2 8.9-6.1 1-0.7 1.8-1.6zM32 7.4q0 1.4-0.9 2.7t-2.2 2.2q-6.7 4.7-8.4 5.8-0.2 0.1-0.7 0.5t-1 0.7-0.9 0.6-1.1 0.5-0.9 0.2h-0.1q-0.4 0-0.9-0.2t-1.1-0.5-0.9-0.6-1-0.7-0.7-0.5q-1.6-1.1-4.7-3.2t-3.6-2.6q-1.1-0.7-2.1-2t-1-2.5q0-1.4 0.7-2.3t2.1-0.9h26.3q1.2 0 2 0.8t0.9 2z\"\/><\/svg><\/span><\/a><\/li><\/ul><\/div>","protected":false},"excerpt":{"rendered":"<p>Noch bestehende Unsicherheit bei Alltagstauglichkeit und Ladekapazit\u00e4ten verringern Chancen von Stromern. Die F\u00f6rderung der Elektromobilit\u00e4t gilt [&hellip;]<\/p>\n","protected":false},"author":3,"featured_media":4646,"comment_status":"closed","ping_status":"closed","sticky":false,"template":"","format":"standard","meta":{"inline_featured_image":false,"footnotes":""},"categories":[25],"tags":[],"class_list":["post-75156","post","type-post","status-publish","format-standard","has-post-thumbnail","hentry","category-mobilitaet"],"yoast_head":"<!-- This site is optimized with the Yoast SEO plugin v26.5 - https:\/\/yoast.com\/wordpress\/plugins\/seo\/ -->\n<title>Europa-Studie: Jeder Dritte erw\u00e4gt aktuell Kauf eines E-Autos - Sonnenseite - \u00d6kologische Kommunikation mit Franz Alt<\/title>\n<meta name=\"description\" content=\"Noch bestehende Unsicherheit bei Alltagstauglichkeit und Ladekapazit\u00e4ten verringern Chancen von Stromern. Die F\u00f6rderung der Elektromobilit\u00e4t gilt als\" \/>\n<meta name=\"robots\" content=\"index, follow, max-snippet:-1, max-image-preview:large, max-video-preview:-1\" \/>\n<link rel=\"canonical\" href=\"https:\/\/www.sonnenseite.com\/de\/mobilitaet\/europa-studie-jeder-dritte-erwaegt-aktuell-kauf-eines-e-autos\/\" \/>\n<meta property=\"og:locale\" content=\"de_DE\" \/>\n<meta property=\"og:type\" content=\"article\" \/>\n<meta property=\"og:title\" content=\"Europa-Studie: Jeder Dritte erw\u00e4gt aktuell Kauf eines E-Autos - Sonnenseite - \u00d6kologische Kommunikation mit Franz Alt\" \/>\n<meta property=\"og:description\" content=\"Noch bestehende Unsicherheit bei Alltagstauglichkeit und Ladekapazit\u00e4ten verringern Chancen von Stromern. Die F\u00f6rderung der Elektromobilit\u00e4t gilt als\" \/>\n<meta property=\"og:url\" content=\"https:\/\/www.sonnenseite.com\/de\/mobilitaet\/europa-studie-jeder-dritte-erwaegt-aktuell-kauf-eines-e-autos\/\" \/>\n<meta property=\"og:site_name\" content=\"Sonnenseite\" \/>\n<meta property=\"article:publisher\" content=\"https:\/\/www.facebook.com\/pages\/Franz-Alt-SONNENSEITECOM\/221072987903953?fref=ts\" \/>\n<meta property=\"article:published_time\" content=\"2021-09-24T00:30:00+00:00\" \/>\n<meta property=\"og:image\" content=\"https:\/\/www.sonnenseite.com\/wp-content\/uploads\/2019\/12\/Elektroauto_laden_Scharfsinn.jpg\" \/>\n\t<meta property=\"og:image:width\" content=\"770\" \/>\n\t<meta property=\"og:image:height\" content=\"420\" \/>\n\t<meta property=\"og:image:type\" content=\"image\/jpeg\" \/>\n<meta name=\"author\" content=\"Bigi Alt\" \/>\n<meta name=\"twitter:card\" content=\"summary_large_image\" \/>\n<meta name=\"twitter:creator\" content=\"@franzalt\" \/>\n<meta name=\"twitter:site\" content=\"@franzalt\" \/>\n<meta name=\"twitter:label1\" content=\"Verfasst von\" \/>\n\t<meta name=\"twitter:data1\" content=\"Bigi Alt\" \/>\n\t<meta name=\"twitter:label2\" content=\"Gesch\u00e4tzte Lesezeit\" \/>\n\t<meta name=\"twitter:data2\" content=\"5\u00a0Minuten\" \/>\n<script type=\"application\/ld+json\" class=\"yoast-schema-graph\">{\"@context\":\"https:\/\/schema.org\",\"@graph\":[{\"@type\":\"Article\",\"@id\":\"https:\/\/www.sonnenseite.com\/de\/mobilitaet\/europa-studie-jeder-dritte-erwaegt-aktuell-kauf-eines-e-autos\/#article\",\"isPartOf\":{\"@id\":\"https:\/\/www.sonnenseite.com\/de\/mobilitaet\/europa-studie-jeder-dritte-erwaegt-aktuell-kauf-eines-e-autos\/\"},\"author\":{\"name\":\"Bigi Alt\",\"@id\":\"https:\/\/www.sonnenseite.com\/de\/#\/schema\/person\/50fda0e926597684c7cc6695238a4eb9\"},\"headline\":\"Europa-Studie: Jeder Dritte erw\u00e4gt aktuell Kauf eines E-Autos\",\"datePublished\":\"2021-09-24T00:30:00+00:00\",\"mainEntityOfPage\":{\"@id\":\"https:\/\/www.sonnenseite.com\/de\/mobilitaet\/europa-studie-jeder-dritte-erwaegt-aktuell-kauf-eines-e-autos\/\"},\"wordCount\":963,\"publisher\":{\"@id\":\"https:\/\/www.sonnenseite.com\/de\/#organization\"},\"image\":{\"@id\":\"https:\/\/www.sonnenseite.com\/de\/mobilitaet\/europa-studie-jeder-dritte-erwaegt-aktuell-kauf-eines-e-autos\/#primaryimage\"},\"thumbnailUrl\":\"https:\/\/www.sonnenseite.com\/wp-content\/uploads\/2019\/12\/Elektroauto_laden_Scharfsinn.jpg\",\"articleSection\":[\"Mobilit\u00e4t\"],\"inLanguage\":\"de\"},{\"@type\":\"WebPage\",\"@id\":\"https:\/\/www.sonnenseite.com\/de\/mobilitaet\/europa-studie-jeder-dritte-erwaegt-aktuell-kauf-eines-e-autos\/\",\"url\":\"https:\/\/www.sonnenseite.com\/de\/mobilitaet\/europa-studie-jeder-dritte-erwaegt-aktuell-kauf-eines-e-autos\/\",\"name\":\"Europa-Studie: Jeder Dritte erw\u00e4gt aktuell Kauf eines E-Autos - Sonnenseite - \u00d6kologische Kommunikation mit Franz Alt\",\"isPartOf\":{\"@id\":\"https:\/\/www.sonnenseite.com\/de\/#website\"},\"primaryImageOfPage\":{\"@id\":\"https:\/\/www.sonnenseite.com\/de\/mobilitaet\/europa-studie-jeder-dritte-erwaegt-aktuell-kauf-eines-e-autos\/#primaryimage\"},\"image\":{\"@id\":\"https:\/\/www.sonnenseite.com\/de\/mobilitaet\/europa-studie-jeder-dritte-erwaegt-aktuell-kauf-eines-e-autos\/#primaryimage\"},\"thumbnailUrl\":\"https:\/\/www.sonnenseite.com\/wp-content\/uploads\/2019\/12\/Elektroauto_laden_Scharfsinn.jpg\",\"datePublished\":\"2021-09-24T00:30:00+00:00\",\"description\":\"Noch bestehende Unsicherheit bei Alltagstauglichkeit und Ladekapazit\u00e4ten verringern Chancen von Stromern. Die F\u00f6rderung der Elektromobilit\u00e4t gilt als\",\"breadcrumb\":{\"@id\":\"https:\/\/www.sonnenseite.com\/de\/mobilitaet\/europa-studie-jeder-dritte-erwaegt-aktuell-kauf-eines-e-autos\/#breadcrumb\"},\"inLanguage\":\"de\",\"potentialAction\":[{\"@type\":\"ReadAction\",\"target\":[\"https:\/\/www.sonnenseite.com\/de\/mobilitaet\/europa-studie-jeder-dritte-erwaegt-aktuell-kauf-eines-e-autos\/\"]}]},{\"@type\":\"ImageObject\",\"inLanguage\":\"de\",\"@id\":\"https:\/\/www.sonnenseite.com\/de\/mobilitaet\/europa-studie-jeder-dritte-erwaegt-aktuell-kauf-eines-e-autos\/#primaryimage\",\"url\":\"https:\/\/www.sonnenseite.com\/wp-content\/uploads\/2019\/12\/Elektroauto_laden_Scharfsinn.jpg\",\"contentUrl\":\"https:\/\/www.sonnenseite.com\/wp-content\/uploads\/2019\/12\/Elektroauto_laden_Scharfsinn.jpg\",\"width\":770,\"height\":420,\"caption\":\"Depositphotos | Scharfsinn | Symbolbild\"},{\"@type\":\"BreadcrumbList\",\"@id\":\"https:\/\/www.sonnenseite.com\/de\/mobilitaet\/europa-studie-jeder-dritte-erwaegt-aktuell-kauf-eines-e-autos\/#breadcrumb\",\"itemListElement\":[{\"@type\":\"ListItem\",\"position\":1,\"name\":\"Startseite\",\"item\":\"https:\/\/www.sonnenseite.com\/de\/\"},{\"@type\":\"ListItem\",\"position\":2,\"name\":\"Europa-Studie: Jeder Dritte erw\u00e4gt aktuell Kauf eines E-Autos\"}]},{\"@type\":\"WebSite\",\"@id\":\"https:\/\/www.sonnenseite.com\/de\/#website\",\"url\":\"https:\/\/www.sonnenseite.com\/de\/\",\"name\":\"Sonnenseite\",\"description\":\"\u00d6kologische Kommunikation mit Franz Alt\",\"publisher\":{\"@id\":\"https:\/\/www.sonnenseite.com\/de\/#organization\"},\"potentialAction\":[{\"@type\":\"SearchAction\",\"target\":{\"@type\":\"EntryPoint\",\"urlTemplate\":\"https:\/\/www.sonnenseite.com\/de\/?s={search_term_string}\"},\"query-input\":{\"@type\":\"PropertyValueSpecification\",\"valueRequired\":true,\"valueName\":\"search_term_string\"}}],\"inLanguage\":\"de\"},{\"@type\":\"Organization\",\"@id\":\"https:\/\/www.sonnenseite.com\/de\/#organization\",\"name\":\"Sonnenseite\",\"url\":\"https:\/\/www.sonnenseite.com\/de\/\",\"logo\":{\"@type\":\"ImageObject\",\"inLanguage\":\"de\",\"@id\":\"https:\/\/www.sonnenseite.com\/de\/#\/schema\/logo\/image\/\",\"url\":\"https:\/\/www.sonnenseite.com\/wp-content\/uploads\/2020\/05\/Sonnenseite_Logo.png\",\"contentUrl\":\"https:\/\/www.sonnenseite.com\/wp-content\/uploads\/2020\/05\/Sonnenseite_Logo.png\",\"width\":377,\"height\":90,\"caption\":\"Sonnenseite\"},\"image\":{\"@id\":\"https:\/\/www.sonnenseite.com\/de\/#\/schema\/logo\/image\/\"},\"sameAs\":[\"https:\/\/www.facebook.com\/pages\/Franz-Alt-SONNENSEITECOM\/221072987903953?fref=ts\",\"https:\/\/x.com\/franzalt\",\"http:\/\/www.youtube.com\/results?search_query&amp;amp;quot;franz_alt&amp;amp;quot;&amp;amp;amp;amp;search_type&amp;amp;amp;amp;aq=f\"]},{\"@type\":\"Person\",\"@id\":\"https:\/\/www.sonnenseite.com\/de\/#\/schema\/person\/50fda0e926597684c7cc6695238a4eb9\",\"name\":\"Bigi Alt\"}]}<\/script>\n<!-- \/ Yoast SEO plugin. -->","yoast_head_json":{"title":"Europa-Studie: Jeder Dritte erw\u00e4gt aktuell Kauf eines E-Autos - Sonnenseite - \u00d6kologische Kommunikation mit Franz Alt","description":"Noch bestehende Unsicherheit bei Alltagstauglichkeit und Ladekapazit\u00e4ten verringern Chancen von Stromern. Die F\u00f6rderung der Elektromobilit\u00e4t gilt als","robots":{"index":"index","follow":"follow","max-snippet":"max-snippet:-1","max-image-preview":"max-image-preview:large","max-video-preview":"max-video-preview:-1"},"canonical":"https:\/\/www.sonnenseite.com\/de\/mobilitaet\/europa-studie-jeder-dritte-erwaegt-aktuell-kauf-eines-e-autos\/","og_locale":"de_DE","og_type":"article","og_title":"Europa-Studie: Jeder Dritte erw\u00e4gt aktuell Kauf eines E-Autos - Sonnenseite - \u00d6kologische Kommunikation mit Franz Alt","og_description":"Noch bestehende Unsicherheit bei Alltagstauglichkeit und Ladekapazit\u00e4ten verringern Chancen von Stromern. Die F\u00f6rderung der Elektromobilit\u00e4t gilt als","og_url":"https:\/\/www.sonnenseite.com\/de\/mobilitaet\/europa-studie-jeder-dritte-erwaegt-aktuell-kauf-eines-e-autos\/","og_site_name":"Sonnenseite","article_publisher":"https:\/\/www.facebook.com\/pages\/Franz-Alt-SONNENSEITECOM\/221072987903953?fref=ts","article_published_time":"2021-09-24T00:30:00+00:00","og_image":[{"width":770,"height":420,"url":"https:\/\/www.sonnenseite.com\/wp-content\/uploads\/2019\/12\/Elektroauto_laden_Scharfsinn.jpg","type":"image\/jpeg"}],"author":"Bigi Alt","twitter_card":"summary_large_image","twitter_creator":"@franzalt","twitter_site":"@franzalt","twitter_misc":{"Verfasst von":"Bigi Alt","Gesch\u00e4tzte Lesezeit":"5\u00a0Minuten"},"schema":{"@context":"https:\/\/schema.org","@graph":[{"@type":"Article","@id":"https:\/\/www.sonnenseite.com\/de\/mobilitaet\/europa-studie-jeder-dritte-erwaegt-aktuell-kauf-eines-e-autos\/#article","isPartOf":{"@id":"https:\/\/www.sonnenseite.com\/de\/mobilitaet\/europa-studie-jeder-dritte-erwaegt-aktuell-kauf-eines-e-autos\/"},"author":{"name":"Bigi Alt","@id":"https:\/\/www.sonnenseite.com\/de\/#\/schema\/person\/50fda0e926597684c7cc6695238a4eb9"},"headline":"Europa-Studie: Jeder Dritte erw\u00e4gt aktuell Kauf eines E-Autos","datePublished":"2021-09-24T00:30:00+00:00","mainEntityOfPage":{"@id":"https:\/\/www.sonnenseite.com\/de\/mobilitaet\/europa-studie-jeder-dritte-erwaegt-aktuell-kauf-eines-e-autos\/"},"wordCount":963,"publisher":{"@id":"https:\/\/www.sonnenseite.com\/de\/#organization"},"image":{"@id":"https:\/\/www.sonnenseite.com\/de\/mobilitaet\/europa-studie-jeder-dritte-erwaegt-aktuell-kauf-eines-e-autos\/#primaryimage"},"thumbnailUrl":"https:\/\/www.sonnenseite.com\/wp-content\/uploads\/2019\/12\/Elektroauto_laden_Scharfsinn.jpg","articleSection":["Mobilit\u00e4t"],"inLanguage":"de"},{"@type":"WebPage","@id":"https:\/\/www.sonnenseite.com\/de\/mobilitaet\/europa-studie-jeder-dritte-erwaegt-aktuell-kauf-eines-e-autos\/","url":"https:\/\/www.sonnenseite.com\/de\/mobilitaet\/europa-studie-jeder-dritte-erwaegt-aktuell-kauf-eines-e-autos\/","name":"Europa-Studie: Jeder Dritte erw\u00e4gt aktuell Kauf eines E-Autos - Sonnenseite - \u00d6kologische Kommunikation mit Franz Alt","isPartOf":{"@id":"https:\/\/www.sonnenseite.com\/de\/#website"},"primaryImageOfPage":{"@id":"https:\/\/www.sonnenseite.com\/de\/mobilitaet\/europa-studie-jeder-dritte-erwaegt-aktuell-kauf-eines-e-autos\/#primaryimage"},"image":{"@id":"https:\/\/www.sonnenseite.com\/de\/mobilitaet\/europa-studie-jeder-dritte-erwaegt-aktuell-kauf-eines-e-autos\/#primaryimage"},"thumbnailUrl":"https:\/\/www.sonnenseite.com\/wp-content\/uploads\/2019\/12\/Elektroauto_laden_Scharfsinn.jpg","datePublished":"2021-09-24T00:30:00+00:00","description":"Noch bestehende Unsicherheit bei Alltagstauglichkeit und Ladekapazit\u00e4ten verringern Chancen von Stromern. Die F\u00f6rderung der Elektromobilit\u00e4t gilt als","breadcrumb":{"@id":"https:\/\/www.sonnenseite.com\/de\/mobilitaet\/europa-studie-jeder-dritte-erwaegt-aktuell-kauf-eines-e-autos\/#breadcrumb"},"inLanguage":"de","potentialAction":[{"@type":"ReadAction","target":["https:\/\/www.sonnenseite.com\/de\/mobilitaet\/europa-studie-jeder-dritte-erwaegt-aktuell-kauf-eines-e-autos\/"]}]},{"@type":"ImageObject","inLanguage":"de","@id":"https:\/\/www.sonnenseite.com\/de\/mobilitaet\/europa-studie-jeder-dritte-erwaegt-aktuell-kauf-eines-e-autos\/#primaryimage","url":"https:\/\/www.sonnenseite.com\/wp-content\/uploads\/2019\/12\/Elektroauto_laden_Scharfsinn.jpg","contentUrl":"https:\/\/www.sonnenseite.com\/wp-content\/uploads\/2019\/12\/Elektroauto_laden_Scharfsinn.jpg","width":770,"height":420,"caption":"Depositphotos | Scharfsinn | Symbolbild"},{"@type":"BreadcrumbList","@id":"https:\/\/www.sonnenseite.com\/de\/mobilitaet\/europa-studie-jeder-dritte-erwaegt-aktuell-kauf-eines-e-autos\/#breadcrumb","itemListElement":[{"@type":"ListItem","position":1,"name":"Startseite","item":"https:\/\/www.sonnenseite.com\/de\/"},{"@type":"ListItem","position":2,"name":"Europa-Studie: Jeder Dritte erw\u00e4gt aktuell Kauf eines E-Autos"}]},{"@type":"WebSite","@id":"https:\/\/www.sonnenseite.com\/de\/#website","url":"https:\/\/www.sonnenseite.com\/de\/","name":"Sonnenseite","description":"\u00d6kologische Kommunikation mit Franz Alt","publisher":{"@id":"https:\/\/www.sonnenseite.com\/de\/#organization"},"potentialAction":[{"@type":"SearchAction","target":{"@type":"EntryPoint","urlTemplate":"https:\/\/www.sonnenseite.com\/de\/?s={search_term_string}"},"query-input":{"@type":"PropertyValueSpecification","valueRequired":true,"valueName":"search_term_string"}}],"inLanguage":"de"},{"@type":"Organization","@id":"https:\/\/www.sonnenseite.com\/de\/#organization","name":"Sonnenseite","url":"https:\/\/www.sonnenseite.com\/de\/","logo":{"@type":"ImageObject","inLanguage":"de","@id":"https:\/\/www.sonnenseite.com\/de\/#\/schema\/logo\/image\/","url":"https:\/\/www.sonnenseite.com\/wp-content\/uploads\/2020\/05\/Sonnenseite_Logo.png","contentUrl":"https:\/\/www.sonnenseite.com\/wp-content\/uploads\/2020\/05\/Sonnenseite_Logo.png","width":377,"height":90,"caption":"Sonnenseite"},"image":{"@id":"https:\/\/www.sonnenseite.com\/de\/#\/schema\/logo\/image\/"},"sameAs":["https:\/\/www.facebook.com\/pages\/Franz-Alt-SONNENSEITECOM\/221072987903953?fref=ts","https:\/\/x.com\/franzalt","http:\/\/www.youtube.com\/results?search_query&amp;amp;quot;franz_alt&amp;amp;quot;&amp;amp;amp;amp;search_type&amp;amp;amp;amp;aq=f"]},{"@type":"Person","@id":"https:\/\/www.sonnenseite.com\/de\/#\/schema\/person\/50fda0e926597684c7cc6695238a4eb9","name":"Bigi Alt"}]}},"_links":{"self":[{"href":"https:\/\/www.sonnenseite.com\/de\/wp-json\/wp\/v2\/posts\/75156","targetHints":{"allow":["GET"]}}],"collection":[{"href":"https:\/\/www.sonnenseite.com\/de\/wp-json\/wp\/v2\/posts"}],"about":[{"href":"https:\/\/www.sonnenseite.com\/de\/wp-json\/wp\/v2\/types\/post"}],"author":[{"embeddable":true,"href":"https:\/\/www.sonnenseite.com\/de\/wp-json\/wp\/v2\/users\/3"}],"replies":[{"embeddable":true,"href":"https:\/\/www.sonnenseite.com\/de\/wp-json\/wp\/v2\/comments?post=75156"}],"version-history":[{"count":3,"href":"https:\/\/www.sonnenseite.com\/de\/wp-json\/wp\/v2\/posts\/75156\/revisions"}],"predecessor-version":[{"id":75159,"href":"https:\/\/www.sonnenseite.com\/de\/wp-json\/wp\/v2\/posts\/75156\/revisions\/75159"}],"wp:featuredmedia":[{"embeddable":true,"href":"https:\/\/www.sonnenseite.com\/de\/wp-json\/wp\/v2\/media\/4646"}],"wp:attachment":[{"href":"https:\/\/www.sonnenseite.com\/de\/wp-json\/wp\/v2\/media?parent=75156"}],"wp:term":[{"taxonomy":"category","embeddable":true,"href":"https:\/\/www.sonnenseite.com\/de\/wp-json\/wp\/v2\/categories?post=75156"},{"taxonomy":"post_tag","embeddable":true,"href":"https:\/\/www.sonnenseite.com\/de\/wp-json\/wp\/v2\/tags?post=75156"}],"curies":[{"name":"wp","href":"https:\/\/api.w.org\/{rel}","templated":true}]}}