{"id":75194,"date":"2021-09-24T11:39:29","date_gmt":"2021-09-24T09:39:29","guid":{"rendered":"https:\/\/www.sonnenseite.com\/?p=75194"},"modified":"2021-09-28T11:56:50","modified_gmt":"2021-09-28T09:56:50","slug":"oekozid-muss-endlich-zum-verbrechen-gemacht-werden-international","status":"publish","type":"post","link":"https:\/\/www.sonnenseite.com\/de\/politik\/oekozid-muss-endlich-zum-verbrechen-gemacht-werden-international\/","title":{"rendered":"\u00d6KOZID muss endlich zum Verbrechen gemacht werden \u2013 international!"},"content":{"rendered":"\n<p>Wer einen Menschen t\u00f6tet, muss ins Gef\u00e4ngnis. Wer die Lebensgrundlagen von Millionen Menschen zerst\u00f6rt, geht straffrei aus. <\/p>\n\n\n\n<p>Die Rodung des Regenwaldes, die \u00dcberfischung der Meere, die lokale massive Umweltzerst\u00f6rung bei der Ausbeutung der Kohle-, Erd\u00f6l-, Uran- und Erdgasvorkommen, die massive Aufheizung der Erde: Seit Jahrzehnten wird weltweit \u00d6kozid begangen, ohne Konsequenzen f\u00fcr die Verantwortlichen. Das muss sich endlich \u00e4ndern! Mit der Aufnahme von \u00d6kozid in das internationale Strafrecht wird festgelegt, was zul\u00e4ssig ist und was nicht.<\/p>\n\n\n\n<p>Mit dem Begriff \u201a\u00d6kozid\u2018 werden Verbrechen bezeichnet, die mit Ausbeutung und Zerst\u00f6rung von Natur- und menschlichen Lebensr\u00e4umen zusammenh\u00e4ngen. So z.B. die Verseuchung von Teilen des Nigerdeltas durch die \u00d6lmultis; die Verseuchung von gro\u00dfen K\u00fcstenlinien nach einem \u00d6ltankerunfall; die radioaktive Verseuchung ganzer Landstriche beim Uranbergbau oder bei Atomunf\u00e4llen wie in Fukushima oder Tschernobyl; die Brandrodung von W\u00e4ldern und die damit verbundene Vertreibung von indigenen V\u00f6lkern. Solche Verbrechen sind oftmals das Ergebnis einer grob fahrl\u00e4ssigen oder sogar bewussten Missachtung von Sicherheitsvorkehrungen. Sie sind aber noch kein Tatbestand einer internationalen Gerichtsverfolgung und Bestrafung. Genau das muss sich \u00e4ndern, wenn wir die Lebensgrundlagen der Menschheit f\u00fcr die n\u00e4chsten Generationen erhalten wollen.<\/p>\n\n\n\n<p>Die Schaffung einer pers\u00f6nlichen, individuellen, strafrechtlichen Verantwortung f\u00fcr wichtige Entscheidungstr\u00e4ger:innen ist daher ein zentrales Element im Umgang mit der gegenw\u00e4rtigen gr\u00f6\u00dften Herausforderung in der Menschheitsgeschichte: der globalen Klima-, Biodiversit\u00e4ts- und Umweltkrise. Wenn Unternehmensf\u00fchrer und Staatenlenker f\u00fcr ihre Entscheidungen zur Rechenschaft gezogen w\u00fcrden \u2013 auch Jahre sp\u00e4ter und egal wo auf der Welt sie sich aufhalten \u2013 dann w\u00fcrden ihre Entscheidungen sicher ganz anders ausfallen.<\/p>\n\n\n\n<p>Auch Papst Franziskus, Bischof von Rom und Oberhaupt der katholischen Kirche forderte:&nbsp;\u201eUnter \u201a\u00d6kozid\u2018 sollten wir den Verlust, die Besch\u00e4digung und Zerst\u00f6rung von \u00d6kosystemen eines bestimmten Gebietes verstehen, sodass deren Nutzung durch die Bewohner stark beeintr\u00e4chtigt wurde oder werden k\u00f6nnte. Dies ist eine f\u00fcnfte Kategorie der Verbrechen gegen den Frieden, die von der internationalen Gemeinschaft als solche anerkannt werden sollte.\u201c<\/p>\n\n\n\n<p>Die <a href=\"https:\/\/www.stopecocide.de\/\">Stop Ecocide Foundation<\/a> ist im Gange das m\u00e4chtigste Rechtsdokument der Welt \u2013 das R\u00f6mische Statut des Internationalen Strafgerichtshofs \u2013 zu \u00e4ndern, um den \u00d6kozid, neben V\u00f6lkermord, Kriegsverbrechen und Verbrechen gegen die Menschlichkeit, international strafbar zu machen. Diese Initiative verdient besondere Unterst\u00fctzung, denn der Internationale Strafgerichtshof (IStGH) ist der einzige globale Mechanismus, der unmittelbar auf die Justizsysteme seiner 123 Mitgliedstaaten zugreift. Dadurch wird eine einheitliche Regelung \u00fcber alle Gerichtsbarkeiten hinweg geschaffen und eine grundlegende \u00c4nderung des weltweiten Wirtschaftssystems m\u00f6glich.<\/p>\n\n\n\n<p>Die Kriminalisierung von \u00d6kozid macht schwere Sch\u00e4den an der Natur juristisch und moralisch inakzeptabel und verhindert, dass Finanzmittel in Praktiken flie\u00dfen, die \u00d6kosysteme zerst\u00f6ren. Das stimuliert Innovationen in allen Sektoren der sauberen Technologien \u2013 z.B. im Bereich der erneuerbaren Energien.<\/p>\n\n\n\n<p>\u201e\u00d6kozid durch internationales Strafrecht zu stoppen, ist \u00fcberlebenswichtig f\u00fcr unsere Kulturen und Volkswirtschaften und entscheidend, um die globalen \u00d6kosysteme mit ihrer Artenvielfalt als kollektive Lebensversicherung der Menschheit zu erhalten\u201c, betont die ehemalige finnische Pr\u00e4sidentin Tarja Halonen.<\/p>\n\n\n\n<p>Dementsprechend findet die Stop-Ecocide-Kampagne <a href=\"https:\/\/www.stopecocide.de\/federfuehrende-staaten\">zunehmend Unterst\u00fctzung<\/a>: In Bangladesch, Belgien, Bolivien, Brasilien, Chile, Finnland, Frankreich, Kanada, Luxemburg, den Malediven, den Niederlanden, Schottland, Schweden, Spanien, Vanuatu und dem Vereinigten K\u00f6nigreich sowie beim Europ\u00e4ischen Parlament, dem Nordischen Rat und der Interparlamentarischen Union ist das Interesse an einer Kriminalisierung von \u00d6kozid bereits auf Parlaments- und\/oder Regierungsebene angekommen. <a href=\"https:\/\/www.stopecocide.de\/unterstuetzer-innen-des-oekozid-gesetzes\">Prominente Pers\u00f6nlichkeiten<\/a> wie UN-Generalsekret\u00e4r Ant\u00f3nio Guterres oder Greta Thunberg unterst\u00fctzen den Vorsto\u00df, \u00d6kozid als internationales Verbrechen anzuerkennen.<\/p>\n\n\n\n<div class=\"wp-block-image\"><figure class=\"aligncenter size-full is-resized\"><img loading=\"lazy\" decoding=\"async\" src=\"https:\/\/www.sonnenseite.com\/wp-content\/uploads\/2021\/09\/stopecocide_2021.jpg\" alt=\"\" class=\"wp-image-75198\" width=\"578\" height=\"315\" srcset=\"https:\/\/www.sonnenseite.com\/wp-content\/uploads\/2021\/09\/stopecocide_2021.jpg 770w, https:\/\/www.sonnenseite.com\/wp-content\/uploads\/2021\/09\/stopecocide_2021-300x164.jpg 300w, https:\/\/www.sonnenseite.com\/wp-content\/uploads\/2021\/09\/stopecocide_2021-768x419.jpg 768w\" sizes=\"auto, (max-width: 578px) 100vw, 578px\" \/><figcaption>\u00a9 stopecocide.de<\/figcaption><\/figure><\/div>\n\n\n\n<p>Ein internationales juristisches Top-Team hat auf Einladung der Stop Ecocide Foundation eine solide <a href=\"https:\/\/www.stopecocide.de\/legaldefinition\">Legaldefinition von \u00d6kozid<\/a> entworfen. Demnach sollen alle Handlungen strafbar werden, die mit dem Wissen begangen werden, dass dadurch eine erhebliche Wahrscheinlichkeit schwerer und entweder weitreichender oder langfristiger Sch\u00e4den an der Umwelt besteht \u2013 explizit unabh\u00e4ngig davon, ob dadurch auch Menschen zu Schaden kommen. Dieser Meilenstein der Rechtsgeschichte sollte nun m\u00f6glichst schnell von den IStGH-Mitgliedstaaten beraten werden \u2013 und dabei spielt Deutschland als eine der wichtigsten Wirtschaftsnationen eine entscheidende Rolle.<\/p>\n\n\n\n<p>Der neue Bundestag und die neue deutsche Bundesregierung sollten sich schnellstm\u00f6glich f\u00fcr die Anerkennung von \u00d6kozid als internationales Verbrechen und f\u00fcr die \u00c4nderung des R\u00f6mischen Statuts aussprechen. Und wir alle m\u00fcssen uns fragen, was wir pers\u00f6nlich tun k\u00f6nnen, um diese bahnbrechende Idee zu unterst\u00fctzen. <\/p>\n\n\n\n<ul class=\"wp-block-list\"><li>Das <a href=\"https:\/\/www.stopecocide.de\/unterzeichne-die-internationale-petition\">Unterschreiben der internationalen Petition<\/a> ist auf jeden Fall ein guter Anfang!<\/li><\/ul>\n\n\n<h5 class=\"green\">Quelle<\/h5>\r\n\n\n\n<p><a href=\"http:\/\/www.hans-josef-fell.de\" target=\"_blank\" rel=\"noreferrer noopener\">Hans-Josef Fell 2021<\/a> |\u00a0<a href=\"http:\/\/energywatchgroup.org\/\" target=\"_blank\" rel=\"noreferrer noopener\">Pr\u00e4sident der Energy Watch Group (EWG) und Autor des EEG<\/a><\/p>\n<div class=\"shariff shariff-align-flex-start shariff-widget-align-flex-start\"><div class=\"ShariffHeadline\">Diese Meldung teilen<\/div><ul class=\"shariff-buttons theme-round orientation-horizontal buttonsize-medium\"><li class=\"shariff-button facebook shariff-nocustomcolor\" style=\"background-color:#4273c8;border-radius:1%\"><a href=\"https:\/\/www.facebook.com\/sharer\/sharer.php?u=https%3A%2F%2Fwww.sonnenseite.com%2Fde%2Fpolitik%2Foekozid-muss-endlich-zum-verbrechen-gemacht-werden-international%2F\" title=\"Bei Facebook teilen\" aria-label=\"Bei Facebook teilen\" role=\"button\" rel=\"nofollow\" class=\"shariff-link\" style=\";border-radius:1%; background-color:#3b5998; color:#fff\" target=\"_blank\"><span class=\"shariff-icon\" style=\"\"><svg width=\"32px\" height=\"20px\" xmlns=\"http:\/\/www.w3.org\/2000\/svg\" viewBox=\"0 0 18 32\"><path fill=\"#3b5998\" d=\"M17.1 0.2v4.7h-2.8q-1.5 0-2.1 0.6t-0.5 1.9v3.4h5.2l-0.7 5.3h-4.5v13.6h-5.5v-13.6h-4.5v-5.3h4.5v-3.9q0-3.3 1.9-5.2t5-1.8q2.6 0 4.1 0.2z\"\/><\/svg><\/span><\/a><\/li><li class=\"shariff-button twitter shariff-nocustomcolor\" style=\"background-color:#595959;border-radius:1%\"><a href=\"https:\/\/twitter.com\/share?url=https%3A%2F%2Fwww.sonnenseite.com%2Fde%2Fpolitik%2Foekozid-muss-endlich-zum-verbrechen-gemacht-werden-international%2F&text=%C3%96KOZID%20muss%20endlich%20zum%20Verbrechen%20gemacht%20werden%20%E2%80%93%20international%21\" title=\"Bei X teilen\" aria-label=\"Bei X teilen\" role=\"button\" rel=\"noopener nofollow\" class=\"shariff-link\" style=\";border-radius:1%; background-color:#000; color:#fff\" target=\"_blank\"><span class=\"shariff-icon\" style=\"\"><svg width=\"32px\" height=\"20px\" xmlns=\"http:\/\/www.w3.org\/2000\/svg\" viewBox=\"0 0 24 24\"><path fill=\"#000\" d=\"M14.258 10.152L23.176 0h-2.113l-7.747 8.813L7.133 0H0l9.352 13.328L0 23.973h2.113l8.176-9.309 6.531 9.309h7.133zm-2.895 3.293l-.949-1.328L2.875 1.56h3.246l6.086 8.523.945 1.328 7.91 11.078h-3.246zm0 0\"\/><\/svg><\/span><\/a><\/li><li class=\"shariff-button xing shariff-nocustomcolor\" style=\"background-color:#29888a;border-radius:1%\"><a href=\"https:\/\/www.xing.com\/spi\/shares\/new?url=https%3A%2F%2Fwww.sonnenseite.com%2Fde%2Fpolitik%2Foekozid-muss-endlich-zum-verbrechen-gemacht-werden-international%2F\" title=\"Bei XING teilen\" aria-label=\"Bei XING teilen\" role=\"button\" rel=\"noopener nofollow\" class=\"shariff-link\" style=\";border-radius:1%; background-color:#126567; color:#fff\" target=\"_blank\"><span class=\"shariff-icon\" style=\"\"><svg width=\"32px\" height=\"20px\" xmlns=\"http:\/\/www.w3.org\/2000\/svg\" viewBox=\"0 0 25 32\"><path fill=\"#126567\" d=\"M10.7 11.9q-0.2 0.3-4.6 8.2-0.5 0.8-1.2 0.8h-4.3q-0.4 0-0.5-0.3t0-0.6l4.5-8q0 0 0 0l-2.9-5q-0.2-0.4 0-0.7 0.2-0.3 0.5-0.3h4.3q0.7 0 1.2 0.8zM25.1 0.4q0.2 0.3 0 0.7l-9.4 16.7 6 11q0.2 0.4 0 0.6-0.2 0.3-0.6 0.3h-4.3q-0.7 0-1.2-0.8l-6-11.1q0.3-0.6 9.5-16.8 0.4-0.8 1.2-0.8h4.3q0.4 0 0.5 0.3z\"\/><\/svg><\/span><\/a><\/li><li class=\"shariff-button linkedin shariff-nocustomcolor\" style=\"background-color:#1488bf;border-radius:1%\"><a href=\"https:\/\/www.linkedin.com\/sharing\/share-offsite\/?url=https%3A%2F%2Fwww.sonnenseite.com%2Fde%2Fpolitik%2Foekozid-muss-endlich-zum-verbrechen-gemacht-werden-international%2F\" title=\"Bei LinkedIn teilen\" aria-label=\"Bei LinkedIn teilen\" role=\"button\" rel=\"noopener nofollow\" class=\"shariff-link\" style=\";border-radius:1%; background-color:#0077b5; color:#fff\" target=\"_blank\"><span class=\"shariff-icon\" style=\"\"><svg width=\"32px\" height=\"20px\" xmlns=\"http:\/\/www.w3.org\/2000\/svg\" viewBox=\"0 0 27 32\"><path fill=\"#0077b5\" d=\"M6.2 11.2v17.7h-5.9v-17.7h5.9zM6.6 5.7q0 1.3-0.9 2.2t-2.4 0.9h0q-1.5 0-2.4-0.9t-0.9-2.2 0.9-2.2 2.4-0.9 2.4 0.9 0.9 2.2zM27.4 18.7v10.1h-5.9v-9.5q0-1.9-0.7-2.9t-2.3-1.1q-1.1 0-1.9 0.6t-1.2 1.5q-0.2 0.5-0.2 1.4v9.9h-5.9q0-7.1 0-11.6t0-5.3l0-0.9h5.9v2.6h0q0.4-0.6 0.7-1t1-0.9 1.6-0.8 2-0.3q3 0 4.9 2t1.9 6z\"\/><\/svg><\/span><\/a><\/li><li class=\"shariff-button printer shariff-nocustomcolor\" style=\"background-color:#a8a8a8;border-radius:1%\"><a href=\"javascript:window.print()\" title=\"drucken\" aria-label=\"drucken\" role=\"button\" rel=\"noopener nofollow\" class=\"shariff-link\" style=\";border-radius:1%; background-color:#999; color:#fff\"><span class=\"shariff-icon\" style=\"\"><svg width=\"32px\" height=\"20px\" xmlns=\"http:\/\/www.w3.org\/2000\/svg\" viewBox=\"0 0 30 32\"><path fill=\"#999\" d=\"M6.8 27.4h16v-4.6h-16v4.6zM6.8 16h16v-6.8h-2.8q-0.7 0-1.2-0.5t-0.5-1.2v-2.8h-11.4v11.4zM27.4 17.2q0-0.5-0.3-0.8t-0.8-0.4-0.8 0.4-0.3 0.8 0.3 0.8 0.8 0.3 0.8-0.3 0.3-0.8zM29.7 17.2v7.4q0 0.2-0.2 0.4t-0.4 0.2h-4v2.8q0 0.7-0.5 1.2t-1.2 0.5h-17.2q-0.7 0-1.2-0.5t-0.5-1.2v-2.8h-4q-0.2 0-0.4-0.2t-0.2-0.4v-7.4q0-1.4 1-2.4t2.4-1h1.2v-9.7q0-0.7 0.5-1.2t1.2-0.5h12q0.7 0 1.6 0.4t1.3 0.8l2.7 2.7q0.5 0.5 0.9 1.4t0.4 1.6v4.6h1.1q1.4 0 2.4 1t1 2.4z\"\/><\/svg><\/span><\/a><\/li><li class=\"shariff-button mailto shariff-nocustomcolor\" style=\"background-color:#a8a8a8;border-radius:1%\"><a href=\"mailto:?body=https%3A%2F%2Fwww.sonnenseite.com%2Fde%2Fpolitik%2Foekozid-muss-endlich-zum-verbrechen-gemacht-werden-international%2F&subject=%C3%96KOZID%20muss%20endlich%20zum%20Verbrechen%20gemacht%20werden%20%E2%80%93%20international%21\" title=\"Per E-Mail versenden\" aria-label=\"Per E-Mail versenden\" role=\"button\" rel=\"noopener nofollow\" class=\"shariff-link\" style=\";border-radius:1%; background-color:#999; color:#fff\"><span class=\"shariff-icon\" style=\"\"><svg width=\"32px\" height=\"20px\" xmlns=\"http:\/\/www.w3.org\/2000\/svg\" viewBox=\"0 0 32 32\"><path fill=\"#999\" d=\"M32 12.7v14.2q0 1.2-0.8 2t-2 0.9h-26.3q-1.2 0-2-0.9t-0.8-2v-14.2q0.8 0.9 1.8 1.6 6.5 4.4 8.9 6.1 1 0.8 1.6 1.2t1.7 0.9 2 0.4h0.1q0.9 0 2-0.4t1.7-0.9 1.6-1.2q3-2.2 8.9-6.1 1-0.7 1.8-1.6zM32 7.4q0 1.4-0.9 2.7t-2.2 2.2q-6.7 4.7-8.4 5.8-0.2 0.1-0.7 0.5t-1 0.7-0.9 0.6-1.1 0.5-0.9 0.2h-0.1q-0.4 0-0.9-0.2t-1.1-0.5-0.9-0.6-1-0.7-0.7-0.5q-1.6-1.1-4.7-3.2t-3.6-2.6q-1.1-0.7-2.1-2t-1-2.5q0-1.4 0.7-2.3t2.1-0.9h26.3q1.2 0 2 0.8t0.9 2z\"\/><\/svg><\/span><\/a><\/li><\/ul><\/div>","protected":false},"excerpt":{"rendered":"<p>Wer einen Menschen t\u00f6tet, muss ins Gef\u00e4ngnis. Wer die Lebensgrundlagen von Millionen Menschen zerst\u00f6rt, geht straffrei [&hellip;]<\/p>\n","protected":false},"author":3,"featured_media":75196,"comment_status":"closed","ping_status":"closed","sticky":false,"template":"","format":"standard","meta":{"inline_featured_image":false,"footnotes":""},"categories":[21],"tags":[],"class_list":["post-75194","post","type-post","status-publish","format-standard","has-post-thumbnail","hentry","category-politik"],"yoast_head":"<!-- This site is optimized with the Yoast SEO plugin v26.5 - https:\/\/yoast.com\/wordpress\/plugins\/seo\/ -->\n<title>\u00d6KOZID muss endlich zum Verbrechen gemacht werden \u2013 international! - Sonnenseite - \u00d6kologische Kommunikation mit Franz Alt<\/title>\n<meta name=\"description\" content=\"Wer einen Menschen t\u00f6tet, muss ins Gef\u00e4ngnis. Wer die Lebensgrundlagen von Millionen Menschen zerst\u00f6rt, geht straffrei aus. Die Rodung des Regenwaldes,\" \/>\n<meta name=\"robots\" content=\"index, follow, max-snippet:-1, max-image-preview:large, max-video-preview:-1\" \/>\n<link rel=\"canonical\" href=\"https:\/\/www.sonnenseite.com\/de\/politik\/oekozid-muss-endlich-zum-verbrechen-gemacht-werden-international\/\" \/>\n<meta property=\"og:locale\" content=\"de_DE\" \/>\n<meta property=\"og:type\" content=\"article\" \/>\n<meta property=\"og:title\" content=\"\u00d6KOZID muss endlich zum Verbrechen gemacht werden \u2013 international! - Sonnenseite - \u00d6kologische Kommunikation mit Franz Alt\" \/>\n<meta property=\"og:description\" content=\"Wer einen Menschen t\u00f6tet, muss ins Gef\u00e4ngnis. Wer die Lebensgrundlagen von Millionen Menschen zerst\u00f6rt, geht straffrei aus. Die Rodung des Regenwaldes,\" \/>\n<meta property=\"og:url\" content=\"https:\/\/www.sonnenseite.com\/de\/politik\/oekozid-muss-endlich-zum-verbrechen-gemacht-werden-international\/\" \/>\n<meta property=\"og:site_name\" content=\"Sonnenseite\" \/>\n<meta property=\"article:publisher\" content=\"https:\/\/www.facebook.com\/pages\/Franz-Alt-SONNENSEITECOM\/221072987903953?fref=ts\" \/>\n<meta property=\"article:published_time\" content=\"2021-09-24T09:39:29+00:00\" \/>\n<meta property=\"article:modified_time\" content=\"2021-09-28T09:56:50+00:00\" \/>\n<meta property=\"og:image\" content=\"https:\/\/www.sonnenseite.com\/wp-content\/uploads\/2021\/09\/stopecocide-de_2021.jpg\" \/>\n\t<meta property=\"og:image:width\" content=\"770\" \/>\n\t<meta property=\"og:image:height\" content=\"420\" \/>\n\t<meta property=\"og:image:type\" content=\"image\/jpeg\" \/>\n<meta name=\"author\" content=\"Bigi Alt\" \/>\n<meta name=\"twitter:card\" content=\"summary_large_image\" \/>\n<meta name=\"twitter:creator\" content=\"@franzalt\" \/>\n<meta name=\"twitter:site\" content=\"@franzalt\" \/>\n<meta name=\"twitter:label1\" content=\"Verfasst von\" \/>\n\t<meta name=\"twitter:data1\" content=\"Bigi Alt\" \/>\n\t<meta name=\"twitter:label2\" content=\"Gesch\u00e4tzte Lesezeit\" \/>\n\t<meta name=\"twitter:data2\" content=\"4\u00a0Minuten\" \/>\n<script type=\"application\/ld+json\" class=\"yoast-schema-graph\">{\"@context\":\"https:\/\/schema.org\",\"@graph\":[{\"@type\":\"Article\",\"@id\":\"https:\/\/www.sonnenseite.com\/de\/politik\/oekozid-muss-endlich-zum-verbrechen-gemacht-werden-international\/#article\",\"isPartOf\":{\"@id\":\"https:\/\/www.sonnenseite.com\/de\/politik\/oekozid-muss-endlich-zum-verbrechen-gemacht-werden-international\/\"},\"author\":{\"name\":\"Bigi Alt\",\"@id\":\"https:\/\/www.sonnenseite.com\/de\/#\/schema\/person\/50fda0e926597684c7cc6695238a4eb9\"},\"headline\":\"\u00d6KOZID muss endlich zum Verbrechen gemacht werden \u2013 international!\",\"datePublished\":\"2021-09-24T09:39:29+00:00\",\"dateModified\":\"2021-09-28T09:56:50+00:00\",\"mainEntityOfPage\":{\"@id\":\"https:\/\/www.sonnenseite.com\/de\/politik\/oekozid-muss-endlich-zum-verbrechen-gemacht-werden-international\/\"},\"wordCount\":752,\"publisher\":{\"@id\":\"https:\/\/www.sonnenseite.com\/de\/#organization\"},\"image\":{\"@id\":\"https:\/\/www.sonnenseite.com\/de\/politik\/oekozid-muss-endlich-zum-verbrechen-gemacht-werden-international\/#primaryimage\"},\"thumbnailUrl\":\"https:\/\/www.sonnenseite.com\/wp-content\/uploads\/2021\/09\/stopecocide-de_2021.jpg\",\"articleSection\":[\"Politik\"],\"inLanguage\":\"de\"},{\"@type\":\"WebPage\",\"@id\":\"https:\/\/www.sonnenseite.com\/de\/politik\/oekozid-muss-endlich-zum-verbrechen-gemacht-werden-international\/\",\"url\":\"https:\/\/www.sonnenseite.com\/de\/politik\/oekozid-muss-endlich-zum-verbrechen-gemacht-werden-international\/\",\"name\":\"\u00d6KOZID muss endlich zum Verbrechen gemacht werden \u2013 international! - Sonnenseite - \u00d6kologische Kommunikation mit Franz Alt\",\"isPartOf\":{\"@id\":\"https:\/\/www.sonnenseite.com\/de\/#website\"},\"primaryImageOfPage\":{\"@id\":\"https:\/\/www.sonnenseite.com\/de\/politik\/oekozid-muss-endlich-zum-verbrechen-gemacht-werden-international\/#primaryimage\"},\"image\":{\"@id\":\"https:\/\/www.sonnenseite.com\/de\/politik\/oekozid-muss-endlich-zum-verbrechen-gemacht-werden-international\/#primaryimage\"},\"thumbnailUrl\":\"https:\/\/www.sonnenseite.com\/wp-content\/uploads\/2021\/09\/stopecocide-de_2021.jpg\",\"datePublished\":\"2021-09-24T09:39:29+00:00\",\"dateModified\":\"2021-09-28T09:56:50+00:00\",\"description\":\"Wer einen Menschen t\u00f6tet, muss ins Gef\u00e4ngnis. Wer die Lebensgrundlagen von Millionen Menschen zerst\u00f6rt, geht straffrei aus. Die Rodung des Regenwaldes,\",\"breadcrumb\":{\"@id\":\"https:\/\/www.sonnenseite.com\/de\/politik\/oekozid-muss-endlich-zum-verbrechen-gemacht-werden-international\/#breadcrumb\"},\"inLanguage\":\"de\",\"potentialAction\":[{\"@type\":\"ReadAction\",\"target\":[\"https:\/\/www.sonnenseite.com\/de\/politik\/oekozid-muss-endlich-zum-verbrechen-gemacht-werden-international\/\"]}]},{\"@type\":\"ImageObject\",\"inLanguage\":\"de\",\"@id\":\"https:\/\/www.sonnenseite.com\/de\/politik\/oekozid-muss-endlich-zum-verbrechen-gemacht-werden-international\/#primaryimage\",\"url\":\"https:\/\/www.sonnenseite.com\/wp-content\/uploads\/2021\/09\/stopecocide-de_2021.jpg\",\"contentUrl\":\"https:\/\/www.sonnenseite.com\/wp-content\/uploads\/2021\/09\/stopecocide-de_2021.jpg\",\"width\":770,\"height\":420,\"caption\":\"stopecocide.de 2021 | STOP ECOCIDE - \u00d6KOZID ist die massive Sch\u00e4digung und Zerst\u00f6rung von \u00d6kosystemen - schwere Sch\u00e4den an der Natur, die weitreichend oder langfristig sind. \u00d6KOZID, der \u00fcber Jahrzehnte hinweg wiederholt begangen wurde, hat zum Klima- und Umweltnotstand gef\u00fchrt, mit dem wir uns heute konfrontiert sehen.\"},{\"@type\":\"BreadcrumbList\",\"@id\":\"https:\/\/www.sonnenseite.com\/de\/politik\/oekozid-muss-endlich-zum-verbrechen-gemacht-werden-international\/#breadcrumb\",\"itemListElement\":[{\"@type\":\"ListItem\",\"position\":1,\"name\":\"Startseite\",\"item\":\"https:\/\/www.sonnenseite.com\/de\/\"},{\"@type\":\"ListItem\",\"position\":2,\"name\":\"\u00d6KOZID muss endlich zum Verbrechen gemacht werden \u2013 international!\"}]},{\"@type\":\"WebSite\",\"@id\":\"https:\/\/www.sonnenseite.com\/de\/#website\",\"url\":\"https:\/\/www.sonnenseite.com\/de\/\",\"name\":\"Sonnenseite\",\"description\":\"\u00d6kologische Kommunikation mit Franz Alt\",\"publisher\":{\"@id\":\"https:\/\/www.sonnenseite.com\/de\/#organization\"},\"potentialAction\":[{\"@type\":\"SearchAction\",\"target\":{\"@type\":\"EntryPoint\",\"urlTemplate\":\"https:\/\/www.sonnenseite.com\/de\/?s={search_term_string}\"},\"query-input\":{\"@type\":\"PropertyValueSpecification\",\"valueRequired\":true,\"valueName\":\"search_term_string\"}}],\"inLanguage\":\"de\"},{\"@type\":\"Organization\",\"@id\":\"https:\/\/www.sonnenseite.com\/de\/#organization\",\"name\":\"Sonnenseite\",\"url\":\"https:\/\/www.sonnenseite.com\/de\/\",\"logo\":{\"@type\":\"ImageObject\",\"inLanguage\":\"de\",\"@id\":\"https:\/\/www.sonnenseite.com\/de\/#\/schema\/logo\/image\/\",\"url\":\"https:\/\/www.sonnenseite.com\/wp-content\/uploads\/2020\/05\/Sonnenseite_Logo.png\",\"contentUrl\":\"https:\/\/www.sonnenseite.com\/wp-content\/uploads\/2020\/05\/Sonnenseite_Logo.png\",\"width\":377,\"height\":90,\"caption\":\"Sonnenseite\"},\"image\":{\"@id\":\"https:\/\/www.sonnenseite.com\/de\/#\/schema\/logo\/image\/\"},\"sameAs\":[\"https:\/\/www.facebook.com\/pages\/Franz-Alt-SONNENSEITECOM\/221072987903953?fref=ts\",\"https:\/\/x.com\/franzalt\",\"http:\/\/www.youtube.com\/results?search_query&amp;amp;quot;franz_alt&amp;amp;quot;&amp;amp;amp;amp;search_type&amp;amp;amp;amp;aq=f\"]},{\"@type\":\"Person\",\"@id\":\"https:\/\/www.sonnenseite.com\/de\/#\/schema\/person\/50fda0e926597684c7cc6695238a4eb9\",\"name\":\"Bigi Alt\"}]}<\/script>\n<!-- \/ Yoast SEO plugin. -->","yoast_head_json":{"title":"\u00d6KOZID muss endlich zum Verbrechen gemacht werden \u2013 international! - Sonnenseite - \u00d6kologische Kommunikation mit Franz Alt","description":"Wer einen Menschen t\u00f6tet, muss ins Gef\u00e4ngnis. Wer die Lebensgrundlagen von Millionen Menschen zerst\u00f6rt, geht straffrei aus. Die Rodung des Regenwaldes,","robots":{"index":"index","follow":"follow","max-snippet":"max-snippet:-1","max-image-preview":"max-image-preview:large","max-video-preview":"max-video-preview:-1"},"canonical":"https:\/\/www.sonnenseite.com\/de\/politik\/oekozid-muss-endlich-zum-verbrechen-gemacht-werden-international\/","og_locale":"de_DE","og_type":"article","og_title":"\u00d6KOZID muss endlich zum Verbrechen gemacht werden \u2013 international! - Sonnenseite - \u00d6kologische Kommunikation mit Franz Alt","og_description":"Wer einen Menschen t\u00f6tet, muss ins Gef\u00e4ngnis. Wer die Lebensgrundlagen von Millionen Menschen zerst\u00f6rt, geht straffrei aus. Die Rodung des Regenwaldes,","og_url":"https:\/\/www.sonnenseite.com\/de\/politik\/oekozid-muss-endlich-zum-verbrechen-gemacht-werden-international\/","og_site_name":"Sonnenseite","article_publisher":"https:\/\/www.facebook.com\/pages\/Franz-Alt-SONNENSEITECOM\/221072987903953?fref=ts","article_published_time":"2021-09-24T09:39:29+00:00","article_modified_time":"2021-09-28T09:56:50+00:00","og_image":[{"width":770,"height":420,"url":"https:\/\/www.sonnenseite.com\/wp-content\/uploads\/2021\/09\/stopecocide-de_2021.jpg","type":"image\/jpeg"}],"author":"Bigi Alt","twitter_card":"summary_large_image","twitter_creator":"@franzalt","twitter_site":"@franzalt","twitter_misc":{"Verfasst von":"Bigi Alt","Gesch\u00e4tzte Lesezeit":"4\u00a0Minuten"},"schema":{"@context":"https:\/\/schema.org","@graph":[{"@type":"Article","@id":"https:\/\/www.sonnenseite.com\/de\/politik\/oekozid-muss-endlich-zum-verbrechen-gemacht-werden-international\/#article","isPartOf":{"@id":"https:\/\/www.sonnenseite.com\/de\/politik\/oekozid-muss-endlich-zum-verbrechen-gemacht-werden-international\/"},"author":{"name":"Bigi Alt","@id":"https:\/\/www.sonnenseite.com\/de\/#\/schema\/person\/50fda0e926597684c7cc6695238a4eb9"},"headline":"\u00d6KOZID muss endlich zum Verbrechen gemacht werden \u2013 international!","datePublished":"2021-09-24T09:39:29+00:00","dateModified":"2021-09-28T09:56:50+00:00","mainEntityOfPage":{"@id":"https:\/\/www.sonnenseite.com\/de\/politik\/oekozid-muss-endlich-zum-verbrechen-gemacht-werden-international\/"},"wordCount":752,"publisher":{"@id":"https:\/\/www.sonnenseite.com\/de\/#organization"},"image":{"@id":"https:\/\/www.sonnenseite.com\/de\/politik\/oekozid-muss-endlich-zum-verbrechen-gemacht-werden-international\/#primaryimage"},"thumbnailUrl":"https:\/\/www.sonnenseite.com\/wp-content\/uploads\/2021\/09\/stopecocide-de_2021.jpg","articleSection":["Politik"],"inLanguage":"de"},{"@type":"WebPage","@id":"https:\/\/www.sonnenseite.com\/de\/politik\/oekozid-muss-endlich-zum-verbrechen-gemacht-werden-international\/","url":"https:\/\/www.sonnenseite.com\/de\/politik\/oekozid-muss-endlich-zum-verbrechen-gemacht-werden-international\/","name":"\u00d6KOZID muss endlich zum Verbrechen gemacht werden \u2013 international! - Sonnenseite - \u00d6kologische Kommunikation mit Franz Alt","isPartOf":{"@id":"https:\/\/www.sonnenseite.com\/de\/#website"},"primaryImageOfPage":{"@id":"https:\/\/www.sonnenseite.com\/de\/politik\/oekozid-muss-endlich-zum-verbrechen-gemacht-werden-international\/#primaryimage"},"image":{"@id":"https:\/\/www.sonnenseite.com\/de\/politik\/oekozid-muss-endlich-zum-verbrechen-gemacht-werden-international\/#primaryimage"},"thumbnailUrl":"https:\/\/www.sonnenseite.com\/wp-content\/uploads\/2021\/09\/stopecocide-de_2021.jpg","datePublished":"2021-09-24T09:39:29+00:00","dateModified":"2021-09-28T09:56:50+00:00","description":"Wer einen Menschen t\u00f6tet, muss ins Gef\u00e4ngnis. Wer die Lebensgrundlagen von Millionen Menschen zerst\u00f6rt, geht straffrei aus. Die Rodung des Regenwaldes,","breadcrumb":{"@id":"https:\/\/www.sonnenseite.com\/de\/politik\/oekozid-muss-endlich-zum-verbrechen-gemacht-werden-international\/#breadcrumb"},"inLanguage":"de","potentialAction":[{"@type":"ReadAction","target":["https:\/\/www.sonnenseite.com\/de\/politik\/oekozid-muss-endlich-zum-verbrechen-gemacht-werden-international\/"]}]},{"@type":"ImageObject","inLanguage":"de","@id":"https:\/\/www.sonnenseite.com\/de\/politik\/oekozid-muss-endlich-zum-verbrechen-gemacht-werden-international\/#primaryimage","url":"https:\/\/www.sonnenseite.com\/wp-content\/uploads\/2021\/09\/stopecocide-de_2021.jpg","contentUrl":"https:\/\/www.sonnenseite.com\/wp-content\/uploads\/2021\/09\/stopecocide-de_2021.jpg","width":770,"height":420,"caption":"stopecocide.de 2021 | STOP ECOCIDE - \u00d6KOZID ist die massive Sch\u00e4digung und Zerst\u00f6rung von \u00d6kosystemen - schwere Sch\u00e4den an der Natur, die weitreichend oder langfristig sind. \u00d6KOZID, der \u00fcber Jahrzehnte hinweg wiederholt begangen wurde, hat zum Klima- und Umweltnotstand gef\u00fchrt, mit dem wir uns heute konfrontiert sehen."},{"@type":"BreadcrumbList","@id":"https:\/\/www.sonnenseite.com\/de\/politik\/oekozid-muss-endlich-zum-verbrechen-gemacht-werden-international\/#breadcrumb","itemListElement":[{"@type":"ListItem","position":1,"name":"Startseite","item":"https:\/\/www.sonnenseite.com\/de\/"},{"@type":"ListItem","position":2,"name":"\u00d6KOZID muss endlich zum Verbrechen gemacht werden \u2013 international!"}]},{"@type":"WebSite","@id":"https:\/\/www.sonnenseite.com\/de\/#website","url":"https:\/\/www.sonnenseite.com\/de\/","name":"Sonnenseite","description":"\u00d6kologische Kommunikation mit Franz Alt","publisher":{"@id":"https:\/\/www.sonnenseite.com\/de\/#organization"},"potentialAction":[{"@type":"SearchAction","target":{"@type":"EntryPoint","urlTemplate":"https:\/\/www.sonnenseite.com\/de\/?s={search_term_string}"},"query-input":{"@type":"PropertyValueSpecification","valueRequired":true,"valueName":"search_term_string"}}],"inLanguage":"de"},{"@type":"Organization","@id":"https:\/\/www.sonnenseite.com\/de\/#organization","name":"Sonnenseite","url":"https:\/\/www.sonnenseite.com\/de\/","logo":{"@type":"ImageObject","inLanguage":"de","@id":"https:\/\/www.sonnenseite.com\/de\/#\/schema\/logo\/image\/","url":"https:\/\/www.sonnenseite.com\/wp-content\/uploads\/2020\/05\/Sonnenseite_Logo.png","contentUrl":"https:\/\/www.sonnenseite.com\/wp-content\/uploads\/2020\/05\/Sonnenseite_Logo.png","width":377,"height":90,"caption":"Sonnenseite"},"image":{"@id":"https:\/\/www.sonnenseite.com\/de\/#\/schema\/logo\/image\/"},"sameAs":["https:\/\/www.facebook.com\/pages\/Franz-Alt-SONNENSEITECOM\/221072987903953?fref=ts","https:\/\/x.com\/franzalt","http:\/\/www.youtube.com\/results?search_query&amp;amp;quot;franz_alt&amp;amp;quot;&amp;amp;amp;amp;search_type&amp;amp;amp;amp;aq=f"]},{"@type":"Person","@id":"https:\/\/www.sonnenseite.com\/de\/#\/schema\/person\/50fda0e926597684c7cc6695238a4eb9","name":"Bigi Alt"}]}},"_links":{"self":[{"href":"https:\/\/www.sonnenseite.com\/de\/wp-json\/wp\/v2\/posts\/75194","targetHints":{"allow":["GET"]}}],"collection":[{"href":"https:\/\/www.sonnenseite.com\/de\/wp-json\/wp\/v2\/posts"}],"about":[{"href":"https:\/\/www.sonnenseite.com\/de\/wp-json\/wp\/v2\/types\/post"}],"author":[{"embeddable":true,"href":"https:\/\/www.sonnenseite.com\/de\/wp-json\/wp\/v2\/users\/3"}],"replies":[{"embeddable":true,"href":"https:\/\/www.sonnenseite.com\/de\/wp-json\/wp\/v2\/comments?post=75194"}],"version-history":[{"count":3,"href":"https:\/\/www.sonnenseite.com\/de\/wp-json\/wp\/v2\/posts\/75194\/revisions"}],"predecessor-version":[{"id":75201,"href":"https:\/\/www.sonnenseite.com\/de\/wp-json\/wp\/v2\/posts\/75194\/revisions\/75201"}],"wp:featuredmedia":[{"embeddable":true,"href":"https:\/\/www.sonnenseite.com\/de\/wp-json\/wp\/v2\/media\/75196"}],"wp:attachment":[{"href":"https:\/\/www.sonnenseite.com\/de\/wp-json\/wp\/v2\/media?parent=75194"}],"wp:term":[{"taxonomy":"category","embeddable":true,"href":"https:\/\/www.sonnenseite.com\/de\/wp-json\/wp\/v2\/categories?post=75194"},{"taxonomy":"post_tag","embeddable":true,"href":"https:\/\/www.sonnenseite.com\/de\/wp-json\/wp\/v2\/tags?post=75194"}],"curies":[{"name":"wp","href":"https:\/\/api.w.org\/{rel}","templated":true}]}}