{"id":75212,"date":"2021-09-25T11:07:25","date_gmt":"2021-09-25T09:07:25","guid":{"rendered":"https:\/\/www.sonnenseite.com\/?p=75212"},"modified":"2021-10-04T09:56:39","modified_gmt":"2021-10-04T07:56:39","slug":"politik-wandel-statt-klimawandel","status":"publish","type":"post","link":"https:\/\/www.sonnenseite.com\/de\/franz-alt\/kommentare-interviews\/politik-wandel-statt-klimawandel\/","title":{"rendered":"Politik-Wandel statt Klimawandel"},"content":{"rendered":"\n<p>F\u00fcr die meisten \u00e4lteren Menschen ist das Klima bei ihrer Wahlentscheidung ein Thema unter vielen anderen. F\u00fcr die J\u00fcngeren aber ist es die \u00dcberlebensfrage schlechthin. Beinahe jeder zweite Erstw\u00e4hler oder jede zweite Erstw\u00e4hlerin hat Angst vor der sich immer deutlicher abzeichnenden Klimakatastrophe.<\/p>\n\n\n\n<h5 class=\"wp-block-heading\">Eine Milliarde Kinder!<\/h5>\n\n\n\n<p>Die UNICEF, die Kinderhilfsorganisation der UNO, hat k\u00fcrzlich festgestellt, dass durch den <a href=\"https:\/\/www.sonnenseite.com\/de\/umwelt\/eine-milliarde-kinder-durch-die-auswirkungen-des-klimawandels-extrem-stark-gefaehrdet\/\">Klimawandel eine Milliarde Kinder<\/a> betroffen sein werden: Sie werden sterben oder von einer schweren Krankheit wie Malaria betroffen sein. Der <a href=\"https:\/\/www.unicef.de\/blob\/246914\/d71d699a43c3a40b9ad8138c7600f475\/deutsche-zusammenfassung-klimareport-2008-data.pdf\" target=\"_blank\" rel=\"noreferrer noopener\">Bericht \u201eDie Klimakrise ist eine Krise der Kinderrechte: Einf\u00fchrung des Klima-Risiko-Index f\u00fcr Kinder\u201c<\/a> ist die erste umfassende Analyse von Klimarisiken aus der Perspektive von Kindern.<\/p>\n\n\n\n<div class=\"wp-block-image\"><figure class=\"aligncenter size-full is-resized\"><img loading=\"lazy\" decoding=\"async\" src=\"https:\/\/www.sonnenseite.com\/wp-content\/uploads\/2021\/08\/Unicef_RuelSaldico_KindPhilippinen.jpg\" alt=\"Unicef | Ruel Saldico\" class=\"wp-image-74082\" width=\"578\" height=\"315\" srcset=\"https:\/\/www.sonnenseite.com\/wp-content\/uploads\/2021\/08\/Unicef_RuelSaldico_KindPhilippinen.jpg 770w, https:\/\/www.sonnenseite.com\/wp-content\/uploads\/2021\/08\/Unicef_RuelSaldico_KindPhilippinen-300x164.jpg 300w, https:\/\/www.sonnenseite.com\/wp-content\/uploads\/2021\/08\/Unicef_RuelSaldico_KindPhilippinen-768x419.jpg 768w\" sizes=\"auto, (max-width: 578px) 100vw, 578px\" \/><figcaption>\u00a9 Unicef | Ruel Saldico | Das Haus und der Spielplatz von Jessamae Loquias, 7 Jahre alt, wurden durch den Taifun Rolly (Goni) zerst\u00f6rt, als er ihre Heimatstadt Barangay (Dorf) Sabang, San Jose, in der Provinz Camarines Sur, Philippinen traf. Sie erinnert sich, wie sie vor dem Taifun immer am Strand entlang gespielt hat. <\/figcaption><\/figure><\/div>\n\n\n\n<p>Wenn in dieser Situation ein Kanzlerkandidat wie Armin Laschet selbst bei einer Hochwasser-Katastrophe mit 180 Toten und mit 30 Milliarden Sch\u00e4den sagt: <a href=\"https:\/\/www.heise.de\/tp\/features\/Ein-Tag-wegen-dem-Laschet-nicht-die-Politik-aendern-will-6140730.html\">\u201eMan kann doch nicht wegen eines solchen Tages die Politik \u00e4ndern\u201c<\/a>, dann ist die Angst der Jungen \u00fcber diese Haltung \u00e4lterer Politiker wei\u00df Gott berechtigt. Viele fragen sich, was muss denn noch passieren bis auch alte Politiker anfangen zu begreifen, was der uns alle bedrohende Klimawandel mit den n\u00e4chsten Generationen anstellen wird. Die Wissenschaft ist da ganz eindeutig: Der Klimawandel ist auch in Deutschland angekommen und Starkregen werden h\u00e4ufiger und heftiger.<\/p>\n\n\n\n<p><strong>Das Problem bei dieser Bundestagswahl:<\/strong> Leider gibt es nur 2.8 Millionen Erstw\u00e4hler, aber insgesamt knapp 60 Millionen W\u00e4hlerinnen und W\u00e4hler. Wie also sollen bei diesem Ungleichgewicht die \u00c4ngste der Jungen ber\u00fccksichtigt werden? Jungw\u00e4hler sagen bei Umfragen, dass sie zu etwa 50 Prozent die Gr\u00fcnen w\u00e4hlen, doch sie wissen auch, dass sie ein kleine Minderheit sind und viele verzweifeln daran und bekommen noch mehr Angst.<\/p>\n\n\n\n<p><strong>Es gibt nur eine M\u00f6glichkeit:<\/strong> Solidarit\u00e4t der \u00c4lteren mit den Jungen in der Wahlkabine. So wie die junge Generation in der Corona-Krise oft solidarisch war mit den \u00c4lteren, so sollten jetzt die \u00c4lteren am Wahltag solidarisch sein mit den Jungen und den Erstw\u00e4hlern.<\/p>\n\n\n\n<blockquote class=\"wp-block-quote is-layout-flow wp-block-quote-is-layout-flow\"><p>&#8222;Der achte globale Klimastreik hat die Aufmerksamkeit wieder auf das Megathema gelenkt, das die Welt in den n\u00e4chsten Jahrzehnten besch\u00e4ftigen wird wie kaum ein anderes. Wie auch immer die Wahlen am Sonntag ausgehen: Klima-Demos wird es weiterhin geben m\u00fcssen.<\/p><cite> <a href=\"https:\/\/www.klimareporter.de\/protest\/wieder-da-fuer-lange\">Klimareporter \/ Joachim Wille 24.9.21<\/a> <\/cite><\/blockquote>\n\n\n\n<h5 class=\"wp-block-heading\">Generationengerechtigkeit und Klimagerechtigkeit<\/h5>\n\n\n\n<p>Das kann man auch Generationengerechtigkeit und Klimagerechtigkeit nennen. Es wird sich zeigen, ob bei uns \u00c4lteren der hohe Wert der Solidarit\u00e4t und Gerechtigkeit nur ein Lippenbekenntnis ist oder ob wir zu echter Solidarit\u00e4t f\u00e4hig sind. Und ob wir unsere Kinder wirklich lieben. Die Hauptfrage ist, ob wir vor allem in Verantwortung denen gegen\u00fcber unsere Stimme abgeben, die noch gar nicht w\u00e4hlen d\u00fcrfen.<\/p>\n\n\n\n<p><strong>Es wird in den kommenden Jahren nur so gehen:<\/strong> Ohne Politikwandel ist das Klima und die Zukunft der jungen Generation nicht mehr zu retten. Die bisherige Politik der gro\u00dfen Koalition hat das hinreichend und f\u00fcr alle sichtbar bewiesen.<\/p>\n\n\n\n<p><strong>Also: Politikwandel statt Klimawandel!<\/strong> Denn sicher ist: Mit der bisherigen Politik sind die notwendigen Pariser Klimaziele nicht zu erreichen.<\/p>\n\n\n<h5 class=\"green\">Quelle<\/h5>\r\n\n\n\n<p><a href=\"franz_alt@web.de\">FRANZ ALT 2021<\/a><\/p>\n<div class=\"shariff shariff-align-flex-start shariff-widget-align-flex-start\"><div class=\"ShariffHeadline\">Diese Meldung teilen<\/div><ul class=\"shariff-buttons theme-round orientation-horizontal buttonsize-medium\"><li class=\"shariff-button facebook shariff-nocustomcolor\" style=\"background-color:#4273c8;border-radius:1%\"><a href=\"https:\/\/www.facebook.com\/sharer\/sharer.php?u=https%3A%2F%2Fwww.sonnenseite.com%2Fde%2Ffranz-alt%2Fkommentare-interviews%2Fpolitik-wandel-statt-klimawandel%2F\" title=\"Bei Facebook teilen\" aria-label=\"Bei Facebook teilen\" role=\"button\" rel=\"nofollow\" class=\"shariff-link\" style=\";border-radius:1%; background-color:#3b5998; color:#fff\" target=\"_blank\"><span class=\"shariff-icon\" style=\"\"><svg width=\"32px\" height=\"20px\" xmlns=\"http:\/\/www.w3.org\/2000\/svg\" viewBox=\"0 0 18 32\"><path fill=\"#3b5998\" d=\"M17.1 0.2v4.7h-2.8q-1.5 0-2.1 0.6t-0.5 1.9v3.4h5.2l-0.7 5.3h-4.5v13.6h-5.5v-13.6h-4.5v-5.3h4.5v-3.9q0-3.3 1.9-5.2t5-1.8q2.6 0 4.1 0.2z\"\/><\/svg><\/span><\/a><\/li><li class=\"shariff-button twitter shariff-nocustomcolor\" style=\"background-color:#595959;border-radius:1%\"><a href=\"https:\/\/twitter.com\/share?url=https%3A%2F%2Fwww.sonnenseite.com%2Fde%2Ffranz-alt%2Fkommentare-interviews%2Fpolitik-wandel-statt-klimawandel%2F&text=Politik-Wandel%20statt%20Klimawandel\" title=\"Bei X teilen\" aria-label=\"Bei X teilen\" role=\"button\" rel=\"noopener nofollow\" class=\"shariff-link\" style=\";border-radius:1%; background-color:#000; color:#fff\" target=\"_blank\"><span class=\"shariff-icon\" style=\"\"><svg width=\"32px\" height=\"20px\" xmlns=\"http:\/\/www.w3.org\/2000\/svg\" viewBox=\"0 0 24 24\"><path fill=\"#000\" d=\"M14.258 10.152L23.176 0h-2.113l-7.747 8.813L7.133 0H0l9.352 13.328L0 23.973h2.113l8.176-9.309 6.531 9.309h7.133zm-2.895 3.293l-.949-1.328L2.875 1.56h3.246l6.086 8.523.945 1.328 7.91 11.078h-3.246zm0 0\"\/><\/svg><\/span><\/a><\/li><li class=\"shariff-button xing shariff-nocustomcolor\" style=\"background-color:#29888a;border-radius:1%\"><a href=\"https:\/\/www.xing.com\/spi\/shares\/new?url=https%3A%2F%2Fwww.sonnenseite.com%2Fde%2Ffranz-alt%2Fkommentare-interviews%2Fpolitik-wandel-statt-klimawandel%2F\" title=\"Bei XING teilen\" aria-label=\"Bei XING teilen\" role=\"button\" rel=\"noopener nofollow\" class=\"shariff-link\" style=\";border-radius:1%; background-color:#126567; color:#fff\" target=\"_blank\"><span class=\"shariff-icon\" style=\"\"><svg width=\"32px\" height=\"20px\" xmlns=\"http:\/\/www.w3.org\/2000\/svg\" viewBox=\"0 0 25 32\"><path fill=\"#126567\" d=\"M10.7 11.9q-0.2 0.3-4.6 8.2-0.5 0.8-1.2 0.8h-4.3q-0.4 0-0.5-0.3t0-0.6l4.5-8q0 0 0 0l-2.9-5q-0.2-0.4 0-0.7 0.2-0.3 0.5-0.3h4.3q0.7 0 1.2 0.8zM25.1 0.4q0.2 0.3 0 0.7l-9.4 16.7 6 11q0.2 0.4 0 0.6-0.2 0.3-0.6 0.3h-4.3q-0.7 0-1.2-0.8l-6-11.1q0.3-0.6 9.5-16.8 0.4-0.8 1.2-0.8h4.3q0.4 0 0.5 0.3z\"\/><\/svg><\/span><\/a><\/li><li class=\"shariff-button linkedin shariff-nocustomcolor\" style=\"background-color:#1488bf;border-radius:1%\"><a href=\"https:\/\/www.linkedin.com\/sharing\/share-offsite\/?url=https%3A%2F%2Fwww.sonnenseite.com%2Fde%2Ffranz-alt%2Fkommentare-interviews%2Fpolitik-wandel-statt-klimawandel%2F\" title=\"Bei LinkedIn teilen\" aria-label=\"Bei LinkedIn teilen\" role=\"button\" rel=\"noopener nofollow\" class=\"shariff-link\" style=\";border-radius:1%; background-color:#0077b5; color:#fff\" target=\"_blank\"><span class=\"shariff-icon\" style=\"\"><svg width=\"32px\" height=\"20px\" xmlns=\"http:\/\/www.w3.org\/2000\/svg\" viewBox=\"0 0 27 32\"><path fill=\"#0077b5\" d=\"M6.2 11.2v17.7h-5.9v-17.7h5.9zM6.6 5.7q0 1.3-0.9 2.2t-2.4 0.9h0q-1.5 0-2.4-0.9t-0.9-2.2 0.9-2.2 2.4-0.9 2.4 0.9 0.9 2.2zM27.4 18.7v10.1h-5.9v-9.5q0-1.9-0.7-2.9t-2.3-1.1q-1.1 0-1.9 0.6t-1.2 1.5q-0.2 0.5-0.2 1.4v9.9h-5.9q0-7.1 0-11.6t0-5.3l0-0.9h5.9v2.6h0q0.4-0.6 0.7-1t1-0.9 1.6-0.8 2-0.3q3 0 4.9 2t1.9 6z\"\/><\/svg><\/span><\/a><\/li><li class=\"shariff-button printer shariff-nocustomcolor\" style=\"background-color:#a8a8a8;border-radius:1%\"><a href=\"javascript:window.print()\" title=\"drucken\" aria-label=\"drucken\" role=\"button\" rel=\"noopener nofollow\" class=\"shariff-link\" style=\";border-radius:1%; background-color:#999; color:#fff\"><span class=\"shariff-icon\" style=\"\"><svg width=\"32px\" height=\"20px\" xmlns=\"http:\/\/www.w3.org\/2000\/svg\" viewBox=\"0 0 30 32\"><path fill=\"#999\" d=\"M6.8 27.4h16v-4.6h-16v4.6zM6.8 16h16v-6.8h-2.8q-0.7 0-1.2-0.5t-0.5-1.2v-2.8h-11.4v11.4zM27.4 17.2q0-0.5-0.3-0.8t-0.8-0.4-0.8 0.4-0.3 0.8 0.3 0.8 0.8 0.3 0.8-0.3 0.3-0.8zM29.7 17.2v7.4q0 0.2-0.2 0.4t-0.4 0.2h-4v2.8q0 0.7-0.5 1.2t-1.2 0.5h-17.2q-0.7 0-1.2-0.5t-0.5-1.2v-2.8h-4q-0.2 0-0.4-0.2t-0.2-0.4v-7.4q0-1.4 1-2.4t2.4-1h1.2v-9.7q0-0.7 0.5-1.2t1.2-0.5h12q0.7 0 1.6 0.4t1.3 0.8l2.7 2.7q0.5 0.5 0.9 1.4t0.4 1.6v4.6h1.1q1.4 0 2.4 1t1 2.4z\"\/><\/svg><\/span><\/a><\/li><li class=\"shariff-button mailto shariff-nocustomcolor\" style=\"background-color:#a8a8a8;border-radius:1%\"><a href=\"mailto:?body=https%3A%2F%2Fwww.sonnenseite.com%2Fde%2Ffranz-alt%2Fkommentare-interviews%2Fpolitik-wandel-statt-klimawandel%2F&subject=Politik-Wandel%20statt%20Klimawandel\" title=\"Per E-Mail versenden\" aria-label=\"Per E-Mail versenden\" role=\"button\" rel=\"noopener nofollow\" class=\"shariff-link\" style=\";border-radius:1%; background-color:#999; color:#fff\"><span class=\"shariff-icon\" style=\"\"><svg width=\"32px\" height=\"20px\" xmlns=\"http:\/\/www.w3.org\/2000\/svg\" viewBox=\"0 0 32 32\"><path fill=\"#999\" d=\"M32 12.7v14.2q0 1.2-0.8 2t-2 0.9h-26.3q-1.2 0-2-0.9t-0.8-2v-14.2q0.8 0.9 1.8 1.6 6.5 4.4 8.9 6.1 1 0.8 1.6 1.2t1.7 0.9 2 0.4h0.1q0.9 0 2-0.4t1.7-0.9 1.6-1.2q3-2.2 8.9-6.1 1-0.7 1.8-1.6zM32 7.4q0 1.4-0.9 2.7t-2.2 2.2q-6.7 4.7-8.4 5.8-0.2 0.1-0.7 0.5t-1 0.7-0.9 0.6-1.1 0.5-0.9 0.2h-0.1q-0.4 0-0.9-0.2t-1.1-0.5-0.9-0.6-1-0.7-0.7-0.5q-1.6-1.1-4.7-3.2t-3.6-2.6q-1.1-0.7-2.1-2t-1-2.5q0-1.4 0.7-2.3t2.1-0.9h26.3q1.2 0 2 0.8t0.9 2z\"\/><\/svg><\/span><\/a><\/li><\/ul><\/div>","protected":false},"excerpt":{"rendered":"<p>F\u00fcr die meisten \u00e4lteren Menschen ist das Klima bei ihrer Wahlentscheidung ein Thema unter vielen anderen. [&hellip;]<\/p>\n","protected":false},"author":3,"featured_media":75215,"comment_status":"closed","ping_status":"closed","sticky":false,"template":"","format":"standard","meta":{"inline_featured_image":false,"footnotes":""},"categories":[29],"tags":[],"class_list":["post-75212","post","type-post","status-publish","format-standard","has-post-thumbnail","hentry","category-kommentare-interviews"],"yoast_head":"<!-- This site is optimized with the Yoast SEO plugin v26.5 - https:\/\/yoast.com\/wordpress\/plugins\/seo\/ -->\n<title>Politik-Wandel statt Klimawandel - Sonnenseite - \u00d6kologische Kommunikation mit Franz Alt<\/title>\n<meta name=\"description\" content=\"F\u00fcr die meisten \u00e4lteren Menschen ist das Klima bei ihrer Wahlentscheidung ein Thema unter vielen anderen. F\u00fcr die J\u00fcngeren aber ist es die \u00dcberlebensfrage\" \/>\n<meta name=\"robots\" content=\"index, follow, max-snippet:-1, max-image-preview:large, max-video-preview:-1\" \/>\n<link rel=\"canonical\" href=\"https:\/\/www.sonnenseite.com\/de\/franz-alt\/kommentare-interviews\/politik-wandel-statt-klimawandel\/\" \/>\n<meta property=\"og:locale\" content=\"de_DE\" \/>\n<meta property=\"og:type\" content=\"article\" \/>\n<meta property=\"og:title\" content=\"Politik-Wandel statt Klimawandel - Sonnenseite - \u00d6kologische Kommunikation mit Franz Alt\" \/>\n<meta property=\"og:description\" content=\"F\u00fcr die meisten \u00e4lteren Menschen ist das Klima bei ihrer Wahlentscheidung ein Thema unter vielen anderen. F\u00fcr die J\u00fcngeren aber ist es die \u00dcberlebensfrage\" \/>\n<meta property=\"og:url\" content=\"https:\/\/www.sonnenseite.com\/de\/franz-alt\/kommentare-interviews\/politik-wandel-statt-klimawandel\/\" \/>\n<meta property=\"og:site_name\" content=\"Sonnenseite\" \/>\n<meta property=\"article:publisher\" content=\"https:\/\/www.facebook.com\/pages\/Franz-Alt-SONNENSEITECOM\/221072987903953?fref=ts\" \/>\n<meta property=\"article:published_time\" content=\"2021-09-25T09:07:25+00:00\" \/>\n<meta property=\"article:modified_time\" content=\"2021-10-04T07:56:39+00:00\" \/>\n<meta property=\"og:image\" content=\"https:\/\/www.sonnenseite.com\/wp-content\/uploads\/2021\/09\/FA_FridaysforFuture-Berlin2021_770.jpg\" \/>\n\t<meta property=\"og:image:width\" content=\"770\" \/>\n\t<meta property=\"og:image:height\" content=\"420\" \/>\n\t<meta property=\"og:image:type\" content=\"image\/jpeg\" \/>\n<meta name=\"author\" content=\"Bigi Alt\" \/>\n<meta name=\"twitter:card\" content=\"summary_large_image\" \/>\n<meta name=\"twitter:creator\" content=\"@franzalt\" \/>\n<meta name=\"twitter:site\" content=\"@franzalt\" \/>\n<meta name=\"twitter:label1\" content=\"Verfasst von\" \/>\n\t<meta name=\"twitter:data1\" content=\"Bigi Alt\" \/>\n\t<meta name=\"twitter:label2\" content=\"Gesch\u00e4tzte Lesezeit\" \/>\n\t<meta name=\"twitter:data2\" content=\"3\u00a0Minuten\" \/>\n<script type=\"application\/ld+json\" class=\"yoast-schema-graph\">{\"@context\":\"https:\/\/schema.org\",\"@graph\":[{\"@type\":\"Article\",\"@id\":\"https:\/\/www.sonnenseite.com\/de\/franz-alt\/kommentare-interviews\/politik-wandel-statt-klimawandel\/#article\",\"isPartOf\":{\"@id\":\"https:\/\/www.sonnenseite.com\/de\/franz-alt\/kommentare-interviews\/politik-wandel-statt-klimawandel\/\"},\"author\":{\"name\":\"Bigi Alt\",\"@id\":\"https:\/\/www.sonnenseite.com\/de\/#\/schema\/person\/50fda0e926597684c7cc6695238a4eb9\"},\"headline\":\"Politik-Wandel statt Klimawandel\",\"datePublished\":\"2021-09-25T09:07:25+00:00\",\"dateModified\":\"2021-10-04T07:56:39+00:00\",\"mainEntityOfPage\":{\"@id\":\"https:\/\/www.sonnenseite.com\/de\/franz-alt\/kommentare-interviews\/politik-wandel-statt-klimawandel\/\"},\"wordCount\":549,\"publisher\":{\"@id\":\"https:\/\/www.sonnenseite.com\/de\/#organization\"},\"image\":{\"@id\":\"https:\/\/www.sonnenseite.com\/de\/franz-alt\/kommentare-interviews\/politik-wandel-statt-klimawandel\/#primaryimage\"},\"thumbnailUrl\":\"https:\/\/www.sonnenseite.com\/wp-content\/uploads\/2021\/09\/FA_FridaysforFuture-Berlin2021_770.jpg\",\"articleSection\":[\"Kommentare &amp; Interviews\"],\"inLanguage\":\"de\"},{\"@type\":\"WebPage\",\"@id\":\"https:\/\/www.sonnenseite.com\/de\/franz-alt\/kommentare-interviews\/politik-wandel-statt-klimawandel\/\",\"url\":\"https:\/\/www.sonnenseite.com\/de\/franz-alt\/kommentare-interviews\/politik-wandel-statt-klimawandel\/\",\"name\":\"Politik-Wandel statt Klimawandel - Sonnenseite - \u00d6kologische Kommunikation mit Franz Alt\",\"isPartOf\":{\"@id\":\"https:\/\/www.sonnenseite.com\/de\/#website\"},\"primaryImageOfPage\":{\"@id\":\"https:\/\/www.sonnenseite.com\/de\/franz-alt\/kommentare-interviews\/politik-wandel-statt-klimawandel\/#primaryimage\"},\"image\":{\"@id\":\"https:\/\/www.sonnenseite.com\/de\/franz-alt\/kommentare-interviews\/politik-wandel-statt-klimawandel\/#primaryimage\"},\"thumbnailUrl\":\"https:\/\/www.sonnenseite.com\/wp-content\/uploads\/2021\/09\/FA_FridaysforFuture-Berlin2021_770.jpg\",\"datePublished\":\"2021-09-25T09:07:25+00:00\",\"dateModified\":\"2021-10-04T07:56:39+00:00\",\"description\":\"F\u00fcr die meisten \u00e4lteren Menschen ist das Klima bei ihrer Wahlentscheidung ein Thema unter vielen anderen. F\u00fcr die J\u00fcngeren aber ist es die \u00dcberlebensfrage\",\"breadcrumb\":{\"@id\":\"https:\/\/www.sonnenseite.com\/de\/franz-alt\/kommentare-interviews\/politik-wandel-statt-klimawandel\/#breadcrumb\"},\"inLanguage\":\"de\",\"potentialAction\":[{\"@type\":\"ReadAction\",\"target\":[\"https:\/\/www.sonnenseite.com\/de\/franz-alt\/kommentare-interviews\/politik-wandel-statt-klimawandel\/\"]}]},{\"@type\":\"ImageObject\",\"inLanguage\":\"de\",\"@id\":\"https:\/\/www.sonnenseite.com\/de\/franz-alt\/kommentare-interviews\/politik-wandel-statt-klimawandel\/#primaryimage\",\"url\":\"https:\/\/www.sonnenseite.com\/wp-content\/uploads\/2021\/09\/FA_FridaysforFuture-Berlin2021_770.jpg\",\"contentUrl\":\"https:\/\/www.sonnenseite.com\/wp-content\/uploads\/2021\/09\/FA_FridaysforFuture-Berlin2021_770.jpg\",\"width\":770,\"height\":420,\"caption\":\"privat | Franz Alt bei \\\"Fridays for Future-Demo in Berlin (24.9.21)\"},{\"@type\":\"BreadcrumbList\",\"@id\":\"https:\/\/www.sonnenseite.com\/de\/franz-alt\/kommentare-interviews\/politik-wandel-statt-klimawandel\/#breadcrumb\",\"itemListElement\":[{\"@type\":\"ListItem\",\"position\":1,\"name\":\"Startseite\",\"item\":\"https:\/\/www.sonnenseite.com\/de\/\"},{\"@type\":\"ListItem\",\"position\":2,\"name\":\"Politik-Wandel statt Klimawandel\"}]},{\"@type\":\"WebSite\",\"@id\":\"https:\/\/www.sonnenseite.com\/de\/#website\",\"url\":\"https:\/\/www.sonnenseite.com\/de\/\",\"name\":\"Sonnenseite\",\"description\":\"\u00d6kologische Kommunikation mit Franz Alt\",\"publisher\":{\"@id\":\"https:\/\/www.sonnenseite.com\/de\/#organization\"},\"potentialAction\":[{\"@type\":\"SearchAction\",\"target\":{\"@type\":\"EntryPoint\",\"urlTemplate\":\"https:\/\/www.sonnenseite.com\/de\/?s={search_term_string}\"},\"query-input\":{\"@type\":\"PropertyValueSpecification\",\"valueRequired\":true,\"valueName\":\"search_term_string\"}}],\"inLanguage\":\"de\"},{\"@type\":\"Organization\",\"@id\":\"https:\/\/www.sonnenseite.com\/de\/#organization\",\"name\":\"Sonnenseite\",\"url\":\"https:\/\/www.sonnenseite.com\/de\/\",\"logo\":{\"@type\":\"ImageObject\",\"inLanguage\":\"de\",\"@id\":\"https:\/\/www.sonnenseite.com\/de\/#\/schema\/logo\/image\/\",\"url\":\"https:\/\/www.sonnenseite.com\/wp-content\/uploads\/2020\/05\/Sonnenseite_Logo.png\",\"contentUrl\":\"https:\/\/www.sonnenseite.com\/wp-content\/uploads\/2020\/05\/Sonnenseite_Logo.png\",\"width\":377,\"height\":90,\"caption\":\"Sonnenseite\"},\"image\":{\"@id\":\"https:\/\/www.sonnenseite.com\/de\/#\/schema\/logo\/image\/\"},\"sameAs\":[\"https:\/\/www.facebook.com\/pages\/Franz-Alt-SONNENSEITECOM\/221072987903953?fref=ts\",\"https:\/\/x.com\/franzalt\",\"http:\/\/www.youtube.com\/results?search_query&amp;amp;quot;franz_alt&amp;amp;quot;&amp;amp;amp;amp;search_type&amp;amp;amp;amp;aq=f\"]},{\"@type\":\"Person\",\"@id\":\"https:\/\/www.sonnenseite.com\/de\/#\/schema\/person\/50fda0e926597684c7cc6695238a4eb9\",\"name\":\"Bigi Alt\"}]}<\/script>\n<!-- \/ Yoast SEO plugin. -->","yoast_head_json":{"title":"Politik-Wandel statt Klimawandel - Sonnenseite - \u00d6kologische Kommunikation mit Franz Alt","description":"F\u00fcr die meisten \u00e4lteren Menschen ist das Klima bei ihrer Wahlentscheidung ein Thema unter vielen anderen. F\u00fcr die J\u00fcngeren aber ist es die \u00dcberlebensfrage","robots":{"index":"index","follow":"follow","max-snippet":"max-snippet:-1","max-image-preview":"max-image-preview:large","max-video-preview":"max-video-preview:-1"},"canonical":"https:\/\/www.sonnenseite.com\/de\/franz-alt\/kommentare-interviews\/politik-wandel-statt-klimawandel\/","og_locale":"de_DE","og_type":"article","og_title":"Politik-Wandel statt Klimawandel - Sonnenseite - \u00d6kologische Kommunikation mit Franz Alt","og_description":"F\u00fcr die meisten \u00e4lteren Menschen ist das Klima bei ihrer Wahlentscheidung ein Thema unter vielen anderen. F\u00fcr die J\u00fcngeren aber ist es die \u00dcberlebensfrage","og_url":"https:\/\/www.sonnenseite.com\/de\/franz-alt\/kommentare-interviews\/politik-wandel-statt-klimawandel\/","og_site_name":"Sonnenseite","article_publisher":"https:\/\/www.facebook.com\/pages\/Franz-Alt-SONNENSEITECOM\/221072987903953?fref=ts","article_published_time":"2021-09-25T09:07:25+00:00","article_modified_time":"2021-10-04T07:56:39+00:00","og_image":[{"width":770,"height":420,"url":"https:\/\/www.sonnenseite.com\/wp-content\/uploads\/2021\/09\/FA_FridaysforFuture-Berlin2021_770.jpg","type":"image\/jpeg"}],"author":"Bigi Alt","twitter_card":"summary_large_image","twitter_creator":"@franzalt","twitter_site":"@franzalt","twitter_misc":{"Verfasst von":"Bigi Alt","Gesch\u00e4tzte Lesezeit":"3\u00a0Minuten"},"schema":{"@context":"https:\/\/schema.org","@graph":[{"@type":"Article","@id":"https:\/\/www.sonnenseite.com\/de\/franz-alt\/kommentare-interviews\/politik-wandel-statt-klimawandel\/#article","isPartOf":{"@id":"https:\/\/www.sonnenseite.com\/de\/franz-alt\/kommentare-interviews\/politik-wandel-statt-klimawandel\/"},"author":{"name":"Bigi Alt","@id":"https:\/\/www.sonnenseite.com\/de\/#\/schema\/person\/50fda0e926597684c7cc6695238a4eb9"},"headline":"Politik-Wandel statt Klimawandel","datePublished":"2021-09-25T09:07:25+00:00","dateModified":"2021-10-04T07:56:39+00:00","mainEntityOfPage":{"@id":"https:\/\/www.sonnenseite.com\/de\/franz-alt\/kommentare-interviews\/politik-wandel-statt-klimawandel\/"},"wordCount":549,"publisher":{"@id":"https:\/\/www.sonnenseite.com\/de\/#organization"},"image":{"@id":"https:\/\/www.sonnenseite.com\/de\/franz-alt\/kommentare-interviews\/politik-wandel-statt-klimawandel\/#primaryimage"},"thumbnailUrl":"https:\/\/www.sonnenseite.com\/wp-content\/uploads\/2021\/09\/FA_FridaysforFuture-Berlin2021_770.jpg","articleSection":["Kommentare &amp; Interviews"],"inLanguage":"de"},{"@type":"WebPage","@id":"https:\/\/www.sonnenseite.com\/de\/franz-alt\/kommentare-interviews\/politik-wandel-statt-klimawandel\/","url":"https:\/\/www.sonnenseite.com\/de\/franz-alt\/kommentare-interviews\/politik-wandel-statt-klimawandel\/","name":"Politik-Wandel statt Klimawandel - Sonnenseite - \u00d6kologische Kommunikation mit Franz Alt","isPartOf":{"@id":"https:\/\/www.sonnenseite.com\/de\/#website"},"primaryImageOfPage":{"@id":"https:\/\/www.sonnenseite.com\/de\/franz-alt\/kommentare-interviews\/politik-wandel-statt-klimawandel\/#primaryimage"},"image":{"@id":"https:\/\/www.sonnenseite.com\/de\/franz-alt\/kommentare-interviews\/politik-wandel-statt-klimawandel\/#primaryimage"},"thumbnailUrl":"https:\/\/www.sonnenseite.com\/wp-content\/uploads\/2021\/09\/FA_FridaysforFuture-Berlin2021_770.jpg","datePublished":"2021-09-25T09:07:25+00:00","dateModified":"2021-10-04T07:56:39+00:00","description":"F\u00fcr die meisten \u00e4lteren Menschen ist das Klima bei ihrer Wahlentscheidung ein Thema unter vielen anderen. F\u00fcr die J\u00fcngeren aber ist es die \u00dcberlebensfrage","breadcrumb":{"@id":"https:\/\/www.sonnenseite.com\/de\/franz-alt\/kommentare-interviews\/politik-wandel-statt-klimawandel\/#breadcrumb"},"inLanguage":"de","potentialAction":[{"@type":"ReadAction","target":["https:\/\/www.sonnenseite.com\/de\/franz-alt\/kommentare-interviews\/politik-wandel-statt-klimawandel\/"]}]},{"@type":"ImageObject","inLanguage":"de","@id":"https:\/\/www.sonnenseite.com\/de\/franz-alt\/kommentare-interviews\/politik-wandel-statt-klimawandel\/#primaryimage","url":"https:\/\/www.sonnenseite.com\/wp-content\/uploads\/2021\/09\/FA_FridaysforFuture-Berlin2021_770.jpg","contentUrl":"https:\/\/www.sonnenseite.com\/wp-content\/uploads\/2021\/09\/FA_FridaysforFuture-Berlin2021_770.jpg","width":770,"height":420,"caption":"privat | Franz Alt bei \"Fridays for Future-Demo in Berlin (24.9.21)"},{"@type":"BreadcrumbList","@id":"https:\/\/www.sonnenseite.com\/de\/franz-alt\/kommentare-interviews\/politik-wandel-statt-klimawandel\/#breadcrumb","itemListElement":[{"@type":"ListItem","position":1,"name":"Startseite","item":"https:\/\/www.sonnenseite.com\/de\/"},{"@type":"ListItem","position":2,"name":"Politik-Wandel statt Klimawandel"}]},{"@type":"WebSite","@id":"https:\/\/www.sonnenseite.com\/de\/#website","url":"https:\/\/www.sonnenseite.com\/de\/","name":"Sonnenseite","description":"\u00d6kologische Kommunikation mit Franz Alt","publisher":{"@id":"https:\/\/www.sonnenseite.com\/de\/#organization"},"potentialAction":[{"@type":"SearchAction","target":{"@type":"EntryPoint","urlTemplate":"https:\/\/www.sonnenseite.com\/de\/?s={search_term_string}"},"query-input":{"@type":"PropertyValueSpecification","valueRequired":true,"valueName":"search_term_string"}}],"inLanguage":"de"},{"@type":"Organization","@id":"https:\/\/www.sonnenseite.com\/de\/#organization","name":"Sonnenseite","url":"https:\/\/www.sonnenseite.com\/de\/","logo":{"@type":"ImageObject","inLanguage":"de","@id":"https:\/\/www.sonnenseite.com\/de\/#\/schema\/logo\/image\/","url":"https:\/\/www.sonnenseite.com\/wp-content\/uploads\/2020\/05\/Sonnenseite_Logo.png","contentUrl":"https:\/\/www.sonnenseite.com\/wp-content\/uploads\/2020\/05\/Sonnenseite_Logo.png","width":377,"height":90,"caption":"Sonnenseite"},"image":{"@id":"https:\/\/www.sonnenseite.com\/de\/#\/schema\/logo\/image\/"},"sameAs":["https:\/\/www.facebook.com\/pages\/Franz-Alt-SONNENSEITECOM\/221072987903953?fref=ts","https:\/\/x.com\/franzalt","http:\/\/www.youtube.com\/results?search_query&amp;amp;quot;franz_alt&amp;amp;quot;&amp;amp;amp;amp;search_type&amp;amp;amp;amp;aq=f"]},{"@type":"Person","@id":"https:\/\/www.sonnenseite.com\/de\/#\/schema\/person\/50fda0e926597684c7cc6695238a4eb9","name":"Bigi Alt"}]}},"_links":{"self":[{"href":"https:\/\/www.sonnenseite.com\/de\/wp-json\/wp\/v2\/posts\/75212","targetHints":{"allow":["GET"]}}],"collection":[{"href":"https:\/\/www.sonnenseite.com\/de\/wp-json\/wp\/v2\/posts"}],"about":[{"href":"https:\/\/www.sonnenseite.com\/de\/wp-json\/wp\/v2\/types\/post"}],"author":[{"embeddable":true,"href":"https:\/\/www.sonnenseite.com\/de\/wp-json\/wp\/v2\/users\/3"}],"replies":[{"embeddable":true,"href":"https:\/\/www.sonnenseite.com\/de\/wp-json\/wp\/v2\/comments?post=75212"}],"version-history":[{"count":6,"href":"https:\/\/www.sonnenseite.com\/de\/wp-json\/wp\/v2\/posts\/75212\/revisions"}],"predecessor-version":[{"id":75223,"href":"https:\/\/www.sonnenseite.com\/de\/wp-json\/wp\/v2\/posts\/75212\/revisions\/75223"}],"wp:featuredmedia":[{"embeddable":true,"href":"https:\/\/www.sonnenseite.com\/de\/wp-json\/wp\/v2\/media\/75215"}],"wp:attachment":[{"href":"https:\/\/www.sonnenseite.com\/de\/wp-json\/wp\/v2\/media?parent=75212"}],"wp:term":[{"taxonomy":"category","embeddable":true,"href":"https:\/\/www.sonnenseite.com\/de\/wp-json\/wp\/v2\/categories?post=75212"},{"taxonomy":"post_tag","embeddable":true,"href":"https:\/\/www.sonnenseite.com\/de\/wp-json\/wp\/v2\/tags?post=75212"}],"curies":[{"name":"wp","href":"https:\/\/api.w.org\/{rel}","templated":true}]}}